{"id":270957,"date":"2022-10-17T19:06:46","date_gmt":"2022-10-17T17:06:46","guid":{"rendered":"https:\/\/dicodusport.fr\/blog\/?p=270957&#038;preview=true&#038;preview_id=270957"},"modified":"2023-04-16T14:14:16","modified_gmt":"2023-04-16T12:14:16","slug":"tour-ditalie-2023-ce-quil-faut-retenir-du-parcours-de-la-106eme-edition-du-giro","status":"publish","type":"post","link":"https:\/\/dicodusport.fr\/blog\/tour-ditalie-2023-ce-quil-faut-retenir-du-parcours-de-la-106eme-edition-du-giro\/","title":{"rendered":"Tour d&rsquo;Italie 2023 : Ce qu&rsquo;il faut retenir du parcours de la 106\u00e8me \u00e9dition du Giro"},"content":{"rendered":"<p style=\"text-align: justify;\"><em><strong><a href=\"https:\/\/dicodusport.fr\/blog\/actualites\/cyclisme\/cyclisme-sur-route-2023\/\">CYCLISME SUR ROUTE 2023<\/a> &#8211; Ce lundi, le parcours du Tour d&rsquo;Italie 2023 a \u00e9t\u00e9 pr\u00e9sent\u00e9 au Teatro Lirico Giorgio Gaber \u00e0 Milan. L&rsquo;\u00e9preuve de d\u00e9roulera du 6 au 28 mai. L&rsquo;organisateur a propos\u00e9 un menu cors\u00e9 avec comme d&rsquo;habitude une derni\u00e8re semaine montagneuse avec une arriv\u00e9e au Tre Cime Di Lavaredo notamment, un passage en Suisse romande, mais aussi trois contre-la-montre, une nouvelle \u00e9tape \u00e0 Naples et un final en circuit dans Rome. La distance totale sera de 3 448,6 km pour 51 300 m de d\u00e9nivel\u00e9 positif sur 21 \u00e9tapes.\u00a0<\/strong><\/em><em><strong><span class=\"tojvnm2t a6sixzi8 abs2jz4q a8s20v7p t1p8iaqh k5wvi7nf q3lfd5jv pk4s997a bipmatt0 cebpdrjk qowsmv63 owwhemhu dp1hu0rb dhp61c6y iyyx5f41\"><span class=\"f7rl1if4 adechonz f6oz4yja dahkl6ri axrg9lpx rufpak1n qtovjlwq qbmienfq rfyhaz4c rdmi1yqr ohrdq8us nswx41af fawcizw8 l1aqi3e3 sdu1flz4\"><br \/>\n<\/span><\/span><\/strong><\/em><\/p>\n<p style=\"text-align: justify;\">D&rsquo;abord, la premi\u00e8re \u00e9tape se d\u00e9roulera dans les Abruzzes pour un contre-la-montre inaugural de 18,4 km entre <strong>Fossacesia Marina<\/strong> et <strong>Ortona<\/strong>. Tout au long de l&rsquo;itin\u00e9raire, les concurrents longeront la Mer Adriatique avant de bifurquer \u00e0 gauche pour une arriv\u00e9e en bosse. Le lendemain, les coureurs resteront dans les Abruzzes entre <strong>Teramo<\/strong> et <strong>San Salvo<\/strong> pour une premi\u00e8re explication pour les sprinteurs en allant vers le sud, le long de l&rsquo;Adriatique.<\/p>\n<p style=\"text-align: justify;\">Pour la troisi\u00e8me \u00e9tape, un final accident\u00e9 sera propos\u00e9 avec les ascensions du Valico dei Laghi et du Valico La Croce pour une arriv\u00e9e \u00e0 <strong>Melfi<\/strong>, une petite ville reconnue pour sa muraille et son ch\u00e2teau, apr\u00e8s 210 kilom\u00e8tres. Ensuite, direction le <strong>Lago Laceno<\/strong> avec trois ascensions au programme dont le Colle Mollella et ses 9,6 kilom\u00e8tres, pour des derniers kilom\u00e8tres sur un plateau. Entre <strong>Atripalda<\/strong> et <strong>Salerno<\/strong>, 172 kilom\u00e8tres seront \u00e0 parcourir avec une premi\u00e8re moiti\u00e9 d&rsquo;\u00e9tape vallonn\u00e9e et une seconde bien plus plate pour une arriv\u00e9e massive en Campanie sur les bords de la mer Tyrrh\u00e9nienne.<\/p>\n<h2 style=\"text-align: justify;\">Naples au c\u0153ur du Giro et des chronos \u00e0 gogo<\/h2>\n<p style=\"text-align: justify;\">Puis, la sixi\u00e8me \u00e9tape aura lieu autour de <strong>Naples<\/strong> avec un itin\u00e9raire en trois parties : une premi\u00e8re plate, une deuxi\u00e8me accident\u00e9e avec le Valica di Chiunzi et Capo di Mondo, et une troisi\u00e8me \u00e0 nouveau plate. Par la suite, ce sera le premier grand rendez-vous en haute-montagne pour un retour dans les Abruzzes avec l&rsquo;arriv\u00e9e au <strong>Gran Sasso d&rsquo;Italia<\/strong> au terme d&rsquo;une longue ascension de 26,5 km. L&rsquo;\u00e9tape suivante sera sans doute favorable aux attaquants, en Italie centrale, vers <strong>Fossombrone<\/strong> avec les mont\u00e9es du Monte delle Cesane et le Cappuccini dans la r\u00e9gion des Marches. Le deuxi\u00e8me contre-la-montre partira de <strong>Savignano sul Rubicone<\/strong> pour rejoindre <strong>Cesena<\/strong> sur 33,6 kilom\u00e8tres, en \u00c9milie-Romagne, tout plats avant la premi\u00e8re journ\u00e9e de repos.<\/p>\n<blockquote class=\"twitter-tweet\">\n<p dir=\"ltr\" lang=\"fr\">Le Grand Saint-Bernard sera le toit du <a href=\"https:\/\/twitter.com\/hashtag\/Giro?src=hash&amp;ref_src=twsrc%5Etfw\">#Giro<\/a> lors de la 13e \u00e9tape, avec un encha\u00eenement Croix de Coeur-Crans Montana. Plus de 5200m de D+ attendront les coureurs jusqu&rsquo;au Monte Bondone sur la 16e \u00e9tape. L&rsquo;\u00e9tape 19 proposera 5 cols dont les Tre Cime di Lavaredo, pour 5400m de D+. <a href=\"https:\/\/t.co\/hRvWBjkCxO\">pic.twitter.com\/hRvWBjkCxO<\/a><\/p>\n<p>\u2014 Le Gruppetto (@LeGruppetto) <a href=\"https:\/\/twitter.com\/LeGruppetto\/status\/1582049920323792902?ref_src=twsrc%5Etfw\">October 17, 2022<\/a><\/p><\/blockquote>\n<p><script async src=\"https:\/\/platform.twitter.com\/widgets.js\" charset=\"utf-8\"><\/script><\/p>\n<p style=\"text-align: justify;\">Deux \u00e9tapes devraient ensuite sourire aux sprinteurs vers <strong>Viareggio<\/strong> et vers <strong>Tortona<\/strong> avant une journ\u00e9e pour les baroudeurs \u00e0\u00a0<strong>Rivoli<\/strong>, avec une boucle finale proposant le Colle Braida. La treizi\u00e8me \u00e9tape sera la premi\u00e8re grande \u00e9tape alpestre entre <strong>Borgofranco d&rsquo;Ivrea<\/strong> et la station suisse de <strong>Cran Montana<\/strong> avec trois cols \u00e0 gravir : les 34 km de la Cima Coppi, le Col du Grand Saint-Bernard (culminant \u00e0 2 469 m\u00e8tres d&rsquo;altitude), la Croix de C\u0153ur et l&rsquo;ascension finale de 13,1 km.<\/p>\n<p style=\"text-align: justify;\">Les coureurs quitteront la Suisse en partant de <strong>Sierre<\/strong> afin d&rsquo;atteindre <strong>Cassano Magnano<\/strong> avec le Simplopass en d\u00e9but d&rsquo;\u00e9tape, avant une derni\u00e8re partie de course plus plate. Avant la seconde journ\u00e9e de repos, la quinzi\u00e8me \u00e9tape aura un petit go\u00fbt du Tour de Lombardie en allant vers <strong>Bergame<\/strong> avec les mont\u00e9es du Valico di Valcana, du Selvino et de Valpiana.<\/p>\n<h2 style=\"text-align: justify;\">Une derni\u00e8re semaine montagneuse<\/h2>\n<p style=\"text-align: justify;\">La seizi\u00e8me \u00e9tape sera tr\u00e8s montagneuse avec cinq cols \u00e0 grimper avec pr\u00e8s de 5200 m\u00e8tres de d\u00e9nivel\u00e9 sur 198 km : le Passo Di Santa Barbara, Passo Bordala, Matassone, Sarrada et l&rsquo;ascension finale de 21,4 km du <strong>Monte<\/strong> <strong>Bondone<\/strong>. Apr\u00e8s une \u00e9tape de plaine vers <strong>Caorle<\/strong>, ce sera une nouvelle explication montagneuse sur 160 km entre <strong>Oderzo<\/strong> et <strong>Val Di Zoldo<\/strong> avec les ascensions du Passo della Crosetta, Pieve d&rsquo;Alpago, la Forcella Cibiana et le Passo Coi, pour un d\u00e9nivel\u00e9 positif de 3 700 m\u00e8tres.<\/p>\n<p style=\"text-align: justify;\">Par la suite, ce sera l&rsquo;\u00e9tape reine \u00e0 travers les Dolomites avec au menu 5 400 m\u00e8tres de d\u00e9nivel\u00e9 sur 182 km avec le Passo Campolongo, le Passo Valparola, le Passo Giau, le Passo Tre Croci et la mont\u00e9e finale en direction de <strong>Tre Cime Di Lavaredo<\/strong> \u00e0 2 304 m\u00e8tres d&rsquo;altitude. La veille de la grande arriv\u00e9e, le <strong>Monte Lussari<\/strong> (7,5 km \u00e0 12 % avec un passage \u00e0 22 % sur le haut) accueillera un troisi\u00e8me et dernier contre-la-montre de 18,6 km, avec une arriv\u00e9e au sommet. Enfin, apr\u00e8s un long transfert en avion depuis le Nord-Est de l&rsquo;Italie, la derni\u00e8re \u00e9tape consistera \u00e0 effectuer 10 tours de circuit de 11,5 kilom\u00e8tres au sein de la capitale italienne : <strong>Rome.\u00a0<\/strong>Le Tour d&rsquo;Italie retrouvera la cit\u00e9 romaine cinq ans apr\u00e8s l&rsquo;\u00e9tape des nids de poule. La ligne d&rsquo;arriv\u00e9e se situera devant les Forums Imp\u00e9riaux.<\/p>\n<blockquote class=\"twitter-tweet\">\n<p dir=\"ltr\" lang=\"it\">&#x1f440; Discover now the Route of the 2023 Giro d&rsquo;Italia!<\/p>\n<p>&#x1f440;Scopri adesso il percorso del Giro d&rsquo;Italia 2023!<\/p>\n<p><a href=\"https:\/\/twitter.com\/hashtag\/Giro?src=hash&amp;ref_src=twsrc%5Etfw\">#Giro<\/a> &#x1f447; <a href=\"https:\/\/t.co\/waE4hqJZTr\">pic.twitter.com\/waE4hqJZTr<\/a><\/p>\n<p>\u2014 Giro d&rsquo;Italia (@giroditalia) <a href=\"https:\/\/twitter.com\/giroditalia\/status\/1582043854781284355?ref_src=twsrc%5Etfw\">October 17, 2022<\/a><\/p><\/blockquote>\n<p><script async src=\"https:\/\/platform.twitter.com\/widgets.js\" charset=\"utf-8\"><\/script><\/p>\n<p>&nbsp;<\/p>\n","protected":false},"excerpt":{"rendered":"<p>CYCLISME SUR ROUTE 2023 &#8211; Ce lundi, le parcours du Tour d&rsquo;Italie 2023 a \u00e9t\u00e9 pr\u00e9sent\u00e9 au Teatro Lirico Giorgio Gaber \u00e0 Milan. L&rsquo;\u00e9preuve de d\u00e9roulera du 6 au 28 mai. L&rsquo;organisateur a propos\u00e9 un menu cors\u00e9 avec comme d&rsquo;habitude une derni\u00e8re semaine montagneuse avec une arriv\u00e9e au Tre Cime Di Lavaredo notamment, un passage en Suisse romande, mais aussi trois contre-la-montre, une nouvelle \u00e9tape \u00e0 Naples et un final en circuit dans Rome.<\/p>\n","protected":false},"author":48,"featured_media":270985,"comment_status":"open","ping_status":"closed","sticky":false,"template":"","format":"standard","meta":{"_acf_changed":false,"_daextam_enable_autolinks":"","footnotes":""},"categories":[46994,47041],"tags":[574,4722],"class_list":["post-270957","post","type-post","status-publish","format-standard","has-post-thumbnail","hentry","category-cyclisme-sur-route","category-tour-d-italie","tag-cyclisme","tag-tour-ditalie"],"acf":[],"yoast_head":"<!-- This site is optimized with the Yoast SEO Premium plugin v26.7 (Yoast SEO v26.7) - https:\/\/yoast.com\/wordpress\/plugins\/seo\/ -->\n<title>Tour d&#039;Italie 2023 : Ce qu&#039;il faut retenir du parcours de la 106\u00e8me \u00e9dition du Giro<\/title>\n<meta name=\"description\" content=\"CYCLISME SUR ROUTE 2023 - Ce lundi, le parcours du Tour d&#039;Italie 2023 a \u00e9t\u00e9 pr\u00e9sent\u00e9 au Teatro Lirico Giorgio Gaber \u00e0 Milan.\" \/>\n<meta name=\"robots\" content=\"index, follow, max-snippet:-1, max-image-preview:large, max-video-preview:-1\" \/>\n<link rel=\"canonical\" href=\"https:\/\/dicodusport.fr\/blog\/tour-ditalie-2023-ce-quil-faut-retenir-du-parcours-de-la-106eme-edition-du-giro\/\" \/>\n<meta property=\"og:locale\" content=\"fr_FR\" \/>\n<meta property=\"og:type\" content=\"article\" \/>\n<meta property=\"og:title\" content=\"Tour d&#039;Italie 2023 : Ce qu&#039;il faut retenir du parcours de la 106\u00e8me \u00e9dition du Giro\" \/>\n<meta property=\"og:description\" content=\"CYCLISME SUR ROUTE 2023 - Ce lundi, le parcours du Tour d&#039;Italie 2023 a \u00e9t\u00e9 pr\u00e9sent\u00e9 au Teatro Lirico Giorgio Gaber \u00e0 Milan.\" \/>\n<meta property=\"og:url\" content=\"https:\/\/dicodusport.fr\/blog\/tour-ditalie-2023-ce-quil-faut-retenir-du-parcours-de-la-106eme-edition-du-giro\/\" \/>\n<meta property=\"og:site_name\" content=\"Dicodusport\" \/>\n<meta property=\"article:publisher\" content=\"https:\/\/www.facebook.com\/dicodusport\" \/>\n<meta property=\"article:author\" content=\"https:\/\/www.facebook.com\/groups\/LesRoisDuPeloton\" \/>\n<meta property=\"article:published_time\" content=\"2022-10-17T17:06:46+00:00\" \/>\n<meta property=\"article:modified_time\" content=\"2023-04-16T12:14:16+00:00\" \/>\n<meta property=\"og:image\" content=\"https:\/\/dicodusport.fr\/blog\/wp-content\/uploads\/2022\/10\/Tour-dItalie-2023-Ce-quil-faut-retenir-du-parcours-de-la-106eme-edition-du-Giro.png\" \/>\n\t<meta property=\"og:image:width\" content=\"800\" \/>\n\t<meta property=\"og:image:height\" content=\"445\" \/>\n\t<meta property=\"og:image:type\" content=\"image\/png\" \/>\n<meta name=\"author\" content=\"Emilien Descampiaux\" \/>\n<meta name=\"twitter:card\" content=\"summary_large_image\" \/>\n<meta name=\"twitter:title\" content=\"Tour d&#039;Italie 2023 : Ce qu&#039;il faut retenir du parcours de la 106\u00e8me \u00e9dition du Giro\" \/>\n<meta name=\"twitter:creator\" content=\"@https:\/\/twitter.com\/LRoisDuPeloton\" \/>\n<meta name=\"twitter:site\" content=\"@dicodusport\" \/>\n<script type=\"application\/ld+json\" class=\"yoast-schema-graph\">{\"@context\":\"https:\/\/schema.org\",\"@graph\":[{\"@type\":\"NewsArticle\",\"@id\":\"https:\/\/dicodusport.fr\/blog\/tour-ditalie-2023-ce-quil-faut-retenir-du-parcours-de-la-106eme-edition-du-giro\/#article\",\"isPartOf\":{\"@id\":\"https:\/\/dicodusport.fr\/blog\/tour-ditalie-2023-ce-quil-faut-retenir-du-parcours-de-la-106eme-edition-du-giro\/\"},\"author\":{\"name\":\"Emilien Descampiaux\",\"@id\":\"https:\/\/dicodusport.fr\/blog\/#\/schema\/person\/6db4bae06b171592211be385b32876a7\"},\"headline\":\"Tour d&rsquo;Italie 2023 : Ce qu&rsquo;il faut retenir du parcours de la 106\u00e8me \u00e9dition du Giro\",\"datePublished\":\"2022-10-17T17:06:46+00:00\",\"dateModified\":\"2023-04-16T12:14:16+00:00\",\"mainEntityOfPage\":{\"@id\":\"https:\/\/dicodusport.fr\/blog\/tour-ditalie-2023-ce-quil-faut-retenir-du-parcours-de-la-106eme-edition-du-giro\/\"},\"wordCount\":914,\"commentCount\":0,\"publisher\":{\"@id\":\"https:\/\/dicodusport.fr\/blog\/#organization\"},\"image\":{\"@id\":\"https:\/\/dicodusport.fr\/blog\/tour-ditalie-2023-ce-quil-faut-retenir-du-parcours-de-la-106eme-edition-du-giro\/#primaryimage\"},\"thumbnailUrl\":\"https:\/\/dicodusport.fr\/blog\/wp-content\/uploads\/2022\/10\/Tour-dItalie-2023-Ce-quil-faut-retenir-du-parcours-de-la-106eme-edition-du-Giro.png\",\"keywords\":[\"Cyclisme\",\"Tour d'Italie\"],\"articleSection\":[\"Cyclisme sur route\",\"Tour d'Italie\"],\"inLanguage\":\"fr-FR\",\"potentialAction\":[{\"@type\":\"CommentAction\",\"name\":\"Comment\",\"target\":[\"https:\/\/dicodusport.fr\/blog\/tour-ditalie-2023-ce-quil-faut-retenir-du-parcours-de-la-106eme-edition-du-giro\/#respond\"]}],\"copyrightYear\":\"2022\",\"copyrightHolder\":{\"@id\":\"https:\/\/dicodusport.fr\/blog\/#organization\"}},{\"@type\":\"WebPage\",\"@id\":\"https:\/\/dicodusport.fr\/blog\/tour-ditalie-2023-ce-quil-faut-retenir-du-parcours-de-la-106eme-edition-du-giro\/\",\"url\":\"https:\/\/dicodusport.fr\/blog\/tour-ditalie-2023-ce-quil-faut-retenir-du-parcours-de-la-106eme-edition-du-giro\/\",\"name\":\"Tour d'Italie 2023 : Ce qu'il faut retenir du parcours de la 106\u00e8me \u00e9dition du Giro\",\"isPartOf\":{\"@id\":\"https:\/\/dicodusport.fr\/blog\/#website\"},\"primaryImageOfPage\":{\"@id\":\"https:\/\/dicodusport.fr\/blog\/tour-ditalie-2023-ce-quil-faut-retenir-du-parcours-de-la-106eme-edition-du-giro\/#primaryimage\"},\"image\":{\"@id\":\"https:\/\/dicodusport.fr\/blog\/tour-ditalie-2023-ce-quil-faut-retenir-du-parcours-de-la-106eme-edition-du-giro\/#primaryimage\"},\"thumbnailUrl\":\"https:\/\/dicodusport.fr\/blog\/wp-content\/uploads\/2022\/10\/Tour-dItalie-2023-Ce-quil-faut-retenir-du-parcours-de-la-106eme-edition-du-Giro.png\",\"datePublished\":\"2022-10-17T17:06:46+00:00\",\"dateModified\":\"2023-04-16T12:14:16+00:00\",\"description\":\"CYCLISME SUR ROUTE 2023 - Ce lundi, le parcours du Tour d'Italie 2023 a \u00e9t\u00e9 pr\u00e9sent\u00e9 au Teatro Lirico Giorgio Gaber \u00e0 Milan.\",\"breadcrumb\":{\"@id\":\"https:\/\/dicodusport.fr\/blog\/tour-ditalie-2023-ce-quil-faut-retenir-du-parcours-de-la-106eme-edition-du-giro\/#breadcrumb\"},\"inLanguage\":\"fr-FR\",\"potentialAction\":[{\"@type\":\"ReadAction\",\"target\":[\"https:\/\/dicodusport.fr\/blog\/tour-ditalie-2023-ce-quil-faut-retenir-du-parcours-de-la-106eme-edition-du-giro\/\"]}]},{\"@type\":\"ImageObject\",\"inLanguage\":\"fr-FR\",\"@id\":\"https:\/\/dicodusport.fr\/blog\/tour-ditalie-2023-ce-quil-faut-retenir-du-parcours-de-la-106eme-edition-du-giro\/#primaryimage\",\"url\":\"https:\/\/dicodusport.fr\/blog\/wp-content\/uploads\/2022\/10\/Tour-dItalie-2023-Ce-quil-faut-retenir-du-parcours-de-la-106eme-edition-du-Giro.png\",\"contentUrl\":\"https:\/\/dicodusport.fr\/blog\/wp-content\/uploads\/2022\/10\/Tour-dItalie-2023-Ce-quil-faut-retenir-du-parcours-de-la-106eme-edition-du-Giro.png\",\"width\":800,\"height\":445,\"caption\":\"Tour d'Italie 2023 Ce qu'il faut retenir du parcours de la 106\u00e8me \u00e9dition du Giro\"},{\"@type\":\"BreadcrumbList\",\"@id\":\"https:\/\/dicodusport.fr\/blog\/tour-ditalie-2023-ce-quil-faut-retenir-du-parcours-de-la-106eme-edition-du-giro\/#breadcrumb\",\"itemListElement\":[{\"@type\":\"ListItem\",\"position\":1,\"name\":\"Accueil\",\"item\":\"https:\/\/dicodusport.fr\/blog\/\"},{\"@type\":\"ListItem\",\"position\":2,\"name\":\"Tour d&rsquo;Italie 2023 : Ce qu&rsquo;il faut retenir du parcours de la 106\u00e8me \u00e9dition du Giro\"}]},{\"@type\":\"WebSite\",\"@id\":\"https:\/\/dicodusport.fr\/blog\/#website\",\"url\":\"https:\/\/dicodusport.fr\/blog\/\",\"name\":\"Dicodusport\",\"description\":\"L&#039;encyclop\u00e9die de l&#039;actualit\u00e9 sportive\",\"publisher\":{\"@id\":\"https:\/\/dicodusport.fr\/blog\/#organization\"},\"potentialAction\":[{\"@type\":\"SearchAction\",\"target\":{\"@type\":\"EntryPoint\",\"urlTemplate\":\"https:\/\/dicodusport.fr\/blog\/?s={search_term_string}\"},\"query-input\":{\"@type\":\"PropertyValueSpecification\",\"valueRequired\":true,\"valueName\":\"search_term_string\"}}],\"inLanguage\":\"fr-FR\"},{\"@type\":\"NewsMediaOrganization\",\"@id\":\"https:\/\/dicodusport.fr\/blog\/#organization\",\"name\":\"Dicodusport\",\"url\":\"https:\/\/dicodusport.fr\/blog\/\",\"logo\":{\"@type\":\"ImageObject\",\"inLanguage\":\"fr-FR\",\"@id\":\"https:\/\/dicodusport.fr\/blog\/#\/schema\/logo\/image\/\",\"url\":\"https:\/\/dicodusport.fr\/blog\/wp-content\/uploads\/2020\/06\/cropped-LOGO-DICODUSPORT-2020-SANS-FOND-SANS-TEXTE.png\",\"contentUrl\":\"https:\/\/dicodusport.fr\/blog\/wp-content\/uploads\/2020\/06\/cropped-LOGO-DICODUSPORT-2020-SANS-FOND-SANS-TEXTE.png\",\"width\":512,\"height\":512,\"caption\":\"Dicodusport\"},\"image\":{\"@id\":\"https:\/\/dicodusport.fr\/blog\/#\/schema\/logo\/image\/\"},\"sameAs\":[\"https:\/\/www.facebook.com\/dicodusport\",\"https:\/\/x.com\/dicodusport\",\"https:\/\/www.instagram.com\/dicodusport\/\",\"https:\/\/www.youtube.com\/channel\/UC7V2KZ5sd3htJivAbA4ZG3w\"],\"description\":\"Dicodusport est l'encyclop\u00e9die de l'actualit\u00e9 sportive.\",\"email\":\"bonjour@dicodusport.fr\",\"legalName\":\"DICODUSPORT\",\"foundingDate\":\"2018-01-14\",\"vatID\":\"FR71834470973\",\"taxID\":\"83447097300043\",\"numberOfEmployees\":{\"@type\":\"QuantitativeValue\",\"minValue\":\"1\",\"maxValue\":\"10\"}},{\"@type\":\"Person\",\"@id\":\"https:\/\/dicodusport.fr\/blog\/#\/schema\/person\/6db4bae06b171592211be385b32876a7\",\"name\":\"Emilien Descampiaux\",\"image\":{\"@type\":\"ImageObject\",\"inLanguage\":\"fr-FR\",\"@id\":\"https:\/\/dicodusport.fr\/blog\/#\/schema\/person\/image\/\",\"url\":\"https:\/\/dicodusport.fr\/blog\/wp-content\/uploads\/2021\/05\/Emilien-Descampiaux-150x150.jpg\",\"contentUrl\":\"https:\/\/dicodusport.fr\/blog\/wp-content\/uploads\/2021\/05\/Emilien-Descampiaux-150x150.jpg\",\"caption\":\"Emilien Descampiaux\"},\"description\":\"Journaliste\/r\u00e9dacteur depuis 2014 - Fan de la classe de Frank Vandenbroucke, je vis cyclisme (et de ses paysages) depuis plus de 20 ans. Je suis tr\u00e8s impliqu\u00e9 sur mes diff\u00e9rents r\u00e9seaux sociaux pour partager ma passion sur le monde et l'Histoire de la bicyclette avec ma voix sur les images en noir et blanc du succ\u00e8s de Rik Van Steenbergen lors du Ronde sur le V\u00e9lodrome de Gand.\",\"sameAs\":[\"https:\/\/www.facebook.com\/groups\/LesRoisDuPeloton\",\"https:\/\/x.com\/https:\/\/twitter.com\/LRoisDuPeloton\"],\"url\":\"https:\/\/dicodusport.fr\/blog\/author\/emiliend\/\"}]}<\/script>\n<!-- \/ Yoast SEO Premium plugin. -->","yoast_head_json":{"title":"Tour d'Italie 2023 : Ce qu'il faut retenir du parcours de la 106\u00e8me \u00e9dition du Giro","description":"CYCLISME SUR ROUTE 2023 - Ce lundi, le parcours du Tour d'Italie 2023 a \u00e9t\u00e9 pr\u00e9sent\u00e9 au Teatro Lirico Giorgio Gaber \u00e0 Milan.","robots":{"index":"index","follow":"follow","max-snippet":"max-snippet:-1","max-image-preview":"max-image-preview:large","max-video-preview":"max-video-preview:-1"},"canonical":"https:\/\/dicodusport.fr\/blog\/tour-ditalie-2023-ce-quil-faut-retenir-du-parcours-de-la-106eme-edition-du-giro\/","og_locale":"fr_FR","og_type":"article","og_title":"Tour d'Italie 2023 : Ce qu'il faut retenir du parcours de la 106\u00e8me \u00e9dition du Giro","og_description":"CYCLISME SUR ROUTE 2023 - Ce lundi, le parcours du Tour d'Italie 2023 a \u00e9t\u00e9 pr\u00e9sent\u00e9 au Teatro Lirico Giorgio Gaber \u00e0 Milan.","og_url":"https:\/\/dicodusport.fr\/blog\/tour-ditalie-2023-ce-quil-faut-retenir-du-parcours-de-la-106eme-edition-du-giro\/","og_site_name":"Dicodusport","article_publisher":"https:\/\/www.facebook.com\/dicodusport","article_author":"https:\/\/www.facebook.com\/groups\/LesRoisDuPeloton","article_published_time":"2022-10-17T17:06:46+00:00","article_modified_time":"2023-04-16T12:14:16+00:00","og_image":[{"width":800,"height":445,"url":"https:\/\/dicodusport.fr\/blog\/wp-content\/uploads\/2022\/10\/Tour-dItalie-2023-Ce-quil-faut-retenir-du-parcours-de-la-106eme-edition-du-Giro.png","type":"image\/png"}],"author":"Emilien Descampiaux","twitter_card":"summary_large_image","twitter_title":"Tour d'Italie 2023 : Ce qu'il faut retenir du parcours de la 106\u00e8me \u00e9dition du Giro","twitter_creator":"@https:\/\/twitter.com\/LRoisDuPeloton","twitter_site":"@dicodusport","schema":{"@context":"https:\/\/schema.org","@graph":[{"@type":"NewsArticle","@id":"https:\/\/dicodusport.fr\/blog\/tour-ditalie-2023-ce-quil-faut-retenir-du-parcours-de-la-106eme-edition-du-giro\/#article","isPartOf":{"@id":"https:\/\/dicodusport.fr\/blog\/tour-ditalie-2023-ce-quil-faut-retenir-du-parcours-de-la-106eme-edition-du-giro\/"},"author":{"name":"Emilien Descampiaux","@id":"https:\/\/dicodusport.fr\/blog\/#\/schema\/person\/6db4bae06b171592211be385b32876a7"},"headline":"Tour d&rsquo;Italie 2023 : Ce qu&rsquo;il faut retenir du parcours de la 106\u00e8me \u00e9dition du Giro","datePublished":"2022-10-17T17:06:46+00:00","dateModified":"2023-04-16T12:14:16+00:00","mainEntityOfPage":{"@id":"https:\/\/dicodusport.fr\/blog\/tour-ditalie-2023-ce-quil-faut-retenir-du-parcours-de-la-106eme-edition-du-giro\/"},"wordCount":914,"commentCount":0,"publisher":{"@id":"https:\/\/dicodusport.fr\/blog\/#organization"},"image":{"@id":"https:\/\/dicodusport.fr\/blog\/tour-ditalie-2023-ce-quil-faut-retenir-du-parcours-de-la-106eme-edition-du-giro\/#primaryimage"},"thumbnailUrl":"https:\/\/dicodusport.fr\/blog\/wp-content\/uploads\/2022\/10\/Tour-dItalie-2023-Ce-quil-faut-retenir-du-parcours-de-la-106eme-edition-du-Giro.png","keywords":["Cyclisme","Tour d'Italie"],"articleSection":["Cyclisme sur route","Tour d'Italie"],"inLanguage":"fr-FR","potentialAction":[{"@type":"CommentAction","name":"Comment","target":["https:\/\/dicodusport.fr\/blog\/tour-ditalie-2023-ce-quil-faut-retenir-du-parcours-de-la-106eme-edition-du-giro\/#respond"]}],"copyrightYear":"2022","copyrightHolder":{"@id":"https:\/\/dicodusport.fr\/blog\/#organization"}},{"@type":"WebPage","@id":"https:\/\/dicodusport.fr\/blog\/tour-ditalie-2023-ce-quil-faut-retenir-du-parcours-de-la-106eme-edition-du-giro\/","url":"https:\/\/dicodusport.fr\/blog\/tour-ditalie-2023-ce-quil-faut-retenir-du-parcours-de-la-106eme-edition-du-giro\/","name":"Tour d'Italie 2023 : Ce qu'il faut retenir du parcours de la 106\u00e8me \u00e9dition du Giro","isPartOf":{"@id":"https:\/\/dicodusport.fr\/blog\/#website"},"primaryImageOfPage":{"@id":"https:\/\/dicodusport.fr\/blog\/tour-ditalie-2023-ce-quil-faut-retenir-du-parcours-de-la-106eme-edition-du-giro\/#primaryimage"},"image":{"@id":"https:\/\/dicodusport.fr\/blog\/tour-ditalie-2023-ce-quil-faut-retenir-du-parcours-de-la-106eme-edition-du-giro\/#primaryimage"},"thumbnailUrl":"https:\/\/dicodusport.fr\/blog\/wp-content\/uploads\/2022\/10\/Tour-dItalie-2023-Ce-quil-faut-retenir-du-parcours-de-la-106eme-edition-du-Giro.png","datePublished":"2022-10-17T17:06:46+00:00","dateModified":"2023-04-16T12:14:16+00:00","description":"CYCLISME SUR ROUTE 2023 - Ce lundi, le parcours du Tour d'Italie 2023 a \u00e9t\u00e9 pr\u00e9sent\u00e9 au Teatro Lirico Giorgio Gaber \u00e0 Milan.","breadcrumb":{"@id":"https:\/\/dicodusport.fr\/blog\/tour-ditalie-2023-ce-quil-faut-retenir-du-parcours-de-la-106eme-edition-du-giro\/#breadcrumb"},"inLanguage":"fr-FR","potentialAction":[{"@type":"ReadAction","target":["https:\/\/dicodusport.fr\/blog\/tour-ditalie-2023-ce-quil-faut-retenir-du-parcours-de-la-106eme-edition-du-giro\/"]}]},{"@type":"ImageObject","inLanguage":"fr-FR","@id":"https:\/\/dicodusport.fr\/blog\/tour-ditalie-2023-ce-quil-faut-retenir-du-parcours-de-la-106eme-edition-du-giro\/#primaryimage","url":"https:\/\/dicodusport.fr\/blog\/wp-content\/uploads\/2022\/10\/Tour-dItalie-2023-Ce-quil-faut-retenir-du-parcours-de-la-106eme-edition-du-Giro.png","contentUrl":"https:\/\/dicodusport.fr\/blog\/wp-content\/uploads\/2022\/10\/Tour-dItalie-2023-Ce-quil-faut-retenir-du-parcours-de-la-106eme-edition-du-Giro.png","width":800,"height":445,"caption":"Tour d'Italie 2023 Ce qu'il faut retenir du parcours de la 106\u00e8me \u00e9dition du Giro"},{"@type":"BreadcrumbList","@id":"https:\/\/dicodusport.fr\/blog\/tour-ditalie-2023-ce-quil-faut-retenir-du-parcours-de-la-106eme-edition-du-giro\/#breadcrumb","itemListElement":[{"@type":"ListItem","position":1,"name":"Accueil","item":"https:\/\/dicodusport.fr\/blog\/"},{"@type":"ListItem","position":2,"name":"Tour d&rsquo;Italie 2023 : Ce qu&rsquo;il faut retenir du parcours de la 106\u00e8me \u00e9dition du Giro"}]},{"@type":"WebSite","@id":"https:\/\/dicodusport.fr\/blog\/#website","url":"https:\/\/dicodusport.fr\/blog\/","name":"Dicodusport","description":"L&#039;encyclop\u00e9die de l&#039;actualit\u00e9 sportive","publisher":{"@id":"https:\/\/dicodusport.fr\/blog\/#organization"},"potentialAction":[{"@type":"SearchAction","target":{"@type":"EntryPoint","urlTemplate":"https:\/\/dicodusport.fr\/blog\/?s={search_term_string}"},"query-input":{"@type":"PropertyValueSpecification","valueRequired":true,"valueName":"search_term_string"}}],"inLanguage":"fr-FR"},{"@type":"NewsMediaOrganization","@id":"https:\/\/dicodusport.fr\/blog\/#organization","name":"Dicodusport","url":"https:\/\/dicodusport.fr\/blog\/","logo":{"@type":"ImageObject","inLanguage":"fr-FR","@id":"https:\/\/dicodusport.fr\/blog\/#\/schema\/logo\/image\/","url":"https:\/\/dicodusport.fr\/blog\/wp-content\/uploads\/2020\/06\/cropped-LOGO-DICODUSPORT-2020-SANS-FOND-SANS-TEXTE.png","contentUrl":"https:\/\/dicodusport.fr\/blog\/wp-content\/uploads\/2020\/06\/cropped-LOGO-DICODUSPORT-2020-SANS-FOND-SANS-TEXTE.png","width":512,"height":512,"caption":"Dicodusport"},"image":{"@id":"https:\/\/dicodusport.fr\/blog\/#\/schema\/logo\/image\/"},"sameAs":["https:\/\/www.facebook.com\/dicodusport","https:\/\/x.com\/dicodusport","https:\/\/www.instagram.com\/dicodusport\/","https:\/\/www.youtube.com\/channel\/UC7V2KZ5sd3htJivAbA4ZG3w"],"description":"Dicodusport est l'encyclop\u00e9die de l'actualit\u00e9 sportive.","email":"bonjour@dicodusport.fr","legalName":"DICODUSPORT","foundingDate":"2018-01-14","vatID":"FR71834470973","taxID":"83447097300043","numberOfEmployees":{"@type":"QuantitativeValue","minValue":"1","maxValue":"10"}},{"@type":"Person","@id":"https:\/\/dicodusport.fr\/blog\/#\/schema\/person\/6db4bae06b171592211be385b32876a7","name":"Emilien Descampiaux","image":{"@type":"ImageObject","inLanguage":"fr-FR","@id":"https:\/\/dicodusport.fr\/blog\/#\/schema\/person\/image\/","url":"https:\/\/dicodusport.fr\/blog\/wp-content\/uploads\/2021\/05\/Emilien-Descampiaux-150x150.jpg","contentUrl":"https:\/\/dicodusport.fr\/blog\/wp-content\/uploads\/2021\/05\/Emilien-Descampiaux-150x150.jpg","caption":"Emilien Descampiaux"},"description":"Journaliste\/r\u00e9dacteur depuis 2014 - Fan de la classe de Frank Vandenbroucke, je vis cyclisme (et de ses paysages) depuis plus de 20 ans. Je suis tr\u00e8s impliqu\u00e9 sur mes diff\u00e9rents r\u00e9seaux sociaux pour partager ma passion sur le monde et l'Histoire de la bicyclette avec ma voix sur les images en noir et blanc du succ\u00e8s de Rik Van Steenbergen lors du Ronde sur le V\u00e9lodrome de Gand.","sameAs":["https:\/\/www.facebook.com\/groups\/LesRoisDuPeloton","https:\/\/x.com\/https:\/\/twitter.com\/LRoisDuPeloton"],"url":"https:\/\/dicodusport.fr\/blog\/author\/emiliend\/"}]}},"_links":{"self":[{"href":"https:\/\/dicodusport.fr\/blog\/wp-json\/wp\/v2\/posts\/270957","targetHints":{"allow":["GET"]}}],"collection":[{"href":"https:\/\/dicodusport.fr\/blog\/wp-json\/wp\/v2\/posts"}],"about":[{"href":"https:\/\/dicodusport.fr\/blog\/wp-json\/wp\/v2\/types\/post"}],"author":[{"embeddable":true,"href":"https:\/\/dicodusport.fr\/blog\/wp-json\/wp\/v2\/users\/48"}],"replies":[{"embeddable":true,"href":"https:\/\/dicodusport.fr\/blog\/wp-json\/wp\/v2\/comments?post=270957"}],"version-history":[{"count":0,"href":"https:\/\/dicodusport.fr\/blog\/wp-json\/wp\/v2\/posts\/270957\/revisions"}],"wp:featuredmedia":[{"embeddable":true,"href":"https:\/\/dicodusport.fr\/blog\/wp-json\/wp\/v2\/media\/270985"}],"wp:attachment":[{"href":"https:\/\/dicodusport.fr\/blog\/wp-json\/wp\/v2\/media?parent=270957"}],"wp:term":[{"taxonomy":"category","embeddable":true,"href":"https:\/\/dicodusport.fr\/blog\/wp-json\/wp\/v2\/categories?post=270957"},{"taxonomy":"post_tag","embeddable":true,"href":"https:\/\/dicodusport.fr\/blog\/wp-json\/wp\/v2\/tags?post=270957"}],"curies":[{"name":"wp","href":"https:\/\/api.w.org\/{rel}","templated":true}]}}