{"id":271251,"date":"2022-10-18T17:36:13","date_gmt":"2022-10-18T15:36:13","guid":{"rendered":"https:\/\/dicodusport.fr\/blog\/?p=271251&#038;preview=true&#038;preview_id=271251"},"modified":"2022-10-18T18:26:09","modified_gmt":"2022-10-18T16:26:09","slug":"equipe-de-france-hockey-sur-glace-un-groupe-rajeuni-pour-le-tournoi-des-6-nations","status":"publish","type":"post","link":"https:\/\/dicodusport.fr\/blog\/equipe-de-france-hockey-sur-glace-un-groupe-rajeuni-pour-le-tournoi-des-6-nations\/","title":{"rendered":"\u00c9quipe de France Hockey sur glace\u00a0: Un groupe rajeuni pour le Tournoi des 6 Nations"},"content":{"rendered":"<p align=\"justify\"><em><b>HOCKEY SUR GLACE \u2013 Du 8 au 14 novembre prochain, l\u2019\u00e9quipe de France masculine va se r\u00e9unir \u00e0 Budapest dans le cadre du Tournoi des 6 Nations. Pour l\u2019occasion, Philippe Bozon a d\u00e9cid\u00e9 de faire la part belle \u00e0 la jeunesse.<\/b><\/em><\/p>\n<p align=\"justify\">La route vers les <b>Championnats du monde 2023<\/b> d\u00e9bute d\u00e8s le mois de novembre pour l\u2019<b>\u00e9quipe de France<\/b>. A l\u2019occasion du <b>Tournoi des 6 Nations<\/b> \u00e0 <b>Budapest<\/b>, <b>Philippe Bozon<\/b> va proc\u00e9der \u00e0 une belle revue d\u2019effectif.<\/p>\n<blockquote class=\"twitter-tweet\"><p>L&rsquo;\u00e9quipe de France sera \u00e0 Budapest du 8 au 14 novembre pour disputer un Tournoi 6 Nations et notamment affronter le Japon et la Hongrie &#x2694;&#xfe0f;<\/p>\n<p>D\u00e9couvrez les joueurs retenus par Philippe Bozon pour ce rassemblement &#x2935;&#xfe0f; <a href=\"https:\/\/t.co\/DJD4YutZ2j\">pic.twitter.com\/DJD4YutZ2j<\/a><\/p>\n<p>\u2014 \u00c9quipes de France Hockey (@Hockey_FRA) <a href=\"https:\/\/twitter.com\/Hockey_FRA\/status\/1582363642787688448?ref_src=twsrc%5Etfw\">October 18, 2022<\/a><\/p><\/blockquote>\n<p><script async src=\"https:\/\/platform.twitter.com\/widgets.js\" charset=\"utf-8\"><\/script><\/p>\n<h2 align=\"justify\">Aucun joueur n\u00e9 avant 1994<\/h2>\n<p align=\"justify\">En effet, ce mardi, la F\u00e9d\u00e9ration a annonc\u00e9 une liste de 23 joueurs qui feront le d\u00e9placement en Hongrie afin de disputer trois rencontres face au pays h\u00f4te, le Japon, et un dernier adversaire \u00e0 d\u00e9terminer. Du haut de leurs 27 ans, <b>Fabien Bourgeois<\/b>, <b>Maurin Bouvet<\/b> et <b>C\u00e9dric Di Dio Balsamo<\/b> feront figure de v\u00e9t\u00e9rans. La plupart des cadres sont ainsi laiss\u00e9s au repos, de Damien Fleury et Sacha Treille en passant par Anthony Rech et Alexandre Texier, sans oublier Tim Bozon.<\/p>\n<p align=\"justify\">Seuls quelques joueurs indiscutables seront pr\u00e9sents au rendez-vous, \u00e0 l\u2019image d&rsquo;<b>Hugo Galle<\/b><b>t,<\/b> <b>Guillaume Leclerc <\/b>et<b> Thomas Thiry<\/b>. Ce sont d\u2019ailleurs les trois seuls joueurs \u00e0 disposer de plus de 50 s\u00e9lections dans leur CV. Ainsi, ce sera l\u2019occasion id\u00e9ale de briller pour les jeunes espoirs tricolores.<\/p>\n<h2 style=\"text-align: justify;\" align=\"justify\">Grande premi\u00e8re pour Gueurif, Simonsen et Spinozzi<\/h2>\n<p align=\"justify\">Parmi eux, quelques-uns vont tout simplement conna\u00eetre leur premi\u00e8re s\u00e9lection. C\u2019est le cas des deux jeunes p\u00e9pites <b>Tomas Simonsen<\/b> et <b>Th\u00e9o Gueurif<\/b>, mais \u00e9galement du d\u00e9fenseur bordelais n\u00e9 au Qu\u00e9bec, <b>K\u00e9vin Spinozzi<\/b>. Le fils de l\u2019actuel coach des Remparts de Tours, Frank, avait effectu\u00e9 une ann\u00e9e de son hockey junior \u00e0 Amiens en 2010, avant de faire son retour dans l\u2019Hexagone chez les Boxers la saison pass\u00e9e. S\u2019\u00e9tant impos\u00e9 comme une r\u00e9f\u00e9rence de la Ligue Magnus, et \u00e9ligible \u00e0 une convocation,\u00a0 il va ainsi d\u00e9couvrir le maillot tricolore \u00e0 26 ans.<\/p>\n<p align=\"justify\">Du c\u00f4t\u00e9 des gardiens de but, <b>Julian Junca<\/b> et <b>Quentin Papillon<\/b> vont avoir l\u2019occasion d\u2019engranger plus d\u2019exp\u00e9rience en bleu pour tenter de titiller les cadres dans la hi\u00e9rarchie (Buysse et Yl\u00f6nen). Suite \u00e0 trois jours d\u2019entra\u00eenement du 8 au 10, l\u2019<b>\u00e9quipe de France<\/b> affrontera ensuite le <b>Japon<\/b> le vendredi 10 novembre (15h), puis la <b>Hongrie<\/b> le samedi 11 (15h), et un adversaire \u00e0 d\u00e9terminer en fonction des r\u00e9sultats pr\u00e9c\u00e9dents le dimanche 12.<\/p>\n<blockquote class=\"twitter-tweet\">\n<p dir=\"ltr\" lang=\"fr\"><a href=\"https:\/\/twitter.com\/julesboscq07?ref_src=twsrc%5Etfw\">@julesboscq07<\/a> <a href=\"https:\/\/twitter.com\/kevinspinozzi?ref_src=twsrc%5Etfw\">@kevinspinozzi<\/a> et <a href=\"https:\/\/twitter.com\/Colott65?ref_src=twsrc%5Etfw\">@Colott65<\/a> s\u2019envolent avec l\u2019EDF <a href=\"https:\/\/t.co\/Gy6QxfTneq\">https:\/\/t.co\/Gy6QxfTneq<\/a><\/p>\n<p>\u2014 Boxers de Bordeaux (@BoxersBordeaux) <a href=\"https:\/\/twitter.com\/BoxersBordeaux\/status\/1582369487130890240?ref_src=twsrc%5Etfw\">October 18, 2022<\/a><\/p><\/blockquote>\n<p><script async src=\"https:\/\/platform.twitter.com\/widgets.js\" charset=\"utf-8\"><\/script><\/p>\n<h2 style=\"text-align: justify;\" align=\"justify\">La liste des 23 joueurs s\u00e9lectionn\u00e9s\u00a0:<\/h2>\n<p style=\"text-align: justify;\"><i><u><b>GARDIENS<\/b><\/u><\/i><b>\u00a0: <\/b><b>Julian <\/b><b>JUNCA<\/b> (Gap, 24 ans, 3 s\u00e9l) \/ <b>Quentin <\/b><b>PAPILLON<\/b> (Mulhouse, 25 ans, 6 s\u00e9l).<\/p>\n<p style=\"text-align: justify;\"><i><u><b>D\u00c9FENSEURS\u00a0<\/b><\/u><\/i><b>: <\/b><b>Jules <\/b><b>BOSCQ<\/b> (Bordeaux, 20 ans, 8 s\u00e9l) \/ <b>Fabien <\/b><b>BOURGEOIS<\/b> (Gap, 27 ans, 14 s\u00e9l) \/ <b>Enzo <\/b><b>CANTAGALLO<\/b> (Rouen, 23 ans, 4 s\u00e9l) \/ <b>Ivan <\/b><b>ESIPOV<\/b><b> <\/b>(Mulhouse, 20 ans, 2 s\u00e9l)\u00a0\/ <b>Hugo GALLET<\/b> (KalPa, 25 ans, 73 s\u00e9l) \/ <b>Enzo GUEBEY<\/b> (K\u00fcsnacht, 23 ans, 11 s\u00e9l) \/ <b>K\u00e9vin SPINOZZI<\/b> (Bordeaux, 26 ans, 0 s\u00e9l) \/ <b>Thomas THIRY<\/b> (Ajoie, 25 ans, 55 s\u00e9l).<\/p>\n<p style=\"text-align: justify;\"><i><u><b>ATTAQUANTS<\/b><\/u><\/i><b>\u00a0: <\/b><b>Jordann BOUGRO<\/b> (Kloten, 24 ans, 14 s\u00e9l) \/ <b>Maurin BOUVET<\/b> (Angers, 27 ans, 44 s\u00e9l) \/<b> Kevin BOZON<\/b> (Ajoie, 26 ans, 31 s\u00e9l) \/ <b>Baptiste BRUCHE<\/b> (Amiens, 22 ans, 4 s\u00e9l) \/ <b>Fabien COLOTTI<\/b> (Bordeaux, 26 ans, 20 s\u00e9l) \/ <b>Aur\u00e9lien DAIR<\/b> (Grenoble, 23 ans, 3 s\u00e9l) \/ <b>C\u00e9dric DI DIO BALSAMO<\/b> (Angers, 27 ans, 25 s\u00e9l) \/ <b>Dylan FABRE<\/b> (Grenoble, 21 ans, 16 s\u00e9l) \/ <b>Lo\u00efc FARNIER <\/b>(Cergy-Pontoise, 26 ans, 20 s\u00e9l) \/ <b>Th\u00e9o GUEURIF<\/b> (Cergy-Pontoise, 20 ans, 0 s\u00e9l) \/ <b>Guillaume LECLERC<\/b> (\u00d6stersunds, 26 ans, 61 s\u00e9l) \/ <b>Bastien MA\u00cfA<\/b> (Rouen, 25 ans, 29 s\u00e9l) \/<b> Rudy MATIM<\/b><strong>A<\/strong> (Mulhouse, 25 ans, 30 s\u00e9l) \/ <b>Tomas SIMONSEN<\/b> (Amiens, 19 ans, 0 s\u00e9l) \/ <b>Gabin VILLE<\/b> (Chamonix, 25 ans, 16 s\u00e9l).<\/p>\n<p>&nbsp;<\/p>\n","protected":false},"excerpt":{"rendered":"<p>HOCKEY SUR GLACE \u2013 Du 8 au 14 novembre prochain, l\u2019\u00e9quipe de France masculine va se r\u00e9unir \u00e0 Budapest dans le cadre du Tournoi des 6 Nations. Pour l\u2019occasion, Philippe Bozon a d\u00e9cid\u00e9 de faire la part belle \u00e0 la jeunesse.<\/p>\n","protected":false},"author":55,"featured_media":271273,"comment_status":"open","ping_status":"closed","sticky":false,"template":"","format":"standard","meta":{"_acf_changed":false,"_daextam_enable_autolinks":"","footnotes":""},"categories":[10575],"tags":[199,838,6784],"class_list":["post-271251","post","type-post","status-publish","format-standard","has-post-thumbnail","hentry","category-hockey-sur-glace","tag-equipe-de-france","tag-hockey-sur-glace","tag-philippe-bozon"],"acf":[],"yoast_head":"<!-- This site is optimized with the Yoast SEO Premium plugin v26.7 (Yoast SEO v26.7) - https:\/\/yoast.com\/wordpress\/plugins\/seo\/ -->\n<title>\u00c9quipe de France Hockey sur glace\u00a0: Un groupe rajeuni pour le Tournoi des 6 Nations<\/title>\n<meta name=\"description\" content=\"Philippe Bozon a d\u00e9voil\u00e9 une liste de 23 joueurs pour disputer le Tournoi des 6 Nations \u00e0 Budapest, du 8 au 14 novembre prochain.\" \/>\n<meta name=\"robots\" content=\"index, follow, max-snippet:-1, max-image-preview:large, max-video-preview:-1\" \/>\n<link rel=\"canonical\" href=\"https:\/\/dicodusport.fr\/blog\/equipe-de-france-hockey-sur-glace-un-groupe-rajeuni-pour-le-tournoi-des-6-nations\/\" \/>\n<meta property=\"og:locale\" content=\"fr_FR\" \/>\n<meta property=\"og:type\" content=\"article\" \/>\n<meta property=\"og:title\" content=\"\u00c9quipe de France Hockey sur glace\u00a0: Un groupe rajeuni pour le Tournoi des 6 Nations\" \/>\n<meta property=\"og:description\" content=\"Philippe Bozon a d\u00e9voil\u00e9 une liste de 23 joueurs pour disputer le Tournoi des 6 Nations \u00e0 Budapest, du 8 au 14 novembre prochain.\" \/>\n<meta property=\"og:url\" content=\"https:\/\/dicodusport.fr\/blog\/equipe-de-france-hockey-sur-glace-un-groupe-rajeuni-pour-le-tournoi-des-6-nations\/\" \/>\n<meta property=\"og:site_name\" content=\"Dicodusport\" \/>\n<meta property=\"article:publisher\" content=\"https:\/\/www.facebook.com\/dicodusport\" \/>\n<meta property=\"article:published_time\" content=\"2022-10-18T15:36:13+00:00\" \/>\n<meta property=\"article:modified_time\" content=\"2022-10-18T16:26:09+00:00\" \/>\n<meta property=\"og:image\" content=\"https:\/\/dicodusport.fr\/blog\/wp-content\/uploads\/2022\/10\/Equipe-de-France-Hockey-sur-glace-Un-groupe-rajeuni-pour-le-Tournoi-des-6-Nations.png\" \/>\n\t<meta property=\"og:image:width\" content=\"800\" \/>\n\t<meta property=\"og:image:height\" content=\"445\" \/>\n\t<meta property=\"og:image:type\" content=\"image\/png\" \/>\n<meta name=\"author\" content=\"Maxime Cazenave\" \/>\n<meta name=\"twitter:card\" content=\"summary_large_image\" \/>\n<meta name=\"twitter:title\" content=\"\u00c9quipe de France Hockey sur glace\u00a0: Un groupe rajeuni pour le Tournoi des 6 Nations\" \/>\n<meta name=\"twitter:creator\" content=\"@https:\/\/twitter.com\/Maxime_Caze\" \/>\n<meta name=\"twitter:site\" content=\"@dicodusport\" \/>\n<script type=\"application\/ld+json\" class=\"yoast-schema-graph\">{\"@context\":\"https:\/\/schema.org\",\"@graph\":[{\"@type\":\"NewsArticle\",\"@id\":\"https:\/\/dicodusport.fr\/blog\/equipe-de-france-hockey-sur-glace-un-groupe-rajeuni-pour-le-tournoi-des-6-nations\/#article\",\"isPartOf\":{\"@id\":\"https:\/\/dicodusport.fr\/blog\/equipe-de-france-hockey-sur-glace-un-groupe-rajeuni-pour-le-tournoi-des-6-nations\/\"},\"author\":{\"name\":\"Maxime Cazenave\",\"@id\":\"https:\/\/dicodusport.fr\/blog\/#\/schema\/person\/37def232098a7a5cbab3974a3690abb0\"},\"headline\":\"\u00c9quipe de France Hockey sur glace\u00a0: Un groupe rajeuni pour le Tournoi des 6 Nations\",\"datePublished\":\"2022-10-18T15:36:13+00:00\",\"dateModified\":\"2022-10-18T16:26:09+00:00\",\"mainEntityOfPage\":{\"@id\":\"https:\/\/dicodusport.fr\/blog\/equipe-de-france-hockey-sur-glace-un-groupe-rajeuni-pour-le-tournoi-des-6-nations\/\"},\"wordCount\":667,\"commentCount\":0,\"publisher\":{\"@id\":\"https:\/\/dicodusport.fr\/blog\/#organization\"},\"image\":{\"@id\":\"https:\/\/dicodusport.fr\/blog\/equipe-de-france-hockey-sur-glace-un-groupe-rajeuni-pour-le-tournoi-des-6-nations\/#primaryimage\"},\"thumbnailUrl\":\"https:\/\/dicodusport.fr\/blog\/wp-content\/uploads\/2022\/10\/Equipe-de-France-Hockey-sur-glace-Un-groupe-rajeuni-pour-le-Tournoi-des-6-Nations.png\",\"keywords\":[\"\u00c9quipe de France\",\"hockey sur glace\",\"Philippe Bozon\"],\"articleSection\":[\"Hockey sur glace\"],\"inLanguage\":\"fr-FR\",\"potentialAction\":[{\"@type\":\"CommentAction\",\"name\":\"Comment\",\"target\":[\"https:\/\/dicodusport.fr\/blog\/equipe-de-france-hockey-sur-glace-un-groupe-rajeuni-pour-le-tournoi-des-6-nations\/#respond\"]}],\"copyrightYear\":\"2022\",\"copyrightHolder\":{\"@id\":\"https:\/\/dicodusport.fr\/blog\/#organization\"}},{\"@type\":\"WebPage\",\"@id\":\"https:\/\/dicodusport.fr\/blog\/equipe-de-france-hockey-sur-glace-un-groupe-rajeuni-pour-le-tournoi-des-6-nations\/\",\"url\":\"https:\/\/dicodusport.fr\/blog\/equipe-de-france-hockey-sur-glace-un-groupe-rajeuni-pour-le-tournoi-des-6-nations\/\",\"name\":\"\u00c9quipe de France Hockey sur glace\u00a0: Un groupe rajeuni pour le Tournoi des 6 Nations\",\"isPartOf\":{\"@id\":\"https:\/\/dicodusport.fr\/blog\/#website\"},\"primaryImageOfPage\":{\"@id\":\"https:\/\/dicodusport.fr\/blog\/equipe-de-france-hockey-sur-glace-un-groupe-rajeuni-pour-le-tournoi-des-6-nations\/#primaryimage\"},\"image\":{\"@id\":\"https:\/\/dicodusport.fr\/blog\/equipe-de-france-hockey-sur-glace-un-groupe-rajeuni-pour-le-tournoi-des-6-nations\/#primaryimage\"},\"thumbnailUrl\":\"https:\/\/dicodusport.fr\/blog\/wp-content\/uploads\/2022\/10\/Equipe-de-France-Hockey-sur-glace-Un-groupe-rajeuni-pour-le-Tournoi-des-6-Nations.png\",\"datePublished\":\"2022-10-18T15:36:13+00:00\",\"dateModified\":\"2022-10-18T16:26:09+00:00\",\"description\":\"Philippe Bozon a d\u00e9voil\u00e9 une liste de 23 joueurs pour disputer le Tournoi des 6 Nations \u00e0 Budapest, du 8 au 14 novembre prochain.\",\"breadcrumb\":{\"@id\":\"https:\/\/dicodusport.fr\/blog\/equipe-de-france-hockey-sur-glace-un-groupe-rajeuni-pour-le-tournoi-des-6-nations\/#breadcrumb\"},\"inLanguage\":\"fr-FR\",\"potentialAction\":[{\"@type\":\"ReadAction\",\"target\":[\"https:\/\/dicodusport.fr\/blog\/equipe-de-france-hockey-sur-glace-un-groupe-rajeuni-pour-le-tournoi-des-6-nations\/\"]}]},{\"@type\":\"ImageObject\",\"inLanguage\":\"fr-FR\",\"@id\":\"https:\/\/dicodusport.fr\/blog\/equipe-de-france-hockey-sur-glace-un-groupe-rajeuni-pour-le-tournoi-des-6-nations\/#primaryimage\",\"url\":\"https:\/\/dicodusport.fr\/blog\/wp-content\/uploads\/2022\/10\/Equipe-de-France-Hockey-sur-glace-Un-groupe-rajeuni-pour-le-Tournoi-des-6-Nations.png\",\"contentUrl\":\"https:\/\/dicodusport.fr\/blog\/wp-content\/uploads\/2022\/10\/Equipe-de-France-Hockey-sur-glace-Un-groupe-rajeuni-pour-le-Tournoi-des-6-Nations.png\",\"width\":800,\"height\":445,\"caption\":\"\u00c9quipe de France Hockey sur glace\u00a0 Un groupe rajeuni pour le Tournoi des 6 Nations\"},{\"@type\":\"BreadcrumbList\",\"@id\":\"https:\/\/dicodusport.fr\/blog\/equipe-de-france-hockey-sur-glace-un-groupe-rajeuni-pour-le-tournoi-des-6-nations\/#breadcrumb\",\"itemListElement\":[{\"@type\":\"ListItem\",\"position\":1,\"name\":\"Accueil\",\"item\":\"https:\/\/dicodusport.fr\/blog\/\"},{\"@type\":\"ListItem\",\"position\":2,\"name\":\"\u00c9quipe de France Hockey sur glace\u00a0: Un groupe rajeuni pour le Tournoi des 6 Nations\"}]},{\"@type\":\"WebSite\",\"@id\":\"https:\/\/dicodusport.fr\/blog\/#website\",\"url\":\"https:\/\/dicodusport.fr\/blog\/\",\"name\":\"Dicodusport\",\"description\":\"L&#039;encyclop\u00e9die de l&#039;actualit\u00e9 sportive\",\"publisher\":{\"@id\":\"https:\/\/dicodusport.fr\/blog\/#organization\"},\"potentialAction\":[{\"@type\":\"SearchAction\",\"target\":{\"@type\":\"EntryPoint\",\"urlTemplate\":\"https:\/\/dicodusport.fr\/blog\/?s={search_term_string}\"},\"query-input\":{\"@type\":\"PropertyValueSpecification\",\"valueRequired\":true,\"valueName\":\"search_term_string\"}}],\"inLanguage\":\"fr-FR\"},{\"@type\":\"NewsMediaOrganization\",\"@id\":\"https:\/\/dicodusport.fr\/blog\/#organization\",\"name\":\"Dicodusport\",\"url\":\"https:\/\/dicodusport.fr\/blog\/\",\"logo\":{\"@type\":\"ImageObject\",\"inLanguage\":\"fr-FR\",\"@id\":\"https:\/\/dicodusport.fr\/blog\/#\/schema\/logo\/image\/\",\"url\":\"https:\/\/dicodusport.fr\/blog\/wp-content\/uploads\/2020\/06\/cropped-LOGO-DICODUSPORT-2020-SANS-FOND-SANS-TEXTE.png\",\"contentUrl\":\"https:\/\/dicodusport.fr\/blog\/wp-content\/uploads\/2020\/06\/cropped-LOGO-DICODUSPORT-2020-SANS-FOND-SANS-TEXTE.png\",\"width\":512,\"height\":512,\"caption\":\"Dicodusport\"},\"image\":{\"@id\":\"https:\/\/dicodusport.fr\/blog\/#\/schema\/logo\/image\/\"},\"sameAs\":[\"https:\/\/www.facebook.com\/dicodusport\",\"https:\/\/x.com\/dicodusport\",\"https:\/\/www.instagram.com\/dicodusport\/\",\"https:\/\/www.youtube.com\/channel\/UC7V2KZ5sd3htJivAbA4ZG3w\"],\"description\":\"Dicodusport est l'encyclop\u00e9die de l'actualit\u00e9 sportive.\",\"email\":\"bonjour@dicodusport.fr\",\"legalName\":\"DICODUSPORT\",\"foundingDate\":\"2018-01-14\",\"vatID\":\"FR71834470973\",\"taxID\":\"83447097300043\",\"numberOfEmployees\":{\"@type\":\"QuantitativeValue\",\"minValue\":\"1\",\"maxValue\":\"10\"}},{\"@type\":\"Person\",\"@id\":\"https:\/\/dicodusport.fr\/blog\/#\/schema\/person\/37def232098a7a5cbab3974a3690abb0\",\"name\":\"Maxime Cazenave\",\"image\":{\"@type\":\"ImageObject\",\"inLanguage\":\"fr-FR\",\"@id\":\"https:\/\/dicodusport.fr\/blog\/#\/schema\/person\/image\/\",\"url\":\"https:\/\/dicodusport.fr\/blog\/wp-content\/uploads\/2021\/05\/Maxime-Cazenave-150x150.jpg\",\"contentUrl\":\"https:\/\/dicodusport.fr\/blog\/wp-content\/uploads\/2021\/05\/Maxime-Cazenave-150x150.jpg\",\"caption\":\"Maxime Cazenave\"},\"description\":\"Journaliste\/R\u00e9dacteur depuis 2012 - Berc\u00e9 par l\u2019amour des Girondins de Bordeaux, les \u00e9checs de Christophe Moreau sur le Tour de France sous l'\u00e8re Lance Armstrong et le fade-away l\u00e9tal de Dirk Nowitzki, ma passion d\u00e9vorante pour le sport a toujours \u00e9t\u00e9 un pan incontournable de ma vie. Transmettre ma passion \u00e0 l\u2019\u00e9crit a \u00e9t\u00e9 une transition naturelle. Suiveur assidu de basket et de hockey sur glace, je garde toujours un peu de place pour suivre le cyclisme, le football et le maximum de performances fran\u00e7aises.\",\"sameAs\":[\"https:\/\/x.com\/https:\/\/twitter.com\/Maxime_Caze\"],\"url\":\"https:\/\/dicodusport.fr\/blog\/author\/maximec\/\"}]}<\/script>\n<!-- \/ Yoast SEO Premium plugin. -->","yoast_head_json":{"title":"\u00c9quipe de France Hockey sur glace\u00a0: Un groupe rajeuni pour le Tournoi des 6 Nations","description":"Philippe Bozon a d\u00e9voil\u00e9 une liste de 23 joueurs pour disputer le Tournoi des 6 Nations \u00e0 Budapest, du 8 au 14 novembre prochain.","robots":{"index":"index","follow":"follow","max-snippet":"max-snippet:-1","max-image-preview":"max-image-preview:large","max-video-preview":"max-video-preview:-1"},"canonical":"https:\/\/dicodusport.fr\/blog\/equipe-de-france-hockey-sur-glace-un-groupe-rajeuni-pour-le-tournoi-des-6-nations\/","og_locale":"fr_FR","og_type":"article","og_title":"\u00c9quipe de France Hockey sur glace\u00a0: Un groupe rajeuni pour le Tournoi des 6 Nations","og_description":"Philippe Bozon a d\u00e9voil\u00e9 une liste de 23 joueurs pour disputer le Tournoi des 6 Nations \u00e0 Budapest, du 8 au 14 novembre prochain.","og_url":"https:\/\/dicodusport.fr\/blog\/equipe-de-france-hockey-sur-glace-un-groupe-rajeuni-pour-le-tournoi-des-6-nations\/","og_site_name":"Dicodusport","article_publisher":"https:\/\/www.facebook.com\/dicodusport","article_published_time":"2022-10-18T15:36:13+00:00","article_modified_time":"2022-10-18T16:26:09+00:00","og_image":[{"width":800,"height":445,"url":"https:\/\/dicodusport.fr\/blog\/wp-content\/uploads\/2022\/10\/Equipe-de-France-Hockey-sur-glace-Un-groupe-rajeuni-pour-le-Tournoi-des-6-Nations.png","type":"image\/png"}],"author":"Maxime Cazenave","twitter_card":"summary_large_image","twitter_title":"\u00c9quipe de France Hockey sur glace\u00a0: Un groupe rajeuni pour le Tournoi des 6 Nations","twitter_creator":"@https:\/\/twitter.com\/Maxime_Caze","twitter_site":"@dicodusport","schema":{"@context":"https:\/\/schema.org","@graph":[{"@type":"NewsArticle","@id":"https:\/\/dicodusport.fr\/blog\/equipe-de-france-hockey-sur-glace-un-groupe-rajeuni-pour-le-tournoi-des-6-nations\/#article","isPartOf":{"@id":"https:\/\/dicodusport.fr\/blog\/equipe-de-france-hockey-sur-glace-un-groupe-rajeuni-pour-le-tournoi-des-6-nations\/"},"author":{"name":"Maxime Cazenave","@id":"https:\/\/dicodusport.fr\/blog\/#\/schema\/person\/37def232098a7a5cbab3974a3690abb0"},"headline":"\u00c9quipe de France Hockey sur glace\u00a0: Un groupe rajeuni pour le Tournoi des 6 Nations","datePublished":"2022-10-18T15:36:13+00:00","dateModified":"2022-10-18T16:26:09+00:00","mainEntityOfPage":{"@id":"https:\/\/dicodusport.fr\/blog\/equipe-de-france-hockey-sur-glace-un-groupe-rajeuni-pour-le-tournoi-des-6-nations\/"},"wordCount":667,"commentCount":0,"publisher":{"@id":"https:\/\/dicodusport.fr\/blog\/#organization"},"image":{"@id":"https:\/\/dicodusport.fr\/blog\/equipe-de-france-hockey-sur-glace-un-groupe-rajeuni-pour-le-tournoi-des-6-nations\/#primaryimage"},"thumbnailUrl":"https:\/\/dicodusport.fr\/blog\/wp-content\/uploads\/2022\/10\/Equipe-de-France-Hockey-sur-glace-Un-groupe-rajeuni-pour-le-Tournoi-des-6-Nations.png","keywords":["\u00c9quipe de France","hockey sur glace","Philippe Bozon"],"articleSection":["Hockey sur glace"],"inLanguage":"fr-FR","potentialAction":[{"@type":"CommentAction","name":"Comment","target":["https:\/\/dicodusport.fr\/blog\/equipe-de-france-hockey-sur-glace-un-groupe-rajeuni-pour-le-tournoi-des-6-nations\/#respond"]}],"copyrightYear":"2022","copyrightHolder":{"@id":"https:\/\/dicodusport.fr\/blog\/#organization"}},{"@type":"WebPage","@id":"https:\/\/dicodusport.fr\/blog\/equipe-de-france-hockey-sur-glace-un-groupe-rajeuni-pour-le-tournoi-des-6-nations\/","url":"https:\/\/dicodusport.fr\/blog\/equipe-de-france-hockey-sur-glace-un-groupe-rajeuni-pour-le-tournoi-des-6-nations\/","name":"\u00c9quipe de France Hockey sur glace\u00a0: Un groupe rajeuni pour le Tournoi des 6 Nations","isPartOf":{"@id":"https:\/\/dicodusport.fr\/blog\/#website"},"primaryImageOfPage":{"@id":"https:\/\/dicodusport.fr\/blog\/equipe-de-france-hockey-sur-glace-un-groupe-rajeuni-pour-le-tournoi-des-6-nations\/#primaryimage"},"image":{"@id":"https:\/\/dicodusport.fr\/blog\/equipe-de-france-hockey-sur-glace-un-groupe-rajeuni-pour-le-tournoi-des-6-nations\/#primaryimage"},"thumbnailUrl":"https:\/\/dicodusport.fr\/blog\/wp-content\/uploads\/2022\/10\/Equipe-de-France-Hockey-sur-glace-Un-groupe-rajeuni-pour-le-Tournoi-des-6-Nations.png","datePublished":"2022-10-18T15:36:13+00:00","dateModified":"2022-10-18T16:26:09+00:00","description":"Philippe Bozon a d\u00e9voil\u00e9 une liste de 23 joueurs pour disputer le Tournoi des 6 Nations \u00e0 Budapest, du 8 au 14 novembre prochain.","breadcrumb":{"@id":"https:\/\/dicodusport.fr\/blog\/equipe-de-france-hockey-sur-glace-un-groupe-rajeuni-pour-le-tournoi-des-6-nations\/#breadcrumb"},"inLanguage":"fr-FR","potentialAction":[{"@type":"ReadAction","target":["https:\/\/dicodusport.fr\/blog\/equipe-de-france-hockey-sur-glace-un-groupe-rajeuni-pour-le-tournoi-des-6-nations\/"]}]},{"@type":"ImageObject","inLanguage":"fr-FR","@id":"https:\/\/dicodusport.fr\/blog\/equipe-de-france-hockey-sur-glace-un-groupe-rajeuni-pour-le-tournoi-des-6-nations\/#primaryimage","url":"https:\/\/dicodusport.fr\/blog\/wp-content\/uploads\/2022\/10\/Equipe-de-France-Hockey-sur-glace-Un-groupe-rajeuni-pour-le-Tournoi-des-6-Nations.png","contentUrl":"https:\/\/dicodusport.fr\/blog\/wp-content\/uploads\/2022\/10\/Equipe-de-France-Hockey-sur-glace-Un-groupe-rajeuni-pour-le-Tournoi-des-6-Nations.png","width":800,"height":445,"caption":"\u00c9quipe de France Hockey sur glace\u00a0 Un groupe rajeuni pour le Tournoi des 6 Nations"},{"@type":"BreadcrumbList","@id":"https:\/\/dicodusport.fr\/blog\/equipe-de-france-hockey-sur-glace-un-groupe-rajeuni-pour-le-tournoi-des-6-nations\/#breadcrumb","itemListElement":[{"@type":"ListItem","position":1,"name":"Accueil","item":"https:\/\/dicodusport.fr\/blog\/"},{"@type":"ListItem","position":2,"name":"\u00c9quipe de France Hockey sur glace\u00a0: Un groupe rajeuni pour le Tournoi des 6 Nations"}]},{"@type":"WebSite","@id":"https:\/\/dicodusport.fr\/blog\/#website","url":"https:\/\/dicodusport.fr\/blog\/","name":"Dicodusport","description":"L&#039;encyclop\u00e9die de l&#039;actualit\u00e9 sportive","publisher":{"@id":"https:\/\/dicodusport.fr\/blog\/#organization"},"potentialAction":[{"@type":"SearchAction","target":{"@type":"EntryPoint","urlTemplate":"https:\/\/dicodusport.fr\/blog\/?s={search_term_string}"},"query-input":{"@type":"PropertyValueSpecification","valueRequired":true,"valueName":"search_term_string"}}],"inLanguage":"fr-FR"},{"@type":"NewsMediaOrganization","@id":"https:\/\/dicodusport.fr\/blog\/#organization","name":"Dicodusport","url":"https:\/\/dicodusport.fr\/blog\/","logo":{"@type":"ImageObject","inLanguage":"fr-FR","@id":"https:\/\/dicodusport.fr\/blog\/#\/schema\/logo\/image\/","url":"https:\/\/dicodusport.fr\/blog\/wp-content\/uploads\/2020\/06\/cropped-LOGO-DICODUSPORT-2020-SANS-FOND-SANS-TEXTE.png","contentUrl":"https:\/\/dicodusport.fr\/blog\/wp-content\/uploads\/2020\/06\/cropped-LOGO-DICODUSPORT-2020-SANS-FOND-SANS-TEXTE.png","width":512,"height":512,"caption":"Dicodusport"},"image":{"@id":"https:\/\/dicodusport.fr\/blog\/#\/schema\/logo\/image\/"},"sameAs":["https:\/\/www.facebook.com\/dicodusport","https:\/\/x.com\/dicodusport","https:\/\/www.instagram.com\/dicodusport\/","https:\/\/www.youtube.com\/channel\/UC7V2KZ5sd3htJivAbA4ZG3w"],"description":"Dicodusport est l'encyclop\u00e9die de l'actualit\u00e9 sportive.","email":"bonjour@dicodusport.fr","legalName":"DICODUSPORT","foundingDate":"2018-01-14","vatID":"FR71834470973","taxID":"83447097300043","numberOfEmployees":{"@type":"QuantitativeValue","minValue":"1","maxValue":"10"}},{"@type":"Person","@id":"https:\/\/dicodusport.fr\/blog\/#\/schema\/person\/37def232098a7a5cbab3974a3690abb0","name":"Maxime Cazenave","image":{"@type":"ImageObject","inLanguage":"fr-FR","@id":"https:\/\/dicodusport.fr\/blog\/#\/schema\/person\/image\/","url":"https:\/\/dicodusport.fr\/blog\/wp-content\/uploads\/2021\/05\/Maxime-Cazenave-150x150.jpg","contentUrl":"https:\/\/dicodusport.fr\/blog\/wp-content\/uploads\/2021\/05\/Maxime-Cazenave-150x150.jpg","caption":"Maxime Cazenave"},"description":"Journaliste\/R\u00e9dacteur depuis 2012 - Berc\u00e9 par l\u2019amour des Girondins de Bordeaux, les \u00e9checs de Christophe Moreau sur le Tour de France sous l'\u00e8re Lance Armstrong et le fade-away l\u00e9tal de Dirk Nowitzki, ma passion d\u00e9vorante pour le sport a toujours \u00e9t\u00e9 un pan incontournable de ma vie. Transmettre ma passion \u00e0 l\u2019\u00e9crit a \u00e9t\u00e9 une transition naturelle. Suiveur assidu de basket et de hockey sur glace, je garde toujours un peu de place pour suivre le cyclisme, le football et le maximum de performances fran\u00e7aises.","sameAs":["https:\/\/x.com\/https:\/\/twitter.com\/Maxime_Caze"],"url":"https:\/\/dicodusport.fr\/blog\/author\/maximec\/"}]}},"_links":{"self":[{"href":"https:\/\/dicodusport.fr\/blog\/wp-json\/wp\/v2\/posts\/271251","targetHints":{"allow":["GET"]}}],"collection":[{"href":"https:\/\/dicodusport.fr\/blog\/wp-json\/wp\/v2\/posts"}],"about":[{"href":"https:\/\/dicodusport.fr\/blog\/wp-json\/wp\/v2\/types\/post"}],"author":[{"embeddable":true,"href":"https:\/\/dicodusport.fr\/blog\/wp-json\/wp\/v2\/users\/55"}],"replies":[{"embeddable":true,"href":"https:\/\/dicodusport.fr\/blog\/wp-json\/wp\/v2\/comments?post=271251"}],"version-history":[{"count":0,"href":"https:\/\/dicodusport.fr\/blog\/wp-json\/wp\/v2\/posts\/271251\/revisions"}],"wp:featuredmedia":[{"embeddable":true,"href":"https:\/\/dicodusport.fr\/blog\/wp-json\/wp\/v2\/media\/271273"}],"wp:attachment":[{"href":"https:\/\/dicodusport.fr\/blog\/wp-json\/wp\/v2\/media?parent=271251"}],"wp:term":[{"taxonomy":"category","embeddable":true,"href":"https:\/\/dicodusport.fr\/blog\/wp-json\/wp\/v2\/categories?post=271251"},{"taxonomy":"post_tag","embeddable":true,"href":"https:\/\/dicodusport.fr\/blog\/wp-json\/wp\/v2\/tags?post=271251"}],"curies":[{"name":"wp","href":"https:\/\/api.w.org\/{rel}","templated":true}]}}