{"id":271377,"date":"2022-10-23T13:30:48","date_gmt":"2022-10-23T11:30:48","guid":{"rendered":"https:\/\/dicodusport.fr\/blog\/?p=271377&#038;preview=true&#038;preview_id=271377"},"modified":"2023-01-19T11:05:01","modified_gmt":"2023-01-19T10:05:01","slug":"wrc-programme-speciales-et-resultats-rallye-espagne-catalogne-2022","status":"publish","type":"post","link":"https:\/\/dicodusport.fr\/blog\/wrc-programme-speciales-et-resultats-rallye-espagne-catalogne-2022\/","title":{"rendered":"WRC &#8211; R\u00e9sultats complets Rallye Espagne Catalogne 2022"},"content":{"rendered":"<p style=\"text-align: justify;\"><strong><em><a href=\"https:\/\/dicodusport.fr\/blog\/actualites\/sports-mecaniques\/rallye\/wrc-2022\/\">WRC 2022<\/a> &#8211; D\u00e9couvrez le programme des sp\u00e9ciales et les r\u00e9sultats du Rallye d&rsquo;Espagne 2022 en Catalogne, qui se d\u00e9roule du jeudi 20 au dimanche 23 octobre 2022.<\/em><\/strong><\/p>\n<p style=\"text-align: justify;\">Qui remportera le <strong>Rallye WRC de Catalogne 2022<\/strong> ? Le titre mondial d\u00e9sormais acquis, <strong>Kalle Rovanper\u00e4<\/strong> (Toyota) tentera de d\u00e9crocher une 7\u00e8me victoire cette saison. Mais derri\u00e8re, la lutte pour la deuxi\u00e8me place du championnat s&rsquo;annonce rude chez Hyundai, entre <strong>Ott T\u00e4nak<\/strong> (2\u00e8me, 173 points) et <strong>Thierry Neuville<\/strong> (3\u00e8me, 144 points). Un matelas d&rsquo;avance de 29 points pour l&rsquo;Estonien, mais le Belge a lui l&rsquo;avantage de se sentir tr\u00e8s \u00e0 l&rsquo;aise en Catalogne, puisqu&rsquo;il est le double tenant du titre.<\/p>\n<p style=\"text-align: justify;\">Outre le trio de t\u00eate au championnat du monde des pilotes, les Toyota d&rsquo;<strong>Elfyn Evans<\/strong> et <strong>S\u00e9bastien Ogier<\/strong>, triple vainqueur de l&rsquo;\u00e9preuve espagnole, tenteront de tirer leur \u00e9pingle du jeu.<\/p>\n<p style=\"text-align: justify;\"><strong>Les sp\u00e9ciales 3, 4, 10, 11, 12, 13, 14, 15, 17, 18 et 19 sont retransmises en direct sur Canal+ Sport 360. Les autres sp\u00e9ciales sont quant \u00e0 elle diffus\u00e9es en diff\u00e9r\u00e9, <a href=\"https:\/\/www.rallye-sport.fr\/programme-tv-rallye-despagne-2022\/\" target=\"_blank\" rel=\"nofollow noopener\">aux horaires indiqu\u00e9s ici<\/a>.<\/strong><\/p>\n<h2 style=\"text-align: justify;\"><strong>Rallye WRC Espagne-Catalogne : Le programme complet<\/strong><\/h2>\n<table style=\"width: 100%; border-collapse: collapse;\">\n<tbody>\n<tr>\n<td style=\"background-color: #fc4c02; width: 800px; text-align: center; vertical-align: middle;\" colspan=\"4\"><span style=\"color: #ffffff;\"><strong>JEUDI 20 OCTOBRE 2022<\/strong><\/span><span style=\"color: #ffffff;\"><strong><br \/>\n<\/strong><\/span><\/td>\n<\/tr>\n<tr>\n<td style=\"text-align: center; vertical-align: middle; width: 80px; background-color: #000000;\"><span style=\"color: #ffffff; font-size: 0.9em;\"><strong>Horaire<\/strong><\/span><\/td>\n<td style=\"text-align: center; vertical-align: middle; background-color: #000000; width: 120px;\"><span style=\"color: #ffffff;\"><span style=\"font-size: 0.9em;\"><b>Sp\u00e9ciale<\/b><\/span><\/span><\/td>\n<td style=\"text-align: center; vertical-align: middle; width: 300px; background-color: #000000;\"><span style=\"color: #ffffff; font-size: 0.9em;\"><strong>Vainqueurs<\/strong><\/span><\/td>\n<td style=\"text-align: center; vertical-align: middle; width: 300px; background-color: #000000;\"><span style=\"color: #ffffff; font-size: 0.9em;\"><strong>Leaders<\/strong><\/span><\/td>\n<\/tr>\n<tr>\n<td style=\"text-align: center; vertical-align: middle; width: 80px;\"><strong>09h01<\/strong><\/td>\n<td style=\"text-align: center; vertical-align: middle; width: 120px;\"><strong>Shakedown<br \/>\n<a href=\"https:\/\/fr.motorsport.com\/wrc\/results\/2022\/rallye-despagne-540292\/?st=SHD\"><em><span style=\"font-size: 0.9em;\"><span style=\"font-size: 0.8em;\">Classement<\/span><\/span><\/em><\/a><br \/>\n<\/strong><\/td>\n<td style=\"text-align: center; vertical-align: middle; width: 300px;\"><span style=\"font-size: 0.9em;\"><strong>\ud83c\uddeb\ud83c\uddf7 S\u00e9bastien OGIER \/ \ud83c\uddeb\ud83c\uddf7 Benjamin VEILLAS<\/strong><br \/>\n<span style=\"font-size: 0.8em;\">TOYOTA<\/span><\/span><\/td>\n<td style=\"text-align: center; vertical-align: middle; width: 300px;\"><span style=\"font-size: 0.9em;\"><strong>\ud83c\uddeb\ud83c\uddf7 S\u00e9bastien OGIER \/ \ud83c\uddeb\ud83c\uddf7 Benjamin VEILLAS<\/strong><br \/>\n<span style=\"font-size: 0.8em;\">TOYOTA<\/span><\/span><\/td>\n<\/tr>\n<tr>\n<td style=\"background-color: #fc4c02; width: 800px; text-align: center; vertical-align: middle;\" colspan=\"4\"><span style=\"color: #ffffff;\"><strong>VENDREDI 21 OCTOBRE 2022<\/strong><\/span><span style=\"color: #ffffff;\"><strong><br \/>\n<\/strong><\/span><\/td>\n<\/tr>\n<tr>\n<td style=\"text-align: center; vertical-align: middle; width: 80px; background-color: #000000;\"><span style=\"color: #ffffff; font-size: 0.9em;\"><strong>Horaire<\/strong><\/span><\/td>\n<td style=\"text-align: center; vertical-align: middle; background-color: #000000; width: 120px;\"><span style=\"color: #ffffff;\"><span style=\"font-size: 0.9em;\"><b>Sp\u00e9ciale<\/b><\/span><\/span><\/td>\n<td style=\"text-align: center; vertical-align: middle; width: 300px; background-color: #000000;\"><span style=\"color: #ffffff; font-size: 0.9em;\"><strong>Vainqueurs<\/strong><\/span><\/td>\n<td style=\"text-align: center; vertical-align: middle; width: 300px; background-color: #000000;\"><span style=\"color: #ffffff; font-size: 0.9em;\"><strong>Leaders<\/strong><\/span><\/td>\n<\/tr>\n<tr>\n<td style=\"text-align: center; vertical-align: middle; width: 80px;\"><strong>8h33<\/strong><\/td>\n<td style=\"text-align: center; vertical-align: middle; width: 120px;\"><strong>ES1<br \/>\n<a href=\"https:\/\/fr.motorsport.com\/wrc\/results\/2022\/rallye-despagne-540292\/?st=SS+1\" target=\"_blank\" rel=\"nofollow noopener\"><em><span style=\"font-size: 0.9em;\"><span style=\"font-size: 0.8em;\">Classement<\/span><\/span><\/em><\/a><br \/>\n<\/strong><\/td>\n<td style=\"text-align: center; vertical-align: middle; width: 300px;\"><span style=\"font-size: 0.9em;\"><strong>\ud83c\uddeb\ud83c\uddee Kalle ROVANPER\u00c4 \/ \ud83c\uddeb\ud83c\uddee Jonne HALTTUNEN<\/strong><br \/>\n<span style=\"font-size: 0.8em;\">TOYOTA<\/span><\/span><\/td>\n<td style=\"text-align: center; vertical-align: middle; width: 300px;\"><span style=\"font-size: 0.9em;\"><strong>\ud83c\uddeb\ud83c\uddee Kalle ROVANPER\u00c4 \/ \ud83c\uddeb\ud83c\uddee Jonne HALTTUNEN<\/strong><br \/>\n<span style=\"font-size: 0.8em;\">TOYOTA<\/span><\/span><\/td>\n<\/tr>\n<tr>\n<td style=\"text-align: center; vertical-align: middle; width: 80px;\"><strong>9h33<\/strong><\/td>\n<td style=\"text-align: center; vertical-align: middle; width: 120px;\"><strong>ES2<br \/>\n<a href=\"https:\/\/fr.motorsport.com\/wrc\/results\/2022\/rallye-despagne-540292\/?st=SS+2\" target=\"_blank\" rel=\"nofollow noopener\"><em><span style=\"font-size: 0.9em;\"><span style=\"font-size: 0.8em;\">Classement<\/span><\/span><\/em><\/a><br \/>\n<\/strong><\/td>\n<td style=\"text-align: center; vertical-align: middle; width: 300px;\"><span style=\"font-size: 0.9em;\"><strong>\ud83c\uddeb\ud83c\uddee Kalle ROVANPER\u00c4 \/ \ud83c\uddeb\ud83c\uddee Jonne HALTTUNEN<\/strong><br \/>\n<span style=\"font-size: 0.8em;\">TOYOTA<\/span><\/span><\/td>\n<td style=\"text-align: center; vertical-align: middle; width: 300px;\"><span style=\"font-size: 0.9em;\"><strong>\ud83c\uddeb\ud83c\uddee Kalle ROVANPER\u00c4 \/ \ud83c\uddeb\ud83c\uddee Jonne HALTTUNEN<\/strong><br \/>\n<span style=\"font-size: 0.8em;\">TOYOTA<\/span><\/span><\/td>\n<\/tr>\n<tr>\n<td style=\"text-align: center; vertical-align: middle; width: 80px;\"><strong>10h26<\/strong><\/td>\n<td style=\"text-align: center; vertical-align: middle; width: 120px;\"><strong>ES3<em><span style=\"font-size: 0.9em;\"><span style=\"font-size: 0.8em;\"><br \/>\n<a href=\"https:\/\/fr.motorsport.com\/wrc\/results\/2022\/rallye-despagne-540292\/?st=SS+3\" target=\"_blank\" rel=\"nofollow noopener\">Classement<\/a><\/span><\/span><\/em><br \/>\n<\/strong><\/td>\n<td style=\"text-align: center; vertical-align: middle; width: 300px;\"><span style=\"font-size: 0.9em;\"><strong>\ud83c\uddeb\ud83c\uddf7 S\u00e9bastien OGIER \/ \ud83c\uddeb\ud83c\uddf7 Benjamin VEILLAS<\/strong><br \/>\n<span style=\"font-size: 0.8em;\">TOYOTA<\/span><\/span><\/td>\n<td style=\"text-align: center; vertical-align: middle; width: 300px;\"><span style=\"font-size: 0.9em;\"><strong>\ud83c\uddeb\ud83c\uddf7 S\u00e9bastien OGIER \/ \ud83c\uddeb\ud83c\uddf7 Benjamin VEILLAS<\/strong><br \/>\n<span style=\"font-size: 0.8em;\">TOYOTA<\/span><\/span><\/td>\n<\/tr>\n<tr>\n<td style=\"text-align: center; vertical-align: middle; width: 80px;\"><strong>11h26<\/strong><\/td>\n<td style=\"text-align: center; vertical-align: middle; width: 120px;\"><strong>ES4<br \/>\n<a href=\"https:\/\/fr.motorsport.com\/wrc\/results\/2022\/rallye-despagne-540292\/?st=SS+4\" target=\"_blank\" rel=\"nofollow noopener\"><em><span style=\"font-size: 0.9em;\"><span style=\"font-size: 0.8em;\">Classement<\/span><\/span><\/em><\/a><br \/>\n<\/strong><\/td>\n<td style=\"text-align: center; vertical-align: middle; width: 300px;\"><span style=\"font-size: 0.9em;\"><strong>\ud83c\udde7\ud83c\uddea Thierry NEUVILLE \/ \ud83c\udde7\ud83c\uddea Martijn WYDAEGHE<\/strong><br \/>\n<span style=\"font-size: 0.8em;\">HYUNDAI<\/span><\/span><\/td>\n<td style=\"text-align: center; vertical-align: middle; width: 300px;\"><span style=\"font-size: 0.9em;\"><strong>\ud83c\udde7\ud83c\uddea Thierry NEUVILLE \/ \ud83c\udde7\ud83c\uddea Martijn WYDAEGHE<\/strong><br \/>\n<span style=\"font-size: 0.8em;\">HYUNDAI<\/span><\/span><\/td>\n<\/tr>\n<tr>\n<td style=\"text-align: center; vertical-align: middle; width: 80px;\"><strong>15h09<\/strong><\/td>\n<td style=\"text-align: center; vertical-align: middle; width: 120px;\"><strong>ES5<br \/>\n<a href=\"https:\/\/fr.motorsport.com\/wrc\/results\/2022\/rallye-despagne-540292\/?st=SS+5\" target=\"_blank\" rel=\"nofollow noopener\"><em><span style=\"font-size: 0.9em;\"><span style=\"font-size: 0.8em;\">Classement<\/span><\/span><\/em><\/a><br \/>\n<\/strong><\/td>\n<td style=\"text-align: center; vertical-align: middle; width: 300px;\"><span style=\"font-size: 0.9em;\"><strong>\ud83c\uddeb\ud83c\uddf7 S\u00e9bastien OGIER \/ \ud83c\uddeb\ud83c\uddf7 Benjamin VEILLAS<\/strong><br \/>\n<span style=\"font-size: 0.8em;\">TOYOTA<\/span><\/span><\/td>\n<td style=\"text-align: center; vertical-align: middle; width: 300px;\"><span style=\"font-size: 0.9em;\"><strong>\ud83c\uddeb\ud83c\uddf7 S\u00e9bastien OGIER \/ \ud83c\uddeb\ud83c\uddf7 Benjamin VEILLAS<\/strong><br \/>\n<span style=\"font-size: 0.8em;\">TOYOTA<\/span><\/span><\/td>\n<\/tr>\n<tr>\n<td style=\"text-align: center; vertical-align: middle; width: 80px;\"><strong>16h09<\/strong><\/td>\n<td style=\"text-align: center; vertical-align: middle; width: 120px;\"><strong>ES6<br \/>\n<a href=\"https:\/\/fr.motorsport.com\/wrc\/results\/2022\/rallye-despagne-540292\/?st=SS+6\" target=\"_blank\" rel=\"nofollow noopener\"><em><span style=\"font-size: 0.9em;\"><span style=\"font-size: 0.8em;\">Classement<\/span><\/span><\/em><\/a><br \/>\n<\/strong><\/td>\n<td style=\"text-align: center; vertical-align: middle; width: 300px;\"><span style=\"font-size: 0.9em;\"><strong>\ud83c\uddeb\ud83c\uddee Kalle ROVANPER\u00c4 \/ \ud83c\uddeb\ud83c\uddee Jonne HALTTUNEN<\/strong><br \/>\n<span style=\"font-size: 0.8em;\">TOYOTA<\/span><\/span><\/td>\n<td style=\"text-align: center; vertical-align: middle; width: 300px;\"><span style=\"font-size: 0.9em;\"><strong>\ud83c\uddeb\ud83c\uddf7 S\u00e9bastien OGIER \/ \ud83c\uddeb\ud83c\uddf7 Benjamin VEILLAS<\/strong><br \/>\n<span style=\"font-size: 0.8em;\">TOYOTA<\/span><\/span><\/td>\n<\/tr>\n<tr>\n<td style=\"text-align: center; vertical-align: middle; width: 80px;\"><strong>17h02<\/strong><\/td>\n<td style=\"text-align: center; vertical-align: middle; width: 120px;\"><strong>ES7<br \/>\n<a href=\"https:\/\/fr.motorsport.com\/wrc\/results\/2022\/rallye-despagne-540292\/?st=SS+7\" target=\"_blank\" rel=\"nofollow noopener\"><em><span style=\"font-size: 0.9em;\"><span style=\"font-size: 0.8em;\">Classement<\/span><\/span><\/em><\/a><br \/>\n<\/strong><\/td>\n<td style=\"text-align: center; vertical-align: middle; width: 300px;\"><span style=\"font-size: 0.9em;\"><strong>\ud83c\uddeb\ud83c\uddee Kalle ROVANPER\u00c4 \/ \ud83c\uddeb\ud83c\uddee Jonne HALTTUNEN<\/strong><br \/>\n<span style=\"font-size: 0.8em;\">TOYOTA<\/span><\/span><\/td>\n<td style=\"text-align: center; vertical-align: middle; width: 300px;\"><span style=\"font-size: 0.9em;\"><strong>\ud83c\uddeb\ud83c\uddf7 S\u00e9bastien OGIER \/ \ud83c\uddeb\ud83c\uddf7 Benjamin VEILLAS<\/strong><br \/>\n<span style=\"font-size: 0.8em;\">TOYOTA<\/span><\/span><\/td>\n<\/tr>\n<tr>\n<td style=\"text-align: center; vertical-align: middle; width: 80px;\"><strong>18h02<\/strong><\/td>\n<td style=\"text-align: center; vertical-align: middle; width: 120px;\"><strong>ES8<br \/>\n<a href=\"https:\/\/fr.motorsport.com\/wrc\/results\/2022\/rallye-despagne-540292\/?st=SS+8\" target=\"_blank\" rel=\"nofollow noopener\"><em><span style=\"font-size: 0.9em;\"><span style=\"font-size: 0.8em;\">Classement<\/span><\/span><\/em><\/a><br \/>\n<\/strong><\/td>\n<td style=\"text-align: center; vertical-align: middle; width: 300px;\"><span style=\"font-size: 0.9em;\"><strong>\ud83c\uddeb\ud83c\uddf7 S\u00e9bastien OGIER \/ \ud83c\uddeb\ud83c\uddf7 Benjamin VEILLAS<\/strong><br \/>\n<span style=\"font-size: 0.8em;\">TOYOTA<\/span><\/span><\/td>\n<td style=\"text-align: center; vertical-align: middle; width: 300px;\"><span style=\"font-size: 0.9em;\"><strong>\ud83c\uddeb\ud83c\uddf7 S\u00e9bastien OGIER \/ \ud83c\uddeb\ud83c\uddf7 Benjamin VEILLAS<\/strong><br \/>\n<span style=\"font-size: 0.8em;\">TOYOTA<\/span><\/span><\/td>\n<\/tr>\n<tr>\n<td style=\"background-color: #fc4c02; width: 800px; text-align: center; vertical-align: middle;\" colspan=\"4\"><span style=\"color: #ffffff;\"><strong>SAMEDI 22 OCTOBRE 2022<\/strong><\/span><\/td>\n<\/tr>\n<tr>\n<td style=\"text-align: center; vertical-align: middle; width: 80px; background-color: #000000;\"><span style=\"color: #ffffff; font-size: 0.9em;\"><strong>Horaire<\/strong><\/span><\/td>\n<td style=\"text-align: center; vertical-align: middle; background-color: #000000; width: 120px;\"><span style=\"color: #ffffff;\"><span style=\"font-size: 0.9em;\"><b>Sp\u00e9ciale<\/b><\/span><\/span><\/td>\n<td style=\"text-align: center; vertical-align: middle; width: 300px; background-color: #000000;\"><span style=\"color: #ffffff; font-size: 0.9em;\"><strong>Vainqueurs<\/strong><\/span><\/td>\n<td style=\"text-align: center; vertical-align: middle; width: 300px; background-color: #000000;\"><span style=\"color: #ffffff; font-size: 0.9em;\"><strong>Leaders<\/strong><\/span><\/td>\n<\/tr>\n<tr>\n<td style=\"text-align: center; vertical-align: middle; width: 80px;\"><strong>8h44<\/strong><\/td>\n<td style=\"text-align: center; vertical-align: middle; width: 120px;\"><strong>ES9<br \/>\n<a href=\"https:\/\/fr.motorsport.com\/wrc\/results\/2022\/rallye-despagne-540292\/?st=SS+9\" target=\"_blank\" rel=\"nofollow noopener\"><em><span style=\"font-size: 0.9em;\"><span style=\"font-size: 0.8em;\">Classement<\/span><\/span><\/em><\/a><br \/>\n<\/strong><\/td>\n<td style=\"text-align: center; vertical-align: middle; width: 300px;\"><span style=\"font-size: 0.9em;\"><strong>\ud83c\udde7\ud83c\uddea Thierry NEUVILLE \/ \ud83c\udde7\ud83c\uddea Martijn WYDAEGHE<\/strong><br \/>\n<span style=\"font-size: 0.8em;\">HYUNDAI<\/span><\/span><\/td>\n<td style=\"text-align: center; vertical-align: middle; width: 300px;\"><span style=\"font-size: 0.9em;\"><strong>\ud83c\uddeb\ud83c\uddf7 S\u00e9bastien OGIER \/ \ud83c\uddeb\ud83c\uddf7 Benjamin VEILLAS<\/strong><br \/>\n<span style=\"font-size: 0.8em;\">TOYOTA<\/span><\/span><\/td>\n<\/tr>\n<tr>\n<td style=\"text-align: center; vertical-align: middle; width: 80px;\"><strong>9h37<\/strong><\/td>\n<td style=\"text-align: center; vertical-align: middle; width: 120px;\"><strong>ES10<em><span style=\"font-size: 0.9em;\"><span style=\"font-size: 0.8em;\"><br \/>\n<a href=\"https:\/\/fr.motorsport.com\/wrc\/results\/2022\/rallye-despagne-540292\/?st=SS+10\" target=\"_blank\" rel=\"nofollow noopener\">Classement<\/a><br \/>\n<\/span><\/span><\/em><\/strong><\/td>\n<td style=\"text-align: center; vertical-align: middle; width: 300px;\"><span style=\"font-size: 0.9em;\"><strong>\ud83c\uddeb\ud83c\uddf7 S\u00e9bastien OGIER \/ \ud83c\uddeb\ud83c\uddf7 Benjamin VEILLAS<\/strong><br \/>\n<span style=\"font-size: 0.8em;\">TOYOTA<\/span><\/span><\/td>\n<td style=\"text-align: center; vertical-align: middle; width: 300px;\"><span style=\"font-size: 0.9em;\"><strong>\ud83c\uddeb\ud83c\uddf7 S\u00e9bastien OGIER \/ \ud83c\uddeb\ud83c\uddf7 Benjamin VEILLAS<\/strong><br \/>\n<span style=\"font-size: 0.8em;\">TOYOTA<\/span><\/span><\/td>\n<\/tr>\n<tr>\n<td style=\"text-align: center; vertical-align: middle; width: 80px;\"><strong>10h38<\/strong><\/td>\n<td style=\"text-align: center; vertical-align: middle; width: 120px;\"><strong>ES11<em><span style=\"font-size: 0.9em;\"><span style=\"font-size: 0.8em;\"><br \/>\n<a href=\"https:\/\/fr.motorsport.com\/wrc\/results\/2022\/rallye-despagne-540292\/?st=SS+11\" target=\"_blank\" rel=\"nofollow noopener\">Classement<\/a><br \/>\n<\/span><\/span><\/em><\/strong><\/td>\n<td style=\"text-align: center; vertical-align: middle; width: 300px;\"><span style=\"font-size: 0.9em;\"><strong>\ud83c\uddeb\ud83c\uddf7 S\u00e9bastien OGIER \/ \ud83c\uddeb\ud83c\uddf7 Benjamin VEILLAS<\/strong><br \/>\n<span style=\"font-size: 0.8em;\">TOYOTA<\/span><\/span><\/td>\n<td style=\"text-align: center; vertical-align: middle; width: 300px;\"><span style=\"font-size: 0.9em;\"><strong>\ud83c\uddeb\ud83c\uddf7 S\u00e9bastien OGIER \/ \ud83c\uddeb\ud83c\uddf7 Benjamin VEILLAS<\/strong><br \/>\n<span style=\"font-size: 0.8em;\">TOYOTA<\/span><\/span><\/td>\n<\/tr>\n<tr>\n<td style=\"text-align: center; vertical-align: middle; width: 80px;\"><strong>14h14<\/strong><\/td>\n<td style=\"text-align: center; vertical-align: middle; width: 120px;\"><strong>ES12<em><span style=\"font-size: 0.9em;\"><span style=\"font-size: 0.8em;\"><br \/>\n<a href=\"https:\/\/fr.motorsport.com\/wrc\/results\/2022\/rallye-despagne-540292\/?st=SS+12\" target=\"_blank\" rel=\"nofollow noopener\">Classement<\/a><br \/>\n<\/span><\/span><\/em><\/strong><\/td>\n<td style=\"width: 300px; text-align: center; vertical-align: middle;\"><span style=\"font-size: 0.9em;\"><strong>\ud83c\uddeb\ud83c\uddf7 S\u00e9bastien OGIER \/ \ud83c\uddeb\ud83c\uddf7 Benjamin VEILLAS<\/strong><br \/>\n<span style=\"font-size: 0.8em;\">TOYOTA<\/span><\/span><\/td>\n<td style=\"text-align: center; vertical-align: middle; width: 300px;\"><span style=\"font-size: 0.9em;\"><strong>\ud83c\uddeb\ud83c\uddf7 S\u00e9bastien OGIER \/ \ud83c\uddeb\ud83c\uddf7 Benjamin VEILLAS<\/strong><br \/>\n<span style=\"font-size: 0.8em;\">TOYOTA<\/span><\/span><\/td>\n<\/tr>\n<tr>\n<td style=\"text-align: center; vertical-align: middle; width: 80px;\"><strong>15h07<\/strong><\/td>\n<td style=\"text-align: center; vertical-align: middle; width: 120px;\"><strong>ES13<em><span style=\"font-size: 0.9em;\"><span style=\"font-size: 0.8em;\"><br \/>\n<a href=\"https:\/\/fr.motorsport.com\/wrc\/results\/2022\/rallye-despagne-540292\/?st=SS+13\" target=\"_blank\" rel=\"nofollow noopener\">Classement<\/a><br \/>\n<\/span><\/span><\/em><\/strong><\/td>\n<td style=\"text-align: center; vertical-align: middle; width: 300px;\"><span style=\"font-size: 0.9em;\"><strong>\ud83c\uddeb\ud83c\uddf7 S\u00e9bastien OGIER \/ \ud83c\uddeb\ud83c\uddf7 Benjamin VEILLAS<\/strong><br \/>\n<span style=\"font-size: 0.8em;\">TOYOTA<\/span><\/span><\/td>\n<td style=\"text-align: center; vertical-align: middle; width: 300px;\"><span style=\"font-size: 0.9em;\"><strong>\ud83c\uddeb\ud83c\uddf7 S\u00e9bastien OGIER \/ \ud83c\uddeb\ud83c\uddf7 Benjamin VEILLAS<\/strong><br \/>\n<span style=\"font-size: 0.8em;\">TOYOTA<\/span><\/span><\/td>\n<\/tr>\n<tr>\n<td style=\"text-align: center; vertical-align: middle; width: 80px;\"><strong>16h08<\/strong><\/td>\n<td style=\"text-align: center; vertical-align: middle; width: 120px;\"><strong>ES14<em><span style=\"font-size: 0.9em;\"><span style=\"font-size: 0.8em;\"><br \/>\n<a href=\"https:\/\/fr.motorsport.com\/wrc\/results\/2022\/rallye-despagne-540292\/?st=SS+14\" target=\"_blank\" rel=\"nofollow noopener\">Classement<\/a><br \/>\n<\/span><\/span><\/em><\/strong><\/td>\n<td style=\"text-align: center; vertical-align: middle; width: 300px;\"><span style=\"font-size: 0.9em;\"><strong>\ud83c\uddea\ud83c\uddf8 Dani SORDO \/ \ud83c\uddea\ud83c\uddf8 Candido CARRERA<\/strong><br \/>\n<span style=\"font-size: 0.8em;\">HYUNDAI<\/span><\/span><\/td>\n<td style=\"text-align: center; vertical-align: middle; width: 300px;\"><span style=\"font-size: 0.9em;\"><strong>\ud83c\uddeb\ud83c\uddf7 S\u00e9bastien OGIER \/ \ud83c\uddeb\ud83c\uddf7 Benjamin VEILLAS<\/strong><br \/>\n<span style=\"font-size: 0.8em;\">TOYOTA<\/span><\/span><\/td>\n<\/tr>\n<tr>\n<td style=\"text-align: center; vertical-align: middle; width: 80px;\"><strong>18h40<\/strong><\/td>\n<td style=\"text-align: center; vertical-align: middle; width: 120px;\"><strong>ES15<br \/>\n<em><span style=\"font-size: 0.9em;\"><span style=\"font-size: 0.8em;\"><a href=\"https:\/\/fr.motorsport.com\/wrc\/results\/2022\/rallye-despagne-540292\/?st=SS+15\" target=\"_blank\" rel=\"nofollow noopener\">Classement<\/a><\/span><\/span><\/em><br \/>\n<\/strong><\/td>\n<td style=\"text-align: center; vertical-align: middle; width: 300px;\"><span style=\"font-size: 0.9em;\"><strong>\ud83c\udde7\ud83c\uddea Thierry NEUVILLE \/ \ud83c\udde7\ud83c\uddea Martijn WYDAEGHE<\/strong><br \/>\n<span style=\"font-size: 0.8em;\">HYUNDAI<\/span><\/span><\/td>\n<td style=\"text-align: center; vertical-align: middle; width: 300px;\"><span style=\"font-size: 0.9em;\"><strong>\ud83c\uddeb\ud83c\uddf7 S\u00e9bastien OGIER \/ \ud83c\uddeb\ud83c\uddf7 Benjamin VEILLAS<\/strong><br \/>\n<span style=\"font-size: 0.8em;\">TOYOTA<\/span><\/span><\/td>\n<\/tr>\n<tr>\n<td style=\"background-color: #fc4c02; width: 800px; text-align: center; vertical-align: middle;\" colspan=\"4\"><span style=\"color: #ffffff;\"><strong>DIMANCHE 23 OCTOBRE 2022<\/strong><\/span><\/td>\n<\/tr>\n<tr>\n<td style=\"text-align: center; vertical-align: middle; width: 80px; background-color: #000000;\"><span style=\"color: #ffffff; font-size: 0.9em;\"><strong>Horaire<\/strong><\/span><\/td>\n<td style=\"text-align: center; vertical-align: middle; background-color: #000000; width: 120px;\"><span style=\"color: #ffffff;\"><span style=\"font-size: 0.9em;\"><b>Sp\u00e9ciale<\/b><\/span><\/span><\/td>\n<td style=\"text-align: center; vertical-align: middle; width: 300px; background-color: #000000;\"><span style=\"color: #ffffff; font-size: 0.9em;\"><strong>Vainqueurs<\/strong><\/span><\/td>\n<td style=\"text-align: center; vertical-align: middle; width: 300px; background-color: #000000;\"><span style=\"color: #ffffff; font-size: 0.9em;\"><strong>Leaders<\/strong><\/span><\/td>\n<\/tr>\n<tr>\n<td style=\"text-align: center; vertical-align: middle; width: 80px;\"><strong>7h00<\/strong><\/td>\n<td style=\"text-align: center; vertical-align: middle; width: 120px;\"><strong>ES16<br \/>\n<em><span style=\"font-size: 0.9em;\"><span style=\"font-size: 0.8em;\"><a href=\"https:\/\/fr.motorsport.com\/wrc\/results\/2022\/rallye-despagne-540292\/?st=SS+16\" target=\"_blank\" rel=\"nofollow noopener\">Classement<\/a><\/span><\/span><\/em><br \/>\n<\/strong><\/td>\n<td style=\"text-align: center; vertical-align: middle; width: 300px;\"><span style=\"font-size: 0.9em;\"><strong>\ud83c\uddea\ud83c\uddf8 Dani SORDO \/ \ud83c\uddea\ud83c\uddf8 Candido CARRERA<\/strong><br \/>\n<span style=\"font-size: 0.8em;\">HYUNDAI<\/span><\/span><\/td>\n<td style=\"text-align: center; vertical-align: middle; width: 300px;\"><span style=\"font-size: 0.9em;\"><strong>\ud83c\uddeb\ud83c\uddf7 S\u00e9bastien OGIER \/ \ud83c\uddeb\ud83c\uddf7 Benjamin VEILLAS<\/strong><br \/>\n<span style=\"font-size: 0.8em;\">TOYOTA<\/span><\/span><\/td>\n<\/tr>\n<tr>\n<td style=\"text-align: center; vertical-align: middle; width: 80px;\"><strong>8h08<\/strong><\/td>\n<td style=\"text-align: center; vertical-align: middle; width: 120px;\"><strong>ES17<br \/>\n<em><span style=\"font-size: 0.9em;\"><span style=\"font-size: 0.8em;\"><a href=\"https:\/\/fr.motorsport.com\/wrc\/results\/2022\/rallye-despagne-540292\/?st=SS+17\" target=\"_blank\" rel=\"nofollow noopener\">Classement<\/a><\/span><\/span><\/em><br \/>\n<\/strong><\/td>\n<td style=\"text-align: center; vertical-align: middle; width: 300px;\"><span style=\"font-size: 0.9em;\"><strong>\ud83c\udde7\ud83c\uddea Thierry NEUVILLE \/ \ud83c\udde7\ud83c\uddea Martijn WYDAEGHE<\/strong><br \/>\n<span style=\"font-size: 0.8em;\">HYUNDAI<\/span><\/span><\/td>\n<td style=\"text-align: center; vertical-align: middle; width: 300px;\"><span style=\"font-size: 0.9em;\"><strong>\ud83c\uddeb\ud83c\uddf7 S\u00e9bastien OGIER \/ \ud83c\uddeb\ud83c\uddf7 Benjamin VEILLAS<\/strong><br \/>\n<span style=\"font-size: 0.8em;\">TOYOTA<\/span><\/span><\/td>\n<\/tr>\n<tr>\n<td style=\"text-align: center; vertical-align: middle; width: 80px;\"><strong>10h29<\/strong><\/td>\n<td style=\"text-align: center; vertical-align: middle; width: 120px;\"><strong>ES18<br \/>\n<em><span style=\"font-size: 0.9em;\"><span style=\"font-size: 0.8em;\"><a href=\"https:\/\/fr.motorsport.com\/wrc\/results\/2022\/rallye-despagne-540292\/?st=SS+18\" target=\"_blank\" rel=\"nofollow noopener\">Classement<\/a><\/span><\/span><\/em><br \/>\n<\/strong><\/td>\n<td style=\"text-align: center; vertical-align: middle; width: 300px;\"><span style=\"font-size: 0.9em;\"><strong>\ud83c\uddeb\ud83c\uddf7 S\u00e9bastien OGIER \/ \ud83c\uddeb\ud83c\uddf7 Benjamin VEILLAS<\/strong><br \/>\n<span style=\"font-size: 0.8em;\">TOYOTA<\/span><\/span><\/td>\n<td style=\"text-align: center; vertical-align: middle; width: 300px;\"><span style=\"font-size: 0.9em;\"><strong>\ud83c\uddeb\ud83c\uddf7 S\u00e9bastien OGIER \/ \ud83c\uddeb\ud83c\uddf7 Benjamin VEILLAS<\/strong><br \/>\n<span style=\"font-size: 0.8em;\">TOYOTA<\/span><\/span><\/td>\n<\/tr>\n<tr>\n<td style=\"text-align: center; vertical-align: middle; width: 80px;\"><strong>12h18<\/strong><\/td>\n<td style=\"text-align: center; vertical-align: middle; width: 120px;\"><strong>ES19 (Power Stage)<br \/>\n<em><span style=\"font-size: 0.9em;\"><span style=\"font-size: 0.8em;\"><a href=\"https:\/\/fr.motorsport.com\/wrc\/results\/2022\/rallye-despagne-540292\/?st=SS+19\" target=\"_blank\" rel=\"nofollow noopener\">Classement<\/a><\/span><\/span><\/em><br \/>\n<\/strong><\/td>\n<td style=\"text-align: center; vertical-align: middle; width: 300px;\"><span style=\"font-size: 0.9em;\"><strong>\ud83c\uddeb\ud83c\uddf7 S\u00e9bastien OGIER \/ \ud83c\uddeb\ud83c\uddf7 Benjamin VEILLAS<\/strong><br \/>\n<span style=\"font-size: 0.8em;\">TOYOTA<\/span><\/span><\/td>\n<td style=\"text-align: center; vertical-align: middle; width: 300px;\"><span style=\"font-size: 0.9em;\"><strong>\ud83c\uddeb\ud83c\uddf7 S\u00e9bastien OGIER \/ \ud83c\uddeb\ud83c\uddf7 Benjamin VEILLAS<\/strong><br \/>\n<span style=\"font-size: 0.8em;\">TOYOTA<\/span><\/span><\/td>\n<\/tr>\n<\/tbody>\n<\/table>\n<h2 style=\"text-align: justify;\"><strong>\u00c0 lire aussi<\/strong><\/h2>\n<ul>\n<li style=\"text-align: justify;\"><a href=\"https:\/\/dicodusport.fr\/blog\/classement-general-rallye-espagne-catalogne-wrc-2022\/\"><strong>Le classement du Rallye d&rsquo;Espagne-Catalogne<\/strong><\/a><\/li>\n<li style=\"text-align: justify;\"><a href=\"https:\/\/dicodusport.fr\/blog\/rallye-wrc-2022-calendrier-complet-et-resultats\/\"><strong>WRC 2022 &#8211; Calendrier complet et r\u00e9sultats<\/strong><\/a><\/li>\n<li style=\"text-align: justify;\"><a href=\"https:\/\/dicodusport.fr\/blog\/rallye-wrc-2022-classement-general-championnat-pilotes\/\"><strong>WRC 2022 &#8211; Classement Championnat du monde des pilotes<\/strong><\/a><\/li>\n<\/ul>\n","protected":false},"excerpt":{"rendered":"<p>WRC 2022 &#8211; D\u00e9couvrez le programme des sp\u00e9ciales et les r\u00e9sultats du Rallye d&rsquo;Espagne 2022 en Catalogne, qui se d\u00e9roule du jeudi 20 au dimanche 23 octobre 2022.<\/p>\n","protected":false},"author":4,"featured_media":271383,"comment_status":"open","ping_status":"closed","sticky":false,"template":"","format":"standard","meta":{"_acf_changed":false,"_daextam_enable_autolinks":"","footnotes":""},"categories":[47088],"tags":[2235],"class_list":["post-271377","post","type-post","status-publish","format-standard","has-post-thumbnail","hentry","category-rallye-wrc","tag-wrc"],"acf":[],"yoast_head":"<!-- This site is optimized with the Yoast SEO Premium plugin v26.7 (Yoast SEO v26.7) - https:\/\/yoast.com\/wordpress\/plugins\/seo\/ -->\n<title>WRC - R\u00e9sultats complets Rallye Espagne Catalogne 2022<\/title>\n<meta name=\"description\" content=\"WRC 2022 - D\u00e9couvrez le programme des sp\u00e9ciales et les r\u00e9sultats du Rallye d&#039;Espagne 2022 en Catalogne, qui se d\u00e9roule du 20 au 23 octobre.\" \/>\n<meta name=\"robots\" content=\"index, follow, max-snippet:-1, max-image-preview:large, max-video-preview:-1\" \/>\n<link rel=\"canonical\" href=\"https:\/\/dicodusport.fr\/blog\/wrc-programme-speciales-et-resultats-rallye-espagne-catalogne-2022\/\" \/>\n<meta property=\"og:locale\" content=\"fr_FR\" \/>\n<meta property=\"og:type\" content=\"article\" \/>\n<meta property=\"og:title\" content=\"WRC - R\u00e9sultats complets Rallye Espagne Catalogne 2022\" \/>\n<meta property=\"og:description\" content=\"WRC 2022 - D\u00e9couvrez le programme des sp\u00e9ciales et les r\u00e9sultats du Rallye d&#039;Espagne 2022 en Catalogne, qui se d\u00e9roule du 20 au 23 octobre.\" \/>\n<meta property=\"og:url\" content=\"https:\/\/dicodusport.fr\/blog\/wrc-programme-speciales-et-resultats-rallye-espagne-catalogne-2022\/\" \/>\n<meta property=\"og:site_name\" content=\"Dicodusport\" \/>\n<meta property=\"article:publisher\" content=\"https:\/\/www.facebook.com\/dicodusport\" \/>\n<meta property=\"article:author\" content=\"https:\/\/www.facebook.com\/florent.ostermann\" \/>\n<meta property=\"article:published_time\" content=\"2022-10-23T11:30:48+00:00\" \/>\n<meta property=\"article:modified_time\" content=\"2023-01-19T10:05:01+00:00\" \/>\n<meta property=\"og:image\" content=\"https:\/\/dicodusport.fr\/blog\/wp-content\/uploads\/2022\/10\/WRC-Programme-speciales-et-resultats-Rallye-Espagne-Catalogne-2022.png\" \/>\n\t<meta property=\"og:image:width\" content=\"800\" \/>\n\t<meta property=\"og:image:height\" content=\"445\" \/>\n\t<meta property=\"og:image:type\" content=\"image\/png\" \/>\n<meta name=\"author\" content=\"Flo Ostermann\" \/>\n<meta name=\"twitter:card\" content=\"summary_large_image\" \/>\n<meta name=\"twitter:title\" content=\"WRC - R\u00e9sultats complets Rallye Espagne Catalogne 2022\" \/>\n<meta name=\"twitter:creator\" content=\"@https:\/\/twitter.com\/FlOstermann\" \/>\n<meta name=\"twitter:site\" content=\"@dicodusport\" \/>\n<script type=\"application\/ld+json\" class=\"yoast-schema-graph\">{\"@context\":\"https:\/\/schema.org\",\"@graph\":[{\"@type\":\"NewsArticle\",\"@id\":\"https:\/\/dicodusport.fr\/blog\/wrc-programme-speciales-et-resultats-rallye-espagne-catalogne-2022\/#article\",\"isPartOf\":{\"@id\":\"https:\/\/dicodusport.fr\/blog\/wrc-programme-speciales-et-resultats-rallye-espagne-catalogne-2022\/\"},\"author\":{\"name\":\"Flo Ostermann\",\"@id\":\"https:\/\/dicodusport.fr\/blog\/#\/schema\/person\/cb02af4c173ce4a653b55e9baf388d4a\"},\"headline\":\"WRC &#8211; R\u00e9sultats complets Rallye Espagne Catalogne 2022\",\"datePublished\":\"2022-10-23T11:30:48+00:00\",\"dateModified\":\"2023-01-19T10:05:01+00:00\",\"mainEntityOfPage\":{\"@id\":\"https:\/\/dicodusport.fr\/blog\/wrc-programme-speciales-et-resultats-rallye-espagne-catalogne-2022\/\"},\"wordCount\":530,\"commentCount\":0,\"publisher\":{\"@id\":\"https:\/\/dicodusport.fr\/blog\/#organization\"},\"image\":{\"@id\":\"https:\/\/dicodusport.fr\/blog\/wrc-programme-speciales-et-resultats-rallye-espagne-catalogne-2022\/#primaryimage\"},\"thumbnailUrl\":\"https:\/\/dicodusport.fr\/blog\/wp-content\/uploads\/2022\/10\/WRC-Programme-speciales-et-resultats-Rallye-Espagne-Catalogne-2022.png\",\"keywords\":[\"WRC\"],\"articleSection\":[\"Rallye WRC\"],\"inLanguage\":\"fr-FR\",\"potentialAction\":[{\"@type\":\"CommentAction\",\"name\":\"Comment\",\"target\":[\"https:\/\/dicodusport.fr\/blog\/wrc-programme-speciales-et-resultats-rallye-espagne-catalogne-2022\/#respond\"]}],\"copyrightYear\":\"2022\",\"copyrightHolder\":{\"@id\":\"https:\/\/dicodusport.fr\/blog\/#organization\"}},{\"@type\":\"WebPage\",\"@id\":\"https:\/\/dicodusport.fr\/blog\/wrc-programme-speciales-et-resultats-rallye-espagne-catalogne-2022\/\",\"url\":\"https:\/\/dicodusport.fr\/blog\/wrc-programme-speciales-et-resultats-rallye-espagne-catalogne-2022\/\",\"name\":\"WRC - R\u00e9sultats complets Rallye Espagne Catalogne 2022\",\"isPartOf\":{\"@id\":\"https:\/\/dicodusport.fr\/blog\/#website\"},\"primaryImageOfPage\":{\"@id\":\"https:\/\/dicodusport.fr\/blog\/wrc-programme-speciales-et-resultats-rallye-espagne-catalogne-2022\/#primaryimage\"},\"image\":{\"@id\":\"https:\/\/dicodusport.fr\/blog\/wrc-programme-speciales-et-resultats-rallye-espagne-catalogne-2022\/#primaryimage\"},\"thumbnailUrl\":\"https:\/\/dicodusport.fr\/blog\/wp-content\/uploads\/2022\/10\/WRC-Programme-speciales-et-resultats-Rallye-Espagne-Catalogne-2022.png\",\"datePublished\":\"2022-10-23T11:30:48+00:00\",\"dateModified\":\"2023-01-19T10:05:01+00:00\",\"description\":\"WRC 2022 - D\u00e9couvrez le programme des sp\u00e9ciales et les r\u00e9sultats du Rallye d'Espagne 2022 en Catalogne, qui se d\u00e9roule du 20 au 23 octobre.\",\"breadcrumb\":{\"@id\":\"https:\/\/dicodusport.fr\/blog\/wrc-programme-speciales-et-resultats-rallye-espagne-catalogne-2022\/#breadcrumb\"},\"inLanguage\":\"fr-FR\",\"potentialAction\":[{\"@type\":\"ReadAction\",\"target\":[\"https:\/\/dicodusport.fr\/blog\/wrc-programme-speciales-et-resultats-rallye-espagne-catalogne-2022\/\"]}]},{\"@type\":\"ImageObject\",\"inLanguage\":\"fr-FR\",\"@id\":\"https:\/\/dicodusport.fr\/blog\/wrc-programme-speciales-et-resultats-rallye-espagne-catalogne-2022\/#primaryimage\",\"url\":\"https:\/\/dicodusport.fr\/blog\/wp-content\/uploads\/2022\/10\/WRC-Programme-speciales-et-resultats-Rallye-Espagne-Catalogne-2022.png\",\"contentUrl\":\"https:\/\/dicodusport.fr\/blog\/wp-content\/uploads\/2022\/10\/WRC-Programme-speciales-et-resultats-Rallye-Espagne-Catalogne-2022.png\",\"width\":800,\"height\":445,\"caption\":\"WRC - Programme sp\u00e9ciales et r\u00e9sultats Rallye Espagne Catalogne 2022\"},{\"@type\":\"BreadcrumbList\",\"@id\":\"https:\/\/dicodusport.fr\/blog\/wrc-programme-speciales-et-resultats-rallye-espagne-catalogne-2022\/#breadcrumb\",\"itemListElement\":[{\"@type\":\"ListItem\",\"position\":1,\"name\":\"Accueil\",\"item\":\"https:\/\/dicodusport.fr\/blog\/\"},{\"@type\":\"ListItem\",\"position\":2,\"name\":\"WRC &#8211; R\u00e9sultats complets Rallye Espagne Catalogne 2022\"}]},{\"@type\":\"WebSite\",\"@id\":\"https:\/\/dicodusport.fr\/blog\/#website\",\"url\":\"https:\/\/dicodusport.fr\/blog\/\",\"name\":\"Dicodusport\",\"description\":\"L&#039;encyclop\u00e9die de l&#039;actualit\u00e9 sportive\",\"publisher\":{\"@id\":\"https:\/\/dicodusport.fr\/blog\/#organization\"},\"potentialAction\":[{\"@type\":\"SearchAction\",\"target\":{\"@type\":\"EntryPoint\",\"urlTemplate\":\"https:\/\/dicodusport.fr\/blog\/?s={search_term_string}\"},\"query-input\":{\"@type\":\"PropertyValueSpecification\",\"valueRequired\":true,\"valueName\":\"search_term_string\"}}],\"inLanguage\":\"fr-FR\"},{\"@type\":\"NewsMediaOrganization\",\"@id\":\"https:\/\/dicodusport.fr\/blog\/#organization\",\"name\":\"Dicodusport\",\"url\":\"https:\/\/dicodusport.fr\/blog\/\",\"logo\":{\"@type\":\"ImageObject\",\"inLanguage\":\"fr-FR\",\"@id\":\"https:\/\/dicodusport.fr\/blog\/#\/schema\/logo\/image\/\",\"url\":\"https:\/\/dicodusport.fr\/blog\/wp-content\/uploads\/2020\/06\/cropped-LOGO-DICODUSPORT-2020-SANS-FOND-SANS-TEXTE.png\",\"contentUrl\":\"https:\/\/dicodusport.fr\/blog\/wp-content\/uploads\/2020\/06\/cropped-LOGO-DICODUSPORT-2020-SANS-FOND-SANS-TEXTE.png\",\"width\":512,\"height\":512,\"caption\":\"Dicodusport\"},\"image\":{\"@id\":\"https:\/\/dicodusport.fr\/blog\/#\/schema\/logo\/image\/\"},\"sameAs\":[\"https:\/\/www.facebook.com\/dicodusport\",\"https:\/\/x.com\/dicodusport\",\"https:\/\/www.instagram.com\/dicodusport\/\",\"https:\/\/www.youtube.com\/channel\/UC7V2KZ5sd3htJivAbA4ZG3w\"],\"description\":\"Dicodusport est l'encyclop\u00e9die de l'actualit\u00e9 sportive.\",\"email\":\"bonjour@dicodusport.fr\",\"legalName\":\"DICODUSPORT\",\"foundingDate\":\"2018-01-14\",\"vatID\":\"FR71834470973\",\"taxID\":\"83447097300043\",\"numberOfEmployees\":{\"@type\":\"QuantitativeValue\",\"minValue\":\"1\",\"maxValue\":\"10\"}},{\"@type\":\"Person\",\"@id\":\"https:\/\/dicodusport.fr\/blog\/#\/schema\/person\/cb02af4c173ce4a653b55e9baf388d4a\",\"name\":\"Flo Ostermann\",\"image\":{\"@type\":\"ImageObject\",\"inLanguage\":\"fr-FR\",\"@id\":\"https:\/\/dicodusport.fr\/blog\/#\/schema\/person\/image\/\",\"url\":\"https:\/\/dicodusport.fr\/blog\/wp-content\/uploads\/2021\/05\/Flo-Ostermann-150x150.jpg\",\"contentUrl\":\"https:\/\/dicodusport.fr\/blog\/wp-content\/uploads\/2021\/05\/Flo-Ostermann-150x150.jpg\",\"caption\":\"Flo Ostermann\"},\"description\":\"Journaliste\/R\u00e9dacteur depuis septembre 2015 - Mes premiers souvenirs dans le sport ? Les envol\u00e9es du Stade Toulousain et les duels Villeneuve-Schumacher et H\u00e4kkinen-Schumacher \u00e0 la fin des ann\u00e9es 90, la Coupe du monde de football en 1998, l\u2019exploit du XV de France face aux All Blacks en 1999, mais aussi Richard C\u0153ur de Lion qui vole sur les montagnes du Tour de France. Bien parti pour devenir professeur d\u2019EPS, les \u00e9v\u00e9nements de la vie (et la flemme d\u2019animer des s\u00e9ances de 3x500 m\u00e8tres toute ma vie) m\u2019ont conduit \u00e0 revoir mes plans. Me voil\u00e0 depuis fin 2017 sur Dicodusport, m\u00e9dia gr\u00e2ce (et pour) lequel je partage ma passion : le sport dans tous ses \u00e9tats. Le tout accompagn\u00e9 par les fous furieux et folles furieuses cit\u00e9s sur cette page !\",\"sameAs\":[\"https:\/\/www.facebook.com\/florent.ostermann\",\"https:\/\/x.com\/https:\/\/twitter.com\/FlOstermann\",\"admin\"],\"url\":\"https:\/\/dicodusport.fr\/blog\/author\/flo\/\"}]}<\/script>\n<!-- \/ Yoast SEO Premium plugin. -->","yoast_head_json":{"title":"WRC - R\u00e9sultats complets Rallye Espagne Catalogne 2022","description":"WRC 2022 - D\u00e9couvrez le programme des sp\u00e9ciales et les r\u00e9sultats du Rallye d'Espagne 2022 en Catalogne, qui se d\u00e9roule du 20 au 23 octobre.","robots":{"index":"index","follow":"follow","max-snippet":"max-snippet:-1","max-image-preview":"max-image-preview:large","max-video-preview":"max-video-preview:-1"},"canonical":"https:\/\/dicodusport.fr\/blog\/wrc-programme-speciales-et-resultats-rallye-espagne-catalogne-2022\/","og_locale":"fr_FR","og_type":"article","og_title":"WRC - R\u00e9sultats complets Rallye Espagne Catalogne 2022","og_description":"WRC 2022 - D\u00e9couvrez le programme des sp\u00e9ciales et les r\u00e9sultats du Rallye d'Espagne 2022 en Catalogne, qui se d\u00e9roule du 20 au 23 octobre.","og_url":"https:\/\/dicodusport.fr\/blog\/wrc-programme-speciales-et-resultats-rallye-espagne-catalogne-2022\/","og_site_name":"Dicodusport","article_publisher":"https:\/\/www.facebook.com\/dicodusport","article_author":"https:\/\/www.facebook.com\/florent.ostermann","article_published_time":"2022-10-23T11:30:48+00:00","article_modified_time":"2023-01-19T10:05:01+00:00","og_image":[{"width":800,"height":445,"url":"https:\/\/dicodusport.fr\/blog\/wp-content\/uploads\/2022\/10\/WRC-Programme-speciales-et-resultats-Rallye-Espagne-Catalogne-2022.png","type":"image\/png"}],"author":"Flo Ostermann","twitter_card":"summary_large_image","twitter_title":"WRC - R\u00e9sultats complets Rallye Espagne Catalogne 2022","twitter_creator":"@https:\/\/twitter.com\/FlOstermann","twitter_site":"@dicodusport","schema":{"@context":"https:\/\/schema.org","@graph":[{"@type":"NewsArticle","@id":"https:\/\/dicodusport.fr\/blog\/wrc-programme-speciales-et-resultats-rallye-espagne-catalogne-2022\/#article","isPartOf":{"@id":"https:\/\/dicodusport.fr\/blog\/wrc-programme-speciales-et-resultats-rallye-espagne-catalogne-2022\/"},"author":{"name":"Flo Ostermann","@id":"https:\/\/dicodusport.fr\/blog\/#\/schema\/person\/cb02af4c173ce4a653b55e9baf388d4a"},"headline":"WRC &#8211; R\u00e9sultats complets Rallye Espagne Catalogne 2022","datePublished":"2022-10-23T11:30:48+00:00","dateModified":"2023-01-19T10:05:01+00:00","mainEntityOfPage":{"@id":"https:\/\/dicodusport.fr\/blog\/wrc-programme-speciales-et-resultats-rallye-espagne-catalogne-2022\/"},"wordCount":530,"commentCount":0,"publisher":{"@id":"https:\/\/dicodusport.fr\/blog\/#organization"},"image":{"@id":"https:\/\/dicodusport.fr\/blog\/wrc-programme-speciales-et-resultats-rallye-espagne-catalogne-2022\/#primaryimage"},"thumbnailUrl":"https:\/\/dicodusport.fr\/blog\/wp-content\/uploads\/2022\/10\/WRC-Programme-speciales-et-resultats-Rallye-Espagne-Catalogne-2022.png","keywords":["WRC"],"articleSection":["Rallye WRC"],"inLanguage":"fr-FR","potentialAction":[{"@type":"CommentAction","name":"Comment","target":["https:\/\/dicodusport.fr\/blog\/wrc-programme-speciales-et-resultats-rallye-espagne-catalogne-2022\/#respond"]}],"copyrightYear":"2022","copyrightHolder":{"@id":"https:\/\/dicodusport.fr\/blog\/#organization"}},{"@type":"WebPage","@id":"https:\/\/dicodusport.fr\/blog\/wrc-programme-speciales-et-resultats-rallye-espagne-catalogne-2022\/","url":"https:\/\/dicodusport.fr\/blog\/wrc-programme-speciales-et-resultats-rallye-espagne-catalogne-2022\/","name":"WRC - R\u00e9sultats complets Rallye Espagne Catalogne 2022","isPartOf":{"@id":"https:\/\/dicodusport.fr\/blog\/#website"},"primaryImageOfPage":{"@id":"https:\/\/dicodusport.fr\/blog\/wrc-programme-speciales-et-resultats-rallye-espagne-catalogne-2022\/#primaryimage"},"image":{"@id":"https:\/\/dicodusport.fr\/blog\/wrc-programme-speciales-et-resultats-rallye-espagne-catalogne-2022\/#primaryimage"},"thumbnailUrl":"https:\/\/dicodusport.fr\/blog\/wp-content\/uploads\/2022\/10\/WRC-Programme-speciales-et-resultats-Rallye-Espagne-Catalogne-2022.png","datePublished":"2022-10-23T11:30:48+00:00","dateModified":"2023-01-19T10:05:01+00:00","description":"WRC 2022 - D\u00e9couvrez le programme des sp\u00e9ciales et les r\u00e9sultats du Rallye d'Espagne 2022 en Catalogne, qui se d\u00e9roule du 20 au 23 octobre.","breadcrumb":{"@id":"https:\/\/dicodusport.fr\/blog\/wrc-programme-speciales-et-resultats-rallye-espagne-catalogne-2022\/#breadcrumb"},"inLanguage":"fr-FR","potentialAction":[{"@type":"ReadAction","target":["https:\/\/dicodusport.fr\/blog\/wrc-programme-speciales-et-resultats-rallye-espagne-catalogne-2022\/"]}]},{"@type":"ImageObject","inLanguage":"fr-FR","@id":"https:\/\/dicodusport.fr\/blog\/wrc-programme-speciales-et-resultats-rallye-espagne-catalogne-2022\/#primaryimage","url":"https:\/\/dicodusport.fr\/blog\/wp-content\/uploads\/2022\/10\/WRC-Programme-speciales-et-resultats-Rallye-Espagne-Catalogne-2022.png","contentUrl":"https:\/\/dicodusport.fr\/blog\/wp-content\/uploads\/2022\/10\/WRC-Programme-speciales-et-resultats-Rallye-Espagne-Catalogne-2022.png","width":800,"height":445,"caption":"WRC - Programme sp\u00e9ciales et r\u00e9sultats Rallye Espagne Catalogne 2022"},{"@type":"BreadcrumbList","@id":"https:\/\/dicodusport.fr\/blog\/wrc-programme-speciales-et-resultats-rallye-espagne-catalogne-2022\/#breadcrumb","itemListElement":[{"@type":"ListItem","position":1,"name":"Accueil","item":"https:\/\/dicodusport.fr\/blog\/"},{"@type":"ListItem","position":2,"name":"WRC &#8211; R\u00e9sultats complets Rallye Espagne Catalogne 2022"}]},{"@type":"WebSite","@id":"https:\/\/dicodusport.fr\/blog\/#website","url":"https:\/\/dicodusport.fr\/blog\/","name":"Dicodusport","description":"L&#039;encyclop\u00e9die de l&#039;actualit\u00e9 sportive","publisher":{"@id":"https:\/\/dicodusport.fr\/blog\/#organization"},"potentialAction":[{"@type":"SearchAction","target":{"@type":"EntryPoint","urlTemplate":"https:\/\/dicodusport.fr\/blog\/?s={search_term_string}"},"query-input":{"@type":"PropertyValueSpecification","valueRequired":true,"valueName":"search_term_string"}}],"inLanguage":"fr-FR"},{"@type":"NewsMediaOrganization","@id":"https:\/\/dicodusport.fr\/blog\/#organization","name":"Dicodusport","url":"https:\/\/dicodusport.fr\/blog\/","logo":{"@type":"ImageObject","inLanguage":"fr-FR","@id":"https:\/\/dicodusport.fr\/blog\/#\/schema\/logo\/image\/","url":"https:\/\/dicodusport.fr\/blog\/wp-content\/uploads\/2020\/06\/cropped-LOGO-DICODUSPORT-2020-SANS-FOND-SANS-TEXTE.png","contentUrl":"https:\/\/dicodusport.fr\/blog\/wp-content\/uploads\/2020\/06\/cropped-LOGO-DICODUSPORT-2020-SANS-FOND-SANS-TEXTE.png","width":512,"height":512,"caption":"Dicodusport"},"image":{"@id":"https:\/\/dicodusport.fr\/blog\/#\/schema\/logo\/image\/"},"sameAs":["https:\/\/www.facebook.com\/dicodusport","https:\/\/x.com\/dicodusport","https:\/\/www.instagram.com\/dicodusport\/","https:\/\/www.youtube.com\/channel\/UC7V2KZ5sd3htJivAbA4ZG3w"],"description":"Dicodusport est l'encyclop\u00e9die de l'actualit\u00e9 sportive.","email":"bonjour@dicodusport.fr","legalName":"DICODUSPORT","foundingDate":"2018-01-14","vatID":"FR71834470973","taxID":"83447097300043","numberOfEmployees":{"@type":"QuantitativeValue","minValue":"1","maxValue":"10"}},{"@type":"Person","@id":"https:\/\/dicodusport.fr\/blog\/#\/schema\/person\/cb02af4c173ce4a653b55e9baf388d4a","name":"Flo Ostermann","image":{"@type":"ImageObject","inLanguage":"fr-FR","@id":"https:\/\/dicodusport.fr\/blog\/#\/schema\/person\/image\/","url":"https:\/\/dicodusport.fr\/blog\/wp-content\/uploads\/2021\/05\/Flo-Ostermann-150x150.jpg","contentUrl":"https:\/\/dicodusport.fr\/blog\/wp-content\/uploads\/2021\/05\/Flo-Ostermann-150x150.jpg","caption":"Flo Ostermann"},"description":"Journaliste\/R\u00e9dacteur depuis septembre 2015 - Mes premiers souvenirs dans le sport ? Les envol\u00e9es du Stade Toulousain et les duels Villeneuve-Schumacher et H\u00e4kkinen-Schumacher \u00e0 la fin des ann\u00e9es 90, la Coupe du monde de football en 1998, l\u2019exploit du XV de France face aux All Blacks en 1999, mais aussi Richard C\u0153ur de Lion qui vole sur les montagnes du Tour de France. Bien parti pour devenir professeur d\u2019EPS, les \u00e9v\u00e9nements de la vie (et la flemme d\u2019animer des s\u00e9ances de 3x500 m\u00e8tres toute ma vie) m\u2019ont conduit \u00e0 revoir mes plans. Me voil\u00e0 depuis fin 2017 sur Dicodusport, m\u00e9dia gr\u00e2ce (et pour) lequel je partage ma passion : le sport dans tous ses \u00e9tats. Le tout accompagn\u00e9 par les fous furieux et folles furieuses cit\u00e9s sur cette page !","sameAs":["https:\/\/www.facebook.com\/florent.ostermann","https:\/\/x.com\/https:\/\/twitter.com\/FlOstermann","admin"],"url":"https:\/\/dicodusport.fr\/blog\/author\/flo\/"}]}},"_links":{"self":[{"href":"https:\/\/dicodusport.fr\/blog\/wp-json\/wp\/v2\/posts\/271377","targetHints":{"allow":["GET"]}}],"collection":[{"href":"https:\/\/dicodusport.fr\/blog\/wp-json\/wp\/v2\/posts"}],"about":[{"href":"https:\/\/dicodusport.fr\/blog\/wp-json\/wp\/v2\/types\/post"}],"author":[{"embeddable":true,"href":"https:\/\/dicodusport.fr\/blog\/wp-json\/wp\/v2\/users\/4"}],"replies":[{"embeddable":true,"href":"https:\/\/dicodusport.fr\/blog\/wp-json\/wp\/v2\/comments?post=271377"}],"version-history":[{"count":0,"href":"https:\/\/dicodusport.fr\/blog\/wp-json\/wp\/v2\/posts\/271377\/revisions"}],"wp:featuredmedia":[{"embeddable":true,"href":"https:\/\/dicodusport.fr\/blog\/wp-json\/wp\/v2\/media\/271383"}],"wp:attachment":[{"href":"https:\/\/dicodusport.fr\/blog\/wp-json\/wp\/v2\/media?parent=271377"}],"wp:term":[{"taxonomy":"category","embeddable":true,"href":"https:\/\/dicodusport.fr\/blog\/wp-json\/wp\/v2\/categories?post=271377"},{"taxonomy":"post_tag","embeddable":true,"href":"https:\/\/dicodusport.fr\/blog\/wp-json\/wp\/v2\/tags?post=271377"}],"curies":[{"name":"wp","href":"https:\/\/api.w.org\/{rel}","templated":true}]}}