{"id":271418,"date":"2022-10-19T17:30:34","date_gmt":"2022-10-19T15:30:34","guid":{"rendered":"https:\/\/dicodusport.fr\/blog\/?p=271418&#038;preview=true&#038;preview_id=271418"},"modified":"2022-10-19T17:33:50","modified_gmt":"2022-10-19T15:33:50","slug":"top-10-des-cyclistes-francais-qui-ont-le-plus-gagne-en-2022","status":"publish","type":"post","link":"https:\/\/dicodusport.fr\/blog\/top-10-des-cyclistes-francais-qui-ont-le-plus-gagne-en-2022\/","title":{"rendered":"Top 10 des cyclistes fran\u00e7ais qui ont le plus gagn\u00e9 en 2022"},"content":{"rendered":"<p style=\"text-align: justify;\"><em><strong>CYCLISME SUR ROUTE 2022 &#8211; D\u00e9couvrez le top 10 des coureurs fran\u00e7ais qui ont le plus gagn\u00e9 en cyclisme sur route lors de la saison 2022.<\/strong><\/em><\/p>\n<p style=\"text-align: justify;\"><strong><span style=\"font-size: 24px;\">7\u00e8me ex-aequo : Axel Zingle &#8211; <span style=\"color: #ff0000;\">3 victoires<\/span><\/span><\/strong><\/p>\n<div id=\"attachment_271437\" style=\"width: 810px\" class=\"wp-caption aligncenter\"><a href=\"https:\/\/dicodusport.fr\/blog\/wp-content\/uploads\/2022\/10\/Axel-Zingle.png\"><img loading=\"lazy\" decoding=\"async\" aria-describedby=\"caption-attachment-271437\" class=\"size-full wp-image-271437\" src=\"https:\/\/dicodusport.fr\/blog\/wp-content\/uploads\/2022\/10\/Axel-Zingle.png\" alt=\"Axel Zingle\" width=\"800\" height=\"445\" srcset=\"https:\/\/dicodusport.fr\/blog\/wp-content\/uploads\/2022\/10\/Axel-Zingle.png 800w, https:\/\/dicodusport.fr\/blog\/wp-content\/uploads\/2022\/10\/Axel-Zingle-300x167.png 300w, https:\/\/dicodusport.fr\/blog\/wp-content\/uploads\/2022\/10\/Axel-Zingle-768x427.png 768w\" sizes=\"auto, (max-width: 800px) 100vw, 800px\" \/><\/a><p id=\"caption-attachment-271437\" class=\"wp-caption-text\">Axel Zingle &#8211; Photo Icon Sport<\/p><\/div>\n<p style=\"text-align: justify;\"><strong>Victoire(s) la ou les plus marquantes :<\/strong> Victoire d&rsquo;\u00e9tape sur l&rsquo;Arctic Race of Norway et vainqueur de la Famenne Ardenne Classic.<\/p>\n<p style=\"text-align: center;\"><a href=\"https:\/\/dicodusport.fr\/blog\/top-10-des-cyclistes-francais-qui-ont-le-plus-gagne-en-2022\/2\/#dix\" class=\"su-button su-button-style-flat\" style=\"color:#FFFFFF;background-color:#0057ae;border-color:#00468c;border-radius:4px\" target=\"_self\"><span style=\"color:#FFFFFF;padding:0px 22px;font-size:17px;line-height:34px;border-color:#4d8ac7;border-radius:4px;text-shadow:none\"> <strong>Septi\u00e8me ex-aequo<\/strong><\/span><\/a><!--nextpage--><\/p>\n<p style=\"text-align: justify;\"><strong><span style=\"font-size: 24px;\"><a id=\"dix\"><\/a>7\u00e8me ex-aequo : Julien Simon &#8211; <span style=\"color: #ff0000;\">3 victoires<\/span><\/span><\/strong><\/p>\n<div id=\"attachment_252657\" style=\"width: 810px\" class=\"wp-caption aligncenter\"><a href=\"https:\/\/dicodusport.fr\/blog\/wp-content\/uploads\/2022\/08\/Tour-du-Limousin-2022-Julien-Simon-remporte-la-1ere-etape.png\"><img loading=\"lazy\" decoding=\"async\" aria-describedby=\"caption-attachment-252657\" class=\"size-full wp-image-252657\" src=\"https:\/\/dicodusport.fr\/blog\/wp-content\/uploads\/2022\/08\/Tour-du-Limousin-2022-Julien-Simon-remporte-la-1ere-etape.png\" alt=\"Tour du Limousin 2022 Julien Simon remporte la 1\u00e8re \u00e9tape\" width=\"800\" height=\"445\" srcset=\"https:\/\/dicodusport.fr\/blog\/wp-content\/uploads\/2022\/08\/Tour-du-Limousin-2022-Julien-Simon-remporte-la-1ere-etape.png 800w, https:\/\/dicodusport.fr\/blog\/wp-content\/uploads\/2022\/08\/Tour-du-Limousin-2022-Julien-Simon-remporte-la-1ere-etape-300x167.png 300w, https:\/\/dicodusport.fr\/blog\/wp-content\/uploads\/2022\/08\/Tour-du-Limousin-2022-Julien-Simon-remporte-la-1ere-etape-768x427.png 768w\" sizes=\"auto, (max-width: 800px) 100vw, 800px\" \/><\/a><p id=\"caption-attachment-252657\" class=\"wp-caption-text\">Julien Simon &#8211; Photo Icon Sport<\/p><\/div>\n<p style=\"text-align: justify;\"><strong>Victoire(s) la ou les plus marquantes :<\/strong> Vainqueur du Grand Prix du Morbihan.<\/p>\n<p style=\"text-align: center;\"><a href=\"https:\/\/dicodusport.fr\/blog\/top-10-des-cyclistes-francais-qui-ont-le-plus-gagne-en-2022\/3\/#huit\" class=\"su-button su-button-style-flat\" style=\"color:#FFFFFF;background-color:#0057ae;border-color:#00468c;border-radius:4px\" target=\"_self\"><span style=\"color:#FFFFFF;padding:0px 22px;font-size:17px;line-height:34px;border-color:#4d8ac7;border-radius:4px;text-shadow:none\"> <strong>Septi\u00e8me<\/strong><strong>\u00a0ex-aequo<\/strong><\/span><\/a>\n<p style=\"text-align: center;\"><!--nextpage--><\/p>\n<p style=\"text-align: justify;\"><strong><span style=\"font-size: 24px;\"><a id=\"huit\"><\/a>7\u00e8me ex-aequo : Alex Baudin &#8211; <span style=\"color: #ff0000;\">3 victoires<\/span><\/span><\/strong><\/p>\n<div id=\"attachment_271436\" style=\"width: 810px\" class=\"wp-caption aligncenter\"><a href=\"https:\/\/dicodusport.fr\/blog\/wp-content\/uploads\/2022\/10\/Alex-Baudin.png\"><img loading=\"lazy\" decoding=\"async\" aria-describedby=\"caption-attachment-271436\" class=\"size-full wp-image-271436\" src=\"https:\/\/dicodusport.fr\/blog\/wp-content\/uploads\/2022\/10\/Alex-Baudin.png\" alt=\"Alex Baudin\" width=\"800\" height=\"445\" srcset=\"https:\/\/dicodusport.fr\/blog\/wp-content\/uploads\/2022\/10\/Alex-Baudin.png 800w, https:\/\/dicodusport.fr\/blog\/wp-content\/uploads\/2022\/10\/Alex-Baudin-300x167.png 300w, https:\/\/dicodusport.fr\/blog\/wp-content\/uploads\/2022\/10\/Alex-Baudin-768x427.png 768w\" sizes=\"auto, (max-width: 800px) 100vw, 800px\" \/><\/a><p id=\"caption-attachment-271436\" class=\"wp-caption-text\">Alex Baudin &#8211; Photo TgrRaiVdA<\/p><\/div>\n<p style=\"text-align: justify;\"><strong>Victoire(s) la ou les plus marquantes :<\/strong> Vainqueur de la 3\u00e8me \u00e9tape du Tour de Bretagne.<\/p>\n<p style=\"text-align: center;\"><a href=\"https:\/\/dicodusport.fr\/blog\/top-10-des-cyclistes-francais-qui-ont-le-plus-gagne-en-2022\/4\/#huit\" class=\"su-button su-button-style-flat\" style=\"color:#FFFFFF;background-color:#0057ae;border-color:#00468c;border-radius:4px\" target=\"_self\"><span style=\"color:#FFFFFF;padding:0px 22px;font-size:17px;line-height:34px;border-color:#4d8ac7;border-radius:4px;text-shadow:none\"> <strong>Septi\u00e8me<\/strong><strong>\u00a0ex-aequo<\/strong><\/span><\/a>\n<p><!--nextpage--><\/p>\n<p style=\"text-align: justify;\"><a id=\"huit\"><\/a><strong><span style=\"font-size: 24px;\">7\u00e8me ex-aequo : Valentin Madouas &#8211; <span style=\"color: #ff0000;\">3 victoires<\/span><\/span><\/strong><\/p>\n<div id=\"attachment_262819\" style=\"width: 810px\" class=\"wp-caption aligncenter\"><a href=\"https:\/\/dicodusport.fr\/blog\/wp-content\/uploads\/2022\/09\/Tour-du-Luxembourg-Valentin-Madouas-sadjuge-la-5eme-etape-le-general-pour-Skjelmose-Jensen.png\"><img loading=\"lazy\" decoding=\"async\" aria-describedby=\"caption-attachment-262819\" class=\"size-full wp-image-262819\" src=\"https:\/\/dicodusport.fr\/blog\/wp-content\/uploads\/2022\/09\/Tour-du-Luxembourg-Valentin-Madouas-sadjuge-la-5eme-etape-le-general-pour-Skjelmose-Jensen.png\" alt=\"Tour du Luxembourg Valentin Madouas s'adjuge la 5\u00e8me \u00e9tape, le g\u00e9n\u00e9ral pour Skjelmose Jensen\" width=\"800\" height=\"445\" srcset=\"https:\/\/dicodusport.fr\/blog\/wp-content\/uploads\/2022\/09\/Tour-du-Luxembourg-Valentin-Madouas-sadjuge-la-5eme-etape-le-general-pour-Skjelmose-Jensen.png 800w, https:\/\/dicodusport.fr\/blog\/wp-content\/uploads\/2022\/09\/Tour-du-Luxembourg-Valentin-Madouas-sadjuge-la-5eme-etape-le-general-pour-Skjelmose-Jensen-300x167.png 300w, https:\/\/dicodusport.fr\/blog\/wp-content\/uploads\/2022\/09\/Tour-du-Luxembourg-Valentin-Madouas-sadjuge-la-5eme-etape-le-general-pour-Skjelmose-Jensen-768x427.png 768w\" sizes=\"auto, (max-width: 800px) 100vw, 800px\" \/><\/a><p id=\"caption-attachment-262819\" class=\"wp-caption-text\">Valentin Madouas &#8211; Photo Icon Sport<\/p><\/div>\n<p style=\"text-align: justify;\"><strong>Victoire(s) la ou les plus marquantes :<\/strong> Deux victoires d&rsquo;\u00e9tape sur le Tour de Luxembourg.<\/p>\n<p style=\"text-align: center;\"><a href=\"https:\/\/dicodusport.fr\/blog\/top-10-des-cyclistes-francais-qui-ont-le-plus-gagne-en-2022\/5\/#sept\" class=\"su-button su-button-style-flat\" style=\"color:#FFFFFF;background-color:#0057ae;border-color:#00468c;border-radius:4px\" target=\"_self\"><span style=\"color:#FFFFFF;padding:0px 22px;font-size:17px;line-height:34px;border-color:#4d8ac7;border-radius:4px;text-shadow:none\"> <strong>Septi\u00e8me<\/strong><strong>\u00a0ex-aequo<\/strong><\/span><\/a>\n<p><!--nextpage--><\/p>\n<p style=\"text-align: justify;\"><a id=\"sept\"><\/a><strong><span style=\"font-size: 24px;\">7\u00e8me ex-aequo : Bryan Coquard &#8211; <span style=\"color: #ff0000;\">3 victoires<\/span><\/span><\/strong><\/p>\n<div id=\"attachment_266712\" style=\"width: 810px\" class=\"wp-caption aligncenter\"><a href=\"https:\/\/dicodusport.fr\/blog\/wp-content\/uploads\/2022\/10\/Tour-de-Vendee-2022-Bryan-Coquard-domine-Arnaud-Demare.png\"><img loading=\"lazy\" decoding=\"async\" aria-describedby=\"caption-attachment-266712\" class=\"size-full wp-image-266712\" src=\"https:\/\/dicodusport.fr\/blog\/wp-content\/uploads\/2022\/10\/Tour-de-Vendee-2022-Bryan-Coquard-domine-Arnaud-Demare.png\" alt=\"Tour de Vend\u00e9e 2022 Bryan Coquard domine Arnaud D\u00e9mare\" width=\"800\" height=\"445\" srcset=\"https:\/\/dicodusport.fr\/blog\/wp-content\/uploads\/2022\/10\/Tour-de-Vendee-2022-Bryan-Coquard-domine-Arnaud-Demare.png 800w, https:\/\/dicodusport.fr\/blog\/wp-content\/uploads\/2022\/10\/Tour-de-Vendee-2022-Bryan-Coquard-domine-Arnaud-Demare-300x167.png 300w, https:\/\/dicodusport.fr\/blog\/wp-content\/uploads\/2022\/10\/Tour-de-Vendee-2022-Bryan-Coquard-domine-Arnaud-Demare-768x427.png 768w\" sizes=\"auto, (max-width: 800px) 100vw, 800px\" \/><\/a><p id=\"caption-attachment-266712\" class=\"wp-caption-text\">Bryan Coquard &#8211; Photo Icon Sport<\/p><\/div>\n<p style=\"text-align: justify;\"><strong>Victoire(s) la ou les plus marquantes :<\/strong> Vainqueur du Tour de Vend\u00e9e.<\/p>\n<p style=\"text-align: center;\"><a href=\"https:\/\/dicodusport.fr\/blog\/top-10-des-cyclistes-francais-qui-ont-le-plus-gagne-en-2022\/6\/#six\" class=\"su-button su-button-style-flat\" style=\"color:#FFFFFF;background-color:#0057ae;border-color:#00468c;border-radius:4px\" target=\"_self\"><span style=\"color:#FFFFFF;padding:0px 22px;font-size:17px;line-height:34px;border-color:#4d8ac7;border-radius:4px;text-shadow:none\"> <strong>Quatri\u00e8me ex-aequo<\/strong><\/span><\/a>\n<p><!--nextpage--><\/p>\n<p style=\"text-align: justify;\"><a id=\"six\"><\/a><strong><span style=\"font-size: 24px;\">4\u00e8me ex-aequo : Marc Sarreau &#8211; <span style=\"color: #ff0000;\">4 victoires<\/span><\/span><\/strong><\/p>\n<div id=\"attachment_209986\" style=\"width: 810px\" class=\"wp-caption aligncenter\"><a href=\"https:\/\/dicodusport.fr\/blog\/wp-content\/uploads\/2022\/03\/Cholet-Pays-de-la-Loire-2022-Marc-Sarreau-retrouve-le-chemin-de-la-victoire.png\"><img loading=\"lazy\" decoding=\"async\" aria-describedby=\"caption-attachment-209986\" class=\"size-full wp-image-209986\" src=\"https:\/\/dicodusport.fr\/blog\/wp-content\/uploads\/2022\/03\/Cholet-Pays-de-la-Loire-2022-Marc-Sarreau-retrouve-le-chemin-de-la-victoire.png\" alt=\"Cholet - Pays de la Loire 2022 Marc Sarreau retrouve le chemin de la victoire\" width=\"800\" height=\"445\" srcset=\"https:\/\/dicodusport.fr\/blog\/wp-content\/uploads\/2022\/03\/Cholet-Pays-de-la-Loire-2022-Marc-Sarreau-retrouve-le-chemin-de-la-victoire.png 800w, https:\/\/dicodusport.fr\/blog\/wp-content\/uploads\/2022\/03\/Cholet-Pays-de-la-Loire-2022-Marc-Sarreau-retrouve-le-chemin-de-la-victoire-300x167.png 300w, https:\/\/dicodusport.fr\/blog\/wp-content\/uploads\/2022\/03\/Cholet-Pays-de-la-Loire-2022-Marc-Sarreau-retrouve-le-chemin-de-la-victoire-768x427.png 768w\" sizes=\"auto, (max-width: 800px) 100vw, 800px\" \/><\/a><p id=\"caption-attachment-209986\" class=\"wp-caption-text\">Marc Sarreau &#8211; Photo Icon Sport<\/p><\/div>\n<p style=\"text-align: justify;\"><strong>Victoire(s) la ou les plus marquantes :<\/strong> Vainqueur de Cholet &#8211; Pays de la Loire.<\/p>\n<p style=\"text-align: center;\"><a href=\"https:\/\/dicodusport.fr\/blog\/top-10-des-cyclistes-francais-qui-ont-le-plus-gagne-en-2022\/7\/#cinq\" class=\"su-button su-button-style-flat\" style=\"color:#FFFFFF;background-color:#0057ae;border-color:#00468c;border-radius:4px\" target=\"_self\"><span style=\"color:#FFFFFF;padding:0px 22px;font-size:17px;line-height:34px;border-color:#4d8ac7;border-radius:4px;text-shadow:none\"> <strong>Quatri\u00e8me ex-aequo<\/strong><\/span><\/a>\n<p><!--nextpage--><\/p>\n<p style=\"text-align: justify;\"><a id=\"cinq\"><\/a><strong><span style=\"font-size: 24px;\">4\u00e8me ex-aequo : Benjamin Thomas &#8211; <span style=\"color: #ff0000;\">4 victoires<\/span><\/span><\/strong><\/p>\n<div id=\"attachment_197102\" style=\"width: 810px\" class=\"wp-caption aligncenter\"><a href=\"https:\/\/dicodusport.fr\/blog\/wp-content\/uploads\/2022\/02\/Etoile-de-Besseges-2022-Benjamin-Thomas-simpose-en-costaud-sur-la-3eme-etape.png\"><img loading=\"lazy\" decoding=\"async\" aria-describedby=\"caption-attachment-197102\" class=\"size-full wp-image-197102\" src=\"https:\/\/dicodusport.fr\/blog\/wp-content\/uploads\/2022\/02\/Etoile-de-Besseges-2022-Benjamin-Thomas-simpose-en-costaud-sur-la-3eme-etape.png\" alt=\"\u00c9toile de Bess\u00e8ges 2022 Benjamin Thomas s'impose en costaud sur la 3\u00e8me \u00e9tape\" width=\"800\" height=\"445\" srcset=\"https:\/\/dicodusport.fr\/blog\/wp-content\/uploads\/2022\/02\/Etoile-de-Besseges-2022-Benjamin-Thomas-simpose-en-costaud-sur-la-3eme-etape.png 800w, https:\/\/dicodusport.fr\/blog\/wp-content\/uploads\/2022\/02\/Etoile-de-Besseges-2022-Benjamin-Thomas-simpose-en-costaud-sur-la-3eme-etape-300x167.png 300w, https:\/\/dicodusport.fr\/blog\/wp-content\/uploads\/2022\/02\/Etoile-de-Besseges-2022-Benjamin-Thomas-simpose-en-costaud-sur-la-3eme-etape-768x427.png 768w\" sizes=\"auto, (max-width: 800px) 100vw, 800px\" \/><\/a><p id=\"caption-attachment-197102\" class=\"wp-caption-text\">Benjamin Thomas &#8211; Photo Icon Sport<\/p><\/div>\n<p style=\"text-align: justify;\"><strong>Victoire(s) la ou les plus marquantes :<\/strong> Victoires d&rsquo;\u00e9tape sur les Boucles de la Mayenne, victoire au g\u00e9n\u00e9ral de l&rsquo;\u00c9toile de Bess\u00e8ges<\/p>\n<p style=\"text-align: center;\"><a href=\"https:\/\/dicodusport.fr\/blog\/top-10-des-cyclistes-francais-qui-ont-le-plus-gagne-en-2022\/8\/#quatre\" class=\"su-button su-button-style-flat\" style=\"color:#FFFFFF;background-color:#0057ae;border-color:#00468c;border-radius:4px\" target=\"_self\"><span style=\"color:#FFFFFF;padding:0px 22px;font-size:17px;line-height:34px;border-color:#4d8ac7;border-radius:4px;text-shadow:none\"> <b>Quatri\u00e8me ex-aequo<\/b><\/span><\/a>\n<p><!--nextpage--><\/p>\n<p style=\"text-align: justify;\"><a id=\"quatre\"><\/a><strong><span style=\"font-size: 24px;\">4\u00e8me ex-aequo : Jason Tesson &#8211; <span style=\"color: #ff0000;\">4 victoires<\/span><\/span><\/strong><\/p>\n<div id=\"attachment_237441\" style=\"width: 810px\" class=\"wp-caption aligncenter\"><a href=\"https:\/\/dicodusport.fr\/blog\/wp-content\/uploads\/2022\/06\/Jason-Tesson-Je-suis-en-contact-avec-4-5-e\u0301quipes.png\"><img loading=\"lazy\" decoding=\"async\" aria-describedby=\"caption-attachment-237441\" class=\"size-full wp-image-237441\" src=\"https:\/\/dicodusport.fr\/blog\/wp-content\/uploads\/2022\/06\/Jason-Tesson-Je-suis-en-contact-avec-4-5-e\u0301quipes.png\" alt=\"Jason Tesson\" width=\"800\" height=\"445\" srcset=\"https:\/\/dicodusport.fr\/blog\/wp-content\/uploads\/2022\/06\/Jason-Tesson-Je-suis-en-contact-avec-4-5-e\u0301quipes.png 800w, https:\/\/dicodusport.fr\/blog\/wp-content\/uploads\/2022\/06\/Jason-Tesson-Je-suis-en-contact-avec-4-5-e\u0301quipes-300x167.png 300w, https:\/\/dicodusport.fr\/blog\/wp-content\/uploads\/2022\/06\/Jason-Tesson-Je-suis-en-contact-avec-4-5-e\u0301quipes-768x427.png 768w\" sizes=\"auto, (max-width: 800px) 100vw, 800px\" \/><\/a><p id=\"caption-attachment-237441\" class=\"wp-caption-text\">Jason Tesson &#8211; Photo Icon Sport<\/p><\/div>\n<p style=\"text-align: justify;\"><strong>Victoire(s) la ou les plus marquantes :<\/strong> Victoires d&rsquo;\u00e9tape sur les 4 Jours de Dunkerque et les Boucles de la Mayenne.<\/p>\n<p style=\"text-align: center;\"><a href=\"https:\/\/dicodusport.fr\/blog\/top-10-des-cyclistes-francais-qui-ont-le-plus-gagne-en-2022\/9\/#trois\" class=\"su-button su-button-style-flat\" style=\"color:#FFFFFF;background-color:#0057ae;border-color:#00468c;border-radius:4px\" target=\"_self\"><span style=\"color:#FFFFFF;padding:0px 22px;font-size:17px;line-height:34px;border-color:#4d8ac7;border-radius:4px;text-shadow:none\"> <strong>Troisi\u00e8me<\/strong><\/span><\/a>\n<p><!--nextpage--><\/p>\n<p style=\"text-align: justify;\"><a id=\"trois\"><\/a><strong><span style=\"font-size: 24px;\">3\u00e8me : Christophe Laporte &#8211; <span style=\"color: #ff0000;\">5 victoires<\/span><\/span><\/strong><\/p>\n<div id=\"attachment_267227\" style=\"width: 810px\" class=\"wp-caption aligncenter\"><a href=\"https:\/\/dicodusport.fr\/blog\/wp-content\/uploads\/2022\/10\/Binche-Chimay-Binche-2022-Victoire-de-Christophe-Laporte-.png\"><img loading=\"lazy\" decoding=\"async\" aria-describedby=\"caption-attachment-267227\" class=\"size-full wp-image-267227\" src=\"https:\/\/dicodusport.fr\/blog\/wp-content\/uploads\/2022\/10\/Binche-Chimay-Binche-2022-Victoire-de-Christophe-Laporte-.png\" alt=\"Binche-Chimay-Binche 2022 Victoire de Christophe Laporte !\" width=\"800\" height=\"445\" srcset=\"https:\/\/dicodusport.fr\/blog\/wp-content\/uploads\/2022\/10\/Binche-Chimay-Binche-2022-Victoire-de-Christophe-Laporte-.png 800w, https:\/\/dicodusport.fr\/blog\/wp-content\/uploads\/2022\/10\/Binche-Chimay-Binche-2022-Victoire-de-Christophe-Laporte--300x167.png 300w, https:\/\/dicodusport.fr\/blog\/wp-content\/uploads\/2022\/10\/Binche-Chimay-Binche-2022-Victoire-de-Christophe-Laporte--768x427.png 768w\" sizes=\"auto, (max-width: 800px) 100vw, 800px\" \/><\/a><p id=\"caption-attachment-267227\" class=\"wp-caption-text\">Christophe Laporte &#8211; Photo Icon Sport<\/p><\/div>\n<p style=\"text-align: justify;\"><strong>Victoire(s) la ou les plus marquantes :<\/strong> Vainqueur de la 19\u00e8me \u00e9tape du Tour de France.<\/p>\n<p style=\"text-align: center;\"><a href=\"https:\/\/dicodusport.fr\/blog\/top-10-des-cyclistes-francais-qui-ont-le-plus-gagne-en-2022\/10\/#deux\" class=\"su-button su-button-style-flat\" style=\"color:#FFFFFF;background-color:#0057ae;border-color:#00468c;border-radius:4px\" target=\"_self\"><span style=\"color:#FFFFFF;padding:0px 22px;font-size:17px;line-height:34px;border-color:#4d8ac7;border-radius:4px;text-shadow:none\"> <strong>Deuxi\u00e8me<\/strong><\/span><\/a>\n<p><!--nextpage--><\/p>\n<p style=\"text-align: justify;\"><a id=\"deux\"><\/a><strong><span style=\"font-size: 24px;\">2\u00e8me : Romain Gr\u00e9goire &#8211; <span style=\"color: #ff0000;\">6 victoires<\/span><\/span><\/strong><\/p>\n<div id=\"attachment_255755\" style=\"width: 810px\" class=\"wp-caption aligncenter\"><a href=\"https:\/\/dicodusport.fr\/blog\/wp-content\/uploads\/2022\/08\/Tour-de-lAvenir-2022-Romain-Gregoire-remporte-la-6eme-etape.png\"><img loading=\"lazy\" decoding=\"async\" aria-describedby=\"caption-attachment-255755\" class=\"size-full wp-image-255755\" src=\"https:\/\/dicodusport.fr\/blog\/wp-content\/uploads\/2022\/08\/Tour-de-lAvenir-2022-Romain-Gregoire-remporte-la-6eme-etape.png\" alt=\"Tour de l'Avenir 2022 Romain Gr\u00e9goire remporte la 6\u00e8me \u00e9tape\" width=\"800\" height=\"445\" srcset=\"https:\/\/dicodusport.fr\/blog\/wp-content\/uploads\/2022\/08\/Tour-de-lAvenir-2022-Romain-Gregoire-remporte-la-6eme-etape.png 800w, https:\/\/dicodusport.fr\/blog\/wp-content\/uploads\/2022\/08\/Tour-de-lAvenir-2022-Romain-Gregoire-remporte-la-6eme-etape-300x167.png 300w, https:\/\/dicodusport.fr\/blog\/wp-content\/uploads\/2022\/08\/Tour-de-lAvenir-2022-Romain-Gregoire-remporte-la-6eme-etape-768x427.png 768w\" sizes=\"auto, (max-width: 800px) 100vw, 800px\" \/><\/a><p id=\"caption-attachment-255755\" class=\"wp-caption-text\">Romain Gr\u00e9goire &#8211; Photo Anouk Flesch \/ Tour de l&rsquo;Avenir<\/p><\/div>\n<p style=\"text-align: justify;\"><strong>Victoire(s) la ou les plus marquantes :<\/strong> Victoires d&rsquo;\u00e9tape sur le Tour de l&rsquo;Avenir et le Baby Giro, Li\u00e8ge-Bastogne-Li\u00e8ge Espoirs.<\/p>\n<p style=\"text-align: center;\"><a href=\"https:\/\/dicodusport.fr\/blog\/top-10-des-cyclistes-francais-qui-ont-le-plus-gagne-en-2022\/11\/#un\" class=\"su-button su-button-style-flat\" style=\"color:#FFFFFF;background-color:#0057ae;border-color:#00468c;border-radius:4px\" target=\"_self\"><span style=\"color:#FFFFFF;padding:0px 22px;font-size:17px;line-height:34px;border-color:#4d8ac7;border-radius:4px;text-shadow:none\"> <strong>Premier<\/strong><\/span><\/a>\n<p><!--nextpage--><\/p>\n<p style=\"text-align: justify;\"><a id=\"un\"><\/a><strong><span style=\"font-size: 24px;\">1er : Arnaud D\u00e9mare &#8211; <span style=\"color: #ff0000;\">7 victoires<\/span><\/span><\/strong><\/p>\n<div id=\"attachment_268750\" style=\"width: 810px\" class=\"wp-caption aligncenter\"><a href=\"https:\/\/dicodusport.fr\/blog\/wp-content\/uploads\/2022\/10\/Paris-Tours-2022-Arnaud-Demare-conserve-son-titre.png\"><img loading=\"lazy\" decoding=\"async\" aria-describedby=\"caption-attachment-268750\" class=\"size-full wp-image-268750\" src=\"https:\/\/dicodusport.fr\/blog\/wp-content\/uploads\/2022\/10\/Paris-Tours-2022-Arnaud-Demare-conserve-son-titre.png\" alt=\"Paris-Tours 2022 Arnaud D\u00e9mare conserve son titre\" width=\"800\" height=\"445\" srcset=\"https:\/\/dicodusport.fr\/blog\/wp-content\/uploads\/2022\/10\/Paris-Tours-2022-Arnaud-Demare-conserve-son-titre.png 800w, https:\/\/dicodusport.fr\/blog\/wp-content\/uploads\/2022\/10\/Paris-Tours-2022-Arnaud-Demare-conserve-son-titre-300x167.png 300w, https:\/\/dicodusport.fr\/blog\/wp-content\/uploads\/2022\/10\/Paris-Tours-2022-Arnaud-Demare-conserve-son-titre-768x427.png 768w\" sizes=\"auto, (max-width: 800px) 100vw, 800px\" \/><\/a><p id=\"caption-attachment-268750\" class=\"wp-caption-text\">Arnaud D\u00e9mare &#8211; Photo Icon Sport<\/p><\/div>\n<p style=\"text-align: justify;\"><strong>Victoire(s) la ou les plus marquantes :<\/strong> Trois victoires d&rsquo;\u00e9tape sur le Tour d&rsquo;Italie et Paris-Tours.<\/p>\n<hr \/>\n<form><a id=\"choix\"><\/a><select name=\"Cyclisme\" size=\"1\" onchange=\"location.href=this.value\"><option value=\"#choix\">Choix nationalit\u00e9<\/option><option value=\"#choix\">Top 10 France<\/option><option value=\"https:\/\/dicodusport.fr\/blog\/top-10-des-cyclistes-avec-le-plus-grand-nombre-de-victoires-en-2022\/\">Top 10 monde<\/option><\/select><\/form>\n<p style=\"text-align: justify;\"><strong><span style=\"font-size: 14px;\"><em>Classement mis \u00e0 jour le 9 octobre 2022 \u00e0 19h20.<\/em><\/span><\/strong><\/p>\n<div class=\"su-table su-table-alternate\">\n<table style=\"width: 800px;border-collapse: collapse\" border=\"1\">\n<tbody>\n<tr style=\"height: 24px\">\n<td style=\"border-color: #ebebeb;height: 24px;text-align: center;width: 80px;vertical-align: middle\"><span style=\"font-size: 14px\">&#x1f947;<\/span><\/td>\n<td style=\"border-color: #ebebeb;height: 24px;text-align: center;width: 500px;vertical-align: middle\"><span style=\"font-size: 0.9em\"><strong>COUREURS<\/strong><\/span><\/td>\n<td style=\"border-color: #ebebeb;height: 24px;text-align: center;width: 220px;vertical-align: middle\"><span style=\"font-size: 0.9em\"><strong>VICTOIRES<\/strong><\/span><\/td>\n<\/tr>\n<tr style=\"height: 24px\">\n<td style=\"border-color: #ebebeb;height: 24px;text-align: center;width: 80px;vertical-align: middle\"><span style=\"font-size: 0.9em\">1.<\/span><\/td>\n<td style=\"border-color: #ebebeb;height: 24px;text-align: center;width: 500px;vertical-align: middle\"><strong style=\"font-size: 0.9em\">&#x1f1eb;&#x1f1f7; ARNAUD D\u00c9MARE<\/strong><br style=\"font-size: 14.4px\" \/><span style=\"font-size: 0.9em\"><span style=\"font-size: 0.8em\">GROUPAMA &#8211; FDJ<\/span><\/span><\/td>\n<td style=\"border-color: #ebebeb;text-align: center;width: 220px;vertical-align: middle\"><span style=\"font-size: 0.9em\"><strong>7<\/strong><\/span><\/td>\n<\/tr>\n<tr>\n<td style=\"border-color: #ebebeb;text-align: center;width: 80px;vertical-align: middle\"><span style=\"font-size: 0.9em\">2.<\/span><\/td>\n<td style=\"border-color: #ebebeb;height: 24px;text-align: center;width: 500px;vertical-align: middle\"><strong style=\"font-size: 0.9em\">&#x1f1eb;&#x1f1f7; ROMAIN GR\u00c9GOIRE<\/strong><br style=\"font-size: 14.4px\" \/><span style=\"font-size: 0.9em\"><span style=\"font-size: 0.8em\">GROUPAMA &#8211; FDJ<\/span><\/span><\/td>\n<td style=\"border-color: #ebebeb;text-align: center;width: 220px;vertical-align: middle\"><span style=\"font-size: 0.9em\"><strong>6<\/strong><\/span><\/td>\n<\/tr>\n<tr>\n<td style=\"border-color: #ebebeb;text-align: center;width: 80px;vertical-align: middle\"><span style=\"font-size: 0.9em\">3.<\/span><\/td>\n<td style=\"border-color: #ebebeb;height: 24px;text-align: center;width: 500px;vertical-align: middle\"><span style=\"font-size: 0.9em\"><strong>&#x1f1eb;&#x1f1f7; CHRISTOPHE LAPORTE<br \/>\n<\/strong><span style=\"font-size: 0.8em\">TEAM JUMBO &#8211; VISMA<\/span><\/span><\/td>\n<td style=\"border-color: #ebebeb;text-align: center;width: 220px;vertical-align: middle\"><span style=\"font-size: 0.9em\"><strong>5<\/strong><\/span><\/td>\n<\/tr>\n<tr>\n<td style=\"border-color: #ebebeb;text-align: center;width: 80px;vertical-align: middle\"><span style=\"font-size: 0.9em\">4.<\/span><\/td>\n<td style=\"border-color: #ebebeb;height: 24px;text-align: center;width: 500px;vertical-align: middle\"><strong style=\"font-size: 14.4px\"><span style=\"font-size: 0.9em\"><strong>&#x1f1eb;&#x1f1f7;<\/strong><\/span> JASON TESSON<\/strong><br style=\"font-size: 14.4px\" \/><span style=\"font-size: 0.9em\"><span style=\"font-size: 0.8em\">ST MICHEL &#8211; AUBER93<\/span><\/span><\/td>\n<td style=\"border-color: #ebebeb;text-align: center;width: 220px;vertical-align: middle\"><span style=\"font-size: 0.9em\"><strong>4<\/strong><\/span><\/td>\n<\/tr>\n<tr>\n<td style=\"border-color: #ebebeb;text-align: center;width: 80px;vertical-align: middle\"><span style=\"font-size: 0.9em\">4.<\/span><\/td>\n<td style=\"border-color: #ebebeb;height: 24px;text-align: center;width: 500px;vertical-align: middle\"><span style=\"font-size: 0.9em\"><strong>&#x1f1eb;&#x1f1f7; BENJAMIN THOMAS<\/strong><br \/>\n<span style=\"font-size: 0.8em\">COFIDIS<\/span><\/span><\/td>\n<td style=\"border-color: #ebebeb;text-align: center;width: 220px;vertical-align: middle\"><span style=\"font-size: 0.9em\"><strong>4<\/strong><\/span><\/td>\n<\/tr>\n<tr>\n<td style=\"border-color: #ebebeb;text-align: center;width: 80px;vertical-align: middle\"><span style=\"font-size: 0.9em\">4.<\/span><\/td>\n<td style=\"border-color: #ebebeb;height: 24px;text-align: center;width: 500px;vertical-align: middle\"><span style=\"font-size: 0.9em\"><strong>&#x1f1eb;&#x1f1f7; MARC SARREAU<br \/>\n<\/strong><span style=\"font-size: 0.8em\">AG2R CITRO\u00cbN TEAM<\/span><\/span><\/td>\n<td style=\"border-color: #ebebeb;text-align: center;width: 220px;vertical-align: middle\"><span style=\"font-size: 0.9em\"><strong>4<\/strong><\/span><\/td>\n<\/tr>\n<tr>\n<td style=\"border-color: #ebebeb;text-align: center;width: 80px;vertical-align: middle\"><span style=\"font-size: 0.9em\">7.<\/span><\/td>\n<td style=\"border-color: #ebebeb;height: 24px;text-align: center;width: 500px;vertical-align: middle\"><span style=\"font-size: 0.9em\"><strong>&#x1f1eb;&#x1f1f7; BRYAN COQUARD<\/strong><br \/>\n<span style=\"font-size: 0.8em\">COFIDIS<\/span><\/span><\/td>\n<td style=\"border-color: #ebebeb;text-align: center;width: 220px;vertical-align: middle\"><span style=\"font-size: 0.9em\"><strong>3<\/strong><\/span><\/td>\n<\/tr>\n<tr>\n<td style=\"border-color: #ebebeb;text-align: center;width: 80px;vertical-align: middle\"><span style=\"font-size: 0.9em\">7.<\/span><\/td>\n<td style=\"border-color: #ebebeb;height: 24px;text-align: center;width: 500px;vertical-align: middle\"><span style=\"font-size: 0.9em\"><strong>&#x1f1eb;&#x1f1f7; ALEX BAUDIN<br \/>\n<\/strong><span style=\"font-size: 0.8em\">TUDOR PRO CYCLING TEAM<\/span><\/span><\/td>\n<td style=\"border-color: #ebebeb;text-align: center;width: 220px;vertical-align: middle\"><span style=\"font-size: 0.9em\"><strong>3<\/strong><\/span><\/td>\n<\/tr>\n<tr>\n<td style=\"border-color: #ebebeb;text-align: center;width: 80px;vertical-align: middle\"><span style=\"font-size: 0.9em\">7.<\/span><\/td>\n<td style=\"border-color: #ebebeb;height: 24px;text-align: center;width: 500px;vertical-align: middle\"><span style=\"font-size: 0.9em\"><strong>&#x1f1eb;&#x1f1f7; AXEL TAILLANDIER<br \/>\n<\/strong><span style=\"font-size: 0.8em\">TEAM FRANCE D\u00c9FENSE<\/span><\/span><\/td>\n<td style=\"border-color: #ebebeb;text-align: center;width: 220px;vertical-align: middle\"><span style=\"font-size: 0.9em\"><strong>3<\/strong><\/span><\/td>\n<\/tr>\n<tr>\n<td style=\"border-color: #ebebeb;text-align: center;width: 80px;vertical-align: middle\"><span style=\"font-size: 0.9em\">7.<\/span><\/td>\n<td style=\"border-color: #ebebeb;height: 24px;text-align: center;width: 500px;vertical-align: middle\"><span style=\"font-size: 0.9em\"><strong>&#x1f1eb;&#x1f1f7; AXEL ZINGLE<\/strong><br \/>\n<span style=\"font-size: 0.8em\">COFIDIS<\/span><\/span><\/td>\n<td style=\"border-color: #ebebeb;text-align: center;width: 220px;vertical-align: middle\"><span style=\"font-size: 0.9em\"><strong>3<\/strong><\/span><\/td>\n<\/tr>\n<tr>\n<td style=\"border-color: #ebebeb;text-align: center;width: 80px;vertical-align: middle\"><span style=\"font-size: 0.9em\">7.<\/span><\/td>\n<td style=\"border-color: #ebebeb;height: 24px;text-align: center;width: 500px;vertical-align: middle\"><span style=\"font-size: 0.9em\"><strong>&#x1f1eb;&#x1f1f7; VALENTIN MADOUAS<br \/>\n<\/strong><span style=\"font-size: 0.8em\">GROUPAMA &#8211; FDJ<\/span><\/span><\/td>\n<td style=\"border-color: #ebebeb;text-align: center;width: 220px;vertical-align: middle\"><span style=\"font-size: 0.9em\"><strong>3<\/strong><\/span><\/td>\n<\/tr>\n<tr>\n<td style=\"border-color: #ebebeb;text-align: center;width: 80px;vertical-align: middle\"><span style=\"font-size: 0.9em\">7.<\/span><\/td>\n<td style=\"border-color: #ebebeb;height: 24px;text-align: center;width: 500px;vertical-align: middle\"><span style=\"font-size: 0.9em\"><strong>&#x1f1eb;&#x1f1f7; FLORIAN RAPITEAU<br \/>\n<\/strong><span style=\"font-size: 0.8em\">LAVAL CYCLISME 53<\/span><\/span><\/td>\n<td style=\"border-color: #ebebeb;text-align: center;width: 220px;vertical-align: middle\"><span style=\"font-size: 0.9em\"><strong>3<\/strong><\/span><\/td>\n<\/tr>\n<tr>\n<td style=\"border-color: #ebebeb;text-align: center;width: 80px;vertical-align: middle\"><span style=\"font-size: 0.9em\">7.<\/span><\/td>\n<td style=\"border-color: #ebebeb;height: 24px;text-align: center;width: 500px;vertical-align: middle\"><span style=\"font-size: 0.9em\"><strong>&#x1f1eb;&#x1f1f7; JULIEN SIMON<br \/>\n<\/strong><span style=\"font-size: 0.8em\">TOTALENERGIES<\/span><\/span><\/td>\n<td style=\"border-color: #ebebeb;text-align: center;width: 220px;vertical-align: middle\"><span style=\"font-size: 0.9em\"><strong>3<\/strong><\/span><\/td>\n<\/tr>\n<tr>\n<td style=\"border-color: #ebebeb;text-align: center;width: 80px;vertical-align: middle\"><span style=\"font-size: 0.9em\">7.<\/span><\/td>\n<td style=\"border-color: #ebebeb;height: 24px;text-align: center;width: 500px;vertical-align: middle\"><span style=\"font-size: 0.9em\"><strong>&#x1f1eb;&#x1f1f7; JOHAN LE BON<br \/>\n<\/strong><span style=\"font-size: 0.8em\">DINAN SPORT CYCLING<\/span><\/span><\/td>\n<td style=\"border-color: #ebebeb;text-align: center;width: 220px;vertical-align: middle\"><span style=\"font-size: 0.9em\"><strong>3<\/strong><\/span><\/td>\n<\/tr>\n<\/tbody>\n<\/table>\n<\/div>\n<p style=\"text-align: center;\"><a href=\"https:\/\/dicodusport.fr\/blog\/top-10-des-cyclistes-francais-qui-ont-le-plus-gagne-en-2022\/\" class=\"su-button su-button-style-flat\" style=\"color:#FFFFFF;background-color:#0057ae;border-color:#00468c;border-radius:4px\" target=\"_self\"><span style=\"color:#FFFFFF;padding:0px 22px;font-size:17px;line-height:34px;border-color:#4d8ac7;border-radius:4px;text-shadow:none\"> <strong>Revenir au d\u00e9but<\/strong><\/span><\/a>\n","protected":false},"excerpt":{"rendered":"<p>CYCLISME SUR ROUTE 2022 &#8211; D\u00e9couvrez le top 10 des coureurs fran\u00e7ais qui ont le plus gagn\u00e9 en cyclisme sur route lors de la saison 2022.<\/p>\n","protected":false},"author":4,"featured_media":271441,"comment_status":"open","ping_status":"closed","sticky":false,"template":"","format":"standard","meta":{"_acf_changed":false,"_daextam_enable_autolinks":"","footnotes":""},"categories":[46994],"tags":[3118,1679],"class_list":["post-271418","post","type-post","status-publish","format-standard","has-post-thumbnail","hentry","category-cyclisme-sur-route","tag-cyclisme-francais","tag-record"],"acf":[],"yoast_head":"<!-- This site is optimized with the Yoast SEO Premium plugin v26.7 (Yoast SEO v26.7) - https:\/\/yoast.com\/wordpress\/plugins\/seo\/ -->\n<title>Top 10 des cyclistes fran\u00e7ais qui ont le plus gagn\u00e9 en 2022<\/title>\n<meta name=\"description\" content=\"CYCLISME SUR ROUTE 2022 - D\u00e9couvrez le top 10 des coureurs fran\u00e7ais qui ont le plus gagn\u00e9 en cyclisme sur route lors de la saison 2022.\" \/>\n<meta name=\"robots\" content=\"index, follow, max-snippet:-1, max-image-preview:large, max-video-preview:-1\" \/>\n<link rel=\"canonical\" href=\"https:\/\/dicodusport.fr\/blog\/top-10-des-cyclistes-francais-qui-ont-le-plus-gagne-en-2022\/\" \/>\n<link rel=\"next\" href=\"https:\/\/dicodusport.fr\/blog\/top-10-des-cyclistes-francais-qui-ont-le-plus-gagne-en-2022\/2\/\" \/>\n<meta property=\"og:locale\" content=\"fr_FR\" \/>\n<meta property=\"og:type\" content=\"article\" \/>\n<meta property=\"og:title\" content=\"Top 10 des cyclistes fran\u00e7ais qui ont le plus gagn\u00e9 en 2022\" \/>\n<meta property=\"og:description\" content=\"CYCLISME SUR ROUTE 2022 - D\u00e9couvrez le top 10 des coureurs fran\u00e7ais qui ont le plus gagn\u00e9 en cyclisme sur route lors de la saison 2022.\" \/>\n<meta property=\"og:url\" content=\"https:\/\/dicodusport.fr\/blog\/top-10-des-cyclistes-francais-qui-ont-le-plus-gagne-en-2022\/\" \/>\n<meta property=\"og:site_name\" content=\"Dicodusport\" \/>\n<meta property=\"article:publisher\" content=\"https:\/\/www.facebook.com\/dicodusport\" \/>\n<meta property=\"article:author\" content=\"https:\/\/www.facebook.com\/florent.ostermann\" \/>\n<meta property=\"article:published_time\" content=\"2022-10-19T15:30:34+00:00\" \/>\n<meta property=\"article:modified_time\" content=\"2022-10-19T15:33:50+00:00\" \/>\n<meta property=\"og:image\" content=\"https:\/\/dicodusport.fr\/blog\/wp-content\/uploads\/2022\/10\/Top-10-des-cyclistes-francais-qui-ont-le-plus-gagne-en-2022.png\" \/>\n\t<meta property=\"og:image:width\" content=\"800\" \/>\n\t<meta property=\"og:image:height\" content=\"445\" \/>\n\t<meta property=\"og:image:type\" content=\"image\/png\" \/>\n<meta name=\"author\" content=\"Flo Ostermann\" \/>\n<meta name=\"twitter:card\" content=\"summary_large_image\" \/>\n<meta name=\"twitter:title\" content=\"Top 10 des cyclistes fran\u00e7ais qui ont le plus gagn\u00e9 en 2022\" \/>\n<meta name=\"twitter:creator\" content=\"@https:\/\/twitter.com\/FlOstermann\" \/>\n<meta name=\"twitter:site\" content=\"@dicodusport\" \/>\n<script type=\"application\/ld+json\" class=\"yoast-schema-graph\">{\"@context\":\"https:\/\/schema.org\",\"@graph\":[{\"@type\":\"NewsArticle\",\"@id\":\"https:\/\/dicodusport.fr\/blog\/top-10-des-cyclistes-francais-qui-ont-le-plus-gagne-en-2022\/#article\",\"isPartOf\":{\"@id\":\"https:\/\/dicodusport.fr\/blog\/top-10-des-cyclistes-francais-qui-ont-le-plus-gagne-en-2022\/\"},\"author\":{\"name\":\"Flo Ostermann\",\"@id\":\"https:\/\/dicodusport.fr\/blog\/#\/schema\/person\/cb02af4c173ce4a653b55e9baf388d4a\"},\"headline\":\"Top 10 des cyclistes fran\u00e7ais qui ont le plus gagn\u00e9 en 2022\",\"datePublished\":\"2022-10-19T15:30:34+00:00\",\"dateModified\":\"2022-10-19T15:33:50+00:00\",\"mainEntityOfPage\":{\"@id\":\"https:\/\/dicodusport.fr\/blog\/top-10-des-cyclistes-francais-qui-ont-le-plus-gagne-en-2022\/\"},\"wordCount\":852,\"commentCount\":0,\"publisher\":{\"@id\":\"https:\/\/dicodusport.fr\/blog\/#organization\"},\"image\":{\"@id\":\"https:\/\/dicodusport.fr\/blog\/top-10-des-cyclistes-francais-qui-ont-le-plus-gagne-en-2022\/#primaryimage\"},\"thumbnailUrl\":\"https:\/\/dicodusport.fr\/blog\/wp-content\/uploads\/2022\/10\/Top-10-des-cyclistes-francais-qui-ont-le-plus-gagne-en-2022.png\",\"keywords\":[\"cyclisme fran\u00e7ais\",\"Record\"],\"articleSection\":[\"Cyclisme sur route\"],\"inLanguage\":\"fr-FR\",\"potentialAction\":[{\"@type\":\"CommentAction\",\"name\":\"Comment\",\"target\":[\"https:\/\/dicodusport.fr\/blog\/top-10-des-cyclistes-francais-qui-ont-le-plus-gagne-en-2022\/#respond\"]}],\"copyrightYear\":\"2022\",\"copyrightHolder\":{\"@id\":\"https:\/\/dicodusport.fr\/blog\/#organization\"}},{\"@type\":\"WebPage\",\"@id\":\"https:\/\/dicodusport.fr\/blog\/top-10-des-cyclistes-francais-qui-ont-le-plus-gagne-en-2022\/\",\"url\":\"https:\/\/dicodusport.fr\/blog\/top-10-des-cyclistes-francais-qui-ont-le-plus-gagne-en-2022\/\",\"name\":\"Top 10 des cyclistes fran\u00e7ais qui ont le plus gagn\u00e9 en 2022\",\"isPartOf\":{\"@id\":\"https:\/\/dicodusport.fr\/blog\/#website\"},\"primaryImageOfPage\":{\"@id\":\"https:\/\/dicodusport.fr\/blog\/top-10-des-cyclistes-francais-qui-ont-le-plus-gagne-en-2022\/#primaryimage\"},\"image\":{\"@id\":\"https:\/\/dicodusport.fr\/blog\/top-10-des-cyclistes-francais-qui-ont-le-plus-gagne-en-2022\/#primaryimage\"},\"thumbnailUrl\":\"https:\/\/dicodusport.fr\/blog\/wp-content\/uploads\/2022\/10\/Top-10-des-cyclistes-francais-qui-ont-le-plus-gagne-en-2022.png\",\"datePublished\":\"2022-10-19T15:30:34+00:00\",\"dateModified\":\"2022-10-19T15:33:50+00:00\",\"description\":\"CYCLISME SUR ROUTE 2022 - D\u00e9couvrez le top 10 des coureurs fran\u00e7ais qui ont le plus gagn\u00e9 en cyclisme sur route lors de la saison 2022.\",\"inLanguage\":\"fr-FR\",\"potentialAction\":[{\"@type\":\"ReadAction\",\"target\":[\"https:\/\/dicodusport.fr\/blog\/top-10-des-cyclistes-francais-qui-ont-le-plus-gagne-en-2022\/\"]}]},{\"@type\":\"ImageObject\",\"inLanguage\":\"fr-FR\",\"@id\":\"https:\/\/dicodusport.fr\/blog\/top-10-des-cyclistes-francais-qui-ont-le-plus-gagne-en-2022\/#primaryimage\",\"url\":\"https:\/\/dicodusport.fr\/blog\/wp-content\/uploads\/2022\/10\/Top-10-des-cyclistes-francais-qui-ont-le-plus-gagne-en-2022.png\",\"contentUrl\":\"https:\/\/dicodusport.fr\/blog\/wp-content\/uploads\/2022\/10\/Top-10-des-cyclistes-francais-qui-ont-le-plus-gagne-en-2022.png\",\"width\":800,\"height\":445,\"caption\":\"Top 10 des cyclistes fran\u00e7ais qui ont le plus gagn\u00e9 en 2022\"},{\"@type\":\"WebSite\",\"@id\":\"https:\/\/dicodusport.fr\/blog\/#website\",\"url\":\"https:\/\/dicodusport.fr\/blog\/\",\"name\":\"Dicodusport\",\"description\":\"L&#039;encyclop\u00e9die de l&#039;actualit\u00e9 sportive\",\"publisher\":{\"@id\":\"https:\/\/dicodusport.fr\/blog\/#organization\"},\"potentialAction\":[{\"@type\":\"SearchAction\",\"target\":{\"@type\":\"EntryPoint\",\"urlTemplate\":\"https:\/\/dicodusport.fr\/blog\/?s={search_term_string}\"},\"query-input\":{\"@type\":\"PropertyValueSpecification\",\"valueRequired\":true,\"valueName\":\"search_term_string\"}}],\"inLanguage\":\"fr-FR\"},{\"@type\":\"NewsMediaOrganization\",\"@id\":\"https:\/\/dicodusport.fr\/blog\/#organization\",\"name\":\"Dicodusport\",\"url\":\"https:\/\/dicodusport.fr\/blog\/\",\"logo\":{\"@type\":\"ImageObject\",\"inLanguage\":\"fr-FR\",\"@id\":\"https:\/\/dicodusport.fr\/blog\/#\/schema\/logo\/image\/\",\"url\":\"https:\/\/dicodusport.fr\/blog\/wp-content\/uploads\/2020\/06\/cropped-LOGO-DICODUSPORT-2020-SANS-FOND-SANS-TEXTE.png\",\"contentUrl\":\"https:\/\/dicodusport.fr\/blog\/wp-content\/uploads\/2020\/06\/cropped-LOGO-DICODUSPORT-2020-SANS-FOND-SANS-TEXTE.png\",\"width\":512,\"height\":512,\"caption\":\"Dicodusport\"},\"image\":{\"@id\":\"https:\/\/dicodusport.fr\/blog\/#\/schema\/logo\/image\/\"},\"sameAs\":[\"https:\/\/www.facebook.com\/dicodusport\",\"https:\/\/x.com\/dicodusport\",\"https:\/\/www.instagram.com\/dicodusport\/\",\"https:\/\/www.youtube.com\/channel\/UC7V2KZ5sd3htJivAbA4ZG3w\"],\"description\":\"Dicodusport est l'encyclop\u00e9die de l'actualit\u00e9 sportive.\",\"email\":\"bonjour@dicodusport.fr\",\"legalName\":\"DICODUSPORT\",\"foundingDate\":\"2018-01-14\",\"vatID\":\"FR71834470973\",\"taxID\":\"83447097300043\",\"numberOfEmployees\":{\"@type\":\"QuantitativeValue\",\"minValue\":\"1\",\"maxValue\":\"10\"}},{\"@type\":\"Person\",\"@id\":\"https:\/\/dicodusport.fr\/blog\/#\/schema\/person\/cb02af4c173ce4a653b55e9baf388d4a\",\"name\":\"Flo Ostermann\",\"image\":{\"@type\":\"ImageObject\",\"inLanguage\":\"fr-FR\",\"@id\":\"https:\/\/dicodusport.fr\/blog\/#\/schema\/person\/image\/\",\"url\":\"https:\/\/dicodusport.fr\/blog\/wp-content\/uploads\/2021\/05\/Flo-Ostermann-150x150.jpg\",\"contentUrl\":\"https:\/\/dicodusport.fr\/blog\/wp-content\/uploads\/2021\/05\/Flo-Ostermann-150x150.jpg\",\"caption\":\"Flo Ostermann\"},\"description\":\"Journaliste\/R\u00e9dacteur depuis septembre 2015 - Mes premiers souvenirs dans le sport ? Les envol\u00e9es du Stade Toulousain et les duels Villeneuve-Schumacher et H\u00e4kkinen-Schumacher \u00e0 la fin des ann\u00e9es 90, la Coupe du monde de football en 1998, l\u2019exploit du XV de France face aux All Blacks en 1999, mais aussi Richard C\u0153ur de Lion qui vole sur les montagnes du Tour de France. Bien parti pour devenir professeur d\u2019EPS, les \u00e9v\u00e9nements de la vie (et la flemme d\u2019animer des s\u00e9ances de 3x500 m\u00e8tres toute ma vie) m\u2019ont conduit \u00e0 revoir mes plans. Me voil\u00e0 depuis fin 2017 sur Dicodusport, m\u00e9dia gr\u00e2ce (et pour) lequel je partage ma passion : le sport dans tous ses \u00e9tats. Le tout accompagn\u00e9 par les fous furieux et folles furieuses cit\u00e9s sur cette page !\",\"sameAs\":[\"https:\/\/www.facebook.com\/florent.ostermann\",\"https:\/\/x.com\/https:\/\/twitter.com\/FlOstermann\",\"admin\"],\"url\":\"https:\/\/dicodusport.fr\/blog\/author\/flo\/\"}]}<\/script>\n<!-- \/ Yoast SEO Premium plugin. -->","yoast_head_json":{"title":"Top 10 des cyclistes fran\u00e7ais qui ont le plus gagn\u00e9 en 2022","description":"CYCLISME SUR ROUTE 2022 - D\u00e9couvrez le top 10 des coureurs fran\u00e7ais qui ont le plus gagn\u00e9 en cyclisme sur route lors de la saison 2022.","robots":{"index":"index","follow":"follow","max-snippet":"max-snippet:-1","max-image-preview":"max-image-preview:large","max-video-preview":"max-video-preview:-1"},"canonical":"https:\/\/dicodusport.fr\/blog\/top-10-des-cyclistes-francais-qui-ont-le-plus-gagne-en-2022\/","next":"https:\/\/dicodusport.fr\/blog\/top-10-des-cyclistes-francais-qui-ont-le-plus-gagne-en-2022\/2\/","og_locale":"fr_FR","og_type":"article","og_title":"Top 10 des cyclistes fran\u00e7ais qui ont le plus gagn\u00e9 en 2022","og_description":"CYCLISME SUR ROUTE 2022 - D\u00e9couvrez le top 10 des coureurs fran\u00e7ais qui ont le plus gagn\u00e9 en cyclisme sur route lors de la saison 2022.","og_url":"https:\/\/dicodusport.fr\/blog\/top-10-des-cyclistes-francais-qui-ont-le-plus-gagne-en-2022\/","og_site_name":"Dicodusport","article_publisher":"https:\/\/www.facebook.com\/dicodusport","article_author":"https:\/\/www.facebook.com\/florent.ostermann","article_published_time":"2022-10-19T15:30:34+00:00","article_modified_time":"2022-10-19T15:33:50+00:00","og_image":[{"width":800,"height":445,"url":"https:\/\/dicodusport.fr\/blog\/wp-content\/uploads\/2022\/10\/Top-10-des-cyclistes-francais-qui-ont-le-plus-gagne-en-2022.png","type":"image\/png"}],"author":"Flo Ostermann","twitter_card":"summary_large_image","twitter_title":"Top 10 des cyclistes fran\u00e7ais qui ont le plus gagn\u00e9 en 2022","twitter_creator":"@https:\/\/twitter.com\/FlOstermann","twitter_site":"@dicodusport","schema":{"@context":"https:\/\/schema.org","@graph":[{"@type":"NewsArticle","@id":"https:\/\/dicodusport.fr\/blog\/top-10-des-cyclistes-francais-qui-ont-le-plus-gagne-en-2022\/#article","isPartOf":{"@id":"https:\/\/dicodusport.fr\/blog\/top-10-des-cyclistes-francais-qui-ont-le-plus-gagne-en-2022\/"},"author":{"name":"Flo Ostermann","@id":"https:\/\/dicodusport.fr\/blog\/#\/schema\/person\/cb02af4c173ce4a653b55e9baf388d4a"},"headline":"Top 10 des cyclistes fran\u00e7ais qui ont le plus gagn\u00e9 en 2022","datePublished":"2022-10-19T15:30:34+00:00","dateModified":"2022-10-19T15:33:50+00:00","mainEntityOfPage":{"@id":"https:\/\/dicodusport.fr\/blog\/top-10-des-cyclistes-francais-qui-ont-le-plus-gagne-en-2022\/"},"wordCount":852,"commentCount":0,"publisher":{"@id":"https:\/\/dicodusport.fr\/blog\/#organization"},"image":{"@id":"https:\/\/dicodusport.fr\/blog\/top-10-des-cyclistes-francais-qui-ont-le-plus-gagne-en-2022\/#primaryimage"},"thumbnailUrl":"https:\/\/dicodusport.fr\/blog\/wp-content\/uploads\/2022\/10\/Top-10-des-cyclistes-francais-qui-ont-le-plus-gagne-en-2022.png","keywords":["cyclisme fran\u00e7ais","Record"],"articleSection":["Cyclisme sur route"],"inLanguage":"fr-FR","potentialAction":[{"@type":"CommentAction","name":"Comment","target":["https:\/\/dicodusport.fr\/blog\/top-10-des-cyclistes-francais-qui-ont-le-plus-gagne-en-2022\/#respond"]}],"copyrightYear":"2022","copyrightHolder":{"@id":"https:\/\/dicodusport.fr\/blog\/#organization"}},{"@type":"WebPage","@id":"https:\/\/dicodusport.fr\/blog\/top-10-des-cyclistes-francais-qui-ont-le-plus-gagne-en-2022\/","url":"https:\/\/dicodusport.fr\/blog\/top-10-des-cyclistes-francais-qui-ont-le-plus-gagne-en-2022\/","name":"Top 10 des cyclistes fran\u00e7ais qui ont le plus gagn\u00e9 en 2022","isPartOf":{"@id":"https:\/\/dicodusport.fr\/blog\/#website"},"primaryImageOfPage":{"@id":"https:\/\/dicodusport.fr\/blog\/top-10-des-cyclistes-francais-qui-ont-le-plus-gagne-en-2022\/#primaryimage"},"image":{"@id":"https:\/\/dicodusport.fr\/blog\/top-10-des-cyclistes-francais-qui-ont-le-plus-gagne-en-2022\/#primaryimage"},"thumbnailUrl":"https:\/\/dicodusport.fr\/blog\/wp-content\/uploads\/2022\/10\/Top-10-des-cyclistes-francais-qui-ont-le-plus-gagne-en-2022.png","datePublished":"2022-10-19T15:30:34+00:00","dateModified":"2022-10-19T15:33:50+00:00","description":"CYCLISME SUR ROUTE 2022 - D\u00e9couvrez le top 10 des coureurs fran\u00e7ais qui ont le plus gagn\u00e9 en cyclisme sur route lors de la saison 2022.","inLanguage":"fr-FR","potentialAction":[{"@type":"ReadAction","target":["https:\/\/dicodusport.fr\/blog\/top-10-des-cyclistes-francais-qui-ont-le-plus-gagne-en-2022\/"]}]},{"@type":"ImageObject","inLanguage":"fr-FR","@id":"https:\/\/dicodusport.fr\/blog\/top-10-des-cyclistes-francais-qui-ont-le-plus-gagne-en-2022\/#primaryimage","url":"https:\/\/dicodusport.fr\/blog\/wp-content\/uploads\/2022\/10\/Top-10-des-cyclistes-francais-qui-ont-le-plus-gagne-en-2022.png","contentUrl":"https:\/\/dicodusport.fr\/blog\/wp-content\/uploads\/2022\/10\/Top-10-des-cyclistes-francais-qui-ont-le-plus-gagne-en-2022.png","width":800,"height":445,"caption":"Top 10 des cyclistes fran\u00e7ais qui ont le plus gagn\u00e9 en 2022"},{"@type":"WebSite","@id":"https:\/\/dicodusport.fr\/blog\/#website","url":"https:\/\/dicodusport.fr\/blog\/","name":"Dicodusport","description":"L&#039;encyclop\u00e9die de l&#039;actualit\u00e9 sportive","publisher":{"@id":"https:\/\/dicodusport.fr\/blog\/#organization"},"potentialAction":[{"@type":"SearchAction","target":{"@type":"EntryPoint","urlTemplate":"https:\/\/dicodusport.fr\/blog\/?s={search_term_string}"},"query-input":{"@type":"PropertyValueSpecification","valueRequired":true,"valueName":"search_term_string"}}],"inLanguage":"fr-FR"},{"@type":"NewsMediaOrganization","@id":"https:\/\/dicodusport.fr\/blog\/#organization","name":"Dicodusport","url":"https:\/\/dicodusport.fr\/blog\/","logo":{"@type":"ImageObject","inLanguage":"fr-FR","@id":"https:\/\/dicodusport.fr\/blog\/#\/schema\/logo\/image\/","url":"https:\/\/dicodusport.fr\/blog\/wp-content\/uploads\/2020\/06\/cropped-LOGO-DICODUSPORT-2020-SANS-FOND-SANS-TEXTE.png","contentUrl":"https:\/\/dicodusport.fr\/blog\/wp-content\/uploads\/2020\/06\/cropped-LOGO-DICODUSPORT-2020-SANS-FOND-SANS-TEXTE.png","width":512,"height":512,"caption":"Dicodusport"},"image":{"@id":"https:\/\/dicodusport.fr\/blog\/#\/schema\/logo\/image\/"},"sameAs":["https:\/\/www.facebook.com\/dicodusport","https:\/\/x.com\/dicodusport","https:\/\/www.instagram.com\/dicodusport\/","https:\/\/www.youtube.com\/channel\/UC7V2KZ5sd3htJivAbA4ZG3w"],"description":"Dicodusport est l'encyclop\u00e9die de l'actualit\u00e9 sportive.","email":"bonjour@dicodusport.fr","legalName":"DICODUSPORT","foundingDate":"2018-01-14","vatID":"FR71834470973","taxID":"83447097300043","numberOfEmployees":{"@type":"QuantitativeValue","minValue":"1","maxValue":"10"}},{"@type":"Person","@id":"https:\/\/dicodusport.fr\/blog\/#\/schema\/person\/cb02af4c173ce4a653b55e9baf388d4a","name":"Flo Ostermann","image":{"@type":"ImageObject","inLanguage":"fr-FR","@id":"https:\/\/dicodusport.fr\/blog\/#\/schema\/person\/image\/","url":"https:\/\/dicodusport.fr\/blog\/wp-content\/uploads\/2021\/05\/Flo-Ostermann-150x150.jpg","contentUrl":"https:\/\/dicodusport.fr\/blog\/wp-content\/uploads\/2021\/05\/Flo-Ostermann-150x150.jpg","caption":"Flo Ostermann"},"description":"Journaliste\/R\u00e9dacteur depuis septembre 2015 - Mes premiers souvenirs dans le sport ? Les envol\u00e9es du Stade Toulousain et les duels Villeneuve-Schumacher et H\u00e4kkinen-Schumacher \u00e0 la fin des ann\u00e9es 90, la Coupe du monde de football en 1998, l\u2019exploit du XV de France face aux All Blacks en 1999, mais aussi Richard C\u0153ur de Lion qui vole sur les montagnes du Tour de France. Bien parti pour devenir professeur d\u2019EPS, les \u00e9v\u00e9nements de la vie (et la flemme d\u2019animer des s\u00e9ances de 3x500 m\u00e8tres toute ma vie) m\u2019ont conduit \u00e0 revoir mes plans. Me voil\u00e0 depuis fin 2017 sur Dicodusport, m\u00e9dia gr\u00e2ce (et pour) lequel je partage ma passion : le sport dans tous ses \u00e9tats. Le tout accompagn\u00e9 par les fous furieux et folles furieuses cit\u00e9s sur cette page !","sameAs":["https:\/\/www.facebook.com\/florent.ostermann","https:\/\/x.com\/https:\/\/twitter.com\/FlOstermann","admin"],"url":"https:\/\/dicodusport.fr\/blog\/author\/flo\/"}]}},"_links":{"self":[{"href":"https:\/\/dicodusport.fr\/blog\/wp-json\/wp\/v2\/posts\/271418","targetHints":{"allow":["GET"]}}],"collection":[{"href":"https:\/\/dicodusport.fr\/blog\/wp-json\/wp\/v2\/posts"}],"about":[{"href":"https:\/\/dicodusport.fr\/blog\/wp-json\/wp\/v2\/types\/post"}],"author":[{"embeddable":true,"href":"https:\/\/dicodusport.fr\/blog\/wp-json\/wp\/v2\/users\/4"}],"replies":[{"embeddable":true,"href":"https:\/\/dicodusport.fr\/blog\/wp-json\/wp\/v2\/comments?post=271418"}],"version-history":[{"count":0,"href":"https:\/\/dicodusport.fr\/blog\/wp-json\/wp\/v2\/posts\/271418\/revisions"}],"wp:featuredmedia":[{"embeddable":true,"href":"https:\/\/dicodusport.fr\/blog\/wp-json\/wp\/v2\/media\/271441"}],"wp:attachment":[{"href":"https:\/\/dicodusport.fr\/blog\/wp-json\/wp\/v2\/media?parent=271418"}],"wp:term":[{"taxonomy":"category","embeddable":true,"href":"https:\/\/dicodusport.fr\/blog\/wp-json\/wp\/v2\/categories?post=271418"},{"taxonomy":"post_tag","embeddable":true,"href":"https:\/\/dicodusport.fr\/blog\/wp-json\/wp\/v2\/tags?post=271418"}],"curies":[{"name":"wp","href":"https:\/\/api.w.org\/{rel}","templated":true}]}}