{"id":271467,"date":"2022-10-20T07:45:47","date_gmt":"2022-10-20T05:45:47","guid":{"rendered":"https:\/\/dicodusport.fr\/blog\/?p=271467&#038;preview=true&#038;preview_id=271467"},"modified":"2022-10-20T07:49:03","modified_gmt":"2022-10-20T05:49:03","slug":"absente-de-la-liste-pro-team-2023-la-formation-bb-hotels-publie-un-communique","status":"publish","type":"post","link":"https:\/\/dicodusport.fr\/blog\/absente-de-la-liste-pro-team-2023-la-formation-bb-hotels-publie-un-communique\/","title":{"rendered":"Absente de la liste Pro Team 2023, la formation B&#038;B Hotels publie un communiqu\u00e9"},"content":{"rendered":"<p style=\"text-align: justify;\"><b><i>CYCLISME SUR ROUTE 2023 &#8211; Alors que l&rsquo;arriv\u00e9e du nouveau sponsor a \u00e9t\u00e9 retard\u00e9e et sera annonc\u00e9e dans une semaine, B&amp;B Hotels ne fait pas partie des candidats UCI Pro Team, a-t-on appris ce mercredi.<\/i><\/b><\/p>\n<p style=\"text-align: justify;\">Surprise sur la liste publi\u00e9e par l&rsquo;UCI mercredi soir. La formation de <strong>J\u00e9r\u00f4me Pineau<\/strong> n&rsquo;est pas pr\u00e9sente. L&rsquo;\u00e9quipe bretonne, qui devrait \u00eatre rejointe par la ville de <strong>Paris<\/strong> et <strong>Amazon<\/strong>, a rapidement publi\u00e9 un communiqu\u00e9 pour expliquer la situation.<\/p>\n<blockquote>\n<p style=\"text-align: justify;\">Le B&amp;B HOTELS &#8211; KTM prend acte de son absence de la liste provisoire des \u00e9quipes candidates \u00e0 la cat\u00e9gorie UCI ProTeam pour la saison prochaine, publi\u00e9e ce jour par l\u2019Union Cycliste Internationale. Ce contretemps est d\u00fb au changement de structure juridique inh\u00e9rente \u00e0 l\u2019\u00e9volution de l\u2019\u00e9quipe pour les ann\u00e9es \u00e0 venir.<\/p>\n<p>Consciente des prochaines \u00e9ch\u00e9ances fix\u00e9es par l\u2019UCI pour son enregistrement dans la cat\u00e9gorie ProTeam, la structure met tout en \u0153uvre pour fournir les \u00e9l\u00e9ments manquants le plus rapidement possible.<\/p><\/blockquote>\n<p style=\"text-align: justify;\">La pr\u00e9sentation des nouveaux sponsors et <a href=\"https:\/\/dicodusport.fr\/blog\/mercato-les-7-recrues-attendues-pour-le-nouveau-projet-de-la-bb-hotels\/\">des recrues attendues<\/a> est pr\u00e9vue le 26 octobre prochain, \u00e0 la veille de la pr\u00e9sentation du <strong>Tour de France<\/strong>. La situation devrait donc rentrer dans l&rsquo;ordre dans la foul\u00e9e pour la <strong>B&amp;B Hotels<\/strong>.<\/p>\n<blockquote class=\"twitter-tweet\">\n<p dir=\"ltr\" lang=\"fr\">&#x1f5de;&#xfe0f; Communiqu\u00e9 de Presse du <a href=\"https:\/\/twitter.com\/BBHOTELS_KTM?ref_src=twsrc%5Etfw\">@BBHOTELS_KTM<\/a> en r\u00e9ponse \u00e0 la publication de la liste provisoire des \u00e9quipes candidates \u00e0 la cat\u00e9gorie UCI ProTeam.<\/p>\n<p>&#x1f4f8; <a href=\"https:\/\/twitter.com\/FRJ_studio?ref_src=twsrc%5Etfw\">@FRJ_studio<\/a><a href=\"https:\/\/twitter.com\/hashtag\/MenInGlaz?src=hash&amp;ref_src=twsrc%5Etfw\">#MenInGlaz<\/a> | <a href=\"https:\/\/twitter.com\/hashtag\/ThereIsNoTry?src=hash&amp;ref_src=twsrc%5Etfw\">#ThereIsNoTry<\/a> <a href=\"https:\/\/t.co\/CGHtJFGipQ\">https:\/\/t.co\/CGHtJFGipQ<\/a> <a href=\"https:\/\/t.co\/GgFi8TYHPw\">pic.twitter.com\/GgFi8TYHPw<\/a><\/p>\n<p>\u2014 B&amp;B HOTELS &#8211; KTM (@BBHOTELS_KTM) <a href=\"https:\/\/twitter.com\/BBHOTELS_KTM\/status\/1582790259104153600?ref_src=twsrc%5Etfw\">October 19, 2022<\/a><\/p><\/blockquote>\n<p style=\"text-align: justify;\"><script async src=\"https:\/\/platform.twitter.com\/widgets.js\" charset=\"utf-8\"><\/script><\/p>\n","protected":false},"excerpt":{"rendered":"<p>CYCLISME SUR ROUTE 2023 &#8211; Alors que l&rsquo;arriv\u00e9e du nouveau sponsor a \u00e9t\u00e9 retard\u00e9e et sera annonc\u00e9e dans une semaine, B&#038;B Hotels ne fait pas partie des candidats UCI Pro Team, a-t-on appris ce mercredi.<\/p>\n","protected":false},"author":1,"featured_media":271469,"comment_status":"open","ping_status":"closed","sticky":false,"template":"","format":"standard","meta":{"_acf_changed":false,"_daextam_enable_autolinks":"","footnotes":""},"categories":[46994],"tags":[12691,574,2831],"class_list":["post-271467","post","type-post","status-publish","format-standard","has-post-thumbnail","hentry","category-cyclisme-sur-route","tag-bb-hotels","tag-cyclisme","tag-uci"],"acf":[],"yoast_head":"<!-- This site is optimized with the Yoast SEO Premium plugin v26.7 (Yoast SEO v26.7) - https:\/\/yoast.com\/wordpress\/plugins\/seo\/ -->\n<title>Absente de la liste Pro Team 2023, la formation B&amp;B Hotels publie un communiqu\u00e9<\/title>\n<meta name=\"description\" content=\"CYCLISME SUR ROUTE 2023 - Alors que l&#039;arriv\u00e9e du nouveau sponsor a \u00e9t\u00e9 retard\u00e9e, B&amp;B Hotels ne fait pas partie des candidats UCI Pro Team\" \/>\n<meta name=\"robots\" content=\"index, follow, max-snippet:-1, max-image-preview:large, max-video-preview:-1\" \/>\n<link rel=\"canonical\" href=\"https:\/\/dicodusport.fr\/blog\/absente-de-la-liste-pro-team-2023-la-formation-bb-hotels-publie-un-communique\/\" \/>\n<meta property=\"og:locale\" content=\"fr_FR\" \/>\n<meta property=\"og:type\" content=\"article\" \/>\n<meta property=\"og:title\" content=\"Absente de la liste Pro Team 2023, la formation B&amp;B Hotels publie un communiqu\u00e9\" \/>\n<meta property=\"og:description\" content=\"CYCLISME SUR ROUTE 2023 - Alors que l&#039;arriv\u00e9e du nouveau sponsor a \u00e9t\u00e9 retard\u00e9e, B&amp;B Hotels ne fait pas partie des candidats UCI Pro Team\" \/>\n<meta property=\"og:url\" content=\"https:\/\/dicodusport.fr\/blog\/absente-de-la-liste-pro-team-2023-la-formation-bb-hotels-publie-un-communique\/\" \/>\n<meta property=\"og:site_name\" content=\"Dicodusport\" \/>\n<meta property=\"article:publisher\" content=\"https:\/\/www.facebook.com\/dicodusport\" \/>\n<meta property=\"article:author\" content=\"https:\/\/www.facebook.com\/dicodusport\" \/>\n<meta property=\"article:published_time\" content=\"2022-10-20T05:45:47+00:00\" \/>\n<meta property=\"article:modified_time\" content=\"2022-10-20T05:49:03+00:00\" \/>\n<meta property=\"og:image\" content=\"https:\/\/dicodusport.fr\/blog\/wp-content\/uploads\/2022\/10\/Absente-de-la-liste-Pro-Team-2023-la-formation-BB-Ho\u0302tels-publie-un-communique\u0301.png\" \/>\n\t<meta property=\"og:image:width\" content=\"800\" \/>\n\t<meta property=\"og:image:height\" content=\"445\" \/>\n\t<meta property=\"og:image:type\" content=\"image\/png\" \/>\n<meta name=\"author\" content=\"Nicolas Jacquemard\" \/>\n<meta name=\"twitter:card\" content=\"summary_large_image\" \/>\n<meta name=\"twitter:title\" content=\"Absente de la liste Pro Team 2023, la formation B&amp;B Hotels publie un communiqu\u00e9\" \/>\n<meta name=\"twitter:creator\" content=\"@https:\/\/twitter.com\/Nico_Jacquemard\" \/>\n<meta name=\"twitter:site\" content=\"@dicodusport\" \/>\n<script type=\"application\/ld+json\" class=\"yoast-schema-graph\">{\"@context\":\"https:\/\/schema.org\",\"@graph\":[{\"@type\":\"NewsArticle\",\"@id\":\"https:\/\/dicodusport.fr\/blog\/absente-de-la-liste-pro-team-2023-la-formation-bb-hotels-publie-un-communique\/#article\",\"isPartOf\":{\"@id\":\"https:\/\/dicodusport.fr\/blog\/absente-de-la-liste-pro-team-2023-la-formation-bb-hotels-publie-un-communique\/\"},\"author\":{\"name\":\"Nicolas Jacquemard\",\"@id\":\"https:\/\/dicodusport.fr\/blog\/#\/schema\/person\/55dcb50ad410894e431ed812bbb70191\"},\"headline\":\"Absente de la liste Pro Team 2023, la formation B&#038;B Hotels publie un communiqu\u00e9\",\"datePublished\":\"2022-10-20T05:45:47+00:00\",\"dateModified\":\"2022-10-20T05:49:03+00:00\",\"mainEntityOfPage\":{\"@id\":\"https:\/\/dicodusport.fr\/blog\/absente-de-la-liste-pro-team-2023-la-formation-bb-hotels-publie-un-communique\/\"},\"wordCount\":289,\"commentCount\":0,\"publisher\":{\"@id\":\"https:\/\/dicodusport.fr\/blog\/#organization\"},\"image\":{\"@id\":\"https:\/\/dicodusport.fr\/blog\/absente-de-la-liste-pro-team-2023-la-formation-bb-hotels-publie-un-communique\/#primaryimage\"},\"thumbnailUrl\":\"https:\/\/dicodusport.fr\/blog\/wp-content\/uploads\/2022\/10\/Absente-de-la-liste-Pro-Team-2023-la-formation-BB-Ho\u0302tels-publie-un-communique\u0301.png\",\"keywords\":[\"B&amp;B H\u00f4tels\",\"Cyclisme\",\"UCI\"],\"articleSection\":[\"Cyclisme sur route\"],\"inLanguage\":\"fr-FR\",\"potentialAction\":[{\"@type\":\"CommentAction\",\"name\":\"Comment\",\"target\":[\"https:\/\/dicodusport.fr\/blog\/absente-de-la-liste-pro-team-2023-la-formation-bb-hotels-publie-un-communique\/#respond\"]}],\"copyrightYear\":\"2022\",\"copyrightHolder\":{\"@id\":\"https:\/\/dicodusport.fr\/blog\/#organization\"}},{\"@type\":\"WebPage\",\"@id\":\"https:\/\/dicodusport.fr\/blog\/absente-de-la-liste-pro-team-2023-la-formation-bb-hotels-publie-un-communique\/\",\"url\":\"https:\/\/dicodusport.fr\/blog\/absente-de-la-liste-pro-team-2023-la-formation-bb-hotels-publie-un-communique\/\",\"name\":\"Absente de la liste Pro Team 2023, la formation B&B Hotels publie un communiqu\u00e9\",\"isPartOf\":{\"@id\":\"https:\/\/dicodusport.fr\/blog\/#website\"},\"primaryImageOfPage\":{\"@id\":\"https:\/\/dicodusport.fr\/blog\/absente-de-la-liste-pro-team-2023-la-formation-bb-hotels-publie-un-communique\/#primaryimage\"},\"image\":{\"@id\":\"https:\/\/dicodusport.fr\/blog\/absente-de-la-liste-pro-team-2023-la-formation-bb-hotels-publie-un-communique\/#primaryimage\"},\"thumbnailUrl\":\"https:\/\/dicodusport.fr\/blog\/wp-content\/uploads\/2022\/10\/Absente-de-la-liste-Pro-Team-2023-la-formation-BB-Ho\u0302tels-publie-un-communique\u0301.png\",\"datePublished\":\"2022-10-20T05:45:47+00:00\",\"dateModified\":\"2022-10-20T05:49:03+00:00\",\"description\":\"CYCLISME SUR ROUTE 2023 - Alors que l'arriv\u00e9e du nouveau sponsor a \u00e9t\u00e9 retard\u00e9e, B&B Hotels ne fait pas partie des candidats UCI Pro Team\",\"breadcrumb\":{\"@id\":\"https:\/\/dicodusport.fr\/blog\/absente-de-la-liste-pro-team-2023-la-formation-bb-hotels-publie-un-communique\/#breadcrumb\"},\"inLanguage\":\"fr-FR\",\"potentialAction\":[{\"@type\":\"ReadAction\",\"target\":[\"https:\/\/dicodusport.fr\/blog\/absente-de-la-liste-pro-team-2023-la-formation-bb-hotels-publie-un-communique\/\"]}]},{\"@type\":\"ImageObject\",\"inLanguage\":\"fr-FR\",\"@id\":\"https:\/\/dicodusport.fr\/blog\/absente-de-la-liste-pro-team-2023-la-formation-bb-hotels-publie-un-communique\/#primaryimage\",\"url\":\"https:\/\/dicodusport.fr\/blog\/wp-content\/uploads\/2022\/10\/Absente-de-la-liste-Pro-Team-2023-la-formation-BB-Ho\u0302tels-publie-un-communique\u0301.png\",\"contentUrl\":\"https:\/\/dicodusport.fr\/blog\/wp-content\/uploads\/2022\/10\/Absente-de-la-liste-Pro-Team-2023-la-formation-BB-Ho\u0302tels-publie-un-communique\u0301.png\",\"width\":800,\"height\":445,\"caption\":\"Pierre Rolland - Photo Icon Sport\"},{\"@type\":\"BreadcrumbList\",\"@id\":\"https:\/\/dicodusport.fr\/blog\/absente-de-la-liste-pro-team-2023-la-formation-bb-hotels-publie-un-communique\/#breadcrumb\",\"itemListElement\":[{\"@type\":\"ListItem\",\"position\":1,\"name\":\"Accueil\",\"item\":\"https:\/\/dicodusport.fr\/blog\/\"},{\"@type\":\"ListItem\",\"position\":2,\"name\":\"Absente de la liste Pro Team 2023, la formation B&#038;B Hotels publie un communiqu\u00e9\"}]},{\"@type\":\"WebSite\",\"@id\":\"https:\/\/dicodusport.fr\/blog\/#website\",\"url\":\"https:\/\/dicodusport.fr\/blog\/\",\"name\":\"Dicodusport\",\"description\":\"L&#039;encyclop\u00e9die de l&#039;actualit\u00e9 sportive\",\"publisher\":{\"@id\":\"https:\/\/dicodusport.fr\/blog\/#organization\"},\"potentialAction\":[{\"@type\":\"SearchAction\",\"target\":{\"@type\":\"EntryPoint\",\"urlTemplate\":\"https:\/\/dicodusport.fr\/blog\/?s={search_term_string}\"},\"query-input\":{\"@type\":\"PropertyValueSpecification\",\"valueRequired\":true,\"valueName\":\"search_term_string\"}}],\"inLanguage\":\"fr-FR\"},{\"@type\":\"NewsMediaOrganization\",\"@id\":\"https:\/\/dicodusport.fr\/blog\/#organization\",\"name\":\"Dicodusport\",\"url\":\"https:\/\/dicodusport.fr\/blog\/\",\"logo\":{\"@type\":\"ImageObject\",\"inLanguage\":\"fr-FR\",\"@id\":\"https:\/\/dicodusport.fr\/blog\/#\/schema\/logo\/image\/\",\"url\":\"https:\/\/dicodusport.fr\/blog\/wp-content\/uploads\/2020\/06\/cropped-LOGO-DICODUSPORT-2020-SANS-FOND-SANS-TEXTE.png\",\"contentUrl\":\"https:\/\/dicodusport.fr\/blog\/wp-content\/uploads\/2020\/06\/cropped-LOGO-DICODUSPORT-2020-SANS-FOND-SANS-TEXTE.png\",\"width\":512,\"height\":512,\"caption\":\"Dicodusport\"},\"image\":{\"@id\":\"https:\/\/dicodusport.fr\/blog\/#\/schema\/logo\/image\/\"},\"sameAs\":[\"https:\/\/www.facebook.com\/dicodusport\",\"https:\/\/x.com\/dicodusport\",\"https:\/\/www.instagram.com\/dicodusport\/\",\"https:\/\/www.youtube.com\/channel\/UC7V2KZ5sd3htJivAbA4ZG3w\"],\"description\":\"Dicodusport est l'encyclop\u00e9die de l'actualit\u00e9 sportive.\",\"email\":\"bonjour@dicodusport.fr\",\"legalName\":\"DICODUSPORT\",\"foundingDate\":\"2018-01-14\",\"vatID\":\"FR71834470973\",\"taxID\":\"83447097300043\",\"numberOfEmployees\":{\"@type\":\"QuantitativeValue\",\"minValue\":\"1\",\"maxValue\":\"10\"}},{\"@type\":\"Person\",\"@id\":\"https:\/\/dicodusport.fr\/blog\/#\/schema\/person\/55dcb50ad410894e431ed812bbb70191\",\"name\":\"Nicolas Jacquemard\",\"image\":{\"@type\":\"ImageObject\",\"inLanguage\":\"fr-FR\",\"@id\":\"https:\/\/dicodusport.fr\/blog\/#\/schema\/person\/image\/\",\"url\":\"https:\/\/dicodusport.fr\/blog\/wp-content\/uploads\/2021\/05\/Nicolas-Jacquemard-150x150.jpeg\",\"contentUrl\":\"https:\/\/dicodusport.fr\/blog\/wp-content\/uploads\/2021\/05\/Nicolas-Jacquemard-150x150.jpeg\",\"caption\":\"Nicolas Jacquemard\"},\"description\":\"Passionn\u00e9 de sport et entrepreneur depuis mes 18 ans, la cr\u00e9ation de Dicodusport m'a sembl\u00e9 \u00e9vidente pour participer \u00e0 la m\u00e9diatisation d'un plus grand nombre de sports. Le chemin est long mais avec une \u00e9quipe des plus motiv\u00e9es et les Jeux Olympiques de Paris 2024 en point de mire, nous y arriverons ! Journaliste dans le monde du sport depuis plus de 5 ans, je traite aussi bien de football, de rugby, de biathlon que de cyclisme.\",\"sameAs\":[\"https:\/\/www.facebook.com\/dicodusport\",\"https:\/\/x.com\/https:\/\/twitter.com\/Nico_Jacquemard\"],\"url\":\"https:\/\/dicodusport.fr\/blog\/author\/dicodusport\/\"}]}<\/script>\n<!-- \/ Yoast SEO Premium plugin. -->","yoast_head_json":{"title":"Absente de la liste Pro Team 2023, la formation B&B Hotels publie un communiqu\u00e9","description":"CYCLISME SUR ROUTE 2023 - Alors que l'arriv\u00e9e du nouveau sponsor a \u00e9t\u00e9 retard\u00e9e, B&B Hotels ne fait pas partie des candidats UCI Pro Team","robots":{"index":"index","follow":"follow","max-snippet":"max-snippet:-1","max-image-preview":"max-image-preview:large","max-video-preview":"max-video-preview:-1"},"canonical":"https:\/\/dicodusport.fr\/blog\/absente-de-la-liste-pro-team-2023-la-formation-bb-hotels-publie-un-communique\/","og_locale":"fr_FR","og_type":"article","og_title":"Absente de la liste Pro Team 2023, la formation B&B Hotels publie un communiqu\u00e9","og_description":"CYCLISME SUR ROUTE 2023 - Alors que l'arriv\u00e9e du nouveau sponsor a \u00e9t\u00e9 retard\u00e9e, B&B Hotels ne fait pas partie des candidats UCI Pro Team","og_url":"https:\/\/dicodusport.fr\/blog\/absente-de-la-liste-pro-team-2023-la-formation-bb-hotels-publie-un-communique\/","og_site_name":"Dicodusport","article_publisher":"https:\/\/www.facebook.com\/dicodusport","article_author":"https:\/\/www.facebook.com\/dicodusport","article_published_time":"2022-10-20T05:45:47+00:00","article_modified_time":"2022-10-20T05:49:03+00:00","og_image":[{"width":800,"height":445,"url":"https:\/\/dicodusport.fr\/blog\/wp-content\/uploads\/2022\/10\/Absente-de-la-liste-Pro-Team-2023-la-formation-BB-Ho\u0302tels-publie-un-communique\u0301.png","type":"image\/png"}],"author":"Nicolas Jacquemard","twitter_card":"summary_large_image","twitter_title":"Absente de la liste Pro Team 2023, la formation B&B Hotels publie un communiqu\u00e9","twitter_creator":"@https:\/\/twitter.com\/Nico_Jacquemard","twitter_site":"@dicodusport","schema":{"@context":"https:\/\/schema.org","@graph":[{"@type":"NewsArticle","@id":"https:\/\/dicodusport.fr\/blog\/absente-de-la-liste-pro-team-2023-la-formation-bb-hotels-publie-un-communique\/#article","isPartOf":{"@id":"https:\/\/dicodusport.fr\/blog\/absente-de-la-liste-pro-team-2023-la-formation-bb-hotels-publie-un-communique\/"},"author":{"name":"Nicolas Jacquemard","@id":"https:\/\/dicodusport.fr\/blog\/#\/schema\/person\/55dcb50ad410894e431ed812bbb70191"},"headline":"Absente de la liste Pro Team 2023, la formation B&#038;B Hotels publie un communiqu\u00e9","datePublished":"2022-10-20T05:45:47+00:00","dateModified":"2022-10-20T05:49:03+00:00","mainEntityOfPage":{"@id":"https:\/\/dicodusport.fr\/blog\/absente-de-la-liste-pro-team-2023-la-formation-bb-hotels-publie-un-communique\/"},"wordCount":289,"commentCount":0,"publisher":{"@id":"https:\/\/dicodusport.fr\/blog\/#organization"},"image":{"@id":"https:\/\/dicodusport.fr\/blog\/absente-de-la-liste-pro-team-2023-la-formation-bb-hotels-publie-un-communique\/#primaryimage"},"thumbnailUrl":"https:\/\/dicodusport.fr\/blog\/wp-content\/uploads\/2022\/10\/Absente-de-la-liste-Pro-Team-2023-la-formation-BB-Ho\u0302tels-publie-un-communique\u0301.png","keywords":["B&amp;B H\u00f4tels","Cyclisme","UCI"],"articleSection":["Cyclisme sur route"],"inLanguage":"fr-FR","potentialAction":[{"@type":"CommentAction","name":"Comment","target":["https:\/\/dicodusport.fr\/blog\/absente-de-la-liste-pro-team-2023-la-formation-bb-hotels-publie-un-communique\/#respond"]}],"copyrightYear":"2022","copyrightHolder":{"@id":"https:\/\/dicodusport.fr\/blog\/#organization"}},{"@type":"WebPage","@id":"https:\/\/dicodusport.fr\/blog\/absente-de-la-liste-pro-team-2023-la-formation-bb-hotels-publie-un-communique\/","url":"https:\/\/dicodusport.fr\/blog\/absente-de-la-liste-pro-team-2023-la-formation-bb-hotels-publie-un-communique\/","name":"Absente de la liste Pro Team 2023, la formation B&B Hotels publie un communiqu\u00e9","isPartOf":{"@id":"https:\/\/dicodusport.fr\/blog\/#website"},"primaryImageOfPage":{"@id":"https:\/\/dicodusport.fr\/blog\/absente-de-la-liste-pro-team-2023-la-formation-bb-hotels-publie-un-communique\/#primaryimage"},"image":{"@id":"https:\/\/dicodusport.fr\/blog\/absente-de-la-liste-pro-team-2023-la-formation-bb-hotels-publie-un-communique\/#primaryimage"},"thumbnailUrl":"https:\/\/dicodusport.fr\/blog\/wp-content\/uploads\/2022\/10\/Absente-de-la-liste-Pro-Team-2023-la-formation-BB-Ho\u0302tels-publie-un-communique\u0301.png","datePublished":"2022-10-20T05:45:47+00:00","dateModified":"2022-10-20T05:49:03+00:00","description":"CYCLISME SUR ROUTE 2023 - Alors que l'arriv\u00e9e du nouveau sponsor a \u00e9t\u00e9 retard\u00e9e, B&B Hotels ne fait pas partie des candidats UCI Pro Team","breadcrumb":{"@id":"https:\/\/dicodusport.fr\/blog\/absente-de-la-liste-pro-team-2023-la-formation-bb-hotels-publie-un-communique\/#breadcrumb"},"inLanguage":"fr-FR","potentialAction":[{"@type":"ReadAction","target":["https:\/\/dicodusport.fr\/blog\/absente-de-la-liste-pro-team-2023-la-formation-bb-hotels-publie-un-communique\/"]}]},{"@type":"ImageObject","inLanguage":"fr-FR","@id":"https:\/\/dicodusport.fr\/blog\/absente-de-la-liste-pro-team-2023-la-formation-bb-hotels-publie-un-communique\/#primaryimage","url":"https:\/\/dicodusport.fr\/blog\/wp-content\/uploads\/2022\/10\/Absente-de-la-liste-Pro-Team-2023-la-formation-BB-Ho\u0302tels-publie-un-communique\u0301.png","contentUrl":"https:\/\/dicodusport.fr\/blog\/wp-content\/uploads\/2022\/10\/Absente-de-la-liste-Pro-Team-2023-la-formation-BB-Ho\u0302tels-publie-un-communique\u0301.png","width":800,"height":445,"caption":"Pierre Rolland - Photo Icon Sport"},{"@type":"BreadcrumbList","@id":"https:\/\/dicodusport.fr\/blog\/absente-de-la-liste-pro-team-2023-la-formation-bb-hotels-publie-un-communique\/#breadcrumb","itemListElement":[{"@type":"ListItem","position":1,"name":"Accueil","item":"https:\/\/dicodusport.fr\/blog\/"},{"@type":"ListItem","position":2,"name":"Absente de la liste Pro Team 2023, la formation B&#038;B Hotels publie un communiqu\u00e9"}]},{"@type":"WebSite","@id":"https:\/\/dicodusport.fr\/blog\/#website","url":"https:\/\/dicodusport.fr\/blog\/","name":"Dicodusport","description":"L&#039;encyclop\u00e9die de l&#039;actualit\u00e9 sportive","publisher":{"@id":"https:\/\/dicodusport.fr\/blog\/#organization"},"potentialAction":[{"@type":"SearchAction","target":{"@type":"EntryPoint","urlTemplate":"https:\/\/dicodusport.fr\/blog\/?s={search_term_string}"},"query-input":{"@type":"PropertyValueSpecification","valueRequired":true,"valueName":"search_term_string"}}],"inLanguage":"fr-FR"},{"@type":"NewsMediaOrganization","@id":"https:\/\/dicodusport.fr\/blog\/#organization","name":"Dicodusport","url":"https:\/\/dicodusport.fr\/blog\/","logo":{"@type":"ImageObject","inLanguage":"fr-FR","@id":"https:\/\/dicodusport.fr\/blog\/#\/schema\/logo\/image\/","url":"https:\/\/dicodusport.fr\/blog\/wp-content\/uploads\/2020\/06\/cropped-LOGO-DICODUSPORT-2020-SANS-FOND-SANS-TEXTE.png","contentUrl":"https:\/\/dicodusport.fr\/blog\/wp-content\/uploads\/2020\/06\/cropped-LOGO-DICODUSPORT-2020-SANS-FOND-SANS-TEXTE.png","width":512,"height":512,"caption":"Dicodusport"},"image":{"@id":"https:\/\/dicodusport.fr\/blog\/#\/schema\/logo\/image\/"},"sameAs":["https:\/\/www.facebook.com\/dicodusport","https:\/\/x.com\/dicodusport","https:\/\/www.instagram.com\/dicodusport\/","https:\/\/www.youtube.com\/channel\/UC7V2KZ5sd3htJivAbA4ZG3w"],"description":"Dicodusport est l'encyclop\u00e9die de l'actualit\u00e9 sportive.","email":"bonjour@dicodusport.fr","legalName":"DICODUSPORT","foundingDate":"2018-01-14","vatID":"FR71834470973","taxID":"83447097300043","numberOfEmployees":{"@type":"QuantitativeValue","minValue":"1","maxValue":"10"}},{"@type":"Person","@id":"https:\/\/dicodusport.fr\/blog\/#\/schema\/person\/55dcb50ad410894e431ed812bbb70191","name":"Nicolas Jacquemard","image":{"@type":"ImageObject","inLanguage":"fr-FR","@id":"https:\/\/dicodusport.fr\/blog\/#\/schema\/person\/image\/","url":"https:\/\/dicodusport.fr\/blog\/wp-content\/uploads\/2021\/05\/Nicolas-Jacquemard-150x150.jpeg","contentUrl":"https:\/\/dicodusport.fr\/blog\/wp-content\/uploads\/2021\/05\/Nicolas-Jacquemard-150x150.jpeg","caption":"Nicolas Jacquemard"},"description":"Passionn\u00e9 de sport et entrepreneur depuis mes 18 ans, la cr\u00e9ation de Dicodusport m'a sembl\u00e9 \u00e9vidente pour participer \u00e0 la m\u00e9diatisation d'un plus grand nombre de sports. Le chemin est long mais avec une \u00e9quipe des plus motiv\u00e9es et les Jeux Olympiques de Paris 2024 en point de mire, nous y arriverons ! Journaliste dans le monde du sport depuis plus de 5 ans, je traite aussi bien de football, de rugby, de biathlon que de cyclisme.","sameAs":["https:\/\/www.facebook.com\/dicodusport","https:\/\/x.com\/https:\/\/twitter.com\/Nico_Jacquemard"],"url":"https:\/\/dicodusport.fr\/blog\/author\/dicodusport\/"}]}},"_links":{"self":[{"href":"https:\/\/dicodusport.fr\/blog\/wp-json\/wp\/v2\/posts\/271467","targetHints":{"allow":["GET"]}}],"collection":[{"href":"https:\/\/dicodusport.fr\/blog\/wp-json\/wp\/v2\/posts"}],"about":[{"href":"https:\/\/dicodusport.fr\/blog\/wp-json\/wp\/v2\/types\/post"}],"author":[{"embeddable":true,"href":"https:\/\/dicodusport.fr\/blog\/wp-json\/wp\/v2\/users\/1"}],"replies":[{"embeddable":true,"href":"https:\/\/dicodusport.fr\/blog\/wp-json\/wp\/v2\/comments?post=271467"}],"version-history":[{"count":0,"href":"https:\/\/dicodusport.fr\/blog\/wp-json\/wp\/v2\/posts\/271467\/revisions"}],"wp:featuredmedia":[{"embeddable":true,"href":"https:\/\/dicodusport.fr\/blog\/wp-json\/wp\/v2\/media\/271469"}],"wp:attachment":[{"href":"https:\/\/dicodusport.fr\/blog\/wp-json\/wp\/v2\/media?parent=271467"}],"wp:term":[{"taxonomy":"category","embeddable":true,"href":"https:\/\/dicodusport.fr\/blog\/wp-json\/wp\/v2\/categories?post=271467"},{"taxonomy":"post_tag","embeddable":true,"href":"https:\/\/dicodusport.fr\/blog\/wp-json\/wp\/v2\/tags?post=271467"}],"curies":[{"name":"wp","href":"https:\/\/api.w.org\/{rel}","templated":true}]}}