{"id":271747,"date":"2022-10-21T11:48:17","date_gmt":"2022-10-21T09:48:17","guid":{"rendered":"https:\/\/dicodusport.fr\/blog\/?p=271747&#038;preview=true&#038;preview_id=271747"},"modified":"2022-10-21T11:58:24","modified_gmt":"2022-10-21T09:58:24","slug":"mercato-romain-bardet-netait-pas-loin-de-revenir-dans-une-equipe-francaise","status":"publish","type":"post","link":"https:\/\/dicodusport.fr\/blog\/mercato-romain-bardet-netait-pas-loin-de-revenir-dans-une-equipe-francaise\/","title":{"rendered":"Mercato : Romain Bardet n&rsquo;\u00e9tait pas loin de revenir dans une \u00e9quipe fran\u00e7aise"},"content":{"rendered":"<p style=\"text-align: justify;\"><b><i>CYCLISME SUR ROUTE 2023 &#8211; Emmanuel Hubert, manager d&rsquo;Ark\u00e9a-Samsic, a \u00e9t\u00e9 tr\u00e8s loquace dans les colonnes du T\u00e9l\u00e9gramme. Le boss de la formation bretonne a en effet expliqu\u00e9 qu&rsquo;il avait \u00e9t\u00e9 proche de signer Romain Bardet.\u00a0<\/i><\/b><\/p>\n<p style=\"text-align: justify;\">Le boss de la <strong>formation<\/strong> <strong>bretonne<\/strong>, Emmanuel Hubert, <a href=\"https:\/\/dicodusport.fr\/blog\/mercato-valentin-madouas-piste-par-une-autre-equipe-francaise\/\">qui a confirm\u00e9 son int\u00e9r\u00eat pour <strong>Valentin<\/strong> <strong>Madouas<\/strong><\/a>, a aussi expliqu\u00e9 qu&rsquo;il avait tent\u00e9 le coup avec deux leaders fran\u00e7ais, <strong>Romain<\/strong> <strong>Bardet<\/strong> et <strong>Guillaume<\/strong> <strong>Martin<\/strong>. <strong>Emmanuel<\/strong> <strong>Hubert<\/strong> a m\u00eame expliqu\u00e9 que leur recrutement n&rsquo;est pas pass\u00e9 loin dans les deux cas, dans les colonnes de nos confr\u00e8res <a href=\"https:\/\/www.letelegramme.fr\/cyclisme\/le-worldtour-ledanois-quintana-madouas-emmanuel-hubert-manager-general-d-arkea-samsic-dit-tout-21-10-2022-13204371.php\" target=\"_blank\" rel=\"nofollow noopener\"><em>du T\u00e9l\u00e9gramme<\/em><\/a>.<\/p>\n<blockquote>\n<p style=\"text-align: justify;\">Avant la non-reconduction du contrat de Quintana, j&rsquo;ai \u00e9t\u00e9 en contact avec Guillaume Martin et Romain Bardet. Ils \u00e9taient \u00e0 l&rsquo;\u00e9coute, \u00e7a s&rsquo;est pas jou\u00e9 \u00e0 grand chose. Finalement, ils ont d\u00e9cid\u00e9 de prolonger l&rsquo;aventure dans leur \u00e9quipe respective.<\/p>\n<\/blockquote>\n<p style=\"text-align: justify;\">Le manager d&rsquo;<strong>Ark\u00e9a-Samsic<\/strong> a confirm\u00e9 que le recrutement \u00e9tait termin\u00e9, qu&rsquo;il n&rsquo;y aurait donc pas de grand leader pour remplacer <strong>Nairo<\/strong> <strong>Quintana<\/strong>. Mais il ajoute qu&rsquo;il croit beaucoup en <strong>K\u00e9vin<\/strong> <strong>Vauquelin<\/strong>, qui a \u00e9t\u00e9 tr\u00e8s sollicit\u00e9.<\/p>\n<blockquote class=\"twitter-tweet\">\n<p dir=\"ltr\" lang=\"fr\">&#x1f534; La mont\u00e9e en WorldTour, l&rsquo;affaire Quintana, le d\u00e9part de Ledanois, les contacts avec Bardet, le r\u00eave Madouas : en exclusivit\u00e9, Emmanuel Hubert, manager d&rsquo;Ark\u00e9a-Samsic, dit tout &#x1f449;<a href=\"https:\/\/t.co\/ByjkpE80Fb\">https:\/\/t.co\/ByjkpE80Fb<\/a> <a href=\"https:\/\/t.co\/8CrV1LZ5Ww\">pic.twitter.com\/8CrV1LZ5Ww<\/a><\/p>\n<p>\u2014 Philippe Priser (nouveau compte) (@PhilippePriser) <a href=\"https:\/\/twitter.com\/PhilippePriser\/status\/1583339448959324160?ref_src=twsrc%5Etfw\">October 21, 2022<\/a><\/p><\/blockquote>\n<p style=\"text-align: justify;\"><script async src=\"https:\/\/platform.twitter.com\/widgets.js\" charset=\"utf-8\"><\/script><\/p>\n","protected":false},"excerpt":{"rendered":"<p>CYCLISME SUR ROUTE 2023 &#8211; Emmanuel Hubert, manager d&rsquo;Ark\u00e9a-Samsic a \u00e9t\u00e9 tr\u00e8s loquace dans les colonnes du T\u00e9l\u00e9gramme et a aussi expliqu\u00e9 qu&rsquo;il avait \u00e9t\u00e9 proche de signer Romain Bardet.\u00a0<\/p>\n","protected":false},"author":1,"featured_media":223264,"comment_status":"open","ping_status":"closed","sticky":false,"template":"","format":"standard","meta":{"_acf_changed":false,"_daextam_enable_autolinks":"","footnotes":""},"categories":[46994],"tags":[7045,1446,3646],"class_list":["post-271747","post","type-post","status-publish","format-standard","has-post-thumbnail","hentry","category-cyclisme-sur-route","tag-arkea-samsic","tag-bardet","tag-romain-bardet"],"acf":[],"yoast_head":"<!-- This site is optimized with the Yoast SEO Premium plugin v26.7 (Yoast SEO v26.7) - https:\/\/yoast.com\/wordpress\/plugins\/seo\/ -->\n<title>Mercato : Romain Bardet n&#039;\u00e9tait pas loin de revenir dans une \u00e9quipe fran\u00e7aise<\/title>\n<meta name=\"description\" content=\"CYCLISME SUR ROUTE 2023 - Emmanuel Hubert, manager d&#039;Ark\u00e9a-Samsic a \u00e9t\u00e9 tr\u00e8s loquace dans les colonnes du T\u00e9l\u00e9gramme et a aussi expliqu\u00e9 qu&#039;il avait \u00e9t\u00e9 proche de signer Romain Bardet.\u00a0\" \/>\n<meta name=\"robots\" content=\"index, follow, max-snippet:-1, max-image-preview:large, max-video-preview:-1\" \/>\n<link rel=\"canonical\" href=\"https:\/\/dicodusport.fr\/blog\/mercato-romain-bardet-netait-pas-loin-de-revenir-dans-une-equipe-francaise\/\" \/>\n<meta property=\"og:locale\" content=\"fr_FR\" \/>\n<meta property=\"og:type\" content=\"article\" \/>\n<meta property=\"og:title\" content=\"Mercato : Romain Bardet n&#039;\u00e9tait pas loin de revenir dans une \u00e9quipe fran\u00e7aise\" \/>\n<meta property=\"og:description\" content=\"CYCLISME SUR ROUTE 2023 - Emmanuel Hubert, manager d&#039;Ark\u00e9a-Samsic a \u00e9t\u00e9 tr\u00e8s loquace dans les colonnes du T\u00e9l\u00e9gramme et a aussi expliqu\u00e9 qu&#039;il avait \u00e9t\u00e9 proche de signer Romain Bardet.\u00a0\" \/>\n<meta property=\"og:url\" content=\"https:\/\/dicodusport.fr\/blog\/mercato-romain-bardet-netait-pas-loin-de-revenir-dans-une-equipe-francaise\/\" \/>\n<meta property=\"og:site_name\" content=\"Dicodusport\" \/>\n<meta property=\"article:publisher\" content=\"https:\/\/www.facebook.com\/dicodusport\" \/>\n<meta property=\"article:author\" content=\"https:\/\/www.facebook.com\/dicodusport\" \/>\n<meta property=\"article:published_time\" content=\"2022-10-21T09:48:17+00:00\" \/>\n<meta property=\"article:modified_time\" content=\"2022-10-21T09:58:24+00:00\" \/>\n<meta property=\"og:image\" content=\"https:\/\/dicodusport.fr\/blog\/wp-content\/uploads\/2022\/05\/Romain-Bardet-va-prolonger-laventure-avec-DSM.png\" \/>\n\t<meta property=\"og:image:width\" content=\"800\" \/>\n\t<meta property=\"og:image:height\" content=\"445\" \/>\n\t<meta property=\"og:image:type\" content=\"image\/png\" \/>\n<meta name=\"author\" content=\"Nicolas Jacquemard\" \/>\n<meta name=\"twitter:card\" content=\"summary_large_image\" \/>\n<meta name=\"twitter:title\" content=\"Mercato : Romain Bardet n&#039;\u00e9tait pas loin de revenir dans une \u00e9quipe fran\u00e7aise\" \/>\n<meta name=\"twitter:creator\" content=\"@https:\/\/twitter.com\/Nico_Jacquemard\" \/>\n<meta name=\"twitter:site\" content=\"@dicodusport\" \/>\n<script type=\"application\/ld+json\" class=\"yoast-schema-graph\">{\"@context\":\"https:\/\/schema.org\",\"@graph\":[{\"@type\":\"NewsArticle\",\"@id\":\"https:\/\/dicodusport.fr\/blog\/mercato-romain-bardet-netait-pas-loin-de-revenir-dans-une-equipe-francaise\/#article\",\"isPartOf\":{\"@id\":\"https:\/\/dicodusport.fr\/blog\/mercato-romain-bardet-netait-pas-loin-de-revenir-dans-une-equipe-francaise\/\"},\"author\":{\"name\":\"Nicolas Jacquemard\",\"@id\":\"https:\/\/dicodusport.fr\/blog\/#\/schema\/person\/55dcb50ad410894e431ed812bbb70191\"},\"headline\":\"Mercato : Romain Bardet n&rsquo;\u00e9tait pas loin de revenir dans une \u00e9quipe fran\u00e7aise\",\"datePublished\":\"2022-10-21T09:48:17+00:00\",\"dateModified\":\"2022-10-21T09:58:24+00:00\",\"mainEntityOfPage\":{\"@id\":\"https:\/\/dicodusport.fr\/blog\/mercato-romain-bardet-netait-pas-loin-de-revenir-dans-une-equipe-francaise\/\"},\"wordCount\":258,\"commentCount\":0,\"publisher\":{\"@id\":\"https:\/\/dicodusport.fr\/blog\/#organization\"},\"image\":{\"@id\":\"https:\/\/dicodusport.fr\/blog\/mercato-romain-bardet-netait-pas-loin-de-revenir-dans-une-equipe-francaise\/#primaryimage\"},\"thumbnailUrl\":\"https:\/\/dicodusport.fr\/blog\/wp-content\/uploads\/2022\/05\/Romain-Bardet-va-prolonger-laventure-avec-DSM.png\",\"keywords\":[\"Arkea-Samsic\",\"bardet\",\"Romain Bardet\"],\"articleSection\":[\"Cyclisme sur route\"],\"inLanguage\":\"fr-FR\",\"potentialAction\":[{\"@type\":\"CommentAction\",\"name\":\"Comment\",\"target\":[\"https:\/\/dicodusport.fr\/blog\/mercato-romain-bardet-netait-pas-loin-de-revenir-dans-une-equipe-francaise\/#respond\"]}],\"copyrightYear\":\"2022\",\"copyrightHolder\":{\"@id\":\"https:\/\/dicodusport.fr\/blog\/#organization\"}},{\"@type\":\"WebPage\",\"@id\":\"https:\/\/dicodusport.fr\/blog\/mercato-romain-bardet-netait-pas-loin-de-revenir-dans-une-equipe-francaise\/\",\"url\":\"https:\/\/dicodusport.fr\/blog\/mercato-romain-bardet-netait-pas-loin-de-revenir-dans-une-equipe-francaise\/\",\"name\":\"Mercato : Romain Bardet n'\u00e9tait pas loin de revenir dans une \u00e9quipe fran\u00e7aise\",\"isPartOf\":{\"@id\":\"https:\/\/dicodusport.fr\/blog\/#website\"},\"primaryImageOfPage\":{\"@id\":\"https:\/\/dicodusport.fr\/blog\/mercato-romain-bardet-netait-pas-loin-de-revenir-dans-une-equipe-francaise\/#primaryimage\"},\"image\":{\"@id\":\"https:\/\/dicodusport.fr\/blog\/mercato-romain-bardet-netait-pas-loin-de-revenir-dans-une-equipe-francaise\/#primaryimage\"},\"thumbnailUrl\":\"https:\/\/dicodusport.fr\/blog\/wp-content\/uploads\/2022\/05\/Romain-Bardet-va-prolonger-laventure-avec-DSM.png\",\"datePublished\":\"2022-10-21T09:48:17+00:00\",\"dateModified\":\"2022-10-21T09:58:24+00:00\",\"description\":\"CYCLISME SUR ROUTE 2023 - Emmanuel Hubert, manager d'Ark\u00e9a-Samsic a \u00e9t\u00e9 tr\u00e8s loquace dans les colonnes du T\u00e9l\u00e9gramme et a aussi expliqu\u00e9 qu'il avait \u00e9t\u00e9 proche de signer Romain Bardet.\u00a0\",\"breadcrumb\":{\"@id\":\"https:\/\/dicodusport.fr\/blog\/mercato-romain-bardet-netait-pas-loin-de-revenir-dans-une-equipe-francaise\/#breadcrumb\"},\"inLanguage\":\"fr-FR\",\"potentialAction\":[{\"@type\":\"ReadAction\",\"target\":[\"https:\/\/dicodusport.fr\/blog\/mercato-romain-bardet-netait-pas-loin-de-revenir-dans-une-equipe-francaise\/\"]}]},{\"@type\":\"ImageObject\",\"inLanguage\":\"fr-FR\",\"@id\":\"https:\/\/dicodusport.fr\/blog\/mercato-romain-bardet-netait-pas-loin-de-revenir-dans-une-equipe-francaise\/#primaryimage\",\"url\":\"https:\/\/dicodusport.fr\/blog\/wp-content\/uploads\/2022\/05\/Romain-Bardet-va-prolonger-laventure-avec-DSM.png\",\"contentUrl\":\"https:\/\/dicodusport.fr\/blog\/wp-content\/uploads\/2022\/05\/Romain-Bardet-va-prolonger-laventure-avec-DSM.png\",\"width\":800,\"height\":445},{\"@type\":\"BreadcrumbList\",\"@id\":\"https:\/\/dicodusport.fr\/blog\/mercato-romain-bardet-netait-pas-loin-de-revenir-dans-une-equipe-francaise\/#breadcrumb\",\"itemListElement\":[{\"@type\":\"ListItem\",\"position\":1,\"name\":\"Accueil\",\"item\":\"https:\/\/dicodusport.fr\/blog\/\"},{\"@type\":\"ListItem\",\"position\":2,\"name\":\"Mercato : Romain Bardet n&rsquo;\u00e9tait pas loin de revenir dans une \u00e9quipe fran\u00e7aise\"}]},{\"@type\":\"WebSite\",\"@id\":\"https:\/\/dicodusport.fr\/blog\/#website\",\"url\":\"https:\/\/dicodusport.fr\/blog\/\",\"name\":\"Dicodusport\",\"description\":\"L&#039;encyclop\u00e9die de l&#039;actualit\u00e9 sportive\",\"publisher\":{\"@id\":\"https:\/\/dicodusport.fr\/blog\/#organization\"},\"potentialAction\":[{\"@type\":\"SearchAction\",\"target\":{\"@type\":\"EntryPoint\",\"urlTemplate\":\"https:\/\/dicodusport.fr\/blog\/?s={search_term_string}\"},\"query-input\":{\"@type\":\"PropertyValueSpecification\",\"valueRequired\":true,\"valueName\":\"search_term_string\"}}],\"inLanguage\":\"fr-FR\"},{\"@type\":\"NewsMediaOrganization\",\"@id\":\"https:\/\/dicodusport.fr\/blog\/#organization\",\"name\":\"Dicodusport\",\"url\":\"https:\/\/dicodusport.fr\/blog\/\",\"logo\":{\"@type\":\"ImageObject\",\"inLanguage\":\"fr-FR\",\"@id\":\"https:\/\/dicodusport.fr\/blog\/#\/schema\/logo\/image\/\",\"url\":\"https:\/\/dicodusport.fr\/blog\/wp-content\/uploads\/2020\/06\/cropped-LOGO-DICODUSPORT-2020-SANS-FOND-SANS-TEXTE.png\",\"contentUrl\":\"https:\/\/dicodusport.fr\/blog\/wp-content\/uploads\/2020\/06\/cropped-LOGO-DICODUSPORT-2020-SANS-FOND-SANS-TEXTE.png\",\"width\":512,\"height\":512,\"caption\":\"Dicodusport\"},\"image\":{\"@id\":\"https:\/\/dicodusport.fr\/blog\/#\/schema\/logo\/image\/\"},\"sameAs\":[\"https:\/\/www.facebook.com\/dicodusport\",\"https:\/\/x.com\/dicodusport\",\"https:\/\/www.instagram.com\/dicodusport\/\",\"https:\/\/www.youtube.com\/channel\/UC7V2KZ5sd3htJivAbA4ZG3w\"],\"description\":\"Dicodusport est l'encyclop\u00e9die de l'actualit\u00e9 sportive.\",\"email\":\"bonjour@dicodusport.fr\",\"legalName\":\"DICODUSPORT\",\"foundingDate\":\"2018-01-14\",\"vatID\":\"FR71834470973\",\"taxID\":\"83447097300043\",\"numberOfEmployees\":{\"@type\":\"QuantitativeValue\",\"minValue\":\"1\",\"maxValue\":\"10\"}},{\"@type\":\"Person\",\"@id\":\"https:\/\/dicodusport.fr\/blog\/#\/schema\/person\/55dcb50ad410894e431ed812bbb70191\",\"name\":\"Nicolas Jacquemard\",\"image\":{\"@type\":\"ImageObject\",\"inLanguage\":\"fr-FR\",\"@id\":\"https:\/\/dicodusport.fr\/blog\/#\/schema\/person\/image\/\",\"url\":\"https:\/\/dicodusport.fr\/blog\/wp-content\/uploads\/2021\/05\/Nicolas-Jacquemard-150x150.jpeg\",\"contentUrl\":\"https:\/\/dicodusport.fr\/blog\/wp-content\/uploads\/2021\/05\/Nicolas-Jacquemard-150x150.jpeg\",\"caption\":\"Nicolas Jacquemard\"},\"description\":\"Passionn\u00e9 de sport et entrepreneur depuis mes 18 ans, la cr\u00e9ation de Dicodusport m'a sembl\u00e9 \u00e9vidente pour participer \u00e0 la m\u00e9diatisation d'un plus grand nombre de sports. Le chemin est long mais avec une \u00e9quipe des plus motiv\u00e9es et les Jeux Olympiques de Paris 2024 en point de mire, nous y arriverons ! Journaliste dans le monde du sport depuis plus de 5 ans, je traite aussi bien de football, de rugby, de biathlon que de cyclisme.\",\"sameAs\":[\"https:\/\/www.facebook.com\/dicodusport\",\"https:\/\/x.com\/https:\/\/twitter.com\/Nico_Jacquemard\"],\"url\":\"https:\/\/dicodusport.fr\/blog\/author\/dicodusport\/\"}]}<\/script>\n<!-- \/ Yoast SEO Premium plugin. -->","yoast_head_json":{"title":"Mercato : Romain Bardet n'\u00e9tait pas loin de revenir dans une \u00e9quipe fran\u00e7aise","description":"CYCLISME SUR ROUTE 2023 - Emmanuel Hubert, manager d'Ark\u00e9a-Samsic a \u00e9t\u00e9 tr\u00e8s loquace dans les colonnes du T\u00e9l\u00e9gramme et a aussi expliqu\u00e9 qu'il avait \u00e9t\u00e9 proche de signer Romain Bardet.\u00a0","robots":{"index":"index","follow":"follow","max-snippet":"max-snippet:-1","max-image-preview":"max-image-preview:large","max-video-preview":"max-video-preview:-1"},"canonical":"https:\/\/dicodusport.fr\/blog\/mercato-romain-bardet-netait-pas-loin-de-revenir-dans-une-equipe-francaise\/","og_locale":"fr_FR","og_type":"article","og_title":"Mercato : Romain Bardet n'\u00e9tait pas loin de revenir dans une \u00e9quipe fran\u00e7aise","og_description":"CYCLISME SUR ROUTE 2023 - Emmanuel Hubert, manager d'Ark\u00e9a-Samsic a \u00e9t\u00e9 tr\u00e8s loquace dans les colonnes du T\u00e9l\u00e9gramme et a aussi expliqu\u00e9 qu'il avait \u00e9t\u00e9 proche de signer Romain Bardet.\u00a0","og_url":"https:\/\/dicodusport.fr\/blog\/mercato-romain-bardet-netait-pas-loin-de-revenir-dans-une-equipe-francaise\/","og_site_name":"Dicodusport","article_publisher":"https:\/\/www.facebook.com\/dicodusport","article_author":"https:\/\/www.facebook.com\/dicodusport","article_published_time":"2022-10-21T09:48:17+00:00","article_modified_time":"2022-10-21T09:58:24+00:00","og_image":[{"width":800,"height":445,"url":"https:\/\/dicodusport.fr\/blog\/wp-content\/uploads\/2022\/05\/Romain-Bardet-va-prolonger-laventure-avec-DSM.png","type":"image\/png"}],"author":"Nicolas Jacquemard","twitter_card":"summary_large_image","twitter_title":"Mercato : Romain Bardet n'\u00e9tait pas loin de revenir dans une \u00e9quipe fran\u00e7aise","twitter_creator":"@https:\/\/twitter.com\/Nico_Jacquemard","twitter_site":"@dicodusport","schema":{"@context":"https:\/\/schema.org","@graph":[{"@type":"NewsArticle","@id":"https:\/\/dicodusport.fr\/blog\/mercato-romain-bardet-netait-pas-loin-de-revenir-dans-une-equipe-francaise\/#article","isPartOf":{"@id":"https:\/\/dicodusport.fr\/blog\/mercato-romain-bardet-netait-pas-loin-de-revenir-dans-une-equipe-francaise\/"},"author":{"name":"Nicolas Jacquemard","@id":"https:\/\/dicodusport.fr\/blog\/#\/schema\/person\/55dcb50ad410894e431ed812bbb70191"},"headline":"Mercato : Romain Bardet n&rsquo;\u00e9tait pas loin de revenir dans une \u00e9quipe fran\u00e7aise","datePublished":"2022-10-21T09:48:17+00:00","dateModified":"2022-10-21T09:58:24+00:00","mainEntityOfPage":{"@id":"https:\/\/dicodusport.fr\/blog\/mercato-romain-bardet-netait-pas-loin-de-revenir-dans-une-equipe-francaise\/"},"wordCount":258,"commentCount":0,"publisher":{"@id":"https:\/\/dicodusport.fr\/blog\/#organization"},"image":{"@id":"https:\/\/dicodusport.fr\/blog\/mercato-romain-bardet-netait-pas-loin-de-revenir-dans-une-equipe-francaise\/#primaryimage"},"thumbnailUrl":"https:\/\/dicodusport.fr\/blog\/wp-content\/uploads\/2022\/05\/Romain-Bardet-va-prolonger-laventure-avec-DSM.png","keywords":["Arkea-Samsic","bardet","Romain Bardet"],"articleSection":["Cyclisme sur route"],"inLanguage":"fr-FR","potentialAction":[{"@type":"CommentAction","name":"Comment","target":["https:\/\/dicodusport.fr\/blog\/mercato-romain-bardet-netait-pas-loin-de-revenir-dans-une-equipe-francaise\/#respond"]}],"copyrightYear":"2022","copyrightHolder":{"@id":"https:\/\/dicodusport.fr\/blog\/#organization"}},{"@type":"WebPage","@id":"https:\/\/dicodusport.fr\/blog\/mercato-romain-bardet-netait-pas-loin-de-revenir-dans-une-equipe-francaise\/","url":"https:\/\/dicodusport.fr\/blog\/mercato-romain-bardet-netait-pas-loin-de-revenir-dans-une-equipe-francaise\/","name":"Mercato : Romain Bardet n'\u00e9tait pas loin de revenir dans une \u00e9quipe fran\u00e7aise","isPartOf":{"@id":"https:\/\/dicodusport.fr\/blog\/#website"},"primaryImageOfPage":{"@id":"https:\/\/dicodusport.fr\/blog\/mercato-romain-bardet-netait-pas-loin-de-revenir-dans-une-equipe-francaise\/#primaryimage"},"image":{"@id":"https:\/\/dicodusport.fr\/blog\/mercato-romain-bardet-netait-pas-loin-de-revenir-dans-une-equipe-francaise\/#primaryimage"},"thumbnailUrl":"https:\/\/dicodusport.fr\/blog\/wp-content\/uploads\/2022\/05\/Romain-Bardet-va-prolonger-laventure-avec-DSM.png","datePublished":"2022-10-21T09:48:17+00:00","dateModified":"2022-10-21T09:58:24+00:00","description":"CYCLISME SUR ROUTE 2023 - Emmanuel Hubert, manager d'Ark\u00e9a-Samsic a \u00e9t\u00e9 tr\u00e8s loquace dans les colonnes du T\u00e9l\u00e9gramme et a aussi expliqu\u00e9 qu'il avait \u00e9t\u00e9 proche de signer Romain Bardet.\u00a0","breadcrumb":{"@id":"https:\/\/dicodusport.fr\/blog\/mercato-romain-bardet-netait-pas-loin-de-revenir-dans-une-equipe-francaise\/#breadcrumb"},"inLanguage":"fr-FR","potentialAction":[{"@type":"ReadAction","target":["https:\/\/dicodusport.fr\/blog\/mercato-romain-bardet-netait-pas-loin-de-revenir-dans-une-equipe-francaise\/"]}]},{"@type":"ImageObject","inLanguage":"fr-FR","@id":"https:\/\/dicodusport.fr\/blog\/mercato-romain-bardet-netait-pas-loin-de-revenir-dans-une-equipe-francaise\/#primaryimage","url":"https:\/\/dicodusport.fr\/blog\/wp-content\/uploads\/2022\/05\/Romain-Bardet-va-prolonger-laventure-avec-DSM.png","contentUrl":"https:\/\/dicodusport.fr\/blog\/wp-content\/uploads\/2022\/05\/Romain-Bardet-va-prolonger-laventure-avec-DSM.png","width":800,"height":445},{"@type":"BreadcrumbList","@id":"https:\/\/dicodusport.fr\/blog\/mercato-romain-bardet-netait-pas-loin-de-revenir-dans-une-equipe-francaise\/#breadcrumb","itemListElement":[{"@type":"ListItem","position":1,"name":"Accueil","item":"https:\/\/dicodusport.fr\/blog\/"},{"@type":"ListItem","position":2,"name":"Mercato : Romain Bardet n&rsquo;\u00e9tait pas loin de revenir dans une \u00e9quipe fran\u00e7aise"}]},{"@type":"WebSite","@id":"https:\/\/dicodusport.fr\/blog\/#website","url":"https:\/\/dicodusport.fr\/blog\/","name":"Dicodusport","description":"L&#039;encyclop\u00e9die de l&#039;actualit\u00e9 sportive","publisher":{"@id":"https:\/\/dicodusport.fr\/blog\/#organization"},"potentialAction":[{"@type":"SearchAction","target":{"@type":"EntryPoint","urlTemplate":"https:\/\/dicodusport.fr\/blog\/?s={search_term_string}"},"query-input":{"@type":"PropertyValueSpecification","valueRequired":true,"valueName":"search_term_string"}}],"inLanguage":"fr-FR"},{"@type":"NewsMediaOrganization","@id":"https:\/\/dicodusport.fr\/blog\/#organization","name":"Dicodusport","url":"https:\/\/dicodusport.fr\/blog\/","logo":{"@type":"ImageObject","inLanguage":"fr-FR","@id":"https:\/\/dicodusport.fr\/blog\/#\/schema\/logo\/image\/","url":"https:\/\/dicodusport.fr\/blog\/wp-content\/uploads\/2020\/06\/cropped-LOGO-DICODUSPORT-2020-SANS-FOND-SANS-TEXTE.png","contentUrl":"https:\/\/dicodusport.fr\/blog\/wp-content\/uploads\/2020\/06\/cropped-LOGO-DICODUSPORT-2020-SANS-FOND-SANS-TEXTE.png","width":512,"height":512,"caption":"Dicodusport"},"image":{"@id":"https:\/\/dicodusport.fr\/blog\/#\/schema\/logo\/image\/"},"sameAs":["https:\/\/www.facebook.com\/dicodusport","https:\/\/x.com\/dicodusport","https:\/\/www.instagram.com\/dicodusport\/","https:\/\/www.youtube.com\/channel\/UC7V2KZ5sd3htJivAbA4ZG3w"],"description":"Dicodusport est l'encyclop\u00e9die de l'actualit\u00e9 sportive.","email":"bonjour@dicodusport.fr","legalName":"DICODUSPORT","foundingDate":"2018-01-14","vatID":"FR71834470973","taxID":"83447097300043","numberOfEmployees":{"@type":"QuantitativeValue","minValue":"1","maxValue":"10"}},{"@type":"Person","@id":"https:\/\/dicodusport.fr\/blog\/#\/schema\/person\/55dcb50ad410894e431ed812bbb70191","name":"Nicolas Jacquemard","image":{"@type":"ImageObject","inLanguage":"fr-FR","@id":"https:\/\/dicodusport.fr\/blog\/#\/schema\/person\/image\/","url":"https:\/\/dicodusport.fr\/blog\/wp-content\/uploads\/2021\/05\/Nicolas-Jacquemard-150x150.jpeg","contentUrl":"https:\/\/dicodusport.fr\/blog\/wp-content\/uploads\/2021\/05\/Nicolas-Jacquemard-150x150.jpeg","caption":"Nicolas Jacquemard"},"description":"Passionn\u00e9 de sport et entrepreneur depuis mes 18 ans, la cr\u00e9ation de Dicodusport m'a sembl\u00e9 \u00e9vidente pour participer \u00e0 la m\u00e9diatisation d'un plus grand nombre de sports. Le chemin est long mais avec une \u00e9quipe des plus motiv\u00e9es et les Jeux Olympiques de Paris 2024 en point de mire, nous y arriverons ! Journaliste dans le monde du sport depuis plus de 5 ans, je traite aussi bien de football, de rugby, de biathlon que de cyclisme.","sameAs":["https:\/\/www.facebook.com\/dicodusport","https:\/\/x.com\/https:\/\/twitter.com\/Nico_Jacquemard"],"url":"https:\/\/dicodusport.fr\/blog\/author\/dicodusport\/"}]}},"_links":{"self":[{"href":"https:\/\/dicodusport.fr\/blog\/wp-json\/wp\/v2\/posts\/271747","targetHints":{"allow":["GET"]}}],"collection":[{"href":"https:\/\/dicodusport.fr\/blog\/wp-json\/wp\/v2\/posts"}],"about":[{"href":"https:\/\/dicodusport.fr\/blog\/wp-json\/wp\/v2\/types\/post"}],"author":[{"embeddable":true,"href":"https:\/\/dicodusport.fr\/blog\/wp-json\/wp\/v2\/users\/1"}],"replies":[{"embeddable":true,"href":"https:\/\/dicodusport.fr\/blog\/wp-json\/wp\/v2\/comments?post=271747"}],"version-history":[{"count":0,"href":"https:\/\/dicodusport.fr\/blog\/wp-json\/wp\/v2\/posts\/271747\/revisions"}],"wp:featuredmedia":[{"embeddable":true,"href":"https:\/\/dicodusport.fr\/blog\/wp-json\/wp\/v2\/media\/223264"}],"wp:attachment":[{"href":"https:\/\/dicodusport.fr\/blog\/wp-json\/wp\/v2\/media?parent=271747"}],"wp:term":[{"taxonomy":"category","embeddable":true,"href":"https:\/\/dicodusport.fr\/blog\/wp-json\/wp\/v2\/categories?post=271747"},{"taxonomy":"post_tag","embeddable":true,"href":"https:\/\/dicodusport.fr\/blog\/wp-json\/wp\/v2\/tags?post=271747"}],"curies":[{"name":"wp","href":"https:\/\/api.w.org\/{rel}","templated":true}]}}