{"id":271771,"date":"2022-10-21T13:29:13","date_gmt":"2022-10-21T11:29:13","guid":{"rendered":"https:\/\/dicodusport.fr\/blog\/?p=271771&#038;preview=true&#038;preview_id=271771"},"modified":"2022-10-21T14:12:01","modified_gmt":"2022-10-21T12:12:01","slug":"karim-benzema-deja-flamboyant-pour-son-tout-premier-match-avec-le-real-madrid","status":"publish","type":"post","link":"https:\/\/dicodusport.fr\/blog\/karim-benzema-deja-flamboyant-pour-son-tout-premier-match-avec-le-real-madrid\/","title":{"rendered":"[Vid\u00e9o] Karim Benzema d\u00e9j\u00e0 flamboyant pour son tout premier match avec le Real Madrid"},"content":{"rendered":"<p style=\"text-align: justify;\"><i><b>FOOTBALL &#8211; Si les premi\u00e8res ann\u00e9es n&rsquo;ont pas toujours \u00e9t\u00e9 simples dans la capitale espagnole, Karim Benzema avait r\u00e9alis\u00e9 une tr\u00e8s belle prestation pour son premier match avec le Real Madrid face \u00e0 Shamrock, en match amical, le 20 juillet 2009.\u00a0<\/b><\/i><\/p>\n<p style=\"text-align: justify;\"><a href=\"https:\/\/dicodusport.fr\/blog\/le-classement-du-ballon-dor-2022\/\">Le tout r\u00e9cent <strong>Ballon d&rsquo;Or<\/strong><\/a> a eu des moments difficiles, notamment sous <strong>Jos\u00e9<\/strong> <strong>Mourinho<\/strong>. Et pourtant, son premier match avec la <strong>Maison<\/strong> <strong>Blanche<\/strong> avait \u00e9t\u00e9 une r\u00e9ussite. Buteur en fin de match, il avait aussi gratifi\u00e9 le public d&rsquo;un encha\u00eenement exceptionnel avec une frappe du gauche qui venait fracasser le poteau. On retrouve aussi d\u00e9j\u00e0 la facult\u00e9 de <strong>Karim<\/strong> <strong>Benzema<\/strong> \u00e0 venir d\u00e9crocher pour jouer en remise, \u00e0 une touche de balle.<\/p>\n<blockquote class=\"twitter-tweet\">\n<p dir=\"ltr\" lang=\"fr\">Le premier match de Karim Benzema avec le Real Madrid &#8230;&#8230;&#8230;.<a href=\"https:\/\/t.co\/4YZ4xdpXbc\">pic.twitter.com\/4YZ4xdpXbc<\/a><\/p>\n<p>\u2014 Benzelebronista (@Benzelebronista) <a href=\"https:\/\/twitter.com\/Benzelebronista\/status\/1583093552170430465?ref_src=twsrc%5Etfw\">October 20, 2022<\/a><\/p><\/blockquote>\n<p><script async src=\"https:\/\/platform.twitter.com\/widgets.js\" charset=\"utf-8\"><\/script><\/p>\n","protected":false},"excerpt":{"rendered":"<p>FOOTBALL &#8211; Si les premi\u00e8res ann\u00e9es n&rsquo;ont pas toujours \u00e9t\u00e9 simples dans la capitale espagnole, Karim Benzema avait r\u00e9alis\u00e9 une tr\u00e8s belle prestation pour son premier match avec le Real Madrid face \u00e0 Shamrock, en match amical, le 20 juillet 2009.\u00a0<\/p>\n","protected":false},"author":1,"featured_media":271772,"comment_status":"open","ping_status":"closed","sticky":false,"template":"","format":"standard","meta":{"_acf_changed":false,"_daextam_enable_autolinks":"","footnotes":""},"categories":[2301],"tags":[3072,75,4727,521],"class_list":["post-271771","post","type-post","status-publish","format-standard","has-post-thumbnail","hentry","category-football","tag-benzema","tag-football","tag-karim-benzema","tag-real-madrid"],"acf":[],"yoast_head":"<!-- This site is optimized with the Yoast SEO Premium plugin v26.7 (Yoast SEO v26.7) - https:\/\/yoast.com\/wordpress\/plugins\/seo\/ -->\n<title>[Vid\u00e9o] Karim Benzema d\u00e9j\u00e0 flamboyant pour son tout premier match avec le Real Madrid<\/title>\n<meta name=\"description\" content=\"Si les premi\u00e8res ann\u00e9es n&#039;ont pas toujours \u00e9t\u00e9 simples dans la capitale espagnole, Karim Benzema avait r\u00e9alis\u00e9 un tr\u00e8s bon premier match.\" \/>\n<meta name=\"robots\" content=\"index, follow, max-snippet:-1, max-image-preview:large, max-video-preview:-1\" \/>\n<link rel=\"canonical\" href=\"https:\/\/dicodusport.fr\/blog\/karim-benzema-deja-flamboyant-pour-son-tout-premier-match-avec-le-real-madrid\/\" \/>\n<meta property=\"og:locale\" content=\"fr_FR\" \/>\n<meta property=\"og:type\" content=\"article\" \/>\n<meta property=\"og:title\" content=\"[Vid\u00e9o] Karim Benzema d\u00e9j\u00e0 flamboyant pour son tout premier match avec le Real Madrid\" \/>\n<meta property=\"og:description\" content=\"Si les premi\u00e8res ann\u00e9es n&#039;ont pas toujours \u00e9t\u00e9 simples dans la capitale espagnole, Karim Benzema avait r\u00e9alis\u00e9 un tr\u00e8s bon premier match.\" \/>\n<meta property=\"og:url\" content=\"https:\/\/dicodusport.fr\/blog\/karim-benzema-deja-flamboyant-pour-son-tout-premier-match-avec-le-real-madrid\/\" \/>\n<meta property=\"og:site_name\" content=\"Dicodusport\" \/>\n<meta property=\"article:publisher\" content=\"https:\/\/www.facebook.com\/dicodusport\" \/>\n<meta property=\"article:author\" content=\"https:\/\/www.facebook.com\/dicodusport\" \/>\n<meta property=\"article:published_time\" content=\"2022-10-21T11:29:13+00:00\" \/>\n<meta property=\"article:modified_time\" content=\"2022-10-21T12:12:01+00:00\" \/>\n<meta property=\"og:image\" content=\"https:\/\/dicodusport.fr\/blog\/wp-content\/uploads\/2022\/10\/Karim-Benzema-de\u0301ja\u0300-flamboyant-pour-son-tout-premier-match-avec-le-Real-Madrid.png\" \/>\n\t<meta property=\"og:image:width\" content=\"800\" \/>\n\t<meta property=\"og:image:height\" content=\"445\" \/>\n\t<meta property=\"og:image:type\" content=\"image\/png\" \/>\n<meta name=\"author\" content=\"Nicolas Jacquemard\" \/>\n<meta name=\"twitter:card\" content=\"summary_large_image\" \/>\n<meta name=\"twitter:title\" content=\"[Vid\u00e9o] Karim Benzema d\u00e9j\u00e0 flamboyant pour son tout premier match avec le Real Madrid\" \/>\n<meta name=\"twitter:creator\" content=\"@https:\/\/twitter.com\/Nico_Jacquemard\" \/>\n<meta name=\"twitter:site\" content=\"@dicodusport\" \/>\n<script type=\"application\/ld+json\" class=\"yoast-schema-graph\">{\"@context\":\"https:\/\/schema.org\",\"@graph\":[{\"@type\":\"NewsArticle\",\"@id\":\"https:\/\/dicodusport.fr\/blog\/karim-benzema-deja-flamboyant-pour-son-tout-premier-match-avec-le-real-madrid\/#article\",\"isPartOf\":{\"@id\":\"https:\/\/dicodusport.fr\/blog\/karim-benzema-deja-flamboyant-pour-son-tout-premier-match-avec-le-real-madrid\/\"},\"author\":{\"name\":\"Nicolas Jacquemard\",\"@id\":\"https:\/\/dicodusport.fr\/blog\/#\/schema\/person\/55dcb50ad410894e431ed812bbb70191\"},\"headline\":\"[Vid\u00e9o] Karim Benzema d\u00e9j\u00e0 flamboyant pour son tout premier match avec le Real Madrid\",\"datePublished\":\"2022-10-21T11:29:13+00:00\",\"dateModified\":\"2022-10-21T12:12:01+00:00\",\"mainEntityOfPage\":{\"@id\":\"https:\/\/dicodusport.fr\/blog\/karim-benzema-deja-flamboyant-pour-son-tout-premier-match-avec-le-real-madrid\/\"},\"wordCount\":154,\"commentCount\":0,\"publisher\":{\"@id\":\"https:\/\/dicodusport.fr\/blog\/#organization\"},\"image\":{\"@id\":\"https:\/\/dicodusport.fr\/blog\/karim-benzema-deja-flamboyant-pour-son-tout-premier-match-avec-le-real-madrid\/#primaryimage\"},\"thumbnailUrl\":\"https:\/\/dicodusport.fr\/blog\/wp-content\/uploads\/2022\/10\/Karim-Benzema-de\u0301ja\u0300-flamboyant-pour-son-tout-premier-match-avec-le-Real-Madrid.png\",\"keywords\":[\"benzema\",\"Football\",\"Karim Benzema\",\"Real Madrid\"],\"articleSection\":[\"Football\"],\"inLanguage\":\"fr-FR\",\"potentialAction\":[{\"@type\":\"CommentAction\",\"name\":\"Comment\",\"target\":[\"https:\/\/dicodusport.fr\/blog\/karim-benzema-deja-flamboyant-pour-son-tout-premier-match-avec-le-real-madrid\/#respond\"]}],\"copyrightYear\":\"2022\",\"copyrightHolder\":{\"@id\":\"https:\/\/dicodusport.fr\/blog\/#organization\"}},{\"@type\":\"WebPage\",\"@id\":\"https:\/\/dicodusport.fr\/blog\/karim-benzema-deja-flamboyant-pour-son-tout-premier-match-avec-le-real-madrid\/\",\"url\":\"https:\/\/dicodusport.fr\/blog\/karim-benzema-deja-flamboyant-pour-son-tout-premier-match-avec-le-real-madrid\/\",\"name\":\"[Vid\u00e9o] Karim Benzema d\u00e9j\u00e0 flamboyant pour son tout premier match avec le Real Madrid\",\"isPartOf\":{\"@id\":\"https:\/\/dicodusport.fr\/blog\/#website\"},\"primaryImageOfPage\":{\"@id\":\"https:\/\/dicodusport.fr\/blog\/karim-benzema-deja-flamboyant-pour-son-tout-premier-match-avec-le-real-madrid\/#primaryimage\"},\"image\":{\"@id\":\"https:\/\/dicodusport.fr\/blog\/karim-benzema-deja-flamboyant-pour-son-tout-premier-match-avec-le-real-madrid\/#primaryimage\"},\"thumbnailUrl\":\"https:\/\/dicodusport.fr\/blog\/wp-content\/uploads\/2022\/10\/Karim-Benzema-de\u0301ja\u0300-flamboyant-pour-son-tout-premier-match-avec-le-Real-Madrid.png\",\"datePublished\":\"2022-10-21T11:29:13+00:00\",\"dateModified\":\"2022-10-21T12:12:01+00:00\",\"description\":\"Si les premi\u00e8res ann\u00e9es n'ont pas toujours \u00e9t\u00e9 simples dans la capitale espagnole, Karim Benzema avait r\u00e9alis\u00e9 un tr\u00e8s bon premier match.\",\"breadcrumb\":{\"@id\":\"https:\/\/dicodusport.fr\/blog\/karim-benzema-deja-flamboyant-pour-son-tout-premier-match-avec-le-real-madrid\/#breadcrumb\"},\"inLanguage\":\"fr-FR\",\"potentialAction\":[{\"@type\":\"ReadAction\",\"target\":[\"https:\/\/dicodusport.fr\/blog\/karim-benzema-deja-flamboyant-pour-son-tout-premier-match-avec-le-real-madrid\/\"]}]},{\"@type\":\"ImageObject\",\"inLanguage\":\"fr-FR\",\"@id\":\"https:\/\/dicodusport.fr\/blog\/karim-benzema-deja-flamboyant-pour-son-tout-premier-match-avec-le-real-madrid\/#primaryimage\",\"url\":\"https:\/\/dicodusport.fr\/blog\/wp-content\/uploads\/2022\/10\/Karim-Benzema-de\u0301ja\u0300-flamboyant-pour-son-tout-premier-match-avec-le-Real-Madrid.png\",\"contentUrl\":\"https:\/\/dicodusport.fr\/blog\/wp-content\/uploads\/2022\/10\/Karim-Benzema-de\u0301ja\u0300-flamboyant-pour-son-tout-premier-match-avec-le-Real-Madrid.png\",\"width\":800,\"height\":445},{\"@type\":\"BreadcrumbList\",\"@id\":\"https:\/\/dicodusport.fr\/blog\/karim-benzema-deja-flamboyant-pour-son-tout-premier-match-avec-le-real-madrid\/#breadcrumb\",\"itemListElement\":[{\"@type\":\"ListItem\",\"position\":1,\"name\":\"Accueil\",\"item\":\"https:\/\/dicodusport.fr\/blog\/\"},{\"@type\":\"ListItem\",\"position\":2,\"name\":\"[Vid\u00e9o] Karim Benzema d\u00e9j\u00e0 flamboyant pour son tout premier match avec le Real Madrid\"}]},{\"@type\":\"WebSite\",\"@id\":\"https:\/\/dicodusport.fr\/blog\/#website\",\"url\":\"https:\/\/dicodusport.fr\/blog\/\",\"name\":\"Dicodusport\",\"description\":\"L&#039;encyclop\u00e9die de l&#039;actualit\u00e9 sportive\",\"publisher\":{\"@id\":\"https:\/\/dicodusport.fr\/blog\/#organization\"},\"potentialAction\":[{\"@type\":\"SearchAction\",\"target\":{\"@type\":\"EntryPoint\",\"urlTemplate\":\"https:\/\/dicodusport.fr\/blog\/?s={search_term_string}\"},\"query-input\":{\"@type\":\"PropertyValueSpecification\",\"valueRequired\":true,\"valueName\":\"search_term_string\"}}],\"inLanguage\":\"fr-FR\"},{\"@type\":\"NewsMediaOrganization\",\"@id\":\"https:\/\/dicodusport.fr\/blog\/#organization\",\"name\":\"Dicodusport\",\"url\":\"https:\/\/dicodusport.fr\/blog\/\",\"logo\":{\"@type\":\"ImageObject\",\"inLanguage\":\"fr-FR\",\"@id\":\"https:\/\/dicodusport.fr\/blog\/#\/schema\/logo\/image\/\",\"url\":\"https:\/\/dicodusport.fr\/blog\/wp-content\/uploads\/2020\/06\/cropped-LOGO-DICODUSPORT-2020-SANS-FOND-SANS-TEXTE.png\",\"contentUrl\":\"https:\/\/dicodusport.fr\/blog\/wp-content\/uploads\/2020\/06\/cropped-LOGO-DICODUSPORT-2020-SANS-FOND-SANS-TEXTE.png\",\"width\":512,\"height\":512,\"caption\":\"Dicodusport\"},\"image\":{\"@id\":\"https:\/\/dicodusport.fr\/blog\/#\/schema\/logo\/image\/\"},\"sameAs\":[\"https:\/\/www.facebook.com\/dicodusport\",\"https:\/\/x.com\/dicodusport\",\"https:\/\/www.instagram.com\/dicodusport\/\",\"https:\/\/www.youtube.com\/channel\/UC7V2KZ5sd3htJivAbA4ZG3w\"],\"description\":\"Dicodusport est l'encyclop\u00e9die de l'actualit\u00e9 sportive.\",\"email\":\"bonjour@dicodusport.fr\",\"legalName\":\"DICODUSPORT\",\"foundingDate\":\"2018-01-14\",\"vatID\":\"FR71834470973\",\"taxID\":\"83447097300043\",\"numberOfEmployees\":{\"@type\":\"QuantitativeValue\",\"minValue\":\"1\",\"maxValue\":\"10\"}},{\"@type\":\"Person\",\"@id\":\"https:\/\/dicodusport.fr\/blog\/#\/schema\/person\/55dcb50ad410894e431ed812bbb70191\",\"name\":\"Nicolas Jacquemard\",\"image\":{\"@type\":\"ImageObject\",\"inLanguage\":\"fr-FR\",\"@id\":\"https:\/\/dicodusport.fr\/blog\/#\/schema\/person\/image\/\",\"url\":\"https:\/\/dicodusport.fr\/blog\/wp-content\/uploads\/2021\/05\/Nicolas-Jacquemard-150x150.jpeg\",\"contentUrl\":\"https:\/\/dicodusport.fr\/blog\/wp-content\/uploads\/2021\/05\/Nicolas-Jacquemard-150x150.jpeg\",\"caption\":\"Nicolas Jacquemard\"},\"description\":\"Passionn\u00e9 de sport et entrepreneur depuis mes 18 ans, la cr\u00e9ation de Dicodusport m'a sembl\u00e9 \u00e9vidente pour participer \u00e0 la m\u00e9diatisation d'un plus grand nombre de sports. Le chemin est long mais avec une \u00e9quipe des plus motiv\u00e9es et les Jeux Olympiques de Paris 2024 en point de mire, nous y arriverons ! Journaliste dans le monde du sport depuis plus de 5 ans, je traite aussi bien de football, de rugby, de biathlon que de cyclisme.\",\"sameAs\":[\"https:\/\/www.facebook.com\/dicodusport\",\"https:\/\/x.com\/https:\/\/twitter.com\/Nico_Jacquemard\"],\"url\":\"https:\/\/dicodusport.fr\/blog\/author\/dicodusport\/\"}]}<\/script>\n<!-- \/ Yoast SEO Premium plugin. -->","yoast_head_json":{"title":"[Vid\u00e9o] Karim Benzema d\u00e9j\u00e0 flamboyant pour son tout premier match avec le Real Madrid","description":"Si les premi\u00e8res ann\u00e9es n'ont pas toujours \u00e9t\u00e9 simples dans la capitale espagnole, Karim Benzema avait r\u00e9alis\u00e9 un tr\u00e8s bon premier match.","robots":{"index":"index","follow":"follow","max-snippet":"max-snippet:-1","max-image-preview":"max-image-preview:large","max-video-preview":"max-video-preview:-1"},"canonical":"https:\/\/dicodusport.fr\/blog\/karim-benzema-deja-flamboyant-pour-son-tout-premier-match-avec-le-real-madrid\/","og_locale":"fr_FR","og_type":"article","og_title":"[Vid\u00e9o] Karim Benzema d\u00e9j\u00e0 flamboyant pour son tout premier match avec le Real Madrid","og_description":"Si les premi\u00e8res ann\u00e9es n'ont pas toujours \u00e9t\u00e9 simples dans la capitale espagnole, Karim Benzema avait r\u00e9alis\u00e9 un tr\u00e8s bon premier match.","og_url":"https:\/\/dicodusport.fr\/blog\/karim-benzema-deja-flamboyant-pour-son-tout-premier-match-avec-le-real-madrid\/","og_site_name":"Dicodusport","article_publisher":"https:\/\/www.facebook.com\/dicodusport","article_author":"https:\/\/www.facebook.com\/dicodusport","article_published_time":"2022-10-21T11:29:13+00:00","article_modified_time":"2022-10-21T12:12:01+00:00","og_image":[{"width":800,"height":445,"url":"https:\/\/dicodusport.fr\/blog\/wp-content\/uploads\/2022\/10\/Karim-Benzema-de\u0301ja\u0300-flamboyant-pour-son-tout-premier-match-avec-le-Real-Madrid.png","type":"image\/png"}],"author":"Nicolas Jacquemard","twitter_card":"summary_large_image","twitter_title":"[Vid\u00e9o] Karim Benzema d\u00e9j\u00e0 flamboyant pour son tout premier match avec le Real Madrid","twitter_creator":"@https:\/\/twitter.com\/Nico_Jacquemard","twitter_site":"@dicodusport","schema":{"@context":"https:\/\/schema.org","@graph":[{"@type":"NewsArticle","@id":"https:\/\/dicodusport.fr\/blog\/karim-benzema-deja-flamboyant-pour-son-tout-premier-match-avec-le-real-madrid\/#article","isPartOf":{"@id":"https:\/\/dicodusport.fr\/blog\/karim-benzema-deja-flamboyant-pour-son-tout-premier-match-avec-le-real-madrid\/"},"author":{"name":"Nicolas Jacquemard","@id":"https:\/\/dicodusport.fr\/blog\/#\/schema\/person\/55dcb50ad410894e431ed812bbb70191"},"headline":"[Vid\u00e9o] Karim Benzema d\u00e9j\u00e0 flamboyant pour son tout premier match avec le Real Madrid","datePublished":"2022-10-21T11:29:13+00:00","dateModified":"2022-10-21T12:12:01+00:00","mainEntityOfPage":{"@id":"https:\/\/dicodusport.fr\/blog\/karim-benzema-deja-flamboyant-pour-son-tout-premier-match-avec-le-real-madrid\/"},"wordCount":154,"commentCount":0,"publisher":{"@id":"https:\/\/dicodusport.fr\/blog\/#organization"},"image":{"@id":"https:\/\/dicodusport.fr\/blog\/karim-benzema-deja-flamboyant-pour-son-tout-premier-match-avec-le-real-madrid\/#primaryimage"},"thumbnailUrl":"https:\/\/dicodusport.fr\/blog\/wp-content\/uploads\/2022\/10\/Karim-Benzema-de\u0301ja\u0300-flamboyant-pour-son-tout-premier-match-avec-le-Real-Madrid.png","keywords":["benzema","Football","Karim Benzema","Real Madrid"],"articleSection":["Football"],"inLanguage":"fr-FR","potentialAction":[{"@type":"CommentAction","name":"Comment","target":["https:\/\/dicodusport.fr\/blog\/karim-benzema-deja-flamboyant-pour-son-tout-premier-match-avec-le-real-madrid\/#respond"]}],"copyrightYear":"2022","copyrightHolder":{"@id":"https:\/\/dicodusport.fr\/blog\/#organization"}},{"@type":"WebPage","@id":"https:\/\/dicodusport.fr\/blog\/karim-benzema-deja-flamboyant-pour-son-tout-premier-match-avec-le-real-madrid\/","url":"https:\/\/dicodusport.fr\/blog\/karim-benzema-deja-flamboyant-pour-son-tout-premier-match-avec-le-real-madrid\/","name":"[Vid\u00e9o] Karim Benzema d\u00e9j\u00e0 flamboyant pour son tout premier match avec le Real Madrid","isPartOf":{"@id":"https:\/\/dicodusport.fr\/blog\/#website"},"primaryImageOfPage":{"@id":"https:\/\/dicodusport.fr\/blog\/karim-benzema-deja-flamboyant-pour-son-tout-premier-match-avec-le-real-madrid\/#primaryimage"},"image":{"@id":"https:\/\/dicodusport.fr\/blog\/karim-benzema-deja-flamboyant-pour-son-tout-premier-match-avec-le-real-madrid\/#primaryimage"},"thumbnailUrl":"https:\/\/dicodusport.fr\/blog\/wp-content\/uploads\/2022\/10\/Karim-Benzema-de\u0301ja\u0300-flamboyant-pour-son-tout-premier-match-avec-le-Real-Madrid.png","datePublished":"2022-10-21T11:29:13+00:00","dateModified":"2022-10-21T12:12:01+00:00","description":"Si les premi\u00e8res ann\u00e9es n'ont pas toujours \u00e9t\u00e9 simples dans la capitale espagnole, Karim Benzema avait r\u00e9alis\u00e9 un tr\u00e8s bon premier match.","breadcrumb":{"@id":"https:\/\/dicodusport.fr\/blog\/karim-benzema-deja-flamboyant-pour-son-tout-premier-match-avec-le-real-madrid\/#breadcrumb"},"inLanguage":"fr-FR","potentialAction":[{"@type":"ReadAction","target":["https:\/\/dicodusport.fr\/blog\/karim-benzema-deja-flamboyant-pour-son-tout-premier-match-avec-le-real-madrid\/"]}]},{"@type":"ImageObject","inLanguage":"fr-FR","@id":"https:\/\/dicodusport.fr\/blog\/karim-benzema-deja-flamboyant-pour-son-tout-premier-match-avec-le-real-madrid\/#primaryimage","url":"https:\/\/dicodusport.fr\/blog\/wp-content\/uploads\/2022\/10\/Karim-Benzema-de\u0301ja\u0300-flamboyant-pour-son-tout-premier-match-avec-le-Real-Madrid.png","contentUrl":"https:\/\/dicodusport.fr\/blog\/wp-content\/uploads\/2022\/10\/Karim-Benzema-de\u0301ja\u0300-flamboyant-pour-son-tout-premier-match-avec-le-Real-Madrid.png","width":800,"height":445},{"@type":"BreadcrumbList","@id":"https:\/\/dicodusport.fr\/blog\/karim-benzema-deja-flamboyant-pour-son-tout-premier-match-avec-le-real-madrid\/#breadcrumb","itemListElement":[{"@type":"ListItem","position":1,"name":"Accueil","item":"https:\/\/dicodusport.fr\/blog\/"},{"@type":"ListItem","position":2,"name":"[Vid\u00e9o] Karim Benzema d\u00e9j\u00e0 flamboyant pour son tout premier match avec le Real Madrid"}]},{"@type":"WebSite","@id":"https:\/\/dicodusport.fr\/blog\/#website","url":"https:\/\/dicodusport.fr\/blog\/","name":"Dicodusport","description":"L&#039;encyclop\u00e9die de l&#039;actualit\u00e9 sportive","publisher":{"@id":"https:\/\/dicodusport.fr\/blog\/#organization"},"potentialAction":[{"@type":"SearchAction","target":{"@type":"EntryPoint","urlTemplate":"https:\/\/dicodusport.fr\/blog\/?s={search_term_string}"},"query-input":{"@type":"PropertyValueSpecification","valueRequired":true,"valueName":"search_term_string"}}],"inLanguage":"fr-FR"},{"@type":"NewsMediaOrganization","@id":"https:\/\/dicodusport.fr\/blog\/#organization","name":"Dicodusport","url":"https:\/\/dicodusport.fr\/blog\/","logo":{"@type":"ImageObject","inLanguage":"fr-FR","@id":"https:\/\/dicodusport.fr\/blog\/#\/schema\/logo\/image\/","url":"https:\/\/dicodusport.fr\/blog\/wp-content\/uploads\/2020\/06\/cropped-LOGO-DICODUSPORT-2020-SANS-FOND-SANS-TEXTE.png","contentUrl":"https:\/\/dicodusport.fr\/blog\/wp-content\/uploads\/2020\/06\/cropped-LOGO-DICODUSPORT-2020-SANS-FOND-SANS-TEXTE.png","width":512,"height":512,"caption":"Dicodusport"},"image":{"@id":"https:\/\/dicodusport.fr\/blog\/#\/schema\/logo\/image\/"},"sameAs":["https:\/\/www.facebook.com\/dicodusport","https:\/\/x.com\/dicodusport","https:\/\/www.instagram.com\/dicodusport\/","https:\/\/www.youtube.com\/channel\/UC7V2KZ5sd3htJivAbA4ZG3w"],"description":"Dicodusport est l'encyclop\u00e9die de l'actualit\u00e9 sportive.","email":"bonjour@dicodusport.fr","legalName":"DICODUSPORT","foundingDate":"2018-01-14","vatID":"FR71834470973","taxID":"83447097300043","numberOfEmployees":{"@type":"QuantitativeValue","minValue":"1","maxValue":"10"}},{"@type":"Person","@id":"https:\/\/dicodusport.fr\/blog\/#\/schema\/person\/55dcb50ad410894e431ed812bbb70191","name":"Nicolas Jacquemard","image":{"@type":"ImageObject","inLanguage":"fr-FR","@id":"https:\/\/dicodusport.fr\/blog\/#\/schema\/person\/image\/","url":"https:\/\/dicodusport.fr\/blog\/wp-content\/uploads\/2021\/05\/Nicolas-Jacquemard-150x150.jpeg","contentUrl":"https:\/\/dicodusport.fr\/blog\/wp-content\/uploads\/2021\/05\/Nicolas-Jacquemard-150x150.jpeg","caption":"Nicolas Jacquemard"},"description":"Passionn\u00e9 de sport et entrepreneur depuis mes 18 ans, la cr\u00e9ation de Dicodusport m'a sembl\u00e9 \u00e9vidente pour participer \u00e0 la m\u00e9diatisation d'un plus grand nombre de sports. Le chemin est long mais avec une \u00e9quipe des plus motiv\u00e9es et les Jeux Olympiques de Paris 2024 en point de mire, nous y arriverons ! Journaliste dans le monde du sport depuis plus de 5 ans, je traite aussi bien de football, de rugby, de biathlon que de cyclisme.","sameAs":["https:\/\/www.facebook.com\/dicodusport","https:\/\/x.com\/https:\/\/twitter.com\/Nico_Jacquemard"],"url":"https:\/\/dicodusport.fr\/blog\/author\/dicodusport\/"}]}},"_links":{"self":[{"href":"https:\/\/dicodusport.fr\/blog\/wp-json\/wp\/v2\/posts\/271771","targetHints":{"allow":["GET"]}}],"collection":[{"href":"https:\/\/dicodusport.fr\/blog\/wp-json\/wp\/v2\/posts"}],"about":[{"href":"https:\/\/dicodusport.fr\/blog\/wp-json\/wp\/v2\/types\/post"}],"author":[{"embeddable":true,"href":"https:\/\/dicodusport.fr\/blog\/wp-json\/wp\/v2\/users\/1"}],"replies":[{"embeddable":true,"href":"https:\/\/dicodusport.fr\/blog\/wp-json\/wp\/v2\/comments?post=271771"}],"version-history":[{"count":0,"href":"https:\/\/dicodusport.fr\/blog\/wp-json\/wp\/v2\/posts\/271771\/revisions"}],"wp:featuredmedia":[{"embeddable":true,"href":"https:\/\/dicodusport.fr\/blog\/wp-json\/wp\/v2\/media\/271772"}],"wp:attachment":[{"href":"https:\/\/dicodusport.fr\/blog\/wp-json\/wp\/v2\/media?parent=271771"}],"wp:term":[{"taxonomy":"category","embeddable":true,"href":"https:\/\/dicodusport.fr\/blog\/wp-json\/wp\/v2\/categories?post=271771"},{"taxonomy":"post_tag","embeddable":true,"href":"https:\/\/dicodusport.fr\/blog\/wp-json\/wp\/v2\/tags?post=271771"}],"curies":[{"name":"wp","href":"https:\/\/api.w.org\/{rel}","templated":true}]}}