{"id":271797,"date":"2022-10-21T14:31:09","date_gmt":"2022-10-21T12:31:09","guid":{"rendered":"https:\/\/dicodusport.fr\/blog\/?p=271797&#038;preview=true&#038;preview_id=271797"},"modified":"2022-10-21T14:31:09","modified_gmt":"2022-10-21T12:31:09","slug":"mercato-le-lou-piste-deux-joueurs-du-stade-toulousain","status":"publish","type":"post","link":"https:\/\/dicodusport.fr\/blog\/mercato-le-lou-piste-deux-joueurs-du-stade-toulousain\/","title":{"rendered":"Mercato : Le LOU piste deux joueurs du Stade Toulousain"},"content":{"rendered":"<p style=\"text-align: justify;\"><b><i>TOP 14 &#8211; Selon nos confr\u00e8res du Progr\u00e8s, le LOU a accueilli ce mercredi les Toulousains Arthur Bonneval (ailier) et Martin Page-Relo (demi de m\u00eal\u00e9e), en vue d&rsquo;une visite des installations lyonnaises.<\/i><\/b><\/p>\n<p style=\"text-align: justify;\">Ils avaient prolong\u00e9 leur contrat d&rsquo;une saison \u00e0 <strong>Toulouse<\/strong>, soit jusqu&rsquo;en juin 2023, et sont d\u00e9sormais bien d\u00e9cid\u00e9s \u00e0 se lancer un nouveau d\u00e9fi. Selon nos confr\u00e8res <a href=\"https:\/\/c.leprogres.fr\/sport\/2022\/10\/20\/recrutement-deux-toulousains-en-visite-au-lou\" target=\"_blank\" rel=\"nofollow noopener\"><em>du Progr\u00e8s<\/em><\/a>, <strong>Arthur Bonneval<\/strong> et <strong>Martin Page-Relo<\/strong>\u00a0ont visit\u00e9 les installations du LOU ce mercredi.<\/p>\n<p style=\"text-align: justify;\">Pur produit toulousain, le premier cit\u00e9, 27 ans, a effectu\u00e9 ses d\u00e9buts professionnels en 2013. Depuis, il a disput\u00e9 74 matchs avec les Stadistes, pour 25 essais inscrits. Barr\u00e9 par <strong>Matthis Lebel<\/strong>,<strong> Juan Cruz Mallia<\/strong>, <strong>Arthur Reti\u00e8re<\/strong>, <strong>Dimitri Delibes<\/strong> ou encore <strong>Ange Capuozzo<\/strong>, Bonneval n&rsquo;a jou\u00e9 que deux matchs depuis le d\u00e9but de la saison, tous en tant que titulaire. Logiquement, il devrait changer d&rsquo;air l&rsquo;\u00e9t\u00e9 prochain. Le RC Toulon, mais aussi le LOU donc,\u00a0 sont sur le dossier.<\/p>\n<p style=\"text-align: justify;\">De son c\u00f4t\u00e9, <strong>Martin Page-Relo<\/strong> (23 ans), a \u00e9galement \u00e9t\u00e9 form\u00e9 sur les bords de la Garonne. Pr\u00eat\u00e9 \u00e0 Carcassonne (Pro D2) lors de la saison 2020-2021, le demi de m\u00eal\u00e9e, lui aussi JIFF, a jou\u00e9 13 matchs avec l&rsquo;\u00e9quipe premi\u00e8re de Toulouse. Si Antoine Dupont est ind\u00e9boulonnable, le poste de num\u00e9ro deux \u00e0 la m\u00eal\u00e9e sera tr\u00e8s disput\u00e9 au Stade Toulousain la saison prochaine, puisque <strong>Paul Graou<\/strong>, arriv\u00e9 cet \u00e9t\u00e9, et <strong>Baptiste Germain<\/strong>, qui sera de retour de pr\u00eat du BO en juin 2023, seront de la partie. Sans oublier <strong>Arthur Reti\u00e8re<\/strong>, capable d&rsquo;\u00e9voluer \u00e0 ce poste, et avec brio. Pour<strong> Page-Relo<\/strong> comme pour <strong>Bonneval<\/strong>, l&rsquo;int\u00e9r\u00eat rhodanien semble fort donc. Affaire \u00e0 suivre.<\/p>\n<div id=\"attachment_263521\" style=\"width: 810px\" class=\"wp-caption aligncenter\"><a href=\"https:\/\/dicodusport.fr\/blog\/wp-content\/uploads\/2022\/09\/Stade-Toulousain-Martin-Page-Relo-sur-le-de\u0301part-.png\"><img loading=\"lazy\" decoding=\"async\" aria-describedby=\"caption-attachment-263521\" class=\"size-full wp-image-263521\" src=\"https:\/\/dicodusport.fr\/blog\/wp-content\/uploads\/2022\/09\/Stade-Toulousain-Martin-Page-Relo-sur-le-de\u0301part-.png\" alt=\"Martin Page-Relo\" width=\"800\" height=\"445\" srcset=\"https:\/\/dicodusport.fr\/blog\/wp-content\/uploads\/2022\/09\/Stade-Toulousain-Martin-Page-Relo-sur-le-de\u0301part-.png 800w, https:\/\/dicodusport.fr\/blog\/wp-content\/uploads\/2022\/09\/Stade-Toulousain-Martin-Page-Relo-sur-le-de\u0301part--300x167.png 300w, https:\/\/dicodusport.fr\/blog\/wp-content\/uploads\/2022\/09\/Stade-Toulousain-Martin-Page-Relo-sur-le-de\u0301part--768x427.png 768w\" sizes=\"auto, (max-width: 800px) 100vw, 800px\" \/><\/a><p id=\"caption-attachment-263521\" class=\"wp-caption-text\">Martin Page-Relo &#8211; Photo Icon Sport<\/p><\/div>\n<p>&nbsp;<\/p>\n","protected":false},"excerpt":{"rendered":"<p>TOP 14 &#8211; Selon nos confr\u00e8res du Progr\u00e8s, le LOU a accueilli ce mercredi les Toulousains Arthur Bonneval (ailier) et Martin Page-Relo (demi de m\u00eal\u00e9e), en vue d&rsquo;une visite des installations lyonnaises.<\/p>\n","protected":false},"author":4,"featured_media":271801,"comment_status":"open","ping_status":"closed","sticky":false,"template":"","format":"standard","meta":{"_acf_changed":false,"_daextam_enable_autolinks":"","footnotes":""},"categories":[9129,47050],"tags":[20448,2812,111],"class_list":["post-271797","post","type-post","status-publish","format-standard","has-post-thumbnail","hentry","category-rugby-a-xv","category-top-14","tag-arthur-bonneval","tag-lou","tag-top-14"],"acf":[],"yoast_head":"<!-- This site is optimized with the Yoast SEO Premium plugin v26.7 (Yoast SEO v26.7) - https:\/\/yoast.com\/wordpress\/plugins\/seo\/ -->\n<title>Mercato : Le LOU piste deux joueurs du Stade Toulousain<\/title>\n<meta name=\"description\" content=\"Selon nos confr\u00e8res du Progr\u00e8s, le LOU a accueilli ce mercredi les Toulousains Arthur Bonneval (ailier) et Martin Page-Relo (demi de m\u00eal\u00e9e).\" \/>\n<meta name=\"robots\" content=\"index, follow, max-snippet:-1, max-image-preview:large, max-video-preview:-1\" \/>\n<link rel=\"canonical\" href=\"https:\/\/dicodusport.fr\/blog\/mercato-le-lou-piste-deux-joueurs-du-stade-toulousain\/\" \/>\n<meta property=\"og:locale\" content=\"fr_FR\" \/>\n<meta property=\"og:type\" content=\"article\" \/>\n<meta property=\"og:title\" content=\"Mercato : Le LOU piste deux joueurs du Stade Toulousain\" \/>\n<meta property=\"og:description\" content=\"Selon nos confr\u00e8res du Progr\u00e8s, le LOU a accueilli ce mercredi les Toulousains Arthur Bonneval (ailier) et Martin Page-Relo (demi de m\u00eal\u00e9e).\" \/>\n<meta property=\"og:url\" content=\"https:\/\/dicodusport.fr\/blog\/mercato-le-lou-piste-deux-joueurs-du-stade-toulousain\/\" \/>\n<meta property=\"og:site_name\" content=\"Dicodusport\" \/>\n<meta property=\"article:publisher\" content=\"https:\/\/www.facebook.com\/dicodusport\" \/>\n<meta property=\"article:author\" content=\"https:\/\/www.facebook.com\/florent.ostermann\" \/>\n<meta property=\"article:published_time\" content=\"2022-10-21T12:31:09+00:00\" \/>\n<meta property=\"og:image\" content=\"https:\/\/dicodusport.fr\/blog\/wp-content\/uploads\/2022\/10\/Mercato-Le-LOU-piste-deux-joueurs-du-Stade-Toulousain.png\" \/>\n\t<meta property=\"og:image:width\" content=\"800\" \/>\n\t<meta property=\"og:image:height\" content=\"445\" \/>\n\t<meta property=\"og:image:type\" content=\"image\/png\" \/>\n<meta name=\"author\" content=\"Flo Ostermann\" \/>\n<meta name=\"twitter:card\" content=\"summary_large_image\" \/>\n<meta name=\"twitter:title\" content=\"Mercato : Le LOU piste deux joueurs du Stade Toulousain\" \/>\n<meta name=\"twitter:creator\" content=\"@https:\/\/twitter.com\/FlOstermann\" \/>\n<meta name=\"twitter:site\" content=\"@dicodusport\" \/>\n<script type=\"application\/ld+json\" class=\"yoast-schema-graph\">{\"@context\":\"https:\/\/schema.org\",\"@graph\":[{\"@type\":\"NewsArticle\",\"@id\":\"https:\/\/dicodusport.fr\/blog\/mercato-le-lou-piste-deux-joueurs-du-stade-toulousain\/#article\",\"isPartOf\":{\"@id\":\"https:\/\/dicodusport.fr\/blog\/mercato-le-lou-piste-deux-joueurs-du-stade-toulousain\/\"},\"author\":{\"name\":\"Flo Ostermann\",\"@id\":\"https:\/\/dicodusport.fr\/blog\/#\/schema\/person\/cb02af4c173ce4a653b55e9baf388d4a\"},\"headline\":\"Mercato : Le LOU piste deux joueurs du Stade Toulousain\",\"datePublished\":\"2022-10-21T12:31:09+00:00\",\"mainEntityOfPage\":{\"@id\":\"https:\/\/dicodusport.fr\/blog\/mercato-le-lou-piste-deux-joueurs-du-stade-toulousain\/\"},\"wordCount\":311,\"commentCount\":0,\"publisher\":{\"@id\":\"https:\/\/dicodusport.fr\/blog\/#organization\"},\"image\":{\"@id\":\"https:\/\/dicodusport.fr\/blog\/mercato-le-lou-piste-deux-joueurs-du-stade-toulousain\/#primaryimage\"},\"thumbnailUrl\":\"https:\/\/dicodusport.fr\/blog\/wp-content\/uploads\/2022\/10\/Mercato-Le-LOU-piste-deux-joueurs-du-Stade-Toulousain.png\",\"keywords\":[\"Arthur Bonneval\",\"LOU\",\"Top 14\"],\"articleSection\":[\"Rugby \u00e0 XV\",\"Top 14\"],\"inLanguage\":\"fr-FR\",\"potentialAction\":[{\"@type\":\"CommentAction\",\"name\":\"Comment\",\"target\":[\"https:\/\/dicodusport.fr\/blog\/mercato-le-lou-piste-deux-joueurs-du-stade-toulousain\/#respond\"]}],\"copyrightYear\":\"2022\",\"copyrightHolder\":{\"@id\":\"https:\/\/dicodusport.fr\/blog\/#organization\"}},{\"@type\":\"WebPage\",\"@id\":\"https:\/\/dicodusport.fr\/blog\/mercato-le-lou-piste-deux-joueurs-du-stade-toulousain\/\",\"url\":\"https:\/\/dicodusport.fr\/blog\/mercato-le-lou-piste-deux-joueurs-du-stade-toulousain\/\",\"name\":\"Mercato : Le LOU piste deux joueurs du Stade Toulousain\",\"isPartOf\":{\"@id\":\"https:\/\/dicodusport.fr\/blog\/#website\"},\"primaryImageOfPage\":{\"@id\":\"https:\/\/dicodusport.fr\/blog\/mercato-le-lou-piste-deux-joueurs-du-stade-toulousain\/#primaryimage\"},\"image\":{\"@id\":\"https:\/\/dicodusport.fr\/blog\/mercato-le-lou-piste-deux-joueurs-du-stade-toulousain\/#primaryimage\"},\"thumbnailUrl\":\"https:\/\/dicodusport.fr\/blog\/wp-content\/uploads\/2022\/10\/Mercato-Le-LOU-piste-deux-joueurs-du-Stade-Toulousain.png\",\"datePublished\":\"2022-10-21T12:31:09+00:00\",\"description\":\"Selon nos confr\u00e8res du Progr\u00e8s, le LOU a accueilli ce mercredi les Toulousains Arthur Bonneval (ailier) et Martin Page-Relo (demi de m\u00eal\u00e9e).\",\"breadcrumb\":{\"@id\":\"https:\/\/dicodusport.fr\/blog\/mercato-le-lou-piste-deux-joueurs-du-stade-toulousain\/#breadcrumb\"},\"inLanguage\":\"fr-FR\",\"potentialAction\":[{\"@type\":\"ReadAction\",\"target\":[\"https:\/\/dicodusport.fr\/blog\/mercato-le-lou-piste-deux-joueurs-du-stade-toulousain\/\"]}]},{\"@type\":\"ImageObject\",\"inLanguage\":\"fr-FR\",\"@id\":\"https:\/\/dicodusport.fr\/blog\/mercato-le-lou-piste-deux-joueurs-du-stade-toulousain\/#primaryimage\",\"url\":\"https:\/\/dicodusport.fr\/blog\/wp-content\/uploads\/2022\/10\/Mercato-Le-LOU-piste-deux-joueurs-du-Stade-Toulousain.png\",\"contentUrl\":\"https:\/\/dicodusport.fr\/blog\/wp-content\/uploads\/2022\/10\/Mercato-Le-LOU-piste-deux-joueurs-du-Stade-Toulousain.png\",\"width\":800,\"height\":445,\"caption\":\"Mercato Le LOU piste deux joueurs du Stade Toulousain\"},{\"@type\":\"BreadcrumbList\",\"@id\":\"https:\/\/dicodusport.fr\/blog\/mercato-le-lou-piste-deux-joueurs-du-stade-toulousain\/#breadcrumb\",\"itemListElement\":[{\"@type\":\"ListItem\",\"position\":1,\"name\":\"Accueil\",\"item\":\"https:\/\/dicodusport.fr\/blog\/\"},{\"@type\":\"ListItem\",\"position\":2,\"name\":\"Mercato : Le LOU piste deux joueurs du Stade Toulousain\"}]},{\"@type\":\"WebSite\",\"@id\":\"https:\/\/dicodusport.fr\/blog\/#website\",\"url\":\"https:\/\/dicodusport.fr\/blog\/\",\"name\":\"Dicodusport\",\"description\":\"L&#039;encyclop\u00e9die de l&#039;actualit\u00e9 sportive\",\"publisher\":{\"@id\":\"https:\/\/dicodusport.fr\/blog\/#organization\"},\"potentialAction\":[{\"@type\":\"SearchAction\",\"target\":{\"@type\":\"EntryPoint\",\"urlTemplate\":\"https:\/\/dicodusport.fr\/blog\/?s={search_term_string}\"},\"query-input\":{\"@type\":\"PropertyValueSpecification\",\"valueRequired\":true,\"valueName\":\"search_term_string\"}}],\"inLanguage\":\"fr-FR\"},{\"@type\":\"NewsMediaOrganization\",\"@id\":\"https:\/\/dicodusport.fr\/blog\/#organization\",\"name\":\"Dicodusport\",\"url\":\"https:\/\/dicodusport.fr\/blog\/\",\"logo\":{\"@type\":\"ImageObject\",\"inLanguage\":\"fr-FR\",\"@id\":\"https:\/\/dicodusport.fr\/blog\/#\/schema\/logo\/image\/\",\"url\":\"https:\/\/dicodusport.fr\/blog\/wp-content\/uploads\/2020\/06\/cropped-LOGO-DICODUSPORT-2020-SANS-FOND-SANS-TEXTE.png\",\"contentUrl\":\"https:\/\/dicodusport.fr\/blog\/wp-content\/uploads\/2020\/06\/cropped-LOGO-DICODUSPORT-2020-SANS-FOND-SANS-TEXTE.png\",\"width\":512,\"height\":512,\"caption\":\"Dicodusport\"},\"image\":{\"@id\":\"https:\/\/dicodusport.fr\/blog\/#\/schema\/logo\/image\/\"},\"sameAs\":[\"https:\/\/www.facebook.com\/dicodusport\",\"https:\/\/x.com\/dicodusport\",\"https:\/\/www.instagram.com\/dicodusport\/\",\"https:\/\/www.youtube.com\/channel\/UC7V2KZ5sd3htJivAbA4ZG3w\"],\"description\":\"Dicodusport est l'encyclop\u00e9die de l'actualit\u00e9 sportive.\",\"email\":\"bonjour@dicodusport.fr\",\"legalName\":\"DICODUSPORT\",\"foundingDate\":\"2018-01-14\",\"vatID\":\"FR71834470973\",\"taxID\":\"83447097300043\",\"numberOfEmployees\":{\"@type\":\"QuantitativeValue\",\"minValue\":\"1\",\"maxValue\":\"10\"}},{\"@type\":\"Person\",\"@id\":\"https:\/\/dicodusport.fr\/blog\/#\/schema\/person\/cb02af4c173ce4a653b55e9baf388d4a\",\"name\":\"Flo Ostermann\",\"image\":{\"@type\":\"ImageObject\",\"inLanguage\":\"fr-FR\",\"@id\":\"https:\/\/dicodusport.fr\/blog\/#\/schema\/person\/image\/\",\"url\":\"https:\/\/dicodusport.fr\/blog\/wp-content\/uploads\/2021\/05\/Flo-Ostermann-150x150.jpg\",\"contentUrl\":\"https:\/\/dicodusport.fr\/blog\/wp-content\/uploads\/2021\/05\/Flo-Ostermann-150x150.jpg\",\"caption\":\"Flo Ostermann\"},\"description\":\"Journaliste\/R\u00e9dacteur depuis septembre 2015 - Mes premiers souvenirs dans le sport ? Les envol\u00e9es du Stade Toulousain et les duels Villeneuve-Schumacher et H\u00e4kkinen-Schumacher \u00e0 la fin des ann\u00e9es 90, la Coupe du monde de football en 1998, l\u2019exploit du XV de France face aux All Blacks en 1999, mais aussi Richard C\u0153ur de Lion qui vole sur les montagnes du Tour de France. Bien parti pour devenir professeur d\u2019EPS, les \u00e9v\u00e9nements de la vie (et la flemme d\u2019animer des s\u00e9ances de 3x500 m\u00e8tres toute ma vie) m\u2019ont conduit \u00e0 revoir mes plans. Me voil\u00e0 depuis fin 2017 sur Dicodusport, m\u00e9dia gr\u00e2ce (et pour) lequel je partage ma passion : le sport dans tous ses \u00e9tats. Le tout accompagn\u00e9 par les fous furieux et folles furieuses cit\u00e9s sur cette page !\",\"sameAs\":[\"https:\/\/www.facebook.com\/florent.ostermann\",\"https:\/\/x.com\/https:\/\/twitter.com\/FlOstermann\",\"admin\"],\"url\":\"https:\/\/dicodusport.fr\/blog\/author\/flo\/\"}]}<\/script>\n<!-- \/ Yoast SEO Premium plugin. -->","yoast_head_json":{"title":"Mercato : Le LOU piste deux joueurs du Stade Toulousain","description":"Selon nos confr\u00e8res du Progr\u00e8s, le LOU a accueilli ce mercredi les Toulousains Arthur Bonneval (ailier) et Martin Page-Relo (demi de m\u00eal\u00e9e).","robots":{"index":"index","follow":"follow","max-snippet":"max-snippet:-1","max-image-preview":"max-image-preview:large","max-video-preview":"max-video-preview:-1"},"canonical":"https:\/\/dicodusport.fr\/blog\/mercato-le-lou-piste-deux-joueurs-du-stade-toulousain\/","og_locale":"fr_FR","og_type":"article","og_title":"Mercato : Le LOU piste deux joueurs du Stade Toulousain","og_description":"Selon nos confr\u00e8res du Progr\u00e8s, le LOU a accueilli ce mercredi les Toulousains Arthur Bonneval (ailier) et Martin Page-Relo (demi de m\u00eal\u00e9e).","og_url":"https:\/\/dicodusport.fr\/blog\/mercato-le-lou-piste-deux-joueurs-du-stade-toulousain\/","og_site_name":"Dicodusport","article_publisher":"https:\/\/www.facebook.com\/dicodusport","article_author":"https:\/\/www.facebook.com\/florent.ostermann","article_published_time":"2022-10-21T12:31:09+00:00","og_image":[{"width":800,"height":445,"url":"https:\/\/dicodusport.fr\/blog\/wp-content\/uploads\/2022\/10\/Mercato-Le-LOU-piste-deux-joueurs-du-Stade-Toulousain.png","type":"image\/png"}],"author":"Flo Ostermann","twitter_card":"summary_large_image","twitter_title":"Mercato : Le LOU piste deux joueurs du Stade Toulousain","twitter_creator":"@https:\/\/twitter.com\/FlOstermann","twitter_site":"@dicodusport","schema":{"@context":"https:\/\/schema.org","@graph":[{"@type":"NewsArticle","@id":"https:\/\/dicodusport.fr\/blog\/mercato-le-lou-piste-deux-joueurs-du-stade-toulousain\/#article","isPartOf":{"@id":"https:\/\/dicodusport.fr\/blog\/mercato-le-lou-piste-deux-joueurs-du-stade-toulousain\/"},"author":{"name":"Flo Ostermann","@id":"https:\/\/dicodusport.fr\/blog\/#\/schema\/person\/cb02af4c173ce4a653b55e9baf388d4a"},"headline":"Mercato : Le LOU piste deux joueurs du Stade Toulousain","datePublished":"2022-10-21T12:31:09+00:00","mainEntityOfPage":{"@id":"https:\/\/dicodusport.fr\/blog\/mercato-le-lou-piste-deux-joueurs-du-stade-toulousain\/"},"wordCount":311,"commentCount":0,"publisher":{"@id":"https:\/\/dicodusport.fr\/blog\/#organization"},"image":{"@id":"https:\/\/dicodusport.fr\/blog\/mercato-le-lou-piste-deux-joueurs-du-stade-toulousain\/#primaryimage"},"thumbnailUrl":"https:\/\/dicodusport.fr\/blog\/wp-content\/uploads\/2022\/10\/Mercato-Le-LOU-piste-deux-joueurs-du-Stade-Toulousain.png","keywords":["Arthur Bonneval","LOU","Top 14"],"articleSection":["Rugby \u00e0 XV","Top 14"],"inLanguage":"fr-FR","potentialAction":[{"@type":"CommentAction","name":"Comment","target":["https:\/\/dicodusport.fr\/blog\/mercato-le-lou-piste-deux-joueurs-du-stade-toulousain\/#respond"]}],"copyrightYear":"2022","copyrightHolder":{"@id":"https:\/\/dicodusport.fr\/blog\/#organization"}},{"@type":"WebPage","@id":"https:\/\/dicodusport.fr\/blog\/mercato-le-lou-piste-deux-joueurs-du-stade-toulousain\/","url":"https:\/\/dicodusport.fr\/blog\/mercato-le-lou-piste-deux-joueurs-du-stade-toulousain\/","name":"Mercato : Le LOU piste deux joueurs du Stade Toulousain","isPartOf":{"@id":"https:\/\/dicodusport.fr\/blog\/#website"},"primaryImageOfPage":{"@id":"https:\/\/dicodusport.fr\/blog\/mercato-le-lou-piste-deux-joueurs-du-stade-toulousain\/#primaryimage"},"image":{"@id":"https:\/\/dicodusport.fr\/blog\/mercato-le-lou-piste-deux-joueurs-du-stade-toulousain\/#primaryimage"},"thumbnailUrl":"https:\/\/dicodusport.fr\/blog\/wp-content\/uploads\/2022\/10\/Mercato-Le-LOU-piste-deux-joueurs-du-Stade-Toulousain.png","datePublished":"2022-10-21T12:31:09+00:00","description":"Selon nos confr\u00e8res du Progr\u00e8s, le LOU a accueilli ce mercredi les Toulousains Arthur Bonneval (ailier) et Martin Page-Relo (demi de m\u00eal\u00e9e).","breadcrumb":{"@id":"https:\/\/dicodusport.fr\/blog\/mercato-le-lou-piste-deux-joueurs-du-stade-toulousain\/#breadcrumb"},"inLanguage":"fr-FR","potentialAction":[{"@type":"ReadAction","target":["https:\/\/dicodusport.fr\/blog\/mercato-le-lou-piste-deux-joueurs-du-stade-toulousain\/"]}]},{"@type":"ImageObject","inLanguage":"fr-FR","@id":"https:\/\/dicodusport.fr\/blog\/mercato-le-lou-piste-deux-joueurs-du-stade-toulousain\/#primaryimage","url":"https:\/\/dicodusport.fr\/blog\/wp-content\/uploads\/2022\/10\/Mercato-Le-LOU-piste-deux-joueurs-du-Stade-Toulousain.png","contentUrl":"https:\/\/dicodusport.fr\/blog\/wp-content\/uploads\/2022\/10\/Mercato-Le-LOU-piste-deux-joueurs-du-Stade-Toulousain.png","width":800,"height":445,"caption":"Mercato Le LOU piste deux joueurs du Stade Toulousain"},{"@type":"BreadcrumbList","@id":"https:\/\/dicodusport.fr\/blog\/mercato-le-lou-piste-deux-joueurs-du-stade-toulousain\/#breadcrumb","itemListElement":[{"@type":"ListItem","position":1,"name":"Accueil","item":"https:\/\/dicodusport.fr\/blog\/"},{"@type":"ListItem","position":2,"name":"Mercato : Le LOU piste deux joueurs du Stade Toulousain"}]},{"@type":"WebSite","@id":"https:\/\/dicodusport.fr\/blog\/#website","url":"https:\/\/dicodusport.fr\/blog\/","name":"Dicodusport","description":"L&#039;encyclop\u00e9die de l&#039;actualit\u00e9 sportive","publisher":{"@id":"https:\/\/dicodusport.fr\/blog\/#organization"},"potentialAction":[{"@type":"SearchAction","target":{"@type":"EntryPoint","urlTemplate":"https:\/\/dicodusport.fr\/blog\/?s={search_term_string}"},"query-input":{"@type":"PropertyValueSpecification","valueRequired":true,"valueName":"search_term_string"}}],"inLanguage":"fr-FR"},{"@type":"NewsMediaOrganization","@id":"https:\/\/dicodusport.fr\/blog\/#organization","name":"Dicodusport","url":"https:\/\/dicodusport.fr\/blog\/","logo":{"@type":"ImageObject","inLanguage":"fr-FR","@id":"https:\/\/dicodusport.fr\/blog\/#\/schema\/logo\/image\/","url":"https:\/\/dicodusport.fr\/blog\/wp-content\/uploads\/2020\/06\/cropped-LOGO-DICODUSPORT-2020-SANS-FOND-SANS-TEXTE.png","contentUrl":"https:\/\/dicodusport.fr\/blog\/wp-content\/uploads\/2020\/06\/cropped-LOGO-DICODUSPORT-2020-SANS-FOND-SANS-TEXTE.png","width":512,"height":512,"caption":"Dicodusport"},"image":{"@id":"https:\/\/dicodusport.fr\/blog\/#\/schema\/logo\/image\/"},"sameAs":["https:\/\/www.facebook.com\/dicodusport","https:\/\/x.com\/dicodusport","https:\/\/www.instagram.com\/dicodusport\/","https:\/\/www.youtube.com\/channel\/UC7V2KZ5sd3htJivAbA4ZG3w"],"description":"Dicodusport est l'encyclop\u00e9die de l'actualit\u00e9 sportive.","email":"bonjour@dicodusport.fr","legalName":"DICODUSPORT","foundingDate":"2018-01-14","vatID":"FR71834470973","taxID":"83447097300043","numberOfEmployees":{"@type":"QuantitativeValue","minValue":"1","maxValue":"10"}},{"@type":"Person","@id":"https:\/\/dicodusport.fr\/blog\/#\/schema\/person\/cb02af4c173ce4a653b55e9baf388d4a","name":"Flo Ostermann","image":{"@type":"ImageObject","inLanguage":"fr-FR","@id":"https:\/\/dicodusport.fr\/blog\/#\/schema\/person\/image\/","url":"https:\/\/dicodusport.fr\/blog\/wp-content\/uploads\/2021\/05\/Flo-Ostermann-150x150.jpg","contentUrl":"https:\/\/dicodusport.fr\/blog\/wp-content\/uploads\/2021\/05\/Flo-Ostermann-150x150.jpg","caption":"Flo Ostermann"},"description":"Journaliste\/R\u00e9dacteur depuis septembre 2015 - Mes premiers souvenirs dans le sport ? Les envol\u00e9es du Stade Toulousain et les duels Villeneuve-Schumacher et H\u00e4kkinen-Schumacher \u00e0 la fin des ann\u00e9es 90, la Coupe du monde de football en 1998, l\u2019exploit du XV de France face aux All Blacks en 1999, mais aussi Richard C\u0153ur de Lion qui vole sur les montagnes du Tour de France. Bien parti pour devenir professeur d\u2019EPS, les \u00e9v\u00e9nements de la vie (et la flemme d\u2019animer des s\u00e9ances de 3x500 m\u00e8tres toute ma vie) m\u2019ont conduit \u00e0 revoir mes plans. Me voil\u00e0 depuis fin 2017 sur Dicodusport, m\u00e9dia gr\u00e2ce (et pour) lequel je partage ma passion : le sport dans tous ses \u00e9tats. Le tout accompagn\u00e9 par les fous furieux et folles furieuses cit\u00e9s sur cette page !","sameAs":["https:\/\/www.facebook.com\/florent.ostermann","https:\/\/x.com\/https:\/\/twitter.com\/FlOstermann","admin"],"url":"https:\/\/dicodusport.fr\/blog\/author\/flo\/"}]}},"_links":{"self":[{"href":"https:\/\/dicodusport.fr\/blog\/wp-json\/wp\/v2\/posts\/271797","targetHints":{"allow":["GET"]}}],"collection":[{"href":"https:\/\/dicodusport.fr\/blog\/wp-json\/wp\/v2\/posts"}],"about":[{"href":"https:\/\/dicodusport.fr\/blog\/wp-json\/wp\/v2\/types\/post"}],"author":[{"embeddable":true,"href":"https:\/\/dicodusport.fr\/blog\/wp-json\/wp\/v2\/users\/4"}],"replies":[{"embeddable":true,"href":"https:\/\/dicodusport.fr\/blog\/wp-json\/wp\/v2\/comments?post=271797"}],"version-history":[{"count":0,"href":"https:\/\/dicodusport.fr\/blog\/wp-json\/wp\/v2\/posts\/271797\/revisions"}],"wp:featuredmedia":[{"embeddable":true,"href":"https:\/\/dicodusport.fr\/blog\/wp-json\/wp\/v2\/media\/271801"}],"wp:attachment":[{"href":"https:\/\/dicodusport.fr\/blog\/wp-json\/wp\/v2\/media?parent=271797"}],"wp:term":[{"taxonomy":"category","embeddable":true,"href":"https:\/\/dicodusport.fr\/blog\/wp-json\/wp\/v2\/categories?post=271797"},{"taxonomy":"post_tag","embeddable":true,"href":"https:\/\/dicodusport.fr\/blog\/wp-json\/wp\/v2\/tags?post=271797"}],"curies":[{"name":"wp","href":"https:\/\/api.w.org\/{rel}","templated":true}]}}