{"id":272155,"date":"2022-10-23T12:38:47","date_gmt":"2022-10-23T10:38:47","guid":{"rendered":"https:\/\/dicodusport.fr\/blog\/?p=272155&#038;preview=true&#038;preview_id=272155"},"modified":"2022-10-23T12:38:47","modified_gmt":"2022-10-23T10:38:47","slug":"armand-duplantis-jakob-ingebrigtsen-et-femke-bol-athletes-europeens-de-lannee-2022","status":"publish","type":"post","link":"https:\/\/dicodusport.fr\/blog\/armand-duplantis-jakob-ingebrigtsen-et-femke-bol-athletes-europeens-de-lannee-2022\/","title":{"rendered":"Armand Duplantis, Jakob Ingebrigtsen et Femke Bol athl\u00e8tes europ\u00e9ens de l&rsquo;ann\u00e9e 2022"},"content":{"rendered":"<p style=\"text-align: justify;\"><b><i>ATHL\u00c9TISME &#8211; Ce samedi soir, l&rsquo;Association europ\u00e9enne d&rsquo;athl\u00e9tisme a d\u00e9cern\u00e9 les troph\u00e9es des meilleurs athl\u00e8tes de l&rsquo;ann\u00e9e. Sans surprise, Femke Bol, Armand Duplantis et Jakob Ingebrigtsen ont \u00e9t\u00e9 \u00e9lus.<br \/>\n<\/i><\/b><\/p>\n<p style=\"text-align: justify;\">Dans chaque cat\u00e9gorie, 3 athl\u00e8tes \u00e9taient nomin\u00e9s et soumis au vote des fans, des journalistes, des f\u00e9d\u00e9rations membres de l&rsquo;Association europ\u00e9enne d&rsquo;athl\u00e9tisme et d&rsquo;un panel d&rsquo;experts de l&rsquo;Association.<\/p>\n<h2 style=\"text-align: justify;\">Femke Bol, reine de 2022<\/h2>\n<p style=\"text-align: justify;\">Chez les femmes, <strong>Femke Bol<\/strong> succ\u00e8de \u00e0 une compatriote (Sifan Hassan) et devient la <strong>4e N\u00e9erlandaise<\/strong> \u00e0 remporter cette r\u00e9compense apr\u00e8s Dafne Schippers en 2014 et 2015. D\u00e9j\u00e0 d\u00e9sign\u00e9e \u00ab\u00a0<strong>\u00e9toile montante<\/strong>\u00a0\u00bb l&rsquo;ann\u00e9e derni\u00e8re, Bol a confirm\u00e9 cette ann\u00e9e avec de superbes r\u00e9sultats.<\/p>\n<p style=\"text-align: justify;\">Auteure notamment d&rsquo;un <strong>tripl\u00e9 historique aux Championnats d&rsquo;Europe<\/strong> (<a href=\"https:\/\/dicodusport.fr\/blog\/championnats-europeens-2022-le-110-metres-haies-murto-bol-le-resume-de-la-journee-dathletisme\/\" target=\"_blank\" rel=\"noopener\">400 m<\/a>, <a href=\"https:\/\/dicodusport.fr\/blog\/championnats-europeens-2022-warholm-bol-happio-le-resume-de-la-journee-dathletisme\/\" target=\"_blank\" rel=\"noopener\">400 m haies<\/a> et <a href=\"https:\/\/dicodusport.fr\/blog\/championnats-europeens-2022-bol-lamotte-duplantis-le-resume-de-la-soiree-dathletisme\/\" target=\"_blank\" rel=\"noopener\">relais 4&#215;400 m<\/a>), elle a \u00e9galement battu <strong>6 records nationaux<\/strong> en 2022. Sa seule d\u00e9faite sur 400 m haies a \u00e9t\u00e9 lors de la finale des Mondiaux o\u00f9 elle finit en argent derri\u00e8re l&rsquo;impressionnante <strong>Sydney McLaughlin<\/strong>. Elle a \u00e9galement remport\u00e9 l&rsquo;argent avec ses co\u00e9quipi\u00e8res sur le 4&#215;400 m. Et tout cela \u00e0 seulement 22 ans ! De belles ann\u00e9es l&rsquo;attendent que ce soit sur la sc\u00e8ne europ\u00e9enne ou mondiale.<\/p>\n<p><span class=\"dCe5HK8h2gipVMVXKxEJ4u0sekFmvzMqXfpLNrwZYQUqubRD1tdcCHr03n69AB8LoGiWNvT\"><iframe loading=\"lazy\" title=\"Femke Bol Completes Munich Hat-trick -  European Athletics Championships - Munich 2022\" width=\"740\" height=\"416\" src=\"https:\/\/www.youtube.com\/embed\/I7EZgoDPSYk?feature=oembed\" frameborder=\"0\" allow=\"accelerometer; autoplay; clipboard-write; encrypted-media; gyroscope; picture-in-picture; web-share\" allowfullscreen><\/iframe><\/span><\/p>\n<h2 style=\"text-align: justify;\">Un doubl\u00e9 in\u00e9dit chez les hommes<\/h2>\n<p style=\"text-align: justify;\">Pour la premi\u00e8re fois, le troph\u00e9e chez les hommes a \u00e9t\u00e9 <strong>d\u00e9cern\u00e9 \u00e0 deux athl\u00e8tes<\/strong> : <strong>Armand Duplantis<\/strong> et <strong>Jakob Ingebrigtsen<\/strong>. En effet, il \u00e9tait difficile de d\u00e9partager ces deux monstres de leur discipline. Petit clin d\u2019\u0153il de l&rsquo;histoire, en 2018, ces deux-l\u00e0 avaient d\u00e9j\u00e0 remport\u00e9 \u00e0 \u00e9galit\u00e9 le troph\u00e9e d&rsquo;\u00e9toile montante.<\/p>\n<p style=\"text-align: justify;\">Les superlatifs manquent pour d\u00e9crire <strong>Mondo Duplantis<\/strong>. Ma\u00eetre incontest\u00e9 du <strong>saut \u00e0 la perche<\/strong> \u00e0 seulement 22 ans, il n&rsquo;en finit pas d&rsquo;accumuler les titres et les records. Cette ann\u00e9e, il a tout remport\u00e9 : <strong>Mondiaux en salle<\/strong>, <strong>Mondiaux en plein air<\/strong>, <strong>Championnats d&rsquo;Europe<\/strong> et la <strong>Ligue de Diamant<\/strong>. Avec souvent des records \u00e0 la cl\u00e9. Il a battu le <strong>record du monde<\/strong> 3 fois cette ann\u00e9e dont lors des <a href=\"https:\/\/dicodusport.fr\/blog\/mondiaux-athletisme-en-salle-armand-duplantis-bat-son-propre-record-du-monde-a-la-perche\/\" target=\"_blank\" rel=\"noopener\">Mondiaux en salle<\/a> et \u00e0 <a href=\"https:\/\/dicodusport.fr\/blog\/mondiaux-dathletisme-2022-armand-duplantis-bat-encore-le-record-du-monde-du-saut-a-la-perche\/\" target=\"_blank\" rel=\"noopener\">Eugene<\/a>. Aux Europe, il a battu le record des championnats. Bref, toujours plus haut pour Duplantis !<\/p>\n<blockquote class=\"twitter-tweet\">\n<p dir=\"ltr\" lang=\"en\">Mondo Duplantis. World Record. We Are All Witnesses. <a href=\"https:\/\/t.co\/pDVkuyBZ3K\">pic.twitter.com\/pDVkuyBZ3K<\/a><\/p>\n<p>\u2014 LSU Track &amp; Field (@LSUTrackField) <a href=\"https:\/\/twitter.com\/LSUTrackField\/status\/1551402903453188098?ref_src=twsrc%5Etfw\">July 25, 2022<\/a><\/p><\/blockquote>\n<p style=\"text-align: justify;\"><script async src=\"https:\/\/platform.twitter.com\/widgets.js\" charset=\"utf-8\"><\/script><\/p>\n<p style=\"text-align: justify;\"><strong>Jakob Ingebrigtsen<\/strong> n&rsquo;est pas en reste. <strong>Doubl\u00e9 1500 m\/5000 m en or aux Championnats d&rsquo;Europe<\/strong>, <strong>champion du monde du 5000 m<\/strong>, en argent au 1500 m et vainqueur de la <strong>Ligue de diamant<\/strong> sur 1500 m et le mile. Les Mondiaux \u00e9taient son objectif et il a r\u00e9pondu pr\u00e9sent. Il avait d\u00e9but\u00e9 l&rsquo;ann\u00e9e avec un <a href=\"https:\/\/dicodusport.fr\/blog\/jakob-ingebrigtsen-bat-le-record-du-1500-metres-en-salle-a-lievin\/\" target=\"_blank\" rel=\"noopener\"><strong>nouveau record du monde en salle sur 1500 m \u00e0 Li\u00e9vin<\/strong><\/a>. Il succ\u00e8de \u00e0 son compatriote Karsten Warholm, athl\u00e8te europ\u00e9en de l&rsquo;ann\u00e9e en 2019 et 2021.<\/p>\n<blockquote class=\"twitter-tweet\">\n<p dir=\"ltr\" lang=\"en\">Unstoppable! &#x1f44a;<\/p>\n<p>Four-time European champion at the age of 21! &#x1f451;<a href=\"https:\/\/twitter.com\/hashtag\/Munich2022?src=hash&amp;ref_src=twsrc%5Etfw\">#Munich2022<\/a> <a href=\"https:\/\/twitter.com\/hashtag\/BackToTheRoofs?src=hash&amp;ref_src=twsrc%5Etfw\">#BackToTheRoofs<\/a> <a href=\"https:\/\/t.co\/TRzpjHBwBO\">pic.twitter.com\/TRzpjHBwBO<\/a><\/p>\n<p>\u2014 European Athletics (@EuroAthletics) <a href=\"https:\/\/twitter.com\/EuroAthletics\/status\/1561044139310972930?ref_src=twsrc%5Etfw\">August 20, 2022<\/a><\/p><\/blockquote>\n<p style=\"text-align: justify;\"><script async src=\"https:\/\/platform.twitter.com\/widgets.js\" charset=\"utf-8\"><\/script><\/p>\n<h2 style=\"text-align: justify;\">Tzengko et Alekna \u00e9toiles montantes<\/h2>\n<p style=\"text-align: justify;\">Il y avait du beau monde parmi les nomin\u00e9s pour succ\u00e9der \u00e0 Sasha Zhoya et on risque de continuer \u00e0 les voir briller dans les prochaines ann\u00e9es.<\/p>\n<p style=\"text-align: justify;\">La Grecque <strong>Elina Tzengko<\/strong> succ\u00e8de \u00e0 Femke Bol. <strong>Championne d&rsquo;Europe juniors<\/strong> l&rsquo;ann\u00e9e derni\u00e8re, elle a r\u00e9cidiv\u00e9, chez les grands en remportant le <strong>titre europ\u00e9en<\/strong> \u00e0 Munich \u00e0 seulement 18 ans, en s&rsquo;offrant en plus un <strong>record personnel<\/strong> au <strong>lancer du javelot<\/strong> ! Critiqu\u00e9e pour sa 10e place lors des qualifications des Mondiaux, on lui a dit qu&rsquo;elle \u00e9tait trop jeune pour concourir avec les seniors. Alors elle s&rsquo;est remobilis\u00e9e pour montrer \u00e0 ses d\u00e9tracteurs que \u00ab\u00a0<em>l&rsquo;\u00e2ge est juste un nombre<\/em>\u00a0\u00bb a-t-elle d\u00e9clar\u00e9 en plaisantant.<br \/>\n\u00ad<br \/>\nChez les gar\u00e7ons, c&rsquo;est le Lituanien <strong>Mykolas Alekna<\/strong> qui rafle la mise. Lui aussi s&rsquo;\u00e9tait distingu\u00e9 lors des <strong>Championnats d&rsquo;Europe juniors 2021<\/strong> avec le titre au <strong>lancer du disque<\/strong>. Vainqueur de la <strong>Coupe d&rsquo;Europe des lancers<\/strong> chez les espoirs en mars, il a remport\u00e9 la m\u00e9daille d&rsquo;argent aux Championnats du monde d&rsquo;Eugene. Et un mois plus tard, il a surpris Kristjan Ceh, le tout juste champion du monde. En effet, il a remport\u00e9 le <strong>titre europ\u00e9en<\/strong>, \u00e0 seulement 19 ans, en \u00e9tablissant le <strong>record des championnats<\/strong> (69.78 m).<\/p>\n<p style=\"text-align: justify;\">Petite anecdote, le Lituanien a re\u00e7u son troph\u00e9e par la l\u00e9gende du disque <strong>Gerd Kanter<\/strong>, qui a \u00e9galement \u00e9t\u00e9 l&rsquo;un des principaux rivaux de son p\u00e8re, <strong>Virgilijus Alekna<\/strong>, notamment double champion olympique et double champion du monde. Celui-ci avait re\u00e7u le troph\u00e9e d&rsquo;athl\u00e8te europ\u00e9en de l&rsquo;ann\u00e9e en 2005.<\/p>\n<p style=\"text-align: justify;\">Ces deux-l\u00e0 sont devenus les plus jeunes champions d&rsquo;Europe de l&rsquo;histoire de leur discipline.<\/p>\n<blockquote class=\"twitter-tweet\">\n<p dir=\"ltr\" lang=\"en\">European champion at the age of 19! &#x1f680;<\/p>\n<p>Elina Tzengko &#x1f1ec;&#x1f1f7; wins Greece&rsquo;s fourth gold medal in <a href=\"https:\/\/twitter.com\/hashtag\/Munich2022?src=hash&amp;ref_src=twsrc%5Etfw\">#Munich2022<\/a> with a lifetime best of 65.81m! &#x2728;<a href=\"https:\/\/twitter.com\/hashtag\/BackToTheRoofs?src=hash&amp;ref_src=twsrc%5Etfw\">#BackToTheRoofs<\/a> <a href=\"https:\/\/t.co\/KkV4UbwyFx\">pic.twitter.com\/KkV4UbwyFx<\/a><\/p>\n<p>\u2014 European Athletics (@EuroAthletics) <a href=\"https:\/\/twitter.com\/EuroAthletics\/status\/1561084184411738116?ref_src=twsrc%5Etfw\">August 20, 2022<\/a><\/p><\/blockquote>\n<p style=\"text-align: justify;\"><script async src=\"https:\/\/platform.twitter.com\/widgets.js\" charset=\"utf-8\"><\/script><\/p>\n","protected":false},"excerpt":{"rendered":"<p>ATHL\u00c9TISME &#8211; Ce samedi soir, l&rsquo;Association europ\u00e9enne d&rsquo;athl\u00e9tisme a d\u00e9cern\u00e9 les troph\u00e9es des meilleurs athl\u00e8tes de l&rsquo;ann\u00e9e. Sans surprise, Femke Bol, Armand Duplantis et Jakob Ingebrigtsen ont \u00e9t\u00e9 \u00e9lus. Dans chaque cat\u00e9gorie, 3 athl\u00e8tes \u00e9taient nomin\u00e9s et soumis au vote des fans, des journalistes, des f\u00e9d\u00e9rations membres de l&rsquo;Association europ\u00e9enne d&rsquo;athl\u00e9tisme et d&rsquo;un panel d&rsquo;experts [&hellip;]<\/p>\n","protected":false},"author":12,"featured_media":272436,"comment_status":"open","ping_status":"closed","sticky":false,"template":"","format":"standard","meta":{"_acf_changed":false,"_daextam_enable_autolinks":"","footnotes":""},"categories":[2308],"tags":[5220,143,25907,5744],"class_list":["post-272155","post","type-post","status-publish","format-standard","has-post-thumbnail","hentry","category-athletisme","tag-armand-duplantis","tag-athletisme","tag-femke-bol","tag-jakob-ingebrigtsen"],"acf":[],"yoast_head":"<!-- This site is optimized with the Yoast SEO Premium plugin v26.7 (Yoast SEO v26.7) - https:\/\/yoast.com\/wordpress\/plugins\/seo\/ -->\n<title>Armand Duplantis, Jakob Ingebrigtsen et Femke Bol athl\u00e8tes europ\u00e9ens de l&#039;ann\u00e9e 2022<\/title>\n<meta name=\"robots\" content=\"index, follow, max-snippet:-1, max-image-preview:large, max-video-preview:-1\" \/>\n<link rel=\"canonical\" href=\"https:\/\/dicodusport.fr\/blog\/armand-duplantis-jakob-ingebrigtsen-et-femke-bol-athletes-europeens-de-lannee-2022\/\" \/>\n<meta property=\"og:locale\" content=\"fr_FR\" \/>\n<meta property=\"og:type\" content=\"article\" \/>\n<meta property=\"og:title\" content=\"Armand Duplantis, Jakob Ingebrigtsen et Femke Bol athl\u00e8tes europ\u00e9ens de l&#039;ann\u00e9e 2022\" \/>\n<meta property=\"og:description\" content=\"ATHL\u00c9TISME &#8211; Ce samedi soir, l&rsquo;Association europ\u00e9enne d&rsquo;athl\u00e9tisme a d\u00e9cern\u00e9 les troph\u00e9es des meilleurs athl\u00e8tes de l&rsquo;ann\u00e9e. Sans surprise, Femke Bol, Armand Duplantis et Jakob Ingebrigtsen ont \u00e9t\u00e9 \u00e9lus. Dans chaque cat\u00e9gorie, 3 athl\u00e8tes \u00e9taient nomin\u00e9s et soumis au vote des fans, des journalistes, des f\u00e9d\u00e9rations membres de l&rsquo;Association europ\u00e9enne d&rsquo;athl\u00e9tisme et d&rsquo;un panel d&rsquo;experts [&hellip;]\" \/>\n<meta property=\"og:url\" content=\"https:\/\/dicodusport.fr\/blog\/armand-duplantis-jakob-ingebrigtsen-et-femke-bol-athletes-europeens-de-lannee-2022\/\" \/>\n<meta property=\"og:site_name\" content=\"Dicodusport\" \/>\n<meta property=\"article:publisher\" content=\"https:\/\/www.facebook.com\/dicodusport\" \/>\n<meta property=\"article:published_time\" content=\"2022-10-23T10:38:47+00:00\" \/>\n<meta property=\"og:image\" content=\"https:\/\/dicodusport.fr\/blog\/wp-content\/uploads\/2022\/10\/Armand-Duplantis-Jakob-Ingebrigtsen-et-Femke-Bol-athletes-de-lannee-2022.jpg\" \/>\n\t<meta property=\"og:image:width\" content=\"800\" \/>\n\t<meta property=\"og:image:height\" content=\"445\" \/>\n\t<meta property=\"og:image:type\" content=\"image\/jpeg\" \/>\n<meta name=\"author\" content=\"Arlette Yeye\" \/>\n<meta name=\"twitter:card\" content=\"summary_large_image\" \/>\n<meta name=\"twitter:title\" content=\"Armand Duplantis, Jakob Ingebrigtsen et Femke Bol athl\u00e8tes europ\u00e9ens de l&#039;ann\u00e9e 2022\" \/>\n<meta name=\"twitter:creator\" content=\"@https:\/\/twitter.com\/Shiclette94\" \/>\n<meta name=\"twitter:site\" content=\"@dicodusport\" \/>\n<script type=\"application\/ld+json\" class=\"yoast-schema-graph\">{\"@context\":\"https:\/\/schema.org\",\"@graph\":[{\"@type\":\"NewsArticle\",\"@id\":\"https:\/\/dicodusport.fr\/blog\/armand-duplantis-jakob-ingebrigtsen-et-femke-bol-athletes-europeens-de-lannee-2022\/#article\",\"isPartOf\":{\"@id\":\"https:\/\/dicodusport.fr\/blog\/armand-duplantis-jakob-ingebrigtsen-et-femke-bol-athletes-europeens-de-lannee-2022\/\"},\"author\":{\"name\":\"Arlette Yeye\",\"@id\":\"https:\/\/dicodusport.fr\/blog\/#\/schema\/person\/cce96fa88785bd8573e3d43078ac8c79\"},\"headline\":\"Armand Duplantis, Jakob Ingebrigtsen et Femke Bol athl\u00e8tes europ\u00e9ens de l&rsquo;ann\u00e9e 2022\",\"datePublished\":\"2022-10-23T10:38:47+00:00\",\"mainEntityOfPage\":{\"@id\":\"https:\/\/dicodusport.fr\/blog\/armand-duplantis-jakob-ingebrigtsen-et-femke-bol-athletes-europeens-de-lannee-2022\/\"},\"wordCount\":862,\"commentCount\":0,\"publisher\":{\"@id\":\"https:\/\/dicodusport.fr\/blog\/#organization\"},\"image\":{\"@id\":\"https:\/\/dicodusport.fr\/blog\/armand-duplantis-jakob-ingebrigtsen-et-femke-bol-athletes-europeens-de-lannee-2022\/#primaryimage\"},\"thumbnailUrl\":\"https:\/\/dicodusport.fr\/blog\/wp-content\/uploads\/2022\/10\/Armand-Duplantis-Jakob-Ingebrigtsen-et-Femke-Bol-athletes-de-lannee-2022.jpg\",\"keywords\":[\"Armand Duplantis\",\"Athl\u00e9tisme\",\"Femke Bol\",\"Jakob Ingebrigtsen\"],\"articleSection\":[\"Athl\u00e9tisme\"],\"inLanguage\":\"fr-FR\",\"potentialAction\":[{\"@type\":\"CommentAction\",\"name\":\"Comment\",\"target\":[\"https:\/\/dicodusport.fr\/blog\/armand-duplantis-jakob-ingebrigtsen-et-femke-bol-athletes-europeens-de-lannee-2022\/#respond\"]}],\"copyrightYear\":\"2022\",\"copyrightHolder\":{\"@id\":\"https:\/\/dicodusport.fr\/blog\/#organization\"}},{\"@type\":\"WebPage\",\"@id\":\"https:\/\/dicodusport.fr\/blog\/armand-duplantis-jakob-ingebrigtsen-et-femke-bol-athletes-europeens-de-lannee-2022\/\",\"url\":\"https:\/\/dicodusport.fr\/blog\/armand-duplantis-jakob-ingebrigtsen-et-femke-bol-athletes-europeens-de-lannee-2022\/\",\"name\":\"Armand Duplantis, Jakob Ingebrigtsen et Femke Bol athl\u00e8tes europ\u00e9ens de l'ann\u00e9e 2022\",\"isPartOf\":{\"@id\":\"https:\/\/dicodusport.fr\/blog\/#website\"},\"primaryImageOfPage\":{\"@id\":\"https:\/\/dicodusport.fr\/blog\/armand-duplantis-jakob-ingebrigtsen-et-femke-bol-athletes-europeens-de-lannee-2022\/#primaryimage\"},\"image\":{\"@id\":\"https:\/\/dicodusport.fr\/blog\/armand-duplantis-jakob-ingebrigtsen-et-femke-bol-athletes-europeens-de-lannee-2022\/#primaryimage\"},\"thumbnailUrl\":\"https:\/\/dicodusport.fr\/blog\/wp-content\/uploads\/2022\/10\/Armand-Duplantis-Jakob-Ingebrigtsen-et-Femke-Bol-athletes-de-lannee-2022.jpg\",\"datePublished\":\"2022-10-23T10:38:47+00:00\",\"breadcrumb\":{\"@id\":\"https:\/\/dicodusport.fr\/blog\/armand-duplantis-jakob-ingebrigtsen-et-femke-bol-athletes-europeens-de-lannee-2022\/#breadcrumb\"},\"inLanguage\":\"fr-FR\",\"potentialAction\":[{\"@type\":\"ReadAction\",\"target\":[\"https:\/\/dicodusport.fr\/blog\/armand-duplantis-jakob-ingebrigtsen-et-femke-bol-athletes-europeens-de-lannee-2022\/\"]}]},{\"@type\":\"ImageObject\",\"inLanguage\":\"fr-FR\",\"@id\":\"https:\/\/dicodusport.fr\/blog\/armand-duplantis-jakob-ingebrigtsen-et-femke-bol-athletes-europeens-de-lannee-2022\/#primaryimage\",\"url\":\"https:\/\/dicodusport.fr\/blog\/wp-content\/uploads\/2022\/10\/Armand-Duplantis-Jakob-Ingebrigtsen-et-Femke-Bol-athletes-de-lannee-2022.jpg\",\"contentUrl\":\"https:\/\/dicodusport.fr\/blog\/wp-content\/uploads\/2022\/10\/Armand-Duplantis-Jakob-Ingebrigtsen-et-Femke-Bol-athletes-de-lannee-2022.jpg\",\"width\":800,\"height\":445,\"caption\":\"Armand Duplantis, Jakob Ingebrigtsen et Femke Bol athl\u00e8tes europ\u00e9ens de l'ann\u00e9e 2022\"},{\"@type\":\"BreadcrumbList\",\"@id\":\"https:\/\/dicodusport.fr\/blog\/armand-duplantis-jakob-ingebrigtsen-et-femke-bol-athletes-europeens-de-lannee-2022\/#breadcrumb\",\"itemListElement\":[{\"@type\":\"ListItem\",\"position\":1,\"name\":\"Accueil\",\"item\":\"https:\/\/dicodusport.fr\/blog\/\"},{\"@type\":\"ListItem\",\"position\":2,\"name\":\"Armand Duplantis, Jakob Ingebrigtsen et Femke Bol athl\u00e8tes europ\u00e9ens de l&rsquo;ann\u00e9e 2022\"}]},{\"@type\":\"WebSite\",\"@id\":\"https:\/\/dicodusport.fr\/blog\/#website\",\"url\":\"https:\/\/dicodusport.fr\/blog\/\",\"name\":\"Dicodusport\",\"description\":\"L&#039;encyclop\u00e9die de l&#039;actualit\u00e9 sportive\",\"publisher\":{\"@id\":\"https:\/\/dicodusport.fr\/blog\/#organization\"},\"potentialAction\":[{\"@type\":\"SearchAction\",\"target\":{\"@type\":\"EntryPoint\",\"urlTemplate\":\"https:\/\/dicodusport.fr\/blog\/?s={search_term_string}\"},\"query-input\":{\"@type\":\"PropertyValueSpecification\",\"valueRequired\":true,\"valueName\":\"search_term_string\"}}],\"inLanguage\":\"fr-FR\"},{\"@type\":\"NewsMediaOrganization\",\"@id\":\"https:\/\/dicodusport.fr\/blog\/#organization\",\"name\":\"Dicodusport\",\"url\":\"https:\/\/dicodusport.fr\/blog\/\",\"logo\":{\"@type\":\"ImageObject\",\"inLanguage\":\"fr-FR\",\"@id\":\"https:\/\/dicodusport.fr\/blog\/#\/schema\/logo\/image\/\",\"url\":\"https:\/\/dicodusport.fr\/blog\/wp-content\/uploads\/2020\/06\/cropped-LOGO-DICODUSPORT-2020-SANS-FOND-SANS-TEXTE.png\",\"contentUrl\":\"https:\/\/dicodusport.fr\/blog\/wp-content\/uploads\/2020\/06\/cropped-LOGO-DICODUSPORT-2020-SANS-FOND-SANS-TEXTE.png\",\"width\":512,\"height\":512,\"caption\":\"Dicodusport\"},\"image\":{\"@id\":\"https:\/\/dicodusport.fr\/blog\/#\/schema\/logo\/image\/\"},\"sameAs\":[\"https:\/\/www.facebook.com\/dicodusport\",\"https:\/\/x.com\/dicodusport\",\"https:\/\/www.instagram.com\/dicodusport\/\",\"https:\/\/www.youtube.com\/channel\/UC7V2KZ5sd3htJivAbA4ZG3w\"],\"description\":\"Dicodusport est l'encyclop\u00e9die de l'actualit\u00e9 sportive.\",\"email\":\"bonjour@dicodusport.fr\",\"legalName\":\"DICODUSPORT\",\"foundingDate\":\"2018-01-14\",\"vatID\":\"FR71834470973\",\"taxID\":\"83447097300043\",\"numberOfEmployees\":{\"@type\":\"QuantitativeValue\",\"minValue\":\"1\",\"maxValue\":\"10\"}},{\"@type\":\"Person\",\"@id\":\"https:\/\/dicodusport.fr\/blog\/#\/schema\/person\/cce96fa88785bd8573e3d43078ac8c79\",\"name\":\"Arlette Yeye\",\"image\":{\"@type\":\"ImageObject\",\"inLanguage\":\"fr-FR\",\"@id\":\"https:\/\/dicodusport.fr\/blog\/#\/schema\/person\/image\/\",\"url\":\"https:\/\/secure.gravatar.com\/avatar\/dca4a6239e6d708e46c45d60e160de6c?s=96&d=wp_user_avatar&r=g\",\"contentUrl\":\"https:\/\/secure.gravatar.com\/avatar\/dca4a6239e6d708e46c45d60e160de6c?s=96&d=wp_user_avatar&r=g\",\"caption\":\"Arlette Yeye\"},\"description\":\"Journaliste\/r\u00e9dactrice depuis septembre 2015 - Supportrice de Chelsea, j'ai pour sports de pr\u00e9dilection le handball, l'athl\u00e9tisme et le tennis. Si je tweete plus vite que mon ombre, vous pouvez aussi me retrouver les week-ends sur les playgrounds de Bruxelles pour un petit foot ou basket entre potes. Parcourir la France, l'Europe et plus si affinit\u00e9s pour suivre mes sportifs pr\u00e9f\u00e9r\u00e9s ? Mon kif ! Et c'est avec plaisir que je partage les r\u00e9sultats des sports populaires mais \u00e9galement plus confidentiels pour Dicodusport.\",\"sameAs\":[\"https:\/\/x.com\/https:\/\/twitter.com\/Shiclette94\"],\"url\":\"https:\/\/dicodusport.fr\/blog\/author\/arlette\/\"}]}<\/script>\n<!-- \/ Yoast SEO Premium plugin. -->","yoast_head_json":{"title":"Armand Duplantis, Jakob Ingebrigtsen et Femke Bol athl\u00e8tes europ\u00e9ens de l'ann\u00e9e 2022","robots":{"index":"index","follow":"follow","max-snippet":"max-snippet:-1","max-image-preview":"max-image-preview:large","max-video-preview":"max-video-preview:-1"},"canonical":"https:\/\/dicodusport.fr\/blog\/armand-duplantis-jakob-ingebrigtsen-et-femke-bol-athletes-europeens-de-lannee-2022\/","og_locale":"fr_FR","og_type":"article","og_title":"Armand Duplantis, Jakob Ingebrigtsen et Femke Bol athl\u00e8tes europ\u00e9ens de l'ann\u00e9e 2022","og_description":"ATHL\u00c9TISME &#8211; Ce samedi soir, l&rsquo;Association europ\u00e9enne d&rsquo;athl\u00e9tisme a d\u00e9cern\u00e9 les troph\u00e9es des meilleurs athl\u00e8tes de l&rsquo;ann\u00e9e. Sans surprise, Femke Bol, Armand Duplantis et Jakob Ingebrigtsen ont \u00e9t\u00e9 \u00e9lus. Dans chaque cat\u00e9gorie, 3 athl\u00e8tes \u00e9taient nomin\u00e9s et soumis au vote des fans, des journalistes, des f\u00e9d\u00e9rations membres de l&rsquo;Association europ\u00e9enne d&rsquo;athl\u00e9tisme et d&rsquo;un panel d&rsquo;experts [&hellip;]","og_url":"https:\/\/dicodusport.fr\/blog\/armand-duplantis-jakob-ingebrigtsen-et-femke-bol-athletes-europeens-de-lannee-2022\/","og_site_name":"Dicodusport","article_publisher":"https:\/\/www.facebook.com\/dicodusport","article_published_time":"2022-10-23T10:38:47+00:00","og_image":[{"width":800,"height":445,"url":"https:\/\/dicodusport.fr\/blog\/wp-content\/uploads\/2022\/10\/Armand-Duplantis-Jakob-Ingebrigtsen-et-Femke-Bol-athletes-de-lannee-2022.jpg","type":"image\/jpeg"}],"author":"Arlette Yeye","twitter_card":"summary_large_image","twitter_title":"Armand Duplantis, Jakob Ingebrigtsen et Femke Bol athl\u00e8tes europ\u00e9ens de l'ann\u00e9e 2022","twitter_creator":"@https:\/\/twitter.com\/Shiclette94","twitter_site":"@dicodusport","schema":{"@context":"https:\/\/schema.org","@graph":[{"@type":"NewsArticle","@id":"https:\/\/dicodusport.fr\/blog\/armand-duplantis-jakob-ingebrigtsen-et-femke-bol-athletes-europeens-de-lannee-2022\/#article","isPartOf":{"@id":"https:\/\/dicodusport.fr\/blog\/armand-duplantis-jakob-ingebrigtsen-et-femke-bol-athletes-europeens-de-lannee-2022\/"},"author":{"name":"Arlette Yeye","@id":"https:\/\/dicodusport.fr\/blog\/#\/schema\/person\/cce96fa88785bd8573e3d43078ac8c79"},"headline":"Armand Duplantis, Jakob Ingebrigtsen et Femke Bol athl\u00e8tes europ\u00e9ens de l&rsquo;ann\u00e9e 2022","datePublished":"2022-10-23T10:38:47+00:00","mainEntityOfPage":{"@id":"https:\/\/dicodusport.fr\/blog\/armand-duplantis-jakob-ingebrigtsen-et-femke-bol-athletes-europeens-de-lannee-2022\/"},"wordCount":862,"commentCount":0,"publisher":{"@id":"https:\/\/dicodusport.fr\/blog\/#organization"},"image":{"@id":"https:\/\/dicodusport.fr\/blog\/armand-duplantis-jakob-ingebrigtsen-et-femke-bol-athletes-europeens-de-lannee-2022\/#primaryimage"},"thumbnailUrl":"https:\/\/dicodusport.fr\/blog\/wp-content\/uploads\/2022\/10\/Armand-Duplantis-Jakob-Ingebrigtsen-et-Femke-Bol-athletes-de-lannee-2022.jpg","keywords":["Armand Duplantis","Athl\u00e9tisme","Femke Bol","Jakob Ingebrigtsen"],"articleSection":["Athl\u00e9tisme"],"inLanguage":"fr-FR","potentialAction":[{"@type":"CommentAction","name":"Comment","target":["https:\/\/dicodusport.fr\/blog\/armand-duplantis-jakob-ingebrigtsen-et-femke-bol-athletes-europeens-de-lannee-2022\/#respond"]}],"copyrightYear":"2022","copyrightHolder":{"@id":"https:\/\/dicodusport.fr\/blog\/#organization"}},{"@type":"WebPage","@id":"https:\/\/dicodusport.fr\/blog\/armand-duplantis-jakob-ingebrigtsen-et-femke-bol-athletes-europeens-de-lannee-2022\/","url":"https:\/\/dicodusport.fr\/blog\/armand-duplantis-jakob-ingebrigtsen-et-femke-bol-athletes-europeens-de-lannee-2022\/","name":"Armand Duplantis, Jakob Ingebrigtsen et Femke Bol athl\u00e8tes europ\u00e9ens de l'ann\u00e9e 2022","isPartOf":{"@id":"https:\/\/dicodusport.fr\/blog\/#website"},"primaryImageOfPage":{"@id":"https:\/\/dicodusport.fr\/blog\/armand-duplantis-jakob-ingebrigtsen-et-femke-bol-athletes-europeens-de-lannee-2022\/#primaryimage"},"image":{"@id":"https:\/\/dicodusport.fr\/blog\/armand-duplantis-jakob-ingebrigtsen-et-femke-bol-athletes-europeens-de-lannee-2022\/#primaryimage"},"thumbnailUrl":"https:\/\/dicodusport.fr\/blog\/wp-content\/uploads\/2022\/10\/Armand-Duplantis-Jakob-Ingebrigtsen-et-Femke-Bol-athletes-de-lannee-2022.jpg","datePublished":"2022-10-23T10:38:47+00:00","breadcrumb":{"@id":"https:\/\/dicodusport.fr\/blog\/armand-duplantis-jakob-ingebrigtsen-et-femke-bol-athletes-europeens-de-lannee-2022\/#breadcrumb"},"inLanguage":"fr-FR","potentialAction":[{"@type":"ReadAction","target":["https:\/\/dicodusport.fr\/blog\/armand-duplantis-jakob-ingebrigtsen-et-femke-bol-athletes-europeens-de-lannee-2022\/"]}]},{"@type":"ImageObject","inLanguage":"fr-FR","@id":"https:\/\/dicodusport.fr\/blog\/armand-duplantis-jakob-ingebrigtsen-et-femke-bol-athletes-europeens-de-lannee-2022\/#primaryimage","url":"https:\/\/dicodusport.fr\/blog\/wp-content\/uploads\/2022\/10\/Armand-Duplantis-Jakob-Ingebrigtsen-et-Femke-Bol-athletes-de-lannee-2022.jpg","contentUrl":"https:\/\/dicodusport.fr\/blog\/wp-content\/uploads\/2022\/10\/Armand-Duplantis-Jakob-Ingebrigtsen-et-Femke-Bol-athletes-de-lannee-2022.jpg","width":800,"height":445,"caption":"Armand Duplantis, Jakob Ingebrigtsen et Femke Bol athl\u00e8tes europ\u00e9ens de l'ann\u00e9e 2022"},{"@type":"BreadcrumbList","@id":"https:\/\/dicodusport.fr\/blog\/armand-duplantis-jakob-ingebrigtsen-et-femke-bol-athletes-europeens-de-lannee-2022\/#breadcrumb","itemListElement":[{"@type":"ListItem","position":1,"name":"Accueil","item":"https:\/\/dicodusport.fr\/blog\/"},{"@type":"ListItem","position":2,"name":"Armand Duplantis, Jakob Ingebrigtsen et Femke Bol athl\u00e8tes europ\u00e9ens de l&rsquo;ann\u00e9e 2022"}]},{"@type":"WebSite","@id":"https:\/\/dicodusport.fr\/blog\/#website","url":"https:\/\/dicodusport.fr\/blog\/","name":"Dicodusport","description":"L&#039;encyclop\u00e9die de l&#039;actualit\u00e9 sportive","publisher":{"@id":"https:\/\/dicodusport.fr\/blog\/#organization"},"potentialAction":[{"@type":"SearchAction","target":{"@type":"EntryPoint","urlTemplate":"https:\/\/dicodusport.fr\/blog\/?s={search_term_string}"},"query-input":{"@type":"PropertyValueSpecification","valueRequired":true,"valueName":"search_term_string"}}],"inLanguage":"fr-FR"},{"@type":"NewsMediaOrganization","@id":"https:\/\/dicodusport.fr\/blog\/#organization","name":"Dicodusport","url":"https:\/\/dicodusport.fr\/blog\/","logo":{"@type":"ImageObject","inLanguage":"fr-FR","@id":"https:\/\/dicodusport.fr\/blog\/#\/schema\/logo\/image\/","url":"https:\/\/dicodusport.fr\/blog\/wp-content\/uploads\/2020\/06\/cropped-LOGO-DICODUSPORT-2020-SANS-FOND-SANS-TEXTE.png","contentUrl":"https:\/\/dicodusport.fr\/blog\/wp-content\/uploads\/2020\/06\/cropped-LOGO-DICODUSPORT-2020-SANS-FOND-SANS-TEXTE.png","width":512,"height":512,"caption":"Dicodusport"},"image":{"@id":"https:\/\/dicodusport.fr\/blog\/#\/schema\/logo\/image\/"},"sameAs":["https:\/\/www.facebook.com\/dicodusport","https:\/\/x.com\/dicodusport","https:\/\/www.instagram.com\/dicodusport\/","https:\/\/www.youtube.com\/channel\/UC7V2KZ5sd3htJivAbA4ZG3w"],"description":"Dicodusport est l'encyclop\u00e9die de l'actualit\u00e9 sportive.","email":"bonjour@dicodusport.fr","legalName":"DICODUSPORT","foundingDate":"2018-01-14","vatID":"FR71834470973","taxID":"83447097300043","numberOfEmployees":{"@type":"QuantitativeValue","minValue":"1","maxValue":"10"}},{"@type":"Person","@id":"https:\/\/dicodusport.fr\/blog\/#\/schema\/person\/cce96fa88785bd8573e3d43078ac8c79","name":"Arlette Yeye","image":{"@type":"ImageObject","inLanguage":"fr-FR","@id":"https:\/\/dicodusport.fr\/blog\/#\/schema\/person\/image\/","url":"https:\/\/secure.gravatar.com\/avatar\/dca4a6239e6d708e46c45d60e160de6c?s=96&d=wp_user_avatar&r=g","contentUrl":"https:\/\/secure.gravatar.com\/avatar\/dca4a6239e6d708e46c45d60e160de6c?s=96&d=wp_user_avatar&r=g","caption":"Arlette Yeye"},"description":"Journaliste\/r\u00e9dactrice depuis septembre 2015 - Supportrice de Chelsea, j'ai pour sports de pr\u00e9dilection le handball, l'athl\u00e9tisme et le tennis. Si je tweete plus vite que mon ombre, vous pouvez aussi me retrouver les week-ends sur les playgrounds de Bruxelles pour un petit foot ou basket entre potes. Parcourir la France, l'Europe et plus si affinit\u00e9s pour suivre mes sportifs pr\u00e9f\u00e9r\u00e9s ? Mon kif ! Et c'est avec plaisir que je partage les r\u00e9sultats des sports populaires mais \u00e9galement plus confidentiels pour Dicodusport.","sameAs":["https:\/\/x.com\/https:\/\/twitter.com\/Shiclette94"],"url":"https:\/\/dicodusport.fr\/blog\/author\/arlette\/"}]}},"_links":{"self":[{"href":"https:\/\/dicodusport.fr\/blog\/wp-json\/wp\/v2\/posts\/272155","targetHints":{"allow":["GET"]}}],"collection":[{"href":"https:\/\/dicodusport.fr\/blog\/wp-json\/wp\/v2\/posts"}],"about":[{"href":"https:\/\/dicodusport.fr\/blog\/wp-json\/wp\/v2\/types\/post"}],"author":[{"embeddable":true,"href":"https:\/\/dicodusport.fr\/blog\/wp-json\/wp\/v2\/users\/12"}],"replies":[{"embeddable":true,"href":"https:\/\/dicodusport.fr\/blog\/wp-json\/wp\/v2\/comments?post=272155"}],"version-history":[{"count":0,"href":"https:\/\/dicodusport.fr\/blog\/wp-json\/wp\/v2\/posts\/272155\/revisions"}],"wp:featuredmedia":[{"embeddable":true,"href":"https:\/\/dicodusport.fr\/blog\/wp-json\/wp\/v2\/media\/272436"}],"wp:attachment":[{"href":"https:\/\/dicodusport.fr\/blog\/wp-json\/wp\/v2\/media?parent=272155"}],"wp:term":[{"taxonomy":"category","embeddable":true,"href":"https:\/\/dicodusport.fr\/blog\/wp-json\/wp\/v2\/categories?post=272155"},{"taxonomy":"post_tag","embeddable":true,"href":"https:\/\/dicodusport.fr\/blog\/wp-json\/wp\/v2\/tags?post=272155"}],"curies":[{"name":"wp","href":"https:\/\/api.w.org\/{rel}","templated":true}]}}