{"id":27239,"date":"2018-10-11T14:30:51","date_gmt":"2018-10-11T12:30:51","guid":{"rendered":"http:\/\/dicodusport.fr\/blog\/?p=27239"},"modified":"2018-10-11T14:54:44","modified_gmt":"2018-10-11T12:54:44","slug":"cyclisme-ces-futurs-grands-champions-qui-nont-jamais-passe-le-cap-3-3","status":"publish","type":"post","link":"https:\/\/dicodusport.fr\/blog\/cyclisme-ces-futurs-grands-champions-qui-nont-jamais-passe-le-cap-3-3\/","title":{"rendered":"Cyclisme : ces futurs grands champions qui n&rsquo;ont jamais pass\u00e9 le cap (3\/3)"},"content":{"rendered":"<p style=\"text-align: justify;\"><em><strong>Egan Bernal, le prodige colombien de 21 ans, vient de <a href=\"https:\/\/dicodusport.fr\/blog\/cyclisme-transferts-2018-2019-le-tableau-du-mercato\/\" target=\"_blank\" rel=\"noopener\">prolonger son contrat de cinq ans<\/a> avec la Sky. Bien qu&rsquo;on lui souhaite toute la r\u00e9ussite que son talent m\u00e9rite, d&rsquo;autres avant lui ont \u00e9t\u00e9 hiss\u00e9s au rang de futur tr\u00e8s grand champion sans r\u00e9ussir \u00e0 passer le cap. Le troisi\u00e8me \u00e9pisode avec 5 ex-futurs champions. Cela ne remet pas en cause le fait qu&rsquo;ils ont pu faire une belle carri\u00e8re, mais loin des attentes que ce que leur talent inspirait dans leur jeunesse.\u00a0<\/strong><\/em><\/p>\n<h4 class=\"FxvUNb kno-ecr-pt kno-fb-ctx sKbx2c\" data-ved=\"2ahUKEwjJo87LhP7dAhVGQBoKHawUBccQ3B0oATARegQIAxAg\" data-local-attribute=\"d3bn\">Francisco Mancebo, le (faux) espoir espagnol<\/h4>\n<p style=\"text-align: justify;\">En 2000, le Tour de France d\u00e9couvre un jeune espagnol, excellent grimpeur et capable de peser sur une course. Pour sa deuxi\u00e8me participation, Francisco Mancebo prend la 9\u00e8me place du classement g\u00e9n\u00e9ral et termine meilleur jeune de cette \u00e9dition et devient un potentiel futur vainqueur de Grand Tour. Mais la confirmation va \u00eatre plus compliqu\u00e9e que pr\u00e9vue :\u00a0il fera bien un podium sur la Vuelta 2004 et prendra la 4\u00e8me place pour sa derni\u00e8re participation au Tour de France en 2005, mais jamais il n&rsquo;aura \u00e9t\u00e9 en mesure de triompher sur l&rsquo;une de ces grandes courses. Un titre de champion d&rsquo;Espagne en 2004 avant d&rsquo;\u00eatre rattrap\u00e9 par l&rsquo;affaire Puerto. Il a ensuite parcouru le monde pour poursuivre sa carri\u00e8re, entre continent am\u00e9ricain et asiatique.<\/p>\n<h4 style=\"text-align: justify;\">Jurgen Van den Broeck, un changement d&rsquo;objectif infructueux<\/h4>\n<p style=\"text-align: justify;\">A croire que quand on est Belge et que nos initiales sont VDB, on est pr\u00e9destin\u00e9 au cyclisme. Apr\u00e8s un d\u00e9but de carri\u00e8re o\u00f9\u00a0Jurgen Van den Broeck \u00e9tait attendu sur les classiques ardennaises, il d\u00e9cide de perdre du poids pour jouer le g\u00e9n\u00e9ral des Grands Tours. Des d\u00e9buts prometteurs avec une 7\u00e8me place en 2008 sur le Giro qui vont faire de lui un pr\u00e9tendant au podium \u00e0 chaque d\u00e9part d&rsquo;une course de trois semaines. Malheureusement, le Belge n&rsquo;en verra jamais la couleur et son meilleur r\u00e9sultat reste une 4\u00e8me place sur le Tour de France 2012. Un total de 15 d\u00e9parts sur ces courses de trois semaines mais tr\u00e8s peu de belles performances et un palmar\u00e8s global bien vide pour le coureur qui a mis un terme \u00e0 sa carri\u00e8re en 2017.<\/p>\n<h4 class=\"FxvUNb kno-ecr-pt kno-fb-ctx sKbx2c\" data-ved=\"2ahUKEwiBw6iygPndAhXDL8AKHR-RB9wQ3B0oATAaegQICRAi\" data-local-attribute=\"d3bn\">Roman Kreuziger, la p\u00e9pite devenu \u00e9quipier mod\u00e8le<\/h4>\n<p style=\"text-align: justify;\">Quand le coureur tch\u00e8que d\u00e9barque dans le peloton, il marque tr\u00e8s vite les esprits. D&rsquo;abord, une 2\u00e8me place sur le prologue de Paris-Nice \u00e0 l&rsquo;\u00e2ge de 20 ans, des places sur le podium du Tour de Suisse en 2008 et 2009 et surtout, une 8\u00e8me place lors du Tour de France 2009 alors qu&rsquo;il n&rsquo;a que 23 ans. Roman Kreuziger a tout d&rsquo;un tr\u00e8s grand et une victoire sur un Grand Tour semble \u00e0 sa port\u00e9e. Mais lui non plus ne va jamais r\u00e9ussir \u00e0 transformer l&rsquo;essai et ses meilleures performances resteront une cinqui\u00e8me place sur le Giro 2011 et Tour de France 2013. Devenu \u00e9quipier de luxe sur les Grands Tours, il a n\u00e9anmoins remport\u00e9 deux classiques : San Sebastian en 2009 et l&rsquo;Amstel en 2013.<\/p>\n<h4 class=\"FxvUNb kno-ecr-pt kno-fb-ctx sKbx2c\" data-ved=\"2ahUKEwic6JnAjP7dAhVJxhoKHUfkAcwQ3B0oATARegQIChAN\" data-local-attribute=\"d3bn\">Kevin Seeldraeyers, l&rsquo;espoir belge<\/h4>\n<p style=\"text-align: justify;\">Un autre grand espoir du cyclisme belge pass\u00e9 \u00e0 c\u00f4t\u00e9 de sa carri\u00e8re. Form\u00e9 au sein de l&rsquo;\u00e9quipe\u00a0Beveren, ses d\u00e9buts chez les professionnels sont plus que prometteurs et le coureur annonce lui-m\u00eame vouloir gagner un Grand Tour. En 2009, il termine 10\u00e8me et meilleur jeune du Giro, on se dit alors que la carri\u00e8re de\u00a0Kevin Seeldraeyers est sur les bons rails et que son objectif est plus que r\u00e9alisable. Mais ce coup d&rsquo;\u00e9clat ne se reproduira plus pour le coureur belge qui ne fera, par la suite, jamais mieux que 23\u00e8me d&rsquo;un Grand Tour. Il mettra un terme \u00e0 sa carri\u00e8re dans l&rsquo;anonymat \u00e0 la fin de la saison 2015.<\/p>\n<h4 style=\"text-align: justify;\">Pierre Rolland, le joyau de Jean-Ren\u00e9 Bernaudeau<\/h4>\n<p style=\"text-align: justify;\">Quand Pierre Rolland arrive\u00a0dans l&rsquo;\u00e9quipe Bouygues en 2009, son manager\u00a0Jean-Ren\u00e9 Bernaudeau pense tenir la nouvelle p\u00e9pite du cyclisme fran\u00e7ais, capable de jouer la victoire sur un Grand Tour. <a href=\"https:\/\/www.lemonde.fr\/sport\/article\/2011\/09\/23\/pierre-rolland-le-cycliste-qui-grimpe_1575268_3242.html\" target=\"_blank\" rel=\"noopener\">Les m\u00e9dias fran\u00e7ais en sont eux aussi convaincus<\/a>, on tient l\u00e0 un tr\u00e8s grand et la victoire d&rsquo;\u00e9tape \u00e0 l&rsquo;Alpe d&rsquo;Huez en 2011 renforce ce sentiment. Dans les faits, si le Fran\u00e7ais a cumul\u00e9 les places d&rsquo;honneur, notamment sur le Tour de France, et une 4\u00e8me place sur le Giro 2014, il n&rsquo;a jamais \u00e9t\u00e9 en mesure de remporter l&rsquo;un des trois grands tours ou m\u00eame de se battre r\u00e9guli\u00e8rement pour un podium. Cela n&rsquo;enl\u00e8ve rien \u00e0 sa tr\u00e8s belle carri\u00e8re avec entre autres, deux victoires d&rsquo;\u00e9tapes sur la Grande Boucle et une sur le Giro.<\/p>\n<p style=\"text-align: center;\"><a href=\"https:\/\/dicodusport.fr\/blog\/cyclisme-ces-futurs-grands-champions-qui-n-ont-jamais-passe-le-cap-1-3\/\" class=\"su-button su-button-style-soft\" style=\"color:#ffffff;background-color:#008eca;border-color:#0072a2;border-radius:5px\" target=\"_blank\" rel=\"noopener noreferrer\"><span style=\"color:#ffffff;padding:0px 22px;font-size:17px;line-height:34px;border-color:#4db0da;border-radius:5px;text-shadow:none\"> Episode 1<\/span><\/a>\n<p style=\"text-align: center;\"><a href=\"https:\/\/dicodusport.fr\/blog\/cyclisme-ces-futurs-grands-champions-qui-nont-jamais-passe-le-cap-2-3\/\" class=\"su-button su-button-style-soft\" style=\"color:#ffffff;background-color:#008eca;border-color:#0072a2;border-radius:5px\" target=\"_blank\" rel=\"noopener noreferrer\"><span style=\"color:#ffffff;padding:0px 22px;font-size:17px;line-height:34px;border-color:#4db0da;border-radius:5px;text-shadow:none\"> Episode 2<\/span><\/a>\n<p style=\"text-align: justify;\"><em><span style=\"color: #000000;\"><strong>Nicolas Jacquemard<\/strong><\/span><br \/>\n<\/em><a style=\"color: #000000;\" href=\"https:\/\/twitter.com\/Nico_Jacquemard\" target=\"_blank\" rel=\"noopener noreferrer\"><img loading=\"lazy\" decoding=\"async\" class=\"alignnone wp-image-2908\" src=\"http:\/\/dicodusport.fr\/blog\/wp-content\/uploads\/2017\/07\/logo-twitter-150x150.png\" alt=\"\" width=\"39\" height=\"39\" \/><\/a><a style=\"color: #000000;\" href=\"https:\/\/www.facebook.com\/dicodusport\/\" target=\"_blank\" rel=\"noopener noreferrer\"><img loading=\"lazy\" decoding=\"async\" class=\"alignnone wp-image-2909\" src=\"http:\/\/dicodusport.fr\/blog\/wp-content\/uploads\/2017\/07\/logo-facebook-150x150.png\" alt=\"\" width=\"40\" height=\"40\" \/><\/a><\/p>\n","protected":false},"excerpt":{"rendered":"<p>Egan Bernal, le prodige colombien de 21 ans, vient de prolonger son contrat de cinq ans avec la Sky. Bien qu&rsquo;on lui souhaite toute la r\u00e9ussite que son talent m\u00e9rite, d&rsquo;autres avant lui ont \u00e9t\u00e9 hiss\u00e9s au rang de futur tr\u00e8s grand champion sans r\u00e9ussir \u00e0 passer le cap. Le troisi\u00e8me \u00e9pisode avec 5 ex-futurs champions. Cela ne remet pas en cause le fait qu&rsquo;ils ont pu faire une belle carri\u00e8re, mais loin des attentes que ce que leur talent inspirait dans leur jeunesse. <\/p>\n","protected":false},"author":1,"featured_media":27252,"comment_status":"open","ping_status":"closed","sticky":false,"template":"","format":"standard","meta":{"_acf_changed":false,"_daextam_enable_autolinks":"","footnotes":""},"categories":[2,2307],"tags":[2830,5368,1262],"class_list":["post-27239","post","type-post","status-publish","format-standard","has-post-thumbnail","hentry","category-actualites","category-cyclisme","tag-giro","tag-pierre-rolland","tag-tour-de-france"],"acf":[],"yoast_head":"<!-- This site is optimized with the Yoast SEO Premium plugin v26.7 (Yoast SEO v26.7) - https:\/\/yoast.com\/wordpress\/plugins\/seo\/ -->\n<title>Cyclisme : ces futurs grands champions qui n&#039;ont jamais pass\u00e9 le cap (3\/3)<\/title>\n<meta name=\"description\" content=\"Cela ne remet pas en cause le fait qu&#039;ils ont pu faire une belle carri\u00e8re, mais loin des attentes que ce que leur talent inspirait dans leur jeunesse.\" \/>\n<meta name=\"robots\" content=\"index, follow, max-snippet:-1, max-image-preview:large, max-video-preview:-1\" \/>\n<link rel=\"canonical\" href=\"https:\/\/dicodusport.fr\/blog\/cyclisme-ces-futurs-grands-champions-qui-nont-jamais-passe-le-cap-3-3\/\" \/>\n<meta property=\"og:locale\" content=\"fr_FR\" \/>\n<meta property=\"og:type\" content=\"article\" \/>\n<meta property=\"og:title\" content=\"Cyclisme : ces futurs grands champions qui n&#039;ont jamais pass\u00e9 le cap (3\/3)\" \/>\n<meta property=\"og:description\" content=\"Cela ne remet pas en cause le fait qu&#039;ils ont pu faire une belle carri\u00e8re, mais loin des attentes que ce que leur talent inspirait dans leur jeunesse.\" \/>\n<meta property=\"og:url\" content=\"https:\/\/dicodusport.fr\/blog\/cyclisme-ces-futurs-grands-champions-qui-nont-jamais-passe-le-cap-3-3\/\" \/>\n<meta property=\"og:site_name\" content=\"Dicodusport\" \/>\n<meta property=\"article:publisher\" content=\"https:\/\/www.facebook.com\/dicodusport\" \/>\n<meta property=\"article:author\" content=\"https:\/\/www.facebook.com\/dicodusport\" \/>\n<meta property=\"article:published_time\" content=\"2018-10-11T12:30:51+00:00\" \/>\n<meta property=\"article:modified_time\" content=\"2018-10-11T12:54:44+00:00\" \/>\n<meta property=\"og:image\" content=\"https:\/\/dicodusport.fr\/blog\/wp-content\/uploads\/2018\/10\/Mancebo-Van-Den-Broeck.png\" \/>\n\t<meta property=\"og:image:width\" content=\"1200\" \/>\n\t<meta property=\"og:image:height\" content=\"670\" \/>\n\t<meta property=\"og:image:type\" content=\"image\/png\" \/>\n<meta name=\"author\" content=\"Nicolas Jacquemard\" \/>\n<meta name=\"twitter:card\" content=\"summary_large_image\" \/>\n<meta name=\"twitter:creator\" content=\"@https:\/\/twitter.com\/Nico_Jacquemard\" \/>\n<meta name=\"twitter:site\" content=\"@dicodusport\" \/>\n<script type=\"application\/ld+json\" class=\"yoast-schema-graph\">{\"@context\":\"https:\/\/schema.org\",\"@graph\":[{\"@type\":\"NewsArticle\",\"@id\":\"https:\/\/dicodusport.fr\/blog\/cyclisme-ces-futurs-grands-champions-qui-nont-jamais-passe-le-cap-3-3\/#article\",\"isPartOf\":{\"@id\":\"https:\/\/dicodusport.fr\/blog\/cyclisme-ces-futurs-grands-champions-qui-nont-jamais-passe-le-cap-3-3\/\"},\"author\":{\"name\":\"Nicolas Jacquemard\",\"@id\":\"https:\/\/dicodusport.fr\/blog\/#\/schema\/person\/55dcb50ad410894e431ed812bbb70191\"},\"headline\":\"Cyclisme : ces futurs grands champions qui n&rsquo;ont jamais pass\u00e9 le cap (3\/3)\",\"datePublished\":\"2018-10-11T12:30:51+00:00\",\"dateModified\":\"2018-10-11T12:54:44+00:00\",\"mainEntityOfPage\":{\"@id\":\"https:\/\/dicodusport.fr\/blog\/cyclisme-ces-futurs-grands-champions-qui-nont-jamais-passe-le-cap-3-3\/\"},\"wordCount\":853,\"commentCount\":0,\"publisher\":{\"@id\":\"https:\/\/dicodusport.fr\/blog\/#organization\"},\"image\":{\"@id\":\"https:\/\/dicodusport.fr\/blog\/cyclisme-ces-futurs-grands-champions-qui-nont-jamais-passe-le-cap-3-3\/#primaryimage\"},\"thumbnailUrl\":\"https:\/\/dicodusport.fr\/blog\/wp-content\/uploads\/2018\/10\/Mancebo-Van-Den-Broeck.png\",\"keywords\":[\"Giro\",\"Pierre Rolland\",\"Tour de France\"],\"articleSection\":[\"Actualit\u00e9s\",\"Cyclisme\"],\"inLanguage\":\"fr-FR\",\"potentialAction\":[{\"@type\":\"CommentAction\",\"name\":\"Comment\",\"target\":[\"https:\/\/dicodusport.fr\/blog\/cyclisme-ces-futurs-grands-champions-qui-nont-jamais-passe-le-cap-3-3\/#respond\"]}],\"copyrightYear\":\"2018\",\"copyrightHolder\":{\"@id\":\"https:\/\/dicodusport.fr\/blog\/#organization\"}},{\"@type\":\"WebPage\",\"@id\":\"https:\/\/dicodusport.fr\/blog\/cyclisme-ces-futurs-grands-champions-qui-nont-jamais-passe-le-cap-3-3\/\",\"url\":\"https:\/\/dicodusport.fr\/blog\/cyclisme-ces-futurs-grands-champions-qui-nont-jamais-passe-le-cap-3-3\/\",\"name\":\"Cyclisme : ces futurs grands champions qui n'ont jamais pass\u00e9 le cap (3\/3)\",\"isPartOf\":{\"@id\":\"https:\/\/dicodusport.fr\/blog\/#website\"},\"primaryImageOfPage\":{\"@id\":\"https:\/\/dicodusport.fr\/blog\/cyclisme-ces-futurs-grands-champions-qui-nont-jamais-passe-le-cap-3-3\/#primaryimage\"},\"image\":{\"@id\":\"https:\/\/dicodusport.fr\/blog\/cyclisme-ces-futurs-grands-champions-qui-nont-jamais-passe-le-cap-3-3\/#primaryimage\"},\"thumbnailUrl\":\"https:\/\/dicodusport.fr\/blog\/wp-content\/uploads\/2018\/10\/Mancebo-Van-Den-Broeck.png\",\"datePublished\":\"2018-10-11T12:30:51+00:00\",\"dateModified\":\"2018-10-11T12:54:44+00:00\",\"description\":\"Cela ne remet pas en cause le fait qu'ils ont pu faire une belle carri\u00e8re, mais loin des attentes que ce que leur talent inspirait dans leur jeunesse.\",\"breadcrumb\":{\"@id\":\"https:\/\/dicodusport.fr\/blog\/cyclisme-ces-futurs-grands-champions-qui-nont-jamais-passe-le-cap-3-3\/#breadcrumb\"},\"inLanguage\":\"fr-FR\",\"potentialAction\":[{\"@type\":\"ReadAction\",\"target\":[\"https:\/\/dicodusport.fr\/blog\/cyclisme-ces-futurs-grands-champions-qui-nont-jamais-passe-le-cap-3-3\/\"]}]},{\"@type\":\"ImageObject\",\"inLanguage\":\"fr-FR\",\"@id\":\"https:\/\/dicodusport.fr\/blog\/cyclisme-ces-futurs-grands-champions-qui-nont-jamais-passe-le-cap-3-3\/#primaryimage\",\"url\":\"https:\/\/dicodusport.fr\/blog\/wp-content\/uploads\/2018\/10\/Mancebo-Van-Den-Broeck.png\",\"contentUrl\":\"https:\/\/dicodusport.fr\/blog\/wp-content\/uploads\/2018\/10\/Mancebo-Van-Den-Broeck.png\",\"width\":1200,\"height\":670},{\"@type\":\"BreadcrumbList\",\"@id\":\"https:\/\/dicodusport.fr\/blog\/cyclisme-ces-futurs-grands-champions-qui-nont-jamais-passe-le-cap-3-3\/#breadcrumb\",\"itemListElement\":[{\"@type\":\"ListItem\",\"position\":1,\"name\":\"Accueil\",\"item\":\"https:\/\/dicodusport.fr\/blog\/\"},{\"@type\":\"ListItem\",\"position\":2,\"name\":\"Cyclisme : ces futurs grands champions qui n&rsquo;ont jamais pass\u00e9 le cap (3\/3)\"}]},{\"@type\":\"WebSite\",\"@id\":\"https:\/\/dicodusport.fr\/blog\/#website\",\"url\":\"https:\/\/dicodusport.fr\/blog\/\",\"name\":\"Dicodusport\",\"description\":\"L&#039;encyclop\u00e9die de l&#039;actualit\u00e9 sportive\",\"publisher\":{\"@id\":\"https:\/\/dicodusport.fr\/blog\/#organization\"},\"potentialAction\":[{\"@type\":\"SearchAction\",\"target\":{\"@type\":\"EntryPoint\",\"urlTemplate\":\"https:\/\/dicodusport.fr\/blog\/?s={search_term_string}\"},\"query-input\":{\"@type\":\"PropertyValueSpecification\",\"valueRequired\":true,\"valueName\":\"search_term_string\"}}],\"inLanguage\":\"fr-FR\"},{\"@type\":\"NewsMediaOrganization\",\"@id\":\"https:\/\/dicodusport.fr\/blog\/#organization\",\"name\":\"Dicodusport\",\"url\":\"https:\/\/dicodusport.fr\/blog\/\",\"logo\":{\"@type\":\"ImageObject\",\"inLanguage\":\"fr-FR\",\"@id\":\"https:\/\/dicodusport.fr\/blog\/#\/schema\/logo\/image\/\",\"url\":\"https:\/\/dicodusport.fr\/blog\/wp-content\/uploads\/2020\/06\/cropped-LOGO-DICODUSPORT-2020-SANS-FOND-SANS-TEXTE.png\",\"contentUrl\":\"https:\/\/dicodusport.fr\/blog\/wp-content\/uploads\/2020\/06\/cropped-LOGO-DICODUSPORT-2020-SANS-FOND-SANS-TEXTE.png\",\"width\":512,\"height\":512,\"caption\":\"Dicodusport\"},\"image\":{\"@id\":\"https:\/\/dicodusport.fr\/blog\/#\/schema\/logo\/image\/\"},\"sameAs\":[\"https:\/\/www.facebook.com\/dicodusport\",\"https:\/\/x.com\/dicodusport\",\"https:\/\/www.instagram.com\/dicodusport\/\",\"https:\/\/www.youtube.com\/channel\/UC7V2KZ5sd3htJivAbA4ZG3w\"],\"description\":\"Dicodusport est l'encyclop\u00e9die de l'actualit\u00e9 sportive.\",\"email\":\"bonjour@dicodusport.fr\",\"legalName\":\"DICODUSPORT\",\"foundingDate\":\"2018-01-14\",\"vatID\":\"FR71834470973\",\"taxID\":\"83447097300043\",\"numberOfEmployees\":{\"@type\":\"QuantitativeValue\",\"minValue\":\"1\",\"maxValue\":\"10\"}},{\"@type\":\"Person\",\"@id\":\"https:\/\/dicodusport.fr\/blog\/#\/schema\/person\/55dcb50ad410894e431ed812bbb70191\",\"name\":\"Nicolas Jacquemard\",\"image\":{\"@type\":\"ImageObject\",\"inLanguage\":\"fr-FR\",\"@id\":\"https:\/\/dicodusport.fr\/blog\/#\/schema\/person\/image\/\",\"url\":\"https:\/\/dicodusport.fr\/blog\/wp-content\/uploads\/2021\/05\/Nicolas-Jacquemard-150x150.jpeg\",\"contentUrl\":\"https:\/\/dicodusport.fr\/blog\/wp-content\/uploads\/2021\/05\/Nicolas-Jacquemard-150x150.jpeg\",\"caption\":\"Nicolas Jacquemard\"},\"description\":\"Passionn\u00e9 de sport et entrepreneur depuis mes 18 ans, la cr\u00e9ation de Dicodusport m'a sembl\u00e9 \u00e9vidente pour participer \u00e0 la m\u00e9diatisation d'un plus grand nombre de sports. Le chemin est long mais avec une \u00e9quipe des plus motiv\u00e9es et les Jeux Olympiques de Paris 2024 en point de mire, nous y arriverons ! Journaliste dans le monde du sport depuis plus de 5 ans, je traite aussi bien de football, de rugby, de biathlon que de cyclisme.\",\"sameAs\":[\"https:\/\/www.facebook.com\/dicodusport\",\"https:\/\/x.com\/https:\/\/twitter.com\/Nico_Jacquemard\"],\"url\":\"https:\/\/dicodusport.fr\/blog\/author\/dicodusport\/\"}]}<\/script>\n<!-- \/ Yoast SEO Premium plugin. -->","yoast_head_json":{"title":"Cyclisme : ces futurs grands champions qui n'ont jamais pass\u00e9 le cap (3\/3)","description":"Cela ne remet pas en cause le fait qu'ils ont pu faire une belle carri\u00e8re, mais loin des attentes que ce que leur talent inspirait dans leur jeunesse.","robots":{"index":"index","follow":"follow","max-snippet":"max-snippet:-1","max-image-preview":"max-image-preview:large","max-video-preview":"max-video-preview:-1"},"canonical":"https:\/\/dicodusport.fr\/blog\/cyclisme-ces-futurs-grands-champions-qui-nont-jamais-passe-le-cap-3-3\/","og_locale":"fr_FR","og_type":"article","og_title":"Cyclisme : ces futurs grands champions qui n'ont jamais pass\u00e9 le cap (3\/3)","og_description":"Cela ne remet pas en cause le fait qu'ils ont pu faire une belle carri\u00e8re, mais loin des attentes que ce que leur talent inspirait dans leur jeunesse.","og_url":"https:\/\/dicodusport.fr\/blog\/cyclisme-ces-futurs-grands-champions-qui-nont-jamais-passe-le-cap-3-3\/","og_site_name":"Dicodusport","article_publisher":"https:\/\/www.facebook.com\/dicodusport","article_author":"https:\/\/www.facebook.com\/dicodusport","article_published_time":"2018-10-11T12:30:51+00:00","article_modified_time":"2018-10-11T12:54:44+00:00","og_image":[{"width":1200,"height":670,"url":"https:\/\/dicodusport.fr\/blog\/wp-content\/uploads\/2018\/10\/Mancebo-Van-Den-Broeck.png","type":"image\/png"}],"author":"Nicolas Jacquemard","twitter_card":"summary_large_image","twitter_creator":"@https:\/\/twitter.com\/Nico_Jacquemard","twitter_site":"@dicodusport","schema":{"@context":"https:\/\/schema.org","@graph":[{"@type":"NewsArticle","@id":"https:\/\/dicodusport.fr\/blog\/cyclisme-ces-futurs-grands-champions-qui-nont-jamais-passe-le-cap-3-3\/#article","isPartOf":{"@id":"https:\/\/dicodusport.fr\/blog\/cyclisme-ces-futurs-grands-champions-qui-nont-jamais-passe-le-cap-3-3\/"},"author":{"name":"Nicolas Jacquemard","@id":"https:\/\/dicodusport.fr\/blog\/#\/schema\/person\/55dcb50ad410894e431ed812bbb70191"},"headline":"Cyclisme : ces futurs grands champions qui n&rsquo;ont jamais pass\u00e9 le cap (3\/3)","datePublished":"2018-10-11T12:30:51+00:00","dateModified":"2018-10-11T12:54:44+00:00","mainEntityOfPage":{"@id":"https:\/\/dicodusport.fr\/blog\/cyclisme-ces-futurs-grands-champions-qui-nont-jamais-passe-le-cap-3-3\/"},"wordCount":853,"commentCount":0,"publisher":{"@id":"https:\/\/dicodusport.fr\/blog\/#organization"},"image":{"@id":"https:\/\/dicodusport.fr\/blog\/cyclisme-ces-futurs-grands-champions-qui-nont-jamais-passe-le-cap-3-3\/#primaryimage"},"thumbnailUrl":"https:\/\/dicodusport.fr\/blog\/wp-content\/uploads\/2018\/10\/Mancebo-Van-Den-Broeck.png","keywords":["Giro","Pierre Rolland","Tour de France"],"articleSection":["Actualit\u00e9s","Cyclisme"],"inLanguage":"fr-FR","potentialAction":[{"@type":"CommentAction","name":"Comment","target":["https:\/\/dicodusport.fr\/blog\/cyclisme-ces-futurs-grands-champions-qui-nont-jamais-passe-le-cap-3-3\/#respond"]}],"copyrightYear":"2018","copyrightHolder":{"@id":"https:\/\/dicodusport.fr\/blog\/#organization"}},{"@type":"WebPage","@id":"https:\/\/dicodusport.fr\/blog\/cyclisme-ces-futurs-grands-champions-qui-nont-jamais-passe-le-cap-3-3\/","url":"https:\/\/dicodusport.fr\/blog\/cyclisme-ces-futurs-grands-champions-qui-nont-jamais-passe-le-cap-3-3\/","name":"Cyclisme : ces futurs grands champions qui n'ont jamais pass\u00e9 le cap (3\/3)","isPartOf":{"@id":"https:\/\/dicodusport.fr\/blog\/#website"},"primaryImageOfPage":{"@id":"https:\/\/dicodusport.fr\/blog\/cyclisme-ces-futurs-grands-champions-qui-nont-jamais-passe-le-cap-3-3\/#primaryimage"},"image":{"@id":"https:\/\/dicodusport.fr\/blog\/cyclisme-ces-futurs-grands-champions-qui-nont-jamais-passe-le-cap-3-3\/#primaryimage"},"thumbnailUrl":"https:\/\/dicodusport.fr\/blog\/wp-content\/uploads\/2018\/10\/Mancebo-Van-Den-Broeck.png","datePublished":"2018-10-11T12:30:51+00:00","dateModified":"2018-10-11T12:54:44+00:00","description":"Cela ne remet pas en cause le fait qu'ils ont pu faire une belle carri\u00e8re, mais loin des attentes que ce que leur talent inspirait dans leur jeunesse.","breadcrumb":{"@id":"https:\/\/dicodusport.fr\/blog\/cyclisme-ces-futurs-grands-champions-qui-nont-jamais-passe-le-cap-3-3\/#breadcrumb"},"inLanguage":"fr-FR","potentialAction":[{"@type":"ReadAction","target":["https:\/\/dicodusport.fr\/blog\/cyclisme-ces-futurs-grands-champions-qui-nont-jamais-passe-le-cap-3-3\/"]}]},{"@type":"ImageObject","inLanguage":"fr-FR","@id":"https:\/\/dicodusport.fr\/blog\/cyclisme-ces-futurs-grands-champions-qui-nont-jamais-passe-le-cap-3-3\/#primaryimage","url":"https:\/\/dicodusport.fr\/blog\/wp-content\/uploads\/2018\/10\/Mancebo-Van-Den-Broeck.png","contentUrl":"https:\/\/dicodusport.fr\/blog\/wp-content\/uploads\/2018\/10\/Mancebo-Van-Den-Broeck.png","width":1200,"height":670},{"@type":"BreadcrumbList","@id":"https:\/\/dicodusport.fr\/blog\/cyclisme-ces-futurs-grands-champions-qui-nont-jamais-passe-le-cap-3-3\/#breadcrumb","itemListElement":[{"@type":"ListItem","position":1,"name":"Accueil","item":"https:\/\/dicodusport.fr\/blog\/"},{"@type":"ListItem","position":2,"name":"Cyclisme : ces futurs grands champions qui n&rsquo;ont jamais pass\u00e9 le cap (3\/3)"}]},{"@type":"WebSite","@id":"https:\/\/dicodusport.fr\/blog\/#website","url":"https:\/\/dicodusport.fr\/blog\/","name":"Dicodusport","description":"L&#039;encyclop\u00e9die de l&#039;actualit\u00e9 sportive","publisher":{"@id":"https:\/\/dicodusport.fr\/blog\/#organization"},"potentialAction":[{"@type":"SearchAction","target":{"@type":"EntryPoint","urlTemplate":"https:\/\/dicodusport.fr\/blog\/?s={search_term_string}"},"query-input":{"@type":"PropertyValueSpecification","valueRequired":true,"valueName":"search_term_string"}}],"inLanguage":"fr-FR"},{"@type":"NewsMediaOrganization","@id":"https:\/\/dicodusport.fr\/blog\/#organization","name":"Dicodusport","url":"https:\/\/dicodusport.fr\/blog\/","logo":{"@type":"ImageObject","inLanguage":"fr-FR","@id":"https:\/\/dicodusport.fr\/blog\/#\/schema\/logo\/image\/","url":"https:\/\/dicodusport.fr\/blog\/wp-content\/uploads\/2020\/06\/cropped-LOGO-DICODUSPORT-2020-SANS-FOND-SANS-TEXTE.png","contentUrl":"https:\/\/dicodusport.fr\/blog\/wp-content\/uploads\/2020\/06\/cropped-LOGO-DICODUSPORT-2020-SANS-FOND-SANS-TEXTE.png","width":512,"height":512,"caption":"Dicodusport"},"image":{"@id":"https:\/\/dicodusport.fr\/blog\/#\/schema\/logo\/image\/"},"sameAs":["https:\/\/www.facebook.com\/dicodusport","https:\/\/x.com\/dicodusport","https:\/\/www.instagram.com\/dicodusport\/","https:\/\/www.youtube.com\/channel\/UC7V2KZ5sd3htJivAbA4ZG3w"],"description":"Dicodusport est l'encyclop\u00e9die de l'actualit\u00e9 sportive.","email":"bonjour@dicodusport.fr","legalName":"DICODUSPORT","foundingDate":"2018-01-14","vatID":"FR71834470973","taxID":"83447097300043","numberOfEmployees":{"@type":"QuantitativeValue","minValue":"1","maxValue":"10"}},{"@type":"Person","@id":"https:\/\/dicodusport.fr\/blog\/#\/schema\/person\/55dcb50ad410894e431ed812bbb70191","name":"Nicolas Jacquemard","image":{"@type":"ImageObject","inLanguage":"fr-FR","@id":"https:\/\/dicodusport.fr\/blog\/#\/schema\/person\/image\/","url":"https:\/\/dicodusport.fr\/blog\/wp-content\/uploads\/2021\/05\/Nicolas-Jacquemard-150x150.jpeg","contentUrl":"https:\/\/dicodusport.fr\/blog\/wp-content\/uploads\/2021\/05\/Nicolas-Jacquemard-150x150.jpeg","caption":"Nicolas Jacquemard"},"description":"Passionn\u00e9 de sport et entrepreneur depuis mes 18 ans, la cr\u00e9ation de Dicodusport m'a sembl\u00e9 \u00e9vidente pour participer \u00e0 la m\u00e9diatisation d'un plus grand nombre de sports. Le chemin est long mais avec une \u00e9quipe des plus motiv\u00e9es et les Jeux Olympiques de Paris 2024 en point de mire, nous y arriverons ! Journaliste dans le monde du sport depuis plus de 5 ans, je traite aussi bien de football, de rugby, de biathlon que de cyclisme.","sameAs":["https:\/\/www.facebook.com\/dicodusport","https:\/\/x.com\/https:\/\/twitter.com\/Nico_Jacquemard"],"url":"https:\/\/dicodusport.fr\/blog\/author\/dicodusport\/"}]}},"_links":{"self":[{"href":"https:\/\/dicodusport.fr\/blog\/wp-json\/wp\/v2\/posts\/27239","targetHints":{"allow":["GET"]}}],"collection":[{"href":"https:\/\/dicodusport.fr\/blog\/wp-json\/wp\/v2\/posts"}],"about":[{"href":"https:\/\/dicodusport.fr\/blog\/wp-json\/wp\/v2\/types\/post"}],"author":[{"embeddable":true,"href":"https:\/\/dicodusport.fr\/blog\/wp-json\/wp\/v2\/users\/1"}],"replies":[{"embeddable":true,"href":"https:\/\/dicodusport.fr\/blog\/wp-json\/wp\/v2\/comments?post=27239"}],"version-history":[{"count":0,"href":"https:\/\/dicodusport.fr\/blog\/wp-json\/wp\/v2\/posts\/27239\/revisions"}],"wp:featuredmedia":[{"embeddable":true,"href":"https:\/\/dicodusport.fr\/blog\/wp-json\/wp\/v2\/media\/27252"}],"wp:attachment":[{"href":"https:\/\/dicodusport.fr\/blog\/wp-json\/wp\/v2\/media?parent=27239"}],"wp:term":[{"taxonomy":"category","embeddable":true,"href":"https:\/\/dicodusport.fr\/blog\/wp-json\/wp\/v2\/categories?post=27239"},{"taxonomy":"post_tag","embeddable":true,"href":"https:\/\/dicodusport.fr\/blog\/wp-json\/wp\/v2\/tags?post=27239"}],"curies":[{"name":"wp","href":"https:\/\/api.w.org\/{rel}","templated":true}]}}