{"id":272430,"date":"2022-10-23T14:06:40","date_gmt":"2022-10-23T12:06:40","guid":{"rendered":"https:\/\/dicodusport.fr\/blog\/?p=272430&#038;preview=true&#038;preview_id=272430"},"modified":"2022-10-23T18:23:53","modified_gmt":"2022-10-23T16:23:53","slug":"ski-alpin-solden-marco-odermatt-remporte-le-geant-douverture","status":"publish","type":"post","link":"https:\/\/dicodusport.fr\/blog\/ski-alpin-solden-marco-odermatt-remporte-le-geant-douverture\/","title":{"rendered":"Ski alpin S\u00f6lden : Marco Odermatt remporte le g\u00e9ant d\u2019ouverture"},"content":{"rendered":"<p style=\"text-align: justify;\"><b><i>COUPE DU MONDE DE SKI ALPIN 2022-2023 &#8211; D\u00e9j\u00e0 vainqueur l&rsquo;an dernier, Marco Odermatt s&rsquo;est impos\u00e9 sur la premi\u00e8re course de la saison, sur le glacier du Rettenbach, \u00e0 S\u00f6lden (Autriche). Sur le premier g\u00e9ant de la saison, il a devanc\u00e9 Zan Kranjec et Henrik Kristoffersen. Thibaut Favrot a fini dixi\u00e8me et premier Fran\u00e7ais.<br \/>\n<\/i><\/b><\/p>\n<h2 style=\"text-align: justify;\">La d\u00e9monstration de Marco Odermatt<\/h2>\n<p style=\"text-align: justify;\">Sur un trac\u00e9 tr\u00e8s dans l&rsquo;axe avec deux bananes, dessin\u00e9 par le coach norv\u00e9gien, le champion olympique <strong>Marco Odermatt<\/strong> a laiss\u00e9 parler sa technique dans le mur pour r\u00e9aliser le meilleur temps de la premi\u00e8re manche en 59.88. Ensuite, <strong>Lucas Braathen<\/strong> a r\u00e9alis\u00e9 le deuxi\u00e8me temps \u00e0 41 centi\u00e8mes gr\u00e2ce \u00e0 une d&rsquo;excellente glisse sur le plat final. <strong>Zan<\/strong> <strong>Kranjec<\/strong> a r\u00e9alis\u00e9 un superbe troisi\u00e8me chrono \u00e0 69 centi\u00e8mes avec des lignes tr\u00e8s directes mais avec une derni\u00e8re partie plus d\u00e9licate. <strong>Lo\u00efc Meillard<\/strong> a termin\u00e9 avec le quatri\u00e8me temps \u00e0 81 centi\u00e8mes avec la meilleure premi\u00e8re section.<\/p>\n<h2 style=\"text-align: justify;\">Quatre Fran\u00e7ais qualifi\u00e9s pour la seconde manche<\/h2>\n<p style=\"text-align: justify;\">Parti dossard num\u00e9ro 1, <strong>Alexis Pinturault<\/strong> a mis un peu de temps \u00e0 mettre la machine en marche pour faire le 8e temps \u00e0 1.02. Vingt-et-uni\u00e8me \u00e0 2.08, <strong>Mathieu Faivre<\/strong> a un peu trop retenu son ski tandis que <strong>Thibaut Favrot<\/strong> a c\u00e9d\u00e9 avec le 18e temps \u00e0 1.82 malgr\u00e9 un tr\u00e8s bon haut de piste. De retour d&rsquo;une grave blessure lors du slalom de Zagreb l&rsquo;an pass\u00e9, <strong>Victor Muffat-Jeandet<\/strong> a commis une grosse faute \u00e0 l&rsquo;entr\u00e9e du plat et a perdu beaucoup de vitesse (24e temps \u00e0 2.24).<\/p>\n<p style=\"text-align: justify;\"><strong>Cyprien Sarazin<\/strong> a commis beaucoup trop de fautes pour aller en seconde manche avec le 33\u00e8me chrono. Du c\u00f4t\u00e9 des deux jeunes g\u00e9antistes fran\u00e7ais, <strong>Loevan Parand<\/strong> a r\u00e9alis\u00e9 une bonne manche sur une piste d\u00e9grad\u00e9e \u00e0 3.29 tandis que <strong>Diego Orecchioni<\/strong> est sorti avec une faute d&rsquo;int\u00e9rieur apr\u00e8s un tr\u00e8s bon d\u00e9but de course.<\/p>\n<h2 style=\"text-align: justify;\">Marco Odermatt au-dessus du lot<\/h2>\n<p style=\"text-align: justify;\">Dans la douceur autrichienne, <strong>Marco Odermatt<\/strong> n&rsquo;a connu aucun probl\u00e8me sur la deuxi\u00e8me manche pour remporter son douzi\u00e8me succ\u00e8s en Coupe du monde en 2:04.72. Deuxi\u00e8me \u00e0 76 centi\u00e8mes, <strong>Zan Kranjec<\/strong> est mont\u00e9 sur le neuvi\u00e8me podium de sa carri\u00e8re avec une grosse seconde manche sur une neige molle. Sur les skis de la marque de Marcel Hirscher,\u00a0<strong>Henrik Kristoffersen<\/strong> a compl\u00e9t\u00e9 le podium \u00e0 97 centi\u00e8mes malgr\u00e9 une grosse faute d&rsquo;int\u00e9rieur \u00e0 l&rsquo;entame du mur. Puis, <strong>Lucas Braathen<\/strong> s&rsquo;est fait chahuter dans le mur pour finir quatri\u00e8me \u00e0 1 seconde et 10 centi\u00e8mes devant un autre Norv\u00e9gien, <strong>Rasmus Windingsrad<\/strong>. Par la suite, <strong>Tommy Ford<\/strong> a r\u00e9alis\u00e9 une incroyable remont\u00e9e de 20 places pour terminer sixi\u00e8me \u00e0 1.16.<\/p>\n<blockquote class=\"twitter-tweet\">\n<p dir=\"ltr\" lang=\"fr\">Intouchable Odermatt ! Le Suisse est d\u00e9j\u00e0 en feu &#x1f525;en ce d\u00e9but de saison et s\u2019impose sur le g\u00e9ant de <a href=\"https:\/\/twitter.com\/hashtag\/S%C3%B6lden?src=hash&amp;ref_src=twsrc%5Etfw\">#S\u00f6lden<\/a> devant Kranjec et Kristoffersen.<br \/>\nPremiers Fran\u00e7ais &#x1f1eb;&#x1f1f7; Favrot 10e et Muffat-Jeandet 11e.<a href=\"https:\/\/twitter.com\/hashtag\/ChaletClub?src=hash&amp;ref_src=twsrc%5Etfw\">#ChaletClub<\/a> <a href=\"https:\/\/twitter.com\/Eurosport_FR?ref_src=twsrc%5Etfw\">@Eurosport_FR<\/a><br \/>\n&#x1f399; <a href=\"https:\/\/twitter.com\/FX_Rallet?ref_src=twsrc%5Etfw\">@FX_Rallet<\/a> <a href=\"https:\/\/twitter.com\/GautdeTess?ref_src=twsrc%5Etfw\">@GautdeTess<\/a> <a href=\"https:\/\/t.co\/LmTgUKijEp\">pic.twitter.com\/LmTgUKijEp<\/a><\/p>\n<p>\u2014 Chalet &#x2744;&#xfe0f; Club (@ChaletClub2021) <a href=\"https:\/\/twitter.com\/ChaletClub2021\/status\/1584153378946367488?ref_src=twsrc%5Etfw\">October 23, 2022<\/a><\/p><\/blockquote>\n<p><script async src=\"https:\/\/platform.twitter.com\/widgets.js\" charset=\"utf-8\"><\/script><\/p>\n<h2 style=\"text-align: justify;\">Fortunes diverses dans le camp fran\u00e7ais<\/h2>\n<p style=\"text-align: justify;\"><strong>Thibaut Favrot<\/strong> a corrig\u00e9 ses erreurs sur le mur malgr\u00e9 le manque de luminosit\u00e9 pour d\u00e9crocher une bonne dixi\u00e8me place juste devant un tr\u00e8s propre <strong>Victor Muffat-Jeandet<\/strong> (11e \u00e0 1.62). <strong>Alexis Pinturault<\/strong> a pris une claque sur une piste tr\u00e8s marqu\u00e9e en descendant \u00e0 la vingti\u00e8me place \u00e0 2.09. Enfin, avec son changement de mat\u00e9riel, <strong>Mathieu Faivre<\/strong> \u00e9tait toujours en qu\u00eate de rep\u00e8res sur un trac\u00e9 facile dessin\u00e9 par le coach italien pour se classer \u00e0 la 24\u00e8me place \u00e0 2.36.<\/p>\n<p style=\"text-align: justify;\">La prochaine course pour les hommes sera le parall\u00e8le de Z\u00fcrs, le 13 novembre, alors que le prochain g\u00e9ant aura lieu \u00e0 Val d&rsquo;Is\u00e8re, le 10 d\u00e9cembre.<\/p>\n<h2>\u00c0 lire aussi<\/h2>\n<ul>\n<li style=\"text-align: justify;\"><a href=\"https:\/\/dicodusport.fr\/blog\/classement-geant-hommes-solden-2022\/\"><strong>Le classement du g\u00e9ant de S\u00f6lden<\/strong><\/a><\/li>\n<li style=\"text-align: justify;\"><a href=\"https:\/\/dicodusport.fr\/blog\/classement-general-hommes-coupe-du-monde-ski-alpin-2022-2023\/\" target=\"_blank\" rel=\"noopener\"><strong>Le classement g\u00e9n\u00e9ral de la Coupe du monde<\/strong><\/a><\/li>\n<\/ul>\n","protected":false},"excerpt":{"rendered":"<p>COUPE DU MONDE DE SKI ALPIN 2022-2023 &#8211; D\u00e9j\u00e0 vainqueur l&rsquo;an dernier, Marco Odermatt s&rsquo;est impos\u00e9 sur la premi\u00e8re course de la saison, sur le glacier du Rettenbach, \u00e0 S\u00f6lden (Autriche). Sur le premier g\u00e9ant de la saison, il a devanc\u00e9 Zan Kranjec et Henrik Kristoffersen. Thibaut Favrot a fini dixi\u00e8me et premier fran\u00e7ais.<\/p>\n","protected":false},"author":48,"featured_media":272523,"comment_status":"open","ping_status":"closed","sticky":false,"template":"","format":"standard","meta":{"_acf_changed":false,"_daextam_enable_autolinks":"","footnotes":""},"categories":[47084],"tags":[20034,2233,24],"class_list":["post-272430","post","type-post","status-publish","format-standard","has-post-thumbnail","hentry","category-coupe-du-monde-ski-alpin","tag-geant-de-solden","tag-ski-alpin","tag-sport"],"acf":[],"yoast_head":"<!-- This site is optimized with the Yoast SEO Premium plugin v26.7 (Yoast SEO v26.7) - https:\/\/yoast.com\/wordpress\/plugins\/seo\/ -->\n<title>Ski alpin S\u00f6lden : Marco Odermatt remporte le g\u00e9ant d\u2019ouverture<\/title>\n<meta name=\"description\" content=\"COUPE DU MONDE DE SKI ALPIN - Marco Odermatt s&#039;est impos\u00e9 sur la premi\u00e8re course de la saison, le g\u00e9ant de S\u00f6lden (Autriche).\" \/>\n<meta name=\"robots\" content=\"index, follow, max-snippet:-1, max-image-preview:large, max-video-preview:-1\" \/>\n<link rel=\"canonical\" href=\"https:\/\/dicodusport.fr\/blog\/ski-alpin-solden-marco-odermatt-remporte-le-geant-douverture\/\" \/>\n<meta property=\"og:locale\" content=\"fr_FR\" \/>\n<meta property=\"og:type\" content=\"article\" \/>\n<meta property=\"og:title\" content=\"Ski alpin S\u00f6lden : Marco Odermatt remporte le g\u00e9ant d\u2019ouverture\" \/>\n<meta property=\"og:description\" content=\"COUPE DU MONDE DE SKI ALPIN - Marco Odermatt s&#039;est impos\u00e9 sur la premi\u00e8re course de la saison, le g\u00e9ant de S\u00f6lden (Autriche).\" \/>\n<meta property=\"og:url\" content=\"https:\/\/dicodusport.fr\/blog\/ski-alpin-solden-marco-odermatt-remporte-le-geant-douverture\/\" \/>\n<meta property=\"og:site_name\" content=\"Dicodusport\" \/>\n<meta property=\"article:publisher\" content=\"https:\/\/www.facebook.com\/dicodusport\" \/>\n<meta property=\"article:author\" content=\"https:\/\/www.facebook.com\/groups\/LesRoisDuPeloton\" \/>\n<meta property=\"article:published_time\" content=\"2022-10-23T12:06:40+00:00\" \/>\n<meta property=\"article:modified_time\" content=\"2022-10-23T16:23:53+00:00\" \/>\n<meta property=\"og:image\" content=\"https:\/\/dicodusport.fr\/blog\/wp-content\/uploads\/2022\/10\/Ski-alpin-Solden-Marco-Odermatt-remporte-le-geant-douverture-1.png\" \/>\n\t<meta property=\"og:image:width\" content=\"800\" \/>\n\t<meta property=\"og:image:height\" content=\"445\" \/>\n\t<meta property=\"og:image:type\" content=\"image\/png\" \/>\n<meta name=\"author\" content=\"Emilien Descampiaux\" \/>\n<meta name=\"twitter:card\" content=\"summary_large_image\" \/>\n<meta name=\"twitter:title\" content=\"Ski alpin S\u00f6lden : Marco Odermatt remporte le g\u00e9ant d\u2019ouverture\" \/>\n<meta name=\"twitter:creator\" content=\"@https:\/\/twitter.com\/LRoisDuPeloton\" \/>\n<meta name=\"twitter:site\" content=\"@dicodusport\" \/>\n<script type=\"application\/ld+json\" class=\"yoast-schema-graph\">{\"@context\":\"https:\/\/schema.org\",\"@graph\":[{\"@type\":\"NewsArticle\",\"@id\":\"https:\/\/dicodusport.fr\/blog\/ski-alpin-solden-marco-odermatt-remporte-le-geant-douverture\/#article\",\"isPartOf\":{\"@id\":\"https:\/\/dicodusport.fr\/blog\/ski-alpin-solden-marco-odermatt-remporte-le-geant-douverture\/\"},\"author\":{\"name\":\"Emilien Descampiaux\",\"@id\":\"https:\/\/dicodusport.fr\/blog\/#\/schema\/person\/6db4bae06b171592211be385b32876a7\"},\"headline\":\"Ski alpin S\u00f6lden : Marco Odermatt remporte le g\u00e9ant d\u2019ouverture\",\"datePublished\":\"2022-10-23T12:06:40+00:00\",\"dateModified\":\"2022-10-23T16:23:53+00:00\",\"mainEntityOfPage\":{\"@id\":\"https:\/\/dicodusport.fr\/blog\/ski-alpin-solden-marco-odermatt-remporte-le-geant-douverture\/\"},\"wordCount\":681,\"commentCount\":0,\"publisher\":{\"@id\":\"https:\/\/dicodusport.fr\/blog\/#organization\"},\"image\":{\"@id\":\"https:\/\/dicodusport.fr\/blog\/ski-alpin-solden-marco-odermatt-remporte-le-geant-douverture\/#primaryimage\"},\"thumbnailUrl\":\"https:\/\/dicodusport.fr\/blog\/wp-content\/uploads\/2022\/10\/Ski-alpin-Solden-Marco-Odermatt-remporte-le-geant-douverture-1.png\",\"keywords\":[\"G\u00e9ant de S\u00f6lden\",\"Ski alpin\",\"sport\"],\"articleSection\":[\"Coupe du monde de ski alpin\"],\"inLanguage\":\"fr-FR\",\"potentialAction\":[{\"@type\":\"CommentAction\",\"name\":\"Comment\",\"target\":[\"https:\/\/dicodusport.fr\/blog\/ski-alpin-solden-marco-odermatt-remporte-le-geant-douverture\/#respond\"]}],\"copyrightYear\":\"2022\",\"copyrightHolder\":{\"@id\":\"https:\/\/dicodusport.fr\/blog\/#organization\"}},{\"@type\":\"WebPage\",\"@id\":\"https:\/\/dicodusport.fr\/blog\/ski-alpin-solden-marco-odermatt-remporte-le-geant-douverture\/\",\"url\":\"https:\/\/dicodusport.fr\/blog\/ski-alpin-solden-marco-odermatt-remporte-le-geant-douverture\/\",\"name\":\"Ski alpin S\u00f6lden : Marco Odermatt remporte le g\u00e9ant d\u2019ouverture\",\"isPartOf\":{\"@id\":\"https:\/\/dicodusport.fr\/blog\/#website\"},\"primaryImageOfPage\":{\"@id\":\"https:\/\/dicodusport.fr\/blog\/ski-alpin-solden-marco-odermatt-remporte-le-geant-douverture\/#primaryimage\"},\"image\":{\"@id\":\"https:\/\/dicodusport.fr\/blog\/ski-alpin-solden-marco-odermatt-remporte-le-geant-douverture\/#primaryimage\"},\"thumbnailUrl\":\"https:\/\/dicodusport.fr\/blog\/wp-content\/uploads\/2022\/10\/Ski-alpin-Solden-Marco-Odermatt-remporte-le-geant-douverture-1.png\",\"datePublished\":\"2022-10-23T12:06:40+00:00\",\"dateModified\":\"2022-10-23T16:23:53+00:00\",\"description\":\"COUPE DU MONDE DE SKI ALPIN - Marco Odermatt s'est impos\u00e9 sur la premi\u00e8re course de la saison, le g\u00e9ant de S\u00f6lden (Autriche).\",\"breadcrumb\":{\"@id\":\"https:\/\/dicodusport.fr\/blog\/ski-alpin-solden-marco-odermatt-remporte-le-geant-douverture\/#breadcrumb\"},\"inLanguage\":\"fr-FR\",\"potentialAction\":[{\"@type\":\"ReadAction\",\"target\":[\"https:\/\/dicodusport.fr\/blog\/ski-alpin-solden-marco-odermatt-remporte-le-geant-douverture\/\"]}]},{\"@type\":\"ImageObject\",\"inLanguage\":\"fr-FR\",\"@id\":\"https:\/\/dicodusport.fr\/blog\/ski-alpin-solden-marco-odermatt-remporte-le-geant-douverture\/#primaryimage\",\"url\":\"https:\/\/dicodusport.fr\/blog\/wp-content\/uploads\/2022\/10\/Ski-alpin-Solden-Marco-Odermatt-remporte-le-geant-douverture-1.png\",\"contentUrl\":\"https:\/\/dicodusport.fr\/blog\/wp-content\/uploads\/2022\/10\/Ski-alpin-Solden-Marco-Odermatt-remporte-le-geant-douverture-1.png\",\"width\":800,\"height\":445,\"caption\":\"Ski alpin S\u00f6lden Marco Odermatt remporte le g\u00e9ant d\u2019ouverture (1)\"},{\"@type\":\"BreadcrumbList\",\"@id\":\"https:\/\/dicodusport.fr\/blog\/ski-alpin-solden-marco-odermatt-remporte-le-geant-douverture\/#breadcrumb\",\"itemListElement\":[{\"@type\":\"ListItem\",\"position\":1,\"name\":\"Accueil\",\"item\":\"https:\/\/dicodusport.fr\/blog\/\"},{\"@type\":\"ListItem\",\"position\":2,\"name\":\"Ski alpin S\u00f6lden : Marco Odermatt remporte le g\u00e9ant d\u2019ouverture\"}]},{\"@type\":\"WebSite\",\"@id\":\"https:\/\/dicodusport.fr\/blog\/#website\",\"url\":\"https:\/\/dicodusport.fr\/blog\/\",\"name\":\"Dicodusport\",\"description\":\"L&#039;encyclop\u00e9die de l&#039;actualit\u00e9 sportive\",\"publisher\":{\"@id\":\"https:\/\/dicodusport.fr\/blog\/#organization\"},\"potentialAction\":[{\"@type\":\"SearchAction\",\"target\":{\"@type\":\"EntryPoint\",\"urlTemplate\":\"https:\/\/dicodusport.fr\/blog\/?s={search_term_string}\"},\"query-input\":{\"@type\":\"PropertyValueSpecification\",\"valueRequired\":true,\"valueName\":\"search_term_string\"}}],\"inLanguage\":\"fr-FR\"},{\"@type\":\"NewsMediaOrganization\",\"@id\":\"https:\/\/dicodusport.fr\/blog\/#organization\",\"name\":\"Dicodusport\",\"url\":\"https:\/\/dicodusport.fr\/blog\/\",\"logo\":{\"@type\":\"ImageObject\",\"inLanguage\":\"fr-FR\",\"@id\":\"https:\/\/dicodusport.fr\/blog\/#\/schema\/logo\/image\/\",\"url\":\"https:\/\/dicodusport.fr\/blog\/wp-content\/uploads\/2020\/06\/cropped-LOGO-DICODUSPORT-2020-SANS-FOND-SANS-TEXTE.png\",\"contentUrl\":\"https:\/\/dicodusport.fr\/blog\/wp-content\/uploads\/2020\/06\/cropped-LOGO-DICODUSPORT-2020-SANS-FOND-SANS-TEXTE.png\",\"width\":512,\"height\":512,\"caption\":\"Dicodusport\"},\"image\":{\"@id\":\"https:\/\/dicodusport.fr\/blog\/#\/schema\/logo\/image\/\"},\"sameAs\":[\"https:\/\/www.facebook.com\/dicodusport\",\"https:\/\/x.com\/dicodusport\",\"https:\/\/www.instagram.com\/dicodusport\/\",\"https:\/\/www.youtube.com\/channel\/UC7V2KZ5sd3htJivAbA4ZG3w\"],\"description\":\"Dicodusport est l'encyclop\u00e9die de l'actualit\u00e9 sportive.\",\"email\":\"bonjour@dicodusport.fr\",\"legalName\":\"DICODUSPORT\",\"foundingDate\":\"2018-01-14\",\"vatID\":\"FR71834470973\",\"taxID\":\"83447097300043\",\"numberOfEmployees\":{\"@type\":\"QuantitativeValue\",\"minValue\":\"1\",\"maxValue\":\"10\"}},{\"@type\":\"Person\",\"@id\":\"https:\/\/dicodusport.fr\/blog\/#\/schema\/person\/6db4bae06b171592211be385b32876a7\",\"name\":\"Emilien Descampiaux\",\"image\":{\"@type\":\"ImageObject\",\"inLanguage\":\"fr-FR\",\"@id\":\"https:\/\/dicodusport.fr\/blog\/#\/schema\/person\/image\/\",\"url\":\"https:\/\/dicodusport.fr\/blog\/wp-content\/uploads\/2021\/05\/Emilien-Descampiaux-150x150.jpg\",\"contentUrl\":\"https:\/\/dicodusport.fr\/blog\/wp-content\/uploads\/2021\/05\/Emilien-Descampiaux-150x150.jpg\",\"caption\":\"Emilien Descampiaux\"},\"description\":\"Journaliste\/r\u00e9dacteur depuis 2014 - Fan de la classe de Frank Vandenbroucke, je vis cyclisme (et de ses paysages) depuis plus de 20 ans. Je suis tr\u00e8s impliqu\u00e9 sur mes diff\u00e9rents r\u00e9seaux sociaux pour partager ma passion sur le monde et l'Histoire de la bicyclette avec ma voix sur les images en noir et blanc du succ\u00e8s de Rik Van Steenbergen lors du Ronde sur le V\u00e9lodrome de Gand.\",\"sameAs\":[\"https:\/\/www.facebook.com\/groups\/LesRoisDuPeloton\",\"https:\/\/x.com\/https:\/\/twitter.com\/LRoisDuPeloton\"],\"url\":\"https:\/\/dicodusport.fr\/blog\/author\/emiliend\/\"}]}<\/script>\n<!-- \/ Yoast SEO Premium plugin. -->","yoast_head_json":{"title":"Ski alpin S\u00f6lden : Marco Odermatt remporte le g\u00e9ant d\u2019ouverture","description":"COUPE DU MONDE DE SKI ALPIN - Marco Odermatt s'est impos\u00e9 sur la premi\u00e8re course de la saison, le g\u00e9ant de S\u00f6lden (Autriche).","robots":{"index":"index","follow":"follow","max-snippet":"max-snippet:-1","max-image-preview":"max-image-preview:large","max-video-preview":"max-video-preview:-1"},"canonical":"https:\/\/dicodusport.fr\/blog\/ski-alpin-solden-marco-odermatt-remporte-le-geant-douverture\/","og_locale":"fr_FR","og_type":"article","og_title":"Ski alpin S\u00f6lden : Marco Odermatt remporte le g\u00e9ant d\u2019ouverture","og_description":"COUPE DU MONDE DE SKI ALPIN - Marco Odermatt s'est impos\u00e9 sur la premi\u00e8re course de la saison, le g\u00e9ant de S\u00f6lden (Autriche).","og_url":"https:\/\/dicodusport.fr\/blog\/ski-alpin-solden-marco-odermatt-remporte-le-geant-douverture\/","og_site_name":"Dicodusport","article_publisher":"https:\/\/www.facebook.com\/dicodusport","article_author":"https:\/\/www.facebook.com\/groups\/LesRoisDuPeloton","article_published_time":"2022-10-23T12:06:40+00:00","article_modified_time":"2022-10-23T16:23:53+00:00","og_image":[{"width":800,"height":445,"url":"https:\/\/dicodusport.fr\/blog\/wp-content\/uploads\/2022\/10\/Ski-alpin-Solden-Marco-Odermatt-remporte-le-geant-douverture-1.png","type":"image\/png"}],"author":"Emilien Descampiaux","twitter_card":"summary_large_image","twitter_title":"Ski alpin S\u00f6lden : Marco Odermatt remporte le g\u00e9ant d\u2019ouverture","twitter_creator":"@https:\/\/twitter.com\/LRoisDuPeloton","twitter_site":"@dicodusport","schema":{"@context":"https:\/\/schema.org","@graph":[{"@type":"NewsArticle","@id":"https:\/\/dicodusport.fr\/blog\/ski-alpin-solden-marco-odermatt-remporte-le-geant-douverture\/#article","isPartOf":{"@id":"https:\/\/dicodusport.fr\/blog\/ski-alpin-solden-marco-odermatt-remporte-le-geant-douverture\/"},"author":{"name":"Emilien Descampiaux","@id":"https:\/\/dicodusport.fr\/blog\/#\/schema\/person\/6db4bae06b171592211be385b32876a7"},"headline":"Ski alpin S\u00f6lden : Marco Odermatt remporte le g\u00e9ant d\u2019ouverture","datePublished":"2022-10-23T12:06:40+00:00","dateModified":"2022-10-23T16:23:53+00:00","mainEntityOfPage":{"@id":"https:\/\/dicodusport.fr\/blog\/ski-alpin-solden-marco-odermatt-remporte-le-geant-douverture\/"},"wordCount":681,"commentCount":0,"publisher":{"@id":"https:\/\/dicodusport.fr\/blog\/#organization"},"image":{"@id":"https:\/\/dicodusport.fr\/blog\/ski-alpin-solden-marco-odermatt-remporte-le-geant-douverture\/#primaryimage"},"thumbnailUrl":"https:\/\/dicodusport.fr\/blog\/wp-content\/uploads\/2022\/10\/Ski-alpin-Solden-Marco-Odermatt-remporte-le-geant-douverture-1.png","keywords":["G\u00e9ant de S\u00f6lden","Ski alpin","sport"],"articleSection":["Coupe du monde de ski alpin"],"inLanguage":"fr-FR","potentialAction":[{"@type":"CommentAction","name":"Comment","target":["https:\/\/dicodusport.fr\/blog\/ski-alpin-solden-marco-odermatt-remporte-le-geant-douverture\/#respond"]}],"copyrightYear":"2022","copyrightHolder":{"@id":"https:\/\/dicodusport.fr\/blog\/#organization"}},{"@type":"WebPage","@id":"https:\/\/dicodusport.fr\/blog\/ski-alpin-solden-marco-odermatt-remporte-le-geant-douverture\/","url":"https:\/\/dicodusport.fr\/blog\/ski-alpin-solden-marco-odermatt-remporte-le-geant-douverture\/","name":"Ski alpin S\u00f6lden : Marco Odermatt remporte le g\u00e9ant d\u2019ouverture","isPartOf":{"@id":"https:\/\/dicodusport.fr\/blog\/#website"},"primaryImageOfPage":{"@id":"https:\/\/dicodusport.fr\/blog\/ski-alpin-solden-marco-odermatt-remporte-le-geant-douverture\/#primaryimage"},"image":{"@id":"https:\/\/dicodusport.fr\/blog\/ski-alpin-solden-marco-odermatt-remporte-le-geant-douverture\/#primaryimage"},"thumbnailUrl":"https:\/\/dicodusport.fr\/blog\/wp-content\/uploads\/2022\/10\/Ski-alpin-Solden-Marco-Odermatt-remporte-le-geant-douverture-1.png","datePublished":"2022-10-23T12:06:40+00:00","dateModified":"2022-10-23T16:23:53+00:00","description":"COUPE DU MONDE DE SKI ALPIN - Marco Odermatt s'est impos\u00e9 sur la premi\u00e8re course de la saison, le g\u00e9ant de S\u00f6lden (Autriche).","breadcrumb":{"@id":"https:\/\/dicodusport.fr\/blog\/ski-alpin-solden-marco-odermatt-remporte-le-geant-douverture\/#breadcrumb"},"inLanguage":"fr-FR","potentialAction":[{"@type":"ReadAction","target":["https:\/\/dicodusport.fr\/blog\/ski-alpin-solden-marco-odermatt-remporte-le-geant-douverture\/"]}]},{"@type":"ImageObject","inLanguage":"fr-FR","@id":"https:\/\/dicodusport.fr\/blog\/ski-alpin-solden-marco-odermatt-remporte-le-geant-douverture\/#primaryimage","url":"https:\/\/dicodusport.fr\/blog\/wp-content\/uploads\/2022\/10\/Ski-alpin-Solden-Marco-Odermatt-remporte-le-geant-douverture-1.png","contentUrl":"https:\/\/dicodusport.fr\/blog\/wp-content\/uploads\/2022\/10\/Ski-alpin-Solden-Marco-Odermatt-remporte-le-geant-douverture-1.png","width":800,"height":445,"caption":"Ski alpin S\u00f6lden Marco Odermatt remporte le g\u00e9ant d\u2019ouverture (1)"},{"@type":"BreadcrumbList","@id":"https:\/\/dicodusport.fr\/blog\/ski-alpin-solden-marco-odermatt-remporte-le-geant-douverture\/#breadcrumb","itemListElement":[{"@type":"ListItem","position":1,"name":"Accueil","item":"https:\/\/dicodusport.fr\/blog\/"},{"@type":"ListItem","position":2,"name":"Ski alpin S\u00f6lden : Marco Odermatt remporte le g\u00e9ant d\u2019ouverture"}]},{"@type":"WebSite","@id":"https:\/\/dicodusport.fr\/blog\/#website","url":"https:\/\/dicodusport.fr\/blog\/","name":"Dicodusport","description":"L&#039;encyclop\u00e9die de l&#039;actualit\u00e9 sportive","publisher":{"@id":"https:\/\/dicodusport.fr\/blog\/#organization"},"potentialAction":[{"@type":"SearchAction","target":{"@type":"EntryPoint","urlTemplate":"https:\/\/dicodusport.fr\/blog\/?s={search_term_string}"},"query-input":{"@type":"PropertyValueSpecification","valueRequired":true,"valueName":"search_term_string"}}],"inLanguage":"fr-FR"},{"@type":"NewsMediaOrganization","@id":"https:\/\/dicodusport.fr\/blog\/#organization","name":"Dicodusport","url":"https:\/\/dicodusport.fr\/blog\/","logo":{"@type":"ImageObject","inLanguage":"fr-FR","@id":"https:\/\/dicodusport.fr\/blog\/#\/schema\/logo\/image\/","url":"https:\/\/dicodusport.fr\/blog\/wp-content\/uploads\/2020\/06\/cropped-LOGO-DICODUSPORT-2020-SANS-FOND-SANS-TEXTE.png","contentUrl":"https:\/\/dicodusport.fr\/blog\/wp-content\/uploads\/2020\/06\/cropped-LOGO-DICODUSPORT-2020-SANS-FOND-SANS-TEXTE.png","width":512,"height":512,"caption":"Dicodusport"},"image":{"@id":"https:\/\/dicodusport.fr\/blog\/#\/schema\/logo\/image\/"},"sameAs":["https:\/\/www.facebook.com\/dicodusport","https:\/\/x.com\/dicodusport","https:\/\/www.instagram.com\/dicodusport\/","https:\/\/www.youtube.com\/channel\/UC7V2KZ5sd3htJivAbA4ZG3w"],"description":"Dicodusport est l'encyclop\u00e9die de l'actualit\u00e9 sportive.","email":"bonjour@dicodusport.fr","legalName":"DICODUSPORT","foundingDate":"2018-01-14","vatID":"FR71834470973","taxID":"83447097300043","numberOfEmployees":{"@type":"QuantitativeValue","minValue":"1","maxValue":"10"}},{"@type":"Person","@id":"https:\/\/dicodusport.fr\/blog\/#\/schema\/person\/6db4bae06b171592211be385b32876a7","name":"Emilien Descampiaux","image":{"@type":"ImageObject","inLanguage":"fr-FR","@id":"https:\/\/dicodusport.fr\/blog\/#\/schema\/person\/image\/","url":"https:\/\/dicodusport.fr\/blog\/wp-content\/uploads\/2021\/05\/Emilien-Descampiaux-150x150.jpg","contentUrl":"https:\/\/dicodusport.fr\/blog\/wp-content\/uploads\/2021\/05\/Emilien-Descampiaux-150x150.jpg","caption":"Emilien Descampiaux"},"description":"Journaliste\/r\u00e9dacteur depuis 2014 - Fan de la classe de Frank Vandenbroucke, je vis cyclisme (et de ses paysages) depuis plus de 20 ans. Je suis tr\u00e8s impliqu\u00e9 sur mes diff\u00e9rents r\u00e9seaux sociaux pour partager ma passion sur le monde et l'Histoire de la bicyclette avec ma voix sur les images en noir et blanc du succ\u00e8s de Rik Van Steenbergen lors du Ronde sur le V\u00e9lodrome de Gand.","sameAs":["https:\/\/www.facebook.com\/groups\/LesRoisDuPeloton","https:\/\/x.com\/https:\/\/twitter.com\/LRoisDuPeloton"],"url":"https:\/\/dicodusport.fr\/blog\/author\/emiliend\/"}]}},"_links":{"self":[{"href":"https:\/\/dicodusport.fr\/blog\/wp-json\/wp\/v2\/posts\/272430","targetHints":{"allow":["GET"]}}],"collection":[{"href":"https:\/\/dicodusport.fr\/blog\/wp-json\/wp\/v2\/posts"}],"about":[{"href":"https:\/\/dicodusport.fr\/blog\/wp-json\/wp\/v2\/types\/post"}],"author":[{"embeddable":true,"href":"https:\/\/dicodusport.fr\/blog\/wp-json\/wp\/v2\/users\/48"}],"replies":[{"embeddable":true,"href":"https:\/\/dicodusport.fr\/blog\/wp-json\/wp\/v2\/comments?post=272430"}],"version-history":[{"count":0,"href":"https:\/\/dicodusport.fr\/blog\/wp-json\/wp\/v2\/posts\/272430\/revisions"}],"wp:featuredmedia":[{"embeddable":true,"href":"https:\/\/dicodusport.fr\/blog\/wp-json\/wp\/v2\/media\/272523"}],"wp:attachment":[{"href":"https:\/\/dicodusport.fr\/blog\/wp-json\/wp\/v2\/media?parent=272430"}],"wp:term":[{"taxonomy":"category","embeddable":true,"href":"https:\/\/dicodusport.fr\/blog\/wp-json\/wp\/v2\/categories?post=272430"},{"taxonomy":"post_tag","embeddable":true,"href":"https:\/\/dicodusport.fr\/blog\/wp-json\/wp\/v2\/tags?post=272430"}],"curies":[{"name":"wp","href":"https:\/\/api.w.org\/{rel}","templated":true}]}}