{"id":272569,"date":"2022-10-23T17:38:02","date_gmt":"2022-10-23T15:38:02","guid":{"rendered":"https:\/\/dicodusport.fr\/blog\/?p=272569&#038;preview=true&#038;preview_id=272569"},"modified":"2022-10-23T18:39:53","modified_gmt":"2022-10-23T16:39:53","slug":"atp-anvers-deuxieme-titre-daffilee-pour-felix-auger-aliassime","status":"publish","type":"post","link":"https:\/\/dicodusport.fr\/blog\/atp-anvers-deuxieme-titre-daffilee-pour-felix-auger-aliassime\/","title":{"rendered":"ATP Anvers : Deuxi\u00e8me titre d&rsquo;affil\u00e9e pour F\u00e9lix Auger-Aliassime"},"content":{"rendered":"<p style=\"text-align: justify;\"><strong><em><a title=\"ATP 250 \u2013 Le tableau du tournoi d\u2019Anvers 2022\" href=\"https:\/\/dicodusport.fr\/blog\/atp-250-le-tableau-du-tournoi-danvers-2022\/\" target=\"_blank\" rel=\"noopener\">ATP ANVERS<\/a> \u2013 Vainqueur \u00e0 Florence la semaine derni\u00e8re, F\u00e9lix Auger-Aliassime encha\u00eene avec une victoire 6-4 6-4 sur Sebastian Korda \u00e0 Anvers.<br \/>\n<\/em><\/strong><\/p>\n<p style=\"text-align: justify;\">La finale estampill\u00e9e <em>next gen<\/em> voyait s&rsquo;affronter <strong>F\u00e9lix Auger-Aliassime<\/strong> et <strong>Sebastian Korda<\/strong>. Auger-Aliassime \u00e9tait sur une s\u00e9rie de 7 victoires avec son 2e titre (de la saison) remport\u00e9 \u00e0 Florence. De son c\u00f4t\u00e9, Sebastian Korda cherchait \u00e9galement \u00e0 obtenir son 2e titre. Mais face aux <strong>joueurs du Top 10<\/strong>, il en \u00e9tait \u00e0 3 victoires pour 7 d\u00e9faites (1 victoire\/3 d\u00e9faites cette ann\u00e9e). Chacun avait remport\u00e9 l&rsquo;un de leurs affrontements : Auger-Aliassime \u00e0 Acapulco l&rsquo;ann\u00e9e derni\u00e8re sur dur et Korda \u00e0 Estoril cette ann\u00e9e sur terre battue.<\/p>\n<p style=\"text-align: justify;\">Tout au long de la semaine, <strong>Auger-Aliassime<\/strong> a \u00e9t\u00e9 excellent au <strong>service<\/strong> avec seulement<strong> 1 jeu de service perdu<\/strong> sur 36. <strong>82%<\/strong> de points gagn\u00e9s derri\u00e8re sa premi\u00e8re balle, il a \u00e9galement multipli\u00e9 les <strong>aces<\/strong> (42). De son c\u00f4t\u00e9, \u00e9galement solide au <strong>service<\/strong> (76% de points gagn\u00e9s derri\u00e8re sa premi\u00e8re balle), <strong>Korda<\/strong> allait devoir faire parler ses talents de <strong>retourneur<\/strong> pour essayer de contrer le Canadien.<\/p>\n<h2 style=\"text-align: justify;\">Auger-Aliassime injouable<\/h2>\n<p style=\"text-align: justify;\">Le favori du public \u00e0 l&rsquo;applaudim\u00e8tre, <strong>F\u00e9lix Auger-Aliassime<\/strong> d\u00e9butait au service. Et s&rsquo;il a d&rsquo;abord fait une double faute, il s&rsquo;est vite rattrap\u00e9 avec <strong>trois aces<\/strong> pour remporter son jeu. Korda lui a r\u00e9pondu avec un jeu blanc et trois services gagnants.<\/p>\n<p style=\"text-align: justify;\">Sur un jeu qu&rsquo;il semblait avoir en mains, Korda a c\u00e9d\u00e9 son service sous la pression du Canadien pour le voir mener 4-2. Pris par les amorties bien touch\u00e9es d&rsquo;Auger-Aliassime, Korda a encha\u00een\u00e9 les <strong>fautes directes<\/strong> et vu son adversaire s&rsquo;envoler (2-5). Menac\u00e9 sur sa mise en jeu suivante, le Fran\u00e7ais a tenu. Mais une nouvelle fois, <strong>Auger-Aliassime<\/strong> a \u00e9t\u00e9 imp\u00e9rial au service pour s&rsquo;offrir le premier set apr\u00e8s une nouvelle amortie bien touch\u00e9e derri\u00e8re son gros service : 6-3 apr\u00e8s 35 minutes.<\/p>\n<p style=\"text-align: justify;\"><strong>Sebastian Korda<\/strong> a d\u00fb faire appel au <strong>kin\u00e9<\/strong> pour son \u00e9paule droite.<\/p>\n<blockquote class=\"twitter-tweet\">\n<p dir=\"ltr\" lang=\"en\">&#x1f1e8;&#x1f1e6; FAA draws first blood &#x1fa78; &#x1f52a;<\/p>\n<p>The Canadian takes the opener 6-3&#x26a1;&#xfe0f;<\/p>\n<p>Can Korda make a comeback &#x2753;<a href=\"https:\/\/twitter.com\/hashtag\/EuropeanOpen?src=hash&amp;ref_src=twsrc%5Etfw\">#EuropeanOpen<\/a> | <a href=\"https:\/\/twitter.com\/hashtag\/ATPTour?src=hash&amp;ref_src=twsrc%5Etfw\">#ATPTour<\/a> | <a href=\"https:\/\/twitter.com\/hashtag\/Tennis?src=hash&amp;ref_src=twsrc%5Etfw\">#Tennis<\/a> <a href=\"https:\/\/t.co\/kOS9z0S3jx\">pic.twitter.com\/kOS9z0S3jx<\/a><\/p>\n<p>\u2014 European Open (@EuroTennisOpen) <a href=\"https:\/\/twitter.com\/EuroTennisOpen\/status\/1584196651442311168?ref_src=twsrc%5Etfw\">October 23, 2022<\/a><\/p><\/blockquote>\n<p><script async src=\"https:\/\/platform.twitter.com\/widgets.js\" charset=\"utf-8\"><\/script><\/p>\n<h2>Auger-Aliassime encha\u00eene<\/h2>\n<p style=\"text-align: justify;\">Premi\u00e8re alerte pour <strong>Auger-Aliassime<\/strong>, qui a enchain\u00e9 deux fautes directes pour offrir <strong>2 balles de break<\/strong> \u00e0 son adversaire \u00e0 2-1. Le Canadien a d&rsquo;abord saoul\u00e9 de coups droits puissants son adversaire avant de r\u00e9aliser un service gagnant pour les sauver. Il a finalement tenu sa mise en jeu. Korda a conc\u00e9d\u00e9 un nouveau break \u00e0 2-2. Avec le break en poche, le Canadien n&rsquo;avait plus qu&rsquo;\u00e0 se concentrer sur ses jeux de service sans laisser trop de forces au retour. Au service pour le gain du match, <strong>FAA<\/strong> a \u00e9t\u00e9 imp\u00e9rial, encha\u00eenant les services gagnants.<\/p>\n<blockquote class=\"twitter-tweet\">\n<p dir=\"ltr\" lang=\"en\">Florence last week &#x1f44d;<br \/>\nAntwerp today &#x1f64c;<\/p>\n<p>The moment <a href=\"https:\/\/twitter.com\/felixtennis?ref_src=twsrc%5Etfw\">@felixtennis<\/a> capped off another brilliant week, notching another hard-court title!<a href=\"https:\/\/twitter.com\/hashtag\/EuropeanOpen?src=hash&amp;ref_src=twsrc%5Etfw\">#EuropeanOpen<\/a> <a href=\"https:\/\/t.co\/v4n5ZMGrhI\">pic.twitter.com\/v4n5ZMGrhI<\/a><\/p>\n<p>\u2014 Tennis TV (@TennisTV) <a href=\"https:\/\/twitter.com\/TennisTV\/status\/1584207895415050240?ref_src=twsrc%5Etfw\">October 23, 2022<\/a><\/p><\/blockquote>\n<p><script async src=\"https:\/\/platform.twitter.com\/widgets.js\" charset=\"utf-8\"><\/script><\/p>\n<h2>Masters de Turin en vue<\/h2>\n<p style=\"text-align: justify;\">Le Canadien restait sur <strong>8 d\u00e9faites en finale<\/strong>. En 2022, il a vaincu le signe indien en s&rsquo;imposant \u00e0 <strong>Rotterdam<\/strong> en d\u00e9but d&rsquo;ann\u00e9e (ATP 500). Il n&rsquo;avait pas r\u00e9ussi \u00e0 encha\u00eener \u00e0 Marseille, battu par Rublev. Cependant, il vient d&rsquo;encha\u00eener deux victoires \u00e0 <strong>Florence<\/strong> et <strong>Anvers<\/strong> en ATP 250. Il consolide ainsi sa 7e place \u00e0 la Race et derni\u00e8re place qualificative pour le Masters. Il accentue \u00e9galement son avance sur <strong>Taylor Fritz<\/strong> (340 points) et <strong>Hubert Hurkacz <\/strong>(455 points), quart-de-finaliste \u00e0 Anvers. Il sera pr\u00e9sent \u00e0 <a title=\"ATP 500 \u2013 Le tableau du tournoi de B\u00e2le 2022\" href=\"https:\/\/dicodusport.fr\/blog\/atp-500-le-tableau-du-tournoi-de-bale-2022\/\" target=\"_blank\" rel=\"noopener\"><strong>B\u00e2le<\/strong><\/a> pour continuer d&rsquo;engranger des points tandis que ses concurrents directs seront engag\u00e9s \u00e0 <a title=\"ATP 500 \u2013 Le tableau du tournoi de Vienne 2022\" href=\"https:\/\/dicodusport.fr\/blog\/atp-500-le-tableau-du-tournoi-de-vienne-2022\/\" target=\"_blank\" rel=\"noopener\">Vienne<\/a>.<\/p>\n<p style=\"text-align: justify;\">Pour <strong>Sebastian Korda<\/strong>, le 2e titre n&rsquo;est pas l\u00e0 mais l&rsquo;Am\u00e9ricain continue d&rsquo;engranger de l&rsquo;exp\u00e9rience avec sa 3e finale sur le circuit (4e en comptant le tournoi Next Gen). Il sera \u00e9galement engag\u00e9 \u00e0 B\u00e2le, o\u00f9 il d\u00e9butera face \u00e0<strong> Andy Murray<\/strong>.<\/p>\n","protected":false},"excerpt":{"rendered":"<p>ATP ANVERS \u2013 Vainqueur \u00e0 Florence la semaine derni\u00e8re, F\u00e9lix Auger-Aliassime encha\u00eene avec une victoire 6-4 6-4 sur Sebastian Korda \u00e0 Anvers.<\/p>\n","protected":false},"author":12,"featured_media":272653,"comment_status":"open","ping_status":"closed","sticky":false,"template":"","format":"standard","meta":{"_acf_changed":false,"_daextam_enable_autolinks":"","footnotes":""},"categories":[2302],"tags":[19866,12162,4065,11824],"class_list":["post-272569","post","type-post","status-publish","format-standard","has-post-thumbnail","hentry","category-tennis","tag-atp-250-anvers","tag-european-open","tag-felix-auger-aliassime","tag-sebastian-korda"],"acf":[],"yoast_head":"<!-- This site is optimized with the Yoast SEO Premium plugin v26.7 (Yoast SEO v26.7) - https:\/\/yoast.com\/wordpress\/plugins\/seo\/ -->\n<title>ATP Anvers : Deuxi\u00e8me titre d&#039;affil\u00e9e pour F\u00e9lix Auger-Aliassime<\/title>\n<meta name=\"description\" content=\"ATP ANVERS \u2013 Vainqueur \u00e0 Florence la semaine derni\u00e8re, F\u00e9lix Auger-Aliassime encha\u00eene avec une victoire 6-4 6-4 sur Sebastian Korda \u00e0 Anvers.\" \/>\n<meta name=\"robots\" content=\"index, follow, max-snippet:-1, max-image-preview:large, max-video-preview:-1\" \/>\n<link rel=\"canonical\" href=\"https:\/\/dicodusport.fr\/blog\/atp-anvers-deuxieme-titre-daffilee-pour-felix-auger-aliassime\/\" \/>\n<meta property=\"og:locale\" content=\"fr_FR\" \/>\n<meta property=\"og:type\" content=\"article\" \/>\n<meta property=\"og:title\" content=\"ATP Anvers : Deuxi\u00e8me titre d&#039;affil\u00e9e pour F\u00e9lix Auger-Aliassime\" \/>\n<meta property=\"og:description\" content=\"ATP ANVERS \u2013 Vainqueur \u00e0 Florence la semaine derni\u00e8re, F\u00e9lix Auger-Aliassime encha\u00eene avec une victoire 6-4 6-4 sur Sebastian Korda \u00e0 Anvers.\" \/>\n<meta property=\"og:url\" content=\"https:\/\/dicodusport.fr\/blog\/atp-anvers-deuxieme-titre-daffilee-pour-felix-auger-aliassime\/\" \/>\n<meta property=\"og:site_name\" content=\"Dicodusport\" \/>\n<meta property=\"article:publisher\" content=\"https:\/\/www.facebook.com\/dicodusport\" \/>\n<meta property=\"article:published_time\" content=\"2022-10-23T15:38:02+00:00\" \/>\n<meta property=\"article:modified_time\" content=\"2022-10-23T16:39:53+00:00\" \/>\n<meta property=\"og:image\" content=\"https:\/\/dicodusport.fr\/blog\/wp-content\/uploads\/2022\/10\/Felix-Auger-Aliassime-vainqueur-du-tournoi-dAnvers.jpg\" \/>\n\t<meta property=\"og:image:width\" content=\"800\" \/>\n\t<meta property=\"og:image:height\" content=\"445\" \/>\n\t<meta property=\"og:image:type\" content=\"image\/jpeg\" \/>\n<meta name=\"author\" content=\"Arlette Yeye\" \/>\n<meta name=\"twitter:card\" content=\"summary_large_image\" \/>\n<meta name=\"twitter:title\" content=\"ATP Anvers : Deuxi\u00e8me titre d&#039;affil\u00e9e pour F\u00e9lix Auger-Aliassime\" \/>\n<meta name=\"twitter:creator\" content=\"@https:\/\/twitter.com\/Shiclette94\" \/>\n<meta name=\"twitter:site\" content=\"@dicodusport\" \/>\n<script type=\"application\/ld+json\" class=\"yoast-schema-graph\">{\"@context\":\"https:\/\/schema.org\",\"@graph\":[{\"@type\":\"NewsArticle\",\"@id\":\"https:\/\/dicodusport.fr\/blog\/atp-anvers-deuxieme-titre-daffilee-pour-felix-auger-aliassime\/#article\",\"isPartOf\":{\"@id\":\"https:\/\/dicodusport.fr\/blog\/atp-anvers-deuxieme-titre-daffilee-pour-felix-auger-aliassime\/\"},\"author\":{\"name\":\"Arlette Yeye\",\"@id\":\"https:\/\/dicodusport.fr\/blog\/#\/schema\/person\/cce96fa88785bd8573e3d43078ac8c79\"},\"headline\":\"ATP Anvers : Deuxi\u00e8me titre d&rsquo;affil\u00e9e pour F\u00e9lix Auger-Aliassime\",\"datePublished\":\"2022-10-23T15:38:02+00:00\",\"dateModified\":\"2022-10-23T16:39:53+00:00\",\"mainEntityOfPage\":{\"@id\":\"https:\/\/dicodusport.fr\/blog\/atp-anvers-deuxieme-titre-daffilee-pour-felix-auger-aliassime\/\"},\"wordCount\":685,\"commentCount\":0,\"publisher\":{\"@id\":\"https:\/\/dicodusport.fr\/blog\/#organization\"},\"image\":{\"@id\":\"https:\/\/dicodusport.fr\/blog\/atp-anvers-deuxieme-titre-daffilee-pour-felix-auger-aliassime\/#primaryimage\"},\"thumbnailUrl\":\"https:\/\/dicodusport.fr\/blog\/wp-content\/uploads\/2022\/10\/Felix-Auger-Aliassime-vainqueur-du-tournoi-dAnvers.jpg\",\"keywords\":[\"ATP 250 Anvers\",\"European Open\",\"F\u00e9lix Auger-Aliassime\",\"Sebastian Korda\"],\"articleSection\":[\"Tennis\"],\"inLanguage\":\"fr-FR\",\"potentialAction\":[{\"@type\":\"CommentAction\",\"name\":\"Comment\",\"target\":[\"https:\/\/dicodusport.fr\/blog\/atp-anvers-deuxieme-titre-daffilee-pour-felix-auger-aliassime\/#respond\"]}],\"copyrightYear\":\"2022\",\"copyrightHolder\":{\"@id\":\"https:\/\/dicodusport.fr\/blog\/#organization\"}},{\"@type\":\"WebPage\",\"@id\":\"https:\/\/dicodusport.fr\/blog\/atp-anvers-deuxieme-titre-daffilee-pour-felix-auger-aliassime\/\",\"url\":\"https:\/\/dicodusport.fr\/blog\/atp-anvers-deuxieme-titre-daffilee-pour-felix-auger-aliassime\/\",\"name\":\"ATP Anvers : Deuxi\u00e8me titre d'affil\u00e9e pour F\u00e9lix Auger-Aliassime\",\"isPartOf\":{\"@id\":\"https:\/\/dicodusport.fr\/blog\/#website\"},\"primaryImageOfPage\":{\"@id\":\"https:\/\/dicodusport.fr\/blog\/atp-anvers-deuxieme-titre-daffilee-pour-felix-auger-aliassime\/#primaryimage\"},\"image\":{\"@id\":\"https:\/\/dicodusport.fr\/blog\/atp-anvers-deuxieme-titre-daffilee-pour-felix-auger-aliassime\/#primaryimage\"},\"thumbnailUrl\":\"https:\/\/dicodusport.fr\/blog\/wp-content\/uploads\/2022\/10\/Felix-Auger-Aliassime-vainqueur-du-tournoi-dAnvers.jpg\",\"datePublished\":\"2022-10-23T15:38:02+00:00\",\"dateModified\":\"2022-10-23T16:39:53+00:00\",\"description\":\"ATP ANVERS \u2013 Vainqueur \u00e0 Florence la semaine derni\u00e8re, F\u00e9lix Auger-Aliassime encha\u00eene avec une victoire 6-4 6-4 sur Sebastian Korda \u00e0 Anvers.\",\"breadcrumb\":{\"@id\":\"https:\/\/dicodusport.fr\/blog\/atp-anvers-deuxieme-titre-daffilee-pour-felix-auger-aliassime\/#breadcrumb\"},\"inLanguage\":\"fr-FR\",\"potentialAction\":[{\"@type\":\"ReadAction\",\"target\":[\"https:\/\/dicodusport.fr\/blog\/atp-anvers-deuxieme-titre-daffilee-pour-felix-auger-aliassime\/\"]}]},{\"@type\":\"ImageObject\",\"inLanguage\":\"fr-FR\",\"@id\":\"https:\/\/dicodusport.fr\/blog\/atp-anvers-deuxieme-titre-daffilee-pour-felix-auger-aliassime\/#primaryimage\",\"url\":\"https:\/\/dicodusport.fr\/blog\/wp-content\/uploads\/2022\/10\/Felix-Auger-Aliassime-vainqueur-du-tournoi-dAnvers.jpg\",\"contentUrl\":\"https:\/\/dicodusport.fr\/blog\/wp-content\/uploads\/2022\/10\/Felix-Auger-Aliassime-vainqueur-du-tournoi-dAnvers.jpg\",\"width\":800,\"height\":445,\"caption\":\"F\u00e9lix Auger-Aliassime vainqueur du tournoi d'Anvers\"},{\"@type\":\"BreadcrumbList\",\"@id\":\"https:\/\/dicodusport.fr\/blog\/atp-anvers-deuxieme-titre-daffilee-pour-felix-auger-aliassime\/#breadcrumb\",\"itemListElement\":[{\"@type\":\"ListItem\",\"position\":1,\"name\":\"Accueil\",\"item\":\"https:\/\/dicodusport.fr\/blog\/\"},{\"@type\":\"ListItem\",\"position\":2,\"name\":\"ATP Anvers : Deuxi\u00e8me titre d&rsquo;affil\u00e9e pour F\u00e9lix Auger-Aliassime\"}]},{\"@type\":\"WebSite\",\"@id\":\"https:\/\/dicodusport.fr\/blog\/#website\",\"url\":\"https:\/\/dicodusport.fr\/blog\/\",\"name\":\"Dicodusport\",\"description\":\"L&#039;encyclop\u00e9die de l&#039;actualit\u00e9 sportive\",\"publisher\":{\"@id\":\"https:\/\/dicodusport.fr\/blog\/#organization\"},\"potentialAction\":[{\"@type\":\"SearchAction\",\"target\":{\"@type\":\"EntryPoint\",\"urlTemplate\":\"https:\/\/dicodusport.fr\/blog\/?s={search_term_string}\"},\"query-input\":{\"@type\":\"PropertyValueSpecification\",\"valueRequired\":true,\"valueName\":\"search_term_string\"}}],\"inLanguage\":\"fr-FR\"},{\"@type\":\"NewsMediaOrganization\",\"@id\":\"https:\/\/dicodusport.fr\/blog\/#organization\",\"name\":\"Dicodusport\",\"url\":\"https:\/\/dicodusport.fr\/blog\/\",\"logo\":{\"@type\":\"ImageObject\",\"inLanguage\":\"fr-FR\",\"@id\":\"https:\/\/dicodusport.fr\/blog\/#\/schema\/logo\/image\/\",\"url\":\"https:\/\/dicodusport.fr\/blog\/wp-content\/uploads\/2020\/06\/cropped-LOGO-DICODUSPORT-2020-SANS-FOND-SANS-TEXTE.png\",\"contentUrl\":\"https:\/\/dicodusport.fr\/blog\/wp-content\/uploads\/2020\/06\/cropped-LOGO-DICODUSPORT-2020-SANS-FOND-SANS-TEXTE.png\",\"width\":512,\"height\":512,\"caption\":\"Dicodusport\"},\"image\":{\"@id\":\"https:\/\/dicodusport.fr\/blog\/#\/schema\/logo\/image\/\"},\"sameAs\":[\"https:\/\/www.facebook.com\/dicodusport\",\"https:\/\/x.com\/dicodusport\",\"https:\/\/www.instagram.com\/dicodusport\/\",\"https:\/\/www.youtube.com\/channel\/UC7V2KZ5sd3htJivAbA4ZG3w\"],\"description\":\"Dicodusport est l'encyclop\u00e9die de l'actualit\u00e9 sportive.\",\"email\":\"bonjour@dicodusport.fr\",\"legalName\":\"DICODUSPORT\",\"foundingDate\":\"2018-01-14\",\"vatID\":\"FR71834470973\",\"taxID\":\"83447097300043\",\"numberOfEmployees\":{\"@type\":\"QuantitativeValue\",\"minValue\":\"1\",\"maxValue\":\"10\"}},{\"@type\":\"Person\",\"@id\":\"https:\/\/dicodusport.fr\/blog\/#\/schema\/person\/cce96fa88785bd8573e3d43078ac8c79\",\"name\":\"Arlette Yeye\",\"image\":{\"@type\":\"ImageObject\",\"inLanguage\":\"fr-FR\",\"@id\":\"https:\/\/dicodusport.fr\/blog\/#\/schema\/person\/image\/\",\"url\":\"https:\/\/secure.gravatar.com\/avatar\/dca4a6239e6d708e46c45d60e160de6c?s=96&d=wp_user_avatar&r=g\",\"contentUrl\":\"https:\/\/secure.gravatar.com\/avatar\/dca4a6239e6d708e46c45d60e160de6c?s=96&d=wp_user_avatar&r=g\",\"caption\":\"Arlette Yeye\"},\"description\":\"Journaliste\/r\u00e9dactrice depuis septembre 2015 - Supportrice de Chelsea, j'ai pour sports de pr\u00e9dilection le handball, l'athl\u00e9tisme et le tennis. Si je tweete plus vite que mon ombre, vous pouvez aussi me retrouver les week-ends sur les playgrounds de Bruxelles pour un petit foot ou basket entre potes. Parcourir la France, l'Europe et plus si affinit\u00e9s pour suivre mes sportifs pr\u00e9f\u00e9r\u00e9s ? Mon kif ! Et c'est avec plaisir que je partage les r\u00e9sultats des sports populaires mais \u00e9galement plus confidentiels pour Dicodusport.\",\"sameAs\":[\"https:\/\/x.com\/https:\/\/twitter.com\/Shiclette94\"],\"url\":\"https:\/\/dicodusport.fr\/blog\/author\/arlette\/\"}]}<\/script>\n<!-- \/ Yoast SEO Premium plugin. -->","yoast_head_json":{"title":"ATP Anvers : Deuxi\u00e8me titre d'affil\u00e9e pour F\u00e9lix Auger-Aliassime","description":"ATP ANVERS \u2013 Vainqueur \u00e0 Florence la semaine derni\u00e8re, F\u00e9lix Auger-Aliassime encha\u00eene avec une victoire 6-4 6-4 sur Sebastian Korda \u00e0 Anvers.","robots":{"index":"index","follow":"follow","max-snippet":"max-snippet:-1","max-image-preview":"max-image-preview:large","max-video-preview":"max-video-preview:-1"},"canonical":"https:\/\/dicodusport.fr\/blog\/atp-anvers-deuxieme-titre-daffilee-pour-felix-auger-aliassime\/","og_locale":"fr_FR","og_type":"article","og_title":"ATP Anvers : Deuxi\u00e8me titre d'affil\u00e9e pour F\u00e9lix Auger-Aliassime","og_description":"ATP ANVERS \u2013 Vainqueur \u00e0 Florence la semaine derni\u00e8re, F\u00e9lix Auger-Aliassime encha\u00eene avec une victoire 6-4 6-4 sur Sebastian Korda \u00e0 Anvers.","og_url":"https:\/\/dicodusport.fr\/blog\/atp-anvers-deuxieme-titre-daffilee-pour-felix-auger-aliassime\/","og_site_name":"Dicodusport","article_publisher":"https:\/\/www.facebook.com\/dicodusport","article_published_time":"2022-10-23T15:38:02+00:00","article_modified_time":"2022-10-23T16:39:53+00:00","og_image":[{"width":800,"height":445,"url":"https:\/\/dicodusport.fr\/blog\/wp-content\/uploads\/2022\/10\/Felix-Auger-Aliassime-vainqueur-du-tournoi-dAnvers.jpg","type":"image\/jpeg"}],"author":"Arlette Yeye","twitter_card":"summary_large_image","twitter_title":"ATP Anvers : Deuxi\u00e8me titre d'affil\u00e9e pour F\u00e9lix Auger-Aliassime","twitter_creator":"@https:\/\/twitter.com\/Shiclette94","twitter_site":"@dicodusport","schema":{"@context":"https:\/\/schema.org","@graph":[{"@type":"NewsArticle","@id":"https:\/\/dicodusport.fr\/blog\/atp-anvers-deuxieme-titre-daffilee-pour-felix-auger-aliassime\/#article","isPartOf":{"@id":"https:\/\/dicodusport.fr\/blog\/atp-anvers-deuxieme-titre-daffilee-pour-felix-auger-aliassime\/"},"author":{"name":"Arlette Yeye","@id":"https:\/\/dicodusport.fr\/blog\/#\/schema\/person\/cce96fa88785bd8573e3d43078ac8c79"},"headline":"ATP Anvers : Deuxi\u00e8me titre d&rsquo;affil\u00e9e pour F\u00e9lix Auger-Aliassime","datePublished":"2022-10-23T15:38:02+00:00","dateModified":"2022-10-23T16:39:53+00:00","mainEntityOfPage":{"@id":"https:\/\/dicodusport.fr\/blog\/atp-anvers-deuxieme-titre-daffilee-pour-felix-auger-aliassime\/"},"wordCount":685,"commentCount":0,"publisher":{"@id":"https:\/\/dicodusport.fr\/blog\/#organization"},"image":{"@id":"https:\/\/dicodusport.fr\/blog\/atp-anvers-deuxieme-titre-daffilee-pour-felix-auger-aliassime\/#primaryimage"},"thumbnailUrl":"https:\/\/dicodusport.fr\/blog\/wp-content\/uploads\/2022\/10\/Felix-Auger-Aliassime-vainqueur-du-tournoi-dAnvers.jpg","keywords":["ATP 250 Anvers","European Open","F\u00e9lix Auger-Aliassime","Sebastian Korda"],"articleSection":["Tennis"],"inLanguage":"fr-FR","potentialAction":[{"@type":"CommentAction","name":"Comment","target":["https:\/\/dicodusport.fr\/blog\/atp-anvers-deuxieme-titre-daffilee-pour-felix-auger-aliassime\/#respond"]}],"copyrightYear":"2022","copyrightHolder":{"@id":"https:\/\/dicodusport.fr\/blog\/#organization"}},{"@type":"WebPage","@id":"https:\/\/dicodusport.fr\/blog\/atp-anvers-deuxieme-titre-daffilee-pour-felix-auger-aliassime\/","url":"https:\/\/dicodusport.fr\/blog\/atp-anvers-deuxieme-titre-daffilee-pour-felix-auger-aliassime\/","name":"ATP Anvers : Deuxi\u00e8me titre d'affil\u00e9e pour F\u00e9lix Auger-Aliassime","isPartOf":{"@id":"https:\/\/dicodusport.fr\/blog\/#website"},"primaryImageOfPage":{"@id":"https:\/\/dicodusport.fr\/blog\/atp-anvers-deuxieme-titre-daffilee-pour-felix-auger-aliassime\/#primaryimage"},"image":{"@id":"https:\/\/dicodusport.fr\/blog\/atp-anvers-deuxieme-titre-daffilee-pour-felix-auger-aliassime\/#primaryimage"},"thumbnailUrl":"https:\/\/dicodusport.fr\/blog\/wp-content\/uploads\/2022\/10\/Felix-Auger-Aliassime-vainqueur-du-tournoi-dAnvers.jpg","datePublished":"2022-10-23T15:38:02+00:00","dateModified":"2022-10-23T16:39:53+00:00","description":"ATP ANVERS \u2013 Vainqueur \u00e0 Florence la semaine derni\u00e8re, F\u00e9lix Auger-Aliassime encha\u00eene avec une victoire 6-4 6-4 sur Sebastian Korda \u00e0 Anvers.","breadcrumb":{"@id":"https:\/\/dicodusport.fr\/blog\/atp-anvers-deuxieme-titre-daffilee-pour-felix-auger-aliassime\/#breadcrumb"},"inLanguage":"fr-FR","potentialAction":[{"@type":"ReadAction","target":["https:\/\/dicodusport.fr\/blog\/atp-anvers-deuxieme-titre-daffilee-pour-felix-auger-aliassime\/"]}]},{"@type":"ImageObject","inLanguage":"fr-FR","@id":"https:\/\/dicodusport.fr\/blog\/atp-anvers-deuxieme-titre-daffilee-pour-felix-auger-aliassime\/#primaryimage","url":"https:\/\/dicodusport.fr\/blog\/wp-content\/uploads\/2022\/10\/Felix-Auger-Aliassime-vainqueur-du-tournoi-dAnvers.jpg","contentUrl":"https:\/\/dicodusport.fr\/blog\/wp-content\/uploads\/2022\/10\/Felix-Auger-Aliassime-vainqueur-du-tournoi-dAnvers.jpg","width":800,"height":445,"caption":"F\u00e9lix Auger-Aliassime vainqueur du tournoi d'Anvers"},{"@type":"BreadcrumbList","@id":"https:\/\/dicodusport.fr\/blog\/atp-anvers-deuxieme-titre-daffilee-pour-felix-auger-aliassime\/#breadcrumb","itemListElement":[{"@type":"ListItem","position":1,"name":"Accueil","item":"https:\/\/dicodusport.fr\/blog\/"},{"@type":"ListItem","position":2,"name":"ATP Anvers : Deuxi\u00e8me titre d&rsquo;affil\u00e9e pour F\u00e9lix Auger-Aliassime"}]},{"@type":"WebSite","@id":"https:\/\/dicodusport.fr\/blog\/#website","url":"https:\/\/dicodusport.fr\/blog\/","name":"Dicodusport","description":"L&#039;encyclop\u00e9die de l&#039;actualit\u00e9 sportive","publisher":{"@id":"https:\/\/dicodusport.fr\/blog\/#organization"},"potentialAction":[{"@type":"SearchAction","target":{"@type":"EntryPoint","urlTemplate":"https:\/\/dicodusport.fr\/blog\/?s={search_term_string}"},"query-input":{"@type":"PropertyValueSpecification","valueRequired":true,"valueName":"search_term_string"}}],"inLanguage":"fr-FR"},{"@type":"NewsMediaOrganization","@id":"https:\/\/dicodusport.fr\/blog\/#organization","name":"Dicodusport","url":"https:\/\/dicodusport.fr\/blog\/","logo":{"@type":"ImageObject","inLanguage":"fr-FR","@id":"https:\/\/dicodusport.fr\/blog\/#\/schema\/logo\/image\/","url":"https:\/\/dicodusport.fr\/blog\/wp-content\/uploads\/2020\/06\/cropped-LOGO-DICODUSPORT-2020-SANS-FOND-SANS-TEXTE.png","contentUrl":"https:\/\/dicodusport.fr\/blog\/wp-content\/uploads\/2020\/06\/cropped-LOGO-DICODUSPORT-2020-SANS-FOND-SANS-TEXTE.png","width":512,"height":512,"caption":"Dicodusport"},"image":{"@id":"https:\/\/dicodusport.fr\/blog\/#\/schema\/logo\/image\/"},"sameAs":["https:\/\/www.facebook.com\/dicodusport","https:\/\/x.com\/dicodusport","https:\/\/www.instagram.com\/dicodusport\/","https:\/\/www.youtube.com\/channel\/UC7V2KZ5sd3htJivAbA4ZG3w"],"description":"Dicodusport est l'encyclop\u00e9die de l'actualit\u00e9 sportive.","email":"bonjour@dicodusport.fr","legalName":"DICODUSPORT","foundingDate":"2018-01-14","vatID":"FR71834470973","taxID":"83447097300043","numberOfEmployees":{"@type":"QuantitativeValue","minValue":"1","maxValue":"10"}},{"@type":"Person","@id":"https:\/\/dicodusport.fr\/blog\/#\/schema\/person\/cce96fa88785bd8573e3d43078ac8c79","name":"Arlette Yeye","image":{"@type":"ImageObject","inLanguage":"fr-FR","@id":"https:\/\/dicodusport.fr\/blog\/#\/schema\/person\/image\/","url":"https:\/\/secure.gravatar.com\/avatar\/dca4a6239e6d708e46c45d60e160de6c?s=96&d=wp_user_avatar&r=g","contentUrl":"https:\/\/secure.gravatar.com\/avatar\/dca4a6239e6d708e46c45d60e160de6c?s=96&d=wp_user_avatar&r=g","caption":"Arlette Yeye"},"description":"Journaliste\/r\u00e9dactrice depuis septembre 2015 - Supportrice de Chelsea, j'ai pour sports de pr\u00e9dilection le handball, l'athl\u00e9tisme et le tennis. Si je tweete plus vite que mon ombre, vous pouvez aussi me retrouver les week-ends sur les playgrounds de Bruxelles pour un petit foot ou basket entre potes. Parcourir la France, l'Europe et plus si affinit\u00e9s pour suivre mes sportifs pr\u00e9f\u00e9r\u00e9s ? Mon kif ! Et c'est avec plaisir que je partage les r\u00e9sultats des sports populaires mais \u00e9galement plus confidentiels pour Dicodusport.","sameAs":["https:\/\/x.com\/https:\/\/twitter.com\/Shiclette94"],"url":"https:\/\/dicodusport.fr\/blog\/author\/arlette\/"}]}},"_links":{"self":[{"href":"https:\/\/dicodusport.fr\/blog\/wp-json\/wp\/v2\/posts\/272569","targetHints":{"allow":["GET"]}}],"collection":[{"href":"https:\/\/dicodusport.fr\/blog\/wp-json\/wp\/v2\/posts"}],"about":[{"href":"https:\/\/dicodusport.fr\/blog\/wp-json\/wp\/v2\/types\/post"}],"author":[{"embeddable":true,"href":"https:\/\/dicodusport.fr\/blog\/wp-json\/wp\/v2\/users\/12"}],"replies":[{"embeddable":true,"href":"https:\/\/dicodusport.fr\/blog\/wp-json\/wp\/v2\/comments?post=272569"}],"version-history":[{"count":0,"href":"https:\/\/dicodusport.fr\/blog\/wp-json\/wp\/v2\/posts\/272569\/revisions"}],"wp:featuredmedia":[{"embeddable":true,"href":"https:\/\/dicodusport.fr\/blog\/wp-json\/wp\/v2\/media\/272653"}],"wp:attachment":[{"href":"https:\/\/dicodusport.fr\/blog\/wp-json\/wp\/v2\/media?parent=272569"}],"wp:term":[{"taxonomy":"category","embeddable":true,"href":"https:\/\/dicodusport.fr\/blog\/wp-json\/wp\/v2\/categories?post=272569"},{"taxonomy":"post_tag","embeddable":true,"href":"https:\/\/dicodusport.fr\/blog\/wp-json\/wp\/v2\/tags?post=272569"}],"curies":[{"name":"wp","href":"https:\/\/api.w.org\/{rel}","templated":true}]}}