{"id":272629,"date":"2022-10-23T18:21:16","date_gmt":"2022-10-23T16:21:16","guid":{"rendered":"https:\/\/dicodusport.fr\/blog\/?p=272629&#038;preview=true&#038;preview_id=272629"},"modified":"2022-10-23T19:50:16","modified_gmt":"2022-10-23T17:50:16","slug":"alexis-pinturault-je-pense-quil-faut-que-lon-raccroche-le-wagon","status":"publish","type":"post","link":"https:\/\/dicodusport.fr\/blog\/alexis-pinturault-je-pense-quil-faut-que-lon-raccroche-le-wagon\/","title":{"rendered":"Alexis Pinturault : \u00ab\u00a0Je pense qu\u2019il faut que l\u2019on raccroche le wagon\u00a0\u00bb"},"content":{"rendered":"<p style=\"text-align: justify;\"><b><i>COUPE DU MONDE DE SKI ALPIN 2022-2023 &#8211; Seulement <a href=\"https:\/\/dicodusport.fr\/blog\/classement-geant-hommes-solden-2022\/\">20\u00e8me du g\u00e9ant de S\u00f6lden<\/a>, Alexis Pinturault a fait le bilan de cette premi\u00e8re course chez nos confr\u00e8res de Ski Chrono.\u00a0<\/i><\/b><\/p>\n<p style=\"text-align: justify;\"><strong>Alexis<\/strong> <strong>Pinturault<\/strong> \u00e9tait tr\u00e8s loin de <strong>Marco<\/strong> <strong>Odermatt<\/strong> ce dimanche. Le <strong>Fran\u00e7ais<\/strong> a conscience de son retard mais ne s&rsquo;est pas alarm\u00e9 \u00e0 l&rsquo;issue de la deuxi\u00e8me manche.<\/p>\n<blockquote>\n<p style=\"text-align: justify;\">Le constat est diff\u00e9rent mais le r\u00e9sultat nous montre qu\u2019il y a beaucoup de travail. Apr\u00e8s dans l\u2019approche, la fa\u00e7on dont je me sens, il y a beaucoup de positif. On n\u2019est pas du tout l\u00e0 o\u00f9 j\u2019ai envie d\u2019\u00eatre. Je pense qu\u2019il faut que l\u2019on raccroche le wagon. Il faut que S\u00f6lden nous permette derri\u00e8re de pouvoir construire certaines choses\u2026<\/p>\n<\/blockquote>\n<p style=\"text-align: justify;\">Seulement troisi\u00e8me <strong>Fran\u00e7ais<\/strong> ce dimanche, le vainqueur du gros globe 2021 a ajout\u00e9 :<\/p>\n<blockquote>\n<p style=\"text-align: justify;\">Je suis pr\u00e9sent, je ne me sens pas en d\u00e9calage avec moi-m\u00eame. Le r\u00e9sultat ne se voit pas du tout (rires), mais il faut que je prenne mon mal en patience et que je construise. J\u2019ai du retard, je l\u2019ai bien compris.<\/p>\n<\/blockquote>\n<blockquote class=\"twitter-tweet\">\n<p dir=\"ltr\" lang=\"fr\">Ski alpin \/ \u00ab J\u2019ai du retard, je l\u2019ai bien compris \u00bb : la d\u00e9ception d\u2019Alexis Pinturault, 20e \u00e0 S\u00f6lden<a href=\"https:\/\/t.co\/2B56XOj2S6\">https:\/\/t.co\/2B56XOj2S6<\/a> <a href=\"https:\/\/t.co\/JhNTjFROqw\">pic.twitter.com\/JhNTjFROqw<\/a><\/p>\n<p>\u2014 Ski Chrono (@Ski_Chrono) <a href=\"https:\/\/twitter.com\/Ski_Chrono\/status\/1584190181447385089?ref_src=twsrc%5Etfw\">October 23, 2022<\/a><\/p><\/blockquote>\n<p style=\"text-align: justify;\"><script async src=\"https:\/\/platform.twitter.com\/widgets.js\" charset=\"utf-8\"><\/script><\/p>\n<h2>\u00c0 lire aussi<\/h2>\n<ul>\n<li><a href=\"https:\/\/dicodusport.fr\/blog\/ski-alpin-solden-marco-odermatt-remporte-le-geant-douverture\/\" target=\"_blank\" rel=\"noopener\"><strong>Ski alpin S\u00f6lden : Marco Odermatt remporte le g\u00e9ant d\u2019ouverture<\/strong><\/a><\/li>\n<\/ul>\n","protected":false},"excerpt":{"rendered":"<p>COUPE DU MONDE DE SKI ALPIN 2022-2023 &#8211; Seulement 20\u00e8me du g\u00e9ant de S\u00f6lden, Alexis Pinturault a fait le bilan de cette premi\u00e8re course chez nos confr\u00e8res de Ski Chrono.\u00a0<\/p>\n","protected":false},"author":1,"featured_media":272649,"comment_status":"open","ping_status":"closed","sticky":false,"template":"","format":"standard","meta":{"_acf_changed":false,"_daextam_enable_autolinks":"","footnotes":""},"categories":[47084],"tags":[2806,3328],"class_list":["post-272629","post","type-post","status-publish","format-standard","has-post-thumbnail","hentry","category-coupe-du-monde-ski-alpin","tag-alexis-pinturault","tag-pinturault"],"acf":[],"yoast_head":"<!-- This site is optimized with the Yoast SEO Premium plugin v26.7 (Yoast SEO v26.7) - https:\/\/yoast.com\/wordpress\/plugins\/seo\/ -->\n<title>Alexis Pinturault : &quot;Je pense qu\u2019il faut que l\u2019on raccroche le wagon&quot;<\/title>\n<meta name=\"description\" content=\"Seulement 20\u00e8me du g\u00e9ant de S\u00f6lden, Alexis Pinturault a fait le bilan de cette premi\u00e8re course chez nos confr\u00e8res de Ski Chrono.\u00a0\" \/>\n<meta name=\"robots\" content=\"index, follow, max-snippet:-1, max-image-preview:large, max-video-preview:-1\" \/>\n<link rel=\"canonical\" href=\"https:\/\/dicodusport.fr\/blog\/alexis-pinturault-je-pense-quil-faut-que-lon-raccroche-le-wagon\/\" \/>\n<meta property=\"og:locale\" content=\"fr_FR\" \/>\n<meta property=\"og:type\" content=\"article\" \/>\n<meta property=\"og:title\" content=\"Alexis Pinturault : &quot;Je pense qu\u2019il faut que l\u2019on raccroche le wagon&quot;\" \/>\n<meta property=\"og:description\" content=\"Seulement 20\u00e8me du g\u00e9ant de S\u00f6lden, Alexis Pinturault a fait le bilan de cette premi\u00e8re course chez nos confr\u00e8res de Ski Chrono.\u00a0\" \/>\n<meta property=\"og:url\" content=\"https:\/\/dicodusport.fr\/blog\/alexis-pinturault-je-pense-quil-faut-que-lon-raccroche-le-wagon\/\" \/>\n<meta property=\"og:site_name\" content=\"Dicodusport\" \/>\n<meta property=\"article:publisher\" content=\"https:\/\/www.facebook.com\/dicodusport\" \/>\n<meta property=\"article:author\" content=\"https:\/\/www.facebook.com\/dicodusport\" \/>\n<meta property=\"article:published_time\" content=\"2022-10-23T16:21:16+00:00\" \/>\n<meta property=\"article:modified_time\" content=\"2022-10-23T17:50:16+00:00\" \/>\n<meta property=\"og:image\" content=\"https:\/\/dicodusport.fr\/blog\/wp-content\/uploads\/2022\/10\/Alexis-Pinturault-Je-pense-quil-faut-que-lon-raccroche-le-wagon.png\" \/>\n\t<meta property=\"og:image:width\" content=\"800\" \/>\n\t<meta property=\"og:image:height\" content=\"445\" \/>\n\t<meta property=\"og:image:type\" content=\"image\/png\" \/>\n<meta name=\"author\" content=\"Nicolas Jacquemard\" \/>\n<meta name=\"twitter:card\" content=\"summary_large_image\" \/>\n<meta name=\"twitter:title\" content=\"Alexis Pinturault : &quot;Je pense qu\u2019il faut que l\u2019on raccroche le wagon&quot;\" \/>\n<meta name=\"twitter:creator\" content=\"@https:\/\/twitter.com\/Nico_Jacquemard\" \/>\n<meta name=\"twitter:site\" content=\"@dicodusport\" \/>\n<script type=\"application\/ld+json\" class=\"yoast-schema-graph\">{\"@context\":\"https:\/\/schema.org\",\"@graph\":[{\"@type\":\"NewsArticle\",\"@id\":\"https:\/\/dicodusport.fr\/blog\/alexis-pinturault-je-pense-quil-faut-que-lon-raccroche-le-wagon\/#article\",\"isPartOf\":{\"@id\":\"https:\/\/dicodusport.fr\/blog\/alexis-pinturault-je-pense-quil-faut-que-lon-raccroche-le-wagon\/\"},\"author\":{\"name\":\"Nicolas Jacquemard\",\"@id\":\"https:\/\/dicodusport.fr\/blog\/#\/schema\/person\/55dcb50ad410894e431ed812bbb70191\"},\"headline\":\"Alexis Pinturault : \u00ab\u00a0Je pense qu\u2019il faut que l\u2019on raccroche le wagon\u00a0\u00bb\",\"datePublished\":\"2022-10-23T16:21:16+00:00\",\"dateModified\":\"2022-10-23T17:50:16+00:00\",\"mainEntityOfPage\":{\"@id\":\"https:\/\/dicodusport.fr\/blog\/alexis-pinturault-je-pense-quil-faut-que-lon-raccroche-le-wagon\/\"},\"wordCount\":263,\"commentCount\":0,\"publisher\":{\"@id\":\"https:\/\/dicodusport.fr\/blog\/#organization\"},\"image\":{\"@id\":\"https:\/\/dicodusport.fr\/blog\/alexis-pinturault-je-pense-quil-faut-que-lon-raccroche-le-wagon\/#primaryimage\"},\"thumbnailUrl\":\"https:\/\/dicodusport.fr\/blog\/wp-content\/uploads\/2022\/10\/Alexis-Pinturault-Je-pense-quil-faut-que-lon-raccroche-le-wagon.png\",\"keywords\":[\"Alexis Pinturault\",\"Pinturault\"],\"articleSection\":[\"Coupe du monde de ski alpin\"],\"inLanguage\":\"fr-FR\",\"potentialAction\":[{\"@type\":\"CommentAction\",\"name\":\"Comment\",\"target\":[\"https:\/\/dicodusport.fr\/blog\/alexis-pinturault-je-pense-quil-faut-que-lon-raccroche-le-wagon\/#respond\"]}],\"copyrightYear\":\"2022\",\"copyrightHolder\":{\"@id\":\"https:\/\/dicodusport.fr\/blog\/#organization\"}},{\"@type\":\"WebPage\",\"@id\":\"https:\/\/dicodusport.fr\/blog\/alexis-pinturault-je-pense-quil-faut-que-lon-raccroche-le-wagon\/\",\"url\":\"https:\/\/dicodusport.fr\/blog\/alexis-pinturault-je-pense-quil-faut-que-lon-raccroche-le-wagon\/\",\"name\":\"Alexis Pinturault : \\\"Je pense qu\u2019il faut que l\u2019on raccroche le wagon\\\"\",\"isPartOf\":{\"@id\":\"https:\/\/dicodusport.fr\/blog\/#website\"},\"primaryImageOfPage\":{\"@id\":\"https:\/\/dicodusport.fr\/blog\/alexis-pinturault-je-pense-quil-faut-que-lon-raccroche-le-wagon\/#primaryimage\"},\"image\":{\"@id\":\"https:\/\/dicodusport.fr\/blog\/alexis-pinturault-je-pense-quil-faut-que-lon-raccroche-le-wagon\/#primaryimage\"},\"thumbnailUrl\":\"https:\/\/dicodusport.fr\/blog\/wp-content\/uploads\/2022\/10\/Alexis-Pinturault-Je-pense-quil-faut-que-lon-raccroche-le-wagon.png\",\"datePublished\":\"2022-10-23T16:21:16+00:00\",\"dateModified\":\"2022-10-23T17:50:16+00:00\",\"description\":\"Seulement 20\u00e8me du g\u00e9ant de S\u00f6lden, Alexis Pinturault a fait le bilan de cette premi\u00e8re course chez nos confr\u00e8res de Ski Chrono.\u00a0\",\"breadcrumb\":{\"@id\":\"https:\/\/dicodusport.fr\/blog\/alexis-pinturault-je-pense-quil-faut-que-lon-raccroche-le-wagon\/#breadcrumb\"},\"inLanguage\":\"fr-FR\",\"potentialAction\":[{\"@type\":\"ReadAction\",\"target\":[\"https:\/\/dicodusport.fr\/blog\/alexis-pinturault-je-pense-quil-faut-que-lon-raccroche-le-wagon\/\"]}]},{\"@type\":\"ImageObject\",\"inLanguage\":\"fr-FR\",\"@id\":\"https:\/\/dicodusport.fr\/blog\/alexis-pinturault-je-pense-quil-faut-que-lon-raccroche-le-wagon\/#primaryimage\",\"url\":\"https:\/\/dicodusport.fr\/blog\/wp-content\/uploads\/2022\/10\/Alexis-Pinturault-Je-pense-quil-faut-que-lon-raccroche-le-wagon.png\",\"contentUrl\":\"https:\/\/dicodusport.fr\/blog\/wp-content\/uploads\/2022\/10\/Alexis-Pinturault-Je-pense-quil-faut-que-lon-raccroche-le-wagon.png\",\"width\":800,\"height\":445},{\"@type\":\"BreadcrumbList\",\"@id\":\"https:\/\/dicodusport.fr\/blog\/alexis-pinturault-je-pense-quil-faut-que-lon-raccroche-le-wagon\/#breadcrumb\",\"itemListElement\":[{\"@type\":\"ListItem\",\"position\":1,\"name\":\"Accueil\",\"item\":\"https:\/\/dicodusport.fr\/blog\/\"},{\"@type\":\"ListItem\",\"position\":2,\"name\":\"Alexis Pinturault : \u00ab\u00a0Je pense qu\u2019il faut que l\u2019on raccroche le wagon\u00a0\u00bb\"}]},{\"@type\":\"WebSite\",\"@id\":\"https:\/\/dicodusport.fr\/blog\/#website\",\"url\":\"https:\/\/dicodusport.fr\/blog\/\",\"name\":\"Dicodusport\",\"description\":\"L&#039;encyclop\u00e9die de l&#039;actualit\u00e9 sportive\",\"publisher\":{\"@id\":\"https:\/\/dicodusport.fr\/blog\/#organization\"},\"potentialAction\":[{\"@type\":\"SearchAction\",\"target\":{\"@type\":\"EntryPoint\",\"urlTemplate\":\"https:\/\/dicodusport.fr\/blog\/?s={search_term_string}\"},\"query-input\":{\"@type\":\"PropertyValueSpecification\",\"valueRequired\":true,\"valueName\":\"search_term_string\"}}],\"inLanguage\":\"fr-FR\"},{\"@type\":\"NewsMediaOrganization\",\"@id\":\"https:\/\/dicodusport.fr\/blog\/#organization\",\"name\":\"Dicodusport\",\"url\":\"https:\/\/dicodusport.fr\/blog\/\",\"logo\":{\"@type\":\"ImageObject\",\"inLanguage\":\"fr-FR\",\"@id\":\"https:\/\/dicodusport.fr\/blog\/#\/schema\/logo\/image\/\",\"url\":\"https:\/\/dicodusport.fr\/blog\/wp-content\/uploads\/2020\/06\/cropped-LOGO-DICODUSPORT-2020-SANS-FOND-SANS-TEXTE.png\",\"contentUrl\":\"https:\/\/dicodusport.fr\/blog\/wp-content\/uploads\/2020\/06\/cropped-LOGO-DICODUSPORT-2020-SANS-FOND-SANS-TEXTE.png\",\"width\":512,\"height\":512,\"caption\":\"Dicodusport\"},\"image\":{\"@id\":\"https:\/\/dicodusport.fr\/blog\/#\/schema\/logo\/image\/\"},\"sameAs\":[\"https:\/\/www.facebook.com\/dicodusport\",\"https:\/\/x.com\/dicodusport\",\"https:\/\/www.instagram.com\/dicodusport\/\",\"https:\/\/www.youtube.com\/channel\/UC7V2KZ5sd3htJivAbA4ZG3w\"],\"description\":\"Dicodusport est l'encyclop\u00e9die de l'actualit\u00e9 sportive.\",\"email\":\"bonjour@dicodusport.fr\",\"legalName\":\"DICODUSPORT\",\"foundingDate\":\"2018-01-14\",\"vatID\":\"FR71834470973\",\"taxID\":\"83447097300043\",\"numberOfEmployees\":{\"@type\":\"QuantitativeValue\",\"minValue\":\"1\",\"maxValue\":\"10\"}},{\"@type\":\"Person\",\"@id\":\"https:\/\/dicodusport.fr\/blog\/#\/schema\/person\/55dcb50ad410894e431ed812bbb70191\",\"name\":\"Nicolas Jacquemard\",\"image\":{\"@type\":\"ImageObject\",\"inLanguage\":\"fr-FR\",\"@id\":\"https:\/\/dicodusport.fr\/blog\/#\/schema\/person\/image\/\",\"url\":\"https:\/\/dicodusport.fr\/blog\/wp-content\/uploads\/2021\/05\/Nicolas-Jacquemard-150x150.jpeg\",\"contentUrl\":\"https:\/\/dicodusport.fr\/blog\/wp-content\/uploads\/2021\/05\/Nicolas-Jacquemard-150x150.jpeg\",\"caption\":\"Nicolas Jacquemard\"},\"description\":\"Passionn\u00e9 de sport et entrepreneur depuis mes 18 ans, la cr\u00e9ation de Dicodusport m'a sembl\u00e9 \u00e9vidente pour participer \u00e0 la m\u00e9diatisation d'un plus grand nombre de sports. Le chemin est long mais avec une \u00e9quipe des plus motiv\u00e9es et les Jeux Olympiques de Paris 2024 en point de mire, nous y arriverons ! Journaliste dans le monde du sport depuis plus de 5 ans, je traite aussi bien de football, de rugby, de biathlon que de cyclisme.\",\"sameAs\":[\"https:\/\/www.facebook.com\/dicodusport\",\"https:\/\/x.com\/https:\/\/twitter.com\/Nico_Jacquemard\"],\"url\":\"https:\/\/dicodusport.fr\/blog\/author\/dicodusport\/\"}]}<\/script>\n<!-- \/ Yoast SEO Premium plugin. -->","yoast_head_json":{"title":"Alexis Pinturault : \"Je pense qu\u2019il faut que l\u2019on raccroche le wagon\"","description":"Seulement 20\u00e8me du g\u00e9ant de S\u00f6lden, Alexis Pinturault a fait le bilan de cette premi\u00e8re course chez nos confr\u00e8res de Ski Chrono.\u00a0","robots":{"index":"index","follow":"follow","max-snippet":"max-snippet:-1","max-image-preview":"max-image-preview:large","max-video-preview":"max-video-preview:-1"},"canonical":"https:\/\/dicodusport.fr\/blog\/alexis-pinturault-je-pense-quil-faut-que-lon-raccroche-le-wagon\/","og_locale":"fr_FR","og_type":"article","og_title":"Alexis Pinturault : \"Je pense qu\u2019il faut que l\u2019on raccroche le wagon\"","og_description":"Seulement 20\u00e8me du g\u00e9ant de S\u00f6lden, Alexis Pinturault a fait le bilan de cette premi\u00e8re course chez nos confr\u00e8res de Ski Chrono.\u00a0","og_url":"https:\/\/dicodusport.fr\/blog\/alexis-pinturault-je-pense-quil-faut-que-lon-raccroche-le-wagon\/","og_site_name":"Dicodusport","article_publisher":"https:\/\/www.facebook.com\/dicodusport","article_author":"https:\/\/www.facebook.com\/dicodusport","article_published_time":"2022-10-23T16:21:16+00:00","article_modified_time":"2022-10-23T17:50:16+00:00","og_image":[{"width":800,"height":445,"url":"https:\/\/dicodusport.fr\/blog\/wp-content\/uploads\/2022\/10\/Alexis-Pinturault-Je-pense-quil-faut-que-lon-raccroche-le-wagon.png","type":"image\/png"}],"author":"Nicolas Jacquemard","twitter_card":"summary_large_image","twitter_title":"Alexis Pinturault : \"Je pense qu\u2019il faut que l\u2019on raccroche le wagon\"","twitter_creator":"@https:\/\/twitter.com\/Nico_Jacquemard","twitter_site":"@dicodusport","schema":{"@context":"https:\/\/schema.org","@graph":[{"@type":"NewsArticle","@id":"https:\/\/dicodusport.fr\/blog\/alexis-pinturault-je-pense-quil-faut-que-lon-raccroche-le-wagon\/#article","isPartOf":{"@id":"https:\/\/dicodusport.fr\/blog\/alexis-pinturault-je-pense-quil-faut-que-lon-raccroche-le-wagon\/"},"author":{"name":"Nicolas Jacquemard","@id":"https:\/\/dicodusport.fr\/blog\/#\/schema\/person\/55dcb50ad410894e431ed812bbb70191"},"headline":"Alexis Pinturault : \u00ab\u00a0Je pense qu\u2019il faut que l\u2019on raccroche le wagon\u00a0\u00bb","datePublished":"2022-10-23T16:21:16+00:00","dateModified":"2022-10-23T17:50:16+00:00","mainEntityOfPage":{"@id":"https:\/\/dicodusport.fr\/blog\/alexis-pinturault-je-pense-quil-faut-que-lon-raccroche-le-wagon\/"},"wordCount":263,"commentCount":0,"publisher":{"@id":"https:\/\/dicodusport.fr\/blog\/#organization"},"image":{"@id":"https:\/\/dicodusport.fr\/blog\/alexis-pinturault-je-pense-quil-faut-que-lon-raccroche-le-wagon\/#primaryimage"},"thumbnailUrl":"https:\/\/dicodusport.fr\/blog\/wp-content\/uploads\/2022\/10\/Alexis-Pinturault-Je-pense-quil-faut-que-lon-raccroche-le-wagon.png","keywords":["Alexis Pinturault","Pinturault"],"articleSection":["Coupe du monde de ski alpin"],"inLanguage":"fr-FR","potentialAction":[{"@type":"CommentAction","name":"Comment","target":["https:\/\/dicodusport.fr\/blog\/alexis-pinturault-je-pense-quil-faut-que-lon-raccroche-le-wagon\/#respond"]}],"copyrightYear":"2022","copyrightHolder":{"@id":"https:\/\/dicodusport.fr\/blog\/#organization"}},{"@type":"WebPage","@id":"https:\/\/dicodusport.fr\/blog\/alexis-pinturault-je-pense-quil-faut-que-lon-raccroche-le-wagon\/","url":"https:\/\/dicodusport.fr\/blog\/alexis-pinturault-je-pense-quil-faut-que-lon-raccroche-le-wagon\/","name":"Alexis Pinturault : \"Je pense qu\u2019il faut que l\u2019on raccroche le wagon\"","isPartOf":{"@id":"https:\/\/dicodusport.fr\/blog\/#website"},"primaryImageOfPage":{"@id":"https:\/\/dicodusport.fr\/blog\/alexis-pinturault-je-pense-quil-faut-que-lon-raccroche-le-wagon\/#primaryimage"},"image":{"@id":"https:\/\/dicodusport.fr\/blog\/alexis-pinturault-je-pense-quil-faut-que-lon-raccroche-le-wagon\/#primaryimage"},"thumbnailUrl":"https:\/\/dicodusport.fr\/blog\/wp-content\/uploads\/2022\/10\/Alexis-Pinturault-Je-pense-quil-faut-que-lon-raccroche-le-wagon.png","datePublished":"2022-10-23T16:21:16+00:00","dateModified":"2022-10-23T17:50:16+00:00","description":"Seulement 20\u00e8me du g\u00e9ant de S\u00f6lden, Alexis Pinturault a fait le bilan de cette premi\u00e8re course chez nos confr\u00e8res de Ski Chrono.\u00a0","breadcrumb":{"@id":"https:\/\/dicodusport.fr\/blog\/alexis-pinturault-je-pense-quil-faut-que-lon-raccroche-le-wagon\/#breadcrumb"},"inLanguage":"fr-FR","potentialAction":[{"@type":"ReadAction","target":["https:\/\/dicodusport.fr\/blog\/alexis-pinturault-je-pense-quil-faut-que-lon-raccroche-le-wagon\/"]}]},{"@type":"ImageObject","inLanguage":"fr-FR","@id":"https:\/\/dicodusport.fr\/blog\/alexis-pinturault-je-pense-quil-faut-que-lon-raccroche-le-wagon\/#primaryimage","url":"https:\/\/dicodusport.fr\/blog\/wp-content\/uploads\/2022\/10\/Alexis-Pinturault-Je-pense-quil-faut-que-lon-raccroche-le-wagon.png","contentUrl":"https:\/\/dicodusport.fr\/blog\/wp-content\/uploads\/2022\/10\/Alexis-Pinturault-Je-pense-quil-faut-que-lon-raccroche-le-wagon.png","width":800,"height":445},{"@type":"BreadcrumbList","@id":"https:\/\/dicodusport.fr\/blog\/alexis-pinturault-je-pense-quil-faut-que-lon-raccroche-le-wagon\/#breadcrumb","itemListElement":[{"@type":"ListItem","position":1,"name":"Accueil","item":"https:\/\/dicodusport.fr\/blog\/"},{"@type":"ListItem","position":2,"name":"Alexis Pinturault : \u00ab\u00a0Je pense qu\u2019il faut que l\u2019on raccroche le wagon\u00a0\u00bb"}]},{"@type":"WebSite","@id":"https:\/\/dicodusport.fr\/blog\/#website","url":"https:\/\/dicodusport.fr\/blog\/","name":"Dicodusport","description":"L&#039;encyclop\u00e9die de l&#039;actualit\u00e9 sportive","publisher":{"@id":"https:\/\/dicodusport.fr\/blog\/#organization"},"potentialAction":[{"@type":"SearchAction","target":{"@type":"EntryPoint","urlTemplate":"https:\/\/dicodusport.fr\/blog\/?s={search_term_string}"},"query-input":{"@type":"PropertyValueSpecification","valueRequired":true,"valueName":"search_term_string"}}],"inLanguage":"fr-FR"},{"@type":"NewsMediaOrganization","@id":"https:\/\/dicodusport.fr\/blog\/#organization","name":"Dicodusport","url":"https:\/\/dicodusport.fr\/blog\/","logo":{"@type":"ImageObject","inLanguage":"fr-FR","@id":"https:\/\/dicodusport.fr\/blog\/#\/schema\/logo\/image\/","url":"https:\/\/dicodusport.fr\/blog\/wp-content\/uploads\/2020\/06\/cropped-LOGO-DICODUSPORT-2020-SANS-FOND-SANS-TEXTE.png","contentUrl":"https:\/\/dicodusport.fr\/blog\/wp-content\/uploads\/2020\/06\/cropped-LOGO-DICODUSPORT-2020-SANS-FOND-SANS-TEXTE.png","width":512,"height":512,"caption":"Dicodusport"},"image":{"@id":"https:\/\/dicodusport.fr\/blog\/#\/schema\/logo\/image\/"},"sameAs":["https:\/\/www.facebook.com\/dicodusport","https:\/\/x.com\/dicodusport","https:\/\/www.instagram.com\/dicodusport\/","https:\/\/www.youtube.com\/channel\/UC7V2KZ5sd3htJivAbA4ZG3w"],"description":"Dicodusport est l'encyclop\u00e9die de l'actualit\u00e9 sportive.","email":"bonjour@dicodusport.fr","legalName":"DICODUSPORT","foundingDate":"2018-01-14","vatID":"FR71834470973","taxID":"83447097300043","numberOfEmployees":{"@type":"QuantitativeValue","minValue":"1","maxValue":"10"}},{"@type":"Person","@id":"https:\/\/dicodusport.fr\/blog\/#\/schema\/person\/55dcb50ad410894e431ed812bbb70191","name":"Nicolas Jacquemard","image":{"@type":"ImageObject","inLanguage":"fr-FR","@id":"https:\/\/dicodusport.fr\/blog\/#\/schema\/person\/image\/","url":"https:\/\/dicodusport.fr\/blog\/wp-content\/uploads\/2021\/05\/Nicolas-Jacquemard-150x150.jpeg","contentUrl":"https:\/\/dicodusport.fr\/blog\/wp-content\/uploads\/2021\/05\/Nicolas-Jacquemard-150x150.jpeg","caption":"Nicolas Jacquemard"},"description":"Passionn\u00e9 de sport et entrepreneur depuis mes 18 ans, la cr\u00e9ation de Dicodusport m'a sembl\u00e9 \u00e9vidente pour participer \u00e0 la m\u00e9diatisation d'un plus grand nombre de sports. Le chemin est long mais avec une \u00e9quipe des plus motiv\u00e9es et les Jeux Olympiques de Paris 2024 en point de mire, nous y arriverons ! Journaliste dans le monde du sport depuis plus de 5 ans, je traite aussi bien de football, de rugby, de biathlon que de cyclisme.","sameAs":["https:\/\/www.facebook.com\/dicodusport","https:\/\/x.com\/https:\/\/twitter.com\/Nico_Jacquemard"],"url":"https:\/\/dicodusport.fr\/blog\/author\/dicodusport\/"}]}},"_links":{"self":[{"href":"https:\/\/dicodusport.fr\/blog\/wp-json\/wp\/v2\/posts\/272629","targetHints":{"allow":["GET"]}}],"collection":[{"href":"https:\/\/dicodusport.fr\/blog\/wp-json\/wp\/v2\/posts"}],"about":[{"href":"https:\/\/dicodusport.fr\/blog\/wp-json\/wp\/v2\/types\/post"}],"author":[{"embeddable":true,"href":"https:\/\/dicodusport.fr\/blog\/wp-json\/wp\/v2\/users\/1"}],"replies":[{"embeddable":true,"href":"https:\/\/dicodusport.fr\/blog\/wp-json\/wp\/v2\/comments?post=272629"}],"version-history":[{"count":0,"href":"https:\/\/dicodusport.fr\/blog\/wp-json\/wp\/v2\/posts\/272629\/revisions"}],"wp:featuredmedia":[{"embeddable":true,"href":"https:\/\/dicodusport.fr\/blog\/wp-json\/wp\/v2\/media\/272649"}],"wp:attachment":[{"href":"https:\/\/dicodusport.fr\/blog\/wp-json\/wp\/v2\/media?parent=272629"}],"wp:term":[{"taxonomy":"category","embeddable":true,"href":"https:\/\/dicodusport.fr\/blog\/wp-json\/wp\/v2\/categories?post=272629"},{"taxonomy":"post_tag","embeddable":true,"href":"https:\/\/dicodusport.fr\/blog\/wp-json\/wp\/v2\/tags?post=272629"}],"curies":[{"name":"wp","href":"https:\/\/api.w.org\/{rel}","templated":true}]}}