{"id":272661,"date":"2022-10-23T20:29:51","date_gmt":"2022-10-23T18:29:51","guid":{"rendered":"https:\/\/dicodusport.fr\/blog\/?p=272661&#038;preview=true&#038;preview_id=272661"},"modified":"2022-10-23T20:29:51","modified_gmt":"2022-10-23T18:29:51","slug":"felix-auger-aliassime-aujourdhui-jarrive-a-produire-mon-meilleur-tennis-aussi-en-finale","status":"publish","type":"post","link":"https:\/\/dicodusport.fr\/blog\/felix-auger-aliassime-aujourdhui-jarrive-a-produire-mon-meilleur-tennis-aussi-en-finale\/","title":{"rendered":"F\u00e9lix Auger-Aliassime : \u00ab\u00a0Aujourd&rsquo;hui j&rsquo;arrive \u00e0 produire mon meilleur tennis aussi en finale\u00a0\u00bb"},"content":{"rendered":"<p style=\"text-align: justify;\"><strong><em>TENNIS \u2013 Brillant <a title=\"ATP Anvers : Deuxi\u00e8me titre d\u2019affil\u00e9e pour F\u00e9lix Auger-Aliassime\" href=\"https:\/\/dicodusport.fr\/blog\/atp-anvers-deuxieme-titre-daffilee-pour-felix-auger-aliassime\/\" target=\"_blank\" rel=\"noopener\">vainqueur \u00e0 Anvers<\/a> face \u00e0 Sebastian Korda, F\u00e9lix Auger-Aliassime s&rsquo;est exprim\u00e9 sur ce qui a march\u00e9 pour lui cette semaine et cette ann\u00e9e en g\u00e9n\u00e9ral.<br \/>\n<\/em><\/strong><\/p>\n<p style=\"text-align: justify;\">Apr\u00e8s ses deux titres \u00e0 Florence et Anvers, F\u00e9lix Auger-Aliassime est plus que jamais en bonne position pour une participation au <strong>Masters de fin d&rsquo;ann\u00e9e<\/strong> \u00e0 Turin. Il s&rsquo;est confi\u00e9 sur ce que \u00e7a repr\u00e9sente pour lui et sa satisfaction sur sa semaine \u00e0 Anvers.<\/p>\n<blockquote>\n<p style=\"text-align: justify;\">\u00c7a serait un bel accomplissement, un bel objectif. C&rsquo;est s\u00fbr qu&rsquo;en d\u00e9but d&rsquo;ann\u00e9e dans ma position, c&rsquo;\u00e9tait un objectif r\u00e9aliste mais \u00e7a reste chaque ann\u00e9e difficile. Les joueurs se battent tous pour cette position. Il y a des bons joueurs qui m\u00e9ritent d&rsquo;y \u00eatre. Donc \u00e7a serait un tr\u00e8s bel accomplissement m\u00eame si j&rsquo;ai la conviction que j&rsquo;y serai cette ann\u00e9e mais d&rsquo;y aller pour la premi\u00e8re fois c&rsquo;est quand m\u00eame un plaisir.<\/p>\n<p style=\"text-align: justify;\">Ce n&rsquo;est pas le tournoi le plus connu. Quand j\u2019\u00e9tais petit on voyait plut\u00f4t les Grands Chelems, mais c&rsquo;est vrai que quand j&rsquo;ai commenc\u00e9 adolescent \u00e0 vraiment suivre le circuit ATP, j&rsquo;ai vu ce que \u00e7a repr\u00e9sentait le Masters et les joueurs qui y \u00e9taient. Donc gagner un tournoi comme celui-ci c&rsquo;est un r\u00eave.<\/p>\n<\/blockquote>\n<p style=\"text-align: justify;\">Sur ce qui l&rsquo;a rendu le plus fier \u00e0 Anvers :<\/p>\n<blockquote>\n<p style=\"text-align: justify;\">Gagner c&rsquo;est l&rsquo;essentiel mais la fa\u00e7on aussi c&rsquo;est important. J&rsquo;ai \u00e9t\u00e9 fid\u00e8le \u00e0 mon jeu, fid\u00e8le \u00e0 moi-m\u00eame, j&rsquo;ai jou\u00e9 avec aplomb et conviction et c&rsquo;est ce que je veux faire de plus en plus. Encore une fois de r\u00e9ussir \u00e0 mettre en place ce que je voulais mettre en place, depuis cette ann\u00e9e mais aussi chaque semaine et r\u00e9ussir \u00e0 le faire de fa\u00e7on constante et de fournir l&rsquo;effort match apr\u00e8s match, dans des moments plus difficiles, c&rsquo;est \u00e7a aussi dont je suis fier au-dessus des victoires.<\/p>\n<p style=\"text-align: justify;\">J&rsquo;ai pris beaucoup de plaisir. J&rsquo;\u00e9tais venu une fois mais dans une autre position \u00e9videmment : j&rsquo;avais 18 ans, je jouais les qualifs, et l\u00e0 de venir comme t\u00eate de s\u00e9rie haute dans le tournoi, d&rsquo;\u00eatre attendu \u00e9videmment, de jouer chaque soir sur le central avec un public quasiment plein et de jouer avec brio c&rsquo;\u00e9st un plaisir. Il ya plein de choses qui fonctionnaient bien dans mon jeu : j&rsquo;ai extr\u00eamement bien servi, je me sentais bien physiquement. Je pense vraiment avoir bien exploit\u00e9 toutes mes capacit\u00e9s, tout mon jeu en d\u00e9fense comme en attaque. C&rsquo;est comme \u00e7a que tu prends beaucoup de plaisir comme joueur sur le terrain.<\/p>\n<\/blockquote>\n<p>Alors que de 2019 \u00e0 2021 il avait encha\u00een\u00e9 <strong>8 d\u00e9faites en finale<\/strong>, le Canadien s&rsquo;\u00e9tait impos\u00e9 \u00e0 <strong>Rotterdam<\/strong> d\u00e9but f\u00e9vrier, pour son premier titre. Avec <strong>3 titres<\/strong> cette ann\u00e9e, il fait remonter son pourcentage de victoires en finale.<\/p>\n<blockquote>\n<p style=\"text-align: justify;\">Cette ann\u00e9e c&rsquo;est beaucoup mieux (en finale, NDLR). D\u00e9j\u00e0 je suis un meilleur joueur que j&rsquo;\u00e9tais les ann\u00e9es pr\u00e9c\u00e9dentes. Quand je perdais en finale, il y a plusieurs finales o\u00f9 je n&rsquo;ai pas mal jou\u00e9 mais j&rsquo;ai jou\u00e9 des joueurs qui \u00e9taient juste meilleurs que mois. Je peux me souvenir de peut-\u00eatre 2 finales o\u00f9 je suis nettement pass\u00e9 \u00e0 c\u00f4t\u00e9 de mon match, o\u00f9 j&rsquo;ai vraiment fait un mauvais match par rapport \u00e0 mes capacit\u00e9s. Donc c&rsquo;est s\u00fbr que de gagner ce premier titre en d\u00e9but d&rsquo;ann\u00e9e mais aussi un peu avant en ATP Cup, de jouer un match aussi important pour mon pays et le remporter, apr\u00e8s Rotterdam et ainsi de suite, \u00e0 plein d&rsquo;autres moments, pas seulement en finale mais remporter des matchs accroch\u00e9s \u00e0 certains moments, \u00e7a m&rsquo;a donn\u00e9 confiance sur ma capacit\u00e9 \u00e0 bien jouer dans les moments importants. Aujourd&rsquo;hui j&rsquo;arrive \u00e0 produire mon meilleur tennis aussi en finale, comme je l&rsquo;ai fait auparavant plus jeune en juniors, en challenger. Donc c&rsquo;est tr\u00e8s bien d&rsquo;\u00eatre maintenant \u00e0 cette \u00e9tape, mais \u00e7a ne garantit rien pour la suite.<\/p>\n<\/blockquote>\n","protected":false},"excerpt":{"rendered":"<p>TENNIS \u2013 Brillant vainqueur \u00e0 Anvers face \u00e0 Sebastian Korda, F\u00e9lix Auger-Aliassime s&rsquo;est exprim\u00e9 sur ce qui a march\u00e9 pour lui cette semaine et cette ann\u00e9e en g\u00e9n\u00e9ral.<\/p>\n","protected":false},"author":12,"featured_media":272680,"comment_status":"open","ping_status":"closed","sticky":false,"template":"","format":"standard","meta":{"_acf_changed":false,"_daextam_enable_autolinks":"","footnotes":""},"categories":[2302],"tags":[19866,12162,4065],"class_list":["post-272661","post","type-post","status-publish","format-standard","has-post-thumbnail","hentry","category-tennis","tag-atp-250-anvers","tag-european-open","tag-felix-auger-aliassime"],"acf":[],"yoast_head":"<!-- This site is optimized with the Yoast SEO Premium plugin v26.7 (Yoast SEO v26.7) - https:\/\/yoast.com\/wordpress\/plugins\/seo\/ -->\n<title>F\u00e9lix Auger-Aliassime : &quot;Aujourd&#039;hui j&#039;arrive \u00e0 produire mon meilleur tennis aussi en finale&quot;<\/title>\n<meta name=\"description\" content=\"Vainqueur \u00e0 Anvers face \u00e0 Sebastian Korda, F\u00e9lix Auger-Aliassime s&#039;est exprim\u00e9 sur ce qui a march\u00e9 pour lui cette semaine.\" \/>\n<meta name=\"robots\" content=\"index, follow, max-snippet:-1, max-image-preview:large, max-video-preview:-1\" \/>\n<link rel=\"canonical\" href=\"https:\/\/dicodusport.fr\/blog\/felix-auger-aliassime-aujourdhui-jarrive-a-produire-mon-meilleur-tennis-aussi-en-finale\/\" \/>\n<meta property=\"og:locale\" content=\"fr_FR\" \/>\n<meta property=\"og:type\" content=\"article\" \/>\n<meta property=\"og:title\" content=\"F\u00e9lix Auger-Aliassime : &quot;Aujourd&#039;hui j&#039;arrive \u00e0 produire mon meilleur tennis aussi en finale&quot;\" \/>\n<meta property=\"og:description\" content=\"Vainqueur \u00e0 Anvers face \u00e0 Sebastian Korda, F\u00e9lix Auger-Aliassime s&#039;est exprim\u00e9 sur ce qui a march\u00e9 pour lui cette semaine.\" \/>\n<meta property=\"og:url\" content=\"https:\/\/dicodusport.fr\/blog\/felix-auger-aliassime-aujourdhui-jarrive-a-produire-mon-meilleur-tennis-aussi-en-finale\/\" \/>\n<meta property=\"og:site_name\" content=\"Dicodusport\" \/>\n<meta property=\"article:publisher\" content=\"https:\/\/www.facebook.com\/dicodusport\" \/>\n<meta property=\"article:published_time\" content=\"2022-10-23T18:29:51+00:00\" \/>\n<meta property=\"og:image\" content=\"https:\/\/dicodusport.fr\/blog\/wp-content\/uploads\/2022\/10\/Felix-Auger-Aliassime-Aujourdhui-jarrive-a-produire-mon-meilleur-tennis-aussi-en-finale.jpg\" \/>\n\t<meta property=\"og:image:width\" content=\"800\" \/>\n\t<meta property=\"og:image:height\" content=\"445\" \/>\n\t<meta property=\"og:image:type\" content=\"image\/jpeg\" \/>\n<meta name=\"author\" content=\"Arlette Yeye\" \/>\n<meta name=\"twitter:card\" content=\"summary_large_image\" \/>\n<meta name=\"twitter:title\" content=\"F\u00e9lix Auger-Aliassime : &quot;Aujourd&#039;hui j&#039;arrive \u00e0 produire mon meilleur tennis aussi en finale&quot;\" \/>\n<meta name=\"twitter:creator\" content=\"@https:\/\/twitter.com\/Shiclette94\" \/>\n<meta name=\"twitter:site\" content=\"@dicodusport\" \/>\n<script type=\"application\/ld+json\" class=\"yoast-schema-graph\">{\"@context\":\"https:\/\/schema.org\",\"@graph\":[{\"@type\":\"NewsArticle\",\"@id\":\"https:\/\/dicodusport.fr\/blog\/felix-auger-aliassime-aujourdhui-jarrive-a-produire-mon-meilleur-tennis-aussi-en-finale\/#article\",\"isPartOf\":{\"@id\":\"https:\/\/dicodusport.fr\/blog\/felix-auger-aliassime-aujourdhui-jarrive-a-produire-mon-meilleur-tennis-aussi-en-finale\/\"},\"author\":{\"name\":\"Arlette Yeye\",\"@id\":\"https:\/\/dicodusport.fr\/blog\/#\/schema\/person\/cce96fa88785bd8573e3d43078ac8c79\"},\"headline\":\"F\u00e9lix Auger-Aliassime : \u00ab\u00a0Aujourd&rsquo;hui j&rsquo;arrive \u00e0 produire mon meilleur tennis aussi en finale\u00a0\u00bb\",\"datePublished\":\"2022-10-23T18:29:51+00:00\",\"mainEntityOfPage\":{\"@id\":\"https:\/\/dicodusport.fr\/blog\/felix-auger-aliassime-aujourdhui-jarrive-a-produire-mon-meilleur-tennis-aussi-en-finale\/\"},\"wordCount\":718,\"commentCount\":0,\"publisher\":{\"@id\":\"https:\/\/dicodusport.fr\/blog\/#organization\"},\"image\":{\"@id\":\"https:\/\/dicodusport.fr\/blog\/felix-auger-aliassime-aujourdhui-jarrive-a-produire-mon-meilleur-tennis-aussi-en-finale\/#primaryimage\"},\"thumbnailUrl\":\"https:\/\/dicodusport.fr\/blog\/wp-content\/uploads\/2022\/10\/Felix-Auger-Aliassime-Aujourdhui-jarrive-a-produire-mon-meilleur-tennis-aussi-en-finale.jpg\",\"keywords\":[\"ATP 250 Anvers\",\"European Open\",\"F\u00e9lix Auger-Aliassime\"],\"articleSection\":[\"Tennis\"],\"inLanguage\":\"fr-FR\",\"potentialAction\":[{\"@type\":\"CommentAction\",\"name\":\"Comment\",\"target\":[\"https:\/\/dicodusport.fr\/blog\/felix-auger-aliassime-aujourdhui-jarrive-a-produire-mon-meilleur-tennis-aussi-en-finale\/#respond\"]}],\"copyrightYear\":\"2022\",\"copyrightHolder\":{\"@id\":\"https:\/\/dicodusport.fr\/blog\/#organization\"}},{\"@type\":\"WebPage\",\"@id\":\"https:\/\/dicodusport.fr\/blog\/felix-auger-aliassime-aujourdhui-jarrive-a-produire-mon-meilleur-tennis-aussi-en-finale\/\",\"url\":\"https:\/\/dicodusport.fr\/blog\/felix-auger-aliassime-aujourdhui-jarrive-a-produire-mon-meilleur-tennis-aussi-en-finale\/\",\"name\":\"F\u00e9lix Auger-Aliassime : \\\"Aujourd'hui j'arrive \u00e0 produire mon meilleur tennis aussi en finale\\\"\",\"isPartOf\":{\"@id\":\"https:\/\/dicodusport.fr\/blog\/#website\"},\"primaryImageOfPage\":{\"@id\":\"https:\/\/dicodusport.fr\/blog\/felix-auger-aliassime-aujourdhui-jarrive-a-produire-mon-meilleur-tennis-aussi-en-finale\/#primaryimage\"},\"image\":{\"@id\":\"https:\/\/dicodusport.fr\/blog\/felix-auger-aliassime-aujourdhui-jarrive-a-produire-mon-meilleur-tennis-aussi-en-finale\/#primaryimage\"},\"thumbnailUrl\":\"https:\/\/dicodusport.fr\/blog\/wp-content\/uploads\/2022\/10\/Felix-Auger-Aliassime-Aujourdhui-jarrive-a-produire-mon-meilleur-tennis-aussi-en-finale.jpg\",\"datePublished\":\"2022-10-23T18:29:51+00:00\",\"description\":\"Vainqueur \u00e0 Anvers face \u00e0 Sebastian Korda, F\u00e9lix Auger-Aliassime s'est exprim\u00e9 sur ce qui a march\u00e9 pour lui cette semaine.\",\"breadcrumb\":{\"@id\":\"https:\/\/dicodusport.fr\/blog\/felix-auger-aliassime-aujourdhui-jarrive-a-produire-mon-meilleur-tennis-aussi-en-finale\/#breadcrumb\"},\"inLanguage\":\"fr-FR\",\"potentialAction\":[{\"@type\":\"ReadAction\",\"target\":[\"https:\/\/dicodusport.fr\/blog\/felix-auger-aliassime-aujourdhui-jarrive-a-produire-mon-meilleur-tennis-aussi-en-finale\/\"]}]},{\"@type\":\"ImageObject\",\"inLanguage\":\"fr-FR\",\"@id\":\"https:\/\/dicodusport.fr\/blog\/felix-auger-aliassime-aujourdhui-jarrive-a-produire-mon-meilleur-tennis-aussi-en-finale\/#primaryimage\",\"url\":\"https:\/\/dicodusport.fr\/blog\/wp-content\/uploads\/2022\/10\/Felix-Auger-Aliassime-Aujourdhui-jarrive-a-produire-mon-meilleur-tennis-aussi-en-finale.jpg\",\"contentUrl\":\"https:\/\/dicodusport.fr\/blog\/wp-content\/uploads\/2022\/10\/Felix-Auger-Aliassime-Aujourdhui-jarrive-a-produire-mon-meilleur-tennis-aussi-en-finale.jpg\",\"width\":800,\"height\":445,\"caption\":\"F\u00e9lix Auger-Aliassime Aujourd'hui j'arrive \u00e0 produire mon meilleur tennis aussi en finale\"},{\"@type\":\"BreadcrumbList\",\"@id\":\"https:\/\/dicodusport.fr\/blog\/felix-auger-aliassime-aujourdhui-jarrive-a-produire-mon-meilleur-tennis-aussi-en-finale\/#breadcrumb\",\"itemListElement\":[{\"@type\":\"ListItem\",\"position\":1,\"name\":\"Accueil\",\"item\":\"https:\/\/dicodusport.fr\/blog\/\"},{\"@type\":\"ListItem\",\"position\":2,\"name\":\"F\u00e9lix Auger-Aliassime : \u00ab\u00a0Aujourd&rsquo;hui j&rsquo;arrive \u00e0 produire mon meilleur tennis aussi en finale\u00a0\u00bb\"}]},{\"@type\":\"WebSite\",\"@id\":\"https:\/\/dicodusport.fr\/blog\/#website\",\"url\":\"https:\/\/dicodusport.fr\/blog\/\",\"name\":\"Dicodusport\",\"description\":\"L&#039;encyclop\u00e9die de l&#039;actualit\u00e9 sportive\",\"publisher\":{\"@id\":\"https:\/\/dicodusport.fr\/blog\/#organization\"},\"potentialAction\":[{\"@type\":\"SearchAction\",\"target\":{\"@type\":\"EntryPoint\",\"urlTemplate\":\"https:\/\/dicodusport.fr\/blog\/?s={search_term_string}\"},\"query-input\":{\"@type\":\"PropertyValueSpecification\",\"valueRequired\":true,\"valueName\":\"search_term_string\"}}],\"inLanguage\":\"fr-FR\"},{\"@type\":\"NewsMediaOrganization\",\"@id\":\"https:\/\/dicodusport.fr\/blog\/#organization\",\"name\":\"Dicodusport\",\"url\":\"https:\/\/dicodusport.fr\/blog\/\",\"logo\":{\"@type\":\"ImageObject\",\"inLanguage\":\"fr-FR\",\"@id\":\"https:\/\/dicodusport.fr\/blog\/#\/schema\/logo\/image\/\",\"url\":\"https:\/\/dicodusport.fr\/blog\/wp-content\/uploads\/2020\/06\/cropped-LOGO-DICODUSPORT-2020-SANS-FOND-SANS-TEXTE.png\",\"contentUrl\":\"https:\/\/dicodusport.fr\/blog\/wp-content\/uploads\/2020\/06\/cropped-LOGO-DICODUSPORT-2020-SANS-FOND-SANS-TEXTE.png\",\"width\":512,\"height\":512,\"caption\":\"Dicodusport\"},\"image\":{\"@id\":\"https:\/\/dicodusport.fr\/blog\/#\/schema\/logo\/image\/\"},\"sameAs\":[\"https:\/\/www.facebook.com\/dicodusport\",\"https:\/\/x.com\/dicodusport\",\"https:\/\/www.instagram.com\/dicodusport\/\",\"https:\/\/www.youtube.com\/channel\/UC7V2KZ5sd3htJivAbA4ZG3w\"],\"description\":\"Dicodusport est l'encyclop\u00e9die de l'actualit\u00e9 sportive.\",\"email\":\"bonjour@dicodusport.fr\",\"legalName\":\"DICODUSPORT\",\"foundingDate\":\"2018-01-14\",\"vatID\":\"FR71834470973\",\"taxID\":\"83447097300043\",\"numberOfEmployees\":{\"@type\":\"QuantitativeValue\",\"minValue\":\"1\",\"maxValue\":\"10\"}},{\"@type\":\"Person\",\"@id\":\"https:\/\/dicodusport.fr\/blog\/#\/schema\/person\/cce96fa88785bd8573e3d43078ac8c79\",\"name\":\"Arlette Yeye\",\"image\":{\"@type\":\"ImageObject\",\"inLanguage\":\"fr-FR\",\"@id\":\"https:\/\/dicodusport.fr\/blog\/#\/schema\/person\/image\/\",\"url\":\"https:\/\/secure.gravatar.com\/avatar\/dca4a6239e6d708e46c45d60e160de6c?s=96&d=wp_user_avatar&r=g\",\"contentUrl\":\"https:\/\/secure.gravatar.com\/avatar\/dca4a6239e6d708e46c45d60e160de6c?s=96&d=wp_user_avatar&r=g\",\"caption\":\"Arlette Yeye\"},\"description\":\"Journaliste\/r\u00e9dactrice depuis septembre 2015 - Supportrice de Chelsea, j'ai pour sports de pr\u00e9dilection le handball, l'athl\u00e9tisme et le tennis. Si je tweete plus vite que mon ombre, vous pouvez aussi me retrouver les week-ends sur les playgrounds de Bruxelles pour un petit foot ou basket entre potes. Parcourir la France, l'Europe et plus si affinit\u00e9s pour suivre mes sportifs pr\u00e9f\u00e9r\u00e9s ? Mon kif ! Et c'est avec plaisir que je partage les r\u00e9sultats des sports populaires mais \u00e9galement plus confidentiels pour Dicodusport.\",\"sameAs\":[\"https:\/\/x.com\/https:\/\/twitter.com\/Shiclette94\"],\"url\":\"https:\/\/dicodusport.fr\/blog\/author\/arlette\/\"}]}<\/script>\n<!-- \/ Yoast SEO Premium plugin. -->","yoast_head_json":{"title":"F\u00e9lix Auger-Aliassime : \"Aujourd'hui j'arrive \u00e0 produire mon meilleur tennis aussi en finale\"","description":"Vainqueur \u00e0 Anvers face \u00e0 Sebastian Korda, F\u00e9lix Auger-Aliassime s'est exprim\u00e9 sur ce qui a march\u00e9 pour lui cette semaine.","robots":{"index":"index","follow":"follow","max-snippet":"max-snippet:-1","max-image-preview":"max-image-preview:large","max-video-preview":"max-video-preview:-1"},"canonical":"https:\/\/dicodusport.fr\/blog\/felix-auger-aliassime-aujourdhui-jarrive-a-produire-mon-meilleur-tennis-aussi-en-finale\/","og_locale":"fr_FR","og_type":"article","og_title":"F\u00e9lix Auger-Aliassime : \"Aujourd'hui j'arrive \u00e0 produire mon meilleur tennis aussi en finale\"","og_description":"Vainqueur \u00e0 Anvers face \u00e0 Sebastian Korda, F\u00e9lix Auger-Aliassime s'est exprim\u00e9 sur ce qui a march\u00e9 pour lui cette semaine.","og_url":"https:\/\/dicodusport.fr\/blog\/felix-auger-aliassime-aujourdhui-jarrive-a-produire-mon-meilleur-tennis-aussi-en-finale\/","og_site_name":"Dicodusport","article_publisher":"https:\/\/www.facebook.com\/dicodusport","article_published_time":"2022-10-23T18:29:51+00:00","og_image":[{"width":800,"height":445,"url":"https:\/\/dicodusport.fr\/blog\/wp-content\/uploads\/2022\/10\/Felix-Auger-Aliassime-Aujourdhui-jarrive-a-produire-mon-meilleur-tennis-aussi-en-finale.jpg","type":"image\/jpeg"}],"author":"Arlette Yeye","twitter_card":"summary_large_image","twitter_title":"F\u00e9lix Auger-Aliassime : \"Aujourd'hui j'arrive \u00e0 produire mon meilleur tennis aussi en finale\"","twitter_creator":"@https:\/\/twitter.com\/Shiclette94","twitter_site":"@dicodusport","schema":{"@context":"https:\/\/schema.org","@graph":[{"@type":"NewsArticle","@id":"https:\/\/dicodusport.fr\/blog\/felix-auger-aliassime-aujourdhui-jarrive-a-produire-mon-meilleur-tennis-aussi-en-finale\/#article","isPartOf":{"@id":"https:\/\/dicodusport.fr\/blog\/felix-auger-aliassime-aujourdhui-jarrive-a-produire-mon-meilleur-tennis-aussi-en-finale\/"},"author":{"name":"Arlette Yeye","@id":"https:\/\/dicodusport.fr\/blog\/#\/schema\/person\/cce96fa88785bd8573e3d43078ac8c79"},"headline":"F\u00e9lix Auger-Aliassime : \u00ab\u00a0Aujourd&rsquo;hui j&rsquo;arrive \u00e0 produire mon meilleur tennis aussi en finale\u00a0\u00bb","datePublished":"2022-10-23T18:29:51+00:00","mainEntityOfPage":{"@id":"https:\/\/dicodusport.fr\/blog\/felix-auger-aliassime-aujourdhui-jarrive-a-produire-mon-meilleur-tennis-aussi-en-finale\/"},"wordCount":718,"commentCount":0,"publisher":{"@id":"https:\/\/dicodusport.fr\/blog\/#organization"},"image":{"@id":"https:\/\/dicodusport.fr\/blog\/felix-auger-aliassime-aujourdhui-jarrive-a-produire-mon-meilleur-tennis-aussi-en-finale\/#primaryimage"},"thumbnailUrl":"https:\/\/dicodusport.fr\/blog\/wp-content\/uploads\/2022\/10\/Felix-Auger-Aliassime-Aujourdhui-jarrive-a-produire-mon-meilleur-tennis-aussi-en-finale.jpg","keywords":["ATP 250 Anvers","European Open","F\u00e9lix Auger-Aliassime"],"articleSection":["Tennis"],"inLanguage":"fr-FR","potentialAction":[{"@type":"CommentAction","name":"Comment","target":["https:\/\/dicodusport.fr\/blog\/felix-auger-aliassime-aujourdhui-jarrive-a-produire-mon-meilleur-tennis-aussi-en-finale\/#respond"]}],"copyrightYear":"2022","copyrightHolder":{"@id":"https:\/\/dicodusport.fr\/blog\/#organization"}},{"@type":"WebPage","@id":"https:\/\/dicodusport.fr\/blog\/felix-auger-aliassime-aujourdhui-jarrive-a-produire-mon-meilleur-tennis-aussi-en-finale\/","url":"https:\/\/dicodusport.fr\/blog\/felix-auger-aliassime-aujourdhui-jarrive-a-produire-mon-meilleur-tennis-aussi-en-finale\/","name":"F\u00e9lix Auger-Aliassime : \"Aujourd'hui j'arrive \u00e0 produire mon meilleur tennis aussi en finale\"","isPartOf":{"@id":"https:\/\/dicodusport.fr\/blog\/#website"},"primaryImageOfPage":{"@id":"https:\/\/dicodusport.fr\/blog\/felix-auger-aliassime-aujourdhui-jarrive-a-produire-mon-meilleur-tennis-aussi-en-finale\/#primaryimage"},"image":{"@id":"https:\/\/dicodusport.fr\/blog\/felix-auger-aliassime-aujourdhui-jarrive-a-produire-mon-meilleur-tennis-aussi-en-finale\/#primaryimage"},"thumbnailUrl":"https:\/\/dicodusport.fr\/blog\/wp-content\/uploads\/2022\/10\/Felix-Auger-Aliassime-Aujourdhui-jarrive-a-produire-mon-meilleur-tennis-aussi-en-finale.jpg","datePublished":"2022-10-23T18:29:51+00:00","description":"Vainqueur \u00e0 Anvers face \u00e0 Sebastian Korda, F\u00e9lix Auger-Aliassime s'est exprim\u00e9 sur ce qui a march\u00e9 pour lui cette semaine.","breadcrumb":{"@id":"https:\/\/dicodusport.fr\/blog\/felix-auger-aliassime-aujourdhui-jarrive-a-produire-mon-meilleur-tennis-aussi-en-finale\/#breadcrumb"},"inLanguage":"fr-FR","potentialAction":[{"@type":"ReadAction","target":["https:\/\/dicodusport.fr\/blog\/felix-auger-aliassime-aujourdhui-jarrive-a-produire-mon-meilleur-tennis-aussi-en-finale\/"]}]},{"@type":"ImageObject","inLanguage":"fr-FR","@id":"https:\/\/dicodusport.fr\/blog\/felix-auger-aliassime-aujourdhui-jarrive-a-produire-mon-meilleur-tennis-aussi-en-finale\/#primaryimage","url":"https:\/\/dicodusport.fr\/blog\/wp-content\/uploads\/2022\/10\/Felix-Auger-Aliassime-Aujourdhui-jarrive-a-produire-mon-meilleur-tennis-aussi-en-finale.jpg","contentUrl":"https:\/\/dicodusport.fr\/blog\/wp-content\/uploads\/2022\/10\/Felix-Auger-Aliassime-Aujourdhui-jarrive-a-produire-mon-meilleur-tennis-aussi-en-finale.jpg","width":800,"height":445,"caption":"F\u00e9lix Auger-Aliassime Aujourd'hui j'arrive \u00e0 produire mon meilleur tennis aussi en finale"},{"@type":"BreadcrumbList","@id":"https:\/\/dicodusport.fr\/blog\/felix-auger-aliassime-aujourdhui-jarrive-a-produire-mon-meilleur-tennis-aussi-en-finale\/#breadcrumb","itemListElement":[{"@type":"ListItem","position":1,"name":"Accueil","item":"https:\/\/dicodusport.fr\/blog\/"},{"@type":"ListItem","position":2,"name":"F\u00e9lix Auger-Aliassime : \u00ab\u00a0Aujourd&rsquo;hui j&rsquo;arrive \u00e0 produire mon meilleur tennis aussi en finale\u00a0\u00bb"}]},{"@type":"WebSite","@id":"https:\/\/dicodusport.fr\/blog\/#website","url":"https:\/\/dicodusport.fr\/blog\/","name":"Dicodusport","description":"L&#039;encyclop\u00e9die de l&#039;actualit\u00e9 sportive","publisher":{"@id":"https:\/\/dicodusport.fr\/blog\/#organization"},"potentialAction":[{"@type":"SearchAction","target":{"@type":"EntryPoint","urlTemplate":"https:\/\/dicodusport.fr\/blog\/?s={search_term_string}"},"query-input":{"@type":"PropertyValueSpecification","valueRequired":true,"valueName":"search_term_string"}}],"inLanguage":"fr-FR"},{"@type":"NewsMediaOrganization","@id":"https:\/\/dicodusport.fr\/blog\/#organization","name":"Dicodusport","url":"https:\/\/dicodusport.fr\/blog\/","logo":{"@type":"ImageObject","inLanguage":"fr-FR","@id":"https:\/\/dicodusport.fr\/blog\/#\/schema\/logo\/image\/","url":"https:\/\/dicodusport.fr\/blog\/wp-content\/uploads\/2020\/06\/cropped-LOGO-DICODUSPORT-2020-SANS-FOND-SANS-TEXTE.png","contentUrl":"https:\/\/dicodusport.fr\/blog\/wp-content\/uploads\/2020\/06\/cropped-LOGO-DICODUSPORT-2020-SANS-FOND-SANS-TEXTE.png","width":512,"height":512,"caption":"Dicodusport"},"image":{"@id":"https:\/\/dicodusport.fr\/blog\/#\/schema\/logo\/image\/"},"sameAs":["https:\/\/www.facebook.com\/dicodusport","https:\/\/x.com\/dicodusport","https:\/\/www.instagram.com\/dicodusport\/","https:\/\/www.youtube.com\/channel\/UC7V2KZ5sd3htJivAbA4ZG3w"],"description":"Dicodusport est l'encyclop\u00e9die de l'actualit\u00e9 sportive.","email":"bonjour@dicodusport.fr","legalName":"DICODUSPORT","foundingDate":"2018-01-14","vatID":"FR71834470973","taxID":"83447097300043","numberOfEmployees":{"@type":"QuantitativeValue","minValue":"1","maxValue":"10"}},{"@type":"Person","@id":"https:\/\/dicodusport.fr\/blog\/#\/schema\/person\/cce96fa88785bd8573e3d43078ac8c79","name":"Arlette Yeye","image":{"@type":"ImageObject","inLanguage":"fr-FR","@id":"https:\/\/dicodusport.fr\/blog\/#\/schema\/person\/image\/","url":"https:\/\/secure.gravatar.com\/avatar\/dca4a6239e6d708e46c45d60e160de6c?s=96&d=wp_user_avatar&r=g","contentUrl":"https:\/\/secure.gravatar.com\/avatar\/dca4a6239e6d708e46c45d60e160de6c?s=96&d=wp_user_avatar&r=g","caption":"Arlette Yeye"},"description":"Journaliste\/r\u00e9dactrice depuis septembre 2015 - Supportrice de Chelsea, j'ai pour sports de pr\u00e9dilection le handball, l'athl\u00e9tisme et le tennis. Si je tweete plus vite que mon ombre, vous pouvez aussi me retrouver les week-ends sur les playgrounds de Bruxelles pour un petit foot ou basket entre potes. Parcourir la France, l'Europe et plus si affinit\u00e9s pour suivre mes sportifs pr\u00e9f\u00e9r\u00e9s ? Mon kif ! Et c'est avec plaisir que je partage les r\u00e9sultats des sports populaires mais \u00e9galement plus confidentiels pour Dicodusport.","sameAs":["https:\/\/x.com\/https:\/\/twitter.com\/Shiclette94"],"url":"https:\/\/dicodusport.fr\/blog\/author\/arlette\/"}]}},"_links":{"self":[{"href":"https:\/\/dicodusport.fr\/blog\/wp-json\/wp\/v2\/posts\/272661","targetHints":{"allow":["GET"]}}],"collection":[{"href":"https:\/\/dicodusport.fr\/blog\/wp-json\/wp\/v2\/posts"}],"about":[{"href":"https:\/\/dicodusport.fr\/blog\/wp-json\/wp\/v2\/types\/post"}],"author":[{"embeddable":true,"href":"https:\/\/dicodusport.fr\/blog\/wp-json\/wp\/v2\/users\/12"}],"replies":[{"embeddable":true,"href":"https:\/\/dicodusport.fr\/blog\/wp-json\/wp\/v2\/comments?post=272661"}],"version-history":[{"count":0,"href":"https:\/\/dicodusport.fr\/blog\/wp-json\/wp\/v2\/posts\/272661\/revisions"}],"wp:featuredmedia":[{"embeddable":true,"href":"https:\/\/dicodusport.fr\/blog\/wp-json\/wp\/v2\/media\/272680"}],"wp:attachment":[{"href":"https:\/\/dicodusport.fr\/blog\/wp-json\/wp\/v2\/media?parent=272661"}],"wp:term":[{"taxonomy":"category","embeddable":true,"href":"https:\/\/dicodusport.fr\/blog\/wp-json\/wp\/v2\/categories?post=272661"},{"taxonomy":"post_tag","embeddable":true,"href":"https:\/\/dicodusport.fr\/blog\/wp-json\/wp\/v2\/tags?post=272661"}],"curies":[{"name":"wp","href":"https:\/\/api.w.org\/{rel}","templated":true}]}}