{"id":272790,"date":"2022-10-24T09:11:55","date_gmt":"2022-10-24T07:11:55","guid":{"rendered":"https:\/\/dicodusport.fr\/blog\/?p=272790&#038;preview=true&#038;preview_id=272790"},"modified":"2022-10-24T10:07:09","modified_gmt":"2022-10-24T08:07:09","slug":"mercato-stade-toulousain-matthis-lebel-courtise-par-une-autre-equipe-de-top-14","status":"publish","type":"post","link":"https:\/\/dicodusport.fr\/blog\/mercato-stade-toulousain-matthis-lebel-courtise-par-une-autre-equipe-de-top-14\/","title":{"rendered":"Mercato Stade Toulousain : Matthis Lebel courtis\u00e9 par une autre \u00e9quipe de Top 14"},"content":{"rendered":"<p style=\"text-align: justify;\"><b><i>TOP 14 2022-2023 &#8211; Selon le Midi Olympique, le LOU s&rsquo;int\u00e9resse de pr\u00e8s \u00e0 l&rsquo;international fran\u00e7ais Matthis Lebel (Toulouse) pour la saison prochaine.\u00a0<\/i><\/b><\/p>\n<p style=\"text-align: justify;\">Le <strong>LOU<\/strong> ne sait toujours si <strong>Josua<\/strong> <strong>Tuisova<\/strong> sera toujours l\u00e0 apr\u00e8s cette saison 2022-2023. L&rsquo;ailier fidjien h\u00e9site entre prolonger avec Lyon ou rejoindre le Racing 92, et sa r\u00e9ponse d\u00e9finitive ne devrait pus tarder. Mais son club actuel n&rsquo;a pas attendu d&rsquo;avoir sa r\u00e9ponse pour prospecter sur le march\u00e9 des transferts. <a href=\"https:\/\/dicodusport.fr\/blog\/mercato-le-lou-piste-deux-joueurs-du-stade-toulousain\/\"><strong>Arthur<\/strong> <strong>Bonneval<\/strong> et <strong>Martin Page-Relo<\/strong> ont visit\u00e9 les installations du <strong>LOU<\/strong> la semaine derni\u00e8re<\/a>, mais ils ne sont pas les deux seuls joueurs du <strong>Stade<\/strong> <strong>Toulousain<\/strong> dans le viseur du club du Rh\u00f4ne.<\/p>\n<p style=\"text-align: justify;\"><strong>Lyon<\/strong> s&rsquo;int\u00e9resserait en effet de pr\u00e8s au cas de <strong>Matthis<\/strong> <strong>Lebel<\/strong> qui est en fin de contrat en juin 2023. Mais le dossier n&rsquo;est pas si simple, car l&rsquo;ailier du <strong>XV de France<\/strong> a notamment une option pour une saison suppl\u00e9mentaire avec le champion de France 2021. Affaire \u00e0 suivre.<\/p>\n<blockquote class=\"twitter-tweet\">\n<p dir=\"ltr\" lang=\"fr\">Soir de l\u00e9gendes en Une du Midi Olympique &#x1f5de;&#xfe0f;<\/p>\n<p>A lire sans attendre &gt; <a href=\"https:\/\/t.co\/IIMaj7Ouic\">https:\/\/t.co\/IIMaj7Ouic<\/a> <a href=\"https:\/\/t.co\/tvWXSt0H6K\">pic.twitter.com\/tvWXSt0H6K<\/a><\/p>\n<p>\u2014 RUGBYRAMA (@RugbyramaFR) <a href=\"https:\/\/twitter.com\/RugbyramaFR\/status\/1584306252695277568?ref_src=twsrc%5Etfw\">October 23, 2022<\/a><\/p><\/blockquote>\n<p><script async src=\"https:\/\/platform.twitter.com\/widgets.js\" charset=\"utf-8\"><\/script><\/p>\n","protected":false},"excerpt":{"rendered":"<p>TOP 14 2022-2023 &#8211; Selon le Midi Olympique, le LOU s&rsquo;int\u00e9resse de pr\u00e8s \u00e0 l&rsquo;international fran\u00e7ais Matthis Lebel (Toulouse) pour la saison prochaine.\u00a0<\/p>\n","protected":false},"author":1,"featured_media":272799,"comment_status":"open","ping_status":"closed","sticky":false,"template":"","format":"standard","meta":{"_acf_changed":false,"_daextam_enable_autolinks":"","footnotes":""},"categories":[9129,47050],"tags":[9397,4008],"class_list":["post-272790","post","type-post","status-publish","format-standard","has-post-thumbnail","hentry","category-rugby-a-xv","category-top-14","tag-matthis-lebel","tag-stade-toulousain"],"acf":[],"yoast_head":"<!-- This site is optimized with the Yoast SEO Premium plugin v26.7 (Yoast SEO v26.7) - https:\/\/yoast.com\/wordpress\/plugins\/seo\/ -->\n<title>Mercato Stade Toulousain : Matthis Lebel courtis\u00e9 par une autre \u00e9quipe de Top 14<\/title>\n<meta name=\"description\" content=\"TOP 14 2022-2023 - Selon le Midi Olympique, le LOU s&#039;int\u00e9resse de pr\u00e8s \u00e0 l&#039;international fran\u00e7ais Matthis Lebel pour la saison prochaine.\u00a0\" \/>\n<meta name=\"robots\" content=\"index, follow, max-snippet:-1, max-image-preview:large, max-video-preview:-1\" \/>\n<link rel=\"canonical\" href=\"https:\/\/dicodusport.fr\/blog\/mercato-stade-toulousain-matthis-lebel-courtise-par-une-autre-equipe-de-top-14\/\" \/>\n<meta property=\"og:locale\" content=\"fr_FR\" \/>\n<meta property=\"og:type\" content=\"article\" \/>\n<meta property=\"og:title\" content=\"Mercato Stade Toulousain : Matthis Lebel courtis\u00e9 par une autre \u00e9quipe de Top 14\" \/>\n<meta property=\"og:description\" content=\"TOP 14 2022-2023 - Selon le Midi Olympique, le LOU s&#039;int\u00e9resse de pr\u00e8s \u00e0 l&#039;international fran\u00e7ais Matthis Lebel pour la saison prochaine.\u00a0\" \/>\n<meta property=\"og:url\" content=\"https:\/\/dicodusport.fr\/blog\/mercato-stade-toulousain-matthis-lebel-courtise-par-une-autre-equipe-de-top-14\/\" \/>\n<meta property=\"og:site_name\" content=\"Dicodusport\" \/>\n<meta property=\"article:publisher\" content=\"https:\/\/www.facebook.com\/dicodusport\" \/>\n<meta property=\"article:author\" content=\"https:\/\/www.facebook.com\/dicodusport\" \/>\n<meta property=\"article:published_time\" content=\"2022-10-24T07:11:55+00:00\" \/>\n<meta property=\"article:modified_time\" content=\"2022-10-24T08:07:09+00:00\" \/>\n<meta property=\"og:image\" content=\"https:\/\/dicodusport.fr\/blog\/wp-content\/uploads\/2022\/10\/Mercato-Stade-Toulousain-Matthis-Lebel-courtise\u0301-par-une-autre-e\u0301quipe-de-Top-14.png\" \/>\n\t<meta property=\"og:image:width\" content=\"800\" \/>\n\t<meta property=\"og:image:height\" content=\"445\" \/>\n\t<meta property=\"og:image:type\" content=\"image\/png\" \/>\n<meta name=\"author\" content=\"Nicolas Jacquemard\" \/>\n<meta name=\"twitter:card\" content=\"summary_large_image\" \/>\n<meta name=\"twitter:title\" content=\"Mercato Stade Toulousain : Matthis Lebel courtis\u00e9 par une autre \u00e9quipe de Top 14\" \/>\n<meta name=\"twitter:creator\" content=\"@https:\/\/twitter.com\/Nico_Jacquemard\" \/>\n<meta name=\"twitter:site\" content=\"@dicodusport\" \/>\n<script type=\"application\/ld+json\" class=\"yoast-schema-graph\">{\"@context\":\"https:\/\/schema.org\",\"@graph\":[{\"@type\":\"NewsArticle\",\"@id\":\"https:\/\/dicodusport.fr\/blog\/mercato-stade-toulousain-matthis-lebel-courtise-par-une-autre-equipe-de-top-14\/#article\",\"isPartOf\":{\"@id\":\"https:\/\/dicodusport.fr\/blog\/mercato-stade-toulousain-matthis-lebel-courtise-par-une-autre-equipe-de-top-14\/\"},\"author\":{\"name\":\"Nicolas Jacquemard\",\"@id\":\"https:\/\/dicodusport.fr\/blog\/#\/schema\/person\/55dcb50ad410894e431ed812bbb70191\"},\"headline\":\"Mercato Stade Toulousain : Matthis Lebel courtis\u00e9 par une autre \u00e9quipe de Top 14\",\"datePublished\":\"2022-10-24T07:11:55+00:00\",\"dateModified\":\"2022-10-24T08:07:09+00:00\",\"mainEntityOfPage\":{\"@id\":\"https:\/\/dicodusport.fr\/blog\/mercato-stade-toulousain-matthis-lebel-courtise-par-une-autre-equipe-de-top-14\/\"},\"wordCount\":218,\"commentCount\":0,\"publisher\":{\"@id\":\"https:\/\/dicodusport.fr\/blog\/#organization\"},\"image\":{\"@id\":\"https:\/\/dicodusport.fr\/blog\/mercato-stade-toulousain-matthis-lebel-courtise-par-une-autre-equipe-de-top-14\/#primaryimage\"},\"thumbnailUrl\":\"https:\/\/dicodusport.fr\/blog\/wp-content\/uploads\/2022\/10\/Mercato-Stade-Toulousain-Matthis-Lebel-courtise\u0301-par-une-autre-e\u0301quipe-de-Top-14.png\",\"keywords\":[\"Matthis Lebel\",\"Stade Toulousain\"],\"articleSection\":[\"Rugby \u00e0 XV\",\"Top 14\"],\"inLanguage\":\"fr-FR\",\"potentialAction\":[{\"@type\":\"CommentAction\",\"name\":\"Comment\",\"target\":[\"https:\/\/dicodusport.fr\/blog\/mercato-stade-toulousain-matthis-lebel-courtise-par-une-autre-equipe-de-top-14\/#respond\"]}],\"copyrightYear\":\"2022\",\"copyrightHolder\":{\"@id\":\"https:\/\/dicodusport.fr\/blog\/#organization\"}},{\"@type\":\"WebPage\",\"@id\":\"https:\/\/dicodusport.fr\/blog\/mercato-stade-toulousain-matthis-lebel-courtise-par-une-autre-equipe-de-top-14\/\",\"url\":\"https:\/\/dicodusport.fr\/blog\/mercato-stade-toulousain-matthis-lebel-courtise-par-une-autre-equipe-de-top-14\/\",\"name\":\"Mercato Stade Toulousain : Matthis Lebel courtis\u00e9 par une autre \u00e9quipe de Top 14\",\"isPartOf\":{\"@id\":\"https:\/\/dicodusport.fr\/blog\/#website\"},\"primaryImageOfPage\":{\"@id\":\"https:\/\/dicodusport.fr\/blog\/mercato-stade-toulousain-matthis-lebel-courtise-par-une-autre-equipe-de-top-14\/#primaryimage\"},\"image\":{\"@id\":\"https:\/\/dicodusport.fr\/blog\/mercato-stade-toulousain-matthis-lebel-courtise-par-une-autre-equipe-de-top-14\/#primaryimage\"},\"thumbnailUrl\":\"https:\/\/dicodusport.fr\/blog\/wp-content\/uploads\/2022\/10\/Mercato-Stade-Toulousain-Matthis-Lebel-courtise\u0301-par-une-autre-e\u0301quipe-de-Top-14.png\",\"datePublished\":\"2022-10-24T07:11:55+00:00\",\"dateModified\":\"2022-10-24T08:07:09+00:00\",\"description\":\"TOP 14 2022-2023 - Selon le Midi Olympique, le LOU s'int\u00e9resse de pr\u00e8s \u00e0 l'international fran\u00e7ais Matthis Lebel pour la saison prochaine.\u00a0\",\"breadcrumb\":{\"@id\":\"https:\/\/dicodusport.fr\/blog\/mercato-stade-toulousain-matthis-lebel-courtise-par-une-autre-equipe-de-top-14\/#breadcrumb\"},\"inLanguage\":\"fr-FR\",\"potentialAction\":[{\"@type\":\"ReadAction\",\"target\":[\"https:\/\/dicodusport.fr\/blog\/mercato-stade-toulousain-matthis-lebel-courtise-par-une-autre-equipe-de-top-14\/\"]}]},{\"@type\":\"ImageObject\",\"inLanguage\":\"fr-FR\",\"@id\":\"https:\/\/dicodusport.fr\/blog\/mercato-stade-toulousain-matthis-lebel-courtise-par-une-autre-equipe-de-top-14\/#primaryimage\",\"url\":\"https:\/\/dicodusport.fr\/blog\/wp-content\/uploads\/2022\/10\/Mercato-Stade-Toulousain-Matthis-Lebel-courtise\u0301-par-une-autre-e\u0301quipe-de-Top-14.png\",\"contentUrl\":\"https:\/\/dicodusport.fr\/blog\/wp-content\/uploads\/2022\/10\/Mercato-Stade-Toulousain-Matthis-Lebel-courtise\u0301-par-une-autre-e\u0301quipe-de-Top-14.png\",\"width\":800,\"height\":445},{\"@type\":\"BreadcrumbList\",\"@id\":\"https:\/\/dicodusport.fr\/blog\/mercato-stade-toulousain-matthis-lebel-courtise-par-une-autre-equipe-de-top-14\/#breadcrumb\",\"itemListElement\":[{\"@type\":\"ListItem\",\"position\":1,\"name\":\"Accueil\",\"item\":\"https:\/\/dicodusport.fr\/blog\/\"},{\"@type\":\"ListItem\",\"position\":2,\"name\":\"Mercato Stade Toulousain : Matthis Lebel courtis\u00e9 par une autre \u00e9quipe de Top 14\"}]},{\"@type\":\"WebSite\",\"@id\":\"https:\/\/dicodusport.fr\/blog\/#website\",\"url\":\"https:\/\/dicodusport.fr\/blog\/\",\"name\":\"Dicodusport\",\"description\":\"L&#039;encyclop\u00e9die de l&#039;actualit\u00e9 sportive\",\"publisher\":{\"@id\":\"https:\/\/dicodusport.fr\/blog\/#organization\"},\"potentialAction\":[{\"@type\":\"SearchAction\",\"target\":{\"@type\":\"EntryPoint\",\"urlTemplate\":\"https:\/\/dicodusport.fr\/blog\/?s={search_term_string}\"},\"query-input\":{\"@type\":\"PropertyValueSpecification\",\"valueRequired\":true,\"valueName\":\"search_term_string\"}}],\"inLanguage\":\"fr-FR\"},{\"@type\":\"NewsMediaOrganization\",\"@id\":\"https:\/\/dicodusport.fr\/blog\/#organization\",\"name\":\"Dicodusport\",\"url\":\"https:\/\/dicodusport.fr\/blog\/\",\"logo\":{\"@type\":\"ImageObject\",\"inLanguage\":\"fr-FR\",\"@id\":\"https:\/\/dicodusport.fr\/blog\/#\/schema\/logo\/image\/\",\"url\":\"https:\/\/dicodusport.fr\/blog\/wp-content\/uploads\/2020\/06\/cropped-LOGO-DICODUSPORT-2020-SANS-FOND-SANS-TEXTE.png\",\"contentUrl\":\"https:\/\/dicodusport.fr\/blog\/wp-content\/uploads\/2020\/06\/cropped-LOGO-DICODUSPORT-2020-SANS-FOND-SANS-TEXTE.png\",\"width\":512,\"height\":512,\"caption\":\"Dicodusport\"},\"image\":{\"@id\":\"https:\/\/dicodusport.fr\/blog\/#\/schema\/logo\/image\/\"},\"sameAs\":[\"https:\/\/www.facebook.com\/dicodusport\",\"https:\/\/x.com\/dicodusport\",\"https:\/\/www.instagram.com\/dicodusport\/\",\"https:\/\/www.youtube.com\/channel\/UC7V2KZ5sd3htJivAbA4ZG3w\"],\"description\":\"Dicodusport est l'encyclop\u00e9die de l'actualit\u00e9 sportive.\",\"email\":\"bonjour@dicodusport.fr\",\"legalName\":\"DICODUSPORT\",\"foundingDate\":\"2018-01-14\",\"vatID\":\"FR71834470973\",\"taxID\":\"83447097300043\",\"numberOfEmployees\":{\"@type\":\"QuantitativeValue\",\"minValue\":\"1\",\"maxValue\":\"10\"}},{\"@type\":\"Person\",\"@id\":\"https:\/\/dicodusport.fr\/blog\/#\/schema\/person\/55dcb50ad410894e431ed812bbb70191\",\"name\":\"Nicolas Jacquemard\",\"image\":{\"@type\":\"ImageObject\",\"inLanguage\":\"fr-FR\",\"@id\":\"https:\/\/dicodusport.fr\/blog\/#\/schema\/person\/image\/\",\"url\":\"https:\/\/dicodusport.fr\/blog\/wp-content\/uploads\/2021\/05\/Nicolas-Jacquemard-150x150.jpeg\",\"contentUrl\":\"https:\/\/dicodusport.fr\/blog\/wp-content\/uploads\/2021\/05\/Nicolas-Jacquemard-150x150.jpeg\",\"caption\":\"Nicolas Jacquemard\"},\"description\":\"Passionn\u00e9 de sport et entrepreneur depuis mes 18 ans, la cr\u00e9ation de Dicodusport m'a sembl\u00e9 \u00e9vidente pour participer \u00e0 la m\u00e9diatisation d'un plus grand nombre de sports. Le chemin est long mais avec une \u00e9quipe des plus motiv\u00e9es et les Jeux Olympiques de Paris 2024 en point de mire, nous y arriverons ! Journaliste dans le monde du sport depuis plus de 5 ans, je traite aussi bien de football, de rugby, de biathlon que de cyclisme.\",\"sameAs\":[\"https:\/\/www.facebook.com\/dicodusport\",\"https:\/\/x.com\/https:\/\/twitter.com\/Nico_Jacquemard\"],\"url\":\"https:\/\/dicodusport.fr\/blog\/author\/dicodusport\/\"}]}<\/script>\n<!-- \/ Yoast SEO Premium plugin. -->","yoast_head_json":{"title":"Mercato Stade Toulousain : Matthis Lebel courtis\u00e9 par une autre \u00e9quipe de Top 14","description":"TOP 14 2022-2023 - Selon le Midi Olympique, le LOU s'int\u00e9resse de pr\u00e8s \u00e0 l'international fran\u00e7ais Matthis Lebel pour la saison prochaine.\u00a0","robots":{"index":"index","follow":"follow","max-snippet":"max-snippet:-1","max-image-preview":"max-image-preview:large","max-video-preview":"max-video-preview:-1"},"canonical":"https:\/\/dicodusport.fr\/blog\/mercato-stade-toulousain-matthis-lebel-courtise-par-une-autre-equipe-de-top-14\/","og_locale":"fr_FR","og_type":"article","og_title":"Mercato Stade Toulousain : Matthis Lebel courtis\u00e9 par une autre \u00e9quipe de Top 14","og_description":"TOP 14 2022-2023 - Selon le Midi Olympique, le LOU s'int\u00e9resse de pr\u00e8s \u00e0 l'international fran\u00e7ais Matthis Lebel pour la saison prochaine.\u00a0","og_url":"https:\/\/dicodusport.fr\/blog\/mercato-stade-toulousain-matthis-lebel-courtise-par-une-autre-equipe-de-top-14\/","og_site_name":"Dicodusport","article_publisher":"https:\/\/www.facebook.com\/dicodusport","article_author":"https:\/\/www.facebook.com\/dicodusport","article_published_time":"2022-10-24T07:11:55+00:00","article_modified_time":"2022-10-24T08:07:09+00:00","og_image":[{"width":800,"height":445,"url":"https:\/\/dicodusport.fr\/blog\/wp-content\/uploads\/2022\/10\/Mercato-Stade-Toulousain-Matthis-Lebel-courtise\u0301-par-une-autre-e\u0301quipe-de-Top-14.png","type":"image\/png"}],"author":"Nicolas Jacquemard","twitter_card":"summary_large_image","twitter_title":"Mercato Stade Toulousain : Matthis Lebel courtis\u00e9 par une autre \u00e9quipe de Top 14","twitter_creator":"@https:\/\/twitter.com\/Nico_Jacquemard","twitter_site":"@dicodusport","schema":{"@context":"https:\/\/schema.org","@graph":[{"@type":"NewsArticle","@id":"https:\/\/dicodusport.fr\/blog\/mercato-stade-toulousain-matthis-lebel-courtise-par-une-autre-equipe-de-top-14\/#article","isPartOf":{"@id":"https:\/\/dicodusport.fr\/blog\/mercato-stade-toulousain-matthis-lebel-courtise-par-une-autre-equipe-de-top-14\/"},"author":{"name":"Nicolas Jacquemard","@id":"https:\/\/dicodusport.fr\/blog\/#\/schema\/person\/55dcb50ad410894e431ed812bbb70191"},"headline":"Mercato Stade Toulousain : Matthis Lebel courtis\u00e9 par une autre \u00e9quipe de Top 14","datePublished":"2022-10-24T07:11:55+00:00","dateModified":"2022-10-24T08:07:09+00:00","mainEntityOfPage":{"@id":"https:\/\/dicodusport.fr\/blog\/mercato-stade-toulousain-matthis-lebel-courtise-par-une-autre-equipe-de-top-14\/"},"wordCount":218,"commentCount":0,"publisher":{"@id":"https:\/\/dicodusport.fr\/blog\/#organization"},"image":{"@id":"https:\/\/dicodusport.fr\/blog\/mercato-stade-toulousain-matthis-lebel-courtise-par-une-autre-equipe-de-top-14\/#primaryimage"},"thumbnailUrl":"https:\/\/dicodusport.fr\/blog\/wp-content\/uploads\/2022\/10\/Mercato-Stade-Toulousain-Matthis-Lebel-courtise\u0301-par-une-autre-e\u0301quipe-de-Top-14.png","keywords":["Matthis Lebel","Stade Toulousain"],"articleSection":["Rugby \u00e0 XV","Top 14"],"inLanguage":"fr-FR","potentialAction":[{"@type":"CommentAction","name":"Comment","target":["https:\/\/dicodusport.fr\/blog\/mercato-stade-toulousain-matthis-lebel-courtise-par-une-autre-equipe-de-top-14\/#respond"]}],"copyrightYear":"2022","copyrightHolder":{"@id":"https:\/\/dicodusport.fr\/blog\/#organization"}},{"@type":"WebPage","@id":"https:\/\/dicodusport.fr\/blog\/mercato-stade-toulousain-matthis-lebel-courtise-par-une-autre-equipe-de-top-14\/","url":"https:\/\/dicodusport.fr\/blog\/mercato-stade-toulousain-matthis-lebel-courtise-par-une-autre-equipe-de-top-14\/","name":"Mercato Stade Toulousain : Matthis Lebel courtis\u00e9 par une autre \u00e9quipe de Top 14","isPartOf":{"@id":"https:\/\/dicodusport.fr\/blog\/#website"},"primaryImageOfPage":{"@id":"https:\/\/dicodusport.fr\/blog\/mercato-stade-toulousain-matthis-lebel-courtise-par-une-autre-equipe-de-top-14\/#primaryimage"},"image":{"@id":"https:\/\/dicodusport.fr\/blog\/mercato-stade-toulousain-matthis-lebel-courtise-par-une-autre-equipe-de-top-14\/#primaryimage"},"thumbnailUrl":"https:\/\/dicodusport.fr\/blog\/wp-content\/uploads\/2022\/10\/Mercato-Stade-Toulousain-Matthis-Lebel-courtise\u0301-par-une-autre-e\u0301quipe-de-Top-14.png","datePublished":"2022-10-24T07:11:55+00:00","dateModified":"2022-10-24T08:07:09+00:00","description":"TOP 14 2022-2023 - Selon le Midi Olympique, le LOU s'int\u00e9resse de pr\u00e8s \u00e0 l'international fran\u00e7ais Matthis Lebel pour la saison prochaine.\u00a0","breadcrumb":{"@id":"https:\/\/dicodusport.fr\/blog\/mercato-stade-toulousain-matthis-lebel-courtise-par-une-autre-equipe-de-top-14\/#breadcrumb"},"inLanguage":"fr-FR","potentialAction":[{"@type":"ReadAction","target":["https:\/\/dicodusport.fr\/blog\/mercato-stade-toulousain-matthis-lebel-courtise-par-une-autre-equipe-de-top-14\/"]}]},{"@type":"ImageObject","inLanguage":"fr-FR","@id":"https:\/\/dicodusport.fr\/blog\/mercato-stade-toulousain-matthis-lebel-courtise-par-une-autre-equipe-de-top-14\/#primaryimage","url":"https:\/\/dicodusport.fr\/blog\/wp-content\/uploads\/2022\/10\/Mercato-Stade-Toulousain-Matthis-Lebel-courtise\u0301-par-une-autre-e\u0301quipe-de-Top-14.png","contentUrl":"https:\/\/dicodusport.fr\/blog\/wp-content\/uploads\/2022\/10\/Mercato-Stade-Toulousain-Matthis-Lebel-courtise\u0301-par-une-autre-e\u0301quipe-de-Top-14.png","width":800,"height":445},{"@type":"BreadcrumbList","@id":"https:\/\/dicodusport.fr\/blog\/mercato-stade-toulousain-matthis-lebel-courtise-par-une-autre-equipe-de-top-14\/#breadcrumb","itemListElement":[{"@type":"ListItem","position":1,"name":"Accueil","item":"https:\/\/dicodusport.fr\/blog\/"},{"@type":"ListItem","position":2,"name":"Mercato Stade Toulousain : Matthis Lebel courtis\u00e9 par une autre \u00e9quipe de Top 14"}]},{"@type":"WebSite","@id":"https:\/\/dicodusport.fr\/blog\/#website","url":"https:\/\/dicodusport.fr\/blog\/","name":"Dicodusport","description":"L&#039;encyclop\u00e9die de l&#039;actualit\u00e9 sportive","publisher":{"@id":"https:\/\/dicodusport.fr\/blog\/#organization"},"potentialAction":[{"@type":"SearchAction","target":{"@type":"EntryPoint","urlTemplate":"https:\/\/dicodusport.fr\/blog\/?s={search_term_string}"},"query-input":{"@type":"PropertyValueSpecification","valueRequired":true,"valueName":"search_term_string"}}],"inLanguage":"fr-FR"},{"@type":"NewsMediaOrganization","@id":"https:\/\/dicodusport.fr\/blog\/#organization","name":"Dicodusport","url":"https:\/\/dicodusport.fr\/blog\/","logo":{"@type":"ImageObject","inLanguage":"fr-FR","@id":"https:\/\/dicodusport.fr\/blog\/#\/schema\/logo\/image\/","url":"https:\/\/dicodusport.fr\/blog\/wp-content\/uploads\/2020\/06\/cropped-LOGO-DICODUSPORT-2020-SANS-FOND-SANS-TEXTE.png","contentUrl":"https:\/\/dicodusport.fr\/blog\/wp-content\/uploads\/2020\/06\/cropped-LOGO-DICODUSPORT-2020-SANS-FOND-SANS-TEXTE.png","width":512,"height":512,"caption":"Dicodusport"},"image":{"@id":"https:\/\/dicodusport.fr\/blog\/#\/schema\/logo\/image\/"},"sameAs":["https:\/\/www.facebook.com\/dicodusport","https:\/\/x.com\/dicodusport","https:\/\/www.instagram.com\/dicodusport\/","https:\/\/www.youtube.com\/channel\/UC7V2KZ5sd3htJivAbA4ZG3w"],"description":"Dicodusport est l'encyclop\u00e9die de l'actualit\u00e9 sportive.","email":"bonjour@dicodusport.fr","legalName":"DICODUSPORT","foundingDate":"2018-01-14","vatID":"FR71834470973","taxID":"83447097300043","numberOfEmployees":{"@type":"QuantitativeValue","minValue":"1","maxValue":"10"}},{"@type":"Person","@id":"https:\/\/dicodusport.fr\/blog\/#\/schema\/person\/55dcb50ad410894e431ed812bbb70191","name":"Nicolas Jacquemard","image":{"@type":"ImageObject","inLanguage":"fr-FR","@id":"https:\/\/dicodusport.fr\/blog\/#\/schema\/person\/image\/","url":"https:\/\/dicodusport.fr\/blog\/wp-content\/uploads\/2021\/05\/Nicolas-Jacquemard-150x150.jpeg","contentUrl":"https:\/\/dicodusport.fr\/blog\/wp-content\/uploads\/2021\/05\/Nicolas-Jacquemard-150x150.jpeg","caption":"Nicolas Jacquemard"},"description":"Passionn\u00e9 de sport et entrepreneur depuis mes 18 ans, la cr\u00e9ation de Dicodusport m'a sembl\u00e9 \u00e9vidente pour participer \u00e0 la m\u00e9diatisation d'un plus grand nombre de sports. Le chemin est long mais avec une \u00e9quipe des plus motiv\u00e9es et les Jeux Olympiques de Paris 2024 en point de mire, nous y arriverons ! Journaliste dans le monde du sport depuis plus de 5 ans, je traite aussi bien de football, de rugby, de biathlon que de cyclisme.","sameAs":["https:\/\/www.facebook.com\/dicodusport","https:\/\/x.com\/https:\/\/twitter.com\/Nico_Jacquemard"],"url":"https:\/\/dicodusport.fr\/blog\/author\/dicodusport\/"}]}},"_links":{"self":[{"href":"https:\/\/dicodusport.fr\/blog\/wp-json\/wp\/v2\/posts\/272790","targetHints":{"allow":["GET"]}}],"collection":[{"href":"https:\/\/dicodusport.fr\/blog\/wp-json\/wp\/v2\/posts"}],"about":[{"href":"https:\/\/dicodusport.fr\/blog\/wp-json\/wp\/v2\/types\/post"}],"author":[{"embeddable":true,"href":"https:\/\/dicodusport.fr\/blog\/wp-json\/wp\/v2\/users\/1"}],"replies":[{"embeddable":true,"href":"https:\/\/dicodusport.fr\/blog\/wp-json\/wp\/v2\/comments?post=272790"}],"version-history":[{"count":0,"href":"https:\/\/dicodusport.fr\/blog\/wp-json\/wp\/v2\/posts\/272790\/revisions"}],"wp:featuredmedia":[{"embeddable":true,"href":"https:\/\/dicodusport.fr\/blog\/wp-json\/wp\/v2\/media\/272799"}],"wp:attachment":[{"href":"https:\/\/dicodusport.fr\/blog\/wp-json\/wp\/v2\/media?parent=272790"}],"wp:term":[{"taxonomy":"category","embeddable":true,"href":"https:\/\/dicodusport.fr\/blog\/wp-json\/wp\/v2\/categories?post=272790"},{"taxonomy":"post_tag","embeddable":true,"href":"https:\/\/dicodusport.fr\/blog\/wp-json\/wp\/v2\/tags?post=272790"}],"curies":[{"name":"wp","href":"https:\/\/api.w.org\/{rel}","templated":true}]}}