{"id":27280,"date":"2018-10-11T23:00:01","date_gmt":"2018-10-11T21:00:01","guid":{"rendered":"http:\/\/dicodusport.fr\/blog\/?p=27280"},"modified":"2018-10-11T23:12:52","modified_gmt":"2018-10-11T21:12:52","slug":"france-islande-2-2-les-notes-des-bleus","status":"publish","type":"post","link":"https:\/\/dicodusport.fr\/blog\/france-islande-2-2-les-notes-des-bleus\/","title":{"rendered":"France &#8211; Islande (2-2) : les notes des Bleus"},"content":{"rendered":"<p style=\"text-align: justify;\"><em><strong>Les Bleus ont fait match nul face \u00e0 l&rsquo;Islande (2-2), au terme d&rsquo;un match chaotique c\u00f4t\u00e9 tricolore. Voici nos notes.<br \/>\n<\/strong><\/em><\/p>\n<p style=\"text-align: justify;\"><strong>Hugo Lloris (c) &#8211; 6<\/strong> : Le capitaine des Bleus n&rsquo;a pas grand chose \u00e0 se reprocher sur l&rsquo;ouverture du score de Bjarnason et sur le deuxi\u00e8me but d&rsquo;Arnason. Il s&rsquo;est signal\u00e9 en bien en r\u00e9alisant une triple parade sur un corner islandais en premi\u00e8re mi-temps. Le portier des Spurs de Tottenham retrouve (presque) son meilleur niveau.<\/p>\n<p style=\"text-align: justify;\"><strong>Benjamin Pavard &#8211; 5 <\/strong>: S&rsquo;il se rend toujours autant disponible offensivement, il a de nouveau \u00e9t\u00e9 en difficult\u00e9 d\u00e9fensivement, notamment face \u00e0 Traustason. Difficile de lui en vouloir, car si le prestation d&rsquo;ensemble des Bleus durant le Mondial a \u00e9clips\u00e9 ses lacunes, Pavard n&rsquo;est d\u00e9finitivement pas un arri\u00e8re droit. Il s&rsquo;est ensuite \u00e9teint en deuxi\u00e8me mi-temps.<\/p>\n<p style=\"text-align: justify;\"><strong>Rapha\u00ebl Varane &#8211; 6<\/strong> : Costaud et autoritaire globalement, le d\u00e9fenseur du Real Madrid a n\u00e9anmoins eu de mal \u00e0 se d\u00e9gager \u00e0 deux reprises en premi\u00e8re mi-temps, laissant le danger islandais s&rsquo;installer dans la surface de r\u00e9paration fran\u00e7aise. Remplac\u00e9 \u00e0 la mi-temps par <strong>Kurt Zouma<\/strong>.<\/p>\n<p style=\"text-align: justify;\"><strong>Presnel Kimpembe &#8211; 4 <\/strong>: A trop vouloir attendre que le ballon aille en sortie de but, le d\u00e9fenseur parisien est fautif sur l&rsquo;ouverture du score de\u00a0 Bjarnason \u00e0 la demi-heure de jeu. Il a \u00e9galement \u00e9t\u00e9 pris de vitesse par Arnason sur le deuxi\u00e8me but des Islandais. En bref, une soir\u00e9e \u00e0 oublier pour Kimpembe.<\/p>\n<p style=\"text-align: justify;\"><strong>Lucas Digne &#8211; 4<\/strong> : Tr\u00e8s discret lors du premier quart d&rsquo;heure, on l&rsquo;a davantage vu ensuite. Auteur d&rsquo;un centre parfait \u00e0 la 20\u00e8me minute de jeu pour Griezmann, il n&rsquo;est pas exempt de tout reproche non plus sur le but islandais et demeure tendre d\u00e9fensivement. Bref, dans son duel face \u00e0 Hernandez, il n&rsquo;a marqu\u00e9 aucun point.<\/p>\n<p style=\"text-align: justify;\"><strong>Paul Pogba &#8211; 5 <\/strong>: Incisif dans ses interventions en d\u00e9but de match, le joueur de MU a ensuite \u00e9t\u00e9 en difficult\u00e9, incapable de se projeter vers l&rsquo;avant. Il a davantage perdu de ballons au fil de la rencontre. A l&rsquo;image de ses co\u00e9quipiers, \u00ab\u00a0Pogboum\u00a0\u00bb a d\u00e9jou\u00e9 ce soir. Remplac\u00e9 par <strong>Tanguy Ndombele<\/strong> \u00e0 la 67\u00e8me minute.<\/p>\n<p style=\"text-align: justify;\"><strong>Steven Nzonzi &#8211; 6<\/strong> : Sans doute le meilleur bleu ce soir. Impeccable d\u00e9fensivement devant la d\u00e9fense fran\u00e7aise, il a impos\u00e9 sa grande carcasse dans le rond central et a bien tent\u00e9 de jouer vers l&rsquo;avant. Solide pendant 90 minutes, Didier Deschamps a sans doute trouv\u00e9 une belle alternative \u00e0 Kant\u00e9 et Pogba.<\/p>\n<p style=\"text-align: justify;\"><strong>Florian Thauvin &#8211; 4<\/strong> : Celui qui n&rsquo;avait disput\u00e9 que 38 petites minutes en cinq apparitions avec les Bleus n&rsquo;a pas marqu\u00e9 les esprits, bien au contraire. Auteur d&rsquo;une premi\u00e8re p\u00e9riode proche de la catastrophe, le Marseillais a tent\u00e9 de relever la t\u00eate apr\u00e8s la pause, en vain. Manquant cruellement de spontan\u00e9it\u00e9 et auteur de nombreux mauvais choix, il a sans doute laiss\u00e9 passer sa chance. Remplac\u00e9 \u00e0 la 60\u00e8me minute par <strong>Thomas Lemar<\/strong>.<\/p>\n<p style=\"text-align: justify;\"><strong>Antoine Griezmann &#8211; 4<\/strong> : Le Colchonero n&rsquo;a pas vraiment \u00e9t\u00e9 \u00e0 son avantage ce soir. Lui aussi a fait quelques mauvais choix offensivement. Il s&rsquo;est procur\u00e9 deux belles occasions de la t\u00eate, sans pour autant concr\u00e9tiser. Quelques retours d\u00e9fensifs int\u00e9ressants mais on attend beaucoup plus d&rsquo;Antoine Griezmann.<\/p>\n<p style=\"text-align: justify;\"><strong>Ousmane Demb\u00e9l\u00e9 &#8211; 5\u00a0<\/strong> : Le Blaugrana n&rsquo;a pas m\u00e9nag\u00e9 ses efforts sur son c\u00f4t\u00e9 gauche. Il s&rsquo;est souvent rendu disponible et a multipli\u00e9 les courses dans le registre qu&rsquo;on lui connait. Malheureusement, il a p\u00each\u00e9 dans la finition, comme ce face-\u00e0-face rat\u00e9 face au portier islandais apr\u00e8s la demi-heure de jeu. L&rsquo;ancien Rennais a ensuite eu davantage de d\u00e9chet dans son jeu au fil du match. Remplac\u00e9 par <strong>Dimitri Payet<\/strong> \u00e0 la 67\u00e8me minute.<\/p>\n<p style=\"text-align: justify;\"><strong>Olivier Giroud &#8211; 4<\/strong> : L&rsquo;attaquant de Chelsea n&rsquo;a pas eu grand chose \u00e0 se mettre sous la dent. Il a bien tent\u00e9 de combiner avec ses comp\u00e8res de l&rsquo;attaque fran\u00e7aise mais comme ces derniers, cela a manqu\u00e9 de justesse et de pr\u00e9cision.<\/p>\n<hr \/>\n<p style=\"text-align: justify;\"><strong>Les rempla\u00e7ants :\u00a0<\/strong>Kylian Mbapp\u00e9 a \u00e9t\u00e9 d\u00e9cisif en provoquant le premier but des Bleus et en inscrivant le p\u00e9nalty \u00e9galisateur. Il a \u00e9t\u00e9 dangereux sur chaque acc\u00e9l\u00e9ration. Belle entr\u00e9e \u00e9galement du n\u00e9o-Bleu Tanguy Ndombele, disponible et remuant. En revanche pour Dimitri Payet et Thomas Lemar, leur entr\u00e9e en jeu a \u00e9t\u00e9 plut\u00f4t discr\u00e8te. Kurt Zouma a fait le boulot.<\/p>\n<p style=\"text-align: justify;\"><strong><em>Flo Ostermann<br \/>\n<a href=\"https:\/\/www.facebook.com\/florent.ostermann\"><img loading=\"lazy\" decoding=\"async\" class=\"alignnone wp-image-2909\" src=\"http:\/\/dicodusport.fr\/blog\/wp-content\/uploads\/2017\/07\/logo-facebook-150x150.png\" sizes=\"auto, (max-width: 40px) 100vw, 40px\" srcset=\"https:\/\/dicodusport.fr\/blog\/wp-content\/uploads\/2017\/07\/logo-facebook-150x150.png 150w, https:\/\/dicodusport.fr\/blog\/wp-content\/uploads\/2017\/07\/logo-facebook-300x300.png 300w, https:\/\/dicodusport.fr\/blog\/wp-content\/uploads\/2017\/07\/logo-facebook.png 400w\" alt=\"\" width=\"40\" height=\"40\" \/><\/a><a href=\"https:\/\/twitter.com\/SportInsideMag\"><img loading=\"lazy\" decoding=\"async\" class=\"alignnone wp-image-2908\" src=\"http:\/\/dicodusport.fr\/blog\/wp-content\/uploads\/2017\/07\/logo-twitter-150x150.png\" alt=\"\" width=\"39\" height=\"39\" \/><\/a><\/em><\/strong><\/p>\n","protected":false},"excerpt":{"rendered":"<p>Les Bleus ont fait match nul face \u00e0 l&rsquo;Islande (2-2), au terme d&rsquo;un match chaotique c\u00f4t\u00e9 tricolore. Voici nos notes.<\/p>\n","protected":false},"author":4,"featured_media":27284,"comment_status":"open","ping_status":"closed","sticky":false,"template":"","format":"standard","meta":{"_acf_changed":false,"_daextam_enable_autolinks":"","footnotes":""},"categories":[2,2301],"tags":[75,6256],"class_list":["post-27280","post","type-post","status-publish","format-standard","has-post-thumbnail","hentry","category-actualites","category-football","tag-football","tag-match-amical"],"acf":[],"yoast_head":"<!-- This site is optimized with the Yoast SEO Premium plugin v26.7 (Yoast SEO v26.7) - https:\/\/yoast.com\/wordpress\/plugins\/seo\/ -->\n<title>France - Islande (2-2) : les notes des Bleus<\/title>\n<meta name=\"description\" content=\"Les Bleus ont fait match nul face \u00e0 l&#039;Islande (2-2), au terme d&#039;un match chaotique c\u00f4t\u00e9 tricolore. Voici nos notes.\" \/>\n<meta name=\"robots\" content=\"index, follow, max-snippet:-1, max-image-preview:large, max-video-preview:-1\" \/>\n<link rel=\"canonical\" href=\"https:\/\/dicodusport.fr\/blog\/france-islande-2-2-les-notes-des-bleus\/\" \/>\n<meta property=\"og:locale\" content=\"fr_FR\" \/>\n<meta property=\"og:type\" content=\"article\" \/>\n<meta property=\"og:title\" content=\"France - Islande (2-2) : les notes des Bleus\" \/>\n<meta property=\"og:description\" content=\"Les Bleus ont fait match nul face \u00e0 l&#039;Islande (2-2), au terme d&#039;un match chaotique c\u00f4t\u00e9 tricolore. Voici nos notes.\" \/>\n<meta property=\"og:url\" content=\"https:\/\/dicodusport.fr\/blog\/france-islande-2-2-les-notes-des-bleus\/\" \/>\n<meta property=\"og:site_name\" content=\"Dicodusport\" \/>\n<meta property=\"article:publisher\" content=\"https:\/\/www.facebook.com\/dicodusport\" \/>\n<meta property=\"article:author\" content=\"https:\/\/www.facebook.com\/florent.ostermann\" \/>\n<meta property=\"article:published_time\" content=\"2018-10-11T21:00:01+00:00\" \/>\n<meta property=\"article:modified_time\" content=\"2018-10-11T21:12:52+00:00\" \/>\n<meta property=\"og:image\" content=\"https:\/\/dicodusport.fr\/blog\/wp-content\/uploads\/2018\/10\/France-Islande-2018.png\" \/>\n\t<meta property=\"og:image:width\" content=\"800\" \/>\n\t<meta property=\"og:image:height\" content=\"445\" \/>\n\t<meta property=\"og:image:type\" content=\"image\/png\" \/>\n<meta name=\"author\" content=\"Flo Ostermann\" \/>\n<meta name=\"twitter:card\" content=\"summary_large_image\" \/>\n<meta name=\"twitter:creator\" content=\"@https:\/\/twitter.com\/FlOstermann\" \/>\n<meta name=\"twitter:site\" content=\"@dicodusport\" \/>\n<script type=\"application\/ld+json\" class=\"yoast-schema-graph\">{\"@context\":\"https:\/\/schema.org\",\"@graph\":[{\"@type\":\"NewsArticle\",\"@id\":\"https:\/\/dicodusport.fr\/blog\/france-islande-2-2-les-notes-des-bleus\/#article\",\"isPartOf\":{\"@id\":\"https:\/\/dicodusport.fr\/blog\/france-islande-2-2-les-notes-des-bleus\/\"},\"author\":{\"name\":\"Flo Ostermann\",\"@id\":\"https:\/\/dicodusport.fr\/blog\/#\/schema\/person\/cb02af4c173ce4a653b55e9baf388d4a\"},\"headline\":\"France &#8211; Islande (2-2) : les notes des Bleus\",\"datePublished\":\"2018-10-11T21:00:01+00:00\",\"dateModified\":\"2018-10-11T21:12:52+00:00\",\"mainEntityOfPage\":{\"@id\":\"https:\/\/dicodusport.fr\/blog\/france-islande-2-2-les-notes-des-bleus\/\"},\"wordCount\":761,\"commentCount\":0,\"publisher\":{\"@id\":\"https:\/\/dicodusport.fr\/blog\/#organization\"},\"image\":{\"@id\":\"https:\/\/dicodusport.fr\/blog\/france-islande-2-2-les-notes-des-bleus\/#primaryimage\"},\"thumbnailUrl\":\"https:\/\/dicodusport.fr\/blog\/wp-content\/uploads\/2018\/10\/France-Islande-2018.png\",\"keywords\":[\"Football\",\"Match amical\"],\"articleSection\":[\"Actualit\u00e9s\",\"Football\"],\"inLanguage\":\"fr-FR\",\"potentialAction\":[{\"@type\":\"CommentAction\",\"name\":\"Comment\",\"target\":[\"https:\/\/dicodusport.fr\/blog\/france-islande-2-2-les-notes-des-bleus\/#respond\"]}],\"copyrightYear\":\"2018\",\"copyrightHolder\":{\"@id\":\"https:\/\/dicodusport.fr\/blog\/#organization\"}},{\"@type\":\"WebPage\",\"@id\":\"https:\/\/dicodusport.fr\/blog\/france-islande-2-2-les-notes-des-bleus\/\",\"url\":\"https:\/\/dicodusport.fr\/blog\/france-islande-2-2-les-notes-des-bleus\/\",\"name\":\"France - Islande (2-2) : les notes des Bleus\",\"isPartOf\":{\"@id\":\"https:\/\/dicodusport.fr\/blog\/#website\"},\"primaryImageOfPage\":{\"@id\":\"https:\/\/dicodusport.fr\/blog\/france-islande-2-2-les-notes-des-bleus\/#primaryimage\"},\"image\":{\"@id\":\"https:\/\/dicodusport.fr\/blog\/france-islande-2-2-les-notes-des-bleus\/#primaryimage\"},\"thumbnailUrl\":\"https:\/\/dicodusport.fr\/blog\/wp-content\/uploads\/2018\/10\/France-Islande-2018.png\",\"datePublished\":\"2018-10-11T21:00:01+00:00\",\"dateModified\":\"2018-10-11T21:12:52+00:00\",\"description\":\"Les Bleus ont fait match nul face \u00e0 l'Islande (2-2), au terme d'un match chaotique c\u00f4t\u00e9 tricolore. Voici nos notes.\",\"breadcrumb\":{\"@id\":\"https:\/\/dicodusport.fr\/blog\/france-islande-2-2-les-notes-des-bleus\/#breadcrumb\"},\"inLanguage\":\"fr-FR\",\"potentialAction\":[{\"@type\":\"ReadAction\",\"target\":[\"https:\/\/dicodusport.fr\/blog\/france-islande-2-2-les-notes-des-bleus\/\"]}]},{\"@type\":\"ImageObject\",\"inLanguage\":\"fr-FR\",\"@id\":\"https:\/\/dicodusport.fr\/blog\/france-islande-2-2-les-notes-des-bleus\/#primaryimage\",\"url\":\"https:\/\/dicodusport.fr\/blog\/wp-content\/uploads\/2018\/10\/France-Islande-2018.png\",\"contentUrl\":\"https:\/\/dicodusport.fr\/blog\/wp-content\/uploads\/2018\/10\/France-Islande-2018.png\",\"width\":800,\"height\":445},{\"@type\":\"BreadcrumbList\",\"@id\":\"https:\/\/dicodusport.fr\/blog\/france-islande-2-2-les-notes-des-bleus\/#breadcrumb\",\"itemListElement\":[{\"@type\":\"ListItem\",\"position\":1,\"name\":\"Accueil\",\"item\":\"https:\/\/dicodusport.fr\/blog\/\"},{\"@type\":\"ListItem\",\"position\":2,\"name\":\"France &#8211; Islande (2-2) : les notes des Bleus\"}]},{\"@type\":\"WebSite\",\"@id\":\"https:\/\/dicodusport.fr\/blog\/#website\",\"url\":\"https:\/\/dicodusport.fr\/blog\/\",\"name\":\"Dicodusport\",\"description\":\"L&#039;encyclop\u00e9die de l&#039;actualit\u00e9 sportive\",\"publisher\":{\"@id\":\"https:\/\/dicodusport.fr\/blog\/#organization\"},\"potentialAction\":[{\"@type\":\"SearchAction\",\"target\":{\"@type\":\"EntryPoint\",\"urlTemplate\":\"https:\/\/dicodusport.fr\/blog\/?s={search_term_string}\"},\"query-input\":{\"@type\":\"PropertyValueSpecification\",\"valueRequired\":true,\"valueName\":\"search_term_string\"}}],\"inLanguage\":\"fr-FR\"},{\"@type\":\"NewsMediaOrganization\",\"@id\":\"https:\/\/dicodusport.fr\/blog\/#organization\",\"name\":\"Dicodusport\",\"url\":\"https:\/\/dicodusport.fr\/blog\/\",\"logo\":{\"@type\":\"ImageObject\",\"inLanguage\":\"fr-FR\",\"@id\":\"https:\/\/dicodusport.fr\/blog\/#\/schema\/logo\/image\/\",\"url\":\"https:\/\/dicodusport.fr\/blog\/wp-content\/uploads\/2020\/06\/cropped-LOGO-DICODUSPORT-2020-SANS-FOND-SANS-TEXTE.png\",\"contentUrl\":\"https:\/\/dicodusport.fr\/blog\/wp-content\/uploads\/2020\/06\/cropped-LOGO-DICODUSPORT-2020-SANS-FOND-SANS-TEXTE.png\",\"width\":512,\"height\":512,\"caption\":\"Dicodusport\"},\"image\":{\"@id\":\"https:\/\/dicodusport.fr\/blog\/#\/schema\/logo\/image\/\"},\"sameAs\":[\"https:\/\/www.facebook.com\/dicodusport\",\"https:\/\/x.com\/dicodusport\",\"https:\/\/www.instagram.com\/dicodusport\/\",\"https:\/\/www.youtube.com\/channel\/UC7V2KZ5sd3htJivAbA4ZG3w\"],\"description\":\"Dicodusport est l'encyclop\u00e9die de l'actualit\u00e9 sportive.\",\"email\":\"bonjour@dicodusport.fr\",\"legalName\":\"DICODUSPORT\",\"foundingDate\":\"2018-01-14\",\"vatID\":\"FR71834470973\",\"taxID\":\"83447097300043\",\"numberOfEmployees\":{\"@type\":\"QuantitativeValue\",\"minValue\":\"1\",\"maxValue\":\"10\"}},{\"@type\":\"Person\",\"@id\":\"https:\/\/dicodusport.fr\/blog\/#\/schema\/person\/cb02af4c173ce4a653b55e9baf388d4a\",\"name\":\"Flo Ostermann\",\"image\":{\"@type\":\"ImageObject\",\"inLanguage\":\"fr-FR\",\"@id\":\"https:\/\/dicodusport.fr\/blog\/#\/schema\/person\/image\/\",\"url\":\"https:\/\/dicodusport.fr\/blog\/wp-content\/uploads\/2021\/05\/Flo-Ostermann-150x150.jpg\",\"contentUrl\":\"https:\/\/dicodusport.fr\/blog\/wp-content\/uploads\/2021\/05\/Flo-Ostermann-150x150.jpg\",\"caption\":\"Flo Ostermann\"},\"description\":\"Journaliste\/R\u00e9dacteur depuis septembre 2015 - Mes premiers souvenirs dans le sport ? Les envol\u00e9es du Stade Toulousain et les duels Villeneuve-Schumacher et H\u00e4kkinen-Schumacher \u00e0 la fin des ann\u00e9es 90, la Coupe du monde de football en 1998, l\u2019exploit du XV de France face aux All Blacks en 1999, mais aussi Richard C\u0153ur de Lion qui vole sur les montagnes du Tour de France. Bien parti pour devenir professeur d\u2019EPS, les \u00e9v\u00e9nements de la vie (et la flemme d\u2019animer des s\u00e9ances de 3x500 m\u00e8tres toute ma vie) m\u2019ont conduit \u00e0 revoir mes plans. Me voil\u00e0 depuis fin 2017 sur Dicodusport, m\u00e9dia gr\u00e2ce (et pour) lequel je partage ma passion : le sport dans tous ses \u00e9tats. Le tout accompagn\u00e9 par les fous furieux et folles furieuses cit\u00e9s sur cette page !\",\"sameAs\":[\"https:\/\/www.facebook.com\/florent.ostermann\",\"https:\/\/x.com\/https:\/\/twitter.com\/FlOstermann\",\"admin\"],\"url\":\"https:\/\/dicodusport.fr\/blog\/author\/flo\/\"}]}<\/script>\n<!-- \/ Yoast SEO Premium plugin. -->","yoast_head_json":{"title":"France - Islande (2-2) : les notes des Bleus","description":"Les Bleus ont fait match nul face \u00e0 l'Islande (2-2), au terme d'un match chaotique c\u00f4t\u00e9 tricolore. Voici nos notes.","robots":{"index":"index","follow":"follow","max-snippet":"max-snippet:-1","max-image-preview":"max-image-preview:large","max-video-preview":"max-video-preview:-1"},"canonical":"https:\/\/dicodusport.fr\/blog\/france-islande-2-2-les-notes-des-bleus\/","og_locale":"fr_FR","og_type":"article","og_title":"France - Islande (2-2) : les notes des Bleus","og_description":"Les Bleus ont fait match nul face \u00e0 l'Islande (2-2), au terme d'un match chaotique c\u00f4t\u00e9 tricolore. Voici nos notes.","og_url":"https:\/\/dicodusport.fr\/blog\/france-islande-2-2-les-notes-des-bleus\/","og_site_name":"Dicodusport","article_publisher":"https:\/\/www.facebook.com\/dicodusport","article_author":"https:\/\/www.facebook.com\/florent.ostermann","article_published_time":"2018-10-11T21:00:01+00:00","article_modified_time":"2018-10-11T21:12:52+00:00","og_image":[{"width":800,"height":445,"url":"https:\/\/dicodusport.fr\/blog\/wp-content\/uploads\/2018\/10\/France-Islande-2018.png","type":"image\/png"}],"author":"Flo Ostermann","twitter_card":"summary_large_image","twitter_creator":"@https:\/\/twitter.com\/FlOstermann","twitter_site":"@dicodusport","schema":{"@context":"https:\/\/schema.org","@graph":[{"@type":"NewsArticle","@id":"https:\/\/dicodusport.fr\/blog\/france-islande-2-2-les-notes-des-bleus\/#article","isPartOf":{"@id":"https:\/\/dicodusport.fr\/blog\/france-islande-2-2-les-notes-des-bleus\/"},"author":{"name":"Flo Ostermann","@id":"https:\/\/dicodusport.fr\/blog\/#\/schema\/person\/cb02af4c173ce4a653b55e9baf388d4a"},"headline":"France &#8211; Islande (2-2) : les notes des Bleus","datePublished":"2018-10-11T21:00:01+00:00","dateModified":"2018-10-11T21:12:52+00:00","mainEntityOfPage":{"@id":"https:\/\/dicodusport.fr\/blog\/france-islande-2-2-les-notes-des-bleus\/"},"wordCount":761,"commentCount":0,"publisher":{"@id":"https:\/\/dicodusport.fr\/blog\/#organization"},"image":{"@id":"https:\/\/dicodusport.fr\/blog\/france-islande-2-2-les-notes-des-bleus\/#primaryimage"},"thumbnailUrl":"https:\/\/dicodusport.fr\/blog\/wp-content\/uploads\/2018\/10\/France-Islande-2018.png","keywords":["Football","Match amical"],"articleSection":["Actualit\u00e9s","Football"],"inLanguage":"fr-FR","potentialAction":[{"@type":"CommentAction","name":"Comment","target":["https:\/\/dicodusport.fr\/blog\/france-islande-2-2-les-notes-des-bleus\/#respond"]}],"copyrightYear":"2018","copyrightHolder":{"@id":"https:\/\/dicodusport.fr\/blog\/#organization"}},{"@type":"WebPage","@id":"https:\/\/dicodusport.fr\/blog\/france-islande-2-2-les-notes-des-bleus\/","url":"https:\/\/dicodusport.fr\/blog\/france-islande-2-2-les-notes-des-bleus\/","name":"France - Islande (2-2) : les notes des Bleus","isPartOf":{"@id":"https:\/\/dicodusport.fr\/blog\/#website"},"primaryImageOfPage":{"@id":"https:\/\/dicodusport.fr\/blog\/france-islande-2-2-les-notes-des-bleus\/#primaryimage"},"image":{"@id":"https:\/\/dicodusport.fr\/blog\/france-islande-2-2-les-notes-des-bleus\/#primaryimage"},"thumbnailUrl":"https:\/\/dicodusport.fr\/blog\/wp-content\/uploads\/2018\/10\/France-Islande-2018.png","datePublished":"2018-10-11T21:00:01+00:00","dateModified":"2018-10-11T21:12:52+00:00","description":"Les Bleus ont fait match nul face \u00e0 l'Islande (2-2), au terme d'un match chaotique c\u00f4t\u00e9 tricolore. Voici nos notes.","breadcrumb":{"@id":"https:\/\/dicodusport.fr\/blog\/france-islande-2-2-les-notes-des-bleus\/#breadcrumb"},"inLanguage":"fr-FR","potentialAction":[{"@type":"ReadAction","target":["https:\/\/dicodusport.fr\/blog\/france-islande-2-2-les-notes-des-bleus\/"]}]},{"@type":"ImageObject","inLanguage":"fr-FR","@id":"https:\/\/dicodusport.fr\/blog\/france-islande-2-2-les-notes-des-bleus\/#primaryimage","url":"https:\/\/dicodusport.fr\/blog\/wp-content\/uploads\/2018\/10\/France-Islande-2018.png","contentUrl":"https:\/\/dicodusport.fr\/blog\/wp-content\/uploads\/2018\/10\/France-Islande-2018.png","width":800,"height":445},{"@type":"BreadcrumbList","@id":"https:\/\/dicodusport.fr\/blog\/france-islande-2-2-les-notes-des-bleus\/#breadcrumb","itemListElement":[{"@type":"ListItem","position":1,"name":"Accueil","item":"https:\/\/dicodusport.fr\/blog\/"},{"@type":"ListItem","position":2,"name":"France &#8211; Islande (2-2) : les notes des Bleus"}]},{"@type":"WebSite","@id":"https:\/\/dicodusport.fr\/blog\/#website","url":"https:\/\/dicodusport.fr\/blog\/","name":"Dicodusport","description":"L&#039;encyclop\u00e9die de l&#039;actualit\u00e9 sportive","publisher":{"@id":"https:\/\/dicodusport.fr\/blog\/#organization"},"potentialAction":[{"@type":"SearchAction","target":{"@type":"EntryPoint","urlTemplate":"https:\/\/dicodusport.fr\/blog\/?s={search_term_string}"},"query-input":{"@type":"PropertyValueSpecification","valueRequired":true,"valueName":"search_term_string"}}],"inLanguage":"fr-FR"},{"@type":"NewsMediaOrganization","@id":"https:\/\/dicodusport.fr\/blog\/#organization","name":"Dicodusport","url":"https:\/\/dicodusport.fr\/blog\/","logo":{"@type":"ImageObject","inLanguage":"fr-FR","@id":"https:\/\/dicodusport.fr\/blog\/#\/schema\/logo\/image\/","url":"https:\/\/dicodusport.fr\/blog\/wp-content\/uploads\/2020\/06\/cropped-LOGO-DICODUSPORT-2020-SANS-FOND-SANS-TEXTE.png","contentUrl":"https:\/\/dicodusport.fr\/blog\/wp-content\/uploads\/2020\/06\/cropped-LOGO-DICODUSPORT-2020-SANS-FOND-SANS-TEXTE.png","width":512,"height":512,"caption":"Dicodusport"},"image":{"@id":"https:\/\/dicodusport.fr\/blog\/#\/schema\/logo\/image\/"},"sameAs":["https:\/\/www.facebook.com\/dicodusport","https:\/\/x.com\/dicodusport","https:\/\/www.instagram.com\/dicodusport\/","https:\/\/www.youtube.com\/channel\/UC7V2KZ5sd3htJivAbA4ZG3w"],"description":"Dicodusport est l'encyclop\u00e9die de l'actualit\u00e9 sportive.","email":"bonjour@dicodusport.fr","legalName":"DICODUSPORT","foundingDate":"2018-01-14","vatID":"FR71834470973","taxID":"83447097300043","numberOfEmployees":{"@type":"QuantitativeValue","minValue":"1","maxValue":"10"}},{"@type":"Person","@id":"https:\/\/dicodusport.fr\/blog\/#\/schema\/person\/cb02af4c173ce4a653b55e9baf388d4a","name":"Flo Ostermann","image":{"@type":"ImageObject","inLanguage":"fr-FR","@id":"https:\/\/dicodusport.fr\/blog\/#\/schema\/person\/image\/","url":"https:\/\/dicodusport.fr\/blog\/wp-content\/uploads\/2021\/05\/Flo-Ostermann-150x150.jpg","contentUrl":"https:\/\/dicodusport.fr\/blog\/wp-content\/uploads\/2021\/05\/Flo-Ostermann-150x150.jpg","caption":"Flo Ostermann"},"description":"Journaliste\/R\u00e9dacteur depuis septembre 2015 - Mes premiers souvenirs dans le sport ? Les envol\u00e9es du Stade Toulousain et les duels Villeneuve-Schumacher et H\u00e4kkinen-Schumacher \u00e0 la fin des ann\u00e9es 90, la Coupe du monde de football en 1998, l\u2019exploit du XV de France face aux All Blacks en 1999, mais aussi Richard C\u0153ur de Lion qui vole sur les montagnes du Tour de France. Bien parti pour devenir professeur d\u2019EPS, les \u00e9v\u00e9nements de la vie (et la flemme d\u2019animer des s\u00e9ances de 3x500 m\u00e8tres toute ma vie) m\u2019ont conduit \u00e0 revoir mes plans. Me voil\u00e0 depuis fin 2017 sur Dicodusport, m\u00e9dia gr\u00e2ce (et pour) lequel je partage ma passion : le sport dans tous ses \u00e9tats. Le tout accompagn\u00e9 par les fous furieux et folles furieuses cit\u00e9s sur cette page !","sameAs":["https:\/\/www.facebook.com\/florent.ostermann","https:\/\/x.com\/https:\/\/twitter.com\/FlOstermann","admin"],"url":"https:\/\/dicodusport.fr\/blog\/author\/flo\/"}]}},"_links":{"self":[{"href":"https:\/\/dicodusport.fr\/blog\/wp-json\/wp\/v2\/posts\/27280","targetHints":{"allow":["GET"]}}],"collection":[{"href":"https:\/\/dicodusport.fr\/blog\/wp-json\/wp\/v2\/posts"}],"about":[{"href":"https:\/\/dicodusport.fr\/blog\/wp-json\/wp\/v2\/types\/post"}],"author":[{"embeddable":true,"href":"https:\/\/dicodusport.fr\/blog\/wp-json\/wp\/v2\/users\/4"}],"replies":[{"embeddable":true,"href":"https:\/\/dicodusport.fr\/blog\/wp-json\/wp\/v2\/comments?post=27280"}],"version-history":[{"count":0,"href":"https:\/\/dicodusport.fr\/blog\/wp-json\/wp\/v2\/posts\/27280\/revisions"}],"wp:featuredmedia":[{"embeddable":true,"href":"https:\/\/dicodusport.fr\/blog\/wp-json\/wp\/v2\/media\/27284"}],"wp:attachment":[{"href":"https:\/\/dicodusport.fr\/blog\/wp-json\/wp\/v2\/media?parent=27280"}],"wp:term":[{"taxonomy":"category","embeddable":true,"href":"https:\/\/dicodusport.fr\/blog\/wp-json\/wp\/v2\/categories?post=27280"},{"taxonomy":"post_tag","embeddable":true,"href":"https:\/\/dicodusport.fr\/blog\/wp-json\/wp\/v2\/tags?post=27280"}],"curies":[{"name":"wp","href":"https:\/\/api.w.org\/{rel}","templated":true}]}}