{"id":272853,"date":"2022-10-24T13:27:01","date_gmt":"2022-10-24T11:27:01","guid":{"rendered":"https:\/\/dicodusport.fr\/blog\/?p=272853&#038;preview=true&#038;preview_id=272853"},"modified":"2022-10-24T13:27:43","modified_gmt":"2022-10-24T11:27:43","slug":"ski-alpin-comment-marco-odermatt-a-remporte-le-geant-de-solden","status":"publish","type":"post","link":"https:\/\/dicodusport.fr\/blog\/ski-alpin-comment-marco-odermatt-a-remporte-le-geant-de-solden\/","title":{"rendered":"Ski alpin : Comment Marco Odermatt a remport\u00e9 le g\u00e9ant de S\u00f6lden ?"},"content":{"rendered":"<p style=\"text-align: justify;\"><i><b><a href=\"https:\/\/dicodusport.fr\/blog\/actualites\/sports-dhiver\/ski\/coupe-du-monde-ski-alpin-2022-2023\/\">COUPE DU MONDE DE SKI ALPIN 2022-2023<\/a> &#8211; Hier, sur le glacier du Rettenbach \u00e0 S\u00f6lden, le Suisse Marco Odermatt a survol\u00e9 la premi\u00e8re course de la saison en s&rsquo;imposant sur le g\u00e9ant. Mais comment a-t-il conserv\u00e9 76 centi\u00e8mes \u00e0 l&rsquo;arriv\u00e9e ? Analysons minutieusement ses deux manches.<\/b><\/i><\/p>\n<p style=\"text-align: justify;\">Pour la premi\u00e8re \u00e9tape de la Coupe du monde, les hommes avaient rendez-vous \u00e0 S\u00f6lden, pour un slalom g\u00e9ant. <strong>Marco Odermatt\u00a0<\/strong>confirme qu&rsquo;il est toujours le meilleur skieur du monde. <a href=\"https:\/\/dicodusport.fr\/blog\/ski-alpin-solden-marco-odermatt-remporte-le-geant-douverture\/\">L&rsquo;Helv\u00e8te a d\u00e9j\u00e0 montr\u00e9 sa grande forme en gagnant avec la mani\u00e8re sur la neige autrichienne<\/a>. Revenons sur la fa\u00e7on dont il a construit cette victoire.<\/p>\n<h2 style=\"text-align: justify;\">L&rsquo;orf\u00e8vre Odermatt, tailleur de mur<\/h2>\n<p style=\"text-align: justify;\"><span style=\"font-weight: 400;\">Lors des premi\u00e8res secondes de son run, <\/span><b>Marco Odermatt<\/b><span style=\"font-weight: 400;\"> a simplement voulu pr\u00e9parer son entr\u00e9e de mur. Le Suisse prend un maximum de vitesse et va se placer tr\u00e8s haut dans la banane pour avoir une ouverture suffisante pour la suite. D\u00e8s que la pente est plus raide, aucun temps d&rsquo;adaptation. La premi\u00e8re porte du mur est prise au bon endroit et il n&rsquo;a pas \u00e0 rectifier sa trajectoire. Rien que cette pr\u00e9paration lui fait gagner de pr\u00e9cieux centi\u00e8mes. Dans le <\/span><i><span style=\"font-weight: 400;\">Rettenbachjoch, <\/span><\/i><span style=\"font-weight: 400;\">son ski est fluide, sans faute, cette hauteur et ce dynamisme lui permettent de gagner 6 dixi\u00e8mes sur <\/span><b>Manuel Feller <\/b><span style=\"font-weight: 400;\">parti juste avant, avec le dossard 2. Le skieur d&rsquo;Hergiswil a engrang\u00e9 suffisamment de vitesse (la 5e de la premi\u00e8re manche) et fonce vers la ligne. Le plat final n&rsquo;est qu&rsquo;une formalit\u00e9, il sera le seul athl\u00e8te sous la minute.<\/span><\/p>\n<div id=\"attachment_272509\" style=\"width: 810px\" class=\"wp-caption aligncenter\"><a href=\"https:\/\/dicodusport.fr\/blog\/wp-content\/uploads\/2022\/10\/Ski-alpin-Solden-Marco-Odermatt-remporte-le-geant-douverture.png\"><img loading=\"lazy\" decoding=\"async\" aria-describedby=\"caption-attachment-272509\" class=\"size-full wp-image-272509\" src=\"https:\/\/dicodusport.fr\/blog\/wp-content\/uploads\/2022\/10\/Ski-alpin-Solden-Marco-Odermatt-remporte-le-geant-douverture.png\" alt=\"Ski alpin S\u00f6lden Marco Odermatt remporte le g\u00e9ant d\u2019ouverture\" width=\"800\" height=\"445\" srcset=\"https:\/\/dicodusport.fr\/blog\/wp-content\/uploads\/2022\/10\/Ski-alpin-Solden-Marco-Odermatt-remporte-le-geant-douverture.png 800w, https:\/\/dicodusport.fr\/blog\/wp-content\/uploads\/2022\/10\/Ski-alpin-Solden-Marco-Odermatt-remporte-le-geant-douverture-300x167.png 300w, https:\/\/dicodusport.fr\/blog\/wp-content\/uploads\/2022\/10\/Ski-alpin-Solden-Marco-Odermatt-remporte-le-geant-douverture-768x427.png 768w\" sizes=\"auto, (max-width: 800px) 100vw, 800px\" \/><\/a><p id=\"caption-attachment-272509\" class=\"wp-caption-text\">Marco Odermatt, imp\u00e9rial \u00e0 S\u00f6lden &#8211; Photo Icon Sport<\/p><\/div>\n<p style=\"text-align: justify;\"><span style=\"font-weight: 400;\">Tout s&rsquo;est jou\u00e9 dans le mur lors de cette premi\u00e8re manche. <\/span><b>Lucas Braathen<\/b><span style=\"font-weight: 400;\">, 2\u00e8me, a fait jeu \u00e9gal avec <\/span><b>Odermatt<\/b><span style=\"font-weight: 400;\"> sur toutes les autres portions. Nous avons pu constater que le ski du jeune norv\u00e9gien \u00e9tait plus agressif, moins boucl\u00e9 mais avec beaucoup de d\u00e9rives, \u00e0 la mani\u00e8re d&rsquo;un <\/span><b>Ted Ligety<\/b><span style=\"font-weight: 400;\">. Quatre dixi\u00e8mes envol\u00e9s dans la pente, c&rsquo;est l&rsquo;\u00e9cart \u00e0 l&rsquo;arriv\u00e9e. Constat \u00e0 peu pr\u00e8s similaire pour <\/span><b>Zan Kranjec<\/b><span style=\"font-weight: 400;\">, 3e. Le Slov\u00e8ne ne va pas perdre de temps dans le mur mais c&rsquo;est sa mani\u00e8re de skier qui va le rel\u00e9guer \u00e0 pr\u00e8s de 7 dixi\u00e8mes de la t\u00eate. Par exemple, il a trop jet\u00e9 les skis sur certaines boucles. Quelques passages ont manqu\u00e9 de propret\u00e9 m\u00eame s&rsquo;il y a eu de l&rsquo;efficacit\u00e9. En arrivant sur la partie plane, pas assez de vitesse (la 38e des engag\u00e9s) et le chrono d\u00e9file.<\/span><\/p>\n<h2 style=\"text-align: justify;\">Plusieurs coups de chaud, sans cons\u00e9quence<\/h2>\n<p style=\"text-align: justify;\"><b>Marco Odermatt <\/b><span style=\"font-weight: 400;\">a jou\u00e9 \u00e0 se faire peur lors de la seconde manche. En haut du trac\u00e9, juste avant le premier interm\u00e9diaire, il va faire une petite faute d&rsquo;int\u00e9rieur. Pas de panique, l&rsquo;esth\u00e8te helv\u00e8te se rel\u00e8ve vite et reprend directement la ligne avant le mur. Dans celui-ci, ce fut plus chaotique. \u00c0 certains moments, le skieur de 25 ans \u00e9tait presque allong\u00e9 sur la neige, comme s&rsquo;il \u00e9tait la vedette d&rsquo;une comp\u00e9tition de carving. Son intensit\u00e9 \u00e9tait moins grande que lors de son premier passage, on l&rsquo;a senti faiblir, faire plus de chemin. Pourtant, sa vitesse reste suffisante avant d&rsquo;entamer les derniers instants de course. Le meilleur skieur du monde conserve 76 centi\u00e8mes sur son dauphin <\/span><b>Zan Kranjec<\/b><span style=\"font-weight: 400;\">, auteur d&rsquo;un tr\u00e8s bon deuxi\u00e8me run. Une nouvelle d\u00e9monstration pour celui qui n&rsquo;a plus quitt\u00e9 le podium en g\u00e9ant depuis le 27 f\u00e9vrier 2021. C&rsquo;\u00e9tait lors de l&rsquo;\u00e9preuve de Bansko, en Bulgarie (5e).<\/span><\/p>\n<blockquote class=\"twitter-tweet\">\n<p dir=\"ltr\" lang=\"fr\">Intouchable Odermatt ! Le Suisse est d\u00e9j\u00e0 en feu &#x1f525;en ce d\u00e9but de saison et s\u2019impose sur le g\u00e9ant de <a href=\"https:\/\/twitter.com\/hashtag\/S%C3%B6lden?src=hash&amp;ref_src=twsrc%5Etfw\">#S\u00f6lden<\/a> devant Kranjec et Kristoffersen.<br \/>\nPremiers Fran\u00e7ais &#x1f1eb;&#x1f1f7; Favrot 10e et Muffat-Jeandet 11e.<a href=\"https:\/\/twitter.com\/hashtag\/ChaletClub?src=hash&amp;ref_src=twsrc%5Etfw\">#ChaletClub<\/a> <a href=\"https:\/\/twitter.com\/Eurosport_FR?ref_src=twsrc%5Etfw\">@Eurosport_FR<\/a><br \/>\n&#x1f399; <a href=\"https:\/\/twitter.com\/FX_Rallet?ref_src=twsrc%5Etfw\">@FX_Rallet<\/a> <a href=\"https:\/\/twitter.com\/GautdeTess?ref_src=twsrc%5Etfw\">@GautdeTess<\/a> <a href=\"https:\/\/t.co\/LmTgUKijEp\">pic.twitter.com\/LmTgUKijEp<\/a><\/p>\n<p>\u2014 Chalet &#x2744;&#xfe0f; Club (@ChaletClub2021) <a href=\"https:\/\/twitter.com\/ChaletClub2021\/status\/1584153378946367488?ref_src=twsrc%5Etfw\">October 23, 2022<\/a><\/p><\/blockquote>\n<p><script async src=\"https:\/\/platform.twitter.com\/widgets.js\" charset=\"utf-8\"><\/script><\/p>\n<p style=\"text-align: justify;\"><span style=\"font-weight: 400;\">La seconde manche d&rsquo;<\/span><b>Henrik Kristoffersen <\/b><span style=\"font-weight: 400;\">est sans doute la plus impressionnante du plateau, bien qu&rsquo;elle n&rsquo;ait pas mis en danger la supr\u00e9matie d&rsquo;<\/span><b>Odermatt<\/b><span style=\"font-weight: 400;\">. Une grosse erreur sur la partie haute a failli le faire sortir du trac\u00e9, mais la suite fut tr\u00e8s convaincante. Le Norv\u00e9gien tente de se rattraper en proposant un ski avec engagement maximum. Son mur est plein d&rsquo;envie, il fonce droit sur les portes et arrive avec une demi-seconde d&rsquo;avance sur son compatriote <\/span><b>Rasmus Windingstad<\/b><span style=\"font-weight: 400;\"> avant les derniers m\u00e8tres. Mais sa vitesse est beaucoup trop faible sur le plat et <\/span><em><b>Kristo<\/b><\/em><span style=\"font-weight: 400;\">\u00a0ne gardera que 14 centi\u00e8mes de marge. Troisi\u00e8me place finale, il aurait pu \u00eatre deuxi\u00e8me ce dimanche \u00e0 S\u00f6lden.<\/span><\/p>\n<h2 style=\"text-align: justify;\">\u00c0 lire aussi<\/h2>\n<ul>\n<li style=\"text-align: justify;\"><a href=\"https:\/\/dicodusport.fr\/blog\/classement-geant-hommes-solden-2022\/\"><strong>Le classement du g\u00e9ant de S\u00f6lden<\/strong><\/a><\/li>\n<li style=\"text-align: justify;\"><a href=\"https:\/\/dicodusport.fr\/blog\/classement-general-hommes-coupe-du-monde-ski-alpin-2022-2023\/\" target=\"_blank\" rel=\"noopener\"><strong>Le classement g\u00e9n\u00e9ral de la Coupe du monde<\/strong><\/a><\/li>\n<\/ul>\n","protected":false},"excerpt":{"rendered":"<p>COUPE DU MONDE DE SKI ALPIN 2022-2023 &#8211; Hier, sur le glacier du Rettenbach \u00e0 S\u00f6lden, le Suisse Marco Odermatt a survol\u00e9 la premi\u00e8re course de la saison en s&rsquo;imposant sur le g\u00e9ant. Mais comment a-t-il conserv\u00e9 76 centi\u00e8mes \u00e0 l&rsquo;arriv\u00e9e ? Analysons minutieusement ses deux manches.<\/p>\n","protected":false},"author":61,"featured_media":272868,"comment_status":"open","ping_status":"closed","sticky":false,"template":"","format":"standard","meta":{"_acf_changed":false,"_daextam_enable_autolinks":"","footnotes":""},"categories":[47084],"tags":[1530,20034,15042,2233,24],"class_list":["post-272853","post","type-post","status-publish","format-standard","has-post-thumbnail","hentry","category-coupe-du-monde-ski-alpin","tag-coupe-du-monde","tag-geant-de-solden","tag-marco-odermatt","tag-ski-alpin","tag-sport"],"acf":[],"yoast_head":"<!-- This site is optimized with the Yoast SEO Premium plugin v26.7 (Yoast SEO v26.7) - https:\/\/yoast.com\/wordpress\/plugins\/seo\/ -->\n<title>Ski alpin : Comment Marco Odermatt a remport\u00e9 le g\u00e9ant de S\u00f6lden ?<\/title>\n<meta name=\"description\" content=\"Marco Odermatt a survol\u00e9 la premi\u00e8re course de la saison en s&#039;imposant sur le g\u00e9ant de S\u00f6lden. Analyse de ses deux manches.\" \/>\n<meta name=\"robots\" content=\"index, follow, max-snippet:-1, max-image-preview:large, max-video-preview:-1\" \/>\n<link rel=\"canonical\" href=\"https:\/\/dicodusport.fr\/blog\/ski-alpin-comment-marco-odermatt-a-remporte-le-geant-de-solden\/\" \/>\n<meta property=\"og:locale\" content=\"fr_FR\" \/>\n<meta property=\"og:type\" content=\"article\" \/>\n<meta property=\"og:title\" content=\"Ski alpin : Comment Marco Odermatt a remport\u00e9 le g\u00e9ant de S\u00f6lden ?\" \/>\n<meta property=\"og:description\" content=\"Marco Odermatt a survol\u00e9 la premi\u00e8re course de la saison en s&#039;imposant sur le g\u00e9ant de S\u00f6lden. Analyse de ses deux manches.\" \/>\n<meta property=\"og:url\" content=\"https:\/\/dicodusport.fr\/blog\/ski-alpin-comment-marco-odermatt-a-remporte-le-geant-de-solden\/\" \/>\n<meta property=\"og:site_name\" content=\"Dicodusport\" \/>\n<meta property=\"article:publisher\" content=\"https:\/\/www.facebook.com\/dicodusport\" \/>\n<meta property=\"article:published_time\" content=\"2022-10-24T11:27:01+00:00\" \/>\n<meta property=\"article:modified_time\" content=\"2022-10-24T11:27:43+00:00\" \/>\n<meta property=\"og:image\" content=\"https:\/\/dicodusport.fr\/blog\/wp-content\/uploads\/2022\/10\/Ski-alpin-Comment-Marco-Odermatt-a-remporte-le-geant-de-Solden-.png\" \/>\n\t<meta property=\"og:image:width\" content=\"800\" \/>\n\t<meta property=\"og:image:height\" content=\"445\" \/>\n\t<meta property=\"og:image:type\" content=\"image\/png\" \/>\n<meta name=\"author\" content=\"Pierre Gorce\" \/>\n<meta name=\"twitter:card\" content=\"summary_large_image\" \/>\n<meta name=\"twitter:title\" content=\"Ski alpin : Comment Marco Odermatt a remport\u00e9 le g\u00e9ant de S\u00f6lden ?\" \/>\n<meta name=\"twitter:creator\" content=\"@https:\/\/twitter.com\/pierregorce12\" \/>\n<meta name=\"twitter:site\" content=\"@dicodusport\" \/>\n<script type=\"application\/ld+json\" class=\"yoast-schema-graph\">{\"@context\":\"https:\/\/schema.org\",\"@graph\":[{\"@type\":\"NewsArticle\",\"@id\":\"https:\/\/dicodusport.fr\/blog\/ski-alpin-comment-marco-odermatt-a-remporte-le-geant-de-solden\/#article\",\"isPartOf\":{\"@id\":\"https:\/\/dicodusport.fr\/blog\/ski-alpin-comment-marco-odermatt-a-remporte-le-geant-de-solden\/\"},\"author\":{\"name\":\"Pierre Gorce\",\"@id\":\"https:\/\/dicodusport.fr\/blog\/#\/schema\/person\/0eaf70b33d703a1a66b1155ac1bda018\"},\"headline\":\"Ski alpin : Comment Marco Odermatt a remport\u00e9 le g\u00e9ant de S\u00f6lden ?\",\"datePublished\":\"2022-10-24T11:27:01+00:00\",\"dateModified\":\"2022-10-24T11:27:43+00:00\",\"mainEntityOfPage\":{\"@id\":\"https:\/\/dicodusport.fr\/blog\/ski-alpin-comment-marco-odermatt-a-remporte-le-geant-de-solden\/\"},\"wordCount\":851,\"commentCount\":0,\"publisher\":{\"@id\":\"https:\/\/dicodusport.fr\/blog\/#organization\"},\"image\":{\"@id\":\"https:\/\/dicodusport.fr\/blog\/ski-alpin-comment-marco-odermatt-a-remporte-le-geant-de-solden\/#primaryimage\"},\"thumbnailUrl\":\"https:\/\/dicodusport.fr\/blog\/wp-content\/uploads\/2022\/10\/Ski-alpin-Comment-Marco-Odermatt-a-remporte-le-geant-de-Solden-.png\",\"keywords\":[\"Coupe du monde\",\"G\u00e9ant de S\u00f6lden\",\"Marco Odermatt\",\"Ski alpin\",\"sport\"],\"articleSection\":[\"Coupe du monde de ski alpin\"],\"inLanguage\":\"fr-FR\",\"potentialAction\":[{\"@type\":\"CommentAction\",\"name\":\"Comment\",\"target\":[\"https:\/\/dicodusport.fr\/blog\/ski-alpin-comment-marco-odermatt-a-remporte-le-geant-de-solden\/#respond\"]}],\"copyrightYear\":\"2022\",\"copyrightHolder\":{\"@id\":\"https:\/\/dicodusport.fr\/blog\/#organization\"}},{\"@type\":\"WebPage\",\"@id\":\"https:\/\/dicodusport.fr\/blog\/ski-alpin-comment-marco-odermatt-a-remporte-le-geant-de-solden\/\",\"url\":\"https:\/\/dicodusport.fr\/blog\/ski-alpin-comment-marco-odermatt-a-remporte-le-geant-de-solden\/\",\"name\":\"Ski alpin : Comment Marco Odermatt a remport\u00e9 le g\u00e9ant de S\u00f6lden ?\",\"isPartOf\":{\"@id\":\"https:\/\/dicodusport.fr\/blog\/#website\"},\"primaryImageOfPage\":{\"@id\":\"https:\/\/dicodusport.fr\/blog\/ski-alpin-comment-marco-odermatt-a-remporte-le-geant-de-solden\/#primaryimage\"},\"image\":{\"@id\":\"https:\/\/dicodusport.fr\/blog\/ski-alpin-comment-marco-odermatt-a-remporte-le-geant-de-solden\/#primaryimage\"},\"thumbnailUrl\":\"https:\/\/dicodusport.fr\/blog\/wp-content\/uploads\/2022\/10\/Ski-alpin-Comment-Marco-Odermatt-a-remporte-le-geant-de-Solden-.png\",\"datePublished\":\"2022-10-24T11:27:01+00:00\",\"dateModified\":\"2022-10-24T11:27:43+00:00\",\"description\":\"Marco Odermatt a survol\u00e9 la premi\u00e8re course de la saison en s'imposant sur le g\u00e9ant de S\u00f6lden. Analyse de ses deux manches.\",\"breadcrumb\":{\"@id\":\"https:\/\/dicodusport.fr\/blog\/ski-alpin-comment-marco-odermatt-a-remporte-le-geant-de-solden\/#breadcrumb\"},\"inLanguage\":\"fr-FR\",\"potentialAction\":[{\"@type\":\"ReadAction\",\"target\":[\"https:\/\/dicodusport.fr\/blog\/ski-alpin-comment-marco-odermatt-a-remporte-le-geant-de-solden\/\"]}]},{\"@type\":\"ImageObject\",\"inLanguage\":\"fr-FR\",\"@id\":\"https:\/\/dicodusport.fr\/blog\/ski-alpin-comment-marco-odermatt-a-remporte-le-geant-de-solden\/#primaryimage\",\"url\":\"https:\/\/dicodusport.fr\/blog\/wp-content\/uploads\/2022\/10\/Ski-alpin-Comment-Marco-Odermatt-a-remporte-le-geant-de-Solden-.png\",\"contentUrl\":\"https:\/\/dicodusport.fr\/blog\/wp-content\/uploads\/2022\/10\/Ski-alpin-Comment-Marco-Odermatt-a-remporte-le-geant-de-Solden-.png\",\"width\":800,\"height\":445,\"caption\":\"Ski alpin Comment Marco Odermatt a remport\u00e9 le g\u00e9ant de S\u00f6lden\"},{\"@type\":\"BreadcrumbList\",\"@id\":\"https:\/\/dicodusport.fr\/blog\/ski-alpin-comment-marco-odermatt-a-remporte-le-geant-de-solden\/#breadcrumb\",\"itemListElement\":[{\"@type\":\"ListItem\",\"position\":1,\"name\":\"Accueil\",\"item\":\"https:\/\/dicodusport.fr\/blog\/\"},{\"@type\":\"ListItem\",\"position\":2,\"name\":\"Ski alpin : Comment Marco Odermatt a remport\u00e9 le g\u00e9ant de S\u00f6lden ?\"}]},{\"@type\":\"WebSite\",\"@id\":\"https:\/\/dicodusport.fr\/blog\/#website\",\"url\":\"https:\/\/dicodusport.fr\/blog\/\",\"name\":\"Dicodusport\",\"description\":\"L&#039;encyclop\u00e9die de l&#039;actualit\u00e9 sportive\",\"publisher\":{\"@id\":\"https:\/\/dicodusport.fr\/blog\/#organization\"},\"potentialAction\":[{\"@type\":\"SearchAction\",\"target\":{\"@type\":\"EntryPoint\",\"urlTemplate\":\"https:\/\/dicodusport.fr\/blog\/?s={search_term_string}\"},\"query-input\":{\"@type\":\"PropertyValueSpecification\",\"valueRequired\":true,\"valueName\":\"search_term_string\"}}],\"inLanguage\":\"fr-FR\"},{\"@type\":\"NewsMediaOrganization\",\"@id\":\"https:\/\/dicodusport.fr\/blog\/#organization\",\"name\":\"Dicodusport\",\"url\":\"https:\/\/dicodusport.fr\/blog\/\",\"logo\":{\"@type\":\"ImageObject\",\"inLanguage\":\"fr-FR\",\"@id\":\"https:\/\/dicodusport.fr\/blog\/#\/schema\/logo\/image\/\",\"url\":\"https:\/\/dicodusport.fr\/blog\/wp-content\/uploads\/2020\/06\/cropped-LOGO-DICODUSPORT-2020-SANS-FOND-SANS-TEXTE.png\",\"contentUrl\":\"https:\/\/dicodusport.fr\/blog\/wp-content\/uploads\/2020\/06\/cropped-LOGO-DICODUSPORT-2020-SANS-FOND-SANS-TEXTE.png\",\"width\":512,\"height\":512,\"caption\":\"Dicodusport\"},\"image\":{\"@id\":\"https:\/\/dicodusport.fr\/blog\/#\/schema\/logo\/image\/\"},\"sameAs\":[\"https:\/\/www.facebook.com\/dicodusport\",\"https:\/\/x.com\/dicodusport\",\"https:\/\/www.instagram.com\/dicodusport\/\",\"https:\/\/www.youtube.com\/channel\/UC7V2KZ5sd3htJivAbA4ZG3w\"],\"description\":\"Dicodusport est l'encyclop\u00e9die de l'actualit\u00e9 sportive.\",\"email\":\"bonjour@dicodusport.fr\",\"legalName\":\"DICODUSPORT\",\"foundingDate\":\"2018-01-14\",\"vatID\":\"FR71834470973\",\"taxID\":\"83447097300043\",\"numberOfEmployees\":{\"@type\":\"QuantitativeValue\",\"minValue\":\"1\",\"maxValue\":\"10\"}},{\"@type\":\"Person\",\"@id\":\"https:\/\/dicodusport.fr\/blog\/#\/schema\/person\/0eaf70b33d703a1a66b1155ac1bda018\",\"name\":\"Pierre Gorce\",\"image\":{\"@type\":\"ImageObject\",\"inLanguage\":\"fr-FR\",\"@id\":\"https:\/\/dicodusport.fr\/blog\/#\/schema\/person\/image\/\",\"url\":\"https:\/\/dicodusport.fr\/blog\/wp-content\/uploads\/2022\/03\/IMG_20211214_233053_722-150x150.jpg\",\"contentUrl\":\"https:\/\/dicodusport.fr\/blog\/wp-content\/uploads\/2022\/03\/IMG_20211214_233053_722-150x150.jpg\",\"caption\":\"Pierre Gorce\"},\"description\":\"Couteau suisse venant tout droit de Haute-Savoie. Habitu\u00e9 \u00e0 regarder du sport depuis petit, j'en ai maintenant fait mon m\u00e9tier. Des sports d'hiver au surf, en passant par le tennis, la F1, le handball et l'athl\u00e9tisme, j'essaie d'avoir mes yeux sur l'enti\u00e8ret\u00e9 de l'actualit\u00e9. Jeune homme berc\u00e9 par les exploits de Jean-Baptiste Grange, Sebastian Vettel et des Experts. Membre de la g\u00e9n\u00e9ration 1999 comme Luka Doncic, Sydney McLaughlin, Lando Norris et Loana Lecomte, mais avec beaucoup moins de talent qu'eux.\",\"sameAs\":[\"https:\/\/x.com\/https:\/\/twitter.com\/pierregorce12\"],\"birthDate\":\"1999-08-29\",\"url\":\"https:\/\/dicodusport.fr\/blog\/author\/pierreg\/\"}]}<\/script>\n<!-- \/ Yoast SEO Premium plugin. -->","yoast_head_json":{"title":"Ski alpin : Comment Marco Odermatt a remport\u00e9 le g\u00e9ant de S\u00f6lden ?","description":"Marco Odermatt a survol\u00e9 la premi\u00e8re course de la saison en s'imposant sur le g\u00e9ant de S\u00f6lden. Analyse de ses deux manches.","robots":{"index":"index","follow":"follow","max-snippet":"max-snippet:-1","max-image-preview":"max-image-preview:large","max-video-preview":"max-video-preview:-1"},"canonical":"https:\/\/dicodusport.fr\/blog\/ski-alpin-comment-marco-odermatt-a-remporte-le-geant-de-solden\/","og_locale":"fr_FR","og_type":"article","og_title":"Ski alpin : Comment Marco Odermatt a remport\u00e9 le g\u00e9ant de S\u00f6lden ?","og_description":"Marco Odermatt a survol\u00e9 la premi\u00e8re course de la saison en s'imposant sur le g\u00e9ant de S\u00f6lden. Analyse de ses deux manches.","og_url":"https:\/\/dicodusport.fr\/blog\/ski-alpin-comment-marco-odermatt-a-remporte-le-geant-de-solden\/","og_site_name":"Dicodusport","article_publisher":"https:\/\/www.facebook.com\/dicodusport","article_published_time":"2022-10-24T11:27:01+00:00","article_modified_time":"2022-10-24T11:27:43+00:00","og_image":[{"width":800,"height":445,"url":"https:\/\/dicodusport.fr\/blog\/wp-content\/uploads\/2022\/10\/Ski-alpin-Comment-Marco-Odermatt-a-remporte-le-geant-de-Solden-.png","type":"image\/png"}],"author":"Pierre Gorce","twitter_card":"summary_large_image","twitter_title":"Ski alpin : Comment Marco Odermatt a remport\u00e9 le g\u00e9ant de S\u00f6lden ?","twitter_creator":"@https:\/\/twitter.com\/pierregorce12","twitter_site":"@dicodusport","schema":{"@context":"https:\/\/schema.org","@graph":[{"@type":"NewsArticle","@id":"https:\/\/dicodusport.fr\/blog\/ski-alpin-comment-marco-odermatt-a-remporte-le-geant-de-solden\/#article","isPartOf":{"@id":"https:\/\/dicodusport.fr\/blog\/ski-alpin-comment-marco-odermatt-a-remporte-le-geant-de-solden\/"},"author":{"name":"Pierre Gorce","@id":"https:\/\/dicodusport.fr\/blog\/#\/schema\/person\/0eaf70b33d703a1a66b1155ac1bda018"},"headline":"Ski alpin : Comment Marco Odermatt a remport\u00e9 le g\u00e9ant de S\u00f6lden ?","datePublished":"2022-10-24T11:27:01+00:00","dateModified":"2022-10-24T11:27:43+00:00","mainEntityOfPage":{"@id":"https:\/\/dicodusport.fr\/blog\/ski-alpin-comment-marco-odermatt-a-remporte-le-geant-de-solden\/"},"wordCount":851,"commentCount":0,"publisher":{"@id":"https:\/\/dicodusport.fr\/blog\/#organization"},"image":{"@id":"https:\/\/dicodusport.fr\/blog\/ski-alpin-comment-marco-odermatt-a-remporte-le-geant-de-solden\/#primaryimage"},"thumbnailUrl":"https:\/\/dicodusport.fr\/blog\/wp-content\/uploads\/2022\/10\/Ski-alpin-Comment-Marco-Odermatt-a-remporte-le-geant-de-Solden-.png","keywords":["Coupe du monde","G\u00e9ant de S\u00f6lden","Marco Odermatt","Ski alpin","sport"],"articleSection":["Coupe du monde de ski alpin"],"inLanguage":"fr-FR","potentialAction":[{"@type":"CommentAction","name":"Comment","target":["https:\/\/dicodusport.fr\/blog\/ski-alpin-comment-marco-odermatt-a-remporte-le-geant-de-solden\/#respond"]}],"copyrightYear":"2022","copyrightHolder":{"@id":"https:\/\/dicodusport.fr\/blog\/#organization"}},{"@type":"WebPage","@id":"https:\/\/dicodusport.fr\/blog\/ski-alpin-comment-marco-odermatt-a-remporte-le-geant-de-solden\/","url":"https:\/\/dicodusport.fr\/blog\/ski-alpin-comment-marco-odermatt-a-remporte-le-geant-de-solden\/","name":"Ski alpin : Comment Marco Odermatt a remport\u00e9 le g\u00e9ant de S\u00f6lden ?","isPartOf":{"@id":"https:\/\/dicodusport.fr\/blog\/#website"},"primaryImageOfPage":{"@id":"https:\/\/dicodusport.fr\/blog\/ski-alpin-comment-marco-odermatt-a-remporte-le-geant-de-solden\/#primaryimage"},"image":{"@id":"https:\/\/dicodusport.fr\/blog\/ski-alpin-comment-marco-odermatt-a-remporte-le-geant-de-solden\/#primaryimage"},"thumbnailUrl":"https:\/\/dicodusport.fr\/blog\/wp-content\/uploads\/2022\/10\/Ski-alpin-Comment-Marco-Odermatt-a-remporte-le-geant-de-Solden-.png","datePublished":"2022-10-24T11:27:01+00:00","dateModified":"2022-10-24T11:27:43+00:00","description":"Marco Odermatt a survol\u00e9 la premi\u00e8re course de la saison en s'imposant sur le g\u00e9ant de S\u00f6lden. Analyse de ses deux manches.","breadcrumb":{"@id":"https:\/\/dicodusport.fr\/blog\/ski-alpin-comment-marco-odermatt-a-remporte-le-geant-de-solden\/#breadcrumb"},"inLanguage":"fr-FR","potentialAction":[{"@type":"ReadAction","target":["https:\/\/dicodusport.fr\/blog\/ski-alpin-comment-marco-odermatt-a-remporte-le-geant-de-solden\/"]}]},{"@type":"ImageObject","inLanguage":"fr-FR","@id":"https:\/\/dicodusport.fr\/blog\/ski-alpin-comment-marco-odermatt-a-remporte-le-geant-de-solden\/#primaryimage","url":"https:\/\/dicodusport.fr\/blog\/wp-content\/uploads\/2022\/10\/Ski-alpin-Comment-Marco-Odermatt-a-remporte-le-geant-de-Solden-.png","contentUrl":"https:\/\/dicodusport.fr\/blog\/wp-content\/uploads\/2022\/10\/Ski-alpin-Comment-Marco-Odermatt-a-remporte-le-geant-de-Solden-.png","width":800,"height":445,"caption":"Ski alpin Comment Marco Odermatt a remport\u00e9 le g\u00e9ant de S\u00f6lden"},{"@type":"BreadcrumbList","@id":"https:\/\/dicodusport.fr\/blog\/ski-alpin-comment-marco-odermatt-a-remporte-le-geant-de-solden\/#breadcrumb","itemListElement":[{"@type":"ListItem","position":1,"name":"Accueil","item":"https:\/\/dicodusport.fr\/blog\/"},{"@type":"ListItem","position":2,"name":"Ski alpin : Comment Marco Odermatt a remport\u00e9 le g\u00e9ant de S\u00f6lden ?"}]},{"@type":"WebSite","@id":"https:\/\/dicodusport.fr\/blog\/#website","url":"https:\/\/dicodusport.fr\/blog\/","name":"Dicodusport","description":"L&#039;encyclop\u00e9die de l&#039;actualit\u00e9 sportive","publisher":{"@id":"https:\/\/dicodusport.fr\/blog\/#organization"},"potentialAction":[{"@type":"SearchAction","target":{"@type":"EntryPoint","urlTemplate":"https:\/\/dicodusport.fr\/blog\/?s={search_term_string}"},"query-input":{"@type":"PropertyValueSpecification","valueRequired":true,"valueName":"search_term_string"}}],"inLanguage":"fr-FR"},{"@type":"NewsMediaOrganization","@id":"https:\/\/dicodusport.fr\/blog\/#organization","name":"Dicodusport","url":"https:\/\/dicodusport.fr\/blog\/","logo":{"@type":"ImageObject","inLanguage":"fr-FR","@id":"https:\/\/dicodusport.fr\/blog\/#\/schema\/logo\/image\/","url":"https:\/\/dicodusport.fr\/blog\/wp-content\/uploads\/2020\/06\/cropped-LOGO-DICODUSPORT-2020-SANS-FOND-SANS-TEXTE.png","contentUrl":"https:\/\/dicodusport.fr\/blog\/wp-content\/uploads\/2020\/06\/cropped-LOGO-DICODUSPORT-2020-SANS-FOND-SANS-TEXTE.png","width":512,"height":512,"caption":"Dicodusport"},"image":{"@id":"https:\/\/dicodusport.fr\/blog\/#\/schema\/logo\/image\/"},"sameAs":["https:\/\/www.facebook.com\/dicodusport","https:\/\/x.com\/dicodusport","https:\/\/www.instagram.com\/dicodusport\/","https:\/\/www.youtube.com\/channel\/UC7V2KZ5sd3htJivAbA4ZG3w"],"description":"Dicodusport est l'encyclop\u00e9die de l'actualit\u00e9 sportive.","email":"bonjour@dicodusport.fr","legalName":"DICODUSPORT","foundingDate":"2018-01-14","vatID":"FR71834470973","taxID":"83447097300043","numberOfEmployees":{"@type":"QuantitativeValue","minValue":"1","maxValue":"10"}},{"@type":"Person","@id":"https:\/\/dicodusport.fr\/blog\/#\/schema\/person\/0eaf70b33d703a1a66b1155ac1bda018","name":"Pierre Gorce","image":{"@type":"ImageObject","inLanguage":"fr-FR","@id":"https:\/\/dicodusport.fr\/blog\/#\/schema\/person\/image\/","url":"https:\/\/dicodusport.fr\/blog\/wp-content\/uploads\/2022\/03\/IMG_20211214_233053_722-150x150.jpg","contentUrl":"https:\/\/dicodusport.fr\/blog\/wp-content\/uploads\/2022\/03\/IMG_20211214_233053_722-150x150.jpg","caption":"Pierre Gorce"},"description":"Couteau suisse venant tout droit de Haute-Savoie. Habitu\u00e9 \u00e0 regarder du sport depuis petit, j'en ai maintenant fait mon m\u00e9tier. Des sports d'hiver au surf, en passant par le tennis, la F1, le handball et l'athl\u00e9tisme, j'essaie d'avoir mes yeux sur l'enti\u00e8ret\u00e9 de l'actualit\u00e9. Jeune homme berc\u00e9 par les exploits de Jean-Baptiste Grange, Sebastian Vettel et des Experts. Membre de la g\u00e9n\u00e9ration 1999 comme Luka Doncic, Sydney McLaughlin, Lando Norris et Loana Lecomte, mais avec beaucoup moins de talent qu'eux.","sameAs":["https:\/\/x.com\/https:\/\/twitter.com\/pierregorce12"],"birthDate":"1999-08-29","url":"https:\/\/dicodusport.fr\/blog\/author\/pierreg\/"}]}},"_links":{"self":[{"href":"https:\/\/dicodusport.fr\/blog\/wp-json\/wp\/v2\/posts\/272853","targetHints":{"allow":["GET"]}}],"collection":[{"href":"https:\/\/dicodusport.fr\/blog\/wp-json\/wp\/v2\/posts"}],"about":[{"href":"https:\/\/dicodusport.fr\/blog\/wp-json\/wp\/v2\/types\/post"}],"author":[{"embeddable":true,"href":"https:\/\/dicodusport.fr\/blog\/wp-json\/wp\/v2\/users\/61"}],"replies":[{"embeddable":true,"href":"https:\/\/dicodusport.fr\/blog\/wp-json\/wp\/v2\/comments?post=272853"}],"version-history":[{"count":0,"href":"https:\/\/dicodusport.fr\/blog\/wp-json\/wp\/v2\/posts\/272853\/revisions"}],"wp:featuredmedia":[{"embeddable":true,"href":"https:\/\/dicodusport.fr\/blog\/wp-json\/wp\/v2\/media\/272868"}],"wp:attachment":[{"href":"https:\/\/dicodusport.fr\/blog\/wp-json\/wp\/v2\/media?parent=272853"}],"wp:term":[{"taxonomy":"category","embeddable":true,"href":"https:\/\/dicodusport.fr\/blog\/wp-json\/wp\/v2\/categories?post=272853"},{"taxonomy":"post_tag","embeddable":true,"href":"https:\/\/dicodusport.fr\/blog\/wp-json\/wp\/v2\/tags?post=272853"}],"curies":[{"name":"wp","href":"https:\/\/api.w.org\/{rel}","templated":true}]}}