{"id":272947,"date":"2022-10-25T07:49:00","date_gmt":"2022-10-25T05:49:00","guid":{"rendered":"https:\/\/dicodusport.fr\/blog\/?p=272947&#038;preview=true&#038;preview_id=272947"},"modified":"2022-10-25T07:49:00","modified_gmt":"2022-10-25T05:49:00","slug":"atp-bale-rinderknech-soffre-cilic-alcaraz-qualifie-au-bout-du-suspense","status":"publish","type":"post","link":"https:\/\/dicodusport.fr\/blog\/atp-bale-rinderknech-soffre-cilic-alcaraz-qualifie-au-bout-du-suspense\/","title":{"rendered":"ATP B\u00e2le : Rinderknech s&rsquo;offre Cilic, Alcaraz qualifi\u00e9 au bout du suspense"},"content":{"rendered":"<p style=\"text-align: justify;\"><b><i><a title=\"ATP 500 \u2013 Le tableau du tournoi de B\u00e2le 2022\" href=\"https:\/\/dicodusport.fr\/blog\/atp-500-le-tableau-du-tournoi-de-bale-2022\/\" target=\"_blank\" rel=\"noopener\">ATP B\u00c2LE<\/a> &#8211; <\/i><\/b><strong><em>Apr\u00e8s deux ans d\u2019absence pour cause de Covid, le r\u00e9put\u00e9 tournoi de B\u00e2le a fait son grand retour ce lundi. Lors du traditionnel Super Monday, Arthur Rinderknech \u00e9tait le seul Fran\u00e7ais en lice. Et le moins que l&rsquo;on puisse dire, c&rsquo;est qu&rsquo;il s&rsquo;est offert une sacr\u00e9e performance.<\/em><\/strong><\/p>\n<p style=\"text-align: justify;\">Oppos\u00e9 \u00e0 <strong>Marin Cilic<\/strong>, <strong>Arthur Rinderknech<\/strong> avait logiquement la casquette de l\u2019outsider ce lundi. N\u00e9anmoins, le Fran\u00e7ais d\u00e9butait parfaitement sa rencontre en breakant d&rsquo;entr\u00e9e l&rsquo;ancien vainqueur de l&rsquo;US Open. Malgr\u00e9 quelques petites frayeurs, le natif de Gassin r\u00e9ussissait \u00e0 maintenir son avance et \u00e0 s&rsquo;offrir le premier set sur le score de 6-4. Sur une surface qui lui convient parfaitement, Rinderknecht continuait de poser de nombreux probl\u00e8mes au Croate, sans pour autant r\u00e9ussir \u00e0 faire la diff\u00e9rence au d\u00e9but de la deuxi\u00e8me manche.<\/p>\n<p style=\"text-align: justify;\">Finalement, fort de son exp\u00e9rience, <strong>Cilic<\/strong> profitait d&rsquo;un petit temps faible du Fran\u00e7ais pour lui prendre son service au meilleur des moments (3-4), avant de conclure la manche sans trembler et ainsi d&rsquo;offrir le troisi\u00e8me match en trois sets de la journ\u00e9e au public suisse.<\/p>\n<blockquote class=\"twitter-tweet\">\n<p dir=\"ltr\" lang=\"en\">Midnight thriller! &#x1f319;<a href=\"https:\/\/twitter.com\/cilic_marin?ref_src=twsrc%5Etfw\">@cilic_marin<\/a> takes the second set 6-3 against Arthur Rinderknech as the clock strikes midnight in Basel!<a href=\"https:\/\/twitter.com\/hashtag\/SwissIndoorsBasel?src=hash&amp;ref_src=twsrc%5Etfw\">#SwissIndoorsBasel<\/a> <a href=\"https:\/\/t.co\/beqNaMKFzP\">pic.twitter.com\/beqNaMKFzP<\/a><\/p>\n<p>\u2014 ATP Tour (@atptour) <a href=\"https:\/\/twitter.com\/atptour\/status\/1584665883284492289?ref_src=twsrc%5Etfw\">October 24, 2022<\/a><\/p><\/blockquote>\n<p><script async src=\"https:\/\/platform.twitter.com\/widgets.js\" charset=\"utf-8\"><\/script><\/p>\n<p style=\"text-align: justify;\">Un troisi\u00e8me set lors duquel les deux hommes se livraient un v\u00e9ritable combat. S&rsquo;il montrait de bien belles choses, <strong>Rindeknech<\/strong> s&rsquo;est n\u00e9anmoins fait breaker \u00e0 4-4, et offrait la possibilit\u00e9 \u00e0 Cilic de servir pour la rencontre. Le Croate b\u00e9n\u00e9ficiait de deux balles de matchs, mais le Fran\u00e7ais r\u00e9sistait et parvenait \u00e0 d\u00e9breaker.<\/p>\n<p style=\"text-align: justify;\">C&rsquo;est finalement lors du tie-break de l&rsquo;ultime manche que le match se d\u00e9cidait. <strong>Rinderknech<\/strong> s&rsquo;est fait breaker en premier, mais ne baissait pas les bras et remportait 5 points d&rsquo;affil\u00e9s pour s&rsquo;offrir trois balles de match. S&rsquo;il a rat\u00e9 les deux premi\u00e8res, la troisi\u00e8me \u00e9tait la bonne. Apr\u00e8s une bataille longue de 2h26, le Fran\u00e7ais s&rsquo;offrait l&rsquo;un des plus beaux succ\u00e8s de sa carri\u00e8re et confirmait par la m\u00eame occasion son excellente forme du moment. Au prochain tour, il affrontera <strong>Alex Molcan ou McKenzie McDonald<\/strong>.<\/p>\n<blockquote class=\"twitter-tweet\">\n<p dir=\"ltr\" lang=\"en\">WIN-derknech &#x1f4aa;<a href=\"https:\/\/twitter.com\/arthurrinder?ref_src=twsrc%5Etfw\">@arthurrinder<\/a> saves 2 match points to take out the No.4 seed Cilic 6-4 3-6 7-6<a href=\"https:\/\/twitter.com\/hashtag\/SwissIndoorsBasel?src=hash&amp;ref_src=twsrc%5Etfw\">#SwissIndoorsBasel<\/a> <a href=\"https:\/\/t.co\/4w1fDQkuof\">pic.twitter.com\/4w1fDQkuof<\/a><\/p>\n<p>\u2014 Tennis TV (@TennisTV) <a href=\"https:\/\/twitter.com\/TennisTV\/status\/1584681880548388864?ref_src=twsrc%5Etfw\">October 24, 2022<\/a><\/p><\/blockquote>\n<p><script async src=\"https:\/\/platform.twitter.com\/widgets.js\" charset=\"utf-8\"><\/script><\/p>\n<h2 style=\"text-align: justify;\">Carlos Alacaraz \u00e9vite le pi\u00e8ge<\/h2>\n<p style=\"text-align: justify;\">C\u2019\u00e9tait l\u2019affiche de ce premier jour de comp\u00e9tition. Fra\u00eechement vainqueur de l\u2019US Open et N\u00b01 mondial,<strong> Carlos Alcaraz<\/strong> avait rendez-vous avec <strong>Jack Draper<\/strong>, \u00e9toile montante du tennis britannique. Un match pi\u00e8ge sur le papier, qui l\u2019est devenu rapidement sur le terrain pour l\u2019Espagnol. Visiblement tr\u00e8s d\u00e9tendu \u00e0 l\u2019id\u00e9e d\u2019affronter le meilleur joueur de la plan\u00e8te, Draper s\u2019offrait le premier break de la rencontre. Cueilli \u00e0 froid, <strong>Carlos Alcaraz<\/strong> tentait de r\u00e9agir, mais n\u2019arrivait pas \u00e0 trouver la faille face au service intraitable de son adversaire. Il conc\u00e9dait m\u00eame un deuxi\u00e8me break, et par la m\u00eame occasion la premi\u00e8re manche (3-6).<\/p>\n<p style=\"text-align: justify;\">Piqu\u00e9 au vif, l\u2019Espagnol breakait son adversaire d\u2019entr\u00e9e dans le deuxi\u00e8me set, avant de le breaker \u00e0 nouveau pour mener 3-0. De quoi remettre le num\u00e9ro 1 mondial en confiance et lui permettre de revenir \u00e0 \u00e9galit\u00e9 (6-3). Si certains jeunes talents auraient alors craqu\u00e9 sous la pression, ce ne fut pas le cas de<strong> Jack Draper<\/strong>. Il restait dans son match et tenait ses deux premiers services de la manche d\u00e9cisive, mais devait finalement conc\u00e9der le break.\u00a0 On pensait alors voir <strong>Carlos Alcaraz<\/strong> s&rsquo;envoler vers la victoire, ce ne fut pas le cas. Impressionnant de maturit\u00e9, le Britannique restait dans son match et debreakait son adversaire. Alors qu&rsquo;il se montrait mena\u00e7ant sur le service de l&rsquo;Espagnol, Draper n&rsquo;arrivait pas \u00e0 passer devant. Des opportunit\u00e9s manqu\u00e9es qui profitaient \u00e0 Alcaraz.<\/p>\n<p style=\"text-align: justify;\">A 5-5, le prodige espagnol r\u00e9alisait l&rsquo;un de ses meilleurs jeux du match pour reprendre le service de son adversaire. Alors qu&rsquo;il s&rsquo;offrait deux balles de match, le natif d&rsquo;El Palmar se faisait peur en gaspillant, et en offrant m\u00eame deux balles de d\u00e9break \u00e0 Draper. Finalement, au bout du suspense, <strong>Alcaraz<\/strong> finissait par s&rsquo;imposer. Au prochain tour, le num\u00e9ro 1 mondial affrontera soit <strong>Botic van de Zandschulp, soit Adrian Mannarino.<\/strong><\/p>\n<blockquote class=\"twitter-tweet\">\n<p dir=\"ltr\" lang=\"en\">What a match &#x1f525;<a href=\"https:\/\/twitter.com\/carlosalcaraz?ref_src=twsrc%5Etfw\">@carlosalcaraz<\/a> takes out Jack Draper 3-6 6-2 7-5 to advance in Basel! &#x1f64c;<a href=\"https:\/\/twitter.com\/hashtag\/SwissIndoorsBasel?src=hash&amp;ref_src=twsrc%5Etfw\">#SwissIndoorsBasel<\/a> <a href=\"https:\/\/t.co\/BtyBqL2kWH\">pic.twitter.com\/BtyBqL2kWH<\/a><\/p>\n<p>\u2014 ATP Tour (@atptour) <a href=\"https:\/\/twitter.com\/atptour\/status\/1584640507283935232?ref_src=twsrc%5Etfw\">October 24, 2022<\/a><\/p><\/blockquote>\n<p style=\"text-align: justify;\"><script async src=\"https:\/\/platform.twitter.com\/widgets.js\" charset=\"utf-8\"><\/script><\/p>\n<h2 style=\"text-align: justify;\">David Goffin rate le coche<\/h2>\n<p style=\"text-align: justify;\">Avant ce superbe duel, <strong>David Goffin<\/strong> avait lanc\u00e9 l\u2019\u00e9dition 2022 du Swiss Indoors face \u00e0 <strong>Brandon Nakashima<\/strong>. Apr\u00e8s avoir offert une performance d\u00e9cevante contre Richard Gasquet \u00e0 Anvers il y a quelques jours, le Belge montrait un bien meilleur visage ce lundi. Lors du premier set, il mettait son adversaire du jour sous pression et prenait l\u2019avantage (6-2).<\/p>\n<blockquote class=\"twitter-tweet\">\n<p dir=\"ltr\" lang=\"en\">Zoned in. &#x1f525;<a href=\"https:\/\/twitter.com\/David__Goffin?ref_src=twsrc%5Etfw\">@David__Goffin<\/a> | <a href=\"https:\/\/twitter.com\/hashtag\/SwissIndoorsBasel?src=hash&amp;ref_src=twsrc%5Etfw\">#SwissIndoorsBasel<\/a> <a href=\"https:\/\/t.co\/MfqJADU6nr\">pic.twitter.com\/MfqJADU6nr<\/a><\/p>\n<p>\u2014 ATP Tour (@atptour) <a href=\"https:\/\/twitter.com\/atptour\/status\/1584567621936373760?ref_src=twsrc%5Etfw\">October 24, 2022<\/a><\/p><\/blockquote>\n<p><script async src=\"https:\/\/platform.twitter.com\/widgets.js\" charset=\"utf-8\"><\/script><\/p>\n<p style=\"text-align: justify;\">Le deuxi\u00e8me set \u00e9tait lui bien plus serr\u00e9. L\u2019Am\u00e9ricain parvenait \u00e0 hausser son niveau de jeu, sans pour autant r\u00e9ussir \u00e0 breaker l\u2019ancien top 10 mondial. C\u2019est donc tout logiquement que les deux joueurs devaient se d\u00e9partager au tie-break. <strong>Goffin<\/strong> prenait le meilleur d\u00e9part pour mener 4-2, sur son service. Il avait alors une occasion en or de faire 5-2, mais ratait sa vol\u00e9e. Il n\u2019en fallait pas plus pour que Nakashima d\u00e9break. Reboost\u00e9 par ce point, le r\u00e9cent vainqueur de l\u2019Open de San Diego recollait \u00e0 1 set partout (7-6 [7-4]).<\/p>\n<p style=\"text-align: justify;\">Visiblement atteint par la perte de la deuxi\u00e8me manche, Goffin se montrait moins agressif et commettait plus de fautes lors du set d\u00e9cisif. Aux aguets, Nakashima en profitait pour s\u2019offrir le service de son adversaire sur sa premi\u00e8re balle de break. Un break qui s\u2019av\u00e9rait \u00eatre suffisant pour le Californien, qui s\u2019imposait finalement 2-6, 7-6, 6-4. Une rencontre qui laissera des regrets \u00e0 Goffin, brillant sur certains points, mais qui aura manqu\u00e9 de consistance lors des moments d\u00e9cisifs. De son c\u00f4t\u00e9, Nakashima affrontera le vainqueur du duel entre <strong>Casper Ruud et Stan Wawrinka<\/strong> au prochain tour.<\/p>\n<p style=\"text-align: justify;\">Ce mardi, <strong>Adrian Mannarino<\/strong> sera le seul joueur tricolore \u00e0 monter sur le court \u00e0 B\u00e2le. Il sera oppos\u00e9 au N\u00e9erlandais <strong>Botic van de Zandschulp<\/strong>. Une rencontre qui se d\u00e9roulera sur le court 1, pas avant 15h30.<\/p>\n","protected":false},"excerpt":{"rendered":"<p>ATP B\u00c2LE &#8211; Apr\u00e8s deux ans d\u2019absence pour cause de Covid, le r\u00e9put\u00e9 tournoi de B\u00e2le a fait son grand retour ce lundi. Lors du traditionnel Super Monday, Arthur Rinderknech \u00e9tait le seul Fran\u00e7ais en lice. Et le moins que l&rsquo;on puisse dire, c&rsquo;est qu&rsquo;il s&rsquo;est offert une sacr\u00e9e performance.<\/p>\n","protected":false},"author":75,"featured_media":272975,"comment_status":"open","ping_status":"closed","sticky":false,"template":"","format":"standard","meta":{"_acf_changed":false,"_daextam_enable_autolinks":"","footnotes":""},"categories":[2302],"tags":[9674,9097,2762,22743,3306,136],"class_list":["post-272947","post","type-post","status-publish","format-standard","has-post-thumbnail","hentry","category-tennis","tag-arthur-rinderknech","tag-atp-bale","tag-bale","tag-carlos-alcaraz","tag-david-goffin","tag-tennis"],"acf":[],"yoast_head":"<!-- This site is optimized with the Yoast SEO Premium plugin v26.7 (Yoast SEO v26.7) - https:\/\/yoast.com\/wordpress\/plugins\/seo\/ -->\n<title>ATP B\u00e2le : Rinderknech s&#039;offre Cilic, Alcaraz qualifi\u00e9 au bout du suspense<\/title>\n<meta name=\"description\" content=\"ATP B\u00c2LE - Apr\u00e8s deux ans d\u2019absence pour cause de Covid, le r\u00e9put\u00e9 tournoi de B\u00e2le a fait son grand retour ce lundi.\" \/>\n<meta name=\"robots\" content=\"index, follow, max-snippet:-1, max-image-preview:large, max-video-preview:-1\" \/>\n<link rel=\"canonical\" href=\"https:\/\/dicodusport.fr\/blog\/atp-bale-rinderknech-soffre-cilic-alcaraz-qualifie-au-bout-du-suspense\/\" \/>\n<meta property=\"og:locale\" content=\"fr_FR\" \/>\n<meta property=\"og:type\" content=\"article\" \/>\n<meta property=\"og:title\" content=\"ATP B\u00e2le : Rinderknech s&#039;offre Cilic, Alcaraz qualifi\u00e9 au bout du suspense\" \/>\n<meta property=\"og:description\" content=\"ATP B\u00c2LE - Apr\u00e8s deux ans d\u2019absence pour cause de Covid, le r\u00e9put\u00e9 tournoi de B\u00e2le a fait son grand retour ce lundi.\" \/>\n<meta property=\"og:url\" content=\"https:\/\/dicodusport.fr\/blog\/atp-bale-rinderknech-soffre-cilic-alcaraz-qualifie-au-bout-du-suspense\/\" \/>\n<meta property=\"og:site_name\" content=\"Dicodusport\" \/>\n<meta property=\"article:publisher\" content=\"https:\/\/www.facebook.com\/dicodusport\" \/>\n<meta property=\"article:published_time\" content=\"2022-10-25T05:49:00+00:00\" \/>\n<meta property=\"og:image\" content=\"https:\/\/dicodusport.fr\/blog\/wp-content\/uploads\/2022\/10\/ATP-Bale-Rinderknech-soffre-Cilic-Alcaraz-qualifie-au-bout-du-suspense.jpg\" \/>\n\t<meta property=\"og:image:width\" content=\"800\" \/>\n\t<meta property=\"og:image:height\" content=\"445\" \/>\n\t<meta property=\"og:image:type\" content=\"image\/jpeg\" \/>\n<meta name=\"author\" content=\"Nicolas Evrard\" \/>\n<meta name=\"twitter:card\" content=\"summary_large_image\" \/>\n<meta name=\"twitter:title\" content=\"ATP B\u00e2le : Rinderknech s&#039;offre Cilic, Alcaraz qualifi\u00e9 au bout du suspense\" \/>\n<meta name=\"twitter:creator\" content=\"@dicodusport\" \/>\n<meta name=\"twitter:site\" content=\"@dicodusport\" \/>\n<script type=\"application\/ld+json\" class=\"yoast-schema-graph\">{\"@context\":\"https:\/\/schema.org\",\"@graph\":[{\"@type\":\"NewsArticle\",\"@id\":\"https:\/\/dicodusport.fr\/blog\/atp-bale-rinderknech-soffre-cilic-alcaraz-qualifie-au-bout-du-suspense\/#article\",\"isPartOf\":{\"@id\":\"https:\/\/dicodusport.fr\/blog\/atp-bale-rinderknech-soffre-cilic-alcaraz-qualifie-au-bout-du-suspense\/\"},\"author\":{\"name\":\"Nicolas Evrard\",\"@id\":\"https:\/\/dicodusport.fr\/blog\/#\/schema\/person\/d8e3150447bfc33eb9e15f324a158b6c\"},\"headline\":\"ATP B\u00e2le : Rinderknech s&rsquo;offre Cilic, Alcaraz qualifi\u00e9 au bout du suspense\",\"datePublished\":\"2022-10-25T05:49:00+00:00\",\"mainEntityOfPage\":{\"@id\":\"https:\/\/dicodusport.fr\/blog\/atp-bale-rinderknech-soffre-cilic-alcaraz-qualifie-au-bout-du-suspense\/\"},\"wordCount\":1131,\"commentCount\":0,\"publisher\":{\"@id\":\"https:\/\/dicodusport.fr\/blog\/#organization\"},\"image\":{\"@id\":\"https:\/\/dicodusport.fr\/blog\/atp-bale-rinderknech-soffre-cilic-alcaraz-qualifie-au-bout-du-suspense\/#primaryimage\"},\"thumbnailUrl\":\"https:\/\/dicodusport.fr\/blog\/wp-content\/uploads\/2022\/10\/ATP-Bale-Rinderknech-soffre-Cilic-Alcaraz-qualifie-au-bout-du-suspense.jpg\",\"keywords\":[\"Arthur Rinderknech\",\"ATP B\u00e2le\",\"Bale\",\"Carlos Alcaraz\",\"David Goffin\",\"Tennis\"],\"articleSection\":[\"Tennis\"],\"inLanguage\":\"fr-FR\",\"potentialAction\":[{\"@type\":\"CommentAction\",\"name\":\"Comment\",\"target\":[\"https:\/\/dicodusport.fr\/blog\/atp-bale-rinderknech-soffre-cilic-alcaraz-qualifie-au-bout-du-suspense\/#respond\"]}],\"copyrightYear\":\"2022\",\"copyrightHolder\":{\"@id\":\"https:\/\/dicodusport.fr\/blog\/#organization\"}},{\"@type\":\"WebPage\",\"@id\":\"https:\/\/dicodusport.fr\/blog\/atp-bale-rinderknech-soffre-cilic-alcaraz-qualifie-au-bout-du-suspense\/\",\"url\":\"https:\/\/dicodusport.fr\/blog\/atp-bale-rinderknech-soffre-cilic-alcaraz-qualifie-au-bout-du-suspense\/\",\"name\":\"ATP B\u00e2le : Rinderknech s'offre Cilic, Alcaraz qualifi\u00e9 au bout du suspense\",\"isPartOf\":{\"@id\":\"https:\/\/dicodusport.fr\/blog\/#website\"},\"primaryImageOfPage\":{\"@id\":\"https:\/\/dicodusport.fr\/blog\/atp-bale-rinderknech-soffre-cilic-alcaraz-qualifie-au-bout-du-suspense\/#primaryimage\"},\"image\":{\"@id\":\"https:\/\/dicodusport.fr\/blog\/atp-bale-rinderknech-soffre-cilic-alcaraz-qualifie-au-bout-du-suspense\/#primaryimage\"},\"thumbnailUrl\":\"https:\/\/dicodusport.fr\/blog\/wp-content\/uploads\/2022\/10\/ATP-Bale-Rinderknech-soffre-Cilic-Alcaraz-qualifie-au-bout-du-suspense.jpg\",\"datePublished\":\"2022-10-25T05:49:00+00:00\",\"description\":\"ATP B\u00c2LE - Apr\u00e8s deux ans d\u2019absence pour cause de Covid, le r\u00e9put\u00e9 tournoi de B\u00e2le a fait son grand retour ce lundi.\",\"breadcrumb\":{\"@id\":\"https:\/\/dicodusport.fr\/blog\/atp-bale-rinderknech-soffre-cilic-alcaraz-qualifie-au-bout-du-suspense\/#breadcrumb\"},\"inLanguage\":\"fr-FR\",\"potentialAction\":[{\"@type\":\"ReadAction\",\"target\":[\"https:\/\/dicodusport.fr\/blog\/atp-bale-rinderknech-soffre-cilic-alcaraz-qualifie-au-bout-du-suspense\/\"]}]},{\"@type\":\"ImageObject\",\"inLanguage\":\"fr-FR\",\"@id\":\"https:\/\/dicodusport.fr\/blog\/atp-bale-rinderknech-soffre-cilic-alcaraz-qualifie-au-bout-du-suspense\/#primaryimage\",\"url\":\"https:\/\/dicodusport.fr\/blog\/wp-content\/uploads\/2022\/10\/ATP-Bale-Rinderknech-soffre-Cilic-Alcaraz-qualifie-au-bout-du-suspense.jpg\",\"contentUrl\":\"https:\/\/dicodusport.fr\/blog\/wp-content\/uploads\/2022\/10\/ATP-Bale-Rinderknech-soffre-Cilic-Alcaraz-qualifie-au-bout-du-suspense.jpg\",\"width\":800,\"height\":445,\"caption\":\"ATP B\u00e2le Rinderknech s'offre Cilic, Alcaraz qualifi\u00e9 au bout du suspense\"},{\"@type\":\"BreadcrumbList\",\"@id\":\"https:\/\/dicodusport.fr\/blog\/atp-bale-rinderknech-soffre-cilic-alcaraz-qualifie-au-bout-du-suspense\/#breadcrumb\",\"itemListElement\":[{\"@type\":\"ListItem\",\"position\":1,\"name\":\"Accueil\",\"item\":\"https:\/\/dicodusport.fr\/blog\/\"},{\"@type\":\"ListItem\",\"position\":2,\"name\":\"ATP B\u00e2le : Rinderknech s&rsquo;offre Cilic, Alcaraz qualifi\u00e9 au bout du suspense\"}]},{\"@type\":\"WebSite\",\"@id\":\"https:\/\/dicodusport.fr\/blog\/#website\",\"url\":\"https:\/\/dicodusport.fr\/blog\/\",\"name\":\"Dicodusport\",\"description\":\"L&#039;encyclop\u00e9die de l&#039;actualit\u00e9 sportive\",\"publisher\":{\"@id\":\"https:\/\/dicodusport.fr\/blog\/#organization\"},\"potentialAction\":[{\"@type\":\"SearchAction\",\"target\":{\"@type\":\"EntryPoint\",\"urlTemplate\":\"https:\/\/dicodusport.fr\/blog\/?s={search_term_string}\"},\"query-input\":{\"@type\":\"PropertyValueSpecification\",\"valueRequired\":true,\"valueName\":\"search_term_string\"}}],\"inLanguage\":\"fr-FR\"},{\"@type\":\"NewsMediaOrganization\",\"@id\":\"https:\/\/dicodusport.fr\/blog\/#organization\",\"name\":\"Dicodusport\",\"url\":\"https:\/\/dicodusport.fr\/blog\/\",\"logo\":{\"@type\":\"ImageObject\",\"inLanguage\":\"fr-FR\",\"@id\":\"https:\/\/dicodusport.fr\/blog\/#\/schema\/logo\/image\/\",\"url\":\"https:\/\/dicodusport.fr\/blog\/wp-content\/uploads\/2020\/06\/cropped-LOGO-DICODUSPORT-2020-SANS-FOND-SANS-TEXTE.png\",\"contentUrl\":\"https:\/\/dicodusport.fr\/blog\/wp-content\/uploads\/2020\/06\/cropped-LOGO-DICODUSPORT-2020-SANS-FOND-SANS-TEXTE.png\",\"width\":512,\"height\":512,\"caption\":\"Dicodusport\"},\"image\":{\"@id\":\"https:\/\/dicodusport.fr\/blog\/#\/schema\/logo\/image\/\"},\"sameAs\":[\"https:\/\/www.facebook.com\/dicodusport\",\"https:\/\/x.com\/dicodusport\",\"https:\/\/www.instagram.com\/dicodusport\/\",\"https:\/\/www.youtube.com\/channel\/UC7V2KZ5sd3htJivAbA4ZG3w\"],\"description\":\"Dicodusport est l'encyclop\u00e9die de l'actualit\u00e9 sportive.\",\"email\":\"bonjour@dicodusport.fr\",\"legalName\":\"DICODUSPORT\",\"foundingDate\":\"2018-01-14\",\"vatID\":\"FR71834470973\",\"taxID\":\"83447097300043\",\"numberOfEmployees\":{\"@type\":\"QuantitativeValue\",\"minValue\":\"1\",\"maxValue\":\"10\"}},{\"@type\":\"Person\",\"@id\":\"https:\/\/dicodusport.fr\/blog\/#\/schema\/person\/d8e3150447bfc33eb9e15f324a158b6c\",\"name\":\"Nicolas Evrard\",\"image\":{\"@type\":\"ImageObject\",\"inLanguage\":\"fr-FR\",\"@id\":\"https:\/\/dicodusport.fr\/blog\/#\/schema\/person\/image\/\",\"url\":\"https:\/\/dicodusport.fr\/blog\/wp-content\/uploads\/2022\/10\/Capture-150x150.png\",\"contentUrl\":\"https:\/\/dicodusport.fr\/blog\/wp-content\/uploads\/2022\/10\/Capture-150x150.png\",\"caption\":\"Nicolas Evrard\"},\"description\":\"Journaliste pour le groupe Rossel et pour Dicodusport.\",\"url\":\"https:\/\/dicodusport.fr\/blog\/author\/nicolas-evrard\/\"}]}<\/script>\n<!-- \/ Yoast SEO Premium plugin. -->","yoast_head_json":{"title":"ATP B\u00e2le : Rinderknech s'offre Cilic, Alcaraz qualifi\u00e9 au bout du suspense","description":"ATP B\u00c2LE - Apr\u00e8s deux ans d\u2019absence pour cause de Covid, le r\u00e9put\u00e9 tournoi de B\u00e2le a fait son grand retour ce lundi.","robots":{"index":"index","follow":"follow","max-snippet":"max-snippet:-1","max-image-preview":"max-image-preview:large","max-video-preview":"max-video-preview:-1"},"canonical":"https:\/\/dicodusport.fr\/blog\/atp-bale-rinderknech-soffre-cilic-alcaraz-qualifie-au-bout-du-suspense\/","og_locale":"fr_FR","og_type":"article","og_title":"ATP B\u00e2le : Rinderknech s'offre Cilic, Alcaraz qualifi\u00e9 au bout du suspense","og_description":"ATP B\u00c2LE - Apr\u00e8s deux ans d\u2019absence pour cause de Covid, le r\u00e9put\u00e9 tournoi de B\u00e2le a fait son grand retour ce lundi.","og_url":"https:\/\/dicodusport.fr\/blog\/atp-bale-rinderknech-soffre-cilic-alcaraz-qualifie-au-bout-du-suspense\/","og_site_name":"Dicodusport","article_publisher":"https:\/\/www.facebook.com\/dicodusport","article_published_time":"2022-10-25T05:49:00+00:00","og_image":[{"width":800,"height":445,"url":"https:\/\/dicodusport.fr\/blog\/wp-content\/uploads\/2022\/10\/ATP-Bale-Rinderknech-soffre-Cilic-Alcaraz-qualifie-au-bout-du-suspense.jpg","type":"image\/jpeg"}],"author":"Nicolas Evrard","twitter_card":"summary_large_image","twitter_title":"ATP B\u00e2le : Rinderknech s'offre Cilic, Alcaraz qualifi\u00e9 au bout du suspense","twitter_creator":"@dicodusport","twitter_site":"@dicodusport","schema":{"@context":"https:\/\/schema.org","@graph":[{"@type":"NewsArticle","@id":"https:\/\/dicodusport.fr\/blog\/atp-bale-rinderknech-soffre-cilic-alcaraz-qualifie-au-bout-du-suspense\/#article","isPartOf":{"@id":"https:\/\/dicodusport.fr\/blog\/atp-bale-rinderknech-soffre-cilic-alcaraz-qualifie-au-bout-du-suspense\/"},"author":{"name":"Nicolas Evrard","@id":"https:\/\/dicodusport.fr\/blog\/#\/schema\/person\/d8e3150447bfc33eb9e15f324a158b6c"},"headline":"ATP B\u00e2le : Rinderknech s&rsquo;offre Cilic, Alcaraz qualifi\u00e9 au bout du suspense","datePublished":"2022-10-25T05:49:00+00:00","mainEntityOfPage":{"@id":"https:\/\/dicodusport.fr\/blog\/atp-bale-rinderknech-soffre-cilic-alcaraz-qualifie-au-bout-du-suspense\/"},"wordCount":1131,"commentCount":0,"publisher":{"@id":"https:\/\/dicodusport.fr\/blog\/#organization"},"image":{"@id":"https:\/\/dicodusport.fr\/blog\/atp-bale-rinderknech-soffre-cilic-alcaraz-qualifie-au-bout-du-suspense\/#primaryimage"},"thumbnailUrl":"https:\/\/dicodusport.fr\/blog\/wp-content\/uploads\/2022\/10\/ATP-Bale-Rinderknech-soffre-Cilic-Alcaraz-qualifie-au-bout-du-suspense.jpg","keywords":["Arthur Rinderknech","ATP B\u00e2le","Bale","Carlos Alcaraz","David Goffin","Tennis"],"articleSection":["Tennis"],"inLanguage":"fr-FR","potentialAction":[{"@type":"CommentAction","name":"Comment","target":["https:\/\/dicodusport.fr\/blog\/atp-bale-rinderknech-soffre-cilic-alcaraz-qualifie-au-bout-du-suspense\/#respond"]}],"copyrightYear":"2022","copyrightHolder":{"@id":"https:\/\/dicodusport.fr\/blog\/#organization"}},{"@type":"WebPage","@id":"https:\/\/dicodusport.fr\/blog\/atp-bale-rinderknech-soffre-cilic-alcaraz-qualifie-au-bout-du-suspense\/","url":"https:\/\/dicodusport.fr\/blog\/atp-bale-rinderknech-soffre-cilic-alcaraz-qualifie-au-bout-du-suspense\/","name":"ATP B\u00e2le : Rinderknech s'offre Cilic, Alcaraz qualifi\u00e9 au bout du suspense","isPartOf":{"@id":"https:\/\/dicodusport.fr\/blog\/#website"},"primaryImageOfPage":{"@id":"https:\/\/dicodusport.fr\/blog\/atp-bale-rinderknech-soffre-cilic-alcaraz-qualifie-au-bout-du-suspense\/#primaryimage"},"image":{"@id":"https:\/\/dicodusport.fr\/blog\/atp-bale-rinderknech-soffre-cilic-alcaraz-qualifie-au-bout-du-suspense\/#primaryimage"},"thumbnailUrl":"https:\/\/dicodusport.fr\/blog\/wp-content\/uploads\/2022\/10\/ATP-Bale-Rinderknech-soffre-Cilic-Alcaraz-qualifie-au-bout-du-suspense.jpg","datePublished":"2022-10-25T05:49:00+00:00","description":"ATP B\u00c2LE - Apr\u00e8s deux ans d\u2019absence pour cause de Covid, le r\u00e9put\u00e9 tournoi de B\u00e2le a fait son grand retour ce lundi.","breadcrumb":{"@id":"https:\/\/dicodusport.fr\/blog\/atp-bale-rinderknech-soffre-cilic-alcaraz-qualifie-au-bout-du-suspense\/#breadcrumb"},"inLanguage":"fr-FR","potentialAction":[{"@type":"ReadAction","target":["https:\/\/dicodusport.fr\/blog\/atp-bale-rinderknech-soffre-cilic-alcaraz-qualifie-au-bout-du-suspense\/"]}]},{"@type":"ImageObject","inLanguage":"fr-FR","@id":"https:\/\/dicodusport.fr\/blog\/atp-bale-rinderknech-soffre-cilic-alcaraz-qualifie-au-bout-du-suspense\/#primaryimage","url":"https:\/\/dicodusport.fr\/blog\/wp-content\/uploads\/2022\/10\/ATP-Bale-Rinderknech-soffre-Cilic-Alcaraz-qualifie-au-bout-du-suspense.jpg","contentUrl":"https:\/\/dicodusport.fr\/blog\/wp-content\/uploads\/2022\/10\/ATP-Bale-Rinderknech-soffre-Cilic-Alcaraz-qualifie-au-bout-du-suspense.jpg","width":800,"height":445,"caption":"ATP B\u00e2le Rinderknech s'offre Cilic, Alcaraz qualifi\u00e9 au bout du suspense"},{"@type":"BreadcrumbList","@id":"https:\/\/dicodusport.fr\/blog\/atp-bale-rinderknech-soffre-cilic-alcaraz-qualifie-au-bout-du-suspense\/#breadcrumb","itemListElement":[{"@type":"ListItem","position":1,"name":"Accueil","item":"https:\/\/dicodusport.fr\/blog\/"},{"@type":"ListItem","position":2,"name":"ATP B\u00e2le : Rinderknech s&rsquo;offre Cilic, Alcaraz qualifi\u00e9 au bout du suspense"}]},{"@type":"WebSite","@id":"https:\/\/dicodusport.fr\/blog\/#website","url":"https:\/\/dicodusport.fr\/blog\/","name":"Dicodusport","description":"L&#039;encyclop\u00e9die de l&#039;actualit\u00e9 sportive","publisher":{"@id":"https:\/\/dicodusport.fr\/blog\/#organization"},"potentialAction":[{"@type":"SearchAction","target":{"@type":"EntryPoint","urlTemplate":"https:\/\/dicodusport.fr\/blog\/?s={search_term_string}"},"query-input":{"@type":"PropertyValueSpecification","valueRequired":true,"valueName":"search_term_string"}}],"inLanguage":"fr-FR"},{"@type":"NewsMediaOrganization","@id":"https:\/\/dicodusport.fr\/blog\/#organization","name":"Dicodusport","url":"https:\/\/dicodusport.fr\/blog\/","logo":{"@type":"ImageObject","inLanguage":"fr-FR","@id":"https:\/\/dicodusport.fr\/blog\/#\/schema\/logo\/image\/","url":"https:\/\/dicodusport.fr\/blog\/wp-content\/uploads\/2020\/06\/cropped-LOGO-DICODUSPORT-2020-SANS-FOND-SANS-TEXTE.png","contentUrl":"https:\/\/dicodusport.fr\/blog\/wp-content\/uploads\/2020\/06\/cropped-LOGO-DICODUSPORT-2020-SANS-FOND-SANS-TEXTE.png","width":512,"height":512,"caption":"Dicodusport"},"image":{"@id":"https:\/\/dicodusport.fr\/blog\/#\/schema\/logo\/image\/"},"sameAs":["https:\/\/www.facebook.com\/dicodusport","https:\/\/x.com\/dicodusport","https:\/\/www.instagram.com\/dicodusport\/","https:\/\/www.youtube.com\/channel\/UC7V2KZ5sd3htJivAbA4ZG3w"],"description":"Dicodusport est l'encyclop\u00e9die de l'actualit\u00e9 sportive.","email":"bonjour@dicodusport.fr","legalName":"DICODUSPORT","foundingDate":"2018-01-14","vatID":"FR71834470973","taxID":"83447097300043","numberOfEmployees":{"@type":"QuantitativeValue","minValue":"1","maxValue":"10"}},{"@type":"Person","@id":"https:\/\/dicodusport.fr\/blog\/#\/schema\/person\/d8e3150447bfc33eb9e15f324a158b6c","name":"Nicolas Evrard","image":{"@type":"ImageObject","inLanguage":"fr-FR","@id":"https:\/\/dicodusport.fr\/blog\/#\/schema\/person\/image\/","url":"https:\/\/dicodusport.fr\/blog\/wp-content\/uploads\/2022\/10\/Capture-150x150.png","contentUrl":"https:\/\/dicodusport.fr\/blog\/wp-content\/uploads\/2022\/10\/Capture-150x150.png","caption":"Nicolas Evrard"},"description":"Journaliste pour le groupe Rossel et pour Dicodusport.","url":"https:\/\/dicodusport.fr\/blog\/author\/nicolas-evrard\/"}]}},"_links":{"self":[{"href":"https:\/\/dicodusport.fr\/blog\/wp-json\/wp\/v2\/posts\/272947","targetHints":{"allow":["GET"]}}],"collection":[{"href":"https:\/\/dicodusport.fr\/blog\/wp-json\/wp\/v2\/posts"}],"about":[{"href":"https:\/\/dicodusport.fr\/blog\/wp-json\/wp\/v2\/types\/post"}],"author":[{"embeddable":true,"href":"https:\/\/dicodusport.fr\/blog\/wp-json\/wp\/v2\/users\/75"}],"replies":[{"embeddable":true,"href":"https:\/\/dicodusport.fr\/blog\/wp-json\/wp\/v2\/comments?post=272947"}],"version-history":[{"count":0,"href":"https:\/\/dicodusport.fr\/blog\/wp-json\/wp\/v2\/posts\/272947\/revisions"}],"wp:featuredmedia":[{"embeddable":true,"href":"https:\/\/dicodusport.fr\/blog\/wp-json\/wp\/v2\/media\/272975"}],"wp:attachment":[{"href":"https:\/\/dicodusport.fr\/blog\/wp-json\/wp\/v2\/media?parent=272947"}],"wp:term":[{"taxonomy":"category","embeddable":true,"href":"https:\/\/dicodusport.fr\/blog\/wp-json\/wp\/v2\/categories?post=272947"},{"taxonomy":"post_tag","embeddable":true,"href":"https:\/\/dicodusport.fr\/blog\/wp-json\/wp\/v2\/tags?post=272947"}],"curies":[{"name":"wp","href":"https:\/\/api.w.org\/{rel}","templated":true}]}}