{"id":273084,"date":"2022-10-25T23:12:59","date_gmt":"2022-10-25T21:12:59","guid":{"rendered":"https:\/\/dicodusport.fr\/blog\/?p=273084&#038;preview=true&#038;preview_id=273084"},"modified":"2022-10-26T07:56:04","modified_gmt":"2022-10-26T05:56:04","slug":"atp-bale-mannarino-craque-wawrinka-fait-vibrer-le-public-suisse","status":"publish","type":"post","link":"https:\/\/dicodusport.fr\/blog\/atp-bale-mannarino-craque-wawrinka-fait-vibrer-le-public-suisse\/","title":{"rendered":"ATP B\u00e2le : Mannarino craque, Wawrinka fait vibrer le public suisse"},"content":{"rendered":"<p style=\"text-align: justify;\"><b><i><a title=\"ATP 500 \u2013 Le tableau du tournoi de B\u00e2le 2022\" href=\"https:\/\/dicodusport.fr\/blog\/atp-500-le-tableau-du-tournoi-de-bale-2022\/\" target=\"_blank\" rel=\"noopener\">ATP B\u00e2le<\/a>\u00a0&#8211; La deuxi\u00e8me journ\u00e9e du Tournoi de B\u00e2le aura eu le m\u00e9rite de faire vibrer le public local. Oppos\u00e9 \u00e0 Casper Ruud, num\u00e9ro 3 mondial, Stan Wawrinka a sorti sa meilleure performance de la saison et s&rsquo;est qualifi\u00e9 pour le prochain tour. C\u00f4t\u00e9 tricolore, Adrian Mannarino s&rsquo;est malheureusement inclin\u00e9 en trois manches face \u00e0 Botic van de Zandschulp.<\/i><\/b><\/p>\n<p style=\"text-align: justify;\">Apr\u00e8s <strong>Arthur Rinderknech<\/strong> lundi, c&rsquo;\u00e9tait au tour d&rsquo;<strong>Adrian Mannarino<\/strong> d&rsquo;entrer en piste \u00e0 B\u00e2le ce mardi. Oppos\u00e9 \u00e0 <strong>Botic van de Zandschulp<\/strong>, amateur de surface rapide, le Fran\u00e7ais savait qu&rsquo;il n&rsquo;aurait pas la t\u00e2che facile. D\u00e8s le d\u00e9but du match, il \u00e9tait d&rsquo;ailleurs mis en difficult\u00e9 par son adversaire du jour, et conc\u00e9dait le premier break \u00e0 1-1. S&rsquo;il r\u00e9ussissait \u00e0 pousser van de Zandschulp dans ses retranchements, le Francilien n&rsquo;arrivait pas \u00e0 refaire son retard et conc\u00e9dait le premier set (6-4).<\/p>\n<p style=\"text-align: justify;\">Bien lanc\u00e9, van de Zandschulp continuait \u00e0 faire des d\u00e9g\u00e2ts. Il breakait une nouvelle fois le Fran\u00e7ais, pour s&rsquo;offrir un avantage au d\u00e9but de la deuxi\u00e8me manche. Quoi qu&rsquo;il en soit, cette fois-ci, Mannarino ne tardait pas \u00e0 r\u00e9agir et d\u00e9breakait dans la foul\u00e9e. \u00c0 4-3 en sa faveur, le Fran\u00e7ais sortait l&rsquo;un de ses meilleurs jeux du match et prenait le service de son adversaire sans lui laisser le moindre point. Le jeu suivant, il confirmait son break et poussait le N\u00e9erlandais \u00e0 disputer un set d\u00e9cisif.<\/p>\n<blockquote class=\"twitter-tweet\">\n<p dir=\"ltr\" lang=\"fr\">C&rsquo;EST QUOI CETTE DINGUERIE DE MANNARINO ? <a href=\"https:\/\/twitter.com\/hashtag\/SwissIndoorsBasel?src=hash&amp;ref_src=twsrc%5Etfw\">#SwissIndoorsBasel<\/a> <a href=\"https:\/\/t.co\/aoxqcLfpAw\">pic.twitter.com\/aoxqcLfpAw<\/a><\/p>\n<p>\u2014 Jeu Blanc (@JeuBlanc_off) <a href=\"https:\/\/twitter.com\/JeuBlanc_off\/status\/1584966528847712256?ref_src=twsrc%5Etfw\">October 25, 2022<\/a><\/p><\/blockquote>\n<p><script async src=\"https:\/\/platform.twitter.com\/widgets.js\" charset=\"utf-8\"><\/script><\/p>\n<p style=\"text-align: justify;\">Un set d\u00e9cisif qui d\u00e9butait sur les chapeaux de roues pour le Tricolore. Devant \u00e0 3-0, il s&rsquo;offrait une balle de 4-0 mais n&rsquo;arrivait pas \u00e0 la convertir. Un tournant dans la rencontre, qui donnait un second souffle \u00e0 van de Zanschulp. Le 35e joueur mondial prenait alors le dessus sur <strong>le Fran\u00e7ais, qui ne trouvait plus aucune solution<\/strong>. Au terme d&rsquo;une bataille de plus de 2h30, il s&rsquo;inclinait finalement en trois sets, avec de gros regrets.<\/p>\n<h2 style=\"text-align: justify;\">Incroyable Stan !<\/h2>\n<p style=\"text-align: justify;\">Chouchou du public suisse en l&rsquo;absence de <strong>Roger Federer<\/strong>, <a href=\"https:\/\/dicodusport.fr\/blog\/retraite-de-roger-federer-retour-en-chiffres-sur-la-carriere-dune-icone\/\">tout juste retrait\u00e9<\/a>, <strong>Stan Wawrinka<\/strong> s&rsquo;est offert la plus belle victoire de sa saison contre <strong>Casper Ruud<\/strong>. Lors du premier set, le Suisse imprimait son tempo et trouvait les bonnes zones sur son service. Sans solution, Ruud conc\u00e9dait le premier break de la rencontre. S&rsquo;il avait par la suite plusieurs chances de revenir \u00e0 \u00e9galit\u00e9, le Norv\u00e9gien ne parvenait pas \u00e0 les saisir. De quoi permettre \u00e0 Wawrinka d&#8217;empocher la premi\u00e8re manche (6-4).<\/p>\n<p style=\"text-align: justify;\">Si on attendait une r\u00e9action de Ruud lors du deuxi\u00e8me set, celle-ci n&rsquo;arrivait pas. Certes, il arrivait \u00e0 ne pas se faire breaker, mais ne se montrait jamais mena\u00e7ant autrement. Impressionnant dans sa gestion et dans la pr\u00e9cision de ses frappes, Wawrinka \u00e9tait intraitable. Surmotiv\u00e9 par une foule en d\u00e9lire, il profitait d&rsquo;un jeu catastrophique de son adversaire pour prendre les devants (5-4). Sans trembler, il pliait le match sur son service et d\u00e9crochait <strong>un succ\u00e8s de prestige face au num\u00e9ro 3 mondial<\/strong>. Il affrontera <strong>Brandon Nakashima<\/strong> au prochain tour.<\/p>\n<blockquote class=\"twitter-tweet\">\n<p dir=\"ltr\" lang=\"en\">Swiss bliss &#x1f1e8;&#x1f1ed;&#x1f643;<\/p>\n<p>The home fans loved seeing Stan The Man roll back the years 6-4 6-4 against Ruud<a href=\"https:\/\/twitter.com\/stanwawrinka?ref_src=twsrc%5Etfw\">@stanwawrinka<\/a> | <a href=\"https:\/\/twitter.com\/hashtag\/SwissIndoorsBasel?src=hash&amp;ref_src=twsrc%5Etfw\">#SwissIndoorsBasel<\/a> <a href=\"https:\/\/t.co\/UvQQYgitp3\">pic.twitter.com\/UvQQYgitp3<\/a><\/p>\n<p>\u2014 ATP Tour (@atptour) <a href=\"https:\/\/twitter.com\/atptour\/status\/1584991401104019456?ref_src=twsrc%5Etfw\">October 25, 2022<\/a><\/p><\/blockquote>\n<p><script async src=\"https:\/\/platform.twitter.com\/widgets.js\" charset=\"utf-8\"><\/script><\/p>\n<p style=\"text-align: justify;\">Apr\u00e8s sa finale \u00e0 l&rsquo;US Open, <strong>Casper Ruud<\/strong> semble conna\u00eetre un coup de moins biens les derni\u00e8res semaines. En quatre rencontres, le Norv\u00e9gien en a perdu trois, qui plus est face \u00e0 des adversaires largement \u00e0 sa port\u00e9e. Nul doute qu&rsquo;il esp\u00e9rera montrer un meilleur visage au Masters de Paris et aux ATP Finals.<\/p>\n<h2 style=\"text-align: justify;\">Murray au mental<\/h2>\n<p style=\"text-align: justify;\">Figure toujours appr\u00e9ci\u00e9e des fans de tennis, <strong>Andy Murray<\/strong> faisait son entr\u00e9e en lice au tournoi de B\u00e2le ce mardi. Oppos\u00e9 au qualifi\u00e9 russe <strong>Roman Safiullin<\/strong>, le Britannique a d\u00fb s&#8217;employer pour aller chercher sa qualification pour le prochain tour. Lors de la premi\u00e8re manche, le quadruple vainqueur de Grand Chelem avait du mal \u00e0 d\u00e9ployer son jeu et n&rsquo;arrivait pas \u00e0 lire correctement le service de son adversaire. Break\u00e9 en premier, Murray arrivait n\u00e9anmoins \u00e0 r\u00e9agir et d\u00e9breakait Safiullin pour s&rsquo;offrir un tie-break. Un tie-break que le Britannique perdait malgr\u00e9 plusieurs belles opportunit\u00e9s.<\/p>\n<p style=\"text-align: justify;\">La perte de la premi\u00e8re manche ne semblait n\u00e9anmoins pas atteindre le natif de Glasgow, qui sauvait directement 5 balles de break pour se relancer. Visiblement d\u00e9stabilis\u00e9, Safiullin n&rsquo;arrivait plus \u00e0 trouver les solutions et devait conc\u00e9der le deuxi\u00e8me set sur le score de 6-3. A l&rsquo;image de la rencontre, la derni\u00e8re manche \u00e9tait serr\u00e9e et les deux joueurs se rendaient coup pour coup. Si le Russe \u00e9tait le premier \u00e0 trouver la faille et \u00e0 breaker, Murray ne se d\u00e9courageait pas et prenait \u00e0 son tour le service de son adversaire. Un jeu qui s&rsquo;av\u00e9rait fatal pour Safiullin, qui conc\u00e9dait un nouveau break \u00e0 4-4. Sur son service, <strong>Murray concluait sans se faire de frayeur<\/strong> pour s&rsquo;imposer finalement 2 sets \u00e0 1. Au prochain tour, le Britannique sera oppos\u00e9 \u00e0 Roberto Bautista Agut ou \u00e0 Laslo Dere.<\/p>\n<blockquote class=\"twitter-tweet\">\n<p dir=\"ltr\" lang=\"en\">Seen a few of these over the years &#x1f4d0;<a href=\"https:\/\/twitter.com\/andy_murray?ref_src=twsrc%5Etfw\">@andy_murray<\/a> | <a href=\"https:\/\/twitter.com\/hashtag\/SwissIndoorsBasel?src=hash&amp;ref_src=twsrc%5Etfw\">#SwissIndoorsBasel<\/a> <a href=\"https:\/\/t.co\/lraOkykIMT\">pic.twitter.com\/lraOkykIMT<\/a><\/p>\n<p>\u2014 ATP Tour (@atptour) <a href=\"https:\/\/twitter.com\/atptour\/status\/1584901766415618049?ref_src=twsrc%5Etfw\">October 25, 2022<\/a><\/p><\/blockquote>\n<p><script async src=\"https:\/\/platform.twitter.com\/widgets.js\" charset=\"utf-8\"><\/script><\/p>\n<p style=\"text-align: justify;\">Demain, deux Fran\u00e7ais seront sur les courts de B\u00e2le. Au premier tour,<strong> Ugo Humbert affrontera Jenson Brobsky<\/strong> sur le court n\u00b01 \u00e0 13h. De son c\u00f4t\u00e9, <strong>Arthur Rinderknech sera oppos\u00e9 en 1\/8\u00e8me de finale \u00e0 Alex Molcan<\/strong>.<\/p>\n","protected":false},"excerpt":{"rendered":"<p>ATP B\u00e2le &#8211; La deuxi\u00e8me journ\u00e9e du Tournoi de B\u00e2le aura eu le m\u00e9rite de faire vibrer le public local. Oppos\u00e9 \u00e0 Casper Ruud, num\u00e9ro 3 mondial, Stan Wawrinka a sorti sa meilleure performance de la saison et s&rsquo;est qualifi\u00e9 pour le prochain tour. C\u00f4t\u00e9 tricolore, Adrian Mannarino s&rsquo;est malheureusement inclin\u00e9 en trois manches face \u00e0 Botic van de Zandschulp.<\/p>\n","protected":false},"author":75,"featured_media":273163,"comment_status":"open","ping_status":"closed","sticky":false,"template":"","format":"standard","meta":{"_acf_changed":false,"_daextam_enable_autolinks":"","footnotes":""},"categories":[2302],"tags":[4303,9097,12359,136],"class_list":["post-273084","post","type-post","status-publish","format-standard","has-post-thumbnail","hentry","category-tennis","tag-adrian-mannarino","tag-atp-bale","tag-casper-ruud","tag-tennis"],"acf":[],"yoast_head":"<!-- This site is optimized with the Yoast SEO Premium plugin v26.7 (Yoast SEO v26.7) - https:\/\/yoast.com\/wordpress\/plugins\/seo\/ -->\n<title>ATP B\u00e2le : Mannarino craque, Wawrinka fait vibrer le public suisse<\/title>\n<meta name=\"description\" content=\"La deuxi\u00e8me journ\u00e9e du Tournoi de B\u00e2le aura eu le m\u00e9rite de faire vibrer le public local. Stan Wawrinka a sorti sa meilleure performance de la saison.\" \/>\n<meta name=\"robots\" content=\"index, follow, max-snippet:-1, max-image-preview:large, max-video-preview:-1\" \/>\n<link rel=\"canonical\" href=\"https:\/\/dicodusport.fr\/blog\/atp-bale-mannarino-craque-wawrinka-fait-vibrer-le-public-suisse\/\" \/>\n<meta property=\"og:locale\" content=\"fr_FR\" \/>\n<meta property=\"og:type\" content=\"article\" \/>\n<meta property=\"og:title\" content=\"ATP B\u00e2le : Mannarino craque, Wawrinka fait vibrer le public suisse\" \/>\n<meta property=\"og:description\" content=\"La deuxi\u00e8me journ\u00e9e du Tournoi de B\u00e2le aura eu le m\u00e9rite de faire vibrer le public local. Stan Wawrinka a sorti sa meilleure performance de la saison.\" \/>\n<meta property=\"og:url\" content=\"https:\/\/dicodusport.fr\/blog\/atp-bale-mannarino-craque-wawrinka-fait-vibrer-le-public-suisse\/\" \/>\n<meta property=\"og:site_name\" content=\"Dicodusport\" \/>\n<meta property=\"article:publisher\" content=\"https:\/\/www.facebook.com\/dicodusport\" \/>\n<meta property=\"article:published_time\" content=\"2022-10-25T21:12:59+00:00\" \/>\n<meta property=\"article:modified_time\" content=\"2022-10-26T05:56:04+00:00\" \/>\n<meta property=\"og:image\" content=\"https:\/\/dicodusport.fr\/blog\/wp-content\/uploads\/2022\/10\/ATP-Bale-Mannarino-craque-Wawrinka-fait-vibrer-le-public-suisse.png\" \/>\n\t<meta property=\"og:image:width\" content=\"800\" \/>\n\t<meta property=\"og:image:height\" content=\"445\" \/>\n\t<meta property=\"og:image:type\" content=\"image\/png\" \/>\n<meta name=\"author\" content=\"Nicolas Evrard\" \/>\n<meta name=\"twitter:card\" content=\"summary_large_image\" \/>\n<meta name=\"twitter:title\" content=\"ATP B\u00e2le : Mannarino craque, Wawrinka fait vibrer le public suisse\" \/>\n<meta name=\"twitter:creator\" content=\"@dicodusport\" \/>\n<meta name=\"twitter:site\" content=\"@dicodusport\" \/>\n<script type=\"application\/ld+json\" class=\"yoast-schema-graph\">{\"@context\":\"https:\/\/schema.org\",\"@graph\":[{\"@type\":\"NewsArticle\",\"@id\":\"https:\/\/dicodusport.fr\/blog\/atp-bale-mannarino-craque-wawrinka-fait-vibrer-le-public-suisse\/#article\",\"isPartOf\":{\"@id\":\"https:\/\/dicodusport.fr\/blog\/atp-bale-mannarino-craque-wawrinka-fait-vibrer-le-public-suisse\/\"},\"author\":{\"name\":\"Nicolas Evrard\",\"@id\":\"https:\/\/dicodusport.fr\/blog\/#\/schema\/person\/d8e3150447bfc33eb9e15f324a158b6c\"},\"headline\":\"ATP B\u00e2le : Mannarino craque, Wawrinka fait vibrer le public suisse\",\"datePublished\":\"2022-10-25T21:12:59+00:00\",\"dateModified\":\"2022-10-26T05:56:04+00:00\",\"mainEntityOfPage\":{\"@id\":\"https:\/\/dicodusport.fr\/blog\/atp-bale-mannarino-craque-wawrinka-fait-vibrer-le-public-suisse\/\"},\"wordCount\":956,\"commentCount\":0,\"publisher\":{\"@id\":\"https:\/\/dicodusport.fr\/blog\/#organization\"},\"image\":{\"@id\":\"https:\/\/dicodusport.fr\/blog\/atp-bale-mannarino-craque-wawrinka-fait-vibrer-le-public-suisse\/#primaryimage\"},\"thumbnailUrl\":\"https:\/\/dicodusport.fr\/blog\/wp-content\/uploads\/2022\/10\/ATP-Bale-Mannarino-craque-Wawrinka-fait-vibrer-le-public-suisse.png\",\"keywords\":[\"Adrian Mannarino\",\"ATP B\u00e2le\",\"Casper Ruud\",\"Tennis\"],\"articleSection\":[\"Tennis\"],\"inLanguage\":\"fr-FR\",\"potentialAction\":[{\"@type\":\"CommentAction\",\"name\":\"Comment\",\"target\":[\"https:\/\/dicodusport.fr\/blog\/atp-bale-mannarino-craque-wawrinka-fait-vibrer-le-public-suisse\/#respond\"]}],\"copyrightYear\":\"2022\",\"copyrightHolder\":{\"@id\":\"https:\/\/dicodusport.fr\/blog\/#organization\"}},{\"@type\":\"WebPage\",\"@id\":\"https:\/\/dicodusport.fr\/blog\/atp-bale-mannarino-craque-wawrinka-fait-vibrer-le-public-suisse\/\",\"url\":\"https:\/\/dicodusport.fr\/blog\/atp-bale-mannarino-craque-wawrinka-fait-vibrer-le-public-suisse\/\",\"name\":\"ATP B\u00e2le : Mannarino craque, Wawrinka fait vibrer le public suisse\",\"isPartOf\":{\"@id\":\"https:\/\/dicodusport.fr\/blog\/#website\"},\"primaryImageOfPage\":{\"@id\":\"https:\/\/dicodusport.fr\/blog\/atp-bale-mannarino-craque-wawrinka-fait-vibrer-le-public-suisse\/#primaryimage\"},\"image\":{\"@id\":\"https:\/\/dicodusport.fr\/blog\/atp-bale-mannarino-craque-wawrinka-fait-vibrer-le-public-suisse\/#primaryimage\"},\"thumbnailUrl\":\"https:\/\/dicodusport.fr\/blog\/wp-content\/uploads\/2022\/10\/ATP-Bale-Mannarino-craque-Wawrinka-fait-vibrer-le-public-suisse.png\",\"datePublished\":\"2022-10-25T21:12:59+00:00\",\"dateModified\":\"2022-10-26T05:56:04+00:00\",\"description\":\"La deuxi\u00e8me journ\u00e9e du Tournoi de B\u00e2le aura eu le m\u00e9rite de faire vibrer le public local. Stan Wawrinka a sorti sa meilleure performance de la saison.\",\"breadcrumb\":{\"@id\":\"https:\/\/dicodusport.fr\/blog\/atp-bale-mannarino-craque-wawrinka-fait-vibrer-le-public-suisse\/#breadcrumb\"},\"inLanguage\":\"fr-FR\",\"potentialAction\":[{\"@type\":\"ReadAction\",\"target\":[\"https:\/\/dicodusport.fr\/blog\/atp-bale-mannarino-craque-wawrinka-fait-vibrer-le-public-suisse\/\"]}]},{\"@type\":\"ImageObject\",\"inLanguage\":\"fr-FR\",\"@id\":\"https:\/\/dicodusport.fr\/blog\/atp-bale-mannarino-craque-wawrinka-fait-vibrer-le-public-suisse\/#primaryimage\",\"url\":\"https:\/\/dicodusport.fr\/blog\/wp-content\/uploads\/2022\/10\/ATP-Bale-Mannarino-craque-Wawrinka-fait-vibrer-le-public-suisse.png\",\"contentUrl\":\"https:\/\/dicodusport.fr\/blog\/wp-content\/uploads\/2022\/10\/ATP-Bale-Mannarino-craque-Wawrinka-fait-vibrer-le-public-suisse.png\",\"width\":800,\"height\":445,\"caption\":\"ATP B\u00e2le Mannarino craque, Wawrinka fait vibrer le public suisse\"},{\"@type\":\"BreadcrumbList\",\"@id\":\"https:\/\/dicodusport.fr\/blog\/atp-bale-mannarino-craque-wawrinka-fait-vibrer-le-public-suisse\/#breadcrumb\",\"itemListElement\":[{\"@type\":\"ListItem\",\"position\":1,\"name\":\"Accueil\",\"item\":\"https:\/\/dicodusport.fr\/blog\/\"},{\"@type\":\"ListItem\",\"position\":2,\"name\":\"ATP B\u00e2le : Mannarino craque, Wawrinka fait vibrer le public suisse\"}]},{\"@type\":\"WebSite\",\"@id\":\"https:\/\/dicodusport.fr\/blog\/#website\",\"url\":\"https:\/\/dicodusport.fr\/blog\/\",\"name\":\"Dicodusport\",\"description\":\"L&#039;encyclop\u00e9die de l&#039;actualit\u00e9 sportive\",\"publisher\":{\"@id\":\"https:\/\/dicodusport.fr\/blog\/#organization\"},\"potentialAction\":[{\"@type\":\"SearchAction\",\"target\":{\"@type\":\"EntryPoint\",\"urlTemplate\":\"https:\/\/dicodusport.fr\/blog\/?s={search_term_string}\"},\"query-input\":{\"@type\":\"PropertyValueSpecification\",\"valueRequired\":true,\"valueName\":\"search_term_string\"}}],\"inLanguage\":\"fr-FR\"},{\"@type\":\"NewsMediaOrganization\",\"@id\":\"https:\/\/dicodusport.fr\/blog\/#organization\",\"name\":\"Dicodusport\",\"url\":\"https:\/\/dicodusport.fr\/blog\/\",\"logo\":{\"@type\":\"ImageObject\",\"inLanguage\":\"fr-FR\",\"@id\":\"https:\/\/dicodusport.fr\/blog\/#\/schema\/logo\/image\/\",\"url\":\"https:\/\/dicodusport.fr\/blog\/wp-content\/uploads\/2020\/06\/cropped-LOGO-DICODUSPORT-2020-SANS-FOND-SANS-TEXTE.png\",\"contentUrl\":\"https:\/\/dicodusport.fr\/blog\/wp-content\/uploads\/2020\/06\/cropped-LOGO-DICODUSPORT-2020-SANS-FOND-SANS-TEXTE.png\",\"width\":512,\"height\":512,\"caption\":\"Dicodusport\"},\"image\":{\"@id\":\"https:\/\/dicodusport.fr\/blog\/#\/schema\/logo\/image\/\"},\"sameAs\":[\"https:\/\/www.facebook.com\/dicodusport\",\"https:\/\/x.com\/dicodusport\",\"https:\/\/www.instagram.com\/dicodusport\/\",\"https:\/\/www.youtube.com\/channel\/UC7V2KZ5sd3htJivAbA4ZG3w\"],\"description\":\"Dicodusport est l'encyclop\u00e9die de l'actualit\u00e9 sportive.\",\"email\":\"bonjour@dicodusport.fr\",\"legalName\":\"DICODUSPORT\",\"foundingDate\":\"2018-01-14\",\"vatID\":\"FR71834470973\",\"taxID\":\"83447097300043\",\"numberOfEmployees\":{\"@type\":\"QuantitativeValue\",\"minValue\":\"1\",\"maxValue\":\"10\"}},{\"@type\":\"Person\",\"@id\":\"https:\/\/dicodusport.fr\/blog\/#\/schema\/person\/d8e3150447bfc33eb9e15f324a158b6c\",\"name\":\"Nicolas Evrard\",\"image\":{\"@type\":\"ImageObject\",\"inLanguage\":\"fr-FR\",\"@id\":\"https:\/\/dicodusport.fr\/blog\/#\/schema\/person\/image\/\",\"url\":\"https:\/\/dicodusport.fr\/blog\/wp-content\/uploads\/2022\/10\/Capture-150x150.png\",\"contentUrl\":\"https:\/\/dicodusport.fr\/blog\/wp-content\/uploads\/2022\/10\/Capture-150x150.png\",\"caption\":\"Nicolas Evrard\"},\"description\":\"Journaliste pour le groupe Rossel et pour Dicodusport.\",\"url\":\"https:\/\/dicodusport.fr\/blog\/author\/nicolas-evrard\/\"}]}<\/script>\n<!-- \/ Yoast SEO Premium plugin. -->","yoast_head_json":{"title":"ATP B\u00e2le : Mannarino craque, Wawrinka fait vibrer le public suisse","description":"La deuxi\u00e8me journ\u00e9e du Tournoi de B\u00e2le aura eu le m\u00e9rite de faire vibrer le public local. Stan Wawrinka a sorti sa meilleure performance de la saison.","robots":{"index":"index","follow":"follow","max-snippet":"max-snippet:-1","max-image-preview":"max-image-preview:large","max-video-preview":"max-video-preview:-1"},"canonical":"https:\/\/dicodusport.fr\/blog\/atp-bale-mannarino-craque-wawrinka-fait-vibrer-le-public-suisse\/","og_locale":"fr_FR","og_type":"article","og_title":"ATP B\u00e2le : Mannarino craque, Wawrinka fait vibrer le public suisse","og_description":"La deuxi\u00e8me journ\u00e9e du Tournoi de B\u00e2le aura eu le m\u00e9rite de faire vibrer le public local. Stan Wawrinka a sorti sa meilleure performance de la saison.","og_url":"https:\/\/dicodusport.fr\/blog\/atp-bale-mannarino-craque-wawrinka-fait-vibrer-le-public-suisse\/","og_site_name":"Dicodusport","article_publisher":"https:\/\/www.facebook.com\/dicodusport","article_published_time":"2022-10-25T21:12:59+00:00","article_modified_time":"2022-10-26T05:56:04+00:00","og_image":[{"width":800,"height":445,"url":"https:\/\/dicodusport.fr\/blog\/wp-content\/uploads\/2022\/10\/ATP-Bale-Mannarino-craque-Wawrinka-fait-vibrer-le-public-suisse.png","type":"image\/png"}],"author":"Nicolas Evrard","twitter_card":"summary_large_image","twitter_title":"ATP B\u00e2le : Mannarino craque, Wawrinka fait vibrer le public suisse","twitter_creator":"@dicodusport","twitter_site":"@dicodusport","schema":{"@context":"https:\/\/schema.org","@graph":[{"@type":"NewsArticle","@id":"https:\/\/dicodusport.fr\/blog\/atp-bale-mannarino-craque-wawrinka-fait-vibrer-le-public-suisse\/#article","isPartOf":{"@id":"https:\/\/dicodusport.fr\/blog\/atp-bale-mannarino-craque-wawrinka-fait-vibrer-le-public-suisse\/"},"author":{"name":"Nicolas Evrard","@id":"https:\/\/dicodusport.fr\/blog\/#\/schema\/person\/d8e3150447bfc33eb9e15f324a158b6c"},"headline":"ATP B\u00e2le : Mannarino craque, Wawrinka fait vibrer le public suisse","datePublished":"2022-10-25T21:12:59+00:00","dateModified":"2022-10-26T05:56:04+00:00","mainEntityOfPage":{"@id":"https:\/\/dicodusport.fr\/blog\/atp-bale-mannarino-craque-wawrinka-fait-vibrer-le-public-suisse\/"},"wordCount":956,"commentCount":0,"publisher":{"@id":"https:\/\/dicodusport.fr\/blog\/#organization"},"image":{"@id":"https:\/\/dicodusport.fr\/blog\/atp-bale-mannarino-craque-wawrinka-fait-vibrer-le-public-suisse\/#primaryimage"},"thumbnailUrl":"https:\/\/dicodusport.fr\/blog\/wp-content\/uploads\/2022\/10\/ATP-Bale-Mannarino-craque-Wawrinka-fait-vibrer-le-public-suisse.png","keywords":["Adrian Mannarino","ATP B\u00e2le","Casper Ruud","Tennis"],"articleSection":["Tennis"],"inLanguage":"fr-FR","potentialAction":[{"@type":"CommentAction","name":"Comment","target":["https:\/\/dicodusport.fr\/blog\/atp-bale-mannarino-craque-wawrinka-fait-vibrer-le-public-suisse\/#respond"]}],"copyrightYear":"2022","copyrightHolder":{"@id":"https:\/\/dicodusport.fr\/blog\/#organization"}},{"@type":"WebPage","@id":"https:\/\/dicodusport.fr\/blog\/atp-bale-mannarino-craque-wawrinka-fait-vibrer-le-public-suisse\/","url":"https:\/\/dicodusport.fr\/blog\/atp-bale-mannarino-craque-wawrinka-fait-vibrer-le-public-suisse\/","name":"ATP B\u00e2le : Mannarino craque, Wawrinka fait vibrer le public suisse","isPartOf":{"@id":"https:\/\/dicodusport.fr\/blog\/#website"},"primaryImageOfPage":{"@id":"https:\/\/dicodusport.fr\/blog\/atp-bale-mannarino-craque-wawrinka-fait-vibrer-le-public-suisse\/#primaryimage"},"image":{"@id":"https:\/\/dicodusport.fr\/blog\/atp-bale-mannarino-craque-wawrinka-fait-vibrer-le-public-suisse\/#primaryimage"},"thumbnailUrl":"https:\/\/dicodusport.fr\/blog\/wp-content\/uploads\/2022\/10\/ATP-Bale-Mannarino-craque-Wawrinka-fait-vibrer-le-public-suisse.png","datePublished":"2022-10-25T21:12:59+00:00","dateModified":"2022-10-26T05:56:04+00:00","description":"La deuxi\u00e8me journ\u00e9e du Tournoi de B\u00e2le aura eu le m\u00e9rite de faire vibrer le public local. Stan Wawrinka a sorti sa meilleure performance de la saison.","breadcrumb":{"@id":"https:\/\/dicodusport.fr\/blog\/atp-bale-mannarino-craque-wawrinka-fait-vibrer-le-public-suisse\/#breadcrumb"},"inLanguage":"fr-FR","potentialAction":[{"@type":"ReadAction","target":["https:\/\/dicodusport.fr\/blog\/atp-bale-mannarino-craque-wawrinka-fait-vibrer-le-public-suisse\/"]}]},{"@type":"ImageObject","inLanguage":"fr-FR","@id":"https:\/\/dicodusport.fr\/blog\/atp-bale-mannarino-craque-wawrinka-fait-vibrer-le-public-suisse\/#primaryimage","url":"https:\/\/dicodusport.fr\/blog\/wp-content\/uploads\/2022\/10\/ATP-Bale-Mannarino-craque-Wawrinka-fait-vibrer-le-public-suisse.png","contentUrl":"https:\/\/dicodusport.fr\/blog\/wp-content\/uploads\/2022\/10\/ATP-Bale-Mannarino-craque-Wawrinka-fait-vibrer-le-public-suisse.png","width":800,"height":445,"caption":"ATP B\u00e2le Mannarino craque, Wawrinka fait vibrer le public suisse"},{"@type":"BreadcrumbList","@id":"https:\/\/dicodusport.fr\/blog\/atp-bale-mannarino-craque-wawrinka-fait-vibrer-le-public-suisse\/#breadcrumb","itemListElement":[{"@type":"ListItem","position":1,"name":"Accueil","item":"https:\/\/dicodusport.fr\/blog\/"},{"@type":"ListItem","position":2,"name":"ATP B\u00e2le : Mannarino craque, Wawrinka fait vibrer le public suisse"}]},{"@type":"WebSite","@id":"https:\/\/dicodusport.fr\/blog\/#website","url":"https:\/\/dicodusport.fr\/blog\/","name":"Dicodusport","description":"L&#039;encyclop\u00e9die de l&#039;actualit\u00e9 sportive","publisher":{"@id":"https:\/\/dicodusport.fr\/blog\/#organization"},"potentialAction":[{"@type":"SearchAction","target":{"@type":"EntryPoint","urlTemplate":"https:\/\/dicodusport.fr\/blog\/?s={search_term_string}"},"query-input":{"@type":"PropertyValueSpecification","valueRequired":true,"valueName":"search_term_string"}}],"inLanguage":"fr-FR"},{"@type":"NewsMediaOrganization","@id":"https:\/\/dicodusport.fr\/blog\/#organization","name":"Dicodusport","url":"https:\/\/dicodusport.fr\/blog\/","logo":{"@type":"ImageObject","inLanguage":"fr-FR","@id":"https:\/\/dicodusport.fr\/blog\/#\/schema\/logo\/image\/","url":"https:\/\/dicodusport.fr\/blog\/wp-content\/uploads\/2020\/06\/cropped-LOGO-DICODUSPORT-2020-SANS-FOND-SANS-TEXTE.png","contentUrl":"https:\/\/dicodusport.fr\/blog\/wp-content\/uploads\/2020\/06\/cropped-LOGO-DICODUSPORT-2020-SANS-FOND-SANS-TEXTE.png","width":512,"height":512,"caption":"Dicodusport"},"image":{"@id":"https:\/\/dicodusport.fr\/blog\/#\/schema\/logo\/image\/"},"sameAs":["https:\/\/www.facebook.com\/dicodusport","https:\/\/x.com\/dicodusport","https:\/\/www.instagram.com\/dicodusport\/","https:\/\/www.youtube.com\/channel\/UC7V2KZ5sd3htJivAbA4ZG3w"],"description":"Dicodusport est l'encyclop\u00e9die de l'actualit\u00e9 sportive.","email":"bonjour@dicodusport.fr","legalName":"DICODUSPORT","foundingDate":"2018-01-14","vatID":"FR71834470973","taxID":"83447097300043","numberOfEmployees":{"@type":"QuantitativeValue","minValue":"1","maxValue":"10"}},{"@type":"Person","@id":"https:\/\/dicodusport.fr\/blog\/#\/schema\/person\/d8e3150447bfc33eb9e15f324a158b6c","name":"Nicolas Evrard","image":{"@type":"ImageObject","inLanguage":"fr-FR","@id":"https:\/\/dicodusport.fr\/blog\/#\/schema\/person\/image\/","url":"https:\/\/dicodusport.fr\/blog\/wp-content\/uploads\/2022\/10\/Capture-150x150.png","contentUrl":"https:\/\/dicodusport.fr\/blog\/wp-content\/uploads\/2022\/10\/Capture-150x150.png","caption":"Nicolas Evrard"},"description":"Journaliste pour le groupe Rossel et pour Dicodusport.","url":"https:\/\/dicodusport.fr\/blog\/author\/nicolas-evrard\/"}]}},"_links":{"self":[{"href":"https:\/\/dicodusport.fr\/blog\/wp-json\/wp\/v2\/posts\/273084","targetHints":{"allow":["GET"]}}],"collection":[{"href":"https:\/\/dicodusport.fr\/blog\/wp-json\/wp\/v2\/posts"}],"about":[{"href":"https:\/\/dicodusport.fr\/blog\/wp-json\/wp\/v2\/types\/post"}],"author":[{"embeddable":true,"href":"https:\/\/dicodusport.fr\/blog\/wp-json\/wp\/v2\/users\/75"}],"replies":[{"embeddable":true,"href":"https:\/\/dicodusport.fr\/blog\/wp-json\/wp\/v2\/comments?post=273084"}],"version-history":[{"count":0,"href":"https:\/\/dicodusport.fr\/blog\/wp-json\/wp\/v2\/posts\/273084\/revisions"}],"wp:featuredmedia":[{"embeddable":true,"href":"https:\/\/dicodusport.fr\/blog\/wp-json\/wp\/v2\/media\/273163"}],"wp:attachment":[{"href":"https:\/\/dicodusport.fr\/blog\/wp-json\/wp\/v2\/media?parent=273084"}],"wp:term":[{"taxonomy":"category","embeddable":true,"href":"https:\/\/dicodusport.fr\/blog\/wp-json\/wp\/v2\/categories?post=273084"},{"taxonomy":"post_tag","embeddable":true,"href":"https:\/\/dicodusport.fr\/blog\/wp-json\/wp\/v2\/tags?post=273084"}],"curies":[{"name":"wp","href":"https:\/\/api.w.org\/{rel}","templated":true}]}}