{"id":273201,"date":"2022-10-26T12:34:50","date_gmt":"2022-10-26T10:34:50","guid":{"rendered":"https:\/\/dicodusport.fr\/blog\/?p=273201&#038;preview=true&#038;preview_id=273201"},"modified":"2022-10-26T12:45:45","modified_gmt":"2022-10-26T10:45:45","slug":"decouvrez-le-parcours-probable-du-tour-de-france-2023","status":"publish","type":"post","link":"https:\/\/dicodusport.fr\/blog\/decouvrez-le-parcours-probable-du-tour-de-france-2023\/","title":{"rendered":"D\u00e9couvrez le parcours probable du Tour de France 2023"},"content":{"rendered":"<p style=\"text-align: justify;\"><b><i>TOUR DE FRANCE 2023 &#8211; Ce jeudi, Christian Prudhomme, patron du Tour, d\u00e9voilera le parcours de la 110\u00e8me \u00e9dition de la Grande Boucle. Nos confr\u00e8res de <a href=\"https:\/\/www.francebleu.fr\/sports\/cyclisme\/carte-tour-de-france-2023-decouvrez-le-parcours-probable-de-la-110e-edition-1666172393\">France Bleu<\/a>, sur la base des diff\u00e9rentes informations \u00e9manant de la presse locale, ont \u00e9tabli le trac\u00e9 probable de l&rsquo;\u00e9preuve.<\/i><\/b><\/p>\n<p style=\"text-align: justify;\">Qui sera le successeur de <strong>Jonas Vingegaard<\/strong>, vainqueur du <a href=\"https:\/\/dicodusport.fr\/blog\/classement-general-tour-de-france-2022-maillot-jaune\/\">Tour de France 2022<\/a> ? R\u00e9ponse le 23 juillet 2023 \u00e0 Paris. En attendant, les rumeurs sur le parcours du <strong>Tour de France 2023<\/strong> sont nombreuses depuis plusieurs semaines. Mais ces derniers jours, les grands contours de la 110\u00e8me de la Grande Boucle se sont dessin\u00e9s, gr\u00e2ce aux diverses informations de la presse locale des diff\u00e9rentes r\u00e9gions qui seront travers\u00e9es par le <strong>Tour 2023<\/strong>. S&rsquo;il est act\u00e9 que la course d\u00e9butera au Pays Basque espagnol, \u00e0 Bilbao, pour trois \u00e9tapes sur le sol ib\u00e9rique, la suite du trac\u00e9 s&rsquo;annonce copieux. Les <strong>Pyr\u00e9n\u00e9es<\/strong>, le <strong>Massif Central<\/strong>, les <strong>Alpes<\/strong>, le <strong>Jura<\/strong> et les <strong>Vosges<\/strong> seront ainsi emprunt\u00e9s. Voici \u00e0 quoi devrait ressembler le parcours du <strong>Tour de France 2023<\/strong>.<\/p>\n<h2 style=\"text-align: justify;\">Le parcours probable du Tour de France 2023<\/h2>\n<p style=\"text-align: justify;\"><strong>1\u00e8re \u00e9tape &#8211; Samedi 1er juillet :<\/strong> Bilbao (Espagne) <strong>&#8211;<\/strong> Bilbao (Espagne)<br \/>\n<strong>2\u00e8me \u00e9tape &#8211; Dimanche 2 juillet :<\/strong> Vitoria-Gasteiz (Espagne) <strong>&#8211;<\/strong> San Sebastian (Espagne)<br \/>\n<strong>3\u00e8me \u00e9tape &#8211; Lundi 3 juillet :<\/strong> Amorebieta-Etxano (Espagne) <strong>&#8211;<\/strong> Bayonne<br \/>\n<strong>4\u00e8me \u00e9tape &#8211; Mardi 4 juillet :<\/strong> Dax <strong>&#8211;<\/strong> Nogaro<br \/>\n<strong>5\u00e8me \u00e9tape &#8211; Mercredi 5 juillet :<\/strong> Pau <strong>&#8211;<\/strong> Cauterets<br \/>\n<strong>6\u00e8me \u00e9tape &#8211; Jeudi 6 juillet :<\/strong> Tarbes (contre-la-montre)<br \/>\n<strong>7\u00e8me \u00e9tape &#8211; Vendredi 7 juillet :<\/strong> Mont-de-Marsan <strong>&#8211;<\/strong> Bordeaux<br \/>\n<strong>8\u00e8me \u00e9tape &#8211; Samedi 8 juillet :<\/strong> Libourne <strong>&#8211;<\/strong> Limoges<br \/>\n<strong>9\u00e8me \u00e9tape &#8211; Dimanche 9 juillet :<\/strong> Saint-L\u00e9onard-de-Noblat <strong>&#8211;<\/strong> Puy de D\u00f4me<\/p>\n<p style=\"text-align: justify;\"><strong>Lundi 10 juillet :<\/strong> repos \u00e0 Clermont-Ferrand<\/p>\n<p style=\"text-align: justify;\"><strong>10\u00e8me \u00e9tape &#8211; Mardi 11 juillet :<\/strong> Vulcania (Saint-Ours-les-Roches) <strong>&#8211;<\/strong> Issoire<br \/>\n<strong>11\u00e8me \u00e9tape &#8211; Mercredi 12 juillet :<\/strong> Clermont-Ferrand <strong>&#8211;<\/strong> Moulins<br \/>\n<strong>12\u00e8me \u00e9tape &#8211; Jeudi 13 juillet :<\/strong> Roanne <strong>&#8211;<\/strong> Chiroubles ou Belleville-en-Beaujolais<br \/>\n<strong>13\u00e8me \u00e9tape &#8211; Vendredi 14 juillet :<\/strong> Ch\u00e2tillon-sur-Chalaronne <strong>&#8211;<\/strong> Grand Colombier<br \/>\n<strong>14\u00e8me \u00e9tape &#8211; Samedi 15 juillet :<\/strong> Annemasse <strong>&#8211;<\/strong> Morzine<br \/>\n<strong>15\u00e8me \u00e9tape Dimanche 16 juillet :<\/strong> Les Gets <strong>&#8211;<\/strong> Saint-Gervais Mont-Blanc (Le Bettex)<\/p>\n<p style=\"text-align: justify;\"><strong>Lundi 17 juillet :<\/strong> repos dans la vall\u00e9e de l&rsquo;Arve (Cluses ?)<\/p>\n<p style=\"text-align: justify;\"><strong>16\u00e8me \u00e9tape &#8211; Mardi 18 juillet :<\/strong> Passy <strong>&#8211;<\/strong> Combloux (contre-la-montre)<br \/>\n<strong>17\u00e8me \u00e9tape &#8211; Mercredi 19 juillet :<\/strong> Sallanches <strong>&#8211;<\/strong> Courchevel Altiport<br \/>\n<strong>18\u00e8me \u00e9tape &#8211; Jeudi 20 juillet :<\/strong> Mo\u00fbtiers-Salins-les-Thermes-Brides-les-Bains <strong>&#8211;<\/strong> Bourg-en-Bresse<br \/>\n<strong>19\u00e8me \u00e9tape &#8211; Vendredi 21 juillet :<\/strong> Moirans-en-Montagne <strong>&#8211;<\/strong> Poligny<br \/>\n<strong>20\u00e8me \u00e9tape &#8211; Samedi 22 juillet :<\/strong> Belfort <strong>&#8211;<\/strong> Le Markstein<br \/>\n<strong>21\u00e8me \u00e9tape &#8211; Dimanche 23 juillet :<\/strong> V\u00e9lodrome national de Saint-Quentin-en-Yvelines <strong>&#8211;<\/strong> Paris-Champs-Elys\u00e9es<\/p>\n<blockquote class=\"twitter-tweet\">\n<p dir=\"ltr\" lang=\"fr\">CARTE &#8211; Tour de France 2023 : d\u00e9couvrez le parcours probable de la 110e \u00e9dition <a href=\"https:\/\/twitter.com\/hashtag\/TDF2023?src=hash&amp;ref_src=twsrc%5Etfw\">#TDF2023<\/a><\/p>\n<p>Bayonne ville arriv\u00e9e le lundi 3 juillet. Dax-Nogaro le mar 4, et Pau-Cauterets le mer 5<\/p>\n<p>Pr\u00e9sentation officielle demain, au Palais des Congr\u00e8s de Paris (11h30)<\/p>\n<p>&#x27a1;&#xfe0f; <a href=\"https:\/\/t.co\/WEj8lff2te\">https:\/\/t.co\/WEj8lff2te<\/a> <a href=\"https:\/\/t.co\/eph0B9OXiz\">pic.twitter.com\/eph0B9OXiz<\/a><\/p>\n<p>\u2014 St\u00e9pha\u03b7e Garcia (@StephaneGrcia) <a href=\"https:\/\/twitter.com\/StephaneGrcia\/status\/1585157534985265152?ref_src=twsrc%5Etfw\">October 26, 2022<\/a><\/p><\/blockquote>\n<p><script async src=\"https:\/\/platform.twitter.com\/widgets.js\" charset=\"utf-8\"><\/script><\/p>\n","protected":false},"excerpt":{"rendered":"<p>TOUR DE FRANCE 2023 &#8211; Ce jeudi, Christian Prudhomme, patron du Tour, d\u00e9voilera le parcours de la 110\u00e8me \u00e9dition de la Grande Boucle. Nos confr\u00e8res de France Bleu, sur la base des diff\u00e9rentes informations \u00e9manant de la presse locale, ont \u00e9tabli le trac\u00e9 probable de l&rsquo;\u00e9preuve.<\/p>\n","protected":false},"author":4,"featured_media":273230,"comment_status":"open","ping_status":"closed","sticky":false,"template":"","format":"standard","meta":{"_acf_changed":false,"_daextam_enable_autolinks":"","footnotes":""},"categories":[46995],"tags":[24,1262],"class_list":["post-273201","post","type-post","status-publish","format-standard","has-post-thumbnail","hentry","category-tour-de-france","tag-sport","tag-tour-de-france"],"acf":[],"yoast_head":"<!-- This site is optimized with the Yoast SEO Premium plugin v26.7 (Yoast SEO v26.7) - https:\/\/yoast.com\/wordpress\/plugins\/seo\/ -->\n<title>D\u00e9couvrez le parcours probable du Tour de France 2023<\/title>\n<meta name=\"description\" content=\"TOUR DE FRANCE 2023 - D\u00e9couvrez le parcours probable de la 110\u00e8me \u00e9dition du Tour de France 2023 cycliste.\" \/>\n<meta name=\"robots\" content=\"index, follow, max-snippet:-1, max-image-preview:large, max-video-preview:-1\" \/>\n<link rel=\"canonical\" href=\"https:\/\/dicodusport.fr\/blog\/decouvrez-le-parcours-probable-du-tour-de-france-2023\/\" \/>\n<meta property=\"og:locale\" content=\"fr_FR\" \/>\n<meta property=\"og:type\" content=\"article\" \/>\n<meta property=\"og:title\" content=\"D\u00e9couvrez le parcours probable du Tour de France 2023\" \/>\n<meta property=\"og:description\" content=\"TOUR DE FRANCE 2023 - D\u00e9couvrez le parcours probable de la 110\u00e8me \u00e9dition du Tour de France 2023 cycliste.\" \/>\n<meta property=\"og:url\" content=\"https:\/\/dicodusport.fr\/blog\/decouvrez-le-parcours-probable-du-tour-de-france-2023\/\" \/>\n<meta property=\"og:site_name\" content=\"Dicodusport\" \/>\n<meta property=\"article:publisher\" content=\"https:\/\/www.facebook.com\/dicodusport\" \/>\n<meta property=\"article:author\" content=\"https:\/\/www.facebook.com\/florent.ostermann\" \/>\n<meta property=\"article:published_time\" content=\"2022-10-26T10:34:50+00:00\" \/>\n<meta property=\"article:modified_time\" content=\"2022-10-26T10:45:45+00:00\" \/>\n<meta property=\"og:image\" content=\"https:\/\/dicodusport.fr\/blog\/wp-content\/uploads\/2022\/10\/Decouvrez-le-parcours-probable-du-Tour-de-France-2023.png\" \/>\n\t<meta property=\"og:image:width\" content=\"800\" \/>\n\t<meta property=\"og:image:height\" content=\"445\" \/>\n\t<meta property=\"og:image:type\" content=\"image\/png\" \/>\n<meta name=\"author\" content=\"Flo Ostermann\" \/>\n<meta name=\"twitter:card\" content=\"summary_large_image\" \/>\n<meta name=\"twitter:title\" content=\"D\u00e9couvrez le parcours probable du Tour de France 2023\" \/>\n<meta name=\"twitter:creator\" content=\"@https:\/\/twitter.com\/FlOstermann\" \/>\n<meta name=\"twitter:site\" content=\"@dicodusport\" \/>\n<script type=\"application\/ld+json\" class=\"yoast-schema-graph\">{\"@context\":\"https:\/\/schema.org\",\"@graph\":[{\"@type\":\"NewsArticle\",\"@id\":\"https:\/\/dicodusport.fr\/blog\/decouvrez-le-parcours-probable-du-tour-de-france-2023\/#article\",\"isPartOf\":{\"@id\":\"https:\/\/dicodusport.fr\/blog\/decouvrez-le-parcours-probable-du-tour-de-france-2023\/\"},\"author\":{\"name\":\"Flo Ostermann\",\"@id\":\"https:\/\/dicodusport.fr\/blog\/#\/schema\/person\/cb02af4c173ce4a653b55e9baf388d4a\"},\"headline\":\"D\u00e9couvrez le parcours probable du Tour de France 2023\",\"datePublished\":\"2022-10-26T10:34:50+00:00\",\"dateModified\":\"2022-10-26T10:45:45+00:00\",\"mainEntityOfPage\":{\"@id\":\"https:\/\/dicodusport.fr\/blog\/decouvrez-le-parcours-probable-du-tour-de-france-2023\/\"},\"wordCount\":467,\"commentCount\":0,\"publisher\":{\"@id\":\"https:\/\/dicodusport.fr\/blog\/#organization\"},\"image\":{\"@id\":\"https:\/\/dicodusport.fr\/blog\/decouvrez-le-parcours-probable-du-tour-de-france-2023\/#primaryimage\"},\"thumbnailUrl\":\"https:\/\/dicodusport.fr\/blog\/wp-content\/uploads\/2022\/10\/Decouvrez-le-parcours-probable-du-Tour-de-France-2023.png\",\"keywords\":[\"sport\",\"Tour de France\"],\"articleSection\":[\"Tour de France\"],\"inLanguage\":\"fr-FR\",\"potentialAction\":[{\"@type\":\"CommentAction\",\"name\":\"Comment\",\"target\":[\"https:\/\/dicodusport.fr\/blog\/decouvrez-le-parcours-probable-du-tour-de-france-2023\/#respond\"]}],\"copyrightYear\":\"2022\",\"copyrightHolder\":{\"@id\":\"https:\/\/dicodusport.fr\/blog\/#organization\"}},{\"@type\":\"WebPage\",\"@id\":\"https:\/\/dicodusport.fr\/blog\/decouvrez-le-parcours-probable-du-tour-de-france-2023\/\",\"url\":\"https:\/\/dicodusport.fr\/blog\/decouvrez-le-parcours-probable-du-tour-de-france-2023\/\",\"name\":\"D\u00e9couvrez le parcours probable du Tour de France 2023\",\"isPartOf\":{\"@id\":\"https:\/\/dicodusport.fr\/blog\/#website\"},\"primaryImageOfPage\":{\"@id\":\"https:\/\/dicodusport.fr\/blog\/decouvrez-le-parcours-probable-du-tour-de-france-2023\/#primaryimage\"},\"image\":{\"@id\":\"https:\/\/dicodusport.fr\/blog\/decouvrez-le-parcours-probable-du-tour-de-france-2023\/#primaryimage\"},\"thumbnailUrl\":\"https:\/\/dicodusport.fr\/blog\/wp-content\/uploads\/2022\/10\/Decouvrez-le-parcours-probable-du-Tour-de-France-2023.png\",\"datePublished\":\"2022-10-26T10:34:50+00:00\",\"dateModified\":\"2022-10-26T10:45:45+00:00\",\"description\":\"TOUR DE FRANCE 2023 - D\u00e9couvrez le parcours probable de la 110\u00e8me \u00e9dition du Tour de France 2023 cycliste.\",\"breadcrumb\":{\"@id\":\"https:\/\/dicodusport.fr\/blog\/decouvrez-le-parcours-probable-du-tour-de-france-2023\/#breadcrumb\"},\"inLanguage\":\"fr-FR\",\"potentialAction\":[{\"@type\":\"ReadAction\",\"target\":[\"https:\/\/dicodusport.fr\/blog\/decouvrez-le-parcours-probable-du-tour-de-france-2023\/\"]}]},{\"@type\":\"ImageObject\",\"inLanguage\":\"fr-FR\",\"@id\":\"https:\/\/dicodusport.fr\/blog\/decouvrez-le-parcours-probable-du-tour-de-france-2023\/#primaryimage\",\"url\":\"https:\/\/dicodusport.fr\/blog\/wp-content\/uploads\/2022\/10\/Decouvrez-le-parcours-probable-du-Tour-de-France-2023.png\",\"contentUrl\":\"https:\/\/dicodusport.fr\/blog\/wp-content\/uploads\/2022\/10\/Decouvrez-le-parcours-probable-du-Tour-de-France-2023.png\",\"width\":800,\"height\":445,\"caption\":\"D\u00e9couvrez le parcours probable du Tour de France 2023\"},{\"@type\":\"BreadcrumbList\",\"@id\":\"https:\/\/dicodusport.fr\/blog\/decouvrez-le-parcours-probable-du-tour-de-france-2023\/#breadcrumb\",\"itemListElement\":[{\"@type\":\"ListItem\",\"position\":1,\"name\":\"Accueil\",\"item\":\"https:\/\/dicodusport.fr\/blog\/\"},{\"@type\":\"ListItem\",\"position\":2,\"name\":\"D\u00e9couvrez le parcours probable du Tour de France 2023\"}]},{\"@type\":\"WebSite\",\"@id\":\"https:\/\/dicodusport.fr\/blog\/#website\",\"url\":\"https:\/\/dicodusport.fr\/blog\/\",\"name\":\"Dicodusport\",\"description\":\"L&#039;encyclop\u00e9die de l&#039;actualit\u00e9 sportive\",\"publisher\":{\"@id\":\"https:\/\/dicodusport.fr\/blog\/#organization\"},\"potentialAction\":[{\"@type\":\"SearchAction\",\"target\":{\"@type\":\"EntryPoint\",\"urlTemplate\":\"https:\/\/dicodusport.fr\/blog\/?s={search_term_string}\"},\"query-input\":{\"@type\":\"PropertyValueSpecification\",\"valueRequired\":true,\"valueName\":\"search_term_string\"}}],\"inLanguage\":\"fr-FR\"},{\"@type\":\"NewsMediaOrganization\",\"@id\":\"https:\/\/dicodusport.fr\/blog\/#organization\",\"name\":\"Dicodusport\",\"url\":\"https:\/\/dicodusport.fr\/blog\/\",\"logo\":{\"@type\":\"ImageObject\",\"inLanguage\":\"fr-FR\",\"@id\":\"https:\/\/dicodusport.fr\/blog\/#\/schema\/logo\/image\/\",\"url\":\"https:\/\/dicodusport.fr\/blog\/wp-content\/uploads\/2020\/06\/cropped-LOGO-DICODUSPORT-2020-SANS-FOND-SANS-TEXTE.png\",\"contentUrl\":\"https:\/\/dicodusport.fr\/blog\/wp-content\/uploads\/2020\/06\/cropped-LOGO-DICODUSPORT-2020-SANS-FOND-SANS-TEXTE.png\",\"width\":512,\"height\":512,\"caption\":\"Dicodusport\"},\"image\":{\"@id\":\"https:\/\/dicodusport.fr\/blog\/#\/schema\/logo\/image\/\"},\"sameAs\":[\"https:\/\/www.facebook.com\/dicodusport\",\"https:\/\/x.com\/dicodusport\",\"https:\/\/www.instagram.com\/dicodusport\/\",\"https:\/\/www.youtube.com\/channel\/UC7V2KZ5sd3htJivAbA4ZG3w\"],\"description\":\"Dicodusport est l'encyclop\u00e9die de l'actualit\u00e9 sportive.\",\"email\":\"bonjour@dicodusport.fr\",\"legalName\":\"DICODUSPORT\",\"foundingDate\":\"2018-01-14\",\"vatID\":\"FR71834470973\",\"taxID\":\"83447097300043\",\"numberOfEmployees\":{\"@type\":\"QuantitativeValue\",\"minValue\":\"1\",\"maxValue\":\"10\"}},{\"@type\":\"Person\",\"@id\":\"https:\/\/dicodusport.fr\/blog\/#\/schema\/person\/cb02af4c173ce4a653b55e9baf388d4a\",\"name\":\"Flo Ostermann\",\"image\":{\"@type\":\"ImageObject\",\"inLanguage\":\"fr-FR\",\"@id\":\"https:\/\/dicodusport.fr\/blog\/#\/schema\/person\/image\/\",\"url\":\"https:\/\/dicodusport.fr\/blog\/wp-content\/uploads\/2021\/05\/Flo-Ostermann-150x150.jpg\",\"contentUrl\":\"https:\/\/dicodusport.fr\/blog\/wp-content\/uploads\/2021\/05\/Flo-Ostermann-150x150.jpg\",\"caption\":\"Flo Ostermann\"},\"description\":\"Journaliste\/R\u00e9dacteur depuis septembre 2015 - Mes premiers souvenirs dans le sport ? Les envol\u00e9es du Stade Toulousain et les duels Villeneuve-Schumacher et H\u00e4kkinen-Schumacher \u00e0 la fin des ann\u00e9es 90, la Coupe du monde de football en 1998, l\u2019exploit du XV de France face aux All Blacks en 1999, mais aussi Richard C\u0153ur de Lion qui vole sur les montagnes du Tour de France. Bien parti pour devenir professeur d\u2019EPS, les \u00e9v\u00e9nements de la vie (et la flemme d\u2019animer des s\u00e9ances de 3x500 m\u00e8tres toute ma vie) m\u2019ont conduit \u00e0 revoir mes plans. Me voil\u00e0 depuis fin 2017 sur Dicodusport, m\u00e9dia gr\u00e2ce (et pour) lequel je partage ma passion : le sport dans tous ses \u00e9tats. Le tout accompagn\u00e9 par les fous furieux et folles furieuses cit\u00e9s sur cette page !\",\"sameAs\":[\"https:\/\/www.facebook.com\/florent.ostermann\",\"https:\/\/x.com\/https:\/\/twitter.com\/FlOstermann\",\"admin\"],\"url\":\"https:\/\/dicodusport.fr\/blog\/author\/flo\/\"}]}<\/script>\n<!-- \/ Yoast SEO Premium plugin. -->","yoast_head_json":{"title":"D\u00e9couvrez le parcours probable du Tour de France 2023","description":"TOUR DE FRANCE 2023 - D\u00e9couvrez le parcours probable de la 110\u00e8me \u00e9dition du Tour de France 2023 cycliste.","robots":{"index":"index","follow":"follow","max-snippet":"max-snippet:-1","max-image-preview":"max-image-preview:large","max-video-preview":"max-video-preview:-1"},"canonical":"https:\/\/dicodusport.fr\/blog\/decouvrez-le-parcours-probable-du-tour-de-france-2023\/","og_locale":"fr_FR","og_type":"article","og_title":"D\u00e9couvrez le parcours probable du Tour de France 2023","og_description":"TOUR DE FRANCE 2023 - D\u00e9couvrez le parcours probable de la 110\u00e8me \u00e9dition du Tour de France 2023 cycliste.","og_url":"https:\/\/dicodusport.fr\/blog\/decouvrez-le-parcours-probable-du-tour-de-france-2023\/","og_site_name":"Dicodusport","article_publisher":"https:\/\/www.facebook.com\/dicodusport","article_author":"https:\/\/www.facebook.com\/florent.ostermann","article_published_time":"2022-10-26T10:34:50+00:00","article_modified_time":"2022-10-26T10:45:45+00:00","og_image":[{"width":800,"height":445,"url":"https:\/\/dicodusport.fr\/blog\/wp-content\/uploads\/2022\/10\/Decouvrez-le-parcours-probable-du-Tour-de-France-2023.png","type":"image\/png"}],"author":"Flo Ostermann","twitter_card":"summary_large_image","twitter_title":"D\u00e9couvrez le parcours probable du Tour de France 2023","twitter_creator":"@https:\/\/twitter.com\/FlOstermann","twitter_site":"@dicodusport","schema":{"@context":"https:\/\/schema.org","@graph":[{"@type":"NewsArticle","@id":"https:\/\/dicodusport.fr\/blog\/decouvrez-le-parcours-probable-du-tour-de-france-2023\/#article","isPartOf":{"@id":"https:\/\/dicodusport.fr\/blog\/decouvrez-le-parcours-probable-du-tour-de-france-2023\/"},"author":{"name":"Flo Ostermann","@id":"https:\/\/dicodusport.fr\/blog\/#\/schema\/person\/cb02af4c173ce4a653b55e9baf388d4a"},"headline":"D\u00e9couvrez le parcours probable du Tour de France 2023","datePublished":"2022-10-26T10:34:50+00:00","dateModified":"2022-10-26T10:45:45+00:00","mainEntityOfPage":{"@id":"https:\/\/dicodusport.fr\/blog\/decouvrez-le-parcours-probable-du-tour-de-france-2023\/"},"wordCount":467,"commentCount":0,"publisher":{"@id":"https:\/\/dicodusport.fr\/blog\/#organization"},"image":{"@id":"https:\/\/dicodusport.fr\/blog\/decouvrez-le-parcours-probable-du-tour-de-france-2023\/#primaryimage"},"thumbnailUrl":"https:\/\/dicodusport.fr\/blog\/wp-content\/uploads\/2022\/10\/Decouvrez-le-parcours-probable-du-Tour-de-France-2023.png","keywords":["sport","Tour de France"],"articleSection":["Tour de France"],"inLanguage":"fr-FR","potentialAction":[{"@type":"CommentAction","name":"Comment","target":["https:\/\/dicodusport.fr\/blog\/decouvrez-le-parcours-probable-du-tour-de-france-2023\/#respond"]}],"copyrightYear":"2022","copyrightHolder":{"@id":"https:\/\/dicodusport.fr\/blog\/#organization"}},{"@type":"WebPage","@id":"https:\/\/dicodusport.fr\/blog\/decouvrez-le-parcours-probable-du-tour-de-france-2023\/","url":"https:\/\/dicodusport.fr\/blog\/decouvrez-le-parcours-probable-du-tour-de-france-2023\/","name":"D\u00e9couvrez le parcours probable du Tour de France 2023","isPartOf":{"@id":"https:\/\/dicodusport.fr\/blog\/#website"},"primaryImageOfPage":{"@id":"https:\/\/dicodusport.fr\/blog\/decouvrez-le-parcours-probable-du-tour-de-france-2023\/#primaryimage"},"image":{"@id":"https:\/\/dicodusport.fr\/blog\/decouvrez-le-parcours-probable-du-tour-de-france-2023\/#primaryimage"},"thumbnailUrl":"https:\/\/dicodusport.fr\/blog\/wp-content\/uploads\/2022\/10\/Decouvrez-le-parcours-probable-du-Tour-de-France-2023.png","datePublished":"2022-10-26T10:34:50+00:00","dateModified":"2022-10-26T10:45:45+00:00","description":"TOUR DE FRANCE 2023 - D\u00e9couvrez le parcours probable de la 110\u00e8me \u00e9dition du Tour de France 2023 cycliste.","breadcrumb":{"@id":"https:\/\/dicodusport.fr\/blog\/decouvrez-le-parcours-probable-du-tour-de-france-2023\/#breadcrumb"},"inLanguage":"fr-FR","potentialAction":[{"@type":"ReadAction","target":["https:\/\/dicodusport.fr\/blog\/decouvrez-le-parcours-probable-du-tour-de-france-2023\/"]}]},{"@type":"ImageObject","inLanguage":"fr-FR","@id":"https:\/\/dicodusport.fr\/blog\/decouvrez-le-parcours-probable-du-tour-de-france-2023\/#primaryimage","url":"https:\/\/dicodusport.fr\/blog\/wp-content\/uploads\/2022\/10\/Decouvrez-le-parcours-probable-du-Tour-de-France-2023.png","contentUrl":"https:\/\/dicodusport.fr\/blog\/wp-content\/uploads\/2022\/10\/Decouvrez-le-parcours-probable-du-Tour-de-France-2023.png","width":800,"height":445,"caption":"D\u00e9couvrez le parcours probable du Tour de France 2023"},{"@type":"BreadcrumbList","@id":"https:\/\/dicodusport.fr\/blog\/decouvrez-le-parcours-probable-du-tour-de-france-2023\/#breadcrumb","itemListElement":[{"@type":"ListItem","position":1,"name":"Accueil","item":"https:\/\/dicodusport.fr\/blog\/"},{"@type":"ListItem","position":2,"name":"D\u00e9couvrez le parcours probable du Tour de France 2023"}]},{"@type":"WebSite","@id":"https:\/\/dicodusport.fr\/blog\/#website","url":"https:\/\/dicodusport.fr\/blog\/","name":"Dicodusport","description":"L&#039;encyclop\u00e9die de l&#039;actualit\u00e9 sportive","publisher":{"@id":"https:\/\/dicodusport.fr\/blog\/#organization"},"potentialAction":[{"@type":"SearchAction","target":{"@type":"EntryPoint","urlTemplate":"https:\/\/dicodusport.fr\/blog\/?s={search_term_string}"},"query-input":{"@type":"PropertyValueSpecification","valueRequired":true,"valueName":"search_term_string"}}],"inLanguage":"fr-FR"},{"@type":"NewsMediaOrganization","@id":"https:\/\/dicodusport.fr\/blog\/#organization","name":"Dicodusport","url":"https:\/\/dicodusport.fr\/blog\/","logo":{"@type":"ImageObject","inLanguage":"fr-FR","@id":"https:\/\/dicodusport.fr\/blog\/#\/schema\/logo\/image\/","url":"https:\/\/dicodusport.fr\/blog\/wp-content\/uploads\/2020\/06\/cropped-LOGO-DICODUSPORT-2020-SANS-FOND-SANS-TEXTE.png","contentUrl":"https:\/\/dicodusport.fr\/blog\/wp-content\/uploads\/2020\/06\/cropped-LOGO-DICODUSPORT-2020-SANS-FOND-SANS-TEXTE.png","width":512,"height":512,"caption":"Dicodusport"},"image":{"@id":"https:\/\/dicodusport.fr\/blog\/#\/schema\/logo\/image\/"},"sameAs":["https:\/\/www.facebook.com\/dicodusport","https:\/\/x.com\/dicodusport","https:\/\/www.instagram.com\/dicodusport\/","https:\/\/www.youtube.com\/channel\/UC7V2KZ5sd3htJivAbA4ZG3w"],"description":"Dicodusport est l'encyclop\u00e9die de l'actualit\u00e9 sportive.","email":"bonjour@dicodusport.fr","legalName":"DICODUSPORT","foundingDate":"2018-01-14","vatID":"FR71834470973","taxID":"83447097300043","numberOfEmployees":{"@type":"QuantitativeValue","minValue":"1","maxValue":"10"}},{"@type":"Person","@id":"https:\/\/dicodusport.fr\/blog\/#\/schema\/person\/cb02af4c173ce4a653b55e9baf388d4a","name":"Flo Ostermann","image":{"@type":"ImageObject","inLanguage":"fr-FR","@id":"https:\/\/dicodusport.fr\/blog\/#\/schema\/person\/image\/","url":"https:\/\/dicodusport.fr\/blog\/wp-content\/uploads\/2021\/05\/Flo-Ostermann-150x150.jpg","contentUrl":"https:\/\/dicodusport.fr\/blog\/wp-content\/uploads\/2021\/05\/Flo-Ostermann-150x150.jpg","caption":"Flo Ostermann"},"description":"Journaliste\/R\u00e9dacteur depuis septembre 2015 - Mes premiers souvenirs dans le sport ? Les envol\u00e9es du Stade Toulousain et les duels Villeneuve-Schumacher et H\u00e4kkinen-Schumacher \u00e0 la fin des ann\u00e9es 90, la Coupe du monde de football en 1998, l\u2019exploit du XV de France face aux All Blacks en 1999, mais aussi Richard C\u0153ur de Lion qui vole sur les montagnes du Tour de France. Bien parti pour devenir professeur d\u2019EPS, les \u00e9v\u00e9nements de la vie (et la flemme d\u2019animer des s\u00e9ances de 3x500 m\u00e8tres toute ma vie) m\u2019ont conduit \u00e0 revoir mes plans. Me voil\u00e0 depuis fin 2017 sur Dicodusport, m\u00e9dia gr\u00e2ce (et pour) lequel je partage ma passion : le sport dans tous ses \u00e9tats. Le tout accompagn\u00e9 par les fous furieux et folles furieuses cit\u00e9s sur cette page !","sameAs":["https:\/\/www.facebook.com\/florent.ostermann","https:\/\/x.com\/https:\/\/twitter.com\/FlOstermann","admin"],"url":"https:\/\/dicodusport.fr\/blog\/author\/flo\/"}]}},"_links":{"self":[{"href":"https:\/\/dicodusport.fr\/blog\/wp-json\/wp\/v2\/posts\/273201","targetHints":{"allow":["GET"]}}],"collection":[{"href":"https:\/\/dicodusport.fr\/blog\/wp-json\/wp\/v2\/posts"}],"about":[{"href":"https:\/\/dicodusport.fr\/blog\/wp-json\/wp\/v2\/types\/post"}],"author":[{"embeddable":true,"href":"https:\/\/dicodusport.fr\/blog\/wp-json\/wp\/v2\/users\/4"}],"replies":[{"embeddable":true,"href":"https:\/\/dicodusport.fr\/blog\/wp-json\/wp\/v2\/comments?post=273201"}],"version-history":[{"count":0,"href":"https:\/\/dicodusport.fr\/blog\/wp-json\/wp\/v2\/posts\/273201\/revisions"}],"wp:featuredmedia":[{"embeddable":true,"href":"https:\/\/dicodusport.fr\/blog\/wp-json\/wp\/v2\/media\/273230"}],"wp:attachment":[{"href":"https:\/\/dicodusport.fr\/blog\/wp-json\/wp\/v2\/media?parent=273201"}],"wp:term":[{"taxonomy":"category","embeddable":true,"href":"https:\/\/dicodusport.fr\/blog\/wp-json\/wp\/v2\/categories?post=273201"},{"taxonomy":"post_tag","embeddable":true,"href":"https:\/\/dicodusport.fr\/blog\/wp-json\/wp\/v2\/tags?post=273201"}],"curies":[{"name":"wp","href":"https:\/\/api.w.org\/{rel}","templated":true}]}}