{"id":273235,"date":"2022-10-26T12:54:38","date_gmt":"2022-10-26T10:54:38","guid":{"rendered":"https:\/\/dicodusport.fr\/blog\/?p=273235&#038;preview=true&#038;preview_id=273235"},"modified":"2022-10-26T22:02:17","modified_gmt":"2022-10-26T20:02:17","slug":"ferencvaros-monaco-a-quelle-heure-et-sur-quelle-chaine","status":"publish","type":"post","link":"https:\/\/dicodusport.fr\/blog\/ferencvaros-monaco-a-quelle-heure-et-sur-quelle-chaine\/","title":{"rendered":"Ferencvaros &#8211; Monaco : \u00c0 quelle heure et sur quelle cha\u00eene"},"content":{"rendered":"<p style=\"text-align: justify;\"><em><b>LIGUE EUROPA 2022-2023 &#8211; L&rsquo;AS Monaco se d\u00e9place \u00e0 Ferencvaros pour le compte de la 5\u00e8me journ\u00e9e de Ligue Europa. D\u00e9couvrez le programme TV.<\/b><\/em><\/p>\n<p style=\"text-align: justify;\">L&rsquo;<strong>AS<\/strong> <strong>Monaco<\/strong> joue gros sur ce d\u00e9placement, et un autre r\u00e9sultat qu&rsquo;une victoire rendrait la qualification plus compliqu\u00e9e lors de la derni\u00e8re journ\u00e9e. Le club de la Principaut\u00e9 a remport\u00e9 deux de ses quatre matchs jusque-l\u00e0 en Ligue Europa et pointe au deuxi\u00e8me rang du groupe. Mais <strong>Trabzonspor<\/strong>, troisi\u00e8me, a le m\u00eame nombre de points. <strong>Ferencvaros<\/strong> est de son c\u00f4t\u00e9 en t\u00eate du groupe avec neuf points.<\/p>\n<p style=\"text-align: justify;\">C&rsquo;est en perdant au match aller \u00e0 domicile face \u00e0 cette \u00e9quipe hongroise que Monaco s&rsquo;est mis une \u00e9pine dans le pied. Les <strong>Mon\u00e9gasques<\/strong> restent en plus sur une lourde d\u00e9faite en <strong>Turquie<\/strong> lors de la derni\u00e8re journ\u00e9e et n&rsquo;ont pris qu&rsquo;un point sur leurs deux derniers matchs de championnat. <strong>Ferencvaros <\/strong>est en t\u00eate de son championnat et reste sur une victoire le week-end dernier.<\/p>\n<h2 style=\"text-align: justify;\">Ligue Europa : Le Programme TV de Ferencvaros &#8211; Monaco<\/h2>\n<h3 style=\"text-align: justify;\">Jeudi 27 octobre 2022<\/h3>\n<p style=\"text-align: justify;\"><strong>RMC Sport 1<\/strong><\/p>\n<p style=\"text-align: justify;\">20h45 : RMC Europa (avant-match)<br \/>\n21h00 : Coup d&rsquo;envoi<\/p>\n<h2 style=\"text-align: justify;\">Les cotes de Ferencvaros &#8211; Monaco<\/h2>\n<table style=\"width: 800px;\">\n<tbody>\n<tr style=\"height: 16px;\">\n<td style=\"background-color: #404040; text-align: left; border-color: #ededed; width: 500px;\" colspan=\"3\"><span style=\"font-size: 12px; color: #ffffff;\">Mercredi 26 octobre, 21h00<\/span><\/td>\n<\/tr>\n<tr style=\"height: 24px;\">\n<td style=\"background-color: #ffffff; border-color: #ededed; vertical-align: middle; text-align: center; width: 266px;\"><span style=\"font-size: 10px;\"><span style=\"font-size: 14px;\"><strong>Ferencvaros<\/strong><\/span><br \/>\n<a href=\"https:\/\/www.winamax.fr\/paris-sportifs\/match\/prelive\/35649385?banid=33423\" class=\"su-button su-button-style-flat su-button-wide\" style=\"color:#ffffff;background-color:#fe4c00;border-color:#cc3d00;border-radius:5px\" target=\"_blank\" rel=\"noopener noreferrer\"><span style=\"color:#ffffff;padding:0px 20px;font-size:16px;line-height:32px;border-color:#ff824d;border-radius:5px;text-shadow:none\"> 3.80<\/span><\/a><\/span><\/td>\n<td style=\"background-color: #ffffff; border-color: #ededed; vertical-align: middle; text-align: center; width: 266px;\"><span style=\"font-size: 10px;\"><span style=\"font-size: 14px;\"><strong>Match nul<\/strong><\/span><br \/>\n<a href=\"https:\/\/www.winamax.fr\/paris-sportifs\/match\/prelive\/35649385?banid=33423\" class=\"su-button su-button-style-flat su-button-wide\" style=\"color:#ffffff;background-color:#fe4c00;border-color:#cc3d00;border-radius:5px\" target=\"_blank\" rel=\"noopener noreferrer\"><span style=\"color:#ffffff;padding:0px 20px;font-size:16px;line-height:32px;border-color:#ff824d;border-radius:5px;text-shadow:none\"> 3.75<\/span><\/a><\/span><\/td>\n<td style=\"background-color: #ffffff; border-color: #ededed; vertical-align: middle; text-align: center; width: 266px;\"><span style=\"font-size: 10px;\"><span style=\"font-size: 14px;\"><strong>Monaco<\/strong><\/span><br \/>\n<a href=\"https:\/\/www.winamax.fr\/paris-sportifs\/match\/prelive\/35649385?banid=33423\" class=\"su-button su-button-style-flat su-button-wide\" style=\"color:#ffffff;background-color:#fe4c00;border-color:#cc3d00;border-radius:5px\" target=\"_blank\" rel=\"noopener noreferrer\"><span style=\"color:#ffffff;padding:0px 20px;font-size:16px;line-height:32px;border-color:#ff824d;border-radius:5px;text-shadow:none\"> 1.94<\/span><\/a><\/span><\/td>\n<\/tr>\n<\/tbody>\n<\/table>\n<p style=\"text-align: justify;\">Tentez votre chance en misant jusqu\u2019\u00e0 100\u20ac gr\u00e2ce \u00e0 votre <a href=\"https:\/\/www.winamax.fr\/landing\/landing_leads.php?ldg=1er-pari-rembourse&amp;banid=33423\" target=\"_blank\" rel=\"nofollow noopener\">premier pari rembours\u00e9<\/a>.<\/p>\n","protected":false},"excerpt":{"rendered":"<p>LIGUE EUROPA 2022-2023 &#8211; L&rsquo;AS Monaco se d\u00e9place \u00e0 Ferencvaros pour le compte de la 5\u00e8me journ\u00e9e de Ligue Europa. D\u00e9couvrez le programme TV.<\/p>\n","protected":false},"author":1,"featured_media":267781,"comment_status":"open","ping_status":"closed","sticky":false,"template":"","format":"standard","meta":{"_acf_changed":false,"_daextam_enable_autolinks":"","footnotes":""},"categories":[2301],"tags":[17213,75,21872,21768,4437,1678,8799],"class_list":["post-273235","post","type-post","status-publish","format-standard","has-post-thumbnail","hentry","category-football","tag-chaine","tag-football","tag-heure","tag-horaire","tag-ligue-europa","tag-monaco","tag-programme-tv"],"acf":[],"yoast_head":"<!-- This site is optimized with the Yoast SEO Premium plugin v26.7 (Yoast SEO v26.7) - https:\/\/yoast.com\/wordpress\/plugins\/seo\/ -->\n<title>Ferencvaros - Monaco : \u00c0 quelle heure et sur quelle cha\u00eene<\/title>\n<meta name=\"description\" content=\"LIGUE EUROPA 2022-2023 - L&#039;AS Monaco se d\u00e9place \u00e0 Ferencvaros pour le compte de la 5\u00e8me journ\u00e9e de Ligue Europa. D\u00e9couvrez le programme TV.\" \/>\n<meta name=\"robots\" content=\"index, follow, max-snippet:-1, max-image-preview:large, max-video-preview:-1\" \/>\n<link rel=\"canonical\" href=\"https:\/\/dicodusport.fr\/blog\/ferencvaros-monaco-a-quelle-heure-et-sur-quelle-chaine\/\" \/>\n<meta property=\"og:locale\" content=\"fr_FR\" \/>\n<meta property=\"og:type\" content=\"article\" \/>\n<meta property=\"og:title\" content=\"Ferencvaros - Monaco : \u00c0 quelle heure et sur quelle cha\u00eene\" \/>\n<meta property=\"og:description\" content=\"LIGUE EUROPA 2022-2023 - L&#039;AS Monaco se d\u00e9place \u00e0 Ferencvaros pour le compte de la 5\u00e8me journ\u00e9e de Ligue Europa. D\u00e9couvrez le programme TV.\" \/>\n<meta property=\"og:url\" content=\"https:\/\/dicodusport.fr\/blog\/ferencvaros-monaco-a-quelle-heure-et-sur-quelle-chaine\/\" \/>\n<meta property=\"og:site_name\" content=\"Dicodusport\" \/>\n<meta property=\"article:publisher\" content=\"https:\/\/www.facebook.com\/dicodusport\" \/>\n<meta property=\"article:author\" content=\"https:\/\/www.facebook.com\/dicodusport\" \/>\n<meta property=\"article:published_time\" content=\"2022-10-26T10:54:38+00:00\" \/>\n<meta property=\"article:modified_time\" content=\"2022-10-26T20:02:17+00:00\" \/>\n<meta property=\"og:image\" content=\"https:\/\/dicodusport.fr\/blog\/wp-content\/uploads\/2022\/10\/Ligue-Europa-J3-Monaco-simpose-facilement-contre-Trabzonspor.png\" \/>\n\t<meta property=\"og:image:width\" content=\"800\" \/>\n\t<meta property=\"og:image:height\" content=\"445\" \/>\n\t<meta property=\"og:image:type\" content=\"image\/png\" \/>\n<meta name=\"author\" content=\"Nicolas Jacquemard\" \/>\n<meta name=\"twitter:card\" content=\"summary_large_image\" \/>\n<meta name=\"twitter:title\" content=\"Ferencvaros - Monaco : \u00c0 quelle heure et sur quelle cha\u00eene\" \/>\n<meta name=\"twitter:creator\" content=\"@https:\/\/twitter.com\/Nico_Jacquemard\" \/>\n<meta name=\"twitter:site\" content=\"@dicodusport\" \/>\n<script type=\"application\/ld+json\" class=\"yoast-schema-graph\">{\"@context\":\"https:\/\/schema.org\",\"@graph\":[{\"@type\":\"NewsArticle\",\"@id\":\"https:\/\/dicodusport.fr\/blog\/ferencvaros-monaco-a-quelle-heure-et-sur-quelle-chaine\/#article\",\"isPartOf\":{\"@id\":\"https:\/\/dicodusport.fr\/blog\/ferencvaros-monaco-a-quelle-heure-et-sur-quelle-chaine\/\"},\"author\":{\"name\":\"Nicolas Jacquemard\",\"@id\":\"https:\/\/dicodusport.fr\/blog\/#\/schema\/person\/55dcb50ad410894e431ed812bbb70191\"},\"headline\":\"Ferencvaros &#8211; Monaco : \u00c0 quelle heure et sur quelle cha\u00eene\",\"datePublished\":\"2022-10-26T10:54:38+00:00\",\"dateModified\":\"2022-10-26T20:02:17+00:00\",\"mainEntityOfPage\":{\"@id\":\"https:\/\/dicodusport.fr\/blog\/ferencvaros-monaco-a-quelle-heure-et-sur-quelle-chaine\/\"},\"wordCount\":312,\"commentCount\":0,\"publisher\":{\"@id\":\"https:\/\/dicodusport.fr\/blog\/#organization\"},\"image\":{\"@id\":\"https:\/\/dicodusport.fr\/blog\/ferencvaros-monaco-a-quelle-heure-et-sur-quelle-chaine\/#primaryimage\"},\"thumbnailUrl\":\"https:\/\/dicodusport.fr\/blog\/wp-content\/uploads\/2022\/10\/Ligue-Europa-J3-Monaco-simpose-facilement-contre-Trabzonspor.png\",\"keywords\":[\"Cha\u00eene\",\"Football\",\"Heure\",\"Horaire\",\"Ligue Europa\",\"Monaco\",\"Programme TV\"],\"articleSection\":[\"Football\"],\"inLanguage\":\"fr-FR\",\"potentialAction\":[{\"@type\":\"CommentAction\",\"name\":\"Comment\",\"target\":[\"https:\/\/dicodusport.fr\/blog\/ferencvaros-monaco-a-quelle-heure-et-sur-quelle-chaine\/#respond\"]}],\"copyrightYear\":\"2022\",\"copyrightHolder\":{\"@id\":\"https:\/\/dicodusport.fr\/blog\/#organization\"}},{\"@type\":\"WebPage\",\"@id\":\"https:\/\/dicodusport.fr\/blog\/ferencvaros-monaco-a-quelle-heure-et-sur-quelle-chaine\/\",\"url\":\"https:\/\/dicodusport.fr\/blog\/ferencvaros-monaco-a-quelle-heure-et-sur-quelle-chaine\/\",\"name\":\"Ferencvaros - Monaco : \u00c0 quelle heure et sur quelle cha\u00eene\",\"isPartOf\":{\"@id\":\"https:\/\/dicodusport.fr\/blog\/#website\"},\"primaryImageOfPage\":{\"@id\":\"https:\/\/dicodusport.fr\/blog\/ferencvaros-monaco-a-quelle-heure-et-sur-quelle-chaine\/#primaryimage\"},\"image\":{\"@id\":\"https:\/\/dicodusport.fr\/blog\/ferencvaros-monaco-a-quelle-heure-et-sur-quelle-chaine\/#primaryimage\"},\"thumbnailUrl\":\"https:\/\/dicodusport.fr\/blog\/wp-content\/uploads\/2022\/10\/Ligue-Europa-J3-Monaco-simpose-facilement-contre-Trabzonspor.png\",\"datePublished\":\"2022-10-26T10:54:38+00:00\",\"dateModified\":\"2022-10-26T20:02:17+00:00\",\"description\":\"LIGUE EUROPA 2022-2023 - L'AS Monaco se d\u00e9place \u00e0 Ferencvaros pour le compte de la 5\u00e8me journ\u00e9e de Ligue Europa. D\u00e9couvrez le programme TV.\",\"breadcrumb\":{\"@id\":\"https:\/\/dicodusport.fr\/blog\/ferencvaros-monaco-a-quelle-heure-et-sur-quelle-chaine\/#breadcrumb\"},\"inLanguage\":\"fr-FR\",\"potentialAction\":[{\"@type\":\"ReadAction\",\"target\":[\"https:\/\/dicodusport.fr\/blog\/ferencvaros-monaco-a-quelle-heure-et-sur-quelle-chaine\/\"]}]},{\"@type\":\"ImageObject\",\"inLanguage\":\"fr-FR\",\"@id\":\"https:\/\/dicodusport.fr\/blog\/ferencvaros-monaco-a-quelle-heure-et-sur-quelle-chaine\/#primaryimage\",\"url\":\"https:\/\/dicodusport.fr\/blog\/wp-content\/uploads\/2022\/10\/Ligue-Europa-J3-Monaco-simpose-facilement-contre-Trabzonspor.png\",\"contentUrl\":\"https:\/\/dicodusport.fr\/blog\/wp-content\/uploads\/2022\/10\/Ligue-Europa-J3-Monaco-simpose-facilement-contre-Trabzonspor.png\",\"width\":800,\"height\":445,\"caption\":\"Ligue Europa (J3) Monaco s\u2019impose facilement contre Trabzonspor\"},{\"@type\":\"BreadcrumbList\",\"@id\":\"https:\/\/dicodusport.fr\/blog\/ferencvaros-monaco-a-quelle-heure-et-sur-quelle-chaine\/#breadcrumb\",\"itemListElement\":[{\"@type\":\"ListItem\",\"position\":1,\"name\":\"Accueil\",\"item\":\"https:\/\/dicodusport.fr\/blog\/\"},{\"@type\":\"ListItem\",\"position\":2,\"name\":\"Ferencvaros &#8211; Monaco : \u00c0 quelle heure et sur quelle cha\u00eene\"}]},{\"@type\":\"WebSite\",\"@id\":\"https:\/\/dicodusport.fr\/blog\/#website\",\"url\":\"https:\/\/dicodusport.fr\/blog\/\",\"name\":\"Dicodusport\",\"description\":\"L&#039;encyclop\u00e9die de l&#039;actualit\u00e9 sportive\",\"publisher\":{\"@id\":\"https:\/\/dicodusport.fr\/blog\/#organization\"},\"potentialAction\":[{\"@type\":\"SearchAction\",\"target\":{\"@type\":\"EntryPoint\",\"urlTemplate\":\"https:\/\/dicodusport.fr\/blog\/?s={search_term_string}\"},\"query-input\":{\"@type\":\"PropertyValueSpecification\",\"valueRequired\":true,\"valueName\":\"search_term_string\"}}],\"inLanguage\":\"fr-FR\"},{\"@type\":\"NewsMediaOrganization\",\"@id\":\"https:\/\/dicodusport.fr\/blog\/#organization\",\"name\":\"Dicodusport\",\"url\":\"https:\/\/dicodusport.fr\/blog\/\",\"logo\":{\"@type\":\"ImageObject\",\"inLanguage\":\"fr-FR\",\"@id\":\"https:\/\/dicodusport.fr\/blog\/#\/schema\/logo\/image\/\",\"url\":\"https:\/\/dicodusport.fr\/blog\/wp-content\/uploads\/2020\/06\/cropped-LOGO-DICODUSPORT-2020-SANS-FOND-SANS-TEXTE.png\",\"contentUrl\":\"https:\/\/dicodusport.fr\/blog\/wp-content\/uploads\/2020\/06\/cropped-LOGO-DICODUSPORT-2020-SANS-FOND-SANS-TEXTE.png\",\"width\":512,\"height\":512,\"caption\":\"Dicodusport\"},\"image\":{\"@id\":\"https:\/\/dicodusport.fr\/blog\/#\/schema\/logo\/image\/\"},\"sameAs\":[\"https:\/\/www.facebook.com\/dicodusport\",\"https:\/\/x.com\/dicodusport\",\"https:\/\/www.instagram.com\/dicodusport\/\",\"https:\/\/www.youtube.com\/channel\/UC7V2KZ5sd3htJivAbA4ZG3w\"],\"description\":\"Dicodusport est l'encyclop\u00e9die de l'actualit\u00e9 sportive.\",\"email\":\"bonjour@dicodusport.fr\",\"legalName\":\"DICODUSPORT\",\"foundingDate\":\"2018-01-14\",\"vatID\":\"FR71834470973\",\"taxID\":\"83447097300043\",\"numberOfEmployees\":{\"@type\":\"QuantitativeValue\",\"minValue\":\"1\",\"maxValue\":\"10\"}},{\"@type\":\"Person\",\"@id\":\"https:\/\/dicodusport.fr\/blog\/#\/schema\/person\/55dcb50ad410894e431ed812bbb70191\",\"name\":\"Nicolas Jacquemard\",\"image\":{\"@type\":\"ImageObject\",\"inLanguage\":\"fr-FR\",\"@id\":\"https:\/\/dicodusport.fr\/blog\/#\/schema\/person\/image\/\",\"url\":\"https:\/\/dicodusport.fr\/blog\/wp-content\/uploads\/2021\/05\/Nicolas-Jacquemard-150x150.jpeg\",\"contentUrl\":\"https:\/\/dicodusport.fr\/blog\/wp-content\/uploads\/2021\/05\/Nicolas-Jacquemard-150x150.jpeg\",\"caption\":\"Nicolas Jacquemard\"},\"description\":\"Passionn\u00e9 de sport et entrepreneur depuis mes 18 ans, la cr\u00e9ation de Dicodusport m'a sembl\u00e9 \u00e9vidente pour participer \u00e0 la m\u00e9diatisation d'un plus grand nombre de sports. Le chemin est long mais avec une \u00e9quipe des plus motiv\u00e9es et les Jeux Olympiques de Paris 2024 en point de mire, nous y arriverons ! Journaliste dans le monde du sport depuis plus de 5 ans, je traite aussi bien de football, de rugby, de biathlon que de cyclisme.\",\"sameAs\":[\"https:\/\/www.facebook.com\/dicodusport\",\"https:\/\/x.com\/https:\/\/twitter.com\/Nico_Jacquemard\"],\"url\":\"https:\/\/dicodusport.fr\/blog\/author\/dicodusport\/\"}]}<\/script>\n<!-- \/ Yoast SEO Premium plugin. -->","yoast_head_json":{"title":"Ferencvaros - Monaco : \u00c0 quelle heure et sur quelle cha\u00eene","description":"LIGUE EUROPA 2022-2023 - L'AS Monaco se d\u00e9place \u00e0 Ferencvaros pour le compte de la 5\u00e8me journ\u00e9e de Ligue Europa. D\u00e9couvrez le programme TV.","robots":{"index":"index","follow":"follow","max-snippet":"max-snippet:-1","max-image-preview":"max-image-preview:large","max-video-preview":"max-video-preview:-1"},"canonical":"https:\/\/dicodusport.fr\/blog\/ferencvaros-monaco-a-quelle-heure-et-sur-quelle-chaine\/","og_locale":"fr_FR","og_type":"article","og_title":"Ferencvaros - Monaco : \u00c0 quelle heure et sur quelle cha\u00eene","og_description":"LIGUE EUROPA 2022-2023 - L'AS Monaco se d\u00e9place \u00e0 Ferencvaros pour le compte de la 5\u00e8me journ\u00e9e de Ligue Europa. D\u00e9couvrez le programme TV.","og_url":"https:\/\/dicodusport.fr\/blog\/ferencvaros-monaco-a-quelle-heure-et-sur-quelle-chaine\/","og_site_name":"Dicodusport","article_publisher":"https:\/\/www.facebook.com\/dicodusport","article_author":"https:\/\/www.facebook.com\/dicodusport","article_published_time":"2022-10-26T10:54:38+00:00","article_modified_time":"2022-10-26T20:02:17+00:00","og_image":[{"width":800,"height":445,"url":"https:\/\/dicodusport.fr\/blog\/wp-content\/uploads\/2022\/10\/Ligue-Europa-J3-Monaco-simpose-facilement-contre-Trabzonspor.png","type":"image\/png"}],"author":"Nicolas Jacquemard","twitter_card":"summary_large_image","twitter_title":"Ferencvaros - Monaco : \u00c0 quelle heure et sur quelle cha\u00eene","twitter_creator":"@https:\/\/twitter.com\/Nico_Jacquemard","twitter_site":"@dicodusport","schema":{"@context":"https:\/\/schema.org","@graph":[{"@type":"NewsArticle","@id":"https:\/\/dicodusport.fr\/blog\/ferencvaros-monaco-a-quelle-heure-et-sur-quelle-chaine\/#article","isPartOf":{"@id":"https:\/\/dicodusport.fr\/blog\/ferencvaros-monaco-a-quelle-heure-et-sur-quelle-chaine\/"},"author":{"name":"Nicolas Jacquemard","@id":"https:\/\/dicodusport.fr\/blog\/#\/schema\/person\/55dcb50ad410894e431ed812bbb70191"},"headline":"Ferencvaros &#8211; Monaco : \u00c0 quelle heure et sur quelle cha\u00eene","datePublished":"2022-10-26T10:54:38+00:00","dateModified":"2022-10-26T20:02:17+00:00","mainEntityOfPage":{"@id":"https:\/\/dicodusport.fr\/blog\/ferencvaros-monaco-a-quelle-heure-et-sur-quelle-chaine\/"},"wordCount":312,"commentCount":0,"publisher":{"@id":"https:\/\/dicodusport.fr\/blog\/#organization"},"image":{"@id":"https:\/\/dicodusport.fr\/blog\/ferencvaros-monaco-a-quelle-heure-et-sur-quelle-chaine\/#primaryimage"},"thumbnailUrl":"https:\/\/dicodusport.fr\/blog\/wp-content\/uploads\/2022\/10\/Ligue-Europa-J3-Monaco-simpose-facilement-contre-Trabzonspor.png","keywords":["Cha\u00eene","Football","Heure","Horaire","Ligue Europa","Monaco","Programme TV"],"articleSection":["Football"],"inLanguage":"fr-FR","potentialAction":[{"@type":"CommentAction","name":"Comment","target":["https:\/\/dicodusport.fr\/blog\/ferencvaros-monaco-a-quelle-heure-et-sur-quelle-chaine\/#respond"]}],"copyrightYear":"2022","copyrightHolder":{"@id":"https:\/\/dicodusport.fr\/blog\/#organization"}},{"@type":"WebPage","@id":"https:\/\/dicodusport.fr\/blog\/ferencvaros-monaco-a-quelle-heure-et-sur-quelle-chaine\/","url":"https:\/\/dicodusport.fr\/blog\/ferencvaros-monaco-a-quelle-heure-et-sur-quelle-chaine\/","name":"Ferencvaros - Monaco : \u00c0 quelle heure et sur quelle cha\u00eene","isPartOf":{"@id":"https:\/\/dicodusport.fr\/blog\/#website"},"primaryImageOfPage":{"@id":"https:\/\/dicodusport.fr\/blog\/ferencvaros-monaco-a-quelle-heure-et-sur-quelle-chaine\/#primaryimage"},"image":{"@id":"https:\/\/dicodusport.fr\/blog\/ferencvaros-monaco-a-quelle-heure-et-sur-quelle-chaine\/#primaryimage"},"thumbnailUrl":"https:\/\/dicodusport.fr\/blog\/wp-content\/uploads\/2022\/10\/Ligue-Europa-J3-Monaco-simpose-facilement-contre-Trabzonspor.png","datePublished":"2022-10-26T10:54:38+00:00","dateModified":"2022-10-26T20:02:17+00:00","description":"LIGUE EUROPA 2022-2023 - L'AS Monaco se d\u00e9place \u00e0 Ferencvaros pour le compte de la 5\u00e8me journ\u00e9e de Ligue Europa. D\u00e9couvrez le programme TV.","breadcrumb":{"@id":"https:\/\/dicodusport.fr\/blog\/ferencvaros-monaco-a-quelle-heure-et-sur-quelle-chaine\/#breadcrumb"},"inLanguage":"fr-FR","potentialAction":[{"@type":"ReadAction","target":["https:\/\/dicodusport.fr\/blog\/ferencvaros-monaco-a-quelle-heure-et-sur-quelle-chaine\/"]}]},{"@type":"ImageObject","inLanguage":"fr-FR","@id":"https:\/\/dicodusport.fr\/blog\/ferencvaros-monaco-a-quelle-heure-et-sur-quelle-chaine\/#primaryimage","url":"https:\/\/dicodusport.fr\/blog\/wp-content\/uploads\/2022\/10\/Ligue-Europa-J3-Monaco-simpose-facilement-contre-Trabzonspor.png","contentUrl":"https:\/\/dicodusport.fr\/blog\/wp-content\/uploads\/2022\/10\/Ligue-Europa-J3-Monaco-simpose-facilement-contre-Trabzonspor.png","width":800,"height":445,"caption":"Ligue Europa (J3) Monaco s\u2019impose facilement contre Trabzonspor"},{"@type":"BreadcrumbList","@id":"https:\/\/dicodusport.fr\/blog\/ferencvaros-monaco-a-quelle-heure-et-sur-quelle-chaine\/#breadcrumb","itemListElement":[{"@type":"ListItem","position":1,"name":"Accueil","item":"https:\/\/dicodusport.fr\/blog\/"},{"@type":"ListItem","position":2,"name":"Ferencvaros &#8211; Monaco : \u00c0 quelle heure et sur quelle cha\u00eene"}]},{"@type":"WebSite","@id":"https:\/\/dicodusport.fr\/blog\/#website","url":"https:\/\/dicodusport.fr\/blog\/","name":"Dicodusport","description":"L&#039;encyclop\u00e9die de l&#039;actualit\u00e9 sportive","publisher":{"@id":"https:\/\/dicodusport.fr\/blog\/#organization"},"potentialAction":[{"@type":"SearchAction","target":{"@type":"EntryPoint","urlTemplate":"https:\/\/dicodusport.fr\/blog\/?s={search_term_string}"},"query-input":{"@type":"PropertyValueSpecification","valueRequired":true,"valueName":"search_term_string"}}],"inLanguage":"fr-FR"},{"@type":"NewsMediaOrganization","@id":"https:\/\/dicodusport.fr\/blog\/#organization","name":"Dicodusport","url":"https:\/\/dicodusport.fr\/blog\/","logo":{"@type":"ImageObject","inLanguage":"fr-FR","@id":"https:\/\/dicodusport.fr\/blog\/#\/schema\/logo\/image\/","url":"https:\/\/dicodusport.fr\/blog\/wp-content\/uploads\/2020\/06\/cropped-LOGO-DICODUSPORT-2020-SANS-FOND-SANS-TEXTE.png","contentUrl":"https:\/\/dicodusport.fr\/blog\/wp-content\/uploads\/2020\/06\/cropped-LOGO-DICODUSPORT-2020-SANS-FOND-SANS-TEXTE.png","width":512,"height":512,"caption":"Dicodusport"},"image":{"@id":"https:\/\/dicodusport.fr\/blog\/#\/schema\/logo\/image\/"},"sameAs":["https:\/\/www.facebook.com\/dicodusport","https:\/\/x.com\/dicodusport","https:\/\/www.instagram.com\/dicodusport\/","https:\/\/www.youtube.com\/channel\/UC7V2KZ5sd3htJivAbA4ZG3w"],"description":"Dicodusport est l'encyclop\u00e9die de l'actualit\u00e9 sportive.","email":"bonjour@dicodusport.fr","legalName":"DICODUSPORT","foundingDate":"2018-01-14","vatID":"FR71834470973","taxID":"83447097300043","numberOfEmployees":{"@type":"QuantitativeValue","minValue":"1","maxValue":"10"}},{"@type":"Person","@id":"https:\/\/dicodusport.fr\/blog\/#\/schema\/person\/55dcb50ad410894e431ed812bbb70191","name":"Nicolas Jacquemard","image":{"@type":"ImageObject","inLanguage":"fr-FR","@id":"https:\/\/dicodusport.fr\/blog\/#\/schema\/person\/image\/","url":"https:\/\/dicodusport.fr\/blog\/wp-content\/uploads\/2021\/05\/Nicolas-Jacquemard-150x150.jpeg","contentUrl":"https:\/\/dicodusport.fr\/blog\/wp-content\/uploads\/2021\/05\/Nicolas-Jacquemard-150x150.jpeg","caption":"Nicolas Jacquemard"},"description":"Passionn\u00e9 de sport et entrepreneur depuis mes 18 ans, la cr\u00e9ation de Dicodusport m'a sembl\u00e9 \u00e9vidente pour participer \u00e0 la m\u00e9diatisation d'un plus grand nombre de sports. Le chemin est long mais avec une \u00e9quipe des plus motiv\u00e9es et les Jeux Olympiques de Paris 2024 en point de mire, nous y arriverons ! Journaliste dans le monde du sport depuis plus de 5 ans, je traite aussi bien de football, de rugby, de biathlon que de cyclisme.","sameAs":["https:\/\/www.facebook.com\/dicodusport","https:\/\/x.com\/https:\/\/twitter.com\/Nico_Jacquemard"],"url":"https:\/\/dicodusport.fr\/blog\/author\/dicodusport\/"}]}},"_links":{"self":[{"href":"https:\/\/dicodusport.fr\/blog\/wp-json\/wp\/v2\/posts\/273235","targetHints":{"allow":["GET"]}}],"collection":[{"href":"https:\/\/dicodusport.fr\/blog\/wp-json\/wp\/v2\/posts"}],"about":[{"href":"https:\/\/dicodusport.fr\/blog\/wp-json\/wp\/v2\/types\/post"}],"author":[{"embeddable":true,"href":"https:\/\/dicodusport.fr\/blog\/wp-json\/wp\/v2\/users\/1"}],"replies":[{"embeddable":true,"href":"https:\/\/dicodusport.fr\/blog\/wp-json\/wp\/v2\/comments?post=273235"}],"version-history":[{"count":0,"href":"https:\/\/dicodusport.fr\/blog\/wp-json\/wp\/v2\/posts\/273235\/revisions"}],"wp:featuredmedia":[{"embeddable":true,"href":"https:\/\/dicodusport.fr\/blog\/wp-json\/wp\/v2\/media\/267781"}],"wp:attachment":[{"href":"https:\/\/dicodusport.fr\/blog\/wp-json\/wp\/v2\/media?parent=273235"}],"wp:term":[{"taxonomy":"category","embeddable":true,"href":"https:\/\/dicodusport.fr\/blog\/wp-json\/wp\/v2\/categories?post=273235"},{"taxonomy":"post_tag","embeddable":true,"href":"https:\/\/dicodusport.fr\/blog\/wp-json\/wp\/v2\/tags?post=273235"}],"curies":[{"name":"wp","href":"https:\/\/api.w.org\/{rel}","templated":true}]}}