{"id":273512,"date":"2022-10-27T17:46:03","date_gmt":"2022-10-27T15:46:03","guid":{"rendered":"https:\/\/dicodusport.fr\/blog\/?p=273512&#038;preview=true&#038;preview_id=273512"},"modified":"2022-10-27T17:57:46","modified_gmt":"2022-10-27T15:57:46","slug":"le-parcours-du-tour-de-france-2023-en-chiffres","status":"publish","type":"post","link":"https:\/\/dicodusport.fr\/blog\/le-parcours-du-tour-de-france-2023-en-chiffres\/","title":{"rendered":"Le parcours du Tour de France 2023 en chiffres"},"content":{"rendered":"<p style=\"text-align: justify;\"><b><i><a href=\"https:\/\/dicodusport.fr\/blog\/actualites\/cyclisme\/cyclisme-sur-route-2023\/tour-de-france-2023\/\">TOUR DE FRANCE 2023<\/a> &#8211; Ce jeudi, <a href=\"https:\/\/dicodusport.fr\/blog\/le-parcours-du-tour-de-france-2023-avec-8-etapes-de-montagne\/\">le parcours de la 110\u00e8me \u00e9dition du Tour de France<\/a> a \u00e9t\u00e9 pr\u00e9sent\u00e9 par Christian Prudhomme, au Palais des Congr\u00e8s de Paris. Avec plusieurs chiffres \u00e0 retenir.<\/i><\/b><\/p>\n<h2 style=\"text-align: justify;\">3 404<\/h2>\n<p style=\"text-align: justify;\">Comme le nombre de kilom\u00e8tres au programme de ce cru 2023. C&rsquo;est 54 km de plus que sur le <strong>Tour de France 2022<\/strong> (3 350 km).<\/p>\n<h2 style=\"text-align: justify;\">5<\/h2>\n<p style=\"text-align: justify;\">Comme les 5 grands massifs montagneux de l&rsquo;Hexagone, emprunt\u00e9s pour cette <strong>110\u00e8me \u00e9dition du Tour<\/strong>. Les Pyr\u00e9n\u00e9es en amuse-bouches, le Massif Central en entr\u00e9e, puis le duo Jura-Alpes en plat de r\u00e9sistance. Enfin un dessert qui risque d&rsquo;\u00eatre difficile \u00e0 avaler, dans les Vosges. Les organisateurs ont g\u00e2t\u00e9 les grimpeurs, \u00e0 eux de rendre le mois de juillet totalement fou !<\/p>\n<h2 style=\"text-align: justify;\">8<\/h2>\n<p style=\"text-align: justify;\">Dans la continuit\u00e9 du chiffre pr\u00e9c\u00e9dent, 8 \u00e9tapes de (haute-) montagne seront propos\u00e9es au peloton. Plus du tiers de l&rsquo;\u00e9preuve donc, avec quatre arriv\u00e9es au sommet (<strong>Cauterets-Cambasque<\/strong>, <strong>Puy de D\u00f4me<\/strong>, <strong>Grand Colombier<\/strong> et <strong>Saint-Gervais Mont-Blanc Le Bettex<\/strong>). L&rsquo;avant-derni\u00e8re \u00e9tape, avec une arriv\u00e9e au <strong>Markstein<\/strong>, aurait presque pu \u00eatre consid\u00e9r\u00e9e comme une journ\u00e9e avec arriv\u00e9e au sommet, avec le Platzerwasel en juge de paix.<\/p>\n<h2 style=\"text-align: justify;\">2 304<\/h2>\n<p style=\"text-align: justify;\">Le toit du <strong>Tour de France 2023<\/strong>, ce sera le <strong>Col de la Loze<\/strong> ! Ce dernier culmine \u00e0 2 304 m\u00e8tres d&rsquo;altitude et sera le juge de paix de la 17\u00e8me \u00e9tape entre Saint-Gervais-Mont-Blanc et Courchevel. En 2020, pour la premi\u00e8re apparition de cette bien belle vacherie au menu du Tour, <strong>Miguel Angel Lopez<\/strong> s&rsquo;\u00e9tait impos\u00e9 au sommet.<\/p>\n<div id=\"attachment_273522\" style=\"width: 970px\" class=\"wp-caption aligncenter\"><a href=\"https:\/\/dicodusport.fr\/blog\/wp-content\/uploads\/2022\/10\/Profil-du-Col-de-la-Loze.jpg\"><img loading=\"lazy\" decoding=\"async\" aria-describedby=\"caption-attachment-273522\" class=\"size-full wp-image-273522\" src=\"https:\/\/dicodusport.fr\/blog\/wp-content\/uploads\/2022\/10\/Profil-du-Col-de-la-Loze.jpg\" alt=\"Profil du Col de la Loze\" width=\"960\" height=\"870\" srcset=\"https:\/\/dicodusport.fr\/blog\/wp-content\/uploads\/2022\/10\/Profil-du-Col-de-la-Loze.jpg 960w, https:\/\/dicodusport.fr\/blog\/wp-content\/uploads\/2022\/10\/Profil-du-Col-de-la-Loze-300x272.jpg 300w, https:\/\/dicodusport.fr\/blog\/wp-content\/uploads\/2022\/10\/Profil-du-Col-de-la-Loze-768x696.jpg 768w\" sizes=\"auto, (max-width: 960px) 100vw, 960px\" \/><\/a><p id=\"caption-attachment-273522\" class=\"wp-caption-text\">Profil du Col de la Loze, avec cinq derniers kilom\u00e8tres immondes et de nombreux passages \u00e0 plus de 20 % &#8211; Via ASO<\/p><\/div>\n<h2 style=\"text-align: justify;\">22<\/h2>\n<p style=\"text-align: justify;\">Comme le nombre de kilom\u00e8tres chronom\u00e9tr\u00e9s. En effet, un seul CLM, individuel, sera au programme. Il aura lieu tard, \u00e0 l&rsquo;occasion de la 16\u00e8me \u00e9tape, entre <strong>Passy<\/strong> et <strong>Combloux<\/strong> (22 km donc). Avec, un juge de paix, la c\u00e9l\u00e8bre <strong>C\u00f4te de Domancy<\/strong>. Ces derni\u00e8res ann\u00e9es, seul le Tour de France 2015, et ses 13,8 km de CLM, fait pire (ou mieux, selon les points de vue) que le Tour 2023.<\/p>\n","protected":false},"excerpt":{"rendered":"<p>TOUR DE FRANCE 2023 &#8211; Ce jeudi, le parcours de la 110\u00e8me \u00e9dition du Tour de France a \u00e9t\u00e9 pr\u00e9sent\u00e9 par Christian Prudhomme, au Palais des Congr\u00e8s de Paris. Avec plusieurs chiffres \u00e0 retenir.<\/p>\n","protected":false},"author":4,"featured_media":273525,"comment_status":"open","ping_status":"closed","sticky":false,"template":"","format":"standard","meta":{"_acf_changed":false,"_daextam_enable_autolinks":"","footnotes":""},"categories":[46995],"tags":[1262],"class_list":["post-273512","post","type-post","status-publish","format-standard","has-post-thumbnail","hentry","category-tour-de-france","tag-tour-de-france"],"acf":[],"yoast_head":"<!-- This site is optimized with the Yoast SEO Premium plugin v26.7 (Yoast SEO v26.7) - https:\/\/yoast.com\/wordpress\/plugins\/seo\/ -->\n<title>Le parcours du Tour de France 2023 en chiffres<\/title>\n<meta name=\"description\" content=\"TOUR DE FRANCE 2023 - Le parcours de la 110\u00e8me \u00e9dition du Tour de France a \u00e9t\u00e9 pr\u00e9sent\u00e9 ce jeudi. Avec plusieurs chiffres \u00e0 retenir.\" \/>\n<meta name=\"robots\" content=\"index, follow, max-snippet:-1, max-image-preview:large, max-video-preview:-1\" \/>\n<link rel=\"canonical\" href=\"https:\/\/dicodusport.fr\/blog\/le-parcours-du-tour-de-france-2023-en-chiffres\/\" \/>\n<meta property=\"og:locale\" content=\"fr_FR\" \/>\n<meta property=\"og:type\" content=\"article\" \/>\n<meta property=\"og:title\" content=\"Le parcours du Tour de France 2023 en chiffres\" \/>\n<meta property=\"og:description\" content=\"TOUR DE FRANCE 2023 - Le parcours de la 110\u00e8me \u00e9dition du Tour de France a \u00e9t\u00e9 pr\u00e9sent\u00e9 ce jeudi. Avec plusieurs chiffres \u00e0 retenir.\" \/>\n<meta property=\"og:url\" content=\"https:\/\/dicodusport.fr\/blog\/le-parcours-du-tour-de-france-2023-en-chiffres\/\" \/>\n<meta property=\"og:site_name\" content=\"Dicodusport\" \/>\n<meta property=\"article:publisher\" content=\"https:\/\/www.facebook.com\/dicodusport\" \/>\n<meta property=\"article:author\" content=\"https:\/\/www.facebook.com\/florent.ostermann\" \/>\n<meta property=\"article:published_time\" content=\"2022-10-27T15:46:03+00:00\" \/>\n<meta property=\"article:modified_time\" content=\"2022-10-27T15:57:46+00:00\" \/>\n<meta property=\"og:image\" content=\"https:\/\/dicodusport.fr\/blog\/wp-content\/uploads\/2022\/10\/Le-parcours-du-Tour-de-France-2023-en-chiffres.png\" \/>\n\t<meta property=\"og:image:width\" content=\"800\" \/>\n\t<meta property=\"og:image:height\" content=\"445\" \/>\n\t<meta property=\"og:image:type\" content=\"image\/png\" \/>\n<meta name=\"author\" content=\"Flo Ostermann\" \/>\n<meta name=\"twitter:card\" content=\"summary_large_image\" \/>\n<meta name=\"twitter:title\" content=\"Le parcours du Tour de France 2023 en chiffres\" \/>\n<meta name=\"twitter:creator\" content=\"@https:\/\/twitter.com\/FlOstermann\" \/>\n<meta name=\"twitter:site\" content=\"@dicodusport\" \/>\n<script type=\"application\/ld+json\" class=\"yoast-schema-graph\">{\"@context\":\"https:\/\/schema.org\",\"@graph\":[{\"@type\":\"NewsArticle\",\"@id\":\"https:\/\/dicodusport.fr\/blog\/le-parcours-du-tour-de-france-2023-en-chiffres\/#article\",\"isPartOf\":{\"@id\":\"https:\/\/dicodusport.fr\/blog\/le-parcours-du-tour-de-france-2023-en-chiffres\/\"},\"author\":{\"name\":\"Flo Ostermann\",\"@id\":\"https:\/\/dicodusport.fr\/blog\/#\/schema\/person\/cb02af4c173ce4a653b55e9baf388d4a\"},\"headline\":\"Le parcours du Tour de France 2023 en chiffres\",\"datePublished\":\"2022-10-27T15:46:03+00:00\",\"dateModified\":\"2022-10-27T15:57:46+00:00\",\"mainEntityOfPage\":{\"@id\":\"https:\/\/dicodusport.fr\/blog\/le-parcours-du-tour-de-france-2023-en-chiffres\/\"},\"wordCount\":364,\"commentCount\":0,\"publisher\":{\"@id\":\"https:\/\/dicodusport.fr\/blog\/#organization\"},\"image\":{\"@id\":\"https:\/\/dicodusport.fr\/blog\/le-parcours-du-tour-de-france-2023-en-chiffres\/#primaryimage\"},\"thumbnailUrl\":\"https:\/\/dicodusport.fr\/blog\/wp-content\/uploads\/2022\/10\/Le-parcours-du-Tour-de-France-2023-en-chiffres.png\",\"keywords\":[\"Tour de France\"],\"articleSection\":[\"Tour de France\"],\"inLanguage\":\"fr-FR\",\"potentialAction\":[{\"@type\":\"CommentAction\",\"name\":\"Comment\",\"target\":[\"https:\/\/dicodusport.fr\/blog\/le-parcours-du-tour-de-france-2023-en-chiffres\/#respond\"]}],\"copyrightYear\":\"2022\",\"copyrightHolder\":{\"@id\":\"https:\/\/dicodusport.fr\/blog\/#organization\"}},{\"@type\":\"WebPage\",\"@id\":\"https:\/\/dicodusport.fr\/blog\/le-parcours-du-tour-de-france-2023-en-chiffres\/\",\"url\":\"https:\/\/dicodusport.fr\/blog\/le-parcours-du-tour-de-france-2023-en-chiffres\/\",\"name\":\"Le parcours du Tour de France 2023 en chiffres\",\"isPartOf\":{\"@id\":\"https:\/\/dicodusport.fr\/blog\/#website\"},\"primaryImageOfPage\":{\"@id\":\"https:\/\/dicodusport.fr\/blog\/le-parcours-du-tour-de-france-2023-en-chiffres\/#primaryimage\"},\"image\":{\"@id\":\"https:\/\/dicodusport.fr\/blog\/le-parcours-du-tour-de-france-2023-en-chiffres\/#primaryimage\"},\"thumbnailUrl\":\"https:\/\/dicodusport.fr\/blog\/wp-content\/uploads\/2022\/10\/Le-parcours-du-Tour-de-France-2023-en-chiffres.png\",\"datePublished\":\"2022-10-27T15:46:03+00:00\",\"dateModified\":\"2022-10-27T15:57:46+00:00\",\"description\":\"TOUR DE FRANCE 2023 - Le parcours de la 110\u00e8me \u00e9dition du Tour de France a \u00e9t\u00e9 pr\u00e9sent\u00e9 ce jeudi. Avec plusieurs chiffres \u00e0 retenir.\",\"breadcrumb\":{\"@id\":\"https:\/\/dicodusport.fr\/blog\/le-parcours-du-tour-de-france-2023-en-chiffres\/#breadcrumb\"},\"inLanguage\":\"fr-FR\",\"potentialAction\":[{\"@type\":\"ReadAction\",\"target\":[\"https:\/\/dicodusport.fr\/blog\/le-parcours-du-tour-de-france-2023-en-chiffres\/\"]}]},{\"@type\":\"ImageObject\",\"inLanguage\":\"fr-FR\",\"@id\":\"https:\/\/dicodusport.fr\/blog\/le-parcours-du-tour-de-france-2023-en-chiffres\/#primaryimage\",\"url\":\"https:\/\/dicodusport.fr\/blog\/wp-content\/uploads\/2022\/10\/Le-parcours-du-Tour-de-France-2023-en-chiffres.png\",\"contentUrl\":\"https:\/\/dicodusport.fr\/blog\/wp-content\/uploads\/2022\/10\/Le-parcours-du-Tour-de-France-2023-en-chiffres.png\",\"width\":800,\"height\":445,\"caption\":\"Le parcours du Tour de France 2023 en chiffres\"},{\"@type\":\"BreadcrumbList\",\"@id\":\"https:\/\/dicodusport.fr\/blog\/le-parcours-du-tour-de-france-2023-en-chiffres\/#breadcrumb\",\"itemListElement\":[{\"@type\":\"ListItem\",\"position\":1,\"name\":\"Accueil\",\"item\":\"https:\/\/dicodusport.fr\/blog\/\"},{\"@type\":\"ListItem\",\"position\":2,\"name\":\"Le parcours du Tour de France 2023 en chiffres\"}]},{\"@type\":\"WebSite\",\"@id\":\"https:\/\/dicodusport.fr\/blog\/#website\",\"url\":\"https:\/\/dicodusport.fr\/blog\/\",\"name\":\"Dicodusport\",\"description\":\"L&#039;encyclop\u00e9die de l&#039;actualit\u00e9 sportive\",\"publisher\":{\"@id\":\"https:\/\/dicodusport.fr\/blog\/#organization\"},\"potentialAction\":[{\"@type\":\"SearchAction\",\"target\":{\"@type\":\"EntryPoint\",\"urlTemplate\":\"https:\/\/dicodusport.fr\/blog\/?s={search_term_string}\"},\"query-input\":{\"@type\":\"PropertyValueSpecification\",\"valueRequired\":true,\"valueName\":\"search_term_string\"}}],\"inLanguage\":\"fr-FR\"},{\"@type\":\"NewsMediaOrganization\",\"@id\":\"https:\/\/dicodusport.fr\/blog\/#organization\",\"name\":\"Dicodusport\",\"url\":\"https:\/\/dicodusport.fr\/blog\/\",\"logo\":{\"@type\":\"ImageObject\",\"inLanguage\":\"fr-FR\",\"@id\":\"https:\/\/dicodusport.fr\/blog\/#\/schema\/logo\/image\/\",\"url\":\"https:\/\/dicodusport.fr\/blog\/wp-content\/uploads\/2020\/06\/cropped-LOGO-DICODUSPORT-2020-SANS-FOND-SANS-TEXTE.png\",\"contentUrl\":\"https:\/\/dicodusport.fr\/blog\/wp-content\/uploads\/2020\/06\/cropped-LOGO-DICODUSPORT-2020-SANS-FOND-SANS-TEXTE.png\",\"width\":512,\"height\":512,\"caption\":\"Dicodusport\"},\"image\":{\"@id\":\"https:\/\/dicodusport.fr\/blog\/#\/schema\/logo\/image\/\"},\"sameAs\":[\"https:\/\/www.facebook.com\/dicodusport\",\"https:\/\/x.com\/dicodusport\",\"https:\/\/www.instagram.com\/dicodusport\/\",\"https:\/\/www.youtube.com\/channel\/UC7V2KZ5sd3htJivAbA4ZG3w\"],\"description\":\"Dicodusport est l'encyclop\u00e9die de l'actualit\u00e9 sportive.\",\"email\":\"bonjour@dicodusport.fr\",\"legalName\":\"DICODUSPORT\",\"foundingDate\":\"2018-01-14\",\"vatID\":\"FR71834470973\",\"taxID\":\"83447097300043\",\"numberOfEmployees\":{\"@type\":\"QuantitativeValue\",\"minValue\":\"1\",\"maxValue\":\"10\"}},{\"@type\":\"Person\",\"@id\":\"https:\/\/dicodusport.fr\/blog\/#\/schema\/person\/cb02af4c173ce4a653b55e9baf388d4a\",\"name\":\"Flo Ostermann\",\"image\":{\"@type\":\"ImageObject\",\"inLanguage\":\"fr-FR\",\"@id\":\"https:\/\/dicodusport.fr\/blog\/#\/schema\/person\/image\/\",\"url\":\"https:\/\/dicodusport.fr\/blog\/wp-content\/uploads\/2021\/05\/Flo-Ostermann-150x150.jpg\",\"contentUrl\":\"https:\/\/dicodusport.fr\/blog\/wp-content\/uploads\/2021\/05\/Flo-Ostermann-150x150.jpg\",\"caption\":\"Flo Ostermann\"},\"description\":\"Journaliste\/R\u00e9dacteur depuis septembre 2015 - Mes premiers souvenirs dans le sport ? Les envol\u00e9es du Stade Toulousain et les duels Villeneuve-Schumacher et H\u00e4kkinen-Schumacher \u00e0 la fin des ann\u00e9es 90, la Coupe du monde de football en 1998, l\u2019exploit du XV de France face aux All Blacks en 1999, mais aussi Richard C\u0153ur de Lion qui vole sur les montagnes du Tour de France. Bien parti pour devenir professeur d\u2019EPS, les \u00e9v\u00e9nements de la vie (et la flemme d\u2019animer des s\u00e9ances de 3x500 m\u00e8tres toute ma vie) m\u2019ont conduit \u00e0 revoir mes plans. Me voil\u00e0 depuis fin 2017 sur Dicodusport, m\u00e9dia gr\u00e2ce (et pour) lequel je partage ma passion : le sport dans tous ses \u00e9tats. Le tout accompagn\u00e9 par les fous furieux et folles furieuses cit\u00e9s sur cette page !\",\"sameAs\":[\"https:\/\/www.facebook.com\/florent.ostermann\",\"https:\/\/x.com\/https:\/\/twitter.com\/FlOstermann\",\"admin\"],\"url\":\"https:\/\/dicodusport.fr\/blog\/author\/flo\/\"}]}<\/script>\n<!-- \/ Yoast SEO Premium plugin. -->","yoast_head_json":{"title":"Le parcours du Tour de France 2023 en chiffres","description":"TOUR DE FRANCE 2023 - Le parcours de la 110\u00e8me \u00e9dition du Tour de France a \u00e9t\u00e9 pr\u00e9sent\u00e9 ce jeudi. Avec plusieurs chiffres \u00e0 retenir.","robots":{"index":"index","follow":"follow","max-snippet":"max-snippet:-1","max-image-preview":"max-image-preview:large","max-video-preview":"max-video-preview:-1"},"canonical":"https:\/\/dicodusport.fr\/blog\/le-parcours-du-tour-de-france-2023-en-chiffres\/","og_locale":"fr_FR","og_type":"article","og_title":"Le parcours du Tour de France 2023 en chiffres","og_description":"TOUR DE FRANCE 2023 - Le parcours de la 110\u00e8me \u00e9dition du Tour de France a \u00e9t\u00e9 pr\u00e9sent\u00e9 ce jeudi. Avec plusieurs chiffres \u00e0 retenir.","og_url":"https:\/\/dicodusport.fr\/blog\/le-parcours-du-tour-de-france-2023-en-chiffres\/","og_site_name":"Dicodusport","article_publisher":"https:\/\/www.facebook.com\/dicodusport","article_author":"https:\/\/www.facebook.com\/florent.ostermann","article_published_time":"2022-10-27T15:46:03+00:00","article_modified_time":"2022-10-27T15:57:46+00:00","og_image":[{"width":800,"height":445,"url":"https:\/\/dicodusport.fr\/blog\/wp-content\/uploads\/2022\/10\/Le-parcours-du-Tour-de-France-2023-en-chiffres.png","type":"image\/png"}],"author":"Flo Ostermann","twitter_card":"summary_large_image","twitter_title":"Le parcours du Tour de France 2023 en chiffres","twitter_creator":"@https:\/\/twitter.com\/FlOstermann","twitter_site":"@dicodusport","schema":{"@context":"https:\/\/schema.org","@graph":[{"@type":"NewsArticle","@id":"https:\/\/dicodusport.fr\/blog\/le-parcours-du-tour-de-france-2023-en-chiffres\/#article","isPartOf":{"@id":"https:\/\/dicodusport.fr\/blog\/le-parcours-du-tour-de-france-2023-en-chiffres\/"},"author":{"name":"Flo Ostermann","@id":"https:\/\/dicodusport.fr\/blog\/#\/schema\/person\/cb02af4c173ce4a653b55e9baf388d4a"},"headline":"Le parcours du Tour de France 2023 en chiffres","datePublished":"2022-10-27T15:46:03+00:00","dateModified":"2022-10-27T15:57:46+00:00","mainEntityOfPage":{"@id":"https:\/\/dicodusport.fr\/blog\/le-parcours-du-tour-de-france-2023-en-chiffres\/"},"wordCount":364,"commentCount":0,"publisher":{"@id":"https:\/\/dicodusport.fr\/blog\/#organization"},"image":{"@id":"https:\/\/dicodusport.fr\/blog\/le-parcours-du-tour-de-france-2023-en-chiffres\/#primaryimage"},"thumbnailUrl":"https:\/\/dicodusport.fr\/blog\/wp-content\/uploads\/2022\/10\/Le-parcours-du-Tour-de-France-2023-en-chiffres.png","keywords":["Tour de France"],"articleSection":["Tour de France"],"inLanguage":"fr-FR","potentialAction":[{"@type":"CommentAction","name":"Comment","target":["https:\/\/dicodusport.fr\/blog\/le-parcours-du-tour-de-france-2023-en-chiffres\/#respond"]}],"copyrightYear":"2022","copyrightHolder":{"@id":"https:\/\/dicodusport.fr\/blog\/#organization"}},{"@type":"WebPage","@id":"https:\/\/dicodusport.fr\/blog\/le-parcours-du-tour-de-france-2023-en-chiffres\/","url":"https:\/\/dicodusport.fr\/blog\/le-parcours-du-tour-de-france-2023-en-chiffres\/","name":"Le parcours du Tour de France 2023 en chiffres","isPartOf":{"@id":"https:\/\/dicodusport.fr\/blog\/#website"},"primaryImageOfPage":{"@id":"https:\/\/dicodusport.fr\/blog\/le-parcours-du-tour-de-france-2023-en-chiffres\/#primaryimage"},"image":{"@id":"https:\/\/dicodusport.fr\/blog\/le-parcours-du-tour-de-france-2023-en-chiffres\/#primaryimage"},"thumbnailUrl":"https:\/\/dicodusport.fr\/blog\/wp-content\/uploads\/2022\/10\/Le-parcours-du-Tour-de-France-2023-en-chiffres.png","datePublished":"2022-10-27T15:46:03+00:00","dateModified":"2022-10-27T15:57:46+00:00","description":"TOUR DE FRANCE 2023 - Le parcours de la 110\u00e8me \u00e9dition du Tour de France a \u00e9t\u00e9 pr\u00e9sent\u00e9 ce jeudi. Avec plusieurs chiffres \u00e0 retenir.","breadcrumb":{"@id":"https:\/\/dicodusport.fr\/blog\/le-parcours-du-tour-de-france-2023-en-chiffres\/#breadcrumb"},"inLanguage":"fr-FR","potentialAction":[{"@type":"ReadAction","target":["https:\/\/dicodusport.fr\/blog\/le-parcours-du-tour-de-france-2023-en-chiffres\/"]}]},{"@type":"ImageObject","inLanguage":"fr-FR","@id":"https:\/\/dicodusport.fr\/blog\/le-parcours-du-tour-de-france-2023-en-chiffres\/#primaryimage","url":"https:\/\/dicodusport.fr\/blog\/wp-content\/uploads\/2022\/10\/Le-parcours-du-Tour-de-France-2023-en-chiffres.png","contentUrl":"https:\/\/dicodusport.fr\/blog\/wp-content\/uploads\/2022\/10\/Le-parcours-du-Tour-de-France-2023-en-chiffres.png","width":800,"height":445,"caption":"Le parcours du Tour de France 2023 en chiffres"},{"@type":"BreadcrumbList","@id":"https:\/\/dicodusport.fr\/blog\/le-parcours-du-tour-de-france-2023-en-chiffres\/#breadcrumb","itemListElement":[{"@type":"ListItem","position":1,"name":"Accueil","item":"https:\/\/dicodusport.fr\/blog\/"},{"@type":"ListItem","position":2,"name":"Le parcours du Tour de France 2023 en chiffres"}]},{"@type":"WebSite","@id":"https:\/\/dicodusport.fr\/blog\/#website","url":"https:\/\/dicodusport.fr\/blog\/","name":"Dicodusport","description":"L&#039;encyclop\u00e9die de l&#039;actualit\u00e9 sportive","publisher":{"@id":"https:\/\/dicodusport.fr\/blog\/#organization"},"potentialAction":[{"@type":"SearchAction","target":{"@type":"EntryPoint","urlTemplate":"https:\/\/dicodusport.fr\/blog\/?s={search_term_string}"},"query-input":{"@type":"PropertyValueSpecification","valueRequired":true,"valueName":"search_term_string"}}],"inLanguage":"fr-FR"},{"@type":"NewsMediaOrganization","@id":"https:\/\/dicodusport.fr\/blog\/#organization","name":"Dicodusport","url":"https:\/\/dicodusport.fr\/blog\/","logo":{"@type":"ImageObject","inLanguage":"fr-FR","@id":"https:\/\/dicodusport.fr\/blog\/#\/schema\/logo\/image\/","url":"https:\/\/dicodusport.fr\/blog\/wp-content\/uploads\/2020\/06\/cropped-LOGO-DICODUSPORT-2020-SANS-FOND-SANS-TEXTE.png","contentUrl":"https:\/\/dicodusport.fr\/blog\/wp-content\/uploads\/2020\/06\/cropped-LOGO-DICODUSPORT-2020-SANS-FOND-SANS-TEXTE.png","width":512,"height":512,"caption":"Dicodusport"},"image":{"@id":"https:\/\/dicodusport.fr\/blog\/#\/schema\/logo\/image\/"},"sameAs":["https:\/\/www.facebook.com\/dicodusport","https:\/\/x.com\/dicodusport","https:\/\/www.instagram.com\/dicodusport\/","https:\/\/www.youtube.com\/channel\/UC7V2KZ5sd3htJivAbA4ZG3w"],"description":"Dicodusport est l'encyclop\u00e9die de l'actualit\u00e9 sportive.","email":"bonjour@dicodusport.fr","legalName":"DICODUSPORT","foundingDate":"2018-01-14","vatID":"FR71834470973","taxID":"83447097300043","numberOfEmployees":{"@type":"QuantitativeValue","minValue":"1","maxValue":"10"}},{"@type":"Person","@id":"https:\/\/dicodusport.fr\/blog\/#\/schema\/person\/cb02af4c173ce4a653b55e9baf388d4a","name":"Flo Ostermann","image":{"@type":"ImageObject","inLanguage":"fr-FR","@id":"https:\/\/dicodusport.fr\/blog\/#\/schema\/person\/image\/","url":"https:\/\/dicodusport.fr\/blog\/wp-content\/uploads\/2021\/05\/Flo-Ostermann-150x150.jpg","contentUrl":"https:\/\/dicodusport.fr\/blog\/wp-content\/uploads\/2021\/05\/Flo-Ostermann-150x150.jpg","caption":"Flo Ostermann"},"description":"Journaliste\/R\u00e9dacteur depuis septembre 2015 - Mes premiers souvenirs dans le sport ? Les envol\u00e9es du Stade Toulousain et les duels Villeneuve-Schumacher et H\u00e4kkinen-Schumacher \u00e0 la fin des ann\u00e9es 90, la Coupe du monde de football en 1998, l\u2019exploit du XV de France face aux All Blacks en 1999, mais aussi Richard C\u0153ur de Lion qui vole sur les montagnes du Tour de France. Bien parti pour devenir professeur d\u2019EPS, les \u00e9v\u00e9nements de la vie (et la flemme d\u2019animer des s\u00e9ances de 3x500 m\u00e8tres toute ma vie) m\u2019ont conduit \u00e0 revoir mes plans. Me voil\u00e0 depuis fin 2017 sur Dicodusport, m\u00e9dia gr\u00e2ce (et pour) lequel je partage ma passion : le sport dans tous ses \u00e9tats. Le tout accompagn\u00e9 par les fous furieux et folles furieuses cit\u00e9s sur cette page !","sameAs":["https:\/\/www.facebook.com\/florent.ostermann","https:\/\/x.com\/https:\/\/twitter.com\/FlOstermann","admin"],"url":"https:\/\/dicodusport.fr\/blog\/author\/flo\/"}]}},"_links":{"self":[{"href":"https:\/\/dicodusport.fr\/blog\/wp-json\/wp\/v2\/posts\/273512","targetHints":{"allow":["GET"]}}],"collection":[{"href":"https:\/\/dicodusport.fr\/blog\/wp-json\/wp\/v2\/posts"}],"about":[{"href":"https:\/\/dicodusport.fr\/blog\/wp-json\/wp\/v2\/types\/post"}],"author":[{"embeddable":true,"href":"https:\/\/dicodusport.fr\/blog\/wp-json\/wp\/v2\/users\/4"}],"replies":[{"embeddable":true,"href":"https:\/\/dicodusport.fr\/blog\/wp-json\/wp\/v2\/comments?post=273512"}],"version-history":[{"count":0,"href":"https:\/\/dicodusport.fr\/blog\/wp-json\/wp\/v2\/posts\/273512\/revisions"}],"wp:featuredmedia":[{"embeddable":true,"href":"https:\/\/dicodusport.fr\/blog\/wp-json\/wp\/v2\/media\/273525"}],"wp:attachment":[{"href":"https:\/\/dicodusport.fr\/blog\/wp-json\/wp\/v2\/media?parent=273512"}],"wp:term":[{"taxonomy":"category","embeddable":true,"href":"https:\/\/dicodusport.fr\/blog\/wp-json\/wp\/v2\/categories?post=273512"},{"taxonomy":"post_tag","embeddable":true,"href":"https:\/\/dicodusport.fr\/blog\/wp-json\/wp\/v2\/tags?post=273512"}],"curies":[{"name":"wp","href":"https:\/\/api.w.org\/{rel}","templated":true}]}}