{"id":273600,"date":"2022-11-21T13:12:57","date_gmt":"2022-11-21T12:12:57","guid":{"rendered":"https:\/\/dicodusport.fr\/blog\/?p=273600&#038;preview=true&#038;preview_id=273600"},"modified":"2022-11-21T18:31:12","modified_gmt":"2022-11-21T17:31:12","slug":"france-hugo-lloris-le-capitaine-indispensable","status":"publish","type":"post","link":"https:\/\/dicodusport.fr\/blog\/france-hugo-lloris-le-capitaine-indispensable\/","title":{"rendered":"France : Hugo Lloris, le capitaine indispensable"},"content":{"rendered":"<p style=\"text-align: justify;\"><b><i><a href=\"https:\/\/dicodusport.fr\/blog\/actualites\/football\/coupe-du-monde-de-football-2022\/\">COUPE DU MONDE DE FOOTBALL 2022<\/a> &#8211; <\/i><\/b><em><strong>Alors que son d\u00e9but de saison est globalement r\u00e9ussi avec Tottenham, Hugo Lloris s\u2019affirme encore plus comme le leader incontest\u00e9 de l\u2019\u00e9quipe de <a href=\"https:\/\/dicodusport.fr\/blog\/coupe-du-monde-de-football-la-france-une-troisieme-etoile-ou-le-naufrage\/\">France<\/a>, notamment en l&rsquo;absence de Paul Pogba et Karim Benzema. \u00c0 la veille de l&rsquo;ent\u00e9e en lice des Bleus, son r\u00f4le sera multiple. Sa responsabilit\u00e9 sur le terrain et en tant que capitaine seront des facteurs essentiels \u00e0 une r\u00e9ussite fran\u00e7aise pour conserver le titre de champion du monde.<\/strong><\/em><\/p>\n<h2 style=\"text-align: justify;\"><span style=\"font-size: 24px;\"><strong>Une exp\u00e9rience de capitaine acquise rapidement<\/strong><\/span><\/h2>\n<p style=\"text-align: justify;\">Constater qu\u2019<strong>Hugo Lloris<\/strong> porte le brassard de capitaine n\u2019est plus une surprise, tellement il a su endosser ce r\u00f4le avec les <strong>Bleus<\/strong> (d\u00e9tenant le record du nombre de capitanats avec 115 matchs) et avec <strong>Tottenham<\/strong> (depuis 2015). Ce leadership qu\u2019il incarne depuis plusieurs ann\u00e9es est caract\u00e9ristique de ce joueur, tant il arrive \u00e0 contr\u00f4ler toutes les responsabilit\u00e9s qui lui sont confi\u00e9es. Lloris a connu ce r\u00f4le de capitaine rapidement dans sa carri\u00e8re, car il avait d\u00e9j\u00e0 port\u00e9 le brassard chez les jeunes \u00e0 <strong>l\u2019OGC Nice<\/strong>, en professionnel avec l\u2019<strong>Olympique Lyonnais<\/strong>, mais surtout avec les Spurs.<\/p>\n<p style=\"text-align: justify;\">M\u00eame si depuis son arriv\u00e9e en 2012 dans le club londonien, la situation a parfois \u00e9t\u00e9 compliqu\u00e9e (sur le terrain et avec le public), le Fran\u00e7ais a toujours port\u00e9 sa fid\u00e8le \u00e9quipe dans les moments difficiles. Malgr\u00e9 son impact sur le terrain et dans le vestiaire, son importance a trop souvent \u00e9t\u00e9 minimis\u00e9e. Mais cela ne l&rsquo;a pas emp\u00each\u00e9 d\u2019assumer son statut pour faire grandir Tottenham. L\u2019accession en <strong>finale de la Ligue des Champions en 2019<\/strong> avec les Spurs constitue une certaine cons\u00e9cration pour le Fran\u00e7ais. Ce parcours exceptionnel symbolise l\u2019importance de l\u2019ancien Lyonnais dans cet effectif et sa capacit\u00e9 de pers\u00e9v\u00e9rance malgr\u00e9 les critiques. Parfois d\u00e9cri\u00e9 en club ou en s\u00e9lection, il est ind\u00e9niable que sa pr\u00e9sence sur le terrain en tant que capitaine est d\u00e9cisive dans la r\u00e9ussite de l\u2019effectif dans lequel il \u00e9volue.<\/p>\n<div id=\"attachment_281082\" style=\"width: 750px\" class=\"wp-caption aligncenter\"><a href=\"https:\/\/dicodusport.fr\/blog\/wp-content\/uploads\/2022\/10\/Hugo-Lloris-latout-calme-des-Bleus-scaled.jpg\"><img loading=\"lazy\" decoding=\"async\" aria-describedby=\"caption-attachment-281082\" class=\"size-large wp-image-281082\" src=\"https:\/\/dicodusport.fr\/blog\/wp-content\/uploads\/2022\/10\/Hugo-Lloris-latout-calme-des-Bleus-1024x683.jpg\" alt=\"Hugo Lloris, l'atout calme des Bleus\" width=\"740\" height=\"494\" srcset=\"https:\/\/dicodusport.fr\/blog\/wp-content\/uploads\/2022\/10\/Hugo-Lloris-latout-calme-des-Bleus-1024x683.jpg 1024w, https:\/\/dicodusport.fr\/blog\/wp-content\/uploads\/2022\/10\/Hugo-Lloris-latout-calme-des-Bleus-300x200.jpg 300w, https:\/\/dicodusport.fr\/blog\/wp-content\/uploads\/2022\/10\/Hugo-Lloris-latout-calme-des-Bleus-768x512.jpg 768w, https:\/\/dicodusport.fr\/blog\/wp-content\/uploads\/2022\/10\/Hugo-Lloris-latout-calme-des-Bleus-1536x1024.jpg 1536w, https:\/\/dicodusport.fr\/blog\/wp-content\/uploads\/2022\/10\/Hugo-Lloris-latout-calme-des-Bleus-2048x1365.jpg 2048w\" sizes=\"auto, (max-width: 740px) 100vw, 740px\" \/><\/a><p id=\"caption-attachment-281082\" class=\"wp-caption-text\">Hugo Lloris, l&rsquo;atout calme des Bleus &#8211; Photo Icon Sport<\/p><\/div>\n<h2>Un leader des Bleus incontestable<\/h2>\n<p style=\"text-align: justify;\">En effet, m\u00eame si son \u00e9volution commune avec Tottenham est impressionnante, c\u2019est principalement avec les Bleus qu\u2019<strong>Hugo Lloris<\/strong> a marqu\u00e9 l\u2019histoire. Capitaine pour la premi\u00e8re fois en 2010, son statut a tr\u00e8s peu \u00e9t\u00e9 remis en cause, tant il a su prouver qu\u2019il l\u2019assumait pleinement. Ses premi\u00e8res exp\u00e9riences internationales \u00e9tant arriv\u00e9es dans un contexte d\u00e9licat pour l\u2019\u00e9quipe de France (Coupes du monde 2010 et 2014 ainsi que l\u2019Euro 2012), Lloris a \u00e9galement d\u00fb porter les critiques de son effectif.<\/p>\n<p style=\"text-align: justify;\">Mais, \u00e0 l\u2019image de son \u00e9volution avec Tottenham, il a confirm\u00e9 son statut de capitaine en Bleus pour apporter \u00e0 la France <strong>le titre de champion du monde en 2018<\/strong>. D\u00e9j\u00e0 finaliste (et capitaine) de l\u2019<strong>Euro 2016<\/strong> \u00e0 domicile, il a su passer un r\u00e9el cap dans sa carri\u00e8re. Cette multitude de performances exceptionnelles en quelques ann\u00e9es a (enfin) servi \u00e0 l\u00e9gitimer le port du brassard.<\/p>\n<h2>L&rsquo;importance de sa voix dans une \u00e9quipe de France incertaine<\/h2>\n<p style=\"text-align: justify;\">L\u2019accumulation de ces matchs en tant que capitaine font d\u2019<strong>Hugo Lloris<\/strong> un des joueurs les plus exp\u00e9riment\u00e9s dans ce secteur \u00e0 l\u2019heure actuelle, d\u2019autant plus dans l\u2019effectif fran\u00e7ais, qui s\u2019appr\u00eate \u00e0 disputer la Coupe du monde. La baisse de forme des anciens leaders champions du monde avec les Bleus en 2018 est ind\u00e9niable et rend le r\u00f4le d\u2019Hugo Lloris encore plus important.<\/p>\n<p style=\"text-align: justify;\">Alors que les conditions physiques de <strong>Paul Pogba<\/strong> et <strong>Karim Benzema<\/strong> sont out, le cas d\u2019<strong>Antoine Griezmann<\/strong> n\u2019est gu\u00e8re plus positif. Son manque de confiance avec l\u2019Atl\u00e9tico de Madrid depuis le d\u00e9but de saison ne lui permet pas de pr\u00e9tendre assumer un r\u00f4le aussi important pour d\u00e9fendre un titre de champion du monde. Les qualit\u00e9s footballistiques des jeunes joueurs fran\u00e7ais sont exceptionnelles, mais la diff\u00e9rence qu\u2019ils ont avec l\u2019exp\u00e9rience internationale d\u2019<strong>Hugo Lloris<\/strong> ne leur permet pas non plus d\u2019aspirer \u00e0 de telles responsabilit\u00e9s.<\/p>\n<p style=\"text-align: justify;\">Le respect naturel qu\u2019il d\u00e9gage ainsi que son temp\u00e9rament jug\u00e9 calme et pos\u00e9 font de lui un joueur \u00e9cout\u00e9 sur et en dehors du terrain. Son excellente forme en club jumel\u00e9e \u00e0 l\u2019envie de conserver <strong>le titre de champion du monde au Qatar<\/strong>, peuvent annoncer de belles performances du gardien titulaire des Bleus, au sein d&rsquo;un <a href=\"https:\/\/dicodusport.fr\/blog\/calendrier-et-resultats-groupe-d-coupe-du-monde-de-football\/\">groupe D<\/a> \u00e0 la port\u00e9e de l&rsquo;\u00e9quipe de France. Son exp\u00e9rience des grands rendez-vous, ainsi que sa l\u00e9gitim\u00e9 dans le vestiaire tricolore, font de lui le principal leader de l\u2019effectif. Les doutes fran\u00e7ais \u00e0 la veille de l&rsquo;entr\u00e9e en lice des Bleus, vont rendre le r\u00f4le d\u2019Hugo Lloris encore plus important et pr\u00e9gnant pendant cette comp\u00e9tition.<\/p>\n<p><span class=\"Xmu8tPjgBgLxw5tPZipo3rHoIKkp6AvJsXUqnHQS7nZlhQj81b7CB0y3CsfiV2ID2WEzVxYR\"><\/p>\n<blockquote class=\"wp-embedded-content\" data-secret=\"jXpdWOQlER\"><p><a href=\"https:\/\/dicodusport.fr\/blog\/coupe-du-monde-de-football-2022-calendrier-et-resultats-des-bleus\/\">Coupe du monde de football 2022 &#8211; Calendrier et r\u00e9sultats des Bleus<\/a><\/p><\/blockquote>\n<p><iframe loading=\"lazy\" class=\"wp-embedded-content\" sandbox=\"allow-scripts\" security=\"restricted\" style=\"position: absolute; clip: rect(1px, 1px, 1px, 1px);\" title=\"\u00ab\u00a0Coupe du monde de football 2022 &#8211; Calendrier et r\u00e9sultats des Bleus\u00a0\u00bb &#8212; Dicodusport\" src=\"https:\/\/dicodusport.fr\/blog\/coupe-du-monde-de-football-2022-calendrier-et-resultats-des-bleus\/embed\/#?secret=MHQBiffF28#?secret=jXpdWOQlER\" data-secret=\"jXpdWOQlER\" width=\"600\" height=\"338\" frameborder=\"0\" marginwidth=\"0\" marginheight=\"0\" scrolling=\"no\"><\/iframe><\/span><\/p>\n","protected":false},"excerpt":{"rendered":"<p>COUPE DU MONDE DE FOOTBALL 2022 &#8211; Alors que son d\u00e9but de saison est globalement r\u00e9ussi avec Tottenham, Hugo Lloris s\u2019affirme encore plus comme le leader incontest\u00e9 de l\u2019\u00e9quipe de France, notamment en l&rsquo;absence de Paul Pogba et Karim Benzema. \u00c0 la veille de l&rsquo;ent\u00e9e en lice des Bleus, son r\u00f4le sera multiple. Sa responsabilit\u00e9 sur le terrain et en tant que capitaine seront des facteurs essentiels \u00e0 une r\u00e9ussite fran\u00e7aise pour conserver le titre de champion du monde.<\/p>\n","protected":false},"author":76,"featured_media":281081,"comment_status":"open","ping_status":"closed","sticky":false,"template":"","format":"standard","meta":{"_acf_changed":false,"_daextam_enable_autolinks":"","footnotes":""},"categories":[47043,2301],"tags":[75,3534,24],"class_list":["post-273600","post","type-post","status-publish","format-standard","has-post-thumbnail","hentry","category-coupe-du-monde-de-football","category-football","tag-football","tag-hugo-lloris","tag-sport"],"acf":[],"yoast_head":"<!-- This site is optimized with the Yoast SEO Premium plugin v26.7 (Yoast SEO v26.7) - https:\/\/yoast.com\/wordpress\/plugins\/seo\/ -->\n<title>France : Hugo Lloris, le capitaine indispensable<\/title>\n<meta name=\"description\" content=\"Pour la Coupe du monde, Hugo Lloris endossera le r\u00f4le de capitaine. Une t\u00e2che d&#039;autant plus importante dans le contexte actuel des Bleus.\" \/>\n<meta name=\"robots\" content=\"index, follow, max-snippet:-1, max-image-preview:large, max-video-preview:-1\" \/>\n<link rel=\"canonical\" href=\"https:\/\/dicodusport.fr\/blog\/france-hugo-lloris-le-capitaine-indispensable\/\" \/>\n<meta property=\"og:locale\" content=\"fr_FR\" \/>\n<meta property=\"og:type\" content=\"article\" \/>\n<meta property=\"og:title\" content=\"France : Hugo Lloris, le capitaine indispensable\" \/>\n<meta property=\"og:description\" content=\"Pour la Coupe du monde, Hugo Lloris endossera le r\u00f4le de capitaine. Une t\u00e2che d&#039;autant plus importante dans le contexte actuel des Bleus.\" \/>\n<meta property=\"og:url\" content=\"https:\/\/dicodusport.fr\/blog\/france-hugo-lloris-le-capitaine-indispensable\/\" \/>\n<meta property=\"og:site_name\" content=\"Dicodusport\" \/>\n<meta property=\"article:publisher\" content=\"https:\/\/www.facebook.com\/dicodusport\" \/>\n<meta property=\"article:published_time\" content=\"2022-11-21T12:12:57+00:00\" \/>\n<meta property=\"article:modified_time\" content=\"2022-11-21T17:31:12+00:00\" \/>\n<meta property=\"og:image\" content=\"https:\/\/dicodusport.fr\/blog\/wp-content\/uploads\/2022\/10\/France-Hugo-Lloris-le-Capitaine-indispensable.png\" \/>\n\t<meta property=\"og:image:width\" content=\"800\" \/>\n\t<meta property=\"og:image:height\" content=\"445\" \/>\n\t<meta property=\"og:image:type\" content=\"image\/png\" \/>\n<meta name=\"author\" content=\"Tom Lacaille\" \/>\n<meta name=\"twitter:card\" content=\"summary_large_image\" \/>\n<meta name=\"twitter:title\" content=\"France : Hugo Lloris, le capitaine indispensable\" \/>\n<meta name=\"twitter:creator\" content=\"@Tom Lacaille\" \/>\n<meta name=\"twitter:site\" content=\"@dicodusport\" \/>\n<script type=\"application\/ld+json\" class=\"yoast-schema-graph\">{\"@context\":\"https:\/\/schema.org\",\"@graph\":[{\"@type\":\"NewsArticle\",\"@id\":\"https:\/\/dicodusport.fr\/blog\/france-hugo-lloris-le-capitaine-indispensable\/#article\",\"isPartOf\":{\"@id\":\"https:\/\/dicodusport.fr\/blog\/france-hugo-lloris-le-capitaine-indispensable\/\"},\"author\":{\"name\":\"Tom Lacaille\",\"@id\":\"https:\/\/dicodusport.fr\/blog\/#\/schema\/person\/8b8ec0dc77c31efd8fe9820383d505b3\"},\"headline\":\"France : Hugo Lloris, le capitaine indispensable\",\"datePublished\":\"2022-11-21T12:12:57+00:00\",\"dateModified\":\"2022-11-21T17:31:12+00:00\",\"mainEntityOfPage\":{\"@id\":\"https:\/\/dicodusport.fr\/blog\/france-hugo-lloris-le-capitaine-indispensable\/\"},\"wordCount\":859,\"commentCount\":0,\"publisher\":{\"@id\":\"https:\/\/dicodusport.fr\/blog\/#organization\"},\"image\":{\"@id\":\"https:\/\/dicodusport.fr\/blog\/france-hugo-lloris-le-capitaine-indispensable\/#primaryimage\"},\"thumbnailUrl\":\"https:\/\/dicodusport.fr\/blog\/wp-content\/uploads\/2022\/10\/France-Hugo-Lloris-le-Capitaine-indispensable.png\",\"keywords\":[\"Football\",\"Hugo Lloris\",\"sport\"],\"articleSection\":[\"Coupe du monde de football\",\"Football\"],\"inLanguage\":\"fr-FR\",\"potentialAction\":[{\"@type\":\"CommentAction\",\"name\":\"Comment\",\"target\":[\"https:\/\/dicodusport.fr\/blog\/france-hugo-lloris-le-capitaine-indispensable\/#respond\"]}],\"copyrightYear\":\"2022\",\"copyrightHolder\":{\"@id\":\"https:\/\/dicodusport.fr\/blog\/#organization\"}},{\"@type\":\"WebPage\",\"@id\":\"https:\/\/dicodusport.fr\/blog\/france-hugo-lloris-le-capitaine-indispensable\/\",\"url\":\"https:\/\/dicodusport.fr\/blog\/france-hugo-lloris-le-capitaine-indispensable\/\",\"name\":\"France : Hugo Lloris, le capitaine indispensable\",\"isPartOf\":{\"@id\":\"https:\/\/dicodusport.fr\/blog\/#website\"},\"primaryImageOfPage\":{\"@id\":\"https:\/\/dicodusport.fr\/blog\/france-hugo-lloris-le-capitaine-indispensable\/#primaryimage\"},\"image\":{\"@id\":\"https:\/\/dicodusport.fr\/blog\/france-hugo-lloris-le-capitaine-indispensable\/#primaryimage\"},\"thumbnailUrl\":\"https:\/\/dicodusport.fr\/blog\/wp-content\/uploads\/2022\/10\/France-Hugo-Lloris-le-Capitaine-indispensable.png\",\"datePublished\":\"2022-11-21T12:12:57+00:00\",\"dateModified\":\"2022-11-21T17:31:12+00:00\",\"description\":\"Pour la Coupe du monde, Hugo Lloris endossera le r\u00f4le de capitaine. Une t\u00e2che d'autant plus importante dans le contexte actuel des Bleus.\",\"breadcrumb\":{\"@id\":\"https:\/\/dicodusport.fr\/blog\/france-hugo-lloris-le-capitaine-indispensable\/#breadcrumb\"},\"inLanguage\":\"fr-FR\",\"potentialAction\":[{\"@type\":\"ReadAction\",\"target\":[\"https:\/\/dicodusport.fr\/blog\/france-hugo-lloris-le-capitaine-indispensable\/\"]}]},{\"@type\":\"ImageObject\",\"inLanguage\":\"fr-FR\",\"@id\":\"https:\/\/dicodusport.fr\/blog\/france-hugo-lloris-le-capitaine-indispensable\/#primaryimage\",\"url\":\"https:\/\/dicodusport.fr\/blog\/wp-content\/uploads\/2022\/10\/France-Hugo-Lloris-le-Capitaine-indispensable.png\",\"contentUrl\":\"https:\/\/dicodusport.fr\/blog\/wp-content\/uploads\/2022\/10\/France-Hugo-Lloris-le-Capitaine-indispensable.png\",\"width\":800,\"height\":445,\"caption\":\"France Hugo Lloris, le Capitaine indispensable\"},{\"@type\":\"BreadcrumbList\",\"@id\":\"https:\/\/dicodusport.fr\/blog\/france-hugo-lloris-le-capitaine-indispensable\/#breadcrumb\",\"itemListElement\":[{\"@type\":\"ListItem\",\"position\":1,\"name\":\"Accueil\",\"item\":\"https:\/\/dicodusport.fr\/blog\/\"},{\"@type\":\"ListItem\",\"position\":2,\"name\":\"France : Hugo Lloris, le capitaine indispensable\"}]},{\"@type\":\"WebSite\",\"@id\":\"https:\/\/dicodusport.fr\/blog\/#website\",\"url\":\"https:\/\/dicodusport.fr\/blog\/\",\"name\":\"Dicodusport\",\"description\":\"L&#039;encyclop\u00e9die de l&#039;actualit\u00e9 sportive\",\"publisher\":{\"@id\":\"https:\/\/dicodusport.fr\/blog\/#organization\"},\"potentialAction\":[{\"@type\":\"SearchAction\",\"target\":{\"@type\":\"EntryPoint\",\"urlTemplate\":\"https:\/\/dicodusport.fr\/blog\/?s={search_term_string}\"},\"query-input\":{\"@type\":\"PropertyValueSpecification\",\"valueRequired\":true,\"valueName\":\"search_term_string\"}}],\"inLanguage\":\"fr-FR\"},{\"@type\":\"NewsMediaOrganization\",\"@id\":\"https:\/\/dicodusport.fr\/blog\/#organization\",\"name\":\"Dicodusport\",\"url\":\"https:\/\/dicodusport.fr\/blog\/\",\"logo\":{\"@type\":\"ImageObject\",\"inLanguage\":\"fr-FR\",\"@id\":\"https:\/\/dicodusport.fr\/blog\/#\/schema\/logo\/image\/\",\"url\":\"https:\/\/dicodusport.fr\/blog\/wp-content\/uploads\/2020\/06\/cropped-LOGO-DICODUSPORT-2020-SANS-FOND-SANS-TEXTE.png\",\"contentUrl\":\"https:\/\/dicodusport.fr\/blog\/wp-content\/uploads\/2020\/06\/cropped-LOGO-DICODUSPORT-2020-SANS-FOND-SANS-TEXTE.png\",\"width\":512,\"height\":512,\"caption\":\"Dicodusport\"},\"image\":{\"@id\":\"https:\/\/dicodusport.fr\/blog\/#\/schema\/logo\/image\/\"},\"sameAs\":[\"https:\/\/www.facebook.com\/dicodusport\",\"https:\/\/x.com\/dicodusport\",\"https:\/\/www.instagram.com\/dicodusport\/\",\"https:\/\/www.youtube.com\/channel\/UC7V2KZ5sd3htJivAbA4ZG3w\"],\"description\":\"Dicodusport est l'encyclop\u00e9die de l'actualit\u00e9 sportive.\",\"email\":\"bonjour@dicodusport.fr\",\"legalName\":\"DICODUSPORT\",\"foundingDate\":\"2018-01-14\",\"vatID\":\"FR71834470973\",\"taxID\":\"83447097300043\",\"numberOfEmployees\":{\"@type\":\"QuantitativeValue\",\"minValue\":\"1\",\"maxValue\":\"10\"}},{\"@type\":\"Person\",\"@id\":\"https:\/\/dicodusport.fr\/blog\/#\/schema\/person\/8b8ec0dc77c31efd8fe9820383d505b3\",\"name\":\"Tom Lacaille\",\"image\":{\"@type\":\"ImageObject\",\"inLanguage\":\"fr-FR\",\"@id\":\"https:\/\/dicodusport.fr\/blog\/#\/schema\/person\/image\/\",\"url\":\"https:\/\/dicodusport.fr\/blog\/wp-content\/uploads\/2022\/10\/photo-profil-150x150.jpg\",\"contentUrl\":\"https:\/\/dicodusport.fr\/blog\/wp-content\/uploads\/2022\/10\/photo-profil-150x150.jpg\",\"caption\":\"Tom Lacaille\"},\"description\":\"Actuellement \u00e2g\u00e9 de 19 ans, ma passion du sport est berc\u00e9e par la descente aux enfers des Verts, la d\u00e9gringolade de l'ASM Clermont et le futur triomphe des Celtics. En toute logique, je suis un grand passionn\u00e9 de sport et j'essaie de retranscrire mes analyses dans les articles. Le r\u00eave d'\u00eatre journaliste est ma principale source de motivation, en esp\u00e9rant (un jour) apporter un air nouveau \u00e0 ce si beau secteur.\",\"sameAs\":[\"https:\/\/x.com\/Tom Lacaille\"],\"url\":\"https:\/\/dicodusport.fr\/blog\/author\/tom-lacaille\/\"}]}<\/script>\n<!-- \/ Yoast SEO Premium plugin. -->","yoast_head_json":{"title":"France : Hugo Lloris, le capitaine indispensable","description":"Pour la Coupe du monde, Hugo Lloris endossera le r\u00f4le de capitaine. Une t\u00e2che d'autant plus importante dans le contexte actuel des Bleus.","robots":{"index":"index","follow":"follow","max-snippet":"max-snippet:-1","max-image-preview":"max-image-preview:large","max-video-preview":"max-video-preview:-1"},"canonical":"https:\/\/dicodusport.fr\/blog\/france-hugo-lloris-le-capitaine-indispensable\/","og_locale":"fr_FR","og_type":"article","og_title":"France : Hugo Lloris, le capitaine indispensable","og_description":"Pour la Coupe du monde, Hugo Lloris endossera le r\u00f4le de capitaine. Une t\u00e2che d'autant plus importante dans le contexte actuel des Bleus.","og_url":"https:\/\/dicodusport.fr\/blog\/france-hugo-lloris-le-capitaine-indispensable\/","og_site_name":"Dicodusport","article_publisher":"https:\/\/www.facebook.com\/dicodusport","article_published_time":"2022-11-21T12:12:57+00:00","article_modified_time":"2022-11-21T17:31:12+00:00","og_image":[{"width":800,"height":445,"url":"https:\/\/dicodusport.fr\/blog\/wp-content\/uploads\/2022\/10\/France-Hugo-Lloris-le-Capitaine-indispensable.png","type":"image\/png"}],"author":"Tom Lacaille","twitter_card":"summary_large_image","twitter_title":"France : Hugo Lloris, le capitaine indispensable","twitter_creator":"@Tom Lacaille","twitter_site":"@dicodusport","schema":{"@context":"https:\/\/schema.org","@graph":[{"@type":"NewsArticle","@id":"https:\/\/dicodusport.fr\/blog\/france-hugo-lloris-le-capitaine-indispensable\/#article","isPartOf":{"@id":"https:\/\/dicodusport.fr\/blog\/france-hugo-lloris-le-capitaine-indispensable\/"},"author":{"name":"Tom Lacaille","@id":"https:\/\/dicodusport.fr\/blog\/#\/schema\/person\/8b8ec0dc77c31efd8fe9820383d505b3"},"headline":"France : Hugo Lloris, le capitaine indispensable","datePublished":"2022-11-21T12:12:57+00:00","dateModified":"2022-11-21T17:31:12+00:00","mainEntityOfPage":{"@id":"https:\/\/dicodusport.fr\/blog\/france-hugo-lloris-le-capitaine-indispensable\/"},"wordCount":859,"commentCount":0,"publisher":{"@id":"https:\/\/dicodusport.fr\/blog\/#organization"},"image":{"@id":"https:\/\/dicodusport.fr\/blog\/france-hugo-lloris-le-capitaine-indispensable\/#primaryimage"},"thumbnailUrl":"https:\/\/dicodusport.fr\/blog\/wp-content\/uploads\/2022\/10\/France-Hugo-Lloris-le-Capitaine-indispensable.png","keywords":["Football","Hugo Lloris","sport"],"articleSection":["Coupe du monde de football","Football"],"inLanguage":"fr-FR","potentialAction":[{"@type":"CommentAction","name":"Comment","target":["https:\/\/dicodusport.fr\/blog\/france-hugo-lloris-le-capitaine-indispensable\/#respond"]}],"copyrightYear":"2022","copyrightHolder":{"@id":"https:\/\/dicodusport.fr\/blog\/#organization"}},{"@type":"WebPage","@id":"https:\/\/dicodusport.fr\/blog\/france-hugo-lloris-le-capitaine-indispensable\/","url":"https:\/\/dicodusport.fr\/blog\/france-hugo-lloris-le-capitaine-indispensable\/","name":"France : Hugo Lloris, le capitaine indispensable","isPartOf":{"@id":"https:\/\/dicodusport.fr\/blog\/#website"},"primaryImageOfPage":{"@id":"https:\/\/dicodusport.fr\/blog\/france-hugo-lloris-le-capitaine-indispensable\/#primaryimage"},"image":{"@id":"https:\/\/dicodusport.fr\/blog\/france-hugo-lloris-le-capitaine-indispensable\/#primaryimage"},"thumbnailUrl":"https:\/\/dicodusport.fr\/blog\/wp-content\/uploads\/2022\/10\/France-Hugo-Lloris-le-Capitaine-indispensable.png","datePublished":"2022-11-21T12:12:57+00:00","dateModified":"2022-11-21T17:31:12+00:00","description":"Pour la Coupe du monde, Hugo Lloris endossera le r\u00f4le de capitaine. Une t\u00e2che d'autant plus importante dans le contexte actuel des Bleus.","breadcrumb":{"@id":"https:\/\/dicodusport.fr\/blog\/france-hugo-lloris-le-capitaine-indispensable\/#breadcrumb"},"inLanguage":"fr-FR","potentialAction":[{"@type":"ReadAction","target":["https:\/\/dicodusport.fr\/blog\/france-hugo-lloris-le-capitaine-indispensable\/"]}]},{"@type":"ImageObject","inLanguage":"fr-FR","@id":"https:\/\/dicodusport.fr\/blog\/france-hugo-lloris-le-capitaine-indispensable\/#primaryimage","url":"https:\/\/dicodusport.fr\/blog\/wp-content\/uploads\/2022\/10\/France-Hugo-Lloris-le-Capitaine-indispensable.png","contentUrl":"https:\/\/dicodusport.fr\/blog\/wp-content\/uploads\/2022\/10\/France-Hugo-Lloris-le-Capitaine-indispensable.png","width":800,"height":445,"caption":"France Hugo Lloris, le Capitaine indispensable"},{"@type":"BreadcrumbList","@id":"https:\/\/dicodusport.fr\/blog\/france-hugo-lloris-le-capitaine-indispensable\/#breadcrumb","itemListElement":[{"@type":"ListItem","position":1,"name":"Accueil","item":"https:\/\/dicodusport.fr\/blog\/"},{"@type":"ListItem","position":2,"name":"France : Hugo Lloris, le capitaine indispensable"}]},{"@type":"WebSite","@id":"https:\/\/dicodusport.fr\/blog\/#website","url":"https:\/\/dicodusport.fr\/blog\/","name":"Dicodusport","description":"L&#039;encyclop\u00e9die de l&#039;actualit\u00e9 sportive","publisher":{"@id":"https:\/\/dicodusport.fr\/blog\/#organization"},"potentialAction":[{"@type":"SearchAction","target":{"@type":"EntryPoint","urlTemplate":"https:\/\/dicodusport.fr\/blog\/?s={search_term_string}"},"query-input":{"@type":"PropertyValueSpecification","valueRequired":true,"valueName":"search_term_string"}}],"inLanguage":"fr-FR"},{"@type":"NewsMediaOrganization","@id":"https:\/\/dicodusport.fr\/blog\/#organization","name":"Dicodusport","url":"https:\/\/dicodusport.fr\/blog\/","logo":{"@type":"ImageObject","inLanguage":"fr-FR","@id":"https:\/\/dicodusport.fr\/blog\/#\/schema\/logo\/image\/","url":"https:\/\/dicodusport.fr\/blog\/wp-content\/uploads\/2020\/06\/cropped-LOGO-DICODUSPORT-2020-SANS-FOND-SANS-TEXTE.png","contentUrl":"https:\/\/dicodusport.fr\/blog\/wp-content\/uploads\/2020\/06\/cropped-LOGO-DICODUSPORT-2020-SANS-FOND-SANS-TEXTE.png","width":512,"height":512,"caption":"Dicodusport"},"image":{"@id":"https:\/\/dicodusport.fr\/blog\/#\/schema\/logo\/image\/"},"sameAs":["https:\/\/www.facebook.com\/dicodusport","https:\/\/x.com\/dicodusport","https:\/\/www.instagram.com\/dicodusport\/","https:\/\/www.youtube.com\/channel\/UC7V2KZ5sd3htJivAbA4ZG3w"],"description":"Dicodusport est l'encyclop\u00e9die de l'actualit\u00e9 sportive.","email":"bonjour@dicodusport.fr","legalName":"DICODUSPORT","foundingDate":"2018-01-14","vatID":"FR71834470973","taxID":"83447097300043","numberOfEmployees":{"@type":"QuantitativeValue","minValue":"1","maxValue":"10"}},{"@type":"Person","@id":"https:\/\/dicodusport.fr\/blog\/#\/schema\/person\/8b8ec0dc77c31efd8fe9820383d505b3","name":"Tom Lacaille","image":{"@type":"ImageObject","inLanguage":"fr-FR","@id":"https:\/\/dicodusport.fr\/blog\/#\/schema\/person\/image\/","url":"https:\/\/dicodusport.fr\/blog\/wp-content\/uploads\/2022\/10\/photo-profil-150x150.jpg","contentUrl":"https:\/\/dicodusport.fr\/blog\/wp-content\/uploads\/2022\/10\/photo-profil-150x150.jpg","caption":"Tom Lacaille"},"description":"Actuellement \u00e2g\u00e9 de 19 ans, ma passion du sport est berc\u00e9e par la descente aux enfers des Verts, la d\u00e9gringolade de l'ASM Clermont et le futur triomphe des Celtics. En toute logique, je suis un grand passionn\u00e9 de sport et j'essaie de retranscrire mes analyses dans les articles. Le r\u00eave d'\u00eatre journaliste est ma principale source de motivation, en esp\u00e9rant (un jour) apporter un air nouveau \u00e0 ce si beau secteur.","sameAs":["https:\/\/x.com\/Tom Lacaille"],"url":"https:\/\/dicodusport.fr\/blog\/author\/tom-lacaille\/"}]}},"_links":{"self":[{"href":"https:\/\/dicodusport.fr\/blog\/wp-json\/wp\/v2\/posts\/273600","targetHints":{"allow":["GET"]}}],"collection":[{"href":"https:\/\/dicodusport.fr\/blog\/wp-json\/wp\/v2\/posts"}],"about":[{"href":"https:\/\/dicodusport.fr\/blog\/wp-json\/wp\/v2\/types\/post"}],"author":[{"embeddable":true,"href":"https:\/\/dicodusport.fr\/blog\/wp-json\/wp\/v2\/users\/76"}],"replies":[{"embeddable":true,"href":"https:\/\/dicodusport.fr\/blog\/wp-json\/wp\/v2\/comments?post=273600"}],"version-history":[{"count":0,"href":"https:\/\/dicodusport.fr\/blog\/wp-json\/wp\/v2\/posts\/273600\/revisions"}],"wp:featuredmedia":[{"embeddable":true,"href":"https:\/\/dicodusport.fr\/blog\/wp-json\/wp\/v2\/media\/281081"}],"wp:attachment":[{"href":"https:\/\/dicodusport.fr\/blog\/wp-json\/wp\/v2\/media?parent=273600"}],"wp:term":[{"taxonomy":"category","embeddable":true,"href":"https:\/\/dicodusport.fr\/blog\/wp-json\/wp\/v2\/categories?post=273600"},{"taxonomy":"post_tag","embeddable":true,"href":"https:\/\/dicodusport.fr\/blog\/wp-json\/wp\/v2\/tags?post=273600"}],"curies":[{"name":"wp","href":"https:\/\/api.w.org\/{rel}","templated":true}]}}