{"id":273629,"date":"2022-10-28T07:55:17","date_gmt":"2022-10-28T05:55:17","guid":{"rendered":"https:\/\/dicodusport.fr\/blog\/?p=273629&#038;preview=true&#038;preview_id=273629"},"modified":"2022-10-28T08:22:36","modified_gmt":"2022-10-28T06:22:36","slug":"ligue-europa-conference-le-but-exceptionnel-de-francais-dandy-diouf-bale-face-a-vilnius","status":"publish","type":"post","link":"https:\/\/dicodusport.fr\/blog\/ligue-europa-conference-le-but-exceptionnel-de-francais-dandy-diouf-bale-face-a-vilnius\/","title":{"rendered":"Ligue Europa Conf\u00e9rence : Le but exceptionnel du Fran\u00e7ais Andy Diouf (B\u00e2le) face \u00e0 Vilnius"},"content":{"rendered":"<p style=\"text-align: justify;\"><b><i>Ligue Europa Conf\u00e9rence 2022-23 &#8211; Jeudi soir, le FC B\u00e2le avait l&rsquo;occasion de valider sa qualification pour le prochain tour de la Ligue Europa Conf\u00e9rence en cas de succ\u00e8s contre Vilnius. Malheureusement pour les Suisses, ils ont conc\u00e9d\u00e9 le nul malgr\u00e9 un but venu d&rsquo;une autre plan\u00e8te d&rsquo;Andy Diouf.<\/i><\/b><\/p>\n<p style=\"text-align: justify;\">B\u00e2le peut s&rsquo;en mordre les doigts. Alors qu&rsquo;ils pouvaient assurer leur qualification pour le prochain tour de la Ligue Europa Conf\u00e9rence ce jeudi, les Suisses ont craqu\u00e9 contre Vilnius.<\/p>\n<p style=\"text-align: justify;\">Pourtant, le d\u00e9but de match des locaux \u00e9tait id\u00e9al ! Apr\u00e8s seulement une minute de jeu, le Fran\u00e7ais<strong> Andy Diouf d\u00e9clenchait une frappe surpuissante<\/strong> \u00e0 l&rsquo;entr\u00e9e de la surface qui allait se loger dans la lucarne de Vilnius.<\/p>\n<blockquote class=\"twitter-tweet\">\n<p dir=\"ltr\" lang=\"fr\"><a href=\"https:\/\/twitter.com\/hashtag\/Pr%C3%AAtSRFC?src=hash&amp;ref_src=twsrc%5Etfw\">#Pr\u00eatSRFC<\/a><\/p>\n<p>&#x26bd;&#xfe0f; Andy <a href=\"https:\/\/twitter.com\/hashtag\/Diouf?src=hash&amp;ref_src=twsrc%5Etfw\">#Diouf<\/a> auteur d&rsquo;un magnifique but avec Bale ce soir en Conf\u00e9rence League <a href=\"https:\/\/t.co\/L5LPvhTs4E\">pic.twitter.com\/L5LPvhTs4E<\/a><\/p>\n<p>\u2014 Team SRFC &#x26ab; (@team_srfc) <a href=\"https:\/\/twitter.com\/team_srfc\/status\/1585727849750843394?ref_src=twsrc%5Etfw\">October 27, 2022<\/a><\/p><\/blockquote>\n<p><script async src=\"https:\/\/platform.twitter.com\/widgets.js\" charset=\"utf-8\"><\/script><\/p>\n<p style=\"text-align: justify;\">Dominateurs, les joueurs de B\u00e2le \u00e9taient \u00e0 plusieurs occasions proches de doubler la mise dans les minutes qui suivaient. Leurs efforts \u00e9taient d&rsquo;ailleurs r\u00e9compens\u00e9s lorsqu&rsquo;<strong>Andi Zeqiri envoyait une mine dans le plafond du but adverse<\/strong> pour faire 2-0. Un sc\u00e9nario id\u00e9al pour les locaux, qui semblaient bien partis pour aller d\u00e9crocher ce succ\u00e8s important.<\/p>\n<p style=\"text-align: justify;\">Quoi qu&rsquo;il en soit, Vilnius revenait bien dans le match et profitait de la baisse de r\u00e9gime de B\u00e2le pour se procurer des occasions. A seulement quelques minutes de la fin de la premi\u00e8re mi-temps, <strong>les Lituaniens revenaient d&rsquo;ailleurs \u00e0 2-1.<\/strong> Dans un exc\u00e8s de suffisance, le gardien du FCB, Marwin Hits, tentait de d\u00e9gager le ballon devant sa ligne mais se faisait contrer par Oyewusi Kehinde (2-1).<\/p>\n<p style=\"text-align: justify;\">A la sortie des vestiaires, B\u00e2le ne se montrait plus r\u00e9ellement dangereux et laissait un peu trop d&rsquo;espaces \u00e0 son adversaire. Il n&rsquo;en fallait d&rsquo;ailleurs pas plus pour que <strong>l&rsquo;in\u00e9vitable Oyewusi Kehinde se projette dans le dos de la d\u00e9fense suisse pour \u00e9galiser \u00e0 la 62e.<\/strong> Cette \u00e9galisation ne suscitait \u00e9tonnamment pas de grande r\u00e9action de la part des locaux. Malgr\u00e9 quelques demi-occasions en fin de match, <strong>B\u00e2le \u00e9tait contraint au nul<\/strong> apr\u00e8s avoir pourtant men\u00e9 2-0.<\/p>\n<p style=\"text-align: justify;\">Suite \u00e0 ce partage, B\u00e2le laisse la premi\u00e8re place du groupe au <strong>Slovan Bratislava<\/strong>. Pour se qualifier, les Suisses ne devront pas perdre lors de leur d\u00e9placement \u00e0<strong> Pyunik<\/strong> jeudi prochain.<\/p>\n<blockquote class=\"twitter-tweet\">\n<p dir=\"ltr\" lang=\"en\">FC Basel 2-2 FK \u017dalgiris<\/p>\n<p>It ends level at St. Jakob-Park tonight.<a href=\"https:\/\/twitter.com\/hashtag\/FCBFKZ?src=hash&amp;ref_src=twsrc%5Etfw\">#FCBFKZ<\/a> <a href=\"https:\/\/twitter.com\/hashtag\/UECL?src=hash&amp;ref_src=twsrc%5Etfw\">#UECL<\/a> <a href=\"https:\/\/twitter.com\/hashtag\/MirSinBasel?src=hash&amp;ref_src=twsrc%5Etfw\">#MirSinBasel<\/a> <a href=\"https:\/\/t.co\/YmiGZ1YBDd\">pic.twitter.com\/YmiGZ1YBDd<\/a><\/p>\n<p>\u2014 FC Basel 1893 (@FC_Basel_en) <a href=\"https:\/\/twitter.com\/FC_Basel_en\/status\/1585736534044516352?ref_src=twsrc%5Etfw\">October 27, 2022<\/a><\/p><\/blockquote>\n<h2 style=\"text-align: justify;\">Andy Diouf d\u00e9\u00e7u apr\u00e8s la rencontre<\/h2>\n<p style=\"text-align: justify;\">Auteur de l&rsquo;un des plus beaux buts de ce d\u00e9but de saison en Ligue Europa Conf\u00e9rence, <strong>Andy Diouf<\/strong> \u00e9tait pourtant loin d&rsquo;avoir le sourire apr\u00e8s la rencontre. <em>\u00ab On est tr\u00e8s d\u00e9\u00e7us ce soir. On avait bien commenc\u00e9 en nous mettant \u00e0 l&rsquo;abri tr\u00e8s vite. Malheureusement, par la suite, on s&rsquo;est repos\u00e9 sur nos acquis et \u00e7a nous a jou\u00e9 des tours \u00bb<\/em>,\u00a0 nous confiait-il. <em>\u00ab M\u00eame si comme je l&rsquo;ai dit, la d\u00e9ception est pr\u00e9sente, on reste tout de m\u00eame en bonne position pour aller chercher la qualification. Dans la logique des choses, cette qualification devrait d\u00e9j\u00e0 \u00eatre acquise, mais le foot r\u00e9serve parfois des surprises. \u00bb<\/em><\/p>\n<p style=\"text-align: justify;\">Pr\u00eat\u00e9 avec option d&rsquo;achat par Rennes,<strong> Andy Diouf est content d&rsquo;avoir rejoint B\u00e2le<\/strong> malgr\u00e9 le d\u00e9but de saison compliqu\u00e9 de son \u00e9quipe. <em>\u00ab Franchement, je me sens tr\u00e8s bien ici. Au fil des week-ends, je m&rsquo;int\u00e8gre de plus en plus. On a un bon groupe, qui est compos\u00e9 de bosseurs et de bons gars. Cela m&rsquo;a permis d&rsquo;avoir une adaptation facile. J&rsquo;esp\u00e8re d\u00e9sormais que cela va continuer ainsi. Je sens en tout cas que c&rsquo;est le club id\u00e9al pour me d\u00e9velopper. \u00bb<\/em><\/p>\n","protected":false},"excerpt":{"rendered":"<p>Ligue Europa Conf\u00e9rence 2022-23 &#8211; Jeudi soir, le FC B\u00e2le avait l&rsquo;occasion de valider sa qualification pour le prochain tour de la Ligue Europa Conf\u00e9rence en cas de succ\u00e8s contre Vilnius. Malheureusement pour les Suisses, ils ont conc\u00e9d\u00e9 le nul malgr\u00e9 un but venu d&rsquo;une autre plan\u00e8te d&rsquo;Andy Diouf.<\/p>\n","protected":false},"author":75,"featured_media":273651,"comment_status":"open","ping_status":"closed","sticky":false,"template":"","format":"standard","meta":{"_acf_changed":false,"_daextam_enable_autolinks":"","footnotes":""},"categories":[2301],"tags":[74,75,19580,1840],"class_list":["post-273629","post","type-post","status-publish","format-standard","has-post-thumbnail","hentry","category-football","tag-foot","tag-football","tag-ligue-europa-conference","tag-rennes"],"acf":[],"yoast_head":"<!-- This site is optimized with the Yoast SEO Premium plugin v26.7 (Yoast SEO v26.7) - https:\/\/yoast.com\/wordpress\/plugins\/seo\/ -->\n<title>Ligue Europa Conf\u00e9rence : Le but exceptionnel du Fran\u00e7ais Andy Diouf (B\u00e2le) face \u00e0 Vilnius<\/title>\n<meta name=\"description\" content=\"Ligue Europa Conf\u00e9rence 2022-23 - Jeudi soir, le FC B\u00e2le a conc\u00e9d\u00e9 le nul malgr\u00e9 un but venu d&#039;une autre plan\u00e8te d&#039;Andy Diouf.\" \/>\n<meta name=\"robots\" content=\"index, follow, max-snippet:-1, max-image-preview:large, max-video-preview:-1\" \/>\n<link rel=\"canonical\" href=\"https:\/\/dicodusport.fr\/blog\/ligue-europa-conference-le-but-exceptionnel-de-francais-dandy-diouf-bale-face-a-vilnius\/\" \/>\n<meta property=\"og:locale\" content=\"fr_FR\" \/>\n<meta property=\"og:type\" content=\"article\" \/>\n<meta property=\"og:title\" content=\"Ligue Europa Conf\u00e9rence : Le but exceptionnel du Fran\u00e7ais Andy Diouf (B\u00e2le) face \u00e0 Vilnius\" \/>\n<meta property=\"og:description\" content=\"Ligue Europa Conf\u00e9rence 2022-23 - Jeudi soir, le FC B\u00e2le a conc\u00e9d\u00e9 le nul malgr\u00e9 un but venu d&#039;une autre plan\u00e8te d&#039;Andy Diouf.\" \/>\n<meta property=\"og:url\" content=\"https:\/\/dicodusport.fr\/blog\/ligue-europa-conference-le-but-exceptionnel-de-francais-dandy-diouf-bale-face-a-vilnius\/\" \/>\n<meta property=\"og:site_name\" content=\"Dicodusport\" \/>\n<meta property=\"article:publisher\" content=\"https:\/\/www.facebook.com\/dicodusport\" \/>\n<meta property=\"article:published_time\" content=\"2022-10-28T05:55:17+00:00\" \/>\n<meta property=\"article:modified_time\" content=\"2022-10-28T06:22:36+00:00\" \/>\n<meta property=\"og:image\" content=\"https:\/\/dicodusport.fr\/blog\/wp-content\/uploads\/2022\/10\/Ligue-Europa-Conference-Le-but-exceptionnel-de-Francais-dAndy-Diouf-Bale-face-a-Vilnius.png\" \/>\n\t<meta property=\"og:image:width\" content=\"800\" \/>\n\t<meta property=\"og:image:height\" content=\"445\" \/>\n\t<meta property=\"og:image:type\" content=\"image\/png\" \/>\n<meta name=\"author\" content=\"Nicolas Evrard\" \/>\n<meta name=\"twitter:card\" content=\"summary_large_image\" \/>\n<meta name=\"twitter:title\" content=\"Ligue Europa Conf\u00e9rence : Le but exceptionnel du Fran\u00e7ais Andy Diouf (B\u00e2le) face \u00e0 Vilnius\" \/>\n<meta name=\"twitter:creator\" content=\"@dicodusport\" \/>\n<meta name=\"twitter:site\" content=\"@dicodusport\" \/>\n<script type=\"application\/ld+json\" class=\"yoast-schema-graph\">{\"@context\":\"https:\/\/schema.org\",\"@graph\":[{\"@type\":\"NewsArticle\",\"@id\":\"https:\/\/dicodusport.fr\/blog\/ligue-europa-conference-le-but-exceptionnel-de-francais-dandy-diouf-bale-face-a-vilnius\/#article\",\"isPartOf\":{\"@id\":\"https:\/\/dicodusport.fr\/blog\/ligue-europa-conference-le-but-exceptionnel-de-francais-dandy-diouf-bale-face-a-vilnius\/\"},\"author\":{\"name\":\"Nicolas Evrard\",\"@id\":\"https:\/\/dicodusport.fr\/blog\/#\/schema\/person\/d8e3150447bfc33eb9e15f324a158b6c\"},\"headline\":\"Ligue Europa Conf\u00e9rence : Le but exceptionnel du Fran\u00e7ais Andy Diouf (B\u00e2le) face \u00e0 Vilnius\",\"datePublished\":\"2022-10-28T05:55:17+00:00\",\"dateModified\":\"2022-10-28T06:22:36+00:00\",\"mainEntityOfPage\":{\"@id\":\"https:\/\/dicodusport.fr\/blog\/ligue-europa-conference-le-but-exceptionnel-de-francais-dandy-diouf-bale-face-a-vilnius\/\"},\"wordCount\":688,\"commentCount\":1,\"publisher\":{\"@id\":\"https:\/\/dicodusport.fr\/blog\/#organization\"},\"image\":{\"@id\":\"https:\/\/dicodusport.fr\/blog\/ligue-europa-conference-le-but-exceptionnel-de-francais-dandy-diouf-bale-face-a-vilnius\/#primaryimage\"},\"thumbnailUrl\":\"https:\/\/dicodusport.fr\/blog\/wp-content\/uploads\/2022\/10\/Ligue-Europa-Conference-Le-but-exceptionnel-de-Francais-dAndy-Diouf-Bale-face-a-Vilnius.png\",\"keywords\":[\"foot\",\"Football\",\"Ligue Europa Conf\u00e9rence\",\"Rennes\"],\"articleSection\":[\"Football\"],\"inLanguage\":\"fr-FR\",\"potentialAction\":[{\"@type\":\"CommentAction\",\"name\":\"Comment\",\"target\":[\"https:\/\/dicodusport.fr\/blog\/ligue-europa-conference-le-but-exceptionnel-de-francais-dandy-diouf-bale-face-a-vilnius\/#respond\"]}],\"copyrightYear\":\"2022\",\"copyrightHolder\":{\"@id\":\"https:\/\/dicodusport.fr\/blog\/#organization\"}},{\"@type\":\"WebPage\",\"@id\":\"https:\/\/dicodusport.fr\/blog\/ligue-europa-conference-le-but-exceptionnel-de-francais-dandy-diouf-bale-face-a-vilnius\/\",\"url\":\"https:\/\/dicodusport.fr\/blog\/ligue-europa-conference-le-but-exceptionnel-de-francais-dandy-diouf-bale-face-a-vilnius\/\",\"name\":\"Ligue Europa Conf\u00e9rence : Le but exceptionnel du Fran\u00e7ais Andy Diouf (B\u00e2le) face \u00e0 Vilnius\",\"isPartOf\":{\"@id\":\"https:\/\/dicodusport.fr\/blog\/#website\"},\"primaryImageOfPage\":{\"@id\":\"https:\/\/dicodusport.fr\/blog\/ligue-europa-conference-le-but-exceptionnel-de-francais-dandy-diouf-bale-face-a-vilnius\/#primaryimage\"},\"image\":{\"@id\":\"https:\/\/dicodusport.fr\/blog\/ligue-europa-conference-le-but-exceptionnel-de-francais-dandy-diouf-bale-face-a-vilnius\/#primaryimage\"},\"thumbnailUrl\":\"https:\/\/dicodusport.fr\/blog\/wp-content\/uploads\/2022\/10\/Ligue-Europa-Conference-Le-but-exceptionnel-de-Francais-dAndy-Diouf-Bale-face-a-Vilnius.png\",\"datePublished\":\"2022-10-28T05:55:17+00:00\",\"dateModified\":\"2022-10-28T06:22:36+00:00\",\"description\":\"Ligue Europa Conf\u00e9rence 2022-23 - Jeudi soir, le FC B\u00e2le a conc\u00e9d\u00e9 le nul malgr\u00e9 un but venu d'une autre plan\u00e8te d'Andy Diouf.\",\"breadcrumb\":{\"@id\":\"https:\/\/dicodusport.fr\/blog\/ligue-europa-conference-le-but-exceptionnel-de-francais-dandy-diouf-bale-face-a-vilnius\/#breadcrumb\"},\"inLanguage\":\"fr-FR\",\"potentialAction\":[{\"@type\":\"ReadAction\",\"target\":[\"https:\/\/dicodusport.fr\/blog\/ligue-europa-conference-le-but-exceptionnel-de-francais-dandy-diouf-bale-face-a-vilnius\/\"]}]},{\"@type\":\"ImageObject\",\"inLanguage\":\"fr-FR\",\"@id\":\"https:\/\/dicodusport.fr\/blog\/ligue-europa-conference-le-but-exceptionnel-de-francais-dandy-diouf-bale-face-a-vilnius\/#primaryimage\",\"url\":\"https:\/\/dicodusport.fr\/blog\/wp-content\/uploads\/2022\/10\/Ligue-Europa-Conference-Le-but-exceptionnel-de-Francais-dAndy-Diouf-Bale-face-a-Vilnius.png\",\"contentUrl\":\"https:\/\/dicodusport.fr\/blog\/wp-content\/uploads\/2022\/10\/Ligue-Europa-Conference-Le-but-exceptionnel-de-Francais-dAndy-Diouf-Bale-face-a-Vilnius.png\",\"width\":800,\"height\":445,\"caption\":\"Ligue Europa Conf\u00e9rence Le but exceptionnel de Fran\u00e7ais d'Andy Diouf (B\u00e2le) face \u00e0 Vilnius\"},{\"@type\":\"BreadcrumbList\",\"@id\":\"https:\/\/dicodusport.fr\/blog\/ligue-europa-conference-le-but-exceptionnel-de-francais-dandy-diouf-bale-face-a-vilnius\/#breadcrumb\",\"itemListElement\":[{\"@type\":\"ListItem\",\"position\":1,\"name\":\"Accueil\",\"item\":\"https:\/\/dicodusport.fr\/blog\/\"},{\"@type\":\"ListItem\",\"position\":2,\"name\":\"Ligue Europa Conf\u00e9rence : Le but exceptionnel du Fran\u00e7ais Andy Diouf (B\u00e2le) face \u00e0 Vilnius\"}]},{\"@type\":\"WebSite\",\"@id\":\"https:\/\/dicodusport.fr\/blog\/#website\",\"url\":\"https:\/\/dicodusport.fr\/blog\/\",\"name\":\"Dicodusport\",\"description\":\"L&#039;encyclop\u00e9die de l&#039;actualit\u00e9 sportive\",\"publisher\":{\"@id\":\"https:\/\/dicodusport.fr\/blog\/#organization\"},\"potentialAction\":[{\"@type\":\"SearchAction\",\"target\":{\"@type\":\"EntryPoint\",\"urlTemplate\":\"https:\/\/dicodusport.fr\/blog\/?s={search_term_string}\"},\"query-input\":{\"@type\":\"PropertyValueSpecification\",\"valueRequired\":true,\"valueName\":\"search_term_string\"}}],\"inLanguage\":\"fr-FR\"},{\"@type\":\"NewsMediaOrganization\",\"@id\":\"https:\/\/dicodusport.fr\/blog\/#organization\",\"name\":\"Dicodusport\",\"url\":\"https:\/\/dicodusport.fr\/blog\/\",\"logo\":{\"@type\":\"ImageObject\",\"inLanguage\":\"fr-FR\",\"@id\":\"https:\/\/dicodusport.fr\/blog\/#\/schema\/logo\/image\/\",\"url\":\"https:\/\/dicodusport.fr\/blog\/wp-content\/uploads\/2020\/06\/cropped-LOGO-DICODUSPORT-2020-SANS-FOND-SANS-TEXTE.png\",\"contentUrl\":\"https:\/\/dicodusport.fr\/blog\/wp-content\/uploads\/2020\/06\/cropped-LOGO-DICODUSPORT-2020-SANS-FOND-SANS-TEXTE.png\",\"width\":512,\"height\":512,\"caption\":\"Dicodusport\"},\"image\":{\"@id\":\"https:\/\/dicodusport.fr\/blog\/#\/schema\/logo\/image\/\"},\"sameAs\":[\"https:\/\/www.facebook.com\/dicodusport\",\"https:\/\/x.com\/dicodusport\",\"https:\/\/www.instagram.com\/dicodusport\/\",\"https:\/\/www.youtube.com\/channel\/UC7V2KZ5sd3htJivAbA4ZG3w\"],\"description\":\"Dicodusport est l'encyclop\u00e9die de l'actualit\u00e9 sportive.\",\"email\":\"bonjour@dicodusport.fr\",\"legalName\":\"DICODUSPORT\",\"foundingDate\":\"2018-01-14\",\"vatID\":\"FR71834470973\",\"taxID\":\"83447097300043\",\"numberOfEmployees\":{\"@type\":\"QuantitativeValue\",\"minValue\":\"1\",\"maxValue\":\"10\"}},{\"@type\":\"Person\",\"@id\":\"https:\/\/dicodusport.fr\/blog\/#\/schema\/person\/d8e3150447bfc33eb9e15f324a158b6c\",\"name\":\"Nicolas Evrard\",\"image\":{\"@type\":\"ImageObject\",\"inLanguage\":\"fr-FR\",\"@id\":\"https:\/\/dicodusport.fr\/blog\/#\/schema\/person\/image\/\",\"url\":\"https:\/\/dicodusport.fr\/blog\/wp-content\/uploads\/2022\/10\/Capture-150x150.png\",\"contentUrl\":\"https:\/\/dicodusport.fr\/blog\/wp-content\/uploads\/2022\/10\/Capture-150x150.png\",\"caption\":\"Nicolas Evrard\"},\"description\":\"Journaliste pour le groupe Rossel et pour Dicodusport.\",\"url\":\"https:\/\/dicodusport.fr\/blog\/author\/nicolas-evrard\/\"}]}<\/script>\n<!-- \/ Yoast SEO Premium plugin. -->","yoast_head_json":{"title":"Ligue Europa Conf\u00e9rence : Le but exceptionnel du Fran\u00e7ais Andy Diouf (B\u00e2le) face \u00e0 Vilnius","description":"Ligue Europa Conf\u00e9rence 2022-23 - Jeudi soir, le FC B\u00e2le a conc\u00e9d\u00e9 le nul malgr\u00e9 un but venu d'une autre plan\u00e8te d'Andy Diouf.","robots":{"index":"index","follow":"follow","max-snippet":"max-snippet:-1","max-image-preview":"max-image-preview:large","max-video-preview":"max-video-preview:-1"},"canonical":"https:\/\/dicodusport.fr\/blog\/ligue-europa-conference-le-but-exceptionnel-de-francais-dandy-diouf-bale-face-a-vilnius\/","og_locale":"fr_FR","og_type":"article","og_title":"Ligue Europa Conf\u00e9rence : Le but exceptionnel du Fran\u00e7ais Andy Diouf (B\u00e2le) face \u00e0 Vilnius","og_description":"Ligue Europa Conf\u00e9rence 2022-23 - Jeudi soir, le FC B\u00e2le a conc\u00e9d\u00e9 le nul malgr\u00e9 un but venu d'une autre plan\u00e8te d'Andy Diouf.","og_url":"https:\/\/dicodusport.fr\/blog\/ligue-europa-conference-le-but-exceptionnel-de-francais-dandy-diouf-bale-face-a-vilnius\/","og_site_name":"Dicodusport","article_publisher":"https:\/\/www.facebook.com\/dicodusport","article_published_time":"2022-10-28T05:55:17+00:00","article_modified_time":"2022-10-28T06:22:36+00:00","og_image":[{"width":800,"height":445,"url":"https:\/\/dicodusport.fr\/blog\/wp-content\/uploads\/2022\/10\/Ligue-Europa-Conference-Le-but-exceptionnel-de-Francais-dAndy-Diouf-Bale-face-a-Vilnius.png","type":"image\/png"}],"author":"Nicolas Evrard","twitter_card":"summary_large_image","twitter_title":"Ligue Europa Conf\u00e9rence : Le but exceptionnel du Fran\u00e7ais Andy Diouf (B\u00e2le) face \u00e0 Vilnius","twitter_creator":"@dicodusport","twitter_site":"@dicodusport","schema":{"@context":"https:\/\/schema.org","@graph":[{"@type":"NewsArticle","@id":"https:\/\/dicodusport.fr\/blog\/ligue-europa-conference-le-but-exceptionnel-de-francais-dandy-diouf-bale-face-a-vilnius\/#article","isPartOf":{"@id":"https:\/\/dicodusport.fr\/blog\/ligue-europa-conference-le-but-exceptionnel-de-francais-dandy-diouf-bale-face-a-vilnius\/"},"author":{"name":"Nicolas Evrard","@id":"https:\/\/dicodusport.fr\/blog\/#\/schema\/person\/d8e3150447bfc33eb9e15f324a158b6c"},"headline":"Ligue Europa Conf\u00e9rence : Le but exceptionnel du Fran\u00e7ais Andy Diouf (B\u00e2le) face \u00e0 Vilnius","datePublished":"2022-10-28T05:55:17+00:00","dateModified":"2022-10-28T06:22:36+00:00","mainEntityOfPage":{"@id":"https:\/\/dicodusport.fr\/blog\/ligue-europa-conference-le-but-exceptionnel-de-francais-dandy-diouf-bale-face-a-vilnius\/"},"wordCount":688,"commentCount":1,"publisher":{"@id":"https:\/\/dicodusport.fr\/blog\/#organization"},"image":{"@id":"https:\/\/dicodusport.fr\/blog\/ligue-europa-conference-le-but-exceptionnel-de-francais-dandy-diouf-bale-face-a-vilnius\/#primaryimage"},"thumbnailUrl":"https:\/\/dicodusport.fr\/blog\/wp-content\/uploads\/2022\/10\/Ligue-Europa-Conference-Le-but-exceptionnel-de-Francais-dAndy-Diouf-Bale-face-a-Vilnius.png","keywords":["foot","Football","Ligue Europa Conf\u00e9rence","Rennes"],"articleSection":["Football"],"inLanguage":"fr-FR","potentialAction":[{"@type":"CommentAction","name":"Comment","target":["https:\/\/dicodusport.fr\/blog\/ligue-europa-conference-le-but-exceptionnel-de-francais-dandy-diouf-bale-face-a-vilnius\/#respond"]}],"copyrightYear":"2022","copyrightHolder":{"@id":"https:\/\/dicodusport.fr\/blog\/#organization"}},{"@type":"WebPage","@id":"https:\/\/dicodusport.fr\/blog\/ligue-europa-conference-le-but-exceptionnel-de-francais-dandy-diouf-bale-face-a-vilnius\/","url":"https:\/\/dicodusport.fr\/blog\/ligue-europa-conference-le-but-exceptionnel-de-francais-dandy-diouf-bale-face-a-vilnius\/","name":"Ligue Europa Conf\u00e9rence : Le but exceptionnel du Fran\u00e7ais Andy Diouf (B\u00e2le) face \u00e0 Vilnius","isPartOf":{"@id":"https:\/\/dicodusport.fr\/blog\/#website"},"primaryImageOfPage":{"@id":"https:\/\/dicodusport.fr\/blog\/ligue-europa-conference-le-but-exceptionnel-de-francais-dandy-diouf-bale-face-a-vilnius\/#primaryimage"},"image":{"@id":"https:\/\/dicodusport.fr\/blog\/ligue-europa-conference-le-but-exceptionnel-de-francais-dandy-diouf-bale-face-a-vilnius\/#primaryimage"},"thumbnailUrl":"https:\/\/dicodusport.fr\/blog\/wp-content\/uploads\/2022\/10\/Ligue-Europa-Conference-Le-but-exceptionnel-de-Francais-dAndy-Diouf-Bale-face-a-Vilnius.png","datePublished":"2022-10-28T05:55:17+00:00","dateModified":"2022-10-28T06:22:36+00:00","description":"Ligue Europa Conf\u00e9rence 2022-23 - Jeudi soir, le FC B\u00e2le a conc\u00e9d\u00e9 le nul malgr\u00e9 un but venu d'une autre plan\u00e8te d'Andy Diouf.","breadcrumb":{"@id":"https:\/\/dicodusport.fr\/blog\/ligue-europa-conference-le-but-exceptionnel-de-francais-dandy-diouf-bale-face-a-vilnius\/#breadcrumb"},"inLanguage":"fr-FR","potentialAction":[{"@type":"ReadAction","target":["https:\/\/dicodusport.fr\/blog\/ligue-europa-conference-le-but-exceptionnel-de-francais-dandy-diouf-bale-face-a-vilnius\/"]}]},{"@type":"ImageObject","inLanguage":"fr-FR","@id":"https:\/\/dicodusport.fr\/blog\/ligue-europa-conference-le-but-exceptionnel-de-francais-dandy-diouf-bale-face-a-vilnius\/#primaryimage","url":"https:\/\/dicodusport.fr\/blog\/wp-content\/uploads\/2022\/10\/Ligue-Europa-Conference-Le-but-exceptionnel-de-Francais-dAndy-Diouf-Bale-face-a-Vilnius.png","contentUrl":"https:\/\/dicodusport.fr\/blog\/wp-content\/uploads\/2022\/10\/Ligue-Europa-Conference-Le-but-exceptionnel-de-Francais-dAndy-Diouf-Bale-face-a-Vilnius.png","width":800,"height":445,"caption":"Ligue Europa Conf\u00e9rence Le but exceptionnel de Fran\u00e7ais d'Andy Diouf (B\u00e2le) face \u00e0 Vilnius"},{"@type":"BreadcrumbList","@id":"https:\/\/dicodusport.fr\/blog\/ligue-europa-conference-le-but-exceptionnel-de-francais-dandy-diouf-bale-face-a-vilnius\/#breadcrumb","itemListElement":[{"@type":"ListItem","position":1,"name":"Accueil","item":"https:\/\/dicodusport.fr\/blog\/"},{"@type":"ListItem","position":2,"name":"Ligue Europa Conf\u00e9rence : Le but exceptionnel du Fran\u00e7ais Andy Diouf (B\u00e2le) face \u00e0 Vilnius"}]},{"@type":"WebSite","@id":"https:\/\/dicodusport.fr\/blog\/#website","url":"https:\/\/dicodusport.fr\/blog\/","name":"Dicodusport","description":"L&#039;encyclop\u00e9die de l&#039;actualit\u00e9 sportive","publisher":{"@id":"https:\/\/dicodusport.fr\/blog\/#organization"},"potentialAction":[{"@type":"SearchAction","target":{"@type":"EntryPoint","urlTemplate":"https:\/\/dicodusport.fr\/blog\/?s={search_term_string}"},"query-input":{"@type":"PropertyValueSpecification","valueRequired":true,"valueName":"search_term_string"}}],"inLanguage":"fr-FR"},{"@type":"NewsMediaOrganization","@id":"https:\/\/dicodusport.fr\/blog\/#organization","name":"Dicodusport","url":"https:\/\/dicodusport.fr\/blog\/","logo":{"@type":"ImageObject","inLanguage":"fr-FR","@id":"https:\/\/dicodusport.fr\/blog\/#\/schema\/logo\/image\/","url":"https:\/\/dicodusport.fr\/blog\/wp-content\/uploads\/2020\/06\/cropped-LOGO-DICODUSPORT-2020-SANS-FOND-SANS-TEXTE.png","contentUrl":"https:\/\/dicodusport.fr\/blog\/wp-content\/uploads\/2020\/06\/cropped-LOGO-DICODUSPORT-2020-SANS-FOND-SANS-TEXTE.png","width":512,"height":512,"caption":"Dicodusport"},"image":{"@id":"https:\/\/dicodusport.fr\/blog\/#\/schema\/logo\/image\/"},"sameAs":["https:\/\/www.facebook.com\/dicodusport","https:\/\/x.com\/dicodusport","https:\/\/www.instagram.com\/dicodusport\/","https:\/\/www.youtube.com\/channel\/UC7V2KZ5sd3htJivAbA4ZG3w"],"description":"Dicodusport est l'encyclop\u00e9die de l'actualit\u00e9 sportive.","email":"bonjour@dicodusport.fr","legalName":"DICODUSPORT","foundingDate":"2018-01-14","vatID":"FR71834470973","taxID":"83447097300043","numberOfEmployees":{"@type":"QuantitativeValue","minValue":"1","maxValue":"10"}},{"@type":"Person","@id":"https:\/\/dicodusport.fr\/blog\/#\/schema\/person\/d8e3150447bfc33eb9e15f324a158b6c","name":"Nicolas Evrard","image":{"@type":"ImageObject","inLanguage":"fr-FR","@id":"https:\/\/dicodusport.fr\/blog\/#\/schema\/person\/image\/","url":"https:\/\/dicodusport.fr\/blog\/wp-content\/uploads\/2022\/10\/Capture-150x150.png","contentUrl":"https:\/\/dicodusport.fr\/blog\/wp-content\/uploads\/2022\/10\/Capture-150x150.png","caption":"Nicolas Evrard"},"description":"Journaliste pour le groupe Rossel et pour Dicodusport.","url":"https:\/\/dicodusport.fr\/blog\/author\/nicolas-evrard\/"}]}},"_links":{"self":[{"href":"https:\/\/dicodusport.fr\/blog\/wp-json\/wp\/v2\/posts\/273629","targetHints":{"allow":["GET"]}}],"collection":[{"href":"https:\/\/dicodusport.fr\/blog\/wp-json\/wp\/v2\/posts"}],"about":[{"href":"https:\/\/dicodusport.fr\/blog\/wp-json\/wp\/v2\/types\/post"}],"author":[{"embeddable":true,"href":"https:\/\/dicodusport.fr\/blog\/wp-json\/wp\/v2\/users\/75"}],"replies":[{"embeddable":true,"href":"https:\/\/dicodusport.fr\/blog\/wp-json\/wp\/v2\/comments?post=273629"}],"version-history":[{"count":0,"href":"https:\/\/dicodusport.fr\/blog\/wp-json\/wp\/v2\/posts\/273629\/revisions"}],"wp:featuredmedia":[{"embeddable":true,"href":"https:\/\/dicodusport.fr\/blog\/wp-json\/wp\/v2\/media\/273651"}],"wp:attachment":[{"href":"https:\/\/dicodusport.fr\/blog\/wp-json\/wp\/v2\/media?parent=273629"}],"wp:term":[{"taxonomy":"category","embeddable":true,"href":"https:\/\/dicodusport.fr\/blog\/wp-json\/wp\/v2\/categories?post=273629"},{"taxonomy":"post_tag","embeddable":true,"href":"https:\/\/dicodusport.fr\/blog\/wp-json\/wp\/v2\/tags?post=273629"}],"curies":[{"name":"wp","href":"https:\/\/api.w.org\/{rel}","templated":true}]}}