{"id":273695,"date":"2022-10-28T10:32:37","date_gmt":"2022-10-28T08:32:37","guid":{"rendered":"https:\/\/dicodusport.fr\/blog\/?p=273695&#038;preview=true&#038;preview_id=273695"},"modified":"2022-10-28T11:11:15","modified_gmt":"2022-10-28T09:11:15","slug":"romain-bardet-la-premiere-semaine-dun-grand-tour-la-plus-difficile-qui-ait-jamais-existe","status":"publish","type":"post","link":"https:\/\/dicodusport.fr\/blog\/romain-bardet-la-premiere-semaine-dun-grand-tour-la-plus-difficile-qui-ait-jamais-existe\/","title":{"rendered":"Romain Bardet : \u00ab\u00a0La premi\u00e8re semaine d&rsquo;un grand tour la plus difficile qui ait jamais exist\u00e9\u00a0\u00bb"},"content":{"rendered":"<p style=\"text-align: justify;\"><b><i><a href=\"https:\/\/dicodusport.fr\/blog\/actualites\/cyclisme\/cyclisme-sur-route-2023\/tour-de-france-2023\/\">TOUR DE FRANCE 2023<\/a> &#8211; Dans les colonnes de L&rsquo;\u00c9quipe, Romain Bardet est revenu sur la pr\u00e9sentation du parcours du Tour de France 2023.\u00a0<\/i><\/b><\/p>\n<p style=\"text-align: justify;\">Avec une arriv\u00e9e au <a href=\"https:\/\/dicodusport.fr\/blog\/tour-de-france-2023-puy-de-dome-le-retour-d-un-mythe\/\" target=\"_blank\" rel=\"noopener\">Puy de D\u00f4me<\/a>, ce Tour de France aura forc\u00e9ment une saveur particuli\u00e8re pour <strong>Romain<\/strong> <strong>Bardet<\/strong>. Le grimpeur de la <strong>DSM<\/strong> devrait, sauf surprise, \u00eatre au d\u00e9part de <strong>Bilbao<\/strong> en 2023. Chez nos confr\u00e8res, il a expliqu\u00e9 :<\/p>\n<blockquote>\n<p style=\"text-align: justify;\">C&rsquo;est un parcours super enthousiasmant. Je suis vraiment surpris par l&rsquo;ing\u00e9niosit\u00e9 d&rsquo;ASO et de la mani\u00e8re dont ils arrivent \u00e0 sortir des sentiers battus. C&rsquo;est une physionomie qui va \u00eatre in\u00e9dite, je n&rsquo;ai jamais vu \u00e7a, aussi peu de chrono et une entame aussi muscl\u00e9e. Les Pyr\u00e9n\u00e9es tout de suite, le puy de D\u00f4me en fin de premi\u00e8re semaine&#8230; c&rsquo;est la premi\u00e8re semaine d&rsquo;un grand tour la plus difficile qui ait jamais exist\u00e9, je pense. La hi\u00e9rarchie sera d\u00e9j\u00e0 claire apr\u00e8s neuf \u00e9tapes. On aura aussi une belle partie alpestre et une troisi\u00e8me semaine un peu plus tactique, avec le seul vrai moment de transition, m\u00eame si l&rsquo;\u00e9tape dans les Vosges peut r\u00e9server des surprises. Le puy de D\u00f4me, c&rsquo;est ma montagne de coeur, le phare comme on l&rsquo;appelle chez nous. Je pensais qu&rsquo;il reviendrait un jour sur le Tour, mais pas aussi rapidement.<\/p>\n<\/blockquote>\n<p style=\"text-align: justify;\">Alors qu&rsquo;il n&rsquo;en avait pas fait un objectif cette saison, <strong>Romain<\/strong> <strong>Bardet<\/strong> a pris une belle septi\u00e8me place sur le Tour de France 2022. Quelques semaines plus t\u00f4t, il avait d\u00fb abandonner le Giro alors qu&rsquo;il \u00e9tait parmi les pr\u00e9tendants \u00e0 la victoire finale.<\/p>\n<blockquote class=\"twitter-tweet\">\n<p dir=\"ltr\" lang=\"fr\"><a href=\"https:\/\/twitter.com\/hashtag\/TDF2023?src=hash&amp;ref_src=twsrc%5Etfw\">#TDF2023<\/a> &#x1f1eb;&#x1f1f7; \/ &#x1f399; D\u00e9cla<br \/>\n&#x1f1eb;&#x1f1f7; <a href=\"https:\/\/twitter.com\/romainbardet?ref_src=twsrc%5Etfw\">@romainbardet<\/a> (DSM) : \u00ab\u00a0Les Pyr\u00e9n\u00e9es tout de suite, le puy de D\u00f4me en fin de premi\u00e8re semaine&#8230; c&rsquo;est la premi\u00e8re semaine d&rsquo;un grand tour la plus difficile qui ait jamais exist\u00e9.\u00a0\u00bb<a href=\"https:\/\/t.co\/jA5ieHnoxt\">https:\/\/t.co\/jA5ieHnoxt<\/a> via <a href=\"https:\/\/twitter.com\/lequipe?ref_src=twsrc%5Etfw\">@lequipe<\/a> (&#x1f1eb;&#x1f1f7;)<\/p>\n<p>\u2014 Renaud Breban (@RenaudB31) <a href=\"https:\/\/twitter.com\/RenaudB31\/status\/1585896648571494400?ref_src=twsrc%5Etfw\">October 28, 2022<\/a><\/p><\/blockquote>\n<p><script async src=\"https:\/\/platform.twitter.com\/widgets.js\" charset=\"utf-8\"><\/script><\/p>\n<h2 style=\"text-align: justify;\">\u00c0 lire aussi<\/h2>\n<ul>\n<li style=\"text-align: justify;\"><a href=\"https:\/\/dicodusport.fr\/blog\/le-parcours-du-tour-de-france-2023-en-chiffres\/\"><strong>Le Tour de France 2023 en chiffres<\/strong><\/a><\/li>\n<li style=\"text-align: justify;\"><a href=\"https:\/\/dicodusport.fr\/blog\/le-parcours-du-tour-de-france-2023-avec-8-etapes-de-montagne\/\" target=\"_blank\" rel=\"noopener\"><strong>Le parcours du Tour de France 2023 avec 8 \u00e9tapes de montagne<\/strong><\/a><\/li>\n<\/ul>\n","protected":false},"excerpt":{"rendered":"<p>TOUR DE FRANCE 2023 &#8211; Dans les colonnes de L&rsquo;\u00c9quipe, Romain Bardet est revenu sur la pr\u00e9sentation du parcours du Tour de France 2023.\u00a0<\/p>\n","protected":false},"author":1,"featured_media":225336,"comment_status":"open","ping_status":"closed","sticky":false,"template":"","format":"standard","meta":{"_acf_changed":false,"_daextam_enable_autolinks":"","footnotes":""},"categories":[46994,46995],"tags":[1446,3646,1262],"class_list":["post-273695","post","type-post","status-publish","format-standard","has-post-thumbnail","hentry","category-cyclisme-sur-route","category-tour-de-france","tag-bardet","tag-romain-bardet","tag-tour-de-france"],"acf":[],"yoast_head":"<!-- This site is optimized with the Yoast SEO Premium plugin v26.7 (Yoast SEO v26.7) - https:\/\/yoast.com\/wordpress\/plugins\/seo\/ -->\n<title>Romain Bardet : &quot;La premi\u00e8re semaine d&#039;un grand tour la plus difficile qui ait jamais exist\u00e9&quot;<\/title>\n<meta name=\"description\" content=\"TOUR DE FRANCE 2023 - Dans les colonnes de L&#039;\u00c9quipe, Romain Bardet est revenu sur la pr\u00e9sentation du parcours du Tour de France 2023.\u00a0\" \/>\n<meta name=\"robots\" content=\"index, follow, max-snippet:-1, max-image-preview:large, max-video-preview:-1\" \/>\n<link rel=\"canonical\" href=\"https:\/\/dicodusport.fr\/blog\/romain-bardet-la-premiere-semaine-dun-grand-tour-la-plus-difficile-qui-ait-jamais-existe\/\" \/>\n<meta property=\"og:locale\" content=\"fr_FR\" \/>\n<meta property=\"og:type\" content=\"article\" \/>\n<meta property=\"og:title\" content=\"Romain Bardet : &quot;La premi\u00e8re semaine d&#039;un grand tour la plus difficile qui ait jamais exist\u00e9&quot;\" \/>\n<meta property=\"og:description\" content=\"TOUR DE FRANCE 2023 - Dans les colonnes de L&#039;\u00c9quipe, Romain Bardet est revenu sur la pr\u00e9sentation du parcours du Tour de France 2023.\u00a0\" \/>\n<meta property=\"og:url\" content=\"https:\/\/dicodusport.fr\/blog\/romain-bardet-la-premiere-semaine-dun-grand-tour-la-plus-difficile-qui-ait-jamais-existe\/\" \/>\n<meta property=\"og:site_name\" content=\"Dicodusport\" \/>\n<meta property=\"article:publisher\" content=\"https:\/\/www.facebook.com\/dicodusport\" \/>\n<meta property=\"article:author\" content=\"https:\/\/www.facebook.com\/dicodusport\" \/>\n<meta property=\"article:published_time\" content=\"2022-10-28T08:32:37+00:00\" \/>\n<meta property=\"article:modified_time\" content=\"2022-10-28T09:11:15+00:00\" \/>\n<meta property=\"og:image\" content=\"https:\/\/dicodusport.fr\/blog\/wp-content\/uploads\/2022\/05\/Romain-Bardet-Rien-ne-sert-de-ressasser-des-choses-quon-ne-peut-pas-contro\u0302ler.png\" \/>\n\t<meta property=\"og:image:width\" content=\"800\" \/>\n\t<meta property=\"og:image:height\" content=\"445\" \/>\n\t<meta property=\"og:image:type\" content=\"image\/png\" \/>\n<meta name=\"author\" content=\"Nicolas Jacquemard\" \/>\n<meta name=\"twitter:card\" content=\"summary_large_image\" \/>\n<meta name=\"twitter:title\" content=\"Romain Bardet : &quot;La premi\u00e8re semaine d&#039;un grand tour la plus difficile qui ait jamais exist\u00e9&quot;\" \/>\n<meta name=\"twitter:creator\" content=\"@https:\/\/twitter.com\/Nico_Jacquemard\" \/>\n<meta name=\"twitter:site\" content=\"@dicodusport\" \/>\n<script type=\"application\/ld+json\" class=\"yoast-schema-graph\">{\"@context\":\"https:\/\/schema.org\",\"@graph\":[{\"@type\":\"NewsArticle\",\"@id\":\"https:\/\/dicodusport.fr\/blog\/romain-bardet-la-premiere-semaine-dun-grand-tour-la-plus-difficile-qui-ait-jamais-existe\/#article\",\"isPartOf\":{\"@id\":\"https:\/\/dicodusport.fr\/blog\/romain-bardet-la-premiere-semaine-dun-grand-tour-la-plus-difficile-qui-ait-jamais-existe\/\"},\"author\":{\"name\":\"Nicolas Jacquemard\",\"@id\":\"https:\/\/dicodusport.fr\/blog\/#\/schema\/person\/55dcb50ad410894e431ed812bbb70191\"},\"headline\":\"Romain Bardet : \u00ab\u00a0La premi\u00e8re semaine d&rsquo;un grand tour la plus difficile qui ait jamais exist\u00e9\u00a0\u00bb\",\"datePublished\":\"2022-10-28T08:32:37+00:00\",\"dateModified\":\"2022-10-28T09:11:15+00:00\",\"mainEntityOfPage\":{\"@id\":\"https:\/\/dicodusport.fr\/blog\/romain-bardet-la-premiere-semaine-dun-grand-tour-la-plus-difficile-qui-ait-jamais-existe\/\"},\"wordCount\":393,\"commentCount\":0,\"publisher\":{\"@id\":\"https:\/\/dicodusport.fr\/blog\/#organization\"},\"image\":{\"@id\":\"https:\/\/dicodusport.fr\/blog\/romain-bardet-la-premiere-semaine-dun-grand-tour-la-plus-difficile-qui-ait-jamais-existe\/#primaryimage\"},\"thumbnailUrl\":\"https:\/\/dicodusport.fr\/blog\/wp-content\/uploads\/2022\/05\/Romain-Bardet-Rien-ne-sert-de-ressasser-des-choses-quon-ne-peut-pas-contro\u0302ler.png\",\"keywords\":[\"bardet\",\"Romain Bardet\",\"Tour de France\"],\"articleSection\":[\"Cyclisme sur route\",\"Tour de France\"],\"inLanguage\":\"fr-FR\",\"potentialAction\":[{\"@type\":\"CommentAction\",\"name\":\"Comment\",\"target\":[\"https:\/\/dicodusport.fr\/blog\/romain-bardet-la-premiere-semaine-dun-grand-tour-la-plus-difficile-qui-ait-jamais-existe\/#respond\"]}],\"copyrightYear\":\"2022\",\"copyrightHolder\":{\"@id\":\"https:\/\/dicodusport.fr\/blog\/#organization\"}},{\"@type\":\"WebPage\",\"@id\":\"https:\/\/dicodusport.fr\/blog\/romain-bardet-la-premiere-semaine-dun-grand-tour-la-plus-difficile-qui-ait-jamais-existe\/\",\"url\":\"https:\/\/dicodusport.fr\/blog\/romain-bardet-la-premiere-semaine-dun-grand-tour-la-plus-difficile-qui-ait-jamais-existe\/\",\"name\":\"Romain Bardet : \\\"La premi\u00e8re semaine d'un grand tour la plus difficile qui ait jamais exist\u00e9\\\"\",\"isPartOf\":{\"@id\":\"https:\/\/dicodusport.fr\/blog\/#website\"},\"primaryImageOfPage\":{\"@id\":\"https:\/\/dicodusport.fr\/blog\/romain-bardet-la-premiere-semaine-dun-grand-tour-la-plus-difficile-qui-ait-jamais-existe\/#primaryimage\"},\"image\":{\"@id\":\"https:\/\/dicodusport.fr\/blog\/romain-bardet-la-premiere-semaine-dun-grand-tour-la-plus-difficile-qui-ait-jamais-existe\/#primaryimage\"},\"thumbnailUrl\":\"https:\/\/dicodusport.fr\/blog\/wp-content\/uploads\/2022\/05\/Romain-Bardet-Rien-ne-sert-de-ressasser-des-choses-quon-ne-peut-pas-contro\u0302ler.png\",\"datePublished\":\"2022-10-28T08:32:37+00:00\",\"dateModified\":\"2022-10-28T09:11:15+00:00\",\"description\":\"TOUR DE FRANCE 2023 - Dans les colonnes de L'\u00c9quipe, Romain Bardet est revenu sur la pr\u00e9sentation du parcours du Tour de France 2023.\u00a0\",\"breadcrumb\":{\"@id\":\"https:\/\/dicodusport.fr\/blog\/romain-bardet-la-premiere-semaine-dun-grand-tour-la-plus-difficile-qui-ait-jamais-existe\/#breadcrumb\"},\"inLanguage\":\"fr-FR\",\"potentialAction\":[{\"@type\":\"ReadAction\",\"target\":[\"https:\/\/dicodusport.fr\/blog\/romain-bardet-la-premiere-semaine-dun-grand-tour-la-plus-difficile-qui-ait-jamais-existe\/\"]}]},{\"@type\":\"ImageObject\",\"inLanguage\":\"fr-FR\",\"@id\":\"https:\/\/dicodusport.fr\/blog\/romain-bardet-la-premiere-semaine-dun-grand-tour-la-plus-difficile-qui-ait-jamais-existe\/#primaryimage\",\"url\":\"https:\/\/dicodusport.fr\/blog\/wp-content\/uploads\/2022\/05\/Romain-Bardet-Rien-ne-sert-de-ressasser-des-choses-quon-ne-peut-pas-contro\u0302ler.png\",\"contentUrl\":\"https:\/\/dicodusport.fr\/blog\/wp-content\/uploads\/2022\/05\/Romain-Bardet-Rien-ne-sert-de-ressasser-des-choses-quon-ne-peut-pas-contro\u0302ler.png\",\"width\":800,\"height\":445},{\"@type\":\"BreadcrumbList\",\"@id\":\"https:\/\/dicodusport.fr\/blog\/romain-bardet-la-premiere-semaine-dun-grand-tour-la-plus-difficile-qui-ait-jamais-existe\/#breadcrumb\",\"itemListElement\":[{\"@type\":\"ListItem\",\"position\":1,\"name\":\"Accueil\",\"item\":\"https:\/\/dicodusport.fr\/blog\/\"},{\"@type\":\"ListItem\",\"position\":2,\"name\":\"Romain Bardet : \u00ab\u00a0La premi\u00e8re semaine d&rsquo;un grand tour la plus difficile qui ait jamais exist\u00e9\u00a0\u00bb\"}]},{\"@type\":\"WebSite\",\"@id\":\"https:\/\/dicodusport.fr\/blog\/#website\",\"url\":\"https:\/\/dicodusport.fr\/blog\/\",\"name\":\"Dicodusport\",\"description\":\"L&#039;encyclop\u00e9die de l&#039;actualit\u00e9 sportive\",\"publisher\":{\"@id\":\"https:\/\/dicodusport.fr\/blog\/#organization\"},\"potentialAction\":[{\"@type\":\"SearchAction\",\"target\":{\"@type\":\"EntryPoint\",\"urlTemplate\":\"https:\/\/dicodusport.fr\/blog\/?s={search_term_string}\"},\"query-input\":{\"@type\":\"PropertyValueSpecification\",\"valueRequired\":true,\"valueName\":\"search_term_string\"}}],\"inLanguage\":\"fr-FR\"},{\"@type\":\"NewsMediaOrganization\",\"@id\":\"https:\/\/dicodusport.fr\/blog\/#organization\",\"name\":\"Dicodusport\",\"url\":\"https:\/\/dicodusport.fr\/blog\/\",\"logo\":{\"@type\":\"ImageObject\",\"inLanguage\":\"fr-FR\",\"@id\":\"https:\/\/dicodusport.fr\/blog\/#\/schema\/logo\/image\/\",\"url\":\"https:\/\/dicodusport.fr\/blog\/wp-content\/uploads\/2020\/06\/cropped-LOGO-DICODUSPORT-2020-SANS-FOND-SANS-TEXTE.png\",\"contentUrl\":\"https:\/\/dicodusport.fr\/blog\/wp-content\/uploads\/2020\/06\/cropped-LOGO-DICODUSPORT-2020-SANS-FOND-SANS-TEXTE.png\",\"width\":512,\"height\":512,\"caption\":\"Dicodusport\"},\"image\":{\"@id\":\"https:\/\/dicodusport.fr\/blog\/#\/schema\/logo\/image\/\"},\"sameAs\":[\"https:\/\/www.facebook.com\/dicodusport\",\"https:\/\/x.com\/dicodusport\",\"https:\/\/www.instagram.com\/dicodusport\/\",\"https:\/\/www.youtube.com\/channel\/UC7V2KZ5sd3htJivAbA4ZG3w\"],\"description\":\"Dicodusport est l'encyclop\u00e9die de l'actualit\u00e9 sportive.\",\"email\":\"bonjour@dicodusport.fr\",\"legalName\":\"DICODUSPORT\",\"foundingDate\":\"2018-01-14\",\"vatID\":\"FR71834470973\",\"taxID\":\"83447097300043\",\"numberOfEmployees\":{\"@type\":\"QuantitativeValue\",\"minValue\":\"1\",\"maxValue\":\"10\"}},{\"@type\":\"Person\",\"@id\":\"https:\/\/dicodusport.fr\/blog\/#\/schema\/person\/55dcb50ad410894e431ed812bbb70191\",\"name\":\"Nicolas Jacquemard\",\"image\":{\"@type\":\"ImageObject\",\"inLanguage\":\"fr-FR\",\"@id\":\"https:\/\/dicodusport.fr\/blog\/#\/schema\/person\/image\/\",\"url\":\"https:\/\/dicodusport.fr\/blog\/wp-content\/uploads\/2021\/05\/Nicolas-Jacquemard-150x150.jpeg\",\"contentUrl\":\"https:\/\/dicodusport.fr\/blog\/wp-content\/uploads\/2021\/05\/Nicolas-Jacquemard-150x150.jpeg\",\"caption\":\"Nicolas Jacquemard\"},\"description\":\"Passionn\u00e9 de sport et entrepreneur depuis mes 18 ans, la cr\u00e9ation de Dicodusport m'a sembl\u00e9 \u00e9vidente pour participer \u00e0 la m\u00e9diatisation d'un plus grand nombre de sports. Le chemin est long mais avec une \u00e9quipe des plus motiv\u00e9es et les Jeux Olympiques de Paris 2024 en point de mire, nous y arriverons ! Journaliste dans le monde du sport depuis plus de 5 ans, je traite aussi bien de football, de rugby, de biathlon que de cyclisme.\",\"sameAs\":[\"https:\/\/www.facebook.com\/dicodusport\",\"https:\/\/x.com\/https:\/\/twitter.com\/Nico_Jacquemard\"],\"url\":\"https:\/\/dicodusport.fr\/blog\/author\/dicodusport\/\"}]}<\/script>\n<!-- \/ Yoast SEO Premium plugin. -->","yoast_head_json":{"title":"Romain Bardet : \"La premi\u00e8re semaine d'un grand tour la plus difficile qui ait jamais exist\u00e9\"","description":"TOUR DE FRANCE 2023 - Dans les colonnes de L'\u00c9quipe, Romain Bardet est revenu sur la pr\u00e9sentation du parcours du Tour de France 2023.\u00a0","robots":{"index":"index","follow":"follow","max-snippet":"max-snippet:-1","max-image-preview":"max-image-preview:large","max-video-preview":"max-video-preview:-1"},"canonical":"https:\/\/dicodusport.fr\/blog\/romain-bardet-la-premiere-semaine-dun-grand-tour-la-plus-difficile-qui-ait-jamais-existe\/","og_locale":"fr_FR","og_type":"article","og_title":"Romain Bardet : \"La premi\u00e8re semaine d'un grand tour la plus difficile qui ait jamais exist\u00e9\"","og_description":"TOUR DE FRANCE 2023 - Dans les colonnes de L'\u00c9quipe, Romain Bardet est revenu sur la pr\u00e9sentation du parcours du Tour de France 2023.\u00a0","og_url":"https:\/\/dicodusport.fr\/blog\/romain-bardet-la-premiere-semaine-dun-grand-tour-la-plus-difficile-qui-ait-jamais-existe\/","og_site_name":"Dicodusport","article_publisher":"https:\/\/www.facebook.com\/dicodusport","article_author":"https:\/\/www.facebook.com\/dicodusport","article_published_time":"2022-10-28T08:32:37+00:00","article_modified_time":"2022-10-28T09:11:15+00:00","og_image":[{"width":800,"height":445,"url":"https:\/\/dicodusport.fr\/blog\/wp-content\/uploads\/2022\/05\/Romain-Bardet-Rien-ne-sert-de-ressasser-des-choses-quon-ne-peut-pas-contro\u0302ler.png","type":"image\/png"}],"author":"Nicolas Jacquemard","twitter_card":"summary_large_image","twitter_title":"Romain Bardet : \"La premi\u00e8re semaine d'un grand tour la plus difficile qui ait jamais exist\u00e9\"","twitter_creator":"@https:\/\/twitter.com\/Nico_Jacquemard","twitter_site":"@dicodusport","schema":{"@context":"https:\/\/schema.org","@graph":[{"@type":"NewsArticle","@id":"https:\/\/dicodusport.fr\/blog\/romain-bardet-la-premiere-semaine-dun-grand-tour-la-plus-difficile-qui-ait-jamais-existe\/#article","isPartOf":{"@id":"https:\/\/dicodusport.fr\/blog\/romain-bardet-la-premiere-semaine-dun-grand-tour-la-plus-difficile-qui-ait-jamais-existe\/"},"author":{"name":"Nicolas Jacquemard","@id":"https:\/\/dicodusport.fr\/blog\/#\/schema\/person\/55dcb50ad410894e431ed812bbb70191"},"headline":"Romain Bardet : \u00ab\u00a0La premi\u00e8re semaine d&rsquo;un grand tour la plus difficile qui ait jamais exist\u00e9\u00a0\u00bb","datePublished":"2022-10-28T08:32:37+00:00","dateModified":"2022-10-28T09:11:15+00:00","mainEntityOfPage":{"@id":"https:\/\/dicodusport.fr\/blog\/romain-bardet-la-premiere-semaine-dun-grand-tour-la-plus-difficile-qui-ait-jamais-existe\/"},"wordCount":393,"commentCount":0,"publisher":{"@id":"https:\/\/dicodusport.fr\/blog\/#organization"},"image":{"@id":"https:\/\/dicodusport.fr\/blog\/romain-bardet-la-premiere-semaine-dun-grand-tour-la-plus-difficile-qui-ait-jamais-existe\/#primaryimage"},"thumbnailUrl":"https:\/\/dicodusport.fr\/blog\/wp-content\/uploads\/2022\/05\/Romain-Bardet-Rien-ne-sert-de-ressasser-des-choses-quon-ne-peut-pas-contro\u0302ler.png","keywords":["bardet","Romain Bardet","Tour de France"],"articleSection":["Cyclisme sur route","Tour de France"],"inLanguage":"fr-FR","potentialAction":[{"@type":"CommentAction","name":"Comment","target":["https:\/\/dicodusport.fr\/blog\/romain-bardet-la-premiere-semaine-dun-grand-tour-la-plus-difficile-qui-ait-jamais-existe\/#respond"]}],"copyrightYear":"2022","copyrightHolder":{"@id":"https:\/\/dicodusport.fr\/blog\/#organization"}},{"@type":"WebPage","@id":"https:\/\/dicodusport.fr\/blog\/romain-bardet-la-premiere-semaine-dun-grand-tour-la-plus-difficile-qui-ait-jamais-existe\/","url":"https:\/\/dicodusport.fr\/blog\/romain-bardet-la-premiere-semaine-dun-grand-tour-la-plus-difficile-qui-ait-jamais-existe\/","name":"Romain Bardet : \"La premi\u00e8re semaine d'un grand tour la plus difficile qui ait jamais exist\u00e9\"","isPartOf":{"@id":"https:\/\/dicodusport.fr\/blog\/#website"},"primaryImageOfPage":{"@id":"https:\/\/dicodusport.fr\/blog\/romain-bardet-la-premiere-semaine-dun-grand-tour-la-plus-difficile-qui-ait-jamais-existe\/#primaryimage"},"image":{"@id":"https:\/\/dicodusport.fr\/blog\/romain-bardet-la-premiere-semaine-dun-grand-tour-la-plus-difficile-qui-ait-jamais-existe\/#primaryimage"},"thumbnailUrl":"https:\/\/dicodusport.fr\/blog\/wp-content\/uploads\/2022\/05\/Romain-Bardet-Rien-ne-sert-de-ressasser-des-choses-quon-ne-peut-pas-contro\u0302ler.png","datePublished":"2022-10-28T08:32:37+00:00","dateModified":"2022-10-28T09:11:15+00:00","description":"TOUR DE FRANCE 2023 - Dans les colonnes de L'\u00c9quipe, Romain Bardet est revenu sur la pr\u00e9sentation du parcours du Tour de France 2023.\u00a0","breadcrumb":{"@id":"https:\/\/dicodusport.fr\/blog\/romain-bardet-la-premiere-semaine-dun-grand-tour-la-plus-difficile-qui-ait-jamais-existe\/#breadcrumb"},"inLanguage":"fr-FR","potentialAction":[{"@type":"ReadAction","target":["https:\/\/dicodusport.fr\/blog\/romain-bardet-la-premiere-semaine-dun-grand-tour-la-plus-difficile-qui-ait-jamais-existe\/"]}]},{"@type":"ImageObject","inLanguage":"fr-FR","@id":"https:\/\/dicodusport.fr\/blog\/romain-bardet-la-premiere-semaine-dun-grand-tour-la-plus-difficile-qui-ait-jamais-existe\/#primaryimage","url":"https:\/\/dicodusport.fr\/blog\/wp-content\/uploads\/2022\/05\/Romain-Bardet-Rien-ne-sert-de-ressasser-des-choses-quon-ne-peut-pas-contro\u0302ler.png","contentUrl":"https:\/\/dicodusport.fr\/blog\/wp-content\/uploads\/2022\/05\/Romain-Bardet-Rien-ne-sert-de-ressasser-des-choses-quon-ne-peut-pas-contro\u0302ler.png","width":800,"height":445},{"@type":"BreadcrumbList","@id":"https:\/\/dicodusport.fr\/blog\/romain-bardet-la-premiere-semaine-dun-grand-tour-la-plus-difficile-qui-ait-jamais-existe\/#breadcrumb","itemListElement":[{"@type":"ListItem","position":1,"name":"Accueil","item":"https:\/\/dicodusport.fr\/blog\/"},{"@type":"ListItem","position":2,"name":"Romain Bardet : \u00ab\u00a0La premi\u00e8re semaine d&rsquo;un grand tour la plus difficile qui ait jamais exist\u00e9\u00a0\u00bb"}]},{"@type":"WebSite","@id":"https:\/\/dicodusport.fr\/blog\/#website","url":"https:\/\/dicodusport.fr\/blog\/","name":"Dicodusport","description":"L&#039;encyclop\u00e9die de l&#039;actualit\u00e9 sportive","publisher":{"@id":"https:\/\/dicodusport.fr\/blog\/#organization"},"potentialAction":[{"@type":"SearchAction","target":{"@type":"EntryPoint","urlTemplate":"https:\/\/dicodusport.fr\/blog\/?s={search_term_string}"},"query-input":{"@type":"PropertyValueSpecification","valueRequired":true,"valueName":"search_term_string"}}],"inLanguage":"fr-FR"},{"@type":"NewsMediaOrganization","@id":"https:\/\/dicodusport.fr\/blog\/#organization","name":"Dicodusport","url":"https:\/\/dicodusport.fr\/blog\/","logo":{"@type":"ImageObject","inLanguage":"fr-FR","@id":"https:\/\/dicodusport.fr\/blog\/#\/schema\/logo\/image\/","url":"https:\/\/dicodusport.fr\/blog\/wp-content\/uploads\/2020\/06\/cropped-LOGO-DICODUSPORT-2020-SANS-FOND-SANS-TEXTE.png","contentUrl":"https:\/\/dicodusport.fr\/blog\/wp-content\/uploads\/2020\/06\/cropped-LOGO-DICODUSPORT-2020-SANS-FOND-SANS-TEXTE.png","width":512,"height":512,"caption":"Dicodusport"},"image":{"@id":"https:\/\/dicodusport.fr\/blog\/#\/schema\/logo\/image\/"},"sameAs":["https:\/\/www.facebook.com\/dicodusport","https:\/\/x.com\/dicodusport","https:\/\/www.instagram.com\/dicodusport\/","https:\/\/www.youtube.com\/channel\/UC7V2KZ5sd3htJivAbA4ZG3w"],"description":"Dicodusport est l'encyclop\u00e9die de l'actualit\u00e9 sportive.","email":"bonjour@dicodusport.fr","legalName":"DICODUSPORT","foundingDate":"2018-01-14","vatID":"FR71834470973","taxID":"83447097300043","numberOfEmployees":{"@type":"QuantitativeValue","minValue":"1","maxValue":"10"}},{"@type":"Person","@id":"https:\/\/dicodusport.fr\/blog\/#\/schema\/person\/55dcb50ad410894e431ed812bbb70191","name":"Nicolas Jacquemard","image":{"@type":"ImageObject","inLanguage":"fr-FR","@id":"https:\/\/dicodusport.fr\/blog\/#\/schema\/person\/image\/","url":"https:\/\/dicodusport.fr\/blog\/wp-content\/uploads\/2021\/05\/Nicolas-Jacquemard-150x150.jpeg","contentUrl":"https:\/\/dicodusport.fr\/blog\/wp-content\/uploads\/2021\/05\/Nicolas-Jacquemard-150x150.jpeg","caption":"Nicolas Jacquemard"},"description":"Passionn\u00e9 de sport et entrepreneur depuis mes 18 ans, la cr\u00e9ation de Dicodusport m'a sembl\u00e9 \u00e9vidente pour participer \u00e0 la m\u00e9diatisation d'un plus grand nombre de sports. Le chemin est long mais avec une \u00e9quipe des plus motiv\u00e9es et les Jeux Olympiques de Paris 2024 en point de mire, nous y arriverons ! Journaliste dans le monde du sport depuis plus de 5 ans, je traite aussi bien de football, de rugby, de biathlon que de cyclisme.","sameAs":["https:\/\/www.facebook.com\/dicodusport","https:\/\/x.com\/https:\/\/twitter.com\/Nico_Jacquemard"],"url":"https:\/\/dicodusport.fr\/blog\/author\/dicodusport\/"}]}},"_links":{"self":[{"href":"https:\/\/dicodusport.fr\/blog\/wp-json\/wp\/v2\/posts\/273695","targetHints":{"allow":["GET"]}}],"collection":[{"href":"https:\/\/dicodusport.fr\/blog\/wp-json\/wp\/v2\/posts"}],"about":[{"href":"https:\/\/dicodusport.fr\/blog\/wp-json\/wp\/v2\/types\/post"}],"author":[{"embeddable":true,"href":"https:\/\/dicodusport.fr\/blog\/wp-json\/wp\/v2\/users\/1"}],"replies":[{"embeddable":true,"href":"https:\/\/dicodusport.fr\/blog\/wp-json\/wp\/v2\/comments?post=273695"}],"version-history":[{"count":0,"href":"https:\/\/dicodusport.fr\/blog\/wp-json\/wp\/v2\/posts\/273695\/revisions"}],"wp:featuredmedia":[{"embeddable":true,"href":"https:\/\/dicodusport.fr\/blog\/wp-json\/wp\/v2\/media\/225336"}],"wp:attachment":[{"href":"https:\/\/dicodusport.fr\/blog\/wp-json\/wp\/v2\/media?parent=273695"}],"wp:term":[{"taxonomy":"category","embeddable":true,"href":"https:\/\/dicodusport.fr\/blog\/wp-json\/wp\/v2\/categories?post=273695"},{"taxonomy":"post_tag","embeddable":true,"href":"https:\/\/dicodusport.fr\/blog\/wp-json\/wp\/v2\/tags?post=273695"}],"curies":[{"name":"wp","href":"https:\/\/api.w.org\/{rel}","templated":true}]}}