{"id":273781,"date":"2022-10-29T05:20:28","date_gmt":"2022-10-29T03:20:28","guid":{"rendered":"https:\/\/dicodusport.fr\/blog\/?p=273781&#038;preview=true&#038;preview_id=273781"},"modified":"2022-10-29T14:01:40","modified_gmt":"2022-10-29T12:01:40","slug":"atp-bale-rinderknech-sarrete-en-quarts-mahut-et-roger-vasselin-qualifies-pour-les-demies","status":"publish","type":"post","link":"https:\/\/dicodusport.fr\/blog\/atp-bale-rinderknech-sarrete-en-quarts-mahut-et-roger-vasselin-qualifies-pour-les-demies\/","title":{"rendered":"ATP B\u00e2le : Rinderknech s&rsquo;arr\u00eate en quarts, Mahut et Roger-Vasselin qualifi\u00e9s pour les demies !"},"content":{"rendered":"<p style=\"text-align: justify;\"><b><i>ATP B\u00e2le &#8211; Dernier Fran\u00e7ais en lice dans le tableau simple, Arthur Rinderknech s&rsquo;est inclin\u00e9 ce vendredi en deux sets face \u00e0 Holger Rune. Au rayon des bonnes nouvelles, on notera la qualification pour les demi-finales du double de la paire Mahut\/Roger-Vasselin.<\/i><\/b><\/p>\n<p style=\"text-align: justify;\">Seul Fran\u00e7ais encore engag\u00e9 dans le tableau simple,<strong> Arthur Rinderknech<\/strong> \u00e9tait oppos\u00e9 ce vendredi \u00e0 <strong>Holger Rune<\/strong>, l&rsquo;un des hommes en forme de ces derni\u00e8res semaines. S&rsquo;il a \u00e9t\u00e9 convaincant lors de ses succ\u00e8s aux deux premiers tours, le joueur tricolore n&rsquo;a cette fois-ci rien pu faire face au Danois. Malgr\u00e9 une bonne entame de match, il s&rsquo;est inclin\u00e9 lourdement au tie-break (7-0) pour conc\u00e9der la premi\u00e8re manche. Un coup dur, qui semblait l&rsquo;impacter lors du deuxi\u00e8me set. Rapidement break\u00e9, il n&rsquo;arrivait pas \u00e0 faire son retard et devait finalement s&rsquo;incliner 2 sets \u00e0 0. (7-6, 6-3).<\/p>\n<p style=\"text-align: justify;\">Malgr\u00e9 cette d\u00e9faite, <strong>Rindeknech pourra se montrer satisfait<\/strong> de sa semaine \u00e0 B\u00e2le. Apr\u00e8s de bonnes performances \u00e0 Tel Aviv et \u00e0 Gijon, le natif de Gassin a encore prouv\u00e9 qu&rsquo;il ferait partie des Fran\u00e7ais sur lesquels il faudra compter la saison prochaine.<\/p>\n<blockquote class=\"twitter-tweet\">\n<p dir=\"ltr\" lang=\"und\">&#x1f44f; <a href=\"https:\/\/twitter.com\/holgerrune2003?ref_src=twsrc%5Etfw\">@holgerrune2003<\/a> <a href=\"https:\/\/twitter.com\/hashtag\/SwissIndoorsBasel?src=hash&amp;ref_src=twsrc%5Etfw\">#SwissIndoorsBasel<\/a> <a href=\"https:\/\/t.co\/mdwdJtdZcF\">pic.twitter.com\/mdwdJtdZcF<\/a><\/p>\n<p>\u2014 ATP Tour (@atptour) <a href=\"https:\/\/twitter.com\/atptour\/status\/1586103791602241536?ref_src=twsrc%5Etfw\">October 28, 2022<\/a><\/p><\/blockquote>\n<p><script async src=\"https:\/\/platform.twitter.com\/widgets.js\" charset=\"utf-8\"><\/script><\/p>\n<h2 style=\"text-align: justify;\">Wawrinka \u00e0 quelques points pr\u00e8s<\/h2>\n<p style=\"text-align: justify;\">C&rsquo;\u00e9tait \u00e9videmment le match le plus attendu de la journ\u00e9e. Apr\u00e8s avoir battu Casper Ruud et Brandon Nakashima, <strong>Stan Wawrinka d\u00e9fiait Roberto Bautista Agut<\/strong>. Au plus grand regret des supporters locaux, le Suisse n&rsquo;a pas su aligner une troisi\u00e8me victoire de suite. Un peu court physiquement, Wawrinka a pourtant pos\u00e9 des probl\u00e8mes \u00e0 son adversaire. Malheureusement, il a parfois manqu\u00e9 d&rsquo;un peu de justesse et de fra\u00eecheur sur les points importants. En demi-finale, Bautista Agut affrontera Holger Rune.<\/p>\n<h2 style=\"text-align: justify;\">Mahut et Roger-Vasselin en demi-finale<\/h2>\n<p style=\"text-align: justify;\">Oppos\u00e9s \u00e0<strong> J\u00e9r\u00f4me Kym et Leandro Riedi<\/strong> pour le premier match de la journ\u00e9e, <strong>Nicolas Mahut et Edouard Roger-Vasselin<\/strong> ont r\u00e9ussi \u00e0 franchir le pi\u00e8ge suisse. Apr\u00e8s avoir perdu le premier set, la paire tricolore ne s&rsquo;est pas d\u00e9mobilis\u00e9e et a parfaitement r\u00e9agi pour revenir \u00e0 un set partout. Reboost\u00e9s par cette \u00e9galisation, les Tricolores n&rsquo;ont ensuite connu aucun probl\u00e8me lors du super-tie break et se sont qualifi\u00e9s pour les demi-finales. Ils y seront oppos\u00e9s \u00e0 <strong>Maxime Cressy et Botic van de Zandschulp.<\/strong><\/p>\n<blockquote class=\"twitter-tweet\">\n<p dir=\"ltr\" lang=\"en\">Baby fever &#x1f60d;<a href=\"https:\/\/twitter.com\/BautistaAgut?ref_src=twsrc%5Etfw\">@BautistaAgut<\/a> | <a href=\"https:\/\/twitter.com\/hashtag\/SwissIndoorsBasel?src=hash&amp;ref_src=twsrc%5Etfw\">#SwissIndoorsBasel<\/a> <a href=\"https:\/\/t.co\/CdJnedXlbj\">pic.twitter.com\/CdJnedXlbj<\/a><\/p>\n<p>\u2014 ATP Tour (@atptour) <a href=\"https:\/\/twitter.com\/atptour\/status\/1586080142874628098?ref_src=twsrc%5Etfw\">October 28, 2022<\/a><\/p><\/blockquote>\n<p><script async src=\"https:\/\/platform.twitter.com\/widgets.js\" charset=\"utf-8\"><\/script><\/p>\n<h2 style=\"text-align: justify;\">Alcaraz vient \u00e0 bout de Carre\u00f1o Busta<\/h2>\n<p style=\"text-align: justify;\">Tr\u00e8s bons amis en dehors des courts, <strong>Carlos Alcaraz<\/strong> et <strong>Pablo Carre\u00f1o Busta<\/strong> se retrouvaient ce vendredi. Au terme d&rsquo;un match plus serr\u00e9 que le score final ne le laisse entendre, c&rsquo;est le jeune num\u00e9ro 1 mondial qui s&rsquo;est impos\u00e9 en deux sets. S&rsquo;il a r\u00e9ussi \u00e0 remporter la premi\u00e8re manche tout en ma\u00eetrise, Alcaraz a d\u00fb s&#8217;employer lors du deuxi\u00e8me set pour mettre un terme \u00e0 un match tennistiquement tr\u00e8s int\u00e9ressant. En demi-finales, le r\u00e9cent vainqueur de l&rsquo;US Open sera oppos\u00e9 \u00e0 F\u00e9lix Auger-Aliassime, pour ce qui sera le<strong> duel le plus attendu de la semaine \u00e0 B\u00e2le.<\/strong><\/p>\n<h2 style=\"text-align: justify;\">Auger-Aliassime est intouchable<\/h2>\n<p style=\"text-align: justify;\">Injouable depuis plus de deux semaines d\u00e9sormais,<strong> F\u00e9lix Auger-Aliassime<\/strong> avait rendez-vous avec <strong>Alexander Bublik<\/strong> en quart de finale. R\u00e9put\u00e9 pour son jeu fantasque, le Kazakh n&rsquo;a jamais eu droit au chapitre. En effet, il n&rsquo;a fallu que 73 minutes au Canadien pour l&#8217;emporter 2 sets \u00e0 0 (6-2, 6-3). Auteur de seulement 4 erreurs, mais surtout de <strong>24 (!) coups gagnants<\/strong>, Auger-Aliassime a encore prouv\u00e9 qu&rsquo;il fait partie des meilleurs joueurs de la plan\u00e8te sur cette fin de saison.<\/p>\n<blockquote class=\"twitter-tweet\">\n<p dir=\"ltr\" lang=\"en\">FAAbulous! &#x1f525;<a href=\"https:\/\/twitter.com\/felixtennis?ref_src=twsrc%5Etfw\">@felixtennis<\/a> defeats Alexander Bublik 6-2 6-3 to advance to the semi-finals of Basel!<a href=\"https:\/\/twitter.com\/hashtag\/SwissIndoorsBasel?src=hash&amp;ref_src=twsrc%5Etfw\">#SwissIndoorsBasel<\/a> <a href=\"https:\/\/t.co\/gNiugtdufJ\">pic.twitter.com\/gNiugtdufJ<\/a><\/p>\n<p>\u2014 ATP Tour (@atptour) <a href=\"https:\/\/twitter.com\/atptour\/status\/1586001196896100352?ref_src=twsrc%5Etfw\">October 28, 2022<\/a><\/p><\/blockquote>\n<p><script async src=\"https:\/\/platform.twitter.com\/widgets.js\" charset=\"utf-8\"><\/script><\/p>\n","protected":false},"excerpt":{"rendered":"<p>ATP B\u00e2le &#8211; Dernier Fran\u00e7ais en lice dans le tableau simple, Arthur Rinderknech s&rsquo;est inclin\u00e9 ce vendredi en deux sets face \u00e0 Holger Rune. Au rayon des bonnes nouvelles, on notera la qualification pour les demi-finales du double de la paire Mahut\/Roger-Vasselin.<\/p>\n","protected":false},"author":75,"featured_media":273907,"comment_status":"open","ping_status":"closed","sticky":false,"template":"","format":"standard","meta":{"_acf_changed":false,"_daextam_enable_autolinks":"","footnotes":""},"categories":[2302],"tags":[9674,9097,2762,136],"class_list":["post-273781","post","type-post","status-publish","format-standard","has-post-thumbnail","hentry","category-tennis","tag-arthur-rinderknech","tag-atp-bale","tag-bale","tag-tennis"],"acf":[],"yoast_head":"<!-- This site is optimized with the Yoast SEO Premium plugin v26.7 (Yoast SEO v26.7) - https:\/\/yoast.com\/wordpress\/plugins\/seo\/ -->\n<title>ATP B\u00e2le : Rinderknech s&#039;arr\u00eate en quarts, Mahut et Roger-Vasselin qualifi\u00e9s pour les demies !<\/title>\n<meta name=\"description\" content=\"ATP B\u00e2le - Dernier Fran\u00e7ais en lice dans le tableau simple, Arthur Rinderknech s&#039;est inclin\u00e9 ce vendredi en deux sets face \u00e0 Holger Rune.\" \/>\n<meta name=\"robots\" content=\"index, follow, max-snippet:-1, max-image-preview:large, max-video-preview:-1\" \/>\n<link rel=\"canonical\" href=\"https:\/\/dicodusport.fr\/blog\/atp-bale-rinderknech-sarrete-en-quarts-mahut-et-roger-vasselin-qualifies-pour-les-demies\/\" \/>\n<meta property=\"og:locale\" content=\"fr_FR\" \/>\n<meta property=\"og:type\" content=\"article\" \/>\n<meta property=\"og:title\" content=\"ATP B\u00e2le : Rinderknech s&#039;arr\u00eate en quarts, Mahut et Roger-Vasselin qualifi\u00e9s pour les demies !\" \/>\n<meta property=\"og:description\" content=\"ATP B\u00e2le - Dernier Fran\u00e7ais en lice dans le tableau simple, Arthur Rinderknech s&#039;est inclin\u00e9 ce vendredi en deux sets face \u00e0 Holger Rune.\" \/>\n<meta property=\"og:url\" content=\"https:\/\/dicodusport.fr\/blog\/atp-bale-rinderknech-sarrete-en-quarts-mahut-et-roger-vasselin-qualifies-pour-les-demies\/\" \/>\n<meta property=\"og:site_name\" content=\"Dicodusport\" \/>\n<meta property=\"article:publisher\" content=\"https:\/\/www.facebook.com\/dicodusport\" \/>\n<meta property=\"article:published_time\" content=\"2022-10-29T03:20:28+00:00\" \/>\n<meta property=\"article:modified_time\" content=\"2022-10-29T12:01:40+00:00\" \/>\n<meta property=\"og:image\" content=\"https:\/\/dicodusport.fr\/blog\/wp-content\/uploads\/2022\/10\/ATP-Bale-Rinderknech-sarrete-en-quarts-Mahut-et-Roger-Vasselin-qualifies-pour-les-demies-.png\" \/>\n\t<meta property=\"og:image:width\" content=\"800\" \/>\n\t<meta property=\"og:image:height\" content=\"445\" \/>\n\t<meta property=\"og:image:type\" content=\"image\/png\" \/>\n<meta name=\"author\" content=\"Nicolas Evrard\" \/>\n<meta name=\"twitter:card\" content=\"summary_large_image\" \/>\n<meta name=\"twitter:title\" content=\"ATP B\u00e2le : Rinderknech s&#039;arr\u00eate en quarts, Mahut et Roger-Vasselin qualifi\u00e9s pour les demies !\" \/>\n<meta name=\"twitter:creator\" content=\"@dicodusport\" \/>\n<meta name=\"twitter:site\" content=\"@dicodusport\" \/>\n<script type=\"application\/ld+json\" class=\"yoast-schema-graph\">{\"@context\":\"https:\/\/schema.org\",\"@graph\":[{\"@type\":\"NewsArticle\",\"@id\":\"https:\/\/dicodusport.fr\/blog\/atp-bale-rinderknech-sarrete-en-quarts-mahut-et-roger-vasselin-qualifies-pour-les-demies\/#article\",\"isPartOf\":{\"@id\":\"https:\/\/dicodusport.fr\/blog\/atp-bale-rinderknech-sarrete-en-quarts-mahut-et-roger-vasselin-qualifies-pour-les-demies\/\"},\"author\":{\"name\":\"Nicolas Evrard\",\"@id\":\"https:\/\/dicodusport.fr\/blog\/#\/schema\/person\/d8e3150447bfc33eb9e15f324a158b6c\"},\"headline\":\"ATP B\u00e2le : Rinderknech s&rsquo;arr\u00eate en quarts, Mahut et Roger-Vasselin qualifi\u00e9s pour les demies !\",\"datePublished\":\"2022-10-29T03:20:28+00:00\",\"dateModified\":\"2022-10-29T12:01:40+00:00\",\"mainEntityOfPage\":{\"@id\":\"https:\/\/dicodusport.fr\/blog\/atp-bale-rinderknech-sarrete-en-quarts-mahut-et-roger-vasselin-qualifies-pour-les-demies\/\"},\"wordCount\":658,\"commentCount\":0,\"publisher\":{\"@id\":\"https:\/\/dicodusport.fr\/blog\/#organization\"},\"image\":{\"@id\":\"https:\/\/dicodusport.fr\/blog\/atp-bale-rinderknech-sarrete-en-quarts-mahut-et-roger-vasselin-qualifies-pour-les-demies\/#primaryimage\"},\"thumbnailUrl\":\"https:\/\/dicodusport.fr\/blog\/wp-content\/uploads\/2022\/10\/ATP-Bale-Rinderknech-sarrete-en-quarts-Mahut-et-Roger-Vasselin-qualifies-pour-les-demies-.png\",\"keywords\":[\"Arthur Rinderknech\",\"ATP B\u00e2le\",\"Bale\",\"Tennis\"],\"articleSection\":[\"Tennis\"],\"inLanguage\":\"fr-FR\",\"potentialAction\":[{\"@type\":\"CommentAction\",\"name\":\"Comment\",\"target\":[\"https:\/\/dicodusport.fr\/blog\/atp-bale-rinderknech-sarrete-en-quarts-mahut-et-roger-vasselin-qualifies-pour-les-demies\/#respond\"]}],\"copyrightYear\":\"2022\",\"copyrightHolder\":{\"@id\":\"https:\/\/dicodusport.fr\/blog\/#organization\"}},{\"@type\":\"WebPage\",\"@id\":\"https:\/\/dicodusport.fr\/blog\/atp-bale-rinderknech-sarrete-en-quarts-mahut-et-roger-vasselin-qualifies-pour-les-demies\/\",\"url\":\"https:\/\/dicodusport.fr\/blog\/atp-bale-rinderknech-sarrete-en-quarts-mahut-et-roger-vasselin-qualifies-pour-les-demies\/\",\"name\":\"ATP B\u00e2le : Rinderknech s'arr\u00eate en quarts, Mahut et Roger-Vasselin qualifi\u00e9s pour les demies !\",\"isPartOf\":{\"@id\":\"https:\/\/dicodusport.fr\/blog\/#website\"},\"primaryImageOfPage\":{\"@id\":\"https:\/\/dicodusport.fr\/blog\/atp-bale-rinderknech-sarrete-en-quarts-mahut-et-roger-vasselin-qualifies-pour-les-demies\/#primaryimage\"},\"image\":{\"@id\":\"https:\/\/dicodusport.fr\/blog\/atp-bale-rinderknech-sarrete-en-quarts-mahut-et-roger-vasselin-qualifies-pour-les-demies\/#primaryimage\"},\"thumbnailUrl\":\"https:\/\/dicodusport.fr\/blog\/wp-content\/uploads\/2022\/10\/ATP-Bale-Rinderknech-sarrete-en-quarts-Mahut-et-Roger-Vasselin-qualifies-pour-les-demies-.png\",\"datePublished\":\"2022-10-29T03:20:28+00:00\",\"dateModified\":\"2022-10-29T12:01:40+00:00\",\"description\":\"ATP B\u00e2le - Dernier Fran\u00e7ais en lice dans le tableau simple, Arthur Rinderknech s'est inclin\u00e9 ce vendredi en deux sets face \u00e0 Holger Rune.\",\"breadcrumb\":{\"@id\":\"https:\/\/dicodusport.fr\/blog\/atp-bale-rinderknech-sarrete-en-quarts-mahut-et-roger-vasselin-qualifies-pour-les-demies\/#breadcrumb\"},\"inLanguage\":\"fr-FR\",\"potentialAction\":[{\"@type\":\"ReadAction\",\"target\":[\"https:\/\/dicodusport.fr\/blog\/atp-bale-rinderknech-sarrete-en-quarts-mahut-et-roger-vasselin-qualifies-pour-les-demies\/\"]}]},{\"@type\":\"ImageObject\",\"inLanguage\":\"fr-FR\",\"@id\":\"https:\/\/dicodusport.fr\/blog\/atp-bale-rinderknech-sarrete-en-quarts-mahut-et-roger-vasselin-qualifies-pour-les-demies\/#primaryimage\",\"url\":\"https:\/\/dicodusport.fr\/blog\/wp-content\/uploads\/2022\/10\/ATP-Bale-Rinderknech-sarrete-en-quarts-Mahut-et-Roger-Vasselin-qualifies-pour-les-demies-.png\",\"contentUrl\":\"https:\/\/dicodusport.fr\/blog\/wp-content\/uploads\/2022\/10\/ATP-Bale-Rinderknech-sarrete-en-quarts-Mahut-et-Roger-Vasselin-qualifies-pour-les-demies-.png\",\"width\":800,\"height\":445,\"caption\":\"ATP B\u00e2le Rinderknech s'arr\u00eate en quarts, Mahut et Roger-Vasselin qualifi\u00e9s pour les demies !\"},{\"@type\":\"BreadcrumbList\",\"@id\":\"https:\/\/dicodusport.fr\/blog\/atp-bale-rinderknech-sarrete-en-quarts-mahut-et-roger-vasselin-qualifies-pour-les-demies\/#breadcrumb\",\"itemListElement\":[{\"@type\":\"ListItem\",\"position\":1,\"name\":\"Accueil\",\"item\":\"https:\/\/dicodusport.fr\/blog\/\"},{\"@type\":\"ListItem\",\"position\":2,\"name\":\"ATP B\u00e2le : Rinderknech s&rsquo;arr\u00eate en quarts, Mahut et Roger-Vasselin qualifi\u00e9s pour les demies !\"}]},{\"@type\":\"WebSite\",\"@id\":\"https:\/\/dicodusport.fr\/blog\/#website\",\"url\":\"https:\/\/dicodusport.fr\/blog\/\",\"name\":\"Dicodusport\",\"description\":\"L&#039;encyclop\u00e9die de l&#039;actualit\u00e9 sportive\",\"publisher\":{\"@id\":\"https:\/\/dicodusport.fr\/blog\/#organization\"},\"potentialAction\":[{\"@type\":\"SearchAction\",\"target\":{\"@type\":\"EntryPoint\",\"urlTemplate\":\"https:\/\/dicodusport.fr\/blog\/?s={search_term_string}\"},\"query-input\":{\"@type\":\"PropertyValueSpecification\",\"valueRequired\":true,\"valueName\":\"search_term_string\"}}],\"inLanguage\":\"fr-FR\"},{\"@type\":\"NewsMediaOrganization\",\"@id\":\"https:\/\/dicodusport.fr\/blog\/#organization\",\"name\":\"Dicodusport\",\"url\":\"https:\/\/dicodusport.fr\/blog\/\",\"logo\":{\"@type\":\"ImageObject\",\"inLanguage\":\"fr-FR\",\"@id\":\"https:\/\/dicodusport.fr\/blog\/#\/schema\/logo\/image\/\",\"url\":\"https:\/\/dicodusport.fr\/blog\/wp-content\/uploads\/2020\/06\/cropped-LOGO-DICODUSPORT-2020-SANS-FOND-SANS-TEXTE.png\",\"contentUrl\":\"https:\/\/dicodusport.fr\/blog\/wp-content\/uploads\/2020\/06\/cropped-LOGO-DICODUSPORT-2020-SANS-FOND-SANS-TEXTE.png\",\"width\":512,\"height\":512,\"caption\":\"Dicodusport\"},\"image\":{\"@id\":\"https:\/\/dicodusport.fr\/blog\/#\/schema\/logo\/image\/\"},\"sameAs\":[\"https:\/\/www.facebook.com\/dicodusport\",\"https:\/\/x.com\/dicodusport\",\"https:\/\/www.instagram.com\/dicodusport\/\",\"https:\/\/www.youtube.com\/channel\/UC7V2KZ5sd3htJivAbA4ZG3w\"],\"description\":\"Dicodusport est l'encyclop\u00e9die de l'actualit\u00e9 sportive.\",\"email\":\"bonjour@dicodusport.fr\",\"legalName\":\"DICODUSPORT\",\"foundingDate\":\"2018-01-14\",\"vatID\":\"FR71834470973\",\"taxID\":\"83447097300043\",\"numberOfEmployees\":{\"@type\":\"QuantitativeValue\",\"minValue\":\"1\",\"maxValue\":\"10\"}},{\"@type\":\"Person\",\"@id\":\"https:\/\/dicodusport.fr\/blog\/#\/schema\/person\/d8e3150447bfc33eb9e15f324a158b6c\",\"name\":\"Nicolas Evrard\",\"image\":{\"@type\":\"ImageObject\",\"inLanguage\":\"fr-FR\",\"@id\":\"https:\/\/dicodusport.fr\/blog\/#\/schema\/person\/image\/\",\"url\":\"https:\/\/dicodusport.fr\/blog\/wp-content\/uploads\/2022\/10\/Capture-150x150.png\",\"contentUrl\":\"https:\/\/dicodusport.fr\/blog\/wp-content\/uploads\/2022\/10\/Capture-150x150.png\",\"caption\":\"Nicolas Evrard\"},\"description\":\"Journaliste pour le groupe Rossel et pour Dicodusport.\",\"url\":\"https:\/\/dicodusport.fr\/blog\/author\/nicolas-evrard\/\"}]}<\/script>\n<!-- \/ Yoast SEO Premium plugin. -->","yoast_head_json":{"title":"ATP B\u00e2le : Rinderknech s'arr\u00eate en quarts, Mahut et Roger-Vasselin qualifi\u00e9s pour les demies !","description":"ATP B\u00e2le - Dernier Fran\u00e7ais en lice dans le tableau simple, Arthur Rinderknech s'est inclin\u00e9 ce vendredi en deux sets face \u00e0 Holger Rune.","robots":{"index":"index","follow":"follow","max-snippet":"max-snippet:-1","max-image-preview":"max-image-preview:large","max-video-preview":"max-video-preview:-1"},"canonical":"https:\/\/dicodusport.fr\/blog\/atp-bale-rinderknech-sarrete-en-quarts-mahut-et-roger-vasselin-qualifies-pour-les-demies\/","og_locale":"fr_FR","og_type":"article","og_title":"ATP B\u00e2le : Rinderknech s'arr\u00eate en quarts, Mahut et Roger-Vasselin qualifi\u00e9s pour les demies !","og_description":"ATP B\u00e2le - Dernier Fran\u00e7ais en lice dans le tableau simple, Arthur Rinderknech s'est inclin\u00e9 ce vendredi en deux sets face \u00e0 Holger Rune.","og_url":"https:\/\/dicodusport.fr\/blog\/atp-bale-rinderknech-sarrete-en-quarts-mahut-et-roger-vasselin-qualifies-pour-les-demies\/","og_site_name":"Dicodusport","article_publisher":"https:\/\/www.facebook.com\/dicodusport","article_published_time":"2022-10-29T03:20:28+00:00","article_modified_time":"2022-10-29T12:01:40+00:00","og_image":[{"width":800,"height":445,"url":"https:\/\/dicodusport.fr\/blog\/wp-content\/uploads\/2022\/10\/ATP-Bale-Rinderknech-sarrete-en-quarts-Mahut-et-Roger-Vasselin-qualifies-pour-les-demies-.png","type":"image\/png"}],"author":"Nicolas Evrard","twitter_card":"summary_large_image","twitter_title":"ATP B\u00e2le : Rinderknech s'arr\u00eate en quarts, Mahut et Roger-Vasselin qualifi\u00e9s pour les demies !","twitter_creator":"@dicodusport","twitter_site":"@dicodusport","schema":{"@context":"https:\/\/schema.org","@graph":[{"@type":"NewsArticle","@id":"https:\/\/dicodusport.fr\/blog\/atp-bale-rinderknech-sarrete-en-quarts-mahut-et-roger-vasselin-qualifies-pour-les-demies\/#article","isPartOf":{"@id":"https:\/\/dicodusport.fr\/blog\/atp-bale-rinderknech-sarrete-en-quarts-mahut-et-roger-vasselin-qualifies-pour-les-demies\/"},"author":{"name":"Nicolas Evrard","@id":"https:\/\/dicodusport.fr\/blog\/#\/schema\/person\/d8e3150447bfc33eb9e15f324a158b6c"},"headline":"ATP B\u00e2le : Rinderknech s&rsquo;arr\u00eate en quarts, Mahut et Roger-Vasselin qualifi\u00e9s pour les demies !","datePublished":"2022-10-29T03:20:28+00:00","dateModified":"2022-10-29T12:01:40+00:00","mainEntityOfPage":{"@id":"https:\/\/dicodusport.fr\/blog\/atp-bale-rinderknech-sarrete-en-quarts-mahut-et-roger-vasselin-qualifies-pour-les-demies\/"},"wordCount":658,"commentCount":0,"publisher":{"@id":"https:\/\/dicodusport.fr\/blog\/#organization"},"image":{"@id":"https:\/\/dicodusport.fr\/blog\/atp-bale-rinderknech-sarrete-en-quarts-mahut-et-roger-vasselin-qualifies-pour-les-demies\/#primaryimage"},"thumbnailUrl":"https:\/\/dicodusport.fr\/blog\/wp-content\/uploads\/2022\/10\/ATP-Bale-Rinderknech-sarrete-en-quarts-Mahut-et-Roger-Vasselin-qualifies-pour-les-demies-.png","keywords":["Arthur Rinderknech","ATP B\u00e2le","Bale","Tennis"],"articleSection":["Tennis"],"inLanguage":"fr-FR","potentialAction":[{"@type":"CommentAction","name":"Comment","target":["https:\/\/dicodusport.fr\/blog\/atp-bale-rinderknech-sarrete-en-quarts-mahut-et-roger-vasselin-qualifies-pour-les-demies\/#respond"]}],"copyrightYear":"2022","copyrightHolder":{"@id":"https:\/\/dicodusport.fr\/blog\/#organization"}},{"@type":"WebPage","@id":"https:\/\/dicodusport.fr\/blog\/atp-bale-rinderknech-sarrete-en-quarts-mahut-et-roger-vasselin-qualifies-pour-les-demies\/","url":"https:\/\/dicodusport.fr\/blog\/atp-bale-rinderknech-sarrete-en-quarts-mahut-et-roger-vasselin-qualifies-pour-les-demies\/","name":"ATP B\u00e2le : Rinderknech s'arr\u00eate en quarts, Mahut et Roger-Vasselin qualifi\u00e9s pour les demies !","isPartOf":{"@id":"https:\/\/dicodusport.fr\/blog\/#website"},"primaryImageOfPage":{"@id":"https:\/\/dicodusport.fr\/blog\/atp-bale-rinderknech-sarrete-en-quarts-mahut-et-roger-vasselin-qualifies-pour-les-demies\/#primaryimage"},"image":{"@id":"https:\/\/dicodusport.fr\/blog\/atp-bale-rinderknech-sarrete-en-quarts-mahut-et-roger-vasselin-qualifies-pour-les-demies\/#primaryimage"},"thumbnailUrl":"https:\/\/dicodusport.fr\/blog\/wp-content\/uploads\/2022\/10\/ATP-Bale-Rinderknech-sarrete-en-quarts-Mahut-et-Roger-Vasselin-qualifies-pour-les-demies-.png","datePublished":"2022-10-29T03:20:28+00:00","dateModified":"2022-10-29T12:01:40+00:00","description":"ATP B\u00e2le - Dernier Fran\u00e7ais en lice dans le tableau simple, Arthur Rinderknech s'est inclin\u00e9 ce vendredi en deux sets face \u00e0 Holger Rune.","breadcrumb":{"@id":"https:\/\/dicodusport.fr\/blog\/atp-bale-rinderknech-sarrete-en-quarts-mahut-et-roger-vasselin-qualifies-pour-les-demies\/#breadcrumb"},"inLanguage":"fr-FR","potentialAction":[{"@type":"ReadAction","target":["https:\/\/dicodusport.fr\/blog\/atp-bale-rinderknech-sarrete-en-quarts-mahut-et-roger-vasselin-qualifies-pour-les-demies\/"]}]},{"@type":"ImageObject","inLanguage":"fr-FR","@id":"https:\/\/dicodusport.fr\/blog\/atp-bale-rinderknech-sarrete-en-quarts-mahut-et-roger-vasselin-qualifies-pour-les-demies\/#primaryimage","url":"https:\/\/dicodusport.fr\/blog\/wp-content\/uploads\/2022\/10\/ATP-Bale-Rinderknech-sarrete-en-quarts-Mahut-et-Roger-Vasselin-qualifies-pour-les-demies-.png","contentUrl":"https:\/\/dicodusport.fr\/blog\/wp-content\/uploads\/2022\/10\/ATP-Bale-Rinderknech-sarrete-en-quarts-Mahut-et-Roger-Vasselin-qualifies-pour-les-demies-.png","width":800,"height":445,"caption":"ATP B\u00e2le Rinderknech s'arr\u00eate en quarts, Mahut et Roger-Vasselin qualifi\u00e9s pour les demies !"},{"@type":"BreadcrumbList","@id":"https:\/\/dicodusport.fr\/blog\/atp-bale-rinderknech-sarrete-en-quarts-mahut-et-roger-vasselin-qualifies-pour-les-demies\/#breadcrumb","itemListElement":[{"@type":"ListItem","position":1,"name":"Accueil","item":"https:\/\/dicodusport.fr\/blog\/"},{"@type":"ListItem","position":2,"name":"ATP B\u00e2le : Rinderknech s&rsquo;arr\u00eate en quarts, Mahut et Roger-Vasselin qualifi\u00e9s pour les demies !"}]},{"@type":"WebSite","@id":"https:\/\/dicodusport.fr\/blog\/#website","url":"https:\/\/dicodusport.fr\/blog\/","name":"Dicodusport","description":"L&#039;encyclop\u00e9die de l&#039;actualit\u00e9 sportive","publisher":{"@id":"https:\/\/dicodusport.fr\/blog\/#organization"},"potentialAction":[{"@type":"SearchAction","target":{"@type":"EntryPoint","urlTemplate":"https:\/\/dicodusport.fr\/blog\/?s={search_term_string}"},"query-input":{"@type":"PropertyValueSpecification","valueRequired":true,"valueName":"search_term_string"}}],"inLanguage":"fr-FR"},{"@type":"NewsMediaOrganization","@id":"https:\/\/dicodusport.fr\/blog\/#organization","name":"Dicodusport","url":"https:\/\/dicodusport.fr\/blog\/","logo":{"@type":"ImageObject","inLanguage":"fr-FR","@id":"https:\/\/dicodusport.fr\/blog\/#\/schema\/logo\/image\/","url":"https:\/\/dicodusport.fr\/blog\/wp-content\/uploads\/2020\/06\/cropped-LOGO-DICODUSPORT-2020-SANS-FOND-SANS-TEXTE.png","contentUrl":"https:\/\/dicodusport.fr\/blog\/wp-content\/uploads\/2020\/06\/cropped-LOGO-DICODUSPORT-2020-SANS-FOND-SANS-TEXTE.png","width":512,"height":512,"caption":"Dicodusport"},"image":{"@id":"https:\/\/dicodusport.fr\/blog\/#\/schema\/logo\/image\/"},"sameAs":["https:\/\/www.facebook.com\/dicodusport","https:\/\/x.com\/dicodusport","https:\/\/www.instagram.com\/dicodusport\/","https:\/\/www.youtube.com\/channel\/UC7V2KZ5sd3htJivAbA4ZG3w"],"description":"Dicodusport est l'encyclop\u00e9die de l'actualit\u00e9 sportive.","email":"bonjour@dicodusport.fr","legalName":"DICODUSPORT","foundingDate":"2018-01-14","vatID":"FR71834470973","taxID":"83447097300043","numberOfEmployees":{"@type":"QuantitativeValue","minValue":"1","maxValue":"10"}},{"@type":"Person","@id":"https:\/\/dicodusport.fr\/blog\/#\/schema\/person\/d8e3150447bfc33eb9e15f324a158b6c","name":"Nicolas Evrard","image":{"@type":"ImageObject","inLanguage":"fr-FR","@id":"https:\/\/dicodusport.fr\/blog\/#\/schema\/person\/image\/","url":"https:\/\/dicodusport.fr\/blog\/wp-content\/uploads\/2022\/10\/Capture-150x150.png","contentUrl":"https:\/\/dicodusport.fr\/blog\/wp-content\/uploads\/2022\/10\/Capture-150x150.png","caption":"Nicolas Evrard"},"description":"Journaliste pour le groupe Rossel et pour Dicodusport.","url":"https:\/\/dicodusport.fr\/blog\/author\/nicolas-evrard\/"}]}},"_links":{"self":[{"href":"https:\/\/dicodusport.fr\/blog\/wp-json\/wp\/v2\/posts\/273781","targetHints":{"allow":["GET"]}}],"collection":[{"href":"https:\/\/dicodusport.fr\/blog\/wp-json\/wp\/v2\/posts"}],"about":[{"href":"https:\/\/dicodusport.fr\/blog\/wp-json\/wp\/v2\/types\/post"}],"author":[{"embeddable":true,"href":"https:\/\/dicodusport.fr\/blog\/wp-json\/wp\/v2\/users\/75"}],"replies":[{"embeddable":true,"href":"https:\/\/dicodusport.fr\/blog\/wp-json\/wp\/v2\/comments?post=273781"}],"version-history":[{"count":0,"href":"https:\/\/dicodusport.fr\/blog\/wp-json\/wp\/v2\/posts\/273781\/revisions"}],"wp:featuredmedia":[{"embeddable":true,"href":"https:\/\/dicodusport.fr\/blog\/wp-json\/wp\/v2\/media\/273907"}],"wp:attachment":[{"href":"https:\/\/dicodusport.fr\/blog\/wp-json\/wp\/v2\/media?parent=273781"}],"wp:term":[{"taxonomy":"category","embeddable":true,"href":"https:\/\/dicodusport.fr\/blog\/wp-json\/wp\/v2\/categories?post=273781"},{"taxonomy":"post_tag","embeddable":true,"href":"https:\/\/dicodusport.fr\/blog\/wp-json\/wp\/v2\/tags?post=273781"}],"curies":[{"name":"wp","href":"https:\/\/api.w.org\/{rel}","templated":true}]}}