{"id":273937,"date":"2022-10-29T08:56:40","date_gmt":"2022-10-29T06:56:40","guid":{"rendered":"https:\/\/dicodusport.fr\/blog\/?p=273937&#038;preview=true&#038;preview_id=273937"},"modified":"2022-10-29T10:30:55","modified_gmt":"2022-10-29T08:30:55","slug":"samuel-etoo-thierry-henry-netait-pas-au-niveau-danelka","status":"publish","type":"post","link":"https:\/\/dicodusport.fr\/blog\/samuel-etoo-thierry-henry-netait-pas-au-niveau-danelka\/","title":{"rendered":"Samuel Eto&rsquo;o : \u00ab\u00a0Thierry Henry n&rsquo;\u00e9tait pas au niveau d&rsquo;Anelka\u00a0\u00bb"},"content":{"rendered":"<p style=\"text-align: justify;\"><b><i>FOOTBALL &#8211; M\u00eame s&rsquo;ils ont \u00e9t\u00e9 co\u00e9quipiers \u00e0 Barcelone, Samuel Eto&rsquo;o a lanc\u00e9 une petite pique \u00e0 Thierry Henry, en le comparant \u00e0 Nicolas Anelka, puis \u00e0 lui-m\u00eame.\u00a0<\/i><\/b><\/p>\n<p style=\"text-align: justify;\">Le pr\u00e9sident de la F\u00e9d\u00e9ration Camerounaise de Football, Samuel Eto&rsquo;o, \u00e9tait invit\u00e9 de <em>Booska-P<\/em>. Le Camerounais a \u00e9voqu\u00e9 deux anciens internationaux fran\u00e7ais. <strong>Samuel Eto&rsquo;o<\/strong> prend le temps pour r\u00e9pondre et p\u00e8se ses mots. Interrog\u00e9 sur <strong>Thierry Henry<\/strong>, il le voit moins fort que <strong>Nicolas Anelka<\/strong> et tr\u00e8s loin de son niveau \u00e0 lui.<\/p>\n<blockquote>\n<p style=\"text-align: justify;\">Je pense qu&rsquo;il n&rsquo;\u00e9tait pas au niveau d&rsquo;Anelka. Il \u00e9tait bon mais je pr\u00e9f\u00e9rais d&rsquo;autres joueurs. En tout cas, \u00e0 mon niveau, non.<\/p>\n<\/blockquote>\n<p style=\"text-align: justify;\"><strong>Samuel Eto&rsquo;o<\/strong> s&rsquo;est ensuite moqu\u00e9 du S\u00e9n\u00e9galais <strong>El-Hadji Diouf<\/strong>, en expliquant qu&rsquo;on ne parlait pas d&rsquo;un joueur comparable aux autres \u00e9voqu\u00e9s.<em> \u00ab Il n&rsquo;est m\u00eame pas dans cette cat\u00e9gorie. Comment tu veux mettre Diouf \u00e0 c\u00f4t\u00e9 de Henry ? \u00bb<\/em>, a-t-il lanc\u00e9.<\/p>\n<blockquote class=\"twitter-tweet\">\n<p dir=\"ltr\" lang=\"fr\">Samuel Eto&rsquo;o donne son avis sur Thierry Henry &#x1f4ac; : \u00ab\u00a0Je pense qu&rsquo;il n&rsquo;\u00e9tait pas au niveau d&rsquo;Anelka. Titi \u00e9tait bon, mais je pr\u00e9f\u00e9rais d&rsquo;autres joueurs. En tout cas il n&rsquo;\u00e9tait pas \u00e0 mon niveau.\u00a0\u00bb<\/p>\n<p>Derri\u00e8re la balle perdue pour Diouf &#x1f62d;<\/p>\n<p>(<a href=\"https:\/\/twitter.com\/booska_p?ref_src=twsrc%5Etfw\">@booska_p<\/a>) <a href=\"https:\/\/t.co\/3evUA5H8EY\">pic.twitter.com\/3evUA5H8EY<\/a><\/p>\n<p>\u2014 Footballogue&#x2b50;&#xfe0f;&#x2b50;&#xfe0f; (@Footballogue) <a href=\"https:\/\/twitter.com\/Footballogue\/status\/1586025349917409281?ref_src=twsrc%5Etfw\">October 28, 2022<\/a><\/p><\/blockquote>\n<p style=\"text-align: justify;\"><script async src=\"https:\/\/platform.twitter.com\/widgets.js\" charset=\"utf-8\"><\/script><\/p>\n","protected":false},"excerpt":{"rendered":"<p>FOOTBALL &#8211; M\u00eame s&rsquo;ils ont \u00e9t\u00e9 co\u00e9quipiers \u00e0 Barcelone, Samuel Eto&rsquo;o a lanc\u00e9 une petite pique \u00e0 Thierry Henry en le comparant \u00e0 Nicolas Anelka puis \u00e0 lui-m\u00eame.\u00a0<\/p>\n","protected":false},"author":1,"featured_media":273938,"comment_status":"open","ping_status":"closed","sticky":false,"template":"","format":"standard","meta":{"_acf_changed":false,"_daextam_enable_autolinks":"","footnotes":""},"categories":[2301],"tags":[75,1372],"class_list":["post-273937","post","type-post","status-publish","format-standard","has-post-thumbnail","hentry","category-football","tag-football","tag-henry"],"acf":[],"yoast_head":"<!-- This site is optimized with the Yoast SEO Premium plugin v26.7 (Yoast SEO v26.7) - https:\/\/yoast.com\/wordpress\/plugins\/seo\/ -->\n<title>Samuel Eto&#039;o : &quot;Thierry Henry n&#039;\u00e9tait pas au niveau d&#039;Anelka&quot;<\/title>\n<meta name=\"description\" content=\"FOOTBALL - M\u00eame s&#039;ils ont \u00e9t\u00e9 co\u00e9quipiers \u00e0 Barcelone, Samuel Eto&#039;o a lanc\u00e9 une petite pique \u00e0 Thierry Henry en le comparant \u00e0 Nicolas Anelka puis \u00e0 lui-m\u00eame.\u00a0\" \/>\n<meta name=\"robots\" content=\"index, follow, max-snippet:-1, max-image-preview:large, max-video-preview:-1\" \/>\n<link rel=\"canonical\" href=\"https:\/\/dicodusport.fr\/blog\/samuel-etoo-thierry-henry-netait-pas-au-niveau-danelka\/\" \/>\n<meta property=\"og:locale\" content=\"fr_FR\" \/>\n<meta property=\"og:type\" content=\"article\" \/>\n<meta property=\"og:title\" content=\"Samuel Eto&#039;o : &quot;Thierry Henry n&#039;\u00e9tait pas au niveau d&#039;Anelka&quot;\" \/>\n<meta property=\"og:description\" content=\"FOOTBALL - M\u00eame s&#039;ils ont \u00e9t\u00e9 co\u00e9quipiers \u00e0 Barcelone, Samuel Eto&#039;o a lanc\u00e9 une petite pique \u00e0 Thierry Henry en le comparant \u00e0 Nicolas Anelka puis \u00e0 lui-m\u00eame.\u00a0\" \/>\n<meta property=\"og:url\" content=\"https:\/\/dicodusport.fr\/blog\/samuel-etoo-thierry-henry-netait-pas-au-niveau-danelka\/\" \/>\n<meta property=\"og:site_name\" content=\"Dicodusport\" \/>\n<meta property=\"article:publisher\" content=\"https:\/\/www.facebook.com\/dicodusport\" \/>\n<meta property=\"article:author\" content=\"https:\/\/www.facebook.com\/dicodusport\" \/>\n<meta property=\"article:published_time\" content=\"2022-10-29T06:56:40+00:00\" \/>\n<meta property=\"article:modified_time\" content=\"2022-10-29T08:30:55+00:00\" \/>\n<meta property=\"og:image\" content=\"https:\/\/dicodusport.fr\/blog\/wp-content\/uploads\/2022\/10\/Samuel-Etoo-Thierry-Henry-ne\u0301tait-pas-au-niveau-dAnelka.png\" \/>\n\t<meta property=\"og:image:width\" content=\"800\" \/>\n\t<meta property=\"og:image:height\" content=\"445\" \/>\n\t<meta property=\"og:image:type\" content=\"image\/png\" \/>\n<meta name=\"author\" content=\"Nicolas Jacquemard\" \/>\n<meta name=\"twitter:card\" content=\"summary_large_image\" \/>\n<meta name=\"twitter:title\" content=\"Samuel Eto&#039;o : &quot;Thierry Henry n&#039;\u00e9tait pas au niveau d&#039;Anelka&quot;\" \/>\n<meta name=\"twitter:creator\" content=\"@https:\/\/twitter.com\/Nico_Jacquemard\" \/>\n<meta name=\"twitter:site\" content=\"@dicodusport\" \/>\n<script type=\"application\/ld+json\" class=\"yoast-schema-graph\">{\"@context\":\"https:\/\/schema.org\",\"@graph\":[{\"@type\":\"NewsArticle\",\"@id\":\"https:\/\/dicodusport.fr\/blog\/samuel-etoo-thierry-henry-netait-pas-au-niveau-danelka\/#article\",\"isPartOf\":{\"@id\":\"https:\/\/dicodusport.fr\/blog\/samuel-etoo-thierry-henry-netait-pas-au-niveau-danelka\/\"},\"author\":{\"name\":\"Nicolas Jacquemard\",\"@id\":\"https:\/\/dicodusport.fr\/blog\/#\/schema\/person\/55dcb50ad410894e431ed812bbb70191\"},\"headline\":\"Samuel Eto&rsquo;o : \u00ab\u00a0Thierry Henry n&rsquo;\u00e9tait pas au niveau d&rsquo;Anelka\u00a0\u00bb\",\"datePublished\":\"2022-10-29T06:56:40+00:00\",\"dateModified\":\"2022-10-29T08:30:55+00:00\",\"mainEntityOfPage\":{\"@id\":\"https:\/\/dicodusport.fr\/blog\/samuel-etoo-thierry-henry-netait-pas-au-niveau-danelka\/\"},\"wordCount\":251,\"commentCount\":0,\"publisher\":{\"@id\":\"https:\/\/dicodusport.fr\/blog\/#organization\"},\"image\":{\"@id\":\"https:\/\/dicodusport.fr\/blog\/samuel-etoo-thierry-henry-netait-pas-au-niveau-danelka\/#primaryimage\"},\"thumbnailUrl\":\"https:\/\/dicodusport.fr\/blog\/wp-content\/uploads\/2022\/10\/Samuel-Etoo-Thierry-Henry-ne\u0301tait-pas-au-niveau-dAnelka.png\",\"keywords\":[\"Football\",\"Henry\"],\"articleSection\":[\"Football\"],\"inLanguage\":\"fr-FR\",\"potentialAction\":[{\"@type\":\"CommentAction\",\"name\":\"Comment\",\"target\":[\"https:\/\/dicodusport.fr\/blog\/samuel-etoo-thierry-henry-netait-pas-au-niveau-danelka\/#respond\"]}],\"copyrightYear\":\"2022\",\"copyrightHolder\":{\"@id\":\"https:\/\/dicodusport.fr\/blog\/#organization\"}},{\"@type\":\"WebPage\",\"@id\":\"https:\/\/dicodusport.fr\/blog\/samuel-etoo-thierry-henry-netait-pas-au-niveau-danelka\/\",\"url\":\"https:\/\/dicodusport.fr\/blog\/samuel-etoo-thierry-henry-netait-pas-au-niveau-danelka\/\",\"name\":\"Samuel Eto'o : \\\"Thierry Henry n'\u00e9tait pas au niveau d'Anelka\\\"\",\"isPartOf\":{\"@id\":\"https:\/\/dicodusport.fr\/blog\/#website\"},\"primaryImageOfPage\":{\"@id\":\"https:\/\/dicodusport.fr\/blog\/samuel-etoo-thierry-henry-netait-pas-au-niveau-danelka\/#primaryimage\"},\"image\":{\"@id\":\"https:\/\/dicodusport.fr\/blog\/samuel-etoo-thierry-henry-netait-pas-au-niveau-danelka\/#primaryimage\"},\"thumbnailUrl\":\"https:\/\/dicodusport.fr\/blog\/wp-content\/uploads\/2022\/10\/Samuel-Etoo-Thierry-Henry-ne\u0301tait-pas-au-niveau-dAnelka.png\",\"datePublished\":\"2022-10-29T06:56:40+00:00\",\"dateModified\":\"2022-10-29T08:30:55+00:00\",\"description\":\"FOOTBALL - M\u00eame s'ils ont \u00e9t\u00e9 co\u00e9quipiers \u00e0 Barcelone, Samuel Eto'o a lanc\u00e9 une petite pique \u00e0 Thierry Henry en le comparant \u00e0 Nicolas Anelka puis \u00e0 lui-m\u00eame.\u00a0\",\"breadcrumb\":{\"@id\":\"https:\/\/dicodusport.fr\/blog\/samuel-etoo-thierry-henry-netait-pas-au-niveau-danelka\/#breadcrumb\"},\"inLanguage\":\"fr-FR\",\"potentialAction\":[{\"@type\":\"ReadAction\",\"target\":[\"https:\/\/dicodusport.fr\/blog\/samuel-etoo-thierry-henry-netait-pas-au-niveau-danelka\/\"]}]},{\"@type\":\"ImageObject\",\"inLanguage\":\"fr-FR\",\"@id\":\"https:\/\/dicodusport.fr\/blog\/samuel-etoo-thierry-henry-netait-pas-au-niveau-danelka\/#primaryimage\",\"url\":\"https:\/\/dicodusport.fr\/blog\/wp-content\/uploads\/2022\/10\/Samuel-Etoo-Thierry-Henry-ne\u0301tait-pas-au-niveau-dAnelka.png\",\"contentUrl\":\"https:\/\/dicodusport.fr\/blog\/wp-content\/uploads\/2022\/10\/Samuel-Etoo-Thierry-Henry-ne\u0301tait-pas-au-niveau-dAnelka.png\",\"width\":800,\"height\":445},{\"@type\":\"BreadcrumbList\",\"@id\":\"https:\/\/dicodusport.fr\/blog\/samuel-etoo-thierry-henry-netait-pas-au-niveau-danelka\/#breadcrumb\",\"itemListElement\":[{\"@type\":\"ListItem\",\"position\":1,\"name\":\"Accueil\",\"item\":\"https:\/\/dicodusport.fr\/blog\/\"},{\"@type\":\"ListItem\",\"position\":2,\"name\":\"Samuel Eto&rsquo;o : \u00ab\u00a0Thierry Henry n&rsquo;\u00e9tait pas au niveau d&rsquo;Anelka\u00a0\u00bb\"}]},{\"@type\":\"WebSite\",\"@id\":\"https:\/\/dicodusport.fr\/blog\/#website\",\"url\":\"https:\/\/dicodusport.fr\/blog\/\",\"name\":\"Dicodusport\",\"description\":\"L&#039;encyclop\u00e9die de l&#039;actualit\u00e9 sportive\",\"publisher\":{\"@id\":\"https:\/\/dicodusport.fr\/blog\/#organization\"},\"potentialAction\":[{\"@type\":\"SearchAction\",\"target\":{\"@type\":\"EntryPoint\",\"urlTemplate\":\"https:\/\/dicodusport.fr\/blog\/?s={search_term_string}\"},\"query-input\":{\"@type\":\"PropertyValueSpecification\",\"valueRequired\":true,\"valueName\":\"search_term_string\"}}],\"inLanguage\":\"fr-FR\"},{\"@type\":\"NewsMediaOrganization\",\"@id\":\"https:\/\/dicodusport.fr\/blog\/#organization\",\"name\":\"Dicodusport\",\"url\":\"https:\/\/dicodusport.fr\/blog\/\",\"logo\":{\"@type\":\"ImageObject\",\"inLanguage\":\"fr-FR\",\"@id\":\"https:\/\/dicodusport.fr\/blog\/#\/schema\/logo\/image\/\",\"url\":\"https:\/\/dicodusport.fr\/blog\/wp-content\/uploads\/2020\/06\/cropped-LOGO-DICODUSPORT-2020-SANS-FOND-SANS-TEXTE.png\",\"contentUrl\":\"https:\/\/dicodusport.fr\/blog\/wp-content\/uploads\/2020\/06\/cropped-LOGO-DICODUSPORT-2020-SANS-FOND-SANS-TEXTE.png\",\"width\":512,\"height\":512,\"caption\":\"Dicodusport\"},\"image\":{\"@id\":\"https:\/\/dicodusport.fr\/blog\/#\/schema\/logo\/image\/\"},\"sameAs\":[\"https:\/\/www.facebook.com\/dicodusport\",\"https:\/\/x.com\/dicodusport\",\"https:\/\/www.instagram.com\/dicodusport\/\",\"https:\/\/www.youtube.com\/channel\/UC7V2KZ5sd3htJivAbA4ZG3w\"],\"description\":\"Dicodusport est l'encyclop\u00e9die de l'actualit\u00e9 sportive.\",\"email\":\"bonjour@dicodusport.fr\",\"legalName\":\"DICODUSPORT\",\"foundingDate\":\"2018-01-14\",\"vatID\":\"FR71834470973\",\"taxID\":\"83447097300043\",\"numberOfEmployees\":{\"@type\":\"QuantitativeValue\",\"minValue\":\"1\",\"maxValue\":\"10\"}},{\"@type\":\"Person\",\"@id\":\"https:\/\/dicodusport.fr\/blog\/#\/schema\/person\/55dcb50ad410894e431ed812bbb70191\",\"name\":\"Nicolas Jacquemard\",\"image\":{\"@type\":\"ImageObject\",\"inLanguage\":\"fr-FR\",\"@id\":\"https:\/\/dicodusport.fr\/blog\/#\/schema\/person\/image\/\",\"url\":\"https:\/\/dicodusport.fr\/blog\/wp-content\/uploads\/2021\/05\/Nicolas-Jacquemard-150x150.jpeg\",\"contentUrl\":\"https:\/\/dicodusport.fr\/blog\/wp-content\/uploads\/2021\/05\/Nicolas-Jacquemard-150x150.jpeg\",\"caption\":\"Nicolas Jacquemard\"},\"description\":\"Passionn\u00e9 de sport et entrepreneur depuis mes 18 ans, la cr\u00e9ation de Dicodusport m'a sembl\u00e9 \u00e9vidente pour participer \u00e0 la m\u00e9diatisation d'un plus grand nombre de sports. Le chemin est long mais avec une \u00e9quipe des plus motiv\u00e9es et les Jeux Olympiques de Paris 2024 en point de mire, nous y arriverons ! Journaliste dans le monde du sport depuis plus de 5 ans, je traite aussi bien de football, de rugby, de biathlon que de cyclisme.\",\"sameAs\":[\"https:\/\/www.facebook.com\/dicodusport\",\"https:\/\/x.com\/https:\/\/twitter.com\/Nico_Jacquemard\"],\"url\":\"https:\/\/dicodusport.fr\/blog\/author\/dicodusport\/\"}]}<\/script>\n<!-- \/ Yoast SEO Premium plugin. -->","yoast_head_json":{"title":"Samuel Eto'o : \"Thierry Henry n'\u00e9tait pas au niveau d'Anelka\"","description":"FOOTBALL - M\u00eame s'ils ont \u00e9t\u00e9 co\u00e9quipiers \u00e0 Barcelone, Samuel Eto'o a lanc\u00e9 une petite pique \u00e0 Thierry Henry en le comparant \u00e0 Nicolas Anelka puis \u00e0 lui-m\u00eame.\u00a0","robots":{"index":"index","follow":"follow","max-snippet":"max-snippet:-1","max-image-preview":"max-image-preview:large","max-video-preview":"max-video-preview:-1"},"canonical":"https:\/\/dicodusport.fr\/blog\/samuel-etoo-thierry-henry-netait-pas-au-niveau-danelka\/","og_locale":"fr_FR","og_type":"article","og_title":"Samuel Eto'o : \"Thierry Henry n'\u00e9tait pas au niveau d'Anelka\"","og_description":"FOOTBALL - M\u00eame s'ils ont \u00e9t\u00e9 co\u00e9quipiers \u00e0 Barcelone, Samuel Eto'o a lanc\u00e9 une petite pique \u00e0 Thierry Henry en le comparant \u00e0 Nicolas Anelka puis \u00e0 lui-m\u00eame.\u00a0","og_url":"https:\/\/dicodusport.fr\/blog\/samuel-etoo-thierry-henry-netait-pas-au-niveau-danelka\/","og_site_name":"Dicodusport","article_publisher":"https:\/\/www.facebook.com\/dicodusport","article_author":"https:\/\/www.facebook.com\/dicodusport","article_published_time":"2022-10-29T06:56:40+00:00","article_modified_time":"2022-10-29T08:30:55+00:00","og_image":[{"width":800,"height":445,"url":"https:\/\/dicodusport.fr\/blog\/wp-content\/uploads\/2022\/10\/Samuel-Etoo-Thierry-Henry-ne\u0301tait-pas-au-niveau-dAnelka.png","type":"image\/png"}],"author":"Nicolas Jacquemard","twitter_card":"summary_large_image","twitter_title":"Samuel Eto'o : \"Thierry Henry n'\u00e9tait pas au niveau d'Anelka\"","twitter_creator":"@https:\/\/twitter.com\/Nico_Jacquemard","twitter_site":"@dicodusport","schema":{"@context":"https:\/\/schema.org","@graph":[{"@type":"NewsArticle","@id":"https:\/\/dicodusport.fr\/blog\/samuel-etoo-thierry-henry-netait-pas-au-niveau-danelka\/#article","isPartOf":{"@id":"https:\/\/dicodusport.fr\/blog\/samuel-etoo-thierry-henry-netait-pas-au-niveau-danelka\/"},"author":{"name":"Nicolas Jacquemard","@id":"https:\/\/dicodusport.fr\/blog\/#\/schema\/person\/55dcb50ad410894e431ed812bbb70191"},"headline":"Samuel Eto&rsquo;o : \u00ab\u00a0Thierry Henry n&rsquo;\u00e9tait pas au niveau d&rsquo;Anelka\u00a0\u00bb","datePublished":"2022-10-29T06:56:40+00:00","dateModified":"2022-10-29T08:30:55+00:00","mainEntityOfPage":{"@id":"https:\/\/dicodusport.fr\/blog\/samuel-etoo-thierry-henry-netait-pas-au-niveau-danelka\/"},"wordCount":251,"commentCount":0,"publisher":{"@id":"https:\/\/dicodusport.fr\/blog\/#organization"},"image":{"@id":"https:\/\/dicodusport.fr\/blog\/samuel-etoo-thierry-henry-netait-pas-au-niveau-danelka\/#primaryimage"},"thumbnailUrl":"https:\/\/dicodusport.fr\/blog\/wp-content\/uploads\/2022\/10\/Samuel-Etoo-Thierry-Henry-ne\u0301tait-pas-au-niveau-dAnelka.png","keywords":["Football","Henry"],"articleSection":["Football"],"inLanguage":"fr-FR","potentialAction":[{"@type":"CommentAction","name":"Comment","target":["https:\/\/dicodusport.fr\/blog\/samuel-etoo-thierry-henry-netait-pas-au-niveau-danelka\/#respond"]}],"copyrightYear":"2022","copyrightHolder":{"@id":"https:\/\/dicodusport.fr\/blog\/#organization"}},{"@type":"WebPage","@id":"https:\/\/dicodusport.fr\/blog\/samuel-etoo-thierry-henry-netait-pas-au-niveau-danelka\/","url":"https:\/\/dicodusport.fr\/blog\/samuel-etoo-thierry-henry-netait-pas-au-niveau-danelka\/","name":"Samuel Eto'o : \"Thierry Henry n'\u00e9tait pas au niveau d'Anelka\"","isPartOf":{"@id":"https:\/\/dicodusport.fr\/blog\/#website"},"primaryImageOfPage":{"@id":"https:\/\/dicodusport.fr\/blog\/samuel-etoo-thierry-henry-netait-pas-au-niveau-danelka\/#primaryimage"},"image":{"@id":"https:\/\/dicodusport.fr\/blog\/samuel-etoo-thierry-henry-netait-pas-au-niveau-danelka\/#primaryimage"},"thumbnailUrl":"https:\/\/dicodusport.fr\/blog\/wp-content\/uploads\/2022\/10\/Samuel-Etoo-Thierry-Henry-ne\u0301tait-pas-au-niveau-dAnelka.png","datePublished":"2022-10-29T06:56:40+00:00","dateModified":"2022-10-29T08:30:55+00:00","description":"FOOTBALL - M\u00eame s'ils ont \u00e9t\u00e9 co\u00e9quipiers \u00e0 Barcelone, Samuel Eto'o a lanc\u00e9 une petite pique \u00e0 Thierry Henry en le comparant \u00e0 Nicolas Anelka puis \u00e0 lui-m\u00eame.\u00a0","breadcrumb":{"@id":"https:\/\/dicodusport.fr\/blog\/samuel-etoo-thierry-henry-netait-pas-au-niveau-danelka\/#breadcrumb"},"inLanguage":"fr-FR","potentialAction":[{"@type":"ReadAction","target":["https:\/\/dicodusport.fr\/blog\/samuel-etoo-thierry-henry-netait-pas-au-niveau-danelka\/"]}]},{"@type":"ImageObject","inLanguage":"fr-FR","@id":"https:\/\/dicodusport.fr\/blog\/samuel-etoo-thierry-henry-netait-pas-au-niveau-danelka\/#primaryimage","url":"https:\/\/dicodusport.fr\/blog\/wp-content\/uploads\/2022\/10\/Samuel-Etoo-Thierry-Henry-ne\u0301tait-pas-au-niveau-dAnelka.png","contentUrl":"https:\/\/dicodusport.fr\/blog\/wp-content\/uploads\/2022\/10\/Samuel-Etoo-Thierry-Henry-ne\u0301tait-pas-au-niveau-dAnelka.png","width":800,"height":445},{"@type":"BreadcrumbList","@id":"https:\/\/dicodusport.fr\/blog\/samuel-etoo-thierry-henry-netait-pas-au-niveau-danelka\/#breadcrumb","itemListElement":[{"@type":"ListItem","position":1,"name":"Accueil","item":"https:\/\/dicodusport.fr\/blog\/"},{"@type":"ListItem","position":2,"name":"Samuel Eto&rsquo;o : \u00ab\u00a0Thierry Henry n&rsquo;\u00e9tait pas au niveau d&rsquo;Anelka\u00a0\u00bb"}]},{"@type":"WebSite","@id":"https:\/\/dicodusport.fr\/blog\/#website","url":"https:\/\/dicodusport.fr\/blog\/","name":"Dicodusport","description":"L&#039;encyclop\u00e9die de l&#039;actualit\u00e9 sportive","publisher":{"@id":"https:\/\/dicodusport.fr\/blog\/#organization"},"potentialAction":[{"@type":"SearchAction","target":{"@type":"EntryPoint","urlTemplate":"https:\/\/dicodusport.fr\/blog\/?s={search_term_string}"},"query-input":{"@type":"PropertyValueSpecification","valueRequired":true,"valueName":"search_term_string"}}],"inLanguage":"fr-FR"},{"@type":"NewsMediaOrganization","@id":"https:\/\/dicodusport.fr\/blog\/#organization","name":"Dicodusport","url":"https:\/\/dicodusport.fr\/blog\/","logo":{"@type":"ImageObject","inLanguage":"fr-FR","@id":"https:\/\/dicodusport.fr\/blog\/#\/schema\/logo\/image\/","url":"https:\/\/dicodusport.fr\/blog\/wp-content\/uploads\/2020\/06\/cropped-LOGO-DICODUSPORT-2020-SANS-FOND-SANS-TEXTE.png","contentUrl":"https:\/\/dicodusport.fr\/blog\/wp-content\/uploads\/2020\/06\/cropped-LOGO-DICODUSPORT-2020-SANS-FOND-SANS-TEXTE.png","width":512,"height":512,"caption":"Dicodusport"},"image":{"@id":"https:\/\/dicodusport.fr\/blog\/#\/schema\/logo\/image\/"},"sameAs":["https:\/\/www.facebook.com\/dicodusport","https:\/\/x.com\/dicodusport","https:\/\/www.instagram.com\/dicodusport\/","https:\/\/www.youtube.com\/channel\/UC7V2KZ5sd3htJivAbA4ZG3w"],"description":"Dicodusport est l'encyclop\u00e9die de l'actualit\u00e9 sportive.","email":"bonjour@dicodusport.fr","legalName":"DICODUSPORT","foundingDate":"2018-01-14","vatID":"FR71834470973","taxID":"83447097300043","numberOfEmployees":{"@type":"QuantitativeValue","minValue":"1","maxValue":"10"}},{"@type":"Person","@id":"https:\/\/dicodusport.fr\/blog\/#\/schema\/person\/55dcb50ad410894e431ed812bbb70191","name":"Nicolas Jacquemard","image":{"@type":"ImageObject","inLanguage":"fr-FR","@id":"https:\/\/dicodusport.fr\/blog\/#\/schema\/person\/image\/","url":"https:\/\/dicodusport.fr\/blog\/wp-content\/uploads\/2021\/05\/Nicolas-Jacquemard-150x150.jpeg","contentUrl":"https:\/\/dicodusport.fr\/blog\/wp-content\/uploads\/2021\/05\/Nicolas-Jacquemard-150x150.jpeg","caption":"Nicolas Jacquemard"},"description":"Passionn\u00e9 de sport et entrepreneur depuis mes 18 ans, la cr\u00e9ation de Dicodusport m'a sembl\u00e9 \u00e9vidente pour participer \u00e0 la m\u00e9diatisation d'un plus grand nombre de sports. Le chemin est long mais avec une \u00e9quipe des plus motiv\u00e9es et les Jeux Olympiques de Paris 2024 en point de mire, nous y arriverons ! Journaliste dans le monde du sport depuis plus de 5 ans, je traite aussi bien de football, de rugby, de biathlon que de cyclisme.","sameAs":["https:\/\/www.facebook.com\/dicodusport","https:\/\/x.com\/https:\/\/twitter.com\/Nico_Jacquemard"],"url":"https:\/\/dicodusport.fr\/blog\/author\/dicodusport\/"}]}},"_links":{"self":[{"href":"https:\/\/dicodusport.fr\/blog\/wp-json\/wp\/v2\/posts\/273937","targetHints":{"allow":["GET"]}}],"collection":[{"href":"https:\/\/dicodusport.fr\/blog\/wp-json\/wp\/v2\/posts"}],"about":[{"href":"https:\/\/dicodusport.fr\/blog\/wp-json\/wp\/v2\/types\/post"}],"author":[{"embeddable":true,"href":"https:\/\/dicodusport.fr\/blog\/wp-json\/wp\/v2\/users\/1"}],"replies":[{"embeddable":true,"href":"https:\/\/dicodusport.fr\/blog\/wp-json\/wp\/v2\/comments?post=273937"}],"version-history":[{"count":0,"href":"https:\/\/dicodusport.fr\/blog\/wp-json\/wp\/v2\/posts\/273937\/revisions"}],"wp:featuredmedia":[{"embeddable":true,"href":"https:\/\/dicodusport.fr\/blog\/wp-json\/wp\/v2\/media\/273938"}],"wp:attachment":[{"href":"https:\/\/dicodusport.fr\/blog\/wp-json\/wp\/v2\/media?parent=273937"}],"wp:term":[{"taxonomy":"category","embeddable":true,"href":"https:\/\/dicodusport.fr\/blog\/wp-json\/wp\/v2\/categories?post=273937"},{"taxonomy":"post_tag","embeddable":true,"href":"https:\/\/dicodusport.fr\/blog\/wp-json\/wp\/v2\/tags?post=273937"}],"curies":[{"name":"wp","href":"https:\/\/api.w.org\/{rel}","templated":true}]}}