{"id":273979,"date":"2022-10-29T13:39:35","date_gmt":"2022-10-29T11:39:35","guid":{"rendered":"https:\/\/dicodusport.fr\/blog\/?p=273979&#038;preview=true&#038;preview_id=273979"},"modified":"2022-10-29T14:03:03","modified_gmt":"2022-10-29T12:03:03","slug":"mercato-le-fc-barcelone-veut-ngolo-kante","status":"publish","type":"post","link":"https:\/\/dicodusport.fr\/blog\/mercato-le-fc-barcelone-veut-ngolo-kante\/","title":{"rendered":"Mercato : Le FC Barcelone veut N&rsquo;Golo Kant\u00e9"},"content":{"rendered":"<p style=\"text-align: justify;\"><b><i>FOOTBALL &#8211; Selon Relevo, le FC Barcelone aurait fait de N&rsquo;Golo Kant\u00e9 sa priorit\u00e9 pour remplacer Sergio Busquets.\u00a0<\/i><\/b><\/p>\n<p style=\"text-align: justify;\">Alors qu&rsquo;il f\u00eatera ses 35 ans l&rsquo;\u00e9t\u00e9 prochain et que ses performances sont critiqu\u00e9es, <strong>Sergio<\/strong> <strong>Busquets<\/strong> pourrait ne plus rester longtemps titulaire dans le milieu du terrain du Bar\u00e7a. Le club catalan lui cherche un rempla\u00e7ant et aurait fait de <strong>N&rsquo;Golo Kant\u00e9 <\/strong>sa priorit\u00e9. Le milieu de terrain de <strong>Chelsea<\/strong> arrive en fin de contrat et est donc une tr\u00e8s belle opportunit\u00e9 puisque le club qui veut le recruter n&rsquo;aura pas d&rsquo;indemnit\u00e9 de transfert \u00e0 payer. Le <strong>FC<\/strong> <strong>Barcelone<\/strong> se serait d\u00e9j\u00e0 positionn\u00e9 pour recruter le milieu international fran\u00e7ais et le seul frein au dossier serait ses blessures \u00e0 r\u00e9p\u00e9tition.<\/p>\n<p style=\"text-align: justify;\">En cas d&rsquo;\u00e9chec de la piste menant au joueur fran\u00e7ais, le club catalan aurait aussi coch\u00e9 le nom de <strong>Ruben Neves<\/strong>. Jorge Mendes, son agent, aurait m\u00eame rencontr\u00e9 le pr\u00e9sident du <strong>Bar\u00e7a<\/strong> mais le montant du transfert, plus de 20 millions, rendrait l&rsquo;op\u00e9ration compliqu\u00e9e.<\/p>\n<blockquote class=\"twitter-tweet\">\n<p dir=\"ltr\" lang=\"fr\">&#x1f1ea;&#x1f1f8; Le Bar\u00e7a a d\u00e9j\u00e0 cibl\u00e9 plusieurs profils pour remplacer Sergio Busquets. Parmi eux, le milieu de terrain de Chelsea, N&rsquo;Golo Kant\u00e9, qui serait m\u00eame en t\u00eate de la short-list<a href=\"https:\/\/t.co\/F5BxXyaLB7\">https:\/\/t.co\/F5BxXyaLB7<\/a><\/p>\n<p>\u2014 RMC Sport (@RMCsport) <a href=\"https:\/\/twitter.com\/RMCsport\/status\/1586315446873096192?ref_src=twsrc%5Etfw\">October 29, 2022<\/a><\/p><\/blockquote>\n<p style=\"text-align: justify;\"><script async src=\"https:\/\/platform.twitter.com\/widgets.js\" charset=\"utf-8\"><\/script><\/p>\n","protected":false},"excerpt":{"rendered":"<p>FOOTBALL &#8211; Selon Relevo, le FC Barcelone aurait fait de N&rsquo;Golo Kant\u00e9 sa priorit\u00e9 pour remplacer Sergio Busquets.\u00a0<\/p>\n","protected":false},"author":1,"featured_media":273980,"comment_status":"open","ping_status":"closed","sticky":false,"template":"","format":"standard","meta":{"_acf_changed":false,"_daextam_enable_autolinks":"","footnotes":""},"categories":[2301],"tags":[2101,75,2067],"class_list":["post-273979","post","type-post","status-publish","format-standard","has-post-thumbnail","hentry","category-football","tag-barcelone","tag-football","tag-ngolo-kante"],"acf":[],"yoast_head":"<!-- This site is optimized with the Yoast SEO Premium plugin v26.7 (Yoast SEO v26.7) - https:\/\/yoast.com\/wordpress\/plugins\/seo\/ -->\n<title>Mercato : Le FC Barcelone veut N&#039;Golo Kant\u00e9<\/title>\n<meta name=\"description\" content=\"FOOTBALL - Selon Relevo, le FC Barcelone aurait fait de N&#039;Golo Kant\u00e9 sa priorit\u00e9 pour remplacer Sergio Busquets.\u00a0\" \/>\n<meta name=\"robots\" content=\"index, follow, max-snippet:-1, max-image-preview:large, max-video-preview:-1\" \/>\n<link rel=\"canonical\" href=\"https:\/\/dicodusport.fr\/blog\/mercato-le-fc-barcelone-veut-ngolo-kante\/\" \/>\n<meta property=\"og:locale\" content=\"fr_FR\" \/>\n<meta property=\"og:type\" content=\"article\" \/>\n<meta property=\"og:title\" content=\"Mercato : Le FC Barcelone veut N&#039;Golo Kant\u00e9\" \/>\n<meta property=\"og:description\" content=\"FOOTBALL - Selon Relevo, le FC Barcelone aurait fait de N&#039;Golo Kant\u00e9 sa priorit\u00e9 pour remplacer Sergio Busquets.\u00a0\" \/>\n<meta property=\"og:url\" content=\"https:\/\/dicodusport.fr\/blog\/mercato-le-fc-barcelone-veut-ngolo-kante\/\" \/>\n<meta property=\"og:site_name\" content=\"Dicodusport\" \/>\n<meta property=\"article:publisher\" content=\"https:\/\/www.facebook.com\/dicodusport\" \/>\n<meta property=\"article:author\" content=\"https:\/\/www.facebook.com\/dicodusport\" \/>\n<meta property=\"article:published_time\" content=\"2022-10-29T11:39:35+00:00\" \/>\n<meta property=\"article:modified_time\" content=\"2022-10-29T12:03:03+00:00\" \/>\n<meta property=\"og:image\" content=\"https:\/\/dicodusport.fr\/blog\/wp-content\/uploads\/2022\/10\/Mercato-Le-FC-Barcelone-veut-NGolo-Kante\u0301.png\" \/>\n\t<meta property=\"og:image:width\" content=\"800\" \/>\n\t<meta property=\"og:image:height\" content=\"445\" \/>\n\t<meta property=\"og:image:type\" content=\"image\/png\" \/>\n<meta name=\"author\" content=\"Nicolas Jacquemard\" \/>\n<meta name=\"twitter:card\" content=\"summary_large_image\" \/>\n<meta name=\"twitter:title\" content=\"Mercato : Le FC Barcelone veut N&#039;Golo Kant\u00e9\" \/>\n<meta name=\"twitter:creator\" content=\"@https:\/\/twitter.com\/Nico_Jacquemard\" \/>\n<meta name=\"twitter:site\" content=\"@dicodusport\" \/>\n<script type=\"application\/ld+json\" class=\"yoast-schema-graph\">{\"@context\":\"https:\/\/schema.org\",\"@graph\":[{\"@type\":\"NewsArticle\",\"@id\":\"https:\/\/dicodusport.fr\/blog\/mercato-le-fc-barcelone-veut-ngolo-kante\/#article\",\"isPartOf\":{\"@id\":\"https:\/\/dicodusport.fr\/blog\/mercato-le-fc-barcelone-veut-ngolo-kante\/\"},\"author\":{\"name\":\"Nicolas Jacquemard\",\"@id\":\"https:\/\/dicodusport.fr\/blog\/#\/schema\/person\/55dcb50ad410894e431ed812bbb70191\"},\"headline\":\"Mercato : Le FC Barcelone veut N&rsquo;Golo Kant\u00e9\",\"datePublished\":\"2022-10-29T11:39:35+00:00\",\"dateModified\":\"2022-10-29T12:03:03+00:00\",\"mainEntityOfPage\":{\"@id\":\"https:\/\/dicodusport.fr\/blog\/mercato-le-fc-barcelone-veut-ngolo-kante\/\"},\"wordCount\":237,\"commentCount\":0,\"publisher\":{\"@id\":\"https:\/\/dicodusport.fr\/blog\/#organization\"},\"image\":{\"@id\":\"https:\/\/dicodusport.fr\/blog\/mercato-le-fc-barcelone-veut-ngolo-kante\/#primaryimage\"},\"thumbnailUrl\":\"https:\/\/dicodusport.fr\/blog\/wp-content\/uploads\/2022\/10\/Mercato-Le-FC-Barcelone-veut-NGolo-Kante\u0301.png\",\"keywords\":[\"barcelone\",\"Football\",\"N'Golo Kant\u00e9\"],\"articleSection\":[\"Football\"],\"inLanguage\":\"fr-FR\",\"potentialAction\":[{\"@type\":\"CommentAction\",\"name\":\"Comment\",\"target\":[\"https:\/\/dicodusport.fr\/blog\/mercato-le-fc-barcelone-veut-ngolo-kante\/#respond\"]}],\"copyrightYear\":\"2022\",\"copyrightHolder\":{\"@id\":\"https:\/\/dicodusport.fr\/blog\/#organization\"}},{\"@type\":\"WebPage\",\"@id\":\"https:\/\/dicodusport.fr\/blog\/mercato-le-fc-barcelone-veut-ngolo-kante\/\",\"url\":\"https:\/\/dicodusport.fr\/blog\/mercato-le-fc-barcelone-veut-ngolo-kante\/\",\"name\":\"Mercato : Le FC Barcelone veut N'Golo Kant\u00e9\",\"isPartOf\":{\"@id\":\"https:\/\/dicodusport.fr\/blog\/#website\"},\"primaryImageOfPage\":{\"@id\":\"https:\/\/dicodusport.fr\/blog\/mercato-le-fc-barcelone-veut-ngolo-kante\/#primaryimage\"},\"image\":{\"@id\":\"https:\/\/dicodusport.fr\/blog\/mercato-le-fc-barcelone-veut-ngolo-kante\/#primaryimage\"},\"thumbnailUrl\":\"https:\/\/dicodusport.fr\/blog\/wp-content\/uploads\/2022\/10\/Mercato-Le-FC-Barcelone-veut-NGolo-Kante\u0301.png\",\"datePublished\":\"2022-10-29T11:39:35+00:00\",\"dateModified\":\"2022-10-29T12:03:03+00:00\",\"description\":\"FOOTBALL - Selon Relevo, le FC Barcelone aurait fait de N'Golo Kant\u00e9 sa priorit\u00e9 pour remplacer Sergio Busquets.\u00a0\",\"breadcrumb\":{\"@id\":\"https:\/\/dicodusport.fr\/blog\/mercato-le-fc-barcelone-veut-ngolo-kante\/#breadcrumb\"},\"inLanguage\":\"fr-FR\",\"potentialAction\":[{\"@type\":\"ReadAction\",\"target\":[\"https:\/\/dicodusport.fr\/blog\/mercato-le-fc-barcelone-veut-ngolo-kante\/\"]}]},{\"@type\":\"ImageObject\",\"inLanguage\":\"fr-FR\",\"@id\":\"https:\/\/dicodusport.fr\/blog\/mercato-le-fc-barcelone-veut-ngolo-kante\/#primaryimage\",\"url\":\"https:\/\/dicodusport.fr\/blog\/wp-content\/uploads\/2022\/10\/Mercato-Le-FC-Barcelone-veut-NGolo-Kante\u0301.png\",\"contentUrl\":\"https:\/\/dicodusport.fr\/blog\/wp-content\/uploads\/2022\/10\/Mercato-Le-FC-Barcelone-veut-NGolo-Kante\u0301.png\",\"width\":800,\"height\":445},{\"@type\":\"BreadcrumbList\",\"@id\":\"https:\/\/dicodusport.fr\/blog\/mercato-le-fc-barcelone-veut-ngolo-kante\/#breadcrumb\",\"itemListElement\":[{\"@type\":\"ListItem\",\"position\":1,\"name\":\"Accueil\",\"item\":\"https:\/\/dicodusport.fr\/blog\/\"},{\"@type\":\"ListItem\",\"position\":2,\"name\":\"Mercato : Le FC Barcelone veut N&rsquo;Golo Kant\u00e9\"}]},{\"@type\":\"WebSite\",\"@id\":\"https:\/\/dicodusport.fr\/blog\/#website\",\"url\":\"https:\/\/dicodusport.fr\/blog\/\",\"name\":\"Dicodusport\",\"description\":\"L&#039;encyclop\u00e9die de l&#039;actualit\u00e9 sportive\",\"publisher\":{\"@id\":\"https:\/\/dicodusport.fr\/blog\/#organization\"},\"potentialAction\":[{\"@type\":\"SearchAction\",\"target\":{\"@type\":\"EntryPoint\",\"urlTemplate\":\"https:\/\/dicodusport.fr\/blog\/?s={search_term_string}\"},\"query-input\":{\"@type\":\"PropertyValueSpecification\",\"valueRequired\":true,\"valueName\":\"search_term_string\"}}],\"inLanguage\":\"fr-FR\"},{\"@type\":\"NewsMediaOrganization\",\"@id\":\"https:\/\/dicodusport.fr\/blog\/#organization\",\"name\":\"Dicodusport\",\"url\":\"https:\/\/dicodusport.fr\/blog\/\",\"logo\":{\"@type\":\"ImageObject\",\"inLanguage\":\"fr-FR\",\"@id\":\"https:\/\/dicodusport.fr\/blog\/#\/schema\/logo\/image\/\",\"url\":\"https:\/\/dicodusport.fr\/blog\/wp-content\/uploads\/2020\/06\/cropped-LOGO-DICODUSPORT-2020-SANS-FOND-SANS-TEXTE.png\",\"contentUrl\":\"https:\/\/dicodusport.fr\/blog\/wp-content\/uploads\/2020\/06\/cropped-LOGO-DICODUSPORT-2020-SANS-FOND-SANS-TEXTE.png\",\"width\":512,\"height\":512,\"caption\":\"Dicodusport\"},\"image\":{\"@id\":\"https:\/\/dicodusport.fr\/blog\/#\/schema\/logo\/image\/\"},\"sameAs\":[\"https:\/\/www.facebook.com\/dicodusport\",\"https:\/\/x.com\/dicodusport\",\"https:\/\/www.instagram.com\/dicodusport\/\",\"https:\/\/www.youtube.com\/channel\/UC7V2KZ5sd3htJivAbA4ZG3w\"],\"description\":\"Dicodusport est l'encyclop\u00e9die de l'actualit\u00e9 sportive.\",\"email\":\"bonjour@dicodusport.fr\",\"legalName\":\"DICODUSPORT\",\"foundingDate\":\"2018-01-14\",\"vatID\":\"FR71834470973\",\"taxID\":\"83447097300043\",\"numberOfEmployees\":{\"@type\":\"QuantitativeValue\",\"minValue\":\"1\",\"maxValue\":\"10\"}},{\"@type\":\"Person\",\"@id\":\"https:\/\/dicodusport.fr\/blog\/#\/schema\/person\/55dcb50ad410894e431ed812bbb70191\",\"name\":\"Nicolas Jacquemard\",\"image\":{\"@type\":\"ImageObject\",\"inLanguage\":\"fr-FR\",\"@id\":\"https:\/\/dicodusport.fr\/blog\/#\/schema\/person\/image\/\",\"url\":\"https:\/\/dicodusport.fr\/blog\/wp-content\/uploads\/2021\/05\/Nicolas-Jacquemard-150x150.jpeg\",\"contentUrl\":\"https:\/\/dicodusport.fr\/blog\/wp-content\/uploads\/2021\/05\/Nicolas-Jacquemard-150x150.jpeg\",\"caption\":\"Nicolas Jacquemard\"},\"description\":\"Passionn\u00e9 de sport et entrepreneur depuis mes 18 ans, la cr\u00e9ation de Dicodusport m'a sembl\u00e9 \u00e9vidente pour participer \u00e0 la m\u00e9diatisation d'un plus grand nombre de sports. Le chemin est long mais avec une \u00e9quipe des plus motiv\u00e9es et les Jeux Olympiques de Paris 2024 en point de mire, nous y arriverons ! Journaliste dans le monde du sport depuis plus de 5 ans, je traite aussi bien de football, de rugby, de biathlon que de cyclisme.\",\"sameAs\":[\"https:\/\/www.facebook.com\/dicodusport\",\"https:\/\/x.com\/https:\/\/twitter.com\/Nico_Jacquemard\"],\"url\":\"https:\/\/dicodusport.fr\/blog\/author\/dicodusport\/\"}]}<\/script>\n<!-- \/ Yoast SEO Premium plugin. -->","yoast_head_json":{"title":"Mercato : Le FC Barcelone veut N'Golo Kant\u00e9","description":"FOOTBALL - Selon Relevo, le FC Barcelone aurait fait de N'Golo Kant\u00e9 sa priorit\u00e9 pour remplacer Sergio Busquets.\u00a0","robots":{"index":"index","follow":"follow","max-snippet":"max-snippet:-1","max-image-preview":"max-image-preview:large","max-video-preview":"max-video-preview:-1"},"canonical":"https:\/\/dicodusport.fr\/blog\/mercato-le-fc-barcelone-veut-ngolo-kante\/","og_locale":"fr_FR","og_type":"article","og_title":"Mercato : Le FC Barcelone veut N'Golo Kant\u00e9","og_description":"FOOTBALL - Selon Relevo, le FC Barcelone aurait fait de N'Golo Kant\u00e9 sa priorit\u00e9 pour remplacer Sergio Busquets.\u00a0","og_url":"https:\/\/dicodusport.fr\/blog\/mercato-le-fc-barcelone-veut-ngolo-kante\/","og_site_name":"Dicodusport","article_publisher":"https:\/\/www.facebook.com\/dicodusport","article_author":"https:\/\/www.facebook.com\/dicodusport","article_published_time":"2022-10-29T11:39:35+00:00","article_modified_time":"2022-10-29T12:03:03+00:00","og_image":[{"width":800,"height":445,"url":"https:\/\/dicodusport.fr\/blog\/wp-content\/uploads\/2022\/10\/Mercato-Le-FC-Barcelone-veut-NGolo-Kante\u0301.png","type":"image\/png"}],"author":"Nicolas Jacquemard","twitter_card":"summary_large_image","twitter_title":"Mercato : Le FC Barcelone veut N'Golo Kant\u00e9","twitter_creator":"@https:\/\/twitter.com\/Nico_Jacquemard","twitter_site":"@dicodusport","schema":{"@context":"https:\/\/schema.org","@graph":[{"@type":"NewsArticle","@id":"https:\/\/dicodusport.fr\/blog\/mercato-le-fc-barcelone-veut-ngolo-kante\/#article","isPartOf":{"@id":"https:\/\/dicodusport.fr\/blog\/mercato-le-fc-barcelone-veut-ngolo-kante\/"},"author":{"name":"Nicolas Jacquemard","@id":"https:\/\/dicodusport.fr\/blog\/#\/schema\/person\/55dcb50ad410894e431ed812bbb70191"},"headline":"Mercato : Le FC Barcelone veut N&rsquo;Golo Kant\u00e9","datePublished":"2022-10-29T11:39:35+00:00","dateModified":"2022-10-29T12:03:03+00:00","mainEntityOfPage":{"@id":"https:\/\/dicodusport.fr\/blog\/mercato-le-fc-barcelone-veut-ngolo-kante\/"},"wordCount":237,"commentCount":0,"publisher":{"@id":"https:\/\/dicodusport.fr\/blog\/#organization"},"image":{"@id":"https:\/\/dicodusport.fr\/blog\/mercato-le-fc-barcelone-veut-ngolo-kante\/#primaryimage"},"thumbnailUrl":"https:\/\/dicodusport.fr\/blog\/wp-content\/uploads\/2022\/10\/Mercato-Le-FC-Barcelone-veut-NGolo-Kante\u0301.png","keywords":["barcelone","Football","N'Golo Kant\u00e9"],"articleSection":["Football"],"inLanguage":"fr-FR","potentialAction":[{"@type":"CommentAction","name":"Comment","target":["https:\/\/dicodusport.fr\/blog\/mercato-le-fc-barcelone-veut-ngolo-kante\/#respond"]}],"copyrightYear":"2022","copyrightHolder":{"@id":"https:\/\/dicodusport.fr\/blog\/#organization"}},{"@type":"WebPage","@id":"https:\/\/dicodusport.fr\/blog\/mercato-le-fc-barcelone-veut-ngolo-kante\/","url":"https:\/\/dicodusport.fr\/blog\/mercato-le-fc-barcelone-veut-ngolo-kante\/","name":"Mercato : Le FC Barcelone veut N'Golo Kant\u00e9","isPartOf":{"@id":"https:\/\/dicodusport.fr\/blog\/#website"},"primaryImageOfPage":{"@id":"https:\/\/dicodusport.fr\/blog\/mercato-le-fc-barcelone-veut-ngolo-kante\/#primaryimage"},"image":{"@id":"https:\/\/dicodusport.fr\/blog\/mercato-le-fc-barcelone-veut-ngolo-kante\/#primaryimage"},"thumbnailUrl":"https:\/\/dicodusport.fr\/blog\/wp-content\/uploads\/2022\/10\/Mercato-Le-FC-Barcelone-veut-NGolo-Kante\u0301.png","datePublished":"2022-10-29T11:39:35+00:00","dateModified":"2022-10-29T12:03:03+00:00","description":"FOOTBALL - Selon Relevo, le FC Barcelone aurait fait de N'Golo Kant\u00e9 sa priorit\u00e9 pour remplacer Sergio Busquets.\u00a0","breadcrumb":{"@id":"https:\/\/dicodusport.fr\/blog\/mercato-le-fc-barcelone-veut-ngolo-kante\/#breadcrumb"},"inLanguage":"fr-FR","potentialAction":[{"@type":"ReadAction","target":["https:\/\/dicodusport.fr\/blog\/mercato-le-fc-barcelone-veut-ngolo-kante\/"]}]},{"@type":"ImageObject","inLanguage":"fr-FR","@id":"https:\/\/dicodusport.fr\/blog\/mercato-le-fc-barcelone-veut-ngolo-kante\/#primaryimage","url":"https:\/\/dicodusport.fr\/blog\/wp-content\/uploads\/2022\/10\/Mercato-Le-FC-Barcelone-veut-NGolo-Kante\u0301.png","contentUrl":"https:\/\/dicodusport.fr\/blog\/wp-content\/uploads\/2022\/10\/Mercato-Le-FC-Barcelone-veut-NGolo-Kante\u0301.png","width":800,"height":445},{"@type":"BreadcrumbList","@id":"https:\/\/dicodusport.fr\/blog\/mercato-le-fc-barcelone-veut-ngolo-kante\/#breadcrumb","itemListElement":[{"@type":"ListItem","position":1,"name":"Accueil","item":"https:\/\/dicodusport.fr\/blog\/"},{"@type":"ListItem","position":2,"name":"Mercato : Le FC Barcelone veut N&rsquo;Golo Kant\u00e9"}]},{"@type":"WebSite","@id":"https:\/\/dicodusport.fr\/blog\/#website","url":"https:\/\/dicodusport.fr\/blog\/","name":"Dicodusport","description":"L&#039;encyclop\u00e9die de l&#039;actualit\u00e9 sportive","publisher":{"@id":"https:\/\/dicodusport.fr\/blog\/#organization"},"potentialAction":[{"@type":"SearchAction","target":{"@type":"EntryPoint","urlTemplate":"https:\/\/dicodusport.fr\/blog\/?s={search_term_string}"},"query-input":{"@type":"PropertyValueSpecification","valueRequired":true,"valueName":"search_term_string"}}],"inLanguage":"fr-FR"},{"@type":"NewsMediaOrganization","@id":"https:\/\/dicodusport.fr\/blog\/#organization","name":"Dicodusport","url":"https:\/\/dicodusport.fr\/blog\/","logo":{"@type":"ImageObject","inLanguage":"fr-FR","@id":"https:\/\/dicodusport.fr\/blog\/#\/schema\/logo\/image\/","url":"https:\/\/dicodusport.fr\/blog\/wp-content\/uploads\/2020\/06\/cropped-LOGO-DICODUSPORT-2020-SANS-FOND-SANS-TEXTE.png","contentUrl":"https:\/\/dicodusport.fr\/blog\/wp-content\/uploads\/2020\/06\/cropped-LOGO-DICODUSPORT-2020-SANS-FOND-SANS-TEXTE.png","width":512,"height":512,"caption":"Dicodusport"},"image":{"@id":"https:\/\/dicodusport.fr\/blog\/#\/schema\/logo\/image\/"},"sameAs":["https:\/\/www.facebook.com\/dicodusport","https:\/\/x.com\/dicodusport","https:\/\/www.instagram.com\/dicodusport\/","https:\/\/www.youtube.com\/channel\/UC7V2KZ5sd3htJivAbA4ZG3w"],"description":"Dicodusport est l'encyclop\u00e9die de l'actualit\u00e9 sportive.","email":"bonjour@dicodusport.fr","legalName":"DICODUSPORT","foundingDate":"2018-01-14","vatID":"FR71834470973","taxID":"83447097300043","numberOfEmployees":{"@type":"QuantitativeValue","minValue":"1","maxValue":"10"}},{"@type":"Person","@id":"https:\/\/dicodusport.fr\/blog\/#\/schema\/person\/55dcb50ad410894e431ed812bbb70191","name":"Nicolas Jacquemard","image":{"@type":"ImageObject","inLanguage":"fr-FR","@id":"https:\/\/dicodusport.fr\/blog\/#\/schema\/person\/image\/","url":"https:\/\/dicodusport.fr\/blog\/wp-content\/uploads\/2021\/05\/Nicolas-Jacquemard-150x150.jpeg","contentUrl":"https:\/\/dicodusport.fr\/blog\/wp-content\/uploads\/2021\/05\/Nicolas-Jacquemard-150x150.jpeg","caption":"Nicolas Jacquemard"},"description":"Passionn\u00e9 de sport et entrepreneur depuis mes 18 ans, la cr\u00e9ation de Dicodusport m'a sembl\u00e9 \u00e9vidente pour participer \u00e0 la m\u00e9diatisation d'un plus grand nombre de sports. Le chemin est long mais avec une \u00e9quipe des plus motiv\u00e9es et les Jeux Olympiques de Paris 2024 en point de mire, nous y arriverons ! Journaliste dans le monde du sport depuis plus de 5 ans, je traite aussi bien de football, de rugby, de biathlon que de cyclisme.","sameAs":["https:\/\/www.facebook.com\/dicodusport","https:\/\/x.com\/https:\/\/twitter.com\/Nico_Jacquemard"],"url":"https:\/\/dicodusport.fr\/blog\/author\/dicodusport\/"}]}},"_links":{"self":[{"href":"https:\/\/dicodusport.fr\/blog\/wp-json\/wp\/v2\/posts\/273979","targetHints":{"allow":["GET"]}}],"collection":[{"href":"https:\/\/dicodusport.fr\/blog\/wp-json\/wp\/v2\/posts"}],"about":[{"href":"https:\/\/dicodusport.fr\/blog\/wp-json\/wp\/v2\/types\/post"}],"author":[{"embeddable":true,"href":"https:\/\/dicodusport.fr\/blog\/wp-json\/wp\/v2\/users\/1"}],"replies":[{"embeddable":true,"href":"https:\/\/dicodusport.fr\/blog\/wp-json\/wp\/v2\/comments?post=273979"}],"version-history":[{"count":0,"href":"https:\/\/dicodusport.fr\/blog\/wp-json\/wp\/v2\/posts\/273979\/revisions"}],"wp:featuredmedia":[{"embeddable":true,"href":"https:\/\/dicodusport.fr\/blog\/wp-json\/wp\/v2\/media\/273980"}],"wp:attachment":[{"href":"https:\/\/dicodusport.fr\/blog\/wp-json\/wp\/v2\/media?parent=273979"}],"wp:term":[{"taxonomy":"category","embeddable":true,"href":"https:\/\/dicodusport.fr\/blog\/wp-json\/wp\/v2\/categories?post=273979"},{"taxonomy":"post_tag","embeddable":true,"href":"https:\/\/dicodusport.fr\/blog\/wp-json\/wp\/v2\/tags?post=273979"}],"curies":[{"name":"wp","href":"https:\/\/api.w.org\/{rel}","templated":true}]}}