{"id":274136,"date":"2022-10-30T08:32:35","date_gmt":"2022-10-30T07:32:35","guid":{"rendered":"https:\/\/dicodusport.fr\/blog\/?p=274136&#038;preview=true&#038;preview_id=274136"},"modified":"2022-10-30T08:39:14","modified_gmt":"2022-10-30T07:39:14","slug":"ugo-mola-longtemps-que-je-navais-pas-vecu-une-semaine-de-merde-comme-ca","status":"publish","type":"post","link":"https:\/\/dicodusport.fr\/blog\/ugo-mola-longtemps-que-je-navais-pas-vecu-une-semaine-de-merde-comme-ca\/","title":{"rendered":"Ugo Mola : \u00ab\u00a0Longtemps que je n&rsquo;avais pas v\u00e9cu une semaine de merde comme \u00e7a\u00a0\u00bb"},"content":{"rendered":"<p style=\"text-align: justify;\"><b><i>TOP 14 2022-2023 &#8211; En conf\u00e9rence de presse, Ugo Mola, manager du Stade Toulousain, est revenu sur la performance de son \u00e9quipe face \u00e0 l&rsquo;Aviron Bayonnais samedi soir, <a href=\"https:\/\/dicodusport.fr\/blog\/top-14-j9-bayonne-domine-un-stade-toulousain-remanie\/\">avec une d\u00e9faite, mais un bonus d\u00e9fensif d\u00e9croch\u00e9 au finish (26-22)<\/a>.<\/i><\/b><\/p>\n<p style=\"text-align: justify;\">Le manager du <strong>Stade<\/strong> <strong>Toulousain<\/strong> a regrett\u00e9 l&rsquo;entame de match rat\u00e9e de sa jeune garde face \u00e0 <strong>Bayonne<\/strong>. Men\u00e9s de 20 points \u00e0 la pause, les <strong>champions de France 2021<\/strong> sont venus chercher le bonus d\u00e9fensif en toute fin de match. <strong>Ugo<\/strong> <strong>Mola<\/strong> a aim\u00e9 la r\u00e9action de son \u00e9quipe, comme il l&rsquo;a expliqu\u00e9 dans des propos repris par nos confr\u00e8res de <em>L&rsquo;\u00c9quipe<\/em>.<\/p>\n<blockquote>\n<p style=\"text-align: justify;\">Pendant vingt minutes, on les a regard\u00e9s jouer, on les a laiss\u00e9s faire ce qu&rsquo;ils avaient pr\u00e9vu. \u00c0 ce jeu, dans un stade et devant un public comme \u00e7a, quand vous \u00eates un peu \u00e0 la course derri\u00e8re, les d\u00e9cisions et les choix ne sont pas trop \u00e0-propos d&rsquo;un c\u00f4t\u00e9 et r\u00e9ussissent \u00e0 tous les coups de l&rsquo;autre. On a d\u00e9marr\u00e9 la seconde p\u00e9riode dans un tout autre \u00e9tat d&rsquo;esprit, je suis donc assez fier de notre jeune garde. Je suis plus d\u00e9\u00e7u de l&rsquo;entame de match, mais il faut qu&rsquo;on apprenne aussi. J&rsquo;aurais aim\u00e9 qu&rsquo;on donne le change plus que sur cinquante minutes du match.<\/p>\n<p style=\"text-align: justify;\">On se trompe sur deux ou trois options en d\u00e9but de match. Quand tu cumules ces al\u00e9as, t&rsquo;as une \u00e9quipe qui est gonfl\u00e9e \u00e0 bloc et une autre dans le dur. Mais quand ces gamins-l\u00e0 jouent leur rugby, ils arrivent \u00e0 provoquer certaines choses. Il y a longtemps que je n&rsquo;avais pas v\u00e9cu une semaine de merde comme \u00e7a : 23 joueurs pros en moins, les deux ou trois jeunes qui jouent avec nous d&rsquo;habitude bless\u00e9s, heureusement on a rentr\u00e9 un international qui pointe le nez, Cyril Baille, et j&rsquo;esp\u00e8re qu&rsquo;il va rester une semaine de plus avec nous.<\/p>\n<\/blockquote>\n<p style=\"text-align: justify;\"><strong>Cyril<\/strong> <strong>Baille<\/strong>, de retour \u00e0 la comp\u00e9tition samedi soir, pourrait \u00eatre appel\u00e9 par <strong>Fabien<\/strong> <strong>Galthi\u00e9<\/strong> pour pr\u00e9parer l&rsquo;Australie (samedi 5\/11).\u00a0 Mais <strong>Ugo<\/strong> <strong>Mola<\/strong> esp\u00e8re l&rsquo;inverse pour qu&rsquo;il puisse compter sur lui la semaine prochaine, lors de la r\u00e9ception du Stade Fran\u00e7ais.<\/p>\n<blockquote class=\"twitter-tweet\">\n<p dir=\"ltr\" lang=\"fr\">Ugo Mola, entra\u00eeneur du Stade Toulousain : \u00ab Il y a longtemps que je n&rsquo;avais pas v\u00e9cu une semaine de merde comme \u00e7a \u00bb <a href=\"https:\/\/t.co\/DximKWHjmj\">https:\/\/t.co\/DximKWHjmj<\/a> <a href=\"https:\/\/t.co\/wMcTtJ3HWb\">pic.twitter.com\/wMcTtJ3HWb<\/a><\/p>\n<p>\u2014 WYN SPORT (@WYN_Sport_News) <a href=\"https:\/\/twitter.com\/WYN_Sport_News\/status\/1586491987619897345?ref_src=twsrc%5Etfw\">October 29, 2022<\/a><\/p><\/blockquote>\n<p style=\"text-align: justify;\"><script async src=\"https:\/\/platform.twitter.com\/widgets.js\" charset=\"utf-8\"><\/script><\/p>\n","protected":false},"excerpt":{"rendered":"<p>TOP 14 2022-2023 &#8211; En conf\u00e9rence de presse, Ugo Mola, manager du Stade Toulousain, est revenu sur la performance de son \u00e9quipe face \u00e0 l&rsquo;Aviron Bayonnais samedi soir, avec une d\u00e9faite, mais un bonus d\u00e9fensif d\u00e9croch\u00e9 au finish (26-22).<\/p>\n","protected":false},"author":1,"featured_media":274141,"comment_status":"open","ping_status":"closed","sticky":false,"template":"","format":"standard","meta":{"_acf_changed":false,"_daextam_enable_autolinks":"","footnotes":""},"categories":[9129,47050],"tags":[4008,111,4272],"class_list":["post-274136","post","type-post","status-publish","format-standard","has-post-thumbnail","hentry","category-rugby-a-xv","category-top-14","tag-stade-toulousain","tag-top-14","tag-ugo-mola"],"acf":[],"yoast_head":"<!-- This site is optimized with the Yoast SEO Premium plugin v26.7 (Yoast SEO v26.7) - https:\/\/yoast.com\/wordpress\/plugins\/seo\/ -->\n<title>Ugo Mola : &quot;Longtemps que je n&#039;avais pas v\u00e9cu une semaine de merde comme \u00e7a&quot;<\/title>\n<meta name=\"description\" content=\"TOP 14 2022-2023 - En conf\u00e9rence de presse, Ugo Mola est revenu sur la performance de son \u00e9quipe face \u00e0 l&#039;Aviron Bayonnais samedi soir.\" \/>\n<meta name=\"robots\" content=\"index, follow, max-snippet:-1, max-image-preview:large, max-video-preview:-1\" \/>\n<link rel=\"canonical\" href=\"https:\/\/dicodusport.fr\/blog\/ugo-mola-longtemps-que-je-navais-pas-vecu-une-semaine-de-merde-comme-ca\/\" \/>\n<meta property=\"og:locale\" content=\"fr_FR\" \/>\n<meta property=\"og:type\" content=\"article\" \/>\n<meta property=\"og:title\" content=\"Ugo Mola : &quot;Longtemps que je n&#039;avais pas v\u00e9cu une semaine de merde comme \u00e7a&quot;\" \/>\n<meta property=\"og:description\" content=\"TOP 14 2022-2023 - En conf\u00e9rence de presse, Ugo Mola est revenu sur la performance de son \u00e9quipe face \u00e0 l&#039;Aviron Bayonnais samedi soir.\" \/>\n<meta property=\"og:url\" content=\"https:\/\/dicodusport.fr\/blog\/ugo-mola-longtemps-que-je-navais-pas-vecu-une-semaine-de-merde-comme-ca\/\" \/>\n<meta property=\"og:site_name\" content=\"Dicodusport\" \/>\n<meta property=\"article:publisher\" content=\"https:\/\/www.facebook.com\/dicodusport\" \/>\n<meta property=\"article:author\" content=\"https:\/\/www.facebook.com\/dicodusport\" \/>\n<meta property=\"article:published_time\" content=\"2022-10-30T07:32:35+00:00\" \/>\n<meta property=\"article:modified_time\" content=\"2022-10-30T07:39:14+00:00\" \/>\n<meta property=\"og:image\" content=\"https:\/\/dicodusport.fr\/blog\/wp-content\/uploads\/2022\/10\/Ugo-Mola-Longtemps-que-je-navais-pas-ve\u0301cu-une-semaine-de-merde-comme-c\u0327a.png\" \/>\n\t<meta property=\"og:image:width\" content=\"800\" \/>\n\t<meta property=\"og:image:height\" content=\"445\" \/>\n\t<meta property=\"og:image:type\" content=\"image\/png\" \/>\n<meta name=\"author\" content=\"Nicolas Jacquemard\" \/>\n<meta name=\"twitter:card\" content=\"summary_large_image\" \/>\n<meta name=\"twitter:title\" content=\"Ugo Mola : &quot;Longtemps que je n&#039;avais pas v\u00e9cu une semaine de merde comme \u00e7a&quot;\" \/>\n<meta name=\"twitter:creator\" content=\"@https:\/\/twitter.com\/Nico_Jacquemard\" \/>\n<meta name=\"twitter:site\" content=\"@dicodusport\" \/>\n<script type=\"application\/ld+json\" class=\"yoast-schema-graph\">{\"@context\":\"https:\/\/schema.org\",\"@graph\":[{\"@type\":\"NewsArticle\",\"@id\":\"https:\/\/dicodusport.fr\/blog\/ugo-mola-longtemps-que-je-navais-pas-vecu-une-semaine-de-merde-comme-ca\/#article\",\"isPartOf\":{\"@id\":\"https:\/\/dicodusport.fr\/blog\/ugo-mola-longtemps-que-je-navais-pas-vecu-une-semaine-de-merde-comme-ca\/\"},\"author\":{\"name\":\"Nicolas Jacquemard\",\"@id\":\"https:\/\/dicodusport.fr\/blog\/#\/schema\/person\/55dcb50ad410894e431ed812bbb70191\"},\"headline\":\"Ugo Mola : \u00ab\u00a0Longtemps que je n&rsquo;avais pas v\u00e9cu une semaine de merde comme \u00e7a\u00a0\u00bb\",\"datePublished\":\"2022-10-30T07:32:35+00:00\",\"dateModified\":\"2022-10-30T07:39:14+00:00\",\"mainEntityOfPage\":{\"@id\":\"https:\/\/dicodusport.fr\/blog\/ugo-mola-longtemps-que-je-navais-pas-vecu-une-semaine-de-merde-comme-ca\/\"},\"wordCount\":438,\"commentCount\":2,\"publisher\":{\"@id\":\"https:\/\/dicodusport.fr\/blog\/#organization\"},\"image\":{\"@id\":\"https:\/\/dicodusport.fr\/blog\/ugo-mola-longtemps-que-je-navais-pas-vecu-une-semaine-de-merde-comme-ca\/#primaryimage\"},\"thumbnailUrl\":\"https:\/\/dicodusport.fr\/blog\/wp-content\/uploads\/2022\/10\/Ugo-Mola-Longtemps-que-je-navais-pas-ve\u0301cu-une-semaine-de-merde-comme-c\u0327a.png\",\"keywords\":[\"Stade Toulousain\",\"Top 14\",\"Ugo Mola\"],\"articleSection\":[\"Rugby \u00e0 XV\",\"Top 14\"],\"inLanguage\":\"fr-FR\",\"potentialAction\":[{\"@type\":\"CommentAction\",\"name\":\"Comment\",\"target\":[\"https:\/\/dicodusport.fr\/blog\/ugo-mola-longtemps-que-je-navais-pas-vecu-une-semaine-de-merde-comme-ca\/#respond\"]}],\"copyrightYear\":\"2022\",\"copyrightHolder\":{\"@id\":\"https:\/\/dicodusport.fr\/blog\/#organization\"}},{\"@type\":\"WebPage\",\"@id\":\"https:\/\/dicodusport.fr\/blog\/ugo-mola-longtemps-que-je-navais-pas-vecu-une-semaine-de-merde-comme-ca\/\",\"url\":\"https:\/\/dicodusport.fr\/blog\/ugo-mola-longtemps-que-je-navais-pas-vecu-une-semaine-de-merde-comme-ca\/\",\"name\":\"Ugo Mola : \\\"Longtemps que je n'avais pas v\u00e9cu une semaine de merde comme \u00e7a\\\"\",\"isPartOf\":{\"@id\":\"https:\/\/dicodusport.fr\/blog\/#website\"},\"primaryImageOfPage\":{\"@id\":\"https:\/\/dicodusport.fr\/blog\/ugo-mola-longtemps-que-je-navais-pas-vecu-une-semaine-de-merde-comme-ca\/#primaryimage\"},\"image\":{\"@id\":\"https:\/\/dicodusport.fr\/blog\/ugo-mola-longtemps-que-je-navais-pas-vecu-une-semaine-de-merde-comme-ca\/#primaryimage\"},\"thumbnailUrl\":\"https:\/\/dicodusport.fr\/blog\/wp-content\/uploads\/2022\/10\/Ugo-Mola-Longtemps-que-je-navais-pas-ve\u0301cu-une-semaine-de-merde-comme-c\u0327a.png\",\"datePublished\":\"2022-10-30T07:32:35+00:00\",\"dateModified\":\"2022-10-30T07:39:14+00:00\",\"description\":\"TOP 14 2022-2023 - En conf\u00e9rence de presse, Ugo Mola est revenu sur la performance de son \u00e9quipe face \u00e0 l'Aviron Bayonnais samedi soir.\",\"breadcrumb\":{\"@id\":\"https:\/\/dicodusport.fr\/blog\/ugo-mola-longtemps-que-je-navais-pas-vecu-une-semaine-de-merde-comme-ca\/#breadcrumb\"},\"inLanguage\":\"fr-FR\",\"potentialAction\":[{\"@type\":\"ReadAction\",\"target\":[\"https:\/\/dicodusport.fr\/blog\/ugo-mola-longtemps-que-je-navais-pas-vecu-une-semaine-de-merde-comme-ca\/\"]}]},{\"@type\":\"ImageObject\",\"inLanguage\":\"fr-FR\",\"@id\":\"https:\/\/dicodusport.fr\/blog\/ugo-mola-longtemps-que-je-navais-pas-vecu-une-semaine-de-merde-comme-ca\/#primaryimage\",\"url\":\"https:\/\/dicodusport.fr\/blog\/wp-content\/uploads\/2022\/10\/Ugo-Mola-Longtemps-que-je-navais-pas-ve\u0301cu-une-semaine-de-merde-comme-c\u0327a.png\",\"contentUrl\":\"https:\/\/dicodusport.fr\/blog\/wp-content\/uploads\/2022\/10\/Ugo-Mola-Longtemps-que-je-navais-pas-ve\u0301cu-une-semaine-de-merde-comme-c\u0327a.png\",\"width\":800,\"height\":445},{\"@type\":\"BreadcrumbList\",\"@id\":\"https:\/\/dicodusport.fr\/blog\/ugo-mola-longtemps-que-je-navais-pas-vecu-une-semaine-de-merde-comme-ca\/#breadcrumb\",\"itemListElement\":[{\"@type\":\"ListItem\",\"position\":1,\"name\":\"Accueil\",\"item\":\"https:\/\/dicodusport.fr\/blog\/\"},{\"@type\":\"ListItem\",\"position\":2,\"name\":\"Ugo Mola : \u00ab\u00a0Longtemps que je n&rsquo;avais pas v\u00e9cu une semaine de merde comme \u00e7a\u00a0\u00bb\"}]},{\"@type\":\"WebSite\",\"@id\":\"https:\/\/dicodusport.fr\/blog\/#website\",\"url\":\"https:\/\/dicodusport.fr\/blog\/\",\"name\":\"Dicodusport\",\"description\":\"L&#039;encyclop\u00e9die de l&#039;actualit\u00e9 sportive\",\"publisher\":{\"@id\":\"https:\/\/dicodusport.fr\/blog\/#organization\"},\"potentialAction\":[{\"@type\":\"SearchAction\",\"target\":{\"@type\":\"EntryPoint\",\"urlTemplate\":\"https:\/\/dicodusport.fr\/blog\/?s={search_term_string}\"},\"query-input\":{\"@type\":\"PropertyValueSpecification\",\"valueRequired\":true,\"valueName\":\"search_term_string\"}}],\"inLanguage\":\"fr-FR\"},{\"@type\":\"NewsMediaOrganization\",\"@id\":\"https:\/\/dicodusport.fr\/blog\/#organization\",\"name\":\"Dicodusport\",\"url\":\"https:\/\/dicodusport.fr\/blog\/\",\"logo\":{\"@type\":\"ImageObject\",\"inLanguage\":\"fr-FR\",\"@id\":\"https:\/\/dicodusport.fr\/blog\/#\/schema\/logo\/image\/\",\"url\":\"https:\/\/dicodusport.fr\/blog\/wp-content\/uploads\/2020\/06\/cropped-LOGO-DICODUSPORT-2020-SANS-FOND-SANS-TEXTE.png\",\"contentUrl\":\"https:\/\/dicodusport.fr\/blog\/wp-content\/uploads\/2020\/06\/cropped-LOGO-DICODUSPORT-2020-SANS-FOND-SANS-TEXTE.png\",\"width\":512,\"height\":512,\"caption\":\"Dicodusport\"},\"image\":{\"@id\":\"https:\/\/dicodusport.fr\/blog\/#\/schema\/logo\/image\/\"},\"sameAs\":[\"https:\/\/www.facebook.com\/dicodusport\",\"https:\/\/x.com\/dicodusport\",\"https:\/\/www.instagram.com\/dicodusport\/\",\"https:\/\/www.youtube.com\/channel\/UC7V2KZ5sd3htJivAbA4ZG3w\"],\"description\":\"Dicodusport est l'encyclop\u00e9die de l'actualit\u00e9 sportive.\",\"email\":\"bonjour@dicodusport.fr\",\"legalName\":\"DICODUSPORT\",\"foundingDate\":\"2018-01-14\",\"vatID\":\"FR71834470973\",\"taxID\":\"83447097300043\",\"numberOfEmployees\":{\"@type\":\"QuantitativeValue\",\"minValue\":\"1\",\"maxValue\":\"10\"}},{\"@type\":\"Person\",\"@id\":\"https:\/\/dicodusport.fr\/blog\/#\/schema\/person\/55dcb50ad410894e431ed812bbb70191\",\"name\":\"Nicolas Jacquemard\",\"image\":{\"@type\":\"ImageObject\",\"inLanguage\":\"fr-FR\",\"@id\":\"https:\/\/dicodusport.fr\/blog\/#\/schema\/person\/image\/\",\"url\":\"https:\/\/dicodusport.fr\/blog\/wp-content\/uploads\/2021\/05\/Nicolas-Jacquemard-150x150.jpeg\",\"contentUrl\":\"https:\/\/dicodusport.fr\/blog\/wp-content\/uploads\/2021\/05\/Nicolas-Jacquemard-150x150.jpeg\",\"caption\":\"Nicolas Jacquemard\"},\"description\":\"Passionn\u00e9 de sport et entrepreneur depuis mes 18 ans, la cr\u00e9ation de Dicodusport m'a sembl\u00e9 \u00e9vidente pour participer \u00e0 la m\u00e9diatisation d'un plus grand nombre de sports. Le chemin est long mais avec une \u00e9quipe des plus motiv\u00e9es et les Jeux Olympiques de Paris 2024 en point de mire, nous y arriverons ! Journaliste dans le monde du sport depuis plus de 5 ans, je traite aussi bien de football, de rugby, de biathlon que de cyclisme.\",\"sameAs\":[\"https:\/\/www.facebook.com\/dicodusport\",\"https:\/\/x.com\/https:\/\/twitter.com\/Nico_Jacquemard\"],\"url\":\"https:\/\/dicodusport.fr\/blog\/author\/dicodusport\/\"}]}<\/script>\n<!-- \/ Yoast SEO Premium plugin. -->","yoast_head_json":{"title":"Ugo Mola : \"Longtemps que je n'avais pas v\u00e9cu une semaine de merde comme \u00e7a\"","description":"TOP 14 2022-2023 - En conf\u00e9rence de presse, Ugo Mola est revenu sur la performance de son \u00e9quipe face \u00e0 l'Aviron Bayonnais samedi soir.","robots":{"index":"index","follow":"follow","max-snippet":"max-snippet:-1","max-image-preview":"max-image-preview:large","max-video-preview":"max-video-preview:-1"},"canonical":"https:\/\/dicodusport.fr\/blog\/ugo-mola-longtemps-que-je-navais-pas-vecu-une-semaine-de-merde-comme-ca\/","og_locale":"fr_FR","og_type":"article","og_title":"Ugo Mola : \"Longtemps que je n'avais pas v\u00e9cu une semaine de merde comme \u00e7a\"","og_description":"TOP 14 2022-2023 - En conf\u00e9rence de presse, Ugo Mola est revenu sur la performance de son \u00e9quipe face \u00e0 l'Aviron Bayonnais samedi soir.","og_url":"https:\/\/dicodusport.fr\/blog\/ugo-mola-longtemps-que-je-navais-pas-vecu-une-semaine-de-merde-comme-ca\/","og_site_name":"Dicodusport","article_publisher":"https:\/\/www.facebook.com\/dicodusport","article_author":"https:\/\/www.facebook.com\/dicodusport","article_published_time":"2022-10-30T07:32:35+00:00","article_modified_time":"2022-10-30T07:39:14+00:00","og_image":[{"width":800,"height":445,"url":"https:\/\/dicodusport.fr\/blog\/wp-content\/uploads\/2022\/10\/Ugo-Mola-Longtemps-que-je-navais-pas-ve\u0301cu-une-semaine-de-merde-comme-c\u0327a.png","type":"image\/png"}],"author":"Nicolas Jacquemard","twitter_card":"summary_large_image","twitter_title":"Ugo Mola : \"Longtemps que je n'avais pas v\u00e9cu une semaine de merde comme \u00e7a\"","twitter_creator":"@https:\/\/twitter.com\/Nico_Jacquemard","twitter_site":"@dicodusport","schema":{"@context":"https:\/\/schema.org","@graph":[{"@type":"NewsArticle","@id":"https:\/\/dicodusport.fr\/blog\/ugo-mola-longtemps-que-je-navais-pas-vecu-une-semaine-de-merde-comme-ca\/#article","isPartOf":{"@id":"https:\/\/dicodusport.fr\/blog\/ugo-mola-longtemps-que-je-navais-pas-vecu-une-semaine-de-merde-comme-ca\/"},"author":{"name":"Nicolas Jacquemard","@id":"https:\/\/dicodusport.fr\/blog\/#\/schema\/person\/55dcb50ad410894e431ed812bbb70191"},"headline":"Ugo Mola : \u00ab\u00a0Longtemps que je n&rsquo;avais pas v\u00e9cu une semaine de merde comme \u00e7a\u00a0\u00bb","datePublished":"2022-10-30T07:32:35+00:00","dateModified":"2022-10-30T07:39:14+00:00","mainEntityOfPage":{"@id":"https:\/\/dicodusport.fr\/blog\/ugo-mola-longtemps-que-je-navais-pas-vecu-une-semaine-de-merde-comme-ca\/"},"wordCount":438,"commentCount":2,"publisher":{"@id":"https:\/\/dicodusport.fr\/blog\/#organization"},"image":{"@id":"https:\/\/dicodusport.fr\/blog\/ugo-mola-longtemps-que-je-navais-pas-vecu-une-semaine-de-merde-comme-ca\/#primaryimage"},"thumbnailUrl":"https:\/\/dicodusport.fr\/blog\/wp-content\/uploads\/2022\/10\/Ugo-Mola-Longtemps-que-je-navais-pas-ve\u0301cu-une-semaine-de-merde-comme-c\u0327a.png","keywords":["Stade Toulousain","Top 14","Ugo Mola"],"articleSection":["Rugby \u00e0 XV","Top 14"],"inLanguage":"fr-FR","potentialAction":[{"@type":"CommentAction","name":"Comment","target":["https:\/\/dicodusport.fr\/blog\/ugo-mola-longtemps-que-je-navais-pas-vecu-une-semaine-de-merde-comme-ca\/#respond"]}],"copyrightYear":"2022","copyrightHolder":{"@id":"https:\/\/dicodusport.fr\/blog\/#organization"}},{"@type":"WebPage","@id":"https:\/\/dicodusport.fr\/blog\/ugo-mola-longtemps-que-je-navais-pas-vecu-une-semaine-de-merde-comme-ca\/","url":"https:\/\/dicodusport.fr\/blog\/ugo-mola-longtemps-que-je-navais-pas-vecu-une-semaine-de-merde-comme-ca\/","name":"Ugo Mola : \"Longtemps que je n'avais pas v\u00e9cu une semaine de merde comme \u00e7a\"","isPartOf":{"@id":"https:\/\/dicodusport.fr\/blog\/#website"},"primaryImageOfPage":{"@id":"https:\/\/dicodusport.fr\/blog\/ugo-mola-longtemps-que-je-navais-pas-vecu-une-semaine-de-merde-comme-ca\/#primaryimage"},"image":{"@id":"https:\/\/dicodusport.fr\/blog\/ugo-mola-longtemps-que-je-navais-pas-vecu-une-semaine-de-merde-comme-ca\/#primaryimage"},"thumbnailUrl":"https:\/\/dicodusport.fr\/blog\/wp-content\/uploads\/2022\/10\/Ugo-Mola-Longtemps-que-je-navais-pas-ve\u0301cu-une-semaine-de-merde-comme-c\u0327a.png","datePublished":"2022-10-30T07:32:35+00:00","dateModified":"2022-10-30T07:39:14+00:00","description":"TOP 14 2022-2023 - En conf\u00e9rence de presse, Ugo Mola est revenu sur la performance de son \u00e9quipe face \u00e0 l'Aviron Bayonnais samedi soir.","breadcrumb":{"@id":"https:\/\/dicodusport.fr\/blog\/ugo-mola-longtemps-que-je-navais-pas-vecu-une-semaine-de-merde-comme-ca\/#breadcrumb"},"inLanguage":"fr-FR","potentialAction":[{"@type":"ReadAction","target":["https:\/\/dicodusport.fr\/blog\/ugo-mola-longtemps-que-je-navais-pas-vecu-une-semaine-de-merde-comme-ca\/"]}]},{"@type":"ImageObject","inLanguage":"fr-FR","@id":"https:\/\/dicodusport.fr\/blog\/ugo-mola-longtemps-que-je-navais-pas-vecu-une-semaine-de-merde-comme-ca\/#primaryimage","url":"https:\/\/dicodusport.fr\/blog\/wp-content\/uploads\/2022\/10\/Ugo-Mola-Longtemps-que-je-navais-pas-ve\u0301cu-une-semaine-de-merde-comme-c\u0327a.png","contentUrl":"https:\/\/dicodusport.fr\/blog\/wp-content\/uploads\/2022\/10\/Ugo-Mola-Longtemps-que-je-navais-pas-ve\u0301cu-une-semaine-de-merde-comme-c\u0327a.png","width":800,"height":445},{"@type":"BreadcrumbList","@id":"https:\/\/dicodusport.fr\/blog\/ugo-mola-longtemps-que-je-navais-pas-vecu-une-semaine-de-merde-comme-ca\/#breadcrumb","itemListElement":[{"@type":"ListItem","position":1,"name":"Accueil","item":"https:\/\/dicodusport.fr\/blog\/"},{"@type":"ListItem","position":2,"name":"Ugo Mola : \u00ab\u00a0Longtemps que je n&rsquo;avais pas v\u00e9cu une semaine de merde comme \u00e7a\u00a0\u00bb"}]},{"@type":"WebSite","@id":"https:\/\/dicodusport.fr\/blog\/#website","url":"https:\/\/dicodusport.fr\/blog\/","name":"Dicodusport","description":"L&#039;encyclop\u00e9die de l&#039;actualit\u00e9 sportive","publisher":{"@id":"https:\/\/dicodusport.fr\/blog\/#organization"},"potentialAction":[{"@type":"SearchAction","target":{"@type":"EntryPoint","urlTemplate":"https:\/\/dicodusport.fr\/blog\/?s={search_term_string}"},"query-input":{"@type":"PropertyValueSpecification","valueRequired":true,"valueName":"search_term_string"}}],"inLanguage":"fr-FR"},{"@type":"NewsMediaOrganization","@id":"https:\/\/dicodusport.fr\/blog\/#organization","name":"Dicodusport","url":"https:\/\/dicodusport.fr\/blog\/","logo":{"@type":"ImageObject","inLanguage":"fr-FR","@id":"https:\/\/dicodusport.fr\/blog\/#\/schema\/logo\/image\/","url":"https:\/\/dicodusport.fr\/blog\/wp-content\/uploads\/2020\/06\/cropped-LOGO-DICODUSPORT-2020-SANS-FOND-SANS-TEXTE.png","contentUrl":"https:\/\/dicodusport.fr\/blog\/wp-content\/uploads\/2020\/06\/cropped-LOGO-DICODUSPORT-2020-SANS-FOND-SANS-TEXTE.png","width":512,"height":512,"caption":"Dicodusport"},"image":{"@id":"https:\/\/dicodusport.fr\/blog\/#\/schema\/logo\/image\/"},"sameAs":["https:\/\/www.facebook.com\/dicodusport","https:\/\/x.com\/dicodusport","https:\/\/www.instagram.com\/dicodusport\/","https:\/\/www.youtube.com\/channel\/UC7V2KZ5sd3htJivAbA4ZG3w"],"description":"Dicodusport est l'encyclop\u00e9die de l'actualit\u00e9 sportive.","email":"bonjour@dicodusport.fr","legalName":"DICODUSPORT","foundingDate":"2018-01-14","vatID":"FR71834470973","taxID":"83447097300043","numberOfEmployees":{"@type":"QuantitativeValue","minValue":"1","maxValue":"10"}},{"@type":"Person","@id":"https:\/\/dicodusport.fr\/blog\/#\/schema\/person\/55dcb50ad410894e431ed812bbb70191","name":"Nicolas Jacquemard","image":{"@type":"ImageObject","inLanguage":"fr-FR","@id":"https:\/\/dicodusport.fr\/blog\/#\/schema\/person\/image\/","url":"https:\/\/dicodusport.fr\/blog\/wp-content\/uploads\/2021\/05\/Nicolas-Jacquemard-150x150.jpeg","contentUrl":"https:\/\/dicodusport.fr\/blog\/wp-content\/uploads\/2021\/05\/Nicolas-Jacquemard-150x150.jpeg","caption":"Nicolas Jacquemard"},"description":"Passionn\u00e9 de sport et entrepreneur depuis mes 18 ans, la cr\u00e9ation de Dicodusport m'a sembl\u00e9 \u00e9vidente pour participer \u00e0 la m\u00e9diatisation d'un plus grand nombre de sports. Le chemin est long mais avec une \u00e9quipe des plus motiv\u00e9es et les Jeux Olympiques de Paris 2024 en point de mire, nous y arriverons ! Journaliste dans le monde du sport depuis plus de 5 ans, je traite aussi bien de football, de rugby, de biathlon que de cyclisme.","sameAs":["https:\/\/www.facebook.com\/dicodusport","https:\/\/x.com\/https:\/\/twitter.com\/Nico_Jacquemard"],"url":"https:\/\/dicodusport.fr\/blog\/author\/dicodusport\/"}]}},"_links":{"self":[{"href":"https:\/\/dicodusport.fr\/blog\/wp-json\/wp\/v2\/posts\/274136","targetHints":{"allow":["GET"]}}],"collection":[{"href":"https:\/\/dicodusport.fr\/blog\/wp-json\/wp\/v2\/posts"}],"about":[{"href":"https:\/\/dicodusport.fr\/blog\/wp-json\/wp\/v2\/types\/post"}],"author":[{"embeddable":true,"href":"https:\/\/dicodusport.fr\/blog\/wp-json\/wp\/v2\/users\/1"}],"replies":[{"embeddable":true,"href":"https:\/\/dicodusport.fr\/blog\/wp-json\/wp\/v2\/comments?post=274136"}],"version-history":[{"count":0,"href":"https:\/\/dicodusport.fr\/blog\/wp-json\/wp\/v2\/posts\/274136\/revisions"}],"wp:featuredmedia":[{"embeddable":true,"href":"https:\/\/dicodusport.fr\/blog\/wp-json\/wp\/v2\/media\/274141"}],"wp:attachment":[{"href":"https:\/\/dicodusport.fr\/blog\/wp-json\/wp\/v2\/media?parent=274136"}],"wp:term":[{"taxonomy":"category","embeddable":true,"href":"https:\/\/dicodusport.fr\/blog\/wp-json\/wp\/v2\/categories?post=274136"},{"taxonomy":"post_tag","embeddable":true,"href":"https:\/\/dicodusport.fr\/blog\/wp-json\/wp\/v2\/tags?post=274136"}],"curies":[{"name":"wp","href":"https:\/\/api.w.org\/{rel}","templated":true}]}}