{"id":274597,"date":"2022-10-31T15:32:13","date_gmt":"2022-10-31T14:32:13","guid":{"rendered":"https:\/\/dicodusport.fr\/blog\/?p=274597&#038;preview=true&#038;preview_id=274597"},"modified":"2022-10-31T17:44:28","modified_gmt":"2022-10-31T16:44:28","slug":"pauline-ferrand-prevot-sous-les-couleurs-dineos-pour-son-retour-en-cyclo-cross","status":"publish","type":"post","link":"https:\/\/dicodusport.fr\/blog\/pauline-ferrand-prevot-sous-les-couleurs-dineos-pour-son-retour-en-cyclo-cross\/","title":{"rendered":"Pauline Ferrand-Pr\u00e9vot sous les couleurs d&rsquo;INEOS pour son retour en cyclo-cross"},"content":{"rendered":"<p style=\"text-align: justify;\"><b><i>CYCLO-CROSS &#8211; Pour son retour en cyclo-cross, Pauline Ferrand-Pr\u00e9vot portera les couleurs de sa nouvelle \u00e9quipe, INEOS Grenadiers.\u00a0<\/i><\/b><\/p>\n<p style=\"text-align: justify;\">Si la Fran\u00e7aise a sign\u00e9 pour deux saisons avec la formation britannique \u00e0 compter de 2023, elle sera d\u00e9j\u00e0 sous les couleurs d&rsquo;<strong>INEOS Grenadiers<\/strong> pour son retour au cyclo-cross, ce mardi 1er novembre. Avant de prendre part aux championnats d&rsquo;Europe dimanche \u00e0 Namur, <a href=\"https:\/\/dicodusport.fr\/blog\/cyclo-cross-le-koppenbergcross-avant-les-europe-pour-pauline-ferrand-prevot\/\" target=\"_blank\" rel=\"noopener\"><strong>Pauline Ferrand-Pr\u00e9vot<\/strong> sera sur le tr\u00e8s dur <strong>Koppenbergcross<\/strong><\/a> demain et donc toute de noir v\u00eatue. La quadruple championne du monde 2022 n&rsquo;est pas apparue en comp\u00e9tition depuis <a href=\"https:\/\/dicodusport.fr\/blog\/vtt-roc-dazur-2022-pauline-ferrand-prevot-et-jordan-sarrou-simposent\/\">sa large victoire au <strong>Roc d&rsquo;Azur<\/strong><\/a> le 9 octobre dernier. La veille, <a href=\"https:\/\/dicodusport.fr\/blog\/mondiaux-gravel-2022-pauline-ferrand-prevot-sacree-championne-du-monde\/\">elle avait remport\u00e9 le titre mondial de <strong>gravel<\/strong> en Italie<\/a>.<\/p>\n<blockquote class=\"twitter-tweet\">\n<p dir=\"ltr\" lang=\"en\">A new adventure starts&#8230; TOMORROW! &#x1f929;<\/p>\n<p>Pauline <a href=\"https:\/\/twitter.com\/FERRANDPREVOT?ref_src=twsrc%5Etfw\">@FERRANDPREVOT<\/a> will make her INEOS Grenadiers debut as she returns to cyclo-cross on Tuesday at <a href=\"https:\/\/twitter.com\/hashtag\/Koppenbergcross?src=hash&amp;ref_src=twsrc%5Etfw\">#Koppenbergcross<\/a> &#x1f64c; <a href=\"https:\/\/t.co\/3BtupWE0vR\">pic.twitter.com\/3BtupWE0vR<\/a><\/p>\n<p>\u2014 INEOS Grenadiers (@INEOSGrenadiers) <a href=\"https:\/\/twitter.com\/INEOSGrenadiers\/status\/1587082103182675968?ref_src=twsrc%5Etfw\">October 31, 2022<\/a><\/p><\/blockquote>\n<p style=\"text-align: justify;\"><script async src=\"https:\/\/platform.twitter.com\/widgets.js\" charset=\"utf-8\"><\/script><\/p>\n","protected":false},"excerpt":{"rendered":"<p>CYCLO-CROSS &#8211; Pour son retour en cyclo-cross, Pauline Ferrand-Pr\u00e9vot portera les couleurs de sa nouvelle \u00e9quipe, INEOS Grenadiers.\u00a0<\/p>\n","protected":false},"author":1,"featured_media":266899,"comment_status":"open","ping_status":"closed","sticky":false,"template":"","format":"standard","meta":{"_acf_changed":false,"_daextam_enable_autolinks":"","footnotes":""},"categories":[9611],"tags":[6666,7579,1340],"class_list":["post-274597","post","type-post","status-publish","format-standard","has-post-thumbnail","hentry","category-cyclo-cross","tag-cyclo-cross","tag-ineos","tag-pauline-ferrand-prevot"],"acf":[],"yoast_head":"<!-- This site is optimized with the Yoast SEO Premium plugin v26.7 (Yoast SEO v26.7) - https:\/\/yoast.com\/wordpress\/plugins\/seo\/ -->\n<title>Pauline Ferrand-Pr\u00e9vot sous les couleurs d&#039;INEOS pour son retour en cyclo-cross<\/title>\n<meta name=\"description\" content=\"CYCLO-CROSS - Pour son retour en cyclo-cross, Pauline Ferrand-Pr\u00e9vot portera les couleurs de sa nouvelle \u00e9quipe, INEOS Grenadiers.\u00a0\" \/>\n<meta name=\"robots\" content=\"index, follow, max-snippet:-1, max-image-preview:large, max-video-preview:-1\" \/>\n<link rel=\"canonical\" href=\"https:\/\/dicodusport.fr\/blog\/pauline-ferrand-prevot-sous-les-couleurs-dineos-pour-son-retour-en-cyclo-cross\/\" \/>\n<meta property=\"og:locale\" content=\"fr_FR\" \/>\n<meta property=\"og:type\" content=\"article\" \/>\n<meta property=\"og:title\" content=\"Pauline Ferrand-Pr\u00e9vot sous les couleurs d&#039;INEOS pour son retour en cyclo-cross\" \/>\n<meta property=\"og:description\" content=\"CYCLO-CROSS - Pour son retour en cyclo-cross, Pauline Ferrand-Pr\u00e9vot portera les couleurs de sa nouvelle \u00e9quipe, INEOS Grenadiers.\u00a0\" \/>\n<meta property=\"og:url\" content=\"https:\/\/dicodusport.fr\/blog\/pauline-ferrand-prevot-sous-les-couleurs-dineos-pour-son-retour-en-cyclo-cross\/\" \/>\n<meta property=\"og:site_name\" content=\"Dicodusport\" \/>\n<meta property=\"article:publisher\" content=\"https:\/\/www.facebook.com\/dicodusport\" \/>\n<meta property=\"article:author\" content=\"https:\/\/www.facebook.com\/dicodusport\" \/>\n<meta property=\"article:published_time\" content=\"2022-10-31T14:32:13+00:00\" \/>\n<meta property=\"article:modified_time\" content=\"2022-10-31T16:44:28+00:00\" \/>\n<meta property=\"og:image\" content=\"https:\/\/dicodusport.fr\/blog\/wp-content\/uploads\/2022\/10\/Pauline-Ferrand-Prevot-chez-INEOS-Grenadiers-ce-serait-fait-.png\" \/>\n\t<meta property=\"og:image:width\" content=\"800\" \/>\n\t<meta property=\"og:image:height\" content=\"445\" \/>\n\t<meta property=\"og:image:type\" content=\"image\/png\" \/>\n<meta name=\"author\" content=\"Nicolas Jacquemard\" \/>\n<meta name=\"twitter:card\" content=\"summary_large_image\" \/>\n<meta name=\"twitter:title\" content=\"Pauline Ferrand-Pr\u00e9vot sous les couleurs d&#039;INEOS pour son retour en cyclo-cross\" \/>\n<meta name=\"twitter:creator\" content=\"@https:\/\/twitter.com\/Nico_Jacquemard\" \/>\n<meta name=\"twitter:site\" content=\"@dicodusport\" \/>\n<script type=\"application\/ld+json\" class=\"yoast-schema-graph\">{\"@context\":\"https:\/\/schema.org\",\"@graph\":[{\"@type\":\"NewsArticle\",\"@id\":\"https:\/\/dicodusport.fr\/blog\/pauline-ferrand-prevot-sous-les-couleurs-dineos-pour-son-retour-en-cyclo-cross\/#article\",\"isPartOf\":{\"@id\":\"https:\/\/dicodusport.fr\/blog\/pauline-ferrand-prevot-sous-les-couleurs-dineos-pour-son-retour-en-cyclo-cross\/\"},\"author\":{\"name\":\"Nicolas Jacquemard\",\"@id\":\"https:\/\/dicodusport.fr\/blog\/#\/schema\/person\/55dcb50ad410894e431ed812bbb70191\"},\"headline\":\"Pauline Ferrand-Pr\u00e9vot sous les couleurs d&rsquo;INEOS pour son retour en cyclo-cross\",\"datePublished\":\"2022-10-31T14:32:13+00:00\",\"dateModified\":\"2022-10-31T16:44:28+00:00\",\"mainEntityOfPage\":{\"@id\":\"https:\/\/dicodusport.fr\/blog\/pauline-ferrand-prevot-sous-les-couleurs-dineos-pour-son-retour-en-cyclo-cross\/\"},\"wordCount\":165,\"commentCount\":0,\"publisher\":{\"@id\":\"https:\/\/dicodusport.fr\/blog\/#organization\"},\"image\":{\"@id\":\"https:\/\/dicodusport.fr\/blog\/pauline-ferrand-prevot-sous-les-couleurs-dineos-pour-son-retour-en-cyclo-cross\/#primaryimage\"},\"thumbnailUrl\":\"https:\/\/dicodusport.fr\/blog\/wp-content\/uploads\/2022\/10\/Pauline-Ferrand-Prevot-chez-INEOS-Grenadiers-ce-serait-fait-.png\",\"keywords\":[\"Cyclo-cross\",\"Ineos\",\"Pauline Ferrand-Pr\u00e9vot\"],\"articleSection\":[\"Cyclo-cross\"],\"inLanguage\":\"fr-FR\",\"potentialAction\":[{\"@type\":\"CommentAction\",\"name\":\"Comment\",\"target\":[\"https:\/\/dicodusport.fr\/blog\/pauline-ferrand-prevot-sous-les-couleurs-dineos-pour-son-retour-en-cyclo-cross\/#respond\"]}],\"copyrightYear\":\"2022\",\"copyrightHolder\":{\"@id\":\"https:\/\/dicodusport.fr\/blog\/#organization\"}},{\"@type\":\"WebPage\",\"@id\":\"https:\/\/dicodusport.fr\/blog\/pauline-ferrand-prevot-sous-les-couleurs-dineos-pour-son-retour-en-cyclo-cross\/\",\"url\":\"https:\/\/dicodusport.fr\/blog\/pauline-ferrand-prevot-sous-les-couleurs-dineos-pour-son-retour-en-cyclo-cross\/\",\"name\":\"Pauline Ferrand-Pr\u00e9vot sous les couleurs d'INEOS pour son retour en cyclo-cross\",\"isPartOf\":{\"@id\":\"https:\/\/dicodusport.fr\/blog\/#website\"},\"primaryImageOfPage\":{\"@id\":\"https:\/\/dicodusport.fr\/blog\/pauline-ferrand-prevot-sous-les-couleurs-dineos-pour-son-retour-en-cyclo-cross\/#primaryimage\"},\"image\":{\"@id\":\"https:\/\/dicodusport.fr\/blog\/pauline-ferrand-prevot-sous-les-couleurs-dineos-pour-son-retour-en-cyclo-cross\/#primaryimage\"},\"thumbnailUrl\":\"https:\/\/dicodusport.fr\/blog\/wp-content\/uploads\/2022\/10\/Pauline-Ferrand-Prevot-chez-INEOS-Grenadiers-ce-serait-fait-.png\",\"datePublished\":\"2022-10-31T14:32:13+00:00\",\"dateModified\":\"2022-10-31T16:44:28+00:00\",\"description\":\"CYCLO-CROSS - Pour son retour en cyclo-cross, Pauline Ferrand-Pr\u00e9vot portera les couleurs de sa nouvelle \u00e9quipe, INEOS Grenadiers.\u00a0\",\"breadcrumb\":{\"@id\":\"https:\/\/dicodusport.fr\/blog\/pauline-ferrand-prevot-sous-les-couleurs-dineos-pour-son-retour-en-cyclo-cross\/#breadcrumb\"},\"inLanguage\":\"fr-FR\",\"potentialAction\":[{\"@type\":\"ReadAction\",\"target\":[\"https:\/\/dicodusport.fr\/blog\/pauline-ferrand-prevot-sous-les-couleurs-dineos-pour-son-retour-en-cyclo-cross\/\"]}]},{\"@type\":\"ImageObject\",\"inLanguage\":\"fr-FR\",\"@id\":\"https:\/\/dicodusport.fr\/blog\/pauline-ferrand-prevot-sous-les-couleurs-dineos-pour-son-retour-en-cyclo-cross\/#primaryimage\",\"url\":\"https:\/\/dicodusport.fr\/blog\/wp-content\/uploads\/2022\/10\/Pauline-Ferrand-Prevot-chez-INEOS-Grenadiers-ce-serait-fait-.png\",\"contentUrl\":\"https:\/\/dicodusport.fr\/blog\/wp-content\/uploads\/2022\/10\/Pauline-Ferrand-Prevot-chez-INEOS-Grenadiers-ce-serait-fait-.png\",\"width\":800,\"height\":445,\"caption\":\"Pauline Ferrand-Pr\u00e9vot chez INEOS Grenadiers, ce serait fait !\"},{\"@type\":\"BreadcrumbList\",\"@id\":\"https:\/\/dicodusport.fr\/blog\/pauline-ferrand-prevot-sous-les-couleurs-dineos-pour-son-retour-en-cyclo-cross\/#breadcrumb\",\"itemListElement\":[{\"@type\":\"ListItem\",\"position\":1,\"name\":\"Accueil\",\"item\":\"https:\/\/dicodusport.fr\/blog\/\"},{\"@type\":\"ListItem\",\"position\":2,\"name\":\"Pauline Ferrand-Pr\u00e9vot sous les couleurs d&rsquo;INEOS pour son retour en cyclo-cross\"}]},{\"@type\":\"WebSite\",\"@id\":\"https:\/\/dicodusport.fr\/blog\/#website\",\"url\":\"https:\/\/dicodusport.fr\/blog\/\",\"name\":\"Dicodusport\",\"description\":\"L&#039;encyclop\u00e9die de l&#039;actualit\u00e9 sportive\",\"publisher\":{\"@id\":\"https:\/\/dicodusport.fr\/blog\/#organization\"},\"potentialAction\":[{\"@type\":\"SearchAction\",\"target\":{\"@type\":\"EntryPoint\",\"urlTemplate\":\"https:\/\/dicodusport.fr\/blog\/?s={search_term_string}\"},\"query-input\":{\"@type\":\"PropertyValueSpecification\",\"valueRequired\":true,\"valueName\":\"search_term_string\"}}],\"inLanguage\":\"fr-FR\"},{\"@type\":\"NewsMediaOrganization\",\"@id\":\"https:\/\/dicodusport.fr\/blog\/#organization\",\"name\":\"Dicodusport\",\"url\":\"https:\/\/dicodusport.fr\/blog\/\",\"logo\":{\"@type\":\"ImageObject\",\"inLanguage\":\"fr-FR\",\"@id\":\"https:\/\/dicodusport.fr\/blog\/#\/schema\/logo\/image\/\",\"url\":\"https:\/\/dicodusport.fr\/blog\/wp-content\/uploads\/2020\/06\/cropped-LOGO-DICODUSPORT-2020-SANS-FOND-SANS-TEXTE.png\",\"contentUrl\":\"https:\/\/dicodusport.fr\/blog\/wp-content\/uploads\/2020\/06\/cropped-LOGO-DICODUSPORT-2020-SANS-FOND-SANS-TEXTE.png\",\"width\":512,\"height\":512,\"caption\":\"Dicodusport\"},\"image\":{\"@id\":\"https:\/\/dicodusport.fr\/blog\/#\/schema\/logo\/image\/\"},\"sameAs\":[\"https:\/\/www.facebook.com\/dicodusport\",\"https:\/\/x.com\/dicodusport\",\"https:\/\/www.instagram.com\/dicodusport\/\",\"https:\/\/www.youtube.com\/channel\/UC7V2KZ5sd3htJivAbA4ZG3w\"],\"description\":\"Dicodusport est l'encyclop\u00e9die de l'actualit\u00e9 sportive.\",\"email\":\"bonjour@dicodusport.fr\",\"legalName\":\"DICODUSPORT\",\"foundingDate\":\"2018-01-14\",\"vatID\":\"FR71834470973\",\"taxID\":\"83447097300043\",\"numberOfEmployees\":{\"@type\":\"QuantitativeValue\",\"minValue\":\"1\",\"maxValue\":\"10\"}},{\"@type\":\"Person\",\"@id\":\"https:\/\/dicodusport.fr\/blog\/#\/schema\/person\/55dcb50ad410894e431ed812bbb70191\",\"name\":\"Nicolas Jacquemard\",\"image\":{\"@type\":\"ImageObject\",\"inLanguage\":\"fr-FR\",\"@id\":\"https:\/\/dicodusport.fr\/blog\/#\/schema\/person\/image\/\",\"url\":\"https:\/\/dicodusport.fr\/blog\/wp-content\/uploads\/2021\/05\/Nicolas-Jacquemard-150x150.jpeg\",\"contentUrl\":\"https:\/\/dicodusport.fr\/blog\/wp-content\/uploads\/2021\/05\/Nicolas-Jacquemard-150x150.jpeg\",\"caption\":\"Nicolas Jacquemard\"},\"description\":\"Passionn\u00e9 de sport et entrepreneur depuis mes 18 ans, la cr\u00e9ation de Dicodusport m'a sembl\u00e9 \u00e9vidente pour participer \u00e0 la m\u00e9diatisation d'un plus grand nombre de sports. Le chemin est long mais avec une \u00e9quipe des plus motiv\u00e9es et les Jeux Olympiques de Paris 2024 en point de mire, nous y arriverons ! Journaliste dans le monde du sport depuis plus de 5 ans, je traite aussi bien de football, de rugby, de biathlon que de cyclisme.\",\"sameAs\":[\"https:\/\/www.facebook.com\/dicodusport\",\"https:\/\/x.com\/https:\/\/twitter.com\/Nico_Jacquemard\"],\"url\":\"https:\/\/dicodusport.fr\/blog\/author\/dicodusport\/\"}]}<\/script>\n<!-- \/ Yoast SEO Premium plugin. -->","yoast_head_json":{"title":"Pauline Ferrand-Pr\u00e9vot sous les couleurs d'INEOS pour son retour en cyclo-cross","description":"CYCLO-CROSS - Pour son retour en cyclo-cross, Pauline Ferrand-Pr\u00e9vot portera les couleurs de sa nouvelle \u00e9quipe, INEOS Grenadiers.\u00a0","robots":{"index":"index","follow":"follow","max-snippet":"max-snippet:-1","max-image-preview":"max-image-preview:large","max-video-preview":"max-video-preview:-1"},"canonical":"https:\/\/dicodusport.fr\/blog\/pauline-ferrand-prevot-sous-les-couleurs-dineos-pour-son-retour-en-cyclo-cross\/","og_locale":"fr_FR","og_type":"article","og_title":"Pauline Ferrand-Pr\u00e9vot sous les couleurs d'INEOS pour son retour en cyclo-cross","og_description":"CYCLO-CROSS - Pour son retour en cyclo-cross, Pauline Ferrand-Pr\u00e9vot portera les couleurs de sa nouvelle \u00e9quipe, INEOS Grenadiers.\u00a0","og_url":"https:\/\/dicodusport.fr\/blog\/pauline-ferrand-prevot-sous-les-couleurs-dineos-pour-son-retour-en-cyclo-cross\/","og_site_name":"Dicodusport","article_publisher":"https:\/\/www.facebook.com\/dicodusport","article_author":"https:\/\/www.facebook.com\/dicodusport","article_published_time":"2022-10-31T14:32:13+00:00","article_modified_time":"2022-10-31T16:44:28+00:00","og_image":[{"width":800,"height":445,"url":"https:\/\/dicodusport.fr\/blog\/wp-content\/uploads\/2022\/10\/Pauline-Ferrand-Prevot-chez-INEOS-Grenadiers-ce-serait-fait-.png","type":"image\/png"}],"author":"Nicolas Jacquemard","twitter_card":"summary_large_image","twitter_title":"Pauline Ferrand-Pr\u00e9vot sous les couleurs d'INEOS pour son retour en cyclo-cross","twitter_creator":"@https:\/\/twitter.com\/Nico_Jacquemard","twitter_site":"@dicodusport","schema":{"@context":"https:\/\/schema.org","@graph":[{"@type":"NewsArticle","@id":"https:\/\/dicodusport.fr\/blog\/pauline-ferrand-prevot-sous-les-couleurs-dineos-pour-son-retour-en-cyclo-cross\/#article","isPartOf":{"@id":"https:\/\/dicodusport.fr\/blog\/pauline-ferrand-prevot-sous-les-couleurs-dineos-pour-son-retour-en-cyclo-cross\/"},"author":{"name":"Nicolas Jacquemard","@id":"https:\/\/dicodusport.fr\/blog\/#\/schema\/person\/55dcb50ad410894e431ed812bbb70191"},"headline":"Pauline Ferrand-Pr\u00e9vot sous les couleurs d&rsquo;INEOS pour son retour en cyclo-cross","datePublished":"2022-10-31T14:32:13+00:00","dateModified":"2022-10-31T16:44:28+00:00","mainEntityOfPage":{"@id":"https:\/\/dicodusport.fr\/blog\/pauline-ferrand-prevot-sous-les-couleurs-dineos-pour-son-retour-en-cyclo-cross\/"},"wordCount":165,"commentCount":0,"publisher":{"@id":"https:\/\/dicodusport.fr\/blog\/#organization"},"image":{"@id":"https:\/\/dicodusport.fr\/blog\/pauline-ferrand-prevot-sous-les-couleurs-dineos-pour-son-retour-en-cyclo-cross\/#primaryimage"},"thumbnailUrl":"https:\/\/dicodusport.fr\/blog\/wp-content\/uploads\/2022\/10\/Pauline-Ferrand-Prevot-chez-INEOS-Grenadiers-ce-serait-fait-.png","keywords":["Cyclo-cross","Ineos","Pauline Ferrand-Pr\u00e9vot"],"articleSection":["Cyclo-cross"],"inLanguage":"fr-FR","potentialAction":[{"@type":"CommentAction","name":"Comment","target":["https:\/\/dicodusport.fr\/blog\/pauline-ferrand-prevot-sous-les-couleurs-dineos-pour-son-retour-en-cyclo-cross\/#respond"]}],"copyrightYear":"2022","copyrightHolder":{"@id":"https:\/\/dicodusport.fr\/blog\/#organization"}},{"@type":"WebPage","@id":"https:\/\/dicodusport.fr\/blog\/pauline-ferrand-prevot-sous-les-couleurs-dineos-pour-son-retour-en-cyclo-cross\/","url":"https:\/\/dicodusport.fr\/blog\/pauline-ferrand-prevot-sous-les-couleurs-dineos-pour-son-retour-en-cyclo-cross\/","name":"Pauline Ferrand-Pr\u00e9vot sous les couleurs d'INEOS pour son retour en cyclo-cross","isPartOf":{"@id":"https:\/\/dicodusport.fr\/blog\/#website"},"primaryImageOfPage":{"@id":"https:\/\/dicodusport.fr\/blog\/pauline-ferrand-prevot-sous-les-couleurs-dineos-pour-son-retour-en-cyclo-cross\/#primaryimage"},"image":{"@id":"https:\/\/dicodusport.fr\/blog\/pauline-ferrand-prevot-sous-les-couleurs-dineos-pour-son-retour-en-cyclo-cross\/#primaryimage"},"thumbnailUrl":"https:\/\/dicodusport.fr\/blog\/wp-content\/uploads\/2022\/10\/Pauline-Ferrand-Prevot-chez-INEOS-Grenadiers-ce-serait-fait-.png","datePublished":"2022-10-31T14:32:13+00:00","dateModified":"2022-10-31T16:44:28+00:00","description":"CYCLO-CROSS - Pour son retour en cyclo-cross, Pauline Ferrand-Pr\u00e9vot portera les couleurs de sa nouvelle \u00e9quipe, INEOS Grenadiers.\u00a0","breadcrumb":{"@id":"https:\/\/dicodusport.fr\/blog\/pauline-ferrand-prevot-sous-les-couleurs-dineos-pour-son-retour-en-cyclo-cross\/#breadcrumb"},"inLanguage":"fr-FR","potentialAction":[{"@type":"ReadAction","target":["https:\/\/dicodusport.fr\/blog\/pauline-ferrand-prevot-sous-les-couleurs-dineos-pour-son-retour-en-cyclo-cross\/"]}]},{"@type":"ImageObject","inLanguage":"fr-FR","@id":"https:\/\/dicodusport.fr\/blog\/pauline-ferrand-prevot-sous-les-couleurs-dineos-pour-son-retour-en-cyclo-cross\/#primaryimage","url":"https:\/\/dicodusport.fr\/blog\/wp-content\/uploads\/2022\/10\/Pauline-Ferrand-Prevot-chez-INEOS-Grenadiers-ce-serait-fait-.png","contentUrl":"https:\/\/dicodusport.fr\/blog\/wp-content\/uploads\/2022\/10\/Pauline-Ferrand-Prevot-chez-INEOS-Grenadiers-ce-serait-fait-.png","width":800,"height":445,"caption":"Pauline Ferrand-Pr\u00e9vot chez INEOS Grenadiers, ce serait fait !"},{"@type":"BreadcrumbList","@id":"https:\/\/dicodusport.fr\/blog\/pauline-ferrand-prevot-sous-les-couleurs-dineos-pour-son-retour-en-cyclo-cross\/#breadcrumb","itemListElement":[{"@type":"ListItem","position":1,"name":"Accueil","item":"https:\/\/dicodusport.fr\/blog\/"},{"@type":"ListItem","position":2,"name":"Pauline Ferrand-Pr\u00e9vot sous les couleurs d&rsquo;INEOS pour son retour en cyclo-cross"}]},{"@type":"WebSite","@id":"https:\/\/dicodusport.fr\/blog\/#website","url":"https:\/\/dicodusport.fr\/blog\/","name":"Dicodusport","description":"L&#039;encyclop\u00e9die de l&#039;actualit\u00e9 sportive","publisher":{"@id":"https:\/\/dicodusport.fr\/blog\/#organization"},"potentialAction":[{"@type":"SearchAction","target":{"@type":"EntryPoint","urlTemplate":"https:\/\/dicodusport.fr\/blog\/?s={search_term_string}"},"query-input":{"@type":"PropertyValueSpecification","valueRequired":true,"valueName":"search_term_string"}}],"inLanguage":"fr-FR"},{"@type":"NewsMediaOrganization","@id":"https:\/\/dicodusport.fr\/blog\/#organization","name":"Dicodusport","url":"https:\/\/dicodusport.fr\/blog\/","logo":{"@type":"ImageObject","inLanguage":"fr-FR","@id":"https:\/\/dicodusport.fr\/blog\/#\/schema\/logo\/image\/","url":"https:\/\/dicodusport.fr\/blog\/wp-content\/uploads\/2020\/06\/cropped-LOGO-DICODUSPORT-2020-SANS-FOND-SANS-TEXTE.png","contentUrl":"https:\/\/dicodusport.fr\/blog\/wp-content\/uploads\/2020\/06\/cropped-LOGO-DICODUSPORT-2020-SANS-FOND-SANS-TEXTE.png","width":512,"height":512,"caption":"Dicodusport"},"image":{"@id":"https:\/\/dicodusport.fr\/blog\/#\/schema\/logo\/image\/"},"sameAs":["https:\/\/www.facebook.com\/dicodusport","https:\/\/x.com\/dicodusport","https:\/\/www.instagram.com\/dicodusport\/","https:\/\/www.youtube.com\/channel\/UC7V2KZ5sd3htJivAbA4ZG3w"],"description":"Dicodusport est l'encyclop\u00e9die de l'actualit\u00e9 sportive.","email":"bonjour@dicodusport.fr","legalName":"DICODUSPORT","foundingDate":"2018-01-14","vatID":"FR71834470973","taxID":"83447097300043","numberOfEmployees":{"@type":"QuantitativeValue","minValue":"1","maxValue":"10"}},{"@type":"Person","@id":"https:\/\/dicodusport.fr\/blog\/#\/schema\/person\/55dcb50ad410894e431ed812bbb70191","name":"Nicolas Jacquemard","image":{"@type":"ImageObject","inLanguage":"fr-FR","@id":"https:\/\/dicodusport.fr\/blog\/#\/schema\/person\/image\/","url":"https:\/\/dicodusport.fr\/blog\/wp-content\/uploads\/2021\/05\/Nicolas-Jacquemard-150x150.jpeg","contentUrl":"https:\/\/dicodusport.fr\/blog\/wp-content\/uploads\/2021\/05\/Nicolas-Jacquemard-150x150.jpeg","caption":"Nicolas Jacquemard"},"description":"Passionn\u00e9 de sport et entrepreneur depuis mes 18 ans, la cr\u00e9ation de Dicodusport m'a sembl\u00e9 \u00e9vidente pour participer \u00e0 la m\u00e9diatisation d'un plus grand nombre de sports. Le chemin est long mais avec une \u00e9quipe des plus motiv\u00e9es et les Jeux Olympiques de Paris 2024 en point de mire, nous y arriverons ! Journaliste dans le monde du sport depuis plus de 5 ans, je traite aussi bien de football, de rugby, de biathlon que de cyclisme.","sameAs":["https:\/\/www.facebook.com\/dicodusport","https:\/\/x.com\/https:\/\/twitter.com\/Nico_Jacquemard"],"url":"https:\/\/dicodusport.fr\/blog\/author\/dicodusport\/"}]}},"_links":{"self":[{"href":"https:\/\/dicodusport.fr\/blog\/wp-json\/wp\/v2\/posts\/274597","targetHints":{"allow":["GET"]}}],"collection":[{"href":"https:\/\/dicodusport.fr\/blog\/wp-json\/wp\/v2\/posts"}],"about":[{"href":"https:\/\/dicodusport.fr\/blog\/wp-json\/wp\/v2\/types\/post"}],"author":[{"embeddable":true,"href":"https:\/\/dicodusport.fr\/blog\/wp-json\/wp\/v2\/users\/1"}],"replies":[{"embeddable":true,"href":"https:\/\/dicodusport.fr\/blog\/wp-json\/wp\/v2\/comments?post=274597"}],"version-history":[{"count":0,"href":"https:\/\/dicodusport.fr\/blog\/wp-json\/wp\/v2\/posts\/274597\/revisions"}],"wp:featuredmedia":[{"embeddable":true,"href":"https:\/\/dicodusport.fr\/blog\/wp-json\/wp\/v2\/media\/266899"}],"wp:attachment":[{"href":"https:\/\/dicodusport.fr\/blog\/wp-json\/wp\/v2\/media?parent=274597"}],"wp:term":[{"taxonomy":"category","embeddable":true,"href":"https:\/\/dicodusport.fr\/blog\/wp-json\/wp\/v2\/categories?post=274597"},{"taxonomy":"post_tag","embeddable":true,"href":"https:\/\/dicodusport.fr\/blog\/wp-json\/wp\/v2\/tags?post=274597"}],"curies":[{"name":"wp","href":"https:\/\/api.w.org\/{rel}","templated":true}]}}