{"id":274717,"date":"2022-11-01T09:13:48","date_gmt":"2022-11-01T08:13:48","guid":{"rendered":"https:\/\/dicodusport.fr\/blog\/?p=274717&#038;preview=true&#038;preview_id=274717"},"modified":"2022-11-01T19:57:51","modified_gmt":"2022-11-01T18:57:51","slug":"skateboard-edouard-damestoy-champion-du-monde-de-vert","status":"publish","type":"post","link":"https:\/\/dicodusport.fr\/blog\/skateboard-edouard-damestoy-champion-du-monde-de-vert\/","title":{"rendered":"Skateboard : \u00c9douard Damestoy champion du monde de vert"},"content":{"rendered":"<p style=\"text-align: justify;\"><b><i>SKATEBOARD &#8211; Cocorico ! Ce lundi, le Fran\u00e7ais \u00c9douard Damestoy est devenu champion du monde de skateboard \u00e0 Buenos Aires (Argentine), dans le cadre des World Skate Games 2022. Le Bordelais poursuit sa magnifique ann\u00e9e 2022.<\/i><\/b><\/p>\n<p style=\"text-align: justify;\">\u00c0 26 ans, <strong>\u00c9douard Damestoy<\/strong> vit sa meilleure ann\u00e9e. <a href=\"https:\/\/dicodusport.fr\/blog\/skateboard-edouard-damestoy-en-or-aux-x-games\/\">Premier skateur fran\u00e7ais \u00e0 \u00eatre m\u00e9daill\u00e9 d\u2019or aux <strong>X Games au juillet dernier \u00e0 Vista (Californie)<\/strong><\/a>, le Bordelais d&rsquo;origine avait ensuite encha\u00een\u00e9 en triomphant sur la <strong>Tony Hawk&rsquo;s Vert Alert<\/strong> en ao\u00fbt \u00e0 Salt Lake City. Ce lundi, \u00e0 Buenos Aires (Argentine), le Tricolore \u00e9tait le grand favori \u00e0 sa propre succession lors de l&rsquo;\u00e9preuve de skateboard vert (rampe verticale en forme de U), dans le cadre des <strong>World Skate Games<\/strong>. En effet, Damestoy avait \u00e9t\u00e9 sacr\u00e9 champion du monde en 2019 \u00e0 Barcelone (Espagne). Et ce dernier a parfaitement assum\u00e9 son statut, en conservant son titre avec autorit\u00e9.<\/p>\n<p style=\"text-align: justify;\">Solide, le Fran\u00e7ais a vu trois de ses runs et cinq tricks not\u00e9s. Au final, il s&rsquo;en sort avec une note totale de 256,61 points et devance deux Br\u00e9siliens : <strong>Guilherme Khury<\/strong> (254,65 points) et <strong>Augusto Santos<\/strong> (242,66 points). Une performance XXL pour le skateur tricolore, qui confirme qu&rsquo;il est bien l&rsquo;un des meilleurs au monde dans la discipline du skateboard.<\/p>\n<p><iframe loading=\"lazy\" style=\"border: none; overflow: hidden;\" src=\"https:\/\/www.facebook.com\/plugins\/post.php?href=https%3A%2F%2Fwww.facebook.com%2Fedfrollerskateboard%2Fposts%2Fpfbid02D5x8hGQoT7pSSWEd2WBGnwuNJM8uvUmShjNJfHLSEgmCj3uPT1AWnTh9jzcQsYqSl&amp;show_text=true&amp;width=500\" width=\"500\" height=\"699\" frameborder=\"0\" scrolling=\"no\" allowfullscreen=\"allowfullscreen\"><\/iframe><\/p>\n<p>&nbsp;<\/p>\n","protected":false},"excerpt":{"rendered":"<p>SKATEBOARD &#8211; Cocorico ! Ce lundi, le Fran\u00e7ais \u00c9douard Damestoy est devenu champion du monde de skateboard \u00e0 Buenos Aires (Argentine), dans le cadre des World Skate Games 2022. Le Bordelais poursuit sa magnifique ann\u00e9e 2022.<\/p>\n","protected":false},"author":4,"featured_media":274723,"comment_status":"open","ping_status":"closed","sticky":false,"template":"","format":"standard","meta":{"_acf_changed":false,"_daextam_enable_autolinks":"","footnotes":""},"categories":[18143],"tags":[570],"class_list":["post-274717","post","type-post","status-publish","format-standard","has-post-thumbnail","hentry","category-skateboard","tag-skateboard"],"acf":[],"yoast_head":"<!-- This site is optimized with the Yoast SEO Premium plugin v26.7 (Yoast SEO v26.7) - https:\/\/yoast.com\/wordpress\/plugins\/seo\/ -->\n<title>Skateboard : \u00c9douard Damestoy champion du monde de vert<\/title>\n<meta name=\"description\" content=\"SKATEBOARD - Cocorico ! Ce lundi, le Fran\u00e7ais \u00c9douard Damestoy est devenu champion du monde de skateboard \u00e0 Buenos Aires (Argentine).\" \/>\n<meta name=\"robots\" content=\"index, follow, max-snippet:-1, max-image-preview:large, max-video-preview:-1\" \/>\n<link rel=\"canonical\" href=\"https:\/\/dicodusport.fr\/blog\/skateboard-edouard-damestoy-champion-du-monde-de-vert\/\" \/>\n<meta property=\"og:locale\" content=\"fr_FR\" \/>\n<meta property=\"og:type\" content=\"article\" \/>\n<meta property=\"og:title\" content=\"Skateboard : \u00c9douard Damestoy champion du monde de vert\" \/>\n<meta property=\"og:description\" content=\"SKATEBOARD - Cocorico ! Ce lundi, le Fran\u00e7ais \u00c9douard Damestoy est devenu champion du monde de skateboard \u00e0 Buenos Aires (Argentine).\" \/>\n<meta property=\"og:url\" content=\"https:\/\/dicodusport.fr\/blog\/skateboard-edouard-damestoy-champion-du-monde-de-vert\/\" \/>\n<meta property=\"og:site_name\" content=\"Dicodusport\" \/>\n<meta property=\"article:publisher\" content=\"https:\/\/www.facebook.com\/dicodusport\" \/>\n<meta property=\"article:author\" content=\"https:\/\/www.facebook.com\/florent.ostermann\" \/>\n<meta property=\"article:published_time\" content=\"2022-11-01T08:13:48+00:00\" \/>\n<meta property=\"article:modified_time\" content=\"2022-11-01T18:57:51+00:00\" \/>\n<meta property=\"og:image\" content=\"https:\/\/dicodusport.fr\/blog\/wp-content\/uploads\/2022\/11\/Skateboard-Edouard-Damestoy-champion-du-monde-de-vert.png\" \/>\n\t<meta property=\"og:image:width\" content=\"800\" \/>\n\t<meta property=\"og:image:height\" content=\"445\" \/>\n\t<meta property=\"og:image:type\" content=\"image\/png\" \/>\n<meta name=\"author\" content=\"Flo Ostermann\" \/>\n<meta name=\"twitter:card\" content=\"summary_large_image\" \/>\n<meta name=\"twitter:title\" content=\"Skateboard : \u00c9douard Damestoy champion du monde de vert\" \/>\n<meta name=\"twitter:creator\" content=\"@https:\/\/twitter.com\/FlOstermann\" \/>\n<meta name=\"twitter:site\" content=\"@dicodusport\" \/>\n<script type=\"application\/ld+json\" class=\"yoast-schema-graph\">{\"@context\":\"https:\/\/schema.org\",\"@graph\":[{\"@type\":\"NewsArticle\",\"@id\":\"https:\/\/dicodusport.fr\/blog\/skateboard-edouard-damestoy-champion-du-monde-de-vert\/#article\",\"isPartOf\":{\"@id\":\"https:\/\/dicodusport.fr\/blog\/skateboard-edouard-damestoy-champion-du-monde-de-vert\/\"},\"author\":{\"name\":\"Flo Ostermann\",\"@id\":\"https:\/\/dicodusport.fr\/blog\/#\/schema\/person\/cb02af4c173ce4a653b55e9baf388d4a\"},\"headline\":\"Skateboard : \u00c9douard Damestoy champion du monde de vert\",\"datePublished\":\"2022-11-01T08:13:48+00:00\",\"dateModified\":\"2022-11-01T18:57:51+00:00\",\"mainEntityOfPage\":{\"@id\":\"https:\/\/dicodusport.fr\/blog\/skateboard-edouard-damestoy-champion-du-monde-de-vert\/\"},\"wordCount\":214,\"commentCount\":0,\"publisher\":{\"@id\":\"https:\/\/dicodusport.fr\/blog\/#organization\"},\"image\":{\"@id\":\"https:\/\/dicodusport.fr\/blog\/skateboard-edouard-damestoy-champion-du-monde-de-vert\/#primaryimage\"},\"thumbnailUrl\":\"https:\/\/dicodusport.fr\/blog\/wp-content\/uploads\/2022\/11\/Skateboard-Edouard-Damestoy-champion-du-monde-de-vert.png\",\"keywords\":[\"skateboard\"],\"articleSection\":[\"Skateboard\"],\"inLanguage\":\"fr-FR\",\"potentialAction\":[{\"@type\":\"CommentAction\",\"name\":\"Comment\",\"target\":[\"https:\/\/dicodusport.fr\/blog\/skateboard-edouard-damestoy-champion-du-monde-de-vert\/#respond\"]}],\"copyrightYear\":\"2022\",\"copyrightHolder\":{\"@id\":\"https:\/\/dicodusport.fr\/blog\/#organization\"}},{\"@type\":\"WebPage\",\"@id\":\"https:\/\/dicodusport.fr\/blog\/skateboard-edouard-damestoy-champion-du-monde-de-vert\/\",\"url\":\"https:\/\/dicodusport.fr\/blog\/skateboard-edouard-damestoy-champion-du-monde-de-vert\/\",\"name\":\"Skateboard : \u00c9douard Damestoy champion du monde de vert\",\"isPartOf\":{\"@id\":\"https:\/\/dicodusport.fr\/blog\/#website\"},\"primaryImageOfPage\":{\"@id\":\"https:\/\/dicodusport.fr\/blog\/skateboard-edouard-damestoy-champion-du-monde-de-vert\/#primaryimage\"},\"image\":{\"@id\":\"https:\/\/dicodusport.fr\/blog\/skateboard-edouard-damestoy-champion-du-monde-de-vert\/#primaryimage\"},\"thumbnailUrl\":\"https:\/\/dicodusport.fr\/blog\/wp-content\/uploads\/2022\/11\/Skateboard-Edouard-Damestoy-champion-du-monde-de-vert.png\",\"datePublished\":\"2022-11-01T08:13:48+00:00\",\"dateModified\":\"2022-11-01T18:57:51+00:00\",\"description\":\"SKATEBOARD - Cocorico ! Ce lundi, le Fran\u00e7ais \u00c9douard Damestoy est devenu champion du monde de skateboard \u00e0 Buenos Aires (Argentine).\",\"breadcrumb\":{\"@id\":\"https:\/\/dicodusport.fr\/blog\/skateboard-edouard-damestoy-champion-du-monde-de-vert\/#breadcrumb\"},\"inLanguage\":\"fr-FR\",\"potentialAction\":[{\"@type\":\"ReadAction\",\"target\":[\"https:\/\/dicodusport.fr\/blog\/skateboard-edouard-damestoy-champion-du-monde-de-vert\/\"]}]},{\"@type\":\"ImageObject\",\"inLanguage\":\"fr-FR\",\"@id\":\"https:\/\/dicodusport.fr\/blog\/skateboard-edouard-damestoy-champion-du-monde-de-vert\/#primaryimage\",\"url\":\"https:\/\/dicodusport.fr\/blog\/wp-content\/uploads\/2022\/11\/Skateboard-Edouard-Damestoy-champion-du-monde-de-vert.png\",\"contentUrl\":\"https:\/\/dicodusport.fr\/blog\/wp-content\/uploads\/2022\/11\/Skateboard-Edouard-Damestoy-champion-du-monde-de-vert.png\",\"width\":800,\"height\":445,\"caption\":\"Skateboard - \u00c9douard Damestoy champion du monde de vert - Photo ESPN\"},{\"@type\":\"BreadcrumbList\",\"@id\":\"https:\/\/dicodusport.fr\/blog\/skateboard-edouard-damestoy-champion-du-monde-de-vert\/#breadcrumb\",\"itemListElement\":[{\"@type\":\"ListItem\",\"position\":1,\"name\":\"Accueil\",\"item\":\"https:\/\/dicodusport.fr\/blog\/\"},{\"@type\":\"ListItem\",\"position\":2,\"name\":\"Skateboard : \u00c9douard Damestoy champion du monde de vert\"}]},{\"@type\":\"WebSite\",\"@id\":\"https:\/\/dicodusport.fr\/blog\/#website\",\"url\":\"https:\/\/dicodusport.fr\/blog\/\",\"name\":\"Dicodusport\",\"description\":\"L&#039;encyclop\u00e9die de l&#039;actualit\u00e9 sportive\",\"publisher\":{\"@id\":\"https:\/\/dicodusport.fr\/blog\/#organization\"},\"potentialAction\":[{\"@type\":\"SearchAction\",\"target\":{\"@type\":\"EntryPoint\",\"urlTemplate\":\"https:\/\/dicodusport.fr\/blog\/?s={search_term_string}\"},\"query-input\":{\"@type\":\"PropertyValueSpecification\",\"valueRequired\":true,\"valueName\":\"search_term_string\"}}],\"inLanguage\":\"fr-FR\"},{\"@type\":\"NewsMediaOrganization\",\"@id\":\"https:\/\/dicodusport.fr\/blog\/#organization\",\"name\":\"Dicodusport\",\"url\":\"https:\/\/dicodusport.fr\/blog\/\",\"logo\":{\"@type\":\"ImageObject\",\"inLanguage\":\"fr-FR\",\"@id\":\"https:\/\/dicodusport.fr\/blog\/#\/schema\/logo\/image\/\",\"url\":\"https:\/\/dicodusport.fr\/blog\/wp-content\/uploads\/2020\/06\/cropped-LOGO-DICODUSPORT-2020-SANS-FOND-SANS-TEXTE.png\",\"contentUrl\":\"https:\/\/dicodusport.fr\/blog\/wp-content\/uploads\/2020\/06\/cropped-LOGO-DICODUSPORT-2020-SANS-FOND-SANS-TEXTE.png\",\"width\":512,\"height\":512,\"caption\":\"Dicodusport\"},\"image\":{\"@id\":\"https:\/\/dicodusport.fr\/blog\/#\/schema\/logo\/image\/\"},\"sameAs\":[\"https:\/\/www.facebook.com\/dicodusport\",\"https:\/\/x.com\/dicodusport\",\"https:\/\/www.instagram.com\/dicodusport\/\",\"https:\/\/www.youtube.com\/channel\/UC7V2KZ5sd3htJivAbA4ZG3w\"],\"description\":\"Dicodusport est l'encyclop\u00e9die de l'actualit\u00e9 sportive.\",\"email\":\"bonjour@dicodusport.fr\",\"legalName\":\"DICODUSPORT\",\"foundingDate\":\"2018-01-14\",\"vatID\":\"FR71834470973\",\"taxID\":\"83447097300043\",\"numberOfEmployees\":{\"@type\":\"QuantitativeValue\",\"minValue\":\"1\",\"maxValue\":\"10\"}},{\"@type\":\"Person\",\"@id\":\"https:\/\/dicodusport.fr\/blog\/#\/schema\/person\/cb02af4c173ce4a653b55e9baf388d4a\",\"name\":\"Flo Ostermann\",\"image\":{\"@type\":\"ImageObject\",\"inLanguage\":\"fr-FR\",\"@id\":\"https:\/\/dicodusport.fr\/blog\/#\/schema\/person\/image\/\",\"url\":\"https:\/\/dicodusport.fr\/blog\/wp-content\/uploads\/2021\/05\/Flo-Ostermann-150x150.jpg\",\"contentUrl\":\"https:\/\/dicodusport.fr\/blog\/wp-content\/uploads\/2021\/05\/Flo-Ostermann-150x150.jpg\",\"caption\":\"Flo Ostermann\"},\"description\":\"Journaliste\/R\u00e9dacteur depuis septembre 2015 - Mes premiers souvenirs dans le sport ? Les envol\u00e9es du Stade Toulousain et les duels Villeneuve-Schumacher et H\u00e4kkinen-Schumacher \u00e0 la fin des ann\u00e9es 90, la Coupe du monde de football en 1998, l\u2019exploit du XV de France face aux All Blacks en 1999, mais aussi Richard C\u0153ur de Lion qui vole sur les montagnes du Tour de France. Bien parti pour devenir professeur d\u2019EPS, les \u00e9v\u00e9nements de la vie (et la flemme d\u2019animer des s\u00e9ances de 3x500 m\u00e8tres toute ma vie) m\u2019ont conduit \u00e0 revoir mes plans. Me voil\u00e0 depuis fin 2017 sur Dicodusport, m\u00e9dia gr\u00e2ce (et pour) lequel je partage ma passion : le sport dans tous ses \u00e9tats. Le tout accompagn\u00e9 par les fous furieux et folles furieuses cit\u00e9s sur cette page !\",\"sameAs\":[\"https:\/\/www.facebook.com\/florent.ostermann\",\"https:\/\/x.com\/https:\/\/twitter.com\/FlOstermann\",\"admin\"],\"url\":\"https:\/\/dicodusport.fr\/blog\/author\/flo\/\"}]}<\/script>\n<!-- \/ Yoast SEO Premium plugin. -->","yoast_head_json":{"title":"Skateboard : \u00c9douard Damestoy champion du monde de vert","description":"SKATEBOARD - Cocorico ! Ce lundi, le Fran\u00e7ais \u00c9douard Damestoy est devenu champion du monde de skateboard \u00e0 Buenos Aires (Argentine).","robots":{"index":"index","follow":"follow","max-snippet":"max-snippet:-1","max-image-preview":"max-image-preview:large","max-video-preview":"max-video-preview:-1"},"canonical":"https:\/\/dicodusport.fr\/blog\/skateboard-edouard-damestoy-champion-du-monde-de-vert\/","og_locale":"fr_FR","og_type":"article","og_title":"Skateboard : \u00c9douard Damestoy champion du monde de vert","og_description":"SKATEBOARD - Cocorico ! Ce lundi, le Fran\u00e7ais \u00c9douard Damestoy est devenu champion du monde de skateboard \u00e0 Buenos Aires (Argentine).","og_url":"https:\/\/dicodusport.fr\/blog\/skateboard-edouard-damestoy-champion-du-monde-de-vert\/","og_site_name":"Dicodusport","article_publisher":"https:\/\/www.facebook.com\/dicodusport","article_author":"https:\/\/www.facebook.com\/florent.ostermann","article_published_time":"2022-11-01T08:13:48+00:00","article_modified_time":"2022-11-01T18:57:51+00:00","og_image":[{"width":800,"height":445,"url":"https:\/\/dicodusport.fr\/blog\/wp-content\/uploads\/2022\/11\/Skateboard-Edouard-Damestoy-champion-du-monde-de-vert.png","type":"image\/png"}],"author":"Flo Ostermann","twitter_card":"summary_large_image","twitter_title":"Skateboard : \u00c9douard Damestoy champion du monde de vert","twitter_creator":"@https:\/\/twitter.com\/FlOstermann","twitter_site":"@dicodusport","schema":{"@context":"https:\/\/schema.org","@graph":[{"@type":"NewsArticle","@id":"https:\/\/dicodusport.fr\/blog\/skateboard-edouard-damestoy-champion-du-monde-de-vert\/#article","isPartOf":{"@id":"https:\/\/dicodusport.fr\/blog\/skateboard-edouard-damestoy-champion-du-monde-de-vert\/"},"author":{"name":"Flo Ostermann","@id":"https:\/\/dicodusport.fr\/blog\/#\/schema\/person\/cb02af4c173ce4a653b55e9baf388d4a"},"headline":"Skateboard : \u00c9douard Damestoy champion du monde de vert","datePublished":"2022-11-01T08:13:48+00:00","dateModified":"2022-11-01T18:57:51+00:00","mainEntityOfPage":{"@id":"https:\/\/dicodusport.fr\/blog\/skateboard-edouard-damestoy-champion-du-monde-de-vert\/"},"wordCount":214,"commentCount":0,"publisher":{"@id":"https:\/\/dicodusport.fr\/blog\/#organization"},"image":{"@id":"https:\/\/dicodusport.fr\/blog\/skateboard-edouard-damestoy-champion-du-monde-de-vert\/#primaryimage"},"thumbnailUrl":"https:\/\/dicodusport.fr\/blog\/wp-content\/uploads\/2022\/11\/Skateboard-Edouard-Damestoy-champion-du-monde-de-vert.png","keywords":["skateboard"],"articleSection":["Skateboard"],"inLanguage":"fr-FR","potentialAction":[{"@type":"CommentAction","name":"Comment","target":["https:\/\/dicodusport.fr\/blog\/skateboard-edouard-damestoy-champion-du-monde-de-vert\/#respond"]}],"copyrightYear":"2022","copyrightHolder":{"@id":"https:\/\/dicodusport.fr\/blog\/#organization"}},{"@type":"WebPage","@id":"https:\/\/dicodusport.fr\/blog\/skateboard-edouard-damestoy-champion-du-monde-de-vert\/","url":"https:\/\/dicodusport.fr\/blog\/skateboard-edouard-damestoy-champion-du-monde-de-vert\/","name":"Skateboard : \u00c9douard Damestoy champion du monde de vert","isPartOf":{"@id":"https:\/\/dicodusport.fr\/blog\/#website"},"primaryImageOfPage":{"@id":"https:\/\/dicodusport.fr\/blog\/skateboard-edouard-damestoy-champion-du-monde-de-vert\/#primaryimage"},"image":{"@id":"https:\/\/dicodusport.fr\/blog\/skateboard-edouard-damestoy-champion-du-monde-de-vert\/#primaryimage"},"thumbnailUrl":"https:\/\/dicodusport.fr\/blog\/wp-content\/uploads\/2022\/11\/Skateboard-Edouard-Damestoy-champion-du-monde-de-vert.png","datePublished":"2022-11-01T08:13:48+00:00","dateModified":"2022-11-01T18:57:51+00:00","description":"SKATEBOARD - Cocorico ! Ce lundi, le Fran\u00e7ais \u00c9douard Damestoy est devenu champion du monde de skateboard \u00e0 Buenos Aires (Argentine).","breadcrumb":{"@id":"https:\/\/dicodusport.fr\/blog\/skateboard-edouard-damestoy-champion-du-monde-de-vert\/#breadcrumb"},"inLanguage":"fr-FR","potentialAction":[{"@type":"ReadAction","target":["https:\/\/dicodusport.fr\/blog\/skateboard-edouard-damestoy-champion-du-monde-de-vert\/"]}]},{"@type":"ImageObject","inLanguage":"fr-FR","@id":"https:\/\/dicodusport.fr\/blog\/skateboard-edouard-damestoy-champion-du-monde-de-vert\/#primaryimage","url":"https:\/\/dicodusport.fr\/blog\/wp-content\/uploads\/2022\/11\/Skateboard-Edouard-Damestoy-champion-du-monde-de-vert.png","contentUrl":"https:\/\/dicodusport.fr\/blog\/wp-content\/uploads\/2022\/11\/Skateboard-Edouard-Damestoy-champion-du-monde-de-vert.png","width":800,"height":445,"caption":"Skateboard - \u00c9douard Damestoy champion du monde de vert - Photo ESPN"},{"@type":"BreadcrumbList","@id":"https:\/\/dicodusport.fr\/blog\/skateboard-edouard-damestoy-champion-du-monde-de-vert\/#breadcrumb","itemListElement":[{"@type":"ListItem","position":1,"name":"Accueil","item":"https:\/\/dicodusport.fr\/blog\/"},{"@type":"ListItem","position":2,"name":"Skateboard : \u00c9douard Damestoy champion du monde de vert"}]},{"@type":"WebSite","@id":"https:\/\/dicodusport.fr\/blog\/#website","url":"https:\/\/dicodusport.fr\/blog\/","name":"Dicodusport","description":"L&#039;encyclop\u00e9die de l&#039;actualit\u00e9 sportive","publisher":{"@id":"https:\/\/dicodusport.fr\/blog\/#organization"},"potentialAction":[{"@type":"SearchAction","target":{"@type":"EntryPoint","urlTemplate":"https:\/\/dicodusport.fr\/blog\/?s={search_term_string}"},"query-input":{"@type":"PropertyValueSpecification","valueRequired":true,"valueName":"search_term_string"}}],"inLanguage":"fr-FR"},{"@type":"NewsMediaOrganization","@id":"https:\/\/dicodusport.fr\/blog\/#organization","name":"Dicodusport","url":"https:\/\/dicodusport.fr\/blog\/","logo":{"@type":"ImageObject","inLanguage":"fr-FR","@id":"https:\/\/dicodusport.fr\/blog\/#\/schema\/logo\/image\/","url":"https:\/\/dicodusport.fr\/blog\/wp-content\/uploads\/2020\/06\/cropped-LOGO-DICODUSPORT-2020-SANS-FOND-SANS-TEXTE.png","contentUrl":"https:\/\/dicodusport.fr\/blog\/wp-content\/uploads\/2020\/06\/cropped-LOGO-DICODUSPORT-2020-SANS-FOND-SANS-TEXTE.png","width":512,"height":512,"caption":"Dicodusport"},"image":{"@id":"https:\/\/dicodusport.fr\/blog\/#\/schema\/logo\/image\/"},"sameAs":["https:\/\/www.facebook.com\/dicodusport","https:\/\/x.com\/dicodusport","https:\/\/www.instagram.com\/dicodusport\/","https:\/\/www.youtube.com\/channel\/UC7V2KZ5sd3htJivAbA4ZG3w"],"description":"Dicodusport est l'encyclop\u00e9die de l'actualit\u00e9 sportive.","email":"bonjour@dicodusport.fr","legalName":"DICODUSPORT","foundingDate":"2018-01-14","vatID":"FR71834470973","taxID":"83447097300043","numberOfEmployees":{"@type":"QuantitativeValue","minValue":"1","maxValue":"10"}},{"@type":"Person","@id":"https:\/\/dicodusport.fr\/blog\/#\/schema\/person\/cb02af4c173ce4a653b55e9baf388d4a","name":"Flo Ostermann","image":{"@type":"ImageObject","inLanguage":"fr-FR","@id":"https:\/\/dicodusport.fr\/blog\/#\/schema\/person\/image\/","url":"https:\/\/dicodusport.fr\/blog\/wp-content\/uploads\/2021\/05\/Flo-Ostermann-150x150.jpg","contentUrl":"https:\/\/dicodusport.fr\/blog\/wp-content\/uploads\/2021\/05\/Flo-Ostermann-150x150.jpg","caption":"Flo Ostermann"},"description":"Journaliste\/R\u00e9dacteur depuis septembre 2015 - Mes premiers souvenirs dans le sport ? Les envol\u00e9es du Stade Toulousain et les duels Villeneuve-Schumacher et H\u00e4kkinen-Schumacher \u00e0 la fin des ann\u00e9es 90, la Coupe du monde de football en 1998, l\u2019exploit du XV de France face aux All Blacks en 1999, mais aussi Richard C\u0153ur de Lion qui vole sur les montagnes du Tour de France. Bien parti pour devenir professeur d\u2019EPS, les \u00e9v\u00e9nements de la vie (et la flemme d\u2019animer des s\u00e9ances de 3x500 m\u00e8tres toute ma vie) m\u2019ont conduit \u00e0 revoir mes plans. Me voil\u00e0 depuis fin 2017 sur Dicodusport, m\u00e9dia gr\u00e2ce (et pour) lequel je partage ma passion : le sport dans tous ses \u00e9tats. Le tout accompagn\u00e9 par les fous furieux et folles furieuses cit\u00e9s sur cette page !","sameAs":["https:\/\/www.facebook.com\/florent.ostermann","https:\/\/x.com\/https:\/\/twitter.com\/FlOstermann","admin"],"url":"https:\/\/dicodusport.fr\/blog\/author\/flo\/"}]}},"_links":{"self":[{"href":"https:\/\/dicodusport.fr\/blog\/wp-json\/wp\/v2\/posts\/274717","targetHints":{"allow":["GET"]}}],"collection":[{"href":"https:\/\/dicodusport.fr\/blog\/wp-json\/wp\/v2\/posts"}],"about":[{"href":"https:\/\/dicodusport.fr\/blog\/wp-json\/wp\/v2\/types\/post"}],"author":[{"embeddable":true,"href":"https:\/\/dicodusport.fr\/blog\/wp-json\/wp\/v2\/users\/4"}],"replies":[{"embeddable":true,"href":"https:\/\/dicodusport.fr\/blog\/wp-json\/wp\/v2\/comments?post=274717"}],"version-history":[{"count":0,"href":"https:\/\/dicodusport.fr\/blog\/wp-json\/wp\/v2\/posts\/274717\/revisions"}],"wp:featuredmedia":[{"embeddable":true,"href":"https:\/\/dicodusport.fr\/blog\/wp-json\/wp\/v2\/media\/274723"}],"wp:attachment":[{"href":"https:\/\/dicodusport.fr\/blog\/wp-json\/wp\/v2\/media?parent=274717"}],"wp:term":[{"taxonomy":"category","embeddable":true,"href":"https:\/\/dicodusport.fr\/blog\/wp-json\/wp\/v2\/categories?post=274717"},{"taxonomy":"post_tag","embeddable":true,"href":"https:\/\/dicodusport.fr\/blog\/wp-json\/wp\/v2\/tags?post=274717"}],"curies":[{"name":"wp","href":"https:\/\/api.w.org\/{rel}","templated":true}]}}