{"id":274782,"date":"2022-11-01T14:24:45","date_gmt":"2022-11-01T13:24:45","guid":{"rendered":"https:\/\/dicodusport.fr\/blog\/?p=274782&#038;preview=true&#038;preview_id=274782"},"modified":"2025-09-16T08:57:10","modified_gmt":"2025-09-16T06:57:10","slug":"ligue-des-champions-la-composition-probable-de-paris-pour-affronter-la-juventus","status":"publish","type":"post","link":"https:\/\/dicodusport.fr\/blog\/ligue-des-champions-la-composition-probable-de-paris-pour-affronter-la-juventus\/","title":{"rendered":"Ligue des Champions : La composition probable de Paris pour affronter la Juventus"},"content":{"rendered":"<p style=\"text-align: justify;\"><b><i>LIGUE DES CHAMPIONS &#8211; Selon <a href=\"https:\/\/www.lequipe.fr\/Football\/Actualites\/Carlos-soler-pour-remplacer-neymar-contre-la-juventus-en-ligue-des-champions\/1362365\" target=\"_blank\" rel=\"noopener\">L&rsquo;\u00c9quipe<\/a>, voici la composition du PSG pour affronter la Juventus ce mercredi soir, lors de la 6\u00e8me journ\u00e9e de la phase de poules en Champions League.\u00a0<\/i><\/b><\/p>\n<p style=\"text-align: justify;\"><strong>Presnel<\/strong> <strong>Kimpembe<\/strong> est de nouveau forfait, ce qui devrait contraindre <strong>Christophe<\/strong> <strong>Galtier<\/strong> \u00e0 rester \u00e0 quatre d\u00e9fenseurs. En l&rsquo;absence de <strong>Neymar<\/strong>, <strong>Carlos<\/strong> <strong>Soler<\/strong> devrait \u00eatre titularis\u00e9 en soutien du duo <strong>Mbapp\u00e9-Messi<\/strong>. Au milieu de terrain, <strong>Fabian<\/strong> <strong>Ruiz<\/strong> devrait accompagner <strong>Marco<\/strong> <strong>Verratti<\/strong> et <strong>Vitinha<\/strong>.<\/p>\n<h2>La composition probable du PSG<\/h2>\n<p style=\"text-align: justify;\">Donnarumma &#8211; Hakimi, Sergio Ramos, Marquinhos (cap.), Nuno Mendes &#8211; Ruiz, Verratti, Vitinha &#8211; Soler &#8211; Messi, Mbapp\u00e9.<\/p>\n<p><span class=\"MdeXHUKGj8Ow62IJRTaZtAVoHeDnUA4yXdpgbF7rKQyoJvYWw9xkrTEZNb7c4LvqMh0gsnDRLuS\"><\/p>\n<blockquote class=\"wp-embedded-content\" data-secret=\"68w8iHNLFD\"><p><a href=\"https:\/\/dicodusport.fr\/blog\/juventus-paris-a-quelle-heure-et-sur-quelle-chaine\/\">Juventus &#8211; Paris : \u00c0 quelle heure et sur quelle cha\u00eene<\/a><\/p><\/blockquote>\n<p><iframe loading=\"lazy\" class=\"wp-embedded-content\" sandbox=\"allow-scripts\" security=\"restricted\" style=\"position: absolute; clip: rect(1px, 1px, 1px, 1px);\" title=\"\u00ab\u00a0Juventus &#8211; Paris : \u00c0 quelle heure et sur quelle cha\u00eene\u00a0\u00bb &#8212; Dicodusport\" src=\"https:\/\/dicodusport.fr\/blog\/juventus-paris-a-quelle-heure-et-sur-quelle-chaine\/embed\/#?secret=57w4U3S7Dx#?secret=68w8iHNLFD\" data-secret=\"68w8iHNLFD\" width=\"600\" height=\"338\" frameborder=\"0\" marginwidth=\"0\" marginheight=\"0\" scrolling=\"no\"><\/iframe><\/span><\/p>\n","protected":false},"excerpt":{"rendered":"<p>LIGUE DES CHAMPIONS &#8211; Selon L&rsquo;\u00c9quipe, voici la composition du PSG pour affronter la Juventus ce mercredi soir, lors de la 6\u00e8me journ\u00e9e de la phase de poules en Champions League.\u00a0<\/p>\n","protected":false},"author":1,"featured_media":251864,"comment_status":"open","ping_status":"closed","sticky":false,"template":"","format":"standard","meta":{"_acf_changed":false,"_daextam_enable_autolinks":"","footnotes":""},"categories":[47250],"tags":[75,2454,419,429,910],"class_list":["post-274782","post","type-post","status-publish","format-standard","has-post-thumbnail","hentry","category-ligue-des-champions-de-football","tag-football","tag-juventus","tag-ligue-des-champions","tag-paris","tag-psg"],"acf":[],"yoast_head":"<!-- This site is optimized with the Yoast SEO Premium plugin v26.7 (Yoast SEO v26.7) - https:\/\/yoast.com\/wordpress\/plugins\/seo\/ -->\n<title>Ligue des Champions : La composition probable de Paris pour affronter la Juventus<\/title>\n<meta name=\"description\" content=\"LIGUE DES CHAMPIONS - Selon L&#039;\u00c9quipe, voici la composition du PSG pour affronter la Juventus ce mercredi soir, lors de la 6\u00e8me journ\u00e9e.\" \/>\n<meta name=\"robots\" content=\"index, follow, max-snippet:-1, max-image-preview:large, max-video-preview:-1\" \/>\n<link rel=\"canonical\" href=\"https:\/\/dicodusport.fr\/blog\/ligue-des-champions-la-composition-probable-de-paris-pour-affronter-la-juventus\/\" \/>\n<meta property=\"og:locale\" content=\"fr_FR\" \/>\n<meta property=\"og:type\" content=\"article\" \/>\n<meta property=\"og:title\" content=\"Ligue des Champions : La composition probable de Paris pour affronter la Juventus\" \/>\n<meta property=\"og:description\" content=\"LIGUE DES CHAMPIONS - Selon L&#039;\u00c9quipe, voici la composition du PSG pour affronter la Juventus ce mercredi soir, lors de la 6\u00e8me journ\u00e9e.\" \/>\n<meta property=\"og:url\" content=\"https:\/\/dicodusport.fr\/blog\/ligue-des-champions-la-composition-probable-de-paris-pour-affronter-la-juventus\/\" \/>\n<meta property=\"og:site_name\" content=\"Dicodusport\" \/>\n<meta property=\"article:publisher\" content=\"https:\/\/www.facebook.com\/dicodusport\" \/>\n<meta property=\"article:author\" content=\"https:\/\/www.facebook.com\/dicodusport\" \/>\n<meta property=\"article:published_time\" content=\"2022-11-01T13:24:45+00:00\" \/>\n<meta property=\"article:modified_time\" content=\"2025-09-16T06:57:10+00:00\" \/>\n<meta property=\"og:image\" content=\"https:\/\/dicodusport.fr\/blog\/wp-content\/uploads\/2022\/08\/PSG-Lattitude-de-Kylian-Mbappe\u0301-interroge-des-proble\u0300mes-personnels-e\u0301voque\u0301s.png\" \/>\n\t<meta property=\"og:image:width\" content=\"800\" \/>\n\t<meta property=\"og:image:height\" content=\"445\" \/>\n\t<meta property=\"og:image:type\" content=\"image\/png\" \/>\n<meta name=\"author\" content=\"Nicolas Jacquemard\" \/>\n<meta name=\"twitter:card\" content=\"summary_large_image\" \/>\n<meta name=\"twitter:title\" content=\"Ligue des Champions : La composition probable de Paris pour affronter la Juventus\" \/>\n<meta name=\"twitter:creator\" content=\"@https:\/\/twitter.com\/Nico_Jacquemard\" \/>\n<meta name=\"twitter:site\" content=\"@dicodusport\" \/>\n<script type=\"application\/ld+json\" class=\"yoast-schema-graph\">{\"@context\":\"https:\/\/schema.org\",\"@graph\":[{\"@type\":\"NewsArticle\",\"@id\":\"https:\/\/dicodusport.fr\/blog\/ligue-des-champions-la-composition-probable-de-paris-pour-affronter-la-juventus\/#article\",\"isPartOf\":{\"@id\":\"https:\/\/dicodusport.fr\/blog\/ligue-des-champions-la-composition-probable-de-paris-pour-affronter-la-juventus\/\"},\"author\":{\"name\":\"Nicolas Jacquemard\",\"@id\":\"https:\/\/dicodusport.fr\/blog\/#\/schema\/person\/55dcb50ad410894e431ed812bbb70191\"},\"headline\":\"Ligue des Champions : La composition probable de Paris pour affronter la Juventus\",\"datePublished\":\"2022-11-01T13:24:45+00:00\",\"dateModified\":\"2025-09-16T06:57:10+00:00\",\"mainEntityOfPage\":{\"@id\":\"https:\/\/dicodusport.fr\/blog\/ligue-des-champions-la-composition-probable-de-paris-pour-affronter-la-juventus\/\"},\"wordCount\":117,\"commentCount\":0,\"publisher\":{\"@id\":\"https:\/\/dicodusport.fr\/blog\/#organization\"},\"image\":{\"@id\":\"https:\/\/dicodusport.fr\/blog\/ligue-des-champions-la-composition-probable-de-paris-pour-affronter-la-juventus\/#primaryimage\"},\"thumbnailUrl\":\"https:\/\/dicodusport.fr\/blog\/wp-content\/uploads\/2022\/08\/PSG-Lattitude-de-Kylian-Mbappe\u0301-interroge-des-proble\u0300mes-personnels-e\u0301voque\u0301s.png\",\"keywords\":[\"Football\",\"juventus\",\"Ligue des champions\",\"Paris\",\"PSG\"],\"articleSection\":[\"Ligue des Champions de football\"],\"inLanguage\":\"fr-FR\",\"potentialAction\":[{\"@type\":\"CommentAction\",\"name\":\"Comment\",\"target\":[\"https:\/\/dicodusport.fr\/blog\/ligue-des-champions-la-composition-probable-de-paris-pour-affronter-la-juventus\/#respond\"]}],\"copyrightYear\":\"2022\",\"copyrightHolder\":{\"@id\":\"https:\/\/dicodusport.fr\/blog\/#organization\"}},{\"@type\":\"WebPage\",\"@id\":\"https:\/\/dicodusport.fr\/blog\/ligue-des-champions-la-composition-probable-de-paris-pour-affronter-la-juventus\/\",\"url\":\"https:\/\/dicodusport.fr\/blog\/ligue-des-champions-la-composition-probable-de-paris-pour-affronter-la-juventus\/\",\"name\":\"Ligue des Champions : La composition probable de Paris pour affronter la Juventus\",\"isPartOf\":{\"@id\":\"https:\/\/dicodusport.fr\/blog\/#website\"},\"primaryImageOfPage\":{\"@id\":\"https:\/\/dicodusport.fr\/blog\/ligue-des-champions-la-composition-probable-de-paris-pour-affronter-la-juventus\/#primaryimage\"},\"image\":{\"@id\":\"https:\/\/dicodusport.fr\/blog\/ligue-des-champions-la-composition-probable-de-paris-pour-affronter-la-juventus\/#primaryimage\"},\"thumbnailUrl\":\"https:\/\/dicodusport.fr\/blog\/wp-content\/uploads\/2022\/08\/PSG-Lattitude-de-Kylian-Mbappe\u0301-interroge-des-proble\u0300mes-personnels-e\u0301voque\u0301s.png\",\"datePublished\":\"2022-11-01T13:24:45+00:00\",\"dateModified\":\"2025-09-16T06:57:10+00:00\",\"description\":\"LIGUE DES CHAMPIONS - Selon L'\u00c9quipe, voici la composition du PSG pour affronter la Juventus ce mercredi soir, lors de la 6\u00e8me journ\u00e9e.\",\"breadcrumb\":{\"@id\":\"https:\/\/dicodusport.fr\/blog\/ligue-des-champions-la-composition-probable-de-paris-pour-affronter-la-juventus\/#breadcrumb\"},\"inLanguage\":\"fr-FR\",\"potentialAction\":[{\"@type\":\"ReadAction\",\"target\":[\"https:\/\/dicodusport.fr\/blog\/ligue-des-champions-la-composition-probable-de-paris-pour-affronter-la-juventus\/\"]}]},{\"@type\":\"ImageObject\",\"inLanguage\":\"fr-FR\",\"@id\":\"https:\/\/dicodusport.fr\/blog\/ligue-des-champions-la-composition-probable-de-paris-pour-affronter-la-juventus\/#primaryimage\",\"url\":\"https:\/\/dicodusport.fr\/blog\/wp-content\/uploads\/2022\/08\/PSG-Lattitude-de-Kylian-Mbappe\u0301-interroge-des-proble\u0300mes-personnels-e\u0301voque\u0301s.png\",\"contentUrl\":\"https:\/\/dicodusport.fr\/blog\/wp-content\/uploads\/2022\/08\/PSG-Lattitude-de-Kylian-Mbappe\u0301-interroge-des-proble\u0300mes-personnels-e\u0301voque\u0301s.png\",\"width\":800,\"height\":445},{\"@type\":\"BreadcrumbList\",\"@id\":\"https:\/\/dicodusport.fr\/blog\/ligue-des-champions-la-composition-probable-de-paris-pour-affronter-la-juventus\/#breadcrumb\",\"itemListElement\":[{\"@type\":\"ListItem\",\"position\":1,\"name\":\"Accueil\",\"item\":\"https:\/\/dicodusport.fr\/blog\/\"},{\"@type\":\"ListItem\",\"position\":2,\"name\":\"Ligue des Champions : La composition probable de Paris pour affronter la Juventus\"}]},{\"@type\":\"WebSite\",\"@id\":\"https:\/\/dicodusport.fr\/blog\/#website\",\"url\":\"https:\/\/dicodusport.fr\/blog\/\",\"name\":\"Dicodusport\",\"description\":\"L&#039;encyclop\u00e9die de l&#039;actualit\u00e9 sportive\",\"publisher\":{\"@id\":\"https:\/\/dicodusport.fr\/blog\/#organization\"},\"potentialAction\":[{\"@type\":\"SearchAction\",\"target\":{\"@type\":\"EntryPoint\",\"urlTemplate\":\"https:\/\/dicodusport.fr\/blog\/?s={search_term_string}\"},\"query-input\":{\"@type\":\"PropertyValueSpecification\",\"valueRequired\":true,\"valueName\":\"search_term_string\"}}],\"inLanguage\":\"fr-FR\"},{\"@type\":\"NewsMediaOrganization\",\"@id\":\"https:\/\/dicodusport.fr\/blog\/#organization\",\"name\":\"Dicodusport\",\"url\":\"https:\/\/dicodusport.fr\/blog\/\",\"logo\":{\"@type\":\"ImageObject\",\"inLanguage\":\"fr-FR\",\"@id\":\"https:\/\/dicodusport.fr\/blog\/#\/schema\/logo\/image\/\",\"url\":\"https:\/\/dicodusport.fr\/blog\/wp-content\/uploads\/2020\/06\/cropped-LOGO-DICODUSPORT-2020-SANS-FOND-SANS-TEXTE.png\",\"contentUrl\":\"https:\/\/dicodusport.fr\/blog\/wp-content\/uploads\/2020\/06\/cropped-LOGO-DICODUSPORT-2020-SANS-FOND-SANS-TEXTE.png\",\"width\":512,\"height\":512,\"caption\":\"Dicodusport\"},\"image\":{\"@id\":\"https:\/\/dicodusport.fr\/blog\/#\/schema\/logo\/image\/\"},\"sameAs\":[\"https:\/\/www.facebook.com\/dicodusport\",\"https:\/\/x.com\/dicodusport\",\"https:\/\/www.instagram.com\/dicodusport\/\",\"https:\/\/www.youtube.com\/channel\/UC7V2KZ5sd3htJivAbA4ZG3w\"],\"description\":\"Dicodusport est l'encyclop\u00e9die de l'actualit\u00e9 sportive.\",\"email\":\"bonjour@dicodusport.fr\",\"legalName\":\"DICODUSPORT\",\"foundingDate\":\"2018-01-14\",\"vatID\":\"FR71834470973\",\"taxID\":\"83447097300043\",\"numberOfEmployees\":{\"@type\":\"QuantitativeValue\",\"minValue\":\"1\",\"maxValue\":\"10\"}},{\"@type\":\"Person\",\"@id\":\"https:\/\/dicodusport.fr\/blog\/#\/schema\/person\/55dcb50ad410894e431ed812bbb70191\",\"name\":\"Nicolas Jacquemard\",\"image\":{\"@type\":\"ImageObject\",\"inLanguage\":\"fr-FR\",\"@id\":\"https:\/\/dicodusport.fr\/blog\/#\/schema\/person\/image\/\",\"url\":\"https:\/\/dicodusport.fr\/blog\/wp-content\/uploads\/2021\/05\/Nicolas-Jacquemard-150x150.jpeg\",\"contentUrl\":\"https:\/\/dicodusport.fr\/blog\/wp-content\/uploads\/2021\/05\/Nicolas-Jacquemard-150x150.jpeg\",\"caption\":\"Nicolas Jacquemard\"},\"description\":\"Passionn\u00e9 de sport et entrepreneur depuis mes 18 ans, la cr\u00e9ation de Dicodusport m'a sembl\u00e9 \u00e9vidente pour participer \u00e0 la m\u00e9diatisation d'un plus grand nombre de sports. Le chemin est long mais avec une \u00e9quipe des plus motiv\u00e9es et les Jeux Olympiques de Paris 2024 en point de mire, nous y arriverons ! Journaliste dans le monde du sport depuis plus de 5 ans, je traite aussi bien de football, de rugby, de biathlon que de cyclisme.\",\"sameAs\":[\"https:\/\/www.facebook.com\/dicodusport\",\"https:\/\/x.com\/https:\/\/twitter.com\/Nico_Jacquemard\"],\"url\":\"https:\/\/dicodusport.fr\/blog\/author\/dicodusport\/\"}]}<\/script>\n<!-- \/ Yoast SEO Premium plugin. -->","yoast_head_json":{"title":"Ligue des Champions : La composition probable de Paris pour affronter la Juventus","description":"LIGUE DES CHAMPIONS - Selon L'\u00c9quipe, voici la composition du PSG pour affronter la Juventus ce mercredi soir, lors de la 6\u00e8me journ\u00e9e.","robots":{"index":"index","follow":"follow","max-snippet":"max-snippet:-1","max-image-preview":"max-image-preview:large","max-video-preview":"max-video-preview:-1"},"canonical":"https:\/\/dicodusport.fr\/blog\/ligue-des-champions-la-composition-probable-de-paris-pour-affronter-la-juventus\/","og_locale":"fr_FR","og_type":"article","og_title":"Ligue des Champions : La composition probable de Paris pour affronter la Juventus","og_description":"LIGUE DES CHAMPIONS - Selon L'\u00c9quipe, voici la composition du PSG pour affronter la Juventus ce mercredi soir, lors de la 6\u00e8me journ\u00e9e.","og_url":"https:\/\/dicodusport.fr\/blog\/ligue-des-champions-la-composition-probable-de-paris-pour-affronter-la-juventus\/","og_site_name":"Dicodusport","article_publisher":"https:\/\/www.facebook.com\/dicodusport","article_author":"https:\/\/www.facebook.com\/dicodusport","article_published_time":"2022-11-01T13:24:45+00:00","article_modified_time":"2025-09-16T06:57:10+00:00","og_image":[{"width":800,"height":445,"url":"https:\/\/dicodusport.fr\/blog\/wp-content\/uploads\/2022\/08\/PSG-Lattitude-de-Kylian-Mbappe\u0301-interroge-des-proble\u0300mes-personnels-e\u0301voque\u0301s.png","type":"image\/png"}],"author":"Nicolas Jacquemard","twitter_card":"summary_large_image","twitter_title":"Ligue des Champions : La composition probable de Paris pour affronter la Juventus","twitter_creator":"@https:\/\/twitter.com\/Nico_Jacquemard","twitter_site":"@dicodusport","schema":{"@context":"https:\/\/schema.org","@graph":[{"@type":"NewsArticle","@id":"https:\/\/dicodusport.fr\/blog\/ligue-des-champions-la-composition-probable-de-paris-pour-affronter-la-juventus\/#article","isPartOf":{"@id":"https:\/\/dicodusport.fr\/blog\/ligue-des-champions-la-composition-probable-de-paris-pour-affronter-la-juventus\/"},"author":{"name":"Nicolas Jacquemard","@id":"https:\/\/dicodusport.fr\/blog\/#\/schema\/person\/55dcb50ad410894e431ed812bbb70191"},"headline":"Ligue des Champions : La composition probable de Paris pour affronter la Juventus","datePublished":"2022-11-01T13:24:45+00:00","dateModified":"2025-09-16T06:57:10+00:00","mainEntityOfPage":{"@id":"https:\/\/dicodusport.fr\/blog\/ligue-des-champions-la-composition-probable-de-paris-pour-affronter-la-juventus\/"},"wordCount":117,"commentCount":0,"publisher":{"@id":"https:\/\/dicodusport.fr\/blog\/#organization"},"image":{"@id":"https:\/\/dicodusport.fr\/blog\/ligue-des-champions-la-composition-probable-de-paris-pour-affronter-la-juventus\/#primaryimage"},"thumbnailUrl":"https:\/\/dicodusport.fr\/blog\/wp-content\/uploads\/2022\/08\/PSG-Lattitude-de-Kylian-Mbappe\u0301-interroge-des-proble\u0300mes-personnels-e\u0301voque\u0301s.png","keywords":["Football","juventus","Ligue des champions","Paris","PSG"],"articleSection":["Ligue des Champions de football"],"inLanguage":"fr-FR","potentialAction":[{"@type":"CommentAction","name":"Comment","target":["https:\/\/dicodusport.fr\/blog\/ligue-des-champions-la-composition-probable-de-paris-pour-affronter-la-juventus\/#respond"]}],"copyrightYear":"2022","copyrightHolder":{"@id":"https:\/\/dicodusport.fr\/blog\/#organization"}},{"@type":"WebPage","@id":"https:\/\/dicodusport.fr\/blog\/ligue-des-champions-la-composition-probable-de-paris-pour-affronter-la-juventus\/","url":"https:\/\/dicodusport.fr\/blog\/ligue-des-champions-la-composition-probable-de-paris-pour-affronter-la-juventus\/","name":"Ligue des Champions : La composition probable de Paris pour affronter la Juventus","isPartOf":{"@id":"https:\/\/dicodusport.fr\/blog\/#website"},"primaryImageOfPage":{"@id":"https:\/\/dicodusport.fr\/blog\/ligue-des-champions-la-composition-probable-de-paris-pour-affronter-la-juventus\/#primaryimage"},"image":{"@id":"https:\/\/dicodusport.fr\/blog\/ligue-des-champions-la-composition-probable-de-paris-pour-affronter-la-juventus\/#primaryimage"},"thumbnailUrl":"https:\/\/dicodusport.fr\/blog\/wp-content\/uploads\/2022\/08\/PSG-Lattitude-de-Kylian-Mbappe\u0301-interroge-des-proble\u0300mes-personnels-e\u0301voque\u0301s.png","datePublished":"2022-11-01T13:24:45+00:00","dateModified":"2025-09-16T06:57:10+00:00","description":"LIGUE DES CHAMPIONS - Selon L'\u00c9quipe, voici la composition du PSG pour affronter la Juventus ce mercredi soir, lors de la 6\u00e8me journ\u00e9e.","breadcrumb":{"@id":"https:\/\/dicodusport.fr\/blog\/ligue-des-champions-la-composition-probable-de-paris-pour-affronter-la-juventus\/#breadcrumb"},"inLanguage":"fr-FR","potentialAction":[{"@type":"ReadAction","target":["https:\/\/dicodusport.fr\/blog\/ligue-des-champions-la-composition-probable-de-paris-pour-affronter-la-juventus\/"]}]},{"@type":"ImageObject","inLanguage":"fr-FR","@id":"https:\/\/dicodusport.fr\/blog\/ligue-des-champions-la-composition-probable-de-paris-pour-affronter-la-juventus\/#primaryimage","url":"https:\/\/dicodusport.fr\/blog\/wp-content\/uploads\/2022\/08\/PSG-Lattitude-de-Kylian-Mbappe\u0301-interroge-des-proble\u0300mes-personnels-e\u0301voque\u0301s.png","contentUrl":"https:\/\/dicodusport.fr\/blog\/wp-content\/uploads\/2022\/08\/PSG-Lattitude-de-Kylian-Mbappe\u0301-interroge-des-proble\u0300mes-personnels-e\u0301voque\u0301s.png","width":800,"height":445},{"@type":"BreadcrumbList","@id":"https:\/\/dicodusport.fr\/blog\/ligue-des-champions-la-composition-probable-de-paris-pour-affronter-la-juventus\/#breadcrumb","itemListElement":[{"@type":"ListItem","position":1,"name":"Accueil","item":"https:\/\/dicodusport.fr\/blog\/"},{"@type":"ListItem","position":2,"name":"Ligue des Champions : La composition probable de Paris pour affronter la Juventus"}]},{"@type":"WebSite","@id":"https:\/\/dicodusport.fr\/blog\/#website","url":"https:\/\/dicodusport.fr\/blog\/","name":"Dicodusport","description":"L&#039;encyclop\u00e9die de l&#039;actualit\u00e9 sportive","publisher":{"@id":"https:\/\/dicodusport.fr\/blog\/#organization"},"potentialAction":[{"@type":"SearchAction","target":{"@type":"EntryPoint","urlTemplate":"https:\/\/dicodusport.fr\/blog\/?s={search_term_string}"},"query-input":{"@type":"PropertyValueSpecification","valueRequired":true,"valueName":"search_term_string"}}],"inLanguage":"fr-FR"},{"@type":"NewsMediaOrganization","@id":"https:\/\/dicodusport.fr\/blog\/#organization","name":"Dicodusport","url":"https:\/\/dicodusport.fr\/blog\/","logo":{"@type":"ImageObject","inLanguage":"fr-FR","@id":"https:\/\/dicodusport.fr\/blog\/#\/schema\/logo\/image\/","url":"https:\/\/dicodusport.fr\/blog\/wp-content\/uploads\/2020\/06\/cropped-LOGO-DICODUSPORT-2020-SANS-FOND-SANS-TEXTE.png","contentUrl":"https:\/\/dicodusport.fr\/blog\/wp-content\/uploads\/2020\/06\/cropped-LOGO-DICODUSPORT-2020-SANS-FOND-SANS-TEXTE.png","width":512,"height":512,"caption":"Dicodusport"},"image":{"@id":"https:\/\/dicodusport.fr\/blog\/#\/schema\/logo\/image\/"},"sameAs":["https:\/\/www.facebook.com\/dicodusport","https:\/\/x.com\/dicodusport","https:\/\/www.instagram.com\/dicodusport\/","https:\/\/www.youtube.com\/channel\/UC7V2KZ5sd3htJivAbA4ZG3w"],"description":"Dicodusport est l'encyclop\u00e9die de l'actualit\u00e9 sportive.","email":"bonjour@dicodusport.fr","legalName":"DICODUSPORT","foundingDate":"2018-01-14","vatID":"FR71834470973","taxID":"83447097300043","numberOfEmployees":{"@type":"QuantitativeValue","minValue":"1","maxValue":"10"}},{"@type":"Person","@id":"https:\/\/dicodusport.fr\/blog\/#\/schema\/person\/55dcb50ad410894e431ed812bbb70191","name":"Nicolas Jacquemard","image":{"@type":"ImageObject","inLanguage":"fr-FR","@id":"https:\/\/dicodusport.fr\/blog\/#\/schema\/person\/image\/","url":"https:\/\/dicodusport.fr\/blog\/wp-content\/uploads\/2021\/05\/Nicolas-Jacquemard-150x150.jpeg","contentUrl":"https:\/\/dicodusport.fr\/blog\/wp-content\/uploads\/2021\/05\/Nicolas-Jacquemard-150x150.jpeg","caption":"Nicolas Jacquemard"},"description":"Passionn\u00e9 de sport et entrepreneur depuis mes 18 ans, la cr\u00e9ation de Dicodusport m'a sembl\u00e9 \u00e9vidente pour participer \u00e0 la m\u00e9diatisation d'un plus grand nombre de sports. Le chemin est long mais avec une \u00e9quipe des plus motiv\u00e9es et les Jeux Olympiques de Paris 2024 en point de mire, nous y arriverons ! Journaliste dans le monde du sport depuis plus de 5 ans, je traite aussi bien de football, de rugby, de biathlon que de cyclisme.","sameAs":["https:\/\/www.facebook.com\/dicodusport","https:\/\/x.com\/https:\/\/twitter.com\/Nico_Jacquemard"],"url":"https:\/\/dicodusport.fr\/blog\/author\/dicodusport\/"}]}},"_links":{"self":[{"href":"https:\/\/dicodusport.fr\/blog\/wp-json\/wp\/v2\/posts\/274782","targetHints":{"allow":["GET"]}}],"collection":[{"href":"https:\/\/dicodusport.fr\/blog\/wp-json\/wp\/v2\/posts"}],"about":[{"href":"https:\/\/dicodusport.fr\/blog\/wp-json\/wp\/v2\/types\/post"}],"author":[{"embeddable":true,"href":"https:\/\/dicodusport.fr\/blog\/wp-json\/wp\/v2\/users\/1"}],"replies":[{"embeddable":true,"href":"https:\/\/dicodusport.fr\/blog\/wp-json\/wp\/v2\/comments?post=274782"}],"version-history":[{"count":1,"href":"https:\/\/dicodusport.fr\/blog\/wp-json\/wp\/v2\/posts\/274782\/revisions"}],"predecessor-version":[{"id":611404,"href":"https:\/\/dicodusport.fr\/blog\/wp-json\/wp\/v2\/posts\/274782\/revisions\/611404"}],"wp:featuredmedia":[{"embeddable":true,"href":"https:\/\/dicodusport.fr\/blog\/wp-json\/wp\/v2\/media\/251864"}],"wp:attachment":[{"href":"https:\/\/dicodusport.fr\/blog\/wp-json\/wp\/v2\/media?parent=274782"}],"wp:term":[{"taxonomy":"category","embeddable":true,"href":"https:\/\/dicodusport.fr\/blog\/wp-json\/wp\/v2\/categories?post=274782"},{"taxonomy":"post_tag","embeddable":true,"href":"https:\/\/dicodusport.fr\/blog\/wp-json\/wp\/v2\/tags?post=274782"}],"curies":[{"name":"wp","href":"https:\/\/api.w.org\/{rel}","templated":true}]}}