{"id":274866,"date":"2022-11-01T18:39:16","date_gmt":"2022-11-01T17:39:16","guid":{"rendered":"https:\/\/dicodusport.fr\/blog\/?p=274866&#038;preview=true&#038;preview_id=274866"},"modified":"2022-11-01T19:01:03","modified_gmt":"2022-11-01T18:01:03","slug":"nba-steve-nash-ecarte-par-les-brooklyn-nets","status":"publish","type":"post","link":"https:\/\/dicodusport.fr\/blog\/nba-steve-nash-ecarte-par-les-brooklyn-nets\/","title":{"rendered":"NBA : Steve Nash \u00e9cart\u00e9 par les Brooklyn Nets"},"content":{"rendered":"<p style=\"text-align: justify;\"><em><strong>SAISON NBA 2022\/23 &#8211; Apr\u00e8s deux ann\u00e9es comme entra\u00eeneur des Brooklyn Nets, Steve Nash a \u00e9t\u00e9 \u00e9cart\u00e9 apr\u00e8s un d\u00e9but de saison moyen.\u00a0<\/strong><\/em><\/p>\n<p style=\"text-align: justify;\">L&rsquo;ancien meneur canadien avait rejoint la franchise de Brooklyn en septembre 2022 pour un premier poste d&rsquo;entra\u00eeneur principal apr\u00e8s avoir \u00e9t\u00e9 notamment consultant pour les <strong>Golden<\/strong> <strong>State<\/strong> <strong>Warriors<\/strong>. Le d\u00e9but de saison compliqu\u00e9 des Nets et les demandes de la star <strong>Kevin<\/strong> <strong>Durant<\/strong> auront finalement eu raison de <strong>Steve<\/strong> <strong>Nash<\/strong> qui sera remplac\u00e9 par <strong>Jacque<\/strong> <strong>Vaughn<\/strong> pour le prochain match face \u00e0 Chicago.<\/p>\n<p style=\"text-align: justify;\"><strong>Kevin<\/strong> <strong>Durant<\/strong> avait conditionn\u00e9 le fait de rester \u00e0 <strong>Brooklyn<\/strong> au d\u00e9part du coach canadien, mais n&rsquo;avait pas \u00e9t\u00e9 entendu \u00e0 l&rsquo;\u00e9poque par le propri\u00e9taire de la franchise. Mais Steve Nash n&rsquo;aura pas r\u00e9sist\u00e9 aux deux petites victoires en sept matchs de son \u00e9quipe sur ce d\u00e9but de saison. S&rsquo;il a emmen\u00e9 deux fois les <strong>Nets<\/strong> en playoffs sur ces deux saisons avec la franchise, il n&rsquo;a pas fait mieux que les demi-finales de conf\u00e9rence et a m\u00eame \u00e9t\u00e9 sweep\u00e9 au premier tour par <strong>Boston<\/strong> lors des derni\u00e8res phases finales.<\/p>\n<blockquote class=\"twitter-tweet\">\n<p dir=\"ltr\" lang=\"en\">The Brooklyn Nets and Head Coach Steve Nash have agreed to part ways.<a href=\"https:\/\/t.co\/4nA3GbUk1T\">https:\/\/t.co\/4nA3GbUk1T<\/a><\/p>\n<p>\u2014 Brooklyn Nets (@BrooklynNets) <a href=\"https:\/\/twitter.com\/BrooklynNets\/status\/1587489574690983937?ref_src=twsrc%5Etfw\">November 1, 2022<\/a><\/p><\/blockquote>\n<p style=\"text-align: justify;\"><script async src=\"https:\/\/platform.twitter.com\/widgets.js\" charset=\"utf-8\"><\/script><\/p>\n","protected":false},"excerpt":{"rendered":"<p>SAISON NBA 2022\/23 &#8211; Apr\u00e8s deux ann\u00e9es comme entra\u00eeneur des Brooklyn Nets, Steve Nash a \u00e9t\u00e9 \u00e9cart\u00e9 apr\u00e8s un d\u00e9but de saison moyen.\u00a0<\/p>\n","protected":false},"author":1,"featured_media":274869,"comment_status":"open","ping_status":"closed","sticky":false,"template":"","format":"standard","meta":{"_acf_changed":false,"_daextam_enable_autolinks":"","footnotes":""},"categories":[10533],"tags":[1825,179],"class_list":["post-274866","post","type-post","status-publish","format-standard","has-post-thumbnail","hentry","category-nba","tag-brooklyn-nets","tag-nba"],"acf":[],"yoast_head":"<!-- This site is optimized with the Yoast SEO Premium plugin v26.7 (Yoast SEO v26.7) - https:\/\/yoast.com\/wordpress\/plugins\/seo\/ -->\n<title>NBA : Steve Nash \u00e9cart\u00e9 par les Brooklyn Nets<\/title>\n<meta name=\"description\" content=\"SAISON NBA 2022\/23 - Apr\u00e8s deux ann\u00e9es comme entra\u00eeneur des Brooklyn Nets, Steve Nash a \u00e9t\u00e9 \u00e9cart\u00e9 apr\u00e8s un d\u00e9but de saison moyen.\u00a0\" \/>\n<meta name=\"robots\" content=\"index, follow, max-snippet:-1, max-image-preview:large, max-video-preview:-1\" \/>\n<link rel=\"canonical\" href=\"https:\/\/dicodusport.fr\/blog\/nba-steve-nash-ecarte-par-les-brooklyn-nets\/\" \/>\n<meta property=\"og:locale\" content=\"fr_FR\" \/>\n<meta property=\"og:type\" content=\"article\" \/>\n<meta property=\"og:title\" content=\"NBA : Steve Nash \u00e9cart\u00e9 par les Brooklyn Nets\" \/>\n<meta property=\"og:description\" content=\"SAISON NBA 2022\/23 - Apr\u00e8s deux ann\u00e9es comme entra\u00eeneur des Brooklyn Nets, Steve Nash a \u00e9t\u00e9 \u00e9cart\u00e9 apr\u00e8s un d\u00e9but de saison moyen.\u00a0\" \/>\n<meta property=\"og:url\" content=\"https:\/\/dicodusport.fr\/blog\/nba-steve-nash-ecarte-par-les-brooklyn-nets\/\" \/>\n<meta property=\"og:site_name\" content=\"Dicodusport\" \/>\n<meta property=\"article:publisher\" content=\"https:\/\/www.facebook.com\/dicodusport\" \/>\n<meta property=\"article:author\" content=\"https:\/\/www.facebook.com\/dicodusport\" \/>\n<meta property=\"article:published_time\" content=\"2022-11-01T17:39:16+00:00\" \/>\n<meta property=\"article:modified_time\" content=\"2022-11-01T18:01:03+00:00\" \/>\n<meta property=\"og:image\" content=\"https:\/\/dicodusport.fr\/blog\/wp-content\/uploads\/2022\/11\/NBA-Steve-Nash-e\u0301carte\u0301-par-les-Brooklyn-Nets.png\" \/>\n\t<meta property=\"og:image:width\" content=\"800\" \/>\n\t<meta property=\"og:image:height\" content=\"445\" \/>\n\t<meta property=\"og:image:type\" content=\"image\/png\" \/>\n<meta name=\"author\" content=\"Nicolas Jacquemard\" \/>\n<meta name=\"twitter:card\" content=\"summary_large_image\" \/>\n<meta name=\"twitter:title\" content=\"NBA : Steve Nash \u00e9cart\u00e9 par les Brooklyn Nets\" \/>\n<meta name=\"twitter:creator\" content=\"@https:\/\/twitter.com\/Nico_Jacquemard\" \/>\n<meta name=\"twitter:site\" content=\"@dicodusport\" \/>\n<script type=\"application\/ld+json\" class=\"yoast-schema-graph\">{\"@context\":\"https:\/\/schema.org\",\"@graph\":[{\"@type\":\"NewsArticle\",\"@id\":\"https:\/\/dicodusport.fr\/blog\/nba-steve-nash-ecarte-par-les-brooklyn-nets\/#article\",\"isPartOf\":{\"@id\":\"https:\/\/dicodusport.fr\/blog\/nba-steve-nash-ecarte-par-les-brooklyn-nets\/\"},\"author\":{\"name\":\"Nicolas Jacquemard\",\"@id\":\"https:\/\/dicodusport.fr\/blog\/#\/schema\/person\/55dcb50ad410894e431ed812bbb70191\"},\"headline\":\"NBA : Steve Nash \u00e9cart\u00e9 par les Brooklyn Nets\",\"datePublished\":\"2022-11-01T17:39:16+00:00\",\"dateModified\":\"2022-11-01T18:01:03+00:00\",\"mainEntityOfPage\":{\"@id\":\"https:\/\/dicodusport.fr\/blog\/nba-steve-nash-ecarte-par-les-brooklyn-nets\/\"},\"wordCount\":224,\"commentCount\":0,\"publisher\":{\"@id\":\"https:\/\/dicodusport.fr\/blog\/#organization\"},\"image\":{\"@id\":\"https:\/\/dicodusport.fr\/blog\/nba-steve-nash-ecarte-par-les-brooklyn-nets\/#primaryimage\"},\"thumbnailUrl\":\"https:\/\/dicodusport.fr\/blog\/wp-content\/uploads\/2022\/11\/NBA-Steve-Nash-e\u0301carte\u0301-par-les-Brooklyn-Nets.png\",\"keywords\":[\"Brooklyn Nets\",\"NBA\"],\"articleSection\":[\"NBA\"],\"inLanguage\":\"fr-FR\",\"potentialAction\":[{\"@type\":\"CommentAction\",\"name\":\"Comment\",\"target\":[\"https:\/\/dicodusport.fr\/blog\/nba-steve-nash-ecarte-par-les-brooklyn-nets\/#respond\"]}],\"copyrightYear\":\"2022\",\"copyrightHolder\":{\"@id\":\"https:\/\/dicodusport.fr\/blog\/#organization\"}},{\"@type\":\"WebPage\",\"@id\":\"https:\/\/dicodusport.fr\/blog\/nba-steve-nash-ecarte-par-les-brooklyn-nets\/\",\"url\":\"https:\/\/dicodusport.fr\/blog\/nba-steve-nash-ecarte-par-les-brooklyn-nets\/\",\"name\":\"NBA : Steve Nash \u00e9cart\u00e9 par les Brooklyn Nets\",\"isPartOf\":{\"@id\":\"https:\/\/dicodusport.fr\/blog\/#website\"},\"primaryImageOfPage\":{\"@id\":\"https:\/\/dicodusport.fr\/blog\/nba-steve-nash-ecarte-par-les-brooklyn-nets\/#primaryimage\"},\"image\":{\"@id\":\"https:\/\/dicodusport.fr\/blog\/nba-steve-nash-ecarte-par-les-brooklyn-nets\/#primaryimage\"},\"thumbnailUrl\":\"https:\/\/dicodusport.fr\/blog\/wp-content\/uploads\/2022\/11\/NBA-Steve-Nash-e\u0301carte\u0301-par-les-Brooklyn-Nets.png\",\"datePublished\":\"2022-11-01T17:39:16+00:00\",\"dateModified\":\"2022-11-01T18:01:03+00:00\",\"description\":\"SAISON NBA 2022\/23 - Apr\u00e8s deux ann\u00e9es comme entra\u00eeneur des Brooklyn Nets, Steve Nash a \u00e9t\u00e9 \u00e9cart\u00e9 apr\u00e8s un d\u00e9but de saison moyen.\u00a0\",\"breadcrumb\":{\"@id\":\"https:\/\/dicodusport.fr\/blog\/nba-steve-nash-ecarte-par-les-brooklyn-nets\/#breadcrumb\"},\"inLanguage\":\"fr-FR\",\"potentialAction\":[{\"@type\":\"ReadAction\",\"target\":[\"https:\/\/dicodusport.fr\/blog\/nba-steve-nash-ecarte-par-les-brooklyn-nets\/\"]}]},{\"@type\":\"ImageObject\",\"inLanguage\":\"fr-FR\",\"@id\":\"https:\/\/dicodusport.fr\/blog\/nba-steve-nash-ecarte-par-les-brooklyn-nets\/#primaryimage\",\"url\":\"https:\/\/dicodusport.fr\/blog\/wp-content\/uploads\/2022\/11\/NBA-Steve-Nash-e\u0301carte\u0301-par-les-Brooklyn-Nets.png\",\"contentUrl\":\"https:\/\/dicodusport.fr\/blog\/wp-content\/uploads\/2022\/11\/NBA-Steve-Nash-e\u0301carte\u0301-par-les-Brooklyn-Nets.png\",\"width\":800,\"height\":445},{\"@type\":\"BreadcrumbList\",\"@id\":\"https:\/\/dicodusport.fr\/blog\/nba-steve-nash-ecarte-par-les-brooklyn-nets\/#breadcrumb\",\"itemListElement\":[{\"@type\":\"ListItem\",\"position\":1,\"name\":\"Accueil\",\"item\":\"https:\/\/dicodusport.fr\/blog\/\"},{\"@type\":\"ListItem\",\"position\":2,\"name\":\"NBA : Steve Nash \u00e9cart\u00e9 par les Brooklyn Nets\"}]},{\"@type\":\"WebSite\",\"@id\":\"https:\/\/dicodusport.fr\/blog\/#website\",\"url\":\"https:\/\/dicodusport.fr\/blog\/\",\"name\":\"Dicodusport\",\"description\":\"L&#039;encyclop\u00e9die de l&#039;actualit\u00e9 sportive\",\"publisher\":{\"@id\":\"https:\/\/dicodusport.fr\/blog\/#organization\"},\"potentialAction\":[{\"@type\":\"SearchAction\",\"target\":{\"@type\":\"EntryPoint\",\"urlTemplate\":\"https:\/\/dicodusport.fr\/blog\/?s={search_term_string}\"},\"query-input\":{\"@type\":\"PropertyValueSpecification\",\"valueRequired\":true,\"valueName\":\"search_term_string\"}}],\"inLanguage\":\"fr-FR\"},{\"@type\":\"NewsMediaOrganization\",\"@id\":\"https:\/\/dicodusport.fr\/blog\/#organization\",\"name\":\"Dicodusport\",\"url\":\"https:\/\/dicodusport.fr\/blog\/\",\"logo\":{\"@type\":\"ImageObject\",\"inLanguage\":\"fr-FR\",\"@id\":\"https:\/\/dicodusport.fr\/blog\/#\/schema\/logo\/image\/\",\"url\":\"https:\/\/dicodusport.fr\/blog\/wp-content\/uploads\/2020\/06\/cropped-LOGO-DICODUSPORT-2020-SANS-FOND-SANS-TEXTE.png\",\"contentUrl\":\"https:\/\/dicodusport.fr\/blog\/wp-content\/uploads\/2020\/06\/cropped-LOGO-DICODUSPORT-2020-SANS-FOND-SANS-TEXTE.png\",\"width\":512,\"height\":512,\"caption\":\"Dicodusport\"},\"image\":{\"@id\":\"https:\/\/dicodusport.fr\/blog\/#\/schema\/logo\/image\/\"},\"sameAs\":[\"https:\/\/www.facebook.com\/dicodusport\",\"https:\/\/x.com\/dicodusport\",\"https:\/\/www.instagram.com\/dicodusport\/\",\"https:\/\/www.youtube.com\/channel\/UC7V2KZ5sd3htJivAbA4ZG3w\"],\"description\":\"Dicodusport est l'encyclop\u00e9die de l'actualit\u00e9 sportive.\",\"email\":\"bonjour@dicodusport.fr\",\"legalName\":\"DICODUSPORT\",\"foundingDate\":\"2018-01-14\",\"vatID\":\"FR71834470973\",\"taxID\":\"83447097300043\",\"numberOfEmployees\":{\"@type\":\"QuantitativeValue\",\"minValue\":\"1\",\"maxValue\":\"10\"}},{\"@type\":\"Person\",\"@id\":\"https:\/\/dicodusport.fr\/blog\/#\/schema\/person\/55dcb50ad410894e431ed812bbb70191\",\"name\":\"Nicolas Jacquemard\",\"image\":{\"@type\":\"ImageObject\",\"inLanguage\":\"fr-FR\",\"@id\":\"https:\/\/dicodusport.fr\/blog\/#\/schema\/person\/image\/\",\"url\":\"https:\/\/dicodusport.fr\/blog\/wp-content\/uploads\/2021\/05\/Nicolas-Jacquemard-150x150.jpeg\",\"contentUrl\":\"https:\/\/dicodusport.fr\/blog\/wp-content\/uploads\/2021\/05\/Nicolas-Jacquemard-150x150.jpeg\",\"caption\":\"Nicolas Jacquemard\"},\"description\":\"Passionn\u00e9 de sport et entrepreneur depuis mes 18 ans, la cr\u00e9ation de Dicodusport m'a sembl\u00e9 \u00e9vidente pour participer \u00e0 la m\u00e9diatisation d'un plus grand nombre de sports. Le chemin est long mais avec une \u00e9quipe des plus motiv\u00e9es et les Jeux Olympiques de Paris 2024 en point de mire, nous y arriverons ! Journaliste dans le monde du sport depuis plus de 5 ans, je traite aussi bien de football, de rugby, de biathlon que de cyclisme.\",\"sameAs\":[\"https:\/\/www.facebook.com\/dicodusport\",\"https:\/\/x.com\/https:\/\/twitter.com\/Nico_Jacquemard\"],\"url\":\"https:\/\/dicodusport.fr\/blog\/author\/dicodusport\/\"}]}<\/script>\n<!-- \/ Yoast SEO Premium plugin. -->","yoast_head_json":{"title":"NBA : Steve Nash \u00e9cart\u00e9 par les Brooklyn Nets","description":"SAISON NBA 2022\/23 - Apr\u00e8s deux ann\u00e9es comme entra\u00eeneur des Brooklyn Nets, Steve Nash a \u00e9t\u00e9 \u00e9cart\u00e9 apr\u00e8s un d\u00e9but de saison moyen.\u00a0","robots":{"index":"index","follow":"follow","max-snippet":"max-snippet:-1","max-image-preview":"max-image-preview:large","max-video-preview":"max-video-preview:-1"},"canonical":"https:\/\/dicodusport.fr\/blog\/nba-steve-nash-ecarte-par-les-brooklyn-nets\/","og_locale":"fr_FR","og_type":"article","og_title":"NBA : Steve Nash \u00e9cart\u00e9 par les Brooklyn Nets","og_description":"SAISON NBA 2022\/23 - Apr\u00e8s deux ann\u00e9es comme entra\u00eeneur des Brooklyn Nets, Steve Nash a \u00e9t\u00e9 \u00e9cart\u00e9 apr\u00e8s un d\u00e9but de saison moyen.\u00a0","og_url":"https:\/\/dicodusport.fr\/blog\/nba-steve-nash-ecarte-par-les-brooklyn-nets\/","og_site_name":"Dicodusport","article_publisher":"https:\/\/www.facebook.com\/dicodusport","article_author":"https:\/\/www.facebook.com\/dicodusport","article_published_time":"2022-11-01T17:39:16+00:00","article_modified_time":"2022-11-01T18:01:03+00:00","og_image":[{"width":800,"height":445,"url":"https:\/\/dicodusport.fr\/blog\/wp-content\/uploads\/2022\/11\/NBA-Steve-Nash-e\u0301carte\u0301-par-les-Brooklyn-Nets.png","type":"image\/png"}],"author":"Nicolas Jacquemard","twitter_card":"summary_large_image","twitter_title":"NBA : Steve Nash \u00e9cart\u00e9 par les Brooklyn Nets","twitter_creator":"@https:\/\/twitter.com\/Nico_Jacquemard","twitter_site":"@dicodusport","schema":{"@context":"https:\/\/schema.org","@graph":[{"@type":"NewsArticle","@id":"https:\/\/dicodusport.fr\/blog\/nba-steve-nash-ecarte-par-les-brooklyn-nets\/#article","isPartOf":{"@id":"https:\/\/dicodusport.fr\/blog\/nba-steve-nash-ecarte-par-les-brooklyn-nets\/"},"author":{"name":"Nicolas Jacquemard","@id":"https:\/\/dicodusport.fr\/blog\/#\/schema\/person\/55dcb50ad410894e431ed812bbb70191"},"headline":"NBA : Steve Nash \u00e9cart\u00e9 par les Brooklyn Nets","datePublished":"2022-11-01T17:39:16+00:00","dateModified":"2022-11-01T18:01:03+00:00","mainEntityOfPage":{"@id":"https:\/\/dicodusport.fr\/blog\/nba-steve-nash-ecarte-par-les-brooklyn-nets\/"},"wordCount":224,"commentCount":0,"publisher":{"@id":"https:\/\/dicodusport.fr\/blog\/#organization"},"image":{"@id":"https:\/\/dicodusport.fr\/blog\/nba-steve-nash-ecarte-par-les-brooklyn-nets\/#primaryimage"},"thumbnailUrl":"https:\/\/dicodusport.fr\/blog\/wp-content\/uploads\/2022\/11\/NBA-Steve-Nash-e\u0301carte\u0301-par-les-Brooklyn-Nets.png","keywords":["Brooklyn Nets","NBA"],"articleSection":["NBA"],"inLanguage":"fr-FR","potentialAction":[{"@type":"CommentAction","name":"Comment","target":["https:\/\/dicodusport.fr\/blog\/nba-steve-nash-ecarte-par-les-brooklyn-nets\/#respond"]}],"copyrightYear":"2022","copyrightHolder":{"@id":"https:\/\/dicodusport.fr\/blog\/#organization"}},{"@type":"WebPage","@id":"https:\/\/dicodusport.fr\/blog\/nba-steve-nash-ecarte-par-les-brooklyn-nets\/","url":"https:\/\/dicodusport.fr\/blog\/nba-steve-nash-ecarte-par-les-brooklyn-nets\/","name":"NBA : Steve Nash \u00e9cart\u00e9 par les Brooklyn Nets","isPartOf":{"@id":"https:\/\/dicodusport.fr\/blog\/#website"},"primaryImageOfPage":{"@id":"https:\/\/dicodusport.fr\/blog\/nba-steve-nash-ecarte-par-les-brooklyn-nets\/#primaryimage"},"image":{"@id":"https:\/\/dicodusport.fr\/blog\/nba-steve-nash-ecarte-par-les-brooklyn-nets\/#primaryimage"},"thumbnailUrl":"https:\/\/dicodusport.fr\/blog\/wp-content\/uploads\/2022\/11\/NBA-Steve-Nash-e\u0301carte\u0301-par-les-Brooklyn-Nets.png","datePublished":"2022-11-01T17:39:16+00:00","dateModified":"2022-11-01T18:01:03+00:00","description":"SAISON NBA 2022\/23 - Apr\u00e8s deux ann\u00e9es comme entra\u00eeneur des Brooklyn Nets, Steve Nash a \u00e9t\u00e9 \u00e9cart\u00e9 apr\u00e8s un d\u00e9but de saison moyen.\u00a0","breadcrumb":{"@id":"https:\/\/dicodusport.fr\/blog\/nba-steve-nash-ecarte-par-les-brooklyn-nets\/#breadcrumb"},"inLanguage":"fr-FR","potentialAction":[{"@type":"ReadAction","target":["https:\/\/dicodusport.fr\/blog\/nba-steve-nash-ecarte-par-les-brooklyn-nets\/"]}]},{"@type":"ImageObject","inLanguage":"fr-FR","@id":"https:\/\/dicodusport.fr\/blog\/nba-steve-nash-ecarte-par-les-brooklyn-nets\/#primaryimage","url":"https:\/\/dicodusport.fr\/blog\/wp-content\/uploads\/2022\/11\/NBA-Steve-Nash-e\u0301carte\u0301-par-les-Brooklyn-Nets.png","contentUrl":"https:\/\/dicodusport.fr\/blog\/wp-content\/uploads\/2022\/11\/NBA-Steve-Nash-e\u0301carte\u0301-par-les-Brooklyn-Nets.png","width":800,"height":445},{"@type":"BreadcrumbList","@id":"https:\/\/dicodusport.fr\/blog\/nba-steve-nash-ecarte-par-les-brooklyn-nets\/#breadcrumb","itemListElement":[{"@type":"ListItem","position":1,"name":"Accueil","item":"https:\/\/dicodusport.fr\/blog\/"},{"@type":"ListItem","position":2,"name":"NBA : Steve Nash \u00e9cart\u00e9 par les Brooklyn Nets"}]},{"@type":"WebSite","@id":"https:\/\/dicodusport.fr\/blog\/#website","url":"https:\/\/dicodusport.fr\/blog\/","name":"Dicodusport","description":"L&#039;encyclop\u00e9die de l&#039;actualit\u00e9 sportive","publisher":{"@id":"https:\/\/dicodusport.fr\/blog\/#organization"},"potentialAction":[{"@type":"SearchAction","target":{"@type":"EntryPoint","urlTemplate":"https:\/\/dicodusport.fr\/blog\/?s={search_term_string}"},"query-input":{"@type":"PropertyValueSpecification","valueRequired":true,"valueName":"search_term_string"}}],"inLanguage":"fr-FR"},{"@type":"NewsMediaOrganization","@id":"https:\/\/dicodusport.fr\/blog\/#organization","name":"Dicodusport","url":"https:\/\/dicodusport.fr\/blog\/","logo":{"@type":"ImageObject","inLanguage":"fr-FR","@id":"https:\/\/dicodusport.fr\/blog\/#\/schema\/logo\/image\/","url":"https:\/\/dicodusport.fr\/blog\/wp-content\/uploads\/2020\/06\/cropped-LOGO-DICODUSPORT-2020-SANS-FOND-SANS-TEXTE.png","contentUrl":"https:\/\/dicodusport.fr\/blog\/wp-content\/uploads\/2020\/06\/cropped-LOGO-DICODUSPORT-2020-SANS-FOND-SANS-TEXTE.png","width":512,"height":512,"caption":"Dicodusport"},"image":{"@id":"https:\/\/dicodusport.fr\/blog\/#\/schema\/logo\/image\/"},"sameAs":["https:\/\/www.facebook.com\/dicodusport","https:\/\/x.com\/dicodusport","https:\/\/www.instagram.com\/dicodusport\/","https:\/\/www.youtube.com\/channel\/UC7V2KZ5sd3htJivAbA4ZG3w"],"description":"Dicodusport est l'encyclop\u00e9die de l'actualit\u00e9 sportive.","email":"bonjour@dicodusport.fr","legalName":"DICODUSPORT","foundingDate":"2018-01-14","vatID":"FR71834470973","taxID":"83447097300043","numberOfEmployees":{"@type":"QuantitativeValue","minValue":"1","maxValue":"10"}},{"@type":"Person","@id":"https:\/\/dicodusport.fr\/blog\/#\/schema\/person\/55dcb50ad410894e431ed812bbb70191","name":"Nicolas Jacquemard","image":{"@type":"ImageObject","inLanguage":"fr-FR","@id":"https:\/\/dicodusport.fr\/blog\/#\/schema\/person\/image\/","url":"https:\/\/dicodusport.fr\/blog\/wp-content\/uploads\/2021\/05\/Nicolas-Jacquemard-150x150.jpeg","contentUrl":"https:\/\/dicodusport.fr\/blog\/wp-content\/uploads\/2021\/05\/Nicolas-Jacquemard-150x150.jpeg","caption":"Nicolas Jacquemard"},"description":"Passionn\u00e9 de sport et entrepreneur depuis mes 18 ans, la cr\u00e9ation de Dicodusport m'a sembl\u00e9 \u00e9vidente pour participer \u00e0 la m\u00e9diatisation d'un plus grand nombre de sports. Le chemin est long mais avec une \u00e9quipe des plus motiv\u00e9es et les Jeux Olympiques de Paris 2024 en point de mire, nous y arriverons ! Journaliste dans le monde du sport depuis plus de 5 ans, je traite aussi bien de football, de rugby, de biathlon que de cyclisme.","sameAs":["https:\/\/www.facebook.com\/dicodusport","https:\/\/x.com\/https:\/\/twitter.com\/Nico_Jacquemard"],"url":"https:\/\/dicodusport.fr\/blog\/author\/dicodusport\/"}]}},"_links":{"self":[{"href":"https:\/\/dicodusport.fr\/blog\/wp-json\/wp\/v2\/posts\/274866","targetHints":{"allow":["GET"]}}],"collection":[{"href":"https:\/\/dicodusport.fr\/blog\/wp-json\/wp\/v2\/posts"}],"about":[{"href":"https:\/\/dicodusport.fr\/blog\/wp-json\/wp\/v2\/types\/post"}],"author":[{"embeddable":true,"href":"https:\/\/dicodusport.fr\/blog\/wp-json\/wp\/v2\/users\/1"}],"replies":[{"embeddable":true,"href":"https:\/\/dicodusport.fr\/blog\/wp-json\/wp\/v2\/comments?post=274866"}],"version-history":[{"count":0,"href":"https:\/\/dicodusport.fr\/blog\/wp-json\/wp\/v2\/posts\/274866\/revisions"}],"wp:featuredmedia":[{"embeddable":true,"href":"https:\/\/dicodusport.fr\/blog\/wp-json\/wp\/v2\/media\/274869"}],"wp:attachment":[{"href":"https:\/\/dicodusport.fr\/blog\/wp-json\/wp\/v2\/media?parent=274866"}],"wp:term":[{"taxonomy":"category","embeddable":true,"href":"https:\/\/dicodusport.fr\/blog\/wp-json\/wp\/v2\/categories?post=274866"},{"taxonomy":"post_tag","embeddable":true,"href":"https:\/\/dicodusport.fr\/blog\/wp-json\/wp\/v2\/tags?post=274866"}],"curies":[{"name":"wp","href":"https:\/\/api.w.org\/{rel}","templated":true}]}}