{"id":275403,"date":"2022-11-03T18:24:07","date_gmt":"2022-11-03T17:24:07","guid":{"rendered":"https:\/\/dicodusport.fr\/blog\/?p=275403&#038;preview=true&#038;preview_id=275403"},"modified":"2022-11-03T18:39:38","modified_gmt":"2022-11-03T17:39:38","slug":"tiril-eckhoff-va-manquer-au-minimum-le-debut-de-la-coupe-du-monde-2022-2023","status":"publish","type":"post","link":"https:\/\/dicodusport.fr\/blog\/tiril-eckhoff-va-manquer-au-minimum-le-debut-de-la-coupe-du-monde-2022-2023\/","title":{"rendered":"Tiril Eckhoff va manquer au minimum le d\u00e9but de la Coupe du monde 2022-2023"},"content":{"rendered":"<p style=\"text-align: justify;\"><b><i><a href=\"https:\/\/dicodusport.fr\/blog\/biathlon-coupe-du-monde-2022-2023-calendrier-complet\/\">COUPE DU MONDE DE BIATHLON 2022-2023<\/a> &#8211; Tiril Eckhoff ne sera pas pr\u00e9sente pour la reprise de la Coupe du monde fin novembre \u00e0 Kontiolahti. La date de son retour \u00e0 la comp\u00e9tition n&rsquo;est pour l&rsquo;instant pas connue.<\/i><\/b><\/p>\n<p style=\"text-align: justify;\">Comme expliqu\u00e9 ces derniers\u00a0jours, <strong>Tiril<\/strong> <strong>Eckhoff<\/strong> ne va pas bien depuis plusieurs mois et a r\u00e9v\u00e9l\u00e9 au m\u00e9dia local <em>TV2<\/em>, <a href=\"https:\/\/dicodusport.fr\/blog\/tiril-eckhoff-jai-trompe-mes-fans\/\">qu&rsquo;elle a cach\u00e9 son mal-\u00eatre tout l&rsquo;\u00e9t\u00e9<\/a>. Aujourd&rsquo;hui, le m\u00e9decin de l&rsquo;\u00e9quipe norv\u00e9gienne a confirm\u00e9 que la championne ne serait pas \u00e0 la reprise de la Coupe du monde en <strong>Finlande<\/strong>, dans des propos repris par <em>Biathlon Live<\/em>.<\/p>\n<blockquote>\n<p style=\"text-align: justify;\">Tiril Eckhoff a r\u00e9cemment travers\u00e9 une p\u00e9riode difficile et ne va pas bien. Elle ne pourra donc participer ni aux entra\u00eenements ni aux comp\u00e9titions dans un futur proche. Pour le moment, nous ne savons quand elle sera de retour. Elle est bien suivie et obtient toute l\u2019aide n\u00e9cessaire. Nous esp\u00e9rons bien s\u00fbr que Tiril se sentira mieux le plus t\u00f4t possible.<\/p>\n<\/blockquote>\n<p style=\"text-align: justify;\">C&rsquo;est un coup dur pour l&rsquo;\u00e9quipe de Norv\u00e8ge f\u00e9minine qui n&rsquo;est pas non plus certaine de pouvoir compter sur <strong>Marte Olsbu Roeiseland<\/strong> \u00e0 <strong>Kontiolahti<\/strong>. La meilleure biathl\u00e8te de la saison pr\u00e9c\u00e9dente prendra une d\u00e9cision dans les jours \u00e0 venir. Pour <strong>Tiril<\/strong> <strong>Eckhoff<\/strong>, pas de date de reprise de la comp\u00e9tition annonc\u00e9e pour le moment, mais cela pourrait \u00eatre seulement en 2023.<\/p>\n<blockquote class=\"twitter-tweet\">\n<p dir=\"ltr\" lang=\"fr\">&#x1f534;&#x1f1f3;&#x1f1f4; Toujours dans une passe difficile, Tiril Eckhoff manquera, au minimum, le d\u00e9but de saison. <a href=\"https:\/\/t.co\/oqTEYs4pAb\">https:\/\/t.co\/oqTEYs4pAb<\/a><\/p>\n<p>\u2014 Biathlon Live (@BiathlonLivefr) <a href=\"https:\/\/twitter.com\/BiathlonLivefr\/status\/1588200410413768706?ref_src=twsrc%5Etfw\">November 3, 2022<\/a><\/p><\/blockquote>\n<p style=\"text-align: justify;\"><script async src=\"https:\/\/platform.twitter.com\/widgets.js\" charset=\"utf-8\"><\/script><\/p>\n","protected":false},"excerpt":{"rendered":"<p>COUPE DU MONDE DE BIATHLON 2022-2023 &#8211; Tiril Eckhoff ne sera pas pr\u00e9sente pour la reprise de la Coupe du monde fin novembre \u00e0 Kontiolahti. La date de son retour \u00e0 la comp\u00e9tition n&rsquo;est pour l&rsquo;instant pas connue.<\/p>\n","protected":false},"author":1,"featured_media":275413,"comment_status":"open","ping_status":"closed","sticky":false,"template":"","format":"standard","meta":{"_acf_changed":false,"_daextam_enable_autolinks":"","footnotes":""},"categories":[47040],"tags":[2427,7214],"class_list":["post-275403","post","type-post","status-publish","format-standard","has-post-thumbnail","hentry","category-coupe-du-monde-de-biathlon","tag-biathlon","tag-tiril-eckhoff"],"acf":[],"yoast_head":"<!-- This site is optimized with the Yoast SEO Premium plugin v26.7 (Yoast SEO v26.7) - https:\/\/yoast.com\/wordpress\/plugins\/seo\/ -->\n<title>Tiril Eckhoff va manquer au minimum le d\u00e9but de la Coupe du monde 2022-2023<\/title>\n<meta name=\"description\" content=\"COUPE DU MONDE DE BIATHLON 2022-2023 - Tiril Eckhoff ne sera pas pr\u00e9sente pour la reprise de la Coupe du monde fin novembre \u00e0 Kontiolahti.\" \/>\n<meta name=\"robots\" content=\"index, follow, max-snippet:-1, max-image-preview:large, max-video-preview:-1\" \/>\n<link rel=\"canonical\" href=\"https:\/\/dicodusport.fr\/blog\/tiril-eckhoff-va-manquer-au-minimum-le-debut-de-la-coupe-du-monde-2022-2023\/\" \/>\n<meta property=\"og:locale\" content=\"fr_FR\" \/>\n<meta property=\"og:type\" content=\"article\" \/>\n<meta property=\"og:title\" content=\"Tiril Eckhoff va manquer au minimum le d\u00e9but de la Coupe du monde 2022-2023\" \/>\n<meta property=\"og:description\" content=\"COUPE DU MONDE DE BIATHLON 2022-2023 - Tiril Eckhoff ne sera pas pr\u00e9sente pour la reprise de la Coupe du monde fin novembre \u00e0 Kontiolahti.\" \/>\n<meta property=\"og:url\" content=\"https:\/\/dicodusport.fr\/blog\/tiril-eckhoff-va-manquer-au-minimum-le-debut-de-la-coupe-du-monde-2022-2023\/\" \/>\n<meta property=\"og:site_name\" content=\"Dicodusport\" \/>\n<meta property=\"article:publisher\" content=\"https:\/\/www.facebook.com\/dicodusport\" \/>\n<meta property=\"article:author\" content=\"https:\/\/www.facebook.com\/dicodusport\" \/>\n<meta property=\"article:published_time\" content=\"2022-11-03T17:24:07+00:00\" \/>\n<meta property=\"article:modified_time\" content=\"2022-11-03T17:39:38+00:00\" \/>\n<meta property=\"og:image\" content=\"https:\/\/dicodusport.fr\/blog\/wp-content\/uploads\/2022\/11\/Tiril-Eckhoff-va-manquer-au-minimum-le-de\u0301but-de-la-Coupe-du-monde-2022-2023.png\" \/>\n\t<meta property=\"og:image:width\" content=\"800\" \/>\n\t<meta property=\"og:image:height\" content=\"445\" \/>\n\t<meta property=\"og:image:type\" content=\"image\/png\" \/>\n<meta name=\"author\" content=\"Nicolas Jacquemard\" \/>\n<meta name=\"twitter:card\" content=\"summary_large_image\" \/>\n<meta name=\"twitter:title\" content=\"Tiril Eckhoff va manquer au minimum le d\u00e9but de la Coupe du monde 2022-2023\" \/>\n<meta name=\"twitter:creator\" content=\"@https:\/\/twitter.com\/Nico_Jacquemard\" \/>\n<meta name=\"twitter:site\" content=\"@dicodusport\" \/>\n<script type=\"application\/ld+json\" class=\"yoast-schema-graph\">{\"@context\":\"https:\/\/schema.org\",\"@graph\":[{\"@type\":\"NewsArticle\",\"@id\":\"https:\/\/dicodusport.fr\/blog\/tiril-eckhoff-va-manquer-au-minimum-le-debut-de-la-coupe-du-monde-2022-2023\/#article\",\"isPartOf\":{\"@id\":\"https:\/\/dicodusport.fr\/blog\/tiril-eckhoff-va-manquer-au-minimum-le-debut-de-la-coupe-du-monde-2022-2023\/\"},\"author\":{\"name\":\"Nicolas Jacquemard\",\"@id\":\"https:\/\/dicodusport.fr\/blog\/#\/schema\/person\/55dcb50ad410894e431ed812bbb70191\"},\"headline\":\"Tiril Eckhoff va manquer au minimum le d\u00e9but de la Coupe du monde 2022-2023\",\"datePublished\":\"2022-11-03T17:24:07+00:00\",\"dateModified\":\"2022-11-03T17:39:38+00:00\",\"mainEntityOfPage\":{\"@id\":\"https:\/\/dicodusport.fr\/blog\/tiril-eckhoff-va-manquer-au-minimum-le-debut-de-la-coupe-du-monde-2022-2023\/\"},\"wordCount\":294,\"commentCount\":0,\"publisher\":{\"@id\":\"https:\/\/dicodusport.fr\/blog\/#organization\"},\"image\":{\"@id\":\"https:\/\/dicodusport.fr\/blog\/tiril-eckhoff-va-manquer-au-minimum-le-debut-de-la-coupe-du-monde-2022-2023\/#primaryimage\"},\"thumbnailUrl\":\"https:\/\/dicodusport.fr\/blog\/wp-content\/uploads\/2022\/11\/Tiril-Eckhoff-va-manquer-au-minimum-le-de\u0301but-de-la-Coupe-du-monde-2022-2023.png\",\"keywords\":[\"Biathlon\",\"Tiril Eckhoff\"],\"articleSection\":[\"Coupe du monde de biathlon\"],\"inLanguage\":\"fr-FR\",\"potentialAction\":[{\"@type\":\"CommentAction\",\"name\":\"Comment\",\"target\":[\"https:\/\/dicodusport.fr\/blog\/tiril-eckhoff-va-manquer-au-minimum-le-debut-de-la-coupe-du-monde-2022-2023\/#respond\"]}],\"copyrightYear\":\"2022\",\"copyrightHolder\":{\"@id\":\"https:\/\/dicodusport.fr\/blog\/#organization\"}},{\"@type\":\"WebPage\",\"@id\":\"https:\/\/dicodusport.fr\/blog\/tiril-eckhoff-va-manquer-au-minimum-le-debut-de-la-coupe-du-monde-2022-2023\/\",\"url\":\"https:\/\/dicodusport.fr\/blog\/tiril-eckhoff-va-manquer-au-minimum-le-debut-de-la-coupe-du-monde-2022-2023\/\",\"name\":\"Tiril Eckhoff va manquer au minimum le d\u00e9but de la Coupe du monde 2022-2023\",\"isPartOf\":{\"@id\":\"https:\/\/dicodusport.fr\/blog\/#website\"},\"primaryImageOfPage\":{\"@id\":\"https:\/\/dicodusport.fr\/blog\/tiril-eckhoff-va-manquer-au-minimum-le-debut-de-la-coupe-du-monde-2022-2023\/#primaryimage\"},\"image\":{\"@id\":\"https:\/\/dicodusport.fr\/blog\/tiril-eckhoff-va-manquer-au-minimum-le-debut-de-la-coupe-du-monde-2022-2023\/#primaryimage\"},\"thumbnailUrl\":\"https:\/\/dicodusport.fr\/blog\/wp-content\/uploads\/2022\/11\/Tiril-Eckhoff-va-manquer-au-minimum-le-de\u0301but-de-la-Coupe-du-monde-2022-2023.png\",\"datePublished\":\"2022-11-03T17:24:07+00:00\",\"dateModified\":\"2022-11-03T17:39:38+00:00\",\"description\":\"COUPE DU MONDE DE BIATHLON 2022-2023 - Tiril Eckhoff ne sera pas pr\u00e9sente pour la reprise de la Coupe du monde fin novembre \u00e0 Kontiolahti.\",\"breadcrumb\":{\"@id\":\"https:\/\/dicodusport.fr\/blog\/tiril-eckhoff-va-manquer-au-minimum-le-debut-de-la-coupe-du-monde-2022-2023\/#breadcrumb\"},\"inLanguage\":\"fr-FR\",\"potentialAction\":[{\"@type\":\"ReadAction\",\"target\":[\"https:\/\/dicodusport.fr\/blog\/tiril-eckhoff-va-manquer-au-minimum-le-debut-de-la-coupe-du-monde-2022-2023\/\"]}]},{\"@type\":\"ImageObject\",\"inLanguage\":\"fr-FR\",\"@id\":\"https:\/\/dicodusport.fr\/blog\/tiril-eckhoff-va-manquer-au-minimum-le-debut-de-la-coupe-du-monde-2022-2023\/#primaryimage\",\"url\":\"https:\/\/dicodusport.fr\/blog\/wp-content\/uploads\/2022\/11\/Tiril-Eckhoff-va-manquer-au-minimum-le-de\u0301but-de-la-Coupe-du-monde-2022-2023.png\",\"contentUrl\":\"https:\/\/dicodusport.fr\/blog\/wp-content\/uploads\/2022\/11\/Tiril-Eckhoff-va-manquer-au-minimum-le-de\u0301but-de-la-Coupe-du-monde-2022-2023.png\",\"width\":800,\"height\":445},{\"@type\":\"BreadcrumbList\",\"@id\":\"https:\/\/dicodusport.fr\/blog\/tiril-eckhoff-va-manquer-au-minimum-le-debut-de-la-coupe-du-monde-2022-2023\/#breadcrumb\",\"itemListElement\":[{\"@type\":\"ListItem\",\"position\":1,\"name\":\"Accueil\",\"item\":\"https:\/\/dicodusport.fr\/blog\/\"},{\"@type\":\"ListItem\",\"position\":2,\"name\":\"Tiril Eckhoff va manquer au minimum le d\u00e9but de la Coupe du monde 2022-2023\"}]},{\"@type\":\"WebSite\",\"@id\":\"https:\/\/dicodusport.fr\/blog\/#website\",\"url\":\"https:\/\/dicodusport.fr\/blog\/\",\"name\":\"Dicodusport\",\"description\":\"L&#039;encyclop\u00e9die de l&#039;actualit\u00e9 sportive\",\"publisher\":{\"@id\":\"https:\/\/dicodusport.fr\/blog\/#organization\"},\"potentialAction\":[{\"@type\":\"SearchAction\",\"target\":{\"@type\":\"EntryPoint\",\"urlTemplate\":\"https:\/\/dicodusport.fr\/blog\/?s={search_term_string}\"},\"query-input\":{\"@type\":\"PropertyValueSpecification\",\"valueRequired\":true,\"valueName\":\"search_term_string\"}}],\"inLanguage\":\"fr-FR\"},{\"@type\":\"NewsMediaOrganization\",\"@id\":\"https:\/\/dicodusport.fr\/blog\/#organization\",\"name\":\"Dicodusport\",\"url\":\"https:\/\/dicodusport.fr\/blog\/\",\"logo\":{\"@type\":\"ImageObject\",\"inLanguage\":\"fr-FR\",\"@id\":\"https:\/\/dicodusport.fr\/blog\/#\/schema\/logo\/image\/\",\"url\":\"https:\/\/dicodusport.fr\/blog\/wp-content\/uploads\/2020\/06\/cropped-LOGO-DICODUSPORT-2020-SANS-FOND-SANS-TEXTE.png\",\"contentUrl\":\"https:\/\/dicodusport.fr\/blog\/wp-content\/uploads\/2020\/06\/cropped-LOGO-DICODUSPORT-2020-SANS-FOND-SANS-TEXTE.png\",\"width\":512,\"height\":512,\"caption\":\"Dicodusport\"},\"image\":{\"@id\":\"https:\/\/dicodusport.fr\/blog\/#\/schema\/logo\/image\/\"},\"sameAs\":[\"https:\/\/www.facebook.com\/dicodusport\",\"https:\/\/x.com\/dicodusport\",\"https:\/\/www.instagram.com\/dicodusport\/\",\"https:\/\/www.youtube.com\/channel\/UC7V2KZ5sd3htJivAbA4ZG3w\"],\"description\":\"Dicodusport est l'encyclop\u00e9die de l'actualit\u00e9 sportive.\",\"email\":\"bonjour@dicodusport.fr\",\"legalName\":\"DICODUSPORT\",\"foundingDate\":\"2018-01-14\",\"vatID\":\"FR71834470973\",\"taxID\":\"83447097300043\",\"numberOfEmployees\":{\"@type\":\"QuantitativeValue\",\"minValue\":\"1\",\"maxValue\":\"10\"}},{\"@type\":\"Person\",\"@id\":\"https:\/\/dicodusport.fr\/blog\/#\/schema\/person\/55dcb50ad410894e431ed812bbb70191\",\"name\":\"Nicolas Jacquemard\",\"image\":{\"@type\":\"ImageObject\",\"inLanguage\":\"fr-FR\",\"@id\":\"https:\/\/dicodusport.fr\/blog\/#\/schema\/person\/image\/\",\"url\":\"https:\/\/dicodusport.fr\/blog\/wp-content\/uploads\/2021\/05\/Nicolas-Jacquemard-150x150.jpeg\",\"contentUrl\":\"https:\/\/dicodusport.fr\/blog\/wp-content\/uploads\/2021\/05\/Nicolas-Jacquemard-150x150.jpeg\",\"caption\":\"Nicolas Jacquemard\"},\"description\":\"Passionn\u00e9 de sport et entrepreneur depuis mes 18 ans, la cr\u00e9ation de Dicodusport m'a sembl\u00e9 \u00e9vidente pour participer \u00e0 la m\u00e9diatisation d'un plus grand nombre de sports. Le chemin est long mais avec une \u00e9quipe des plus motiv\u00e9es et les Jeux Olympiques de Paris 2024 en point de mire, nous y arriverons ! Journaliste dans le monde du sport depuis plus de 5 ans, je traite aussi bien de football, de rugby, de biathlon que de cyclisme.\",\"sameAs\":[\"https:\/\/www.facebook.com\/dicodusport\",\"https:\/\/x.com\/https:\/\/twitter.com\/Nico_Jacquemard\"],\"url\":\"https:\/\/dicodusport.fr\/blog\/author\/dicodusport\/\"}]}<\/script>\n<!-- \/ Yoast SEO Premium plugin. -->","yoast_head_json":{"title":"Tiril Eckhoff va manquer au minimum le d\u00e9but de la Coupe du monde 2022-2023","description":"COUPE DU MONDE DE BIATHLON 2022-2023 - Tiril Eckhoff ne sera pas pr\u00e9sente pour la reprise de la Coupe du monde fin novembre \u00e0 Kontiolahti.","robots":{"index":"index","follow":"follow","max-snippet":"max-snippet:-1","max-image-preview":"max-image-preview:large","max-video-preview":"max-video-preview:-1"},"canonical":"https:\/\/dicodusport.fr\/blog\/tiril-eckhoff-va-manquer-au-minimum-le-debut-de-la-coupe-du-monde-2022-2023\/","og_locale":"fr_FR","og_type":"article","og_title":"Tiril Eckhoff va manquer au minimum le d\u00e9but de la Coupe du monde 2022-2023","og_description":"COUPE DU MONDE DE BIATHLON 2022-2023 - Tiril Eckhoff ne sera pas pr\u00e9sente pour la reprise de la Coupe du monde fin novembre \u00e0 Kontiolahti.","og_url":"https:\/\/dicodusport.fr\/blog\/tiril-eckhoff-va-manquer-au-minimum-le-debut-de-la-coupe-du-monde-2022-2023\/","og_site_name":"Dicodusport","article_publisher":"https:\/\/www.facebook.com\/dicodusport","article_author":"https:\/\/www.facebook.com\/dicodusport","article_published_time":"2022-11-03T17:24:07+00:00","article_modified_time":"2022-11-03T17:39:38+00:00","og_image":[{"width":800,"height":445,"url":"https:\/\/dicodusport.fr\/blog\/wp-content\/uploads\/2022\/11\/Tiril-Eckhoff-va-manquer-au-minimum-le-de\u0301but-de-la-Coupe-du-monde-2022-2023.png","type":"image\/png"}],"author":"Nicolas Jacquemard","twitter_card":"summary_large_image","twitter_title":"Tiril Eckhoff va manquer au minimum le d\u00e9but de la Coupe du monde 2022-2023","twitter_creator":"@https:\/\/twitter.com\/Nico_Jacquemard","twitter_site":"@dicodusport","schema":{"@context":"https:\/\/schema.org","@graph":[{"@type":"NewsArticle","@id":"https:\/\/dicodusport.fr\/blog\/tiril-eckhoff-va-manquer-au-minimum-le-debut-de-la-coupe-du-monde-2022-2023\/#article","isPartOf":{"@id":"https:\/\/dicodusport.fr\/blog\/tiril-eckhoff-va-manquer-au-minimum-le-debut-de-la-coupe-du-monde-2022-2023\/"},"author":{"name":"Nicolas Jacquemard","@id":"https:\/\/dicodusport.fr\/blog\/#\/schema\/person\/55dcb50ad410894e431ed812bbb70191"},"headline":"Tiril Eckhoff va manquer au minimum le d\u00e9but de la Coupe du monde 2022-2023","datePublished":"2022-11-03T17:24:07+00:00","dateModified":"2022-11-03T17:39:38+00:00","mainEntityOfPage":{"@id":"https:\/\/dicodusport.fr\/blog\/tiril-eckhoff-va-manquer-au-minimum-le-debut-de-la-coupe-du-monde-2022-2023\/"},"wordCount":294,"commentCount":0,"publisher":{"@id":"https:\/\/dicodusport.fr\/blog\/#organization"},"image":{"@id":"https:\/\/dicodusport.fr\/blog\/tiril-eckhoff-va-manquer-au-minimum-le-debut-de-la-coupe-du-monde-2022-2023\/#primaryimage"},"thumbnailUrl":"https:\/\/dicodusport.fr\/blog\/wp-content\/uploads\/2022\/11\/Tiril-Eckhoff-va-manquer-au-minimum-le-de\u0301but-de-la-Coupe-du-monde-2022-2023.png","keywords":["Biathlon","Tiril Eckhoff"],"articleSection":["Coupe du monde de biathlon"],"inLanguage":"fr-FR","potentialAction":[{"@type":"CommentAction","name":"Comment","target":["https:\/\/dicodusport.fr\/blog\/tiril-eckhoff-va-manquer-au-minimum-le-debut-de-la-coupe-du-monde-2022-2023\/#respond"]}],"copyrightYear":"2022","copyrightHolder":{"@id":"https:\/\/dicodusport.fr\/blog\/#organization"}},{"@type":"WebPage","@id":"https:\/\/dicodusport.fr\/blog\/tiril-eckhoff-va-manquer-au-minimum-le-debut-de-la-coupe-du-monde-2022-2023\/","url":"https:\/\/dicodusport.fr\/blog\/tiril-eckhoff-va-manquer-au-minimum-le-debut-de-la-coupe-du-monde-2022-2023\/","name":"Tiril Eckhoff va manquer au minimum le d\u00e9but de la Coupe du monde 2022-2023","isPartOf":{"@id":"https:\/\/dicodusport.fr\/blog\/#website"},"primaryImageOfPage":{"@id":"https:\/\/dicodusport.fr\/blog\/tiril-eckhoff-va-manquer-au-minimum-le-debut-de-la-coupe-du-monde-2022-2023\/#primaryimage"},"image":{"@id":"https:\/\/dicodusport.fr\/blog\/tiril-eckhoff-va-manquer-au-minimum-le-debut-de-la-coupe-du-monde-2022-2023\/#primaryimage"},"thumbnailUrl":"https:\/\/dicodusport.fr\/blog\/wp-content\/uploads\/2022\/11\/Tiril-Eckhoff-va-manquer-au-minimum-le-de\u0301but-de-la-Coupe-du-monde-2022-2023.png","datePublished":"2022-11-03T17:24:07+00:00","dateModified":"2022-11-03T17:39:38+00:00","description":"COUPE DU MONDE DE BIATHLON 2022-2023 - Tiril Eckhoff ne sera pas pr\u00e9sente pour la reprise de la Coupe du monde fin novembre \u00e0 Kontiolahti.","breadcrumb":{"@id":"https:\/\/dicodusport.fr\/blog\/tiril-eckhoff-va-manquer-au-minimum-le-debut-de-la-coupe-du-monde-2022-2023\/#breadcrumb"},"inLanguage":"fr-FR","potentialAction":[{"@type":"ReadAction","target":["https:\/\/dicodusport.fr\/blog\/tiril-eckhoff-va-manquer-au-minimum-le-debut-de-la-coupe-du-monde-2022-2023\/"]}]},{"@type":"ImageObject","inLanguage":"fr-FR","@id":"https:\/\/dicodusport.fr\/blog\/tiril-eckhoff-va-manquer-au-minimum-le-debut-de-la-coupe-du-monde-2022-2023\/#primaryimage","url":"https:\/\/dicodusport.fr\/blog\/wp-content\/uploads\/2022\/11\/Tiril-Eckhoff-va-manquer-au-minimum-le-de\u0301but-de-la-Coupe-du-monde-2022-2023.png","contentUrl":"https:\/\/dicodusport.fr\/blog\/wp-content\/uploads\/2022\/11\/Tiril-Eckhoff-va-manquer-au-minimum-le-de\u0301but-de-la-Coupe-du-monde-2022-2023.png","width":800,"height":445},{"@type":"BreadcrumbList","@id":"https:\/\/dicodusport.fr\/blog\/tiril-eckhoff-va-manquer-au-minimum-le-debut-de-la-coupe-du-monde-2022-2023\/#breadcrumb","itemListElement":[{"@type":"ListItem","position":1,"name":"Accueil","item":"https:\/\/dicodusport.fr\/blog\/"},{"@type":"ListItem","position":2,"name":"Tiril Eckhoff va manquer au minimum le d\u00e9but de la Coupe du monde 2022-2023"}]},{"@type":"WebSite","@id":"https:\/\/dicodusport.fr\/blog\/#website","url":"https:\/\/dicodusport.fr\/blog\/","name":"Dicodusport","description":"L&#039;encyclop\u00e9die de l&#039;actualit\u00e9 sportive","publisher":{"@id":"https:\/\/dicodusport.fr\/blog\/#organization"},"potentialAction":[{"@type":"SearchAction","target":{"@type":"EntryPoint","urlTemplate":"https:\/\/dicodusport.fr\/blog\/?s={search_term_string}"},"query-input":{"@type":"PropertyValueSpecification","valueRequired":true,"valueName":"search_term_string"}}],"inLanguage":"fr-FR"},{"@type":"NewsMediaOrganization","@id":"https:\/\/dicodusport.fr\/blog\/#organization","name":"Dicodusport","url":"https:\/\/dicodusport.fr\/blog\/","logo":{"@type":"ImageObject","inLanguage":"fr-FR","@id":"https:\/\/dicodusport.fr\/blog\/#\/schema\/logo\/image\/","url":"https:\/\/dicodusport.fr\/blog\/wp-content\/uploads\/2020\/06\/cropped-LOGO-DICODUSPORT-2020-SANS-FOND-SANS-TEXTE.png","contentUrl":"https:\/\/dicodusport.fr\/blog\/wp-content\/uploads\/2020\/06\/cropped-LOGO-DICODUSPORT-2020-SANS-FOND-SANS-TEXTE.png","width":512,"height":512,"caption":"Dicodusport"},"image":{"@id":"https:\/\/dicodusport.fr\/blog\/#\/schema\/logo\/image\/"},"sameAs":["https:\/\/www.facebook.com\/dicodusport","https:\/\/x.com\/dicodusport","https:\/\/www.instagram.com\/dicodusport\/","https:\/\/www.youtube.com\/channel\/UC7V2KZ5sd3htJivAbA4ZG3w"],"description":"Dicodusport est l'encyclop\u00e9die de l'actualit\u00e9 sportive.","email":"bonjour@dicodusport.fr","legalName":"DICODUSPORT","foundingDate":"2018-01-14","vatID":"FR71834470973","taxID":"83447097300043","numberOfEmployees":{"@type":"QuantitativeValue","minValue":"1","maxValue":"10"}},{"@type":"Person","@id":"https:\/\/dicodusport.fr\/blog\/#\/schema\/person\/55dcb50ad410894e431ed812bbb70191","name":"Nicolas Jacquemard","image":{"@type":"ImageObject","inLanguage":"fr-FR","@id":"https:\/\/dicodusport.fr\/blog\/#\/schema\/person\/image\/","url":"https:\/\/dicodusport.fr\/blog\/wp-content\/uploads\/2021\/05\/Nicolas-Jacquemard-150x150.jpeg","contentUrl":"https:\/\/dicodusport.fr\/blog\/wp-content\/uploads\/2021\/05\/Nicolas-Jacquemard-150x150.jpeg","caption":"Nicolas Jacquemard"},"description":"Passionn\u00e9 de sport et entrepreneur depuis mes 18 ans, la cr\u00e9ation de Dicodusport m'a sembl\u00e9 \u00e9vidente pour participer \u00e0 la m\u00e9diatisation d'un plus grand nombre de sports. Le chemin est long mais avec une \u00e9quipe des plus motiv\u00e9es et les Jeux Olympiques de Paris 2024 en point de mire, nous y arriverons ! Journaliste dans le monde du sport depuis plus de 5 ans, je traite aussi bien de football, de rugby, de biathlon que de cyclisme.","sameAs":["https:\/\/www.facebook.com\/dicodusport","https:\/\/x.com\/https:\/\/twitter.com\/Nico_Jacquemard"],"url":"https:\/\/dicodusport.fr\/blog\/author\/dicodusport\/"}]}},"_links":{"self":[{"href":"https:\/\/dicodusport.fr\/blog\/wp-json\/wp\/v2\/posts\/275403","targetHints":{"allow":["GET"]}}],"collection":[{"href":"https:\/\/dicodusport.fr\/blog\/wp-json\/wp\/v2\/posts"}],"about":[{"href":"https:\/\/dicodusport.fr\/blog\/wp-json\/wp\/v2\/types\/post"}],"author":[{"embeddable":true,"href":"https:\/\/dicodusport.fr\/blog\/wp-json\/wp\/v2\/users\/1"}],"replies":[{"embeddable":true,"href":"https:\/\/dicodusport.fr\/blog\/wp-json\/wp\/v2\/comments?post=275403"}],"version-history":[{"count":0,"href":"https:\/\/dicodusport.fr\/blog\/wp-json\/wp\/v2\/posts\/275403\/revisions"}],"wp:featuredmedia":[{"embeddable":true,"href":"https:\/\/dicodusport.fr\/blog\/wp-json\/wp\/v2\/media\/275413"}],"wp:attachment":[{"href":"https:\/\/dicodusport.fr\/blog\/wp-json\/wp\/v2\/media?parent=275403"}],"wp:term":[{"taxonomy":"category","embeddable":true,"href":"https:\/\/dicodusport.fr\/blog\/wp-json\/wp\/v2\/categories?post=275403"},{"taxonomy":"post_tag","embeddable":true,"href":"https:\/\/dicodusport.fr\/blog\/wp-json\/wp\/v2\/tags?post=275403"}],"curies":[{"name":"wp","href":"https:\/\/api.w.org\/{rel}","templated":true}]}}