{"id":275540,"date":"2022-11-04T10:21:26","date_gmt":"2022-11-04T09:21:26","guid":{"rendered":"https:\/\/dicodusport.fr\/blog\/?p=275540&#038;preview=true&#038;preview_id=275540"},"modified":"2022-11-04T10:44:27","modified_gmt":"2022-11-04T09:44:27","slug":"mercato-deux-equipes-world-tour-ont-refuse-nairo-quintana","status":"publish","type":"post","link":"https:\/\/dicodusport.fr\/blog\/mercato-deux-equipes-world-tour-ont-refuse-nairo-quintana\/","title":{"rendered":"Mercato : Deux \u00e9quipes World Tour ont refus\u00e9 Nairo Quintana"},"content":{"rendered":"<p style=\"text-align: justify;\"><b><i>CYCLISME SUR ROUTE 2023 &#8211; Selon <a href=\"https:\/\/www.lequipe.fr\/Cyclisme-sur-route\/Article\/Apres-le-rejet-de-son-appel-par-le-tas-nairo-quintana-voit-son-avenir-s-assombrir\/1362868\" target=\"_blank\" rel=\"noopener\">L&rsquo;\u00c9quipe<\/a>, UAE Team Emirates et Astana ont refus\u00e9 de signer Nairo Quintana, malgr\u00e9 le forcing de son agent, <strong>Giuseppe<\/strong> <strong>Acquadro.<\/strong><\/i><\/b><\/p>\n<p style=\"text-align: justify;\"><a href=\"https:\/\/dicodusport.fr\/blog\/le-tas-deboute-nairo-quintana-sa-disqualification-du-tour-de-france-confirmee\/\">Le <strong>TAS<\/strong> a confirm\u00e9 la disqualification du <strong>Tour<\/strong> <strong>de<\/strong> <strong>France<\/strong> de <strong>Nairo<\/strong> <strong>Quintana<\/strong><\/a>. Un coup dur pour le Colombien, qui va avoir bien du mal \u00e0 trouver une \u00e9quipe. Il a d&rsquo;ailleurs rapidement r\u00e9agi \u00e0 cette nouvelle d\u00e9cision d\u00e9favorable pour lui, s&rsquo;en expliquant sur ses r\u00e9seaux sociaux.<\/p>\n<blockquote>\n<p style=\"text-align: justify;\">Je viens de prendre connaissance du verdict du TAS et, malheureusement, la d\u00e9cision est en ma d\u00e9faveur. Je voudrais rappeler que j&rsquo;ai eu plus de 300 contr\u00f4les au cours de ma carri\u00e8re et jamais connu le moindre probl\u00e8me de dopage. Je sais que je n&rsquo;ai jamais pris ce produit et je ne comprends pas la d\u00e9cision du TAS. Maintenant, apr\u00e8s la temp\u00eate, il va falloir aller de l&rsquo;avant.<\/p>\n<\/blockquote>\n<p style=\"text-align: justify;\">Alors qu&rsquo;il avait trouv\u00e9 un accord avec <strong>Ark\u00e9a-Samsic <\/strong>pour une prolongation, l&rsquo;affaire du <strong>Tramadol<\/strong> a fait changer d&rsquo;avis la formation bretonne. Depuis, et dans l&rsquo;attente de la d\u00e9cision du TAS, <strong>Giuseppe<\/strong> <strong>Acquadro<\/strong>, son agent, tente de lui trouver une nouvelle \u00e9quipe pour 2023, et aurait fait le forcing chez <strong>Astana<\/strong> et <strong>UAE Team Emirates<\/strong>. Mais les deux formations ont cat\u00e9goriquement refus\u00e9 de signer <strong>Nairo<\/strong> <strong>Quintana<\/strong>. \u00c0 date, difficile de voir dans quelle \u00e9quipe le vainqueur du Tour d&rsquo;Espagne 2016 pourrait \u00e9voluer en 2023.<\/p>\n<blockquote class=\"twitter-tweet\">\n<p dir=\"ltr\" lang=\"fr\">Nouveau coup dur pour Nairo Quintana &#x1f1e8;&#x1f1f4;<a href=\"https:\/\/t.co\/eJbxbwrR39\">https:\/\/t.co\/eJbxbwrR39<\/a><\/p>\n<p>\u2014 Dicodusport &#x2b50;&#x2b50; (@dicodusport) <a href=\"https:\/\/twitter.com\/dicodusport\/status\/1588133138886172674?ref_src=twsrc%5Etfw\">November 3, 2022<\/a><\/p><\/blockquote>\n<p><script async src=\"https:\/\/platform.twitter.com\/widgets.js\" charset=\"utf-8\"><\/script><\/p>\n","protected":false},"excerpt":{"rendered":"<p>CYCLISME SUR ROUTE 2023 &#8211; Selon L&rsquo;\u00c9quipe, UAE Team Emirates et Astana ont refus\u00e9 de signer Nairo Quintana malgr\u00e9 le forcing de son agent.\u00a0<\/p>\n","protected":false},"author":1,"featured_media":267604,"comment_status":"open","ping_status":"closed","sticky":false,"template":"","format":"standard","meta":{"_acf_changed":false,"_daextam_enable_autolinks":"","footnotes":""},"categories":[46994],"tags":[6891,9451],"class_list":["post-275540","post","type-post","status-publish","format-standard","has-post-thumbnail","hentry","category-cyclisme-sur-route","tag-astana","tag-quintana"],"acf":[],"yoast_head":"<!-- This site is optimized with the Yoast SEO Premium plugin v26.7 (Yoast SEO v26.7) - https:\/\/yoast.com\/wordpress\/plugins\/seo\/ -->\n<title>Mercato : Deux \u00e9quipes World Tour ont refus\u00e9 Nairo Quintana<\/title>\n<meta name=\"description\" content=\"CYCLISME SUR ROUTE 2023 - Selon L&#039;\u00c9quipe, UAE Team Emirates et Astana ont refus\u00e9 de signer Nairo Quintana malgr\u00e9 le forcing de son agent.\u00a0\" \/>\n<meta name=\"robots\" content=\"index, follow, max-snippet:-1, max-image-preview:large, max-video-preview:-1\" \/>\n<link rel=\"canonical\" href=\"https:\/\/dicodusport.fr\/blog\/mercato-deux-equipes-world-tour-ont-refuse-nairo-quintana\/\" \/>\n<meta property=\"og:locale\" content=\"fr_FR\" \/>\n<meta property=\"og:type\" content=\"article\" \/>\n<meta property=\"og:title\" content=\"Mercato : Deux \u00e9quipes World Tour ont refus\u00e9 Nairo Quintana\" \/>\n<meta property=\"og:description\" content=\"CYCLISME SUR ROUTE 2023 - Selon L&#039;\u00c9quipe, UAE Team Emirates et Astana ont refus\u00e9 de signer Nairo Quintana malgr\u00e9 le forcing de son agent.\u00a0\" \/>\n<meta property=\"og:url\" content=\"https:\/\/dicodusport.fr\/blog\/mercato-deux-equipes-world-tour-ont-refuse-nairo-quintana\/\" \/>\n<meta property=\"og:site_name\" content=\"Dicodusport\" \/>\n<meta property=\"article:publisher\" content=\"https:\/\/www.facebook.com\/dicodusport\" \/>\n<meta property=\"article:author\" content=\"https:\/\/www.facebook.com\/dicodusport\" \/>\n<meta property=\"article:published_time\" content=\"2022-11-04T09:21:26+00:00\" \/>\n<meta property=\"article:modified_time\" content=\"2022-11-04T09:44:27+00:00\" \/>\n<meta property=\"og:image\" content=\"https:\/\/dicodusport.fr\/blog\/wp-content\/uploads\/2022\/10\/Mercato-Astana-ne-veut-pas-de-Nairo-Quintana.png\" \/>\n\t<meta property=\"og:image:width\" content=\"800\" \/>\n\t<meta property=\"og:image:height\" content=\"445\" \/>\n\t<meta property=\"og:image:type\" content=\"image\/png\" \/>\n<meta name=\"author\" content=\"Nicolas Jacquemard\" \/>\n<meta name=\"twitter:card\" content=\"summary_large_image\" \/>\n<meta name=\"twitter:title\" content=\"Mercato : Deux \u00e9quipes World Tour ont refus\u00e9 Nairo Quintana\" \/>\n<meta name=\"twitter:creator\" content=\"@https:\/\/twitter.com\/Nico_Jacquemard\" \/>\n<meta name=\"twitter:site\" content=\"@dicodusport\" \/>\n<script type=\"application\/ld+json\" class=\"yoast-schema-graph\">{\"@context\":\"https:\/\/schema.org\",\"@graph\":[{\"@type\":\"NewsArticle\",\"@id\":\"https:\/\/dicodusport.fr\/blog\/mercato-deux-equipes-world-tour-ont-refuse-nairo-quintana\/#article\",\"isPartOf\":{\"@id\":\"https:\/\/dicodusport.fr\/blog\/mercato-deux-equipes-world-tour-ont-refuse-nairo-quintana\/\"},\"author\":{\"name\":\"Nicolas Jacquemard\",\"@id\":\"https:\/\/dicodusport.fr\/blog\/#\/schema\/person\/55dcb50ad410894e431ed812bbb70191\"},\"headline\":\"Mercato : Deux \u00e9quipes World Tour ont refus\u00e9 Nairo Quintana\",\"datePublished\":\"2022-11-04T09:21:26+00:00\",\"dateModified\":\"2022-11-04T09:44:27+00:00\",\"mainEntityOfPage\":{\"@id\":\"https:\/\/dicodusport.fr\/blog\/mercato-deux-equipes-world-tour-ont-refuse-nairo-quintana\/\"},\"wordCount\":274,\"commentCount\":0,\"publisher\":{\"@id\":\"https:\/\/dicodusport.fr\/blog\/#organization\"},\"image\":{\"@id\":\"https:\/\/dicodusport.fr\/blog\/mercato-deux-equipes-world-tour-ont-refuse-nairo-quintana\/#primaryimage\"},\"thumbnailUrl\":\"https:\/\/dicodusport.fr\/blog\/wp-content\/uploads\/2022\/10\/Mercato-Astana-ne-veut-pas-de-Nairo-Quintana.png\",\"keywords\":[\"Astana\",\"Quintana\"],\"articleSection\":[\"Cyclisme sur route\"],\"inLanguage\":\"fr-FR\",\"potentialAction\":[{\"@type\":\"CommentAction\",\"name\":\"Comment\",\"target\":[\"https:\/\/dicodusport.fr\/blog\/mercato-deux-equipes-world-tour-ont-refuse-nairo-quintana\/#respond\"]}],\"copyrightYear\":\"2022\",\"copyrightHolder\":{\"@id\":\"https:\/\/dicodusport.fr\/blog\/#organization\"}},{\"@type\":\"WebPage\",\"@id\":\"https:\/\/dicodusport.fr\/blog\/mercato-deux-equipes-world-tour-ont-refuse-nairo-quintana\/\",\"url\":\"https:\/\/dicodusport.fr\/blog\/mercato-deux-equipes-world-tour-ont-refuse-nairo-quintana\/\",\"name\":\"Mercato : Deux \u00e9quipes World Tour ont refus\u00e9 Nairo Quintana\",\"isPartOf\":{\"@id\":\"https:\/\/dicodusport.fr\/blog\/#website\"},\"primaryImageOfPage\":{\"@id\":\"https:\/\/dicodusport.fr\/blog\/mercato-deux-equipes-world-tour-ont-refuse-nairo-quintana\/#primaryimage\"},\"image\":{\"@id\":\"https:\/\/dicodusport.fr\/blog\/mercato-deux-equipes-world-tour-ont-refuse-nairo-quintana\/#primaryimage\"},\"thumbnailUrl\":\"https:\/\/dicodusport.fr\/blog\/wp-content\/uploads\/2022\/10\/Mercato-Astana-ne-veut-pas-de-Nairo-Quintana.png\",\"datePublished\":\"2022-11-04T09:21:26+00:00\",\"dateModified\":\"2022-11-04T09:44:27+00:00\",\"description\":\"CYCLISME SUR ROUTE 2023 - Selon L'\u00c9quipe, UAE Team Emirates et Astana ont refus\u00e9 de signer Nairo Quintana malgr\u00e9 le forcing de son agent.\u00a0\",\"breadcrumb\":{\"@id\":\"https:\/\/dicodusport.fr\/blog\/mercato-deux-equipes-world-tour-ont-refuse-nairo-quintana\/#breadcrumb\"},\"inLanguage\":\"fr-FR\",\"potentialAction\":[{\"@type\":\"ReadAction\",\"target\":[\"https:\/\/dicodusport.fr\/blog\/mercato-deux-equipes-world-tour-ont-refuse-nairo-quintana\/\"]}]},{\"@type\":\"ImageObject\",\"inLanguage\":\"fr-FR\",\"@id\":\"https:\/\/dicodusport.fr\/blog\/mercato-deux-equipes-world-tour-ont-refuse-nairo-quintana\/#primaryimage\",\"url\":\"https:\/\/dicodusport.fr\/blog\/wp-content\/uploads\/2022\/10\/Mercato-Astana-ne-veut-pas-de-Nairo-Quintana.png\",\"contentUrl\":\"https:\/\/dicodusport.fr\/blog\/wp-content\/uploads\/2022\/10\/Mercato-Astana-ne-veut-pas-de-Nairo-Quintana.png\",\"width\":800,\"height\":445},{\"@type\":\"BreadcrumbList\",\"@id\":\"https:\/\/dicodusport.fr\/blog\/mercato-deux-equipes-world-tour-ont-refuse-nairo-quintana\/#breadcrumb\",\"itemListElement\":[{\"@type\":\"ListItem\",\"position\":1,\"name\":\"Accueil\",\"item\":\"https:\/\/dicodusport.fr\/blog\/\"},{\"@type\":\"ListItem\",\"position\":2,\"name\":\"Mercato : Deux \u00e9quipes World Tour ont refus\u00e9 Nairo Quintana\"}]},{\"@type\":\"WebSite\",\"@id\":\"https:\/\/dicodusport.fr\/blog\/#website\",\"url\":\"https:\/\/dicodusport.fr\/blog\/\",\"name\":\"Dicodusport\",\"description\":\"L&#039;encyclop\u00e9die de l&#039;actualit\u00e9 sportive\",\"publisher\":{\"@id\":\"https:\/\/dicodusport.fr\/blog\/#organization\"},\"potentialAction\":[{\"@type\":\"SearchAction\",\"target\":{\"@type\":\"EntryPoint\",\"urlTemplate\":\"https:\/\/dicodusport.fr\/blog\/?s={search_term_string}\"},\"query-input\":{\"@type\":\"PropertyValueSpecification\",\"valueRequired\":true,\"valueName\":\"search_term_string\"}}],\"inLanguage\":\"fr-FR\"},{\"@type\":\"NewsMediaOrganization\",\"@id\":\"https:\/\/dicodusport.fr\/blog\/#organization\",\"name\":\"Dicodusport\",\"url\":\"https:\/\/dicodusport.fr\/blog\/\",\"logo\":{\"@type\":\"ImageObject\",\"inLanguage\":\"fr-FR\",\"@id\":\"https:\/\/dicodusport.fr\/blog\/#\/schema\/logo\/image\/\",\"url\":\"https:\/\/dicodusport.fr\/blog\/wp-content\/uploads\/2020\/06\/cropped-LOGO-DICODUSPORT-2020-SANS-FOND-SANS-TEXTE.png\",\"contentUrl\":\"https:\/\/dicodusport.fr\/blog\/wp-content\/uploads\/2020\/06\/cropped-LOGO-DICODUSPORT-2020-SANS-FOND-SANS-TEXTE.png\",\"width\":512,\"height\":512,\"caption\":\"Dicodusport\"},\"image\":{\"@id\":\"https:\/\/dicodusport.fr\/blog\/#\/schema\/logo\/image\/\"},\"sameAs\":[\"https:\/\/www.facebook.com\/dicodusport\",\"https:\/\/x.com\/dicodusport\",\"https:\/\/www.instagram.com\/dicodusport\/\",\"https:\/\/www.youtube.com\/channel\/UC7V2KZ5sd3htJivAbA4ZG3w\"],\"description\":\"Dicodusport est l'encyclop\u00e9die de l'actualit\u00e9 sportive.\",\"email\":\"bonjour@dicodusport.fr\",\"legalName\":\"DICODUSPORT\",\"foundingDate\":\"2018-01-14\",\"vatID\":\"FR71834470973\",\"taxID\":\"83447097300043\",\"numberOfEmployees\":{\"@type\":\"QuantitativeValue\",\"minValue\":\"1\",\"maxValue\":\"10\"}},{\"@type\":\"Person\",\"@id\":\"https:\/\/dicodusport.fr\/blog\/#\/schema\/person\/55dcb50ad410894e431ed812bbb70191\",\"name\":\"Nicolas Jacquemard\",\"image\":{\"@type\":\"ImageObject\",\"inLanguage\":\"fr-FR\",\"@id\":\"https:\/\/dicodusport.fr\/blog\/#\/schema\/person\/image\/\",\"url\":\"https:\/\/dicodusport.fr\/blog\/wp-content\/uploads\/2021\/05\/Nicolas-Jacquemard-150x150.jpeg\",\"contentUrl\":\"https:\/\/dicodusport.fr\/blog\/wp-content\/uploads\/2021\/05\/Nicolas-Jacquemard-150x150.jpeg\",\"caption\":\"Nicolas Jacquemard\"},\"description\":\"Passionn\u00e9 de sport et entrepreneur depuis mes 18 ans, la cr\u00e9ation de Dicodusport m'a sembl\u00e9 \u00e9vidente pour participer \u00e0 la m\u00e9diatisation d'un plus grand nombre de sports. Le chemin est long mais avec une \u00e9quipe des plus motiv\u00e9es et les Jeux Olympiques de Paris 2024 en point de mire, nous y arriverons ! Journaliste dans le monde du sport depuis plus de 5 ans, je traite aussi bien de football, de rugby, de biathlon que de cyclisme.\",\"sameAs\":[\"https:\/\/www.facebook.com\/dicodusport\",\"https:\/\/x.com\/https:\/\/twitter.com\/Nico_Jacquemard\"],\"url\":\"https:\/\/dicodusport.fr\/blog\/author\/dicodusport\/\"}]}<\/script>\n<!-- \/ Yoast SEO Premium plugin. -->","yoast_head_json":{"title":"Mercato : Deux \u00e9quipes World Tour ont refus\u00e9 Nairo Quintana","description":"CYCLISME SUR ROUTE 2023 - Selon L'\u00c9quipe, UAE Team Emirates et Astana ont refus\u00e9 de signer Nairo Quintana malgr\u00e9 le forcing de son agent.\u00a0","robots":{"index":"index","follow":"follow","max-snippet":"max-snippet:-1","max-image-preview":"max-image-preview:large","max-video-preview":"max-video-preview:-1"},"canonical":"https:\/\/dicodusport.fr\/blog\/mercato-deux-equipes-world-tour-ont-refuse-nairo-quintana\/","og_locale":"fr_FR","og_type":"article","og_title":"Mercato : Deux \u00e9quipes World Tour ont refus\u00e9 Nairo Quintana","og_description":"CYCLISME SUR ROUTE 2023 - Selon L'\u00c9quipe, UAE Team Emirates et Astana ont refus\u00e9 de signer Nairo Quintana malgr\u00e9 le forcing de son agent.\u00a0","og_url":"https:\/\/dicodusport.fr\/blog\/mercato-deux-equipes-world-tour-ont-refuse-nairo-quintana\/","og_site_name":"Dicodusport","article_publisher":"https:\/\/www.facebook.com\/dicodusport","article_author":"https:\/\/www.facebook.com\/dicodusport","article_published_time":"2022-11-04T09:21:26+00:00","article_modified_time":"2022-11-04T09:44:27+00:00","og_image":[{"width":800,"height":445,"url":"https:\/\/dicodusport.fr\/blog\/wp-content\/uploads\/2022\/10\/Mercato-Astana-ne-veut-pas-de-Nairo-Quintana.png","type":"image\/png"}],"author":"Nicolas Jacquemard","twitter_card":"summary_large_image","twitter_title":"Mercato : Deux \u00e9quipes World Tour ont refus\u00e9 Nairo Quintana","twitter_creator":"@https:\/\/twitter.com\/Nico_Jacquemard","twitter_site":"@dicodusport","schema":{"@context":"https:\/\/schema.org","@graph":[{"@type":"NewsArticle","@id":"https:\/\/dicodusport.fr\/blog\/mercato-deux-equipes-world-tour-ont-refuse-nairo-quintana\/#article","isPartOf":{"@id":"https:\/\/dicodusport.fr\/blog\/mercato-deux-equipes-world-tour-ont-refuse-nairo-quintana\/"},"author":{"name":"Nicolas Jacquemard","@id":"https:\/\/dicodusport.fr\/blog\/#\/schema\/person\/55dcb50ad410894e431ed812bbb70191"},"headline":"Mercato : Deux \u00e9quipes World Tour ont refus\u00e9 Nairo Quintana","datePublished":"2022-11-04T09:21:26+00:00","dateModified":"2022-11-04T09:44:27+00:00","mainEntityOfPage":{"@id":"https:\/\/dicodusport.fr\/blog\/mercato-deux-equipes-world-tour-ont-refuse-nairo-quintana\/"},"wordCount":274,"commentCount":0,"publisher":{"@id":"https:\/\/dicodusport.fr\/blog\/#organization"},"image":{"@id":"https:\/\/dicodusport.fr\/blog\/mercato-deux-equipes-world-tour-ont-refuse-nairo-quintana\/#primaryimage"},"thumbnailUrl":"https:\/\/dicodusport.fr\/blog\/wp-content\/uploads\/2022\/10\/Mercato-Astana-ne-veut-pas-de-Nairo-Quintana.png","keywords":["Astana","Quintana"],"articleSection":["Cyclisme sur route"],"inLanguage":"fr-FR","potentialAction":[{"@type":"CommentAction","name":"Comment","target":["https:\/\/dicodusport.fr\/blog\/mercato-deux-equipes-world-tour-ont-refuse-nairo-quintana\/#respond"]}],"copyrightYear":"2022","copyrightHolder":{"@id":"https:\/\/dicodusport.fr\/blog\/#organization"}},{"@type":"WebPage","@id":"https:\/\/dicodusport.fr\/blog\/mercato-deux-equipes-world-tour-ont-refuse-nairo-quintana\/","url":"https:\/\/dicodusport.fr\/blog\/mercato-deux-equipes-world-tour-ont-refuse-nairo-quintana\/","name":"Mercato : Deux \u00e9quipes World Tour ont refus\u00e9 Nairo Quintana","isPartOf":{"@id":"https:\/\/dicodusport.fr\/blog\/#website"},"primaryImageOfPage":{"@id":"https:\/\/dicodusport.fr\/blog\/mercato-deux-equipes-world-tour-ont-refuse-nairo-quintana\/#primaryimage"},"image":{"@id":"https:\/\/dicodusport.fr\/blog\/mercato-deux-equipes-world-tour-ont-refuse-nairo-quintana\/#primaryimage"},"thumbnailUrl":"https:\/\/dicodusport.fr\/blog\/wp-content\/uploads\/2022\/10\/Mercato-Astana-ne-veut-pas-de-Nairo-Quintana.png","datePublished":"2022-11-04T09:21:26+00:00","dateModified":"2022-11-04T09:44:27+00:00","description":"CYCLISME SUR ROUTE 2023 - Selon L'\u00c9quipe, UAE Team Emirates et Astana ont refus\u00e9 de signer Nairo Quintana malgr\u00e9 le forcing de son agent.\u00a0","breadcrumb":{"@id":"https:\/\/dicodusport.fr\/blog\/mercato-deux-equipes-world-tour-ont-refuse-nairo-quintana\/#breadcrumb"},"inLanguage":"fr-FR","potentialAction":[{"@type":"ReadAction","target":["https:\/\/dicodusport.fr\/blog\/mercato-deux-equipes-world-tour-ont-refuse-nairo-quintana\/"]}]},{"@type":"ImageObject","inLanguage":"fr-FR","@id":"https:\/\/dicodusport.fr\/blog\/mercato-deux-equipes-world-tour-ont-refuse-nairo-quintana\/#primaryimage","url":"https:\/\/dicodusport.fr\/blog\/wp-content\/uploads\/2022\/10\/Mercato-Astana-ne-veut-pas-de-Nairo-Quintana.png","contentUrl":"https:\/\/dicodusport.fr\/blog\/wp-content\/uploads\/2022\/10\/Mercato-Astana-ne-veut-pas-de-Nairo-Quintana.png","width":800,"height":445},{"@type":"BreadcrumbList","@id":"https:\/\/dicodusport.fr\/blog\/mercato-deux-equipes-world-tour-ont-refuse-nairo-quintana\/#breadcrumb","itemListElement":[{"@type":"ListItem","position":1,"name":"Accueil","item":"https:\/\/dicodusport.fr\/blog\/"},{"@type":"ListItem","position":2,"name":"Mercato : Deux \u00e9quipes World Tour ont refus\u00e9 Nairo Quintana"}]},{"@type":"WebSite","@id":"https:\/\/dicodusport.fr\/blog\/#website","url":"https:\/\/dicodusport.fr\/blog\/","name":"Dicodusport","description":"L&#039;encyclop\u00e9die de l&#039;actualit\u00e9 sportive","publisher":{"@id":"https:\/\/dicodusport.fr\/blog\/#organization"},"potentialAction":[{"@type":"SearchAction","target":{"@type":"EntryPoint","urlTemplate":"https:\/\/dicodusport.fr\/blog\/?s={search_term_string}"},"query-input":{"@type":"PropertyValueSpecification","valueRequired":true,"valueName":"search_term_string"}}],"inLanguage":"fr-FR"},{"@type":"NewsMediaOrganization","@id":"https:\/\/dicodusport.fr\/blog\/#organization","name":"Dicodusport","url":"https:\/\/dicodusport.fr\/blog\/","logo":{"@type":"ImageObject","inLanguage":"fr-FR","@id":"https:\/\/dicodusport.fr\/blog\/#\/schema\/logo\/image\/","url":"https:\/\/dicodusport.fr\/blog\/wp-content\/uploads\/2020\/06\/cropped-LOGO-DICODUSPORT-2020-SANS-FOND-SANS-TEXTE.png","contentUrl":"https:\/\/dicodusport.fr\/blog\/wp-content\/uploads\/2020\/06\/cropped-LOGO-DICODUSPORT-2020-SANS-FOND-SANS-TEXTE.png","width":512,"height":512,"caption":"Dicodusport"},"image":{"@id":"https:\/\/dicodusport.fr\/blog\/#\/schema\/logo\/image\/"},"sameAs":["https:\/\/www.facebook.com\/dicodusport","https:\/\/x.com\/dicodusport","https:\/\/www.instagram.com\/dicodusport\/","https:\/\/www.youtube.com\/channel\/UC7V2KZ5sd3htJivAbA4ZG3w"],"description":"Dicodusport est l'encyclop\u00e9die de l'actualit\u00e9 sportive.","email":"bonjour@dicodusport.fr","legalName":"DICODUSPORT","foundingDate":"2018-01-14","vatID":"FR71834470973","taxID":"83447097300043","numberOfEmployees":{"@type":"QuantitativeValue","minValue":"1","maxValue":"10"}},{"@type":"Person","@id":"https:\/\/dicodusport.fr\/blog\/#\/schema\/person\/55dcb50ad410894e431ed812bbb70191","name":"Nicolas Jacquemard","image":{"@type":"ImageObject","inLanguage":"fr-FR","@id":"https:\/\/dicodusport.fr\/blog\/#\/schema\/person\/image\/","url":"https:\/\/dicodusport.fr\/blog\/wp-content\/uploads\/2021\/05\/Nicolas-Jacquemard-150x150.jpeg","contentUrl":"https:\/\/dicodusport.fr\/blog\/wp-content\/uploads\/2021\/05\/Nicolas-Jacquemard-150x150.jpeg","caption":"Nicolas Jacquemard"},"description":"Passionn\u00e9 de sport et entrepreneur depuis mes 18 ans, la cr\u00e9ation de Dicodusport m'a sembl\u00e9 \u00e9vidente pour participer \u00e0 la m\u00e9diatisation d'un plus grand nombre de sports. Le chemin est long mais avec une \u00e9quipe des plus motiv\u00e9es et les Jeux Olympiques de Paris 2024 en point de mire, nous y arriverons ! Journaliste dans le monde du sport depuis plus de 5 ans, je traite aussi bien de football, de rugby, de biathlon que de cyclisme.","sameAs":["https:\/\/www.facebook.com\/dicodusport","https:\/\/x.com\/https:\/\/twitter.com\/Nico_Jacquemard"],"url":"https:\/\/dicodusport.fr\/blog\/author\/dicodusport\/"}]}},"_links":{"self":[{"href":"https:\/\/dicodusport.fr\/blog\/wp-json\/wp\/v2\/posts\/275540","targetHints":{"allow":["GET"]}}],"collection":[{"href":"https:\/\/dicodusport.fr\/blog\/wp-json\/wp\/v2\/posts"}],"about":[{"href":"https:\/\/dicodusport.fr\/blog\/wp-json\/wp\/v2\/types\/post"}],"author":[{"embeddable":true,"href":"https:\/\/dicodusport.fr\/blog\/wp-json\/wp\/v2\/users\/1"}],"replies":[{"embeddable":true,"href":"https:\/\/dicodusport.fr\/blog\/wp-json\/wp\/v2\/comments?post=275540"}],"version-history":[{"count":0,"href":"https:\/\/dicodusport.fr\/blog\/wp-json\/wp\/v2\/posts\/275540\/revisions"}],"wp:featuredmedia":[{"embeddable":true,"href":"https:\/\/dicodusport.fr\/blog\/wp-json\/wp\/v2\/media\/267604"}],"wp:attachment":[{"href":"https:\/\/dicodusport.fr\/blog\/wp-json\/wp\/v2\/media?parent=275540"}],"wp:term":[{"taxonomy":"category","embeddable":true,"href":"https:\/\/dicodusport.fr\/blog\/wp-json\/wp\/v2\/categories?post=275540"},{"taxonomy":"post_tag","embeddable":true,"href":"https:\/\/dicodusport.fr\/blog\/wp-json\/wp\/v2\/tags?post=275540"}],"curies":[{"name":"wp","href":"https:\/\/api.w.org\/{rel}","templated":true}]}}