{"id":275630,"date":"2022-11-05T20:00:10","date_gmt":"2022-11-05T19:00:10","guid":{"rendered":"https:\/\/dicodusport.fr\/blog\/?p=275630&#038;preview=true&#038;preview_id=275630"},"modified":"2023-04-18T12:22:16","modified_gmt":"2023-04-18T10:22:16","slug":"le-mans-virtual-series-2022-classement-6-heures-de-spa","status":"publish","type":"post","link":"https:\/\/dicodusport.fr\/blog\/le-mans-virtual-series-2022-classement-6-heures-de-spa\/","title":{"rendered":"Le Mans Virtual Series 2022 &#8211; Classement 6 Heures de Spa"},"content":{"rendered":"<p style=\"text-align: justify;\"><b><i>LE MANS VIRTUAL SERIES 2022 &#8211; D\u00e9couvrez le classement (top 10) des 6 Heures de Spa virtuelles, qui se d\u00e9roulent ce samedi 5 novembre 2022, de 13h \u00e0 19h. <\/i><\/b><\/p>\n<p style=\"text-align: justify;\">Pour cette \u00e9preuve des <strong>6 Heures de Spa<\/strong>, <strong>Max Verstappen<\/strong> et <strong>Romain Grosjean<\/strong> seront de la partie. Le N\u00e9erlandais va concourir avec la voiture n\u00b01 de l\u2019\u00e9quipe <strong>Redline LMP<\/strong>, aux c\u00f4t\u00e9s de <strong>Jeffrey Rietveld<\/strong> et <strong>Maximilian Benecke<\/strong>. Le Fran\u00e7ais, lui, est propri\u00e9taire de son \u00e9quipe d\u2019Esport, <strong>R8G Esports<\/strong>. L&rsquo;ancien pilote Haas, d\u00e9sormais chez Andretti en IndyCar, sera align\u00e9 aux c\u00f4t\u00e9s de <strong>Martin Hemmingsen<\/strong> et <strong>Ulas Ozyildorim<\/strong> sur la voiture n\u00b018 du <strong>R8G Esports LMP<\/strong>.<\/p>\n<div class=\"su-table su-table-alternate\">\n<table style=\"width: 800px;border-collapse: collapse\" border=\"1\">\n<tbody>\n<tr style=\"height: 24px\">\n<td style=\"border-color: #ebebeb;height: 24px;text-align: center;width: 80px;vertical-align: middle\">\ud83c\udfc6<\/td>\n<td style=\"border-color: #ebebeb;height: 24px;text-align: center;width: 500px;vertical-align: middle\"><span style=\"font-size: 0.9em\"><strong>VOITURES<\/strong><\/span><\/td>\n<td style=\"border-color: #ebebeb;height: 24px;text-align: center;width: 220px;vertical-align: middle\"><span style=\"font-size: 0.9em\"><strong>TOURS \/ \u00c9CART<br \/>\n<\/strong><\/span><\/td>\n<\/tr>\n<tr>\n<td style=\"border-color: #ebebeb;text-align: center;width: 80px;vertical-align: middle\"><span style=\"font-size: 0.9em\">1.<\/span><\/td>\n<td style=\"border-color: #ebebeb;text-align: center;width: 500px;vertical-align: middle\"><span style=\"font-size: 0.9em\"><b>\ud83c\uddec\ud83c\udde7 AMG TEAM PETRONAS ESPORTS #63<br \/>\n<\/b><\/span><span style=\"font-size: 0.8em\">BALDWIN \/ HUIS \/ CARROLL<\/span><\/td>\n<td style=\"border-color: #ebebeb;text-align: center;width: 220px;vertical-align: middle\"><span style=\"font-size: 0.9em\"><strong>171 tours<\/strong><\/span><\/td>\n<\/tr>\n<tr>\n<td style=\"border-color: #ebebeb;text-align: center;width: 80px;vertical-align: middle\"><span style=\"font-size: 0.9em\">2<\/span><span style=\"font-size: 0.9em\">.<\/span><\/td>\n<td style=\"border-color: #ebebeb;text-align: center;width: 500px;vertical-align: middle\"><span style=\"font-size: 0.9em\"><b>\ud83c\uddf3\ud83c\uddf1 TEAM REDLINE #1<br \/>\n<\/b><\/span><span style=\"font-size: 0.8em\">VERSTAPPEN \/ RIETVELD \/ BENECKE<\/span><\/td>\n<td style=\"border-color: #ebebeb;text-align: center;width: 220px;vertical-align: middle\"><span style=\"font-size: 0.9em\"><strong>+7.836s<\/strong><\/span><\/td>\n<\/tr>\n<tr>\n<td style=\"border-color: #ebebeb;text-align: center;width: 80px;vertical-align: middle\"><span style=\"font-size: 0.9em\">3.<\/span><\/td>\n<td style=\"border-color: #ebebeb;text-align: center;width: 500px;vertical-align: middle\"><span style=\"font-size: 0.9em\"><b>\ud83c\uddeb\ud83c\uddf7 R8G ESPORTS #8<br \/>\n<\/b><\/span><span style=\"font-size: 0.8em\">TOMAN \/ JAJOVSKI \/ CSINCSIK<\/span><\/td>\n<td style=\"border-color: #ebebeb;text-align: center;width: 220px;vertical-align: middle\"><span style=\"font-size: 0.9em\"><strong>+27.580s<\/strong><\/span><\/td>\n<\/tr>\n<tr>\n<td style=\"border-color: #ebebeb;text-align: center;width: 80px;vertical-align: middle\"><span style=\"font-size: 0.9em\">4<\/span><span style=\"font-size: 0.9em\">.<\/span><\/td>\n<td style=\"border-color: #ebebeb;text-align: center;width: 500px;vertical-align: middle\"><span style=\"font-size: 0.9em\"><b>\ud83c\udde9\ud83c\uddea PORSCHE COANDA #23<br \/>\n<\/b><\/span><span style=\"font-size: 0.8em\">ROGERS \/ BAKKUM \/ KR\u00d6NKE<\/span><\/td>\n<td style=\"border-color: #ebebeb;text-align: center;width: 220px;vertical-align: middle\"><span style=\"font-size: 0.9em\"><strong>+27.709s<\/strong><\/span><\/td>\n<\/tr>\n<tr>\n<td style=\"border-color: #ebebeb;text-align: center;width: 80px;vertical-align: middle\"><span style=\"font-size: 0.9em\">5.<\/span><\/td>\n<td style=\"border-color: #ebebeb;text-align: center;width: 500px;vertical-align: middle\"><span style=\"font-size: 0.9em\"><b>\ud83c\udde9\ud83c\uddea PORSCHE COANDA #20<br \/>\n<\/b><\/span><span style=\"font-size: 0.8em\">CAMPBELL \/ \u00d8STGAARD \/ DEJONG<\/span><\/td>\n<td style=\"border-color: #ebebeb;text-align: center;width: 220px;vertical-align: middle\"><span style=\"font-size: 0.9em\"><strong>+29.760s<\/strong><\/span><\/td>\n<\/tr>\n<tr>\n<td style=\"border-color: #ebebeb;text-align: center;width: 80px;vertical-align: middle\"><span style=\"font-size: 0.9em\">6.<\/span><\/td>\n<td style=\"border-color: #ebebeb;text-align: center;width: 500px;vertical-align: middle\"><span style=\"font-size: 0.9em\"><b>\ud83c\uddec\ud83c\udde7 AMG TEAM WILLIAMS ESPORTS #53<br \/>\n<\/b><\/span><span style=\"font-size: 0.8em\">ROMANIDIS \/ WISNIEWSKI \/ BRZEZINSKI<\/span><\/td>\n<td style=\"border-color: #ebebeb;text-align: center;width: 220px;vertical-align: middle\"><span style=\"font-size: 0.9em\"><strong>+35.433s<\/strong><\/span><\/td>\n<\/tr>\n<tr>\n<td style=\"border-color: #ebebeb;text-align: center;width: 80px;vertical-align: middle\"><span style=\"font-size: 0.9em\">7.<\/span><\/td>\n<td style=\"border-color: #ebebeb;text-align: center;width: 500px;vertical-align: middle\"><span style=\"font-size: 0.9em\"><b>\ud83c\udde6\ud83c\uddf9 NEXTVIEW VANWALL-BURST #444<br \/>\n<\/b><\/span><span style=\"font-size: 0.8em\">SKOWRON \/ HOYER \/ MROCZEK<\/span><\/td>\n<td style=\"border-color: #ebebeb;text-align: center;width: 220px;vertical-align: middle\"><span style=\"font-size: 0.9em\"><strong>+56.791s<\/strong><\/span><\/td>\n<\/tr>\n<tr>\n<td style=\"border-color: #ebebeb;text-align: center;width: 80px;vertical-align: middle\"><span style=\"font-size: 0.9em\">8.<\/span><\/td>\n<td style=\"border-color: #ebebeb;text-align: center;width: 500px;vertical-align: middle\"><span style=\"font-size: 0.9em\"><b>\ud83c\uddf3\ud83c\uddf1 TEAM REDLINE #2<br \/>\n<\/b><\/span><span style=\"font-size: 0.8em\">BENNETT \/ SMIDL \/ PINTO<\/span><\/td>\n<td style=\"border-color: #ebebeb;text-align: center;width: 220px;vertical-align: middle\"><span style=\"font-size: 0.9em\"><strong>+1m04.912s<\/strong><\/span><\/td>\n<\/tr>\n<tr>\n<td style=\"border-color: #ebebeb;text-align: center;width: 80px;vertical-align: middle\"><span style=\"font-size: 0.9em\">9.<\/span><\/td>\n<td style=\"border-color: #ebebeb;text-align: center;width: 500px;vertical-align: middle\"><span style=\"font-size: 0.9em\"><b>\ud83c\udde6\ud83c\uddf9 FLOYD VANWALL-BURST #4<br \/>\n<\/b><\/span><span style=\"font-size: 0.8em\">VISCAAL \/ SIMONCIC \/ PEDERSEN<\/span><\/td>\n<td style=\"border-color: #ebebeb;text-align: center;width: 220px;vertical-align: middle\"><span style=\"font-size: 0.9em\"><strong>+1m24.920s<\/strong><\/span><\/td>\n<\/tr>\n<tr>\n<td style=\"border-color: #ebebeb;text-align: center;width: 80px;vertical-align: middle\"><span style=\"font-size: 0.9em\">10.<\/span><\/td>\n<td style=\"border-color: #ebebeb;text-align: center;width: 500px;vertical-align: middle\"><span style=\"font-size: 0.9em\"><b>\ud83c\uddeb\ud83c\uddf7 ALPINE ESPORTS #36<br \/>\n<\/b><\/span><span style=\"font-size: 0.8em\">SPORK \/ MACDUFF \/ LARTILLEUX\u00a0<\/span><\/td>\n<td style=\"border-color: #ebebeb;text-align: center;width: 220px;vertical-align: middle\"><span style=\"font-size: 0.9em\"><strong>+1m43.685s<\/strong><\/span><\/td>\n<\/tr>\n<\/tbody>\n<\/table>\n<\/div>\n<h2 style=\"text-align: justify;\">\u00c0 lire aussi<\/h2>\n<ul>\n<li style=\"text-align: justify;\"><a href=\"https:\/\/livetiming.alkamelsystems.com\/lmvirtualseries\" target=\"_blank\" rel=\"noopener\"><strong>Le classement complet des 6 Heures de Spa dans le cadre des Le Mans Virtual Series<\/strong><\/a><\/li>\n<\/ul>\n<p><!--nextpage--><\/p>\n<p>&nbsp;<\/p>\n<p>&nbsp;<\/p>\n<p><span style=\"font-size: 0.9em;\"><b>\ud83c\uddeb\ud83c\uddf7 PESCAROLO ESPORT MONACO #16<br \/>\n<\/b><\/span><span style=\"font-size: 0.8em;\">ANDREI \/ PAUN \/ MURGULY<\/span><\/p>\n<p><span style=\"font-size: 0.9em;\"><b>\ud83c\uddeb\ud83c\uddf7 PANIS RACING TEAM #65<br \/>\n<\/b><\/span><span style=\"font-size: 0.8em;\">LAPCHIN \/ LEBIGRE \/ CAZAUBON<\/span><\/p>\n<p><span style=\"font-size: 0.9em;\"><b>\ud83c\uddec\ud83c\udde7 TEAM FORDZILLA #966<br \/>\n<\/b><\/span><span style=\"font-size: 0.8em;\">PINTO \/ FIDUCI \/ OTTAVIANI<\/span><\/p>\n","protected":false},"excerpt":{"rendered":"<p>LE MANS VIRTUAL SERIES 2022 &#8211; D\u00e9couvrez le classement (top 10) des 6 Heures de Spa virtuelles, qui se d\u00e9roulent ce samedi 5 novembre 2022, de 13h \u00e0 19h.<\/p>\n","protected":false},"author":4,"featured_media":275632,"comment_status":"open","ping_status":"closed","sticky":false,"template":"","format":"standard","meta":{"_acf_changed":false,"_daextam_enable_autolinks":"","footnotes":""},"categories":[16331,11306],"tags":[],"class_list":["post-275630","post","type-post","status-publish","format-standard","has-post-thumbnail","hentry","category-endurance","category-esport"],"acf":[],"yoast_head":"<!-- This site is optimized with the Yoast SEO Premium plugin v26.7 (Yoast SEO v26.7) - https:\/\/yoast.com\/wordpress\/plugins\/seo\/ -->\n<title>Le Mans Virtual Series 2022 - Classement 6 Heures de Spa<\/title>\n<meta name=\"description\" content=\"LE MANS VIRTUAL SERIES 2022 - D\u00e9couvrez le classement (top 10) des 6 Heures de Spa virtuelles, qui se d\u00e9roulent ce samedi 5 novembre 2022.\" \/>\n<meta name=\"robots\" content=\"index, follow, max-snippet:-1, max-image-preview:large, max-video-preview:-1\" \/>\n<link rel=\"canonical\" href=\"https:\/\/dicodusport.fr\/blog\/le-mans-virtual-series-2022-classement-6-heures-de-spa\/\" \/>\n<link rel=\"next\" href=\"https:\/\/dicodusport.fr\/blog\/le-mans-virtual-series-2022-classement-6-heures-de-spa\/2\/\" \/>\n<meta property=\"og:locale\" content=\"fr_FR\" \/>\n<meta property=\"og:type\" content=\"article\" \/>\n<meta property=\"og:title\" content=\"Le Mans Virtual Series 2022 - Classement 6 Heures de Spa\" \/>\n<meta property=\"og:description\" content=\"LE MANS VIRTUAL SERIES 2022 - D\u00e9couvrez le classement (top 10) des 6 Heures de Spa virtuelles, qui se d\u00e9roulent ce samedi 5 novembre 2022.\" \/>\n<meta property=\"og:url\" content=\"https:\/\/dicodusport.fr\/blog\/le-mans-virtual-series-2022-classement-6-heures-de-spa\/\" \/>\n<meta property=\"og:site_name\" content=\"Dicodusport\" \/>\n<meta property=\"article:publisher\" content=\"https:\/\/www.facebook.com\/dicodusport\" \/>\n<meta property=\"article:author\" content=\"https:\/\/www.facebook.com\/florent.ostermann\" \/>\n<meta property=\"article:published_time\" content=\"2022-11-05T19:00:10+00:00\" \/>\n<meta property=\"article:modified_time\" content=\"2023-04-18T10:22:16+00:00\" \/>\n<meta property=\"og:image\" content=\"https:\/\/dicodusport.fr\/blog\/wp-content\/uploads\/2022\/11\/Le-Mans-Virtual-Series-2022-Classement-6-Heures-de-Spa.png\" \/>\n\t<meta property=\"og:image:width\" content=\"1200\" \/>\n\t<meta property=\"og:image:height\" content=\"670\" \/>\n\t<meta property=\"og:image:type\" content=\"image\/png\" \/>\n<meta name=\"author\" content=\"Flo Ostermann\" \/>\n<meta name=\"twitter:card\" content=\"summary_large_image\" \/>\n<meta name=\"twitter:title\" content=\"Le Mans Virtual Series 2022 - Classement 6 Heures de Spa\" \/>\n<meta name=\"twitter:creator\" content=\"@https:\/\/twitter.com\/FlOstermann\" \/>\n<meta name=\"twitter:site\" content=\"@dicodusport\" \/>\n<script type=\"application\/ld+json\" class=\"yoast-schema-graph\">{\"@context\":\"https:\/\/schema.org\",\"@graph\":[{\"@type\":\"NewsArticle\",\"@id\":\"https:\/\/dicodusport.fr\/blog\/le-mans-virtual-series-2022-classement-6-heures-de-spa\/#article\",\"isPartOf\":{\"@id\":\"https:\/\/dicodusport.fr\/blog\/le-mans-virtual-series-2022-classement-6-heures-de-spa\/\"},\"author\":{\"name\":\"Flo Ostermann\",\"@id\":\"https:\/\/dicodusport.fr\/blog\/#\/schema\/person\/cb02af4c173ce4a653b55e9baf388d4a\"},\"headline\":\"Le Mans Virtual Series 2022 &#8211; Classement 6 Heures de Spa\",\"datePublished\":\"2022-11-05T19:00:10+00:00\",\"dateModified\":\"2023-04-18T10:22:16+00:00\",\"mainEntityOfPage\":{\"@id\":\"https:\/\/dicodusport.fr\/blog\/le-mans-virtual-series-2022-classement-6-heures-de-spa\/\"},\"wordCount\":232,\"commentCount\":0,\"publisher\":{\"@id\":\"https:\/\/dicodusport.fr\/blog\/#organization\"},\"image\":{\"@id\":\"https:\/\/dicodusport.fr\/blog\/le-mans-virtual-series-2022-classement-6-heures-de-spa\/#primaryimage\"},\"thumbnailUrl\":\"https:\/\/dicodusport.fr\/blog\/wp-content\/uploads\/2022\/11\/Le-Mans-Virtual-Series-2022-Classement-6-Heures-de-Spa.png\",\"articleSection\":[\"Endurance\",\"Esport\"],\"inLanguage\":\"fr-FR\",\"potentialAction\":[{\"@type\":\"CommentAction\",\"name\":\"Comment\",\"target\":[\"https:\/\/dicodusport.fr\/blog\/le-mans-virtual-series-2022-classement-6-heures-de-spa\/#respond\"]}],\"copyrightYear\":\"2022\",\"copyrightHolder\":{\"@id\":\"https:\/\/dicodusport.fr\/blog\/#organization\"}},{\"@type\":\"WebPage\",\"@id\":\"https:\/\/dicodusport.fr\/blog\/le-mans-virtual-series-2022-classement-6-heures-de-spa\/\",\"url\":\"https:\/\/dicodusport.fr\/blog\/le-mans-virtual-series-2022-classement-6-heures-de-spa\/\",\"name\":\"Le Mans Virtual Series 2022 - Classement 6 Heures de Spa\",\"isPartOf\":{\"@id\":\"https:\/\/dicodusport.fr\/blog\/#website\"},\"primaryImageOfPage\":{\"@id\":\"https:\/\/dicodusport.fr\/blog\/le-mans-virtual-series-2022-classement-6-heures-de-spa\/#primaryimage\"},\"image\":{\"@id\":\"https:\/\/dicodusport.fr\/blog\/le-mans-virtual-series-2022-classement-6-heures-de-spa\/#primaryimage\"},\"thumbnailUrl\":\"https:\/\/dicodusport.fr\/blog\/wp-content\/uploads\/2022\/11\/Le-Mans-Virtual-Series-2022-Classement-6-Heures-de-Spa.png\",\"datePublished\":\"2022-11-05T19:00:10+00:00\",\"dateModified\":\"2023-04-18T10:22:16+00:00\",\"description\":\"LE MANS VIRTUAL SERIES 2022 - D\u00e9couvrez le classement (top 10) des 6 Heures de Spa virtuelles, qui se d\u00e9roulent ce samedi 5 novembre 2022.\",\"inLanguage\":\"fr-FR\",\"potentialAction\":[{\"@type\":\"ReadAction\",\"target\":[\"https:\/\/dicodusport.fr\/blog\/le-mans-virtual-series-2022-classement-6-heures-de-spa\/\"]}]},{\"@type\":\"ImageObject\",\"inLanguage\":\"fr-FR\",\"@id\":\"https:\/\/dicodusport.fr\/blog\/le-mans-virtual-series-2022-classement-6-heures-de-spa\/#primaryimage\",\"url\":\"https:\/\/dicodusport.fr\/blog\/wp-content\/uploads\/2022\/11\/Le-Mans-Virtual-Series-2022-Classement-6-Heures-de-Spa.png\",\"contentUrl\":\"https:\/\/dicodusport.fr\/blog\/wp-content\/uploads\/2022\/11\/Le-Mans-Virtual-Series-2022-Classement-6-Heures-de-Spa.png\",\"width\":1200,\"height\":670,\"caption\":\"Le Mans Virtual Series 2022 - Classement 6 Heures de Spa\"},{\"@type\":\"WebSite\",\"@id\":\"https:\/\/dicodusport.fr\/blog\/#website\",\"url\":\"https:\/\/dicodusport.fr\/blog\/\",\"name\":\"Dicodusport\",\"description\":\"L&#039;encyclop\u00e9die de l&#039;actualit\u00e9 sportive\",\"publisher\":{\"@id\":\"https:\/\/dicodusport.fr\/blog\/#organization\"},\"potentialAction\":[{\"@type\":\"SearchAction\",\"target\":{\"@type\":\"EntryPoint\",\"urlTemplate\":\"https:\/\/dicodusport.fr\/blog\/?s={search_term_string}\"},\"query-input\":{\"@type\":\"PropertyValueSpecification\",\"valueRequired\":true,\"valueName\":\"search_term_string\"}}],\"inLanguage\":\"fr-FR\"},{\"@type\":\"NewsMediaOrganization\",\"@id\":\"https:\/\/dicodusport.fr\/blog\/#organization\",\"name\":\"Dicodusport\",\"url\":\"https:\/\/dicodusport.fr\/blog\/\",\"logo\":{\"@type\":\"ImageObject\",\"inLanguage\":\"fr-FR\",\"@id\":\"https:\/\/dicodusport.fr\/blog\/#\/schema\/logo\/image\/\",\"url\":\"https:\/\/dicodusport.fr\/blog\/wp-content\/uploads\/2020\/06\/cropped-LOGO-DICODUSPORT-2020-SANS-FOND-SANS-TEXTE.png\",\"contentUrl\":\"https:\/\/dicodusport.fr\/blog\/wp-content\/uploads\/2020\/06\/cropped-LOGO-DICODUSPORT-2020-SANS-FOND-SANS-TEXTE.png\",\"width\":512,\"height\":512,\"caption\":\"Dicodusport\"},\"image\":{\"@id\":\"https:\/\/dicodusport.fr\/blog\/#\/schema\/logo\/image\/\"},\"sameAs\":[\"https:\/\/www.facebook.com\/dicodusport\",\"https:\/\/x.com\/dicodusport\",\"https:\/\/www.instagram.com\/dicodusport\/\",\"https:\/\/www.youtube.com\/channel\/UC7V2KZ5sd3htJivAbA4ZG3w\"],\"description\":\"Dicodusport est l'encyclop\u00e9die de l'actualit\u00e9 sportive.\",\"email\":\"bonjour@dicodusport.fr\",\"legalName\":\"DICODUSPORT\",\"foundingDate\":\"2018-01-14\",\"vatID\":\"FR71834470973\",\"taxID\":\"83447097300043\",\"numberOfEmployees\":{\"@type\":\"QuantitativeValue\",\"minValue\":\"1\",\"maxValue\":\"10\"}},{\"@type\":\"Person\",\"@id\":\"https:\/\/dicodusport.fr\/blog\/#\/schema\/person\/cb02af4c173ce4a653b55e9baf388d4a\",\"name\":\"Flo Ostermann\",\"image\":{\"@type\":\"ImageObject\",\"inLanguage\":\"fr-FR\",\"@id\":\"https:\/\/dicodusport.fr\/blog\/#\/schema\/person\/image\/\",\"url\":\"https:\/\/dicodusport.fr\/blog\/wp-content\/uploads\/2021\/05\/Flo-Ostermann-150x150.jpg\",\"contentUrl\":\"https:\/\/dicodusport.fr\/blog\/wp-content\/uploads\/2021\/05\/Flo-Ostermann-150x150.jpg\",\"caption\":\"Flo Ostermann\"},\"description\":\"Journaliste\/R\u00e9dacteur depuis septembre 2015 - Mes premiers souvenirs dans le sport ? Les envol\u00e9es du Stade Toulousain et les duels Villeneuve-Schumacher et H\u00e4kkinen-Schumacher \u00e0 la fin des ann\u00e9es 90, la Coupe du monde de football en 1998, l\u2019exploit du XV de France face aux All Blacks en 1999, mais aussi Richard C\u0153ur de Lion qui vole sur les montagnes du Tour de France. Bien parti pour devenir professeur d\u2019EPS, les \u00e9v\u00e9nements de la vie (et la flemme d\u2019animer des s\u00e9ances de 3x500 m\u00e8tres toute ma vie) m\u2019ont conduit \u00e0 revoir mes plans. Me voil\u00e0 depuis fin 2017 sur Dicodusport, m\u00e9dia gr\u00e2ce (et pour) lequel je partage ma passion : le sport dans tous ses \u00e9tats. Le tout accompagn\u00e9 par les fous furieux et folles furieuses cit\u00e9s sur cette page !\",\"sameAs\":[\"https:\/\/www.facebook.com\/florent.ostermann\",\"https:\/\/x.com\/https:\/\/twitter.com\/FlOstermann\",\"admin\"],\"url\":\"https:\/\/dicodusport.fr\/blog\/author\/flo\/\"}]}<\/script>\n<!-- \/ Yoast SEO Premium plugin. -->","yoast_head_json":{"title":"Le Mans Virtual Series 2022 - Classement 6 Heures de Spa","description":"LE MANS VIRTUAL SERIES 2022 - D\u00e9couvrez le classement (top 10) des 6 Heures de Spa virtuelles, qui se d\u00e9roulent ce samedi 5 novembre 2022.","robots":{"index":"index","follow":"follow","max-snippet":"max-snippet:-1","max-image-preview":"max-image-preview:large","max-video-preview":"max-video-preview:-1"},"canonical":"https:\/\/dicodusport.fr\/blog\/le-mans-virtual-series-2022-classement-6-heures-de-spa\/","next":"https:\/\/dicodusport.fr\/blog\/le-mans-virtual-series-2022-classement-6-heures-de-spa\/2\/","og_locale":"fr_FR","og_type":"article","og_title":"Le Mans Virtual Series 2022 - Classement 6 Heures de Spa","og_description":"LE MANS VIRTUAL SERIES 2022 - D\u00e9couvrez le classement (top 10) des 6 Heures de Spa virtuelles, qui se d\u00e9roulent ce samedi 5 novembre 2022.","og_url":"https:\/\/dicodusport.fr\/blog\/le-mans-virtual-series-2022-classement-6-heures-de-spa\/","og_site_name":"Dicodusport","article_publisher":"https:\/\/www.facebook.com\/dicodusport","article_author":"https:\/\/www.facebook.com\/florent.ostermann","article_published_time":"2022-11-05T19:00:10+00:00","article_modified_time":"2023-04-18T10:22:16+00:00","og_image":[{"width":1200,"height":670,"url":"https:\/\/dicodusport.fr\/blog\/wp-content\/uploads\/2022\/11\/Le-Mans-Virtual-Series-2022-Classement-6-Heures-de-Spa.png","type":"image\/png"}],"author":"Flo Ostermann","twitter_card":"summary_large_image","twitter_title":"Le Mans Virtual Series 2022 - Classement 6 Heures de Spa","twitter_creator":"@https:\/\/twitter.com\/FlOstermann","twitter_site":"@dicodusport","schema":{"@context":"https:\/\/schema.org","@graph":[{"@type":"NewsArticle","@id":"https:\/\/dicodusport.fr\/blog\/le-mans-virtual-series-2022-classement-6-heures-de-spa\/#article","isPartOf":{"@id":"https:\/\/dicodusport.fr\/blog\/le-mans-virtual-series-2022-classement-6-heures-de-spa\/"},"author":{"name":"Flo Ostermann","@id":"https:\/\/dicodusport.fr\/blog\/#\/schema\/person\/cb02af4c173ce4a653b55e9baf388d4a"},"headline":"Le Mans Virtual Series 2022 &#8211; Classement 6 Heures de Spa","datePublished":"2022-11-05T19:00:10+00:00","dateModified":"2023-04-18T10:22:16+00:00","mainEntityOfPage":{"@id":"https:\/\/dicodusport.fr\/blog\/le-mans-virtual-series-2022-classement-6-heures-de-spa\/"},"wordCount":232,"commentCount":0,"publisher":{"@id":"https:\/\/dicodusport.fr\/blog\/#organization"},"image":{"@id":"https:\/\/dicodusport.fr\/blog\/le-mans-virtual-series-2022-classement-6-heures-de-spa\/#primaryimage"},"thumbnailUrl":"https:\/\/dicodusport.fr\/blog\/wp-content\/uploads\/2022\/11\/Le-Mans-Virtual-Series-2022-Classement-6-Heures-de-Spa.png","articleSection":["Endurance","Esport"],"inLanguage":"fr-FR","potentialAction":[{"@type":"CommentAction","name":"Comment","target":["https:\/\/dicodusport.fr\/blog\/le-mans-virtual-series-2022-classement-6-heures-de-spa\/#respond"]}],"copyrightYear":"2022","copyrightHolder":{"@id":"https:\/\/dicodusport.fr\/blog\/#organization"}},{"@type":"WebPage","@id":"https:\/\/dicodusport.fr\/blog\/le-mans-virtual-series-2022-classement-6-heures-de-spa\/","url":"https:\/\/dicodusport.fr\/blog\/le-mans-virtual-series-2022-classement-6-heures-de-spa\/","name":"Le Mans Virtual Series 2022 - Classement 6 Heures de Spa","isPartOf":{"@id":"https:\/\/dicodusport.fr\/blog\/#website"},"primaryImageOfPage":{"@id":"https:\/\/dicodusport.fr\/blog\/le-mans-virtual-series-2022-classement-6-heures-de-spa\/#primaryimage"},"image":{"@id":"https:\/\/dicodusport.fr\/blog\/le-mans-virtual-series-2022-classement-6-heures-de-spa\/#primaryimage"},"thumbnailUrl":"https:\/\/dicodusport.fr\/blog\/wp-content\/uploads\/2022\/11\/Le-Mans-Virtual-Series-2022-Classement-6-Heures-de-Spa.png","datePublished":"2022-11-05T19:00:10+00:00","dateModified":"2023-04-18T10:22:16+00:00","description":"LE MANS VIRTUAL SERIES 2022 - D\u00e9couvrez le classement (top 10) des 6 Heures de Spa virtuelles, qui se d\u00e9roulent ce samedi 5 novembre 2022.","inLanguage":"fr-FR","potentialAction":[{"@type":"ReadAction","target":["https:\/\/dicodusport.fr\/blog\/le-mans-virtual-series-2022-classement-6-heures-de-spa\/"]}]},{"@type":"ImageObject","inLanguage":"fr-FR","@id":"https:\/\/dicodusport.fr\/blog\/le-mans-virtual-series-2022-classement-6-heures-de-spa\/#primaryimage","url":"https:\/\/dicodusport.fr\/blog\/wp-content\/uploads\/2022\/11\/Le-Mans-Virtual-Series-2022-Classement-6-Heures-de-Spa.png","contentUrl":"https:\/\/dicodusport.fr\/blog\/wp-content\/uploads\/2022\/11\/Le-Mans-Virtual-Series-2022-Classement-6-Heures-de-Spa.png","width":1200,"height":670,"caption":"Le Mans Virtual Series 2022 - Classement 6 Heures de Spa"},{"@type":"WebSite","@id":"https:\/\/dicodusport.fr\/blog\/#website","url":"https:\/\/dicodusport.fr\/blog\/","name":"Dicodusport","description":"L&#039;encyclop\u00e9die de l&#039;actualit\u00e9 sportive","publisher":{"@id":"https:\/\/dicodusport.fr\/blog\/#organization"},"potentialAction":[{"@type":"SearchAction","target":{"@type":"EntryPoint","urlTemplate":"https:\/\/dicodusport.fr\/blog\/?s={search_term_string}"},"query-input":{"@type":"PropertyValueSpecification","valueRequired":true,"valueName":"search_term_string"}}],"inLanguage":"fr-FR"},{"@type":"NewsMediaOrganization","@id":"https:\/\/dicodusport.fr\/blog\/#organization","name":"Dicodusport","url":"https:\/\/dicodusport.fr\/blog\/","logo":{"@type":"ImageObject","inLanguage":"fr-FR","@id":"https:\/\/dicodusport.fr\/blog\/#\/schema\/logo\/image\/","url":"https:\/\/dicodusport.fr\/blog\/wp-content\/uploads\/2020\/06\/cropped-LOGO-DICODUSPORT-2020-SANS-FOND-SANS-TEXTE.png","contentUrl":"https:\/\/dicodusport.fr\/blog\/wp-content\/uploads\/2020\/06\/cropped-LOGO-DICODUSPORT-2020-SANS-FOND-SANS-TEXTE.png","width":512,"height":512,"caption":"Dicodusport"},"image":{"@id":"https:\/\/dicodusport.fr\/blog\/#\/schema\/logo\/image\/"},"sameAs":["https:\/\/www.facebook.com\/dicodusport","https:\/\/x.com\/dicodusport","https:\/\/www.instagram.com\/dicodusport\/","https:\/\/www.youtube.com\/channel\/UC7V2KZ5sd3htJivAbA4ZG3w"],"description":"Dicodusport est l'encyclop\u00e9die de l'actualit\u00e9 sportive.","email":"bonjour@dicodusport.fr","legalName":"DICODUSPORT","foundingDate":"2018-01-14","vatID":"FR71834470973","taxID":"83447097300043","numberOfEmployees":{"@type":"QuantitativeValue","minValue":"1","maxValue":"10"}},{"@type":"Person","@id":"https:\/\/dicodusport.fr\/blog\/#\/schema\/person\/cb02af4c173ce4a653b55e9baf388d4a","name":"Flo Ostermann","image":{"@type":"ImageObject","inLanguage":"fr-FR","@id":"https:\/\/dicodusport.fr\/blog\/#\/schema\/person\/image\/","url":"https:\/\/dicodusport.fr\/blog\/wp-content\/uploads\/2021\/05\/Flo-Ostermann-150x150.jpg","contentUrl":"https:\/\/dicodusport.fr\/blog\/wp-content\/uploads\/2021\/05\/Flo-Ostermann-150x150.jpg","caption":"Flo Ostermann"},"description":"Journaliste\/R\u00e9dacteur depuis septembre 2015 - Mes premiers souvenirs dans le sport ? Les envol\u00e9es du Stade Toulousain et les duels Villeneuve-Schumacher et H\u00e4kkinen-Schumacher \u00e0 la fin des ann\u00e9es 90, la Coupe du monde de football en 1998, l\u2019exploit du XV de France face aux All Blacks en 1999, mais aussi Richard C\u0153ur de Lion qui vole sur les montagnes du Tour de France. Bien parti pour devenir professeur d\u2019EPS, les \u00e9v\u00e9nements de la vie (et la flemme d\u2019animer des s\u00e9ances de 3x500 m\u00e8tres toute ma vie) m\u2019ont conduit \u00e0 revoir mes plans. Me voil\u00e0 depuis fin 2017 sur Dicodusport, m\u00e9dia gr\u00e2ce (et pour) lequel je partage ma passion : le sport dans tous ses \u00e9tats. Le tout accompagn\u00e9 par les fous furieux et folles furieuses cit\u00e9s sur cette page !","sameAs":["https:\/\/www.facebook.com\/florent.ostermann","https:\/\/x.com\/https:\/\/twitter.com\/FlOstermann","admin"],"url":"https:\/\/dicodusport.fr\/blog\/author\/flo\/"}]}},"_links":{"self":[{"href":"https:\/\/dicodusport.fr\/blog\/wp-json\/wp\/v2\/posts\/275630","targetHints":{"allow":["GET"]}}],"collection":[{"href":"https:\/\/dicodusport.fr\/blog\/wp-json\/wp\/v2\/posts"}],"about":[{"href":"https:\/\/dicodusport.fr\/blog\/wp-json\/wp\/v2\/types\/post"}],"author":[{"embeddable":true,"href":"https:\/\/dicodusport.fr\/blog\/wp-json\/wp\/v2\/users\/4"}],"replies":[{"embeddable":true,"href":"https:\/\/dicodusport.fr\/blog\/wp-json\/wp\/v2\/comments?post=275630"}],"version-history":[{"count":0,"href":"https:\/\/dicodusport.fr\/blog\/wp-json\/wp\/v2\/posts\/275630\/revisions"}],"wp:featuredmedia":[{"embeddable":true,"href":"https:\/\/dicodusport.fr\/blog\/wp-json\/wp\/v2\/media\/275632"}],"wp:attachment":[{"href":"https:\/\/dicodusport.fr\/blog\/wp-json\/wp\/v2\/media?parent=275630"}],"wp:term":[{"taxonomy":"category","embeddable":true,"href":"https:\/\/dicodusport.fr\/blog\/wp-json\/wp\/v2\/categories?post=275630"},{"taxonomy":"post_tag","embeddable":true,"href":"https:\/\/dicodusport.fr\/blog\/wp-json\/wp\/v2\/tags?post=275630"}],"curies":[{"name":"wp","href":"https:\/\/api.w.org\/{rel}","templated":true}]}}