{"id":27573,"date":"2018-10-19T12:00:02","date_gmt":"2018-10-19T10:00:02","guid":{"rendered":"http:\/\/dicodusport.fr\/blog\/?p=27573"},"modified":"2018-10-19T10:25:50","modified_gmt":"2018-10-19T08:25:50","slug":"festival-des-templiers-lincontournable-du-trail","status":"publish","type":"post","link":"https:\/\/dicodusport.fr\/blog\/festival-des-templiers-lincontournable-du-trail\/","title":{"rendered":"Festival des Templiers, l&rsquo;incontournable du Trail"},"content":{"rendered":"<p style=\"text-align: justify;\"><em><strong>Pendant que les plus t\u00e9m\u00e9raires sont en train d\u2019en d\u00e9coudre \u00e0 plusieurs milliers de kilom\u00e8tres sur la Diagonale des Fous du Grand Raid de la R\u00e9union, un autre \u00e9v\u00e8nement majeur du Trail se tient ce week-end \u00e0 Millau avec le Festival des Templiers. Pr\u00e9sentation de cet \u00e9norme week-end Trail en perspective. <\/strong><\/em><\/p>\n<p style=\"text-align: justify;\">12.000\u00a0! C\u2019est le nombre de coureurs attendus tout au long du week-end du c\u00f4t\u00e9 de Millau pour l\u2019\u00e9dition 2018 du Festival des Templiers. Une affluence toujours plus importante, et cela pour la 24<sup>\u00e8me<\/sup> \u00e9dition de ce rendez-vous devenu mythique des amateurs de Trail. Et cette ann\u00e9e encore, il y en a pour tous les go\u00fbts et toutes les distances. D\u2019aujourd\u2019hui \u00e0 dimanche, pas moins de 16 courses seront propos\u00e9es par les organisateurs, allant de 9 \u00e0 100 kilom\u00e8tres, ainsi que des courses pour les plus jeunes.<\/p>\n<div id=\"attachment_27575\" style=\"width: 670px\" class=\"wp-caption aligncenter\"><img loading=\"lazy\" decoding=\"async\" aria-describedby=\"caption-attachment-27575\" class=\"size-large wp-image-27575\" src=\"http:\/\/dicodusport.fr\/blog\/wp-content\/uploads\/2018\/10\/Des-paysages-a\u0300-couper-le-souffle-Festival-des-Templiers-1024x401.jpg\" alt=\"\" width=\"660\" height=\"258\" srcset=\"https:\/\/dicodusport.fr\/blog\/wp-content\/uploads\/2018\/10\/Des-paysages-a\u0300-couper-le-souffle-Festival-des-Templiers-1024x401.jpg 1024w, https:\/\/dicodusport.fr\/blog\/wp-content\/uploads\/2018\/10\/Des-paysages-a\u0300-couper-le-souffle-Festival-des-Templiers-300x117.jpg 300w, https:\/\/dicodusport.fr\/blog\/wp-content\/uploads\/2018\/10\/Des-paysages-a\u0300-couper-le-souffle-Festival-des-Templiers-768x300.jpg 768w, https:\/\/dicodusport.fr\/blog\/wp-content\/uploads\/2018\/10\/Des-paysages-a\u0300-couper-le-souffle-Festival-des-Templiers.jpg 1600w\" sizes=\"auto, (max-width: 660px) 100vw, 660px\" \/><p id=\"caption-attachment-27575\" class=\"wp-caption-text\">Des paysages a\u0300 couper le souffle &#8211; Festival des Templiers<\/p><\/div>\n<p style=\"text-align: justify;\">C\u2019est ce matin que le premier d\u00e9part fut donn\u00e9 pour la course la plus longue de ce Festival des Templiers, d\u00e8s 4h15, avec l\u2019Endurance Trail et ses 100,5 kilom\u00e8tres redout\u00e9s de tous. Mais c\u2019est ce dimanche, \u00e0 partir de 5h45, que ce sera donn\u00e9 le d\u00e9part de la plus mythique des courses des Templiers, celle pour qui de nombreux coureurs se d\u00e9placent de loin\u00a0: le Grand Trail des Templiers. Avec ses 78 kilom\u00e8tres et 3660 m\u00e8tres de d\u00e9nivel\u00e9 positif, elle accueille pas moins de 2700 coureurs sur sa ligne de d\u00e9part et conclut un week-end d\u2019exception et cela depuis 1995.<\/p>\n<div id=\"attachment_27574\" style=\"width: 858px\" class=\"wp-caption aligncenter\"><img loading=\"lazy\" decoding=\"async\" aria-describedby=\"caption-attachment-27574\" class=\"size-full wp-image-27574\" src=\"http:\/\/dicodusport.fr\/blog\/wp-content\/uploads\/2018\/10\/Une-ambiance-de-feu-tout-au-long-du-weekend-Trace-de-Trail-.jpg\" alt=\"\" width=\"848\" height=\"565\" srcset=\"https:\/\/dicodusport.fr\/blog\/wp-content\/uploads\/2018\/10\/Une-ambiance-de-feu-tout-au-long-du-weekend-Trace-de-Trail-.jpg 848w, https:\/\/dicodusport.fr\/blog\/wp-content\/uploads\/2018\/10\/Une-ambiance-de-feu-tout-au-long-du-weekend-Trace-de-Trail--300x200.jpg 300w, https:\/\/dicodusport.fr\/blog\/wp-content\/uploads\/2018\/10\/Une-ambiance-de-feu-tout-au-long-du-weekend-Trace-de-Trail--768x512.jpg 768w\" sizes=\"auto, (max-width: 848px) 100vw, 848px\" \/><p id=\"caption-attachment-27574\" class=\"wp-caption-text\">Une ambiance de feu tout au long du weekend &#8211; Trace de Trail<\/p><\/div>\n<p style=\"text-align: justify;\">Le Festival des Templiers ne serait pas une telle r\u00e9ussite sans son fameux Salon du Trail qui regroupe sur 3000 m\u00e8tres carr\u00e9s plus de 120 exposants, avec un sujet et une passion commune\u00a0: le Trail\u00a0! Le Salon du Trail du Festival des Templiers est ainsi devenu au fil des ann\u00e9es un rendez-vous incontournable pour les professionnels de la course \u00e0 pied en nature, du textile aux chaussures, en passant par la nutrition ou encore les repr\u00e9sentants des autres courses du calendrier annuel.<\/p>\n<p style=\"text-align: justify;\">Ce week-end Trail \u00e0 Millau s\u2019annonce donc encore comme une belle r\u00e9ussite pour cette \u00e9dition 2018, pour le plus grand bonheur de tous les passionn\u00e9s de course \u00e0 pied et de course en nature.<\/p>\n<p style=\"text-align: justify;\"><strong><em>Bastien Pitte<br \/>\n<a href=\"https:\/\/www.facebook.com\/bastien.pitte\" target=\"_blank\" rel=\"noopener\"><img loading=\"lazy\" decoding=\"async\" class=\"alignnone wp-image-2909\" src=\"http:\/\/dicodusport.fr\/blog\/wp-content\/uploads\/2017\/07\/logo-facebook-150x150.png\" alt=\"\" width=\"39\" height=\"39\" \/><\/a><\/em><\/strong><a href=\"https:\/\/www.linkedin.com\/in\/bastien-pitte\" target=\"_blank\" rel=\"noopener\"><img loading=\"lazy\" decoding=\"async\" class=\"alignnone wp-image-3711\" src=\"http:\/\/dicodusport.fr\/blog\/wp-content\/uploads\/2017\/08\/signature-linkedin-150x150.png\" alt=\"\" width=\"39\" height=\"39\" srcset=\"https:\/\/dicodusport.fr\/blog\/wp-content\/uploads\/2017\/08\/signature-linkedin-150x150.png 150w, https:\/\/dicodusport.fr\/blog\/wp-content\/uploads\/2017\/08\/signature-linkedin.png 295w\" sizes=\"auto, (max-width: 39px) 100vw, 39px\" \/><\/a><\/p>\n","protected":false},"excerpt":{"rendered":"<p>Un autre \u00e9v\u00e8nement majeur du Trail se tient ce week-end \u00e0 Millau avec le Festival des Templiers. Pr\u00e9sentation de cet \u00e9norme week-end Trail en perspective.<\/p>\n","protected":false},"author":28,"featured_media":27577,"comment_status":"open","ping_status":"closed","sticky":false,"template":"","format":"standard","meta":{"_acf_changed":false,"_daextam_enable_autolinks":"","footnotes":""},"categories":[2,2316],"tags":[352,862],"class_list":["post-27573","post","type-post","status-publish","format-standard","has-post-thumbnail","hentry","category-actualites","category-tous-les-sports","tag-running","tag-trail"],"acf":[],"yoast_head":"<!-- This site is optimized with the Yoast SEO Premium plugin v26.7 (Yoast SEO v26.7) - https:\/\/yoast.com\/wordpress\/plugins\/seo\/ -->\n<title>Festival des Templiers, l&#039;incontournable du Trail<\/title>\n<meta name=\"description\" content=\"Un autre \u00e9v\u00e8nement majeur du Trail se tient ce week-end \u00e0 Millau avec le Festival des Templiers. Pr\u00e9sentation de cet \u00e9norme week-end Trail en perspective.\" \/>\n<meta name=\"robots\" content=\"index, follow, max-snippet:-1, max-image-preview:large, max-video-preview:-1\" \/>\n<link rel=\"canonical\" href=\"https:\/\/dicodusport.fr\/blog\/festival-des-templiers-lincontournable-du-trail\/\" \/>\n<meta property=\"og:locale\" content=\"fr_FR\" \/>\n<meta property=\"og:type\" content=\"article\" \/>\n<meta property=\"og:title\" content=\"Festival des Templiers, l&#039;incontournable du Trail\" \/>\n<meta property=\"og:description\" content=\"Un autre \u00e9v\u00e8nement majeur du Trail se tient ce week-end \u00e0 Millau avec le Festival des Templiers. Pr\u00e9sentation de cet \u00e9norme week-end Trail en perspective.\" \/>\n<meta property=\"og:url\" content=\"https:\/\/dicodusport.fr\/blog\/festival-des-templiers-lincontournable-du-trail\/\" \/>\n<meta property=\"og:site_name\" content=\"Dicodusport\" \/>\n<meta property=\"article:publisher\" content=\"https:\/\/www.facebook.com\/dicodusport\" \/>\n<meta property=\"article:published_time\" content=\"2018-10-19T10:00:02+00:00\" \/>\n<meta property=\"og:image\" content=\"https:\/\/dicodusport.fr\/blog\/wp-content\/uploads\/2018\/10\/Festival-des-Templiers-Trail.png\" \/>\n\t<meta property=\"og:image:width\" content=\"800\" \/>\n\t<meta property=\"og:image:height\" content=\"445\" \/>\n\t<meta property=\"og:image:type\" content=\"image\/png\" \/>\n<meta name=\"author\" content=\"Bastien Pitte\" \/>\n<meta name=\"twitter:card\" content=\"summary_large_image\" \/>\n<meta name=\"twitter:creator\" content=\"@dicodusport\" \/>\n<meta name=\"twitter:site\" content=\"@dicodusport\" \/>\n<script type=\"application\/ld+json\" class=\"yoast-schema-graph\">{\"@context\":\"https:\/\/schema.org\",\"@graph\":[{\"@type\":\"NewsArticle\",\"@id\":\"https:\/\/dicodusport.fr\/blog\/festival-des-templiers-lincontournable-du-trail\/#article\",\"isPartOf\":{\"@id\":\"https:\/\/dicodusport.fr\/blog\/festival-des-templiers-lincontournable-du-trail\/\"},\"author\":{\"name\":\"Bastien Pitte\",\"@id\":\"https:\/\/dicodusport.fr\/blog\/#\/schema\/person\/0d3ca824646a2d0c77bdd7e45230c071\"},\"headline\":\"Festival des Templiers, l&rsquo;incontournable du Trail\",\"datePublished\":\"2018-10-19T10:00:02+00:00\",\"mainEntityOfPage\":{\"@id\":\"https:\/\/dicodusport.fr\/blog\/festival-des-templiers-lincontournable-du-trail\/\"},\"wordCount\":417,\"commentCount\":0,\"publisher\":{\"@id\":\"https:\/\/dicodusport.fr\/blog\/#organization\"},\"image\":{\"@id\":\"https:\/\/dicodusport.fr\/blog\/festival-des-templiers-lincontournable-du-trail\/#primaryimage\"},\"thumbnailUrl\":\"https:\/\/dicodusport.fr\/blog\/wp-content\/uploads\/2018\/10\/Festival-des-Templiers-Trail.png\",\"keywords\":[\"Running\",\"trail\"],\"articleSection\":[\"Actualit\u00e9s\",\"Sports\"],\"inLanguage\":\"fr-FR\",\"potentialAction\":[{\"@type\":\"CommentAction\",\"name\":\"Comment\",\"target\":[\"https:\/\/dicodusport.fr\/blog\/festival-des-templiers-lincontournable-du-trail\/#respond\"]}],\"copyrightYear\":\"2018\",\"copyrightHolder\":{\"@id\":\"https:\/\/dicodusport.fr\/blog\/#organization\"}},{\"@type\":\"WebPage\",\"@id\":\"https:\/\/dicodusport.fr\/blog\/festival-des-templiers-lincontournable-du-trail\/\",\"url\":\"https:\/\/dicodusport.fr\/blog\/festival-des-templiers-lincontournable-du-trail\/\",\"name\":\"Festival des Templiers, l'incontournable du Trail\",\"isPartOf\":{\"@id\":\"https:\/\/dicodusport.fr\/blog\/#website\"},\"primaryImageOfPage\":{\"@id\":\"https:\/\/dicodusport.fr\/blog\/festival-des-templiers-lincontournable-du-trail\/#primaryimage\"},\"image\":{\"@id\":\"https:\/\/dicodusport.fr\/blog\/festival-des-templiers-lincontournable-du-trail\/#primaryimage\"},\"thumbnailUrl\":\"https:\/\/dicodusport.fr\/blog\/wp-content\/uploads\/2018\/10\/Festival-des-Templiers-Trail.png\",\"datePublished\":\"2018-10-19T10:00:02+00:00\",\"description\":\"Un autre \u00e9v\u00e8nement majeur du Trail se tient ce week-end \u00e0 Millau avec le Festival des Templiers. Pr\u00e9sentation de cet \u00e9norme week-end Trail en perspective.\",\"breadcrumb\":{\"@id\":\"https:\/\/dicodusport.fr\/blog\/festival-des-templiers-lincontournable-du-trail\/#breadcrumb\"},\"inLanguage\":\"fr-FR\",\"potentialAction\":[{\"@type\":\"ReadAction\",\"target\":[\"https:\/\/dicodusport.fr\/blog\/festival-des-templiers-lincontournable-du-trail\/\"]}]},{\"@type\":\"ImageObject\",\"inLanguage\":\"fr-FR\",\"@id\":\"https:\/\/dicodusport.fr\/blog\/festival-des-templiers-lincontournable-du-trail\/#primaryimage\",\"url\":\"https:\/\/dicodusport.fr\/blog\/wp-content\/uploads\/2018\/10\/Festival-des-Templiers-Trail.png\",\"contentUrl\":\"https:\/\/dicodusport.fr\/blog\/wp-content\/uploads\/2018\/10\/Festival-des-Templiers-Trail.png\",\"width\":800,\"height\":445},{\"@type\":\"BreadcrumbList\",\"@id\":\"https:\/\/dicodusport.fr\/blog\/festival-des-templiers-lincontournable-du-trail\/#breadcrumb\",\"itemListElement\":[{\"@type\":\"ListItem\",\"position\":1,\"name\":\"Accueil\",\"item\":\"https:\/\/dicodusport.fr\/blog\/\"},{\"@type\":\"ListItem\",\"position\":2,\"name\":\"Festival des Templiers, l&rsquo;incontournable du Trail\"}]},{\"@type\":\"WebSite\",\"@id\":\"https:\/\/dicodusport.fr\/blog\/#website\",\"url\":\"https:\/\/dicodusport.fr\/blog\/\",\"name\":\"Dicodusport\",\"description\":\"L&#039;encyclop\u00e9die de l&#039;actualit\u00e9 sportive\",\"publisher\":{\"@id\":\"https:\/\/dicodusport.fr\/blog\/#organization\"},\"potentialAction\":[{\"@type\":\"SearchAction\",\"target\":{\"@type\":\"EntryPoint\",\"urlTemplate\":\"https:\/\/dicodusport.fr\/blog\/?s={search_term_string}\"},\"query-input\":{\"@type\":\"PropertyValueSpecification\",\"valueRequired\":true,\"valueName\":\"search_term_string\"}}],\"inLanguage\":\"fr-FR\"},{\"@type\":\"NewsMediaOrganization\",\"@id\":\"https:\/\/dicodusport.fr\/blog\/#organization\",\"name\":\"Dicodusport\",\"url\":\"https:\/\/dicodusport.fr\/blog\/\",\"logo\":{\"@type\":\"ImageObject\",\"inLanguage\":\"fr-FR\",\"@id\":\"https:\/\/dicodusport.fr\/blog\/#\/schema\/logo\/image\/\",\"url\":\"https:\/\/dicodusport.fr\/blog\/wp-content\/uploads\/2020\/06\/cropped-LOGO-DICODUSPORT-2020-SANS-FOND-SANS-TEXTE.png\",\"contentUrl\":\"https:\/\/dicodusport.fr\/blog\/wp-content\/uploads\/2020\/06\/cropped-LOGO-DICODUSPORT-2020-SANS-FOND-SANS-TEXTE.png\",\"width\":512,\"height\":512,\"caption\":\"Dicodusport\"},\"image\":{\"@id\":\"https:\/\/dicodusport.fr\/blog\/#\/schema\/logo\/image\/\"},\"sameAs\":[\"https:\/\/www.facebook.com\/dicodusport\",\"https:\/\/x.com\/dicodusport\",\"https:\/\/www.instagram.com\/dicodusport\/\",\"https:\/\/www.youtube.com\/channel\/UC7V2KZ5sd3htJivAbA4ZG3w\"],\"description\":\"Dicodusport est l'encyclop\u00e9die de l'actualit\u00e9 sportive.\",\"email\":\"bonjour@dicodusport.fr\",\"legalName\":\"DICODUSPORT\",\"foundingDate\":\"2018-01-14\",\"vatID\":\"FR71834470973\",\"taxID\":\"83447097300043\",\"numberOfEmployees\":{\"@type\":\"QuantitativeValue\",\"minValue\":\"1\",\"maxValue\":\"10\"}},{\"@type\":\"Person\",\"@id\":\"https:\/\/dicodusport.fr\/blog\/#\/schema\/person\/0d3ca824646a2d0c77bdd7e45230c071\",\"name\":\"Bastien Pitte\",\"image\":{\"@type\":\"ImageObject\",\"inLanguage\":\"fr-FR\",\"@id\":\"https:\/\/dicodusport.fr\/blog\/#\/schema\/person\/image\/\",\"url\":\"https:\/\/dicodusport.fr\/blog\/wp-content\/uploads\/2020\/06\/cropped-LOGO-DICODUSPORT-2020-SANS-FOND-SANS-TEXTE-150x150.png\",\"contentUrl\":\"https:\/\/dicodusport.fr\/blog\/wp-content\/uploads\/2020\/06\/cropped-LOGO-DICODUSPORT-2020-SANS-FOND-SANS-TEXTE-150x150.png\",\"caption\":\"Bastien Pitte\"},\"url\":\"https:\/\/dicodusport.fr\/blog\/author\/bastien\/\"}]}<\/script>\n<!-- \/ Yoast SEO Premium plugin. -->","yoast_head_json":{"title":"Festival des Templiers, l'incontournable du Trail","description":"Un autre \u00e9v\u00e8nement majeur du Trail se tient ce week-end \u00e0 Millau avec le Festival des Templiers. Pr\u00e9sentation de cet \u00e9norme week-end Trail en perspective.","robots":{"index":"index","follow":"follow","max-snippet":"max-snippet:-1","max-image-preview":"max-image-preview:large","max-video-preview":"max-video-preview:-1"},"canonical":"https:\/\/dicodusport.fr\/blog\/festival-des-templiers-lincontournable-du-trail\/","og_locale":"fr_FR","og_type":"article","og_title":"Festival des Templiers, l'incontournable du Trail","og_description":"Un autre \u00e9v\u00e8nement majeur du Trail se tient ce week-end \u00e0 Millau avec le Festival des Templiers. Pr\u00e9sentation de cet \u00e9norme week-end Trail en perspective.","og_url":"https:\/\/dicodusport.fr\/blog\/festival-des-templiers-lincontournable-du-trail\/","og_site_name":"Dicodusport","article_publisher":"https:\/\/www.facebook.com\/dicodusport","article_published_time":"2018-10-19T10:00:02+00:00","og_image":[{"width":800,"height":445,"url":"https:\/\/dicodusport.fr\/blog\/wp-content\/uploads\/2018\/10\/Festival-des-Templiers-Trail.png","type":"image\/png"}],"author":"Bastien Pitte","twitter_card":"summary_large_image","twitter_creator":"@dicodusport","twitter_site":"@dicodusport","schema":{"@context":"https:\/\/schema.org","@graph":[{"@type":"NewsArticle","@id":"https:\/\/dicodusport.fr\/blog\/festival-des-templiers-lincontournable-du-trail\/#article","isPartOf":{"@id":"https:\/\/dicodusport.fr\/blog\/festival-des-templiers-lincontournable-du-trail\/"},"author":{"name":"Bastien Pitte","@id":"https:\/\/dicodusport.fr\/blog\/#\/schema\/person\/0d3ca824646a2d0c77bdd7e45230c071"},"headline":"Festival des Templiers, l&rsquo;incontournable du Trail","datePublished":"2018-10-19T10:00:02+00:00","mainEntityOfPage":{"@id":"https:\/\/dicodusport.fr\/blog\/festival-des-templiers-lincontournable-du-trail\/"},"wordCount":417,"commentCount":0,"publisher":{"@id":"https:\/\/dicodusport.fr\/blog\/#organization"},"image":{"@id":"https:\/\/dicodusport.fr\/blog\/festival-des-templiers-lincontournable-du-trail\/#primaryimage"},"thumbnailUrl":"https:\/\/dicodusport.fr\/blog\/wp-content\/uploads\/2018\/10\/Festival-des-Templiers-Trail.png","keywords":["Running","trail"],"articleSection":["Actualit\u00e9s","Sports"],"inLanguage":"fr-FR","potentialAction":[{"@type":"CommentAction","name":"Comment","target":["https:\/\/dicodusport.fr\/blog\/festival-des-templiers-lincontournable-du-trail\/#respond"]}],"copyrightYear":"2018","copyrightHolder":{"@id":"https:\/\/dicodusport.fr\/blog\/#organization"}},{"@type":"WebPage","@id":"https:\/\/dicodusport.fr\/blog\/festival-des-templiers-lincontournable-du-trail\/","url":"https:\/\/dicodusport.fr\/blog\/festival-des-templiers-lincontournable-du-trail\/","name":"Festival des Templiers, l'incontournable du Trail","isPartOf":{"@id":"https:\/\/dicodusport.fr\/blog\/#website"},"primaryImageOfPage":{"@id":"https:\/\/dicodusport.fr\/blog\/festival-des-templiers-lincontournable-du-trail\/#primaryimage"},"image":{"@id":"https:\/\/dicodusport.fr\/blog\/festival-des-templiers-lincontournable-du-trail\/#primaryimage"},"thumbnailUrl":"https:\/\/dicodusport.fr\/blog\/wp-content\/uploads\/2018\/10\/Festival-des-Templiers-Trail.png","datePublished":"2018-10-19T10:00:02+00:00","description":"Un autre \u00e9v\u00e8nement majeur du Trail se tient ce week-end \u00e0 Millau avec le Festival des Templiers. Pr\u00e9sentation de cet \u00e9norme week-end Trail en perspective.","breadcrumb":{"@id":"https:\/\/dicodusport.fr\/blog\/festival-des-templiers-lincontournable-du-trail\/#breadcrumb"},"inLanguage":"fr-FR","potentialAction":[{"@type":"ReadAction","target":["https:\/\/dicodusport.fr\/blog\/festival-des-templiers-lincontournable-du-trail\/"]}]},{"@type":"ImageObject","inLanguage":"fr-FR","@id":"https:\/\/dicodusport.fr\/blog\/festival-des-templiers-lincontournable-du-trail\/#primaryimage","url":"https:\/\/dicodusport.fr\/blog\/wp-content\/uploads\/2018\/10\/Festival-des-Templiers-Trail.png","contentUrl":"https:\/\/dicodusport.fr\/blog\/wp-content\/uploads\/2018\/10\/Festival-des-Templiers-Trail.png","width":800,"height":445},{"@type":"BreadcrumbList","@id":"https:\/\/dicodusport.fr\/blog\/festival-des-templiers-lincontournable-du-trail\/#breadcrumb","itemListElement":[{"@type":"ListItem","position":1,"name":"Accueil","item":"https:\/\/dicodusport.fr\/blog\/"},{"@type":"ListItem","position":2,"name":"Festival des Templiers, l&rsquo;incontournable du Trail"}]},{"@type":"WebSite","@id":"https:\/\/dicodusport.fr\/blog\/#website","url":"https:\/\/dicodusport.fr\/blog\/","name":"Dicodusport","description":"L&#039;encyclop\u00e9die de l&#039;actualit\u00e9 sportive","publisher":{"@id":"https:\/\/dicodusport.fr\/blog\/#organization"},"potentialAction":[{"@type":"SearchAction","target":{"@type":"EntryPoint","urlTemplate":"https:\/\/dicodusport.fr\/blog\/?s={search_term_string}"},"query-input":{"@type":"PropertyValueSpecification","valueRequired":true,"valueName":"search_term_string"}}],"inLanguage":"fr-FR"},{"@type":"NewsMediaOrganization","@id":"https:\/\/dicodusport.fr\/blog\/#organization","name":"Dicodusport","url":"https:\/\/dicodusport.fr\/blog\/","logo":{"@type":"ImageObject","inLanguage":"fr-FR","@id":"https:\/\/dicodusport.fr\/blog\/#\/schema\/logo\/image\/","url":"https:\/\/dicodusport.fr\/blog\/wp-content\/uploads\/2020\/06\/cropped-LOGO-DICODUSPORT-2020-SANS-FOND-SANS-TEXTE.png","contentUrl":"https:\/\/dicodusport.fr\/blog\/wp-content\/uploads\/2020\/06\/cropped-LOGO-DICODUSPORT-2020-SANS-FOND-SANS-TEXTE.png","width":512,"height":512,"caption":"Dicodusport"},"image":{"@id":"https:\/\/dicodusport.fr\/blog\/#\/schema\/logo\/image\/"},"sameAs":["https:\/\/www.facebook.com\/dicodusport","https:\/\/x.com\/dicodusport","https:\/\/www.instagram.com\/dicodusport\/","https:\/\/www.youtube.com\/channel\/UC7V2KZ5sd3htJivAbA4ZG3w"],"description":"Dicodusport est l'encyclop\u00e9die de l'actualit\u00e9 sportive.","email":"bonjour@dicodusport.fr","legalName":"DICODUSPORT","foundingDate":"2018-01-14","vatID":"FR71834470973","taxID":"83447097300043","numberOfEmployees":{"@type":"QuantitativeValue","minValue":"1","maxValue":"10"}},{"@type":"Person","@id":"https:\/\/dicodusport.fr\/blog\/#\/schema\/person\/0d3ca824646a2d0c77bdd7e45230c071","name":"Bastien Pitte","image":{"@type":"ImageObject","inLanguage":"fr-FR","@id":"https:\/\/dicodusport.fr\/blog\/#\/schema\/person\/image\/","url":"https:\/\/dicodusport.fr\/blog\/wp-content\/uploads\/2020\/06\/cropped-LOGO-DICODUSPORT-2020-SANS-FOND-SANS-TEXTE-150x150.png","contentUrl":"https:\/\/dicodusport.fr\/blog\/wp-content\/uploads\/2020\/06\/cropped-LOGO-DICODUSPORT-2020-SANS-FOND-SANS-TEXTE-150x150.png","caption":"Bastien Pitte"},"url":"https:\/\/dicodusport.fr\/blog\/author\/bastien\/"}]}},"_links":{"self":[{"href":"https:\/\/dicodusport.fr\/blog\/wp-json\/wp\/v2\/posts\/27573","targetHints":{"allow":["GET"]}}],"collection":[{"href":"https:\/\/dicodusport.fr\/blog\/wp-json\/wp\/v2\/posts"}],"about":[{"href":"https:\/\/dicodusport.fr\/blog\/wp-json\/wp\/v2\/types\/post"}],"author":[{"embeddable":true,"href":"https:\/\/dicodusport.fr\/blog\/wp-json\/wp\/v2\/users\/28"}],"replies":[{"embeddable":true,"href":"https:\/\/dicodusport.fr\/blog\/wp-json\/wp\/v2\/comments?post=27573"}],"version-history":[{"count":0,"href":"https:\/\/dicodusport.fr\/blog\/wp-json\/wp\/v2\/posts\/27573\/revisions"}],"wp:featuredmedia":[{"embeddable":true,"href":"https:\/\/dicodusport.fr\/blog\/wp-json\/wp\/v2\/media\/27577"}],"wp:attachment":[{"href":"https:\/\/dicodusport.fr\/blog\/wp-json\/wp\/v2\/media?parent=27573"}],"wp:term":[{"taxonomy":"category","embeddable":true,"href":"https:\/\/dicodusport.fr\/blog\/wp-json\/wp\/v2\/categories?post=27573"},{"taxonomy":"post_tag","embeddable":true,"href":"https:\/\/dicodusport.fr\/blog\/wp-json\/wp\/v2\/tags?post=27573"}],"curies":[{"name":"wp","href":"https:\/\/api.w.org\/{rel}","templated":true}]}}