{"id":276150,"date":"2022-11-06T18:30:05","date_gmt":"2022-11-06T17:30:05","guid":{"rendered":"https:\/\/dicodusport.fr\/blog\/?p=276150&#038;preview=true&#038;preview_id=276150"},"modified":"2022-11-06T21:52:01","modified_gmt":"2022-11-06T20:52:01","slug":"circuit-itf-trois-titres-en-simple-et-un-en-double-pour-les-francais-ce-weekend","status":"publish","type":"post","link":"https:\/\/dicodusport.fr\/blog\/circuit-itf-trois-titres-en-simple-et-un-en-double-pour-les-francais-ce-weekend\/","title":{"rendered":"Circuit ITF : Trois titres en simple, et un en double pour les Fran\u00e7ais ce weekend"},"content":{"rendered":"<p style=\"text-align: justify;\"><strong><em>CIRCUIT ITF TENNIS &#8211; Les Bleus ont rajout\u00e9 plusieurs titres au compteur, gr\u00e2ce \u00e0 Terence Atmane, Ugo Blanchet et Dan Added, laur\u00e9ats en simple. Alice Robbe a elle triomph\u00e9 en double.\u00a0<\/em><\/strong><\/p>\n<p style=\"text-align: justify;\">Troisi\u00e8me titre en carri\u00e8re pour <strong>Terence Atmane<\/strong>. Le troisi\u00e8me cette saison, le troisi\u00e8me sur dur, mais le premier hors de Tunisie. Cette fois, c&rsquo;est en \u00c9gypte que le Fran\u00e7ais a triomph\u00e9. Lors du M15 de Sharm El Sheikh, apr\u00e8s avoir perdu le premier set lors de son premier tour, il n&rsquo;a plus rien l\u00e2ch\u00e9 et fil\u00e9 vers une victoire ais\u00e9e, notamment en finale contre <strong>Kris Van Wyk<\/strong>. T\u00eate de s\u00e9rie n\u00b01, <strong>Terence Atmane<\/strong> a assum\u00e9 son statut, et garni son palmar\u00e8s.<\/p>\n<blockquote class=\"twitter-tweet\">\n<p dir=\"ltr\" lang=\"en\">ITF M15\/W15 Sharm El Sheikh &#8211; Hard (Final)<br \/>\nTerence Atmane (FRA) def. Kris Van Wyk (RSA)<br \/>\n6-3 6-4<\/p>\n<p>\u2014 TENIPO &#8211; Tennis Livescore (@TENIPOcom) <a href=\"https:\/\/twitter.com\/TENIPOcom\/status\/1589189639562223617?ref_src=twsrc%5Etfw\">November 6, 2022<\/a><\/p><\/blockquote>\n<p style=\"text-align: justify;\"><script async src=\"https:\/\/platform.twitter.com\/widgets.js\" charset=\"utf-8\"><\/script><\/p>\n<p style=\"text-align: justify;\">Les Bleus n&rsquo;avaient pas rencontr\u00e9 de succ\u00e8s lors des deux finales du d\u00e9but de matin\u00e9e. Apr\u00e8s <a href=\"https:\/\/dicodusport.fr\/blog\/circuit-itf-des-titres-pour-arthur-weber-mathys-erhard-et-manon-leonard\/\">son premier sacre la semaine derni\u00e8re<\/a>, <strong>Arthur Weber<\/strong> est rest\u00e9 \u00e0 Jakarta et a de nouveau atteint la finale. Mais cette fois, il a d\u00fb c\u00e9der contre<strong> Tsung-Hao Huang, 7-6, 6-4,<\/strong> notamment \u00e0 cause d&rsquo;un tie-break compl\u00e8tement rat\u00e9 (<strong>7-0<\/strong>). Sa s\u00e9rie de victoires cons\u00e9cutives s&rsquo;arr\u00eate donc \u00e0 neuf. Au M15 de New Delhi 2, <strong>Florent Bax,<\/strong> qui visait lui son premier titre en carri\u00e8re, a \u00e9t\u00e9 contraint \u00e0 l&rsquo;abandon apr\u00e8s avoir perdu le premier set<strong> 6-2<\/strong> face au local <strong>Digvijay Singh<\/strong>.<\/p>\n<h2 style=\"text-align: justify;\">Les Bleus toujours \u00e0 l&rsquo;aise \u00e0 Monastir<\/h2>\n<p style=\"text-align: justify;\">Cette ville tunisienne accueille des tournois toute la saison. Et les Fran\u00e7ais y brillent souvent. Nouvel exemple ce weekend, puisque la finale du M25 \u00e9tait 100% tricolore. Apr\u00e8s une belle bataille, <strong>Ugo Blanchet<\/strong> a finalement renvers\u00e9 <strong>Kyrian Jacquet<\/strong> en trois manches (<strong>4-6, 6-3, 6-2<\/strong>). Il d\u00e9croche son troisi\u00e8me titre de la saison, et se rapproche de son meilleur classement en carri\u00e8re. <strong>Jacquet<\/strong>, lui, n&rsquo;aura pas eu de chance puisqu&rsquo;il s&rsquo;est \u00e9galement inclin\u00e9 en finale du double, associ\u00e9 \u00e0 <strong>Alastair Gray<\/strong>.<\/p>\n<p style=\"text-align: justify;\">Ce sera le seul titre en quatre finales tunisiennes pour les Bleus. <strong>Sarah Iliev<\/strong>, qui avait r\u00e9ussi le tour de force d&rsquo;atteindre la finale en sortant des qualifications, n&rsquo;a rien pu faire contre l&rsquo;\u00c9gyptienne <strong>Merna Refaat<\/strong> (<strong>6-3, 6-1<\/strong>). En double, le duo <strong>Oc\u00e9ane Babel &#8211; Manon L\u00e9onard<\/strong> a livr\u00e9 un match d&rsquo;une qualit\u00e9 in\u00e9gale, survolant le second set avant de chuter de peu au super tie-break (<strong>6-3, 0-6, 10-8<\/strong>), contre <strong>Eleni Kordolaimi<\/strong> et <strong>Merna Refaat<\/strong>, qui r\u00e9alise donc le doubl\u00e9.<\/p>\n<h2 style=\"text-align: justify;\">Added touche au but<\/h2>\n<p style=\"text-align: justify;\">Apr\u00e8s une demi-finale en Challenger, et une finale la semaine derni\u00e8re \u00e0 Sarreguemines, <strong>Dan Added<\/strong> a enfin remport\u00e9 son premier titre de la saison. Au M15 de Villiers les Nancy, il a domin\u00e9 en finale un autre Tricolore,<strong> Boris Fassbender,<\/strong> class\u00e9 au-del\u00e0 de la 1000\u00e8me place mondiale, et qui disputait sa premi\u00e8re finale ITF. Il aura fallu trois sets \u00e0 <strong>Added<\/strong> pour venir \u00e0 bout de son rival, mais l&rsquo;essentiel est l\u00e0, il valide avec ce titre sa belle progression.<\/p>\n<blockquote class=\"twitter-tweet\">\n<p dir=\"ltr\" lang=\"fr\">Le titre au Future de Villers-les-Nancy &#x1f1eb;&#x1f1f7; pour Dan Added victorieux de Boris Fassbender 6\/4 5\/7 6\/2 en finale. Son 7\u00e8 titre pro en simple, le 1er en 2022.<\/p>\n<p>\u2014 FrenchiesTennis (@FrenchiesTennis) <a href=\"https:\/\/twitter.com\/FrenchiesTennis\/status\/1589290560216788993?ref_src=twsrc%5Etfw\">November 6, 2022<\/a><\/p><\/blockquote>\n<p style=\"text-align: justify;\"><script async src=\"https:\/\/platform.twitter.com\/widgets.js\" charset=\"utf-8\"><\/script><\/p>\n<h2 style=\"text-align: justify;\">Les doubles gagnent aussi<\/h2>\n<p style=\"text-align: justify;\">Battue de peu en quart de finale du tournoi de simple (7-5 au troisi\u00e8me), <strong>Alice Robbe<\/strong> a fait main basse sur le titre en double \u00e0 Trnava. Associ\u00e9e \u00e0 la Russe <strong>Ekaterina Makarova<\/strong>, elles ont connu un premier tour compliqu\u00e9, avant de d\u00e9rouler. En finale, elles sont rest\u00e9es solides contre <strong>Katarina Kuzmova<\/strong> et <strong>Anna Siskova,<\/strong> s&rsquo;imposant<strong> 6-3, 7-5<\/strong>, bon pour la confiance de la Fran\u00e7aise, en pleine ascension.<\/p>\n<p style=\"text-align: justify;\">\u00c0 un niveau plus \u00e9lev\u00e9, lors du W100 de Shrewsbury, <strong>Jessika Ponchet<\/strong> a zapp\u00e9 le simple pour se concentrer sur le double. Associ\u00e9e \u00e0 <strong>Renata Voracova<\/strong>, elles se sont fray\u00e9es un chemin jusqu&rsquo;en finale. Mais rien \u00e0 faire contre la paire <strong><span class=\"css-901oao css-16my406 r-poiln3 r-bcqeeo r-qvutc0\">Kolodziejova\/<\/span><\/strong><span class=\"css-901oao css-16my406 r-poiln3 r-b88u0q r-bcqeeo r-qvutc0\"><strong>Vondrousova<\/strong>, qui s&rsquo;est impos\u00e9e en deux manches. Une belle semaine toutefois pour la Fran\u00e7aise, qui r\u00e9alise une belle saison.\u00a0<\/span><\/p>\n","protected":false},"excerpt":{"rendered":"<p>CIRCUIT ITF TENNIS &#8211; Les Bleus ont rajout\u00e9 plusieurs titres au compteur, gr\u00e2ce \u00e0 Terence Atmane, Ugo Blanchet et Dan Added, laur\u00e9ats en simple. Alice Robbe a elle triomph\u00e9 en double.\u00a0<\/p>\n","protected":false},"author":59,"featured_media":276344,"comment_status":"open","ping_status":"closed","sticky":false,"template":"","format":"standard","meta":{"_acf_changed":false,"_daextam_enable_autolinks":"","footnotes":""},"categories":[2302],"tags":[23657,4295,4792,24579,25148],"class_list":["post-276150","post","type-post","status-publish","format-standard","has-post-thumbnail","hentry","category-tennis","tag-alice-robbe","tag-dan-added","tag-tennis-francais","tag-terence-atmane","tag-ugo-blanchet"],"acf":[],"yoast_head":"<!-- This site is optimized with the Yoast SEO Premium plugin v26.7 (Yoast SEO v26.7) - https:\/\/yoast.com\/wordpress\/plugins\/seo\/ -->\n<title>Circuit ITF : Trois titres en simple, et un en double pour les Fran\u00e7ais ce weekend<\/title>\n<meta name=\"description\" content=\"CIRCUIT ITF TENNIS - Les Bleus ont rajout\u00e9 plusieurs titres au compteur, gr\u00e2ce \u00e0 Terence Atmane, Ugo Blanchet et Dan Added, laur\u00e9ats en simple\" \/>\n<meta name=\"robots\" content=\"index, follow, max-snippet:-1, max-image-preview:large, max-video-preview:-1\" \/>\n<link rel=\"canonical\" href=\"https:\/\/dicodusport.fr\/blog\/circuit-itf-trois-titres-en-simple-et-un-en-double-pour-les-francais-ce-weekend\/\" \/>\n<meta property=\"og:locale\" content=\"fr_FR\" \/>\n<meta property=\"og:type\" content=\"article\" \/>\n<meta property=\"og:title\" content=\"Circuit ITF : Trois titres en simple, et un en double pour les Fran\u00e7ais ce weekend\" \/>\n<meta property=\"og:description\" content=\"CIRCUIT ITF TENNIS - Les Bleus ont rajout\u00e9 plusieurs titres au compteur, gr\u00e2ce \u00e0 Terence Atmane, Ugo Blanchet et Dan Added, laur\u00e9ats en simple\" \/>\n<meta property=\"og:url\" content=\"https:\/\/dicodusport.fr\/blog\/circuit-itf-trois-titres-en-simple-et-un-en-double-pour-les-francais-ce-weekend\/\" \/>\n<meta property=\"og:site_name\" content=\"Dicodusport\" \/>\n<meta property=\"article:publisher\" content=\"https:\/\/www.facebook.com\/dicodusport\" \/>\n<meta property=\"article:author\" content=\"https:\/\/www.facebook.com\/sebastien.gente\/\" \/>\n<meta property=\"article:published_time\" content=\"2022-11-06T17:30:05+00:00\" \/>\n<meta property=\"article:modified_time\" content=\"2022-11-06T20:52:01+00:00\" \/>\n<meta property=\"og:image\" content=\"https:\/\/dicodusport.fr\/blog\/wp-content\/uploads\/2022\/11\/Circuit-ITF-Trois-titres-en-simple-et-un-en-double-pour-les-Francais-ce-weekend.png\" \/>\n\t<meta property=\"og:image:width\" content=\"800\" \/>\n\t<meta property=\"og:image:height\" content=\"445\" \/>\n\t<meta property=\"og:image:type\" content=\"image\/png\" \/>\n<meta name=\"author\" content=\"S\u00e9bastien Gente\" \/>\n<meta name=\"twitter:card\" content=\"summary_large_image\" \/>\n<meta name=\"twitter:title\" content=\"Circuit ITF : Trois titres en simple, et un en double pour les Fran\u00e7ais ce weekend\" \/>\n<meta name=\"twitter:creator\" content=\"@https:\/\/twitter.com\/globulo24\" \/>\n<meta name=\"twitter:site\" content=\"@dicodusport\" \/>\n<script type=\"application\/ld+json\" class=\"yoast-schema-graph\">{\"@context\":\"https:\/\/schema.org\",\"@graph\":[{\"@type\":\"NewsArticle\",\"@id\":\"https:\/\/dicodusport.fr\/blog\/circuit-itf-trois-titres-en-simple-et-un-en-double-pour-les-francais-ce-weekend\/#article\",\"isPartOf\":{\"@id\":\"https:\/\/dicodusport.fr\/blog\/circuit-itf-trois-titres-en-simple-et-un-en-double-pour-les-francais-ce-weekend\/\"},\"author\":{\"name\":\"S\u00e9bastien Gente\",\"@id\":\"https:\/\/dicodusport.fr\/blog\/#\/schema\/person\/627966a6cde45dbd8c5e36ac85d783da\"},\"headline\":\"Circuit ITF : Trois titres en simple, et un en double pour les Fran\u00e7ais ce weekend\",\"datePublished\":\"2022-11-06T17:30:05+00:00\",\"dateModified\":\"2022-11-06T20:52:01+00:00\",\"mainEntityOfPage\":{\"@id\":\"https:\/\/dicodusport.fr\/blog\/circuit-itf-trois-titres-en-simple-et-un-en-double-pour-les-francais-ce-weekend\/\"},\"wordCount\":714,\"commentCount\":0,\"publisher\":{\"@id\":\"https:\/\/dicodusport.fr\/blog\/#organization\"},\"image\":{\"@id\":\"https:\/\/dicodusport.fr\/blog\/circuit-itf-trois-titres-en-simple-et-un-en-double-pour-les-francais-ce-weekend\/#primaryimage\"},\"thumbnailUrl\":\"https:\/\/dicodusport.fr\/blog\/wp-content\/uploads\/2022\/11\/Circuit-ITF-Trois-titres-en-simple-et-un-en-double-pour-les-Francais-ce-weekend.png\",\"keywords\":[\"Alice Robbe\",\"Dan Added\",\"Tennis fran\u00e7ais\",\"Terence Atmane\",\"Ugo blanchet\"],\"articleSection\":[\"Tennis\"],\"inLanguage\":\"fr-FR\",\"potentialAction\":[{\"@type\":\"CommentAction\",\"name\":\"Comment\",\"target\":[\"https:\/\/dicodusport.fr\/blog\/circuit-itf-trois-titres-en-simple-et-un-en-double-pour-les-francais-ce-weekend\/#respond\"]}],\"copyrightYear\":\"2022\",\"copyrightHolder\":{\"@id\":\"https:\/\/dicodusport.fr\/blog\/#organization\"}},{\"@type\":\"WebPage\",\"@id\":\"https:\/\/dicodusport.fr\/blog\/circuit-itf-trois-titres-en-simple-et-un-en-double-pour-les-francais-ce-weekend\/\",\"url\":\"https:\/\/dicodusport.fr\/blog\/circuit-itf-trois-titres-en-simple-et-un-en-double-pour-les-francais-ce-weekend\/\",\"name\":\"Circuit ITF : Trois titres en simple, et un en double pour les Fran\u00e7ais ce weekend\",\"isPartOf\":{\"@id\":\"https:\/\/dicodusport.fr\/blog\/#website\"},\"primaryImageOfPage\":{\"@id\":\"https:\/\/dicodusport.fr\/blog\/circuit-itf-trois-titres-en-simple-et-un-en-double-pour-les-francais-ce-weekend\/#primaryimage\"},\"image\":{\"@id\":\"https:\/\/dicodusport.fr\/blog\/circuit-itf-trois-titres-en-simple-et-un-en-double-pour-les-francais-ce-weekend\/#primaryimage\"},\"thumbnailUrl\":\"https:\/\/dicodusport.fr\/blog\/wp-content\/uploads\/2022\/11\/Circuit-ITF-Trois-titres-en-simple-et-un-en-double-pour-les-Francais-ce-weekend.png\",\"datePublished\":\"2022-11-06T17:30:05+00:00\",\"dateModified\":\"2022-11-06T20:52:01+00:00\",\"description\":\"CIRCUIT ITF TENNIS - Les Bleus ont rajout\u00e9 plusieurs titres au compteur, gr\u00e2ce \u00e0 Terence Atmane, Ugo Blanchet et Dan Added, laur\u00e9ats en simple\",\"breadcrumb\":{\"@id\":\"https:\/\/dicodusport.fr\/blog\/circuit-itf-trois-titres-en-simple-et-un-en-double-pour-les-francais-ce-weekend\/#breadcrumb\"},\"inLanguage\":\"fr-FR\",\"potentialAction\":[{\"@type\":\"ReadAction\",\"target\":[\"https:\/\/dicodusport.fr\/blog\/circuit-itf-trois-titres-en-simple-et-un-en-double-pour-les-francais-ce-weekend\/\"]}]},{\"@type\":\"ImageObject\",\"inLanguage\":\"fr-FR\",\"@id\":\"https:\/\/dicodusport.fr\/blog\/circuit-itf-trois-titres-en-simple-et-un-en-double-pour-les-francais-ce-weekend\/#primaryimage\",\"url\":\"https:\/\/dicodusport.fr\/blog\/wp-content\/uploads\/2022\/11\/Circuit-ITF-Trois-titres-en-simple-et-un-en-double-pour-les-Francais-ce-weekend.png\",\"contentUrl\":\"https:\/\/dicodusport.fr\/blog\/wp-content\/uploads\/2022\/11\/Circuit-ITF-Trois-titres-en-simple-et-un-en-double-pour-les-Francais-ce-weekend.png\",\"width\":800,\"height\":445,\"caption\":\"Circuit ITF Trois titres en simple, et un en double pour les Fran\u00e7ais ce weekend\"},{\"@type\":\"BreadcrumbList\",\"@id\":\"https:\/\/dicodusport.fr\/blog\/circuit-itf-trois-titres-en-simple-et-un-en-double-pour-les-francais-ce-weekend\/#breadcrumb\",\"itemListElement\":[{\"@type\":\"ListItem\",\"position\":1,\"name\":\"Accueil\",\"item\":\"https:\/\/dicodusport.fr\/blog\/\"},{\"@type\":\"ListItem\",\"position\":2,\"name\":\"Circuit ITF : Trois titres en simple, et un en double pour les Fran\u00e7ais ce weekend\"}]},{\"@type\":\"WebSite\",\"@id\":\"https:\/\/dicodusport.fr\/blog\/#website\",\"url\":\"https:\/\/dicodusport.fr\/blog\/\",\"name\":\"Dicodusport\",\"description\":\"L&#039;encyclop\u00e9die de l&#039;actualit\u00e9 sportive\",\"publisher\":{\"@id\":\"https:\/\/dicodusport.fr\/blog\/#organization\"},\"potentialAction\":[{\"@type\":\"SearchAction\",\"target\":{\"@type\":\"EntryPoint\",\"urlTemplate\":\"https:\/\/dicodusport.fr\/blog\/?s={search_term_string}\"},\"query-input\":{\"@type\":\"PropertyValueSpecification\",\"valueRequired\":true,\"valueName\":\"search_term_string\"}}],\"inLanguage\":\"fr-FR\"},{\"@type\":\"NewsMediaOrganization\",\"@id\":\"https:\/\/dicodusport.fr\/blog\/#organization\",\"name\":\"Dicodusport\",\"url\":\"https:\/\/dicodusport.fr\/blog\/\",\"logo\":{\"@type\":\"ImageObject\",\"inLanguage\":\"fr-FR\",\"@id\":\"https:\/\/dicodusport.fr\/blog\/#\/schema\/logo\/image\/\",\"url\":\"https:\/\/dicodusport.fr\/blog\/wp-content\/uploads\/2020\/06\/cropped-LOGO-DICODUSPORT-2020-SANS-FOND-SANS-TEXTE.png\",\"contentUrl\":\"https:\/\/dicodusport.fr\/blog\/wp-content\/uploads\/2020\/06\/cropped-LOGO-DICODUSPORT-2020-SANS-FOND-SANS-TEXTE.png\",\"width\":512,\"height\":512,\"caption\":\"Dicodusport\"},\"image\":{\"@id\":\"https:\/\/dicodusport.fr\/blog\/#\/schema\/logo\/image\/\"},\"sameAs\":[\"https:\/\/www.facebook.com\/dicodusport\",\"https:\/\/x.com\/dicodusport\",\"https:\/\/www.instagram.com\/dicodusport\/\",\"https:\/\/www.youtube.com\/channel\/UC7V2KZ5sd3htJivAbA4ZG3w\"],\"description\":\"Dicodusport est l'encyclop\u00e9die de l'actualit\u00e9 sportive.\",\"email\":\"bonjour@dicodusport.fr\",\"legalName\":\"DICODUSPORT\",\"foundingDate\":\"2018-01-14\",\"vatID\":\"FR71834470973\",\"taxID\":\"83447097300043\",\"numberOfEmployees\":{\"@type\":\"QuantitativeValue\",\"minValue\":\"1\",\"maxValue\":\"10\"}},{\"@type\":\"Person\",\"@id\":\"https:\/\/dicodusport.fr\/blog\/#\/schema\/person\/627966a6cde45dbd8c5e36ac85d783da\",\"name\":\"S\u00e9bastien Gente\",\"image\":{\"@type\":\"ImageObject\",\"inLanguage\":\"fr-FR\",\"@id\":\"https:\/\/dicodusport.fr\/blog\/#\/schema\/person\/image\/\",\"url\":\"https:\/\/dicodusport.fr\/blog\/wp-content\/uploads\/2021\/09\/1510990_10205810251400683_4124423575079401707_n-150x150.jpg\",\"contentUrl\":\"https:\/\/dicodusport.fr\/blog\/wp-content\/uploads\/2021\/09\/1510990_10205810251400683_4124423575079401707_n-150x150.jpg\",\"caption\":\"S\u00e9bastien Gente\"},\"description\":\"John Stockton, Gianni Bugno, Zinedine Zidane, Steffi Graf, Frode Andresen, St\u00e9phane Stoecklin, Davis Kamoga, Primoz Peterka, Werner Schlager et Aur\u00e9lien Rougerie. Point commun entre ces sportifs? Ils m'ont fait r\u00eaver et ont berc\u00e9 mon adolescence. Je suis un fondu de sports et j'essaie de retranscrire ma passion \u00e0 travers mes articles. Originaire du P\u00e9rigord, ma passion pour les Girondins, les Jaunards et les Jazzmen transpire dans mes \u00e9crits. \u00c0 Dicodusport depuis 2021, je d\u00e9niche les sports m\u00e9connus dans lesquels la France brille, et il y en a !\",\"sameAs\":[\"https:\/\/www.facebook.com\/sebastien.gente\/\",\"https:\/\/www.instagram.com\/sebgente\/\",\"https:\/\/www.linkedin.com\/in\/sbastien-gente-a29583169\/\",\"https:\/\/x.com\/https:\/\/twitter.com\/globulo24\",\"SebastienGente\"],\"worksFor\":\"S\u00e9bastien GENTE\",\"url\":\"https:\/\/dicodusport.fr\/blog\/author\/sebastiengente\/\"}]}<\/script>\n<!-- \/ Yoast SEO Premium plugin. -->","yoast_head_json":{"title":"Circuit ITF : Trois titres en simple, et un en double pour les Fran\u00e7ais ce weekend","description":"CIRCUIT ITF TENNIS - Les Bleus ont rajout\u00e9 plusieurs titres au compteur, gr\u00e2ce \u00e0 Terence Atmane, Ugo Blanchet et Dan Added, laur\u00e9ats en simple","robots":{"index":"index","follow":"follow","max-snippet":"max-snippet:-1","max-image-preview":"max-image-preview:large","max-video-preview":"max-video-preview:-1"},"canonical":"https:\/\/dicodusport.fr\/blog\/circuit-itf-trois-titres-en-simple-et-un-en-double-pour-les-francais-ce-weekend\/","og_locale":"fr_FR","og_type":"article","og_title":"Circuit ITF : Trois titres en simple, et un en double pour les Fran\u00e7ais ce weekend","og_description":"CIRCUIT ITF TENNIS - Les Bleus ont rajout\u00e9 plusieurs titres au compteur, gr\u00e2ce \u00e0 Terence Atmane, Ugo Blanchet et Dan Added, laur\u00e9ats en simple","og_url":"https:\/\/dicodusport.fr\/blog\/circuit-itf-trois-titres-en-simple-et-un-en-double-pour-les-francais-ce-weekend\/","og_site_name":"Dicodusport","article_publisher":"https:\/\/www.facebook.com\/dicodusport","article_author":"https:\/\/www.facebook.com\/sebastien.gente\/","article_published_time":"2022-11-06T17:30:05+00:00","article_modified_time":"2022-11-06T20:52:01+00:00","og_image":[{"width":800,"height":445,"url":"https:\/\/dicodusport.fr\/blog\/wp-content\/uploads\/2022\/11\/Circuit-ITF-Trois-titres-en-simple-et-un-en-double-pour-les-Francais-ce-weekend.png","type":"image\/png"}],"author":"S\u00e9bastien Gente","twitter_card":"summary_large_image","twitter_title":"Circuit ITF : Trois titres en simple, et un en double pour les Fran\u00e7ais ce weekend","twitter_creator":"@https:\/\/twitter.com\/globulo24","twitter_site":"@dicodusport","schema":{"@context":"https:\/\/schema.org","@graph":[{"@type":"NewsArticle","@id":"https:\/\/dicodusport.fr\/blog\/circuit-itf-trois-titres-en-simple-et-un-en-double-pour-les-francais-ce-weekend\/#article","isPartOf":{"@id":"https:\/\/dicodusport.fr\/blog\/circuit-itf-trois-titres-en-simple-et-un-en-double-pour-les-francais-ce-weekend\/"},"author":{"name":"S\u00e9bastien Gente","@id":"https:\/\/dicodusport.fr\/blog\/#\/schema\/person\/627966a6cde45dbd8c5e36ac85d783da"},"headline":"Circuit ITF : Trois titres en simple, et un en double pour les Fran\u00e7ais ce weekend","datePublished":"2022-11-06T17:30:05+00:00","dateModified":"2022-11-06T20:52:01+00:00","mainEntityOfPage":{"@id":"https:\/\/dicodusport.fr\/blog\/circuit-itf-trois-titres-en-simple-et-un-en-double-pour-les-francais-ce-weekend\/"},"wordCount":714,"commentCount":0,"publisher":{"@id":"https:\/\/dicodusport.fr\/blog\/#organization"},"image":{"@id":"https:\/\/dicodusport.fr\/blog\/circuit-itf-trois-titres-en-simple-et-un-en-double-pour-les-francais-ce-weekend\/#primaryimage"},"thumbnailUrl":"https:\/\/dicodusport.fr\/blog\/wp-content\/uploads\/2022\/11\/Circuit-ITF-Trois-titres-en-simple-et-un-en-double-pour-les-Francais-ce-weekend.png","keywords":["Alice Robbe","Dan Added","Tennis fran\u00e7ais","Terence Atmane","Ugo blanchet"],"articleSection":["Tennis"],"inLanguage":"fr-FR","potentialAction":[{"@type":"CommentAction","name":"Comment","target":["https:\/\/dicodusport.fr\/blog\/circuit-itf-trois-titres-en-simple-et-un-en-double-pour-les-francais-ce-weekend\/#respond"]}],"copyrightYear":"2022","copyrightHolder":{"@id":"https:\/\/dicodusport.fr\/blog\/#organization"}},{"@type":"WebPage","@id":"https:\/\/dicodusport.fr\/blog\/circuit-itf-trois-titres-en-simple-et-un-en-double-pour-les-francais-ce-weekend\/","url":"https:\/\/dicodusport.fr\/blog\/circuit-itf-trois-titres-en-simple-et-un-en-double-pour-les-francais-ce-weekend\/","name":"Circuit ITF : Trois titres en simple, et un en double pour les Fran\u00e7ais ce weekend","isPartOf":{"@id":"https:\/\/dicodusport.fr\/blog\/#website"},"primaryImageOfPage":{"@id":"https:\/\/dicodusport.fr\/blog\/circuit-itf-trois-titres-en-simple-et-un-en-double-pour-les-francais-ce-weekend\/#primaryimage"},"image":{"@id":"https:\/\/dicodusport.fr\/blog\/circuit-itf-trois-titres-en-simple-et-un-en-double-pour-les-francais-ce-weekend\/#primaryimage"},"thumbnailUrl":"https:\/\/dicodusport.fr\/blog\/wp-content\/uploads\/2022\/11\/Circuit-ITF-Trois-titres-en-simple-et-un-en-double-pour-les-Francais-ce-weekend.png","datePublished":"2022-11-06T17:30:05+00:00","dateModified":"2022-11-06T20:52:01+00:00","description":"CIRCUIT ITF TENNIS - Les Bleus ont rajout\u00e9 plusieurs titres au compteur, gr\u00e2ce \u00e0 Terence Atmane, Ugo Blanchet et Dan Added, laur\u00e9ats en simple","breadcrumb":{"@id":"https:\/\/dicodusport.fr\/blog\/circuit-itf-trois-titres-en-simple-et-un-en-double-pour-les-francais-ce-weekend\/#breadcrumb"},"inLanguage":"fr-FR","potentialAction":[{"@type":"ReadAction","target":["https:\/\/dicodusport.fr\/blog\/circuit-itf-trois-titres-en-simple-et-un-en-double-pour-les-francais-ce-weekend\/"]}]},{"@type":"ImageObject","inLanguage":"fr-FR","@id":"https:\/\/dicodusport.fr\/blog\/circuit-itf-trois-titres-en-simple-et-un-en-double-pour-les-francais-ce-weekend\/#primaryimage","url":"https:\/\/dicodusport.fr\/blog\/wp-content\/uploads\/2022\/11\/Circuit-ITF-Trois-titres-en-simple-et-un-en-double-pour-les-Francais-ce-weekend.png","contentUrl":"https:\/\/dicodusport.fr\/blog\/wp-content\/uploads\/2022\/11\/Circuit-ITF-Trois-titres-en-simple-et-un-en-double-pour-les-Francais-ce-weekend.png","width":800,"height":445,"caption":"Circuit ITF Trois titres en simple, et un en double pour les Fran\u00e7ais ce weekend"},{"@type":"BreadcrumbList","@id":"https:\/\/dicodusport.fr\/blog\/circuit-itf-trois-titres-en-simple-et-un-en-double-pour-les-francais-ce-weekend\/#breadcrumb","itemListElement":[{"@type":"ListItem","position":1,"name":"Accueil","item":"https:\/\/dicodusport.fr\/blog\/"},{"@type":"ListItem","position":2,"name":"Circuit ITF : Trois titres en simple, et un en double pour les Fran\u00e7ais ce weekend"}]},{"@type":"WebSite","@id":"https:\/\/dicodusport.fr\/blog\/#website","url":"https:\/\/dicodusport.fr\/blog\/","name":"Dicodusport","description":"L&#039;encyclop\u00e9die de l&#039;actualit\u00e9 sportive","publisher":{"@id":"https:\/\/dicodusport.fr\/blog\/#organization"},"potentialAction":[{"@type":"SearchAction","target":{"@type":"EntryPoint","urlTemplate":"https:\/\/dicodusport.fr\/blog\/?s={search_term_string}"},"query-input":{"@type":"PropertyValueSpecification","valueRequired":true,"valueName":"search_term_string"}}],"inLanguage":"fr-FR"},{"@type":"NewsMediaOrganization","@id":"https:\/\/dicodusport.fr\/blog\/#organization","name":"Dicodusport","url":"https:\/\/dicodusport.fr\/blog\/","logo":{"@type":"ImageObject","inLanguage":"fr-FR","@id":"https:\/\/dicodusport.fr\/blog\/#\/schema\/logo\/image\/","url":"https:\/\/dicodusport.fr\/blog\/wp-content\/uploads\/2020\/06\/cropped-LOGO-DICODUSPORT-2020-SANS-FOND-SANS-TEXTE.png","contentUrl":"https:\/\/dicodusport.fr\/blog\/wp-content\/uploads\/2020\/06\/cropped-LOGO-DICODUSPORT-2020-SANS-FOND-SANS-TEXTE.png","width":512,"height":512,"caption":"Dicodusport"},"image":{"@id":"https:\/\/dicodusport.fr\/blog\/#\/schema\/logo\/image\/"},"sameAs":["https:\/\/www.facebook.com\/dicodusport","https:\/\/x.com\/dicodusport","https:\/\/www.instagram.com\/dicodusport\/","https:\/\/www.youtube.com\/channel\/UC7V2KZ5sd3htJivAbA4ZG3w"],"description":"Dicodusport est l'encyclop\u00e9die de l'actualit\u00e9 sportive.","email":"bonjour@dicodusport.fr","legalName":"DICODUSPORT","foundingDate":"2018-01-14","vatID":"FR71834470973","taxID":"83447097300043","numberOfEmployees":{"@type":"QuantitativeValue","minValue":"1","maxValue":"10"}},{"@type":"Person","@id":"https:\/\/dicodusport.fr\/blog\/#\/schema\/person\/627966a6cde45dbd8c5e36ac85d783da","name":"S\u00e9bastien Gente","image":{"@type":"ImageObject","inLanguage":"fr-FR","@id":"https:\/\/dicodusport.fr\/blog\/#\/schema\/person\/image\/","url":"https:\/\/dicodusport.fr\/blog\/wp-content\/uploads\/2021\/09\/1510990_10205810251400683_4124423575079401707_n-150x150.jpg","contentUrl":"https:\/\/dicodusport.fr\/blog\/wp-content\/uploads\/2021\/09\/1510990_10205810251400683_4124423575079401707_n-150x150.jpg","caption":"S\u00e9bastien Gente"},"description":"John Stockton, Gianni Bugno, Zinedine Zidane, Steffi Graf, Frode Andresen, St\u00e9phane Stoecklin, Davis Kamoga, Primoz Peterka, Werner Schlager et Aur\u00e9lien Rougerie. Point commun entre ces sportifs? Ils m'ont fait r\u00eaver et ont berc\u00e9 mon adolescence. Je suis un fondu de sports et j'essaie de retranscrire ma passion \u00e0 travers mes articles. Originaire du P\u00e9rigord, ma passion pour les Girondins, les Jaunards et les Jazzmen transpire dans mes \u00e9crits. \u00c0 Dicodusport depuis 2021, je d\u00e9niche les sports m\u00e9connus dans lesquels la France brille, et il y en a !","sameAs":["https:\/\/www.facebook.com\/sebastien.gente\/","https:\/\/www.instagram.com\/sebgente\/","https:\/\/www.linkedin.com\/in\/sbastien-gente-a29583169\/","https:\/\/x.com\/https:\/\/twitter.com\/globulo24","SebastienGente"],"worksFor":"S\u00e9bastien GENTE","url":"https:\/\/dicodusport.fr\/blog\/author\/sebastiengente\/"}]}},"_links":{"self":[{"href":"https:\/\/dicodusport.fr\/blog\/wp-json\/wp\/v2\/posts\/276150","targetHints":{"allow":["GET"]}}],"collection":[{"href":"https:\/\/dicodusport.fr\/blog\/wp-json\/wp\/v2\/posts"}],"about":[{"href":"https:\/\/dicodusport.fr\/blog\/wp-json\/wp\/v2\/types\/post"}],"author":[{"embeddable":true,"href":"https:\/\/dicodusport.fr\/blog\/wp-json\/wp\/v2\/users\/59"}],"replies":[{"embeddable":true,"href":"https:\/\/dicodusport.fr\/blog\/wp-json\/wp\/v2\/comments?post=276150"}],"version-history":[{"count":0,"href":"https:\/\/dicodusport.fr\/blog\/wp-json\/wp\/v2\/posts\/276150\/revisions"}],"wp:featuredmedia":[{"embeddable":true,"href":"https:\/\/dicodusport.fr\/blog\/wp-json\/wp\/v2\/media\/276344"}],"wp:attachment":[{"href":"https:\/\/dicodusport.fr\/blog\/wp-json\/wp\/v2\/media?parent=276150"}],"wp:term":[{"taxonomy":"category","embeddable":true,"href":"https:\/\/dicodusport.fr\/blog\/wp-json\/wp\/v2\/categories?post=276150"},{"taxonomy":"post_tag","embeddable":true,"href":"https:\/\/dicodusport.fr\/blog\/wp-json\/wp\/v2\/tags?post=276150"}],"curies":[{"name":"wp","href":"https:\/\/api.w.org\/{rel}","templated":true}]}}