{"id":276887,"date":"2022-11-08T20:51:59","date_gmt":"2022-11-08T19:51:59","guid":{"rendered":"https:\/\/dicodusport.fr\/blog\/?p=276887"},"modified":"2022-11-08T20:51:59","modified_gmt":"2022-11-08T19:51:59","slug":"mondiaux-de-para-tir-tanguy-de-la-forest-champion-du-monde-de-carabine-r4","status":"publish","type":"post","link":"https:\/\/dicodusport.fr\/blog\/mondiaux-de-para-tir-tanguy-de-la-forest-champion-du-monde-de-carabine-r4\/","title":{"rendered":"Mondiaux de para tir : Tanguy de La Forest champion du monde de carabine R4"},"content":{"rendered":"<p style=\"text-align: justify;\"><strong><em>CHAMPIONNATS DU MONDE DE PARA TIR &#8211; Premi\u00e8re m\u00e9daille pour l&rsquo;\u00e9quipe de France de para tir \u00e0 Al-A\u00efn aux \u00c9mirats Arabes Unis. Champion d&rsquo;Europe en d\u00e9but de saison, Tanguy de La Forest remporte son premier titre mondial individuel en carabine.<\/em><\/strong><\/p>\n<h2>Une place pour Paris 2024 assur\u00e9e<\/h2>\n<p style=\"text-align: justify;\">Incroyable performance du tireur tricolore <strong>Tanguy de La Forest<\/strong> qui s&rsquo;offre le titre mondial de carabine 10 m\u00e8tres en cat\u00e9gorie SH2. Sa premi\u00e8re balle de cette finale, un 10.7, donne le ton d&rsquo;entr\u00e9e. Il pointe \u00e0 la troisi\u00e8me place \u00e0 0.3 dixi\u00e8mes de la t\u00eate apr\u00e8s 5 tirs. Bien dans sa bulle, le Rennais encha\u00eenent les tirs au-dessus de 10.5, ce qui lui vaut de prendre la t\u00eate au dixi\u00e8me tir avec une avance de moins d&rsquo;un demi-point. \u00c0 partir de l\u00e0, un tireur est \u00e9limin\u00e9 tous les deux tirs, l&rsquo;erreur est pratiquement \u00e9liminatoire. Nous sommes alors \u00e0 mi-parcours, il ne sont plus que 4 tireurs et <strong>de La Forest<\/strong> est toujours en t\u00eate avec 0.9 point d&rsquo;\u00e9cart sur le second et 1.0 sur les deuxi\u00e8me et troisi\u00e8me. Un \u00e9cart significatif qui laisse peu de doute sur l&rsquo;obtention d&rsquo;une m\u00e9daille, mais de quel m\u00e9tal ?<\/p>\n<p style=\"text-align: justify;\">Alors qu&rsquo;ils ne sont plus que trois et assur\u00e9s du podium, les trois survivants n&rsquo;ont plus que 0.4 point de diff\u00e9rence entre eux. En effet, apr\u00e8s deux tirs l\u00e9g\u00e8rement moins bons, <strong>Tanguy de La Forest<\/strong> voit ses adversaires se rapprocher dangereusement. Le sc\u00e9nario de cette finale est incroyable jusqu&rsquo;au bout. Pendant que le Britannique <strong>Ryan Cockbill<\/strong> est m\u00e9daill\u00e9 de bronze pour 0.1 point, le Fran\u00e7ais et le Sud-Cor\u00e9en sont \u00e0 \u00e9galit\u00e9 avant les deux ultimes tirs. C&rsquo;est finalement le Fran\u00e7ais qui s&#8217;empare de l&rsquo;or dans une fin de finale sous haute tension, avec seulement 0.3 point en sa faveur. Le Sud-Cor\u00e9en <strong>Huntae Sao<\/strong> est vice-champion du monde. Une victoire qui lui offre, en plus de l&rsquo;or, un ticket pour les Jeux Paralympiques de Paris 2024. Il disputera ses 6\u00e8mes Jeux, avec l&rsquo;espoir d&rsquo;enfin monter sur le podium, lui qui reste sur six top 5 paralympiques sans la moindre m\u00e9daille !<\/p>\n<p style=\"text-align: justify;\">En plus du titre en individuel,<strong> Tanguy de La Forest<\/strong> remporte le titre avec ses co\u00e9quipiers <strong>Maxence Dupont<\/strong> et <strong>K\u00e9vin Liot<\/strong>, qui ont m\u00eame battu le record du monde !<\/p>\n<blockquote class=\"twitter-tweet\">\n<p dir=\"ltr\" lang=\"fr\">&#x1f30d; Championnat du monde <a href=\"https:\/\/twitter.com\/ShootingPara?ref_src=twsrc%5Etfw\">@ShootingPara<\/a> &#x1f30d;<a href=\"https:\/\/twitter.com\/tdelaforest?ref_src=twsrc%5Etfw\">@tdelaforest<\/a> est champion du monde &#x1f389;&#x1f389;<\/p>\n<p>&#x25b6; Il d\u00e9croche la m\u00e9daille d\u2019or cet apr\u00e8s-midi \u00e0 Al-A\u00efn en <a href=\"https:\/\/twitter.com\/hashtag\/carabine?src=hash&amp;ref_src=twsrc%5Etfw\">#carabine<\/a> 10m &#8211; R4 et remporte par la m\u00eame occasion un quota <a href=\"https:\/\/twitter.com\/hashtag\/paralympique?src=hash&amp;ref_src=twsrc%5Etfw\">#paralympique<\/a> pour la <a href=\"https:\/\/twitter.com\/hashtag\/France?src=hash&amp;ref_src=twsrc%5Etfw\">#France<\/a> pour <a href=\"https:\/\/twitter.com\/Paris2024?ref_src=twsrc%5Etfw\">@Paris2024<\/a> &#x1f1eb;&#x1f1f7;<\/p>\n<p>&#x1f4f8; <a href=\"https:\/\/t.co\/ySTnYPlXrR\">https:\/\/t.co\/ySTnYPlXrR<\/a> <a href=\"https:\/\/t.co\/erQuPRi5iN\">pic.twitter.com\/erQuPRi5iN<\/a><\/p>\n<p>\u2014 FFTir (@tir_ff) <a href=\"https:\/\/twitter.com\/tir_ff\/status\/1590031782505635840?ref_src=twsrc%5Etfw\">November 8, 2022<\/a><\/p><\/blockquote>\n<p><script async src=\"https:\/\/platform.twitter.com\/widgets.js\" charset=\"utf-8\"><\/script><\/p>\n","protected":false},"excerpt":{"rendered":"<p>CHAMPIONNATS DU MONDE DE PARA TIR &#8211; Premi\u00e8re m\u00e9daille pour l&rsquo;\u00e9quipe de France de para tir \u00e0 Al-A\u00efn aux \u00c9mirats Arabes Unis. Champion d&rsquo;Europe en d\u00e9but de saison, Tanguy de La Forest remporte son premier titre mondial individuel en carabine.<\/p>\n","protected":false},"author":43,"featured_media":276919,"comment_status":"open","ping_status":"closed","sticky":false,"template":"","format":"standard","meta":{"_acf_changed":false,"_daextam_enable_autolinks":"","footnotes":""},"categories":[5753,16898],"tags":[19599,1265,24,27797,14754],"class_list":["post-276887","post","type-post","status-publish","format-standard","has-post-thumbnail","hentry","category-handisport","category-tir","tag-championnats-du-monde-de-tir-sportif","tag-handisport","tag-sport","tag-tanguy-de-la-forest","tag-tir-sportif"],"acf":[],"yoast_head":"<!-- This site is optimized with the Yoast SEO Premium plugin v26.7 (Yoast SEO v26.7) - https:\/\/yoast.com\/wordpress\/plugins\/seo\/ -->\n<title>Mondiaux de para tir : Tanguy de La Forest champion du monde de carabine R4<\/title>\n<meta name=\"description\" content=\"Incroyable d\u00e9nouement pour Tanguy de La Forest qui devient champion du monde de carabine et se qualifie pour les Jeux Paralympiques de Paris.\" \/>\n<meta name=\"robots\" content=\"index, follow, max-snippet:-1, max-image-preview:large, max-video-preview:-1\" \/>\n<link rel=\"canonical\" href=\"https:\/\/dicodusport.fr\/blog\/mondiaux-de-para-tir-tanguy-de-la-forest-champion-du-monde-de-carabine-r4\/\" \/>\n<meta property=\"og:locale\" content=\"fr_FR\" \/>\n<meta property=\"og:type\" content=\"article\" \/>\n<meta property=\"og:title\" content=\"Mondiaux de para tir : Tanguy de La Forest champion du monde de carabine R4\" \/>\n<meta property=\"og:description\" content=\"Incroyable d\u00e9nouement pour Tanguy de La Forest qui devient champion du monde de carabine et se qualifie pour les Jeux Paralympiques de Paris.\" \/>\n<meta property=\"og:url\" content=\"https:\/\/dicodusport.fr\/blog\/mondiaux-de-para-tir-tanguy-de-la-forest-champion-du-monde-de-carabine-r4\/\" \/>\n<meta property=\"og:site_name\" content=\"Dicodusport\" \/>\n<meta property=\"article:publisher\" content=\"https:\/\/www.facebook.com\/dicodusport\" \/>\n<meta property=\"article:author\" content=\"https:\/\/www.facebook.com\/Max.Bld2\/\" \/>\n<meta property=\"article:published_time\" content=\"2022-11-08T19:51:59+00:00\" \/>\n<meta property=\"og:image\" content=\"https:\/\/dicodusport.fr\/blog\/wp-content\/uploads\/2022\/11\/Mondiaux-de-para-tir-Tanguy-de-La-Forest-champion-du-monde-de-carabine-R4.png\" \/>\n\t<meta property=\"og:image:width\" content=\"800\" \/>\n\t<meta property=\"og:image:height\" content=\"445\" \/>\n\t<meta property=\"og:image:type\" content=\"image\/png\" \/>\n<meta name=\"author\" content=\"Maxime Boulard\" \/>\n<meta name=\"twitter:card\" content=\"summary_large_image\" \/>\n<meta name=\"twitter:title\" content=\"Mondiaux de para tir : Tanguy de La Forest champion du monde de carabine R4\" \/>\n<meta name=\"twitter:creator\" content=\"@https:\/\/twitter.com\/MaximeB_2\" \/>\n<meta name=\"twitter:site\" content=\"@dicodusport\" \/>\n<script type=\"application\/ld+json\" class=\"yoast-schema-graph\">{\"@context\":\"https:\/\/schema.org\",\"@graph\":[{\"@type\":\"NewsArticle\",\"@id\":\"https:\/\/dicodusport.fr\/blog\/mondiaux-de-para-tir-tanguy-de-la-forest-champion-du-monde-de-carabine-r4\/#article\",\"isPartOf\":{\"@id\":\"https:\/\/dicodusport.fr\/blog\/mondiaux-de-para-tir-tanguy-de-la-forest-champion-du-monde-de-carabine-r4\/\"},\"author\":{\"name\":\"Maxime Boulard\",\"@id\":\"https:\/\/dicodusport.fr\/blog\/#\/schema\/person\/5aab10ee856e86ac63e9819a9da34784\"},\"headline\":\"Mondiaux de para tir : Tanguy de La Forest champion du monde de carabine R4\",\"datePublished\":\"2022-11-08T19:51:59+00:00\",\"mainEntityOfPage\":{\"@id\":\"https:\/\/dicodusport.fr\/blog\/mondiaux-de-para-tir-tanguy-de-la-forest-champion-du-monde-de-carabine-r4\/\"},\"wordCount\":492,\"commentCount\":0,\"publisher\":{\"@id\":\"https:\/\/dicodusport.fr\/blog\/#organization\"},\"image\":{\"@id\":\"https:\/\/dicodusport.fr\/blog\/mondiaux-de-para-tir-tanguy-de-la-forest-champion-du-monde-de-carabine-r4\/#primaryimage\"},\"thumbnailUrl\":\"https:\/\/dicodusport.fr\/blog\/wp-content\/uploads\/2022\/11\/Mondiaux-de-para-tir-Tanguy-de-La-Forest-champion-du-monde-de-carabine-R4.png\",\"keywords\":[\"Championnats du monde de tir sportif\",\"handisport\",\"sport\",\"Tanguy de La Forest\",\"Tir sportif\"],\"articleSection\":[\"Handisport\",\"Tir\"],\"inLanguage\":\"fr-FR\",\"potentialAction\":[{\"@type\":\"CommentAction\",\"name\":\"Comment\",\"target\":[\"https:\/\/dicodusport.fr\/blog\/mondiaux-de-para-tir-tanguy-de-la-forest-champion-du-monde-de-carabine-r4\/#respond\"]}],\"copyrightYear\":\"2022\",\"copyrightHolder\":{\"@id\":\"https:\/\/dicodusport.fr\/blog\/#organization\"}},{\"@type\":\"WebPage\",\"@id\":\"https:\/\/dicodusport.fr\/blog\/mondiaux-de-para-tir-tanguy-de-la-forest-champion-du-monde-de-carabine-r4\/\",\"url\":\"https:\/\/dicodusport.fr\/blog\/mondiaux-de-para-tir-tanguy-de-la-forest-champion-du-monde-de-carabine-r4\/\",\"name\":\"Mondiaux de para tir : Tanguy de La Forest champion du monde de carabine R4\",\"isPartOf\":{\"@id\":\"https:\/\/dicodusport.fr\/blog\/#website\"},\"primaryImageOfPage\":{\"@id\":\"https:\/\/dicodusport.fr\/blog\/mondiaux-de-para-tir-tanguy-de-la-forest-champion-du-monde-de-carabine-r4\/#primaryimage\"},\"image\":{\"@id\":\"https:\/\/dicodusport.fr\/blog\/mondiaux-de-para-tir-tanguy-de-la-forest-champion-du-monde-de-carabine-r4\/#primaryimage\"},\"thumbnailUrl\":\"https:\/\/dicodusport.fr\/blog\/wp-content\/uploads\/2022\/11\/Mondiaux-de-para-tir-Tanguy-de-La-Forest-champion-du-monde-de-carabine-R4.png\",\"datePublished\":\"2022-11-08T19:51:59+00:00\",\"description\":\"Incroyable d\u00e9nouement pour Tanguy de La Forest qui devient champion du monde de carabine et se qualifie pour les Jeux Paralympiques de Paris.\",\"breadcrumb\":{\"@id\":\"https:\/\/dicodusport.fr\/blog\/mondiaux-de-para-tir-tanguy-de-la-forest-champion-du-monde-de-carabine-r4\/#breadcrumb\"},\"inLanguage\":\"fr-FR\",\"potentialAction\":[{\"@type\":\"ReadAction\",\"target\":[\"https:\/\/dicodusport.fr\/blog\/mondiaux-de-para-tir-tanguy-de-la-forest-champion-du-monde-de-carabine-r4\/\"]}]},{\"@type\":\"ImageObject\",\"inLanguage\":\"fr-FR\",\"@id\":\"https:\/\/dicodusport.fr\/blog\/mondiaux-de-para-tir-tanguy-de-la-forest-champion-du-monde-de-carabine-r4\/#primaryimage\",\"url\":\"https:\/\/dicodusport.fr\/blog\/wp-content\/uploads\/2022\/11\/Mondiaux-de-para-tir-Tanguy-de-La-Forest-champion-du-monde-de-carabine-R4.png\",\"contentUrl\":\"https:\/\/dicodusport.fr\/blog\/wp-content\/uploads\/2022\/11\/Mondiaux-de-para-tir-Tanguy-de-La-Forest-champion-du-monde-de-carabine-R4.png\",\"width\":800,\"height\":445,\"caption\":\"Mondiaux de para tir - Tanguy de La Forest champion du monde de carabine R4 - Photo FF Tir\"},{\"@type\":\"BreadcrumbList\",\"@id\":\"https:\/\/dicodusport.fr\/blog\/mondiaux-de-para-tir-tanguy-de-la-forest-champion-du-monde-de-carabine-r4\/#breadcrumb\",\"itemListElement\":[{\"@type\":\"ListItem\",\"position\":1,\"name\":\"Accueil\",\"item\":\"https:\/\/dicodusport.fr\/blog\/\"},{\"@type\":\"ListItem\",\"position\":2,\"name\":\"Mondiaux de para tir : Tanguy de La Forest champion du monde de carabine R4\"}]},{\"@type\":\"WebSite\",\"@id\":\"https:\/\/dicodusport.fr\/blog\/#website\",\"url\":\"https:\/\/dicodusport.fr\/blog\/\",\"name\":\"Dicodusport\",\"description\":\"L&#039;encyclop\u00e9die de l&#039;actualit\u00e9 sportive\",\"publisher\":{\"@id\":\"https:\/\/dicodusport.fr\/blog\/#organization\"},\"potentialAction\":[{\"@type\":\"SearchAction\",\"target\":{\"@type\":\"EntryPoint\",\"urlTemplate\":\"https:\/\/dicodusport.fr\/blog\/?s={search_term_string}\"},\"query-input\":{\"@type\":\"PropertyValueSpecification\",\"valueRequired\":true,\"valueName\":\"search_term_string\"}}],\"inLanguage\":\"fr-FR\"},{\"@type\":\"NewsMediaOrganization\",\"@id\":\"https:\/\/dicodusport.fr\/blog\/#organization\",\"name\":\"Dicodusport\",\"url\":\"https:\/\/dicodusport.fr\/blog\/\",\"logo\":{\"@type\":\"ImageObject\",\"inLanguage\":\"fr-FR\",\"@id\":\"https:\/\/dicodusport.fr\/blog\/#\/schema\/logo\/image\/\",\"url\":\"https:\/\/dicodusport.fr\/blog\/wp-content\/uploads\/2020\/06\/cropped-LOGO-DICODUSPORT-2020-SANS-FOND-SANS-TEXTE.png\",\"contentUrl\":\"https:\/\/dicodusport.fr\/blog\/wp-content\/uploads\/2020\/06\/cropped-LOGO-DICODUSPORT-2020-SANS-FOND-SANS-TEXTE.png\",\"width\":512,\"height\":512,\"caption\":\"Dicodusport\"},\"image\":{\"@id\":\"https:\/\/dicodusport.fr\/blog\/#\/schema\/logo\/image\/\"},\"sameAs\":[\"https:\/\/www.facebook.com\/dicodusport\",\"https:\/\/x.com\/dicodusport\",\"https:\/\/www.instagram.com\/dicodusport\/\",\"https:\/\/www.youtube.com\/channel\/UC7V2KZ5sd3htJivAbA4ZG3w\"],\"description\":\"Dicodusport est l'encyclop\u00e9die de l'actualit\u00e9 sportive.\",\"email\":\"bonjour@dicodusport.fr\",\"legalName\":\"DICODUSPORT\",\"foundingDate\":\"2018-01-14\",\"vatID\":\"FR71834470973\",\"taxID\":\"83447097300043\",\"numberOfEmployees\":{\"@type\":\"QuantitativeValue\",\"minValue\":\"1\",\"maxValue\":\"10\"}},{\"@type\":\"Person\",\"@id\":\"https:\/\/dicodusport.fr\/blog\/#\/schema\/person\/5aab10ee856e86ac63e9819a9da34784\",\"name\":\"Maxime Boulard\",\"image\":{\"@type\":\"ImageObject\",\"inLanguage\":\"fr-FR\",\"@id\":\"https:\/\/dicodusport.fr\/blog\/#\/schema\/person\/image\/\",\"url\":\"https:\/\/dicodusport.fr\/blog\/wp-content\/uploads\/2021\/05\/Maxime-Boulard-150x150.jpg\",\"contentUrl\":\"https:\/\/dicodusport.fr\/blog\/wp-content\/uploads\/2021\/05\/Maxime-Boulard-150x150.jpg\",\"caption\":\"Maxime Boulard\"},\"description\":\"Journaliste\/r\u00e9dacteur depuis octobre 2020 - Si mon plus vieux souvenir de sport aurait pu m'en d\u00e9go\u00fbter, la finale de la Coupe du monde 2006 a \u00e9t\u00e9 tout le contraire. V\u00e9ritable d\u00e9clencheur d'une passion qui aujourd'hui ne fait que grandir avec le temps, mon leitmotiv est la France qui brille ! Je relate les exploits pass\u00e9s et pr\u00e9sents du sport bleu-blanc-rouge sans m\u00e9nagement depuis octobre 2020. Sport valide ou handisport, aucune diff\u00e9rence, il n'y a que du sport et plusieurs fa\u00e7ons de le pratiquer.\",\"sameAs\":[\"https:\/\/www.facebook.com\/Max.Bld2\/\",\"https:\/\/x.com\/https:\/\/twitter.com\/MaximeB_2\"],\"url\":\"https:\/\/dicodusport.fr\/blog\/author\/maxime-b\/\"}]}<\/script>\n<!-- \/ Yoast SEO Premium plugin. -->","yoast_head_json":{"title":"Mondiaux de para tir : Tanguy de La Forest champion du monde de carabine R4","description":"Incroyable d\u00e9nouement pour Tanguy de La Forest qui devient champion du monde de carabine et se qualifie pour les Jeux Paralympiques de Paris.","robots":{"index":"index","follow":"follow","max-snippet":"max-snippet:-1","max-image-preview":"max-image-preview:large","max-video-preview":"max-video-preview:-1"},"canonical":"https:\/\/dicodusport.fr\/blog\/mondiaux-de-para-tir-tanguy-de-la-forest-champion-du-monde-de-carabine-r4\/","og_locale":"fr_FR","og_type":"article","og_title":"Mondiaux de para tir : Tanguy de La Forest champion du monde de carabine R4","og_description":"Incroyable d\u00e9nouement pour Tanguy de La Forest qui devient champion du monde de carabine et se qualifie pour les Jeux Paralympiques de Paris.","og_url":"https:\/\/dicodusport.fr\/blog\/mondiaux-de-para-tir-tanguy-de-la-forest-champion-du-monde-de-carabine-r4\/","og_site_name":"Dicodusport","article_publisher":"https:\/\/www.facebook.com\/dicodusport","article_author":"https:\/\/www.facebook.com\/Max.Bld2\/","article_published_time":"2022-11-08T19:51:59+00:00","og_image":[{"width":800,"height":445,"url":"https:\/\/dicodusport.fr\/blog\/wp-content\/uploads\/2022\/11\/Mondiaux-de-para-tir-Tanguy-de-La-Forest-champion-du-monde-de-carabine-R4.png","type":"image\/png"}],"author":"Maxime Boulard","twitter_card":"summary_large_image","twitter_title":"Mondiaux de para tir : Tanguy de La Forest champion du monde de carabine R4","twitter_creator":"@https:\/\/twitter.com\/MaximeB_2","twitter_site":"@dicodusport","schema":{"@context":"https:\/\/schema.org","@graph":[{"@type":"NewsArticle","@id":"https:\/\/dicodusport.fr\/blog\/mondiaux-de-para-tir-tanguy-de-la-forest-champion-du-monde-de-carabine-r4\/#article","isPartOf":{"@id":"https:\/\/dicodusport.fr\/blog\/mondiaux-de-para-tir-tanguy-de-la-forest-champion-du-monde-de-carabine-r4\/"},"author":{"name":"Maxime Boulard","@id":"https:\/\/dicodusport.fr\/blog\/#\/schema\/person\/5aab10ee856e86ac63e9819a9da34784"},"headline":"Mondiaux de para tir : Tanguy de La Forest champion du monde de carabine R4","datePublished":"2022-11-08T19:51:59+00:00","mainEntityOfPage":{"@id":"https:\/\/dicodusport.fr\/blog\/mondiaux-de-para-tir-tanguy-de-la-forest-champion-du-monde-de-carabine-r4\/"},"wordCount":492,"commentCount":0,"publisher":{"@id":"https:\/\/dicodusport.fr\/blog\/#organization"},"image":{"@id":"https:\/\/dicodusport.fr\/blog\/mondiaux-de-para-tir-tanguy-de-la-forest-champion-du-monde-de-carabine-r4\/#primaryimage"},"thumbnailUrl":"https:\/\/dicodusport.fr\/blog\/wp-content\/uploads\/2022\/11\/Mondiaux-de-para-tir-Tanguy-de-La-Forest-champion-du-monde-de-carabine-R4.png","keywords":["Championnats du monde de tir sportif","handisport","sport","Tanguy de La Forest","Tir sportif"],"articleSection":["Handisport","Tir"],"inLanguage":"fr-FR","potentialAction":[{"@type":"CommentAction","name":"Comment","target":["https:\/\/dicodusport.fr\/blog\/mondiaux-de-para-tir-tanguy-de-la-forest-champion-du-monde-de-carabine-r4\/#respond"]}],"copyrightYear":"2022","copyrightHolder":{"@id":"https:\/\/dicodusport.fr\/blog\/#organization"}},{"@type":"WebPage","@id":"https:\/\/dicodusport.fr\/blog\/mondiaux-de-para-tir-tanguy-de-la-forest-champion-du-monde-de-carabine-r4\/","url":"https:\/\/dicodusport.fr\/blog\/mondiaux-de-para-tir-tanguy-de-la-forest-champion-du-monde-de-carabine-r4\/","name":"Mondiaux de para tir : Tanguy de La Forest champion du monde de carabine R4","isPartOf":{"@id":"https:\/\/dicodusport.fr\/blog\/#website"},"primaryImageOfPage":{"@id":"https:\/\/dicodusport.fr\/blog\/mondiaux-de-para-tir-tanguy-de-la-forest-champion-du-monde-de-carabine-r4\/#primaryimage"},"image":{"@id":"https:\/\/dicodusport.fr\/blog\/mondiaux-de-para-tir-tanguy-de-la-forest-champion-du-monde-de-carabine-r4\/#primaryimage"},"thumbnailUrl":"https:\/\/dicodusport.fr\/blog\/wp-content\/uploads\/2022\/11\/Mondiaux-de-para-tir-Tanguy-de-La-Forest-champion-du-monde-de-carabine-R4.png","datePublished":"2022-11-08T19:51:59+00:00","description":"Incroyable d\u00e9nouement pour Tanguy de La Forest qui devient champion du monde de carabine et se qualifie pour les Jeux Paralympiques de Paris.","breadcrumb":{"@id":"https:\/\/dicodusport.fr\/blog\/mondiaux-de-para-tir-tanguy-de-la-forest-champion-du-monde-de-carabine-r4\/#breadcrumb"},"inLanguage":"fr-FR","potentialAction":[{"@type":"ReadAction","target":["https:\/\/dicodusport.fr\/blog\/mondiaux-de-para-tir-tanguy-de-la-forest-champion-du-monde-de-carabine-r4\/"]}]},{"@type":"ImageObject","inLanguage":"fr-FR","@id":"https:\/\/dicodusport.fr\/blog\/mondiaux-de-para-tir-tanguy-de-la-forest-champion-du-monde-de-carabine-r4\/#primaryimage","url":"https:\/\/dicodusport.fr\/blog\/wp-content\/uploads\/2022\/11\/Mondiaux-de-para-tir-Tanguy-de-La-Forest-champion-du-monde-de-carabine-R4.png","contentUrl":"https:\/\/dicodusport.fr\/blog\/wp-content\/uploads\/2022\/11\/Mondiaux-de-para-tir-Tanguy-de-La-Forest-champion-du-monde-de-carabine-R4.png","width":800,"height":445,"caption":"Mondiaux de para tir - Tanguy de La Forest champion du monde de carabine R4 - Photo FF Tir"},{"@type":"BreadcrumbList","@id":"https:\/\/dicodusport.fr\/blog\/mondiaux-de-para-tir-tanguy-de-la-forest-champion-du-monde-de-carabine-r4\/#breadcrumb","itemListElement":[{"@type":"ListItem","position":1,"name":"Accueil","item":"https:\/\/dicodusport.fr\/blog\/"},{"@type":"ListItem","position":2,"name":"Mondiaux de para tir : Tanguy de La Forest champion du monde de carabine R4"}]},{"@type":"WebSite","@id":"https:\/\/dicodusport.fr\/blog\/#website","url":"https:\/\/dicodusport.fr\/blog\/","name":"Dicodusport","description":"L&#039;encyclop\u00e9die de l&#039;actualit\u00e9 sportive","publisher":{"@id":"https:\/\/dicodusport.fr\/blog\/#organization"},"potentialAction":[{"@type":"SearchAction","target":{"@type":"EntryPoint","urlTemplate":"https:\/\/dicodusport.fr\/blog\/?s={search_term_string}"},"query-input":{"@type":"PropertyValueSpecification","valueRequired":true,"valueName":"search_term_string"}}],"inLanguage":"fr-FR"},{"@type":"NewsMediaOrganization","@id":"https:\/\/dicodusport.fr\/blog\/#organization","name":"Dicodusport","url":"https:\/\/dicodusport.fr\/blog\/","logo":{"@type":"ImageObject","inLanguage":"fr-FR","@id":"https:\/\/dicodusport.fr\/blog\/#\/schema\/logo\/image\/","url":"https:\/\/dicodusport.fr\/blog\/wp-content\/uploads\/2020\/06\/cropped-LOGO-DICODUSPORT-2020-SANS-FOND-SANS-TEXTE.png","contentUrl":"https:\/\/dicodusport.fr\/blog\/wp-content\/uploads\/2020\/06\/cropped-LOGO-DICODUSPORT-2020-SANS-FOND-SANS-TEXTE.png","width":512,"height":512,"caption":"Dicodusport"},"image":{"@id":"https:\/\/dicodusport.fr\/blog\/#\/schema\/logo\/image\/"},"sameAs":["https:\/\/www.facebook.com\/dicodusport","https:\/\/x.com\/dicodusport","https:\/\/www.instagram.com\/dicodusport\/","https:\/\/www.youtube.com\/channel\/UC7V2KZ5sd3htJivAbA4ZG3w"],"description":"Dicodusport est l'encyclop\u00e9die de l'actualit\u00e9 sportive.","email":"bonjour@dicodusport.fr","legalName":"DICODUSPORT","foundingDate":"2018-01-14","vatID":"FR71834470973","taxID":"83447097300043","numberOfEmployees":{"@type":"QuantitativeValue","minValue":"1","maxValue":"10"}},{"@type":"Person","@id":"https:\/\/dicodusport.fr\/blog\/#\/schema\/person\/5aab10ee856e86ac63e9819a9da34784","name":"Maxime Boulard","image":{"@type":"ImageObject","inLanguage":"fr-FR","@id":"https:\/\/dicodusport.fr\/blog\/#\/schema\/person\/image\/","url":"https:\/\/dicodusport.fr\/blog\/wp-content\/uploads\/2021\/05\/Maxime-Boulard-150x150.jpg","contentUrl":"https:\/\/dicodusport.fr\/blog\/wp-content\/uploads\/2021\/05\/Maxime-Boulard-150x150.jpg","caption":"Maxime Boulard"},"description":"Journaliste\/r\u00e9dacteur depuis octobre 2020 - Si mon plus vieux souvenir de sport aurait pu m'en d\u00e9go\u00fbter, la finale de la Coupe du monde 2006 a \u00e9t\u00e9 tout le contraire. V\u00e9ritable d\u00e9clencheur d'une passion qui aujourd'hui ne fait que grandir avec le temps, mon leitmotiv est la France qui brille ! Je relate les exploits pass\u00e9s et pr\u00e9sents du sport bleu-blanc-rouge sans m\u00e9nagement depuis octobre 2020. Sport valide ou handisport, aucune diff\u00e9rence, il n'y a que du sport et plusieurs fa\u00e7ons de le pratiquer.","sameAs":["https:\/\/www.facebook.com\/Max.Bld2\/","https:\/\/x.com\/https:\/\/twitter.com\/MaximeB_2"],"url":"https:\/\/dicodusport.fr\/blog\/author\/maxime-b\/"}]}},"_links":{"self":[{"href":"https:\/\/dicodusport.fr\/blog\/wp-json\/wp\/v2\/posts\/276887","targetHints":{"allow":["GET"]}}],"collection":[{"href":"https:\/\/dicodusport.fr\/blog\/wp-json\/wp\/v2\/posts"}],"about":[{"href":"https:\/\/dicodusport.fr\/blog\/wp-json\/wp\/v2\/types\/post"}],"author":[{"embeddable":true,"href":"https:\/\/dicodusport.fr\/blog\/wp-json\/wp\/v2\/users\/43"}],"replies":[{"embeddable":true,"href":"https:\/\/dicodusport.fr\/blog\/wp-json\/wp\/v2\/comments?post=276887"}],"version-history":[{"count":0,"href":"https:\/\/dicodusport.fr\/blog\/wp-json\/wp\/v2\/posts\/276887\/revisions"}],"wp:featuredmedia":[{"embeddable":true,"href":"https:\/\/dicodusport.fr\/blog\/wp-json\/wp\/v2\/media\/276919"}],"wp:attachment":[{"href":"https:\/\/dicodusport.fr\/blog\/wp-json\/wp\/v2\/media?parent=276887"}],"wp:term":[{"taxonomy":"category","embeddable":true,"href":"https:\/\/dicodusport.fr\/blog\/wp-json\/wp\/v2\/categories?post=276887"},{"taxonomy":"post_tag","embeddable":true,"href":"https:\/\/dicodusport.fr\/blog\/wp-json\/wp\/v2\/tags?post=276887"}],"curies":[{"name":"wp","href":"https:\/\/api.w.org\/{rel}","templated":true}]}}