{"id":277000,"date":"2022-11-13T12:46:52","date_gmt":"2022-11-13T11:46:52","guid":{"rendered":"https:\/\/dicodusport.fr\/blog\/?p=277000&#038;preview=true&#038;preview_id=277000"},"modified":"2022-11-13T12:46:24","modified_gmt":"2022-11-13T11:46:24","slug":"biathlon-pre-saison-idre-programme-complet-et-resultats","status":"publish","type":"post","link":"https:\/\/dicodusport.fr\/blog\/biathlon-pre-saison-idre-programme-complet-et-resultats\/","title":{"rendered":"Biathlon Pr\u00e9-saison Idre &#8211; Les r\u00e9sultats complets"},"content":{"rendered":"<p style=\"text-align: justify;\"><strong><em>BIATHLON 2022-2023 &#8211; \u00c0 15 jours du lancement de la Coupe du monde 2022-2023, l&rsquo;\u00e9quipe de France a rendez-vous \u00e0 Idre Fj\u00e4ll (Su\u00e8de), pour les courses de pr\u00e9-saison. Programme et r\u00e9sultats.<\/em><\/strong><\/p>\n<p style=\"text-align: justify;\">La saison de <strong>biathlon<\/strong> d\u00e9bute d\u00e8s ce week-end, avec les courses de pr\u00e9-saison. Si la <a href=\"https:\/\/dicodusport.fr\/blog\/actualites\/biathlon\/coupe-du-monde-biathlon-2022-2023\/\"><strong>Coupe du monde 2022-2023<\/strong><\/a> sera lanc\u00e9e dans 15 jours \u00e0 Kontiolahti (Finlande), les diff\u00e9rentes nations seront pr\u00e9sentes \u00e0 <strong>Sjusjoen<\/strong> (Norv\u00e8ge) ou <strong>Idre Fj\u00e4ll<\/strong> (Su\u00e8de). C&rsquo;est d&rsquo;ailleurs sur le site su\u00e9dois que l&rsquo;on retrouvera l&rsquo;\u00e9quipe de France, habitu\u00e9e \u00e0 se frotter aux Norv\u00e9giens \u00e0 l&rsquo;est de Lillehammer. Cette fois, les Bleus, avec <strong>Quentin Fillon Maillet<\/strong> et <strong>Julia Simon<\/strong>, vont en d\u00e9coudre face aux Su\u00e9dois, emmen\u00e9s par les s\u0153urs <strong>Oeberg<\/strong>, <strong>Hanna<\/strong> et <strong>Elvira<\/strong>, ainsi que <strong>Sebastian Samuelsson<\/strong> et <strong>Martin Ponsiluoma<\/strong>. L&rsquo;Italie, elle, a d\u00e9clar\u00e9 forfait pour les courses su\u00e9doises.<\/p>\n<h2 style=\"text-align: justify;\">Biathlon &#8211; Programme et r\u00e9sultats des courses de pr\u00e9-saison \u00e0 Idre Fj\u00e4ll<\/h2>\n<table style=\"width: 800px; border-collapse: collapse;\">\n<tbody>\n<tr>\n<td style=\"width: 15.775%; background-color: #0b2e74; text-align: center; vertical-align: middle;\" colspan=\"5\"><span style=\"color: #ffffff;\"><strong>SAMEDI 12 NOVEMBRE 2022<\/strong><\/span><\/td>\n<\/tr>\n<tr>\n<td style=\"width: 15.775%; background-color: #024d96; text-align: center; vertical-align: middle;\"><span style=\"color: #ffffff; font-size: 0.9em;\"><strong>Heure<\/strong><\/span><\/td>\n<td style=\"width: 18.5871%; background-color: #024d96; text-align: center; vertical-align: middle;\"><span style=\"color: #ffffff; font-size: 0.9em;\"><strong>Course<\/strong><\/span><\/td>\n<td style=\"width: 5.62414%; background-color: #024d96; text-align: center; vertical-align: middle;\"><span style=\"color: #ffffff; font-size: 0.9em;\"><strong>Vainqueur<\/strong><\/span><\/td>\n<td style=\"width: 4.52675%; background-color: #024d96; text-align: center; vertical-align: middle;\"><span style=\"color: #ffffff; font-size: 0.9em;\"><strong>Deuxi\u00e8me<\/strong><\/span><\/td>\n<td style=\"width: 4.52675%; background-color: #024d96; text-align: center; vertical-align: middle;\"><span style=\"color: #ffffff; font-size: 0.9em;\"><strong>Troisi\u00e8me<\/strong><\/span><\/td>\n<\/tr>\n<tr>\n<td style=\"text-align: center; vertical-align: middle; width: 20%;\"><span style=\"font-size: 0.9em;\"><b>10h00<\/b><\/span><\/td>\n<td style=\"text-align: center; vertical-align: middle; width: 20%;\"><span style=\"font-size: 0.9em;\"><span style=\"font-size: 0.9em;\">Individuel court (H)<\/span><br \/>\n<span style=\"font-size: 12px;\"><b><i><a href=\"https:\/\/dicodusport.fr\/blog\/biathlon-pre-saison-idre-fabien-claude-simpose-dentree-de-jeu\/\">R\u00e9sum\u00e9<\/a> &#8211; <\/i><\/b><\/span><a href=\"https:\/\/dicodusport.fr\/blog\/biathlon-pre-saison-idre-classement-individuel-court-hommes\/\"><span style=\"font-size: 12px;\"><b><i>Classement<\/i><\/b><\/span><\/a><\/span><\/td>\n<td style=\"text-align: center; vertical-align: middle; width: 20%;\"><span style=\"font-size: 0.9em;\"><strong>&#x1f1eb;&#x1f1f7; FABIEN CLAUDE<br \/>\n<span style=\"font-size: 11.52px;\"><i>40:08.3 \/ 1-1-1-0<\/i><\/span><br \/>\n<\/strong><\/span><\/td>\n<td style=\"text-align: center; vertical-align: middle; width: 20%;\"><span style=\"font-size: 0.9em;\"><strong>&#x1f1f8;&#x1f1ea; HENNING SJ\u00d6KVIST<br \/>\n<span style=\"font-size: 11.52px;\"><i>+2.8 \/ 0-0-0-0<\/i><\/span><\/strong><\/span><\/td>\n<td style=\"text-align: center; vertical-align: middle; width: 20%;\"><span style=\"font-size: 0.9em;\"><strong>&#x1f1f8;&#x1f1ea; SEBASTIAN SAMUELSSON<br \/>\n<span style=\"font-size: 11.52px;\"><i>+34.9 \/ 1-1-1-0<\/i><\/span><\/strong><\/span><\/td>\n<\/tr>\n<tr>\n<td style=\"text-align: center; vertical-align: middle; width: 20%;\"><span style=\"font-size: 0.9em;\"><b>12h10<\/b><\/span><\/td>\n<td style=\"text-align: center; vertical-align: middle; width: 20%;\"><span style=\"font-size: 0.9em;\"><span style=\"font-size: 0.9em;\">Individuel court (F)<\/span><br \/>\n<span style=\"font-size: 12px;\"><b><i><a href=\"https:\/\/dicodusport.fr\/blog\/biathlon-pre-saison-idre-julia-simon-et-lou-jeanmonnot-sur-le-podium-de-lindividuel-court\/\">R\u00e9sum\u00e9<\/a> &#8211; <\/i><\/b><\/span><a href=\"https:\/\/dicodusport.fr\/blog\/biathlon-pre-saison-idre-classement-individuel-court-femmes\/\"><span style=\"font-size: 12px;\"><b><i>Classement<\/i><\/b><\/span><\/a><\/span><\/td>\n<td style=\"text-align: center; vertical-align: middle; width: 20%;\"><span style=\"font-size: 0.9em;\"><strong>&#x1f1f8;&#x1f1ea; TILDA JOHANSSON<br \/>\n<span style=\"font-size: 11.52px;\"><i>37:14.1 \/ 0-0-0-0<\/i><\/span><\/strong><\/span><\/td>\n<td style=\"text-align: center; vertical-align: middle; width: 20%;\"><span style=\"font-size: 0.9em;\"><strong>&#x1f1eb;&#x1f1f7; JULIA SIMON<br \/>\n<span style=\"font-size: 11.52px;\"><i>+9.1 \/ 1-1-0-0<\/i><\/span><\/strong><\/span><\/td>\n<td style=\"text-align: center; vertical-align: middle; width: 20%;\"><span style=\"font-size: 0.9em;\"><strong>&#x1f1eb;&#x1f1f7; LOU JEANMONNOT<br \/>\n<span style=\"font-size: 11.52px;\"><i>+28.9 \/ 0-1-0-0<\/i><\/span><\/strong><\/span><\/td>\n<\/tr>\n<tr>\n<td style=\"width: 15.775%; background-color: #0b2e74; text-align: center; vertical-align: middle;\" colspan=\"5\"><span style=\"color: #ffffff;\"><strong>DIMANCHE 13 NOVEMBRE 2022<\/strong><\/span><\/td>\n<\/tr>\n<tr>\n<td style=\"width: 15.775%; background-color: #024d96; text-align: center; vertical-align: middle;\"><span style=\"color: #ffffff; font-size: 0.9em;\"><strong>Heure<\/strong><\/span><\/td>\n<td style=\"width: 18.5871%; background-color: #024d96; text-align: center; vertical-align: middle;\"><span style=\"color: #ffffff; font-size: 0.9em;\"><strong>Course<\/strong><\/span><\/td>\n<td style=\"width: 5.62414%; background-color: #024d96; text-align: center; vertical-align: middle;\"><span style=\"color: #ffffff; font-size: 0.9em;\"><strong>Vainqueur<\/strong><\/span><\/td>\n<td style=\"width: 4.52675%; background-color: #024d96; text-align: center; vertical-align: middle;\"><span style=\"color: #ffffff; font-size: 0.9em;\"><strong>Deuxi\u00e8me<\/strong><\/span><\/td>\n<td style=\"width: 4.52675%; background-color: #024d96; text-align: center; vertical-align: middle;\"><span style=\"color: #ffffff; font-size: 0.9em;\"><strong>Troisi\u00e8me<\/strong><\/span><\/td>\n<\/tr>\n<tr>\n<td style=\"text-align: center; vertical-align: middle; width: 15.775%;\"><span style=\"font-size: 0.9em;\"><b>10h00<\/b><\/span><\/td>\n<td style=\"text-align: center; vertical-align: middle; width: 18.5871%;\"><span style=\"font-size: 0.9em;\">Sprint (H)<br \/>\n<span style=\"font-size: 12px;\"><b><i><a href=\"https:\/\/dicodusport.fr\/blog\/biathlon-pre-saison-idre-emilien-jacquelin-victorieux-du-sprint\/\">R\u00e9sum\u00e9<\/a> &#8211; <\/i><\/b><\/span><a href=\"https:\/\/dicodusport.fr\/blog\/biathlon-pre-saison-idre-classement-sprint-hommes\/\"><span style=\"font-size: 12px;\"><b><i>Classement<\/i><\/b><\/span><\/a><br \/>\n<\/span><\/td>\n<td style=\"text-align: center; vertical-align: middle; width: 5.62414%;\"><span style=\"font-size: 0.9em;\"><strong>&#x1f1eb;&#x1f1f7; \u00c9MILIEN JACQUELIN<br \/>\n<span style=\"font-size: 11.52px;\"><i>22:35.6 \/ 0-1<\/i><\/span><\/strong><\/span><\/td>\n<td style=\"text-align: center; vertical-align: middle; width: 4.52675%;\"><span style=\"font-size: 0.9em;\"><strong>&#x1f1f8;&#x1f1ea; MARTIN PONSILUOMA<br \/>\n<span style=\"font-size: 11.52px;\"><i>+7.9 \/ 0-1<\/i><\/span><\/strong><\/span><\/td>\n<td style=\"text-align: center; vertical-align: middle; width: 4.52675%;\"><span style=\"font-size: 0.9em;\"><strong>&#x1f1f8;&#x1f1ea; SEBASTIAN SAMUELSSON<br \/>\n<span style=\"font-size: 11.52px;\"><i>+46.2 \/ 1-0<\/i><\/span><\/strong><\/span><\/td>\n<\/tr>\n<tr>\n<td style=\"text-align: center; vertical-align: middle; width: 15.775%;\"><span style=\"font-size: 0.9em;\"><b>11h50<\/b><\/span><\/td>\n<td style=\"text-align: center; vertical-align: middle; width: 18.5871%;\"><span style=\"font-size: 0.9em;\">Sprint (F)<br \/>\n<span style=\"font-size: 12px;\"><b><i><a href=\"https:\/\/dicodusport.fr\/blog\/biathlon-pre-saison-idre-anais-chevalier-devance-les-soeurs-oeberg\/\">R\u00e9sum\u00e9<\/a> &#8211; <\/i><\/b><\/span><a href=\"https:\/\/dicodusport.fr\/blog\/biathlon-pre-saison-idre-classement-sprint-femmes\/\"><span style=\"font-size: 12px;\"><b><i>Classement<\/i><\/b><\/span><\/a><br \/>\n<\/span><\/td>\n<td style=\"text-align: center; vertical-align: middle; width: 5.62414%;\"><span style=\"font-size: 0.9em;\"><strong>&#x1f1eb;&#x1f1f7; ANA\u00cfS CHEVALIER-BOUCHET<br \/>\n<span style=\"font-size: 11.52px;\"><i>21:17.1 \/ 0-0<\/i><\/span><\/strong><\/span><\/td>\n<td style=\"text-align: center; vertical-align: middle; width: 4.52675%;\"><span style=\"font-size: 0.9em;\"><strong>&#x1f1f8;&#x1f1ea; ELVIRA OEBERG<br \/>\n<span style=\"font-size: 11.52px;\"><i>+0.3 \/ 0-1<\/i><\/span><\/strong><\/span><\/td>\n<td style=\"text-align: center; vertical-align: middle; width: 4.52675%;\"><span style=\"font-size: 0.9em;\"><strong>&#x1f1f8;&#x1f1ea; HANNA OEBERG<br \/>\n<span style=\"font-size: 11.52px;\"><i>+26.0 \/ 2-0<\/i><\/span><\/strong><\/span><\/td>\n<\/tr>\n<\/tbody>\n<\/table>\n<ul>\n<li style=\"text-align: justify;\"><strong>\u00c0 lire aussi &#8211; <a href=\"https:\/\/dicodusport.fr\/blog\/biathlon-coupe-du-monde-2022-2023-calendrier-complet\/\">Le calendrier de la Coupe du monde de biathlon 2022-2023<\/a><\/strong><\/li>\n<\/ul>\n","protected":false},"excerpt":{"rendered":"<p>BIATHLON 2022-2023 &#8211; \u00c0 15 jours du lancement de la Coupe du monde 2022-2023, l&rsquo;\u00e9quipe de France a rendez-vous \u00e0 Idre Fj\u00e4ll (Su\u00e8de), pour les courses de pr\u00e9-saison. Programme et r\u00e9sultats.<\/p>\n","protected":false},"author":4,"featured_media":277026,"comment_status":"open","ping_status":"closed","sticky":false,"template":"","format":"standard","meta":{"_acf_changed":false,"_daextam_enable_autolinks":"","footnotes":""},"categories":[2426],"tags":[2427,27811,27810],"class_list":["post-277000","post","type-post","status-publish","format-standard","has-post-thumbnail","hentry","category-biathlon","tag-biathlon","tag-biathlon-idre-fjall","tag-biathlon-pre-saison"],"acf":[],"yoast_head":"<!-- This site is optimized with the Yoast SEO Premium plugin v26.7 (Yoast SEO v26.7) - https:\/\/yoast.com\/wordpress\/plugins\/seo\/ -->\n<title>Biathlon Pr\u00e9-saison Idre - Les r\u00e9sultats complets<\/title>\n<meta name=\"description\" content=\"BIATHLON PR\u00c9-SAISON - \u00c0 15 jours du lancement de la Coupe du monde 2022-2023, les Bleus ont rendez-vous \u00e0 Idre Fj\u00e4ll. Programme et r\u00e9sultats.\" \/>\n<meta name=\"robots\" content=\"index, follow, max-snippet:-1, max-image-preview:large, max-video-preview:-1\" \/>\n<link rel=\"canonical\" href=\"https:\/\/dicodusport.fr\/blog\/biathlon-pre-saison-idre-programme-complet-et-resultats\/\" \/>\n<meta property=\"og:locale\" content=\"fr_FR\" \/>\n<meta property=\"og:type\" content=\"article\" \/>\n<meta property=\"og:title\" content=\"Biathlon Pr\u00e9-saison Idre - Les r\u00e9sultats complets\" \/>\n<meta property=\"og:description\" content=\"BIATHLON PR\u00c9-SAISON - \u00c0 15 jours du lancement de la Coupe du monde 2022-2023, les Bleus ont rendez-vous \u00e0 Idre Fj\u00e4ll. Programme et r\u00e9sultats.\" \/>\n<meta property=\"og:url\" content=\"https:\/\/dicodusport.fr\/blog\/biathlon-pre-saison-idre-programme-complet-et-resultats\/\" \/>\n<meta property=\"og:site_name\" content=\"Dicodusport\" \/>\n<meta property=\"article:publisher\" content=\"https:\/\/www.facebook.com\/dicodusport\" \/>\n<meta property=\"article:author\" content=\"https:\/\/www.facebook.com\/florent.ostermann\" \/>\n<meta property=\"article:published_time\" content=\"2022-11-13T11:46:52+00:00\" \/>\n<meta property=\"og:image\" content=\"https:\/\/dicodusport.fr\/blog\/wp-content\/uploads\/2022\/11\/Biathlon-Pre-saison-Idre-Programme-complet-et-resultats.png\" \/>\n\t<meta property=\"og:image:width\" content=\"800\" \/>\n\t<meta property=\"og:image:height\" content=\"445\" \/>\n\t<meta property=\"og:image:type\" content=\"image\/png\" \/>\n<meta name=\"author\" content=\"Flo Ostermann\" \/>\n<meta name=\"twitter:card\" content=\"summary_large_image\" \/>\n<meta name=\"twitter:title\" content=\"Biathlon Pr\u00e9-saison Idre - Les r\u00e9sultats complets\" \/>\n<meta name=\"twitter:creator\" content=\"@https:\/\/twitter.com\/FlOstermann\" \/>\n<meta name=\"twitter:site\" content=\"@dicodusport\" \/>\n<script type=\"application\/ld+json\" class=\"yoast-schema-graph\">{\"@context\":\"https:\/\/schema.org\",\"@graph\":[{\"@type\":\"NewsArticle\",\"@id\":\"https:\/\/dicodusport.fr\/blog\/biathlon-pre-saison-idre-programme-complet-et-resultats\/#article\",\"isPartOf\":{\"@id\":\"https:\/\/dicodusport.fr\/blog\/biathlon-pre-saison-idre-programme-complet-et-resultats\/\"},\"author\":{\"name\":\"Flo Ostermann\",\"@id\":\"https:\/\/dicodusport.fr\/blog\/#\/schema\/person\/cb02af4c173ce4a653b55e9baf388d4a\"},\"headline\":\"Biathlon Pr\u00e9-saison Idre &#8211; Les r\u00e9sultats complets\",\"datePublished\":\"2022-11-13T11:46:52+00:00\",\"mainEntityOfPage\":{\"@id\":\"https:\/\/dicodusport.fr\/blog\/biathlon-pre-saison-idre-programme-complet-et-resultats\/\"},\"wordCount\":360,\"commentCount\":0,\"publisher\":{\"@id\":\"https:\/\/dicodusport.fr\/blog\/#organization\"},\"image\":{\"@id\":\"https:\/\/dicodusport.fr\/blog\/biathlon-pre-saison-idre-programme-complet-et-resultats\/#primaryimage\"},\"thumbnailUrl\":\"https:\/\/dicodusport.fr\/blog\/wp-content\/uploads\/2022\/11\/Biathlon-Pre-saison-Idre-Programme-complet-et-resultats.png\",\"keywords\":[\"Biathlon\",\"Biathlon Idre Fj\u00e4ll\",\"Biathlon Pr\u00e9-saison\"],\"articleSection\":[\"Biathlon\"],\"inLanguage\":\"fr-FR\",\"potentialAction\":[{\"@type\":\"CommentAction\",\"name\":\"Comment\",\"target\":[\"https:\/\/dicodusport.fr\/blog\/biathlon-pre-saison-idre-programme-complet-et-resultats\/#respond\"]}],\"copyrightYear\":\"2022\",\"copyrightHolder\":{\"@id\":\"https:\/\/dicodusport.fr\/blog\/#organization\"}},{\"@type\":\"WebPage\",\"@id\":\"https:\/\/dicodusport.fr\/blog\/biathlon-pre-saison-idre-programme-complet-et-resultats\/\",\"url\":\"https:\/\/dicodusport.fr\/blog\/biathlon-pre-saison-idre-programme-complet-et-resultats\/\",\"name\":\"Biathlon Pr\u00e9-saison Idre - Les r\u00e9sultats complets\",\"isPartOf\":{\"@id\":\"https:\/\/dicodusport.fr\/blog\/#website\"},\"primaryImageOfPage\":{\"@id\":\"https:\/\/dicodusport.fr\/blog\/biathlon-pre-saison-idre-programme-complet-et-resultats\/#primaryimage\"},\"image\":{\"@id\":\"https:\/\/dicodusport.fr\/blog\/biathlon-pre-saison-idre-programme-complet-et-resultats\/#primaryimage\"},\"thumbnailUrl\":\"https:\/\/dicodusport.fr\/blog\/wp-content\/uploads\/2022\/11\/Biathlon-Pre-saison-Idre-Programme-complet-et-resultats.png\",\"datePublished\":\"2022-11-13T11:46:52+00:00\",\"description\":\"BIATHLON PR\u00c9-SAISON - \u00c0 15 jours du lancement de la Coupe du monde 2022-2023, les Bleus ont rendez-vous \u00e0 Idre Fj\u00e4ll. Programme et r\u00e9sultats.\",\"breadcrumb\":{\"@id\":\"https:\/\/dicodusport.fr\/blog\/biathlon-pre-saison-idre-programme-complet-et-resultats\/#breadcrumb\"},\"inLanguage\":\"fr-FR\",\"potentialAction\":[{\"@type\":\"ReadAction\",\"target\":[\"https:\/\/dicodusport.fr\/blog\/biathlon-pre-saison-idre-programme-complet-et-resultats\/\"]}]},{\"@type\":\"ImageObject\",\"inLanguage\":\"fr-FR\",\"@id\":\"https:\/\/dicodusport.fr\/blog\/biathlon-pre-saison-idre-programme-complet-et-resultats\/#primaryimage\",\"url\":\"https:\/\/dicodusport.fr\/blog\/wp-content\/uploads\/2022\/11\/Biathlon-Pre-saison-Idre-Programme-complet-et-resultats.png\",\"contentUrl\":\"https:\/\/dicodusport.fr\/blog\/wp-content\/uploads\/2022\/11\/Biathlon-Pre-saison-Idre-Programme-complet-et-resultats.png\",\"width\":800,\"height\":445,\"caption\":\"Biathlon Pr\u00e9-saison Idre - Programme complet et r\u00e9sultats\"},{\"@type\":\"BreadcrumbList\",\"@id\":\"https:\/\/dicodusport.fr\/blog\/biathlon-pre-saison-idre-programme-complet-et-resultats\/#breadcrumb\",\"itemListElement\":[{\"@type\":\"ListItem\",\"position\":1,\"name\":\"Accueil\",\"item\":\"https:\/\/dicodusport.fr\/blog\/\"},{\"@type\":\"ListItem\",\"position\":2,\"name\":\"Biathlon Pr\u00e9-saison Idre &#8211; Les r\u00e9sultats complets\"}]},{\"@type\":\"WebSite\",\"@id\":\"https:\/\/dicodusport.fr\/blog\/#website\",\"url\":\"https:\/\/dicodusport.fr\/blog\/\",\"name\":\"Dicodusport\",\"description\":\"L&#039;encyclop\u00e9die de l&#039;actualit\u00e9 sportive\",\"publisher\":{\"@id\":\"https:\/\/dicodusport.fr\/blog\/#organization\"},\"potentialAction\":[{\"@type\":\"SearchAction\",\"target\":{\"@type\":\"EntryPoint\",\"urlTemplate\":\"https:\/\/dicodusport.fr\/blog\/?s={search_term_string}\"},\"query-input\":{\"@type\":\"PropertyValueSpecification\",\"valueRequired\":true,\"valueName\":\"search_term_string\"}}],\"inLanguage\":\"fr-FR\"},{\"@type\":\"NewsMediaOrganization\",\"@id\":\"https:\/\/dicodusport.fr\/blog\/#organization\",\"name\":\"Dicodusport\",\"url\":\"https:\/\/dicodusport.fr\/blog\/\",\"logo\":{\"@type\":\"ImageObject\",\"inLanguage\":\"fr-FR\",\"@id\":\"https:\/\/dicodusport.fr\/blog\/#\/schema\/logo\/image\/\",\"url\":\"https:\/\/dicodusport.fr\/blog\/wp-content\/uploads\/2020\/06\/cropped-LOGO-DICODUSPORT-2020-SANS-FOND-SANS-TEXTE.png\",\"contentUrl\":\"https:\/\/dicodusport.fr\/blog\/wp-content\/uploads\/2020\/06\/cropped-LOGO-DICODUSPORT-2020-SANS-FOND-SANS-TEXTE.png\",\"width\":512,\"height\":512,\"caption\":\"Dicodusport\"},\"image\":{\"@id\":\"https:\/\/dicodusport.fr\/blog\/#\/schema\/logo\/image\/\"},\"sameAs\":[\"https:\/\/www.facebook.com\/dicodusport\",\"https:\/\/x.com\/dicodusport\",\"https:\/\/www.instagram.com\/dicodusport\/\",\"https:\/\/www.youtube.com\/channel\/UC7V2KZ5sd3htJivAbA4ZG3w\"],\"description\":\"Dicodusport est l'encyclop\u00e9die de l'actualit\u00e9 sportive.\",\"email\":\"bonjour@dicodusport.fr\",\"legalName\":\"DICODUSPORT\",\"foundingDate\":\"2018-01-14\",\"vatID\":\"FR71834470973\",\"taxID\":\"83447097300043\",\"numberOfEmployees\":{\"@type\":\"QuantitativeValue\",\"minValue\":\"1\",\"maxValue\":\"10\"}},{\"@type\":\"Person\",\"@id\":\"https:\/\/dicodusport.fr\/blog\/#\/schema\/person\/cb02af4c173ce4a653b55e9baf388d4a\",\"name\":\"Flo Ostermann\",\"image\":{\"@type\":\"ImageObject\",\"inLanguage\":\"fr-FR\",\"@id\":\"https:\/\/dicodusport.fr\/blog\/#\/schema\/person\/image\/\",\"url\":\"https:\/\/dicodusport.fr\/blog\/wp-content\/uploads\/2021\/05\/Flo-Ostermann-150x150.jpg\",\"contentUrl\":\"https:\/\/dicodusport.fr\/blog\/wp-content\/uploads\/2021\/05\/Flo-Ostermann-150x150.jpg\",\"caption\":\"Flo Ostermann\"},\"description\":\"Journaliste\/R\u00e9dacteur depuis septembre 2015 - Mes premiers souvenirs dans le sport ? Les envol\u00e9es du Stade Toulousain et les duels Villeneuve-Schumacher et H\u00e4kkinen-Schumacher \u00e0 la fin des ann\u00e9es 90, la Coupe du monde de football en 1998, l\u2019exploit du XV de France face aux All Blacks en 1999, mais aussi Richard C\u0153ur de Lion qui vole sur les montagnes du Tour de France. Bien parti pour devenir professeur d\u2019EPS, les \u00e9v\u00e9nements de la vie (et la flemme d\u2019animer des s\u00e9ances de 3x500 m\u00e8tres toute ma vie) m\u2019ont conduit \u00e0 revoir mes plans. Me voil\u00e0 depuis fin 2017 sur Dicodusport, m\u00e9dia gr\u00e2ce (et pour) lequel je partage ma passion : le sport dans tous ses \u00e9tats. Le tout accompagn\u00e9 par les fous furieux et folles furieuses cit\u00e9s sur cette page !\",\"sameAs\":[\"https:\/\/www.facebook.com\/florent.ostermann\",\"https:\/\/x.com\/https:\/\/twitter.com\/FlOstermann\",\"admin\"],\"url\":\"https:\/\/dicodusport.fr\/blog\/author\/flo\/\"}]}<\/script>\n<!-- \/ Yoast SEO Premium plugin. -->","yoast_head_json":{"title":"Biathlon Pr\u00e9-saison Idre - Les r\u00e9sultats complets","description":"BIATHLON PR\u00c9-SAISON - \u00c0 15 jours du lancement de la Coupe du monde 2022-2023, les Bleus ont rendez-vous \u00e0 Idre Fj\u00e4ll. Programme et r\u00e9sultats.","robots":{"index":"index","follow":"follow","max-snippet":"max-snippet:-1","max-image-preview":"max-image-preview:large","max-video-preview":"max-video-preview:-1"},"canonical":"https:\/\/dicodusport.fr\/blog\/biathlon-pre-saison-idre-programme-complet-et-resultats\/","og_locale":"fr_FR","og_type":"article","og_title":"Biathlon Pr\u00e9-saison Idre - Les r\u00e9sultats complets","og_description":"BIATHLON PR\u00c9-SAISON - \u00c0 15 jours du lancement de la Coupe du monde 2022-2023, les Bleus ont rendez-vous \u00e0 Idre Fj\u00e4ll. Programme et r\u00e9sultats.","og_url":"https:\/\/dicodusport.fr\/blog\/biathlon-pre-saison-idre-programme-complet-et-resultats\/","og_site_name":"Dicodusport","article_publisher":"https:\/\/www.facebook.com\/dicodusport","article_author":"https:\/\/www.facebook.com\/florent.ostermann","article_published_time":"2022-11-13T11:46:52+00:00","og_image":[{"width":800,"height":445,"url":"https:\/\/dicodusport.fr\/blog\/wp-content\/uploads\/2022\/11\/Biathlon-Pre-saison-Idre-Programme-complet-et-resultats.png","type":"image\/png"}],"author":"Flo Ostermann","twitter_card":"summary_large_image","twitter_title":"Biathlon Pr\u00e9-saison Idre - Les r\u00e9sultats complets","twitter_creator":"@https:\/\/twitter.com\/FlOstermann","twitter_site":"@dicodusport","schema":{"@context":"https:\/\/schema.org","@graph":[{"@type":"NewsArticle","@id":"https:\/\/dicodusport.fr\/blog\/biathlon-pre-saison-idre-programme-complet-et-resultats\/#article","isPartOf":{"@id":"https:\/\/dicodusport.fr\/blog\/biathlon-pre-saison-idre-programme-complet-et-resultats\/"},"author":{"name":"Flo Ostermann","@id":"https:\/\/dicodusport.fr\/blog\/#\/schema\/person\/cb02af4c173ce4a653b55e9baf388d4a"},"headline":"Biathlon Pr\u00e9-saison Idre &#8211; Les r\u00e9sultats complets","datePublished":"2022-11-13T11:46:52+00:00","mainEntityOfPage":{"@id":"https:\/\/dicodusport.fr\/blog\/biathlon-pre-saison-idre-programme-complet-et-resultats\/"},"wordCount":360,"commentCount":0,"publisher":{"@id":"https:\/\/dicodusport.fr\/blog\/#organization"},"image":{"@id":"https:\/\/dicodusport.fr\/blog\/biathlon-pre-saison-idre-programme-complet-et-resultats\/#primaryimage"},"thumbnailUrl":"https:\/\/dicodusport.fr\/blog\/wp-content\/uploads\/2022\/11\/Biathlon-Pre-saison-Idre-Programme-complet-et-resultats.png","keywords":["Biathlon","Biathlon Idre Fj\u00e4ll","Biathlon Pr\u00e9-saison"],"articleSection":["Biathlon"],"inLanguage":"fr-FR","potentialAction":[{"@type":"CommentAction","name":"Comment","target":["https:\/\/dicodusport.fr\/blog\/biathlon-pre-saison-idre-programme-complet-et-resultats\/#respond"]}],"copyrightYear":"2022","copyrightHolder":{"@id":"https:\/\/dicodusport.fr\/blog\/#organization"}},{"@type":"WebPage","@id":"https:\/\/dicodusport.fr\/blog\/biathlon-pre-saison-idre-programme-complet-et-resultats\/","url":"https:\/\/dicodusport.fr\/blog\/biathlon-pre-saison-idre-programme-complet-et-resultats\/","name":"Biathlon Pr\u00e9-saison Idre - Les r\u00e9sultats complets","isPartOf":{"@id":"https:\/\/dicodusport.fr\/blog\/#website"},"primaryImageOfPage":{"@id":"https:\/\/dicodusport.fr\/blog\/biathlon-pre-saison-idre-programme-complet-et-resultats\/#primaryimage"},"image":{"@id":"https:\/\/dicodusport.fr\/blog\/biathlon-pre-saison-idre-programme-complet-et-resultats\/#primaryimage"},"thumbnailUrl":"https:\/\/dicodusport.fr\/blog\/wp-content\/uploads\/2022\/11\/Biathlon-Pre-saison-Idre-Programme-complet-et-resultats.png","datePublished":"2022-11-13T11:46:52+00:00","description":"BIATHLON PR\u00c9-SAISON - \u00c0 15 jours du lancement de la Coupe du monde 2022-2023, les Bleus ont rendez-vous \u00e0 Idre Fj\u00e4ll. Programme et r\u00e9sultats.","breadcrumb":{"@id":"https:\/\/dicodusport.fr\/blog\/biathlon-pre-saison-idre-programme-complet-et-resultats\/#breadcrumb"},"inLanguage":"fr-FR","potentialAction":[{"@type":"ReadAction","target":["https:\/\/dicodusport.fr\/blog\/biathlon-pre-saison-idre-programme-complet-et-resultats\/"]}]},{"@type":"ImageObject","inLanguage":"fr-FR","@id":"https:\/\/dicodusport.fr\/blog\/biathlon-pre-saison-idre-programme-complet-et-resultats\/#primaryimage","url":"https:\/\/dicodusport.fr\/blog\/wp-content\/uploads\/2022\/11\/Biathlon-Pre-saison-Idre-Programme-complet-et-resultats.png","contentUrl":"https:\/\/dicodusport.fr\/blog\/wp-content\/uploads\/2022\/11\/Biathlon-Pre-saison-Idre-Programme-complet-et-resultats.png","width":800,"height":445,"caption":"Biathlon Pr\u00e9-saison Idre - Programme complet et r\u00e9sultats"},{"@type":"BreadcrumbList","@id":"https:\/\/dicodusport.fr\/blog\/biathlon-pre-saison-idre-programme-complet-et-resultats\/#breadcrumb","itemListElement":[{"@type":"ListItem","position":1,"name":"Accueil","item":"https:\/\/dicodusport.fr\/blog\/"},{"@type":"ListItem","position":2,"name":"Biathlon Pr\u00e9-saison Idre &#8211; Les r\u00e9sultats complets"}]},{"@type":"WebSite","@id":"https:\/\/dicodusport.fr\/blog\/#website","url":"https:\/\/dicodusport.fr\/blog\/","name":"Dicodusport","description":"L&#039;encyclop\u00e9die de l&#039;actualit\u00e9 sportive","publisher":{"@id":"https:\/\/dicodusport.fr\/blog\/#organization"},"potentialAction":[{"@type":"SearchAction","target":{"@type":"EntryPoint","urlTemplate":"https:\/\/dicodusport.fr\/blog\/?s={search_term_string}"},"query-input":{"@type":"PropertyValueSpecification","valueRequired":true,"valueName":"search_term_string"}}],"inLanguage":"fr-FR"},{"@type":"NewsMediaOrganization","@id":"https:\/\/dicodusport.fr\/blog\/#organization","name":"Dicodusport","url":"https:\/\/dicodusport.fr\/blog\/","logo":{"@type":"ImageObject","inLanguage":"fr-FR","@id":"https:\/\/dicodusport.fr\/blog\/#\/schema\/logo\/image\/","url":"https:\/\/dicodusport.fr\/blog\/wp-content\/uploads\/2020\/06\/cropped-LOGO-DICODUSPORT-2020-SANS-FOND-SANS-TEXTE.png","contentUrl":"https:\/\/dicodusport.fr\/blog\/wp-content\/uploads\/2020\/06\/cropped-LOGO-DICODUSPORT-2020-SANS-FOND-SANS-TEXTE.png","width":512,"height":512,"caption":"Dicodusport"},"image":{"@id":"https:\/\/dicodusport.fr\/blog\/#\/schema\/logo\/image\/"},"sameAs":["https:\/\/www.facebook.com\/dicodusport","https:\/\/x.com\/dicodusport","https:\/\/www.instagram.com\/dicodusport\/","https:\/\/www.youtube.com\/channel\/UC7V2KZ5sd3htJivAbA4ZG3w"],"description":"Dicodusport est l'encyclop\u00e9die de l'actualit\u00e9 sportive.","email":"bonjour@dicodusport.fr","legalName":"DICODUSPORT","foundingDate":"2018-01-14","vatID":"FR71834470973","taxID":"83447097300043","numberOfEmployees":{"@type":"QuantitativeValue","minValue":"1","maxValue":"10"}},{"@type":"Person","@id":"https:\/\/dicodusport.fr\/blog\/#\/schema\/person\/cb02af4c173ce4a653b55e9baf388d4a","name":"Flo Ostermann","image":{"@type":"ImageObject","inLanguage":"fr-FR","@id":"https:\/\/dicodusport.fr\/blog\/#\/schema\/person\/image\/","url":"https:\/\/dicodusport.fr\/blog\/wp-content\/uploads\/2021\/05\/Flo-Ostermann-150x150.jpg","contentUrl":"https:\/\/dicodusport.fr\/blog\/wp-content\/uploads\/2021\/05\/Flo-Ostermann-150x150.jpg","caption":"Flo Ostermann"},"description":"Journaliste\/R\u00e9dacteur depuis septembre 2015 - Mes premiers souvenirs dans le sport ? Les envol\u00e9es du Stade Toulousain et les duels Villeneuve-Schumacher et H\u00e4kkinen-Schumacher \u00e0 la fin des ann\u00e9es 90, la Coupe du monde de football en 1998, l\u2019exploit du XV de France face aux All Blacks en 1999, mais aussi Richard C\u0153ur de Lion qui vole sur les montagnes du Tour de France. Bien parti pour devenir professeur d\u2019EPS, les \u00e9v\u00e9nements de la vie (et la flemme d\u2019animer des s\u00e9ances de 3x500 m\u00e8tres toute ma vie) m\u2019ont conduit \u00e0 revoir mes plans. Me voil\u00e0 depuis fin 2017 sur Dicodusport, m\u00e9dia gr\u00e2ce (et pour) lequel je partage ma passion : le sport dans tous ses \u00e9tats. Le tout accompagn\u00e9 par les fous furieux et folles furieuses cit\u00e9s sur cette page !","sameAs":["https:\/\/www.facebook.com\/florent.ostermann","https:\/\/x.com\/https:\/\/twitter.com\/FlOstermann","admin"],"url":"https:\/\/dicodusport.fr\/blog\/author\/flo\/"}]}},"_links":{"self":[{"href":"https:\/\/dicodusport.fr\/blog\/wp-json\/wp\/v2\/posts\/277000","targetHints":{"allow":["GET"]}}],"collection":[{"href":"https:\/\/dicodusport.fr\/blog\/wp-json\/wp\/v2\/posts"}],"about":[{"href":"https:\/\/dicodusport.fr\/blog\/wp-json\/wp\/v2\/types\/post"}],"author":[{"embeddable":true,"href":"https:\/\/dicodusport.fr\/blog\/wp-json\/wp\/v2\/users\/4"}],"replies":[{"embeddable":true,"href":"https:\/\/dicodusport.fr\/blog\/wp-json\/wp\/v2\/comments?post=277000"}],"version-history":[{"count":0,"href":"https:\/\/dicodusport.fr\/blog\/wp-json\/wp\/v2\/posts\/277000\/revisions"}],"wp:featuredmedia":[{"embeddable":true,"href":"https:\/\/dicodusport.fr\/blog\/wp-json\/wp\/v2\/media\/277026"}],"wp:attachment":[{"href":"https:\/\/dicodusport.fr\/blog\/wp-json\/wp\/v2\/media?parent=277000"}],"wp:term":[{"taxonomy":"category","embeddable":true,"href":"https:\/\/dicodusport.fr\/blog\/wp-json\/wp\/v2\/categories?post=277000"},{"taxonomy":"post_tag","embeddable":true,"href":"https:\/\/dicodusport.fr\/blog\/wp-json\/wp\/v2\/tags?post=277000"}],"curies":[{"name":"wp","href":"https:\/\/api.w.org\/{rel}","templated":true}]}}