{"id":277459,"date":"2022-11-10T16:28:17","date_gmt":"2022-11-10T15:28:17","guid":{"rendered":"https:\/\/dicodusport.fr\/blog\/?p=277459&#038;preview=true&#038;preview_id=277459"},"modified":"2025-08-24T13:19:19","modified_gmt":"2025-08-24T11:19:19","slug":"ibu-cup-2022-2023-la-saison-ne-debutera-pas-a-sjusjoen-mais-a-idre-fjall","status":"publish","type":"post","link":"https:\/\/dicodusport.fr\/blog\/ibu-cup-2022-2023-la-saison-ne-debutera-pas-a-sjusjoen-mais-a-idre-fjall\/","title":{"rendered":"IBU Cup 2022-2023 : La saison ne d\u00e9butera pas \u00e0 Sjusjoen, mais \u00e0 Idre Fj\u00e4ll"},"content":{"rendered":"<p style=\"text-align: justify;\"><strong><em><a href=\"https:\/\/dicodusport.fr\/blog\/biathlon-ibu-cup-2022-2023-le-calendrier-complet\/\">IBU CUP 2022-2023<\/a> &#8211; Alors que la saison d&rsquo;IBU Cup, le circuit secondaire du biathlon mondial, devait d\u00e9buter \u00e0 Sjusjoen (Norv\u00e8ge, 24-27 novembre), il n&rsquo;en sera rien. Le manque de neige et les temp\u00e9ratures trop \u00e9lev\u00e9es, ont forc\u00e9 l&rsquo;IBU \u00e0 d\u00e9caler l&rsquo;ouverture de la saison d&rsquo;une semaine, \u00e0 Idre Fj\u00e4ll (Su\u00e8de).<\/em><\/strong><\/p>\n<p style=\"text-align: justify;\"><strong>Sjusjoen<\/strong> ne verra pas l&rsquo;<strong>IBU Cup<\/strong> fin novembre. Le site norv\u00e9gien, choisi pour accueillir l&rsquo;ouverture de la saison 2022-2023 d&rsquo;IBU Cup du 24 au 27 novembre, a d\u00fb en effet se r\u00e9soudre \u00e0 ne pas organiser l&rsquo;\u00e9v\u00e9nement. Une d\u00e9cision prise par l&rsquo;IBU ce jeudi. La raison ? Le manque de neige et les temp\u00e9ratures trop \u00e9lev\u00e9es actuellement en Norv\u00e8ge. La situation ne devrait pas s&rsquo;am\u00e9liorer ces prochains jours, d&rsquo;o\u00f9 la d\u00e9cision de la <strong>F\u00e9d\u00e9ration Internationale de biathlon<\/strong>. Malgr\u00e9 tout, les s\u00e9lections norv\u00e9giennes auront bien lieu \u00e0 Sjusjoen ce week-end, dans des conditions loin d&rsquo;\u00eatre optimales.<\/p>\n<p style=\"text-align: justify;\">Par cons\u00e9quent, l&rsquo;<strong>IBU Cup<\/strong> d\u00e9butera une semaine plus tard, \u00e0 <strong>Idre Fj\u00e4ll<\/strong> (Su\u00e8de), du 29 novembre au 4 d\u00e9cembre. Soit le m\u00eame week-end que le lancement de la Coupe du monde, \u00e0 Kontiolahti (Finlande). Huit \u00e9preuves seront au programme sur le site su\u00e9dois.<\/p>\n<h2>Le programme d&rsquo;Idre Fj\u00e4ll<\/h2>\n<p style=\"text-align: justify;\">29\/11 &#8211; Sprint femmes (10h30)<br \/>\n29\/11 &#8211; Sprint hommes (14h00)<br \/>\n30\/11 &#8211; Poursuite femmes (10h30)<br \/>\n30\/11 &#8211; Poursuite hommes (13h00)<br \/>\n03\/12 &#8211; Individuel femmes (10h00)<br \/>\n03\/12 &#8211; Individuel hommes (13h30)<br \/>\n04\/12 &#8211; Sprint femmes (10h30)<br \/>\n04\/12 &#8211; Sprint hommes (14h00)<\/p>\n<p><span class=\"BS4F\"><\/p>\n<blockquote class=\"wp-embedded-content\" data-secret=\"FB5Jw05SGD\"><p><a href=\"https:\/\/dicodusport.fr\/blog\/biathlon-ibu-cup-2022-2023-le-calendrier-complet\/\">Biathlon IBU Cup 2022-2023 : Le calendrier complet<\/a><\/p><\/blockquote>\n<p><iframe loading=\"lazy\" class=\"wp-embedded-content\" sandbox=\"allow-scripts\" security=\"restricted\" style=\"position: absolute; clip: rect(1px, 1px, 1px, 1px);\" title=\"\u00ab\u00a0Biathlon IBU Cup 2022-2023 : Le calendrier complet\u00a0\u00bb &#8212; Dicodusport\" src=\"https:\/\/dicodusport.fr\/blog\/biathlon-ibu-cup-2022-2023-le-calendrier-complet\/embed\/#?secret=5CWss73GFu#?secret=FB5Jw05SGD\" data-secret=\"FB5Jw05SGD\" width=\"600\" height=\"338\" frameborder=\"0\" marginwidth=\"0\" marginheight=\"0\" scrolling=\"no\"><\/iframe><\/span><\/p>\n","protected":false},"excerpt":{"rendered":"<p>IBU CUP 2022-2023 &#8211; Alors que la saison d&rsquo;IBU Cup, le circuit secondaire du biathlon mondial, devait d\u00e9buter \u00e0 Sjusjoen (Norv\u00e8ge, 24-27 novembre), il n&rsquo;en sera rien. Le manque de neige et les temp\u00e9ratures trop \u00e9lev\u00e9es, ont forc\u00e9 l&rsquo;IBU \u00e0 d\u00e9caler l&rsquo;ouverture de la saison d&rsquo;une semaine, \u00e0 Idre Fj\u00e4ll (Su\u00e8de).<\/p>\n","protected":false},"author":4,"featured_media":112418,"comment_status":"open","ping_status":"closed","sticky":false,"template":"","format":"standard","meta":{"_acf_changed":false,"_daextam_enable_autolinks":"","footnotes":""},"categories":[2426],"tags":[2696,12969,9201],"class_list":["post-277459","post","type-post","status-publish","format-standard","has-post-thumbnail","hentry","category-biathlon","tag-ibu-cup","tag-idre-fjall","tag-sjusjoen"],"acf":[],"yoast_head":"<!-- This site is optimized with the Yoast SEO Premium plugin v26.7 (Yoast SEO v26.7) - https:\/\/yoast.com\/wordpress\/plugins\/seo\/ -->\n<title>IBU Cup 2022-2023 : La saison ne d\u00e9butera pas \u00e0 Sjusjoen, mais \u00e0 Idre Fj\u00e4ll<\/title>\n<meta name=\"description\" content=\"Alors que la saison d&#039;IBU Cup, le circuit secondaire du biathlon, devait d\u00e9buter \u00e0 Sjusjoen (Norv\u00e8ge, 24-27 novembre), il n&#039;en sera rien.\" \/>\n<meta name=\"robots\" content=\"index, follow, max-snippet:-1, max-image-preview:large, max-video-preview:-1\" \/>\n<link rel=\"canonical\" href=\"https:\/\/dicodusport.fr\/blog\/ibu-cup-2022-2023-la-saison-ne-debutera-pas-a-sjusjoen-mais-a-idre-fjall\/\" \/>\n<meta property=\"og:locale\" content=\"fr_FR\" \/>\n<meta property=\"og:type\" content=\"article\" \/>\n<meta property=\"og:title\" content=\"IBU Cup 2022-2023 : La saison ne d\u00e9butera pas \u00e0 Sjusjoen, mais \u00e0 Idre Fj\u00e4ll\" \/>\n<meta property=\"og:description\" content=\"Alors que la saison d&#039;IBU Cup, le circuit secondaire du biathlon, devait d\u00e9buter \u00e0 Sjusjoen (Norv\u00e8ge, 24-27 novembre), il n&#039;en sera rien.\" \/>\n<meta property=\"og:url\" content=\"https:\/\/dicodusport.fr\/blog\/ibu-cup-2022-2023-la-saison-ne-debutera-pas-a-sjusjoen-mais-a-idre-fjall\/\" \/>\n<meta property=\"og:site_name\" content=\"Dicodusport\" \/>\n<meta property=\"article:publisher\" content=\"https:\/\/www.facebook.com\/dicodusport\" \/>\n<meta property=\"article:author\" content=\"https:\/\/www.facebook.com\/florent.ostermann\" \/>\n<meta property=\"article:published_time\" content=\"2022-11-10T15:28:17+00:00\" \/>\n<meta property=\"article:modified_time\" content=\"2025-08-24T11:19:19+00:00\" \/>\n<meta property=\"og:image\" content=\"https:\/\/dicodusport.fr\/blog\/wp-content\/uploads\/2021\/03\/Obertilliach-Hugo-Rivail-soffre-une-premiere-victoire-en-IBU-Cup.png\" \/>\n\t<meta property=\"og:image:width\" content=\"800\" \/>\n\t<meta property=\"og:image:height\" content=\"445\" \/>\n\t<meta property=\"og:image:type\" content=\"image\/png\" \/>\n<meta name=\"author\" content=\"Flo Ostermann\" \/>\n<meta name=\"twitter:card\" content=\"summary_large_image\" \/>\n<meta name=\"twitter:title\" content=\"IBU Cup 2022-2023 : La saison ne d\u00e9butera pas \u00e0 Sjusjoen, mais \u00e0 Idre Fj\u00e4ll\" \/>\n<meta name=\"twitter:creator\" content=\"@https:\/\/twitter.com\/FlOstermann\" \/>\n<meta name=\"twitter:site\" content=\"@dicodusport\" \/>\n<script type=\"application\/ld+json\" class=\"yoast-schema-graph\">{\"@context\":\"https:\/\/schema.org\",\"@graph\":[{\"@type\":\"NewsArticle\",\"@id\":\"https:\/\/dicodusport.fr\/blog\/ibu-cup-2022-2023-la-saison-ne-debutera-pas-a-sjusjoen-mais-a-idre-fjall\/#article\",\"isPartOf\":{\"@id\":\"https:\/\/dicodusport.fr\/blog\/ibu-cup-2022-2023-la-saison-ne-debutera-pas-a-sjusjoen-mais-a-idre-fjall\/\"},\"author\":{\"name\":\"Flo Ostermann\",\"@id\":\"https:\/\/dicodusport.fr\/blog\/#\/schema\/person\/cb02af4c173ce4a653b55e9baf388d4a\"},\"headline\":\"IBU Cup 2022-2023 : La saison ne d\u00e9butera pas \u00e0 Sjusjoen, mais \u00e0 Idre Fj\u00e4ll\",\"datePublished\":\"2022-11-10T15:28:17+00:00\",\"dateModified\":\"2025-08-24T11:19:19+00:00\",\"mainEntityOfPage\":{\"@id\":\"https:\/\/dicodusport.fr\/blog\/ibu-cup-2022-2023-la-saison-ne-debutera-pas-a-sjusjoen-mais-a-idre-fjall\/\"},\"wordCount\":279,\"commentCount\":0,\"publisher\":{\"@id\":\"https:\/\/dicodusport.fr\/blog\/#organization\"},\"image\":{\"@id\":\"https:\/\/dicodusport.fr\/blog\/ibu-cup-2022-2023-la-saison-ne-debutera-pas-a-sjusjoen-mais-a-idre-fjall\/#primaryimage\"},\"thumbnailUrl\":\"https:\/\/dicodusport.fr\/blog\/wp-content\/uploads\/2021\/03\/Obertilliach-Hugo-Rivail-soffre-une-premiere-victoire-en-IBU-Cup.png\",\"keywords\":[\"IBU Cup\",\"Idre Fj\u00e4ll\",\"Sjusjoen\"],\"articleSection\":[\"Biathlon\"],\"inLanguage\":\"fr-FR\",\"potentialAction\":[{\"@type\":\"CommentAction\",\"name\":\"Comment\",\"target\":[\"https:\/\/dicodusport.fr\/blog\/ibu-cup-2022-2023-la-saison-ne-debutera-pas-a-sjusjoen-mais-a-idre-fjall\/#respond\"]}],\"copyrightYear\":\"2022\",\"copyrightHolder\":{\"@id\":\"https:\/\/dicodusport.fr\/blog\/#organization\"}},{\"@type\":\"WebPage\",\"@id\":\"https:\/\/dicodusport.fr\/blog\/ibu-cup-2022-2023-la-saison-ne-debutera-pas-a-sjusjoen-mais-a-idre-fjall\/\",\"url\":\"https:\/\/dicodusport.fr\/blog\/ibu-cup-2022-2023-la-saison-ne-debutera-pas-a-sjusjoen-mais-a-idre-fjall\/\",\"name\":\"IBU Cup 2022-2023 : La saison ne d\u00e9butera pas \u00e0 Sjusjoen, mais \u00e0 Idre Fj\u00e4ll\",\"isPartOf\":{\"@id\":\"https:\/\/dicodusport.fr\/blog\/#website\"},\"primaryImageOfPage\":{\"@id\":\"https:\/\/dicodusport.fr\/blog\/ibu-cup-2022-2023-la-saison-ne-debutera-pas-a-sjusjoen-mais-a-idre-fjall\/#primaryimage\"},\"image\":{\"@id\":\"https:\/\/dicodusport.fr\/blog\/ibu-cup-2022-2023-la-saison-ne-debutera-pas-a-sjusjoen-mais-a-idre-fjall\/#primaryimage\"},\"thumbnailUrl\":\"https:\/\/dicodusport.fr\/blog\/wp-content\/uploads\/2021\/03\/Obertilliach-Hugo-Rivail-soffre-une-premiere-victoire-en-IBU-Cup.png\",\"datePublished\":\"2022-11-10T15:28:17+00:00\",\"dateModified\":\"2025-08-24T11:19:19+00:00\",\"description\":\"Alors que la saison d'IBU Cup, le circuit secondaire du biathlon, devait d\u00e9buter \u00e0 Sjusjoen (Norv\u00e8ge, 24-27 novembre), il n'en sera rien.\",\"breadcrumb\":{\"@id\":\"https:\/\/dicodusport.fr\/blog\/ibu-cup-2022-2023-la-saison-ne-debutera-pas-a-sjusjoen-mais-a-idre-fjall\/#breadcrumb\"},\"inLanguage\":\"fr-FR\",\"potentialAction\":[{\"@type\":\"ReadAction\",\"target\":[\"https:\/\/dicodusport.fr\/blog\/ibu-cup-2022-2023-la-saison-ne-debutera-pas-a-sjusjoen-mais-a-idre-fjall\/\"]}]},{\"@type\":\"ImageObject\",\"inLanguage\":\"fr-FR\",\"@id\":\"https:\/\/dicodusport.fr\/blog\/ibu-cup-2022-2023-la-saison-ne-debutera-pas-a-sjusjoen-mais-a-idre-fjall\/#primaryimage\",\"url\":\"https:\/\/dicodusport.fr\/blog\/wp-content\/uploads\/2021\/03\/Obertilliach-Hugo-Rivail-soffre-une-premiere-victoire-en-IBU-Cup.png\",\"contentUrl\":\"https:\/\/dicodusport.fr\/blog\/wp-content\/uploads\/2021\/03\/Obertilliach-Hugo-Rivail-soffre-une-premiere-victoire-en-IBU-Cup.png\",\"width\":800,\"height\":445,\"caption\":\"Obertilliach - Hugo Rivail s'offre une premi\u00e8re victoire en IBU Cup\"},{\"@type\":\"BreadcrumbList\",\"@id\":\"https:\/\/dicodusport.fr\/blog\/ibu-cup-2022-2023-la-saison-ne-debutera-pas-a-sjusjoen-mais-a-idre-fjall\/#breadcrumb\",\"itemListElement\":[{\"@type\":\"ListItem\",\"position\":1,\"name\":\"Accueil\",\"item\":\"https:\/\/dicodusport.fr\/blog\/\"},{\"@type\":\"ListItem\",\"position\":2,\"name\":\"IBU Cup 2022-2023 : La saison ne d\u00e9butera pas \u00e0 Sjusjoen, mais \u00e0 Idre Fj\u00e4ll\"}]},{\"@type\":\"WebSite\",\"@id\":\"https:\/\/dicodusport.fr\/blog\/#website\",\"url\":\"https:\/\/dicodusport.fr\/blog\/\",\"name\":\"Dicodusport\",\"description\":\"L&#039;encyclop\u00e9die de l&#039;actualit\u00e9 sportive\",\"publisher\":{\"@id\":\"https:\/\/dicodusport.fr\/blog\/#organization\"},\"potentialAction\":[{\"@type\":\"SearchAction\",\"target\":{\"@type\":\"EntryPoint\",\"urlTemplate\":\"https:\/\/dicodusport.fr\/blog\/?s={search_term_string}\"},\"query-input\":{\"@type\":\"PropertyValueSpecification\",\"valueRequired\":true,\"valueName\":\"search_term_string\"}}],\"inLanguage\":\"fr-FR\"},{\"@type\":\"NewsMediaOrganization\",\"@id\":\"https:\/\/dicodusport.fr\/blog\/#organization\",\"name\":\"Dicodusport\",\"url\":\"https:\/\/dicodusport.fr\/blog\/\",\"logo\":{\"@type\":\"ImageObject\",\"inLanguage\":\"fr-FR\",\"@id\":\"https:\/\/dicodusport.fr\/blog\/#\/schema\/logo\/image\/\",\"url\":\"https:\/\/dicodusport.fr\/blog\/wp-content\/uploads\/2020\/06\/cropped-LOGO-DICODUSPORT-2020-SANS-FOND-SANS-TEXTE.png\",\"contentUrl\":\"https:\/\/dicodusport.fr\/blog\/wp-content\/uploads\/2020\/06\/cropped-LOGO-DICODUSPORT-2020-SANS-FOND-SANS-TEXTE.png\",\"width\":512,\"height\":512,\"caption\":\"Dicodusport\"},\"image\":{\"@id\":\"https:\/\/dicodusport.fr\/blog\/#\/schema\/logo\/image\/\"},\"sameAs\":[\"https:\/\/www.facebook.com\/dicodusport\",\"https:\/\/x.com\/dicodusport\",\"https:\/\/www.instagram.com\/dicodusport\/\",\"https:\/\/www.youtube.com\/channel\/UC7V2KZ5sd3htJivAbA4ZG3w\"],\"description\":\"Dicodusport est l'encyclop\u00e9die de l'actualit\u00e9 sportive.\",\"email\":\"bonjour@dicodusport.fr\",\"legalName\":\"DICODUSPORT\",\"foundingDate\":\"2018-01-14\",\"vatID\":\"FR71834470973\",\"taxID\":\"83447097300043\",\"numberOfEmployees\":{\"@type\":\"QuantitativeValue\",\"minValue\":\"1\",\"maxValue\":\"10\"}},{\"@type\":\"Person\",\"@id\":\"https:\/\/dicodusport.fr\/blog\/#\/schema\/person\/cb02af4c173ce4a653b55e9baf388d4a\",\"name\":\"Flo Ostermann\",\"image\":{\"@type\":\"ImageObject\",\"inLanguage\":\"fr-FR\",\"@id\":\"https:\/\/dicodusport.fr\/blog\/#\/schema\/person\/image\/\",\"url\":\"https:\/\/dicodusport.fr\/blog\/wp-content\/uploads\/2021\/05\/Flo-Ostermann-150x150.jpg\",\"contentUrl\":\"https:\/\/dicodusport.fr\/blog\/wp-content\/uploads\/2021\/05\/Flo-Ostermann-150x150.jpg\",\"caption\":\"Flo Ostermann\"},\"description\":\"Journaliste\/R\u00e9dacteur depuis septembre 2015 - Mes premiers souvenirs dans le sport ? Les envol\u00e9es du Stade Toulousain et les duels Villeneuve-Schumacher et H\u00e4kkinen-Schumacher \u00e0 la fin des ann\u00e9es 90, la Coupe du monde de football en 1998, l\u2019exploit du XV de France face aux All Blacks en 1999, mais aussi Richard C\u0153ur de Lion qui vole sur les montagnes du Tour de France. Bien parti pour devenir professeur d\u2019EPS, les \u00e9v\u00e9nements de la vie (et la flemme d\u2019animer des s\u00e9ances de 3x500 m\u00e8tres toute ma vie) m\u2019ont conduit \u00e0 revoir mes plans. Me voil\u00e0 depuis fin 2017 sur Dicodusport, m\u00e9dia gr\u00e2ce (et pour) lequel je partage ma passion : le sport dans tous ses \u00e9tats. Le tout accompagn\u00e9 par les fous furieux et folles furieuses cit\u00e9s sur cette page !\",\"sameAs\":[\"https:\/\/www.facebook.com\/florent.ostermann\",\"https:\/\/x.com\/https:\/\/twitter.com\/FlOstermann\",\"admin\"],\"url\":\"https:\/\/dicodusport.fr\/blog\/author\/flo\/\"}]}<\/script>\n<!-- \/ Yoast SEO Premium plugin. -->","yoast_head_json":{"title":"IBU Cup 2022-2023 : La saison ne d\u00e9butera pas \u00e0 Sjusjoen, mais \u00e0 Idre Fj\u00e4ll","description":"Alors que la saison d'IBU Cup, le circuit secondaire du biathlon, devait d\u00e9buter \u00e0 Sjusjoen (Norv\u00e8ge, 24-27 novembre), il n'en sera rien.","robots":{"index":"index","follow":"follow","max-snippet":"max-snippet:-1","max-image-preview":"max-image-preview:large","max-video-preview":"max-video-preview:-1"},"canonical":"https:\/\/dicodusport.fr\/blog\/ibu-cup-2022-2023-la-saison-ne-debutera-pas-a-sjusjoen-mais-a-idre-fjall\/","og_locale":"fr_FR","og_type":"article","og_title":"IBU Cup 2022-2023 : La saison ne d\u00e9butera pas \u00e0 Sjusjoen, mais \u00e0 Idre Fj\u00e4ll","og_description":"Alors que la saison d'IBU Cup, le circuit secondaire du biathlon, devait d\u00e9buter \u00e0 Sjusjoen (Norv\u00e8ge, 24-27 novembre), il n'en sera rien.","og_url":"https:\/\/dicodusport.fr\/blog\/ibu-cup-2022-2023-la-saison-ne-debutera-pas-a-sjusjoen-mais-a-idre-fjall\/","og_site_name":"Dicodusport","article_publisher":"https:\/\/www.facebook.com\/dicodusport","article_author":"https:\/\/www.facebook.com\/florent.ostermann","article_published_time":"2022-11-10T15:28:17+00:00","article_modified_time":"2025-08-24T11:19:19+00:00","og_image":[{"width":800,"height":445,"url":"https:\/\/dicodusport.fr\/blog\/wp-content\/uploads\/2021\/03\/Obertilliach-Hugo-Rivail-soffre-une-premiere-victoire-en-IBU-Cup.png","type":"image\/png"}],"author":"Flo Ostermann","twitter_card":"summary_large_image","twitter_title":"IBU Cup 2022-2023 : La saison ne d\u00e9butera pas \u00e0 Sjusjoen, mais \u00e0 Idre Fj\u00e4ll","twitter_creator":"@https:\/\/twitter.com\/FlOstermann","twitter_site":"@dicodusport","schema":{"@context":"https:\/\/schema.org","@graph":[{"@type":"NewsArticle","@id":"https:\/\/dicodusport.fr\/blog\/ibu-cup-2022-2023-la-saison-ne-debutera-pas-a-sjusjoen-mais-a-idre-fjall\/#article","isPartOf":{"@id":"https:\/\/dicodusport.fr\/blog\/ibu-cup-2022-2023-la-saison-ne-debutera-pas-a-sjusjoen-mais-a-idre-fjall\/"},"author":{"name":"Flo Ostermann","@id":"https:\/\/dicodusport.fr\/blog\/#\/schema\/person\/cb02af4c173ce4a653b55e9baf388d4a"},"headline":"IBU Cup 2022-2023 : La saison ne d\u00e9butera pas \u00e0 Sjusjoen, mais \u00e0 Idre Fj\u00e4ll","datePublished":"2022-11-10T15:28:17+00:00","dateModified":"2025-08-24T11:19:19+00:00","mainEntityOfPage":{"@id":"https:\/\/dicodusport.fr\/blog\/ibu-cup-2022-2023-la-saison-ne-debutera-pas-a-sjusjoen-mais-a-idre-fjall\/"},"wordCount":279,"commentCount":0,"publisher":{"@id":"https:\/\/dicodusport.fr\/blog\/#organization"},"image":{"@id":"https:\/\/dicodusport.fr\/blog\/ibu-cup-2022-2023-la-saison-ne-debutera-pas-a-sjusjoen-mais-a-idre-fjall\/#primaryimage"},"thumbnailUrl":"https:\/\/dicodusport.fr\/blog\/wp-content\/uploads\/2021\/03\/Obertilliach-Hugo-Rivail-soffre-une-premiere-victoire-en-IBU-Cup.png","keywords":["IBU Cup","Idre Fj\u00e4ll","Sjusjoen"],"articleSection":["Biathlon"],"inLanguage":"fr-FR","potentialAction":[{"@type":"CommentAction","name":"Comment","target":["https:\/\/dicodusport.fr\/blog\/ibu-cup-2022-2023-la-saison-ne-debutera-pas-a-sjusjoen-mais-a-idre-fjall\/#respond"]}],"copyrightYear":"2022","copyrightHolder":{"@id":"https:\/\/dicodusport.fr\/blog\/#organization"}},{"@type":"WebPage","@id":"https:\/\/dicodusport.fr\/blog\/ibu-cup-2022-2023-la-saison-ne-debutera-pas-a-sjusjoen-mais-a-idre-fjall\/","url":"https:\/\/dicodusport.fr\/blog\/ibu-cup-2022-2023-la-saison-ne-debutera-pas-a-sjusjoen-mais-a-idre-fjall\/","name":"IBU Cup 2022-2023 : La saison ne d\u00e9butera pas \u00e0 Sjusjoen, mais \u00e0 Idre Fj\u00e4ll","isPartOf":{"@id":"https:\/\/dicodusport.fr\/blog\/#website"},"primaryImageOfPage":{"@id":"https:\/\/dicodusport.fr\/blog\/ibu-cup-2022-2023-la-saison-ne-debutera-pas-a-sjusjoen-mais-a-idre-fjall\/#primaryimage"},"image":{"@id":"https:\/\/dicodusport.fr\/blog\/ibu-cup-2022-2023-la-saison-ne-debutera-pas-a-sjusjoen-mais-a-idre-fjall\/#primaryimage"},"thumbnailUrl":"https:\/\/dicodusport.fr\/blog\/wp-content\/uploads\/2021\/03\/Obertilliach-Hugo-Rivail-soffre-une-premiere-victoire-en-IBU-Cup.png","datePublished":"2022-11-10T15:28:17+00:00","dateModified":"2025-08-24T11:19:19+00:00","description":"Alors que la saison d'IBU Cup, le circuit secondaire du biathlon, devait d\u00e9buter \u00e0 Sjusjoen (Norv\u00e8ge, 24-27 novembre), il n'en sera rien.","breadcrumb":{"@id":"https:\/\/dicodusport.fr\/blog\/ibu-cup-2022-2023-la-saison-ne-debutera-pas-a-sjusjoen-mais-a-idre-fjall\/#breadcrumb"},"inLanguage":"fr-FR","potentialAction":[{"@type":"ReadAction","target":["https:\/\/dicodusport.fr\/blog\/ibu-cup-2022-2023-la-saison-ne-debutera-pas-a-sjusjoen-mais-a-idre-fjall\/"]}]},{"@type":"ImageObject","inLanguage":"fr-FR","@id":"https:\/\/dicodusport.fr\/blog\/ibu-cup-2022-2023-la-saison-ne-debutera-pas-a-sjusjoen-mais-a-idre-fjall\/#primaryimage","url":"https:\/\/dicodusport.fr\/blog\/wp-content\/uploads\/2021\/03\/Obertilliach-Hugo-Rivail-soffre-une-premiere-victoire-en-IBU-Cup.png","contentUrl":"https:\/\/dicodusport.fr\/blog\/wp-content\/uploads\/2021\/03\/Obertilliach-Hugo-Rivail-soffre-une-premiere-victoire-en-IBU-Cup.png","width":800,"height":445,"caption":"Obertilliach - Hugo Rivail s'offre une premi\u00e8re victoire en IBU Cup"},{"@type":"BreadcrumbList","@id":"https:\/\/dicodusport.fr\/blog\/ibu-cup-2022-2023-la-saison-ne-debutera-pas-a-sjusjoen-mais-a-idre-fjall\/#breadcrumb","itemListElement":[{"@type":"ListItem","position":1,"name":"Accueil","item":"https:\/\/dicodusport.fr\/blog\/"},{"@type":"ListItem","position":2,"name":"IBU Cup 2022-2023 : La saison ne d\u00e9butera pas \u00e0 Sjusjoen, mais \u00e0 Idre Fj\u00e4ll"}]},{"@type":"WebSite","@id":"https:\/\/dicodusport.fr\/blog\/#website","url":"https:\/\/dicodusport.fr\/blog\/","name":"Dicodusport","description":"L&#039;encyclop\u00e9die de l&#039;actualit\u00e9 sportive","publisher":{"@id":"https:\/\/dicodusport.fr\/blog\/#organization"},"potentialAction":[{"@type":"SearchAction","target":{"@type":"EntryPoint","urlTemplate":"https:\/\/dicodusport.fr\/blog\/?s={search_term_string}"},"query-input":{"@type":"PropertyValueSpecification","valueRequired":true,"valueName":"search_term_string"}}],"inLanguage":"fr-FR"},{"@type":"NewsMediaOrganization","@id":"https:\/\/dicodusport.fr\/blog\/#organization","name":"Dicodusport","url":"https:\/\/dicodusport.fr\/blog\/","logo":{"@type":"ImageObject","inLanguage":"fr-FR","@id":"https:\/\/dicodusport.fr\/blog\/#\/schema\/logo\/image\/","url":"https:\/\/dicodusport.fr\/blog\/wp-content\/uploads\/2020\/06\/cropped-LOGO-DICODUSPORT-2020-SANS-FOND-SANS-TEXTE.png","contentUrl":"https:\/\/dicodusport.fr\/blog\/wp-content\/uploads\/2020\/06\/cropped-LOGO-DICODUSPORT-2020-SANS-FOND-SANS-TEXTE.png","width":512,"height":512,"caption":"Dicodusport"},"image":{"@id":"https:\/\/dicodusport.fr\/blog\/#\/schema\/logo\/image\/"},"sameAs":["https:\/\/www.facebook.com\/dicodusport","https:\/\/x.com\/dicodusport","https:\/\/www.instagram.com\/dicodusport\/","https:\/\/www.youtube.com\/channel\/UC7V2KZ5sd3htJivAbA4ZG3w"],"description":"Dicodusport est l'encyclop\u00e9die de l'actualit\u00e9 sportive.","email":"bonjour@dicodusport.fr","legalName":"DICODUSPORT","foundingDate":"2018-01-14","vatID":"FR71834470973","taxID":"83447097300043","numberOfEmployees":{"@type":"QuantitativeValue","minValue":"1","maxValue":"10"}},{"@type":"Person","@id":"https:\/\/dicodusport.fr\/blog\/#\/schema\/person\/cb02af4c173ce4a653b55e9baf388d4a","name":"Flo Ostermann","image":{"@type":"ImageObject","inLanguage":"fr-FR","@id":"https:\/\/dicodusport.fr\/blog\/#\/schema\/person\/image\/","url":"https:\/\/dicodusport.fr\/blog\/wp-content\/uploads\/2021\/05\/Flo-Ostermann-150x150.jpg","contentUrl":"https:\/\/dicodusport.fr\/blog\/wp-content\/uploads\/2021\/05\/Flo-Ostermann-150x150.jpg","caption":"Flo Ostermann"},"description":"Journaliste\/R\u00e9dacteur depuis septembre 2015 - Mes premiers souvenirs dans le sport ? Les envol\u00e9es du Stade Toulousain et les duels Villeneuve-Schumacher et H\u00e4kkinen-Schumacher \u00e0 la fin des ann\u00e9es 90, la Coupe du monde de football en 1998, l\u2019exploit du XV de France face aux All Blacks en 1999, mais aussi Richard C\u0153ur de Lion qui vole sur les montagnes du Tour de France. Bien parti pour devenir professeur d\u2019EPS, les \u00e9v\u00e9nements de la vie (et la flemme d\u2019animer des s\u00e9ances de 3x500 m\u00e8tres toute ma vie) m\u2019ont conduit \u00e0 revoir mes plans. Me voil\u00e0 depuis fin 2017 sur Dicodusport, m\u00e9dia gr\u00e2ce (et pour) lequel je partage ma passion : le sport dans tous ses \u00e9tats. Le tout accompagn\u00e9 par les fous furieux et folles furieuses cit\u00e9s sur cette page !","sameAs":["https:\/\/www.facebook.com\/florent.ostermann","https:\/\/x.com\/https:\/\/twitter.com\/FlOstermann","admin"],"url":"https:\/\/dicodusport.fr\/blog\/author\/flo\/"}]}},"_links":{"self":[{"href":"https:\/\/dicodusport.fr\/blog\/wp-json\/wp\/v2\/posts\/277459","targetHints":{"allow":["GET"]}}],"collection":[{"href":"https:\/\/dicodusport.fr\/blog\/wp-json\/wp\/v2\/posts"}],"about":[{"href":"https:\/\/dicodusport.fr\/blog\/wp-json\/wp\/v2\/types\/post"}],"author":[{"embeddable":true,"href":"https:\/\/dicodusport.fr\/blog\/wp-json\/wp\/v2\/users\/4"}],"replies":[{"embeddable":true,"href":"https:\/\/dicodusport.fr\/blog\/wp-json\/wp\/v2\/comments?post=277459"}],"version-history":[{"count":1,"href":"https:\/\/dicodusport.fr\/blog\/wp-json\/wp\/v2\/posts\/277459\/revisions"}],"predecessor-version":[{"id":605070,"href":"https:\/\/dicodusport.fr\/blog\/wp-json\/wp\/v2\/posts\/277459\/revisions\/605070"}],"wp:featuredmedia":[{"embeddable":true,"href":"https:\/\/dicodusport.fr\/blog\/wp-json\/wp\/v2\/media\/112418"}],"wp:attachment":[{"href":"https:\/\/dicodusport.fr\/blog\/wp-json\/wp\/v2\/media?parent=277459"}],"wp:term":[{"taxonomy":"category","embeddable":true,"href":"https:\/\/dicodusport.fr\/blog\/wp-json\/wp\/v2\/categories?post=277459"},{"taxonomy":"post_tag","embeddable":true,"href":"https:\/\/dicodusport.fr\/blog\/wp-json\/wp\/v2\/tags?post=277459"}],"curies":[{"name":"wp","href":"https:\/\/api.w.org\/{rel}","templated":true}]}}