{"id":277698,"date":"2022-11-11T12:14:41","date_gmt":"2022-11-11T11:14:41","guid":{"rendered":"https:\/\/dicodusport.fr\/blog\/?p=277698&#038;preview=true&#038;preview_id=277698"},"modified":"2022-11-11T15:15:09","modified_gmt":"2022-11-11T14:15:09","slug":"mercato-psg-paris-pense-a-youssoufa-moukoko","status":"publish","type":"post","link":"https:\/\/dicodusport.fr\/blog\/mercato-psg-paris-pense-a-youssoufa-moukoko\/","title":{"rendered":"Mercato PSG : Paris pense \u00e0 Youssoufa Moukoko"},"content":{"rendered":"<p style=\"text-align: justify;\"><em><b>LIGUE 1 2022-2023 &#8211; Youssoufa Moukoko (Dortmund) est tr\u00e8s convoit\u00e9, et le PSG fait partie des pr\u00e9tendants \u00e0 la p\u00e9pite allemande.\u00a0<\/b><\/em><\/p>\n<p style=\"text-align: justify;\">\u00c0 seulement 17 ans, <strong>Youssoufa<\/strong> <strong>Moukoko<\/strong> va d\u00e9couvrir la s\u00e9lection allemande lors de la <strong>Coupe du monde au Qatar<\/strong>. Le jeune attaquant de <strong>Dortmund<\/strong> a \u00e9t\u00e9 convoqu\u00e9 dans la <a href=\"https:\/\/dicodusport.fr\/blog\/allemagne-la-liste-des-26-joueurs-pour-la-coupe-du-monde\/\" target=\"_blank\" rel=\"noopener\">liste des 26 de l&rsquo;Allemagne<\/a> suite au forfait de <strong>Timo<\/strong> <strong>Werner<\/strong>. S&rsquo;il s&rsquo;est impos\u00e9 comme un titulaire au Borussia cette saison en inscrivant six buts pour quatre passes d\u00e9cisives en treize matchs de championnat, il est en fin de contrat en juin 2023. <strong>Dortmund<\/strong> lui a fait un nouvelle proposition pour un bail de quatre ans, avec une belle revalorisation salariale, mais il n&rsquo;a toujours pas accept\u00e9, selon <strong>Nicolo<\/strong> <strong>Schira<\/strong>.<\/p>\n<p style=\"text-align: justify;\">Et pour cause, tous les plus grands clubs europ\u00e9ens sont sur le coup, avec notamment le <strong>PSG<\/strong>. Mais le club de la capitale va avoir de la concurrence sur ce dossier, car <strong>Manchester<\/strong> <strong>City<\/strong>, <strong>Liverpool<\/strong>, <strong>Manchester<\/strong> <strong>United<\/strong>, <strong>Barcelone<\/strong>\u00a0et <strong>Chelsea<\/strong> sont aussi int\u00e9ress\u00e9s par <strong>Youssoufa<\/strong> <strong>Moukoko<\/strong>. Les prochaines semaines vont \u00eatre d\u00e9cisives, puisqu&rsquo;il pourra signer d\u00e8s le 1er janvier 2023 avec le club qu&rsquo;il souhaite.<\/p>\n<blockquote class=\"twitter-tweet\">\n<p dir=\"ltr\" lang=\"fr\">&#x1f50e; Youssoufa Moukoko suscite d\u00e9j\u00e0 les convoitises des plus grands clubs europ\u00e9ens, dont le PSG, \u00e0 seulement 17 ans. Libre en juin 2023, l&rsquo;attaquant du Borussia pourrait faire l&rsquo;objet d&rsquo;une belle bataille.<a href=\"https:\/\/t.co\/TgVhn8NyvF\">https:\/\/t.co\/TgVhn8NyvF<\/a><\/p>\n<p>\u2014 RMC Sport (@RMCsport) <a href=\"https:\/\/twitter.com\/RMCsport\/status\/1591017658543067136?ref_src=twsrc%5Etfw\">November 11, 2022<\/a><\/p><\/blockquote>\n<p style=\"text-align: justify;\"><script async src=\"https:\/\/platform.twitter.com\/widgets.js\" charset=\"utf-8\"><\/script><\/p>\n","protected":false},"excerpt":{"rendered":"<p>LIGUE 1 2022-2023 &#8211; Youssoufa Moukoko (Dortmund) est tr\u00e8s convoit\u00e9, et le PSG fait partie des pr\u00e9tendants \u00e0 la p\u00e9pite allemande.\u00a0<\/p>\n","protected":false},"author":1,"featured_media":277700,"comment_status":"open","ping_status":"closed","sticky":false,"template":"","format":"standard","meta":{"_acf_changed":false,"_daextam_enable_autolinks":"","footnotes":""},"categories":[2301,47045],"tags":[4085,75,429,910],"class_list":["post-277698","post","type-post","status-publish","format-standard","has-post-thumbnail","hentry","category-football","category-ligue-1","tag-dortmund","tag-football","tag-paris","tag-psg"],"acf":[],"yoast_head":"<!-- This site is optimized with the Yoast SEO Premium plugin v26.7 (Yoast SEO v26.7) - https:\/\/yoast.com\/wordpress\/plugins\/seo\/ -->\n<title>Mercato PSG : Paris pense \u00e0 Youssoufa Moukoko<\/title>\n<meta name=\"description\" content=\"LIGUE 1 2022-2023 - Youssoufa Moukoko est tr\u00e8s convoit\u00e9 et le PSG fait partie des pr\u00e9tendants \u00e0 la p\u00e9pite allemande.\u00a0\" \/>\n<meta name=\"robots\" content=\"index, follow, max-snippet:-1, max-image-preview:large, max-video-preview:-1\" \/>\n<link rel=\"canonical\" href=\"https:\/\/dicodusport.fr\/blog\/mercato-psg-paris-pense-a-youssoufa-moukoko\/\" \/>\n<meta property=\"og:locale\" content=\"fr_FR\" \/>\n<meta property=\"og:type\" content=\"article\" \/>\n<meta property=\"og:title\" content=\"Mercato PSG : Paris pense \u00e0 Youssoufa Moukoko\" \/>\n<meta property=\"og:description\" content=\"LIGUE 1 2022-2023 - Youssoufa Moukoko est tr\u00e8s convoit\u00e9 et le PSG fait partie des pr\u00e9tendants \u00e0 la p\u00e9pite allemande.\u00a0\" \/>\n<meta property=\"og:url\" content=\"https:\/\/dicodusport.fr\/blog\/mercato-psg-paris-pense-a-youssoufa-moukoko\/\" \/>\n<meta property=\"og:site_name\" content=\"Dicodusport\" \/>\n<meta property=\"article:publisher\" content=\"https:\/\/www.facebook.com\/dicodusport\" \/>\n<meta property=\"article:author\" content=\"https:\/\/www.facebook.com\/dicodusport\" \/>\n<meta property=\"article:published_time\" content=\"2022-11-11T11:14:41+00:00\" \/>\n<meta property=\"article:modified_time\" content=\"2022-11-11T14:15:09+00:00\" \/>\n<meta property=\"og:image\" content=\"https:\/\/dicodusport.fr\/blog\/wp-content\/uploads\/2022\/11\/Mercato-PSG-Paris-pense-a\u0300-Youssoufa-Moukoko.png\" \/>\n\t<meta property=\"og:image:width\" content=\"800\" \/>\n\t<meta property=\"og:image:height\" content=\"445\" \/>\n\t<meta property=\"og:image:type\" content=\"image\/png\" \/>\n<meta name=\"author\" content=\"Nicolas Jacquemard\" \/>\n<meta name=\"twitter:card\" content=\"summary_large_image\" \/>\n<meta name=\"twitter:title\" content=\"Mercato PSG : Paris pense \u00e0 Youssoufa Moukoko\" \/>\n<meta name=\"twitter:creator\" content=\"@https:\/\/twitter.com\/Nico_Jacquemard\" \/>\n<meta name=\"twitter:site\" content=\"@dicodusport\" \/>\n<script type=\"application\/ld+json\" class=\"yoast-schema-graph\">{\"@context\":\"https:\/\/schema.org\",\"@graph\":[{\"@type\":\"NewsArticle\",\"@id\":\"https:\/\/dicodusport.fr\/blog\/mercato-psg-paris-pense-a-youssoufa-moukoko\/#article\",\"isPartOf\":{\"@id\":\"https:\/\/dicodusport.fr\/blog\/mercato-psg-paris-pense-a-youssoufa-moukoko\/\"},\"author\":{\"name\":\"Nicolas Jacquemard\",\"@id\":\"https:\/\/dicodusport.fr\/blog\/#\/schema\/person\/55dcb50ad410894e431ed812bbb70191\"},\"headline\":\"Mercato PSG : Paris pense \u00e0 Youssoufa Moukoko\",\"datePublished\":\"2022-11-11T11:14:41+00:00\",\"dateModified\":\"2022-11-11T14:15:09+00:00\",\"mainEntityOfPage\":{\"@id\":\"https:\/\/dicodusport.fr\/blog\/mercato-psg-paris-pense-a-youssoufa-moukoko\/\"},\"wordCount\":246,\"commentCount\":0,\"publisher\":{\"@id\":\"https:\/\/dicodusport.fr\/blog\/#organization\"},\"image\":{\"@id\":\"https:\/\/dicodusport.fr\/blog\/mercato-psg-paris-pense-a-youssoufa-moukoko\/#primaryimage\"},\"thumbnailUrl\":\"https:\/\/dicodusport.fr\/blog\/wp-content\/uploads\/2022\/11\/Mercato-PSG-Paris-pense-a\u0300-Youssoufa-Moukoko.png\",\"keywords\":[\"Dortmund\",\"Football\",\"Paris\",\"PSG\"],\"articleSection\":[\"Football\",\"Ligue 1\"],\"inLanguage\":\"fr-FR\",\"potentialAction\":[{\"@type\":\"CommentAction\",\"name\":\"Comment\",\"target\":[\"https:\/\/dicodusport.fr\/blog\/mercato-psg-paris-pense-a-youssoufa-moukoko\/#respond\"]}],\"copyrightYear\":\"2022\",\"copyrightHolder\":{\"@id\":\"https:\/\/dicodusport.fr\/blog\/#organization\"}},{\"@type\":\"WebPage\",\"@id\":\"https:\/\/dicodusport.fr\/blog\/mercato-psg-paris-pense-a-youssoufa-moukoko\/\",\"url\":\"https:\/\/dicodusport.fr\/blog\/mercato-psg-paris-pense-a-youssoufa-moukoko\/\",\"name\":\"Mercato PSG : Paris pense \u00e0 Youssoufa Moukoko\",\"isPartOf\":{\"@id\":\"https:\/\/dicodusport.fr\/blog\/#website\"},\"primaryImageOfPage\":{\"@id\":\"https:\/\/dicodusport.fr\/blog\/mercato-psg-paris-pense-a-youssoufa-moukoko\/#primaryimage\"},\"image\":{\"@id\":\"https:\/\/dicodusport.fr\/blog\/mercato-psg-paris-pense-a-youssoufa-moukoko\/#primaryimage\"},\"thumbnailUrl\":\"https:\/\/dicodusport.fr\/blog\/wp-content\/uploads\/2022\/11\/Mercato-PSG-Paris-pense-a\u0300-Youssoufa-Moukoko.png\",\"datePublished\":\"2022-11-11T11:14:41+00:00\",\"dateModified\":\"2022-11-11T14:15:09+00:00\",\"description\":\"LIGUE 1 2022-2023 - Youssoufa Moukoko est tr\u00e8s convoit\u00e9 et le PSG fait partie des pr\u00e9tendants \u00e0 la p\u00e9pite allemande.\u00a0\",\"breadcrumb\":{\"@id\":\"https:\/\/dicodusport.fr\/blog\/mercato-psg-paris-pense-a-youssoufa-moukoko\/#breadcrumb\"},\"inLanguage\":\"fr-FR\",\"potentialAction\":[{\"@type\":\"ReadAction\",\"target\":[\"https:\/\/dicodusport.fr\/blog\/mercato-psg-paris-pense-a-youssoufa-moukoko\/\"]}]},{\"@type\":\"ImageObject\",\"inLanguage\":\"fr-FR\",\"@id\":\"https:\/\/dicodusport.fr\/blog\/mercato-psg-paris-pense-a-youssoufa-moukoko\/#primaryimage\",\"url\":\"https:\/\/dicodusport.fr\/blog\/wp-content\/uploads\/2022\/11\/Mercato-PSG-Paris-pense-a\u0300-Youssoufa-Moukoko.png\",\"contentUrl\":\"https:\/\/dicodusport.fr\/blog\/wp-content\/uploads\/2022\/11\/Mercato-PSG-Paris-pense-a\u0300-Youssoufa-Moukoko.png\",\"width\":800,\"height\":445},{\"@type\":\"BreadcrumbList\",\"@id\":\"https:\/\/dicodusport.fr\/blog\/mercato-psg-paris-pense-a-youssoufa-moukoko\/#breadcrumb\",\"itemListElement\":[{\"@type\":\"ListItem\",\"position\":1,\"name\":\"Accueil\",\"item\":\"https:\/\/dicodusport.fr\/blog\/\"},{\"@type\":\"ListItem\",\"position\":2,\"name\":\"Mercato PSG : Paris pense \u00e0 Youssoufa Moukoko\"}]},{\"@type\":\"WebSite\",\"@id\":\"https:\/\/dicodusport.fr\/blog\/#website\",\"url\":\"https:\/\/dicodusport.fr\/blog\/\",\"name\":\"Dicodusport\",\"description\":\"L&#039;encyclop\u00e9die de l&#039;actualit\u00e9 sportive\",\"publisher\":{\"@id\":\"https:\/\/dicodusport.fr\/blog\/#organization\"},\"potentialAction\":[{\"@type\":\"SearchAction\",\"target\":{\"@type\":\"EntryPoint\",\"urlTemplate\":\"https:\/\/dicodusport.fr\/blog\/?s={search_term_string}\"},\"query-input\":{\"@type\":\"PropertyValueSpecification\",\"valueRequired\":true,\"valueName\":\"search_term_string\"}}],\"inLanguage\":\"fr-FR\"},{\"@type\":\"NewsMediaOrganization\",\"@id\":\"https:\/\/dicodusport.fr\/blog\/#organization\",\"name\":\"Dicodusport\",\"url\":\"https:\/\/dicodusport.fr\/blog\/\",\"logo\":{\"@type\":\"ImageObject\",\"inLanguage\":\"fr-FR\",\"@id\":\"https:\/\/dicodusport.fr\/blog\/#\/schema\/logo\/image\/\",\"url\":\"https:\/\/dicodusport.fr\/blog\/wp-content\/uploads\/2020\/06\/cropped-LOGO-DICODUSPORT-2020-SANS-FOND-SANS-TEXTE.png\",\"contentUrl\":\"https:\/\/dicodusport.fr\/blog\/wp-content\/uploads\/2020\/06\/cropped-LOGO-DICODUSPORT-2020-SANS-FOND-SANS-TEXTE.png\",\"width\":512,\"height\":512,\"caption\":\"Dicodusport\"},\"image\":{\"@id\":\"https:\/\/dicodusport.fr\/blog\/#\/schema\/logo\/image\/\"},\"sameAs\":[\"https:\/\/www.facebook.com\/dicodusport\",\"https:\/\/x.com\/dicodusport\",\"https:\/\/www.instagram.com\/dicodusport\/\",\"https:\/\/www.youtube.com\/channel\/UC7V2KZ5sd3htJivAbA4ZG3w\"],\"description\":\"Dicodusport est l'encyclop\u00e9die de l'actualit\u00e9 sportive.\",\"email\":\"bonjour@dicodusport.fr\",\"legalName\":\"DICODUSPORT\",\"foundingDate\":\"2018-01-14\",\"vatID\":\"FR71834470973\",\"taxID\":\"83447097300043\",\"numberOfEmployees\":{\"@type\":\"QuantitativeValue\",\"minValue\":\"1\",\"maxValue\":\"10\"}},{\"@type\":\"Person\",\"@id\":\"https:\/\/dicodusport.fr\/blog\/#\/schema\/person\/55dcb50ad410894e431ed812bbb70191\",\"name\":\"Nicolas Jacquemard\",\"image\":{\"@type\":\"ImageObject\",\"inLanguage\":\"fr-FR\",\"@id\":\"https:\/\/dicodusport.fr\/blog\/#\/schema\/person\/image\/\",\"url\":\"https:\/\/dicodusport.fr\/blog\/wp-content\/uploads\/2021\/05\/Nicolas-Jacquemard-150x150.jpeg\",\"contentUrl\":\"https:\/\/dicodusport.fr\/blog\/wp-content\/uploads\/2021\/05\/Nicolas-Jacquemard-150x150.jpeg\",\"caption\":\"Nicolas Jacquemard\"},\"description\":\"Passionn\u00e9 de sport et entrepreneur depuis mes 18 ans, la cr\u00e9ation de Dicodusport m'a sembl\u00e9 \u00e9vidente pour participer \u00e0 la m\u00e9diatisation d'un plus grand nombre de sports. Le chemin est long mais avec une \u00e9quipe des plus motiv\u00e9es et les Jeux Olympiques de Paris 2024 en point de mire, nous y arriverons ! Journaliste dans le monde du sport depuis plus de 5 ans, je traite aussi bien de football, de rugby, de biathlon que de cyclisme.\",\"sameAs\":[\"https:\/\/www.facebook.com\/dicodusport\",\"https:\/\/x.com\/https:\/\/twitter.com\/Nico_Jacquemard\"],\"url\":\"https:\/\/dicodusport.fr\/blog\/author\/dicodusport\/\"}]}<\/script>\n<!-- \/ Yoast SEO Premium plugin. -->","yoast_head_json":{"title":"Mercato PSG : Paris pense \u00e0 Youssoufa Moukoko","description":"LIGUE 1 2022-2023 - Youssoufa Moukoko est tr\u00e8s convoit\u00e9 et le PSG fait partie des pr\u00e9tendants \u00e0 la p\u00e9pite allemande.\u00a0","robots":{"index":"index","follow":"follow","max-snippet":"max-snippet:-1","max-image-preview":"max-image-preview:large","max-video-preview":"max-video-preview:-1"},"canonical":"https:\/\/dicodusport.fr\/blog\/mercato-psg-paris-pense-a-youssoufa-moukoko\/","og_locale":"fr_FR","og_type":"article","og_title":"Mercato PSG : Paris pense \u00e0 Youssoufa Moukoko","og_description":"LIGUE 1 2022-2023 - Youssoufa Moukoko est tr\u00e8s convoit\u00e9 et le PSG fait partie des pr\u00e9tendants \u00e0 la p\u00e9pite allemande.\u00a0","og_url":"https:\/\/dicodusport.fr\/blog\/mercato-psg-paris-pense-a-youssoufa-moukoko\/","og_site_name":"Dicodusport","article_publisher":"https:\/\/www.facebook.com\/dicodusport","article_author":"https:\/\/www.facebook.com\/dicodusport","article_published_time":"2022-11-11T11:14:41+00:00","article_modified_time":"2022-11-11T14:15:09+00:00","og_image":[{"width":800,"height":445,"url":"https:\/\/dicodusport.fr\/blog\/wp-content\/uploads\/2022\/11\/Mercato-PSG-Paris-pense-a\u0300-Youssoufa-Moukoko.png","type":"image\/png"}],"author":"Nicolas Jacquemard","twitter_card":"summary_large_image","twitter_title":"Mercato PSG : Paris pense \u00e0 Youssoufa Moukoko","twitter_creator":"@https:\/\/twitter.com\/Nico_Jacquemard","twitter_site":"@dicodusport","schema":{"@context":"https:\/\/schema.org","@graph":[{"@type":"NewsArticle","@id":"https:\/\/dicodusport.fr\/blog\/mercato-psg-paris-pense-a-youssoufa-moukoko\/#article","isPartOf":{"@id":"https:\/\/dicodusport.fr\/blog\/mercato-psg-paris-pense-a-youssoufa-moukoko\/"},"author":{"name":"Nicolas Jacquemard","@id":"https:\/\/dicodusport.fr\/blog\/#\/schema\/person\/55dcb50ad410894e431ed812bbb70191"},"headline":"Mercato PSG : Paris pense \u00e0 Youssoufa Moukoko","datePublished":"2022-11-11T11:14:41+00:00","dateModified":"2022-11-11T14:15:09+00:00","mainEntityOfPage":{"@id":"https:\/\/dicodusport.fr\/blog\/mercato-psg-paris-pense-a-youssoufa-moukoko\/"},"wordCount":246,"commentCount":0,"publisher":{"@id":"https:\/\/dicodusport.fr\/blog\/#organization"},"image":{"@id":"https:\/\/dicodusport.fr\/blog\/mercato-psg-paris-pense-a-youssoufa-moukoko\/#primaryimage"},"thumbnailUrl":"https:\/\/dicodusport.fr\/blog\/wp-content\/uploads\/2022\/11\/Mercato-PSG-Paris-pense-a\u0300-Youssoufa-Moukoko.png","keywords":["Dortmund","Football","Paris","PSG"],"articleSection":["Football","Ligue 1"],"inLanguage":"fr-FR","potentialAction":[{"@type":"CommentAction","name":"Comment","target":["https:\/\/dicodusport.fr\/blog\/mercato-psg-paris-pense-a-youssoufa-moukoko\/#respond"]}],"copyrightYear":"2022","copyrightHolder":{"@id":"https:\/\/dicodusport.fr\/blog\/#organization"}},{"@type":"WebPage","@id":"https:\/\/dicodusport.fr\/blog\/mercato-psg-paris-pense-a-youssoufa-moukoko\/","url":"https:\/\/dicodusport.fr\/blog\/mercato-psg-paris-pense-a-youssoufa-moukoko\/","name":"Mercato PSG : Paris pense \u00e0 Youssoufa Moukoko","isPartOf":{"@id":"https:\/\/dicodusport.fr\/blog\/#website"},"primaryImageOfPage":{"@id":"https:\/\/dicodusport.fr\/blog\/mercato-psg-paris-pense-a-youssoufa-moukoko\/#primaryimage"},"image":{"@id":"https:\/\/dicodusport.fr\/blog\/mercato-psg-paris-pense-a-youssoufa-moukoko\/#primaryimage"},"thumbnailUrl":"https:\/\/dicodusport.fr\/blog\/wp-content\/uploads\/2022\/11\/Mercato-PSG-Paris-pense-a\u0300-Youssoufa-Moukoko.png","datePublished":"2022-11-11T11:14:41+00:00","dateModified":"2022-11-11T14:15:09+00:00","description":"LIGUE 1 2022-2023 - Youssoufa Moukoko est tr\u00e8s convoit\u00e9 et le PSG fait partie des pr\u00e9tendants \u00e0 la p\u00e9pite allemande.\u00a0","breadcrumb":{"@id":"https:\/\/dicodusport.fr\/blog\/mercato-psg-paris-pense-a-youssoufa-moukoko\/#breadcrumb"},"inLanguage":"fr-FR","potentialAction":[{"@type":"ReadAction","target":["https:\/\/dicodusport.fr\/blog\/mercato-psg-paris-pense-a-youssoufa-moukoko\/"]}]},{"@type":"ImageObject","inLanguage":"fr-FR","@id":"https:\/\/dicodusport.fr\/blog\/mercato-psg-paris-pense-a-youssoufa-moukoko\/#primaryimage","url":"https:\/\/dicodusport.fr\/blog\/wp-content\/uploads\/2022\/11\/Mercato-PSG-Paris-pense-a\u0300-Youssoufa-Moukoko.png","contentUrl":"https:\/\/dicodusport.fr\/blog\/wp-content\/uploads\/2022\/11\/Mercato-PSG-Paris-pense-a\u0300-Youssoufa-Moukoko.png","width":800,"height":445},{"@type":"BreadcrumbList","@id":"https:\/\/dicodusport.fr\/blog\/mercato-psg-paris-pense-a-youssoufa-moukoko\/#breadcrumb","itemListElement":[{"@type":"ListItem","position":1,"name":"Accueil","item":"https:\/\/dicodusport.fr\/blog\/"},{"@type":"ListItem","position":2,"name":"Mercato PSG : Paris pense \u00e0 Youssoufa Moukoko"}]},{"@type":"WebSite","@id":"https:\/\/dicodusport.fr\/blog\/#website","url":"https:\/\/dicodusport.fr\/blog\/","name":"Dicodusport","description":"L&#039;encyclop\u00e9die de l&#039;actualit\u00e9 sportive","publisher":{"@id":"https:\/\/dicodusport.fr\/blog\/#organization"},"potentialAction":[{"@type":"SearchAction","target":{"@type":"EntryPoint","urlTemplate":"https:\/\/dicodusport.fr\/blog\/?s={search_term_string}"},"query-input":{"@type":"PropertyValueSpecification","valueRequired":true,"valueName":"search_term_string"}}],"inLanguage":"fr-FR"},{"@type":"NewsMediaOrganization","@id":"https:\/\/dicodusport.fr\/blog\/#organization","name":"Dicodusport","url":"https:\/\/dicodusport.fr\/blog\/","logo":{"@type":"ImageObject","inLanguage":"fr-FR","@id":"https:\/\/dicodusport.fr\/blog\/#\/schema\/logo\/image\/","url":"https:\/\/dicodusport.fr\/blog\/wp-content\/uploads\/2020\/06\/cropped-LOGO-DICODUSPORT-2020-SANS-FOND-SANS-TEXTE.png","contentUrl":"https:\/\/dicodusport.fr\/blog\/wp-content\/uploads\/2020\/06\/cropped-LOGO-DICODUSPORT-2020-SANS-FOND-SANS-TEXTE.png","width":512,"height":512,"caption":"Dicodusport"},"image":{"@id":"https:\/\/dicodusport.fr\/blog\/#\/schema\/logo\/image\/"},"sameAs":["https:\/\/www.facebook.com\/dicodusport","https:\/\/x.com\/dicodusport","https:\/\/www.instagram.com\/dicodusport\/","https:\/\/www.youtube.com\/channel\/UC7V2KZ5sd3htJivAbA4ZG3w"],"description":"Dicodusport est l'encyclop\u00e9die de l'actualit\u00e9 sportive.","email":"bonjour@dicodusport.fr","legalName":"DICODUSPORT","foundingDate":"2018-01-14","vatID":"FR71834470973","taxID":"83447097300043","numberOfEmployees":{"@type":"QuantitativeValue","minValue":"1","maxValue":"10"}},{"@type":"Person","@id":"https:\/\/dicodusport.fr\/blog\/#\/schema\/person\/55dcb50ad410894e431ed812bbb70191","name":"Nicolas Jacquemard","image":{"@type":"ImageObject","inLanguage":"fr-FR","@id":"https:\/\/dicodusport.fr\/blog\/#\/schema\/person\/image\/","url":"https:\/\/dicodusport.fr\/blog\/wp-content\/uploads\/2021\/05\/Nicolas-Jacquemard-150x150.jpeg","contentUrl":"https:\/\/dicodusport.fr\/blog\/wp-content\/uploads\/2021\/05\/Nicolas-Jacquemard-150x150.jpeg","caption":"Nicolas Jacquemard"},"description":"Passionn\u00e9 de sport et entrepreneur depuis mes 18 ans, la cr\u00e9ation de Dicodusport m'a sembl\u00e9 \u00e9vidente pour participer \u00e0 la m\u00e9diatisation d'un plus grand nombre de sports. Le chemin est long mais avec une \u00e9quipe des plus motiv\u00e9es et les Jeux Olympiques de Paris 2024 en point de mire, nous y arriverons ! Journaliste dans le monde du sport depuis plus de 5 ans, je traite aussi bien de football, de rugby, de biathlon que de cyclisme.","sameAs":["https:\/\/www.facebook.com\/dicodusport","https:\/\/x.com\/https:\/\/twitter.com\/Nico_Jacquemard"],"url":"https:\/\/dicodusport.fr\/blog\/author\/dicodusport\/"}]}},"_links":{"self":[{"href":"https:\/\/dicodusport.fr\/blog\/wp-json\/wp\/v2\/posts\/277698","targetHints":{"allow":["GET"]}}],"collection":[{"href":"https:\/\/dicodusport.fr\/blog\/wp-json\/wp\/v2\/posts"}],"about":[{"href":"https:\/\/dicodusport.fr\/blog\/wp-json\/wp\/v2\/types\/post"}],"author":[{"embeddable":true,"href":"https:\/\/dicodusport.fr\/blog\/wp-json\/wp\/v2\/users\/1"}],"replies":[{"embeddable":true,"href":"https:\/\/dicodusport.fr\/blog\/wp-json\/wp\/v2\/comments?post=277698"}],"version-history":[{"count":0,"href":"https:\/\/dicodusport.fr\/blog\/wp-json\/wp\/v2\/posts\/277698\/revisions"}],"wp:featuredmedia":[{"embeddable":true,"href":"https:\/\/dicodusport.fr\/blog\/wp-json\/wp\/v2\/media\/277700"}],"wp:attachment":[{"href":"https:\/\/dicodusport.fr\/blog\/wp-json\/wp\/v2\/media?parent=277698"}],"wp:term":[{"taxonomy":"category","embeddable":true,"href":"https:\/\/dicodusport.fr\/blog\/wp-json\/wp\/v2\/categories?post=277698"},{"taxonomy":"post_tag","embeddable":true,"href":"https:\/\/dicodusport.fr\/blog\/wp-json\/wp\/v2\/tags?post=277698"}],"curies":[{"name":"wp","href":"https:\/\/api.w.org\/{rel}","templated":true}]}}