{"id":277699,"date":"2022-11-11T12:53:15","date_gmt":"2022-11-11T11:53:15","guid":{"rendered":"https:\/\/dicodusport.fr\/blog\/?p=277699"},"modified":"2022-11-11T15:23:10","modified_gmt":"2022-11-11T14:23:10","slug":"mondiaux-de-tennis-de-table-adapte-lea-ferney-championne-du-monde","status":"publish","type":"post","link":"https:\/\/dicodusport.fr\/blog\/mondiaux-de-tennis-de-table-adapte-lea-ferney-championne-du-monde\/","title":{"rendered":"Mondiaux de tennis de table adapt\u00e9 : L\u00e9a Ferney championne du monde"},"content":{"rendered":"<p style=\"text-align: justify;\"><strong><em>CHAMPIONNATS DU MONDE DE TENNIS DE TABLE ADAPTE &#8211; Organis\u00e9s en ce moment en Andalousie, les Mondiaux de para tennis de table battent leur plein. Apr\u00e8s une m\u00e9daille d&rsquo;argent, L\u00e9a Ferney apporte le premier titre mondial de la d\u00e9l\u00e9gation fran\u00e7aise en remportant le tournoi de simple.<\/em><\/strong><\/p>\n<h2 style=\"text-align: justify;\">Premier grand titre individuel<\/h2>\n<p style=\"text-align: justify;\">M\u00e9daill\u00e9e de bronze aux championnats d&rsquo;Europe en 2019, <strong>L\u00e9a Ferney<\/strong> \u00e9tait la plus jeune m\u00e9daill\u00e9e de la d\u00e9l\u00e9gation fran\u00e7aise \u00e0 Tokyo. <a href=\"https:\/\/dicodusport.fr\/blog\/jeux-paralympiques-de-tokyo-tennis-de-table-lea-ferney-vice-championne-paralympique\/\">Vice-championne paralympique en titre<\/a>, la native de Carpentras est cette fois sur le toit du monde. En lice en Classe 11 (d\u00e9ficience intellectuelle), la jeune Fran\u00e7aise de 18 ans s&rsquo;\u00e9tait d\u00e9j\u00e0 hiss\u00e9e en finale en double avec <strong>Anne Divet<\/strong> en d\u00e9but de semaine. Bien que la d\u00e9faite en finale fut s\u00e9v\u00e8re, 3 sets \u00e0 0 contre les Hongkongaises, la licenci\u00e9e au club de Dijon a su rebondir en simple. Exempt\u00e9e de premier tour, <strong>L\u00e9a Ferney<\/strong> a d\u00fb faire face \u00e0 une armada japonaise pour remporter ce titre.<\/p>\n<p style=\"text-align: justify;\">D&rsquo;abord en huiti\u00e8me contre <strong>Kanami Furukawa<\/strong>, elle l\u00e2che le seul set de toute sa comp\u00e9tition mais s&rsquo;impose sans grande difficult\u00e9, 3 \u00e0 1. Match crucial, en cas de victoire en quarts de finale, la m\u00e9daille est assur\u00e9e dans tous les cas. Oppos\u00e9e \u00e0 <strong>Sayuri Mio<\/strong>, Ferney est exp\u00e9ditive. Victorieuse du premier set 11-3, elle aura \u00e9t\u00e9 bien plus g\u00ean\u00e9e en seconde manche qu&rsquo;elle remporte 13-11. Un dernier set gagn\u00e9 11-8 et une demi-finale contre une troisi\u00e8me Japonaise.<\/p>\n<p style=\"text-align: justify;\">Plus les matchs passent, moins Ferney passe de temps sur la table. En seulement 16 minutes et 27 secondes, elle se d\u00e9fait de <strong>Maki Ito<\/strong> en 3 sets secs 11-3 \/ 11-7 \/ 11-4 pour rallier la grande finale. Un an apr\u00e8s celle de Tokyo, c&rsquo;est sa deuxi\u00e8me finale au haut niveau international. Oui mais voil\u00e0, une finale, \u00e7a se gagne. Contre la Polonaise <strong>Krystyna Lysiak<\/strong>, un des plus gros palmar\u00e8s du tennis de table adapt\u00e9, pr\u00e9sente sur le circuit depuis plus de deux d\u00e9cennies, le combat s&rsquo;annon\u00e7ait rude. Et finalement, non. Hallucinante d&rsquo;efficacit\u00e9, la Fran\u00e7aise n&rsquo;a pas de temps \u00e0 perdre et exp\u00e9die son adversaire en 3 sets, tuant tout suspense, 11-6 \/ 11-8 \/ 11-7 en&#8230; 15 minutes 32 !<\/p>\n<blockquote class=\"twitter-tweet\">\n<p dir=\"ltr\" lang=\"en\">LEA FERNEY &#x1f1eb;&#x1f1f7; FIRST GOLD IN SINGLES &#x1f947;<\/p>\n<p>Congratulations, Lea ! <a href=\"https:\/\/t.co\/mwcgMliTpZ\">pic.twitter.com\/mwcgMliTpZ<\/a><\/p>\n<p>\u2014 AndaluciaWPTTC22 (@andaluciawptt22) <a href=\"https:\/\/twitter.com\/andaluciawptt22\/status\/1591027205781753856?ref_src=twsrc%5Etfw\">November 11, 2022<\/a><\/p><\/blockquote>\n<p><script async src=\"https:\/\/platform.twitter.com\/widgets.js\" charset=\"utf-8\"><\/script><\/p>\n","protected":false},"excerpt":{"rendered":"<p>CHAMPIONNATS DU MONDE DE TENNIS DE TABLE ADAPTE &#8211; Organis\u00e9s en ce moment en Andalousie, les Mondiaux de para tennis de table battent leur plein. Apr\u00e8s une m\u00e9daille d&rsquo;argent, L\u00e9a Ferney apporte le premier titre mondial de la d\u00e9l\u00e9gation fran\u00e7aise en remportant le tournoi de simple.<\/p>\n","protected":false},"author":43,"featured_media":277738,"comment_status":"open","ping_status":"closed","sticky":false,"template":"","format":"standard","meta":{"_acf_changed":false,"_daextam_enable_autolinks":"","footnotes":""},"categories":[5753,9663],"tags":[20493,19133,24],"class_list":["post-277699","post","type-post","status-publish","format-standard","has-post-thumbnail","hentry","category-handisport","category-tennis-de-table","tag-championnats-du-monde-de-tennis-de-table","tag-para-tennis-de-table","tag-sport"],"acf":[],"yoast_head":"<!-- This site is optimized with the Yoast SEO Premium plugin v26.7 (Yoast SEO v26.7) - https:\/\/yoast.com\/wordpress\/plugins\/seo\/ -->\n<title>Mondiaux de tennis de table adapt\u00e9 : L\u00e9a Ferney championne du monde<\/title>\n<meta name=\"description\" content=\"Incroyable L\u00e9a Ferney qui remporte son premier titre mondial de tennis de table, en \u00e9crasant la comp\u00e9tition du d\u00e9but \u00e0 la fin.\" \/>\n<meta name=\"robots\" content=\"index, follow, max-snippet:-1, max-image-preview:large, max-video-preview:-1\" \/>\n<link rel=\"canonical\" href=\"https:\/\/dicodusport.fr\/blog\/mondiaux-de-tennis-de-table-adapte-lea-ferney-championne-du-monde\/\" \/>\n<meta property=\"og:locale\" content=\"fr_FR\" \/>\n<meta property=\"og:type\" content=\"article\" \/>\n<meta property=\"og:title\" content=\"Mondiaux de tennis de table adapt\u00e9 : L\u00e9a Ferney championne du monde\" \/>\n<meta property=\"og:description\" content=\"Incroyable L\u00e9a Ferney qui remporte son premier titre mondial de tennis de table, en \u00e9crasant la comp\u00e9tition du d\u00e9but \u00e0 la fin.\" \/>\n<meta property=\"og:url\" content=\"https:\/\/dicodusport.fr\/blog\/mondiaux-de-tennis-de-table-adapte-lea-ferney-championne-du-monde\/\" \/>\n<meta property=\"og:site_name\" content=\"Dicodusport\" \/>\n<meta property=\"article:publisher\" content=\"https:\/\/www.facebook.com\/dicodusport\" \/>\n<meta property=\"article:author\" content=\"https:\/\/www.facebook.com\/Max.Bld2\/\" \/>\n<meta property=\"article:published_time\" content=\"2022-11-11T11:53:15+00:00\" \/>\n<meta property=\"article:modified_time\" content=\"2022-11-11T14:23:10+00:00\" \/>\n<meta property=\"og:image\" content=\"https:\/\/dicodusport.fr\/blog\/wp-content\/uploads\/2022\/11\/Mondiaux-de-tennis-de-table-adapte-Lea-Ferney-championne-du-monde.png\" \/>\n\t<meta property=\"og:image:width\" content=\"800\" \/>\n\t<meta property=\"og:image:height\" content=\"445\" \/>\n\t<meta property=\"og:image:type\" content=\"image\/png\" \/>\n<meta name=\"author\" content=\"Maxime Boulard\" \/>\n<meta name=\"twitter:card\" content=\"summary_large_image\" \/>\n<meta name=\"twitter:title\" content=\"Mondiaux de tennis de table adapt\u00e9 : L\u00e9a Ferney championne du monde\" \/>\n<meta name=\"twitter:creator\" content=\"@https:\/\/twitter.com\/MaximeB_2\" \/>\n<meta name=\"twitter:site\" content=\"@dicodusport\" \/>\n<script type=\"application\/ld+json\" class=\"yoast-schema-graph\">{\"@context\":\"https:\/\/schema.org\",\"@graph\":[{\"@type\":\"NewsArticle\",\"@id\":\"https:\/\/dicodusport.fr\/blog\/mondiaux-de-tennis-de-table-adapte-lea-ferney-championne-du-monde\/#article\",\"isPartOf\":{\"@id\":\"https:\/\/dicodusport.fr\/blog\/mondiaux-de-tennis-de-table-adapte-lea-ferney-championne-du-monde\/\"},\"author\":{\"name\":\"Maxime Boulard\",\"@id\":\"https:\/\/dicodusport.fr\/blog\/#\/schema\/person\/5aab10ee856e86ac63e9819a9da34784\"},\"headline\":\"Mondiaux de tennis de table adapt\u00e9 : L\u00e9a Ferney championne du monde\",\"datePublished\":\"2022-11-11T11:53:15+00:00\",\"dateModified\":\"2022-11-11T14:23:10+00:00\",\"mainEntityOfPage\":{\"@id\":\"https:\/\/dicodusport.fr\/blog\/mondiaux-de-tennis-de-table-adapte-lea-ferney-championne-du-monde\/\"},\"wordCount\":423,\"commentCount\":3,\"publisher\":{\"@id\":\"https:\/\/dicodusport.fr\/blog\/#organization\"},\"image\":{\"@id\":\"https:\/\/dicodusport.fr\/blog\/mondiaux-de-tennis-de-table-adapte-lea-ferney-championne-du-monde\/#primaryimage\"},\"thumbnailUrl\":\"https:\/\/dicodusport.fr\/blog\/wp-content\/uploads\/2022\/11\/Mondiaux-de-tennis-de-table-adapte-Lea-Ferney-championne-du-monde.png\",\"keywords\":[\"championnats du monde de tennis de table\",\"Para tennis de table\",\"sport\"],\"articleSection\":[\"Handisport\",\"Tennis de table\"],\"inLanguage\":\"fr-FR\",\"potentialAction\":[{\"@type\":\"CommentAction\",\"name\":\"Comment\",\"target\":[\"https:\/\/dicodusport.fr\/blog\/mondiaux-de-tennis-de-table-adapte-lea-ferney-championne-du-monde\/#respond\"]}],\"copyrightYear\":\"2022\",\"copyrightHolder\":{\"@id\":\"https:\/\/dicodusport.fr\/blog\/#organization\"}},{\"@type\":\"WebPage\",\"@id\":\"https:\/\/dicodusport.fr\/blog\/mondiaux-de-tennis-de-table-adapte-lea-ferney-championne-du-monde\/\",\"url\":\"https:\/\/dicodusport.fr\/blog\/mondiaux-de-tennis-de-table-adapte-lea-ferney-championne-du-monde\/\",\"name\":\"Mondiaux de tennis de table adapt\u00e9 : L\u00e9a Ferney championne du monde\",\"isPartOf\":{\"@id\":\"https:\/\/dicodusport.fr\/blog\/#website\"},\"primaryImageOfPage\":{\"@id\":\"https:\/\/dicodusport.fr\/blog\/mondiaux-de-tennis-de-table-adapte-lea-ferney-championne-du-monde\/#primaryimage\"},\"image\":{\"@id\":\"https:\/\/dicodusport.fr\/blog\/mondiaux-de-tennis-de-table-adapte-lea-ferney-championne-du-monde\/#primaryimage\"},\"thumbnailUrl\":\"https:\/\/dicodusport.fr\/blog\/wp-content\/uploads\/2022\/11\/Mondiaux-de-tennis-de-table-adapte-Lea-Ferney-championne-du-monde.png\",\"datePublished\":\"2022-11-11T11:53:15+00:00\",\"dateModified\":\"2022-11-11T14:23:10+00:00\",\"description\":\"Incroyable L\u00e9a Ferney qui remporte son premier titre mondial de tennis de table, en \u00e9crasant la comp\u00e9tition du d\u00e9but \u00e0 la fin.\",\"breadcrumb\":{\"@id\":\"https:\/\/dicodusport.fr\/blog\/mondiaux-de-tennis-de-table-adapte-lea-ferney-championne-du-monde\/#breadcrumb\"},\"inLanguage\":\"fr-FR\",\"potentialAction\":[{\"@type\":\"ReadAction\",\"target\":[\"https:\/\/dicodusport.fr\/blog\/mondiaux-de-tennis-de-table-adapte-lea-ferney-championne-du-monde\/\"]}]},{\"@type\":\"ImageObject\",\"inLanguage\":\"fr-FR\",\"@id\":\"https:\/\/dicodusport.fr\/blog\/mondiaux-de-tennis-de-table-adapte-lea-ferney-championne-du-monde\/#primaryimage\",\"url\":\"https:\/\/dicodusport.fr\/blog\/wp-content\/uploads\/2022\/11\/Mondiaux-de-tennis-de-table-adapte-Lea-Ferney-championne-du-monde.png\",\"contentUrl\":\"https:\/\/dicodusport.fr\/blog\/wp-content\/uploads\/2022\/11\/Mondiaux-de-tennis-de-table-adapte-Lea-Ferney-championne-du-monde.png\",\"width\":800,\"height\":445,\"caption\":\"Mondiaux de tennis de table adapt\u00e9 L\u00e9a Ferney championne du monde\"},{\"@type\":\"BreadcrumbList\",\"@id\":\"https:\/\/dicodusport.fr\/blog\/mondiaux-de-tennis-de-table-adapte-lea-ferney-championne-du-monde\/#breadcrumb\",\"itemListElement\":[{\"@type\":\"ListItem\",\"position\":1,\"name\":\"Accueil\",\"item\":\"https:\/\/dicodusport.fr\/blog\/\"},{\"@type\":\"ListItem\",\"position\":2,\"name\":\"Mondiaux de tennis de table adapt\u00e9 : L\u00e9a Ferney championne du monde\"}]},{\"@type\":\"WebSite\",\"@id\":\"https:\/\/dicodusport.fr\/blog\/#website\",\"url\":\"https:\/\/dicodusport.fr\/blog\/\",\"name\":\"Dicodusport\",\"description\":\"L&#039;encyclop\u00e9die de l&#039;actualit\u00e9 sportive\",\"publisher\":{\"@id\":\"https:\/\/dicodusport.fr\/blog\/#organization\"},\"potentialAction\":[{\"@type\":\"SearchAction\",\"target\":{\"@type\":\"EntryPoint\",\"urlTemplate\":\"https:\/\/dicodusport.fr\/blog\/?s={search_term_string}\"},\"query-input\":{\"@type\":\"PropertyValueSpecification\",\"valueRequired\":true,\"valueName\":\"search_term_string\"}}],\"inLanguage\":\"fr-FR\"},{\"@type\":\"NewsMediaOrganization\",\"@id\":\"https:\/\/dicodusport.fr\/blog\/#organization\",\"name\":\"Dicodusport\",\"url\":\"https:\/\/dicodusport.fr\/blog\/\",\"logo\":{\"@type\":\"ImageObject\",\"inLanguage\":\"fr-FR\",\"@id\":\"https:\/\/dicodusport.fr\/blog\/#\/schema\/logo\/image\/\",\"url\":\"https:\/\/dicodusport.fr\/blog\/wp-content\/uploads\/2020\/06\/cropped-LOGO-DICODUSPORT-2020-SANS-FOND-SANS-TEXTE.png\",\"contentUrl\":\"https:\/\/dicodusport.fr\/blog\/wp-content\/uploads\/2020\/06\/cropped-LOGO-DICODUSPORT-2020-SANS-FOND-SANS-TEXTE.png\",\"width\":512,\"height\":512,\"caption\":\"Dicodusport\"},\"image\":{\"@id\":\"https:\/\/dicodusport.fr\/blog\/#\/schema\/logo\/image\/\"},\"sameAs\":[\"https:\/\/www.facebook.com\/dicodusport\",\"https:\/\/x.com\/dicodusport\",\"https:\/\/www.instagram.com\/dicodusport\/\",\"https:\/\/www.youtube.com\/channel\/UC7V2KZ5sd3htJivAbA4ZG3w\"],\"description\":\"Dicodusport est l'encyclop\u00e9die de l'actualit\u00e9 sportive.\",\"email\":\"bonjour@dicodusport.fr\",\"legalName\":\"DICODUSPORT\",\"foundingDate\":\"2018-01-14\",\"vatID\":\"FR71834470973\",\"taxID\":\"83447097300043\",\"numberOfEmployees\":{\"@type\":\"QuantitativeValue\",\"minValue\":\"1\",\"maxValue\":\"10\"}},{\"@type\":\"Person\",\"@id\":\"https:\/\/dicodusport.fr\/blog\/#\/schema\/person\/5aab10ee856e86ac63e9819a9da34784\",\"name\":\"Maxime Boulard\",\"image\":{\"@type\":\"ImageObject\",\"inLanguage\":\"fr-FR\",\"@id\":\"https:\/\/dicodusport.fr\/blog\/#\/schema\/person\/image\/\",\"url\":\"https:\/\/dicodusport.fr\/blog\/wp-content\/uploads\/2021\/05\/Maxime-Boulard-150x150.jpg\",\"contentUrl\":\"https:\/\/dicodusport.fr\/blog\/wp-content\/uploads\/2021\/05\/Maxime-Boulard-150x150.jpg\",\"caption\":\"Maxime Boulard\"},\"description\":\"Journaliste\/r\u00e9dacteur depuis octobre 2020 - Si mon plus vieux souvenir de sport aurait pu m'en d\u00e9go\u00fbter, la finale de la Coupe du monde 2006 a \u00e9t\u00e9 tout le contraire. V\u00e9ritable d\u00e9clencheur d'une passion qui aujourd'hui ne fait que grandir avec le temps, mon leitmotiv est la France qui brille ! Je relate les exploits pass\u00e9s et pr\u00e9sents du sport bleu-blanc-rouge sans m\u00e9nagement depuis octobre 2020. Sport valide ou handisport, aucune diff\u00e9rence, il n'y a que du sport et plusieurs fa\u00e7ons de le pratiquer.\",\"sameAs\":[\"https:\/\/www.facebook.com\/Max.Bld2\/\",\"https:\/\/x.com\/https:\/\/twitter.com\/MaximeB_2\"],\"url\":\"https:\/\/dicodusport.fr\/blog\/author\/maxime-b\/\"}]}<\/script>\n<!-- \/ Yoast SEO Premium plugin. -->","yoast_head_json":{"title":"Mondiaux de tennis de table adapt\u00e9 : L\u00e9a Ferney championne du monde","description":"Incroyable L\u00e9a Ferney qui remporte son premier titre mondial de tennis de table, en \u00e9crasant la comp\u00e9tition du d\u00e9but \u00e0 la fin.","robots":{"index":"index","follow":"follow","max-snippet":"max-snippet:-1","max-image-preview":"max-image-preview:large","max-video-preview":"max-video-preview:-1"},"canonical":"https:\/\/dicodusport.fr\/blog\/mondiaux-de-tennis-de-table-adapte-lea-ferney-championne-du-monde\/","og_locale":"fr_FR","og_type":"article","og_title":"Mondiaux de tennis de table adapt\u00e9 : L\u00e9a Ferney championne du monde","og_description":"Incroyable L\u00e9a Ferney qui remporte son premier titre mondial de tennis de table, en \u00e9crasant la comp\u00e9tition du d\u00e9but \u00e0 la fin.","og_url":"https:\/\/dicodusport.fr\/blog\/mondiaux-de-tennis-de-table-adapte-lea-ferney-championne-du-monde\/","og_site_name":"Dicodusport","article_publisher":"https:\/\/www.facebook.com\/dicodusport","article_author":"https:\/\/www.facebook.com\/Max.Bld2\/","article_published_time":"2022-11-11T11:53:15+00:00","article_modified_time":"2022-11-11T14:23:10+00:00","og_image":[{"width":800,"height":445,"url":"https:\/\/dicodusport.fr\/blog\/wp-content\/uploads\/2022\/11\/Mondiaux-de-tennis-de-table-adapte-Lea-Ferney-championne-du-monde.png","type":"image\/png"}],"author":"Maxime Boulard","twitter_card":"summary_large_image","twitter_title":"Mondiaux de tennis de table adapt\u00e9 : L\u00e9a Ferney championne du monde","twitter_creator":"@https:\/\/twitter.com\/MaximeB_2","twitter_site":"@dicodusport","schema":{"@context":"https:\/\/schema.org","@graph":[{"@type":"NewsArticle","@id":"https:\/\/dicodusport.fr\/blog\/mondiaux-de-tennis-de-table-adapte-lea-ferney-championne-du-monde\/#article","isPartOf":{"@id":"https:\/\/dicodusport.fr\/blog\/mondiaux-de-tennis-de-table-adapte-lea-ferney-championne-du-monde\/"},"author":{"name":"Maxime Boulard","@id":"https:\/\/dicodusport.fr\/blog\/#\/schema\/person\/5aab10ee856e86ac63e9819a9da34784"},"headline":"Mondiaux de tennis de table adapt\u00e9 : L\u00e9a Ferney championne du monde","datePublished":"2022-11-11T11:53:15+00:00","dateModified":"2022-11-11T14:23:10+00:00","mainEntityOfPage":{"@id":"https:\/\/dicodusport.fr\/blog\/mondiaux-de-tennis-de-table-adapte-lea-ferney-championne-du-monde\/"},"wordCount":423,"commentCount":3,"publisher":{"@id":"https:\/\/dicodusport.fr\/blog\/#organization"},"image":{"@id":"https:\/\/dicodusport.fr\/blog\/mondiaux-de-tennis-de-table-adapte-lea-ferney-championne-du-monde\/#primaryimage"},"thumbnailUrl":"https:\/\/dicodusport.fr\/blog\/wp-content\/uploads\/2022\/11\/Mondiaux-de-tennis-de-table-adapte-Lea-Ferney-championne-du-monde.png","keywords":["championnats du monde de tennis de table","Para tennis de table","sport"],"articleSection":["Handisport","Tennis de table"],"inLanguage":"fr-FR","potentialAction":[{"@type":"CommentAction","name":"Comment","target":["https:\/\/dicodusport.fr\/blog\/mondiaux-de-tennis-de-table-adapte-lea-ferney-championne-du-monde\/#respond"]}],"copyrightYear":"2022","copyrightHolder":{"@id":"https:\/\/dicodusport.fr\/blog\/#organization"}},{"@type":"WebPage","@id":"https:\/\/dicodusport.fr\/blog\/mondiaux-de-tennis-de-table-adapte-lea-ferney-championne-du-monde\/","url":"https:\/\/dicodusport.fr\/blog\/mondiaux-de-tennis-de-table-adapte-lea-ferney-championne-du-monde\/","name":"Mondiaux de tennis de table adapt\u00e9 : L\u00e9a Ferney championne du monde","isPartOf":{"@id":"https:\/\/dicodusport.fr\/blog\/#website"},"primaryImageOfPage":{"@id":"https:\/\/dicodusport.fr\/blog\/mondiaux-de-tennis-de-table-adapte-lea-ferney-championne-du-monde\/#primaryimage"},"image":{"@id":"https:\/\/dicodusport.fr\/blog\/mondiaux-de-tennis-de-table-adapte-lea-ferney-championne-du-monde\/#primaryimage"},"thumbnailUrl":"https:\/\/dicodusport.fr\/blog\/wp-content\/uploads\/2022\/11\/Mondiaux-de-tennis-de-table-adapte-Lea-Ferney-championne-du-monde.png","datePublished":"2022-11-11T11:53:15+00:00","dateModified":"2022-11-11T14:23:10+00:00","description":"Incroyable L\u00e9a Ferney qui remporte son premier titre mondial de tennis de table, en \u00e9crasant la comp\u00e9tition du d\u00e9but \u00e0 la fin.","breadcrumb":{"@id":"https:\/\/dicodusport.fr\/blog\/mondiaux-de-tennis-de-table-adapte-lea-ferney-championne-du-monde\/#breadcrumb"},"inLanguage":"fr-FR","potentialAction":[{"@type":"ReadAction","target":["https:\/\/dicodusport.fr\/blog\/mondiaux-de-tennis-de-table-adapte-lea-ferney-championne-du-monde\/"]}]},{"@type":"ImageObject","inLanguage":"fr-FR","@id":"https:\/\/dicodusport.fr\/blog\/mondiaux-de-tennis-de-table-adapte-lea-ferney-championne-du-monde\/#primaryimage","url":"https:\/\/dicodusport.fr\/blog\/wp-content\/uploads\/2022\/11\/Mondiaux-de-tennis-de-table-adapte-Lea-Ferney-championne-du-monde.png","contentUrl":"https:\/\/dicodusport.fr\/blog\/wp-content\/uploads\/2022\/11\/Mondiaux-de-tennis-de-table-adapte-Lea-Ferney-championne-du-monde.png","width":800,"height":445,"caption":"Mondiaux de tennis de table adapt\u00e9 L\u00e9a Ferney championne du monde"},{"@type":"BreadcrumbList","@id":"https:\/\/dicodusport.fr\/blog\/mondiaux-de-tennis-de-table-adapte-lea-ferney-championne-du-monde\/#breadcrumb","itemListElement":[{"@type":"ListItem","position":1,"name":"Accueil","item":"https:\/\/dicodusport.fr\/blog\/"},{"@type":"ListItem","position":2,"name":"Mondiaux de tennis de table adapt\u00e9 : L\u00e9a Ferney championne du monde"}]},{"@type":"WebSite","@id":"https:\/\/dicodusport.fr\/blog\/#website","url":"https:\/\/dicodusport.fr\/blog\/","name":"Dicodusport","description":"L&#039;encyclop\u00e9die de l&#039;actualit\u00e9 sportive","publisher":{"@id":"https:\/\/dicodusport.fr\/blog\/#organization"},"potentialAction":[{"@type":"SearchAction","target":{"@type":"EntryPoint","urlTemplate":"https:\/\/dicodusport.fr\/blog\/?s={search_term_string}"},"query-input":{"@type":"PropertyValueSpecification","valueRequired":true,"valueName":"search_term_string"}}],"inLanguage":"fr-FR"},{"@type":"NewsMediaOrganization","@id":"https:\/\/dicodusport.fr\/blog\/#organization","name":"Dicodusport","url":"https:\/\/dicodusport.fr\/blog\/","logo":{"@type":"ImageObject","inLanguage":"fr-FR","@id":"https:\/\/dicodusport.fr\/blog\/#\/schema\/logo\/image\/","url":"https:\/\/dicodusport.fr\/blog\/wp-content\/uploads\/2020\/06\/cropped-LOGO-DICODUSPORT-2020-SANS-FOND-SANS-TEXTE.png","contentUrl":"https:\/\/dicodusport.fr\/blog\/wp-content\/uploads\/2020\/06\/cropped-LOGO-DICODUSPORT-2020-SANS-FOND-SANS-TEXTE.png","width":512,"height":512,"caption":"Dicodusport"},"image":{"@id":"https:\/\/dicodusport.fr\/blog\/#\/schema\/logo\/image\/"},"sameAs":["https:\/\/www.facebook.com\/dicodusport","https:\/\/x.com\/dicodusport","https:\/\/www.instagram.com\/dicodusport\/","https:\/\/www.youtube.com\/channel\/UC7V2KZ5sd3htJivAbA4ZG3w"],"description":"Dicodusport est l'encyclop\u00e9die de l'actualit\u00e9 sportive.","email":"bonjour@dicodusport.fr","legalName":"DICODUSPORT","foundingDate":"2018-01-14","vatID":"FR71834470973","taxID":"83447097300043","numberOfEmployees":{"@type":"QuantitativeValue","minValue":"1","maxValue":"10"}},{"@type":"Person","@id":"https:\/\/dicodusport.fr\/blog\/#\/schema\/person\/5aab10ee856e86ac63e9819a9da34784","name":"Maxime Boulard","image":{"@type":"ImageObject","inLanguage":"fr-FR","@id":"https:\/\/dicodusport.fr\/blog\/#\/schema\/person\/image\/","url":"https:\/\/dicodusport.fr\/blog\/wp-content\/uploads\/2021\/05\/Maxime-Boulard-150x150.jpg","contentUrl":"https:\/\/dicodusport.fr\/blog\/wp-content\/uploads\/2021\/05\/Maxime-Boulard-150x150.jpg","caption":"Maxime Boulard"},"description":"Journaliste\/r\u00e9dacteur depuis octobre 2020 - Si mon plus vieux souvenir de sport aurait pu m'en d\u00e9go\u00fbter, la finale de la Coupe du monde 2006 a \u00e9t\u00e9 tout le contraire. V\u00e9ritable d\u00e9clencheur d'une passion qui aujourd'hui ne fait que grandir avec le temps, mon leitmotiv est la France qui brille ! Je relate les exploits pass\u00e9s et pr\u00e9sents du sport bleu-blanc-rouge sans m\u00e9nagement depuis octobre 2020. Sport valide ou handisport, aucune diff\u00e9rence, il n'y a que du sport et plusieurs fa\u00e7ons de le pratiquer.","sameAs":["https:\/\/www.facebook.com\/Max.Bld2\/","https:\/\/x.com\/https:\/\/twitter.com\/MaximeB_2"],"url":"https:\/\/dicodusport.fr\/blog\/author\/maxime-b\/"}]}},"_links":{"self":[{"href":"https:\/\/dicodusport.fr\/blog\/wp-json\/wp\/v2\/posts\/277699","targetHints":{"allow":["GET"]}}],"collection":[{"href":"https:\/\/dicodusport.fr\/blog\/wp-json\/wp\/v2\/posts"}],"about":[{"href":"https:\/\/dicodusport.fr\/blog\/wp-json\/wp\/v2\/types\/post"}],"author":[{"embeddable":true,"href":"https:\/\/dicodusport.fr\/blog\/wp-json\/wp\/v2\/users\/43"}],"replies":[{"embeddable":true,"href":"https:\/\/dicodusport.fr\/blog\/wp-json\/wp\/v2\/comments?post=277699"}],"version-history":[{"count":0,"href":"https:\/\/dicodusport.fr\/blog\/wp-json\/wp\/v2\/posts\/277699\/revisions"}],"wp:featuredmedia":[{"embeddable":true,"href":"https:\/\/dicodusport.fr\/blog\/wp-json\/wp\/v2\/media\/277738"}],"wp:attachment":[{"href":"https:\/\/dicodusport.fr\/blog\/wp-json\/wp\/v2\/media?parent=277699"}],"wp:term":[{"taxonomy":"category","embeddable":true,"href":"https:\/\/dicodusport.fr\/blog\/wp-json\/wp\/v2\/categories?post=277699"},{"taxonomy":"post_tag","embeddable":true,"href":"https:\/\/dicodusport.fr\/blog\/wp-json\/wp\/v2\/tags?post=277699"}],"curies":[{"name":"wp","href":"https:\/\/api.w.org\/{rel}","templated":true}]}}