{"id":278084,"date":"2022-11-12T11:09:21","date_gmt":"2022-11-12T10:09:21","guid":{"rendered":"https:\/\/dicodusport.fr\/blog\/?p=278084&#038;preview=true&#038;preview_id=278084"},"modified":"2022-11-12T16:56:01","modified_gmt":"2022-11-12T15:56:01","slug":"biathlon-pre-saison-idre-fabien-claude-simpose-dentree-de-jeu","status":"publish","type":"post","link":"https:\/\/dicodusport.fr\/blog\/biathlon-pre-saison-idre-fabien-claude-simpose-dentree-de-jeu\/","title":{"rendered":"Biathlon Pr\u00e9-saison Idre : Fabien Claude s&rsquo;impose sur l&rsquo;individuel court"},"content":{"rendered":"<p style=\"text-align: justify;\"><strong><em>BIATHLON 2022-2023 &#8211; C&rsquo;est \u00e0 Idre Fj\u00e4ll que se d\u00e9roulait la rentr\u00e9e du biathlon pour un individuel court dans le cadre de la pr\u00e9saison. Et les Bleus sont d\u00e9j\u00e0 en forme, puisque c&rsquo;est Fabien Claude qui, malgr\u00e9 trois fautes au tir, a vol\u00e9 sur la piste pour remporter la course.\u00a0<\/em><\/strong><\/p>\n<p style=\"text-align: justify;\">S&rsquo;il faudra attendre encore quelques semaines pour le d\u00e9but officiel de la Coupe du monde, c&rsquo;\u00e9tait tout de m\u00eame l&rsquo;heure de la rentr\u00e9e pour le biathlon. Les Bleus, bien \u00e9videmment men\u00e9s par <strong>Quentin Fillon Maillet<\/strong>, avaient fait le d\u00e9placement en Su\u00e8de, \u00e0 Idre Fj\u00e4ll, Premier arr\u00eat, un individuel raccourci \u00e0 15 km, avec cette fois 45 secondes ajout\u00e9es par faute au tir, contre 1 minute habituellement.<\/p>\n<h2 style=\"text-align: justify;\">Fabien Claude le plus rapide, et de loin<\/h2>\n<p style=\"text-align: justify;\">Le vent \u00e9tait bien pr\u00e9sent sur le parcours, mais pas la neige. Les Fran\u00e7ais ont subi comme les autres ces conditions, et \u00e0 mi-parcours, seul <strong>\u00c9ric Perrot<\/strong> tenait la baraque avec une seule faute et une cinqui\u00e8me place provisoire. <strong>Fabien Claude<\/strong> et <strong>Quentin Fillon Maillet<\/strong> figuraient dans le top dix provisoire avec deux erreurs, alors que c&rsquo;\u00e9tait plus compliqu\u00e9 pour <strong>\u00c9milien Jacquelin<\/strong> et surtout<strong> \u00c9milien Claude<\/strong> (4 fautes \u00e0 ce moment-l\u00e0).<\/p>\n<p style=\"text-align: justify;\">\u00c0 domicile, les Su\u00e9dois \u00e9taient pr\u00e9sents en nombre, et c&rsquo;est <strong>Henning Sj\u00f6kvist<\/strong> qui a sign\u00e9 le premier sans-faute de la course et pris la t\u00eate. Mais les leaders, <strong>Sebastian Samuelsson<\/strong> en t\u00eate, \u00e9taient quelque peu en retrait. Un sans-faute au troisi\u00e8me tir a replac\u00e9 QFM en cinqui\u00e8me place apr\u00e8s le troisi\u00e8me tir, juste devant <strong>\u00c9ric Perrot<\/strong>.<\/p>\n<blockquote class=\"twitter-tweet\">\n<p dir=\"ltr\" lang=\"fr\">&#x1f3af; 13\/15 pour Quentin Fillon Maillet, cinqui\u00e8me apr\u00e8s le troisi\u00e8me tir, juste devant \u00c9ric Perrot. <a href=\"https:\/\/twitter.com\/hashtag\/lequipeBIATHLON?src=hash&amp;ref_src=twsrc%5Etfw\">#lequipeBIATHLON<\/a> <a href=\"https:\/\/t.co\/XzbPzCBR7u\">pic.twitter.com\/XzbPzCBR7u<\/a><\/p>\n<p>\u2014 la chaine L&rsquo;\u00c9quipe (@lachainelequipe) <a href=\"https:\/\/twitter.com\/lachainelequipe\/status\/1591369602805551107?ref_src=twsrc%5Etfw\">November 12, 2022<\/a><\/p><\/blockquote>\n<p style=\"text-align: justify;\"><script async src=\"https:\/\/platform.twitter.com\/widgets.js\" charset=\"utf-8\"><\/script><\/p>\n<p style=\"text-align: justify;\">Avec un dernier 5\/5, <strong>Fabien Claude<\/strong> est ressorti bien plac\u00e9 apr\u00e8s le dernier tir. La m\u00eame pour <strong>\u00c9milien Jacquelin<\/strong>, qui avait toutefois plus de retard. <strong>Quentin Fillon Maillet<\/strong>, lui, a abandonn\u00e9 toutes ses illusions en sortant ses deux derni\u00e8res balles. Au finish, <strong>Fabien Claude<\/strong> donne tout et devance finalement son rival su\u00e9dois de presque trois secondes. Il aura repris plus de 20 secondes dans le dernier tour, et remporte l&rsquo;individuel d&rsquo;Idre Fj\u00e4ll !<\/p>\n<blockquote class=\"twitter-tweet\">\n<p dir=\"ltr\" lang=\"fr\">Avec un 17\/20, Fabien Claude prend prend la t\u00eate pour moins de trois secondes ! <a href=\"https:\/\/twitter.com\/hashtag\/lequipeBIATHLON?src=hash&amp;ref_src=twsrc%5Etfw\">#lequipeBIATHLON<\/a> <a href=\"https:\/\/t.co\/e3KUvgnEho\">pic.twitter.com\/e3KUvgnEho<\/a><\/p>\n<p>\u2014 la chaine L&rsquo;\u00c9quipe (@lachainelequipe) <a href=\"https:\/\/twitter.com\/lachainelequipe\/status\/1591371959371464705?ref_src=twsrc%5Etfw\">November 12, 2022<\/a><\/p><\/blockquote>\n<p style=\"text-align: justify;\"><script async src=\"https:\/\/platform.twitter.com\/widgets.js\" charset=\"utf-8\"><\/script><\/p>\n<p style=\"text-align: justify;\">Le Tricolore devance donc <strong>Henning Sj\u00f6kvist<\/strong> et Sebastian Samuelsson, revenu du diable vauvert pour prendre la troisi\u00e8me place. Joli tir group\u00e9 fran\u00e7ais, puisque <strong>Quentin Fillon Maillet<\/strong> est septi\u00e8me, juste devant<strong> \u00c9ric Perrot<\/strong> et <strong>\u00c9milien Jacquelin<\/strong>. Qu&rsquo;on se le dise, les Bleus sont d\u00e9j\u00e0 en forme.<\/p>\n<h2 style=\"text-align: justify;\">\u00c0 lire aussi<\/h2>\n<ul>\n<li style=\"text-align: justify;\"><a href=\"https:\/\/dicodusport.fr\/blog\/biathlon-pre-saison-idre-classement-individuel-court-hommes\/\"><strong>Le classement de l&rsquo;individuel d&rsquo;Idre Fj\u00e4ll<\/strong><\/a><\/li>\n<li style=\"text-align: justify;\"><a href=\"https:\/\/dicodusport.fr\/blog\/biathlon-pre-saison-idre-programme-complet-et-resultats\/\"><strong>Programme complet et r\u00e9sultats de l&rsquo;\u00e9tape de pr\u00e9-saison d&rsquo;Idre Fjall<\/strong><\/a><\/li>\n<li style=\"text-align: justify;\"><strong><a href=\"https:\/\/dicodusport.fr\/blog\/biathlon-coupe-du-monde-2022-2023-calendrier-complet\/\">Le calendrier de la Coupe du monde de biathlon 2022-2023<\/a><\/strong><\/li>\n<\/ul>\n","protected":false},"excerpt":{"rendered":"<p>BIATHLON 2022-2023 &#8211; C&rsquo;est \u00e0 Idre Fjall que se d\u00e9roulait la rentr\u00e9e du biathlon pour un individuel dans le cadre de la pr\u00e9saison. Et les Bleus sont d\u00e9j\u00e0 en forme, puisque c&rsquo;est Fabien Claude qui, malgr\u00e9 trois fautes au tir, a vol\u00e9 sur la piste pour remporter la course.\u00a0<\/p>\n","protected":false},"author":59,"featured_media":278121,"comment_status":"open","ping_status":"closed","sticky":false,"template":"","format":"standard","meta":{"_acf_changed":false,"_daextam_enable_autolinks":"","footnotes":""},"categories":[2426],"tags":[2427,27811,27810,6739],"class_list":["post-278084","post","type-post","status-publish","format-standard","has-post-thumbnail","hentry","category-biathlon","tag-biathlon","tag-biathlon-idre-fjall","tag-biathlon-pre-saison","tag-fabien-claude"],"acf":[],"yoast_head":"<!-- This site is optimized with the Yoast SEO Premium plugin v26.7 (Yoast SEO v26.7) - https:\/\/yoast.com\/wordpress\/plugins\/seo\/ -->\n<title>Biathlon Pr\u00e9-saison Idre : Fabien Claude s&#039;impose sur l&#039;individuel court<\/title>\n<meta name=\"description\" content=\"BIATHLON 2022-2023 - Les Bleus sont d\u00e9j\u00e0 en forme, puisque c&#039;est Fabien Claude qui a vol\u00e9 sur la piste pour remporter la course.\u00a0\" \/>\n<meta name=\"robots\" content=\"index, follow, max-snippet:-1, max-image-preview:large, max-video-preview:-1\" \/>\n<link rel=\"canonical\" href=\"https:\/\/dicodusport.fr\/blog\/biathlon-pre-saison-idre-fabien-claude-simpose-dentree-de-jeu\/\" \/>\n<meta property=\"og:locale\" content=\"fr_FR\" \/>\n<meta property=\"og:type\" content=\"article\" \/>\n<meta property=\"og:title\" content=\"Biathlon Pr\u00e9-saison Idre : Fabien Claude s&#039;impose sur l&#039;individuel court\" \/>\n<meta property=\"og:description\" content=\"BIATHLON 2022-2023 - Les Bleus sont d\u00e9j\u00e0 en forme, puisque c&#039;est Fabien Claude qui a vol\u00e9 sur la piste pour remporter la course.\u00a0\" \/>\n<meta property=\"og:url\" content=\"https:\/\/dicodusport.fr\/blog\/biathlon-pre-saison-idre-fabien-claude-simpose-dentree-de-jeu\/\" \/>\n<meta property=\"og:site_name\" content=\"Dicodusport\" \/>\n<meta property=\"article:publisher\" content=\"https:\/\/www.facebook.com\/dicodusport\" \/>\n<meta property=\"article:author\" content=\"https:\/\/www.facebook.com\/sebastien.gente\/\" \/>\n<meta property=\"article:published_time\" content=\"2022-11-12T10:09:21+00:00\" \/>\n<meta property=\"article:modified_time\" content=\"2022-11-12T15:56:01+00:00\" \/>\n<meta property=\"og:image\" content=\"https:\/\/dicodusport.fr\/blog\/wp-content\/uploads\/2022\/11\/Biathlon-Pre-saison-Idre-Fabien-Claude-simpose-dentree-de-jeu.png\" \/>\n\t<meta property=\"og:image:width\" content=\"800\" \/>\n\t<meta property=\"og:image:height\" content=\"445\" \/>\n\t<meta property=\"og:image:type\" content=\"image\/png\" \/>\n<meta name=\"author\" content=\"S\u00e9bastien Gente\" \/>\n<meta name=\"twitter:card\" content=\"summary_large_image\" \/>\n<meta name=\"twitter:title\" content=\"Biathlon Pr\u00e9-saison Idre : Fabien Claude s&#039;impose sur l&#039;individuel court\" \/>\n<meta name=\"twitter:creator\" content=\"@https:\/\/twitter.com\/globulo24\" \/>\n<meta name=\"twitter:site\" content=\"@dicodusport\" \/>\n<script type=\"application\/ld+json\" class=\"yoast-schema-graph\">{\"@context\":\"https:\/\/schema.org\",\"@graph\":[{\"@type\":\"NewsArticle\",\"@id\":\"https:\/\/dicodusport.fr\/blog\/biathlon-pre-saison-idre-fabien-claude-simpose-dentree-de-jeu\/#article\",\"isPartOf\":{\"@id\":\"https:\/\/dicodusport.fr\/blog\/biathlon-pre-saison-idre-fabien-claude-simpose-dentree-de-jeu\/\"},\"author\":{\"name\":\"S\u00e9bastien Gente\",\"@id\":\"https:\/\/dicodusport.fr\/blog\/#\/schema\/person\/627966a6cde45dbd8c5e36ac85d783da\"},\"headline\":\"Biathlon Pr\u00e9-saison Idre : Fabien Claude s&rsquo;impose sur l&rsquo;individuel court\",\"datePublished\":\"2022-11-12T10:09:21+00:00\",\"dateModified\":\"2022-11-12T15:56:01+00:00\",\"mainEntityOfPage\":{\"@id\":\"https:\/\/dicodusport.fr\/blog\/biathlon-pre-saison-idre-fabien-claude-simpose-dentree-de-jeu\/\"},\"wordCount\":506,\"commentCount\":0,\"publisher\":{\"@id\":\"https:\/\/dicodusport.fr\/blog\/#organization\"},\"image\":{\"@id\":\"https:\/\/dicodusport.fr\/blog\/biathlon-pre-saison-idre-fabien-claude-simpose-dentree-de-jeu\/#primaryimage\"},\"thumbnailUrl\":\"https:\/\/dicodusport.fr\/blog\/wp-content\/uploads\/2022\/11\/Biathlon-Pre-saison-Idre-Fabien-Claude-simpose-dentree-de-jeu.png\",\"keywords\":[\"Biathlon\",\"Biathlon Idre Fj\u00e4ll\",\"Biathlon Pr\u00e9-saison\",\"Fabien Claude\"],\"articleSection\":[\"Biathlon\"],\"inLanguage\":\"fr-FR\",\"potentialAction\":[{\"@type\":\"CommentAction\",\"name\":\"Comment\",\"target\":[\"https:\/\/dicodusport.fr\/blog\/biathlon-pre-saison-idre-fabien-claude-simpose-dentree-de-jeu\/#respond\"]}],\"copyrightYear\":\"2022\",\"copyrightHolder\":{\"@id\":\"https:\/\/dicodusport.fr\/blog\/#organization\"}},{\"@type\":\"WebPage\",\"@id\":\"https:\/\/dicodusport.fr\/blog\/biathlon-pre-saison-idre-fabien-claude-simpose-dentree-de-jeu\/\",\"url\":\"https:\/\/dicodusport.fr\/blog\/biathlon-pre-saison-idre-fabien-claude-simpose-dentree-de-jeu\/\",\"name\":\"Biathlon Pr\u00e9-saison Idre : Fabien Claude s'impose sur l'individuel court\",\"isPartOf\":{\"@id\":\"https:\/\/dicodusport.fr\/blog\/#website\"},\"primaryImageOfPage\":{\"@id\":\"https:\/\/dicodusport.fr\/blog\/biathlon-pre-saison-idre-fabien-claude-simpose-dentree-de-jeu\/#primaryimage\"},\"image\":{\"@id\":\"https:\/\/dicodusport.fr\/blog\/biathlon-pre-saison-idre-fabien-claude-simpose-dentree-de-jeu\/#primaryimage\"},\"thumbnailUrl\":\"https:\/\/dicodusport.fr\/blog\/wp-content\/uploads\/2022\/11\/Biathlon-Pre-saison-Idre-Fabien-Claude-simpose-dentree-de-jeu.png\",\"datePublished\":\"2022-11-12T10:09:21+00:00\",\"dateModified\":\"2022-11-12T15:56:01+00:00\",\"description\":\"BIATHLON 2022-2023 - Les Bleus sont d\u00e9j\u00e0 en forme, puisque c'est Fabien Claude qui a vol\u00e9 sur la piste pour remporter la course.\u00a0\",\"breadcrumb\":{\"@id\":\"https:\/\/dicodusport.fr\/blog\/biathlon-pre-saison-idre-fabien-claude-simpose-dentree-de-jeu\/#breadcrumb\"},\"inLanguage\":\"fr-FR\",\"potentialAction\":[{\"@type\":\"ReadAction\",\"target\":[\"https:\/\/dicodusport.fr\/blog\/biathlon-pre-saison-idre-fabien-claude-simpose-dentree-de-jeu\/\"]}]},{\"@type\":\"ImageObject\",\"inLanguage\":\"fr-FR\",\"@id\":\"https:\/\/dicodusport.fr\/blog\/biathlon-pre-saison-idre-fabien-claude-simpose-dentree-de-jeu\/#primaryimage\",\"url\":\"https:\/\/dicodusport.fr\/blog\/wp-content\/uploads\/2022\/11\/Biathlon-Pre-saison-Idre-Fabien-Claude-simpose-dentree-de-jeu.png\",\"contentUrl\":\"https:\/\/dicodusport.fr\/blog\/wp-content\/uploads\/2022\/11\/Biathlon-Pre-saison-Idre-Fabien-Claude-simpose-dentree-de-jeu.png\",\"width\":800,\"height\":445,\"caption\":\"Biathlon Pr\u00e9-saison Idre Fabien Claude s'impose d'entr\u00e9e de jeu\"},{\"@type\":\"BreadcrumbList\",\"@id\":\"https:\/\/dicodusport.fr\/blog\/biathlon-pre-saison-idre-fabien-claude-simpose-dentree-de-jeu\/#breadcrumb\",\"itemListElement\":[{\"@type\":\"ListItem\",\"position\":1,\"name\":\"Accueil\",\"item\":\"https:\/\/dicodusport.fr\/blog\/\"},{\"@type\":\"ListItem\",\"position\":2,\"name\":\"Biathlon Pr\u00e9-saison Idre : Fabien Claude s&rsquo;impose sur l&rsquo;individuel court\"}]},{\"@type\":\"WebSite\",\"@id\":\"https:\/\/dicodusport.fr\/blog\/#website\",\"url\":\"https:\/\/dicodusport.fr\/blog\/\",\"name\":\"Dicodusport\",\"description\":\"L&#039;encyclop\u00e9die de l&#039;actualit\u00e9 sportive\",\"publisher\":{\"@id\":\"https:\/\/dicodusport.fr\/blog\/#organization\"},\"potentialAction\":[{\"@type\":\"SearchAction\",\"target\":{\"@type\":\"EntryPoint\",\"urlTemplate\":\"https:\/\/dicodusport.fr\/blog\/?s={search_term_string}\"},\"query-input\":{\"@type\":\"PropertyValueSpecification\",\"valueRequired\":true,\"valueName\":\"search_term_string\"}}],\"inLanguage\":\"fr-FR\"},{\"@type\":\"NewsMediaOrganization\",\"@id\":\"https:\/\/dicodusport.fr\/blog\/#organization\",\"name\":\"Dicodusport\",\"url\":\"https:\/\/dicodusport.fr\/blog\/\",\"logo\":{\"@type\":\"ImageObject\",\"inLanguage\":\"fr-FR\",\"@id\":\"https:\/\/dicodusport.fr\/blog\/#\/schema\/logo\/image\/\",\"url\":\"https:\/\/dicodusport.fr\/blog\/wp-content\/uploads\/2020\/06\/cropped-LOGO-DICODUSPORT-2020-SANS-FOND-SANS-TEXTE.png\",\"contentUrl\":\"https:\/\/dicodusport.fr\/blog\/wp-content\/uploads\/2020\/06\/cropped-LOGO-DICODUSPORT-2020-SANS-FOND-SANS-TEXTE.png\",\"width\":512,\"height\":512,\"caption\":\"Dicodusport\"},\"image\":{\"@id\":\"https:\/\/dicodusport.fr\/blog\/#\/schema\/logo\/image\/\"},\"sameAs\":[\"https:\/\/www.facebook.com\/dicodusport\",\"https:\/\/x.com\/dicodusport\",\"https:\/\/www.instagram.com\/dicodusport\/\",\"https:\/\/www.youtube.com\/channel\/UC7V2KZ5sd3htJivAbA4ZG3w\"],\"description\":\"Dicodusport est l'encyclop\u00e9die de l'actualit\u00e9 sportive.\",\"email\":\"bonjour@dicodusport.fr\",\"legalName\":\"DICODUSPORT\",\"foundingDate\":\"2018-01-14\",\"vatID\":\"FR71834470973\",\"taxID\":\"83447097300043\",\"numberOfEmployees\":{\"@type\":\"QuantitativeValue\",\"minValue\":\"1\",\"maxValue\":\"10\"}},{\"@type\":\"Person\",\"@id\":\"https:\/\/dicodusport.fr\/blog\/#\/schema\/person\/627966a6cde45dbd8c5e36ac85d783da\",\"name\":\"S\u00e9bastien Gente\",\"image\":{\"@type\":\"ImageObject\",\"inLanguage\":\"fr-FR\",\"@id\":\"https:\/\/dicodusport.fr\/blog\/#\/schema\/person\/image\/\",\"url\":\"https:\/\/dicodusport.fr\/blog\/wp-content\/uploads\/2021\/09\/1510990_10205810251400683_4124423575079401707_n-150x150.jpg\",\"contentUrl\":\"https:\/\/dicodusport.fr\/blog\/wp-content\/uploads\/2021\/09\/1510990_10205810251400683_4124423575079401707_n-150x150.jpg\",\"caption\":\"S\u00e9bastien Gente\"},\"description\":\"John Stockton, Gianni Bugno, Zinedine Zidane, Steffi Graf, Frode Andresen, St\u00e9phane Stoecklin, Davis Kamoga, Primoz Peterka, Werner Schlager et Aur\u00e9lien Rougerie. Point commun entre ces sportifs? Ils m'ont fait r\u00eaver et ont berc\u00e9 mon adolescence. Je suis un fondu de sports et j'essaie de retranscrire ma passion \u00e0 travers mes articles. Originaire du P\u00e9rigord, ma passion pour les Girondins, les Jaunards et les Jazzmen transpire dans mes \u00e9crits. \u00c0 Dicodusport depuis 2021, je d\u00e9niche les sports m\u00e9connus dans lesquels la France brille, et il y en a !\",\"sameAs\":[\"https:\/\/www.facebook.com\/sebastien.gente\/\",\"https:\/\/www.instagram.com\/sebgente\/\",\"https:\/\/www.linkedin.com\/in\/sbastien-gente-a29583169\/\",\"https:\/\/x.com\/https:\/\/twitter.com\/globulo24\",\"SebastienGente\"],\"worksFor\":\"S\u00e9bastien GENTE\",\"url\":\"https:\/\/dicodusport.fr\/blog\/author\/sebastiengente\/\"}]}<\/script>\n<!-- \/ Yoast SEO Premium plugin. -->","yoast_head_json":{"title":"Biathlon Pr\u00e9-saison Idre : Fabien Claude s'impose sur l'individuel court","description":"BIATHLON 2022-2023 - Les Bleus sont d\u00e9j\u00e0 en forme, puisque c'est Fabien Claude qui a vol\u00e9 sur la piste pour remporter la course.\u00a0","robots":{"index":"index","follow":"follow","max-snippet":"max-snippet:-1","max-image-preview":"max-image-preview:large","max-video-preview":"max-video-preview:-1"},"canonical":"https:\/\/dicodusport.fr\/blog\/biathlon-pre-saison-idre-fabien-claude-simpose-dentree-de-jeu\/","og_locale":"fr_FR","og_type":"article","og_title":"Biathlon Pr\u00e9-saison Idre : Fabien Claude s'impose sur l'individuel court","og_description":"BIATHLON 2022-2023 - Les Bleus sont d\u00e9j\u00e0 en forme, puisque c'est Fabien Claude qui a vol\u00e9 sur la piste pour remporter la course.\u00a0","og_url":"https:\/\/dicodusport.fr\/blog\/biathlon-pre-saison-idre-fabien-claude-simpose-dentree-de-jeu\/","og_site_name":"Dicodusport","article_publisher":"https:\/\/www.facebook.com\/dicodusport","article_author":"https:\/\/www.facebook.com\/sebastien.gente\/","article_published_time":"2022-11-12T10:09:21+00:00","article_modified_time":"2022-11-12T15:56:01+00:00","og_image":[{"width":800,"height":445,"url":"https:\/\/dicodusport.fr\/blog\/wp-content\/uploads\/2022\/11\/Biathlon-Pre-saison-Idre-Fabien-Claude-simpose-dentree-de-jeu.png","type":"image\/png"}],"author":"S\u00e9bastien Gente","twitter_card":"summary_large_image","twitter_title":"Biathlon Pr\u00e9-saison Idre : Fabien Claude s'impose sur l'individuel court","twitter_creator":"@https:\/\/twitter.com\/globulo24","twitter_site":"@dicodusport","schema":{"@context":"https:\/\/schema.org","@graph":[{"@type":"NewsArticle","@id":"https:\/\/dicodusport.fr\/blog\/biathlon-pre-saison-idre-fabien-claude-simpose-dentree-de-jeu\/#article","isPartOf":{"@id":"https:\/\/dicodusport.fr\/blog\/biathlon-pre-saison-idre-fabien-claude-simpose-dentree-de-jeu\/"},"author":{"name":"S\u00e9bastien Gente","@id":"https:\/\/dicodusport.fr\/blog\/#\/schema\/person\/627966a6cde45dbd8c5e36ac85d783da"},"headline":"Biathlon Pr\u00e9-saison Idre : Fabien Claude s&rsquo;impose sur l&rsquo;individuel court","datePublished":"2022-11-12T10:09:21+00:00","dateModified":"2022-11-12T15:56:01+00:00","mainEntityOfPage":{"@id":"https:\/\/dicodusport.fr\/blog\/biathlon-pre-saison-idre-fabien-claude-simpose-dentree-de-jeu\/"},"wordCount":506,"commentCount":0,"publisher":{"@id":"https:\/\/dicodusport.fr\/blog\/#organization"},"image":{"@id":"https:\/\/dicodusport.fr\/blog\/biathlon-pre-saison-idre-fabien-claude-simpose-dentree-de-jeu\/#primaryimage"},"thumbnailUrl":"https:\/\/dicodusport.fr\/blog\/wp-content\/uploads\/2022\/11\/Biathlon-Pre-saison-Idre-Fabien-Claude-simpose-dentree-de-jeu.png","keywords":["Biathlon","Biathlon Idre Fj\u00e4ll","Biathlon Pr\u00e9-saison","Fabien Claude"],"articleSection":["Biathlon"],"inLanguage":"fr-FR","potentialAction":[{"@type":"CommentAction","name":"Comment","target":["https:\/\/dicodusport.fr\/blog\/biathlon-pre-saison-idre-fabien-claude-simpose-dentree-de-jeu\/#respond"]}],"copyrightYear":"2022","copyrightHolder":{"@id":"https:\/\/dicodusport.fr\/blog\/#organization"}},{"@type":"WebPage","@id":"https:\/\/dicodusport.fr\/blog\/biathlon-pre-saison-idre-fabien-claude-simpose-dentree-de-jeu\/","url":"https:\/\/dicodusport.fr\/blog\/biathlon-pre-saison-idre-fabien-claude-simpose-dentree-de-jeu\/","name":"Biathlon Pr\u00e9-saison Idre : Fabien Claude s'impose sur l'individuel court","isPartOf":{"@id":"https:\/\/dicodusport.fr\/blog\/#website"},"primaryImageOfPage":{"@id":"https:\/\/dicodusport.fr\/blog\/biathlon-pre-saison-idre-fabien-claude-simpose-dentree-de-jeu\/#primaryimage"},"image":{"@id":"https:\/\/dicodusport.fr\/blog\/biathlon-pre-saison-idre-fabien-claude-simpose-dentree-de-jeu\/#primaryimage"},"thumbnailUrl":"https:\/\/dicodusport.fr\/blog\/wp-content\/uploads\/2022\/11\/Biathlon-Pre-saison-Idre-Fabien-Claude-simpose-dentree-de-jeu.png","datePublished":"2022-11-12T10:09:21+00:00","dateModified":"2022-11-12T15:56:01+00:00","description":"BIATHLON 2022-2023 - Les Bleus sont d\u00e9j\u00e0 en forme, puisque c'est Fabien Claude qui a vol\u00e9 sur la piste pour remporter la course.\u00a0","breadcrumb":{"@id":"https:\/\/dicodusport.fr\/blog\/biathlon-pre-saison-idre-fabien-claude-simpose-dentree-de-jeu\/#breadcrumb"},"inLanguage":"fr-FR","potentialAction":[{"@type":"ReadAction","target":["https:\/\/dicodusport.fr\/blog\/biathlon-pre-saison-idre-fabien-claude-simpose-dentree-de-jeu\/"]}]},{"@type":"ImageObject","inLanguage":"fr-FR","@id":"https:\/\/dicodusport.fr\/blog\/biathlon-pre-saison-idre-fabien-claude-simpose-dentree-de-jeu\/#primaryimage","url":"https:\/\/dicodusport.fr\/blog\/wp-content\/uploads\/2022\/11\/Biathlon-Pre-saison-Idre-Fabien-Claude-simpose-dentree-de-jeu.png","contentUrl":"https:\/\/dicodusport.fr\/blog\/wp-content\/uploads\/2022\/11\/Biathlon-Pre-saison-Idre-Fabien-Claude-simpose-dentree-de-jeu.png","width":800,"height":445,"caption":"Biathlon Pr\u00e9-saison Idre Fabien Claude s'impose d'entr\u00e9e de jeu"},{"@type":"BreadcrumbList","@id":"https:\/\/dicodusport.fr\/blog\/biathlon-pre-saison-idre-fabien-claude-simpose-dentree-de-jeu\/#breadcrumb","itemListElement":[{"@type":"ListItem","position":1,"name":"Accueil","item":"https:\/\/dicodusport.fr\/blog\/"},{"@type":"ListItem","position":2,"name":"Biathlon Pr\u00e9-saison Idre : Fabien Claude s&rsquo;impose sur l&rsquo;individuel court"}]},{"@type":"WebSite","@id":"https:\/\/dicodusport.fr\/blog\/#website","url":"https:\/\/dicodusport.fr\/blog\/","name":"Dicodusport","description":"L&#039;encyclop\u00e9die de l&#039;actualit\u00e9 sportive","publisher":{"@id":"https:\/\/dicodusport.fr\/blog\/#organization"},"potentialAction":[{"@type":"SearchAction","target":{"@type":"EntryPoint","urlTemplate":"https:\/\/dicodusport.fr\/blog\/?s={search_term_string}"},"query-input":{"@type":"PropertyValueSpecification","valueRequired":true,"valueName":"search_term_string"}}],"inLanguage":"fr-FR"},{"@type":"NewsMediaOrganization","@id":"https:\/\/dicodusport.fr\/blog\/#organization","name":"Dicodusport","url":"https:\/\/dicodusport.fr\/blog\/","logo":{"@type":"ImageObject","inLanguage":"fr-FR","@id":"https:\/\/dicodusport.fr\/blog\/#\/schema\/logo\/image\/","url":"https:\/\/dicodusport.fr\/blog\/wp-content\/uploads\/2020\/06\/cropped-LOGO-DICODUSPORT-2020-SANS-FOND-SANS-TEXTE.png","contentUrl":"https:\/\/dicodusport.fr\/blog\/wp-content\/uploads\/2020\/06\/cropped-LOGO-DICODUSPORT-2020-SANS-FOND-SANS-TEXTE.png","width":512,"height":512,"caption":"Dicodusport"},"image":{"@id":"https:\/\/dicodusport.fr\/blog\/#\/schema\/logo\/image\/"},"sameAs":["https:\/\/www.facebook.com\/dicodusport","https:\/\/x.com\/dicodusport","https:\/\/www.instagram.com\/dicodusport\/","https:\/\/www.youtube.com\/channel\/UC7V2KZ5sd3htJivAbA4ZG3w"],"description":"Dicodusport est l'encyclop\u00e9die de l'actualit\u00e9 sportive.","email":"bonjour@dicodusport.fr","legalName":"DICODUSPORT","foundingDate":"2018-01-14","vatID":"FR71834470973","taxID":"83447097300043","numberOfEmployees":{"@type":"QuantitativeValue","minValue":"1","maxValue":"10"}},{"@type":"Person","@id":"https:\/\/dicodusport.fr\/blog\/#\/schema\/person\/627966a6cde45dbd8c5e36ac85d783da","name":"S\u00e9bastien Gente","image":{"@type":"ImageObject","inLanguage":"fr-FR","@id":"https:\/\/dicodusport.fr\/blog\/#\/schema\/person\/image\/","url":"https:\/\/dicodusport.fr\/blog\/wp-content\/uploads\/2021\/09\/1510990_10205810251400683_4124423575079401707_n-150x150.jpg","contentUrl":"https:\/\/dicodusport.fr\/blog\/wp-content\/uploads\/2021\/09\/1510990_10205810251400683_4124423575079401707_n-150x150.jpg","caption":"S\u00e9bastien Gente"},"description":"John Stockton, Gianni Bugno, Zinedine Zidane, Steffi Graf, Frode Andresen, St\u00e9phane Stoecklin, Davis Kamoga, Primoz Peterka, Werner Schlager et Aur\u00e9lien Rougerie. Point commun entre ces sportifs? Ils m'ont fait r\u00eaver et ont berc\u00e9 mon adolescence. Je suis un fondu de sports et j'essaie de retranscrire ma passion \u00e0 travers mes articles. Originaire du P\u00e9rigord, ma passion pour les Girondins, les Jaunards et les Jazzmen transpire dans mes \u00e9crits. \u00c0 Dicodusport depuis 2021, je d\u00e9niche les sports m\u00e9connus dans lesquels la France brille, et il y en a !","sameAs":["https:\/\/www.facebook.com\/sebastien.gente\/","https:\/\/www.instagram.com\/sebgente\/","https:\/\/www.linkedin.com\/in\/sbastien-gente-a29583169\/","https:\/\/x.com\/https:\/\/twitter.com\/globulo24","SebastienGente"],"worksFor":"S\u00e9bastien GENTE","url":"https:\/\/dicodusport.fr\/blog\/author\/sebastiengente\/"}]}},"_links":{"self":[{"href":"https:\/\/dicodusport.fr\/blog\/wp-json\/wp\/v2\/posts\/278084","targetHints":{"allow":["GET"]}}],"collection":[{"href":"https:\/\/dicodusport.fr\/blog\/wp-json\/wp\/v2\/posts"}],"about":[{"href":"https:\/\/dicodusport.fr\/blog\/wp-json\/wp\/v2\/types\/post"}],"author":[{"embeddable":true,"href":"https:\/\/dicodusport.fr\/blog\/wp-json\/wp\/v2\/users\/59"}],"replies":[{"embeddable":true,"href":"https:\/\/dicodusport.fr\/blog\/wp-json\/wp\/v2\/comments?post=278084"}],"version-history":[{"count":0,"href":"https:\/\/dicodusport.fr\/blog\/wp-json\/wp\/v2\/posts\/278084\/revisions"}],"wp:featuredmedia":[{"embeddable":true,"href":"https:\/\/dicodusport.fr\/blog\/wp-json\/wp\/v2\/media\/278121"}],"wp:attachment":[{"href":"https:\/\/dicodusport.fr\/blog\/wp-json\/wp\/v2\/media?parent=278084"}],"wp:term":[{"taxonomy":"category","embeddable":true,"href":"https:\/\/dicodusport.fr\/blog\/wp-json\/wp\/v2\/categories?post=278084"},{"taxonomy":"post_tag","embeddable":true,"href":"https:\/\/dicodusport.fr\/blog\/wp-json\/wp\/v2\/tags?post=278084"}],"curies":[{"name":"wp","href":"https:\/\/api.w.org\/{rel}","templated":true}]}}