{"id":278336,"date":"2022-11-13T00:02:04","date_gmt":"2022-11-12T23:02:04","guid":{"rendered":"https:\/\/dicodusport.fr\/blog\/?p=278336&#038;preview=true&#038;preview_id=278336"},"modified":"2022-11-13T23:21:21","modified_gmt":"2022-11-13T22:21:21","slug":"xv-de-france-notes-des-bleus-face-afrique-du-sud","status":"publish","type":"post","link":"https:\/\/dicodusport.fr\/blog\/xv-de-france-notes-des-bleus-face-afrique-du-sud\/","title":{"rendered":"XV de France : Les notes des Bleus face \u00e0 l&rsquo;Afrique du Sud"},"content":{"rendered":"<p style=\"text-align: justify;\"><strong><em><a href=\"https:\/\/dicodusport.fr\/blog\/rugby-tournee-dautomne-2022-calendrier-resultats-et-scores\/\">TOURN\u00c9E D&rsquo;AUTOMNE 2022<\/a> &#8211; <a href=\"https:\/\/dicodusport.fr\/blog\/rugby-tournee-dautomne-les-bleus-sarrachent-pour-dominer-les-sud-africains\/\">Le XV de France a battu l&rsquo;Afrique du Sud<\/a>, championne du monde en titre, ce samedi soir \u00e0 Marseille (30-26). D\u00e9couvrez les notes des Bleus, qui encha\u00eenent un 12\u00e8me succ\u00e8s cons\u00e9cutif.<\/em><\/strong><\/p>\n<h2 style=\"text-align: justify;\">Les avants<\/h2>\n<p style=\"text-align: justify;\"><strong>Cyril Baille &#8211; 6 :\u00a0<\/strong><\/p>\n<p style=\"text-align: justify;\">Le + : Son essai rageur (20&prime;). Jusqu&rsquo;\u00e0 sa sortie juste avant la pause, le pilier toulousain \u00e9tait dans le bon tempo, avec 4 plaquages r\u00e9ussis et une tenue en m\u00eal\u00e9e efficace.<\/p>\n<p style=\"text-align: justify;\">Le &#8211; : &#8211;<\/p>\n<p style=\"text-align: justify;\">En bref : Une rechute pour Baille, qui souffre d&rsquo;une hernie inguinale, et qui s&rsquo;est sacrifi\u00e9 durant 40 minutes. Remplac\u00e9 par <strong>Reda Wardi (40&prime;)<\/strong>.<\/p>\n<p style=\"text-align: justify;\"><strong>Reda Wardi &#8211; 6,5 :<\/strong><\/p>\n<p style=\"text-align: justify;\">Le + : Une entr\u00e9e en jeu pleine de dynamisme pour le pilier rochelais. Six plaquages r\u00e9ussis en 40 minutes, en plus d&rsquo;une tr\u00e8s belle performance en m\u00eal\u00e9e ferm\u00e9e.<\/p>\n<p style=\"text-align: justify;\">Le &#8211; : Son premier ballon est cafouill\u00e9, avec une mauvaise passe pour Romain Taofifenua.<\/p>\n<p style=\"text-align: justify;\">En bref : Une entr\u00e9e convaincante pour le pilier des Maritimes.<\/p>\n<p style=\"text-align: justify;\"><strong>Julien Marchand &#8211; 7 :<\/strong><\/p>\n<p style=\"text-align: justify;\">Le + : 7\/7 au plaquage et un sans-faute sur ses lancers en touche. Une d\u00e9bauche d&rsquo;\u00e9nergie toujours aussi importante dans le jeu (25 m\u00e8tres parcourus avec le ballon).<\/p>\n<p style=\"text-align: justify;\">Le &#8211; : Deux p\u00e9nalit\u00e9s conc\u00e9d\u00e9es. Une fois n&rsquo;est pas coutume, il n&rsquo;a pas \u00e9t\u00e9 toujours dominant dans le jeu au sol. Mais en face, ce n&rsquo;\u00e9tait pas tout \u00e0 fait n&rsquo;importe qui.<\/p>\n<p style=\"text-align: justify;\">En bref : Du Marchand dans le texte. Remplac\u00e9 par <strong>Peato Mauvaka (59&prime;)<\/strong>, auteur d&rsquo;une grosse entr\u00e9e en jeu, notamment sur les ballons port\u00e9s.<\/p>\n<p style=\"text-align: justify;\"><strong>Uini Atonio &#8211; 6,5 :<\/strong><\/p>\n<p style=\"text-align: justify;\">Le + : Du c\u0153ur \u00e0 l&rsquo;ouvrage (26 m\u00e8tres parcours avec le ballons pour 5 charges), et ce m\u00eame s&rsquo;il a vite \u00e9t\u00e9 trahi par son physique. De plus, il a \u00e9t\u00e9 costaud en m\u00eal\u00e9e ferm\u00e9e.<\/p>\n<p style=\"text-align: justify;\">Le &#8211; : Des plaquages loup\u00e9s (2 sur 4 tent\u00e9s).<\/p>\n<p style=\"text-align: justify;\">En bref : Physiquement dans le dur, touch\u00e9 au cours du premier acte, il a tenu jusqu&rsquo;\u00e0 l&rsquo;heure de jeu, en faisant son job. Remplac\u00e9 par <strong>Sipili Falatea (59&prime;)<\/strong>, auteur de l&rsquo;essai de la victoire (73&prime;).<\/p>\n<blockquote class=\"twitter-tweet\">\n<p dir=\"ltr\" lang=\"en\">The noise in Marseille after that <a href=\"https:\/\/twitter.com\/FranceRugby?ref_src=twsrc%5Etfw\">@FranceRugby<\/a> try &#x1f92f;<\/p>\n<p>One. Point. Game.<\/p>\n<p>&#x1f1eb;&#x1f1f7; 27-26 &#x1f1ff;&#x1f1e6;<a href=\"https:\/\/twitter.com\/hashtag\/AutumnNationsSeries?src=hash&amp;ref_src=twsrc%5Etfw\">#AutumnNationsSeries<\/a> | <a href=\"https:\/\/twitter.com\/hashtag\/FRAvRSA?src=hash&amp;ref_src=twsrc%5Etfw\">#FRAvRSA<\/a> <a href=\"https:\/\/t.co\/4XEZKz8i5S\">pic.twitter.com\/4XEZKz8i5S<\/a><\/p>\n<p>\u2014 Autumn Nations Series (@autumnnations) <a href=\"https:\/\/twitter.com\/autumnnations\/status\/1591547138445807616?ref_src=twsrc%5Etfw\">November 12, 2022<\/a><\/p><\/blockquote>\n<p><script async src=\"https:\/\/platform.twitter.com\/widgets.js\" charset=\"utf-8\"><\/script><\/p>\n<p style=\"text-align: justify;\"><strong>Cameron Woki &#8211; 6,5 :<\/strong><\/p>\n<p style=\"text-align: justify;\">Le + : Enfin \u00e0 son niveau en conqu\u00eate, en vrai leader sur les ballons port\u00e9s. En d\u00e9fense, il s&rsquo;est battu comme un beau diable, avec un 10\/10 au plaquage, meilleur total du XV de France.<\/p>\n<p style=\"text-align: justify;\">Le &#8211; : P\u00e9nalis\u00e9 \u00e0 une reprise pour un hors-jeu assez grossier. Son impact dans le jeu courant reste assez limit\u00e9, malgr\u00e9 quelques ballons int\u00e9ressants.<\/p>\n<p style=\"text-align: justify;\">En bref : Du mieux pour Woki, apr\u00e8s une prestation d\u00e9cevante face aux Wallabies. Remplac\u00e9 par <strong>Bastien Chalureau (77&prime;)<\/strong>.<\/p>\n<p style=\"text-align: justify;\"><strong>Thibaud Flament &#8211; Non not\u00e9, remplac\u00e9 par Romain Taofifenua (31&prime;)<\/strong><\/p>\n<p><strong>Romain Taofifenua &#8211; 6,5 :<\/strong><\/p>\n<p style=\"text-align: justify;\">Le + : Dominant sur certaines collisions, il a \u00e9t\u00e9 tr\u00e8s pr\u00e9sent dans les rucks. Il fait un sans-faute au plaquage (6\/6) et n&rsquo;a pas d\u00e9m\u00e9rit\u00e9 durant 50 minutes de jeu.<\/p>\n<p style=\"text-align: justify;\">Le &#8211; : Un en-avant d\u00e8s son entr\u00e9e sur le terrain.<\/p>\n<p style=\"text-align: justify;\">En bref : Le Grand Tao a r\u00e9pondu pr\u00e9sent, l\u00e0 o\u00f9 on l&rsquo;attendait.<\/p>\n<p style=\"text-align: justify;\"><strong>Anthony Jelonch &#8211; 5,5 :<\/strong><\/p>\n<p style=\"text-align: justify;\">Le + : Une grosse d\u00e9bauche d&rsquo;\u00e9nergie dans le combat avec plaquages r\u00e9ussis&#8230;<\/p>\n<p style=\"text-align: justify;\">Le &#8211; : &#8230; pour trois manqu\u00e9s, et notamment celui d\u00e9bouchant \u00e0 l&rsquo;essai de <strong>Arendse (51&prime;)<\/strong>. Deux p\u00e9nalit\u00e9s siffl\u00e9es contre lui.<\/p>\n<p style=\"text-align: justify;\">En bref : Prestation mi-figue mi-raisin pour le troisi\u00e8me ligne toulousain.<\/p>\n<p style=\"text-align: justify;\"><strong>Charles Ollivon &#8211; 7,5 <\/strong>:<\/p>\n<p style=\"text-align: justify;\">Le + : Un premier acte de grande qualit\u00e9. Il vole deux ballons en touche sur les lancers des Springboks (10&prime; et 19&prime;). Un ballon gratt\u00e9 (18&prime;). D\u00e9fensivement, il a \u00e9t\u00e9 au four et au moulin, avec un 8\/8 au plaquage.<\/p>\n<p style=\"text-align: justify;\">Le &#8211; : Une p\u00e9nalit\u00e9 conc\u00e9d\u00e9e lors du deuxi\u00e8me acte, au cours duquel il a \u00e9t\u00e9 moins en vue, mais toujours aussi efficace.<\/p>\n<p style=\"text-align: justify;\">En bref : Du tr\u00e8s bon Ollivon !<\/p>\n<p style=\"text-align: justify;\"><strong>Gr\u00e9gory Alldritt &#8211; 4 :<\/strong><\/p>\n<p style=\"text-align: justify;\">Le + : Deux d\u00e9fenseurs battus en premi\u00e8re p\u00e9riode.<\/p>\n<p style=\"text-align: justify;\">Le &#8211; : Pour le reste, le Rochelais a beaucoup subi. Souvent cibl\u00e9 sur les renvois sud-africains, il fait en-avant sur le premier (3&prime;). P\u00e9nalis\u00e9 \u00e0 deux reprises, dont une fois pour un hors-jeu largement \u00e9vitable lors du premier acte. D\u00e9fensivement, son activit\u00e9 a \u00e9t\u00e9 loin de ses standards (5 plaquages).<\/p>\n<p style=\"text-align: justify;\">En bref : Alldritt a souffert de la comparaison face aux mastodontes sud-africains. Remplac\u00e9 par <strong>Maxime Lucu (53&prime;)<\/strong>.<\/p>\n<p style=\"text-align: center;\"><a href=\"http:\/\/dicodusport.fr\/blog\/xv-de-france-notes-des-bleus-face-afrique-du-sud\/2\/#charniereettroisquarts\" class=\"su-button su-button-style-flat\" style=\"color:#FFFFFF;background-color:#0057ae;border-color:#00468c;border-radius:4px\" target=\"_self\"><span style=\"color:#FFFFFF;padding:0px 26px;font-size:20px;line-height:40px;border-color:#4d8ac7;border-radius:4px;text-shadow:none\"> Les notes de la charni\u00e8re et des trois-quarts<\/span><\/a>\n<p style=\"text-align: justify;\"><!--nextpage--><a id=\"charniereettroisquarts\"><\/a><strong><em>TOURN\u00c9E D&rsquo;AUTOMNE 2022 &#8211; Le XV de France a battu l&rsquo;Afrique du Sud, championne du monde en titre, ce samedi soir \u00e0 Marseille (30-26). D\u00e9couvrez les notes des Bleus, qui encha\u00eenent un 12\u00e8me succ\u00e8s cons\u00e9cutif.<\/em><\/strong><\/p>\n<h2 style=\"text-align: justify;\">La charni\u00e8re<\/h2>\n<p style=\"text-align: justify;\"><strong>Antoine Dupont (cap) &#8211; 5 :<\/strong><\/p>\n<p style=\"text-align: justify;\">Le + : Un jeu au pied de d\u00e9gagement toujours aussi pr\u00e9cieux. D\u00e9cisif sur l&rsquo;essai de <strong>Baille (20&prime;)<\/strong>, avec une bonne gestion derri\u00e8re les rucks. En d\u00e9fense, il a fait le job, avec 6 plaquages r\u00e9ussis.<\/p>\n<p style=\"text-align: justify;\">Le &#8211; : Un carton rouge cruel (51&prime;), apr\u00e8s avoir percut\u00e9 son ancien co\u00e9quipier \u00e0 Toulouse, <strong>Cheslin Kolbe<\/strong>, alors en l&rsquo;air. La r\u00e8gle est la r\u00e8gle, et tout aussi meilleur joueur du monde qu&rsquo;il est, il a forc\u00e9ment p\u00e9nalis\u00e9 son \u00e9quipe. Sans cons\u00e9quence, heureusement.<\/p>\n<p style=\"text-align: justify;\">En bref : Dupont a vu rouge, malgr\u00e9 lui.<\/p>\n<blockquote class=\"twitter-tweet\">\n<p dir=\"ltr\" lang=\"fr\">&#x1f1eb;&#x1f1f7;&#x26a1;&#xfe0f;&#x1f1ff;&#x1f1e6; | Coup dur pour le <a href=\"https:\/\/twitter.com\/hashtag\/XVdeFrance?src=hash&amp;ref_src=twsrc%5Etfw\">#XVdeFrance<\/a> ! Le capitaine Antoine Dupont est exclu \u00e0 son tour&#8230; &#x1f7e5;<br \/>\n&#x25b6;&#xfe0f; Suivez le direct : <a href=\"https:\/\/t.co\/YEVNy2zwai\">https:\/\/t.co\/YEVNy2zwai<\/a> <a href=\"https:\/\/t.co\/vv4sPvuuNc\">pic.twitter.com\/vv4sPvuuNc<\/a><\/p>\n<p>\u2014 francetvsport (@francetvsport) <a href=\"https:\/\/twitter.com\/francetvsport\/status\/1591546984988655622?ref_src=twsrc%5Etfw\">November 12, 2022<\/a><\/p><\/blockquote>\n<p><script async src=\"https:\/\/platform.twitter.com\/widgets.js\" charset=\"utf-8\"><\/script><\/p>\n<p style=\"text-align: justify;\"><strong>Romain Ntamack &#8211; 5,5 :<\/strong><\/p>\n<p style=\"text-align: justify;\">Le + : Il a tent\u00e9, notamment lors du deuxi\u00e8me acte, sans r\u00e9ussite concr\u00e8te, mais avec quelques diff\u00e9rences effectu\u00e9es (trois d\u00e9fenseurs battus).<\/p>\n<p style=\"text-align: justify;\">Le &#8211; : Quelques erreurs dommageables, comme cette p\u00e9naltouche non trouv\u00e9e (13&prime;). Deux en-avants lors du premier acte, lui qui a constamment jou\u00e9 \u00e0 l&rsquo;arr\u00eat ou presque sur les lancements de jeu tricolores.<\/p>\n<p style=\"text-align: justify;\">En bref : Un match loin d&rsquo;\u00eatre catastrophique, mais Ntamack n&rsquo;a pas pu peser comme il l&rsquo;aurait souhait\u00e9. Remplac\u00e9 par <strong>Matthieu Jalibert (70&prime;)<\/strong>.<\/p>\n<hr \/>\n<h2 style=\"text-align: justify;\">Les arri\u00e8res<\/h2>\n<p style=\"text-align: justify;\"><strong>Yoram Moefana &#8211; 6,5 :<\/strong><\/p>\n<p style=\"text-align: justify;\">Le + : C&rsquo;est lui qui coffre le ballon dans les mains des Sud-Africains \u00e0 la 80\u00e8me minute, d\u00e9bouchant ensuite sur la fin du match. Perforateur sur l&rsquo;essai de son oncle <strong>Falatea (73&prime;)<\/strong>. Deux d\u00e9fenseurs battus et deux offloads \u00e0 son actif \u00e9galement.<\/p>\n<p style=\"text-align: justify;\">Le &#8211; : D\u00e9fensivement, il a parfois \u00e9t\u00e9 laxiste, notamment lorsqu&rsquo;il devait d\u00e9fendre sur son aile.<\/p>\n<p style=\"text-align: justify;\">En bref : Titularis\u00e9 sur l&rsquo;aile, il est repass\u00e9 au centre \u00e0 la sortie de <strong>Danty (11&prime;)<\/strong>. Avec r\u00e9ussite, puisqu&rsquo;il a pes\u00e9 sur la d\u00e9fense des champions du monde.<\/p>\n<p style=\"text-align: justify;\"><strong>Jonathan Danty &#8211; Non not\u00e9, remplac\u00e9 par Sekou Macalou (11&prime;)<\/strong><\/p>\n<p style=\"text-align: justify;\"><strong>Sekou Macalou &#8211; 7,5 :<\/strong><\/p>\n<p style=\"text-align: justify;\">Le + : 80 m\u00e8tres parcourus avec le ballon, meilleur total c\u00f4t\u00e9 fran\u00e7ais. Ses d\u00e9boul\u00e9s tranchants avec la gonfle ont fait trembler les Springboks. D\u00e9fensivement, il a \u00e9t\u00e9 pr\u00e9cieux, comme sur ce plaquage en bord de touche sur <strong>Arendse<\/strong>, pr\u00e8s de la ligne d&rsquo;essai tricolore (63&prime;).<\/p>\n<p style=\"text-align: justify;\">Le &#8211; : Un ballon perdu, et p\u00e9nalis\u00e9 (injustement) \u00e0 une reprise.<\/p>\n<p style=\"text-align: justify;\">En bref : Install\u00e9 \u00e0 l&rsquo;aile \u00e0 son entr\u00e9e en jeu (11&prime;), il a ensuite bascul\u00e9 dans le pack, en troisi\u00e8me ligne (52&prime;), sur les phases de conqu\u00eate. Au final, sa prestation est l&rsquo;une de ses plus abouties sous le maillot bleu.<\/p>\n<p style=\"text-align: justify;\"><strong>Ga\u00ebl Fickou &#8211; 4 :<\/strong><\/p>\n<p style=\"text-align: justify;\">Le + : G\u00e9n\u00e9reux en d\u00e9fense, parfois trop.<\/p>\n<p style=\"text-align: justify;\">Le &#8211; : Deux plaquages manqu\u00e9s sur sept tent\u00e9s. Face au tandem de Allende-Kriel, il a souvent recul\u00e9. Pour preuve, il a gagn\u00e9 \u00e0 peine 20 m\u00e8tres avec le ballon, pour quatre munitions touch\u00e9es. P\u00e9nalis\u00e9 \u00e0 une reprise.<\/p>\n<p style=\"text-align: justify;\">En bref : \u00c0 l&rsquo;image de son match face aux Australiens, Fickou a globalement d\u00e9\u00e7u.<\/p>\n<p style=\"text-align: justify;\"><b>Damian Penaud &#8211; 5,5 :<\/b><\/p>\n<p style=\"text-align: justify;\">Le + : D\u00e9terminant sur le lancement de jeu menant, plusieurs temps de jeu plus tard, \u00e0 l&rsquo;essai de <strong>Baille (20&prime;)<\/strong>, sur lequel il met dans le vent la paire de centres sud-africaine.<\/p>\n<p style=\"text-align: justify;\">Le &#8211; : Pour le reste, Penaud a \u00e9t\u00e9 tr\u00e8s peu sollicit\u00e9, Deux ballons touch\u00e9s seulement au cours d&rsquo;une rencontre o\u00f9 il aura beaucoup d\u00e9fendu, \u00e0 l&rsquo;image de ce retour d\u00e9fensif importantissime (8&prime;).<\/p>\n<p style=\"text-align: justify;\">En bref : Sevr\u00e9 de munitions, le Clermontois s&rsquo;est montr\u00e9 g\u00e9n\u00e9reux d\u00e9fensivement.<\/p>\n<p style=\"text-align: justify;\"><strong>Thomas Ramos &#8211; 7,5 :<\/strong><\/p>\n<p style=\"text-align: justify;\">Le + : Un 7\/8 face aux perches, dont une derni\u00e8re p\u00e9nalit\u00e9 lib\u00e9ratrice (78&prime;). S&rsquo;il a souvent but\u00e9 sur une d\u00e9fense sud-africaine impressionnante, l&rsquo;arri\u00e8re toulousain a r\u00e9ussi \u00e0 gratter un peu de terrain (34 m\u00e8tres, deux d\u00e9fenseurs battus). Un jeu au pied d&rsquo;occupation tr\u00e8s correct.<\/p>\n<p style=\"text-align: justify;\">Le &#8211; : Un ballon perdu avec un en-avant sur un lancement de jeu tricolore en premi\u00e8re p\u00e9riode (17&prime;).<\/p>\n<p style=\"text-align: justify;\">En bref : Indispensable, encore, ce samedi soir.<\/p>\n<p style=\"text-align: center;\"><a href=\"http:\/\/dicodusport.fr\/blog\/xv-de-france-notes-des-bleus-face-afrique-du-sud\/\" class=\"su-button su-button-style-flat\" style=\"color:#FFFFFF;background-color:#0057ae;border-color:#00468c;border-radius:4px\" target=\"_self\"><span style=\"color:#FFFFFF;padding:0px 26px;font-size:20px;line-height:40px;border-color:#4d8ac7;border-radius:4px;text-shadow:none\"> Revenir aux avants<\/span><\/a>\n","protected":false},"excerpt":{"rendered":"<p>TOURN\u00c9E D&rsquo;AUTOMNE 2022 &#8211; Le XV de France a battu l&rsquo;Afrique du Sud, championne du monde en titre, ce samedi soir \u00e0 Marseille (30-26). D\u00e9couvrez les notes des Bleus, qui encha\u00eenent un 12\u00e8me succ\u00e8s cons\u00e9cutif.<\/p>\n","protected":false},"author":4,"featured_media":278437,"comment_status":"open","ping_status":"closed","sticky":false,"template":"","format":"standard","meta":{"_acf_changed":false,"_daextam_enable_autolinks":"","footnotes":""},"categories":[9129,19951],"tags":[6770,5905,6649,24,1638],"class_list":["post-278336","post","type-post","status-publish","format-standard","has-post-thumbnail","hentry","category-rugby-a-xv","category-xv-de-france","tag-afrique-du-sud","tag-notes-bleus","tag-notes-xv-de-france","tag-sport","tag-xv-de-france"],"acf":[],"yoast_head":"<!-- This site is optimized with the Yoast SEO Premium plugin v26.7 (Yoast SEO v26.7) - https:\/\/yoast.com\/wordpress\/plugins\/seo\/ -->\n<title>XV de France : Les notes des Bleus face \u00e0 l&#039;Afrique du Sud<\/title>\n<meta name=\"description\" content=\"TOURN\u00c9E D&#039;AUTOMNE 2022 - Le XV de France a battu l&#039;Afrique du Sud, championne du monde en titre, ce samedi soir (30-26). Les notes des Bleus.\" \/>\n<meta name=\"robots\" content=\"index, follow, max-snippet:-1, max-image-preview:large, max-video-preview:-1\" \/>\n<link rel=\"canonical\" href=\"https:\/\/dicodusport.fr\/blog\/xv-de-france-notes-des-bleus-face-afrique-du-sud\/\" \/>\n<link rel=\"next\" href=\"https:\/\/dicodusport.fr\/blog\/xv-de-france-notes-des-bleus-face-afrique-du-sud\/2\/\" \/>\n<meta property=\"og:locale\" content=\"fr_FR\" \/>\n<meta property=\"og:type\" content=\"article\" \/>\n<meta property=\"og:title\" content=\"XV de France : Les notes des Bleus face \u00e0 l&#039;Afrique du Sud\" \/>\n<meta property=\"og:description\" content=\"TOURN\u00c9E D&#039;AUTOMNE 2022 - Le XV de France a battu l&#039;Afrique du Sud, championne du monde en titre, ce samedi soir (30-26). Les notes des Bleus.\" \/>\n<meta property=\"og:url\" content=\"https:\/\/dicodusport.fr\/blog\/xv-de-france-notes-des-bleus-face-afrique-du-sud\/\" \/>\n<meta property=\"og:site_name\" content=\"Dicodusport\" \/>\n<meta property=\"article:publisher\" content=\"https:\/\/www.facebook.com\/dicodusport\" \/>\n<meta property=\"article:author\" content=\"https:\/\/www.facebook.com\/florent.ostermann\" \/>\n<meta property=\"article:published_time\" content=\"2022-11-12T23:02:04+00:00\" \/>\n<meta property=\"article:modified_time\" content=\"2022-11-13T22:21:21+00:00\" \/>\n<meta property=\"og:image\" content=\"https:\/\/dicodusport.fr\/blog\/wp-content\/uploads\/2022\/11\/XV-de-France-Les-notes-des-Bleus-face-a-lAfrique-du-Sud.png\" \/>\n\t<meta property=\"og:image:width\" content=\"800\" \/>\n\t<meta property=\"og:image:height\" content=\"445\" \/>\n\t<meta property=\"og:image:type\" content=\"image\/png\" \/>\n<meta name=\"author\" content=\"Flo Ostermann\" \/>\n<meta name=\"twitter:card\" content=\"summary_large_image\" \/>\n<meta name=\"twitter:title\" content=\"XV de France : Les notes des Bleus face \u00e0 l&#039;Afrique du Sud\" \/>\n<meta name=\"twitter:creator\" content=\"@https:\/\/twitter.com\/FlOstermann\" \/>\n<meta name=\"twitter:site\" content=\"@dicodusport\" \/>\n<script type=\"application\/ld+json\" class=\"yoast-schema-graph\">{\"@context\":\"https:\/\/schema.org\",\"@graph\":[{\"@type\":\"NewsArticle\",\"@id\":\"https:\/\/dicodusport.fr\/blog\/xv-de-france-notes-des-bleus-face-afrique-du-sud\/#article\",\"isPartOf\":{\"@id\":\"https:\/\/dicodusport.fr\/blog\/xv-de-france-notes-des-bleus-face-afrique-du-sud\/\"},\"author\":{\"name\":\"Flo Ostermann\",\"@id\":\"https:\/\/dicodusport.fr\/blog\/#\/schema\/person\/cb02af4c173ce4a653b55e9baf388d4a\"},\"headline\":\"XV de France : Les notes des Bleus face \u00e0 l&rsquo;Afrique du Sud\",\"datePublished\":\"2022-11-12T23:02:04+00:00\",\"dateModified\":\"2022-11-13T22:21:21+00:00\",\"mainEntityOfPage\":{\"@id\":\"https:\/\/dicodusport.fr\/blog\/xv-de-france-notes-des-bleus-face-afrique-du-sud\/\"},\"wordCount\":1524,\"commentCount\":5,\"publisher\":{\"@id\":\"https:\/\/dicodusport.fr\/blog\/#organization\"},\"image\":{\"@id\":\"https:\/\/dicodusport.fr\/blog\/xv-de-france-notes-des-bleus-face-afrique-du-sud\/#primaryimage\"},\"thumbnailUrl\":\"https:\/\/dicodusport.fr\/blog\/wp-content\/uploads\/2022\/11\/XV-de-France-Les-notes-des-Bleus-face-a-lAfrique-du-Sud.png\",\"keywords\":[\"Afrique du Sud\",\"Notes Bleus\",\"Notes XV de France\",\"sport\",\"XV de France\"],\"articleSection\":[\"Rugby \u00e0 XV\",\"XV de France\"],\"inLanguage\":\"fr-FR\",\"potentialAction\":[{\"@type\":\"CommentAction\",\"name\":\"Comment\",\"target\":[\"https:\/\/dicodusport.fr\/blog\/xv-de-france-notes-des-bleus-face-afrique-du-sud\/#respond\"]}],\"copyrightYear\":\"2022\",\"copyrightHolder\":{\"@id\":\"https:\/\/dicodusport.fr\/blog\/#organization\"}},{\"@type\":\"WebPage\",\"@id\":\"https:\/\/dicodusport.fr\/blog\/xv-de-france-notes-des-bleus-face-afrique-du-sud\/\",\"url\":\"https:\/\/dicodusport.fr\/blog\/xv-de-france-notes-des-bleus-face-afrique-du-sud\/\",\"name\":\"XV de France : Les notes des Bleus face \u00e0 l'Afrique du Sud\",\"isPartOf\":{\"@id\":\"https:\/\/dicodusport.fr\/blog\/#website\"},\"primaryImageOfPage\":{\"@id\":\"https:\/\/dicodusport.fr\/blog\/xv-de-france-notes-des-bleus-face-afrique-du-sud\/#primaryimage\"},\"image\":{\"@id\":\"https:\/\/dicodusport.fr\/blog\/xv-de-france-notes-des-bleus-face-afrique-du-sud\/#primaryimage\"},\"thumbnailUrl\":\"https:\/\/dicodusport.fr\/blog\/wp-content\/uploads\/2022\/11\/XV-de-France-Les-notes-des-Bleus-face-a-lAfrique-du-Sud.png\",\"datePublished\":\"2022-11-12T23:02:04+00:00\",\"dateModified\":\"2022-11-13T22:21:21+00:00\",\"description\":\"TOURN\u00c9E D'AUTOMNE 2022 - Le XV de France a battu l'Afrique du Sud, championne du monde en titre, ce samedi soir (30-26). Les notes des Bleus.\",\"inLanguage\":\"fr-FR\",\"potentialAction\":[{\"@type\":\"ReadAction\",\"target\":[\"https:\/\/dicodusport.fr\/blog\/xv-de-france-notes-des-bleus-face-afrique-du-sud\/\"]}]},{\"@type\":\"ImageObject\",\"inLanguage\":\"fr-FR\",\"@id\":\"https:\/\/dicodusport.fr\/blog\/xv-de-france-notes-des-bleus-face-afrique-du-sud\/#primaryimage\",\"url\":\"https:\/\/dicodusport.fr\/blog\/wp-content\/uploads\/2022\/11\/XV-de-France-Les-notes-des-Bleus-face-a-lAfrique-du-Sud.png\",\"contentUrl\":\"https:\/\/dicodusport.fr\/blog\/wp-content\/uploads\/2022\/11\/XV-de-France-Les-notes-des-Bleus-face-a-lAfrique-du-Sud.png\",\"width\":800,\"height\":445,\"caption\":\"Charles Ollivon en force sur cette tourn\u00e9e d'automne - Photo Icon Sport\"},{\"@type\":\"WebSite\",\"@id\":\"https:\/\/dicodusport.fr\/blog\/#website\",\"url\":\"https:\/\/dicodusport.fr\/blog\/\",\"name\":\"Dicodusport\",\"description\":\"L&#039;encyclop\u00e9die de l&#039;actualit\u00e9 sportive\",\"publisher\":{\"@id\":\"https:\/\/dicodusport.fr\/blog\/#organization\"},\"potentialAction\":[{\"@type\":\"SearchAction\",\"target\":{\"@type\":\"EntryPoint\",\"urlTemplate\":\"https:\/\/dicodusport.fr\/blog\/?s={search_term_string}\"},\"query-input\":{\"@type\":\"PropertyValueSpecification\",\"valueRequired\":true,\"valueName\":\"search_term_string\"}}],\"inLanguage\":\"fr-FR\"},{\"@type\":\"NewsMediaOrganization\",\"@id\":\"https:\/\/dicodusport.fr\/blog\/#organization\",\"name\":\"Dicodusport\",\"url\":\"https:\/\/dicodusport.fr\/blog\/\",\"logo\":{\"@type\":\"ImageObject\",\"inLanguage\":\"fr-FR\",\"@id\":\"https:\/\/dicodusport.fr\/blog\/#\/schema\/logo\/image\/\",\"url\":\"https:\/\/dicodusport.fr\/blog\/wp-content\/uploads\/2020\/06\/cropped-LOGO-DICODUSPORT-2020-SANS-FOND-SANS-TEXTE.png\",\"contentUrl\":\"https:\/\/dicodusport.fr\/blog\/wp-content\/uploads\/2020\/06\/cropped-LOGO-DICODUSPORT-2020-SANS-FOND-SANS-TEXTE.png\",\"width\":512,\"height\":512,\"caption\":\"Dicodusport\"},\"image\":{\"@id\":\"https:\/\/dicodusport.fr\/blog\/#\/schema\/logo\/image\/\"},\"sameAs\":[\"https:\/\/www.facebook.com\/dicodusport\",\"https:\/\/x.com\/dicodusport\",\"https:\/\/www.instagram.com\/dicodusport\/\",\"https:\/\/www.youtube.com\/channel\/UC7V2KZ5sd3htJivAbA4ZG3w\"],\"description\":\"Dicodusport est l'encyclop\u00e9die de l'actualit\u00e9 sportive.\",\"email\":\"bonjour@dicodusport.fr\",\"legalName\":\"DICODUSPORT\",\"foundingDate\":\"2018-01-14\",\"vatID\":\"FR71834470973\",\"taxID\":\"83447097300043\",\"numberOfEmployees\":{\"@type\":\"QuantitativeValue\",\"minValue\":\"1\",\"maxValue\":\"10\"}},{\"@type\":\"Person\",\"@id\":\"https:\/\/dicodusport.fr\/blog\/#\/schema\/person\/cb02af4c173ce4a653b55e9baf388d4a\",\"name\":\"Flo Ostermann\",\"image\":{\"@type\":\"ImageObject\",\"inLanguage\":\"fr-FR\",\"@id\":\"https:\/\/dicodusport.fr\/blog\/#\/schema\/person\/image\/\",\"url\":\"https:\/\/dicodusport.fr\/blog\/wp-content\/uploads\/2021\/05\/Flo-Ostermann-150x150.jpg\",\"contentUrl\":\"https:\/\/dicodusport.fr\/blog\/wp-content\/uploads\/2021\/05\/Flo-Ostermann-150x150.jpg\",\"caption\":\"Flo Ostermann\"},\"description\":\"Journaliste\/R\u00e9dacteur depuis septembre 2015 - Mes premiers souvenirs dans le sport ? Les envol\u00e9es du Stade Toulousain et les duels Villeneuve-Schumacher et H\u00e4kkinen-Schumacher \u00e0 la fin des ann\u00e9es 90, la Coupe du monde de football en 1998, l\u2019exploit du XV de France face aux All Blacks en 1999, mais aussi Richard C\u0153ur de Lion qui vole sur les montagnes du Tour de France. Bien parti pour devenir professeur d\u2019EPS, les \u00e9v\u00e9nements de la vie (et la flemme d\u2019animer des s\u00e9ances de 3x500 m\u00e8tres toute ma vie) m\u2019ont conduit \u00e0 revoir mes plans. Me voil\u00e0 depuis fin 2017 sur Dicodusport, m\u00e9dia gr\u00e2ce (et pour) lequel je partage ma passion : le sport dans tous ses \u00e9tats. Le tout accompagn\u00e9 par les fous furieux et folles furieuses cit\u00e9s sur cette page !\",\"sameAs\":[\"https:\/\/www.facebook.com\/florent.ostermann\",\"https:\/\/x.com\/https:\/\/twitter.com\/FlOstermann\",\"admin\"],\"url\":\"https:\/\/dicodusport.fr\/blog\/author\/flo\/\"}]}<\/script>\n<!-- \/ Yoast SEO Premium plugin. -->","yoast_head_json":{"title":"XV de France : Les notes des Bleus face \u00e0 l'Afrique du Sud","description":"TOURN\u00c9E D'AUTOMNE 2022 - Le XV de France a battu l'Afrique du Sud, championne du monde en titre, ce samedi soir (30-26). Les notes des Bleus.","robots":{"index":"index","follow":"follow","max-snippet":"max-snippet:-1","max-image-preview":"max-image-preview:large","max-video-preview":"max-video-preview:-1"},"canonical":"https:\/\/dicodusport.fr\/blog\/xv-de-france-notes-des-bleus-face-afrique-du-sud\/","next":"https:\/\/dicodusport.fr\/blog\/xv-de-france-notes-des-bleus-face-afrique-du-sud\/2\/","og_locale":"fr_FR","og_type":"article","og_title":"XV de France : Les notes des Bleus face \u00e0 l'Afrique du Sud","og_description":"TOURN\u00c9E D'AUTOMNE 2022 - Le XV de France a battu l'Afrique du Sud, championne du monde en titre, ce samedi soir (30-26). Les notes des Bleus.","og_url":"https:\/\/dicodusport.fr\/blog\/xv-de-france-notes-des-bleus-face-afrique-du-sud\/","og_site_name":"Dicodusport","article_publisher":"https:\/\/www.facebook.com\/dicodusport","article_author":"https:\/\/www.facebook.com\/florent.ostermann","article_published_time":"2022-11-12T23:02:04+00:00","article_modified_time":"2022-11-13T22:21:21+00:00","og_image":[{"width":800,"height":445,"url":"https:\/\/dicodusport.fr\/blog\/wp-content\/uploads\/2022\/11\/XV-de-France-Les-notes-des-Bleus-face-a-lAfrique-du-Sud.png","type":"image\/png"}],"author":"Flo Ostermann","twitter_card":"summary_large_image","twitter_title":"XV de France : Les notes des Bleus face \u00e0 l'Afrique du Sud","twitter_creator":"@https:\/\/twitter.com\/FlOstermann","twitter_site":"@dicodusport","schema":{"@context":"https:\/\/schema.org","@graph":[{"@type":"NewsArticle","@id":"https:\/\/dicodusport.fr\/blog\/xv-de-france-notes-des-bleus-face-afrique-du-sud\/#article","isPartOf":{"@id":"https:\/\/dicodusport.fr\/blog\/xv-de-france-notes-des-bleus-face-afrique-du-sud\/"},"author":{"name":"Flo Ostermann","@id":"https:\/\/dicodusport.fr\/blog\/#\/schema\/person\/cb02af4c173ce4a653b55e9baf388d4a"},"headline":"XV de France : Les notes des Bleus face \u00e0 l&rsquo;Afrique du Sud","datePublished":"2022-11-12T23:02:04+00:00","dateModified":"2022-11-13T22:21:21+00:00","mainEntityOfPage":{"@id":"https:\/\/dicodusport.fr\/blog\/xv-de-france-notes-des-bleus-face-afrique-du-sud\/"},"wordCount":1524,"commentCount":5,"publisher":{"@id":"https:\/\/dicodusport.fr\/blog\/#organization"},"image":{"@id":"https:\/\/dicodusport.fr\/blog\/xv-de-france-notes-des-bleus-face-afrique-du-sud\/#primaryimage"},"thumbnailUrl":"https:\/\/dicodusport.fr\/blog\/wp-content\/uploads\/2022\/11\/XV-de-France-Les-notes-des-Bleus-face-a-lAfrique-du-Sud.png","keywords":["Afrique du Sud","Notes Bleus","Notes XV de France","sport","XV de France"],"articleSection":["Rugby \u00e0 XV","XV de France"],"inLanguage":"fr-FR","potentialAction":[{"@type":"CommentAction","name":"Comment","target":["https:\/\/dicodusport.fr\/blog\/xv-de-france-notes-des-bleus-face-afrique-du-sud\/#respond"]}],"copyrightYear":"2022","copyrightHolder":{"@id":"https:\/\/dicodusport.fr\/blog\/#organization"}},{"@type":"WebPage","@id":"https:\/\/dicodusport.fr\/blog\/xv-de-france-notes-des-bleus-face-afrique-du-sud\/","url":"https:\/\/dicodusport.fr\/blog\/xv-de-france-notes-des-bleus-face-afrique-du-sud\/","name":"XV de France : Les notes des Bleus face \u00e0 l'Afrique du Sud","isPartOf":{"@id":"https:\/\/dicodusport.fr\/blog\/#website"},"primaryImageOfPage":{"@id":"https:\/\/dicodusport.fr\/blog\/xv-de-france-notes-des-bleus-face-afrique-du-sud\/#primaryimage"},"image":{"@id":"https:\/\/dicodusport.fr\/blog\/xv-de-france-notes-des-bleus-face-afrique-du-sud\/#primaryimage"},"thumbnailUrl":"https:\/\/dicodusport.fr\/blog\/wp-content\/uploads\/2022\/11\/XV-de-France-Les-notes-des-Bleus-face-a-lAfrique-du-Sud.png","datePublished":"2022-11-12T23:02:04+00:00","dateModified":"2022-11-13T22:21:21+00:00","description":"TOURN\u00c9E D'AUTOMNE 2022 - Le XV de France a battu l'Afrique du Sud, championne du monde en titre, ce samedi soir (30-26). Les notes des Bleus.","inLanguage":"fr-FR","potentialAction":[{"@type":"ReadAction","target":["https:\/\/dicodusport.fr\/blog\/xv-de-france-notes-des-bleus-face-afrique-du-sud\/"]}]},{"@type":"ImageObject","inLanguage":"fr-FR","@id":"https:\/\/dicodusport.fr\/blog\/xv-de-france-notes-des-bleus-face-afrique-du-sud\/#primaryimage","url":"https:\/\/dicodusport.fr\/blog\/wp-content\/uploads\/2022\/11\/XV-de-France-Les-notes-des-Bleus-face-a-lAfrique-du-Sud.png","contentUrl":"https:\/\/dicodusport.fr\/blog\/wp-content\/uploads\/2022\/11\/XV-de-France-Les-notes-des-Bleus-face-a-lAfrique-du-Sud.png","width":800,"height":445,"caption":"Charles Ollivon en force sur cette tourn\u00e9e d'automne - Photo Icon Sport"},{"@type":"WebSite","@id":"https:\/\/dicodusport.fr\/blog\/#website","url":"https:\/\/dicodusport.fr\/blog\/","name":"Dicodusport","description":"L&#039;encyclop\u00e9die de l&#039;actualit\u00e9 sportive","publisher":{"@id":"https:\/\/dicodusport.fr\/blog\/#organization"},"potentialAction":[{"@type":"SearchAction","target":{"@type":"EntryPoint","urlTemplate":"https:\/\/dicodusport.fr\/blog\/?s={search_term_string}"},"query-input":{"@type":"PropertyValueSpecification","valueRequired":true,"valueName":"search_term_string"}}],"inLanguage":"fr-FR"},{"@type":"NewsMediaOrganization","@id":"https:\/\/dicodusport.fr\/blog\/#organization","name":"Dicodusport","url":"https:\/\/dicodusport.fr\/blog\/","logo":{"@type":"ImageObject","inLanguage":"fr-FR","@id":"https:\/\/dicodusport.fr\/blog\/#\/schema\/logo\/image\/","url":"https:\/\/dicodusport.fr\/blog\/wp-content\/uploads\/2020\/06\/cropped-LOGO-DICODUSPORT-2020-SANS-FOND-SANS-TEXTE.png","contentUrl":"https:\/\/dicodusport.fr\/blog\/wp-content\/uploads\/2020\/06\/cropped-LOGO-DICODUSPORT-2020-SANS-FOND-SANS-TEXTE.png","width":512,"height":512,"caption":"Dicodusport"},"image":{"@id":"https:\/\/dicodusport.fr\/blog\/#\/schema\/logo\/image\/"},"sameAs":["https:\/\/www.facebook.com\/dicodusport","https:\/\/x.com\/dicodusport","https:\/\/www.instagram.com\/dicodusport\/","https:\/\/www.youtube.com\/channel\/UC7V2KZ5sd3htJivAbA4ZG3w"],"description":"Dicodusport est l'encyclop\u00e9die de l'actualit\u00e9 sportive.","email":"bonjour@dicodusport.fr","legalName":"DICODUSPORT","foundingDate":"2018-01-14","vatID":"FR71834470973","taxID":"83447097300043","numberOfEmployees":{"@type":"QuantitativeValue","minValue":"1","maxValue":"10"}},{"@type":"Person","@id":"https:\/\/dicodusport.fr\/blog\/#\/schema\/person\/cb02af4c173ce4a653b55e9baf388d4a","name":"Flo Ostermann","image":{"@type":"ImageObject","inLanguage":"fr-FR","@id":"https:\/\/dicodusport.fr\/blog\/#\/schema\/person\/image\/","url":"https:\/\/dicodusport.fr\/blog\/wp-content\/uploads\/2021\/05\/Flo-Ostermann-150x150.jpg","contentUrl":"https:\/\/dicodusport.fr\/blog\/wp-content\/uploads\/2021\/05\/Flo-Ostermann-150x150.jpg","caption":"Flo Ostermann"},"description":"Journaliste\/R\u00e9dacteur depuis septembre 2015 - Mes premiers souvenirs dans le sport ? Les envol\u00e9es du Stade Toulousain et les duels Villeneuve-Schumacher et H\u00e4kkinen-Schumacher \u00e0 la fin des ann\u00e9es 90, la Coupe du monde de football en 1998, l\u2019exploit du XV de France face aux All Blacks en 1999, mais aussi Richard C\u0153ur de Lion qui vole sur les montagnes du Tour de France. Bien parti pour devenir professeur d\u2019EPS, les \u00e9v\u00e9nements de la vie (et la flemme d\u2019animer des s\u00e9ances de 3x500 m\u00e8tres toute ma vie) m\u2019ont conduit \u00e0 revoir mes plans. Me voil\u00e0 depuis fin 2017 sur Dicodusport, m\u00e9dia gr\u00e2ce (et pour) lequel je partage ma passion : le sport dans tous ses \u00e9tats. Le tout accompagn\u00e9 par les fous furieux et folles furieuses cit\u00e9s sur cette page !","sameAs":["https:\/\/www.facebook.com\/florent.ostermann","https:\/\/x.com\/https:\/\/twitter.com\/FlOstermann","admin"],"url":"https:\/\/dicodusport.fr\/blog\/author\/flo\/"}]}},"_links":{"self":[{"href":"https:\/\/dicodusport.fr\/blog\/wp-json\/wp\/v2\/posts\/278336","targetHints":{"allow":["GET"]}}],"collection":[{"href":"https:\/\/dicodusport.fr\/blog\/wp-json\/wp\/v2\/posts"}],"about":[{"href":"https:\/\/dicodusport.fr\/blog\/wp-json\/wp\/v2\/types\/post"}],"author":[{"embeddable":true,"href":"https:\/\/dicodusport.fr\/blog\/wp-json\/wp\/v2\/users\/4"}],"replies":[{"embeddable":true,"href":"https:\/\/dicodusport.fr\/blog\/wp-json\/wp\/v2\/comments?post=278336"}],"version-history":[{"count":0,"href":"https:\/\/dicodusport.fr\/blog\/wp-json\/wp\/v2\/posts\/278336\/revisions"}],"wp:featuredmedia":[{"embeddable":true,"href":"https:\/\/dicodusport.fr\/blog\/wp-json\/wp\/v2\/media\/278437"}],"wp:attachment":[{"href":"https:\/\/dicodusport.fr\/blog\/wp-json\/wp\/v2\/media?parent=278336"}],"wp:term":[{"taxonomy":"category","embeddable":true,"href":"https:\/\/dicodusport.fr\/blog\/wp-json\/wp\/v2\/categories?post=278336"},{"taxonomy":"post_tag","embeddable":true,"href":"https:\/\/dicodusport.fr\/blog\/wp-json\/wp\/v2\/tags?post=278336"}],"curies":[{"name":"wp","href":"https:\/\/api.w.org\/{rel}","templated":true}]}}