{"id":278524,"date":"2022-11-13T12:45:32","date_gmt":"2022-11-13T11:45:32","guid":{"rendered":"https:\/\/dicodusport.fr\/blog\/?p=278524&#038;preview=true&#038;preview_id=278524"},"modified":"2022-11-13T18:00:00","modified_gmt":"2022-11-13T17:00:00","slug":"biathlon-pre-saison-idre-anais-chevalier-devance-les-soeurs-oeberg","status":"publish","type":"post","link":"https:\/\/dicodusport.fr\/blog\/biathlon-pre-saison-idre-anais-chevalier-devance-les-soeurs-oeberg\/","title":{"rendered":"Biathlon Pr\u00e9-saison Idre : Ana\u00efs Chevalier-Bouchet devance les s\u0153urs Oeberg sur le sprint"},"content":{"rendered":"<p style=\"text-align: justify;\"><em><b>BIATHLON PR\u00c9-SAISON IDRE 2022 &#8211; <\/b><\/em><em><b>Lors d\u2019une \u00e9tape de pr\u00e9-saison en Su\u00e8de, locales et Fran\u00e7aises s\u2019affrontaient sur un sprint afin de peaufiner leur pr\u00e9paration \u00e0 la Coupe du monde qui d\u00e9marre dans 16 jours. Apr\u00e8s le succ\u00e8s d&rsquo;\u00c9milien Jacquelin sur la discipline ce matin, c\u2019est Ana\u00efs Chevalier-Bouchet qui a \u00e9t\u00e9 la meilleure c\u00f4t\u00e9 femmes avec un 10\/10 au tir et un temps tr\u00e8s correct sur les skis. Elle devance Elvira Oeberg de 3 dixi\u00e8mes de seconde et sa s\u0153ur Hanna Oeberg.<\/b><\/em><\/p>\n<p style=\"text-align: justify;\">Seulement 44 biathl\u00e8tes prenaient le d\u00e9part de ce sprint de pr\u00e9-saison aujourd\u2019hui \u00e0 Idre Fj\u00e4ll, un lieu bien connu des sports d\u2019hiver. Parmi celles-ci, les meilleures locales \u00e9taient de la partie comme les <strong>s\u0153urs Oeberg<\/strong> ou <strong>Stina Nilsson<\/strong> entre autres. Du c\u00f4t\u00e9 des Tricolores, six biathl\u00e8tes venaient d\u00e9fendre leur chance en commen\u00e7ant par <strong>Lou Jeanmonnot<\/strong> et <strong>Ana\u00efs Chevalier-Bouchet <\/strong>pour conclure. De plus, <strong>Caroline Colombo<\/strong>, <strong>Paula Botet<\/strong>, <strong>Chlo\u00e9 Chevalier<\/strong> et <strong>Julia Simon<\/strong> disputaient la course aujourd\u2019hui. Rappelons que <strong>Justine Braisaz-Bouchet<\/strong> sera absente cette saison, pour une pause maternit\u00e9.<\/p>\n<h2>Des Fran\u00e7aises rapides<\/h2>\n<p style=\"text-align: justify;\">Une \u00e0 une, les filles ont pris le d\u00e9part des 7,5 km. Le moins qu\u2019on puisse dire, c\u2019est que cela nous avait manqu\u00e9 ! Estoniennes, Ukrainiennes et Lettones \u00e9taient \u00e9galement de la partie. La premi\u00e8re Fran\u00e7aise \u00e0 s\u2019\u00e9lancer, c\u2019est <strong>Lou Jeanmonnot <\/strong>avec le dossard 128. Elle a fait le plein au tir couch\u00e9 pour l\u2019habitu\u00e9e de l\u2019IBU Cup et qui est mont\u00e9e sur le podium hier sur l&rsquo;individuel court. S\u2019en est suivie une faute lors de son tir debout, ce qui lui permet de r\u00e9aliser le 9\/10. Elle termine finalement en 7<sup>\u00e8me<\/sup>\u00a0position.<\/p>\n<p style=\"text-align: justify;\"><strong>Chlo\u00e9 Chevalier<\/strong>\u00a0partait avec le dossard 136 et a laiss\u00e9 \u00e9chapper la derni\u00e8re balle de son tir couch\u00e9 puis deux sur le debout. De ce fait, elle a termin\u00e9 12<sup>\u00e8me<\/sup>. <strong>Caroline Colombo <\/strong>est rest\u00e9e dans la course avec une faute \u00e0 chaque tir mais un bon temps de ski, tout comme <strong>Paula Botet <\/strong>qui l\u2019a imit\u00e9 sur le tir mais a ski\u00e9 moins vite. Les deux Tricolores ont termin\u00e9 respectivement 8<sup>\u00e8me<\/sup> et 13<sup>\u00e8me<\/sup> de la course. <strong>Julia Simon<\/strong>, dossard 140, a compl\u00e8tement assur\u00e9 son premier tir\u00a0! Malheureusement, elle a rat\u00e9 ses deux derni\u00e8res cibles sur le tir debout. Ce 8\/10 lui suffira gr\u00e2ce \u00e0 un bon temps de ski pour terminer tout de m\u00eame \u00e0 la 5<sup>\u00e8me<\/sup> place.<\/p>\n<h2>Le plein de confiance pour Ana\u00efs Chevalier-Bouchet<\/h2>\n<p style=\"text-align: justify;\"><strong>Ana\u00efs\u00a0Chevalier-Bouchet<\/strong>, dernier dossard, est partie vite sur les skis et a r\u00e9alis\u00e9 le 10\/10 sur le pas de tir. En bataille indirecte contre la fus\u00e9e su\u00e9doise <strong>Elvira Oeberg<\/strong>, elle finira par franchir la ligne d\u2019arriv\u00e9e 3 dixi\u00e8mes de seconde devant elle. Elle a tout donn\u00e9 pour r\u00e9sister \u00e0 la jeune biathl\u00e8te qui reprenait petit \u00e0 petit du temps. Celle-ci avait en plus commis une faute lors du tir debout et skiait plus vite. Finalement, elle se contentera de la deuxi\u00e8me place devant sa s\u0153ur <strong>Hanna Oeberg<\/strong>. Cette derni\u00e8re n\u2019avait r\u00e9alis\u00e9 que le 8\/10 au tir.<\/p>\n<blockquote class=\"twitter-tweet\">\n<p dir=\"ltr\" lang=\"fr\">La victoire pour trois dixi\u00e8mes de seconde !<\/p>\n<p>Ana\u00efs Chevalier-Bouchet conclut ce week-end avec une victoire pour un rien face \u00e0 Elvira \u00d6berg, gr\u00e2ce \u00e0 un 10\/10 au tir ! <a href=\"https:\/\/twitter.com\/hashtag\/lequipeBIATHLON?src=hash&amp;ref_src=twsrc%5Etfw\">#lequipeBIATHLON<\/a> <a href=\"https:\/\/t.co\/FLHr6HErZn\">pic.twitter.com\/FLHr6HErZn<\/a><\/p>\n<p>\u2014 la chaine L&rsquo;\u00c9quipe (@lachainelequipe) <a href=\"https:\/\/twitter.com\/lachainelequipe\/status\/1591756912475140096?ref_src=twsrc%5Etfw\">November 13, 2022<\/a><\/p><\/blockquote>\n<p><script async src=\"https:\/\/platform.twitter.com\/widgets.js\" charset=\"utf-8\"><\/script><\/p>\n<p style=\"text-align: justify;\">Apr\u00e8s l<a href=\"https:\/\/dicodusport.fr\/blog\/biathlon-pre-saison-idre-emilien-jacquelin-victorieux-du-sprint\/\">a victoire d\u2019Emilien Jacquelin ce matin<\/a>, c\u2019est un doubl\u00e9 fran\u00e7ais aujourd&rsquo;hui \u00e0 Idre Fj\u00e4ll qui fait plaisir et permet aux biathl\u00e8tes tricolores de faire le plein de confiance \u00e0 deux semaines du d\u00e9but de la Coupe du monde.<\/p>\n<h2 style=\"text-align: justify;\">\u00c0 lire aussi<\/h2>\n<ul>\n<li style=\"text-align: justify;\"><a href=\"https:\/\/dicodusport.fr\/blog\/biathlon-pre-saison-idre-classement-sprint-femmes\/\"><strong>Biathlon Pr\u00e9-saison Idre \u2013 Classement sprint femmes<\/strong><\/a><\/li>\n<li style=\"text-align: justify;\"><a href=\"https:\/\/dicodusport.fr\/blog\/biathlon-pre-saison-idre-programme-complet-et-resultats\/\"><strong>Biathlon Pr\u00e9-saison Idre \u2013 Les r\u00e9sultats complets<\/strong><\/a><\/li>\n<\/ul>\n","protected":false},"excerpt":{"rendered":"<p>BIATHLON PR\u00c9-SAISON IDRE 2022 &#8211; Lors d\u2019une \u00e9tape de pr\u00e9-saison en Su\u00e8de, locales et Fran\u00e7aises s\u2019affrontaient sur un sprint afin de peaufiner leur pr\u00e9paration \u00e0 la Coupe du monde qui d\u00e9marre dans 16 jours. Apr\u00e8s le succ\u00e8s d&rsquo;\u00c9milien Jacquelin sur la discipline ce matin, c\u2019est Ana\u00efs Chevalier-Bouchet qui a \u00e9t\u00e9 la meilleure c\u00f4t\u00e9 femmes avec un 10\/10 au tir et un temps tr\u00e8s correct sur les skis. Elle devance Elvira Oeberg de 3 dixi\u00e8mes de seconde et sa s\u0153ur Hanna Oeberg.<\/p>\n","protected":false},"author":54,"featured_media":278561,"comment_status":"open","ping_status":"closed","sticky":false,"template":"","format":"standard","meta":{"_acf_changed":false,"_daextam_enable_autolinks":"","footnotes":""},"categories":[2426],"tags":[19936,2427,12969,6937],"class_list":["post-278524","post","type-post","status-publish","format-standard","has-post-thumbnail","hentry","category-biathlon","tag-anais-chevalier-bouchet","tag-biathlon","tag-idre-fjall","tag-sprint-femmes"],"acf":[],"yoast_head":"<!-- This site is optimized with the Yoast SEO Premium plugin v26.7 (Yoast SEO v26.7) - https:\/\/yoast.com\/wordpress\/plugins\/seo\/ -->\n<title>Biathlon Pr\u00e9-saison Idre : Ana\u00efs Chevalier-Bouchet devance les s\u0153urs Oeberg sur le sprint<\/title>\n<meta name=\"description\" content=\"BIATHLON PR\u00c9-SAISON IDRE - Ana\u00efs Chevalier-Bouchet a \u00e9t\u00e9 la plus forte aujourd&#039;hui gr\u00e2ce \u00e0 un tir parfait. Elle devance les soeurs Oeberg.\" \/>\n<meta name=\"robots\" content=\"index, follow, max-snippet:-1, max-image-preview:large, max-video-preview:-1\" \/>\n<link rel=\"canonical\" href=\"https:\/\/dicodusport.fr\/blog\/biathlon-pre-saison-idre-anais-chevalier-devance-les-soeurs-oeberg\/\" \/>\n<meta property=\"og:locale\" content=\"fr_FR\" \/>\n<meta property=\"og:type\" content=\"article\" \/>\n<meta property=\"og:title\" content=\"Biathlon Pr\u00e9-saison Idre : Ana\u00efs Chevalier-Bouchet devance les s\u0153urs Oeberg sur le sprint\" \/>\n<meta property=\"og:description\" content=\"BIATHLON PR\u00c9-SAISON IDRE - Ana\u00efs Chevalier-Bouchet a \u00e9t\u00e9 la plus forte aujourd&#039;hui gr\u00e2ce \u00e0 un tir parfait. Elle devance les soeurs Oeberg.\" \/>\n<meta property=\"og:url\" content=\"https:\/\/dicodusport.fr\/blog\/biathlon-pre-saison-idre-anais-chevalier-devance-les-soeurs-oeberg\/\" \/>\n<meta property=\"og:site_name\" content=\"Dicodusport\" \/>\n<meta property=\"article:publisher\" content=\"https:\/\/www.facebook.com\/dicodusport\" \/>\n<meta property=\"article:author\" content=\"https:\/\/www.facebook.com\/roxane.lecacher\" \/>\n<meta property=\"article:published_time\" content=\"2022-11-13T11:45:32+00:00\" \/>\n<meta property=\"article:modified_time\" content=\"2022-11-13T17:00:00+00:00\" \/>\n<meta property=\"og:image\" content=\"https:\/\/dicodusport.fr\/blog\/wp-content\/uploads\/2022\/11\/Biathlon-Pre-saison-Idre-Anais-Chevalier-Bouchet-devance-les-soeurs-Oeberg-sur-le-sprint.png\" \/>\n\t<meta property=\"og:image:width\" content=\"800\" \/>\n\t<meta property=\"og:image:height\" content=\"445\" \/>\n\t<meta property=\"og:image:type\" content=\"image\/png\" \/>\n<meta name=\"author\" content=\"Roxane Lecacher\" \/>\n<meta name=\"twitter:card\" content=\"summary_large_image\" \/>\n<meta name=\"twitter:title\" content=\"Biathlon Pr\u00e9-saison Idre : Ana\u00efs Chevalier-Bouchet devance les s\u0153urs Oeberg sur le sprint\" \/>\n<meta name=\"twitter:creator\" content=\"@dicodusport\" \/>\n<meta name=\"twitter:site\" content=\"@dicodusport\" \/>\n<script type=\"application\/ld+json\" class=\"yoast-schema-graph\">{\"@context\":\"https:\/\/schema.org\",\"@graph\":[{\"@type\":\"NewsArticle\",\"@id\":\"https:\/\/dicodusport.fr\/blog\/biathlon-pre-saison-idre-anais-chevalier-devance-les-soeurs-oeberg\/#article\",\"isPartOf\":{\"@id\":\"https:\/\/dicodusport.fr\/blog\/biathlon-pre-saison-idre-anais-chevalier-devance-les-soeurs-oeberg\/\"},\"author\":{\"name\":\"Roxane Lecacher\",\"@id\":\"https:\/\/dicodusport.fr\/blog\/#\/schema\/person\/819fb2545dd2715bd7c0580d6d4b411a\"},\"headline\":\"Biathlon Pr\u00e9-saison Idre : Ana\u00efs Chevalier-Bouchet devance les s\u0153urs Oeberg sur le sprint\",\"datePublished\":\"2022-11-13T11:45:32+00:00\",\"dateModified\":\"2022-11-13T17:00:00+00:00\",\"mainEntityOfPage\":{\"@id\":\"https:\/\/dicodusport.fr\/blog\/biathlon-pre-saison-idre-anais-chevalier-devance-les-soeurs-oeberg\/\"},\"wordCount\":645,\"commentCount\":0,\"publisher\":{\"@id\":\"https:\/\/dicodusport.fr\/blog\/#organization\"},\"image\":{\"@id\":\"https:\/\/dicodusport.fr\/blog\/biathlon-pre-saison-idre-anais-chevalier-devance-les-soeurs-oeberg\/#primaryimage\"},\"thumbnailUrl\":\"https:\/\/dicodusport.fr\/blog\/wp-content\/uploads\/2022\/11\/Biathlon-Pre-saison-Idre-Anais-Chevalier-Bouchet-devance-les-soeurs-Oeberg-sur-le-sprint.png\",\"keywords\":[\"Ana\u00efs Chevalier-Bouchet\",\"Biathlon\",\"Idre Fj\u00e4ll\",\"Sprint femmes\"],\"articleSection\":[\"Biathlon\"],\"inLanguage\":\"fr-FR\",\"potentialAction\":[{\"@type\":\"CommentAction\",\"name\":\"Comment\",\"target\":[\"https:\/\/dicodusport.fr\/blog\/biathlon-pre-saison-idre-anais-chevalier-devance-les-soeurs-oeberg\/#respond\"]}],\"copyrightYear\":\"2022\",\"copyrightHolder\":{\"@id\":\"https:\/\/dicodusport.fr\/blog\/#organization\"}},{\"@type\":\"WebPage\",\"@id\":\"https:\/\/dicodusport.fr\/blog\/biathlon-pre-saison-idre-anais-chevalier-devance-les-soeurs-oeberg\/\",\"url\":\"https:\/\/dicodusport.fr\/blog\/biathlon-pre-saison-idre-anais-chevalier-devance-les-soeurs-oeberg\/\",\"name\":\"Biathlon Pr\u00e9-saison Idre : Ana\u00efs Chevalier-Bouchet devance les s\u0153urs Oeberg sur le sprint\",\"isPartOf\":{\"@id\":\"https:\/\/dicodusport.fr\/blog\/#website\"},\"primaryImageOfPage\":{\"@id\":\"https:\/\/dicodusport.fr\/blog\/biathlon-pre-saison-idre-anais-chevalier-devance-les-soeurs-oeberg\/#primaryimage\"},\"image\":{\"@id\":\"https:\/\/dicodusport.fr\/blog\/biathlon-pre-saison-idre-anais-chevalier-devance-les-soeurs-oeberg\/#primaryimage\"},\"thumbnailUrl\":\"https:\/\/dicodusport.fr\/blog\/wp-content\/uploads\/2022\/11\/Biathlon-Pre-saison-Idre-Anais-Chevalier-Bouchet-devance-les-soeurs-Oeberg-sur-le-sprint.png\",\"datePublished\":\"2022-11-13T11:45:32+00:00\",\"dateModified\":\"2022-11-13T17:00:00+00:00\",\"description\":\"BIATHLON PR\u00c9-SAISON IDRE - Ana\u00efs Chevalier-Bouchet a \u00e9t\u00e9 la plus forte aujourd'hui gr\u00e2ce \u00e0 un tir parfait. Elle devance les soeurs Oeberg.\",\"breadcrumb\":{\"@id\":\"https:\/\/dicodusport.fr\/blog\/biathlon-pre-saison-idre-anais-chevalier-devance-les-soeurs-oeberg\/#breadcrumb\"},\"inLanguage\":\"fr-FR\",\"potentialAction\":[{\"@type\":\"ReadAction\",\"target\":[\"https:\/\/dicodusport.fr\/blog\/biathlon-pre-saison-idre-anais-chevalier-devance-les-soeurs-oeberg\/\"]}]},{\"@type\":\"ImageObject\",\"inLanguage\":\"fr-FR\",\"@id\":\"https:\/\/dicodusport.fr\/blog\/biathlon-pre-saison-idre-anais-chevalier-devance-les-soeurs-oeberg\/#primaryimage\",\"url\":\"https:\/\/dicodusport.fr\/blog\/wp-content\/uploads\/2022\/11\/Biathlon-Pre-saison-Idre-Anais-Chevalier-Bouchet-devance-les-soeurs-Oeberg-sur-le-sprint.png\",\"contentUrl\":\"https:\/\/dicodusport.fr\/blog\/wp-content\/uploads\/2022\/11\/Biathlon-Pre-saison-Idre-Anais-Chevalier-Bouchet-devance-les-soeurs-Oeberg-sur-le-sprint.png\",\"width\":800,\"height\":445,\"caption\":\"Ana\u00efs Chevalier-Bouchet - Photo Icon Sport\"},{\"@type\":\"BreadcrumbList\",\"@id\":\"https:\/\/dicodusport.fr\/blog\/biathlon-pre-saison-idre-anais-chevalier-devance-les-soeurs-oeberg\/#breadcrumb\",\"itemListElement\":[{\"@type\":\"ListItem\",\"position\":1,\"name\":\"Accueil\",\"item\":\"https:\/\/dicodusport.fr\/blog\/\"},{\"@type\":\"ListItem\",\"position\":2,\"name\":\"Biathlon Pr\u00e9-saison Idre : Ana\u00efs Chevalier-Bouchet devance les s\u0153urs Oeberg sur le sprint\"}]},{\"@type\":\"WebSite\",\"@id\":\"https:\/\/dicodusport.fr\/blog\/#website\",\"url\":\"https:\/\/dicodusport.fr\/blog\/\",\"name\":\"Dicodusport\",\"description\":\"L&#039;encyclop\u00e9die de l&#039;actualit\u00e9 sportive\",\"publisher\":{\"@id\":\"https:\/\/dicodusport.fr\/blog\/#organization\"},\"potentialAction\":[{\"@type\":\"SearchAction\",\"target\":{\"@type\":\"EntryPoint\",\"urlTemplate\":\"https:\/\/dicodusport.fr\/blog\/?s={search_term_string}\"},\"query-input\":{\"@type\":\"PropertyValueSpecification\",\"valueRequired\":true,\"valueName\":\"search_term_string\"}}],\"inLanguage\":\"fr-FR\"},{\"@type\":\"NewsMediaOrganization\",\"@id\":\"https:\/\/dicodusport.fr\/blog\/#organization\",\"name\":\"Dicodusport\",\"url\":\"https:\/\/dicodusport.fr\/blog\/\",\"logo\":{\"@type\":\"ImageObject\",\"inLanguage\":\"fr-FR\",\"@id\":\"https:\/\/dicodusport.fr\/blog\/#\/schema\/logo\/image\/\",\"url\":\"https:\/\/dicodusport.fr\/blog\/wp-content\/uploads\/2020\/06\/cropped-LOGO-DICODUSPORT-2020-SANS-FOND-SANS-TEXTE.png\",\"contentUrl\":\"https:\/\/dicodusport.fr\/blog\/wp-content\/uploads\/2020\/06\/cropped-LOGO-DICODUSPORT-2020-SANS-FOND-SANS-TEXTE.png\",\"width\":512,\"height\":512,\"caption\":\"Dicodusport\"},\"image\":{\"@id\":\"https:\/\/dicodusport.fr\/blog\/#\/schema\/logo\/image\/\"},\"sameAs\":[\"https:\/\/www.facebook.com\/dicodusport\",\"https:\/\/x.com\/dicodusport\",\"https:\/\/www.instagram.com\/dicodusport\/\",\"https:\/\/www.youtube.com\/channel\/UC7V2KZ5sd3htJivAbA4ZG3w\"],\"description\":\"Dicodusport est l'encyclop\u00e9die de l'actualit\u00e9 sportive.\",\"email\":\"bonjour@dicodusport.fr\",\"legalName\":\"DICODUSPORT\",\"foundingDate\":\"2018-01-14\",\"vatID\":\"FR71834470973\",\"taxID\":\"83447097300043\",\"numberOfEmployees\":{\"@type\":\"QuantitativeValue\",\"minValue\":\"1\",\"maxValue\":\"10\"}},{\"@type\":\"Person\",\"@id\":\"https:\/\/dicodusport.fr\/blog\/#\/schema\/person\/819fb2545dd2715bd7c0580d6d4b411a\",\"name\":\"Roxane Lecacher\",\"image\":{\"@type\":\"ImageObject\",\"inLanguage\":\"fr-FR\",\"@id\":\"https:\/\/dicodusport.fr\/blog\/#\/schema\/person\/image\/\",\"url\":\"https:\/\/dicodusport.fr\/blog\/wp-content\/uploads\/2021\/05\/Roxane-Lecacher-150x150.jpg\",\"contentUrl\":\"https:\/\/dicodusport.fr\/blog\/wp-content\/uploads\/2021\/05\/Roxane-Lecacher-150x150.jpg\",\"caption\":\"Roxane Lecacher\"},\"description\":\"Journaliste\/r\u00e9dactrice depuis janvier 2021 - N\u00e9e quelques jours avant la premi\u00e8re \u00e9toile des Bleus, je baigne dans une famille tr\u00e8s sportive. Je n\u2019ai eu d\u2019autres choix que de me passionner pour le sujet. Pratiquante de l\u2019athl\u00e9tisme depuis toute petite, j\u2019ai aussi un attrait tout particulier pour la Formule 1, le biathlon et le foot. Pendant les grands \u00e9v\u00e9nements, il est impossible de d\u00e9crocher de ma t\u00e9l\u00e9. C\u2019est \u00e0 travers Dicodusport que j\u2019aime d\u00e9sormais vous transmettre mes \u00e9motions et ma passion.\",\"sameAs\":[\"https:\/\/www.facebook.com\/roxane.lecacher\",\"https:\/\/fr.linkedin.com\/in\/roxane-lecacher-23368313b\"],\"url\":\"https:\/\/dicodusport.fr\/blog\/author\/roxanel\/\"}]}<\/script>\n<!-- \/ Yoast SEO Premium plugin. -->","yoast_head_json":{"title":"Biathlon Pr\u00e9-saison Idre : Ana\u00efs Chevalier-Bouchet devance les s\u0153urs Oeberg sur le sprint","description":"BIATHLON PR\u00c9-SAISON IDRE - Ana\u00efs Chevalier-Bouchet a \u00e9t\u00e9 la plus forte aujourd'hui gr\u00e2ce \u00e0 un tir parfait. Elle devance les soeurs Oeberg.","robots":{"index":"index","follow":"follow","max-snippet":"max-snippet:-1","max-image-preview":"max-image-preview:large","max-video-preview":"max-video-preview:-1"},"canonical":"https:\/\/dicodusport.fr\/blog\/biathlon-pre-saison-idre-anais-chevalier-devance-les-soeurs-oeberg\/","og_locale":"fr_FR","og_type":"article","og_title":"Biathlon Pr\u00e9-saison Idre : Ana\u00efs Chevalier-Bouchet devance les s\u0153urs Oeberg sur le sprint","og_description":"BIATHLON PR\u00c9-SAISON IDRE - Ana\u00efs Chevalier-Bouchet a \u00e9t\u00e9 la plus forte aujourd'hui gr\u00e2ce \u00e0 un tir parfait. Elle devance les soeurs Oeberg.","og_url":"https:\/\/dicodusport.fr\/blog\/biathlon-pre-saison-idre-anais-chevalier-devance-les-soeurs-oeberg\/","og_site_name":"Dicodusport","article_publisher":"https:\/\/www.facebook.com\/dicodusport","article_author":"https:\/\/www.facebook.com\/roxane.lecacher","article_published_time":"2022-11-13T11:45:32+00:00","article_modified_time":"2022-11-13T17:00:00+00:00","og_image":[{"width":800,"height":445,"url":"https:\/\/dicodusport.fr\/blog\/wp-content\/uploads\/2022\/11\/Biathlon-Pre-saison-Idre-Anais-Chevalier-Bouchet-devance-les-soeurs-Oeberg-sur-le-sprint.png","type":"image\/png"}],"author":"Roxane Lecacher","twitter_card":"summary_large_image","twitter_title":"Biathlon Pr\u00e9-saison Idre : Ana\u00efs Chevalier-Bouchet devance les s\u0153urs Oeberg sur le sprint","twitter_creator":"@dicodusport","twitter_site":"@dicodusport","schema":{"@context":"https:\/\/schema.org","@graph":[{"@type":"NewsArticle","@id":"https:\/\/dicodusport.fr\/blog\/biathlon-pre-saison-idre-anais-chevalier-devance-les-soeurs-oeberg\/#article","isPartOf":{"@id":"https:\/\/dicodusport.fr\/blog\/biathlon-pre-saison-idre-anais-chevalier-devance-les-soeurs-oeberg\/"},"author":{"name":"Roxane Lecacher","@id":"https:\/\/dicodusport.fr\/blog\/#\/schema\/person\/819fb2545dd2715bd7c0580d6d4b411a"},"headline":"Biathlon Pr\u00e9-saison Idre : Ana\u00efs Chevalier-Bouchet devance les s\u0153urs Oeberg sur le sprint","datePublished":"2022-11-13T11:45:32+00:00","dateModified":"2022-11-13T17:00:00+00:00","mainEntityOfPage":{"@id":"https:\/\/dicodusport.fr\/blog\/biathlon-pre-saison-idre-anais-chevalier-devance-les-soeurs-oeberg\/"},"wordCount":645,"commentCount":0,"publisher":{"@id":"https:\/\/dicodusport.fr\/blog\/#organization"},"image":{"@id":"https:\/\/dicodusport.fr\/blog\/biathlon-pre-saison-idre-anais-chevalier-devance-les-soeurs-oeberg\/#primaryimage"},"thumbnailUrl":"https:\/\/dicodusport.fr\/blog\/wp-content\/uploads\/2022\/11\/Biathlon-Pre-saison-Idre-Anais-Chevalier-Bouchet-devance-les-soeurs-Oeberg-sur-le-sprint.png","keywords":["Ana\u00efs Chevalier-Bouchet","Biathlon","Idre Fj\u00e4ll","Sprint femmes"],"articleSection":["Biathlon"],"inLanguage":"fr-FR","potentialAction":[{"@type":"CommentAction","name":"Comment","target":["https:\/\/dicodusport.fr\/blog\/biathlon-pre-saison-idre-anais-chevalier-devance-les-soeurs-oeberg\/#respond"]}],"copyrightYear":"2022","copyrightHolder":{"@id":"https:\/\/dicodusport.fr\/blog\/#organization"}},{"@type":"WebPage","@id":"https:\/\/dicodusport.fr\/blog\/biathlon-pre-saison-idre-anais-chevalier-devance-les-soeurs-oeberg\/","url":"https:\/\/dicodusport.fr\/blog\/biathlon-pre-saison-idre-anais-chevalier-devance-les-soeurs-oeberg\/","name":"Biathlon Pr\u00e9-saison Idre : Ana\u00efs Chevalier-Bouchet devance les s\u0153urs Oeberg sur le sprint","isPartOf":{"@id":"https:\/\/dicodusport.fr\/blog\/#website"},"primaryImageOfPage":{"@id":"https:\/\/dicodusport.fr\/blog\/biathlon-pre-saison-idre-anais-chevalier-devance-les-soeurs-oeberg\/#primaryimage"},"image":{"@id":"https:\/\/dicodusport.fr\/blog\/biathlon-pre-saison-idre-anais-chevalier-devance-les-soeurs-oeberg\/#primaryimage"},"thumbnailUrl":"https:\/\/dicodusport.fr\/blog\/wp-content\/uploads\/2022\/11\/Biathlon-Pre-saison-Idre-Anais-Chevalier-Bouchet-devance-les-soeurs-Oeberg-sur-le-sprint.png","datePublished":"2022-11-13T11:45:32+00:00","dateModified":"2022-11-13T17:00:00+00:00","description":"BIATHLON PR\u00c9-SAISON IDRE - Ana\u00efs Chevalier-Bouchet a \u00e9t\u00e9 la plus forte aujourd'hui gr\u00e2ce \u00e0 un tir parfait. Elle devance les soeurs Oeberg.","breadcrumb":{"@id":"https:\/\/dicodusport.fr\/blog\/biathlon-pre-saison-idre-anais-chevalier-devance-les-soeurs-oeberg\/#breadcrumb"},"inLanguage":"fr-FR","potentialAction":[{"@type":"ReadAction","target":["https:\/\/dicodusport.fr\/blog\/biathlon-pre-saison-idre-anais-chevalier-devance-les-soeurs-oeberg\/"]}]},{"@type":"ImageObject","inLanguage":"fr-FR","@id":"https:\/\/dicodusport.fr\/blog\/biathlon-pre-saison-idre-anais-chevalier-devance-les-soeurs-oeberg\/#primaryimage","url":"https:\/\/dicodusport.fr\/blog\/wp-content\/uploads\/2022\/11\/Biathlon-Pre-saison-Idre-Anais-Chevalier-Bouchet-devance-les-soeurs-Oeberg-sur-le-sprint.png","contentUrl":"https:\/\/dicodusport.fr\/blog\/wp-content\/uploads\/2022\/11\/Biathlon-Pre-saison-Idre-Anais-Chevalier-Bouchet-devance-les-soeurs-Oeberg-sur-le-sprint.png","width":800,"height":445,"caption":"Ana\u00efs Chevalier-Bouchet - Photo Icon Sport"},{"@type":"BreadcrumbList","@id":"https:\/\/dicodusport.fr\/blog\/biathlon-pre-saison-idre-anais-chevalier-devance-les-soeurs-oeberg\/#breadcrumb","itemListElement":[{"@type":"ListItem","position":1,"name":"Accueil","item":"https:\/\/dicodusport.fr\/blog\/"},{"@type":"ListItem","position":2,"name":"Biathlon Pr\u00e9-saison Idre : Ana\u00efs Chevalier-Bouchet devance les s\u0153urs Oeberg sur le sprint"}]},{"@type":"WebSite","@id":"https:\/\/dicodusport.fr\/blog\/#website","url":"https:\/\/dicodusport.fr\/blog\/","name":"Dicodusport","description":"L&#039;encyclop\u00e9die de l&#039;actualit\u00e9 sportive","publisher":{"@id":"https:\/\/dicodusport.fr\/blog\/#organization"},"potentialAction":[{"@type":"SearchAction","target":{"@type":"EntryPoint","urlTemplate":"https:\/\/dicodusport.fr\/blog\/?s={search_term_string}"},"query-input":{"@type":"PropertyValueSpecification","valueRequired":true,"valueName":"search_term_string"}}],"inLanguage":"fr-FR"},{"@type":"NewsMediaOrganization","@id":"https:\/\/dicodusport.fr\/blog\/#organization","name":"Dicodusport","url":"https:\/\/dicodusport.fr\/blog\/","logo":{"@type":"ImageObject","inLanguage":"fr-FR","@id":"https:\/\/dicodusport.fr\/blog\/#\/schema\/logo\/image\/","url":"https:\/\/dicodusport.fr\/blog\/wp-content\/uploads\/2020\/06\/cropped-LOGO-DICODUSPORT-2020-SANS-FOND-SANS-TEXTE.png","contentUrl":"https:\/\/dicodusport.fr\/blog\/wp-content\/uploads\/2020\/06\/cropped-LOGO-DICODUSPORT-2020-SANS-FOND-SANS-TEXTE.png","width":512,"height":512,"caption":"Dicodusport"},"image":{"@id":"https:\/\/dicodusport.fr\/blog\/#\/schema\/logo\/image\/"},"sameAs":["https:\/\/www.facebook.com\/dicodusport","https:\/\/x.com\/dicodusport","https:\/\/www.instagram.com\/dicodusport\/","https:\/\/www.youtube.com\/channel\/UC7V2KZ5sd3htJivAbA4ZG3w"],"description":"Dicodusport est l'encyclop\u00e9die de l'actualit\u00e9 sportive.","email":"bonjour@dicodusport.fr","legalName":"DICODUSPORT","foundingDate":"2018-01-14","vatID":"FR71834470973","taxID":"83447097300043","numberOfEmployees":{"@type":"QuantitativeValue","minValue":"1","maxValue":"10"}},{"@type":"Person","@id":"https:\/\/dicodusport.fr\/blog\/#\/schema\/person\/819fb2545dd2715bd7c0580d6d4b411a","name":"Roxane Lecacher","image":{"@type":"ImageObject","inLanguage":"fr-FR","@id":"https:\/\/dicodusport.fr\/blog\/#\/schema\/person\/image\/","url":"https:\/\/dicodusport.fr\/blog\/wp-content\/uploads\/2021\/05\/Roxane-Lecacher-150x150.jpg","contentUrl":"https:\/\/dicodusport.fr\/blog\/wp-content\/uploads\/2021\/05\/Roxane-Lecacher-150x150.jpg","caption":"Roxane Lecacher"},"description":"Journaliste\/r\u00e9dactrice depuis janvier 2021 - N\u00e9e quelques jours avant la premi\u00e8re \u00e9toile des Bleus, je baigne dans une famille tr\u00e8s sportive. Je n\u2019ai eu d\u2019autres choix que de me passionner pour le sujet. Pratiquante de l\u2019athl\u00e9tisme depuis toute petite, j\u2019ai aussi un attrait tout particulier pour la Formule 1, le biathlon et le foot. Pendant les grands \u00e9v\u00e9nements, il est impossible de d\u00e9crocher de ma t\u00e9l\u00e9. C\u2019est \u00e0 travers Dicodusport que j\u2019aime d\u00e9sormais vous transmettre mes \u00e9motions et ma passion.","sameAs":["https:\/\/www.facebook.com\/roxane.lecacher","https:\/\/fr.linkedin.com\/in\/roxane-lecacher-23368313b"],"url":"https:\/\/dicodusport.fr\/blog\/author\/roxanel\/"}]}},"_links":{"self":[{"href":"https:\/\/dicodusport.fr\/blog\/wp-json\/wp\/v2\/posts\/278524","targetHints":{"allow":["GET"]}}],"collection":[{"href":"https:\/\/dicodusport.fr\/blog\/wp-json\/wp\/v2\/posts"}],"about":[{"href":"https:\/\/dicodusport.fr\/blog\/wp-json\/wp\/v2\/types\/post"}],"author":[{"embeddable":true,"href":"https:\/\/dicodusport.fr\/blog\/wp-json\/wp\/v2\/users\/54"}],"replies":[{"embeddable":true,"href":"https:\/\/dicodusport.fr\/blog\/wp-json\/wp\/v2\/comments?post=278524"}],"version-history":[{"count":0,"href":"https:\/\/dicodusport.fr\/blog\/wp-json\/wp\/v2\/posts\/278524\/revisions"}],"wp:featuredmedia":[{"embeddable":true,"href":"https:\/\/dicodusport.fr\/blog\/wp-json\/wp\/v2\/media\/278561"}],"wp:attachment":[{"href":"https:\/\/dicodusport.fr\/blog\/wp-json\/wp\/v2\/media?parent=278524"}],"wp:term":[{"taxonomy":"category","embeddable":true,"href":"https:\/\/dicodusport.fr\/blog\/wp-json\/wp\/v2\/categories?post=278524"},{"taxonomy":"post_tag","embeddable":true,"href":"https:\/\/dicodusport.fr\/blog\/wp-json\/wp\/v2\/tags?post=278524"}],"curies":[{"name":"wp","href":"https:\/\/api.w.org\/{rel}","templated":true}]}}