{"id":278622,"date":"2022-11-13T15:36:46","date_gmt":"2022-11-13T14:36:46","guid":{"rendered":"https:\/\/dicodusport.fr\/blog\/?p=278622&#038;preview=true&#038;preview_id=278622"},"modified":"2022-11-13T18:10:46","modified_gmt":"2022-11-13T17:10:46","slug":"emilien-jacquelin-dans-le-dernier-tour-il-men-manquait-un-petit-peu","status":"publish","type":"post","link":"https:\/\/dicodusport.fr\/blog\/emilien-jacquelin-dans-le-dernier-tour-il-men-manquait-un-petit-peu\/","title":{"rendered":"\u00c9milien Jacquelin : \u00ab\u00a0Dans le dernier tour, il m\u2019en manquait un petit peu\u00a0\u00bb"},"content":{"rendered":"<p style=\"text-align: justify;\"><em><a style=\"font-weight: bold;\" href=\"https:\/\/dicodusport.fr\/blog\/biathlon-pre-saison-idre-programme-complet-et-resultats\/\">BIATHLON PR\u00c9-SAISON IDRE 2022<\/a><b> &#8211; <a href=\"https:\/\/dicodusport.fr\/blog\/biathlon-pre-saison-idre-emilien-jacquelin-victorieux-du-sprint\/\" target=\"_blank\" rel=\"noopener\">Vainqueur du sprint d&rsquo;Idre Fj\u00e4ll dimanche<\/a>, \u00c9milien Jacquelin \u00e9tait satisfait de son week-end su\u00e9dois, m\u00eame s&rsquo;il n&rsquo;a pas r\u00e9ussi \u00e0 donner sa pleine mesure dans le dernier tour.\u00a0<\/b><\/em><\/p>\n<p style=\"text-align: justify;\">Dans la derni\u00e8re boucle du sprint ce dimanche, <strong>Martin<\/strong> <strong>Ponsiluoma<\/strong> a repris du temps \u00e0 l&rsquo;Is\u00e9rois, et le double champion du monde fran\u00e7ais s&rsquo;en est rendu compte. Il lui a manqu\u00e9 un petit truc pour mieux terminer la course. Malgr\u00e9 tout, <strong>\u00c9milien<\/strong> <strong>Jacquelin<\/strong> est tr\u00e8s content de son week-end \u00e0 <strong>Idre<\/strong>, \u00e0 un peu plus de 15 jours de la reprise de la <strong>Coupe du monde<\/strong>. Au micro de <em>La Cha\u00eene L&rsquo;\u00c9quipe<\/em>, il s&rsquo;est expliqu\u00e9.<\/p>\n<blockquote>\n<p style=\"text-align: justify;\">Je suis surtout venu \u00e0 Idre pour faire le plein de sensations. Je ne cherchais pas forc\u00e9ment \u00e0 gagner, \u00e0 performer. Je voulais par contre retrouver un \u00e9tat d\u2019esprit et toute la rigueur que je mettais dans mes tirs au d\u00e9but de la saison derni\u00e8re o\u00f9 je pense avoir pass\u00e9 un cap. Je suis tr\u00e8s content de retrouver du soin, du travail derri\u00e8re la carabine. Je prends du plaisir comme \u00e7a. Tr\u00e8s content de l\u2019\u00e9tat d\u2019esprit, de la mani\u00e8re et \u00e7a me donne raison pour la suite. Dans le dernier tour il m\u2019en manquait un petit peu. J\u2019avais du mal \u00e0 me battre et \u00e0 aller chercher au plus profond de moi-m\u00eame. Mais je sais que quand ce sera en Coupe du monde avec du public \u00e7a risque de revenir dans l\u2019ordre.<\/p>\n<\/blockquote>\n<p style=\"text-align: justify;\"><strong>\u00c9milien<\/strong> <strong>Jacquelin<\/strong> veut r\u00e9aliser une saison pleine apr\u00e8s avoir \u00e9t\u00e9 un peud\u00e9\u00e7u d&rsquo;avoir perdu plusieurs places au classement g\u00e9n\u00e9ral en toute fin de parcours l&rsquo;ann\u00e9e derni\u00e8re. Avec les Mondiaux d&rsquo;Oberhof en ligne de mire.<\/p>\n<blockquote class=\"twitter-tweet\">\n<p dir=\"ltr\" lang=\"fr\">&#x1f4ac; \u00ab Lorsque ce sera un dossard de Coupe du monde, qu&rsquo;il y aura un peu de public, \u00e7a risque de revenir dans l&rsquo;ordre. \u00bb<\/p>\n<p>\u00c9milien Jacquelin analyse sa course, remport\u00e9e mais encore perfectible selon lui. <a href=\"https:\/\/twitter.com\/hashtag\/lequipeBIATHLON?src=hash&amp;ref_src=twsrc%5Etfw\">#lequipeBIATHLON<\/a> <a href=\"https:\/\/t.co\/eErF3GcmCN\">pic.twitter.com\/eErF3GcmCN<\/a><\/p>\n<p>\u2014 la chaine L&rsquo;\u00c9quipe (@lachainelequipe) <a href=\"https:\/\/twitter.com\/lachainelequipe\/status\/1591738393188253696?ref_src=twsrc%5Etfw\">November 13, 2022<\/a><\/p><\/blockquote>\n<p style=\"text-align: justify;\"><script async src=\"https:\/\/platform.twitter.com\/widgets.js\" charset=\"utf-8\"><\/script><\/p>\n","protected":false},"excerpt":{"rendered":"<p>BIATHLON PR\u00c9-SAISON IDRE 2022 &#8211; Vainqueur du sprint d&rsquo;Idre Fj\u00e4ll dimanche, \u00c9milien Jacquelin \u00e9tait satisfait de son week-end su\u00e9dois, m\u00eame s&rsquo;il n&rsquo;a pas r\u00e9ussi \u00e0 donner sa pleine mesure dans le dernier tour.\u00a0<\/p>\n","protected":false},"author":1,"featured_media":242349,"comment_status":"open","ping_status":"closed","sticky":false,"template":"","format":"standard","meta":{"_acf_changed":false,"_daextam_enable_autolinks":"","footnotes":""},"categories":[2426],"tags":[2427,2692,12969,2693],"class_list":["post-278622","post","type-post","status-publish","format-standard","has-post-thumbnail","hentry","category-biathlon","tag-biathlon","tag-emilien-jacquelin","tag-idre-fjall","tag-jacquelin"],"acf":[],"yoast_head":"<!-- This site is optimized with the Yoast SEO Premium plugin v26.7 (Yoast SEO v26.7) - https:\/\/yoast.com\/wordpress\/plugins\/seo\/ -->\n<title>\u00c9milien Jacquelin : &quot;Dans le dernier tour, il m\u2019en manquait un petit peu&quot;<\/title>\n<meta name=\"description\" content=\"BIATHLON PR\u00c9-SAISON IDRE 2022 - Vainqueur du sprint d&#039;Idre Fj\u00e4ll dimanche, \u00c9milien Jacquelin \u00e9tait satisfait de son week-end su\u00e9dois.\" \/>\n<meta name=\"robots\" content=\"index, follow, max-snippet:-1, max-image-preview:large, max-video-preview:-1\" \/>\n<link rel=\"canonical\" href=\"https:\/\/dicodusport.fr\/blog\/emilien-jacquelin-dans-le-dernier-tour-il-men-manquait-un-petit-peu\/\" \/>\n<meta property=\"og:locale\" content=\"fr_FR\" \/>\n<meta property=\"og:type\" content=\"article\" \/>\n<meta property=\"og:title\" content=\"\u00c9milien Jacquelin : &quot;Dans le dernier tour, il m\u2019en manquait un petit peu&quot;\" \/>\n<meta property=\"og:description\" content=\"BIATHLON PR\u00c9-SAISON IDRE 2022 - Vainqueur du sprint d&#039;Idre Fj\u00e4ll dimanche, \u00c9milien Jacquelin \u00e9tait satisfait de son week-end su\u00e9dois.\" \/>\n<meta property=\"og:url\" content=\"https:\/\/dicodusport.fr\/blog\/emilien-jacquelin-dans-le-dernier-tour-il-men-manquait-un-petit-peu\/\" \/>\n<meta property=\"og:site_name\" content=\"Dicodusport\" \/>\n<meta property=\"article:publisher\" content=\"https:\/\/www.facebook.com\/dicodusport\" \/>\n<meta property=\"article:author\" content=\"https:\/\/www.facebook.com\/dicodusport\" \/>\n<meta property=\"article:published_time\" content=\"2022-11-13T14:36:46+00:00\" \/>\n<meta property=\"article:modified_time\" content=\"2022-11-13T17:10:46+00:00\" \/>\n<meta property=\"og:image\" content=\"https:\/\/dicodusport.fr\/blog\/wp-content\/uploads\/2022\/07\/LEtape-du-Tour-Vincent-Vittoz-plus-fort-quE\u0301milien-Jacquelin-et-Fabien-Claude.png\" \/>\n\t<meta property=\"og:image:width\" content=\"800\" \/>\n\t<meta property=\"og:image:height\" content=\"445\" \/>\n\t<meta property=\"og:image:type\" content=\"image\/png\" \/>\n<meta name=\"author\" content=\"Nicolas Jacquemard\" \/>\n<meta name=\"twitter:card\" content=\"summary_large_image\" \/>\n<meta name=\"twitter:title\" content=\"\u00c9milien Jacquelin : &quot;Dans le dernier tour, il m\u2019en manquait un petit peu&quot;\" \/>\n<meta name=\"twitter:creator\" content=\"@https:\/\/twitter.com\/Nico_Jacquemard\" \/>\n<meta name=\"twitter:site\" content=\"@dicodusport\" \/>\n<script type=\"application\/ld+json\" class=\"yoast-schema-graph\">{\"@context\":\"https:\/\/schema.org\",\"@graph\":[{\"@type\":\"NewsArticle\",\"@id\":\"https:\/\/dicodusport.fr\/blog\/emilien-jacquelin-dans-le-dernier-tour-il-men-manquait-un-petit-peu\/#article\",\"isPartOf\":{\"@id\":\"https:\/\/dicodusport.fr\/blog\/emilien-jacquelin-dans-le-dernier-tour-il-men-manquait-un-petit-peu\/\"},\"author\":{\"name\":\"Nicolas Jacquemard\",\"@id\":\"https:\/\/dicodusport.fr\/blog\/#\/schema\/person\/55dcb50ad410894e431ed812bbb70191\"},\"headline\":\"\u00c9milien Jacquelin : \u00ab\u00a0Dans le dernier tour, il m\u2019en manquait un petit peu\u00a0\u00bb\",\"datePublished\":\"2022-11-13T14:36:46+00:00\",\"dateModified\":\"2022-11-13T17:10:46+00:00\",\"mainEntityOfPage\":{\"@id\":\"https:\/\/dicodusport.fr\/blog\/emilien-jacquelin-dans-le-dernier-tour-il-men-manquait-un-petit-peu\/\"},\"wordCount\":368,\"commentCount\":0,\"publisher\":{\"@id\":\"https:\/\/dicodusport.fr\/blog\/#organization\"},\"image\":{\"@id\":\"https:\/\/dicodusport.fr\/blog\/emilien-jacquelin-dans-le-dernier-tour-il-men-manquait-un-petit-peu\/#primaryimage\"},\"thumbnailUrl\":\"https:\/\/dicodusport.fr\/blog\/wp-content\/uploads\/2022\/07\/LEtape-du-Tour-Vincent-Vittoz-plus-fort-quE\u0301milien-Jacquelin-et-Fabien-Claude.png\",\"keywords\":[\"Biathlon\",\"Emilien Jacquelin\",\"Idre Fj\u00e4ll\",\"Jacquelin\"],\"articleSection\":[\"Biathlon\"],\"inLanguage\":\"fr-FR\",\"potentialAction\":[{\"@type\":\"CommentAction\",\"name\":\"Comment\",\"target\":[\"https:\/\/dicodusport.fr\/blog\/emilien-jacquelin-dans-le-dernier-tour-il-men-manquait-un-petit-peu\/#respond\"]}],\"copyrightYear\":\"2022\",\"copyrightHolder\":{\"@id\":\"https:\/\/dicodusport.fr\/blog\/#organization\"}},{\"@type\":\"WebPage\",\"@id\":\"https:\/\/dicodusport.fr\/blog\/emilien-jacquelin-dans-le-dernier-tour-il-men-manquait-un-petit-peu\/\",\"url\":\"https:\/\/dicodusport.fr\/blog\/emilien-jacquelin-dans-le-dernier-tour-il-men-manquait-un-petit-peu\/\",\"name\":\"\u00c9milien Jacquelin : \\\"Dans le dernier tour, il m\u2019en manquait un petit peu\\\"\",\"isPartOf\":{\"@id\":\"https:\/\/dicodusport.fr\/blog\/#website\"},\"primaryImageOfPage\":{\"@id\":\"https:\/\/dicodusport.fr\/blog\/emilien-jacquelin-dans-le-dernier-tour-il-men-manquait-un-petit-peu\/#primaryimage\"},\"image\":{\"@id\":\"https:\/\/dicodusport.fr\/blog\/emilien-jacquelin-dans-le-dernier-tour-il-men-manquait-un-petit-peu\/#primaryimage\"},\"thumbnailUrl\":\"https:\/\/dicodusport.fr\/blog\/wp-content\/uploads\/2022\/07\/LEtape-du-Tour-Vincent-Vittoz-plus-fort-quE\u0301milien-Jacquelin-et-Fabien-Claude.png\",\"datePublished\":\"2022-11-13T14:36:46+00:00\",\"dateModified\":\"2022-11-13T17:10:46+00:00\",\"description\":\"BIATHLON PR\u00c9-SAISON IDRE 2022 - Vainqueur du sprint d'Idre Fj\u00e4ll dimanche, \u00c9milien Jacquelin \u00e9tait satisfait de son week-end su\u00e9dois.\",\"breadcrumb\":{\"@id\":\"https:\/\/dicodusport.fr\/blog\/emilien-jacquelin-dans-le-dernier-tour-il-men-manquait-un-petit-peu\/#breadcrumb\"},\"inLanguage\":\"fr-FR\",\"potentialAction\":[{\"@type\":\"ReadAction\",\"target\":[\"https:\/\/dicodusport.fr\/blog\/emilien-jacquelin-dans-le-dernier-tour-il-men-manquait-un-petit-peu\/\"]}]},{\"@type\":\"ImageObject\",\"inLanguage\":\"fr-FR\",\"@id\":\"https:\/\/dicodusport.fr\/blog\/emilien-jacquelin-dans-le-dernier-tour-il-men-manquait-un-petit-peu\/#primaryimage\",\"url\":\"https:\/\/dicodusport.fr\/blog\/wp-content\/uploads\/2022\/07\/LEtape-du-Tour-Vincent-Vittoz-plus-fort-quE\u0301milien-Jacquelin-et-Fabien-Claude.png\",\"contentUrl\":\"https:\/\/dicodusport.fr\/blog\/wp-content\/uploads\/2022\/07\/LEtape-du-Tour-Vincent-Vittoz-plus-fort-quE\u0301milien-Jacquelin-et-Fabien-Claude.png\",\"width\":800,\"height\":445},{\"@type\":\"BreadcrumbList\",\"@id\":\"https:\/\/dicodusport.fr\/blog\/emilien-jacquelin-dans-le-dernier-tour-il-men-manquait-un-petit-peu\/#breadcrumb\",\"itemListElement\":[{\"@type\":\"ListItem\",\"position\":1,\"name\":\"Accueil\",\"item\":\"https:\/\/dicodusport.fr\/blog\/\"},{\"@type\":\"ListItem\",\"position\":2,\"name\":\"\u00c9milien Jacquelin : \u00ab\u00a0Dans le dernier tour, il m\u2019en manquait un petit peu\u00a0\u00bb\"}]},{\"@type\":\"WebSite\",\"@id\":\"https:\/\/dicodusport.fr\/blog\/#website\",\"url\":\"https:\/\/dicodusport.fr\/blog\/\",\"name\":\"Dicodusport\",\"description\":\"L&#039;encyclop\u00e9die de l&#039;actualit\u00e9 sportive\",\"publisher\":{\"@id\":\"https:\/\/dicodusport.fr\/blog\/#organization\"},\"potentialAction\":[{\"@type\":\"SearchAction\",\"target\":{\"@type\":\"EntryPoint\",\"urlTemplate\":\"https:\/\/dicodusport.fr\/blog\/?s={search_term_string}\"},\"query-input\":{\"@type\":\"PropertyValueSpecification\",\"valueRequired\":true,\"valueName\":\"search_term_string\"}}],\"inLanguage\":\"fr-FR\"},{\"@type\":\"NewsMediaOrganization\",\"@id\":\"https:\/\/dicodusport.fr\/blog\/#organization\",\"name\":\"Dicodusport\",\"url\":\"https:\/\/dicodusport.fr\/blog\/\",\"logo\":{\"@type\":\"ImageObject\",\"inLanguage\":\"fr-FR\",\"@id\":\"https:\/\/dicodusport.fr\/blog\/#\/schema\/logo\/image\/\",\"url\":\"https:\/\/dicodusport.fr\/blog\/wp-content\/uploads\/2020\/06\/cropped-LOGO-DICODUSPORT-2020-SANS-FOND-SANS-TEXTE.png\",\"contentUrl\":\"https:\/\/dicodusport.fr\/blog\/wp-content\/uploads\/2020\/06\/cropped-LOGO-DICODUSPORT-2020-SANS-FOND-SANS-TEXTE.png\",\"width\":512,\"height\":512,\"caption\":\"Dicodusport\"},\"image\":{\"@id\":\"https:\/\/dicodusport.fr\/blog\/#\/schema\/logo\/image\/\"},\"sameAs\":[\"https:\/\/www.facebook.com\/dicodusport\",\"https:\/\/x.com\/dicodusport\",\"https:\/\/www.instagram.com\/dicodusport\/\",\"https:\/\/www.youtube.com\/channel\/UC7V2KZ5sd3htJivAbA4ZG3w\"],\"description\":\"Dicodusport est l'encyclop\u00e9die de l'actualit\u00e9 sportive.\",\"email\":\"bonjour@dicodusport.fr\",\"legalName\":\"DICODUSPORT\",\"foundingDate\":\"2018-01-14\",\"vatID\":\"FR71834470973\",\"taxID\":\"83447097300043\",\"numberOfEmployees\":{\"@type\":\"QuantitativeValue\",\"minValue\":\"1\",\"maxValue\":\"10\"}},{\"@type\":\"Person\",\"@id\":\"https:\/\/dicodusport.fr\/blog\/#\/schema\/person\/55dcb50ad410894e431ed812bbb70191\",\"name\":\"Nicolas Jacquemard\",\"image\":{\"@type\":\"ImageObject\",\"inLanguage\":\"fr-FR\",\"@id\":\"https:\/\/dicodusport.fr\/blog\/#\/schema\/person\/image\/\",\"url\":\"https:\/\/dicodusport.fr\/blog\/wp-content\/uploads\/2021\/05\/Nicolas-Jacquemard-150x150.jpeg\",\"contentUrl\":\"https:\/\/dicodusport.fr\/blog\/wp-content\/uploads\/2021\/05\/Nicolas-Jacquemard-150x150.jpeg\",\"caption\":\"Nicolas Jacquemard\"},\"description\":\"Passionn\u00e9 de sport et entrepreneur depuis mes 18 ans, la cr\u00e9ation de Dicodusport m'a sembl\u00e9 \u00e9vidente pour participer \u00e0 la m\u00e9diatisation d'un plus grand nombre de sports. Le chemin est long mais avec une \u00e9quipe des plus motiv\u00e9es et les Jeux Olympiques de Paris 2024 en point de mire, nous y arriverons ! Journaliste dans le monde du sport depuis plus de 5 ans, je traite aussi bien de football, de rugby, de biathlon que de cyclisme.\",\"sameAs\":[\"https:\/\/www.facebook.com\/dicodusport\",\"https:\/\/x.com\/https:\/\/twitter.com\/Nico_Jacquemard\"],\"url\":\"https:\/\/dicodusport.fr\/blog\/author\/dicodusport\/\"}]}<\/script>\n<!-- \/ Yoast SEO Premium plugin. -->","yoast_head_json":{"title":"\u00c9milien Jacquelin : \"Dans le dernier tour, il m\u2019en manquait un petit peu\"","description":"BIATHLON PR\u00c9-SAISON IDRE 2022 - Vainqueur du sprint d'Idre Fj\u00e4ll dimanche, \u00c9milien Jacquelin \u00e9tait satisfait de son week-end su\u00e9dois.","robots":{"index":"index","follow":"follow","max-snippet":"max-snippet:-1","max-image-preview":"max-image-preview:large","max-video-preview":"max-video-preview:-1"},"canonical":"https:\/\/dicodusport.fr\/blog\/emilien-jacquelin-dans-le-dernier-tour-il-men-manquait-un-petit-peu\/","og_locale":"fr_FR","og_type":"article","og_title":"\u00c9milien Jacquelin : \"Dans le dernier tour, il m\u2019en manquait un petit peu\"","og_description":"BIATHLON PR\u00c9-SAISON IDRE 2022 - Vainqueur du sprint d'Idre Fj\u00e4ll dimanche, \u00c9milien Jacquelin \u00e9tait satisfait de son week-end su\u00e9dois.","og_url":"https:\/\/dicodusport.fr\/blog\/emilien-jacquelin-dans-le-dernier-tour-il-men-manquait-un-petit-peu\/","og_site_name":"Dicodusport","article_publisher":"https:\/\/www.facebook.com\/dicodusport","article_author":"https:\/\/www.facebook.com\/dicodusport","article_published_time":"2022-11-13T14:36:46+00:00","article_modified_time":"2022-11-13T17:10:46+00:00","og_image":[{"width":800,"height":445,"url":"https:\/\/dicodusport.fr\/blog\/wp-content\/uploads\/2022\/07\/LEtape-du-Tour-Vincent-Vittoz-plus-fort-quE\u0301milien-Jacquelin-et-Fabien-Claude.png","type":"image\/png"}],"author":"Nicolas Jacquemard","twitter_card":"summary_large_image","twitter_title":"\u00c9milien Jacquelin : \"Dans le dernier tour, il m\u2019en manquait un petit peu\"","twitter_creator":"@https:\/\/twitter.com\/Nico_Jacquemard","twitter_site":"@dicodusport","schema":{"@context":"https:\/\/schema.org","@graph":[{"@type":"NewsArticle","@id":"https:\/\/dicodusport.fr\/blog\/emilien-jacquelin-dans-le-dernier-tour-il-men-manquait-un-petit-peu\/#article","isPartOf":{"@id":"https:\/\/dicodusport.fr\/blog\/emilien-jacquelin-dans-le-dernier-tour-il-men-manquait-un-petit-peu\/"},"author":{"name":"Nicolas Jacquemard","@id":"https:\/\/dicodusport.fr\/blog\/#\/schema\/person\/55dcb50ad410894e431ed812bbb70191"},"headline":"\u00c9milien Jacquelin : \u00ab\u00a0Dans le dernier tour, il m\u2019en manquait un petit peu\u00a0\u00bb","datePublished":"2022-11-13T14:36:46+00:00","dateModified":"2022-11-13T17:10:46+00:00","mainEntityOfPage":{"@id":"https:\/\/dicodusport.fr\/blog\/emilien-jacquelin-dans-le-dernier-tour-il-men-manquait-un-petit-peu\/"},"wordCount":368,"commentCount":0,"publisher":{"@id":"https:\/\/dicodusport.fr\/blog\/#organization"},"image":{"@id":"https:\/\/dicodusport.fr\/blog\/emilien-jacquelin-dans-le-dernier-tour-il-men-manquait-un-petit-peu\/#primaryimage"},"thumbnailUrl":"https:\/\/dicodusport.fr\/blog\/wp-content\/uploads\/2022\/07\/LEtape-du-Tour-Vincent-Vittoz-plus-fort-quE\u0301milien-Jacquelin-et-Fabien-Claude.png","keywords":["Biathlon","Emilien Jacquelin","Idre Fj\u00e4ll","Jacquelin"],"articleSection":["Biathlon"],"inLanguage":"fr-FR","potentialAction":[{"@type":"CommentAction","name":"Comment","target":["https:\/\/dicodusport.fr\/blog\/emilien-jacquelin-dans-le-dernier-tour-il-men-manquait-un-petit-peu\/#respond"]}],"copyrightYear":"2022","copyrightHolder":{"@id":"https:\/\/dicodusport.fr\/blog\/#organization"}},{"@type":"WebPage","@id":"https:\/\/dicodusport.fr\/blog\/emilien-jacquelin-dans-le-dernier-tour-il-men-manquait-un-petit-peu\/","url":"https:\/\/dicodusport.fr\/blog\/emilien-jacquelin-dans-le-dernier-tour-il-men-manquait-un-petit-peu\/","name":"\u00c9milien Jacquelin : \"Dans le dernier tour, il m\u2019en manquait un petit peu\"","isPartOf":{"@id":"https:\/\/dicodusport.fr\/blog\/#website"},"primaryImageOfPage":{"@id":"https:\/\/dicodusport.fr\/blog\/emilien-jacquelin-dans-le-dernier-tour-il-men-manquait-un-petit-peu\/#primaryimage"},"image":{"@id":"https:\/\/dicodusport.fr\/blog\/emilien-jacquelin-dans-le-dernier-tour-il-men-manquait-un-petit-peu\/#primaryimage"},"thumbnailUrl":"https:\/\/dicodusport.fr\/blog\/wp-content\/uploads\/2022\/07\/LEtape-du-Tour-Vincent-Vittoz-plus-fort-quE\u0301milien-Jacquelin-et-Fabien-Claude.png","datePublished":"2022-11-13T14:36:46+00:00","dateModified":"2022-11-13T17:10:46+00:00","description":"BIATHLON PR\u00c9-SAISON IDRE 2022 - Vainqueur du sprint d'Idre Fj\u00e4ll dimanche, \u00c9milien Jacquelin \u00e9tait satisfait de son week-end su\u00e9dois.","breadcrumb":{"@id":"https:\/\/dicodusport.fr\/blog\/emilien-jacquelin-dans-le-dernier-tour-il-men-manquait-un-petit-peu\/#breadcrumb"},"inLanguage":"fr-FR","potentialAction":[{"@type":"ReadAction","target":["https:\/\/dicodusport.fr\/blog\/emilien-jacquelin-dans-le-dernier-tour-il-men-manquait-un-petit-peu\/"]}]},{"@type":"ImageObject","inLanguage":"fr-FR","@id":"https:\/\/dicodusport.fr\/blog\/emilien-jacquelin-dans-le-dernier-tour-il-men-manquait-un-petit-peu\/#primaryimage","url":"https:\/\/dicodusport.fr\/blog\/wp-content\/uploads\/2022\/07\/LEtape-du-Tour-Vincent-Vittoz-plus-fort-quE\u0301milien-Jacquelin-et-Fabien-Claude.png","contentUrl":"https:\/\/dicodusport.fr\/blog\/wp-content\/uploads\/2022\/07\/LEtape-du-Tour-Vincent-Vittoz-plus-fort-quE\u0301milien-Jacquelin-et-Fabien-Claude.png","width":800,"height":445},{"@type":"BreadcrumbList","@id":"https:\/\/dicodusport.fr\/blog\/emilien-jacquelin-dans-le-dernier-tour-il-men-manquait-un-petit-peu\/#breadcrumb","itemListElement":[{"@type":"ListItem","position":1,"name":"Accueil","item":"https:\/\/dicodusport.fr\/blog\/"},{"@type":"ListItem","position":2,"name":"\u00c9milien Jacquelin : \u00ab\u00a0Dans le dernier tour, il m\u2019en manquait un petit peu\u00a0\u00bb"}]},{"@type":"WebSite","@id":"https:\/\/dicodusport.fr\/blog\/#website","url":"https:\/\/dicodusport.fr\/blog\/","name":"Dicodusport","description":"L&#039;encyclop\u00e9die de l&#039;actualit\u00e9 sportive","publisher":{"@id":"https:\/\/dicodusport.fr\/blog\/#organization"},"potentialAction":[{"@type":"SearchAction","target":{"@type":"EntryPoint","urlTemplate":"https:\/\/dicodusport.fr\/blog\/?s={search_term_string}"},"query-input":{"@type":"PropertyValueSpecification","valueRequired":true,"valueName":"search_term_string"}}],"inLanguage":"fr-FR"},{"@type":"NewsMediaOrganization","@id":"https:\/\/dicodusport.fr\/blog\/#organization","name":"Dicodusport","url":"https:\/\/dicodusport.fr\/blog\/","logo":{"@type":"ImageObject","inLanguage":"fr-FR","@id":"https:\/\/dicodusport.fr\/blog\/#\/schema\/logo\/image\/","url":"https:\/\/dicodusport.fr\/blog\/wp-content\/uploads\/2020\/06\/cropped-LOGO-DICODUSPORT-2020-SANS-FOND-SANS-TEXTE.png","contentUrl":"https:\/\/dicodusport.fr\/blog\/wp-content\/uploads\/2020\/06\/cropped-LOGO-DICODUSPORT-2020-SANS-FOND-SANS-TEXTE.png","width":512,"height":512,"caption":"Dicodusport"},"image":{"@id":"https:\/\/dicodusport.fr\/blog\/#\/schema\/logo\/image\/"},"sameAs":["https:\/\/www.facebook.com\/dicodusport","https:\/\/x.com\/dicodusport","https:\/\/www.instagram.com\/dicodusport\/","https:\/\/www.youtube.com\/channel\/UC7V2KZ5sd3htJivAbA4ZG3w"],"description":"Dicodusport est l'encyclop\u00e9die de l'actualit\u00e9 sportive.","email":"bonjour@dicodusport.fr","legalName":"DICODUSPORT","foundingDate":"2018-01-14","vatID":"FR71834470973","taxID":"83447097300043","numberOfEmployees":{"@type":"QuantitativeValue","minValue":"1","maxValue":"10"}},{"@type":"Person","@id":"https:\/\/dicodusport.fr\/blog\/#\/schema\/person\/55dcb50ad410894e431ed812bbb70191","name":"Nicolas Jacquemard","image":{"@type":"ImageObject","inLanguage":"fr-FR","@id":"https:\/\/dicodusport.fr\/blog\/#\/schema\/person\/image\/","url":"https:\/\/dicodusport.fr\/blog\/wp-content\/uploads\/2021\/05\/Nicolas-Jacquemard-150x150.jpeg","contentUrl":"https:\/\/dicodusport.fr\/blog\/wp-content\/uploads\/2021\/05\/Nicolas-Jacquemard-150x150.jpeg","caption":"Nicolas Jacquemard"},"description":"Passionn\u00e9 de sport et entrepreneur depuis mes 18 ans, la cr\u00e9ation de Dicodusport m'a sembl\u00e9 \u00e9vidente pour participer \u00e0 la m\u00e9diatisation d'un plus grand nombre de sports. Le chemin est long mais avec une \u00e9quipe des plus motiv\u00e9es et les Jeux Olympiques de Paris 2024 en point de mire, nous y arriverons ! Journaliste dans le monde du sport depuis plus de 5 ans, je traite aussi bien de football, de rugby, de biathlon que de cyclisme.","sameAs":["https:\/\/www.facebook.com\/dicodusport","https:\/\/x.com\/https:\/\/twitter.com\/Nico_Jacquemard"],"url":"https:\/\/dicodusport.fr\/blog\/author\/dicodusport\/"}]}},"_links":{"self":[{"href":"https:\/\/dicodusport.fr\/blog\/wp-json\/wp\/v2\/posts\/278622","targetHints":{"allow":["GET"]}}],"collection":[{"href":"https:\/\/dicodusport.fr\/blog\/wp-json\/wp\/v2\/posts"}],"about":[{"href":"https:\/\/dicodusport.fr\/blog\/wp-json\/wp\/v2\/types\/post"}],"author":[{"embeddable":true,"href":"https:\/\/dicodusport.fr\/blog\/wp-json\/wp\/v2\/users\/1"}],"replies":[{"embeddable":true,"href":"https:\/\/dicodusport.fr\/blog\/wp-json\/wp\/v2\/comments?post=278622"}],"version-history":[{"count":0,"href":"https:\/\/dicodusport.fr\/blog\/wp-json\/wp\/v2\/posts\/278622\/revisions"}],"wp:featuredmedia":[{"embeddable":true,"href":"https:\/\/dicodusport.fr\/blog\/wp-json\/wp\/v2\/media\/242349"}],"wp:attachment":[{"href":"https:\/\/dicodusport.fr\/blog\/wp-json\/wp\/v2\/media?parent=278622"}],"wp:term":[{"taxonomy":"category","embeddable":true,"href":"https:\/\/dicodusport.fr\/blog\/wp-json\/wp\/v2\/categories?post=278622"},{"taxonomy":"post_tag","embeddable":true,"href":"https:\/\/dicodusport.fr\/blog\/wp-json\/wp\/v2\/tags?post=278622"}],"curies":[{"name":"wp","href":"https:\/\/api.w.org\/{rel}","templated":true}]}}