{"id":278901,"date":"2022-11-14T10:18:29","date_gmt":"2022-11-14T09:18:29","guid":{"rendered":"https:\/\/dicodusport.fr\/blog\/?p=278901&#038;preview=true&#038;preview_id=278901"},"modified":"2022-11-14T10:22:07","modified_gmt":"2022-11-14T09:22:07","slug":"mercato-les-freres-willis-vont-bien-signer-en-top-14","status":"publish","type":"post","link":"https:\/\/dicodusport.fr\/blog\/mercato-les-freres-willis-vont-bien-signer-en-top-14\/","title":{"rendered":"Mercato : Les fr\u00e8res Willis vont bien signer en Top 14"},"content":{"rendered":"<p style=\"text-align: justify;\"><strong><em>TOP 14 2022-2023 &#8211; Selon nos confr\u00e8res du Midol, les fr\u00e8res Willis vont bien signer en Top 14, dans deux clubs diff\u00e9rents.\u00a0<\/em><\/strong><\/p>\n<p style=\"text-align: justify;\"><strong>Tom<\/strong>\u00a0 et <strong>Jack<\/strong> <strong>Willis<\/strong> \u00e9taient co\u00e9quipiers chez les <strong>Wasps<\/strong>, mais ils vont devenir adversaires en Top 14. Tous les deux sont sans club depuis la liquidation judiciaire du club londonien et vont donc se relancer en France. <strong>Tom<\/strong> <strong>Willis<\/strong> est arriv\u00e9 \u00e0 Bordeaux hier et va parapher un contrat jusqu&rsquo;\u00e0 la fin de la saison avec l&rsquo;UBB. Capable d&rsquo;\u00e9voluer en num\u00e9ro 8 ou au poste de flankeur, il va venir densifier la troisi\u00e8me ligne de <strong>Christophe<\/strong> <strong>Urios<\/strong>, d\u00e9cim\u00e9e par les blessures.<\/p>\n<p style=\"text-align: justify;\">Et il sera donc adversaire de <strong>Jack<\/strong>, son fr\u00e8re. Actuellement avec le <strong>XV de la Rose<\/strong>, il rejoindra <strong>Toulouse<\/strong> au d\u00e9but du mois de d\u00e9cembre. Lui aussi devrait parapher un contrat jusqu&rsquo;\u00e0 la fin de la saison avec le <strong>Stade Toulousain<\/strong>. Jack Willis est un flankeur et viendra remplacer <strong>Fran\u00e7ois<\/strong> <strong>Cros<\/strong> bless\u00e9.<\/p>\n<blockquote class=\"twitter-tweet\">\n<p dir=\"ltr\" lang=\"fr\">Le club girondin pourra compter sur l\u2019apport de l\u2019ancien pensionnaire des Wasps dans les prochains jours !<a href=\"https:\/\/t.co\/dWGniCDRKX\">https:\/\/t.co\/dWGniCDRKX<\/a><\/p>\n<p>\u2014 Midi Olympique (@midi_olympique) <a href=\"https:\/\/twitter.com\/midi_olympique\/status\/1592076040331218945?ref_src=twsrc%5Etfw\">November 14, 2022<\/a><\/p><\/blockquote>\n<p style=\"text-align: justify;\"><script async src=\"https:\/\/platform.twitter.com\/widgets.js\" charset=\"utf-8\"><\/script><\/p>\n","protected":false},"excerpt":{"rendered":"<p>TOP 14 2022-2023 &#8211; Selon nos confr\u00e8res du Midol, les fr\u00e8res Willis vont bien signer en Top 14, dans deux clubs diff\u00e9rents.\u00a0<\/p>\n","protected":false},"author":1,"featured_media":278902,"comment_status":"open","ping_status":"closed","sticky":false,"template":"","format":"standard","meta":{"_acf_changed":false,"_daextam_enable_autolinks":"","footnotes":""},"categories":[9129,47050],"tags":[27428,13,4008,1567,27429],"class_list":["post-278901","post","type-post","status-publish","format-standard","has-post-thumbnail","hentry","category-rugby-a-xv","category-top-14","tag-jack-willis","tag-rugby","tag-stade-toulousain","tag-ubb","tag-willis"],"acf":[],"yoast_head":"<!-- This site is optimized with the Yoast SEO Premium plugin v26.7 (Yoast SEO v26.7) - https:\/\/yoast.com\/wordpress\/plugins\/seo\/ -->\n<title>Mercato : Les fr\u00e8res Willis vont bien signer en Top 14<\/title>\n<meta name=\"description\" content=\"TOP 14 2022-2023 - Selon nos confr\u00e8res du Midol, les fr\u00e8res Willis vont bien signer en Top 14 dans deux clubs diff\u00e9rents.\u00a0\" \/>\n<meta name=\"robots\" content=\"index, follow, max-snippet:-1, max-image-preview:large, max-video-preview:-1\" \/>\n<link rel=\"canonical\" href=\"https:\/\/dicodusport.fr\/blog\/mercato-les-freres-willis-vont-bien-signer-en-top-14\/\" \/>\n<meta property=\"og:locale\" content=\"fr_FR\" \/>\n<meta property=\"og:type\" content=\"article\" \/>\n<meta property=\"og:title\" content=\"Mercato : Les fr\u00e8res Willis vont bien signer en Top 14\" \/>\n<meta property=\"og:description\" content=\"TOP 14 2022-2023 - Selon nos confr\u00e8res du Midol, les fr\u00e8res Willis vont bien signer en Top 14 dans deux clubs diff\u00e9rents.\u00a0\" \/>\n<meta property=\"og:url\" content=\"https:\/\/dicodusport.fr\/blog\/mercato-les-freres-willis-vont-bien-signer-en-top-14\/\" \/>\n<meta property=\"og:site_name\" content=\"Dicodusport\" \/>\n<meta property=\"article:publisher\" content=\"https:\/\/www.facebook.com\/dicodusport\" \/>\n<meta property=\"article:author\" content=\"https:\/\/www.facebook.com\/dicodusport\" \/>\n<meta property=\"article:published_time\" content=\"2022-11-14T09:18:29+00:00\" \/>\n<meta property=\"article:modified_time\" content=\"2022-11-14T09:22:07+00:00\" \/>\n<meta property=\"og:image\" content=\"https:\/\/dicodusport.fr\/blog\/wp-content\/uploads\/2022\/11\/Mercato-Les-fre\u0300res-Willis-vont-bien-signer-en-Top-14.png\" \/>\n\t<meta property=\"og:image:width\" content=\"800\" \/>\n\t<meta property=\"og:image:height\" content=\"445\" \/>\n\t<meta property=\"og:image:type\" content=\"image\/png\" \/>\n<meta name=\"author\" content=\"Nicolas Jacquemard\" \/>\n<meta name=\"twitter:card\" content=\"summary_large_image\" \/>\n<meta name=\"twitter:title\" content=\"Mercato : Les fr\u00e8res Willis vont bien signer en Top 14\" \/>\n<meta name=\"twitter:creator\" content=\"@https:\/\/twitter.com\/Nico_Jacquemard\" \/>\n<meta name=\"twitter:site\" content=\"@dicodusport\" \/>\n<script type=\"application\/ld+json\" class=\"yoast-schema-graph\">{\"@context\":\"https:\/\/schema.org\",\"@graph\":[{\"@type\":\"NewsArticle\",\"@id\":\"https:\/\/dicodusport.fr\/blog\/mercato-les-freres-willis-vont-bien-signer-en-top-14\/#article\",\"isPartOf\":{\"@id\":\"https:\/\/dicodusport.fr\/blog\/mercato-les-freres-willis-vont-bien-signer-en-top-14\/\"},\"author\":{\"name\":\"Nicolas Jacquemard\",\"@id\":\"https:\/\/dicodusport.fr\/blog\/#\/schema\/person\/55dcb50ad410894e431ed812bbb70191\"},\"headline\":\"Mercato : Les fr\u00e8res Willis vont bien signer en Top 14\",\"datePublished\":\"2022-11-14T09:18:29+00:00\",\"dateModified\":\"2022-11-14T09:22:07+00:00\",\"mainEntityOfPage\":{\"@id\":\"https:\/\/dicodusport.fr\/blog\/mercato-les-freres-willis-vont-bien-signer-en-top-14\/\"},\"wordCount\":201,\"commentCount\":0,\"publisher\":{\"@id\":\"https:\/\/dicodusport.fr\/blog\/#organization\"},\"image\":{\"@id\":\"https:\/\/dicodusport.fr\/blog\/mercato-les-freres-willis-vont-bien-signer-en-top-14\/#primaryimage\"},\"thumbnailUrl\":\"https:\/\/dicodusport.fr\/blog\/wp-content\/uploads\/2022\/11\/Mercato-Les-fre\u0300res-Willis-vont-bien-signer-en-Top-14.png\",\"keywords\":[\"Jack Willis\",\"Rugby\",\"Stade Toulousain\",\"UBB\",\"Willis\"],\"articleSection\":[\"Rugby \u00e0 XV\",\"Top 14\"],\"inLanguage\":\"fr-FR\",\"potentialAction\":[{\"@type\":\"CommentAction\",\"name\":\"Comment\",\"target\":[\"https:\/\/dicodusport.fr\/blog\/mercato-les-freres-willis-vont-bien-signer-en-top-14\/#respond\"]}],\"copyrightYear\":\"2022\",\"copyrightHolder\":{\"@id\":\"https:\/\/dicodusport.fr\/blog\/#organization\"}},{\"@type\":\"WebPage\",\"@id\":\"https:\/\/dicodusport.fr\/blog\/mercato-les-freres-willis-vont-bien-signer-en-top-14\/\",\"url\":\"https:\/\/dicodusport.fr\/blog\/mercato-les-freres-willis-vont-bien-signer-en-top-14\/\",\"name\":\"Mercato : Les fr\u00e8res Willis vont bien signer en Top 14\",\"isPartOf\":{\"@id\":\"https:\/\/dicodusport.fr\/blog\/#website\"},\"primaryImageOfPage\":{\"@id\":\"https:\/\/dicodusport.fr\/blog\/mercato-les-freres-willis-vont-bien-signer-en-top-14\/#primaryimage\"},\"image\":{\"@id\":\"https:\/\/dicodusport.fr\/blog\/mercato-les-freres-willis-vont-bien-signer-en-top-14\/#primaryimage\"},\"thumbnailUrl\":\"https:\/\/dicodusport.fr\/blog\/wp-content\/uploads\/2022\/11\/Mercato-Les-fre\u0300res-Willis-vont-bien-signer-en-Top-14.png\",\"datePublished\":\"2022-11-14T09:18:29+00:00\",\"dateModified\":\"2022-11-14T09:22:07+00:00\",\"description\":\"TOP 14 2022-2023 - Selon nos confr\u00e8res du Midol, les fr\u00e8res Willis vont bien signer en Top 14 dans deux clubs diff\u00e9rents.\u00a0\",\"breadcrumb\":{\"@id\":\"https:\/\/dicodusport.fr\/blog\/mercato-les-freres-willis-vont-bien-signer-en-top-14\/#breadcrumb\"},\"inLanguage\":\"fr-FR\",\"potentialAction\":[{\"@type\":\"ReadAction\",\"target\":[\"https:\/\/dicodusport.fr\/blog\/mercato-les-freres-willis-vont-bien-signer-en-top-14\/\"]}]},{\"@type\":\"ImageObject\",\"inLanguage\":\"fr-FR\",\"@id\":\"https:\/\/dicodusport.fr\/blog\/mercato-les-freres-willis-vont-bien-signer-en-top-14\/#primaryimage\",\"url\":\"https:\/\/dicodusport.fr\/blog\/wp-content\/uploads\/2022\/11\/Mercato-Les-fre\u0300res-Willis-vont-bien-signer-en-Top-14.png\",\"contentUrl\":\"https:\/\/dicodusport.fr\/blog\/wp-content\/uploads\/2022\/11\/Mercato-Les-fre\u0300res-Willis-vont-bien-signer-en-Top-14.png\",\"width\":800,\"height\":445},{\"@type\":\"BreadcrumbList\",\"@id\":\"https:\/\/dicodusport.fr\/blog\/mercato-les-freres-willis-vont-bien-signer-en-top-14\/#breadcrumb\",\"itemListElement\":[{\"@type\":\"ListItem\",\"position\":1,\"name\":\"Accueil\",\"item\":\"https:\/\/dicodusport.fr\/blog\/\"},{\"@type\":\"ListItem\",\"position\":2,\"name\":\"Mercato : Les fr\u00e8res Willis vont bien signer en Top 14\"}]},{\"@type\":\"WebSite\",\"@id\":\"https:\/\/dicodusport.fr\/blog\/#website\",\"url\":\"https:\/\/dicodusport.fr\/blog\/\",\"name\":\"Dicodusport\",\"description\":\"L&#039;encyclop\u00e9die de l&#039;actualit\u00e9 sportive\",\"publisher\":{\"@id\":\"https:\/\/dicodusport.fr\/blog\/#organization\"},\"potentialAction\":[{\"@type\":\"SearchAction\",\"target\":{\"@type\":\"EntryPoint\",\"urlTemplate\":\"https:\/\/dicodusport.fr\/blog\/?s={search_term_string}\"},\"query-input\":{\"@type\":\"PropertyValueSpecification\",\"valueRequired\":true,\"valueName\":\"search_term_string\"}}],\"inLanguage\":\"fr-FR\"},{\"@type\":\"NewsMediaOrganization\",\"@id\":\"https:\/\/dicodusport.fr\/blog\/#organization\",\"name\":\"Dicodusport\",\"url\":\"https:\/\/dicodusport.fr\/blog\/\",\"logo\":{\"@type\":\"ImageObject\",\"inLanguage\":\"fr-FR\",\"@id\":\"https:\/\/dicodusport.fr\/blog\/#\/schema\/logo\/image\/\",\"url\":\"https:\/\/dicodusport.fr\/blog\/wp-content\/uploads\/2020\/06\/cropped-LOGO-DICODUSPORT-2020-SANS-FOND-SANS-TEXTE.png\",\"contentUrl\":\"https:\/\/dicodusport.fr\/blog\/wp-content\/uploads\/2020\/06\/cropped-LOGO-DICODUSPORT-2020-SANS-FOND-SANS-TEXTE.png\",\"width\":512,\"height\":512,\"caption\":\"Dicodusport\"},\"image\":{\"@id\":\"https:\/\/dicodusport.fr\/blog\/#\/schema\/logo\/image\/\"},\"sameAs\":[\"https:\/\/www.facebook.com\/dicodusport\",\"https:\/\/x.com\/dicodusport\",\"https:\/\/www.instagram.com\/dicodusport\/\",\"https:\/\/www.youtube.com\/channel\/UC7V2KZ5sd3htJivAbA4ZG3w\"],\"description\":\"Dicodusport est l'encyclop\u00e9die de l'actualit\u00e9 sportive.\",\"email\":\"bonjour@dicodusport.fr\",\"legalName\":\"DICODUSPORT\",\"foundingDate\":\"2018-01-14\",\"vatID\":\"FR71834470973\",\"taxID\":\"83447097300043\",\"numberOfEmployees\":{\"@type\":\"QuantitativeValue\",\"minValue\":\"1\",\"maxValue\":\"10\"}},{\"@type\":\"Person\",\"@id\":\"https:\/\/dicodusport.fr\/blog\/#\/schema\/person\/55dcb50ad410894e431ed812bbb70191\",\"name\":\"Nicolas Jacquemard\",\"image\":{\"@type\":\"ImageObject\",\"inLanguage\":\"fr-FR\",\"@id\":\"https:\/\/dicodusport.fr\/blog\/#\/schema\/person\/image\/\",\"url\":\"https:\/\/dicodusport.fr\/blog\/wp-content\/uploads\/2021\/05\/Nicolas-Jacquemard-150x150.jpeg\",\"contentUrl\":\"https:\/\/dicodusport.fr\/blog\/wp-content\/uploads\/2021\/05\/Nicolas-Jacquemard-150x150.jpeg\",\"caption\":\"Nicolas Jacquemard\"},\"description\":\"Passionn\u00e9 de sport et entrepreneur depuis mes 18 ans, la cr\u00e9ation de Dicodusport m'a sembl\u00e9 \u00e9vidente pour participer \u00e0 la m\u00e9diatisation d'un plus grand nombre de sports. Le chemin est long mais avec une \u00e9quipe des plus motiv\u00e9es et les Jeux Olympiques de Paris 2024 en point de mire, nous y arriverons ! Journaliste dans le monde du sport depuis plus de 5 ans, je traite aussi bien de football, de rugby, de biathlon que de cyclisme.\",\"sameAs\":[\"https:\/\/www.facebook.com\/dicodusport\",\"https:\/\/x.com\/https:\/\/twitter.com\/Nico_Jacquemard\"],\"url\":\"https:\/\/dicodusport.fr\/blog\/author\/dicodusport\/\"}]}<\/script>\n<!-- \/ Yoast SEO Premium plugin. -->","yoast_head_json":{"title":"Mercato : Les fr\u00e8res Willis vont bien signer en Top 14","description":"TOP 14 2022-2023 - Selon nos confr\u00e8res du Midol, les fr\u00e8res Willis vont bien signer en Top 14 dans deux clubs diff\u00e9rents.\u00a0","robots":{"index":"index","follow":"follow","max-snippet":"max-snippet:-1","max-image-preview":"max-image-preview:large","max-video-preview":"max-video-preview:-1"},"canonical":"https:\/\/dicodusport.fr\/blog\/mercato-les-freres-willis-vont-bien-signer-en-top-14\/","og_locale":"fr_FR","og_type":"article","og_title":"Mercato : Les fr\u00e8res Willis vont bien signer en Top 14","og_description":"TOP 14 2022-2023 - Selon nos confr\u00e8res du Midol, les fr\u00e8res Willis vont bien signer en Top 14 dans deux clubs diff\u00e9rents.\u00a0","og_url":"https:\/\/dicodusport.fr\/blog\/mercato-les-freres-willis-vont-bien-signer-en-top-14\/","og_site_name":"Dicodusport","article_publisher":"https:\/\/www.facebook.com\/dicodusport","article_author":"https:\/\/www.facebook.com\/dicodusport","article_published_time":"2022-11-14T09:18:29+00:00","article_modified_time":"2022-11-14T09:22:07+00:00","og_image":[{"width":800,"height":445,"url":"https:\/\/dicodusport.fr\/blog\/wp-content\/uploads\/2022\/11\/Mercato-Les-fre\u0300res-Willis-vont-bien-signer-en-Top-14.png","type":"image\/png"}],"author":"Nicolas Jacquemard","twitter_card":"summary_large_image","twitter_title":"Mercato : Les fr\u00e8res Willis vont bien signer en Top 14","twitter_creator":"@https:\/\/twitter.com\/Nico_Jacquemard","twitter_site":"@dicodusport","schema":{"@context":"https:\/\/schema.org","@graph":[{"@type":"NewsArticle","@id":"https:\/\/dicodusport.fr\/blog\/mercato-les-freres-willis-vont-bien-signer-en-top-14\/#article","isPartOf":{"@id":"https:\/\/dicodusport.fr\/blog\/mercato-les-freres-willis-vont-bien-signer-en-top-14\/"},"author":{"name":"Nicolas Jacquemard","@id":"https:\/\/dicodusport.fr\/blog\/#\/schema\/person\/55dcb50ad410894e431ed812bbb70191"},"headline":"Mercato : Les fr\u00e8res Willis vont bien signer en Top 14","datePublished":"2022-11-14T09:18:29+00:00","dateModified":"2022-11-14T09:22:07+00:00","mainEntityOfPage":{"@id":"https:\/\/dicodusport.fr\/blog\/mercato-les-freres-willis-vont-bien-signer-en-top-14\/"},"wordCount":201,"commentCount":0,"publisher":{"@id":"https:\/\/dicodusport.fr\/blog\/#organization"},"image":{"@id":"https:\/\/dicodusport.fr\/blog\/mercato-les-freres-willis-vont-bien-signer-en-top-14\/#primaryimage"},"thumbnailUrl":"https:\/\/dicodusport.fr\/blog\/wp-content\/uploads\/2022\/11\/Mercato-Les-fre\u0300res-Willis-vont-bien-signer-en-Top-14.png","keywords":["Jack Willis","Rugby","Stade Toulousain","UBB","Willis"],"articleSection":["Rugby \u00e0 XV","Top 14"],"inLanguage":"fr-FR","potentialAction":[{"@type":"CommentAction","name":"Comment","target":["https:\/\/dicodusport.fr\/blog\/mercato-les-freres-willis-vont-bien-signer-en-top-14\/#respond"]}],"copyrightYear":"2022","copyrightHolder":{"@id":"https:\/\/dicodusport.fr\/blog\/#organization"}},{"@type":"WebPage","@id":"https:\/\/dicodusport.fr\/blog\/mercato-les-freres-willis-vont-bien-signer-en-top-14\/","url":"https:\/\/dicodusport.fr\/blog\/mercato-les-freres-willis-vont-bien-signer-en-top-14\/","name":"Mercato : Les fr\u00e8res Willis vont bien signer en Top 14","isPartOf":{"@id":"https:\/\/dicodusport.fr\/blog\/#website"},"primaryImageOfPage":{"@id":"https:\/\/dicodusport.fr\/blog\/mercato-les-freres-willis-vont-bien-signer-en-top-14\/#primaryimage"},"image":{"@id":"https:\/\/dicodusport.fr\/blog\/mercato-les-freres-willis-vont-bien-signer-en-top-14\/#primaryimage"},"thumbnailUrl":"https:\/\/dicodusport.fr\/blog\/wp-content\/uploads\/2022\/11\/Mercato-Les-fre\u0300res-Willis-vont-bien-signer-en-Top-14.png","datePublished":"2022-11-14T09:18:29+00:00","dateModified":"2022-11-14T09:22:07+00:00","description":"TOP 14 2022-2023 - Selon nos confr\u00e8res du Midol, les fr\u00e8res Willis vont bien signer en Top 14 dans deux clubs diff\u00e9rents.\u00a0","breadcrumb":{"@id":"https:\/\/dicodusport.fr\/blog\/mercato-les-freres-willis-vont-bien-signer-en-top-14\/#breadcrumb"},"inLanguage":"fr-FR","potentialAction":[{"@type":"ReadAction","target":["https:\/\/dicodusport.fr\/blog\/mercato-les-freres-willis-vont-bien-signer-en-top-14\/"]}]},{"@type":"ImageObject","inLanguage":"fr-FR","@id":"https:\/\/dicodusport.fr\/blog\/mercato-les-freres-willis-vont-bien-signer-en-top-14\/#primaryimage","url":"https:\/\/dicodusport.fr\/blog\/wp-content\/uploads\/2022\/11\/Mercato-Les-fre\u0300res-Willis-vont-bien-signer-en-Top-14.png","contentUrl":"https:\/\/dicodusport.fr\/blog\/wp-content\/uploads\/2022\/11\/Mercato-Les-fre\u0300res-Willis-vont-bien-signer-en-Top-14.png","width":800,"height":445},{"@type":"BreadcrumbList","@id":"https:\/\/dicodusport.fr\/blog\/mercato-les-freres-willis-vont-bien-signer-en-top-14\/#breadcrumb","itemListElement":[{"@type":"ListItem","position":1,"name":"Accueil","item":"https:\/\/dicodusport.fr\/blog\/"},{"@type":"ListItem","position":2,"name":"Mercato : Les fr\u00e8res Willis vont bien signer en Top 14"}]},{"@type":"WebSite","@id":"https:\/\/dicodusport.fr\/blog\/#website","url":"https:\/\/dicodusport.fr\/blog\/","name":"Dicodusport","description":"L&#039;encyclop\u00e9die de l&#039;actualit\u00e9 sportive","publisher":{"@id":"https:\/\/dicodusport.fr\/blog\/#organization"},"potentialAction":[{"@type":"SearchAction","target":{"@type":"EntryPoint","urlTemplate":"https:\/\/dicodusport.fr\/blog\/?s={search_term_string}"},"query-input":{"@type":"PropertyValueSpecification","valueRequired":true,"valueName":"search_term_string"}}],"inLanguage":"fr-FR"},{"@type":"NewsMediaOrganization","@id":"https:\/\/dicodusport.fr\/blog\/#organization","name":"Dicodusport","url":"https:\/\/dicodusport.fr\/blog\/","logo":{"@type":"ImageObject","inLanguage":"fr-FR","@id":"https:\/\/dicodusport.fr\/blog\/#\/schema\/logo\/image\/","url":"https:\/\/dicodusport.fr\/blog\/wp-content\/uploads\/2020\/06\/cropped-LOGO-DICODUSPORT-2020-SANS-FOND-SANS-TEXTE.png","contentUrl":"https:\/\/dicodusport.fr\/blog\/wp-content\/uploads\/2020\/06\/cropped-LOGO-DICODUSPORT-2020-SANS-FOND-SANS-TEXTE.png","width":512,"height":512,"caption":"Dicodusport"},"image":{"@id":"https:\/\/dicodusport.fr\/blog\/#\/schema\/logo\/image\/"},"sameAs":["https:\/\/www.facebook.com\/dicodusport","https:\/\/x.com\/dicodusport","https:\/\/www.instagram.com\/dicodusport\/","https:\/\/www.youtube.com\/channel\/UC7V2KZ5sd3htJivAbA4ZG3w"],"description":"Dicodusport est l'encyclop\u00e9die de l'actualit\u00e9 sportive.","email":"bonjour@dicodusport.fr","legalName":"DICODUSPORT","foundingDate":"2018-01-14","vatID":"FR71834470973","taxID":"83447097300043","numberOfEmployees":{"@type":"QuantitativeValue","minValue":"1","maxValue":"10"}},{"@type":"Person","@id":"https:\/\/dicodusport.fr\/blog\/#\/schema\/person\/55dcb50ad410894e431ed812bbb70191","name":"Nicolas Jacquemard","image":{"@type":"ImageObject","inLanguage":"fr-FR","@id":"https:\/\/dicodusport.fr\/blog\/#\/schema\/person\/image\/","url":"https:\/\/dicodusport.fr\/blog\/wp-content\/uploads\/2021\/05\/Nicolas-Jacquemard-150x150.jpeg","contentUrl":"https:\/\/dicodusport.fr\/blog\/wp-content\/uploads\/2021\/05\/Nicolas-Jacquemard-150x150.jpeg","caption":"Nicolas Jacquemard"},"description":"Passionn\u00e9 de sport et entrepreneur depuis mes 18 ans, la cr\u00e9ation de Dicodusport m'a sembl\u00e9 \u00e9vidente pour participer \u00e0 la m\u00e9diatisation d'un plus grand nombre de sports. Le chemin est long mais avec une \u00e9quipe des plus motiv\u00e9es et les Jeux Olympiques de Paris 2024 en point de mire, nous y arriverons ! Journaliste dans le monde du sport depuis plus de 5 ans, je traite aussi bien de football, de rugby, de biathlon que de cyclisme.","sameAs":["https:\/\/www.facebook.com\/dicodusport","https:\/\/x.com\/https:\/\/twitter.com\/Nico_Jacquemard"],"url":"https:\/\/dicodusport.fr\/blog\/author\/dicodusport\/"}]}},"_links":{"self":[{"href":"https:\/\/dicodusport.fr\/blog\/wp-json\/wp\/v2\/posts\/278901","targetHints":{"allow":["GET"]}}],"collection":[{"href":"https:\/\/dicodusport.fr\/blog\/wp-json\/wp\/v2\/posts"}],"about":[{"href":"https:\/\/dicodusport.fr\/blog\/wp-json\/wp\/v2\/types\/post"}],"author":[{"embeddable":true,"href":"https:\/\/dicodusport.fr\/blog\/wp-json\/wp\/v2\/users\/1"}],"replies":[{"embeddable":true,"href":"https:\/\/dicodusport.fr\/blog\/wp-json\/wp\/v2\/comments?post=278901"}],"version-history":[{"count":0,"href":"https:\/\/dicodusport.fr\/blog\/wp-json\/wp\/v2\/posts\/278901\/revisions"}],"wp:featuredmedia":[{"embeddable":true,"href":"https:\/\/dicodusport.fr\/blog\/wp-json\/wp\/v2\/media\/278902"}],"wp:attachment":[{"href":"https:\/\/dicodusport.fr\/blog\/wp-json\/wp\/v2\/media?parent=278901"}],"wp:term":[{"taxonomy":"category","embeddable":true,"href":"https:\/\/dicodusport.fr\/blog\/wp-json\/wp\/v2\/categories?post=278901"},{"taxonomy":"post_tag","embeddable":true,"href":"https:\/\/dicodusport.fr\/blog\/wp-json\/wp\/v2\/tags?post=278901"}],"curies":[{"name":"wp","href":"https:\/\/api.w.org\/{rel}","templated":true}]}}