{"id":278922,"date":"2022-11-14T11:00:25","date_gmt":"2022-11-14T10:00:25","guid":{"rendered":"https:\/\/dicodusport.fr\/blog\/?p=278922&#038;preview=true&#038;preview_id=278922"},"modified":"2022-11-14T11:10:19","modified_gmt":"2022-11-14T10:10:19","slug":"france-presnel-kimpembe-forfait-pour-la-coupe-du-monde-son-remplacant-convoque","status":"publish","type":"post","link":"https:\/\/dicodusport.fr\/blog\/france-presnel-kimpembe-forfait-pour-la-coupe-du-monde-son-remplacant-convoque\/","title":{"rendered":"France : Presnel Kimpembe forfait pour la Coupe du monde, son rempla\u00e7ant convoqu\u00e9"},"content":{"rendered":"<p style=\"text-align: justify;\"><strong><em><a href=\"https:\/\/dicodusport.fr\/blog\/actualites\/football\/coupe-du-monde-de-football-2022\/\">COUPE DU MONDE DE FOOTBALL 2022<\/a> &#8211; Presnel Kimpembe (PSG), a d\u00e9clar\u00e9 forfait pour la Coupe du monde 2022 au Qatar. Axel Disasi (Monaco) est appel\u00e9 pour le remplacer.\u00a0<\/em><\/strong><\/p>\n<p style=\"text-align: justify;\">Coup de th\u00e9\u00e2tre ce lundi matin. Quelques heures apr\u00e8s la <a href=\"https:\/\/dicodusport.fr\/blog\/france-didier-deschamps-appelle-un-attaquant-comme-26eme-joueur-pour-la-coupe-du-monde\/\" target=\"_blank\" rel=\"noopener\">convocation de <strong>Marcus<\/strong> <strong>Thuram<\/strong> pour la <strong>Coupe du monde<\/strong><\/a>, c&rsquo;est au tour d&rsquo;<strong>Axel Disasi <\/strong>d&rsquo;\u00eatre convoqu\u00e9 \u00e0 <strong>Clairefontaine<\/strong> et d&rsquo;int\u00e9grer les 26 pour la Coupe du monde au <strong>Qatar<\/strong>. <strong>Presnel Kimpembe<\/strong> ne s&rsquo;estime pas suffisamment remis de sa blessure pour participer \u00e0 la Coupe du monde avec les Bleus. Apr\u00e8s une discussion avec le m\u00e9decin des Bleus puis avec Didier Deschamps, le d\u00e9fenseur central parisien a d\u00e9clar\u00e9 forfait pour la Coupe du monde. <strong>Axel<\/strong> <strong>Disasi<\/strong> a \u00e9t\u00e9 pr\u00e9f\u00e9r\u00e9 \u00e0 <strong>Beno\u00eet<\/strong> <strong>Badiashile<\/strong> pour le remplacer.<\/p>\n<blockquote class=\"twitter-tweet\">\n<p dir=\"ltr\" lang=\"fr\">Insuffisamment r\u00e9tabli de sa blessure, Presnel Kimpemb\u00e9 ne participera pas \u00e0 la Coupe du Monde. a \u00e9t\u00e9 appel\u00e9 pour le remplacer !<a href=\"https:\/\/twitter.com\/hashtag\/FiersdetreBleus?src=hash&amp;ref_src=twsrc%5Etfw\">#FiersdetreBleus<\/a> <a href=\"https:\/\/t.co\/UpaVQZWPWf\">pic.twitter.com\/UpaVQZWPWf<\/a><\/p>\n<p>\u2014 Equipe de France &#x2b50;&#x2b50; (@equipedefrance) <a href=\"https:\/\/twitter.com\/equipedefrance\/status\/1592092890775359488?ref_src=twsrc%5Etfw\">November 14, 2022<\/a><\/p><\/blockquote>\n<p><script async src=\"https:\/\/platform.twitter.com\/widgets.js\" charset=\"utf-8\"><\/script><\/p>\n","protected":false},"excerpt":{"rendered":"<p>COUPE DU MONDE 2022 &#8211; Presnel Kimpembe a d\u00e9clar\u00e9 forfait pour la Coupe du monde 2022 au Qatar. Axel Disasi est appel\u00e9 pour le remplacer.\u00a0<\/p>\n","protected":false},"author":1,"featured_media":278926,"comment_status":"open","ping_status":"closed","sticky":false,"template":"","format":"standard","meta":{"_acf_changed":false,"_daextam_enable_autolinks":"","footnotes":""},"categories":[47043,2301],"tags":[75,30,6164],"class_list":["post-278922","post","type-post","status-publish","format-standard","has-post-thumbnail","hentry","category-coupe-du-monde-de-football","category-football","tag-football","tag-france","tag-presnel-kimpembe"],"acf":[],"yoast_head":"<!-- This site is optimized with the Yoast SEO Premium plugin v26.7 (Yoast SEO v26.7) - https:\/\/yoast.com\/wordpress\/plugins\/seo\/ -->\n<title>France : Presnel Kimpembe forfait pour la Coupe du monde, son rempla\u00e7ant convoqu\u00e9<\/title>\n<meta name=\"description\" content=\"COUPE DU MONDE 2022 - Presnel Kimpembe a d\u00e9clar\u00e9 forfait pour la Coupe du monde 2022 au Qatar. Axel Disasi est appel\u00e9 pour le remplacer.\u00a0\" \/>\n<meta name=\"robots\" content=\"index, follow, max-snippet:-1, max-image-preview:large, max-video-preview:-1\" \/>\n<link rel=\"canonical\" href=\"https:\/\/dicodusport.fr\/blog\/france-presnel-kimpembe-forfait-pour-la-coupe-du-monde-son-remplacant-convoque\/\" \/>\n<meta property=\"og:locale\" content=\"fr_FR\" \/>\n<meta property=\"og:type\" content=\"article\" \/>\n<meta property=\"og:title\" content=\"France : Presnel Kimpembe forfait pour la Coupe du monde, son rempla\u00e7ant convoqu\u00e9\" \/>\n<meta property=\"og:description\" content=\"COUPE DU MONDE 2022 - Presnel Kimpembe a d\u00e9clar\u00e9 forfait pour la Coupe du monde 2022 au Qatar. Axel Disasi est appel\u00e9 pour le remplacer.\u00a0\" \/>\n<meta property=\"og:url\" content=\"https:\/\/dicodusport.fr\/blog\/france-presnel-kimpembe-forfait-pour-la-coupe-du-monde-son-remplacant-convoque\/\" \/>\n<meta property=\"og:site_name\" content=\"Dicodusport\" \/>\n<meta property=\"article:publisher\" content=\"https:\/\/www.facebook.com\/dicodusport\" \/>\n<meta property=\"article:author\" content=\"https:\/\/www.facebook.com\/dicodusport\" \/>\n<meta property=\"article:published_time\" content=\"2022-11-14T10:00:25+00:00\" \/>\n<meta property=\"article:modified_time\" content=\"2022-11-14T10:10:19+00:00\" \/>\n<meta property=\"og:image\" content=\"https:\/\/dicodusport.fr\/blog\/wp-content\/uploads\/2022\/11\/France-Presnel-Kimpembe-forfait-pour-la-Coupe-du-monde-son-remplac\u0327ant-convoque\u0301.png\" \/>\n\t<meta property=\"og:image:width\" content=\"800\" \/>\n\t<meta property=\"og:image:height\" content=\"445\" \/>\n\t<meta property=\"og:image:type\" content=\"image\/png\" \/>\n<meta name=\"author\" content=\"Nicolas Jacquemard\" \/>\n<meta name=\"twitter:card\" content=\"summary_large_image\" \/>\n<meta name=\"twitter:title\" content=\"France : Presnel Kimpembe forfait pour la Coupe du monde, son rempla\u00e7ant convoqu\u00e9\" \/>\n<meta name=\"twitter:creator\" content=\"@https:\/\/twitter.com\/Nico_Jacquemard\" \/>\n<meta name=\"twitter:site\" content=\"@dicodusport\" \/>\n<script type=\"application\/ld+json\" class=\"yoast-schema-graph\">{\"@context\":\"https:\/\/schema.org\",\"@graph\":[{\"@type\":\"NewsArticle\",\"@id\":\"https:\/\/dicodusport.fr\/blog\/france-presnel-kimpembe-forfait-pour-la-coupe-du-monde-son-remplacant-convoque\/#article\",\"isPartOf\":{\"@id\":\"https:\/\/dicodusport.fr\/blog\/france-presnel-kimpembe-forfait-pour-la-coupe-du-monde-son-remplacant-convoque\/\"},\"author\":{\"name\":\"Nicolas Jacquemard\",\"@id\":\"https:\/\/dicodusport.fr\/blog\/#\/schema\/person\/55dcb50ad410894e431ed812bbb70191\"},\"headline\":\"France : Presnel Kimpembe forfait pour la Coupe du monde, son rempla\u00e7ant convoqu\u00e9\",\"datePublished\":\"2022-11-14T10:00:25+00:00\",\"dateModified\":\"2022-11-14T10:10:19+00:00\",\"mainEntityOfPage\":{\"@id\":\"https:\/\/dicodusport.fr\/blog\/france-presnel-kimpembe-forfait-pour-la-coupe-du-monde-son-remplacant-convoque\/\"},\"wordCount\":181,\"commentCount\":0,\"publisher\":{\"@id\":\"https:\/\/dicodusport.fr\/blog\/#organization\"},\"image\":{\"@id\":\"https:\/\/dicodusport.fr\/blog\/france-presnel-kimpembe-forfait-pour-la-coupe-du-monde-son-remplacant-convoque\/#primaryimage\"},\"thumbnailUrl\":\"https:\/\/dicodusport.fr\/blog\/wp-content\/uploads\/2022\/11\/France-Presnel-Kimpembe-forfait-pour-la-Coupe-du-monde-son-remplac\u0327ant-convoque\u0301.png\",\"keywords\":[\"Football\",\"France\",\"Presnel Kimpembe\"],\"articleSection\":[\"Coupe du monde de football\",\"Football\"],\"inLanguage\":\"fr-FR\",\"potentialAction\":[{\"@type\":\"CommentAction\",\"name\":\"Comment\",\"target\":[\"https:\/\/dicodusport.fr\/blog\/france-presnel-kimpembe-forfait-pour-la-coupe-du-monde-son-remplacant-convoque\/#respond\"]}],\"copyrightYear\":\"2022\",\"copyrightHolder\":{\"@id\":\"https:\/\/dicodusport.fr\/blog\/#organization\"}},{\"@type\":\"WebPage\",\"@id\":\"https:\/\/dicodusport.fr\/blog\/france-presnel-kimpembe-forfait-pour-la-coupe-du-monde-son-remplacant-convoque\/\",\"url\":\"https:\/\/dicodusport.fr\/blog\/france-presnel-kimpembe-forfait-pour-la-coupe-du-monde-son-remplacant-convoque\/\",\"name\":\"France : Presnel Kimpembe forfait pour la Coupe du monde, son rempla\u00e7ant convoqu\u00e9\",\"isPartOf\":{\"@id\":\"https:\/\/dicodusport.fr\/blog\/#website\"},\"primaryImageOfPage\":{\"@id\":\"https:\/\/dicodusport.fr\/blog\/france-presnel-kimpembe-forfait-pour-la-coupe-du-monde-son-remplacant-convoque\/#primaryimage\"},\"image\":{\"@id\":\"https:\/\/dicodusport.fr\/blog\/france-presnel-kimpembe-forfait-pour-la-coupe-du-monde-son-remplacant-convoque\/#primaryimage\"},\"thumbnailUrl\":\"https:\/\/dicodusport.fr\/blog\/wp-content\/uploads\/2022\/11\/France-Presnel-Kimpembe-forfait-pour-la-Coupe-du-monde-son-remplac\u0327ant-convoque\u0301.png\",\"datePublished\":\"2022-11-14T10:00:25+00:00\",\"dateModified\":\"2022-11-14T10:10:19+00:00\",\"description\":\"COUPE DU MONDE 2022 - Presnel Kimpembe a d\u00e9clar\u00e9 forfait pour la Coupe du monde 2022 au Qatar. Axel Disasi est appel\u00e9 pour le remplacer.\u00a0\",\"breadcrumb\":{\"@id\":\"https:\/\/dicodusport.fr\/blog\/france-presnel-kimpembe-forfait-pour-la-coupe-du-monde-son-remplacant-convoque\/#breadcrumb\"},\"inLanguage\":\"fr-FR\",\"potentialAction\":[{\"@type\":\"ReadAction\",\"target\":[\"https:\/\/dicodusport.fr\/blog\/france-presnel-kimpembe-forfait-pour-la-coupe-du-monde-son-remplacant-convoque\/\"]}]},{\"@type\":\"ImageObject\",\"inLanguage\":\"fr-FR\",\"@id\":\"https:\/\/dicodusport.fr\/blog\/france-presnel-kimpembe-forfait-pour-la-coupe-du-monde-son-remplacant-convoque\/#primaryimage\",\"url\":\"https:\/\/dicodusport.fr\/blog\/wp-content\/uploads\/2022\/11\/France-Presnel-Kimpembe-forfait-pour-la-Coupe-du-monde-son-remplac\u0327ant-convoque\u0301.png\",\"contentUrl\":\"https:\/\/dicodusport.fr\/blog\/wp-content\/uploads\/2022\/11\/France-Presnel-Kimpembe-forfait-pour-la-Coupe-du-monde-son-remplac\u0327ant-convoque\u0301.png\",\"width\":800,\"height\":445},{\"@type\":\"BreadcrumbList\",\"@id\":\"https:\/\/dicodusport.fr\/blog\/france-presnel-kimpembe-forfait-pour-la-coupe-du-monde-son-remplacant-convoque\/#breadcrumb\",\"itemListElement\":[{\"@type\":\"ListItem\",\"position\":1,\"name\":\"Accueil\",\"item\":\"https:\/\/dicodusport.fr\/blog\/\"},{\"@type\":\"ListItem\",\"position\":2,\"name\":\"France : Presnel Kimpembe forfait pour la Coupe du monde, son rempla\u00e7ant convoqu\u00e9\"}]},{\"@type\":\"WebSite\",\"@id\":\"https:\/\/dicodusport.fr\/blog\/#website\",\"url\":\"https:\/\/dicodusport.fr\/blog\/\",\"name\":\"Dicodusport\",\"description\":\"L&#039;encyclop\u00e9die de l&#039;actualit\u00e9 sportive\",\"publisher\":{\"@id\":\"https:\/\/dicodusport.fr\/blog\/#organization\"},\"potentialAction\":[{\"@type\":\"SearchAction\",\"target\":{\"@type\":\"EntryPoint\",\"urlTemplate\":\"https:\/\/dicodusport.fr\/blog\/?s={search_term_string}\"},\"query-input\":{\"@type\":\"PropertyValueSpecification\",\"valueRequired\":true,\"valueName\":\"search_term_string\"}}],\"inLanguage\":\"fr-FR\"},{\"@type\":\"NewsMediaOrganization\",\"@id\":\"https:\/\/dicodusport.fr\/blog\/#organization\",\"name\":\"Dicodusport\",\"url\":\"https:\/\/dicodusport.fr\/blog\/\",\"logo\":{\"@type\":\"ImageObject\",\"inLanguage\":\"fr-FR\",\"@id\":\"https:\/\/dicodusport.fr\/blog\/#\/schema\/logo\/image\/\",\"url\":\"https:\/\/dicodusport.fr\/blog\/wp-content\/uploads\/2020\/06\/cropped-LOGO-DICODUSPORT-2020-SANS-FOND-SANS-TEXTE.png\",\"contentUrl\":\"https:\/\/dicodusport.fr\/blog\/wp-content\/uploads\/2020\/06\/cropped-LOGO-DICODUSPORT-2020-SANS-FOND-SANS-TEXTE.png\",\"width\":512,\"height\":512,\"caption\":\"Dicodusport\"},\"image\":{\"@id\":\"https:\/\/dicodusport.fr\/blog\/#\/schema\/logo\/image\/\"},\"sameAs\":[\"https:\/\/www.facebook.com\/dicodusport\",\"https:\/\/x.com\/dicodusport\",\"https:\/\/www.instagram.com\/dicodusport\/\",\"https:\/\/www.youtube.com\/channel\/UC7V2KZ5sd3htJivAbA4ZG3w\"],\"description\":\"Dicodusport est l'encyclop\u00e9die de l'actualit\u00e9 sportive.\",\"email\":\"bonjour@dicodusport.fr\",\"legalName\":\"DICODUSPORT\",\"foundingDate\":\"2018-01-14\",\"vatID\":\"FR71834470973\",\"taxID\":\"83447097300043\",\"numberOfEmployees\":{\"@type\":\"QuantitativeValue\",\"minValue\":\"1\",\"maxValue\":\"10\"}},{\"@type\":\"Person\",\"@id\":\"https:\/\/dicodusport.fr\/blog\/#\/schema\/person\/55dcb50ad410894e431ed812bbb70191\",\"name\":\"Nicolas Jacquemard\",\"image\":{\"@type\":\"ImageObject\",\"inLanguage\":\"fr-FR\",\"@id\":\"https:\/\/dicodusport.fr\/blog\/#\/schema\/person\/image\/\",\"url\":\"https:\/\/dicodusport.fr\/blog\/wp-content\/uploads\/2021\/05\/Nicolas-Jacquemard-150x150.jpeg\",\"contentUrl\":\"https:\/\/dicodusport.fr\/blog\/wp-content\/uploads\/2021\/05\/Nicolas-Jacquemard-150x150.jpeg\",\"caption\":\"Nicolas Jacquemard\"},\"description\":\"Passionn\u00e9 de sport et entrepreneur depuis mes 18 ans, la cr\u00e9ation de Dicodusport m'a sembl\u00e9 \u00e9vidente pour participer \u00e0 la m\u00e9diatisation d'un plus grand nombre de sports. Le chemin est long mais avec une \u00e9quipe des plus motiv\u00e9es et les Jeux Olympiques de Paris 2024 en point de mire, nous y arriverons ! Journaliste dans le monde du sport depuis plus de 5 ans, je traite aussi bien de football, de rugby, de biathlon que de cyclisme.\",\"sameAs\":[\"https:\/\/www.facebook.com\/dicodusport\",\"https:\/\/x.com\/https:\/\/twitter.com\/Nico_Jacquemard\"],\"url\":\"https:\/\/dicodusport.fr\/blog\/author\/dicodusport\/\"}]}<\/script>\n<!-- \/ Yoast SEO Premium plugin. -->","yoast_head_json":{"title":"France : Presnel Kimpembe forfait pour la Coupe du monde, son rempla\u00e7ant convoqu\u00e9","description":"COUPE DU MONDE 2022 - Presnel Kimpembe a d\u00e9clar\u00e9 forfait pour la Coupe du monde 2022 au Qatar. Axel Disasi est appel\u00e9 pour le remplacer.\u00a0","robots":{"index":"index","follow":"follow","max-snippet":"max-snippet:-1","max-image-preview":"max-image-preview:large","max-video-preview":"max-video-preview:-1"},"canonical":"https:\/\/dicodusport.fr\/blog\/france-presnel-kimpembe-forfait-pour-la-coupe-du-monde-son-remplacant-convoque\/","og_locale":"fr_FR","og_type":"article","og_title":"France : Presnel Kimpembe forfait pour la Coupe du monde, son rempla\u00e7ant convoqu\u00e9","og_description":"COUPE DU MONDE 2022 - Presnel Kimpembe a d\u00e9clar\u00e9 forfait pour la Coupe du monde 2022 au Qatar. Axel Disasi est appel\u00e9 pour le remplacer.\u00a0","og_url":"https:\/\/dicodusport.fr\/blog\/france-presnel-kimpembe-forfait-pour-la-coupe-du-monde-son-remplacant-convoque\/","og_site_name":"Dicodusport","article_publisher":"https:\/\/www.facebook.com\/dicodusport","article_author":"https:\/\/www.facebook.com\/dicodusport","article_published_time":"2022-11-14T10:00:25+00:00","article_modified_time":"2022-11-14T10:10:19+00:00","og_image":[{"width":800,"height":445,"url":"https:\/\/dicodusport.fr\/blog\/wp-content\/uploads\/2022\/11\/France-Presnel-Kimpembe-forfait-pour-la-Coupe-du-monde-son-remplac\u0327ant-convoque\u0301.png","type":"image\/png"}],"author":"Nicolas Jacquemard","twitter_card":"summary_large_image","twitter_title":"France : Presnel Kimpembe forfait pour la Coupe du monde, son rempla\u00e7ant convoqu\u00e9","twitter_creator":"@https:\/\/twitter.com\/Nico_Jacquemard","twitter_site":"@dicodusport","schema":{"@context":"https:\/\/schema.org","@graph":[{"@type":"NewsArticle","@id":"https:\/\/dicodusport.fr\/blog\/france-presnel-kimpembe-forfait-pour-la-coupe-du-monde-son-remplacant-convoque\/#article","isPartOf":{"@id":"https:\/\/dicodusport.fr\/blog\/france-presnel-kimpembe-forfait-pour-la-coupe-du-monde-son-remplacant-convoque\/"},"author":{"name":"Nicolas Jacquemard","@id":"https:\/\/dicodusport.fr\/blog\/#\/schema\/person\/55dcb50ad410894e431ed812bbb70191"},"headline":"France : Presnel Kimpembe forfait pour la Coupe du monde, son rempla\u00e7ant convoqu\u00e9","datePublished":"2022-11-14T10:00:25+00:00","dateModified":"2022-11-14T10:10:19+00:00","mainEntityOfPage":{"@id":"https:\/\/dicodusport.fr\/blog\/france-presnel-kimpembe-forfait-pour-la-coupe-du-monde-son-remplacant-convoque\/"},"wordCount":181,"commentCount":0,"publisher":{"@id":"https:\/\/dicodusport.fr\/blog\/#organization"},"image":{"@id":"https:\/\/dicodusport.fr\/blog\/france-presnel-kimpembe-forfait-pour-la-coupe-du-monde-son-remplacant-convoque\/#primaryimage"},"thumbnailUrl":"https:\/\/dicodusport.fr\/blog\/wp-content\/uploads\/2022\/11\/France-Presnel-Kimpembe-forfait-pour-la-Coupe-du-monde-son-remplac\u0327ant-convoque\u0301.png","keywords":["Football","France","Presnel Kimpembe"],"articleSection":["Coupe du monde de football","Football"],"inLanguage":"fr-FR","potentialAction":[{"@type":"CommentAction","name":"Comment","target":["https:\/\/dicodusport.fr\/blog\/france-presnel-kimpembe-forfait-pour-la-coupe-du-monde-son-remplacant-convoque\/#respond"]}],"copyrightYear":"2022","copyrightHolder":{"@id":"https:\/\/dicodusport.fr\/blog\/#organization"}},{"@type":"WebPage","@id":"https:\/\/dicodusport.fr\/blog\/france-presnel-kimpembe-forfait-pour-la-coupe-du-monde-son-remplacant-convoque\/","url":"https:\/\/dicodusport.fr\/blog\/france-presnel-kimpembe-forfait-pour-la-coupe-du-monde-son-remplacant-convoque\/","name":"France : Presnel Kimpembe forfait pour la Coupe du monde, son rempla\u00e7ant convoqu\u00e9","isPartOf":{"@id":"https:\/\/dicodusport.fr\/blog\/#website"},"primaryImageOfPage":{"@id":"https:\/\/dicodusport.fr\/blog\/france-presnel-kimpembe-forfait-pour-la-coupe-du-monde-son-remplacant-convoque\/#primaryimage"},"image":{"@id":"https:\/\/dicodusport.fr\/blog\/france-presnel-kimpembe-forfait-pour-la-coupe-du-monde-son-remplacant-convoque\/#primaryimage"},"thumbnailUrl":"https:\/\/dicodusport.fr\/blog\/wp-content\/uploads\/2022\/11\/France-Presnel-Kimpembe-forfait-pour-la-Coupe-du-monde-son-remplac\u0327ant-convoque\u0301.png","datePublished":"2022-11-14T10:00:25+00:00","dateModified":"2022-11-14T10:10:19+00:00","description":"COUPE DU MONDE 2022 - Presnel Kimpembe a d\u00e9clar\u00e9 forfait pour la Coupe du monde 2022 au Qatar. Axel Disasi est appel\u00e9 pour le remplacer.\u00a0","breadcrumb":{"@id":"https:\/\/dicodusport.fr\/blog\/france-presnel-kimpembe-forfait-pour-la-coupe-du-monde-son-remplacant-convoque\/#breadcrumb"},"inLanguage":"fr-FR","potentialAction":[{"@type":"ReadAction","target":["https:\/\/dicodusport.fr\/blog\/france-presnel-kimpembe-forfait-pour-la-coupe-du-monde-son-remplacant-convoque\/"]}]},{"@type":"ImageObject","inLanguage":"fr-FR","@id":"https:\/\/dicodusport.fr\/blog\/france-presnel-kimpembe-forfait-pour-la-coupe-du-monde-son-remplacant-convoque\/#primaryimage","url":"https:\/\/dicodusport.fr\/blog\/wp-content\/uploads\/2022\/11\/France-Presnel-Kimpembe-forfait-pour-la-Coupe-du-monde-son-remplac\u0327ant-convoque\u0301.png","contentUrl":"https:\/\/dicodusport.fr\/blog\/wp-content\/uploads\/2022\/11\/France-Presnel-Kimpembe-forfait-pour-la-Coupe-du-monde-son-remplac\u0327ant-convoque\u0301.png","width":800,"height":445},{"@type":"BreadcrumbList","@id":"https:\/\/dicodusport.fr\/blog\/france-presnel-kimpembe-forfait-pour-la-coupe-du-monde-son-remplacant-convoque\/#breadcrumb","itemListElement":[{"@type":"ListItem","position":1,"name":"Accueil","item":"https:\/\/dicodusport.fr\/blog\/"},{"@type":"ListItem","position":2,"name":"France : Presnel Kimpembe forfait pour la Coupe du monde, son rempla\u00e7ant convoqu\u00e9"}]},{"@type":"WebSite","@id":"https:\/\/dicodusport.fr\/blog\/#website","url":"https:\/\/dicodusport.fr\/blog\/","name":"Dicodusport","description":"L&#039;encyclop\u00e9die de l&#039;actualit\u00e9 sportive","publisher":{"@id":"https:\/\/dicodusport.fr\/blog\/#organization"},"potentialAction":[{"@type":"SearchAction","target":{"@type":"EntryPoint","urlTemplate":"https:\/\/dicodusport.fr\/blog\/?s={search_term_string}"},"query-input":{"@type":"PropertyValueSpecification","valueRequired":true,"valueName":"search_term_string"}}],"inLanguage":"fr-FR"},{"@type":"NewsMediaOrganization","@id":"https:\/\/dicodusport.fr\/blog\/#organization","name":"Dicodusport","url":"https:\/\/dicodusport.fr\/blog\/","logo":{"@type":"ImageObject","inLanguage":"fr-FR","@id":"https:\/\/dicodusport.fr\/blog\/#\/schema\/logo\/image\/","url":"https:\/\/dicodusport.fr\/blog\/wp-content\/uploads\/2020\/06\/cropped-LOGO-DICODUSPORT-2020-SANS-FOND-SANS-TEXTE.png","contentUrl":"https:\/\/dicodusport.fr\/blog\/wp-content\/uploads\/2020\/06\/cropped-LOGO-DICODUSPORT-2020-SANS-FOND-SANS-TEXTE.png","width":512,"height":512,"caption":"Dicodusport"},"image":{"@id":"https:\/\/dicodusport.fr\/blog\/#\/schema\/logo\/image\/"},"sameAs":["https:\/\/www.facebook.com\/dicodusport","https:\/\/x.com\/dicodusport","https:\/\/www.instagram.com\/dicodusport\/","https:\/\/www.youtube.com\/channel\/UC7V2KZ5sd3htJivAbA4ZG3w"],"description":"Dicodusport est l'encyclop\u00e9die de l'actualit\u00e9 sportive.","email":"bonjour@dicodusport.fr","legalName":"DICODUSPORT","foundingDate":"2018-01-14","vatID":"FR71834470973","taxID":"83447097300043","numberOfEmployees":{"@type":"QuantitativeValue","minValue":"1","maxValue":"10"}},{"@type":"Person","@id":"https:\/\/dicodusport.fr\/blog\/#\/schema\/person\/55dcb50ad410894e431ed812bbb70191","name":"Nicolas Jacquemard","image":{"@type":"ImageObject","inLanguage":"fr-FR","@id":"https:\/\/dicodusport.fr\/blog\/#\/schema\/person\/image\/","url":"https:\/\/dicodusport.fr\/blog\/wp-content\/uploads\/2021\/05\/Nicolas-Jacquemard-150x150.jpeg","contentUrl":"https:\/\/dicodusport.fr\/blog\/wp-content\/uploads\/2021\/05\/Nicolas-Jacquemard-150x150.jpeg","caption":"Nicolas Jacquemard"},"description":"Passionn\u00e9 de sport et entrepreneur depuis mes 18 ans, la cr\u00e9ation de Dicodusport m'a sembl\u00e9 \u00e9vidente pour participer \u00e0 la m\u00e9diatisation d'un plus grand nombre de sports. Le chemin est long mais avec une \u00e9quipe des plus motiv\u00e9es et les Jeux Olympiques de Paris 2024 en point de mire, nous y arriverons ! Journaliste dans le monde du sport depuis plus de 5 ans, je traite aussi bien de football, de rugby, de biathlon que de cyclisme.","sameAs":["https:\/\/www.facebook.com\/dicodusport","https:\/\/x.com\/https:\/\/twitter.com\/Nico_Jacquemard"],"url":"https:\/\/dicodusport.fr\/blog\/author\/dicodusport\/"}]}},"_links":{"self":[{"href":"https:\/\/dicodusport.fr\/blog\/wp-json\/wp\/v2\/posts\/278922","targetHints":{"allow":["GET"]}}],"collection":[{"href":"https:\/\/dicodusport.fr\/blog\/wp-json\/wp\/v2\/posts"}],"about":[{"href":"https:\/\/dicodusport.fr\/blog\/wp-json\/wp\/v2\/types\/post"}],"author":[{"embeddable":true,"href":"https:\/\/dicodusport.fr\/blog\/wp-json\/wp\/v2\/users\/1"}],"replies":[{"embeddable":true,"href":"https:\/\/dicodusport.fr\/blog\/wp-json\/wp\/v2\/comments?post=278922"}],"version-history":[{"count":0,"href":"https:\/\/dicodusport.fr\/blog\/wp-json\/wp\/v2\/posts\/278922\/revisions"}],"wp:featuredmedia":[{"embeddable":true,"href":"https:\/\/dicodusport.fr\/blog\/wp-json\/wp\/v2\/media\/278926"}],"wp:attachment":[{"href":"https:\/\/dicodusport.fr\/blog\/wp-json\/wp\/v2\/media?parent=278922"}],"wp:term":[{"taxonomy":"category","embeddable":true,"href":"https:\/\/dicodusport.fr\/blog\/wp-json\/wp\/v2\/categories?post=278922"},{"taxonomy":"post_tag","embeddable":true,"href":"https:\/\/dicodusport.fr\/blog\/wp-json\/wp\/v2\/tags?post=278922"}],"curies":[{"name":"wp","href":"https:\/\/api.w.org\/{rel}","templated":true}]}}