{"id":278949,"date":"2022-11-14T11:43:48","date_gmt":"2022-11-14T10:43:48","guid":{"rendered":"https:\/\/dicodusport.fr\/blog\/?p=278949&#038;preview=true&#038;preview_id=278949"},"modified":"2022-11-14T12:00:38","modified_gmt":"2022-11-14T11:00:38","slug":"coupe-du-monde-de-biathlon-sophie-chauveau-gagne-sa-place-en-equipe-de-france","status":"publish","type":"post","link":"https:\/\/dicodusport.fr\/blog\/coupe-du-monde-de-biathlon-sophie-chauveau-gagne-sa-place-en-equipe-de-france\/","title":{"rendered":"Coupe du monde de biathlon : Sophie Chauveau gagne sa place en \u00e9quipe de France"},"content":{"rendered":"<p style=\"text-align: justify;\"><strong><em><a href=\"https:\/\/dicodusport.fr\/blog\/biathlon-coupe-du-monde-2021-2022-le-calendrier-complet\/\">COUPE DU MONDE DE BIATHLON 2022\/2023<\/a> &#8211; Le quota suppl\u00e9mentaire chez les femmes en \u00e9quipe de France a \u00e9t\u00e9 pourvu, et c&rsquo;est Sophie Chauveau qui en a b\u00e9n\u00e9fici\u00e9, gr\u00e2ce \u00e0 de belles performances ce week-end \u00e0 Bessans.\u00a0<\/em><\/strong><\/p>\n<p style=\"text-align: justify;\">Tout a commenc\u00e9 gr\u00e2ce <a href=\"https:\/\/dicodusport.fr\/blog\/ibu-cup-ridnaun-victoire-de-colombo-sur-poursuite-gros-globe-pour-jeanmonnot\/\">au succ\u00e8s de <strong>Lou Jeanmonnot<\/strong> la saison derni\u00e8re en IBU Cup<\/a>. Un sacre qui, en plus d&rsquo;avoir ouvert l&rsquo;armoire \u00e0 troph\u00e9es de la principale int\u00e9ress\u00e9e, a offert \u00e0 l&rsquo;\u00e9quipe de France f\u00e9minine une septi\u00e8me place pour les d\u00e9parts en Coupe du monde. Si cette place devait se jouer lors de la premi\u00e8re \u00e9tape de cette m\u00eame IBU Cup fin novembre \u00e0 Susjoen (Norv\u00e8ge), <a href=\"https:\/\/dicodusport.fr\/blog\/ibu-cup-2022-2023-la-saison-ne-debutera-pas-a-sjusjoen-mais-a-idre-fjall\/\">l&rsquo;annulation de cette semaine de comp\u00e9tition<\/a> a forc\u00e9 le staff tricolore \u00e0 revoir ses plans.<\/p>\n<p style=\"text-align: justify;\">C&rsquo;est donc \u00e0 Bessans (Savoie) qu&rsquo;ont eu lieu des s\u00e9lections improvis\u00e9es ce week-end, sous la forme de deux sprints. <strong>Sophie Chauveau<\/strong> a pris la deuxi\u00e8me place, puis la quatri\u00e8me, et c&rsquo;est avec ce bilan le plus \u00e9quilibr\u00e9 des biathl\u00e8tes engag\u00e9es qu&rsquo;elle a convaincu le staff. Elle h\u00e9rite donc du septi\u00e8me ticket et concourra en Coupe du monde en compagnie de <strong>Julia Simon, Ana\u00efs Chevalier-Bouchet, Chlo\u00e9 Chevalier, Lou Jeanmonnot, Paula Botet<\/strong> et<strong> Caroline Colombo<\/strong>. Une chance suppl\u00e9mentaire donc pour la France de se montrer en cette ann\u00e9e post-olympique. Et une opportunit\u00e9 surtout pour <strong>Sophie Chauveau<\/strong> de c\u00f4toyer le haut niveau.<\/p>\n<blockquote class=\"twitter-tweet\">\n<p dir=\"ltr\" lang=\"fr\">D\u00e9couvrez la s\u00e9lection tricolore pour l&rsquo;ouverture de la Coupe du Monde <a href=\"https:\/\/twitter.com\/IBU_WC?ref_src=twsrc%5Etfw\">@IBU_WC<\/a> de <a href=\"https:\/\/twitter.com\/KlahtiBiathlon?ref_src=twsrc%5Etfw\">@KlahtiBiathlon<\/a> du 29 novembre au 4 d\u00e9cembre 2022 : <a href=\"https:\/\/t.co\/fbxNKaEtxf\">https:\/\/t.co\/fbxNKaEtxf<\/a> <a href=\"https:\/\/t.co\/tplJmOcCCP\">pic.twitter.com\/tplJmOcCCP<\/a><\/p>\n<p>\u2014 FFS &#8211; F\u00e9d\u00e9ration Fran\u00e7aise de Ski (@FedFranceSki) <a href=\"https:\/\/twitter.com\/FedFranceSki\/status\/1592092619676475393?ref_src=twsrc%5Etfw\">November 14, 2022<\/a><\/p><\/blockquote>\n<p style=\"text-align: justify;\"><script async src=\"https:\/\/platform.twitter.com\/widgets.js\" charset=\"utf-8\"><\/script><\/p>\n","protected":false},"excerpt":{"rendered":"<p>COUPE DU MONDE DE BIATHLON 2022\/2023 &#8211; Le quota suppl\u00e9mentaire chez les femmes en \u00e9quipe de France a \u00e9t\u00e9 pourvu, et c&rsquo;est Sophie Chauveau qui en a b\u00e9n\u00e9fici\u00e9, gr\u00e2ce \u00e0 de belles performances ce weekend \u00e0 Bessans.\u00a0<\/p>\n","protected":false},"author":59,"featured_media":278960,"comment_status":"open","ping_status":"closed","sticky":false,"template":"","format":"standard","meta":{"_acf_changed":false,"_daextam_enable_autolinks":"","footnotes":""},"categories":[47040],"tags":[2865,27943],"class_list":["post-278949","post","type-post","status-publish","format-standard","has-post-thumbnail","hentry","category-coupe-du-monde-de-biathlon","tag-equipe-de-france-de-biathlon","tag-sophie-chauveau"],"acf":[],"yoast_head":"<!-- This site is optimized with the Yoast SEO Premium plugin v26.7 (Yoast SEO v26.7) - https:\/\/yoast.com\/wordpress\/plugins\/seo\/ -->\n<title>Coupe du monde de biathlon : Sophie Chauveau gagne sa place en \u00e9quipe de France<\/title>\n<meta name=\"description\" content=\"COUPE DU MONDE DE BIATHLON 2022\/2023 - Sophie Chauveau a b\u00e9n\u00e9fici\u00e9 du quota suppl\u00e9mentaire, gr\u00e2ce \u00e0 de belles performances \u00e0 Bessans.\u00a0\" \/>\n<meta name=\"robots\" content=\"index, follow, max-snippet:-1, max-image-preview:large, max-video-preview:-1\" \/>\n<link rel=\"canonical\" href=\"https:\/\/dicodusport.fr\/blog\/coupe-du-monde-de-biathlon-sophie-chauveau-gagne-sa-place-en-equipe-de-france\/\" \/>\n<meta property=\"og:locale\" content=\"fr_FR\" \/>\n<meta property=\"og:type\" content=\"article\" \/>\n<meta property=\"og:title\" content=\"Coupe du monde de biathlon : Sophie Chauveau gagne sa place en \u00e9quipe de France\" \/>\n<meta property=\"og:description\" content=\"COUPE DU MONDE DE BIATHLON 2022\/2023 - Sophie Chauveau a b\u00e9n\u00e9fici\u00e9 du quota suppl\u00e9mentaire, gr\u00e2ce \u00e0 de belles performances \u00e0 Bessans.\u00a0\" \/>\n<meta property=\"og:url\" content=\"https:\/\/dicodusport.fr\/blog\/coupe-du-monde-de-biathlon-sophie-chauveau-gagne-sa-place-en-equipe-de-france\/\" \/>\n<meta property=\"og:site_name\" content=\"Dicodusport\" \/>\n<meta property=\"article:publisher\" content=\"https:\/\/www.facebook.com\/dicodusport\" \/>\n<meta property=\"article:author\" content=\"https:\/\/www.facebook.com\/sebastien.gente\/\" \/>\n<meta property=\"article:published_time\" content=\"2022-11-14T10:43:48+00:00\" \/>\n<meta property=\"article:modified_time\" content=\"2022-11-14T11:00:38+00:00\" \/>\n<meta property=\"og:image\" content=\"https:\/\/dicodusport.fr\/blog\/wp-content\/uploads\/2022\/11\/Coupe-du-monde-de-biathlon-Sophie-Chauveau-gagne-sa-place-en-equipe-de-France.png\" \/>\n\t<meta property=\"og:image:width\" content=\"800\" \/>\n\t<meta property=\"og:image:height\" content=\"445\" \/>\n\t<meta property=\"og:image:type\" content=\"image\/png\" \/>\n<meta name=\"author\" content=\"S\u00e9bastien Gente\" \/>\n<meta name=\"twitter:card\" content=\"summary_large_image\" \/>\n<meta name=\"twitter:title\" content=\"Coupe du monde de biathlon : Sophie Chauveau gagne sa place en \u00e9quipe de France\" \/>\n<meta name=\"twitter:creator\" content=\"@https:\/\/twitter.com\/globulo24\" \/>\n<meta name=\"twitter:site\" content=\"@dicodusport\" \/>\n<script type=\"application\/ld+json\" class=\"yoast-schema-graph\">{\"@context\":\"https:\/\/schema.org\",\"@graph\":[{\"@type\":\"NewsArticle\",\"@id\":\"https:\/\/dicodusport.fr\/blog\/coupe-du-monde-de-biathlon-sophie-chauveau-gagne-sa-place-en-equipe-de-france\/#article\",\"isPartOf\":{\"@id\":\"https:\/\/dicodusport.fr\/blog\/coupe-du-monde-de-biathlon-sophie-chauveau-gagne-sa-place-en-equipe-de-france\/\"},\"author\":{\"name\":\"S\u00e9bastien Gente\",\"@id\":\"https:\/\/dicodusport.fr\/blog\/#\/schema\/person\/627966a6cde45dbd8c5e36ac85d783da\"},\"headline\":\"Coupe du monde de biathlon : Sophie Chauveau gagne sa place en \u00e9quipe de France\",\"datePublished\":\"2022-11-14T10:43:48+00:00\",\"dateModified\":\"2022-11-14T11:00:38+00:00\",\"mainEntityOfPage\":{\"@id\":\"https:\/\/dicodusport.fr\/blog\/coupe-du-monde-de-biathlon-sophie-chauveau-gagne-sa-place-en-equipe-de-france\/\"},\"wordCount\":304,\"commentCount\":0,\"publisher\":{\"@id\":\"https:\/\/dicodusport.fr\/blog\/#organization\"},\"image\":{\"@id\":\"https:\/\/dicodusport.fr\/blog\/coupe-du-monde-de-biathlon-sophie-chauveau-gagne-sa-place-en-equipe-de-france\/#primaryimage\"},\"thumbnailUrl\":\"https:\/\/dicodusport.fr\/blog\/wp-content\/uploads\/2022\/11\/Coupe-du-monde-de-biathlon-Sophie-Chauveau-gagne-sa-place-en-equipe-de-France.png\",\"keywords\":[\"Equipe de France de Biathlon\",\"Sophie Chauveau\"],\"articleSection\":[\"Coupe du monde de biathlon\"],\"inLanguage\":\"fr-FR\",\"potentialAction\":[{\"@type\":\"CommentAction\",\"name\":\"Comment\",\"target\":[\"https:\/\/dicodusport.fr\/blog\/coupe-du-monde-de-biathlon-sophie-chauveau-gagne-sa-place-en-equipe-de-france\/#respond\"]}],\"copyrightYear\":\"2022\",\"copyrightHolder\":{\"@id\":\"https:\/\/dicodusport.fr\/blog\/#organization\"}},{\"@type\":\"WebPage\",\"@id\":\"https:\/\/dicodusport.fr\/blog\/coupe-du-monde-de-biathlon-sophie-chauveau-gagne-sa-place-en-equipe-de-france\/\",\"url\":\"https:\/\/dicodusport.fr\/blog\/coupe-du-monde-de-biathlon-sophie-chauveau-gagne-sa-place-en-equipe-de-france\/\",\"name\":\"Coupe du monde de biathlon : Sophie Chauveau gagne sa place en \u00e9quipe de France\",\"isPartOf\":{\"@id\":\"https:\/\/dicodusport.fr\/blog\/#website\"},\"primaryImageOfPage\":{\"@id\":\"https:\/\/dicodusport.fr\/blog\/coupe-du-monde-de-biathlon-sophie-chauveau-gagne-sa-place-en-equipe-de-france\/#primaryimage\"},\"image\":{\"@id\":\"https:\/\/dicodusport.fr\/blog\/coupe-du-monde-de-biathlon-sophie-chauveau-gagne-sa-place-en-equipe-de-france\/#primaryimage\"},\"thumbnailUrl\":\"https:\/\/dicodusport.fr\/blog\/wp-content\/uploads\/2022\/11\/Coupe-du-monde-de-biathlon-Sophie-Chauveau-gagne-sa-place-en-equipe-de-France.png\",\"datePublished\":\"2022-11-14T10:43:48+00:00\",\"dateModified\":\"2022-11-14T11:00:38+00:00\",\"description\":\"COUPE DU MONDE DE BIATHLON 2022\/2023 - Sophie Chauveau a b\u00e9n\u00e9fici\u00e9 du quota suppl\u00e9mentaire, gr\u00e2ce \u00e0 de belles performances \u00e0 Bessans.\u00a0\",\"breadcrumb\":{\"@id\":\"https:\/\/dicodusport.fr\/blog\/coupe-du-monde-de-biathlon-sophie-chauveau-gagne-sa-place-en-equipe-de-france\/#breadcrumb\"},\"inLanguage\":\"fr-FR\",\"potentialAction\":[{\"@type\":\"ReadAction\",\"target\":[\"https:\/\/dicodusport.fr\/blog\/coupe-du-monde-de-biathlon-sophie-chauveau-gagne-sa-place-en-equipe-de-france\/\"]}]},{\"@type\":\"ImageObject\",\"inLanguage\":\"fr-FR\",\"@id\":\"https:\/\/dicodusport.fr\/blog\/coupe-du-monde-de-biathlon-sophie-chauveau-gagne-sa-place-en-equipe-de-france\/#primaryimage\",\"url\":\"https:\/\/dicodusport.fr\/blog\/wp-content\/uploads\/2022\/11\/Coupe-du-monde-de-biathlon-Sophie-Chauveau-gagne-sa-place-en-equipe-de-France.png\",\"contentUrl\":\"https:\/\/dicodusport.fr\/blog\/wp-content\/uploads\/2022\/11\/Coupe-du-monde-de-biathlon-Sophie-Chauveau-gagne-sa-place-en-equipe-de-France.png\",\"width\":800,\"height\":445,\"caption\":\"Coupe du monde de biathlon Sophie Chauveau gagne sa place en \u00e9quipe de France\"},{\"@type\":\"BreadcrumbList\",\"@id\":\"https:\/\/dicodusport.fr\/blog\/coupe-du-monde-de-biathlon-sophie-chauveau-gagne-sa-place-en-equipe-de-france\/#breadcrumb\",\"itemListElement\":[{\"@type\":\"ListItem\",\"position\":1,\"name\":\"Accueil\",\"item\":\"https:\/\/dicodusport.fr\/blog\/\"},{\"@type\":\"ListItem\",\"position\":2,\"name\":\"Coupe du monde de biathlon : Sophie Chauveau gagne sa place en \u00e9quipe de France\"}]},{\"@type\":\"WebSite\",\"@id\":\"https:\/\/dicodusport.fr\/blog\/#website\",\"url\":\"https:\/\/dicodusport.fr\/blog\/\",\"name\":\"Dicodusport\",\"description\":\"L&#039;encyclop\u00e9die de l&#039;actualit\u00e9 sportive\",\"publisher\":{\"@id\":\"https:\/\/dicodusport.fr\/blog\/#organization\"},\"potentialAction\":[{\"@type\":\"SearchAction\",\"target\":{\"@type\":\"EntryPoint\",\"urlTemplate\":\"https:\/\/dicodusport.fr\/blog\/?s={search_term_string}\"},\"query-input\":{\"@type\":\"PropertyValueSpecification\",\"valueRequired\":true,\"valueName\":\"search_term_string\"}}],\"inLanguage\":\"fr-FR\"},{\"@type\":\"NewsMediaOrganization\",\"@id\":\"https:\/\/dicodusport.fr\/blog\/#organization\",\"name\":\"Dicodusport\",\"url\":\"https:\/\/dicodusport.fr\/blog\/\",\"logo\":{\"@type\":\"ImageObject\",\"inLanguage\":\"fr-FR\",\"@id\":\"https:\/\/dicodusport.fr\/blog\/#\/schema\/logo\/image\/\",\"url\":\"https:\/\/dicodusport.fr\/blog\/wp-content\/uploads\/2020\/06\/cropped-LOGO-DICODUSPORT-2020-SANS-FOND-SANS-TEXTE.png\",\"contentUrl\":\"https:\/\/dicodusport.fr\/blog\/wp-content\/uploads\/2020\/06\/cropped-LOGO-DICODUSPORT-2020-SANS-FOND-SANS-TEXTE.png\",\"width\":512,\"height\":512,\"caption\":\"Dicodusport\"},\"image\":{\"@id\":\"https:\/\/dicodusport.fr\/blog\/#\/schema\/logo\/image\/\"},\"sameAs\":[\"https:\/\/www.facebook.com\/dicodusport\",\"https:\/\/x.com\/dicodusport\",\"https:\/\/www.instagram.com\/dicodusport\/\",\"https:\/\/www.youtube.com\/channel\/UC7V2KZ5sd3htJivAbA4ZG3w\"],\"description\":\"Dicodusport est l'encyclop\u00e9die de l'actualit\u00e9 sportive.\",\"email\":\"bonjour@dicodusport.fr\",\"legalName\":\"DICODUSPORT\",\"foundingDate\":\"2018-01-14\",\"vatID\":\"FR71834470973\",\"taxID\":\"83447097300043\",\"numberOfEmployees\":{\"@type\":\"QuantitativeValue\",\"minValue\":\"1\",\"maxValue\":\"10\"}},{\"@type\":\"Person\",\"@id\":\"https:\/\/dicodusport.fr\/blog\/#\/schema\/person\/627966a6cde45dbd8c5e36ac85d783da\",\"name\":\"S\u00e9bastien Gente\",\"image\":{\"@type\":\"ImageObject\",\"inLanguage\":\"fr-FR\",\"@id\":\"https:\/\/dicodusport.fr\/blog\/#\/schema\/person\/image\/\",\"url\":\"https:\/\/dicodusport.fr\/blog\/wp-content\/uploads\/2021\/09\/1510990_10205810251400683_4124423575079401707_n-150x150.jpg\",\"contentUrl\":\"https:\/\/dicodusport.fr\/blog\/wp-content\/uploads\/2021\/09\/1510990_10205810251400683_4124423575079401707_n-150x150.jpg\",\"caption\":\"S\u00e9bastien Gente\"},\"description\":\"John Stockton, Gianni Bugno, Zinedine Zidane, Steffi Graf, Frode Andresen, St\u00e9phane Stoecklin, Davis Kamoga, Primoz Peterka, Werner Schlager et Aur\u00e9lien Rougerie. Point commun entre ces sportifs? Ils m'ont fait r\u00eaver et ont berc\u00e9 mon adolescence. Je suis un fondu de sports et j'essaie de retranscrire ma passion \u00e0 travers mes articles. Originaire du P\u00e9rigord, ma passion pour les Girondins, les Jaunards et les Jazzmen transpire dans mes \u00e9crits. \u00c0 Dicodusport depuis 2021, je d\u00e9niche les sports m\u00e9connus dans lesquels la France brille, et il y en a !\",\"sameAs\":[\"https:\/\/www.facebook.com\/sebastien.gente\/\",\"https:\/\/www.instagram.com\/sebgente\/\",\"https:\/\/www.linkedin.com\/in\/sbastien-gente-a29583169\/\",\"https:\/\/x.com\/https:\/\/twitter.com\/globulo24\",\"SebastienGente\"],\"worksFor\":\"S\u00e9bastien GENTE\",\"url\":\"https:\/\/dicodusport.fr\/blog\/author\/sebastiengente\/\"}]}<\/script>\n<!-- \/ Yoast SEO Premium plugin. -->","yoast_head_json":{"title":"Coupe du monde de biathlon : Sophie Chauveau gagne sa place en \u00e9quipe de France","description":"COUPE DU MONDE DE BIATHLON 2022\/2023 - Sophie Chauveau a b\u00e9n\u00e9fici\u00e9 du quota suppl\u00e9mentaire, gr\u00e2ce \u00e0 de belles performances \u00e0 Bessans.\u00a0","robots":{"index":"index","follow":"follow","max-snippet":"max-snippet:-1","max-image-preview":"max-image-preview:large","max-video-preview":"max-video-preview:-1"},"canonical":"https:\/\/dicodusport.fr\/blog\/coupe-du-monde-de-biathlon-sophie-chauveau-gagne-sa-place-en-equipe-de-france\/","og_locale":"fr_FR","og_type":"article","og_title":"Coupe du monde de biathlon : Sophie Chauveau gagne sa place en \u00e9quipe de France","og_description":"COUPE DU MONDE DE BIATHLON 2022\/2023 - Sophie Chauveau a b\u00e9n\u00e9fici\u00e9 du quota suppl\u00e9mentaire, gr\u00e2ce \u00e0 de belles performances \u00e0 Bessans.\u00a0","og_url":"https:\/\/dicodusport.fr\/blog\/coupe-du-monde-de-biathlon-sophie-chauveau-gagne-sa-place-en-equipe-de-france\/","og_site_name":"Dicodusport","article_publisher":"https:\/\/www.facebook.com\/dicodusport","article_author":"https:\/\/www.facebook.com\/sebastien.gente\/","article_published_time":"2022-11-14T10:43:48+00:00","article_modified_time":"2022-11-14T11:00:38+00:00","og_image":[{"width":800,"height":445,"url":"https:\/\/dicodusport.fr\/blog\/wp-content\/uploads\/2022\/11\/Coupe-du-monde-de-biathlon-Sophie-Chauveau-gagne-sa-place-en-equipe-de-France.png","type":"image\/png"}],"author":"S\u00e9bastien Gente","twitter_card":"summary_large_image","twitter_title":"Coupe du monde de biathlon : Sophie Chauveau gagne sa place en \u00e9quipe de France","twitter_creator":"@https:\/\/twitter.com\/globulo24","twitter_site":"@dicodusport","schema":{"@context":"https:\/\/schema.org","@graph":[{"@type":"NewsArticle","@id":"https:\/\/dicodusport.fr\/blog\/coupe-du-monde-de-biathlon-sophie-chauveau-gagne-sa-place-en-equipe-de-france\/#article","isPartOf":{"@id":"https:\/\/dicodusport.fr\/blog\/coupe-du-monde-de-biathlon-sophie-chauveau-gagne-sa-place-en-equipe-de-france\/"},"author":{"name":"S\u00e9bastien Gente","@id":"https:\/\/dicodusport.fr\/blog\/#\/schema\/person\/627966a6cde45dbd8c5e36ac85d783da"},"headline":"Coupe du monde de biathlon : Sophie Chauveau gagne sa place en \u00e9quipe de France","datePublished":"2022-11-14T10:43:48+00:00","dateModified":"2022-11-14T11:00:38+00:00","mainEntityOfPage":{"@id":"https:\/\/dicodusport.fr\/blog\/coupe-du-monde-de-biathlon-sophie-chauveau-gagne-sa-place-en-equipe-de-france\/"},"wordCount":304,"commentCount":0,"publisher":{"@id":"https:\/\/dicodusport.fr\/blog\/#organization"},"image":{"@id":"https:\/\/dicodusport.fr\/blog\/coupe-du-monde-de-biathlon-sophie-chauveau-gagne-sa-place-en-equipe-de-france\/#primaryimage"},"thumbnailUrl":"https:\/\/dicodusport.fr\/blog\/wp-content\/uploads\/2022\/11\/Coupe-du-monde-de-biathlon-Sophie-Chauveau-gagne-sa-place-en-equipe-de-France.png","keywords":["Equipe de France de Biathlon","Sophie Chauveau"],"articleSection":["Coupe du monde de biathlon"],"inLanguage":"fr-FR","potentialAction":[{"@type":"CommentAction","name":"Comment","target":["https:\/\/dicodusport.fr\/blog\/coupe-du-monde-de-biathlon-sophie-chauveau-gagne-sa-place-en-equipe-de-france\/#respond"]}],"copyrightYear":"2022","copyrightHolder":{"@id":"https:\/\/dicodusport.fr\/blog\/#organization"}},{"@type":"WebPage","@id":"https:\/\/dicodusport.fr\/blog\/coupe-du-monde-de-biathlon-sophie-chauveau-gagne-sa-place-en-equipe-de-france\/","url":"https:\/\/dicodusport.fr\/blog\/coupe-du-monde-de-biathlon-sophie-chauveau-gagne-sa-place-en-equipe-de-france\/","name":"Coupe du monde de biathlon : Sophie Chauveau gagne sa place en \u00e9quipe de France","isPartOf":{"@id":"https:\/\/dicodusport.fr\/blog\/#website"},"primaryImageOfPage":{"@id":"https:\/\/dicodusport.fr\/blog\/coupe-du-monde-de-biathlon-sophie-chauveau-gagne-sa-place-en-equipe-de-france\/#primaryimage"},"image":{"@id":"https:\/\/dicodusport.fr\/blog\/coupe-du-monde-de-biathlon-sophie-chauveau-gagne-sa-place-en-equipe-de-france\/#primaryimage"},"thumbnailUrl":"https:\/\/dicodusport.fr\/blog\/wp-content\/uploads\/2022\/11\/Coupe-du-monde-de-biathlon-Sophie-Chauveau-gagne-sa-place-en-equipe-de-France.png","datePublished":"2022-11-14T10:43:48+00:00","dateModified":"2022-11-14T11:00:38+00:00","description":"COUPE DU MONDE DE BIATHLON 2022\/2023 - Sophie Chauveau a b\u00e9n\u00e9fici\u00e9 du quota suppl\u00e9mentaire, gr\u00e2ce \u00e0 de belles performances \u00e0 Bessans.\u00a0","breadcrumb":{"@id":"https:\/\/dicodusport.fr\/blog\/coupe-du-monde-de-biathlon-sophie-chauveau-gagne-sa-place-en-equipe-de-france\/#breadcrumb"},"inLanguage":"fr-FR","potentialAction":[{"@type":"ReadAction","target":["https:\/\/dicodusport.fr\/blog\/coupe-du-monde-de-biathlon-sophie-chauveau-gagne-sa-place-en-equipe-de-france\/"]}]},{"@type":"ImageObject","inLanguage":"fr-FR","@id":"https:\/\/dicodusport.fr\/blog\/coupe-du-monde-de-biathlon-sophie-chauveau-gagne-sa-place-en-equipe-de-france\/#primaryimage","url":"https:\/\/dicodusport.fr\/blog\/wp-content\/uploads\/2022\/11\/Coupe-du-monde-de-biathlon-Sophie-Chauveau-gagne-sa-place-en-equipe-de-France.png","contentUrl":"https:\/\/dicodusport.fr\/blog\/wp-content\/uploads\/2022\/11\/Coupe-du-monde-de-biathlon-Sophie-Chauveau-gagne-sa-place-en-equipe-de-France.png","width":800,"height":445,"caption":"Coupe du monde de biathlon Sophie Chauveau gagne sa place en \u00e9quipe de France"},{"@type":"BreadcrumbList","@id":"https:\/\/dicodusport.fr\/blog\/coupe-du-monde-de-biathlon-sophie-chauveau-gagne-sa-place-en-equipe-de-france\/#breadcrumb","itemListElement":[{"@type":"ListItem","position":1,"name":"Accueil","item":"https:\/\/dicodusport.fr\/blog\/"},{"@type":"ListItem","position":2,"name":"Coupe du monde de biathlon : Sophie Chauveau gagne sa place en \u00e9quipe de France"}]},{"@type":"WebSite","@id":"https:\/\/dicodusport.fr\/blog\/#website","url":"https:\/\/dicodusport.fr\/blog\/","name":"Dicodusport","description":"L&#039;encyclop\u00e9die de l&#039;actualit\u00e9 sportive","publisher":{"@id":"https:\/\/dicodusport.fr\/blog\/#organization"},"potentialAction":[{"@type":"SearchAction","target":{"@type":"EntryPoint","urlTemplate":"https:\/\/dicodusport.fr\/blog\/?s={search_term_string}"},"query-input":{"@type":"PropertyValueSpecification","valueRequired":true,"valueName":"search_term_string"}}],"inLanguage":"fr-FR"},{"@type":"NewsMediaOrganization","@id":"https:\/\/dicodusport.fr\/blog\/#organization","name":"Dicodusport","url":"https:\/\/dicodusport.fr\/blog\/","logo":{"@type":"ImageObject","inLanguage":"fr-FR","@id":"https:\/\/dicodusport.fr\/blog\/#\/schema\/logo\/image\/","url":"https:\/\/dicodusport.fr\/blog\/wp-content\/uploads\/2020\/06\/cropped-LOGO-DICODUSPORT-2020-SANS-FOND-SANS-TEXTE.png","contentUrl":"https:\/\/dicodusport.fr\/blog\/wp-content\/uploads\/2020\/06\/cropped-LOGO-DICODUSPORT-2020-SANS-FOND-SANS-TEXTE.png","width":512,"height":512,"caption":"Dicodusport"},"image":{"@id":"https:\/\/dicodusport.fr\/blog\/#\/schema\/logo\/image\/"},"sameAs":["https:\/\/www.facebook.com\/dicodusport","https:\/\/x.com\/dicodusport","https:\/\/www.instagram.com\/dicodusport\/","https:\/\/www.youtube.com\/channel\/UC7V2KZ5sd3htJivAbA4ZG3w"],"description":"Dicodusport est l'encyclop\u00e9die de l'actualit\u00e9 sportive.","email":"bonjour@dicodusport.fr","legalName":"DICODUSPORT","foundingDate":"2018-01-14","vatID":"FR71834470973","taxID":"83447097300043","numberOfEmployees":{"@type":"QuantitativeValue","minValue":"1","maxValue":"10"}},{"@type":"Person","@id":"https:\/\/dicodusport.fr\/blog\/#\/schema\/person\/627966a6cde45dbd8c5e36ac85d783da","name":"S\u00e9bastien Gente","image":{"@type":"ImageObject","inLanguage":"fr-FR","@id":"https:\/\/dicodusport.fr\/blog\/#\/schema\/person\/image\/","url":"https:\/\/dicodusport.fr\/blog\/wp-content\/uploads\/2021\/09\/1510990_10205810251400683_4124423575079401707_n-150x150.jpg","contentUrl":"https:\/\/dicodusport.fr\/blog\/wp-content\/uploads\/2021\/09\/1510990_10205810251400683_4124423575079401707_n-150x150.jpg","caption":"S\u00e9bastien Gente"},"description":"John Stockton, Gianni Bugno, Zinedine Zidane, Steffi Graf, Frode Andresen, St\u00e9phane Stoecklin, Davis Kamoga, Primoz Peterka, Werner Schlager et Aur\u00e9lien Rougerie. Point commun entre ces sportifs? Ils m'ont fait r\u00eaver et ont berc\u00e9 mon adolescence. Je suis un fondu de sports et j'essaie de retranscrire ma passion \u00e0 travers mes articles. Originaire du P\u00e9rigord, ma passion pour les Girondins, les Jaunards et les Jazzmen transpire dans mes \u00e9crits. \u00c0 Dicodusport depuis 2021, je d\u00e9niche les sports m\u00e9connus dans lesquels la France brille, et il y en a !","sameAs":["https:\/\/www.facebook.com\/sebastien.gente\/","https:\/\/www.instagram.com\/sebgente\/","https:\/\/www.linkedin.com\/in\/sbastien-gente-a29583169\/","https:\/\/x.com\/https:\/\/twitter.com\/globulo24","SebastienGente"],"worksFor":"S\u00e9bastien GENTE","url":"https:\/\/dicodusport.fr\/blog\/author\/sebastiengente\/"}]}},"_links":{"self":[{"href":"https:\/\/dicodusport.fr\/blog\/wp-json\/wp\/v2\/posts\/278949","targetHints":{"allow":["GET"]}}],"collection":[{"href":"https:\/\/dicodusport.fr\/blog\/wp-json\/wp\/v2\/posts"}],"about":[{"href":"https:\/\/dicodusport.fr\/blog\/wp-json\/wp\/v2\/types\/post"}],"author":[{"embeddable":true,"href":"https:\/\/dicodusport.fr\/blog\/wp-json\/wp\/v2\/users\/59"}],"replies":[{"embeddable":true,"href":"https:\/\/dicodusport.fr\/blog\/wp-json\/wp\/v2\/comments?post=278949"}],"version-history":[{"count":0,"href":"https:\/\/dicodusport.fr\/blog\/wp-json\/wp\/v2\/posts\/278949\/revisions"}],"wp:featuredmedia":[{"embeddable":true,"href":"https:\/\/dicodusport.fr\/blog\/wp-json\/wp\/v2\/media\/278960"}],"wp:attachment":[{"href":"https:\/\/dicodusport.fr\/blog\/wp-json\/wp\/v2\/media?parent=278949"}],"wp:term":[{"taxonomy":"category","embeddable":true,"href":"https:\/\/dicodusport.fr\/blog\/wp-json\/wp\/v2\/categories?post=278949"},{"taxonomy":"post_tag","embeddable":true,"href":"https:\/\/dicodusport.fr\/blog\/wp-json\/wp\/v2\/tags?post=278949"}],"curies":[{"name":"wp","href":"https:\/\/api.w.org\/{rel}","templated":true}]}}